{"id":24533,"date":"2019-08-09T10:56:08","date_gmt":"2019-08-09T10:56:08","guid":{"rendered":"https:\/\/www.shqiperia.com\/blog\/?p=24533"},"modified":"2019-08-09T10:56:08","modified_gmt":"2019-08-09T10:56:08","slug":"koleksioni-i-galerise-se-arteve-te-shkodres","status":"publish","type":"post","link":"https:\/\/www.shqiperia.com\/blog\/koleksioni-i-galerise-se-arteve-te-shkodres\/","title":{"rendered":"Koleksioni i Galeris\u00eb s\u00eb Arteve t\u00eb Shkodr\u00ebs"},"content":{"rendered":"<p><img data-recalc-dims=\"1\" loading=\"lazy\" decoding=\"async\" data-attachment-id=\"24534\" data-permalink=\"https:\/\/www.shqiperia.com\/blog\/koleksioni-i-galerise-se-arteve-te-shkodres\/lilianacefa-copy\/\" data-orig-file=\"https:\/\/i0.wp.com\/www.shqiperia.com\/blog\/wp-content\/uploads\/2019\/08\/lilianacefa-Copy.jpg?fit=421%2C243&amp;ssl=1\" data-orig-size=\"421,243\" data-comments-opened=\"1\" data-image-meta=\"{&quot;aperture&quot;:&quot;0&quot;,&quot;credit&quot;:&quot;&quot;,&quot;camera&quot;:&quot;&quot;,&quot;caption&quot;:&quot;&quot;,&quot;created_timestamp&quot;:&quot;1290557209&quot;,&quot;copyright&quot;:&quot;&quot;,&quot;focal_length&quot;:&quot;0&quot;,&quot;iso&quot;:&quot;0&quot;,&quot;shutter_speed&quot;:&quot;0&quot;,&quot;title&quot;:&quot;&quot;,&quot;orientation&quot;:&quot;1&quot;}\" data-image-title=\"lilianacefa &#8211; Copy\" data-image-description=\"\" data-image-caption=\"\" data-medium-file=\"https:\/\/i0.wp.com\/www.shqiperia.com\/blog\/wp-content\/uploads\/2019\/08\/lilianacefa-Copy.jpg?fit=300%2C173&amp;ssl=1\" data-large-file=\"https:\/\/i0.wp.com\/www.shqiperia.com\/blog\/wp-content\/uploads\/2019\/08\/lilianacefa-Copy.jpg?fit=421%2C243&amp;ssl=1\" class=\"alignnone  wp-image-24534\" alt=\"\" src=\"https:\/\/i0.wp.com\/www.shqiperia.com\/blog\/wp-content\/uploads\/2019\/08\/lilianacefa-Copy.jpg?resize=451%2C260&#038;ssl=1\" width=\"451\" height=\"260\" srcset=\"https:\/\/i0.wp.com\/www.shqiperia.com\/blog\/wp-content\/uploads\/2019\/08\/lilianacefa-Copy.jpg?resize=300%2C173&amp;ssl=1 300w, https:\/\/i0.wp.com\/www.shqiperia.com\/blog\/wp-content\/uploads\/2019\/08\/lilianacefa-Copy.jpg?resize=400%2C231&amp;ssl=1 400w, https:\/\/i0.wp.com\/www.shqiperia.com\/blog\/wp-content\/uploads\/2019\/08\/lilianacefa-Copy.jpg?w=421&amp;ssl=1 421w\" sizes=\"auto, (max-width: 451px) 100vw, 451px\" \/><\/p>\n<p><strong>Koleksioni i Galeris\u00eb s\u00eb Arteve t\u00eb Shkodr\u00ebs. &#8211;<\/strong><\/p>\n<p>Koleksioni i Galeris\u00eb s\u00eb Arteve t\u00eb Shkodr\u00ebs p\u00ebrb\u00ebhet prej rreth 700 pikturash, skulpturash, vizatimesh dhe fotosh, vepra te realizuara nga artiste shqiptare ne nje hark kohor prej rreth njeqind vjetesh, nga fillimi i shekullit te kaluar deri ne ditet e sotme.<\/p>\n<p>Emrat e Kol\u00eb Idromenos &#8211; themelues i tradit\u00ebs s\u00eb re piktorike shqiptare, Ndoc Martinit, Simon Rrot\u00ebs, Andrea Kushit, Zef Kolombit, konsiderohen t\u00eb nj\u00eb r\u00ebnd\u00ebsie t\u00eb ve\u00e7ant\u00eb p\u00ebr piktur\u00ebn shqiptare t\u00eb gjysmes se pare te shekullit XX, periudh\u00eb q\u00eb sh\u00ebnon fillimet e nj\u00eb pikture qytetare laike n\u00eb artin shqiptar.<br \/>\n<img data-recalc-dims=\"1\" loading=\"lazy\" decoding=\"async\" data-attachment-id=\"24535\" data-permalink=\"https:\/\/www.shqiperia.com\/blog\/koleksioni-i-galerise-se-arteve-te-shkodres\/hashimkruja\/\" data-orig-file=\"https:\/\/i0.wp.com\/www.shqiperia.com\/blog\/wp-content\/uploads\/2019\/08\/hashimkruja.jpg?fit=347%2C500&amp;ssl=1\" data-orig-size=\"347,500\" data-comments-opened=\"1\" data-image-meta=\"{&quot;aperture&quot;:&quot;0&quot;,&quot;credit&quot;:&quot;&quot;,&quot;camera&quot;:&quot;&quot;,&quot;caption&quot;:&quot;&quot;,&quot;created_timestamp&quot;:&quot;0&quot;,&quot;copyright&quot;:&quot;&quot;,&quot;focal_length&quot;:&quot;0&quot;,&quot;iso&quot;:&quot;0&quot;,&quot;shutter_speed&quot;:&quot;0&quot;,&quot;title&quot;:&quot;&quot;,&quot;orientation&quot;:&quot;1&quot;}\" data-image-title=\"hashimkruja\" data-image-description=\"\" data-image-caption=\"\" data-medium-file=\"https:\/\/i0.wp.com\/www.shqiperia.com\/blog\/wp-content\/uploads\/2019\/08\/hashimkruja.jpg?fit=208%2C300&amp;ssl=1\" data-large-file=\"https:\/\/i0.wp.com\/www.shqiperia.com\/blog\/wp-content\/uploads\/2019\/08\/hashimkruja.jpg?fit=347%2C500&amp;ssl=1\" class=\"alignnone  wp-image-24535\" alt=\"\" src=\"https:\/\/i0.wp.com\/www.shqiperia.com\/blog\/wp-content\/uploads\/2019\/08\/hashimkruja.jpg?resize=363%2C524&#038;ssl=1\" width=\"363\" height=\"524\" srcset=\"https:\/\/i0.wp.com\/www.shqiperia.com\/blog\/wp-content\/uploads\/2019\/08\/hashimkruja.jpg?resize=208%2C300&amp;ssl=1 208w, https:\/\/i0.wp.com\/www.shqiperia.com\/blog\/wp-content\/uploads\/2019\/08\/hashimkruja.jpg?w=347&amp;ssl=1 347w\" sizes=\"auto, (max-width: 363px) 100vw, 363px\" \/> <img data-recalc-dims=\"1\" loading=\"lazy\" decoding=\"async\" data-attachment-id=\"24536\" data-permalink=\"https:\/\/www.shqiperia.com\/blog\/koleksioni-i-galerise-se-arteve-te-shkodres\/zefkolombi\/\" data-orig-file=\"https:\/\/i0.wp.com\/www.shqiperia.com\/blog\/wp-content\/uploads\/2019\/08\/zefkolombi.jpg?fit=374%2C500&amp;ssl=1\" data-orig-size=\"374,500\" data-comments-opened=\"1\" data-image-meta=\"{&quot;aperture&quot;:&quot;0&quot;,&quot;credit&quot;:&quot;&quot;,&quot;camera&quot;:&quot;&quot;,&quot;caption&quot;:&quot;&quot;,&quot;created_timestamp&quot;:&quot;1290557329&quot;,&quot;copyright&quot;:&quot;&quot;,&quot;focal_length&quot;:&quot;0&quot;,&quot;iso&quot;:&quot;0&quot;,&quot;shutter_speed&quot;:&quot;0&quot;,&quot;title&quot;:&quot;&quot;,&quot;orientation&quot;:&quot;1&quot;}\" data-image-title=\"zefkolombi\" data-image-description=\"\" data-image-caption=\"\" data-medium-file=\"https:\/\/i0.wp.com\/www.shqiperia.com\/blog\/wp-content\/uploads\/2019\/08\/zefkolombi.jpg?fit=224%2C300&amp;ssl=1\" data-large-file=\"https:\/\/i0.wp.com\/www.shqiperia.com\/blog\/wp-content\/uploads\/2019\/08\/zefkolombi.jpg?fit=374%2C500&amp;ssl=1\" class=\"alignnone  wp-image-24536\" alt=\"\" src=\"https:\/\/i0.wp.com\/www.shqiperia.com\/blog\/wp-content\/uploads\/2019\/08\/zefkolombi.jpg?resize=374%2C500&#038;ssl=1\" width=\"374\" height=\"500\" srcset=\"https:\/\/i0.wp.com\/www.shqiperia.com\/blog\/wp-content\/uploads\/2019\/08\/zefkolombi.jpg?resize=224%2C300&amp;ssl=1 224w, https:\/\/i0.wp.com\/www.shqiperia.com\/blog\/wp-content\/uploads\/2019\/08\/zefkolombi.jpg?w=374&amp;ssl=1 374w\" sizes=\"auto, (max-width: 374px) 100vw, 374px\" \/><br \/>\nEdukimi i tyre n\u00eb shkollat artistike per\u00ebndimore, kryesisht italiane, p\u00ebrcaktuan edhe tiparet profesioniste dhe frym\u00ebn realiste t\u00eb vepr\u00ebs s\u00eb tyre q\u00eb do t\u00eb jet\u00eb pararend\u00ebse e zhvillimeve t\u00eb m\u00ebvonshme n\u00eb piktur\u00ebn shqiptare.<br \/>\nNje pjese e rendesishme e krijimtarise se tyre ben pjese ne fondin e Galerise Kombetare te Arteve,Tirane.<\/p>\n<p>Pjesa d\u00ebrmuese e veprave t\u00eb koleksionit q\u00eb disponon GA Shkod\u00ebr, i p\u00ebrkasin periudh\u00ebs nga 1946 deri n\u00eb fund te viteve -80, periudh\u00eb q\u00eb p\u00ebrkon me vendosjen dhe sundimin e sistemit politik komunist n\u00eb Shqip\u00ebri, ashtu si n\u00eb nj\u00eb pjes\u00eb t\u00eb mir\u00eb t\u00eb vendeve t\u00eb Europ\u00ebs Lindore. B\u00ebhet fjal\u00eb p\u00ebr nj\u00eb epok\u00eb historike ku politika dhe ideologjia e shtetit totalitar p\u00ebrcaktoi marr\u00ebdh\u00ebniet e diktatit mbi artin ashtu si mbi gjith\u00eb jet\u00ebn e shoq\u00ebris\u00eb. Nj\u00eb brez artist\u00ebsh q\u00eb studjuan tashm\u00eb n\u00eb shkollat e lindjes [Bashkimin Sovjetik, Poloni,etj] me rikthimin e tyre n\u00eb Shqip\u00ebri i japin jet\u00eb t\u00eb ashtuquajturit &#8220;realizmi socialist&#8221;, t\u00eb mb\u00ebshtetur n\u00eb filozofin\u00eb marksiste.<\/p>\n<p><img data-recalc-dims=\"1\" loading=\"lazy\" decoding=\"async\" data-attachment-id=\"24537\" data-permalink=\"https:\/\/www.shqiperia.com\/blog\/koleksioni-i-galerise-se-arteve-te-shkodres\/jakupkeraj\/\" data-orig-file=\"https:\/\/i0.wp.com\/www.shqiperia.com\/blog\/wp-content\/uploads\/2019\/08\/jakupkeraj.jpg?fit=339%2C500&amp;ssl=1\" data-orig-size=\"339,500\" data-comments-opened=\"1\" data-image-meta=\"{&quot;aperture&quot;:&quot;0&quot;,&quot;credit&quot;:&quot;&quot;,&quot;camera&quot;:&quot;&quot;,&quot;caption&quot;:&quot;&quot;,&quot;created_timestamp&quot;:&quot;1290557208&quot;,&quot;copyright&quot;:&quot;&quot;,&quot;focal_length&quot;:&quot;0&quot;,&quot;iso&quot;:&quot;0&quot;,&quot;shutter_speed&quot;:&quot;0&quot;,&quot;title&quot;:&quot;&quot;,&quot;orientation&quot;:&quot;1&quot;}\" data-image-title=\"jakupkeraj\" data-image-description=\"\" data-image-caption=\"\" data-medium-file=\"https:\/\/i0.wp.com\/www.shqiperia.com\/blog\/wp-content\/uploads\/2019\/08\/jakupkeraj.jpg?fit=203%2C300&amp;ssl=1\" data-large-file=\"https:\/\/i0.wp.com\/www.shqiperia.com\/blog\/wp-content\/uploads\/2019\/08\/jakupkeraj.jpg?fit=339%2C500&amp;ssl=1\" class=\"alignnone  wp-image-24537\" alt=\"\" src=\"https:\/\/i0.wp.com\/www.shqiperia.com\/blog\/wp-content\/uploads\/2019\/08\/jakupkeraj.jpg?resize=507%2C749&#038;ssl=1\" width=\"507\" height=\"749\" srcset=\"https:\/\/i0.wp.com\/www.shqiperia.com\/blog\/wp-content\/uploads\/2019\/08\/jakupkeraj.jpg?resize=203%2C300&amp;ssl=1 203w, https:\/\/i0.wp.com\/www.shqiperia.com\/blog\/wp-content\/uploads\/2019\/08\/jakupkeraj.jpg?w=339&amp;ssl=1 339w\" sizes=\"auto, (max-width: 507px) 100vw, 507px\" \/> <img data-recalc-dims=\"1\" loading=\"lazy\" decoding=\"async\" data-attachment-id=\"24538\" data-permalink=\"https:\/\/www.shqiperia.com\/blog\/koleksioni-i-galerise-se-arteve-te-shkodres\/lilianacefa\/\" data-orig-file=\"https:\/\/i0.wp.com\/www.shqiperia.com\/blog\/wp-content\/uploads\/2019\/08\/lilianacefa.jpg?fit=421%2C500&amp;ssl=1\" data-orig-size=\"421,500\" data-comments-opened=\"1\" data-image-meta=\"{&quot;aperture&quot;:&quot;0&quot;,&quot;credit&quot;:&quot;&quot;,&quot;camera&quot;:&quot;&quot;,&quot;caption&quot;:&quot;&quot;,&quot;created_timestamp&quot;:&quot;1290557209&quot;,&quot;copyright&quot;:&quot;&quot;,&quot;focal_length&quot;:&quot;0&quot;,&quot;iso&quot;:&quot;0&quot;,&quot;shutter_speed&quot;:&quot;0&quot;,&quot;title&quot;:&quot;&quot;,&quot;orientation&quot;:&quot;1&quot;}\" data-image-title=\"lilianacefa\" data-image-description=\"\" data-image-caption=\"\" data-medium-file=\"https:\/\/i0.wp.com\/www.shqiperia.com\/blog\/wp-content\/uploads\/2019\/08\/lilianacefa.jpg?fit=253%2C300&amp;ssl=1\" data-large-file=\"https:\/\/i0.wp.com\/www.shqiperia.com\/blog\/wp-content\/uploads\/2019\/08\/lilianacefa.jpg?fit=421%2C500&amp;ssl=1\" class=\"alignnone  wp-image-24538\" alt=\"\" src=\"https:\/\/i0.wp.com\/www.shqiperia.com\/blog\/wp-content\/uploads\/2019\/08\/lilianacefa.jpg?resize=556%2C659&#038;ssl=1\" width=\"556\" height=\"659\" srcset=\"https:\/\/i0.wp.com\/www.shqiperia.com\/blog\/wp-content\/uploads\/2019\/08\/lilianacefa.jpg?resize=253%2C300&amp;ssl=1 253w, https:\/\/i0.wp.com\/www.shqiperia.com\/blog\/wp-content\/uploads\/2019\/08\/lilianacefa.jpg?resize=400%2C475&amp;ssl=1 400w, https:\/\/i0.wp.com\/www.shqiperia.com\/blog\/wp-content\/uploads\/2019\/08\/lilianacefa.jpg?w=421&amp;ssl=1 421w\" sizes=\"auto, (max-width: 556px) 100vw, 556px\" \/> <img data-recalc-dims=\"1\" loading=\"lazy\" decoding=\"async\" data-attachment-id=\"24539\" data-permalink=\"https:\/\/www.shqiperia.com\/blog\/koleksioni-i-galerise-se-arteve-te-shkodres\/vladimirjani\/\" data-orig-file=\"https:\/\/i0.wp.com\/www.shqiperia.com\/blog\/wp-content\/uploads\/2019\/08\/vladimirjani.jpg?fit=583%2C500&amp;ssl=1\" data-orig-size=\"583,500\" data-comments-opened=\"1\" data-image-meta=\"{&quot;aperture&quot;:&quot;0&quot;,&quot;credit&quot;:&quot;&quot;,&quot;camera&quot;:&quot;&quot;,&quot;caption&quot;:&quot;&quot;,&quot;created_timestamp&quot;:&quot;1290557369&quot;,&quot;copyright&quot;:&quot;&quot;,&quot;focal_length&quot;:&quot;0&quot;,&quot;iso&quot;:&quot;0&quot;,&quot;shutter_speed&quot;:&quot;0&quot;,&quot;title&quot;:&quot;&quot;,&quot;orientation&quot;:&quot;1&quot;}\" data-image-title=\"vladimirjani\" data-image-description=\"\" data-image-caption=\"\" data-medium-file=\"https:\/\/i0.wp.com\/www.shqiperia.com\/blog\/wp-content\/uploads\/2019\/08\/vladimirjani.jpg?fit=300%2C257&amp;ssl=1\" data-large-file=\"https:\/\/i0.wp.com\/www.shqiperia.com\/blog\/wp-content\/uploads\/2019\/08\/vladimirjani.jpg?fit=583%2C500&amp;ssl=1\" class=\"alignnone  wp-image-24539\" alt=\"\" src=\"https:\/\/i0.wp.com\/www.shqiperia.com\/blog\/wp-content\/uploads\/2019\/08\/vladimirjani.jpg?resize=649%2C556&#038;ssl=1\" width=\"649\" height=\"556\" srcset=\"https:\/\/i0.wp.com\/www.shqiperia.com\/blog\/wp-content\/uploads\/2019\/08\/vladimirjani.jpg?resize=300%2C257&amp;ssl=1 300w, https:\/\/i0.wp.com\/www.shqiperia.com\/blog\/wp-content\/uploads\/2019\/08\/vladimirjani.jpg?resize=450%2C386&amp;ssl=1 450w, https:\/\/i0.wp.com\/www.shqiperia.com\/blog\/wp-content\/uploads\/2019\/08\/vladimirjani.jpg?resize=400%2C343&amp;ssl=1 400w, https:\/\/i0.wp.com\/www.shqiperia.com\/blog\/wp-content\/uploads\/2019\/08\/vladimirjani.jpg?w=583&amp;ssl=1 583w\" sizes=\"auto, (max-width: 649px) 100vw, 649px\" \/><\/p>\n<p>Pikturat dhe skulpturat e kesaj periudhe pasqyrojn\u00eb zhvillimet n\u00eb artin pamor shqiptar p\u00ebrgjat\u00eb nj\u00eb periudhe mbi 40 vje\u00e7are dhe nj\u00ebkoh\u00ebsisht d\u00ebshmojn\u00eb konsolidimin, hap pas hapi, t\u00eb nj\u00eb drejtimi artistik q\u00eb ja n\u00ebnshtroi artin propagand\u00ebs, q\u00eb u angazhua n\u00eb p\u00ebrpunimin e mitit t\u00eb nj\u00eb t\u00eb ardhmeje utopike dhe n\u00eb formulimin e imazhit t\u00eb nj\u00eb njeriu &#8220;t\u00eb ri&#8221;, krenar p\u00ebr t\u00eb kaluar\u00ebn heroik\u00eb te kombit t\u00eb vet dhe realitetin frym\u00ebzues t\u00eb nd\u00ebrtimit t\u00eb socializmit. Veprat e k\u00ebsaj periudhe pohojn\u00eb gjithashtu dyzimin e artistit mes liris\u00eb s\u00eb krijimit dhe konformizmit, mes detyrimit zyrtar dhe d\u00ebshir\u00ebs p\u00ebr ti ikur n\u00ebp\u00ebrmjet k\u00ebrkimesh artistike individuale dhe gjetjesh t\u00eb t\u00ebrthorta.<\/p>\n<p>N\u00eb fondin e k\u00ebsaj galerie gjenden piktura t\u00eb I.Lulanit, D.Jukniut, A.Dodmasej, J.Kerajt, F.Pacit, F.Ashikut etj, personalitete perfaqesuese t\u00eb artit shqiptar t\u00eb k\u00ebsaj periudhe.<\/p>\n<p>Zhvillimet ne artin shkodran dhe shqiptar pas viteve &#8217;90 deri ne ditet e sotme jane gjithashtu te pasqyruara n\u00eb koleksionin e kesaj galerie, ndonese me nje numer akoma te kufizuar veprash.<\/p>\n","protected":false},"excerpt":{"rendered":"<p>Koleksioni i Galeris\u00eb s\u00eb Arteve t\u00eb Shkodr\u00ebs. &#8211; Koleksioni i Galeris\u00eb s\u00eb Arteve t\u00eb Shkodr\u00ebs p\u00ebrb\u00ebhet prej rreth 700 pikturash, skulpturash, vizatimesh dhe fotosh, vepra te realizuara nga artiste shqiptare ne nje hark kohor prej rreth njeqind vjetesh, nga fillimi i shekullit te kaluar deri ne ditet e sotme. Emrat e Kol\u00eb Idromenos &#8211; themelues [&hellip;]<\/p>\n","protected":false},"author":9,"featured_media":24534,"comment_status":"open","ping_status":"open","sticky":false,"template":"","format":"standard","meta":{"jetpack_post_was_ever_published":false,"_jetpack_newsletter_access":"","_jetpack_dont_email_post_to_subs":false,"_jetpack_newsletter_tier_id":0,"_jetpack_memberships_contains_paywalled_content":false,"_jetpack_memberships_contains_paid_content":false,"footnotes":"","jetpack_publicize_message":"","jetpack_publicize_feature_enabled":true,"jetpack_social_post_already_shared":true,"jetpack_social_options":{"image_generator_settings":{"template":"highway","default_image_id":0,"font":"","enabled":false},"version":2}},"categories":[87,10,86],"tags":[],"class_list":["post-24533","post","type-post","status-publish","format-standard","has-post-thumbnail","hentry","category-arte","category-kultura","category-trashegimi-kulturore"],"jetpack_publicize_connections":[],"jetpack_featured_media_url":"https:\/\/i0.wp.com\/www.shqiperia.com\/blog\/wp-content\/uploads\/2019\/08\/lilianacefa-Copy.jpg?fit=421%2C243&ssl=1","jetpack_sharing_enabled":true,"jetpack_shortlink":"https:\/\/wp.me\/p5Z6wp-6nH","jetpack-related-posts":[{"id":36332,"url":"https:\/\/www.shqiperia.com\/blog\/arte-figurative-nga-koleksioni-i-galerise-kombetare-te-arteve\/","url_meta":{"origin":24533,"position":0},"title":"Arte Figurative: Nga Koleksioni i Galeris\u00eb Komb\u00ebtare t\u00eb Arteve.","author":"Kurt Farka","date":"July 15, 2020","format":false,"excerpt":"Arte Figurative: Nga Koleksioni i Galeris\u00eb Komb\u00ebtare t\u00eb Arteve. Foto Stamo Portret burri, 1957","rel":"","context":"In &quot;Arte&quot;","block_context":{"text":"Arte","link":"https:\/\/www.shqiperia.com\/blog\/category\/arte\/"},"img":{"alt_text":"","src":"https:\/\/i0.wp.com\/www.shqiperia.com\/blog\/wp-content\/uploads\/2020\/07\/Foto-Stamo-Portret-Burri-1957.jpg?fit=506%2C335&ssl=1&resize=350%2C200","width":350,"height":200},"classes":[]},{"id":43299,"url":"https:\/\/www.shqiperia.com\/blog\/nga-koleksioni-i-galerise-kombetare-te-arteve-muhamet-deliu-femijet-kendojne\/","url_meta":{"origin":24533,"position":1},"title":"Nga Koleksioni i Galeris\u00eb Komb\u00ebtare t\u00eb Arteve:  Muhamet Deliu: &#8220;F\u00ebmij\u00ebt k\u00ebndojn\u00eb","author":"Kurt Farka","date":"January 24, 2021","format":false,"excerpt":"Nga Koleksioni i Galeris\u00eb Komb\u00ebtare t\u00eb Arteve. Muhamet Deliu: \"F\u00ebmij\u00ebt k\u00ebndojn\u00eb\", (fragment) 1975-76. Foto: Ylli Bala","rel":"","context":"In &quot;Arte&quot;","block_context":{"text":"Arte","link":"https:\/\/www.shqiperia.com\/blog\/category\/arte\/"},"img":{"alt_text":"","src":"https:\/\/i0.wp.com\/www.shqiperia.com\/blog\/wp-content\/uploads\/2021\/01\/Muhamet-Deliu-Femijet-kendojne-fragment-1975.jpg?fit=526%2C313&ssl=1&resize=350%2C200","width":350,"height":200,"srcset":"https:\/\/i0.wp.com\/www.shqiperia.com\/blog\/wp-content\/uploads\/2021\/01\/Muhamet-Deliu-Femijet-kendojne-fragment-1975.jpg?fit=526%2C313&ssl=1&resize=350%2C200 1x, https:\/\/i0.wp.com\/www.shqiperia.com\/blog\/wp-content\/uploads\/2021\/01\/Muhamet-Deliu-Femijet-kendojne-fragment-1975.jpg?fit=526%2C313&ssl=1&resize=525%2C300 1.5x"},"classes":[]},{"id":27749,"url":"https:\/\/www.shqiperia.com\/blog\/galeria-e-arteve-shkoder-nje-udhetim-mbi-kavalet\/","url_meta":{"origin":24533,"position":2},"title":"Galeria e Arteve Shkoder &#8211; NJ\u00cb UDH\u00cbTIM MBI KAVALET. &#8211;","author":"Kurt Farka","date":"November 4, 2019","format":false,"excerpt":"Galeria e Arteve Shkoder - NJ\u00cb UDH\u00cbTIM MBI KAVALET. - Galeria e qytetit t\u00eb njohur p\u00ebr artin dhe kultur\u00ebn e tij t\u00eb pasur ofron nj\u00eb hyrje gjith\u00ebp\u00ebrfshir\u00ebse por intime n\u00eb artin dhe kultur\u00ebn e t\u00eb gjith\u00eb Shqip\u00ebris\u00eb. Galeria e qendr\u00ebs kulturore t\u00eb veriut \u00ebsht\u00eb nj\u00eb ndales\u00eb v\u00ebrtet frym\u00ebzuese p\u00ebr ata\u2026","rel":"","context":"In &quot;Arte&quot;","block_context":{"text":"Arte","link":"https:\/\/www.shqiperia.com\/blog\/category\/arte\/"},"img":{"alt_text":"","src":"https:\/\/i0.wp.com\/www.shqiperia.com\/blog\/wp-content\/uploads\/2019\/11\/Portet-i-Bab%C3%ABs%E2%80%9D-nga-Simon-Rrota-Galeria-e-Arteve-Shkod%C3%ABr.jpg?fit=750%2C422&ssl=1&resize=350%2C200","width":350,"height":200,"srcset":"https:\/\/i0.wp.com\/www.shqiperia.com\/blog\/wp-content\/uploads\/2019\/11\/Portet-i-Bab%C3%ABs%E2%80%9D-nga-Simon-Rrota-Galeria-e-Arteve-Shkod%C3%ABr.jpg?fit=750%2C422&ssl=1&resize=350%2C200 1x, https:\/\/i0.wp.com\/www.shqiperia.com\/blog\/wp-content\/uploads\/2019\/11\/Portet-i-Bab%C3%ABs%E2%80%9D-nga-Simon-Rrota-Galeria-e-Arteve-Shkod%C3%ABr.jpg?fit=750%2C422&ssl=1&resize=525%2C300 1.5x, https:\/\/i0.wp.com\/www.shqiperia.com\/blog\/wp-content\/uploads\/2019\/11\/Portet-i-Bab%C3%ABs%E2%80%9D-nga-Simon-Rrota-Galeria-e-Arteve-Shkod%C3%ABr.jpg?fit=750%2C422&ssl=1&resize=700%2C400 2x"},"classes":[]},{"id":103714,"url":"https:\/\/www.shqiperia.com\/blog\/koleksioni-misterioz-qe-nisi-nga-nje-sy-i-pikturuar\/","url_meta":{"origin":24533,"position":3},"title":"Koleksioni misterioz q\u00eb nisi nga nj\u00eb sy i pikturuar","author":"Kurt Farka","date":"August 3, 2026","format":false,"excerpt":"3 Gusht 2026 Ajo q\u00eb nisi si nj\u00eb blerje e rast\u00ebsishme n\u00eb nj\u00eb panair antikesh n\u00eb Boston, u shnd\u00ebrrua n\u00eb nj\u00eb pasion q\u00eb zgjati prej m\u00eb shum\u00eb se kat\u00ebr dekadash. David dhe Nan Skier, nj\u00eb \u00e7ift nga Alabama e SHBA-ve, kan\u00eb krijuar at\u00eb q\u00eb konsiderohet koleksioni m\u00eb i madh n\u00eb\u2026","rel":"","context":"In &quot;Blogu i Udh\u00ebtarit&quot;","block_context":{"text":"Blogu i Udh\u00ebtarit","link":"https:\/\/www.shqiperia.com\/blog\/category\/blogu-i-udhetarit\/"},"img":{"alt_text":"","src":"https:\/\/i0.wp.com\/www.shqiperia.com\/blog\/wp-content\/uploads\/2026\/08\/image-30-1024x683-1.png?fit=1024%2C683&ssl=1&resize=350%2C200","width":350,"height":200,"srcset":"https:\/\/i0.wp.com\/www.shqiperia.com\/blog\/wp-content\/uploads\/2026\/08\/image-30-1024x683-1.png?fit=1024%2C683&ssl=1&resize=350%2C200 1x, https:\/\/i0.wp.com\/www.shqiperia.com\/blog\/wp-content\/uploads\/2026\/08\/image-30-1024x683-1.png?fit=1024%2C683&ssl=1&resize=525%2C300 1.5x, https:\/\/i0.wp.com\/www.shqiperia.com\/blog\/wp-content\/uploads\/2026\/08\/image-30-1024x683-1.png?fit=1024%2C683&ssl=1&resize=700%2C400 2x"},"classes":[]},{"id":103751,"url":"https:\/\/www.shqiperia.com\/blog\/nje-vorbulle-gjigante-jeshile-rrotullohet-ne-liqenin-e-shkodres\/","url_meta":{"origin":24533,"position":4},"title":"Nj\u00eb vorbull\u00eb gjigante jeshile rrotullohet n\u00eb liqenin e Shkodr\u00ebs","author":"Kurt Farka","date":"August 4, 2026","format":false,"excerpt":"4 Gusht 2026 Fotoja e nj\u00eb astronauti nga viti 2020 tregon nj\u00eb vorbull t\u00eb madhe, jeshile t\u00eb hapur n\u00eb liqenin e Shkodr\u00ebs. Kjo foto mbres\u00ebl\u00ebn\u00ebse tregon nj\u00eb re sedimentesh q\u00eb rrotullohen duke formuar nj\u00eb vorbull t\u00eb madhe n\u00eb nj\u00eb nga liqenet m\u00eb t\u00eb m\u00ebdhenj t\u00eb Europ\u00ebs. Liqeni i Shkodr\u00ebs \u00ebsht\u00eb\u2026","rel":"","context":"In &quot;Blogu i Udh\u00ebtarit&quot;","block_context":{"text":"Blogu i Udh\u00ebtarit","link":"https:\/\/www.shqiperia.com\/blog\/category\/blogu-i-udhetarit\/"},"img":{"alt_text":"","src":"https:\/\/i0.wp.com\/www.shqiperia.com\/blog\/wp-content\/uploads\/2026\/08\/auto_Ms8Uoi2GdfsT4KxfAnocbi-1024-80.jpg1785157537.webp?fit=1024%2C576&ssl=1&resize=350%2C200","width":350,"height":200,"srcset":"https:\/\/i0.wp.com\/www.shqiperia.com\/blog\/wp-content\/uploads\/2026\/08\/auto_Ms8Uoi2GdfsT4KxfAnocbi-1024-80.jpg1785157537.webp?fit=1024%2C576&ssl=1&resize=350%2C200 1x, https:\/\/i0.wp.com\/www.shqiperia.com\/blog\/wp-content\/uploads\/2026\/08\/auto_Ms8Uoi2GdfsT4KxfAnocbi-1024-80.jpg1785157537.webp?fit=1024%2C576&ssl=1&resize=525%2C300 1.5x, https:\/\/i0.wp.com\/www.shqiperia.com\/blog\/wp-content\/uploads\/2026\/08\/auto_Ms8Uoi2GdfsT4KxfAnocbi-1024-80.jpg1785157537.webp?fit=1024%2C576&ssl=1&resize=700%2C400 2x"},"classes":[]},{"id":4616,"url":"https:\/\/www.shqiperia.com\/blog\/36-fototo-album-te-trojeve-shqiptare-ne-biblioteken-e-stambollit-biblioteka-e-sulltanit-_\/","url_meta":{"origin":24533,"position":5},"title":"36 Fotot (ALBUM) te trojeve shqiptare n\u00eb Bibliotek\u00ebn e Stambollit (Biblioteka e Sulltanit). _","author":"Kurt Farka","date":"March 11, 2018","format":false,"excerpt":"Ky koleksion i rrall\u00eb tregon se si ishin trojet shqiptare rreth fundit t\u00eb shekullit t\u00eb 19-t\u00eb. Ishte periudha kur Perandoria Osmane ishte n\u00eb dit\u00ebt e saj m\u00eb t\u00eb k\u00ebqija. Fotot jan\u00eb publikuar n\u00eb faqen e albanologut t\u00eb ndjer\u00eb, Robert Elsie. \u201cSulltani osman, Abdyl Hamiti i dyt\u00eb (periudha e sundimit 1876-1909),\u2026","rel":"","context":"In &quot;Arte&quot;","block_context":{"text":"Arte","link":"https:\/\/www.shqiperia.com\/blog\/category\/arte\/"},"img":{"alt_text":"","src":"https:\/\/i0.wp.com\/www.shqiperia.com\/blog\/wp-content\/uploads\/2018\/03\/13.jpg?fit=640%2C443&ssl=1&resize=350%2C200","width":350,"height":200,"srcset":"https:\/\/i0.wp.com\/www.shqiperia.com\/blog\/wp-content\/uploads\/2018\/03\/13.jpg?fit=640%2C443&ssl=1&resize=350%2C200 1x, https:\/\/i0.wp.com\/www.shqiperia.com\/blog\/wp-content\/uploads\/2018\/03\/13.jpg?fit=640%2C443&ssl=1&resize=525%2C300 1.5x"},"classes":[]}],"_links":{"self":[{"href":"https:\/\/www.shqiperia.com\/blog\/wp-json\/wp\/v2\/posts\/24533","targetHints":{"allow":["GET"]}}],"collection":[{"href":"https:\/\/www.shqiperia.com\/blog\/wp-json\/wp\/v2\/posts"}],"about":[{"href":"https:\/\/www.shqiperia.com\/blog\/wp-json\/wp\/v2\/types\/post"}],"author":[{"embeddable":true,"href":"https:\/\/www.shqiperia.com\/blog\/wp-json\/wp\/v2\/users\/9"}],"replies":[{"embeddable":true,"href":"https:\/\/www.shqiperia.com\/blog\/wp-json\/wp\/v2\/comments?post=24533"}],"version-history":[{"count":1,"href":"https:\/\/www.shqiperia.com\/blog\/wp-json\/wp\/v2\/posts\/24533\/revisions"}],"predecessor-version":[{"id":24540,"href":"https:\/\/www.shqiperia.com\/blog\/wp-json\/wp\/v2\/posts\/24533\/revisions\/24540"}],"wp:featuredmedia":[{"embeddable":true,"href":"https:\/\/www.shqiperia.com\/blog\/wp-json\/wp\/v2\/media\/24534"}],"wp:attachment":[{"href":"https:\/\/www.shqiperia.com\/blog\/wp-json\/wp\/v2\/media?parent=24533"}],"wp:term":[{"taxonomy":"category","embeddable":true,"href":"https:\/\/www.shqiperia.com\/blog\/wp-json\/wp\/v2\/categories?post=24533"},{"taxonomy":"post_tag","embeddable":true,"href":"https:\/\/www.shqiperia.com\/blog\/wp-json\/wp\/v2\/tags?post=24533"}],"curies":[{"name":"wp","href":"https:\/\/api.w.org\/{rel}","templated":true}]}}