{"id":24520,"date":"2019-08-08T22:58:27","date_gmt":"2019-08-08T22:58:27","guid":{"rendered":"https:\/\/www.shqiperia.com\/blog\/?p=24520"},"modified":"2019-08-08T22:58:42","modified_gmt":"2019-08-08T22:58:42","slug":"vizita-e-pare-ne-kardhiq-te-gjirokastres","status":"publish","type":"post","link":"https:\/\/www.shqiperia.com\/blog\/vizita-e-pare-ne-kardhiq-te-gjirokastres\/","title":{"rendered":"Vizita e par\u00eb n\u00eb Kardhiq t\u00eb Gjirokastr\u00ebs"},"content":{"rendered":"<p><img data-recalc-dims=\"1\" loading=\"lazy\" decoding=\"async\" data-attachment-id=\"24522\" data-permalink=\"https:\/\/www.shqiperia.com\/blog\/vizita-e-pare-ne-kardhiq-te-gjirokastres\/0000-3-1\/\" data-orig-file=\"https:\/\/i0.wp.com\/www.shqiperia.com\/blog\/wp-content\/uploads\/2019\/08\/0000-3-1.jpg?fit=524%2C287&amp;ssl=1\" data-orig-size=\"524,287\" data-comments-opened=\"1\" data-image-meta=\"{&quot;aperture&quot;:&quot;0&quot;,&quot;credit&quot;:&quot;&quot;,&quot;camera&quot;:&quot;&quot;,&quot;caption&quot;:&quot;&quot;,&quot;created_timestamp&quot;:&quot;1555067571&quot;,&quot;copyright&quot;:&quot;&quot;,&quot;focal_length&quot;:&quot;0&quot;,&quot;iso&quot;:&quot;0&quot;,&quot;shutter_speed&quot;:&quot;0&quot;,&quot;title&quot;:&quot;&quot;,&quot;orientation&quot;:&quot;0&quot;}\" data-image-title=\"0000-3 (1)\" data-image-description=\"\" data-image-caption=\"\" data-medium-file=\"https:\/\/i0.wp.com\/www.shqiperia.com\/blog\/wp-content\/uploads\/2019\/08\/0000-3-1.jpg?fit=300%2C164&amp;ssl=1\" data-large-file=\"https:\/\/i0.wp.com\/www.shqiperia.com\/blog\/wp-content\/uploads\/2019\/08\/0000-3-1.jpg?fit=524%2C287&amp;ssl=1\" class=\"alignnone wp-image-24522\" alt=\"\" src=\"https:\/\/i0.wp.com\/www.shqiperia.com\/blog\/wp-content\/uploads\/2019\/08\/0000-3-1.jpg?resize=439%2C240&#038;ssl=1\" width=\"439\" height=\"240\" srcset=\"https:\/\/i0.wp.com\/www.shqiperia.com\/blog\/wp-content\/uploads\/2019\/08\/0000-3-1.jpg?resize=300%2C164&amp;ssl=1 300w, https:\/\/i0.wp.com\/www.shqiperia.com\/blog\/wp-content\/uploads\/2019\/08\/0000-3-1.jpg?resize=450%2C246&amp;ssl=1 450w, https:\/\/i0.wp.com\/www.shqiperia.com\/blog\/wp-content\/uploads\/2019\/08\/0000-3-1.jpg?resize=400%2C219&amp;ssl=1 400w, https:\/\/i0.wp.com\/www.shqiperia.com\/blog\/wp-content\/uploads\/2019\/08\/0000-3-1.jpg?w=524&amp;ssl=1 524w\" sizes=\"auto, (max-width: 439px) 100vw, 439px\" \/><\/p>\n<p>Nga Naxhi Kasoruho: Vizita e par\u00eb n\u00eb Kardhiq t\u00eb Gjirokastr\u00ebs<\/p>\n<p><a href=\"http:\/\/telegraf.al\/author\/telegraf\/\"><strong>Gazeta Telegraf<\/strong><\/a><\/p>\n<p>Nuk ka ndonj\u00eb moment t\u00eb caktuar se kur ka qen\u00eb kontakti im i par\u00eb me zon\u00ebn e Kardhiqit, por un\u00eb do ta quaj vajtjen time t\u00eb par\u00eb n\u00eb k\u00ebt\u00eb krahin\u00eb 7 gushtin e vitit 1958, kur n\u00eb Band\u00ebn Muzikore t\u00eb Gjirokastr\u00ebs shkuam p\u00ebr t\u00eb marr\u00eb pjes\u00eb n\u00eb p\u00ebrvjetorin e Batalionit \u201cAsim Zeneli\u201d, q\u00eb u formua aty tek Rrepet n\u00eb fush\u00eb posht\u00eb fshatit Prongji buz\u00eb lumit t\u00eb Kardhiqit.<\/p>\n<p><strong>\u00a0<\/strong><\/p>\n<p><strong>Lab\u00ebri mbushur me k\u00ebng\u00eb<\/strong><\/p>\n<p>Isha prestar i Band\u00ebs Muzikore q\u00eb e drejtonte mjeshtri i mir\u00ebnjohur Tolo Njocka dhe duke qen\u00eb se ishte hera e par\u00eb q\u00eb merrja pjes\u00eb n\u00eb nj\u00eb ceremoni festive jubilare ndjeja emocion dhe nj\u00eb g\u00ebzim t\u00eb pa p\u00ebrshkruar, prandaj m\u00eb ka ngelur n\u00eb kujtes\u00eb si nj\u00eb kujtim i bukur.<\/p>\n<p>Duke qen\u00eb se k\u00ebt\u00eb dit\u00eb dua ta konsideroj si kontaktin tim t\u00eb par\u00eb me krahin\u00ebn e Kardhiqit e njer\u00ebzit e saj, p\u00ebr mua nuk \u00ebsht\u00eb nj\u00eb kujtim por edhe nj\u00eb eveniment me vler\u00eb n\u00eb nd\u00ebrgjegjen time, t\u00eb cilin po e kujtoj me nostalgji edhe tani pas 57 vitesh.<\/p>\n<p>Para k\u00ebsaj dite un\u00eb kisha par\u00eb shum\u00eb fshatar\u00eb q\u00eb vinin nga krahina e Kardhiqit n\u00eb Gjirokast\u00ebr me qylafin e bardh\u00eb n\u00eb kok\u00eb, si simbol i t\u00eb qenit lab dhe q\u00eb sillnin p\u00ebr t\u00eb shitur napat me djath\u00eb t\u00eb njom\u00eb apo kafsh\u00ebt e ngarkuar me dru-qymyr e g\u00eblqere por edhe qengja e desh q\u00eb i merrnim p\u00ebr dasma e festa t\u00eb ndryshme familjare. Por k\u00ebto kontakte me k\u00ebta leb\u00ebr, q\u00eb na vinin n\u00eb sht\u00ebpi ishin spontane dhe sekondare para asaj q\u00eb pash\u00eb e ndjeva n\u00eb fest\u00ebn e 7 gushtit si nj\u00eb kontakt i drejtp\u00ebrdrejt\u00eb me vet\u00eb krahin\u00ebn dhe banor\u00ebt e saj. Si u vendos\u00ebm n\u00eb an\u00ebn e djatht\u00eb t\u00eb tribun\u00ebs, q\u00eb ishte nd\u00ebrtuar n\u00ebn hijen e rrepeve e q\u00eb ishte zbukuruar me flamuj t\u00eb kuq e banderola q\u00eb evokonin ato ngjarje, Banda ekzekutoi Himnin e Flamurit, q\u00eb u p\u00ebrcoll n\u00eb heshtje nga t\u00eb pranishmit e shumt\u00eb. Atmosfera e fest\u00ebs ndihej n\u00eb t\u00ebr\u00eb hap\u00ebsir\u00ebn ku ishin ulur kardhiqiot\u00ebt t\u00eb ardhur nga fshatrat e krahin\u00ebs, por edhe nga gjith\u00eb rrethi, nga bashk\u00ebfshatar\u00eb me banim n\u00eb Tiran\u00eb, Vlor\u00eb e gjetk\u00eb. Dollit\u00eb e shumta, k\u00ebng\u00ebt epike kushtuar ngjarjes q\u00eb i mblodhi rreth lapidarit m\u00eb dukeshin shum\u00eb interesante dhe emocionuese sidomos p\u00ebrmbajtja e tyre me fjal\u00ebt aq dometh\u00ebn\u00ebse. Q\u00eb i vog\u00ebl kam par\u00eb e kam qen\u00eb n\u00eb shum\u00eb dasma n\u00eb Gjirokast\u00ebr, por kjo fest\u00eb ishte shum\u00eb m\u00eb tep\u00ebr, m\u00eb masive dhe m\u00eb e zhurmshme ku merrte pjes\u00eb e g\u00ebzonte nj\u00eb krahin\u00eb e t\u00ebr\u00eb, nj\u00eb popull i g\u00ebzuar q\u00eb n\u00eb nj\u00eb far\u00eb m\u00ebnyre kishte l\u00ebn\u00eb bosh e braktisur sht\u00ebpit\u00eb e fshatrat e kishte zbritur aty tek Rrepet, buz\u00eb lumit t\u00eb Kardhiqit, jo vet\u00ebm p\u00ebr t\u00eb festuar e nderuar t\u00eb r\u00ebn\u00ebt, q\u00eb flijuan jet\u00ebn e vun\u00eb rinin\u00eb e tyre n\u00eb themelet e liris\u00eb, por edhe p\u00ebr t\u2019u \u00e7mallur e takuar me njeri-tjetrin n\u00eb m\u00ebnyr\u00eb kaq masive si n\u00eb nj\u00eb tubim bese p\u00ebr t\u2019i q\u00ebndruar krah p\u00ebr krah njeri-tjetrit, si n\u00eb vargun e valles labe, si fishek\u00ebt n\u00eb gjerdan e si vargu i maleve. Duke ndjekur me v\u00ebmendje dhe emocion koncertin q\u00eb u organizua me k\u00ebt\u00eb rast, nuk e mendoja se kur t\u00eb rritesha e t\u00eb mbaroja shkoll\u00ebn p\u00ebr muzik\u00eb do t\u00eb njihesha e bashk\u00ebpunoja shum\u00eb ngusht\u00eb dhe do t\u2019i b\u00ebja miq t\u00eb gjith\u00eb k\u00ebta k\u00ebng\u00ebtar\u00eb popullor\u00eb. Me kuriozitetin e nj\u00eb t\u00eb riu e aq m\u00eb tep\u00ebr, q\u00eb kisha filluar studimet p\u00ebr muzik\u00eb n\u00eb Tiran\u00eb n\u00eb Liceun Artistik \u201cJordan Misja\u201d me impresiononin ato motive t\u00eb polifonis\u00eb labe, q\u00eb i shoq\u00ebronte nj\u00eb iso e st\u00ebrgjatur si nj\u00eb gurgullim\u00eb uj\u00ebvare. Nuk pretendoj se mbaj mend ndonj\u00eb titull t\u00eb ndonj\u00eb k\u00ebnge apo melodi q\u00eb u paraqit n\u00eb at\u00eb koncert, madje nuk kujtoj asnj\u00eb nga k\u00ebng\u00ebtar\u00ebt, q\u00eb me siguri do t\u00eb ken\u00eb qen\u00eb m\u00eb t\u00eb d\u00ebgjuarit e krahin\u00ebs, por ky koncert si kontakt i drejtp\u00ebrdrejt\u00eb me k\u00ebng\u00ebn labe, ndikoi maksimalisht, q\u00eb un\u00eb t\u00eb doja, p\u00eblqeja e vler\u00ebsoja m\u00eb von\u00eb k\u00ebt\u00eb pasuri folklorike si vler\u00eb t\u00eb trash\u00ebgimis\u00eb ton\u00eb komb\u00ebtare. Ndon\u00ebse deri n\u00eb koh\u00eb kisha d\u00ebgjuar shum\u00eb k\u00ebng\u00eb popullore nga altoparlant\u00ebt, q\u00eb ishin vendosur n\u00eb bedenat e Kalas\u00eb historike t\u00eb Gjirokastr\u00ebs, ky koncert i gjithi me k\u00ebng\u00eb labe n\u00eb nj\u00eb kontakt t\u00eb drejtp\u00ebrdrejt\u00eb m\u00eb la mbresa e m\u00eb krijoi emocione q\u00eb i kujtoj me nostalgji dhe tani n\u00eb \u201crinin\u00eb e von\u00eb.\u201d T\u00eb gjith\u00eb e din\u00eb at\u00eb th\u00ebnien popullore p\u00ebr Lab\u00ebrin\u00eb se: \u201cPo u mblodh\u00ebn dy leb\u00ebr ja marrin nj\u00eb k\u00ebnge\u201d. Kjo dukuri v\u00ebrteton at\u00eb p\u00ebrmbajtjen q\u00eb un\u00eb e kam v\u00ebn\u00eb n\u00eb titullin e librit: \u201cLab\u00ebri mbushur me k\u00ebng\u00eb\u201c.<\/p>\n<p><img data-recalc-dims=\"1\" loading=\"lazy\" decoding=\"async\" data-attachment-id=\"24523\" data-permalink=\"https:\/\/www.shqiperia.com\/blog\/vizita-e-pare-ne-kardhiq-te-gjirokastres\/laberia2\/\" data-orig-file=\"https:\/\/i0.wp.com\/www.shqiperia.com\/blog\/wp-content\/uploads\/2019\/08\/laberia2.jpg?fit=499%2C353&amp;ssl=1\" data-orig-size=\"499,353\" data-comments-opened=\"1\" data-image-meta=\"{&quot;aperture&quot;:&quot;0&quot;,&quot;credit&quot;:&quot;&quot;,&quot;camera&quot;:&quot;&quot;,&quot;caption&quot;:&quot;&quot;,&quot;created_timestamp&quot;:&quot;0&quot;,&quot;copyright&quot;:&quot;&quot;,&quot;focal_length&quot;:&quot;0&quot;,&quot;iso&quot;:&quot;0&quot;,&quot;shutter_speed&quot;:&quot;0&quot;,&quot;title&quot;:&quot;&quot;,&quot;orientation&quot;:&quot;0&quot;}\" data-image-title=\"laberia2\" data-image-description=\"\" data-image-caption=\"\" data-medium-file=\"https:\/\/i0.wp.com\/www.shqiperia.com\/blog\/wp-content\/uploads\/2019\/08\/laberia2.jpg?fit=300%2C212&amp;ssl=1\" data-large-file=\"https:\/\/i0.wp.com\/www.shqiperia.com\/blog\/wp-content\/uploads\/2019\/08\/laberia2.jpg?fit=499%2C353&amp;ssl=1\" class=\"alignnone wp-image-24523\" alt=\"\" src=\"https:\/\/i0.wp.com\/www.shqiperia.com\/blog\/wp-content\/uploads\/2019\/08\/laberia2.jpg?resize=792%2C560&#038;ssl=1\" width=\"792\" height=\"560\" srcset=\"https:\/\/i0.wp.com\/www.shqiperia.com\/blog\/wp-content\/uploads\/2019\/08\/laberia2.jpg?resize=300%2C212&amp;ssl=1 300w, https:\/\/i0.wp.com\/www.shqiperia.com\/blog\/wp-content\/uploads\/2019\/08\/laberia2.jpg?resize=450%2C318&amp;ssl=1 450w, https:\/\/i0.wp.com\/www.shqiperia.com\/blog\/wp-content\/uploads\/2019\/08\/laberia2.jpg?resize=400%2C283&amp;ssl=1 400w, https:\/\/i0.wp.com\/www.shqiperia.com\/blog\/wp-content\/uploads\/2019\/08\/laberia2.jpg?w=499&amp;ssl=1 499w\" sizes=\"auto, (max-width: 792px) 100vw, 792px\" \/><\/p>\n<p>Lab\u00ebri \u00ebsht\u00eb nd\u00ebr trevat e r\u00ebnd\u00ebsishme t\u00eb vendit ton\u00eb me rite, zakone, histori e ngjarje lufte e p\u00ebrpjekje p\u00ebr liri e pavar\u00ebsi, treva q\u00eb ka nxjerr\u00eb figura t\u00eb shquara t\u00eb kombit ton\u00eb me kontribute t\u00eb jasht\u00ebzakonshme n\u00eb trash\u00ebgimin\u00eb ton\u00eb nga lasht\u00ebsia deri n\u00eb dit\u00ebt e sotme. P\u00ebr t\u00eb gjitha k\u00ebto jan\u00eb shkruar me mij\u00ebra faqe librash si dhe jan\u00eb regjistruar tashm\u00eb n\u00eb memorien mbar\u00eb popullore e p\u00ebrcjell\u00eb me dashuri n\u00eb breza. N\u00eb k\u00ebt\u00eb trash\u00ebgimi t\u00eb vyer si pjes\u00eb e identitetit ton\u00eb komb\u00ebtar nj\u00eb vend t\u00eb r\u00ebnd\u00ebsish\u00ebm z\u00eb edhe folklori tradicional.<\/p>\n<p><img data-recalc-dims=\"1\" loading=\"lazy\" decoding=\"async\" data-attachment-id=\"24524\" data-permalink=\"https:\/\/www.shqiperia.com\/blog\/vizita-e-pare-ne-kardhiq-te-gjirokastres\/laberia4\/\" data-orig-file=\"https:\/\/i0.wp.com\/www.shqiperia.com\/blog\/wp-content\/uploads\/2019\/08\/laberia4.jpg?fit=1378%2C897&amp;ssl=1\" data-orig-size=\"1378,897\" data-comments-opened=\"1\" data-image-meta=\"{&quot;aperture&quot;:&quot;0&quot;,&quot;credit&quot;:&quot;&quot;,&quot;camera&quot;:&quot;&quot;,&quot;caption&quot;:&quot;&quot;,&quot;created_timestamp&quot;:&quot;0&quot;,&quot;copyright&quot;:&quot;&quot;,&quot;focal_length&quot;:&quot;0&quot;,&quot;iso&quot;:&quot;0&quot;,&quot;shutter_speed&quot;:&quot;0&quot;,&quot;title&quot;:&quot;&quot;,&quot;orientation&quot;:&quot;0&quot;}\" data-image-title=\"laberia4\" data-image-description=\"\" data-image-caption=\"\" data-medium-file=\"https:\/\/i0.wp.com\/www.shqiperia.com\/blog\/wp-content\/uploads\/2019\/08\/laberia4.jpg?fit=300%2C195&amp;ssl=1\" data-large-file=\"https:\/\/i0.wp.com\/www.shqiperia.com\/blog\/wp-content\/uploads\/2019\/08\/laberia4.jpg?fit=1024%2C667&amp;ssl=1\" class=\"alignnone wp-image-24524\" alt=\"\" src=\"https:\/\/i0.wp.com\/www.shqiperia.com\/blog\/wp-content\/uploads\/2019\/08\/laberia4.jpg?resize=788%2C512&#038;ssl=1\" width=\"788\" height=\"512\" srcset=\"https:\/\/i0.wp.com\/www.shqiperia.com\/blog\/wp-content\/uploads\/2019\/08\/laberia4.jpg?resize=300%2C195&amp;ssl=1 300w, https:\/\/i0.wp.com\/www.shqiperia.com\/blog\/wp-content\/uploads\/2019\/08\/laberia4.jpg?resize=768%2C500&amp;ssl=1 768w, https:\/\/i0.wp.com\/www.shqiperia.com\/blog\/wp-content\/uploads\/2019\/08\/laberia4.jpg?resize=1024%2C667&amp;ssl=1 1024w, https:\/\/i0.wp.com\/www.shqiperia.com\/blog\/wp-content\/uploads\/2019\/08\/laberia4.jpg?resize=450%2C293&amp;ssl=1 450w, https:\/\/i0.wp.com\/www.shqiperia.com\/blog\/wp-content\/uploads\/2019\/08\/laberia4.jpg?resize=600%2C391&amp;ssl=1 600w, https:\/\/i0.wp.com\/www.shqiperia.com\/blog\/wp-content\/uploads\/2019\/08\/laberia4.jpg?resize=1300%2C846&amp;ssl=1 1300w, https:\/\/i0.wp.com\/www.shqiperia.com\/blog\/wp-content\/uploads\/2019\/08\/laberia4.jpg?resize=400%2C260&amp;ssl=1 400w, https:\/\/i0.wp.com\/www.shqiperia.com\/blog\/wp-content\/uploads\/2019\/08\/laberia4.jpg?w=1378&amp;ssl=1 1378w\" sizes=\"auto, (max-width: 788px) 100vw, 788px\" \/><\/p>\n<p>K\u00ebnga \u00ebsht\u00eb pjes\u00eb e jet\u00ebs s\u00eb labit. Ajo e ka shoq\u00ebruar at\u00eb n\u00eb nj\u00eb udh\u00ebtim shekullor t\u00eb pand\u00ebrprer\u00eb e befasues, autentik, t\u00eb ve\u00e7ant\u00eb e t\u00eb pap\u00ebrs\u00ebritsh\u00ebm n\u00eb ambientet e sht\u00ebpis\u00eb e n\u00eb l\u00ebmin e fshatit, n\u00eb ar\u00eb e n\u00eb mulli, n\u00eb stane e kudo, duke filluar nga linja e f\u00ebmij\u00ebs me ninullat melodike t\u00eb dashuris\u00eb s\u00eb n\u00ebn\u00ebs e deri tek t\u00eb qar\u00ebt me bot\u00eb kur e p\u00ebrcillnin t\u00eb vdekurin n\u00eb bot\u00ebn tjet\u00ebr. K\u00ebnga polifonike labe si pjes\u00eb kryesore e polifonis\u00eb shqiptare \u00ebsht\u00eb nj\u00eb pasur e jasht\u00ebzakonshme dhe perl\u00eb n\u00eb gjerdanin e shndritsh\u00ebm t\u00eb folkloristik\u00ebs son\u00eb komb\u00ebtare. P\u00ebr k\u00ebto ve\u00e7ori organizata bot\u00ebrore e UNESCO-s e ka p\u00ebrfshir\u00eb polifonin\u00eb ton\u00eb n\u00eb list\u00ebn e pasurin\u00eb shpirt\u00ebrore e bot\u00ebrore. Ndoshta q\u00eb k\u00ebtu e ka zanafill\u00ebn dashuria ime p\u00ebr k\u00ebng\u00ebn gjirokastrite, k\u00ebt\u00eb perl\u00eb t\u00eb polifonis\u00eb ton\u00eb dhe t\u00eb kaloj nj\u00eb jet\u00eb t\u00eb t\u00ebr\u00eb n\u00eb mes k\u00ebng\u00ebtar\u00ebve popullor\u00eb t\u00eb qytetit tim t\u00eb dashur. Po k\u00ebshtu e dua deri n\u00eb pafund\u00ebsi k\u00ebng\u00ebn polifonike labe prandaj kam punuar me p\u00ebrkushtim e pasion dhe s\u00eb bashku me k\u00ebng\u00ebtar\u00ebt popullor\u00eb t\u00eb krahin\u00ebs s\u00eb Kardhiqit e kemi prezantuar at\u00eb me gjith\u00eb madh\u00ebshtin\u00eb dhe dimensionin e saj n\u00eb sken\u00ebn e festivalit duke b\u00ebr\u00eb t\u00eb tronditen bedenat e Klas\u00ebs Historike t\u00eb Gjirokastr\u00ebs.<\/p>\n<p><img data-recalc-dims=\"1\" loading=\"lazy\" decoding=\"async\" data-attachment-id=\"24525\" data-permalink=\"https:\/\/www.shqiperia.com\/blog\/vizita-e-pare-ne-kardhiq-te-gjirokastres\/2222-6\/\" data-orig-file=\"https:\/\/i0.wp.com\/www.shqiperia.com\/blog\/wp-content\/uploads\/2019\/08\/2222-6.jpg?fit=349%2C525&amp;ssl=1\" data-orig-size=\"349,525\" data-comments-opened=\"1\" data-image-meta=\"{&quot;aperture&quot;:&quot;0&quot;,&quot;credit&quot;:&quot;news&quot;,&quot;camera&quot;:&quot;&quot;,&quot;caption&quot;:&quot;&quot;,&quot;created_timestamp&quot;:&quot;1560608569&quot;,&quot;copyright&quot;:&quot;&quot;,&quot;focal_length&quot;:&quot;0&quot;,&quot;iso&quot;:&quot;0&quot;,&quot;shutter_speed&quot;:&quot;0&quot;,&quot;title&quot;:&quot;&quot;,&quot;orientation&quot;:&quot;0&quot;}\" data-image-title=\"2222-6\" data-image-description=\"\" data-image-caption=\"\" data-medium-file=\"https:\/\/i0.wp.com\/www.shqiperia.com\/blog\/wp-content\/uploads\/2019\/08\/2222-6.jpg?fit=199%2C300&amp;ssl=1\" data-large-file=\"https:\/\/i0.wp.com\/www.shqiperia.com\/blog\/wp-content\/uploads\/2019\/08\/2222-6.jpg?fit=349%2C525&amp;ssl=1\" class=\"alignnone wp-image-24525\" alt=\"\" src=\"https:\/\/i0.wp.com\/www.shqiperia.com\/blog\/wp-content\/uploads\/2019\/08\/2222-6.jpg?resize=567%2C855&#038;ssl=1\" width=\"567\" height=\"855\" srcset=\"https:\/\/i0.wp.com\/www.shqiperia.com\/blog\/wp-content\/uploads\/2019\/08\/2222-6.jpg?resize=199%2C300&amp;ssl=1 199w, https:\/\/i0.wp.com\/www.shqiperia.com\/blog\/wp-content\/uploads\/2019\/08\/2222-6.jpg?w=349&amp;ssl=1 349w\" sizes=\"auto, (max-width: 567px) 100vw, 567px\" \/><\/p>\n<p>Ja pra k\u00ebto po mendoj tani q\u00eb po shkruaj p\u00ebr k\u00ebng\u00ebtar\u00ebt e Lab\u00ebris\u00eb k\u00ebta korifenj virtuoz\u00eb mes t\u00eb cil\u00ebve njoha deri n\u00eb imt\u00ebsi traditat, zakonet, ritmet, k\u00ebng\u00ebt, vallet, polifonin\u00eb hyjnore t\u00eb k\u00ebsaj treve folklorike, t\u00eb cil\u00ebt i dua me t\u00ebr\u00eb dashurin\u00eb e shpirtit dhe u jam mir\u00ebnjoh\u00ebs p\u00ebr gjith\u00e7ka q\u00eb na lan\u00eb si vler\u00eb unikale e t\u00eb paz\u00ebvend\u00ebsueshme t\u00eb kultur\u00ebs ton\u00eb komb\u00ebtare. P\u00ebr t\u00eb gjitha k\u00ebto do t\u00eb ndalem n\u00eb nj\u00eb lib\u00ebr t\u00eb titulluar \u201cLab\u00ebri mbushur me k\u00ebng\u00eb\u201c<strong>,<\/strong>\u00a0si shenj\u00eb respekti e vler\u00ebsimi t\u00eb lart\u00eb q\u00eb kam p\u00ebr artist\u00ebt popullor\u00eb.<\/p>\n<p><img data-recalc-dims=\"1\" loading=\"lazy\" decoding=\"async\" data-attachment-id=\"24526\" data-permalink=\"https:\/\/www.shqiperia.com\/blog\/vizita-e-pare-ne-kardhiq-te-gjirokastres\/0000-3\/\" data-orig-file=\"https:\/\/i0.wp.com\/www.shqiperia.com\/blog\/wp-content\/uploads\/2019\/08\/0000-3.jpg?fit=524%2C351&amp;ssl=1\" data-orig-size=\"524,351\" data-comments-opened=\"1\" data-image-meta=\"{&quot;aperture&quot;:&quot;0&quot;,&quot;credit&quot;:&quot;&quot;,&quot;camera&quot;:&quot;&quot;,&quot;caption&quot;:&quot;&quot;,&quot;created_timestamp&quot;:&quot;1555067571&quot;,&quot;copyright&quot;:&quot;&quot;,&quot;focal_length&quot;:&quot;0&quot;,&quot;iso&quot;:&quot;0&quot;,&quot;shutter_speed&quot;:&quot;0&quot;,&quot;title&quot;:&quot;&quot;,&quot;orientation&quot;:&quot;0&quot;}\" data-image-title=\"0000-3\" data-image-description=\"\" data-image-caption=\"\" data-medium-file=\"https:\/\/i0.wp.com\/www.shqiperia.com\/blog\/wp-content\/uploads\/2019\/08\/0000-3.jpg?fit=300%2C201&amp;ssl=1\" data-large-file=\"https:\/\/i0.wp.com\/www.shqiperia.com\/blog\/wp-content\/uploads\/2019\/08\/0000-3.jpg?fit=524%2C351&amp;ssl=1\" class=\"alignnone wp-image-24526\" alt=\"\" src=\"https:\/\/i0.wp.com\/www.shqiperia.com\/blog\/wp-content\/uploads\/2019\/08\/0000-3.jpg?resize=734%2C492&#038;ssl=1\" width=\"734\" height=\"492\" srcset=\"https:\/\/i0.wp.com\/www.shqiperia.com\/blog\/wp-content\/uploads\/2019\/08\/0000-3.jpg?resize=300%2C201&amp;ssl=1 300w, https:\/\/i0.wp.com\/www.shqiperia.com\/blog\/wp-content\/uploads\/2019\/08\/0000-3.jpg?resize=450%2C301&amp;ssl=1 450w, https:\/\/i0.wp.com\/www.shqiperia.com\/blog\/wp-content\/uploads\/2019\/08\/0000-3.jpg?resize=400%2C268&amp;ssl=1 400w, https:\/\/i0.wp.com\/www.shqiperia.com\/blog\/wp-content\/uploads\/2019\/08\/0000-3.jpg?w=524&amp;ssl=1 524w\" sizes=\"auto, (max-width: 734px) 100vw, 734px\" \/><\/p>\n","protected":false},"excerpt":{"rendered":"<p>Nga Naxhi Kasoruho: Vizita e par\u00eb n\u00eb Kardhiq t\u00eb Gjirokastr\u00ebs Gazeta Telegraf Nuk ka ndonj\u00eb moment t\u00eb caktuar se kur ka qen\u00eb kontakti im i par\u00eb me zon\u00ebn e Kardhiqit, por un\u00eb do ta quaj vajtjen time t\u00eb par\u00eb n\u00eb k\u00ebt\u00eb krahin\u00eb 7 gushtin e vitit 1958, kur n\u00eb Band\u00ebn Muzikore t\u00eb Gjirokastr\u00ebs shkuam p\u00ebr [&hellip;]<\/p>\n","protected":false},"author":9,"featured_media":24522,"comment_status":"open","ping_status":"open","sticky":false,"template":"","format":"standard","meta":{"jetpack_post_was_ever_published":false,"_jetpack_newsletter_access":"","_jetpack_dont_email_post_to_subs":false,"_jetpack_newsletter_tier_id":0,"_jetpack_memberships_contains_paywalled_content":false,"_jetpack_memberships_contains_paid_content":false,"footnotes":"","jetpack_publicize_message":"","jetpack_publicize_feature_enabled":true,"jetpack_social_post_already_shared":true,"jetpack_social_options":{"image_generator_settings":{"template":"highway","default_image_id":0,"font":"","enabled":false},"version":2}},"categories":[27,10,86],"tags":[],"class_list":["post-24520","post","type-post","status-publish","format-standard","has-post-thumbnail","hentry","category-blogu-i-udhetarit","category-kultura","category-trashegimi-kulturore"],"jetpack_publicize_connections":[],"jetpack_featured_media_url":"https:\/\/i0.wp.com\/www.shqiperia.com\/blog\/wp-content\/uploads\/2019\/08\/0000-3-1.jpg?fit=524%2C287&ssl=1","jetpack_sharing_enabled":true,"jetpack_shortlink":"https:\/\/wp.me\/p5Z6wp-6nu","jetpack-related-posts":[{"id":104086,"url":"https:\/\/www.shqiperia.com\/blog\/kaq-shume-deshiron-ta-shpopullosh-kete-vend-postimi-i-dy-kengetareve-te-njohur-per-ramen\/","url_meta":{"origin":24520,"position":0},"title":"\u201cKaq shum\u00eb d\u00ebshiron ta shpopullosh k\u00ebt\u00eb vend?\u201d Postimi i dy k\u00ebng\u00ebtar\u00ebve t\u00eb njohur p\u00ebr Ram\u00ebn","author":"Kurt Farka","date":"August 9, 2026","format":false,"excerpt":"9 Gusht 2026 K\u00ebng\u00ebtari Endri Prifti ka reaguar ashp\u00ebr ndaj kryeministrit Edi Rama, duke kund\u00ebrshtuar politikat e reja p\u00ebr muzik\u00ebn n\u00eb ambiente publike. \u201cO Rama, ku e ke par\u00eb k\u00ebt\u00eb? Ia nxive jet\u00ebn k\u00ebtij populli, ia b\u00ebre sk\u00ebterr\u00eb. Kaq shum\u00eb do ta shpopullosh k\u00ebt\u00eb vend? Po d\u00ebmton turizmin!\u201d, \u00ebsht\u00eb shprehur\u2026","rel":"","context":"In &quot;Blogu i Udh\u00ebtarit&quot;","block_context":{"text":"Blogu i Udh\u00ebtarit","link":"https:\/\/www.shqiperia.com\/blog\/category\/blogu-i-udhetarit\/"},"img":{"alt_text":"","src":"https:\/\/i0.wp.com\/www.shqiperia.com\/blog\/wp-content\/uploads\/2026\/08\/channels4_profile-768x768-1.jpg?fit=768%2C520&ssl=1&resize=350%2C200","width":350,"height":200,"srcset":"https:\/\/i0.wp.com\/www.shqiperia.com\/blog\/wp-content\/uploads\/2026\/08\/channels4_profile-768x768-1.jpg?fit=768%2C520&ssl=1&resize=350%2C200 1x, https:\/\/i0.wp.com\/www.shqiperia.com\/blog\/wp-content\/uploads\/2026\/08\/channels4_profile-768x768-1.jpg?fit=768%2C520&ssl=1&resize=525%2C300 1.5x, https:\/\/i0.wp.com\/www.shqiperia.com\/blog\/wp-content\/uploads\/2026\/08\/channels4_profile-768x768-1.jpg?fit=768%2C520&ssl=1&resize=700%2C400 2x"},"classes":[]},{"id":102547,"url":"https:\/\/www.shqiperia.com\/blog\/protesta-sfidon-tubimet-partiake-shtresa-mesme-dhe-e-personave-me-karriere-te-konsoliduar\/","url_meta":{"origin":24520,"position":1},"title":"Protesta sfidon tubimet partiake, Shtresa mesme dhe e personave me \u2018karrier\u00eb t\u00eb konsoliduar\u2019.","author":"Kurt Farka","date":"July 12, 2026","format":false,"excerpt":"12 Korrik 2026 N\u00eb tre dekadat e fundit, Shqip\u00ebria ka par\u00eb me qindra protesta p\u00ebrball\u00eb zyr\u00ebs s\u00eb Kryeministris\u00eb \u2013 godina q\u00eb simbolizon pushtetin e vrazhd\u00eb n\u00eb Shqip\u00ebri. Por asnj\u00ebra prej tyre nuk ngjason me l\u00ebvizjen maraton\u00eb t\u00eb muajit t\u00eb fundit, t\u00eb pag\u00ebzuar si \u201cRevolucioni i Flamingove\u201d, ku arti dhe kreativiteti\u2026","rel":"","context":"In &quot;Blogu i Udh\u00ebtarit&quot;","block_context":{"text":"Blogu i Udh\u00ebtarit","link":"https:\/\/www.shqiperia.com\/blog\/category\/blogu-i-udhetarit\/"},"img":{"alt_text":"","src":"https:\/\/i0.wp.com\/www.shqiperia.com\/blog\/wp-content\/uploads\/2026\/07\/b7c67458-453d-4456-abdf-55721022dced-1140x570-1.jpg?fit=566%2C384&ssl=1&resize=350%2C200","width":350,"height":200,"srcset":"https:\/\/i0.wp.com\/www.shqiperia.com\/blog\/wp-content\/uploads\/2026\/07\/b7c67458-453d-4456-abdf-55721022dced-1140x570-1.jpg?fit=566%2C384&ssl=1&resize=350%2C200 1x, https:\/\/i0.wp.com\/www.shqiperia.com\/blog\/wp-content\/uploads\/2026\/07\/b7c67458-453d-4456-abdf-55721022dced-1140x570-1.jpg?fit=566%2C384&ssl=1&resize=525%2C300 1.5x"},"classes":[]},{"id":103924,"url":"https:\/\/www.shqiperia.com\/blog\/rikthehet-iso-mbi-kalldrem-ne-gjirokaster\/","url_meta":{"origin":24520,"position":2},"title":"Rikthehet \u2018Iso mbi kalldr\u00ebm\u2019 n\u00eb Gjirokast\u00ebr","author":"Kurt Farka","date":"August 7, 2026","format":false,"excerpt":"7 Gusht 2026 Mbr\u00ebmjet e ver\u00ebs n\u00eb Pazarin Karakteristik t\u00eb Gjirokastr\u00ebs vijojn\u00eb t\u00eb marrin jet\u00eb n\u00ebn tingujt e isopolifonis\u00eb. Edicioni i pest\u00eb i aktivitetit \u201cIso mbi Kalldr\u00ebm\u201d ka rikthyer edhe k\u00ebt\u00eb vit atmosfer\u00ebn tradicionale n\u00eb zem\u00ebr t\u00eb qytetit, duke mbledhur banor\u00eb e vizitor\u00eb vendas e t\u00eb huaj. \u201c\u00cbsht\u00eb k\u00ebnaq\u00ebsi q\u00eb\u2026","rel":"","context":"In &quot;Arte&quot;","block_context":{"text":"Arte","link":"https:\/\/www.shqiperia.com\/blog\/category\/arte\/"},"img":{"alt_text":"","src":"https:\/\/i0.wp.com\/www.shqiperia.com\/blog\/wp-content\/uploads\/2026\/08\/Screenshot_10-1-1024x641-1.jpg?fit=1024%2C641&ssl=1&resize=350%2C200","width":350,"height":200,"srcset":"https:\/\/i0.wp.com\/www.shqiperia.com\/blog\/wp-content\/uploads\/2026\/08\/Screenshot_10-1-1024x641-1.jpg?fit=1024%2C641&ssl=1&resize=350%2C200 1x, https:\/\/i0.wp.com\/www.shqiperia.com\/blog\/wp-content\/uploads\/2026\/08\/Screenshot_10-1-1024x641-1.jpg?fit=1024%2C641&ssl=1&resize=525%2C300 1.5x, https:\/\/i0.wp.com\/www.shqiperia.com\/blog\/wp-content\/uploads\/2026\/08\/Screenshot_10-1-1024x641-1.jpg?fit=1024%2C641&ssl=1&resize=700%2C400 2x"},"classes":[]},{"id":103039,"url":"https:\/\/www.shqiperia.com\/blog\/a-ka-ekzistuar-vertet-homeri-misteri-qe-historianet-vazhdojne-te-debatojne\/","url_meta":{"origin":24520,"position":3},"title":"A ka ekzistuar v\u00ebrtet Homeri? Misteri q\u00eb historian\u00ebt vazhdojn\u00eb t\u00eb debatojn\u00eb","author":"Kurt Farka","date":"July 21, 2026","format":false,"excerpt":"21 Korrik 2026 N\u00ebse pyesni se kush i shkroi Iliad\u00ebn ose Odisen\u00eb, kushdo q\u00eb ka njohuri p\u00ebr let\u00ebrsin\u00eb (ose \u00ebsht\u00eb i zoti n\u00eb loj\u00ebrat me pyetje) pa dyshim do t'ju thot\u00eb se autori ishte Homeri. Madje mund t'ju tregojn\u00eb se Homeri ishte nj\u00eb poet i Greqis\u00eb s\u00eb Lasht\u00eb, ndoshta me\u2026","rel":"","context":"In &quot;Histori&quot;","block_context":{"text":"Histori","link":"https:\/\/www.shqiperia.com\/blog\/category\/histori\/"},"img":{"alt_text":"","src":"https:\/\/i0.wp.com\/www.shqiperia.com\/blog\/wp-content\/uploads\/2026\/07\/homer-author-of-the-iliad-and-the-odyssey-considered-to-be-the-first-poet-of-the-occident-woodcut-from-1880-RD6WMC.jpg?fit=1150%2C1200&ssl=1&resize=350%2C200","width":350,"height":200,"srcset":"https:\/\/i0.wp.com\/www.shqiperia.com\/blog\/wp-content\/uploads\/2026\/07\/homer-author-of-the-iliad-and-the-odyssey-considered-to-be-the-first-poet-of-the-occident-woodcut-from-1880-RD6WMC.jpg?fit=1150%2C1200&ssl=1&resize=350%2C200 1x, https:\/\/i0.wp.com\/www.shqiperia.com\/blog\/wp-content\/uploads\/2026\/07\/homer-author-of-the-iliad-and-the-odyssey-considered-to-be-the-first-poet-of-the-occident-woodcut-from-1880-RD6WMC.jpg?fit=1150%2C1200&ssl=1&resize=525%2C300 1.5x, https:\/\/i0.wp.com\/www.shqiperia.com\/blog\/wp-content\/uploads\/2026\/07\/homer-author-of-the-iliad-and-the-odyssey-considered-to-be-the-first-poet-of-the-occident-woodcut-from-1880-RD6WMC.jpg?fit=1150%2C1200&ssl=1&resize=700%2C400 2x, https:\/\/i0.wp.com\/www.shqiperia.com\/blog\/wp-content\/uploads\/2026\/07\/homer-author-of-the-iliad-and-the-odyssey-considered-to-be-the-first-poet-of-the-occident-woodcut-from-1880-RD6WMC.jpg?fit=1150%2C1200&ssl=1&resize=1050%2C600 3x"},"classes":[]},{"id":100266,"url":"https:\/\/www.shqiperia.com\/blog\/filmi-dua-qe-kthen-kohen-godet-ne-cannes-e-pret-rrugetim-i-gjate\/","url_meta":{"origin":24520,"position":4},"title":"Filmi \u201cDua\u201d q\u00eb kthen koh\u00ebn, godet n\u00eb Cannes, e pret rrug\u00ebtim i gjat\u00eb","author":"Kurt Farka","date":"May 14, 2026","format":false,"excerpt":"14 Maji 2026 Nj\u00eb vit m\u00eb her\u00ebt, regjisorja Blerta Basholli tok me ekipin do t\u00eb aterronin n\u00eb Cannes p\u00ebr ta bindur secilin se sa pesh\u00eb personale kishte rr\u00ebfimi q\u00eb synonin ta shnd\u00ebrronin n\u00eb film. T\u00eb m\u00ebrkur\u00ebn, jan\u00eb rikthyer aty me premier\u00ebn bot\u00ebrore t\u00eb filmit \u201cDua\u201d i cili sapo ka ndezur\u2026","rel":"","context":"In &quot;Arte&quot;","block_context":{"text":"Arte","link":"https:\/\/www.shqiperia.com\/blog\/category\/arte\/"},"img":{"alt_text":"","src":"https:\/\/i0.wp.com\/www.shqiperia.com\/blog\/wp-content\/uploads\/2026\/05\/37ef2b6b-d063-48f5-8586-83f85ce28603.webp?fit=1200%2C768&ssl=1&resize=350%2C200","width":350,"height":200,"srcset":"https:\/\/i0.wp.com\/www.shqiperia.com\/blog\/wp-content\/uploads\/2026\/05\/37ef2b6b-d063-48f5-8586-83f85ce28603.webp?fit=1200%2C768&ssl=1&resize=350%2C200 1x, https:\/\/i0.wp.com\/www.shqiperia.com\/blog\/wp-content\/uploads\/2026\/05\/37ef2b6b-d063-48f5-8586-83f85ce28603.webp?fit=1200%2C768&ssl=1&resize=525%2C300 1.5x, https:\/\/i0.wp.com\/www.shqiperia.com\/blog\/wp-content\/uploads\/2026\/05\/37ef2b6b-d063-48f5-8586-83f85ce28603.webp?fit=1200%2C768&ssl=1&resize=700%2C400 2x, https:\/\/i0.wp.com\/www.shqiperia.com\/blog\/wp-content\/uploads\/2026\/05\/37ef2b6b-d063-48f5-8586-83f85ce28603.webp?fit=1200%2C768&ssl=1&resize=1050%2C600 3x"},"classes":[]},{"id":104977,"url":"https:\/\/www.shqiperia.com\/blog\/ditmir-bushati-hapesirat-publike-jane-privatizuar-nga-nje-grusht-njerezish\/","url_meta":{"origin":24520,"position":5},"title":"Ditmir Bushati: &#8211; Hap\u00ebsirat publike jan\u00eb \u201cprivatizuar\u201d nga nj\u00eb grusht njer\u00ebzish!","author":"Kurt Farka","date":"August 22, 2026","format":false,"excerpt":"22 Gusht 2026 Ish-ministri i Jasht\u00ebm, Ditmir Bushati ka komentuar protestat q\u00eb prej 84 dit\u00ebsh k\u00ebrkojn\u00eb dor\u00ebheqjen e Edi Ram\u00ebs, duke i cil\u00ebsuar ato si nd\u00ebr l\u00ebvizjet m\u00eb masive q\u00eb jan\u00eb par\u00eb n\u00eb vend q\u00eb prej r\u00ebnies s\u00eb komunizmit. Bushati argumentoi p\u00ebr TheNewsAgents se pas protestave q\u00ebndron nj\u00eb pak\u00ebnaq\u00ebsi shum\u00eb\u2026","rel":"","context":"In &quot;Blogu i Udh\u00ebtarit&quot;","block_context":{"text":"Blogu i Udh\u00ebtarit","link":"https:\/\/www.shqiperia.com\/blog\/category\/blogu-i-udhetarit\/"},"img":{"alt_text":"","src":"https:\/\/i0.wp.com\/www.shqiperia.com\/blog\/wp-content\/uploads\/2026\/08\/bushati.jpg?fit=799%2C498&ssl=1&resize=350%2C200","width":350,"height":200,"srcset":"https:\/\/i0.wp.com\/www.shqiperia.com\/blog\/wp-content\/uploads\/2026\/08\/bushati.jpg?fit=799%2C498&ssl=1&resize=350%2C200 1x, https:\/\/i0.wp.com\/www.shqiperia.com\/blog\/wp-content\/uploads\/2026\/08\/bushati.jpg?fit=799%2C498&ssl=1&resize=525%2C300 1.5x, https:\/\/i0.wp.com\/www.shqiperia.com\/blog\/wp-content\/uploads\/2026\/08\/bushati.jpg?fit=799%2C498&ssl=1&resize=700%2C400 2x"},"classes":[]}],"_links":{"self":[{"href":"https:\/\/www.shqiperia.com\/blog\/wp-json\/wp\/v2\/posts\/24520","targetHints":{"allow":["GET"]}}],"collection":[{"href":"https:\/\/www.shqiperia.com\/blog\/wp-json\/wp\/v2\/posts"}],"about":[{"href":"https:\/\/www.shqiperia.com\/blog\/wp-json\/wp\/v2\/types\/post"}],"author":[{"embeddable":true,"href":"https:\/\/www.shqiperia.com\/blog\/wp-json\/wp\/v2\/users\/9"}],"replies":[{"embeddable":true,"href":"https:\/\/www.shqiperia.com\/blog\/wp-json\/wp\/v2\/comments?post=24520"}],"version-history":[{"count":1,"href":"https:\/\/www.shqiperia.com\/blog\/wp-json\/wp\/v2\/posts\/24520\/revisions"}],"predecessor-version":[{"id":24527,"href":"https:\/\/www.shqiperia.com\/blog\/wp-json\/wp\/v2\/posts\/24520\/revisions\/24527"}],"wp:featuredmedia":[{"embeddable":true,"href":"https:\/\/www.shqiperia.com\/blog\/wp-json\/wp\/v2\/media\/24522"}],"wp:attachment":[{"href":"https:\/\/www.shqiperia.com\/blog\/wp-json\/wp\/v2\/media?parent=24520"}],"wp:term":[{"taxonomy":"category","embeddable":true,"href":"https:\/\/www.shqiperia.com\/blog\/wp-json\/wp\/v2\/categories?post=24520"},{"taxonomy":"post_tag","embeddable":true,"href":"https:\/\/www.shqiperia.com\/blog\/wp-json\/wp\/v2\/tags?post=24520"}],"curies":[{"name":"wp","href":"https:\/\/api.w.org\/{rel}","templated":true}]}}