{"id":2452,"date":"2018-02-02T19:29:07","date_gmt":"2018-02-02T19:29:07","guid":{"rendered":"http:\/\/www.shqiperia.com\/blog\/?p=2452"},"modified":"2018-02-02T19:29:07","modified_gmt":"2018-02-02T19:29:07","slug":"nga-ndryshonte-kanuni-laberise-nga-ai-leke-dukagjinit","status":"publish","type":"post","link":"https:\/\/www.shqiperia.com\/blog\/nga-ndryshonte-kanuni-laberise-nga-ai-leke-dukagjinit\/","title":{"rendered":"Nga ndryshonte Kanuni i Lab\u00ebris\u00eb nga ai i Lek\u00eb Dukagjinit?"},"content":{"rendered":"<p><img data-recalc-dims=\"1\" loading=\"lazy\" decoding=\"async\" data-attachment-id=\"2453\" data-permalink=\"https:\/\/www.shqiperia.com\/blog\/nga-ndryshonte-kanuni-laberise-nga-ai-leke-dukagjinit\/kanuni-i-laberise\/\" data-orig-file=\"https:\/\/i0.wp.com\/www.shqiperia.com\/blog\/wp-content\/uploads\/2018\/02\/Kanuni-i-Laberise.jpg?fit=191%2C264&amp;ssl=1\" data-orig-size=\"191,264\" data-comments-opened=\"1\" data-image-meta=\"{&quot;aperture&quot;:&quot;0&quot;,&quot;credit&quot;:&quot;&quot;,&quot;camera&quot;:&quot;&quot;,&quot;caption&quot;:&quot;&quot;,&quot;created_timestamp&quot;:&quot;0&quot;,&quot;copyright&quot;:&quot;&quot;,&quot;focal_length&quot;:&quot;0&quot;,&quot;iso&quot;:&quot;0&quot;,&quot;shutter_speed&quot;:&quot;0&quot;,&quot;title&quot;:&quot;&quot;,&quot;orientation&quot;:&quot;0&quot;}\" data-image-title=\"Kanuni i Laberise\" data-image-description=\"\" data-image-caption=\"\" data-medium-file=\"https:\/\/i0.wp.com\/www.shqiperia.com\/blog\/wp-content\/uploads\/2018\/02\/Kanuni-i-Laberise.jpg?fit=191%2C264&amp;ssl=1\" data-large-file=\"https:\/\/i0.wp.com\/www.shqiperia.com\/blog\/wp-content\/uploads\/2018\/02\/Kanuni-i-Laberise.jpg?fit=191%2C264&amp;ssl=1\" class=\"alignnone size-full wp-image-2453\" alt=\"\" src=\"https:\/\/i0.wp.com\/www.shqiperia.com\/blog\/wp-content\/uploads\/2018\/02\/Kanuni-i-Laberise.jpg?resize=191%2C264\" width=\"191\" height=\"264\" \/><\/p>\n<div class=\"td-author-by\">Nga <strong>Arlinda Canaj<\/strong><\/div>\n<div class=\"td-author-line\"><\/div>\n<p>Sipas Prof. Dr. Ismet Elezit: Kanuni i Lab\u00ebris\u00eb dhe Kanuni i Lek\u00ebs, pavar\u00ebsisht se kan\u00eb vepruar n\u00eb koh\u00eb e hap\u00ebsir\u00eb t\u00eb ndryshme, se i pari i referohet nga goj\u00ebdh\u00ebna shek.XI, kurse t\u00eb dyt\u00ebt shek XV, se i pari ka vepruar n\u00eb Jugper\u00ebndim t\u00eb Shqip\u00ebris\u00eb dhe t\u00eb dyt\u00ebt n\u00eb Mal\u00ebsin\u00eb e Veriut, kan\u00eb shum\u00eb norma t\u00eb ngjashme e t\u00eb nj\u00ebllojta, kan\u00eb nj\u00eb n\u00ebnshtrat t\u00eb p\u00ebrbashk\u00ebt, jan\u00eb pjes\u00eb p\u00ebrb\u00ebr\u00ebse t\u00eb Kanunit mbar\u00ebpopullor shqiptar, i cili mbijetoi e p\u00ebrballoi stuhit\u00eb e pushtimeve t\u00eb huaja gjat\u00eb shekujve.<\/p>\n<p>K\u00ebto ngjasime kan\u00eb n\u00eb themel t\u00eb tyre etik\u00ebn, sistemin e vlerave t\u00eb larta morale dhe parimet kryesore juridike t\u00eb s\u00eb drejt\u00ebs zakonore t\u00eb tij, lidhjet kulturore e shpirt\u00ebrore t\u00eb popullit shqiptar.<\/p>\n<p>Gjithashtu ngjasime ka n\u00eb organizimin e brendsh\u00ebm shoq\u00ebror, parashtet\u00ebror, mb\u00ebshtetur n\u00eb lidhjet farefisnore n\u00eb v\u00ebllaz\u00ebrit\u00eb e m\u00ebdha e t\u00eb vogla, n\u00eb institucionin e pleqve e t\u00eb kuvendeve t\u00eb burrave, si organizma t\u00eb vet\u00ebqeverisjes vendore, n\u00eb rregullimin e marr\u00ebdh\u00ebnieve t\u00eb pron\u00ebsis\u00eb, t\u00eb trash\u00ebgimis\u00eb, t\u00eb detyrimeve, e deri te rregullat e hetimit e t\u00eb gjykimit t\u00eb \u00e7\u00ebshtjeve.<\/p>\n<p><img data-recalc-dims=\"1\" loading=\"lazy\" decoding=\"async\" data-attachment-id=\"2454\" data-permalink=\"https:\/\/www.shqiperia.com\/blog\/nga-ndryshonte-kanuni-laberise-nga-ai-leke-dukagjinit\/kanunet\/\" data-orig-file=\"https:\/\/i0.wp.com\/www.shqiperia.com\/blog\/wp-content\/uploads\/2018\/02\/kanunet.jpg?fit=1024%2C525&amp;ssl=1\" data-orig-size=\"1024,525\" data-comments-opened=\"1\" data-image-meta=\"{&quot;aperture&quot;:&quot;0&quot;,&quot;credit&quot;:&quot;&quot;,&quot;camera&quot;:&quot;&quot;,&quot;caption&quot;:&quot;&quot;,&quot;created_timestamp&quot;:&quot;0&quot;,&quot;copyright&quot;:&quot;&quot;,&quot;focal_length&quot;:&quot;0&quot;,&quot;iso&quot;:&quot;0&quot;,&quot;shutter_speed&quot;:&quot;0&quot;,&quot;title&quot;:&quot;&quot;,&quot;orientation&quot;:&quot;0&quot;}\" data-image-title=\"kanunet\" data-image-description=\"\" data-image-caption=\"\" data-medium-file=\"https:\/\/i0.wp.com\/www.shqiperia.com\/blog\/wp-content\/uploads\/2018\/02\/kanunet.jpg?fit=300%2C154&amp;ssl=1\" data-large-file=\"https:\/\/i0.wp.com\/www.shqiperia.com\/blog\/wp-content\/uploads\/2018\/02\/kanunet.jpg?fit=1024%2C525&amp;ssl=1\" class=\"alignnone  wp-image-2454\" alt=\"\" src=\"https:\/\/i0.wp.com\/www.shqiperia.com\/blog\/wp-content\/uploads\/2018\/02\/kanunet-300x154.jpg?resize=662%2C340\" width=\"662\" height=\"340\" srcset=\"https:\/\/i0.wp.com\/www.shqiperia.com\/blog\/wp-content\/uploads\/2018\/02\/kanunet.jpg?resize=300%2C154&amp;ssl=1 300w, https:\/\/i0.wp.com\/www.shqiperia.com\/blog\/wp-content\/uploads\/2018\/02\/kanunet.jpg?resize=768%2C394&amp;ssl=1 768w, https:\/\/i0.wp.com\/www.shqiperia.com\/blog\/wp-content\/uploads\/2018\/02\/kanunet.jpg?w=1024&amp;ssl=1 1024w\" sizes=\"auto, (max-width: 662px) 100vw, 662px\" \/><\/p>\n<p>Nd\u00ebr k\u00ebto dallime thelb\u00ebsore v\u00ebrehet zhvillimi m\u00eb her\u00ebt i marr\u00ebdh\u00ebnieve kapitaliste n\u00eb prodhim n\u00eb Lab\u00ebri, n\u00eb krahasim me zonat ku vepronte Kanuni i Lek\u00ebs dhe Kanuni i Sk\u00ebnderbeut n\u00eb Mal\u00ebsit\u00eb e Veriut. Nga p\u00ebrcaktimi n\u00eb analiz\u00eb t\u00eb fundit i k\u00ebtyre marr\u00ebdh\u00ebnieve ekonomike u shfaq\u00ebn edhe dallimet n\u00eb struktur\u00ebn klasore t\u00eb shoq\u00ebris\u00eb n\u00eb Lab\u00ebri. N\u00eb disa fshatra sidomos n\u00eb Rr\u00ebzom\u00eb u krijuan shtresa t\u00eb reja t\u00eb pasura-agallar\u00ebt, u forcuan m\u00eb tej \u00e7ifligar\u00ebt, u zgjeruan shtresat e mesme t\u00eb pronar\u00ebve t\u00eb tok\u00ebs e t\u00eb bag\u00ebtive, u thellua varf\u00ebria e shtresave t\u00eb ul\u00ebta, q\u00eb p\u00ebrb\u00ebnin shumic\u00ebn, ve\u00e7an\u00ebrisht n\u00eb Kurvelesh. Secila prej k\u00ebtyre shtresave kishte nj\u00eb status t\u00eb ve\u00e7ant\u00eb n\u00eb Kanun, dhe barazia shoq\u00ebrore e dikurshme e bashk\u00ebsis\u00eb fisnore (gjinore) gradualisht n\u00eb shek XVIII-XX-t\u00eb shkonte duke u kufizuar, nd\u00ebrsa barazia e gjakut \u201cgjak p\u00ebr gjak\u201d u ruajt edhe n\u00eb vitet pasardh\u00ebse.<\/p>\n<p>Si rrjedhoj\u00eb e k\u00ebtyre dallimeve ekonomiko-shoq\u00ebrore, Kanuni i Lab\u00ebris\u00eb rregullonte marr\u00ebdh\u00ebniet juridike nd\u00ebrmjet \u00e7ifligar\u00ebve e \u00e7if\u00e7inj\u00ebve, marr\u00ebdh\u00ebnieve civile e kontraktore t\u00eb pronar\u00ebve t\u00eb tok\u00ebs e bujqve, agallar\u00ebve pronar\u00ebve t\u00eb kopeve t\u00eb bag\u00ebtive e \u00e7oban\u00ebve q\u00eb paraqesin dallime t\u00eb dukshme t\u00eb Kanunit t\u00eb Lab\u00ebris\u00eb nga Kanuni i Lek\u00ebs apo Kanuni i Sk\u00ebnderbeut n\u00eb Veri t\u00eb Shqip\u00ebris\u00eb.<\/p>\n<p><img data-recalc-dims=\"1\" loading=\"lazy\" decoding=\"async\" data-attachment-id=\"2455\" data-permalink=\"https:\/\/www.shqiperia.com\/blog\/nga-ndryshonte-kanuni-laberise-nga-ai-leke-dukagjinit\/ismet_elezi\/\" data-orig-file=\"https:\/\/i0.wp.com\/www.shqiperia.com\/blog\/wp-content\/uploads\/2018\/02\/Ismet_Elezi.jpg?fit=200%2C284&amp;ssl=1\" data-orig-size=\"200,284\" data-comments-opened=\"1\" data-image-meta=\"{&quot;aperture&quot;:&quot;0&quot;,&quot;credit&quot;:&quot;&quot;,&quot;camera&quot;:&quot;&quot;,&quot;caption&quot;:&quot;&quot;,&quot;created_timestamp&quot;:&quot;0&quot;,&quot;copyright&quot;:&quot;&quot;,&quot;focal_length&quot;:&quot;0&quot;,&quot;iso&quot;:&quot;0&quot;,&quot;shutter_speed&quot;:&quot;0&quot;,&quot;title&quot;:&quot;&quot;,&quot;orientation&quot;:&quot;0&quot;}\" data-image-title=\"Ismet_Elezi\" data-image-description=\"\" data-image-caption=\"\" data-medium-file=\"https:\/\/i0.wp.com\/www.shqiperia.com\/blog\/wp-content\/uploads\/2018\/02\/Ismet_Elezi.jpg?fit=200%2C284&amp;ssl=1\" data-large-file=\"https:\/\/i0.wp.com\/www.shqiperia.com\/blog\/wp-content\/uploads\/2018\/02\/Ismet_Elezi.jpg?fit=200%2C284&amp;ssl=1\" class=\"alignnone size-full wp-image-2455\" alt=\"\" src=\"https:\/\/i0.wp.com\/www.shqiperia.com\/blog\/wp-content\/uploads\/2018\/02\/Ismet_Elezi.jpg?resize=200%2C284\" width=\"200\" height=\"284\" \/><\/p>\n<pre>Prof. Ismet Elezi<\/pre>\n<p>Dallime jo t\u00eb pakta v\u00ebrehen edhe n\u00eb rregullimin e marr\u00ebdh\u00ebnieve familjare e martesore. Fiset dhe familjet e m\u00ebdha patriakale n\u00eb Lab\u00ebri, q\u00eb nga gjysma e dyt\u00eb e shekullit XVIII- fillimet e shek.XIX, ishin n\u00eb procesin e shp\u00ebrb\u00ebrjes s\u00eb plot\u00eb dhe ua linin vendin v\u00ebllaz\u00ebrive, familjeve t\u00eb mesme e t\u00eb vogla, t\u00eb ndara nga trungu prind\u00ebror, me ekonomi m\u00eb vete, t\u00eb vog\u00ebl apo t\u00eb mesme. Tradita gojore d\u00ebshmon se familja labe, n\u00eb shumic\u00ebn e madhe, p\u00ebrb\u00ebhej si rregull nga 10-20 veta, maksimumi deri n\u00eb 30 veta, ndryshe nga ajo n\u00eb Zonat e Veriut, ku vepronte Kanuni i Lek\u00ebs apo Kanuni i Sk\u00ebnderbeut, q\u00eb arrinte deri n\u00eb 100 veta.<\/p>\n<p>Zakonet e vjetra patriarkale ishin skllav\u00ebruese p\u00ebr gruan. Ato nuk i njihnin asaj t\u00eb drejta n\u00eb krahasim me burrin, ve\u00e7se i mbronin nderin e saj.<\/p>\n<p>Nga gjysma e dyt\u00eb e shekullit XIX, pas reformave t\u00eb normave t\u00eb vjetra, pozita e gruas n\u00eb Lab\u00ebri shkoi duke u forcuar brenda familjes, ashtu dhe n\u00eb marr\u00ebdh\u00ebniet martesore q\u00eb gradualisht u liberalizuan n\u00eb nj\u00eb mas\u00eb ose n\u00eb tjetr\u00ebn. Marr\u00ebdh\u00ebniet patriarkale-fisnore, autoriteti absolut prind\u00ebror dhe sundimi absolut i burrit ndaj gruas, p\u00ebsuan zbutje, natyrisht, duke ruajtur, diku m\u00eb fort e diku m\u00eb pak, gjurm\u00ebt e patriarkalizmit t\u00eb koh\u00ebs s\u00eb kaluar. Gruaja fitoi disa t\u00eb drejta e liri, q\u00eb i mohoheshin m\u00eb par\u00eb. F\u00ebmij\u00ebt madhor\u00eb mund t\u00eb ndaheshin m\u00eb leht\u00eb nga trungu prind\u00ebror, etj.<\/p>\n<p>Dallime e ve\u00e7ori n\u00eb Kanunin e Lab\u00ebris\u00eb nga Kanuni i Lek\u00ebs, apo Kanuni i Sk\u00ebnderbeut ka p\u00ebrsa i p\u00ebrket organizimit t\u00eb vet\u00ebqeverisjes vendore. N\u00eb k\u00ebt\u00eb kanun nuk njihen pozita dhe privilegjet e Der\u00ebs s\u00eb Gjonmarkajve, si n\u00eb Kanunin e Lek\u00ebs, nuk njihet instituti i bajraktar\u00ebve, i krer\u00ebve t\u00eb fiseve, por pranohet roli i Kuvendeve, i pleqve, i paris\u00eb s\u00eb vendit, i kapedan\u00ebve, i vegj\u00eblis\u00eb dhe i gjyqit t\u00eb pleqve. N\u00eb k\u00ebt\u00eb drejtim ka ushtruar ndikim n\u00eb Kanun edhe krijimi dhe funksionimi i pashall\u00ebkut t\u00eb Janin\u00ebs, n\u00ebn drejtimin e Ali Pash\u00eb Tepelen\u00ebs.<\/p>\n<p>Ve\u00e7 k\u00ebtyre, p\u00ebr z\u00ebvend\u00ebsimin e normave t\u00eb vjetra me norma t\u00eb reja t\u00eb Kanunit, merita t\u00eb m\u00ebdha i takojn\u00eb p\u00ebrhapjes s\u00eb arsimit e t\u00eb kultur\u00ebs me \u00e7eljen e shkollave q\u00eb n\u00eb fillimet e shek.XIX, krijimin e klubeve patriotike kulturore n\u00eb Lab\u00ebri etj.<\/p>\n<p>Popullsia e Lab\u00ebris\u00eb, e zonave t\u00eb vet\u00ebqeverisjes vendore, nuk ka qen\u00eb krejt\u00ebsisht e izoluar, e shk\u00ebputur nga kryeqendrat si Gjirokastra, Delvina, Vlora dhe Janina, ku zhvillohej tregtia dhe jeta kulturore.<\/p>\n<p>Kontaktet e Lab\u00ebris\u00eb me shkollat dhe me jet\u00ebn kulturore t\u00eb qyteteve kryesore, e posa\u00e7\u00ebrisht kurbeti, lidhjet tregtare me shtete t\u00eb tjera si Greqia, Turqia e Italia, kan\u00eb luajtur rol t\u00eb madh p\u00ebrparimtar n\u00eb Lab\u00ebri. T\u00eb gjith\u00eb k\u00ebta faktor\u00eb t\u00eb harrur s\u00eb bashku vepruan aktivisht n\u00eb ndryshimin e mentaliteteve t\u00eb njer\u00ebzve, p\u00ebr qytet\u00ebrimin e shoq\u00ebris\u00eb dhe, si rrjedhoj\u00eb edhe p\u00ebr ndryshimet pozitive t\u00eb normave t\u00eb Kanunit t\u00eb vjet\u00ebr t\u00eb Lab\u00ebris\u00eb, q\u00eb pasqyrohen n\u00eb rregullimin e marr\u00ebdh\u00ebnieve juridike.<\/p>\n<p>Megjithat\u00eb, kanuneve shqiptare u p\u00ebrshtatet sentenca e filozofis\u00eb s\u00eb vjet\u00ebr greke \u201cJemi bashk\u00eb, pse jemi ndryshe\u201d.<\/p>\n<p>N\u00eb nj\u00eb mas\u00eb ose tjetr\u00ebn kjo sentenc\u00eb ka vlera edhe p\u00ebr krahasimet e Kanunit t\u00eb Lab\u00ebris\u00eb me zakonet juridike t\u00eb Greqis\u00eb s\u00eb vjet\u00ebr, t\u00eb p\u00ebrshkruara me mjesht\u00ebri nga Eskili.<\/p>\n<p>Kanunet jan\u00eb dhe do t\u00eb mbeten si monumente historike t\u00eb vlerave kulturore t\u00eb popullit shqiptar, pasqyra t\u00eb historis\u00eb dhe t\u00eb karakterit t\u00eb tij fisnik.<\/p>\n<p>Mbi t\u00eb gjitha, ngjashm\u00ebrit\u00eb themelore d\u00ebshmojn\u00eb lasht\u00ebsin\u00eb e popullit shqiptar, t\u00eb kultur\u00ebs s\u00eb tij n\u00eb p\u00ebrgjith\u00ebsi dhe t\u00eb asaj juridike n\u00eb ve\u00e7anti, si dhe unitetin e pandash\u00ebm t\u00eb kombit ton\u00eb n\u00eb trojet e tij ilire.<\/p>\n<p>Kanunet shqiptare, bashk\u00eb me Statutet e qyteteve bregdetare (Durr\u00ebsit, Shkodr\u00ebs, Tivarit, Drishtit, Budv\u00ebs) t\u00eb shek.XIV mbet\u00ebn pasuri komb\u00ebtare, nderim p\u00ebr t\u00eb par\u00ebt tan\u00eb, t\u00eb cil\u00ebt na i lan\u00eb k\u00ebt\u00eb trash\u00ebgimi t\u00eb pasur kulturore.<\/p>\n","protected":false},"excerpt":{"rendered":"<p>Nga Arlinda Canaj Sipas Prof. Dr. Ismet Elezit: Kanuni i Lab\u00ebris\u00eb dhe Kanuni i Lek\u00ebs, pavar\u00ebsisht se kan\u00eb vepruar n\u00eb koh\u00eb e hap\u00ebsir\u00eb t\u00eb ndryshme, se i pari i referohet nga goj\u00ebdh\u00ebna shek.XI, kurse t\u00eb dyt\u00ebt shek XV, se i pari ka vepruar n\u00eb Jugper\u00ebndim t\u00eb Shqip\u00ebris\u00eb dhe t\u00eb dyt\u00ebt n\u00eb Mal\u00ebsin\u00eb e Veriut, kan\u00eb [&hellip;]<\/p>\n","protected":false},"author":9,"featured_media":2453,"comment_status":"open","ping_status":"open","sticky":false,"template":"","format":"standard","meta":{"jetpack_post_was_ever_published":false,"_jetpack_newsletter_access":"","_jetpack_dont_email_post_to_subs":false,"_jetpack_newsletter_tier_id":0,"_jetpack_memberships_contains_paywalled_content":false,"_jetpack_memberships_contains_paid_content":false,"footnotes":"","jetpack_publicize_message":"","jetpack_publicize_feature_enabled":true,"jetpack_social_post_already_shared":true,"jetpack_social_options":{"image_generator_settings":{"template":"highway","default_image_id":0,"font":"","enabled":false},"version":2}},"categories":[10],"tags":[],"class_list":["post-2452","post","type-post","status-publish","format-standard","has-post-thumbnail","hentry","category-kultura"],"jetpack_publicize_connections":[],"jetpack_featured_media_url":"https:\/\/i0.wp.com\/www.shqiperia.com\/blog\/wp-content\/uploads\/2018\/02\/Kanuni-i-Laberise.jpg?fit=191%2C264&ssl=1","jetpack_sharing_enabled":true,"jetpack_shortlink":"https:\/\/wp.me\/p5Z6wp-Dy","jetpack-related-posts":[{"id":18941,"url":"https:\/\/www.shqiperia.com\/blog\/kanuni-i-lekes-se-madh-apo-leke-dukagjinit-pjesa-e-dyte\/","url_meta":{"origin":2452,"position":0},"title":"Kanuni i Lek\u00ebs s\u00eb madh apo Lek\u00eb Dukagjinit (Pjesa e Dyte). &#8211;","author":"Kurt Farka","date":"March 31, 2019","format":false,"excerpt":"Kanuni i Lek\u00ebs s\u00eb madh apo Lek\u00eb Dukagjinit. - (Pjesa e Dyte). Sipas Plutarkut, Aleksandri i Madh ka mbajtur petka t\u00eb purpurta dhe mbret\u00ebrit e tjer\u00eb kan\u00eb k\u00ebrkuar t\u00eb ngjanin me t\u00eb edhe me ngjyr\u00ebn e veshjeve t\u00eb tyre . N\u00eb Perandorin\u00eb Bizantine ngjyra e purpurt \u00ebsht\u00eb simbol i sovranitetit\u2026","rel":"","context":"In &quot;Histori&quot;","block_context":{"text":"Histori","link":"https:\/\/www.shqiperia.com\/blog\/category\/histori\/"},"img":{"alt_text":"","src":"https:\/\/i0.wp.com\/www.shqiperia.com\/blog\/wp-content\/uploads\/2019\/03\/Kanuni-i-Lek%C3%ABs-s%C3%AB-madh-apo-Lek%C3%AB-Dukagjinit-2.jpg?fit=850%2C417&ssl=1&resize=350%2C200","width":350,"height":200,"srcset":"https:\/\/i0.wp.com\/www.shqiperia.com\/blog\/wp-content\/uploads\/2019\/03\/Kanuni-i-Lek%C3%ABs-s%C3%AB-madh-apo-Lek%C3%AB-Dukagjinit-2.jpg?fit=850%2C417&ssl=1&resize=350%2C200 1x, https:\/\/i0.wp.com\/www.shqiperia.com\/blog\/wp-content\/uploads\/2019\/03\/Kanuni-i-Lek%C3%ABs-s%C3%AB-madh-apo-Lek%C3%AB-Dukagjinit-2.jpg?fit=850%2C417&ssl=1&resize=525%2C300 1.5x, https:\/\/i0.wp.com\/www.shqiperia.com\/blog\/wp-content\/uploads\/2019\/03\/Kanuni-i-Lek%C3%ABs-s%C3%AB-madh-apo-Lek%C3%AB-Dukagjinit-2.jpg?fit=850%2C417&ssl=1&resize=700%2C400 2x"},"classes":[]},{"id":3393,"url":"https:\/\/www.shqiperia.com\/blog\/aleksandri-madh-ne-kujtesen-historike-te-shqiptareve-dhe-te-skenderbeut-pjesa-ii\/","url_meta":{"origin":2452,"position":1},"title":"Aleksandri i Madh n\u00eb kujtes\u00ebn historike, t\u00eb Shqiptareve dhe te Sk\u00ebnderbeut. (Pjesa II). &#8211;","author":"Kurt Farka","date":"February 17, 2018","format":false,"excerpt":"Shenim: Pjesen e Pare te ketij studimi e kemi publikuar dje ne faqen tone, dt 16 shkurt 2018. Nga: Kasem Bicoku. - N\u00eb nj\u00eb dokument t\u00eb dhjetorit t\u00eb vitit 1387 p\u00ebrmendet nj\u00eb Lek\u00eb Dukagjini me t\u00eb v\u00ebllan\u00eb, Palin, q\u00eb u jepnin raguzan\u00ebve siguri p\u00ebr t\u00eb l\u00ebvizur n\u00ebp\u00ebr zot\u00ebrimet e tyre\u2026","rel":"","context":"In &quot;Blogu i Udh\u00ebtarit&quot;","block_context":{"text":"Blogu i Udh\u00ebtarit","link":"https:\/\/www.shqiperia.com\/blog\/category\/blogu-i-udhetarit\/"},"img":{"alt_text":"","src":"https:\/\/i0.wp.com\/www.shqiperia.com\/blog\/wp-content\/uploads\/2018\/02\/Aleksandri-i-Madh.jpg?fit=796%2C461&ssl=1&resize=350%2C200","width":350,"height":200,"srcset":"https:\/\/i0.wp.com\/www.shqiperia.com\/blog\/wp-content\/uploads\/2018\/02\/Aleksandri-i-Madh.jpg?fit=796%2C461&ssl=1&resize=350%2C200 1x, https:\/\/i0.wp.com\/www.shqiperia.com\/blog\/wp-content\/uploads\/2018\/02\/Aleksandri-i-Madh.jpg?fit=796%2C461&ssl=1&resize=525%2C300 1.5x, https:\/\/i0.wp.com\/www.shqiperia.com\/blog\/wp-content\/uploads\/2018\/02\/Aleksandri-i-Madh.jpg?fit=796%2C461&ssl=1&resize=700%2C400 2x"},"classes":[]},{"id":97529,"url":"https:\/\/www.shqiperia.com\/blog\/budallallek-boteror-apo-drejtesi-shqiptare-kur-edhe-kanuni-eshte-me-modern-se-kryeministri\/","url_meta":{"origin":2452,"position":2},"title":"\u201cBudallall\u00ebk Bot\u00ebror\u201d apo Drejt\u00ebsi Shqiptare? Kur edhe Kanuni \u00ebsht\u00eb m\u00eb modern se Kryeministri","author":"Kurt Farka","date":"February 9, 2026","format":false,"excerpt":"9 Shkurt 2026 Nga: Gazeta Dita Shqiptar\u00ebt votojn\u00eb p\u00ebr t\u00eb pasur nj\u00eb \u201cZot Sht\u00ebpie\u201d q\u00eb mban rregull, jo p\u00ebr t\u00eb pasur \u201cHjek\u00ebs\u201d q\u00eb vjedhin sht\u00ebpin\u00eb e tyre nga brenda. N\u00eb reagimin e tij t\u00eb fundit mbi vendimin e Gjykat\u00ebs Kushtetuese p\u00ebr pezullimin e nj\u00eb an\u00ebtari t\u00eb kabinetit, Kryeministri Edi Rama\u2026","rel":"","context":"In &quot;Blogu i Udh\u00ebtarit&quot;","block_context":{"text":"Blogu i Udh\u00ebtarit","link":"https:\/\/www.shqiperia.com\/blog\/category\/blogu-i-udhetarit\/"},"img":{"alt_text":"","src":"https:\/\/i0.wp.com\/www.shqiperia.com\/blog\/wp-content\/uploads\/2026\/02\/Edi-rama-1.jpg?fit=780%2C440&ssl=1&resize=350%2C200","width":350,"height":200,"srcset":"https:\/\/i0.wp.com\/www.shqiperia.com\/blog\/wp-content\/uploads\/2026\/02\/Edi-rama-1.jpg?fit=780%2C440&ssl=1&resize=350%2C200 1x, https:\/\/i0.wp.com\/www.shqiperia.com\/blog\/wp-content\/uploads\/2026\/02\/Edi-rama-1.jpg?fit=780%2C440&ssl=1&resize=525%2C300 1.5x, https:\/\/i0.wp.com\/www.shqiperia.com\/blog\/wp-content\/uploads\/2026\/02\/Edi-rama-1.jpg?fit=780%2C440&ssl=1&resize=700%2C400 2x"},"classes":[]},{"id":35773,"url":"https:\/\/www.shqiperia.com\/blog\/minoritari-grek-dogji-flamurin-shqiptar-ne-sarande-djemte-e-laberise-kerkojne\/","url_meta":{"origin":2452,"position":3},"title":"Minoritari grek dogji flamurin shqiptar n\u00eb Sarand\u00eb, \u201cDjemt\u00eb e Lab\u00ebris\u00eb\u201d k\u00ebrkojn\u00eb\u2026","author":"Kurt Farka","date":"June 17, 2020","format":false,"excerpt":"Minoritari grek dogji flamurin shqiptar n\u00eb Sarand\u00eb, \u201cDjemt\u00eb e Lab\u00ebris\u00eb\u201d k\u00ebrkojn\u00eb\u2026\u00a0 17 Qershor 2020 Pas djegies s\u00eb flamurit shqiptar nga minoriteti grek n\u00eb Sarand\u00eb, \u201cDjemt\u00eb e Lab\u00ebris\u00eb\u201d kan\u00eb zhvilluar sot nj\u00eb protest\u00eb p\u00ebrpara konsullat\u00ebs greke n\u00eb Gjirokast\u00ebr. Ata kan\u00eb k\u00ebrkuar largimin e konsullit grek q\u00eb ndodhet n\u00eb k\u00ebt\u00eb qytet, duke\u2026","rel":"","context":"In &quot;Blogu i Udh\u00ebtarit&quot;","block_context":{"text":"Blogu i Udh\u00ebtarit","link":"https:\/\/www.shqiperia.com\/blog\/category\/blogu-i-udhetarit\/"},"img":{"alt_text":"","src":"https:\/\/i0.wp.com\/www.shqiperia.com\/blog\/wp-content\/uploads\/2020\/06\/40f2b0fa-4863-481f-b0d0-55432a066c9d-1-1024x576-1.jpg?fit=1024%2C576&ssl=1&resize=350%2C200","width":350,"height":200,"srcset":"https:\/\/i0.wp.com\/www.shqiperia.com\/blog\/wp-content\/uploads\/2020\/06\/40f2b0fa-4863-481f-b0d0-55432a066c9d-1-1024x576-1.jpg?fit=1024%2C576&ssl=1&resize=350%2C200 1x, https:\/\/i0.wp.com\/www.shqiperia.com\/blog\/wp-content\/uploads\/2020\/06\/40f2b0fa-4863-481f-b0d0-55432a066c9d-1-1024x576-1.jpg?fit=1024%2C576&ssl=1&resize=525%2C300 1.5x, https:\/\/i0.wp.com\/www.shqiperia.com\/blog\/wp-content\/uploads\/2020\/06\/40f2b0fa-4863-481f-b0d0-55432a066c9d-1-1024x576-1.jpg?fit=1024%2C576&ssl=1&resize=700%2C400 2x"},"classes":[]},{"id":27490,"url":"https:\/\/www.shqiperia.com\/blog\/tetori-i-librit-jaho-brahaj-dhe-dorian-koci-rikthejne-eruditin-e-cmuar-at-gjecovin-ne-muzeun-kombetar\/","url_meta":{"origin":2452,"position":4},"title":"\u201cTetori i Librit\u201d: &#8211; Jaho Brahaj dhe Dorian Ko\u00e7i rikthejn\u00eb eruditin e \u00e7muar, At Gje\u00e7ovin n\u00eb Muzeun Komb\u00ebtar","author":"Kurt Farka","date":"October 30, 2019","format":false,"excerpt":"\u201cTetori i Librit\u201d: - Jaho Brahaj dhe Dorian Ko\u00e7i rikthejn\u00eb eruditin e \u00e7muar, At Gje\u00e7ovin n\u00eb Muzeun Komb\u00ebtar. Nga: Dhurata Hamzai\u00a0 Gazeta Shqiptarja.com. 29 Tetor, 2019 Zhvillohet takimi me studiuesin Jaho Brahaj, ku pati diskutime dhe lexime nga vepra e Shtjef\u00ebn Gje\u00e7ovit. Kujtohet kontributi i tij si arkeolog, historian, etnograf,\u2026","rel":"","context":"In &quot;Arte&quot;","block_context":{"text":"Arte","link":"https:\/\/www.shqiperia.com\/blog\/category\/arte\/"},"img":{"alt_text":"","src":"https:\/\/i0.wp.com\/www.shqiperia.com\/blog\/wp-content\/uploads\/2019\/10\/Jao-Brahaj-Dhe-Dorjan-Koci.jpg?fit=640%2C335&ssl=1&resize=350%2C200","width":350,"height":200,"srcset":"https:\/\/i0.wp.com\/www.shqiperia.com\/blog\/wp-content\/uploads\/2019\/10\/Jao-Brahaj-Dhe-Dorjan-Koci.jpg?fit=640%2C335&ssl=1&resize=350%2C200 1x, https:\/\/i0.wp.com\/www.shqiperia.com\/blog\/wp-content\/uploads\/2019\/10\/Jao-Brahaj-Dhe-Dorjan-Koci.jpg?fit=640%2C335&ssl=1&resize=525%2C300 1.5x"},"classes":[]},{"id":43711,"url":"https:\/\/www.shqiperia.com\/blog\/media-italiane-tentakulat-e-mafies-shqiptare-mbi-italine-dhe-paktet-me-politiken-ne-tirane\/","url_meta":{"origin":2452,"position":5},"title":"Media italiane: &#8211; Tentakulat e mafies shqiptare mbi Italin\u00eb dhe paktet me politik\u00ebn n\u00eb Tiran\u00eb","author":"Kurt Farka","date":"February 3, 2021","format":false,"excerpt":"Media italiane: - Tentakulat e mafies shqiptare mbi Italin\u00eb dhe paktet me politik\u00ebn n\u00eb Tiran\u00eb 01\/02\/2021 Nga Pietro Mecarozzi (Il Fatto Quotidiano) E heshtur dhe vdekjeprur\u00ebse. E organizuar me nj\u00eb struktur\u00eb piramidale dhe bashk\u00ebsi familjesh me lidhje gjaku. N\u00eb vendin e par\u00eb midis organizatave kriminale t\u00eb huaja t\u00eb pranishme n\u00eb\u2026","rel":"","context":"In &quot;Blogu i Udh\u00ebtarit&quot;","block_context":{"text":"Blogu i Udh\u00ebtarit","link":"https:\/\/www.shqiperia.com\/blog\/category\/blogu-i-udhetarit\/"},"img":{"alt_text":"","src":"https:\/\/i0.wp.com\/www.shqiperia.com\/blog\/wp-content\/uploads\/2021\/02\/Il-fatto-Copy.jpeg?fit=1055%2C520&ssl=1&resize=350%2C200","width":350,"height":200,"srcset":"https:\/\/i0.wp.com\/www.shqiperia.com\/blog\/wp-content\/uploads\/2021\/02\/Il-fatto-Copy.jpeg?fit=1055%2C520&ssl=1&resize=350%2C200 1x, https:\/\/i0.wp.com\/www.shqiperia.com\/blog\/wp-content\/uploads\/2021\/02\/Il-fatto-Copy.jpeg?fit=1055%2C520&ssl=1&resize=525%2C300 1.5x, https:\/\/i0.wp.com\/www.shqiperia.com\/blog\/wp-content\/uploads\/2021\/02\/Il-fatto-Copy.jpeg?fit=1055%2C520&ssl=1&resize=700%2C400 2x, https:\/\/i0.wp.com\/www.shqiperia.com\/blog\/wp-content\/uploads\/2021\/02\/Il-fatto-Copy.jpeg?fit=1055%2C520&ssl=1&resize=1050%2C600 3x"},"classes":[]}],"_links":{"self":[{"href":"https:\/\/www.shqiperia.com\/blog\/wp-json\/wp\/v2\/posts\/2452","targetHints":{"allow":["GET"]}}],"collection":[{"href":"https:\/\/www.shqiperia.com\/blog\/wp-json\/wp\/v2\/posts"}],"about":[{"href":"https:\/\/www.shqiperia.com\/blog\/wp-json\/wp\/v2\/types\/post"}],"author":[{"embeddable":true,"href":"https:\/\/www.shqiperia.com\/blog\/wp-json\/wp\/v2\/users\/9"}],"replies":[{"embeddable":true,"href":"https:\/\/www.shqiperia.com\/blog\/wp-json\/wp\/v2\/comments?post=2452"}],"version-history":[{"count":1,"href":"https:\/\/www.shqiperia.com\/blog\/wp-json\/wp\/v2\/posts\/2452\/revisions"}],"predecessor-version":[{"id":2456,"href":"https:\/\/www.shqiperia.com\/blog\/wp-json\/wp\/v2\/posts\/2452\/revisions\/2456"}],"wp:featuredmedia":[{"embeddable":true,"href":"https:\/\/www.shqiperia.com\/blog\/wp-json\/wp\/v2\/media\/2453"}],"wp:attachment":[{"href":"https:\/\/www.shqiperia.com\/blog\/wp-json\/wp\/v2\/media?parent=2452"}],"wp:term":[{"taxonomy":"category","embeddable":true,"href":"https:\/\/www.shqiperia.com\/blog\/wp-json\/wp\/v2\/categories?post=2452"},{"taxonomy":"post_tag","embeddable":true,"href":"https:\/\/www.shqiperia.com\/blog\/wp-json\/wp\/v2\/tags?post=2452"}],"curies":[{"name":"wp","href":"https:\/\/api.w.org\/{rel}","templated":true}]}}