{"id":24508,"date":"2019-08-08T14:31:27","date_gmt":"2019-08-08T14:31:27","guid":{"rendered":"https:\/\/www.shqiperia.com\/blog\/?p=24508"},"modified":"2019-08-08T14:31:27","modified_gmt":"2019-08-08T14:31:27","slug":"instituti-i-vjenes-arsyeja-e-eksporteve-zhgenjyese-mbicmimi-i-lekut","status":"publish","type":"post","link":"https:\/\/www.shqiperia.com\/blog\/instituti-i-vjenes-arsyeja-e-eksporteve-zhgenjyese-mbicmimi-i-lekut\/","title":{"rendered":"Instituti i Vjen\u00ebs: Arsyeja e eksporteve zhg\u00ebnjyese, mbi\u00e7mimi i Lekut."},"content":{"rendered":"<p><img data-recalc-dims=\"1\" loading=\"lazy\" decoding=\"async\" data-attachment-id=\"24509\" data-permalink=\"https:\/\/www.shqiperia.com\/blog\/instituti-i-vjenes-arsyeja-e-eksporteve-zhgenjyese-mbicmimi-i-lekut\/lekuu\/\" data-orig-file=\"https:\/\/i0.wp.com\/www.shqiperia.com\/blog\/wp-content\/uploads\/2019\/08\/lekuu.jpg?fit=560%2C343&amp;ssl=1\" data-orig-size=\"560,343\" data-comments-opened=\"1\" data-image-meta=\"{&quot;aperture&quot;:&quot;0&quot;,&quot;credit&quot;:&quot;&quot;,&quot;camera&quot;:&quot;&quot;,&quot;caption&quot;:&quot;&quot;,&quot;created_timestamp&quot;:&quot;0&quot;,&quot;copyright&quot;:&quot;&quot;,&quot;focal_length&quot;:&quot;0&quot;,&quot;iso&quot;:&quot;0&quot;,&quot;shutter_speed&quot;:&quot;0&quot;,&quot;title&quot;:&quot;&quot;,&quot;orientation&quot;:&quot;0&quot;}\" data-image-title=\"lekuu\" data-image-description=\"\" data-image-caption=\"\" data-medium-file=\"https:\/\/i0.wp.com\/www.shqiperia.com\/blog\/wp-content\/uploads\/2019\/08\/lekuu.jpg?fit=300%2C184&amp;ssl=1\" data-large-file=\"https:\/\/i0.wp.com\/www.shqiperia.com\/blog\/wp-content\/uploads\/2019\/08\/lekuu.jpg?fit=560%2C343&amp;ssl=1\" class=\"alignnone  wp-image-24509\" alt=\"\" src=\"https:\/\/i0.wp.com\/www.shqiperia.com\/blog\/wp-content\/uploads\/2019\/08\/lekuu.jpg?resize=471%2C289&#038;ssl=1\" width=\"471\" height=\"289\" srcset=\"https:\/\/i0.wp.com\/www.shqiperia.com\/blog\/wp-content\/uploads\/2019\/08\/lekuu.jpg?resize=300%2C184&amp;ssl=1 300w, https:\/\/i0.wp.com\/www.shqiperia.com\/blog\/wp-content\/uploads\/2019\/08\/lekuu.jpg?resize=450%2C276&amp;ssl=1 450w, https:\/\/i0.wp.com\/www.shqiperia.com\/blog\/wp-content\/uploads\/2019\/08\/lekuu.jpg?resize=400%2C245&amp;ssl=1 400w, https:\/\/i0.wp.com\/www.shqiperia.com\/blog\/wp-content\/uploads\/2019\/08\/lekuu.jpg?w=560&amp;ssl=1 560w\" sizes=\"auto, (max-width: 471px) 100vw, 471px\" \/><\/p>\n<p><strong>Instituti i Vjen\u00ebs: Arsyeja e eksporteve zhg\u00ebnjyese, mbi\u00e7mimi i Lekut.<\/strong><\/p>\n<p>Sipas raportit t\u00eb Institutit Nd\u00ebrkomb\u00ebtar t\u00eb Vjen\u00ebs p\u00ebr Studime Ekonomike, ecuria e eksporteve t\u00eb Ballkanit, ndryshe nga Europa, \u00ebsht\u00eb jopozitive.<\/p>\n<p>Sipas raporti, eksportet e t\u00eb gjith\u00eb shteteve t\u00eb Ballaknit kan\u00eb p\u00ebsuar r\u00ebnie n\u00eb muajt e par\u00eb t\u00eb vitit. P\u00ebrjashtim b\u00ebn vet\u00ebm Kosova, e cila ka nj\u00eb baz\u00eb shum\u00eb t\u00eb ul\u00ebt t\u00eb tyre. Kapacitetet p\u00ebr eksport jan\u00eb t\u00eb kufizuara n\u00eb Ballkan p\u00ebrve\u00e7 Serbis\u00eb dhe Maqedonis\u00eb, t\u00eb cilat jan\u00eb p\u00ebrfshir\u00eb n\u00eb zinxhirin global t\u00eb industris\u00eb automative. Por eksportet e Serbis\u00eb dhe Bosnj\u00ebs u d\u00ebmtuan nga taksa 100% q\u00eb vuri qeveria e Kosov\u00ebs.<\/p>\n<p>N\u00eb Shqip\u00ebri, eksportet e industris\u00eb p\u00ebrpunuese u d\u00ebmtuan nga mbi\u00e7mimi i monedh\u00ebs vendase. Vendi duket se po humb konkurrueshm\u00ebrin\u00eb n\u00eb eksporte p\u00ebr k\u00ebt\u00eb arsye, theksohet n\u00eb raport. M\u00eb tej, argumentohet se, eksportet k\u00ebt\u00eb vit u d\u00ebmtuan nga shitjet m\u00eb t\u00eb ul\u00ebta t\u00eb energjis\u00eb elektrike n\u00eb vitin 2018.<\/p>\n<p>Ne raport theksohet se investimet n\u00eb infrastruktur\u00eb po luajn\u00eb nj\u00eb rol gjithnj\u00eb e n\u00eb rritje, ve\u00e7an\u00ebrisht n\u00eb kuadrin e Nism\u00ebs Kineze. Gjithashtu vihet n\u00eb dukje se n\u00eb Shqip\u00ebri dhe Kosov\u00eb, investimet e huaja jan\u00eb n\u00eb sektorin e energjis\u00eb (investimet e Shell n\u00eb Shqip\u00ebri dhe Kosov\u00eb, investimet e General Elektrik n\u00eb nj\u00eb termocentral t\u00eb ri).<\/p>\n<p>Sidoqoft\u00eb, rritja e PBB-s\u00eb n\u00eb vendet t\u00eb Ballkanit Per\u00ebndimor \u00ebsht\u00eb n\u00ebn potencialin q\u00eb ata kan\u00eb, \u00e7far\u00eb pengon n\u00eb arritjen m\u00eb t\u00eb shpejt\u00eb t\u00eb mir\u00ebqenies s\u00eb tyre me nivelin e BE-s\u00eb.<\/p>\n<p><img data-recalc-dims=\"1\" loading=\"lazy\" decoding=\"async\" data-attachment-id=\"24510\" data-permalink=\"https:\/\/www.shqiperia.com\/blog\/instituti-i-vjenes-arsyeja-e-eksporteve-zhgenjyese-mbicmimi-i-lekut\/kartmonedha-leke\/\" data-orig-file=\"https:\/\/i0.wp.com\/www.shqiperia.com\/blog\/wp-content\/uploads\/2019\/08\/kartmonedha-leke.jpg?fit=534%2C320&amp;ssl=1\" data-orig-size=\"534,320\" data-comments-opened=\"1\" data-image-meta=\"{&quot;aperture&quot;:&quot;0&quot;,&quot;credit&quot;:&quot;&quot;,&quot;camera&quot;:&quot;&quot;,&quot;caption&quot;:&quot;&quot;,&quot;created_timestamp&quot;:&quot;0&quot;,&quot;copyright&quot;:&quot;&quot;,&quot;focal_length&quot;:&quot;0&quot;,&quot;iso&quot;:&quot;0&quot;,&quot;shutter_speed&quot;:&quot;0&quot;,&quot;title&quot;:&quot;&quot;,&quot;orientation&quot;:&quot;0&quot;}\" data-image-title=\"kartmonedha-leke\" data-image-description=\"\" data-image-caption=\"\" data-medium-file=\"https:\/\/i0.wp.com\/www.shqiperia.com\/blog\/wp-content\/uploads\/2019\/08\/kartmonedha-leke.jpg?fit=300%2C180&amp;ssl=1\" data-large-file=\"https:\/\/i0.wp.com\/www.shqiperia.com\/blog\/wp-content\/uploads\/2019\/08\/kartmonedha-leke.jpg?fit=534%2C320&amp;ssl=1\" class=\"alignnone  wp-image-24510\" alt=\"\" src=\"https:\/\/i0.wp.com\/www.shqiperia.com\/blog\/wp-content\/uploads\/2019\/08\/kartmonedha-leke.jpg?resize=708%2C425&#038;ssl=1\" width=\"708\" height=\"425\" srcset=\"https:\/\/i0.wp.com\/www.shqiperia.com\/blog\/wp-content\/uploads\/2019\/08\/kartmonedha-leke.jpg?resize=300%2C180&amp;ssl=1 300w, https:\/\/i0.wp.com\/www.shqiperia.com\/blog\/wp-content\/uploads\/2019\/08\/kartmonedha-leke.jpg?resize=450%2C270&amp;ssl=1 450w, https:\/\/i0.wp.com\/www.shqiperia.com\/blog\/wp-content\/uploads\/2019\/08\/kartmonedha-leke.jpg?resize=400%2C240&amp;ssl=1 400w, https:\/\/i0.wp.com\/www.shqiperia.com\/blog\/wp-content\/uploads\/2019\/08\/kartmonedha-leke.jpg?w=534&amp;ssl=1 534w\" sizes=\"auto, (max-width: 708px) 100vw, 708px\" \/><\/p>\n<p>Instituti i Vjen\u00ebs hedh drit\u00eb edhe mbi faktor\u00ebt q\u00eb kan\u00eb penguar rritjen ekonomike potenciale. Sipas raportit t\u00eb tij t\u00eb pasqyruar n\u00eb Monitor, ata jan\u00eb paq\u00ebndrueshm\u00ebria politike dhe pasiguria. Gjithashtu, vonesat n\u00eb procesin e pranimit n\u00eb BE i pengojn\u00eb vendet t\u00eb t\u00ebrheqin investimet e huaja. Marr\u00ebveshja e fundit me Greqin\u00eb, q\u00eb solli nj\u00eb em\u00ebr t\u00eb ri p\u00ebr Maqedonin\u00eb e Veriut \u00ebsht\u00eb nj\u00eb sukses simbolik, por sidoqoft\u00eb, K\u00ebshilli i Europ\u00ebs e ka shtyr\u00eb hapjen e negociatave t\u00eb pranimit me Maqedonin\u00eb e Veriut dhe Shqip\u00ebris\u00eb n\u00eb tetor 2019. Q\u00ebndrimet skeptike t\u00eb Franc\u00ebs dhe Holand\u00ebs jan\u00eb faktor\u00eb vendimtar\u00eb p\u00ebr k\u00ebt\u00eb shtyrje.<\/p>\n<p>P\u00ebr Serbin\u00eb dhe Malin e Zi, Komisioni i BE-s\u00eb ka filluar negociatat e pranimit, por an\u00ebtar\u00ebsimi i tyre me 2025 \u00ebsht\u00eb t\u00ebr\u00ebsisht jorealist. Serbia \u00ebsht\u00eb e kusht\u00ebzuar n\u00eb k\u00ebt\u00eb proces me normalizimin e marr\u00ebdh\u00ebnieve me Kosov\u00ebn, por deri m\u00eb tani nuk ka p\u00ebrparim n\u00eb k\u00ebt\u00eb drejtim.<\/p>\n<p>e.ll.\/dita<\/p>\n","protected":false},"excerpt":{"rendered":"<p>Instituti i Vjen\u00ebs: Arsyeja e eksporteve zhg\u00ebnjyese, mbi\u00e7mimi i Lekut. Sipas raportit t\u00eb Institutit Nd\u00ebrkomb\u00ebtar t\u00eb Vjen\u00ebs p\u00ebr Studime Ekonomike, ecuria e eksporteve t\u00eb Ballkanit, ndryshe nga Europa, \u00ebsht\u00eb jopozitive. Sipas raporti, eksportet e t\u00eb gjith\u00eb shteteve t\u00eb Ballaknit kan\u00eb p\u00ebsuar r\u00ebnie n\u00eb muajt e par\u00eb t\u00eb vitit. P\u00ebrjashtim b\u00ebn vet\u00ebm Kosova, e cila ka [&hellip;]<\/p>\n","protected":false},"author":9,"featured_media":24509,"comment_status":"open","ping_status":"open","sticky":false,"template":"","format":"standard","meta":{"jetpack_post_was_ever_published":false,"_jetpack_newsletter_access":"","_jetpack_dont_email_post_to_subs":false,"_jetpack_newsletter_tier_id":0,"_jetpack_memberships_contains_paywalled_content":false,"_jetpack_memberships_contains_paid_content":false,"footnotes":"","jetpack_publicize_message":"","jetpack_publicize_feature_enabled":true,"jetpack_social_post_already_shared":true,"jetpack_social_options":{"image_generator_settings":{"template":"highway","default_image_id":0,"font":"","enabled":false},"version":2}},"categories":[27,1,35],"tags":[],"class_list":["post-24508","post","type-post","status-publish","format-standard","has-post-thumbnail","hentry","category-blogu-i-udhetarit","category-njoftime-shtypi","category-shoqerore"],"jetpack_publicize_connections":[],"jetpack_featured_media_url":"https:\/\/i0.wp.com\/www.shqiperia.com\/blog\/wp-content\/uploads\/2019\/08\/lekuu.jpg?fit=560%2C343&ssl=1","jetpack_sharing_enabled":true,"jetpack_shortlink":"https:\/\/wp.me\/p5Z6wp-6ni","jetpack-related-posts":[{"id":101587,"url":"https:\/\/www.shqiperia.com\/blog\/euro-shkaterron-fasonin-eksportet-bien-14-ne-maj-fabrikat-po-mbyllen-lene-punonjesit-pa-pune\/","url_meta":{"origin":24508,"position":0},"title":"Euro \u201cshkat\u00ebrron\u201d fasonin, eksportet bien 14% n\u00eb maj, fabrikat po mbyllen, l\u00ebn\u00eb punonj\u00ebsit pa pun\u00eb","author":"Kurt Farka","date":"June 18, 2026","format":false,"excerpt":"Pas nj\u00eb rritjeje t\u00eb fort\u00eb n\u00eb prill (16.9%), eksportet kan\u00eb ngadal\u00ebsuar ndjesh\u00ebm ritmet n\u00eb maj, duke u zgjeruar me 2.8% n\u00eb maj, sipas t\u00eb dh\u00ebnave t\u00eb INSTAT. Sektori me ecurin\u00eb m\u00eb negative n\u00eb maj ishte ai i tekstile e k\u00ebpuc\u00ebve, q\u00eb punon me sistemin fason (material porosit\u00ebsi), q\u00eb sh\u00ebnoi tkurrje\u2026","rel":"","context":"In &quot;Blogu i Udh\u00ebtarit&quot;","block_context":{"text":"Blogu i Udh\u00ebtarit","link":"https:\/\/www.shqiperia.com\/blog\/category\/blogu-i-udhetarit\/"},"img":{"alt_text":"","src":"https:\/\/i0.wp.com\/www.shqiperia.com\/blog\/wp-content\/uploads\/2026\/06\/640-0-475d282bfb55ca10fbdb583b6fbde0cc.jpg?fit=640%2C360&ssl=1&resize=350%2C200","width":350,"height":200,"srcset":"https:\/\/i0.wp.com\/www.shqiperia.com\/blog\/wp-content\/uploads\/2026\/06\/640-0-475d282bfb55ca10fbdb583b6fbde0cc.jpg?fit=640%2C360&ssl=1&resize=350%2C200 1x, https:\/\/i0.wp.com\/www.shqiperia.com\/blog\/wp-content\/uploads\/2026\/06\/640-0-475d282bfb55ca10fbdb583b6fbde0cc.jpg?fit=640%2C360&ssl=1&resize=525%2C300 1.5x"},"classes":[]},{"id":103293,"url":"https:\/\/www.shqiperia.com\/blog\/ekspertet-zhvleresimi-i-euros-edhe-per-shkak-te-futjes-ne-tregun-vendas-te-parave-te-pista\/","url_meta":{"origin":24508,"position":1},"title":"Ekspert\u00ebt : &#8211; Zhvler\u00ebsimi i euros edhe p\u00ebr shkak t\u00eb futjes n\u00eb tregun vendas t\u00eb parave t\u00eb pista","author":"Kurt Farka","date":"July 27, 2026","format":false,"excerpt":"27 Korrik 2026 Qeveria po e shet mbivler\u00ebsimin e monedh\u00ebs vendase si nj\u00eb sukses ekonomik p\u00ebr Shqip\u00ebrin\u00eb, por ekspert\u00ebt argumentojn\u00eb se t\u00eb dh\u00ebnat makroekonomike jan\u00eb t\u00eb pamjaftueshme p\u00ebr t\u00eb shpjeguar kursin e k\u00ebmbimit, pa futur n\u00eb analiz\u00eb parat\u00eb informale. Monedha europiane, Euro ka humbur gati nj\u00eb t\u00eb tret\u00ebn e vler\u00ebs\u2026","rel":"","context":"In &quot;Blogu i Udh\u00ebtarit&quot;","block_context":{"text":"Blogu i Udh\u00ebtarit","link":"https:\/\/www.shqiperia.com\/blog\/category\/blogu-i-udhetarit\/"},"img":{"alt_text":"","src":"https:\/\/i0.wp.com\/www.shqiperia.com\/blog\/wp-content\/uploads\/2026\/07\/rama-delina.jpg?fit=1175%2C781&ssl=1&resize=350%2C200","width":350,"height":200,"srcset":"https:\/\/i0.wp.com\/www.shqiperia.com\/blog\/wp-content\/uploads\/2026\/07\/rama-delina.jpg?fit=1175%2C781&ssl=1&resize=350%2C200 1x, https:\/\/i0.wp.com\/www.shqiperia.com\/blog\/wp-content\/uploads\/2026\/07\/rama-delina.jpg?fit=1175%2C781&ssl=1&resize=525%2C300 1.5x, https:\/\/i0.wp.com\/www.shqiperia.com\/blog\/wp-content\/uploads\/2026\/07\/rama-delina.jpg?fit=1175%2C781&ssl=1&resize=700%2C400 2x, https:\/\/i0.wp.com\/www.shqiperia.com\/blog\/wp-content\/uploads\/2026\/07\/rama-delina.jpg?fit=1175%2C781&ssl=1&resize=1050%2C600 3x"},"classes":[]},{"id":105618,"url":"https:\/\/www.shqiperia.com\/blog\/ne-shqiperi-vijne-aziatiket-per-te-punuar-kurse-italia-po-merr-punonjesit-shqiptare-te-tekstileve\/","url_meta":{"origin":24508,"position":2},"title":"N\u00eb Shqip\u00ebri vijn\u00eb aziatik\u00ebt p\u00ebr t\u00eb punuar, kurse Italia po merr punonj\u00ebsit shqiptar\u00eb t\u00eb tekstileve","author":"Kurt Farka","date":"September 1, 2026","format":false,"excerpt":"1 Shtator 2026 Prej disa jav\u00ebsh, n\u00eb faqet online t\u00eb agjencive t\u00eb nd\u00ebrmjet\u00ebsimit p\u00ebr pun\u00ebsim po shfaqen njoftime p\u00ebr rekrutimin e punonj\u00ebseve shqiptare me profesionin rrobaqep\u00ebse, p\u00ebr t\u2019u pun\u00ebsuar n\u00eb fabrikat e prodhimit t\u00eb veshjeve n\u00eb Itali. Nga njoftimet e publikuara m\u00ebsohet se punonj\u00ebseve u ofrohet pun\u00ebsim i rregullt n\u00eb\u2026","rel":"","context":"In &quot;Blogu i Udh\u00ebtarit&quot;","block_context":{"text":"Blogu i Udh\u00ebtarit","link":"https:\/\/www.shqiperia.com\/blog\/category\/blogu-i-udhetarit\/"},"img":{"alt_text":"","src":"https:\/\/i0.wp.com\/www.shqiperia.com\/blog\/wp-content\/uploads\/2026\/09\/featured-kryesore.jpg?fit=1200%2C675&ssl=1&resize=350%2C200","width":350,"height":200,"srcset":"https:\/\/i0.wp.com\/www.shqiperia.com\/blog\/wp-content\/uploads\/2026\/09\/featured-kryesore.jpg?fit=1200%2C675&ssl=1&resize=350%2C200 1x, https:\/\/i0.wp.com\/www.shqiperia.com\/blog\/wp-content\/uploads\/2026\/09\/featured-kryesore.jpg?fit=1200%2C675&ssl=1&resize=525%2C300 1.5x, https:\/\/i0.wp.com\/www.shqiperia.com\/blog\/wp-content\/uploads\/2026\/09\/featured-kryesore.jpg?fit=1200%2C675&ssl=1&resize=700%2C400 2x, https:\/\/i0.wp.com\/www.shqiperia.com\/blog\/wp-content\/uploads\/2026\/09\/featured-kryesore.jpg?fit=1200%2C675&ssl=1&resize=1050%2C600 3x"},"classes":[]},{"id":104583,"url":"https:\/\/www.shqiperia.com\/blog\/shqiperia-po-de-industrializohet-me-renien-me-te-forte-te-prodhimit-ne-europe-pas-ukraines\/","url_meta":{"origin":24508,"position":3},"title":"Shqip\u00ebria po de-industrializohet, me r\u00ebnien m\u00eb t\u00eb fort\u00eb t\u00eb prodhimit n\u00eb Europ\u00eb pas Ukrain\u00ebs","author":"Kurt Farka","date":"August 17, 2026","format":false,"excerpt":"17 Gusht 2026 Industria dhe zhvillimi i saj jan\u00eb nj\u00eb hap i domosdosh\u00ebm p\u00ebr t\u00eb \u00e7uar nj\u00eb vend drejt prosperitetit. Por Shqip\u00ebria n\u00eb vend q\u00eb t\u00eb \u00e7oj\u00eb sektorin n\u00eb nj\u00eb nivel tjet\u00ebr t\u00eb zinxhirit t\u00eb vler\u00ebs, po shkon n\u00eb drejtim t\u00eb kund\u00ebrt duke shkat\u00ebrruar edhe pak industri q\u00eb ka. T\u00eb\u2026","rel":"","context":"In &quot;Blogu i Udh\u00ebtarit&quot;","block_context":{"text":"Blogu i Udh\u00ebtarit","link":"https:\/\/www.shqiperia.com\/blog\/category\/blogu-i-udhetarit\/"},"img":{"alt_text":"","src":"https:\/\/i0.wp.com\/www.shqiperia.com\/blog\/wp-content\/uploads\/2026\/08\/Ecuri-renie-krize-976-1.jpg?fit=1200%2C887&ssl=1&resize=350%2C200","width":350,"height":200,"srcset":"https:\/\/i0.wp.com\/www.shqiperia.com\/blog\/wp-content\/uploads\/2026\/08\/Ecuri-renie-krize-976-1.jpg?fit=1200%2C887&ssl=1&resize=350%2C200 1x, https:\/\/i0.wp.com\/www.shqiperia.com\/blog\/wp-content\/uploads\/2026\/08\/Ecuri-renie-krize-976-1.jpg?fit=1200%2C887&ssl=1&resize=525%2C300 1.5x, https:\/\/i0.wp.com\/www.shqiperia.com\/blog\/wp-content\/uploads\/2026\/08\/Ecuri-renie-krize-976-1.jpg?fit=1200%2C887&ssl=1&resize=700%2C400 2x, https:\/\/i0.wp.com\/www.shqiperia.com\/blog\/wp-content\/uploads\/2026\/08\/Ecuri-renie-krize-976-1.jpg?fit=1200%2C887&ssl=1&resize=1050%2C600 3x"},"classes":[]},{"id":100185,"url":"https:\/\/www.shqiperia.com\/blog\/nato-dhe-ushtria-e-serbise-nisin-stervitjet-e-para-te-perbashketa-prane-bujanocit-programi-partneritetit-per-paqe\/","url_meta":{"origin":24508,"position":4},"title":"NATO dhe ushtria e Serbis\u00eb nisin st\u00ebrvitjet e para t\u00eb p\u00ebrbashk\u00ebta pran\u00eb Bujanocit. &#8211; &#8220;Programi \u2018Partneritetit p\u00ebr Paqe&#8221;.","author":"Kurt Farka","date":"May 13, 2026","format":false,"excerpt":"13 Maji 2026 NATO-ja dhe ushtria e Serbis\u00eb i kan\u00eb filluar st\u00ebrvitjet e para t\u00eb p\u00ebrbashk\u00ebt ushtarake t\u00eb mart\u00ebn n\u00eb baz\u00ebn ushtarake \u201cJugu\u201d dhe poligonin e st\u00ebrvitjes \u201cBorovc\u201d pran\u00eb Bujanocit, n\u00eb jug t\u00eb vendit, njoftoi Ministria e Mbrojtjes e Serbis\u00eb. St\u00ebrvitjet do t\u00eb mbahet deri m\u00eb 23 maj, n\u00ebn organizimin\u2026","rel":"","context":"In &quot;Blogu i Udh\u00ebtarit&quot;","block_context":{"text":"Blogu i Udh\u00ebtarit","link":"https:\/\/www.shqiperia.com\/blog\/category\/blogu-i-udhetarit\/"},"img":{"alt_text":"","src":"https:\/\/i0.wp.com\/www.shqiperia.com\/blog\/wp-content\/uploads\/2026\/05\/nato-serbia.jpg?fit=1200%2C658&ssl=1&resize=350%2C200","width":350,"height":200,"srcset":"https:\/\/i0.wp.com\/www.shqiperia.com\/blog\/wp-content\/uploads\/2026\/05\/nato-serbia.jpg?fit=1200%2C658&ssl=1&resize=350%2C200 1x, https:\/\/i0.wp.com\/www.shqiperia.com\/blog\/wp-content\/uploads\/2026\/05\/nato-serbia.jpg?fit=1200%2C658&ssl=1&resize=525%2C300 1.5x, https:\/\/i0.wp.com\/www.shqiperia.com\/blog\/wp-content\/uploads\/2026\/05\/nato-serbia.jpg?fit=1200%2C658&ssl=1&resize=700%2C400 2x, https:\/\/i0.wp.com\/www.shqiperia.com\/blog\/wp-content\/uploads\/2026\/05\/nato-serbia.jpg?fit=1200%2C658&ssl=1&resize=1050%2C600 3x"},"classes":[]},{"id":100671,"url":"https:\/\/www.shqiperia.com\/blog\/delegacioni-i-kongresisteve-amerikane-ne-presheve-ka-probleme-reale-mes-shqiptareve-dhe-serbise\/","url_meta":{"origin":24508,"position":5},"title":"Delegacioni i kongresist\u00ebve amerikan\u00eb n\u00eb Preshev\u00eb: Ka probleme reale mes shqiptar\u00ebve dhe Serbis\u00eb","author":"Kurt Farka","date":"May 26, 2026","format":false,"excerpt":"26 Maji 2026 Delegacioni i kongresist\u00ebve amerikan\u00eb, q\u00eb vizitoi Lugin\u00ebn e Preshev\u00ebs t\u00eb mart\u00ebn, theksoi r\u00ebnd\u00ebsin\u00eb e stabilitetit dhe t\u00eb prosperitetit n\u00eb trajtimin e \u00e7\u00ebshtjeve mes shqiptar\u00ebve dhe serb\u00ebve. Keith Self nga radh\u00ebt e republikan\u00ebve dhe Suhas Subramanyam nga radh\u00ebt e demokrat\u00ebve u takuan me zyrtar\u00eb t\u00eb ndrysh\u00ebm, p\u00ebrfshir\u00eb deputetin\u2026","rel":"","context":"In &quot;Njoftime Shtypi&quot;","block_context":{"text":"Njoftime Shtypi","link":"https:\/\/www.shqiperia.com\/blog\/category\/njoftime-shtypi\/"},"img":{"alt_text":"","src":"https:\/\/i0.wp.com\/www.shqiperia.com\/blog\/wp-content\/uploads\/2026\/05\/1779800710_shaipkamberi.jpg?fit=780%2C440&ssl=1&resize=350%2C200","width":350,"height":200,"srcset":"https:\/\/i0.wp.com\/www.shqiperia.com\/blog\/wp-content\/uploads\/2026\/05\/1779800710_shaipkamberi.jpg?fit=780%2C440&ssl=1&resize=350%2C200 1x, https:\/\/i0.wp.com\/www.shqiperia.com\/blog\/wp-content\/uploads\/2026\/05\/1779800710_shaipkamberi.jpg?fit=780%2C440&ssl=1&resize=525%2C300 1.5x, https:\/\/i0.wp.com\/www.shqiperia.com\/blog\/wp-content\/uploads\/2026\/05\/1779800710_shaipkamberi.jpg?fit=780%2C440&ssl=1&resize=700%2C400 2x"},"classes":[]}],"_links":{"self":[{"href":"https:\/\/www.shqiperia.com\/blog\/wp-json\/wp\/v2\/posts\/24508","targetHints":{"allow":["GET"]}}],"collection":[{"href":"https:\/\/www.shqiperia.com\/blog\/wp-json\/wp\/v2\/posts"}],"about":[{"href":"https:\/\/www.shqiperia.com\/blog\/wp-json\/wp\/v2\/types\/post"}],"author":[{"embeddable":true,"href":"https:\/\/www.shqiperia.com\/blog\/wp-json\/wp\/v2\/users\/9"}],"replies":[{"embeddable":true,"href":"https:\/\/www.shqiperia.com\/blog\/wp-json\/wp\/v2\/comments?post=24508"}],"version-history":[{"count":1,"href":"https:\/\/www.shqiperia.com\/blog\/wp-json\/wp\/v2\/posts\/24508\/revisions"}],"predecessor-version":[{"id":24511,"href":"https:\/\/www.shqiperia.com\/blog\/wp-json\/wp\/v2\/posts\/24508\/revisions\/24511"}],"wp:featuredmedia":[{"embeddable":true,"href":"https:\/\/www.shqiperia.com\/blog\/wp-json\/wp\/v2\/media\/24509"}],"wp:attachment":[{"href":"https:\/\/www.shqiperia.com\/blog\/wp-json\/wp\/v2\/media?parent=24508"}],"wp:term":[{"taxonomy":"category","embeddable":true,"href":"https:\/\/www.shqiperia.com\/blog\/wp-json\/wp\/v2\/categories?post=24508"},{"taxonomy":"post_tag","embeddable":true,"href":"https:\/\/www.shqiperia.com\/blog\/wp-json\/wp\/v2\/tags?post=24508"}],"curies":[{"name":"wp","href":"https:\/\/api.w.org\/{rel}","templated":true}]}}