{"id":24505,"date":"2019-08-08T13:36:55","date_gmt":"2019-08-08T13:36:55","guid":{"rendered":"https:\/\/www.shqiperia.com\/blog\/?p=24505"},"modified":"2019-09-30T11:13:03","modified_gmt":"2019-09-30T11:13:03","slug":"fitojne-3-5-miliarde-euro-ne-vit-gjuetaret-e-thesareve-plackisin-pasurite-arkeologjike-ne-shqiperi","status":"publish","type":"post","link":"https:\/\/www.shqiperia.com\/blog\/fitojne-3-5-miliarde-euro-ne-vit-gjuetaret-e-thesareve-plackisin-pasurite-arkeologjike-ne-shqiperi\/","title":{"rendered":"Fitojn\u00eb 3.5 miliard\u00eb euro n\u00eb vit, gjuetar\u00ebt e thesareve \u201cpla\u00e7kisin\u201d pasurit\u00eb arkeologjike n\u00eb Shqip\u00ebri. &#8211;"},"content":{"rendered":"<p><img data-recalc-dims=\"1\" loading=\"lazy\" decoding=\"async\" data-attachment-id=\"24506\" data-permalink=\"https:\/\/www.shqiperia.com\/blog\/fitojne-3-5-miliarde-euro-ne-vit-gjuetaret-e-thesareve-plackisin-pasurite-arkeologjike-ne-shqiperi\/100610702-f5d05f2d-e591-4ff0-a8bd-b4ee48f6c621\/\" data-orig-file=\"https:\/\/i0.wp.com\/www.shqiperia.com\/blog\/wp-content\/uploads\/2019\/08\/100610702-f5d05f2d-e591-4ff0-a8bd-b4ee48f6c621.jpg?fit=560%2C315&amp;ssl=1\" data-orig-size=\"560,315\" data-comments-opened=\"1\" data-image-meta=\"{&quot;aperture&quot;:&quot;0&quot;,&quot;credit&quot;:&quot;&quot;,&quot;camera&quot;:&quot;&quot;,&quot;caption&quot;:&quot;&quot;,&quot;created_timestamp&quot;:&quot;0&quot;,&quot;copyright&quot;:&quot;&quot;,&quot;focal_length&quot;:&quot;0&quot;,&quot;iso&quot;:&quot;0&quot;,&quot;shutter_speed&quot;:&quot;0&quot;,&quot;title&quot;:&quot;&quot;,&quot;orientation&quot;:&quot;0&quot;}\" data-image-title=\"100610702-f5d05f2d-e591-4ff0-a8bd-b4ee48f6c621\" data-image-description=\"\" data-image-caption=\"\" data-medium-file=\"https:\/\/i0.wp.com\/www.shqiperia.com\/blog\/wp-content\/uploads\/2019\/08\/100610702-f5d05f2d-e591-4ff0-a8bd-b4ee48f6c621.jpg?fit=300%2C169&amp;ssl=1\" data-large-file=\"https:\/\/i0.wp.com\/www.shqiperia.com\/blog\/wp-content\/uploads\/2019\/08\/100610702-f5d05f2d-e591-4ff0-a8bd-b4ee48f6c621.jpg?fit=560%2C315&amp;ssl=1\" class=\"alignnone wp-image-24506\" alt=\"\" src=\"https:\/\/i0.wp.com\/www.shqiperia.com\/blog\/wp-content\/uploads\/2019\/08\/100610702-f5d05f2d-e591-4ff0-a8bd-b4ee48f6c621.jpg?resize=593%2C334&#038;ssl=1\" width=\"593\" height=\"334\" srcset=\"https:\/\/i0.wp.com\/www.shqiperia.com\/blog\/wp-content\/uploads\/2019\/08\/100610702-f5d05f2d-e591-4ff0-a8bd-b4ee48f6c621.jpg?resize=300%2C169&amp;ssl=1 300w, https:\/\/i0.wp.com\/www.shqiperia.com\/blog\/wp-content\/uploads\/2019\/08\/100610702-f5d05f2d-e591-4ff0-a8bd-b4ee48f6c621.jpg?resize=450%2C253&amp;ssl=1 450w, https:\/\/i0.wp.com\/www.shqiperia.com\/blog\/wp-content\/uploads\/2019\/08\/100610702-f5d05f2d-e591-4ff0-a8bd-b4ee48f6c621.jpg?resize=400%2C225&amp;ssl=1 400w, https:\/\/i0.wp.com\/www.shqiperia.com\/blog\/wp-content\/uploads\/2019\/08\/100610702-f5d05f2d-e591-4ff0-a8bd-b4ee48f6c621.jpg?w=560&amp;ssl=1 560w\" sizes=\"auto, (max-width: 593px) 100vw, 593px\" \/><\/p>\n<p>Fitojn\u00eb 3.5 miliard\u00eb euro n\u00eb vit, gjuetar\u00ebt e thesareve \u201cpla\u00e7kisin\u201d pasurit\u00eb arkeologjike n\u00eb Shqip\u00ebri. &#8211;<\/p>\n<p>Dhjet\u00ebra dhe dhjet\u00ebra anije t\u00eb vjetra, disa q\u00eb datojn\u00eb q\u00eb nga koha para Krishtit, kan\u00eb q\u00ebndruar p\u00ebr shekuj e shekuj larg bregdetit t\u00eb vij\u00ebs bregdetare shqiptare, kryesisht anije romake, por edhe fenikase, greke apo ilire, shpesh t\u00eb ngarkuara me thesare. Dhe gjithashtu luftanije moderne.<\/p>\n<p>Pas p\u00ebrfundimit t\u00eb regjimit komunist t\u00eb Enver Hoxh\u00ebs, kur mb\u00ebrriti demokracia dhe ve\u00e7an\u00ebrisht \u00a0koh\u00ebt e fundit, shum\u00eb nga k\u00ebto rr\u00ebnime t\u00eb \u00e7muara, gjetje arkeologjike unike shpesh t\u00eb mbushura me ar, metale t\u00eb tjera t\u00eb \u00e7muara dhe monedha jan\u00eb zhdukur, ose pla\u00e7kitur.<\/p>\n<p>T\u00eb gjith\u00eb nga gjahtar\u00ebt e paligjsh\u00ebm t\u00eb gjetjeve arkeologjike t\u00eb vlefshme, ndoshta t\u00eb pasuruar n\u00eb t\u00eb gjith\u00eb bot\u00ebn me \u201cpeshkimin\u201d ilegal t\u00eb gjetjeve, n\u00eb Shqip\u00ebri vazot romake e gjetura n\u00eb det shiten p\u00ebr 100 euro secila, por n\u00eb tregje t\u00eb tjera europiane, \u00e7mimi mund t\u00eb rritet ndjesh\u00ebm. P\u00ebr m\u00eb tep\u00ebr, n\u00eb rastin e anijeve moderne ushtarake, metalet jan\u00eb v\u00ebn\u00eb n\u00eb shitje n\u00eb tregun e zi.<\/p>\n<p>Autoritetet, arkeolog\u00ebt dhe historian\u00ebt e kryeqytetit shqiptar kan\u00eb ngritur alarmin.<\/p>\n<p>Forcat e armatosura, policia, rojet bregdetare nuk kan\u00eb burime t\u00eb mjaftueshme p\u00ebr t\u00eb mbrojtur anijet e lashta apo ngarkes\u00ebn e tyre, t\u00eb gjitha ato objekte \u00a0me vler\u00eb arkeologjike, ndoshta t\u00eb pa\u00e7mueshme.<\/p>\n<p>\u201cN\u00eb vitet tet\u00ebdhjet\u00eb, un\u00eb isha nj\u00eb nga t\u00eb par\u00ebt q\u00eb e denoncoi problemin, duke u zhytur disa her\u00eb n\u00eb det nga brigjet tona.Pastaj kishte anije t\u00eb plota,, vazo, cop\u00ebza, tani shum\u00eb jan\u00eb zhdukur. Vjedhja masive n\u00ebnujore \u00ebsht\u00eb kryer nga organizata t\u00eb paligjshme si shqiptare dhe nd\u00ebrkomb\u00ebtare \u201d shpjegon historiani i artit, Neritan Ceka n\u00eb agjencin\u00eb France Presse.<\/p>\n<p><img data-recalc-dims=\"1\" loading=\"lazy\" decoding=\"async\" data-attachment-id=\"24506\" data-permalink=\"https:\/\/www.shqiperia.com\/blog\/fitojne-3-5-miliarde-euro-ne-vit-gjuetaret-e-thesareve-plackisin-pasurite-arkeologjike-ne-shqiperi\/100610702-f5d05f2d-e591-4ff0-a8bd-b4ee48f6c621\/\" data-orig-file=\"https:\/\/i0.wp.com\/www.shqiperia.com\/blog\/wp-content\/uploads\/2019\/08\/100610702-f5d05f2d-e591-4ff0-a8bd-b4ee48f6c621.jpg?fit=560%2C315&amp;ssl=1\" data-orig-size=\"560,315\" data-comments-opened=\"1\" data-image-meta=\"{&quot;aperture&quot;:&quot;0&quot;,&quot;credit&quot;:&quot;&quot;,&quot;camera&quot;:&quot;&quot;,&quot;caption&quot;:&quot;&quot;,&quot;created_timestamp&quot;:&quot;0&quot;,&quot;copyright&quot;:&quot;&quot;,&quot;focal_length&quot;:&quot;0&quot;,&quot;iso&quot;:&quot;0&quot;,&quot;shutter_speed&quot;:&quot;0&quot;,&quot;title&quot;:&quot;&quot;,&quot;orientation&quot;:&quot;0&quot;}\" data-image-title=\"100610702-f5d05f2d-e591-4ff0-a8bd-b4ee48f6c621\" data-image-description=\"\" data-image-caption=\"\" data-medium-file=\"https:\/\/i0.wp.com\/www.shqiperia.com\/blog\/wp-content\/uploads\/2019\/08\/100610702-f5d05f2d-e591-4ff0-a8bd-b4ee48f6c621.jpg?fit=300%2C169&amp;ssl=1\" data-large-file=\"https:\/\/i0.wp.com\/www.shqiperia.com\/blog\/wp-content\/uploads\/2019\/08\/100610702-f5d05f2d-e591-4ff0-a8bd-b4ee48f6c621.jpg?fit=560%2C315&amp;ssl=1\" class=\"alignnone wp-image-24506\" alt=\"\" src=\"https:\/\/i0.wp.com\/www.shqiperia.com\/blog\/wp-content\/uploads\/2019\/08\/100610702-f5d05f2d-e591-4ff0-a8bd-b4ee48f6c621.jpg?resize=740%2C417&#038;ssl=1\" width=\"740\" height=\"417\" srcset=\"https:\/\/i0.wp.com\/www.shqiperia.com\/blog\/wp-content\/uploads\/2019\/08\/100610702-f5d05f2d-e591-4ff0-a8bd-b4ee48f6c621.jpg?resize=300%2C169&amp;ssl=1 300w, https:\/\/i0.wp.com\/www.shqiperia.com\/blog\/wp-content\/uploads\/2019\/08\/100610702-f5d05f2d-e591-4ff0-a8bd-b4ee48f6c621.jpg?resize=450%2C253&amp;ssl=1 450w, https:\/\/i0.wp.com\/www.shqiperia.com\/blog\/wp-content\/uploads\/2019\/08\/100610702-f5d05f2d-e591-4ff0-a8bd-b4ee48f6c621.jpg?resize=400%2C225&amp;ssl=1 400w, https:\/\/i0.wp.com\/www.shqiperia.com\/blog\/wp-content\/uploads\/2019\/08\/100610702-f5d05f2d-e591-4ff0-a8bd-b4ee48f6c621.jpg?w=560&amp;ssl=1 560w\" sizes=\"auto, (max-width: 740px) 100vw, 740px\" \/><\/p>\n<p>Trafiku i paligjsh\u00ebm i thesareve arkeologjike ka nj\u00eb vler\u00eb totale prej \u00a0t\u00eb pakt\u00ebn 3.5 miliard\u00eb euro, nj\u00eb trash\u00ebgimi e vjedhur nga Shqip\u00ebria dhe gjith\u00eb njer\u00ebzimi nga pla\u00e7kit\u00ebsit e thesareve.<\/p>\n<p><strong><span>\u00a0<\/span><span>19\/11\/2018<\/span> (J.D\/Faxweb.al).<\/strong><\/p>\n","protected":false},"excerpt":{"rendered":"<p>Fitojn\u00eb 3.5 miliard\u00eb euro n\u00eb vit, gjuetar\u00ebt e thesareve \u201cpla\u00e7kisin\u201d pasurit\u00eb arkeologjike n\u00eb Shqip\u00ebri. &#8211; Dhjet\u00ebra dhe dhjet\u00ebra anije t\u00eb vjetra, disa q\u00eb datojn\u00eb q\u00eb nga koha para Krishtit, kan\u00eb q\u00ebndruar p\u00ebr shekuj e shekuj larg bregdetit t\u00eb vij\u00ebs bregdetare shqiptare, kryesisht anije romake, por edhe fenikase, greke apo ilire, shpesh t\u00eb ngarkuara me thesare. [&hellip;]<\/p>\n","protected":false},"author":9,"featured_media":24506,"comment_status":"open","ping_status":"open","sticky":false,"template":"","format":"standard","meta":{"jetpack_post_was_ever_published":false,"_jetpack_newsletter_access":"","_jetpack_dont_email_post_to_subs":false,"_jetpack_newsletter_tier_id":0,"_jetpack_memberships_contains_paywalled_content":false,"_jetpack_memberships_contains_paid_content":false,"footnotes":"","jetpack_publicize_message":"","jetpack_publicize_feature_enabled":true,"jetpack_social_post_already_shared":true,"jetpack_social_options":{"image_generator_settings":{"template":"highway","default_image_id":0,"font":"","enabled":false},"version":2}},"categories":[27,10,86],"tags":[],"class_list":["post-24505","post","type-post","status-publish","format-standard","has-post-thumbnail","hentry","category-blogu-i-udhetarit","category-kultura","category-trashegimi-kulturore"],"jetpack_publicize_connections":[],"jetpack_featured_media_url":"https:\/\/i0.wp.com\/www.shqiperia.com\/blog\/wp-content\/uploads\/2019\/08\/100610702-f5d05f2d-e591-4ff0-a8bd-b4ee48f6c621.jpg?fit=560%2C315&ssl=1","jetpack_sharing_enabled":true,"jetpack_shortlink":"https:\/\/wp.me\/p5Z6wp-6nf","jetpack-related-posts":[{"id":104197,"url":"https:\/\/www.shqiperia.com\/blog\/anija-romake-2100-vjecare-me-500-amfora-gjendet-ne-brigjet-e-sicilise\/","url_meta":{"origin":24505,"position":0},"title":"Anija romake 2100-vje\u00e7are me 500 amfora gjendet n\u00eb brigjet e Si\u00e7ilis\u00eb","author":"Kurt Farka","date":"August 11, 2026","format":false,"excerpt":"11 Gusht 2026 Nj\u00eb anije e mbytur romake 2,100-vje\u00e7are q\u00eb mbante rreth 500 amfora \u00ebsht\u00eb zbuluar 3 milje larg brigjeve t\u00eb Mazara del Vallo n\u00eb Si\u00e7ili. Skuadra italiane e mbrojtjes s\u00eb trash\u00ebgimis\u00eb kulturore t\u00eb Karabinier\u00ebve hetoi rr\u00ebnojat me ndihm\u00ebn e zhyt\u00ebsve dhe kamerave n\u00ebnujore, pasi mori nj\u00eb informacion nga peshkatar\u00ebt.\u2026","rel":"","context":"In &quot;Blogu i Udh\u00ebtarit&quot;","block_context":{"text":"Blogu i Udh\u00ebtarit","link":"https:\/\/www.shqiperia.com\/blog\/category\/blogu-i-udhetarit\/"},"img":{"alt_text":"","src":"https:\/\/i0.wp.com\/www.shqiperia.com\/blog\/wp-content\/uploads\/2026\/08\/auto_ANIJA1786383635-1.png?fit=900%2C414&ssl=1&resize=350%2C200","width":350,"height":200,"srcset":"https:\/\/i0.wp.com\/www.shqiperia.com\/blog\/wp-content\/uploads\/2026\/08\/auto_ANIJA1786383635-1.png?fit=900%2C414&ssl=1&resize=350%2C200 1x, https:\/\/i0.wp.com\/www.shqiperia.com\/blog\/wp-content\/uploads\/2026\/08\/auto_ANIJA1786383635-1.png?fit=900%2C414&ssl=1&resize=525%2C300 1.5x, https:\/\/i0.wp.com\/www.shqiperia.com\/blog\/wp-content\/uploads\/2026\/08\/auto_ANIJA1786383635-1.png?fit=900%2C414&ssl=1&resize=700%2C400 2x"},"classes":[]},{"id":105121,"url":"https:\/\/www.shqiperia.com\/blog\/jaho-brahaj-cyla-dyjare-nga-trashegimia-afro-3000-vjecare-te-mungesa-e-vleresimit-institucional\/","url_meta":{"origin":24505,"position":1},"title":"Jaho Brahaj: &#8211; Cyla dyjare, nga trash\u00ebgimia afro 3000-vje\u00e7are te mungesa e vler\u00ebsimit institucional.","author":"Kurt Farka","date":"August 24, 2026","format":false,"excerpt":"Gazeta Sot, 24 Gusht 2026,Intervistoi: Julia VrapiFilmi \u201cThe Odyssey\u201d ka sjell\u00eb n\u00eb v\u00ebmendjen e publikut nd\u00ebrkomb\u00ebtar edhe tinguj t\u00eb instrumenteve popullore shqiptare dhe element\u00eb t\u00eb trash\u00ebgimis\u00eb son\u00eb muzikore. Studiuesi Jaho Brahaj n\u00eb k\u00ebt\u00eb intervist\u00eb flet p\u00ebr historin\u00eb, lasht\u00ebsin\u00eb dhe vazhdim\u00ebsin\u00eb e k\u00ebtyre instrumenteve.N\u00eb intervist\u00ebn p\u00ebr gazet\u00ebn \u201cSOT\u201d ai ndalet ve\u00e7an\u00ebrisht\u2026","rel":"","context":"In &quot;Arte&quot;","block_context":{"text":"Arte","link":"https:\/\/www.shqiperia.com\/blog\/category\/arte\/"},"img":{"alt_text":"","src":"https:\/\/i0.wp.com\/www.shqiperia.com\/blog\/wp-content\/uploads\/2026\/08\/Me-mjeshterin-e-Cyles-Dyjare-Bejo-Keraj-Zhulat-viti-2016.jpg?fit=649%2C423&ssl=1&resize=350%2C200","width":350,"height":200,"srcset":"https:\/\/i0.wp.com\/www.shqiperia.com\/blog\/wp-content\/uploads\/2026\/08\/Me-mjeshterin-e-Cyles-Dyjare-Bejo-Keraj-Zhulat-viti-2016.jpg?fit=649%2C423&ssl=1&resize=350%2C200 1x, https:\/\/i0.wp.com\/www.shqiperia.com\/blog\/wp-content\/uploads\/2026\/08\/Me-mjeshterin-e-Cyles-Dyjare-Bejo-Keraj-Zhulat-viti-2016.jpg?fit=649%2C423&ssl=1&resize=525%2C300 1.5x"},"classes":[]},{"id":105424,"url":"https:\/\/www.shqiperia.com\/blog\/turizmi-kulturor-nen-kritika-auron-tare-ciceronet-filipineze-promovojne-qendrat-arkeologjike\/","url_meta":{"origin":24505,"position":2},"title":"Turizmi kulturor n\u00ebn kritika, Auron Tare: &#8211; Ciceron\u00ebt filipinez\u00eb promovojn\u00eb qendrat arkeologjike","author":"Kurt Farka","date":"August 29, 2026","format":false,"excerpt":"29 Gusht 2026 M\u00ebnyra se si po zhvillohet dhe promovohet turizmi kulturor n\u00eb vend po ngre pik\u00ebpyetje, ve\u00e7an\u00ebrisht sa i p\u00ebrket menaxhimit dhe promovimit t\u00eb trash\u00ebgimis\u00eb arkeologjike. Studiuesi Auron Tare ka reaguar ndaj m\u00ebnyr\u00ebs se si po zhvillohet turizmi kulturor n\u00eb vend, duke ngritur nj\u00eb s\u00ebr\u00eb kritikash p\u00ebr modelin q\u00eb\u2026","rel":"","context":"In &quot;Blogu i Udh\u00ebtarit&quot;","block_context":{"text":"Blogu i Udh\u00ebtarit","link":"https:\/\/www.shqiperia.com\/blog\/category\/blogu-i-udhetarit\/"},"img":{"alt_text":"","src":"https:\/\/i0.wp.com\/www.shqiperia.com\/blog\/wp-content\/uploads\/2026\/08\/BUTRINTI.jpg?fit=1095%2C574&ssl=1&resize=350%2C200","width":350,"height":200,"srcset":"https:\/\/i0.wp.com\/www.shqiperia.com\/blog\/wp-content\/uploads\/2026\/08\/BUTRINTI.jpg?fit=1095%2C574&ssl=1&resize=350%2C200 1x, https:\/\/i0.wp.com\/www.shqiperia.com\/blog\/wp-content\/uploads\/2026\/08\/BUTRINTI.jpg?fit=1095%2C574&ssl=1&resize=525%2C300 1.5x, https:\/\/i0.wp.com\/www.shqiperia.com\/blog\/wp-content\/uploads\/2026\/08\/BUTRINTI.jpg?fit=1095%2C574&ssl=1&resize=700%2C400 2x, https:\/\/i0.wp.com\/www.shqiperia.com\/blog\/wp-content\/uploads\/2026\/08\/BUTRINTI.jpg?fit=1095%2C574&ssl=1&resize=1050%2C600 3x"},"classes":[]},{"id":105096,"url":"https:\/\/www.shqiperia.com\/blog\/blendi-gonxhe-legalizon-shkaterrimin-e-kalase-se-lekuresit-resorti-me-leje-arkeologjike-false\/","url_meta":{"origin":24505,"position":3},"title":"Blendi Gonxhe legalizon shkat\u00ebrrimin e Kalas\u00eb s\u00eb L\u00ebkur\u00ebsit, resorti me leje arkeologjike false","author":"Kurt Farka","date":"August 24, 2026","format":false,"excerpt":"24 Gusht 2026 P\u00ebr Blendi Gonxhen ka disa dosje t\u00eb agjencive europiane p\u00ebr p\u00ebrfshirje t\u00eb tij n\u00eb aktivitete kriminale gjat\u00eb viteve 2002-2008 n\u00eb Spanj\u00eb, ku u arratis pas hapjes s\u00eb dig\u00ebs s\u00eb Liqenit t\u00eb Tiran\u00ebs, dhe n\u00eb Itali e Greqi si emigrant. Dosje p\u00ebr z. Blendi Gonxhen ka dhe drejt\u00ebsia\u2026","rel":"","context":"In &quot;Blogu i Udh\u00ebtarit&quot;","block_context":{"text":"Blogu i Udh\u00ebtarit","link":"https:\/\/www.shqiperia.com\/blog\/category\/blogu-i-udhetarit\/"},"img":{"alt_text":"","src":"https:\/\/i0.wp.com\/www.shqiperia.com\/blog\/wp-content\/uploads\/2026\/08\/ijh-6a8c014e75999.jpg?fit=854%2C482&ssl=1&resize=350%2C200","width":350,"height":200,"srcset":"https:\/\/i0.wp.com\/www.shqiperia.com\/blog\/wp-content\/uploads\/2026\/08\/ijh-6a8c014e75999.jpg?fit=854%2C482&ssl=1&resize=350%2C200 1x, https:\/\/i0.wp.com\/www.shqiperia.com\/blog\/wp-content\/uploads\/2026\/08\/ijh-6a8c014e75999.jpg?fit=854%2C482&ssl=1&resize=525%2C300 1.5x, https:\/\/i0.wp.com\/www.shqiperia.com\/blog\/wp-content\/uploads\/2026\/08\/ijh-6a8c014e75999.jpg?fit=854%2C482&ssl=1&resize=700%2C400 2x"},"classes":[]},{"id":105404,"url":"https:\/\/www.shqiperia.com\/blog\/vidhet-thesari-3-mijevjecar-grabitesit-moren-objektet-e-rralla-ne-nje-muze-ne-spanje\/","url_meta":{"origin":24505,"position":4},"title":"VIDHET THESARI 3-MIJ\u00cbVJE\u00c7AR\/ Grabit\u00ebsit mor\u00ebn objektet e rralla n\u00eb nj\u00eb muze n\u00eb Spanj\u00eb","author":"Kurt Farka","date":"August 28, 2026","format":false,"excerpt":"28 Gusht 2026 Nj\u00eb prej thesareve m\u00eb t\u00eb \u00e7muara arkeologjike t\u00eb Evrop\u00ebs \u00ebsht\u00eb zhdukur nga nj\u00eb muze n\u00eb Spanj\u00eb, m\u00eb shum\u00eb se 3 mij\u00eb vite pasi ishte krijuar. Persona ende t\u00eb paidentifikuar kan\u00eb grabitur nj\u00eb pjes\u00eb ose t\u00eb gjith\u00eb Thesarin e Villen\u00ebs, nd\u00ebrsa policia ka nisur hetimet p\u00ebr t\u00eb zbardhur\u2026","rel":"","context":"In &quot;Blogu i Udh\u00ebtarit&quot;","block_context":{"text":"Blogu i Udh\u00ebtarit","link":"https:\/\/www.shqiperia.com\/blog\/category\/blogu-i-udhetarit\/"},"img":{"alt_text":"","src":"https:\/\/i0.wp.com\/www.shqiperia.com\/blog\/wp-content\/uploads\/2026\/08\/Spanje-VIDHET-THESARI-3-MIJEVJECAR.png?fit=640%2C356&ssl=1&resize=350%2C200","width":350,"height":200,"srcset":"https:\/\/i0.wp.com\/www.shqiperia.com\/blog\/wp-content\/uploads\/2026\/08\/Spanje-VIDHET-THESARI-3-MIJEVJECAR.png?fit=640%2C356&ssl=1&resize=350%2C200 1x, https:\/\/i0.wp.com\/www.shqiperia.com\/blog\/wp-content\/uploads\/2026\/08\/Spanje-VIDHET-THESARI-3-MIJEVJECAR.png?fit=640%2C356&ssl=1&resize=525%2C300 1.5x"},"classes":[]},{"id":59870,"url":"https:\/\/www.shqiperia.com\/blog\/bandat-trafikojne-objektet-arkeologjike-germojne-kudo-gjuetaret-e-thesareve-kerkojne-flori-neper-shqiperi\/","url_meta":{"origin":24505,"position":5},"title":"Bandat trafikojn\u00eb objektet arkeologjike. &#8211; \u201cG\u00ebrmojn\u00eb kudo\u201d. &#8211; Gjuetar\u00ebt e thesareve k\u00ebrkojn\u00eb flori n\u00ebp\u00ebr Shqip\u00ebri,","author":"Kurt Farka","date":"July 16, 2022","format":false,"excerpt":"\u00a0 13 Korrik 2022 N\u00eb rr\u00ebnojat e qyteteve t\u00eb lashta shqiptare, hajdut\u00ebt e thesareve g\u00ebrmojn\u00eb, pothuajse pa u nd\u00ebshkuar, p\u00ebr ar, argjend apo objekte t\u00eb rralla arkeologjike q\u00eb m\u00eb pas mund t\u2019i shesin. Kjo ka shqet\u00ebsuar studiuesit. N\u00eb rajonin e Kor\u00e7\u00ebs, mbetjet e Hijes s\u00eb Korbit, nj\u00eb qytet i r\u00ebnd\u00ebsish\u00ebm\u2026","rel":"","context":"In &quot;Histori&quot;","block_context":{"text":"Histori","link":"https:\/\/www.shqiperia.com\/blog\/category\/histori\/"},"img":{"alt_text":"","src":"https:\/\/i0.wp.com\/www.shqiperia.com\/blog\/wp-content\/uploads\/2022\/07\/Gjyrmues-Metal.jpg?fit=645%2C409&ssl=1&resize=350%2C200","width":350,"height":200,"srcset":"https:\/\/i0.wp.com\/www.shqiperia.com\/blog\/wp-content\/uploads\/2022\/07\/Gjyrmues-Metal.jpg?fit=645%2C409&ssl=1&resize=350%2C200 1x, https:\/\/i0.wp.com\/www.shqiperia.com\/blog\/wp-content\/uploads\/2022\/07\/Gjyrmues-Metal.jpg?fit=645%2C409&ssl=1&resize=525%2C300 1.5x"},"classes":[]}],"_links":{"self":[{"href":"https:\/\/www.shqiperia.com\/blog\/wp-json\/wp\/v2\/posts\/24505","targetHints":{"allow":["GET"]}}],"collection":[{"href":"https:\/\/www.shqiperia.com\/blog\/wp-json\/wp\/v2\/posts"}],"about":[{"href":"https:\/\/www.shqiperia.com\/blog\/wp-json\/wp\/v2\/types\/post"}],"author":[{"embeddable":true,"href":"https:\/\/www.shqiperia.com\/blog\/wp-json\/wp\/v2\/users\/9"}],"replies":[{"embeddable":true,"href":"https:\/\/www.shqiperia.com\/blog\/wp-json\/wp\/v2\/comments?post=24505"}],"version-history":[{"count":3,"href":"https:\/\/www.shqiperia.com\/blog\/wp-json\/wp\/v2\/posts\/24505\/revisions"}],"predecessor-version":[{"id":26486,"href":"https:\/\/www.shqiperia.com\/blog\/wp-json\/wp\/v2\/posts\/24505\/revisions\/26486"}],"wp:featuredmedia":[{"embeddable":true,"href":"https:\/\/www.shqiperia.com\/blog\/wp-json\/wp\/v2\/media\/24506"}],"wp:attachment":[{"href":"https:\/\/www.shqiperia.com\/blog\/wp-json\/wp\/v2\/media?parent=24505"}],"wp:term":[{"taxonomy":"category","embeddable":true,"href":"https:\/\/www.shqiperia.com\/blog\/wp-json\/wp\/v2\/categories?post=24505"},{"taxonomy":"post_tag","embeddable":true,"href":"https:\/\/www.shqiperia.com\/blog\/wp-json\/wp\/v2\/tags?post=24505"}],"curies":[{"name":"wp","href":"https:\/\/api.w.org\/{rel}","templated":true}]}}