{"id":24426,"date":"2019-08-07T12:32:55","date_gmt":"2019-08-07T12:32:55","guid":{"rendered":"https:\/\/www.shqiperia.com\/blog\/?p=24426"},"modified":"2019-08-07T12:50:34","modified_gmt":"2019-08-07T12:50:34","slug":"libri-shkencor-arkeologjik-tuma-e-rehoves-i-profesor-skender-aliut","status":"publish","type":"post","link":"https:\/\/www.shqiperia.com\/blog\/libri-shkencor-arkeologjik-tuma-e-rehoves-i-profesor-skender-aliut\/","title":{"rendered":"Libri Shkencor Arkeologjik &#8220;Tuma e Rehoves&#8221; i Profesor Skender Aliut. &#8211;"},"content":{"rendered":"<p><img data-recalc-dims=\"1\" loading=\"lazy\" decoding=\"async\" data-attachment-id=\"24449\" data-permalink=\"https:\/\/www.shqiperia.com\/blog\/libri-shkencor-arkeologjik-tuma-e-rehoves-i-profesor-skender-aliut\/68332242_2485276705028951_5975765024591839232_n\/\" data-orig-file=\"https:\/\/i0.wp.com\/www.shqiperia.com\/blog\/wp-content\/uploads\/2019\/08\/68332242_2485276705028951_5975765024591839232_n.jpg?fit=424%2C206&amp;ssl=1\" data-orig-size=\"424,206\" data-comments-opened=\"1\" data-image-meta=\"{&quot;aperture&quot;:&quot;0&quot;,&quot;credit&quot;:&quot;&quot;,&quot;camera&quot;:&quot;&quot;,&quot;caption&quot;:&quot;&quot;,&quot;created_timestamp&quot;:&quot;0&quot;,&quot;copyright&quot;:&quot;&quot;,&quot;focal_length&quot;:&quot;0&quot;,&quot;iso&quot;:&quot;0&quot;,&quot;shutter_speed&quot;:&quot;0&quot;,&quot;title&quot;:&quot;&quot;,&quot;orientation&quot;:&quot;0&quot;}\" data-image-title=\"68332242_2485276705028951_5975765024591839232_n\" data-image-description=\"\" data-image-caption=\"\" data-medium-file=\"https:\/\/i0.wp.com\/www.shqiperia.com\/blog\/wp-content\/uploads\/2019\/08\/68332242_2485276705028951_5975765024591839232_n.jpg?fit=300%2C146&amp;ssl=1\" data-large-file=\"https:\/\/i0.wp.com\/www.shqiperia.com\/blog\/wp-content\/uploads\/2019\/08\/68332242_2485276705028951_5975765024591839232_n.jpg?fit=424%2C206&amp;ssl=1\" class=\"alignnone  wp-image-24449\" alt=\"\" src=\"https:\/\/i0.wp.com\/www.shqiperia.com\/blog\/wp-content\/uploads\/2019\/08\/68332242_2485276705028951_5975765024591839232_n.jpg?resize=551%2C268&#038;ssl=1\" width=\"551\" height=\"268\" srcset=\"https:\/\/i0.wp.com\/www.shqiperia.com\/blog\/wp-content\/uploads\/2019\/08\/68332242_2485276705028951_5975765024591839232_n.jpg?resize=300%2C146&amp;ssl=1 300w, https:\/\/i0.wp.com\/www.shqiperia.com\/blog\/wp-content\/uploads\/2019\/08\/68332242_2485276705028951_5975765024591839232_n.jpg?resize=400%2C194&amp;ssl=1 400w, https:\/\/i0.wp.com\/www.shqiperia.com\/blog\/wp-content\/uploads\/2019\/08\/68332242_2485276705028951_5975765024591839232_n.jpg?w=424&amp;ssl=1 424w\" sizes=\"auto, (max-width: 551px) 100vw, 551px\" \/><\/p>\n<p>Libri Shkencor Arkeologjik Tuma e Rehoves i Profesor Skender Aliut megjithse ka pak vite qe eshte botuar eshte kthyer ne botim i rralle.<\/p>\n<p>Skender Aliu bir i Kolonjes eshte bere i pandare nga Pasuria\u00a0 arkeologjike\u00a0 e Kolonjes. Kjo fale perkushtimit dhe punes sistematike shkencore prej disa dekadash. Skenderi ka lindur ne Kolonje dhe qe ne vitin 1962\u00a0 nuk\u00a0 eshte ndare asnje dite nga puna kerkimore e studiues per arkeologjine. por edhe fusha te tjera te pasurise trashegimi te Kolonjes. Ai u specializu direkt ne drejtim ekspeditash arkeologjike fale edhe punes dhe perkrahjes se arkeologeve shqiptar te brezit te meparshem si Selim Islami, Hasan Ceka, Skender Anamali, Francesk Prendi etj. Bibliografia e publikimeve te Prof. Skenderit ne revistat shkencore mbrenda dhe jashte atdheut eshte e gjere, ashtu si dhe pjesmarrja dhe referimi ne Konferenca\u00a0 e Kuvende shkencore ne atdhe dhe ne disa vende te Europes.<\/p>\n<p>Ne vitin\u00a0 2004 Instituti Arkeologjise ne Tirane nga ky autor botoi vepren e plote monografike \u201dTuma e Luarasit\u201d.<\/p>\n<p>Me perpjekje dhe me ndihmen e Shtepise Botuese \u201cKotti\u201d ne Korce, ne vitin 2012 u arrit te botohej monografia\u00a0 shkencore arkeologjike \u201cTuma e Rehoves\u201d.<\/p>\n<p><img data-recalc-dims=\"1\" loading=\"lazy\" decoding=\"async\" data-attachment-id=\"24429\" data-permalink=\"https:\/\/www.shqiperia.com\/blog\/libri-shkencor-arkeologjik-tuma-e-rehoves-i-profesor-skender-aliut\/arkeologu-skender-aliu-5\/\" data-orig-file=\"https:\/\/i0.wp.com\/www.shqiperia.com\/blog\/wp-content\/uploads\/2019\/08\/Arkeologu-Skender-Aliu-5.jpg?fit=2169%2C1641&amp;ssl=1\" data-orig-size=\"2169,1641\" data-comments-opened=\"1\" data-image-meta=\"{&quot;aperture&quot;:&quot;1.7&quot;,&quot;credit&quot;:&quot;&quot;,&quot;camera&quot;:&quot;SM-N950F&quot;,&quot;caption&quot;:&quot;&quot;,&quot;created_timestamp&quot;:&quot;1565182514&quot;,&quot;copyright&quot;:&quot;&quot;,&quot;focal_length&quot;:&quot;4.3&quot;,&quot;iso&quot;:&quot;40&quot;,&quot;shutter_speed&quot;:&quot;0.0061349693251534&quot;,&quot;title&quot;:&quot;&quot;,&quot;orientation&quot;:&quot;1&quot;}\" data-image-title=\"Arkeologu Skender Aliu (5)\" data-image-description=\"\" data-image-caption=\"\" data-medium-file=\"https:\/\/i0.wp.com\/www.shqiperia.com\/blog\/wp-content\/uploads\/2019\/08\/Arkeologu-Skender-Aliu-5.jpg?fit=300%2C227&amp;ssl=1\" data-large-file=\"https:\/\/i0.wp.com\/www.shqiperia.com\/blog\/wp-content\/uploads\/2019\/08\/Arkeologu-Skender-Aliu-5.jpg?fit=1024%2C775&amp;ssl=1\" class=\"alignnone wp-image-24429\" alt=\"\" src=\"https:\/\/i0.wp.com\/www.shqiperia.com\/blog\/wp-content\/uploads\/2019\/08\/Arkeologu-Skender-Aliu-5.jpg?resize=416%2C315&#038;ssl=1\" width=\"416\" height=\"315\" srcset=\"https:\/\/i0.wp.com\/www.shqiperia.com\/blog\/wp-content\/uploads\/2019\/08\/Arkeologu-Skender-Aliu-5.jpg?resize=300%2C227&amp;ssl=1 300w, https:\/\/i0.wp.com\/www.shqiperia.com\/blog\/wp-content\/uploads\/2019\/08\/Arkeologu-Skender-Aliu-5.jpg?resize=768%2C581&amp;ssl=1 768w, https:\/\/i0.wp.com\/www.shqiperia.com\/blog\/wp-content\/uploads\/2019\/08\/Arkeologu-Skender-Aliu-5.jpg?resize=1024%2C775&amp;ssl=1 1024w, https:\/\/i0.wp.com\/www.shqiperia.com\/blog\/wp-content\/uploads\/2019\/08\/Arkeologu-Skender-Aliu-5.jpg?resize=2000%2C1513&amp;ssl=1 2000w, https:\/\/i0.wp.com\/www.shqiperia.com\/blog\/wp-content\/uploads\/2019\/08\/Arkeologu-Skender-Aliu-5.jpg?resize=450%2C340&amp;ssl=1 450w, https:\/\/i0.wp.com\/www.shqiperia.com\/blog\/wp-content\/uploads\/2019\/08\/Arkeologu-Skender-Aliu-5.jpg?resize=600%2C454&amp;ssl=1 600w, https:\/\/i0.wp.com\/www.shqiperia.com\/blog\/wp-content\/uploads\/2019\/08\/Arkeologu-Skender-Aliu-5.jpg?resize=1500%2C1135&amp;ssl=1 1500w, https:\/\/i0.wp.com\/www.shqiperia.com\/blog\/wp-content\/uploads\/2019\/08\/Arkeologu-Skender-Aliu-5.jpg?resize=1300%2C984&amp;ssl=1 1300w, https:\/\/i0.wp.com\/www.shqiperia.com\/blog\/wp-content\/uploads\/2019\/08\/Arkeologu-Skender-Aliu-5.jpg?resize=400%2C303&amp;ssl=1 400w\" sizes=\"auto, (max-width: 416px) 100vw, 416px\" \/> <img data-recalc-dims=\"1\" loading=\"lazy\" decoding=\"async\" data-attachment-id=\"24430\" data-permalink=\"https:\/\/www.shqiperia.com\/blog\/libri-shkencor-arkeologjik-tuma-e-rehoves-i-profesor-skender-aliut\/tuma-e-rehoves-arkeologu-skender-aliu-2\/\" data-orig-file=\"https:\/\/i0.wp.com\/www.shqiperia.com\/blog\/wp-content\/uploads\/2019\/08\/Tuma-e-Rehoves-Arkeologu-Skender-Aliu-2.jpg?fit=2351%2C1914&amp;ssl=1\" data-orig-size=\"2351,1914\" data-comments-opened=\"1\" data-image-meta=\"{&quot;aperture&quot;:&quot;1.7&quot;,&quot;credit&quot;:&quot;&quot;,&quot;camera&quot;:&quot;SM-N950F&quot;,&quot;caption&quot;:&quot;&quot;,&quot;created_timestamp&quot;:&quot;1565182428&quot;,&quot;copyright&quot;:&quot;&quot;,&quot;focal_length&quot;:&quot;4.3&quot;,&quot;iso&quot;:&quot;40&quot;,&quot;shutter_speed&quot;:&quot;0.0076923076923077&quot;,&quot;title&quot;:&quot;&quot;,&quot;orientation&quot;:&quot;1&quot;}\" data-image-title=\"Tuma e Rehoves Arkeologu Skender Aliu (2)\" data-image-description=\"\" data-image-caption=\"\" data-medium-file=\"https:\/\/i0.wp.com\/www.shqiperia.com\/blog\/wp-content\/uploads\/2019\/08\/Tuma-e-Rehoves-Arkeologu-Skender-Aliu-2.jpg?fit=300%2C244&amp;ssl=1\" data-large-file=\"https:\/\/i0.wp.com\/www.shqiperia.com\/blog\/wp-content\/uploads\/2019\/08\/Tuma-e-Rehoves-Arkeologu-Skender-Aliu-2.jpg?fit=1024%2C834&amp;ssl=1\" class=\"alignnone wp-image-24430\" alt=\"\" src=\"https:\/\/i0.wp.com\/www.shqiperia.com\/blog\/wp-content\/uploads\/2019\/08\/Tuma-e-Rehoves-Arkeologu-Skender-Aliu-2.jpg?resize=381%2C310&#038;ssl=1\" width=\"381\" height=\"310\" srcset=\"https:\/\/i0.wp.com\/www.shqiperia.com\/blog\/wp-content\/uploads\/2019\/08\/Tuma-e-Rehoves-Arkeologu-Skender-Aliu-2.jpg?resize=300%2C244&amp;ssl=1 300w, https:\/\/i0.wp.com\/www.shqiperia.com\/blog\/wp-content\/uploads\/2019\/08\/Tuma-e-Rehoves-Arkeologu-Skender-Aliu-2.jpg?resize=768%2C625&amp;ssl=1 768w, https:\/\/i0.wp.com\/www.shqiperia.com\/blog\/wp-content\/uploads\/2019\/08\/Tuma-e-Rehoves-Arkeologu-Skender-Aliu-2.jpg?resize=1024%2C834&amp;ssl=1 1024w, https:\/\/i0.wp.com\/www.shqiperia.com\/blog\/wp-content\/uploads\/2019\/08\/Tuma-e-Rehoves-Arkeologu-Skender-Aliu-2.jpg?resize=2000%2C1628&amp;ssl=1 2000w, https:\/\/i0.wp.com\/www.shqiperia.com\/blog\/wp-content\/uploads\/2019\/08\/Tuma-e-Rehoves-Arkeologu-Skender-Aliu-2.jpg?resize=450%2C366&amp;ssl=1 450w, https:\/\/i0.wp.com\/www.shqiperia.com\/blog\/wp-content\/uploads\/2019\/08\/Tuma-e-Rehoves-Arkeologu-Skender-Aliu-2.jpg?resize=600%2C488&amp;ssl=1 600w, https:\/\/i0.wp.com\/www.shqiperia.com\/blog\/wp-content\/uploads\/2019\/08\/Tuma-e-Rehoves-Arkeologu-Skender-Aliu-2.jpg?resize=1500%2C1221&amp;ssl=1 1500w, https:\/\/i0.wp.com\/www.shqiperia.com\/blog\/wp-content\/uploads\/2019\/08\/Tuma-e-Rehoves-Arkeologu-Skender-Aliu-2.jpg?resize=1300%2C1058&amp;ssl=1 1300w, https:\/\/i0.wp.com\/www.shqiperia.com\/blog\/wp-content\/uploads\/2019\/08\/Tuma-e-Rehoves-Arkeologu-Skender-Aliu-2.jpg?resize=400%2C326&amp;ssl=1 400w\" sizes=\"auto, (max-width: 381px) 100vw, 381px\" \/><\/p>\n<p>Botim megjithse me veshtersi\u00a0 monetare Prof. Skenderi e kishte si piksynim te keshilles se Arkeologeve Boteror, qe jane\u00a0 shprehur: \u201c \u2026Secili e di mire se nje kerkim shkencor arkeologjik qe nuk arrin te botohet, eshte me teper i demshem se\u00a0 dobishem\u201d. Dhe vertete Rezultatet e germimeve te Prof. Skenderit kane shpalosur para botes shkencore\u00a0 nje pasuri qe i sherben Kultures dhe identitetit te Etnise tone, por jane edhe pjese e dijenise dhe thesarit kulturor Ballkanik dhe Europian. Mateialet e zbuluara nga germimet ne me shume se 50 vite ne pellgun e Kolonjes kane fituar vlere dhe nga analiza shkencore studiuese e krahasuese mbeshtetur ne literature, qe per shume zera dhe artefakte pothujse eshte shteruese. Eshte fatkeqesi qe ky liber, botim shkencor albanoligjik ka qarkulluar shume pake vetem ne ndonje librari te Korces, dhe ne nje kohe shume te shkurte eshte bere liber i rralle, por me shume kerkesa nga lexues dhe sidomos ndjehet mungesa nga brezi i ri i atyre qe po studiojne dhe kualifikohen ne fushen e disiplinave shkencore historike dhe arkeologjike, por edhe studuesve dhe dashamirsve te Trashegimise Kulturore Iliro-Arberore .<\/p>\n<p><img data-recalc-dims=\"1\" loading=\"lazy\" decoding=\"async\" data-attachment-id=\"24446\" data-permalink=\"https:\/\/www.shqiperia.com\/blog\/libri-shkencor-arkeologjik-tuma-e-rehoves-i-profesor-skender-aliut\/arkeologu-skender-aliu-4-4\/\" data-orig-file=\"https:\/\/i0.wp.com\/www.shqiperia.com\/blog\/wp-content\/uploads\/2019\/08\/Arkeologu-Skender-Aliu-4-3.jpg?fit=2036%2C515&amp;ssl=1\" data-orig-size=\"2036,515\" data-comments-opened=\"1\" data-image-meta=\"{&quot;aperture&quot;:&quot;1.7&quot;,&quot;credit&quot;:&quot;&quot;,&quot;camera&quot;:&quot;SM-N950F&quot;,&quot;caption&quot;:&quot;&quot;,&quot;created_timestamp&quot;:&quot;1565182582&quot;,&quot;copyright&quot;:&quot;&quot;,&quot;focal_length&quot;:&quot;4.3&quot;,&quot;iso&quot;:&quot;40&quot;,&quot;shutter_speed&quot;:&quot;0.0036496350364964&quot;,&quot;title&quot;:&quot;&quot;,&quot;orientation&quot;:&quot;1&quot;}\" data-image-title=\"Arkeologu Skender Aliu (4)\" data-image-description=\"\" data-image-caption=\"\" data-medium-file=\"https:\/\/i0.wp.com\/www.shqiperia.com\/blog\/wp-content\/uploads\/2019\/08\/Arkeologu-Skender-Aliu-4-3.jpg?fit=300%2C76&amp;ssl=1\" data-large-file=\"https:\/\/i0.wp.com\/www.shqiperia.com\/blog\/wp-content\/uploads\/2019\/08\/Arkeologu-Skender-Aliu-4-3.jpg?fit=1024%2C259&amp;ssl=1\" class=\"alignnone wp-image-24446\" alt=\"\" src=\"https:\/\/i0.wp.com\/www.shqiperia.com\/blog\/wp-content\/uploads\/2019\/08\/Arkeologu-Skender-Aliu-4-3.jpg?resize=837%2C212&#038;ssl=1\" width=\"837\" height=\"212\" srcset=\"https:\/\/i0.wp.com\/www.shqiperia.com\/blog\/wp-content\/uploads\/2019\/08\/Arkeologu-Skender-Aliu-4-3.jpg?resize=300%2C76&amp;ssl=1 300w, https:\/\/i0.wp.com\/www.shqiperia.com\/blog\/wp-content\/uploads\/2019\/08\/Arkeologu-Skender-Aliu-4-3.jpg?resize=768%2C194&amp;ssl=1 768w, https:\/\/i0.wp.com\/www.shqiperia.com\/blog\/wp-content\/uploads\/2019\/08\/Arkeologu-Skender-Aliu-4-3.jpg?resize=1024%2C259&amp;ssl=1 1024w, https:\/\/i0.wp.com\/www.shqiperia.com\/blog\/wp-content\/uploads\/2019\/08\/Arkeologu-Skender-Aliu-4-3.jpg?resize=2000%2C506&amp;ssl=1 2000w, https:\/\/i0.wp.com\/www.shqiperia.com\/blog\/wp-content\/uploads\/2019\/08\/Arkeologu-Skender-Aliu-4-3.jpg?resize=450%2C114&amp;ssl=1 450w, https:\/\/i0.wp.com\/www.shqiperia.com\/blog\/wp-content\/uploads\/2019\/08\/Arkeologu-Skender-Aliu-4-3.jpg?resize=600%2C152&amp;ssl=1 600w, https:\/\/i0.wp.com\/www.shqiperia.com\/blog\/wp-content\/uploads\/2019\/08\/Arkeologu-Skender-Aliu-4-3.jpg?resize=1500%2C379&amp;ssl=1 1500w, https:\/\/i0.wp.com\/www.shqiperia.com\/blog\/wp-content\/uploads\/2019\/08\/Arkeologu-Skender-Aliu-4-3.jpg?resize=1300%2C329&amp;ssl=1 1300w, https:\/\/i0.wp.com\/www.shqiperia.com\/blog\/wp-content\/uploads\/2019\/08\/Arkeologu-Skender-Aliu-4-3.jpg?resize=400%2C101&amp;ssl=1 400w, https:\/\/i0.wp.com\/www.shqiperia.com\/blog\/wp-content\/uploads\/2019\/08\/Arkeologu-Skender-Aliu-4-3.jpg?w=2036&amp;ssl=1 2036w\" sizes=\"auto, (max-width: 837px) 100vw, 837px\" \/><\/p>\n<p><img data-recalc-dims=\"1\" loading=\"lazy\" decoding=\"async\" data-attachment-id=\"24431\" data-permalink=\"https:\/\/www.shqiperia.com\/blog\/libri-shkencor-arkeologjik-tuma-e-rehoves-i-profesor-skender-aliut\/arkeologu-skender-aliu-3\/\" data-orig-file=\"https:\/\/i0.wp.com\/www.shqiperia.com\/blog\/wp-content\/uploads\/2019\/08\/Arkeologu-Skender-Aliu-3.jpg?fit=1292%2C1247&amp;ssl=1\" data-orig-size=\"1292,1247\" data-comments-opened=\"1\" data-image-meta=\"{&quot;aperture&quot;:&quot;1.7&quot;,&quot;credit&quot;:&quot;&quot;,&quot;camera&quot;:&quot;SM-N950F&quot;,&quot;caption&quot;:&quot;&quot;,&quot;created_timestamp&quot;:&quot;1565182553&quot;,&quot;copyright&quot;:&quot;&quot;,&quot;focal_length&quot;:&quot;4.3&quot;,&quot;iso&quot;:&quot;40&quot;,&quot;shutter_speed&quot;:&quot;0.0032786885245902&quot;,&quot;title&quot;:&quot;&quot;,&quot;orientation&quot;:&quot;1&quot;}\" data-image-title=\"Arkeologu Skender Aliu (3)\" data-image-description=\"\" data-image-caption=\"\" data-medium-file=\"https:\/\/i0.wp.com\/www.shqiperia.com\/blog\/wp-content\/uploads\/2019\/08\/Arkeologu-Skender-Aliu-3.jpg?fit=300%2C290&amp;ssl=1\" data-large-file=\"https:\/\/i0.wp.com\/www.shqiperia.com\/blog\/wp-content\/uploads\/2019\/08\/Arkeologu-Skender-Aliu-3.jpg?fit=1024%2C988&amp;ssl=1\" class=\"alignnone wp-image-24431\" alt=\"\" src=\"https:\/\/i0.wp.com\/www.shqiperia.com\/blog\/wp-content\/uploads\/2019\/08\/Arkeologu-Skender-Aliu-3.jpg?resize=397%2C384&#038;ssl=1\" width=\"397\" height=\"384\" srcset=\"https:\/\/i0.wp.com\/www.shqiperia.com\/blog\/wp-content\/uploads\/2019\/08\/Arkeologu-Skender-Aliu-3.jpg?resize=300%2C290&amp;ssl=1 300w, https:\/\/i0.wp.com\/www.shqiperia.com\/blog\/wp-content\/uploads\/2019\/08\/Arkeologu-Skender-Aliu-3.jpg?resize=768%2C741&amp;ssl=1 768w, https:\/\/i0.wp.com\/www.shqiperia.com\/blog\/wp-content\/uploads\/2019\/08\/Arkeologu-Skender-Aliu-3.jpg?resize=1024%2C988&amp;ssl=1 1024w, https:\/\/i0.wp.com\/www.shqiperia.com\/blog\/wp-content\/uploads\/2019\/08\/Arkeologu-Skender-Aliu-3.jpg?resize=450%2C434&amp;ssl=1 450w, https:\/\/i0.wp.com\/www.shqiperia.com\/blog\/wp-content\/uploads\/2019\/08\/Arkeologu-Skender-Aliu-3.jpg?resize=600%2C579&amp;ssl=1 600w, https:\/\/i0.wp.com\/www.shqiperia.com\/blog\/wp-content\/uploads\/2019\/08\/Arkeologu-Skender-Aliu-3.jpg?resize=400%2C386&amp;ssl=1 400w, https:\/\/i0.wp.com\/www.shqiperia.com\/blog\/wp-content\/uploads\/2019\/08\/Arkeologu-Skender-Aliu-3.jpg?w=1292&amp;ssl=1 1292w\" sizes=\"auto, (max-width: 397px) 100vw, 397px\" \/> <img data-recalc-dims=\"1\" loading=\"lazy\" decoding=\"async\" data-attachment-id=\"24433\" data-permalink=\"https:\/\/www.shqiperia.com\/blog\/libri-shkencor-arkeologjik-tuma-e-rehoves-i-profesor-skender-aliut\/tuma-e-rehoves-arkeologu-skender-aliu\/\" data-orig-file=\"https:\/\/i0.wp.com\/www.shqiperia.com\/blog\/wp-content\/uploads\/2019\/08\/Tuma-e-Rehoves-Arkeologu-Skender-Aliu.jpg?fit=1861%2C1669&amp;ssl=1\" data-orig-size=\"1861,1669\" data-comments-opened=\"1\" data-image-meta=\"{&quot;aperture&quot;:&quot;1.7&quot;,&quot;credit&quot;:&quot;&quot;,&quot;camera&quot;:&quot;SM-N950F&quot;,&quot;caption&quot;:&quot;&quot;,&quot;created_timestamp&quot;:&quot;1565182700&quot;,&quot;copyright&quot;:&quot;&quot;,&quot;focal_length&quot;:&quot;4.3&quot;,&quot;iso&quot;:&quot;40&quot;,&quot;shutter_speed&quot;:&quot;0.00355871886121&quot;,&quot;title&quot;:&quot;&quot;,&quot;orientation&quot;:&quot;6&quot;}\" data-image-title=\"Tuma e Rehoves Arkeologu Skender Aliu\" data-image-description=\"\" data-image-caption=\"\" data-medium-file=\"https:\/\/i0.wp.com\/www.shqiperia.com\/blog\/wp-content\/uploads\/2019\/08\/Tuma-e-Rehoves-Arkeologu-Skender-Aliu.jpg?fit=300%2C269&amp;ssl=1\" data-large-file=\"https:\/\/i0.wp.com\/www.shqiperia.com\/blog\/wp-content\/uploads\/2019\/08\/Tuma-e-Rehoves-Arkeologu-Skender-Aliu.jpg?fit=1024%2C918&amp;ssl=1\" class=\"alignnone wp-image-24433\" alt=\"\" src=\"https:\/\/i0.wp.com\/www.shqiperia.com\/blog\/wp-content\/uploads\/2019\/08\/Tuma-e-Rehoves-Arkeologu-Skender-Aliu.jpg?resize=422%2C379&#038;ssl=1\" width=\"422\" height=\"379\" srcset=\"https:\/\/i0.wp.com\/www.shqiperia.com\/blog\/wp-content\/uploads\/2019\/08\/Tuma-e-Rehoves-Arkeologu-Skender-Aliu.jpg?resize=300%2C269&amp;ssl=1 300w, https:\/\/i0.wp.com\/www.shqiperia.com\/blog\/wp-content\/uploads\/2019\/08\/Tuma-e-Rehoves-Arkeologu-Skender-Aliu.jpg?resize=768%2C689&amp;ssl=1 768w, https:\/\/i0.wp.com\/www.shqiperia.com\/blog\/wp-content\/uploads\/2019\/08\/Tuma-e-Rehoves-Arkeologu-Skender-Aliu.jpg?resize=1024%2C918&amp;ssl=1 1024w, https:\/\/i0.wp.com\/www.shqiperia.com\/blog\/wp-content\/uploads\/2019\/08\/Tuma-e-Rehoves-Arkeologu-Skender-Aliu.jpg?resize=450%2C404&amp;ssl=1 450w, https:\/\/i0.wp.com\/www.shqiperia.com\/blog\/wp-content\/uploads\/2019\/08\/Tuma-e-Rehoves-Arkeologu-Skender-Aliu.jpg?resize=600%2C538&amp;ssl=1 600w, https:\/\/i0.wp.com\/www.shqiperia.com\/blog\/wp-content\/uploads\/2019\/08\/Tuma-e-Rehoves-Arkeologu-Skender-Aliu.jpg?resize=1500%2C1345&amp;ssl=1 1500w, https:\/\/i0.wp.com\/www.shqiperia.com\/blog\/wp-content\/uploads\/2019\/08\/Tuma-e-Rehoves-Arkeologu-Skender-Aliu.jpg?resize=1300%2C1166&amp;ssl=1 1300w, https:\/\/i0.wp.com\/www.shqiperia.com\/blog\/wp-content\/uploads\/2019\/08\/Tuma-e-Rehoves-Arkeologu-Skender-Aliu.jpg?resize=400%2C359&amp;ssl=1 400w, https:\/\/i0.wp.com\/www.shqiperia.com\/blog\/wp-content\/uploads\/2019\/08\/Tuma-e-Rehoves-Arkeologu-Skender-Aliu.jpg?w=1861&amp;ssl=1 1861w\" sizes=\"auto, (max-width: 422px) 100vw, 422px\" \/><\/p>\n<p>Libri eshte i paisur me tabela grafike, foto te artefakteve, me referime shkencore dhe nje bibliografi pothuajse shteruese per arkeologjine ne treven e Kolonjes dhe me vendgjetjet tjera te kesaj kulture ne Ballkan e me gjere.<\/p>\n<p><img data-recalc-dims=\"1\" loading=\"lazy\" decoding=\"async\" data-attachment-id=\"24434\" data-permalink=\"https:\/\/www.shqiperia.com\/blog\/libri-shkencor-arkeologjik-tuma-e-rehoves-i-profesor-skender-aliut\/arkeologu-skender-aliu-5-2\/\" data-orig-file=\"https:\/\/i0.wp.com\/www.shqiperia.com\/blog\/wp-content\/uploads\/2019\/08\/Arkeologu-Skender-Aliu-5-1.jpg?fit=2169%2C1641&amp;ssl=1\" data-orig-size=\"2169,1641\" data-comments-opened=\"1\" data-image-meta=\"{&quot;aperture&quot;:&quot;1.7&quot;,&quot;credit&quot;:&quot;&quot;,&quot;camera&quot;:&quot;SM-N950F&quot;,&quot;caption&quot;:&quot;&quot;,&quot;created_timestamp&quot;:&quot;1565182514&quot;,&quot;copyright&quot;:&quot;&quot;,&quot;focal_length&quot;:&quot;4.3&quot;,&quot;iso&quot;:&quot;40&quot;,&quot;shutter_speed&quot;:&quot;0.0061349693251534&quot;,&quot;title&quot;:&quot;&quot;,&quot;orientation&quot;:&quot;1&quot;}\" data-image-title=\"Arkeologu Skender Aliu (5)\" data-image-description=\"\" data-image-caption=\"\" data-medium-file=\"https:\/\/i0.wp.com\/www.shqiperia.com\/blog\/wp-content\/uploads\/2019\/08\/Arkeologu-Skender-Aliu-5-1.jpg?fit=300%2C227&amp;ssl=1\" data-large-file=\"https:\/\/i0.wp.com\/www.shqiperia.com\/blog\/wp-content\/uploads\/2019\/08\/Arkeologu-Skender-Aliu-5-1.jpg?fit=1024%2C775&amp;ssl=1\" class=\"alignnone wp-image-24434\" alt=\"\" src=\"https:\/\/i0.wp.com\/www.shqiperia.com\/blog\/wp-content\/uploads\/2019\/08\/Arkeologu-Skender-Aliu-5-1.jpg?resize=416%2C315&#038;ssl=1\" width=\"416\" height=\"315\" srcset=\"https:\/\/i0.wp.com\/www.shqiperia.com\/blog\/wp-content\/uploads\/2019\/08\/Arkeologu-Skender-Aliu-5-1.jpg?resize=300%2C227&amp;ssl=1 300w, https:\/\/i0.wp.com\/www.shqiperia.com\/blog\/wp-content\/uploads\/2019\/08\/Arkeologu-Skender-Aliu-5-1.jpg?resize=768%2C581&amp;ssl=1 768w, https:\/\/i0.wp.com\/www.shqiperia.com\/blog\/wp-content\/uploads\/2019\/08\/Arkeologu-Skender-Aliu-5-1.jpg?resize=1024%2C775&amp;ssl=1 1024w, https:\/\/i0.wp.com\/www.shqiperia.com\/blog\/wp-content\/uploads\/2019\/08\/Arkeologu-Skender-Aliu-5-1.jpg?resize=2000%2C1513&amp;ssl=1 2000w, https:\/\/i0.wp.com\/www.shqiperia.com\/blog\/wp-content\/uploads\/2019\/08\/Arkeologu-Skender-Aliu-5-1.jpg?resize=450%2C340&amp;ssl=1 450w, https:\/\/i0.wp.com\/www.shqiperia.com\/blog\/wp-content\/uploads\/2019\/08\/Arkeologu-Skender-Aliu-5-1.jpg?resize=600%2C454&amp;ssl=1 600w, https:\/\/i0.wp.com\/www.shqiperia.com\/blog\/wp-content\/uploads\/2019\/08\/Arkeologu-Skender-Aliu-5-1.jpg?resize=1500%2C1135&amp;ssl=1 1500w, https:\/\/i0.wp.com\/www.shqiperia.com\/blog\/wp-content\/uploads\/2019\/08\/Arkeologu-Skender-Aliu-5-1.jpg?resize=1300%2C984&amp;ssl=1 1300w, https:\/\/i0.wp.com\/www.shqiperia.com\/blog\/wp-content\/uploads\/2019\/08\/Arkeologu-Skender-Aliu-5-1.jpg?resize=400%2C303&amp;ssl=1 400w\" sizes=\"auto, (max-width: 416px) 100vw, 416px\" \/> \u00a0 <img data-recalc-dims=\"1\" loading=\"lazy\" decoding=\"async\" data-attachment-id=\"24435\" data-permalink=\"https:\/\/www.shqiperia.com\/blog\/libri-shkencor-arkeologjik-tuma-e-rehoves-i-profesor-skender-aliut\/tuma-e-rehoves-arkeologu-skender-aliu-3\/\" data-orig-file=\"https:\/\/i0.wp.com\/www.shqiperia.com\/blog\/wp-content\/uploads\/2019\/08\/Tuma-e-Rehoves.-Arkeologu-Skender-Aliu-3.jpg?fit=1710%2C2411&amp;ssl=1\" data-orig-size=\"1710,2411\" data-comments-opened=\"1\" data-image-meta=\"{&quot;aperture&quot;:&quot;1.7&quot;,&quot;credit&quot;:&quot;&quot;,&quot;camera&quot;:&quot;SM-N950F&quot;,&quot;caption&quot;:&quot;&quot;,&quot;created_timestamp&quot;:&quot;1565182405&quot;,&quot;copyright&quot;:&quot;&quot;,&quot;focal_length&quot;:&quot;4.3&quot;,&quot;iso&quot;:&quot;40&quot;,&quot;shutter_speed&quot;:&quot;0.0063291139240506&quot;,&quot;title&quot;:&quot;&quot;,&quot;orientation&quot;:&quot;1&quot;}\" data-image-title=\"Tuma e Rehoves. Arkeologu Skender Aliu (3)\" data-image-description=\"\" data-image-caption=\"\" data-medium-file=\"https:\/\/i0.wp.com\/www.shqiperia.com\/blog\/wp-content\/uploads\/2019\/08\/Tuma-e-Rehoves.-Arkeologu-Skender-Aliu-3.jpg?fit=213%2C300&amp;ssl=1\" data-large-file=\"https:\/\/i0.wp.com\/www.shqiperia.com\/blog\/wp-content\/uploads\/2019\/08\/Tuma-e-Rehoves.-Arkeologu-Skender-Aliu-3.jpg?fit=726%2C1024&amp;ssl=1\" class=\"alignnone wp-image-24435\" alt=\"\" src=\"https:\/\/i0.wp.com\/www.shqiperia.com\/blog\/wp-content\/uploads\/2019\/08\/Tuma-e-Rehoves.-Arkeologu-Skender-Aliu-3.jpg?resize=346%2C487&#038;ssl=1\" width=\"346\" height=\"487\" srcset=\"https:\/\/i0.wp.com\/www.shqiperia.com\/blog\/wp-content\/uploads\/2019\/08\/Tuma-e-Rehoves.-Arkeologu-Skender-Aliu-3.jpg?resize=213%2C300&amp;ssl=1 213w, https:\/\/i0.wp.com\/www.shqiperia.com\/blog\/wp-content\/uploads\/2019\/08\/Tuma-e-Rehoves.-Arkeologu-Skender-Aliu-3.jpg?resize=768%2C1083&amp;ssl=1 768w, https:\/\/i0.wp.com\/www.shqiperia.com\/blog\/wp-content\/uploads\/2019\/08\/Tuma-e-Rehoves.-Arkeologu-Skender-Aliu-3.jpg?resize=726%2C1024&amp;ssl=1 726w, https:\/\/i0.wp.com\/www.shqiperia.com\/blog\/wp-content\/uploads\/2019\/08\/Tuma-e-Rehoves.-Arkeologu-Skender-Aliu-3.jpg?resize=450%2C634&amp;ssl=1 450w, https:\/\/i0.wp.com\/www.shqiperia.com\/blog\/wp-content\/uploads\/2019\/08\/Tuma-e-Rehoves.-Arkeologu-Skender-Aliu-3.jpg?resize=600%2C846&amp;ssl=1 600w, https:\/\/i0.wp.com\/www.shqiperia.com\/blog\/wp-content\/uploads\/2019\/08\/Tuma-e-Rehoves.-Arkeologu-Skender-Aliu-3.jpg?resize=1500%2C2115&amp;ssl=1 1500w, https:\/\/i0.wp.com\/www.shqiperia.com\/blog\/wp-content\/uploads\/2019\/08\/Tuma-e-Rehoves.-Arkeologu-Skender-Aliu-3.jpg?resize=1300%2C1833&amp;ssl=1 1300w, https:\/\/i0.wp.com\/www.shqiperia.com\/blog\/wp-content\/uploads\/2019\/08\/Tuma-e-Rehoves.-Arkeologu-Skender-Aliu-3.jpg?resize=400%2C564&amp;ssl=1 400w, https:\/\/i0.wp.com\/www.shqiperia.com\/blog\/wp-content\/uploads\/2019\/08\/Tuma-e-Rehoves.-Arkeologu-Skender-Aliu-3.jpg?w=1710&amp;ssl=1 1710w\" sizes=\"auto, (max-width: 346px) 100vw, 346px\" \/><\/p>\n<p><img data-recalc-dims=\"1\" loading=\"lazy\" decoding=\"async\" data-attachment-id=\"24442\" data-permalink=\"https:\/\/www.shqiperia.com\/blog\/libri-shkencor-arkeologjik-tuma-e-rehoves-i-profesor-skender-aliut\/tuma-e-rehoves-arkeologu-skender-aliu-4-2\/\" data-orig-file=\"https:\/\/i0.wp.com\/www.shqiperia.com\/blog\/wp-content\/uploads\/2019\/08\/Tuma-e-Rehoves-Arkeologu-Skender-Aliu-4-1.jpg?fit=1491%2C1840&amp;ssl=1\" data-orig-size=\"1491,1840\" data-comments-opened=\"1\" data-image-meta=\"{&quot;aperture&quot;:&quot;1.7&quot;,&quot;credit&quot;:&quot;&quot;,&quot;camera&quot;:&quot;SM-N950F&quot;,&quot;caption&quot;:&quot;&quot;,&quot;created_timestamp&quot;:&quot;1565182753&quot;,&quot;copyright&quot;:&quot;&quot;,&quot;focal_length&quot;:&quot;4.3&quot;,&quot;iso&quot;:&quot;50&quot;,&quot;shutter_speed&quot;:&quot;0.01&quot;,&quot;title&quot;:&quot;&quot;,&quot;orientation&quot;:&quot;6&quot;}\" data-image-title=\"Tuma e Rehoves Arkeologu Skender Aliu (4)\" data-image-description=\"\" data-image-caption=\"\" data-medium-file=\"https:\/\/i0.wp.com\/www.shqiperia.com\/blog\/wp-content\/uploads\/2019\/08\/Tuma-e-Rehoves-Arkeologu-Skender-Aliu-4-1.jpg?fit=243%2C300&amp;ssl=1\" data-large-file=\"https:\/\/i0.wp.com\/www.shqiperia.com\/blog\/wp-content\/uploads\/2019\/08\/Tuma-e-Rehoves-Arkeologu-Skender-Aliu-4-1.jpg?fit=830%2C1024&amp;ssl=1\" class=\"alignnone wp-image-24442\" alt=\"\" src=\"https:\/\/i0.wp.com\/www.shqiperia.com\/blog\/wp-content\/uploads\/2019\/08\/Tuma-e-Rehoves-Arkeologu-Skender-Aliu-4-1.jpg?resize=478%2C590&#038;ssl=1\" width=\"478\" height=\"590\" srcset=\"https:\/\/i0.wp.com\/www.shqiperia.com\/blog\/wp-content\/uploads\/2019\/08\/Tuma-e-Rehoves-Arkeologu-Skender-Aliu-4-1.jpg?resize=243%2C300&amp;ssl=1 243w, https:\/\/i0.wp.com\/www.shqiperia.com\/blog\/wp-content\/uploads\/2019\/08\/Tuma-e-Rehoves-Arkeologu-Skender-Aliu-4-1.jpg?resize=768%2C948&amp;ssl=1 768w, https:\/\/i0.wp.com\/www.shqiperia.com\/blog\/wp-content\/uploads\/2019\/08\/Tuma-e-Rehoves-Arkeologu-Skender-Aliu-4-1.jpg?resize=830%2C1024&amp;ssl=1 830w, https:\/\/i0.wp.com\/www.shqiperia.com\/blog\/wp-content\/uploads\/2019\/08\/Tuma-e-Rehoves-Arkeologu-Skender-Aliu-4-1.jpg?resize=450%2C555&amp;ssl=1 450w, https:\/\/i0.wp.com\/www.shqiperia.com\/blog\/wp-content\/uploads\/2019\/08\/Tuma-e-Rehoves-Arkeologu-Skender-Aliu-4-1.jpg?resize=600%2C740&amp;ssl=1 600w, https:\/\/i0.wp.com\/www.shqiperia.com\/blog\/wp-content\/uploads\/2019\/08\/Tuma-e-Rehoves-Arkeologu-Skender-Aliu-4-1.jpg?resize=1300%2C1604&amp;ssl=1 1300w, https:\/\/i0.wp.com\/www.shqiperia.com\/blog\/wp-content\/uploads\/2019\/08\/Tuma-e-Rehoves-Arkeologu-Skender-Aliu-4-1.jpg?resize=400%2C494&amp;ssl=1 400w, https:\/\/i0.wp.com\/www.shqiperia.com\/blog\/wp-content\/uploads\/2019\/08\/Tuma-e-Rehoves-Arkeologu-Skender-Aliu-4-1.jpg?w=1491&amp;ssl=1 1491w\" sizes=\"auto, (max-width: 478px) 100vw, 478px\" \/> <img data-recalc-dims=\"1\" loading=\"lazy\" decoding=\"async\" data-attachment-id=\"24443\" data-permalink=\"https:\/\/www.shqiperia.com\/blog\/libri-shkencor-arkeologjik-tuma-e-rehoves-i-profesor-skender-aliut\/tuma-e-rehoves-arkeologu-skender-aliu-5-2\/\" data-orig-file=\"https:\/\/i0.wp.com\/www.shqiperia.com\/blog\/wp-content\/uploads\/2019\/08\/Tuma-e-Rehoves-Arkeologu-Skender-Aliu-5-1.jpg?fit=1703%2C2222&amp;ssl=1\" data-orig-size=\"1703,2222\" data-comments-opened=\"1\" data-image-meta=\"{&quot;aperture&quot;:&quot;1.7&quot;,&quot;credit&quot;:&quot;&quot;,&quot;camera&quot;:&quot;SM-N950F&quot;,&quot;caption&quot;:&quot;&quot;,&quot;created_timestamp&quot;:&quot;1565182509&quot;,&quot;copyright&quot;:&quot;&quot;,&quot;focal_length&quot;:&quot;4.3&quot;,&quot;iso&quot;:&quot;40&quot;,&quot;shutter_speed&quot;:&quot;0.005524861878453&quot;,&quot;title&quot;:&quot;&quot;,&quot;orientation&quot;:&quot;1&quot;}\" data-image-title=\"Tuma e Rehoves Arkeologu Skender Aliu (5)\" data-image-description=\"\" data-image-caption=\"\" data-medium-file=\"https:\/\/i0.wp.com\/www.shqiperia.com\/blog\/wp-content\/uploads\/2019\/08\/Tuma-e-Rehoves-Arkeologu-Skender-Aliu-5-1.jpg?fit=230%2C300&amp;ssl=1\" data-large-file=\"https:\/\/i0.wp.com\/www.shqiperia.com\/blog\/wp-content\/uploads\/2019\/08\/Tuma-e-Rehoves-Arkeologu-Skender-Aliu-5-1.jpg?fit=785%2C1024&amp;ssl=1\" class=\"alignnone wp-image-24443\" alt=\"\" src=\"https:\/\/i0.wp.com\/www.shqiperia.com\/blog\/wp-content\/uploads\/2019\/08\/Tuma-e-Rehoves-Arkeologu-Skender-Aliu-5-1.jpg?resize=346%2C451&#038;ssl=1\" width=\"346\" height=\"451\" srcset=\"https:\/\/i0.wp.com\/www.shqiperia.com\/blog\/wp-content\/uploads\/2019\/08\/Tuma-e-Rehoves-Arkeologu-Skender-Aliu-5-1.jpg?resize=230%2C300&amp;ssl=1 230w, https:\/\/i0.wp.com\/www.shqiperia.com\/blog\/wp-content\/uploads\/2019\/08\/Tuma-e-Rehoves-Arkeologu-Skender-Aliu-5-1.jpg?resize=768%2C1002&amp;ssl=1 768w, https:\/\/i0.wp.com\/www.shqiperia.com\/blog\/wp-content\/uploads\/2019\/08\/Tuma-e-Rehoves-Arkeologu-Skender-Aliu-5-1.jpg?resize=785%2C1024&amp;ssl=1 785w, https:\/\/i0.wp.com\/www.shqiperia.com\/blog\/wp-content\/uploads\/2019\/08\/Tuma-e-Rehoves-Arkeologu-Skender-Aliu-5-1.jpg?resize=450%2C587&amp;ssl=1 450w, https:\/\/i0.wp.com\/www.shqiperia.com\/blog\/wp-content\/uploads\/2019\/08\/Tuma-e-Rehoves-Arkeologu-Skender-Aliu-5-1.jpg?resize=600%2C783&amp;ssl=1 600w, https:\/\/i0.wp.com\/www.shqiperia.com\/blog\/wp-content\/uploads\/2019\/08\/Tuma-e-Rehoves-Arkeologu-Skender-Aliu-5-1.jpg?resize=1500%2C1957&amp;ssl=1 1500w, https:\/\/i0.wp.com\/www.shqiperia.com\/blog\/wp-content\/uploads\/2019\/08\/Tuma-e-Rehoves-Arkeologu-Skender-Aliu-5-1.jpg?resize=1300%2C1696&amp;ssl=1 1300w, https:\/\/i0.wp.com\/www.shqiperia.com\/blog\/wp-content\/uploads\/2019\/08\/Tuma-e-Rehoves-Arkeologu-Skender-Aliu-5-1.jpg?resize=400%2C522&amp;ssl=1 400w, https:\/\/i0.wp.com\/www.shqiperia.com\/blog\/wp-content\/uploads\/2019\/08\/Tuma-e-Rehoves-Arkeologu-Skender-Aliu-5-1.jpg?w=1703&amp;ssl=1 1703w\" sizes=\"auto, (max-width: 346px) 100vw, 346px\" \/> <img data-recalc-dims=\"1\" loading=\"lazy\" decoding=\"async\" data-attachment-id=\"24445\" data-permalink=\"https:\/\/www.shqiperia.com\/blog\/libri-shkencor-arkeologjik-tuma-e-rehoves-i-profesor-skender-aliut\/arkeologu-skender-aliu-2\/\" data-orig-file=\"https:\/\/i0.wp.com\/www.shqiperia.com\/blog\/wp-content\/uploads\/2019\/08\/Arkeologu-Skender-Aliu-1.jpg?fit=1960%2C1964&amp;ssl=1\" data-orig-size=\"1960,1964\" data-comments-opened=\"1\" data-image-meta=\"{&quot;aperture&quot;:&quot;1.7&quot;,&quot;credit&quot;:&quot;&quot;,&quot;camera&quot;:&quot;SM-N950F&quot;,&quot;caption&quot;:&quot;&quot;,&quot;created_timestamp&quot;:&quot;1565182579&quot;,&quot;copyright&quot;:&quot;&quot;,&quot;focal_length&quot;:&quot;4.3&quot;,&quot;iso&quot;:&quot;40&quot;,&quot;shutter_speed&quot;:&quot;0.0036496350364964&quot;,&quot;title&quot;:&quot;&quot;,&quot;orientation&quot;:&quot;1&quot;}\" data-image-title=\"Arkeologu Skender Aliu\" data-image-description=\"\" data-image-caption=\"\" data-medium-file=\"https:\/\/i0.wp.com\/www.shqiperia.com\/blog\/wp-content\/uploads\/2019\/08\/Arkeologu-Skender-Aliu-1.jpg?fit=300%2C300&amp;ssl=1\" data-large-file=\"https:\/\/i0.wp.com\/www.shqiperia.com\/blog\/wp-content\/uploads\/2019\/08\/Arkeologu-Skender-Aliu-1.jpg?fit=1022%2C1024&amp;ssl=1\" class=\"alignnone wp-image-24445\" alt=\"\" src=\"https:\/\/i0.wp.com\/www.shqiperia.com\/blog\/wp-content\/uploads\/2019\/08\/Arkeologu-Skender-Aliu-1.jpg?resize=514%2C514&#038;ssl=1\" width=\"514\" height=\"514\" srcset=\"https:\/\/i0.wp.com\/www.shqiperia.com\/blog\/wp-content\/uploads\/2019\/08\/Arkeologu-Skender-Aliu-1.jpg?resize=300%2C300&amp;ssl=1 300w, https:\/\/i0.wp.com\/www.shqiperia.com\/blog\/wp-content\/uploads\/2019\/08\/Arkeologu-Skender-Aliu-1.jpg?resize=150%2C150&amp;ssl=1 150w, https:\/\/i0.wp.com\/www.shqiperia.com\/blog\/wp-content\/uploads\/2019\/08\/Arkeologu-Skender-Aliu-1.jpg?resize=768%2C770&amp;ssl=1 768w, https:\/\/i0.wp.com\/www.shqiperia.com\/blog\/wp-content\/uploads\/2019\/08\/Arkeologu-Skender-Aliu-1.jpg?resize=1022%2C1024&amp;ssl=1 1022w, https:\/\/i0.wp.com\/www.shqiperia.com\/blog\/wp-content\/uploads\/2019\/08\/Arkeologu-Skender-Aliu-1.jpg?resize=450%2C451&amp;ssl=1 450w, https:\/\/i0.wp.com\/www.shqiperia.com\/blog\/wp-content\/uploads\/2019\/08\/Arkeologu-Skender-Aliu-1.jpg?resize=600%2C601&amp;ssl=1 600w, https:\/\/i0.wp.com\/www.shqiperia.com\/blog\/wp-content\/uploads\/2019\/08\/Arkeologu-Skender-Aliu-1.jpg?resize=65%2C65&amp;ssl=1 65w, https:\/\/i0.wp.com\/www.shqiperia.com\/blog\/wp-content\/uploads\/2019\/08\/Arkeologu-Skender-Aliu-1.jpg?resize=1500%2C1503&amp;ssl=1 1500w, https:\/\/i0.wp.com\/www.shqiperia.com\/blog\/wp-content\/uploads\/2019\/08\/Arkeologu-Skender-Aliu-1.jpg?resize=1300%2C1303&amp;ssl=1 1300w, https:\/\/i0.wp.com\/www.shqiperia.com\/blog\/wp-content\/uploads\/2019\/08\/Arkeologu-Skender-Aliu-1.jpg?resize=50%2C50&amp;ssl=1 50w, https:\/\/i0.wp.com\/www.shqiperia.com\/blog\/wp-content\/uploads\/2019\/08\/Arkeologu-Skender-Aliu-1.jpg?resize=400%2C401&amp;ssl=1 400w, https:\/\/i0.wp.com\/www.shqiperia.com\/blog\/wp-content\/uploads\/2019\/08\/Arkeologu-Skender-Aliu-1.jpg?w=1960&amp;ssl=1 1960w\" sizes=\"auto, (max-width: 514px) 100vw, 514px\" \/><\/p>\n<p>Shenim nga: J. Brahaj.<\/p>\n","protected":false},"excerpt":{"rendered":"<p>Libri Shkencor Arkeologjik Tuma e Rehoves i Profesor Skender Aliut megjithse ka pak vite qe eshte botuar eshte kthyer ne botim i rralle. Skender Aliu bir i Kolonjes eshte bere i pandare nga Pasuria\u00a0 arkeologjike\u00a0 e Kolonjes. Kjo fale perkushtimit dhe punes sistematike shkencore prej disa dekadash. Skenderi ka lindur ne Kolonje dhe qe ne [&hellip;]<\/p>\n","protected":false},"author":9,"featured_media":24427,"comment_status":"open","ping_status":"open","sticky":false,"template":"","format":"standard","meta":{"jetpack_post_was_ever_published":false,"_jetpack_newsletter_access":"","_jetpack_dont_email_post_to_subs":false,"_jetpack_newsletter_tier_id":0,"_jetpack_memberships_contains_paywalled_content":false,"_jetpack_memberships_contains_paid_content":false,"footnotes":"","jetpack_publicize_message":"","jetpack_publicize_feature_enabled":true,"jetpack_social_post_already_shared":true,"jetpack_social_options":{"image_generator_settings":{"template":"highway","default_image_id":0,"font":"","enabled":false},"version":2}},"categories":[85,10,86],"tags":[],"class_list":["post-24426","post","type-post","status-publish","format-standard","has-post-thumbnail","hentry","category-histori","category-kultura","category-trashegimi-kulturore"],"jetpack_publicize_connections":[],"jetpack_featured_media_url":"https:\/\/i0.wp.com\/www.shqiperia.com\/blog\/wp-content\/uploads\/2019\/08\/1-Tuma-e-Rehoves-Arkeologu-Skender-Aliu.jpg?fit=1710%2C1160&ssl=1","jetpack_sharing_enabled":true,"jetpack_shortlink":"https:\/\/wp.me\/p5Z6wp-6lY","jetpack-related-posts":[{"id":24489,"url":"https:\/\/www.shqiperia.com\/blog\/pllaja-e-kolonjes-ne-epoken-e-bronzit-e-ne-vazhdim-libri-shkencor-arkeologjik-tuma-e-rehoves-i-profesor-skender-aliut\/","url_meta":{"origin":24426,"position":0},"title":"Pllaja e Kolonjes ne epoken e Bronzit e ne vazhdim &#8211; Libri Shkencor Arkeologjik &#8220;Tuma e Rehoves&#8221; i Profesor Skender Aliut","author":"Kurt Farka","date":"August 8, 2019","format":false,"excerpt":"Pllaja e Kolonjes ne epoken e Bronzit e ne vazhdim. Libri Shkencor Arkeologjik \"Tuma e Rehoves\" i Profesor Skender Aliut megjithse ka pak vite qe eshte botuar eshte kthyer ne nje botim i rralle. Skender Aliu bir i Kolonjes eshte bere i pandare nga Pasuria\u00a0 arkeologjike\u00a0 e Kolonjes. Kjo fale\u2026","rel":"","context":"In &quot;Histori&quot;","block_context":{"text":"Histori","link":"https:\/\/www.shqiperia.com\/blog\/category\/histori\/"},"img":{"alt_text":"","src":"https:\/\/i0.wp.com\/www.shqiperia.com\/blog\/wp-content\/uploads\/2019\/08\/1-68332242_2485276705028951_5975765024591839232_n.jpg?fit=424%2C206&ssl=1&resize=350%2C200","width":350,"height":200},"classes":[]},{"id":43885,"url":"https:\/\/www.shqiperia.com\/blog\/kolonja-prehistorike-interviste-me-prof-skender-aliu\/","url_meta":{"origin":24426,"position":1},"title":"KOLONJA PREHISTORIKE  &#8211; Interviste me Prof. Skender Aliu.","author":"Kurt Farka","date":"February 7, 2021","format":false,"excerpt":"KOLONJA PREHISTORIKE Interviste me Prof. Skender Aliu. \u201cPllaja e Kolonj\u00ebs s\u00eb bashku me pellgun e Kor\u00e7\u00ebs n\u00eb Shqip\u00ebrin\u00eb Juglindore p\u00ebrfaq\u00ebsojn\u00eb nj\u00eb nga rajonet m\u00eb t\u00eb pasura e m\u00eb n\u00eb z\u00eb t\u00eb qytet\u00ebrimit prehistorik, brenda vendit ton\u00eb e m\u00eb gjer\u00eb n\u00eb rrafshin ballkanik\u201d \u00ebsht\u00eb shprehur k\u00ebshtu n\u00eb nj\u00eb nga studimet e\u2026","rel":"","context":"In &quot;Histori&quot;","block_context":{"text":"Histori","link":"https:\/\/www.shqiperia.com\/blog\/category\/histori\/"},"img":{"alt_text":"","src":"https:\/\/i0.wp.com\/www.shqiperia.com\/blog\/wp-content\/uploads\/2021\/02\/Prof.-Skender-Aliu-2-300x189.png?resize=350%2C200&ssl=1","width":350,"height":200},"classes":[]},{"id":24019,"url":"https:\/\/www.shqiperia.com\/blog\/pllaja-e-kolonjes-qyteterimi-prehistorik-me-ne-ze-i-ballkanit\/","url_meta":{"origin":24426,"position":2},"title":"Pllaja e Kolonj\u00ebs, qytet\u00ebrimi prehistorik m\u00eb n\u00eb z\u00eb i Ballkanit","author":"Kurt Farka","date":"July 30, 2019","format":false,"excerpt":"Pllaja e Kolonj\u00ebs, qytet\u00ebrimi prehistorik m\u00eb n\u00eb z\u00eb i Ballkanit Nga Gazeta Telegraf - 19 Maj, 2018 Nga\u00a0Seldi Hasanas \u201cPllaja e Kolonj\u00ebs, s\u00eb bashku me pellgun e Kor\u00e7\u00ebs n\u00eb Shqip\u00ebrin\u00eb Juglindore, p\u00ebrfaq\u00ebson nj\u00eb nga rajonet m\u00eb t\u00eb pasura e m\u00eb n\u00eb z\u00eb t\u00eb qytet\u00ebrimit prehistorik, brenda vendit ton\u00eb e m\u00eb\u2026","rel":"","context":"In &quot;Blogu i Udh\u00ebtarit&quot;","block_context":{"text":"Blogu i Udh\u00ebtarit","link":"https:\/\/www.shqiperia.com\/blog\/category\/blogu-i-udhetarit\/"},"img":{"alt_text":"","src":"https:\/\/i0.wp.com\/www.shqiperia.com\/blog\/wp-content\/uploads\/2019\/07\/0-10.jpg?fit=956%2C441&ssl=1&resize=350%2C200","width":350,"height":200,"srcset":"https:\/\/i0.wp.com\/www.shqiperia.com\/blog\/wp-content\/uploads\/2019\/07\/0-10.jpg?fit=956%2C441&ssl=1&resize=350%2C200 1x, https:\/\/i0.wp.com\/www.shqiperia.com\/blog\/wp-content\/uploads\/2019\/07\/0-10.jpg?fit=956%2C441&ssl=1&resize=525%2C300 1.5x, https:\/\/i0.wp.com\/www.shqiperia.com\/blog\/wp-content\/uploads\/2019\/07\/0-10.jpg?fit=956%2C441&ssl=1&resize=700%2C400 2x"},"classes":[]},{"id":101607,"url":"https:\/\/www.shqiperia.com\/blog\/revista-quaternary-science-reviews-zverneci-dhe-dalani-nuk-jane-vetem-flamingo-e-manastir-ortodoks-por-edhe-djepi-i-prehistorise-sone-dhe-arkiva-me-e-vjeter-e-njerezimit\/","url_meta":{"origin":24426,"position":3},"title":"Revista \u201cQuaternary Science Reviews\u201d: Zv\u00ebrneci dhe Dalani nuk jan\u00eb vet\u00ebm flamingo e manastir ortodoks, por edhe djepi i prehistoris\u00eb son\u00eb dhe arkiva m\u00eb e vjet\u00ebr e njer\u00ebzimit","author":"Kurt Farka","date":"June 18, 2026","format":false,"excerpt":"Ky dokument gjeologjik, paleobotanik, paleontologjik dhe arkeologjik \u2014 i varur si hap\u00ebsirat e Triportit-Portonov\u00ebs \u2014 nuk \u00ebsht\u00eb thjesht \u201csiti i par\u00eb Neandertal i Shqip\u00ebris\u00eb\u201d. \u00cbsht\u00eb sekuenca e vetme e njohur gjer sot n\u00eb vendin ton\u00eb q\u00eb dokumenton t\u00eb gjitha fazat kryesore t\u00eb historis\u00eb njer\u00ebzore \u2014 nga Paleoliti i Mes\u00ebm, n\u00ebp\u00ebrmjet\u2026","rel":"","context":"In &quot;Blogu i Udh\u00ebtarit&quot;","block_context":{"text":"Blogu i Udh\u00ebtarit","link":"https:\/\/www.shqiperia.com\/blog\/category\/blogu-i-udhetarit\/"},"img":{"alt_text":"","src":"https:\/\/i0.wp.com\/www.shqiperia.com\/blog\/wp-content\/uploads\/2026\/06\/Cover-caption-copy-750x375-1.jpg?fit=750%2C375&ssl=1&resize=350%2C200","width":350,"height":200,"srcset":"https:\/\/i0.wp.com\/www.shqiperia.com\/blog\/wp-content\/uploads\/2026\/06\/Cover-caption-copy-750x375-1.jpg?fit=750%2C375&ssl=1&resize=350%2C200 1x, https:\/\/i0.wp.com\/www.shqiperia.com\/blog\/wp-content\/uploads\/2026\/06\/Cover-caption-copy-750x375-1.jpg?fit=750%2C375&ssl=1&resize=525%2C300 1.5x, https:\/\/i0.wp.com\/www.shqiperia.com\/blog\/wp-content\/uploads\/2026\/06\/Cover-caption-copy-750x375-1.jpg?fit=750%2C375&ssl=1&resize=700%2C400 2x"},"classes":[]},{"id":105625,"url":"https:\/\/www.shqiperia.com\/blog\/resorti-tek-gjiri-i-manastirit-shkaterroi-potencialin-arkeologjik-te-parkut-te-butrintit\/","url_meta":{"origin":24426,"position":4},"title":"Resorti tek Gjiri i Manastirit shkat\u00ebrroi potencialin arkeologjik t\u00eb Parkut t\u00eb Butrintit","author":"Kurt Farka","date":"September 1, 2026","format":false,"excerpt":"1 Shtator 2026 Nd\u00ebrtimi i nj\u00eb resorti e transformoi p\u00ebrgjithmon\u00eb Gjirin e Manastirit, q\u00eb ndan Detin Jon me Liqenin e Butrintit dhe nga ana tjet\u00ebr shkat\u00ebrroi potencialin arkeologjik t\u00eb zon\u00ebs, p\u00ebrfshir\u00eb nj\u00eb zbulim t\u00eb vitit 2010. Kompania nuk respektoi monitorimin arkeologjik dhe u gjet n\u00eb shkelje nga nj\u00eb vler\u00ebsim i\u2026","rel":"","context":"In &quot;Histori&quot;","block_context":{"text":"Histori","link":"https:\/\/www.shqiperia.com\/blog\/category\/histori\/"},"img":{"alt_text":"","src":"https:\/\/i0.wp.com\/www.shqiperia.com\/blog\/wp-content\/uploads\/2026\/09\/Gjurma-e-zbulimit-arkeologjik-te%CC%88-vitit-2010.-Foto-nga-raporti-i-ish-Agjencise%CC%88-se%CC%88-She%CC%88rbimit-Arkeologjik-1.png?fit=1200%2C800&ssl=1&resize=350%2C200","width":350,"height":200,"srcset":"https:\/\/i0.wp.com\/www.shqiperia.com\/blog\/wp-content\/uploads\/2026\/09\/Gjurma-e-zbulimit-arkeologjik-te%CC%88-vitit-2010.-Foto-nga-raporti-i-ish-Agjencise%CC%88-se%CC%88-She%CC%88rbimit-Arkeologjik-1.png?fit=1200%2C800&ssl=1&resize=350%2C200 1x, https:\/\/i0.wp.com\/www.shqiperia.com\/blog\/wp-content\/uploads\/2026\/09\/Gjurma-e-zbulimit-arkeologjik-te%CC%88-vitit-2010.-Foto-nga-raporti-i-ish-Agjencise%CC%88-se%CC%88-She%CC%88rbimit-Arkeologjik-1.png?fit=1200%2C800&ssl=1&resize=525%2C300 1.5x, https:\/\/i0.wp.com\/www.shqiperia.com\/blog\/wp-content\/uploads\/2026\/09\/Gjurma-e-zbulimit-arkeologjik-te%CC%88-vitit-2010.-Foto-nga-raporti-i-ish-Agjencise%CC%88-se%CC%88-She%CC%88rbimit-Arkeologjik-1.png?fit=1200%2C800&ssl=1&resize=700%2C400 2x, https:\/\/i0.wp.com\/www.shqiperia.com\/blog\/wp-content\/uploads\/2026\/09\/Gjurma-e-zbulimit-arkeologjik-te%CC%88-vitit-2010.-Foto-nga-raporti-i-ish-Agjencise%CC%88-se%CC%88-She%CC%88rbimit-Arkeologjik-1.png?fit=1200%2C800&ssl=1&resize=1050%2C600 3x"},"classes":[]},{"id":104393,"url":"https:\/\/www.shqiperia.com\/blog\/ja-si-blendi-gonxhe-shkaterroi-zonat-arkeologjike-legalizoi-156-ndertime-pa-leje-pas-nisjes-se-punimeve-dalin\/","url_meta":{"origin":24426,"position":5},"title":"Ja si Blendi Gonxhe shkat\u00ebrroi zonat arkeologjike, legalizoi 156 nd\u00ebrtime pa leje pas nisjes s\u00eb punimeve, dalin\u2026","author":"Kurt Farka","date":"August 14, 2026","format":false,"excerpt":"14 Gusht 2026 Endri Haxhiu shfaqet prej vitesh pran\u00eb Blendi Gonxhes, duke e ndjekur at\u00eb n\u00eb disa prej posteve m\u00eb t\u00eb r\u00ebnd\u00ebsishme q\u00eb ka mbajtur. Nga Drejtoria e P\u00ebrgjithshme e Sh\u00ebrbimeve t\u00eb Transportit Rrugor, te Ministria e Kultur\u00ebs, Haxhiu ka vijuar t\u00eb jet\u00eb pjes\u00eb e strukturave ku ka ushtruar detyr\u00ebn\u2026","rel":"","context":"In &quot;Blogu i Udh\u00ebtarit&quot;","block_context":{"text":"Blogu i Udh\u00ebtarit","link":"https:\/\/www.shqiperia.com\/blog\/category\/blogu-i-udhetarit\/"},"img":{"alt_text":"","src":"https:\/\/i0.wp.com\/www.shqiperia.com\/blog\/wp-content\/uploads\/2026\/08\/hkhhhkhh-2.jpg?fit=516%2C400&ssl=1&resize=350%2C200","width":350,"height":200},"classes":[]}],"_links":{"self":[{"href":"https:\/\/www.shqiperia.com\/blog\/wp-json\/wp\/v2\/posts\/24426","targetHints":{"allow":["GET"]}}],"collection":[{"href":"https:\/\/www.shqiperia.com\/blog\/wp-json\/wp\/v2\/posts"}],"about":[{"href":"https:\/\/www.shqiperia.com\/blog\/wp-json\/wp\/v2\/types\/post"}],"author":[{"embeddable":true,"href":"https:\/\/www.shqiperia.com\/blog\/wp-json\/wp\/v2\/users\/9"}],"replies":[{"embeddable":true,"href":"https:\/\/www.shqiperia.com\/blog\/wp-json\/wp\/v2\/comments?post=24426"}],"version-history":[{"count":3,"href":"https:\/\/www.shqiperia.com\/blog\/wp-json\/wp\/v2\/posts\/24426\/revisions"}],"predecessor-version":[{"id":24450,"href":"https:\/\/www.shqiperia.com\/blog\/wp-json\/wp\/v2\/posts\/24426\/revisions\/24450"}],"wp:featuredmedia":[{"embeddable":true,"href":"https:\/\/www.shqiperia.com\/blog\/wp-json\/wp\/v2\/media\/24427"}],"wp:attachment":[{"href":"https:\/\/www.shqiperia.com\/blog\/wp-json\/wp\/v2\/media?parent=24426"}],"wp:term":[{"taxonomy":"category","embeddable":true,"href":"https:\/\/www.shqiperia.com\/blog\/wp-json\/wp\/v2\/categories?post=24426"},{"taxonomy":"post_tag","embeddable":true,"href":"https:\/\/www.shqiperia.com\/blog\/wp-json\/wp\/v2\/tags?post=24426"}],"curies":[{"name":"wp","href":"https:\/\/api.w.org\/{rel}","templated":true}]}}