{"id":23471,"date":"2019-07-23T14:36:11","date_gmt":"2019-07-23T14:36:11","guid":{"rendered":"http:\/\/www.shqiperia.com\/blog\/?p=23471"},"modified":"2019-07-23T14:36:11","modified_gmt":"2019-07-23T14:36:11","slug":"perfaqesuesi-i-larte-i-osbe-leter-rames-ndryshoni-projektligjin-per-mediat-elektronike-gjobat-shume-te-larta-ama-smund-te-merret-me-shpifjen-kompetence-e","status":"publish","type":"post","link":"https:\/\/www.shqiperia.com\/blog\/perfaqesuesi-i-larte-i-osbe-leter-rames-ndryshoni-projektligjin-per-mediat-elektronike-gjobat-shume-te-larta-ama-smund-te-merret-me-shpifjen-kompetence-e\/","title":{"rendered":"P\u00ebrfaq\u00ebsuesi i lart\u00eb i OSBE let\u00ebr Ram\u00ebs: Ndryshoni projektligjin p\u00ebr mediat elektronike. Gjobat shum\u00eb t\u00eb larta. AMA s\u2019mund t\u00eb merret m\u00eb shpifjen, kompetenc\u00eb e\u2026"},"content":{"rendered":"<p><img data-recalc-dims=\"1\" loading=\"lazy\" decoding=\"async\" data-attachment-id=\"23472\" data-permalink=\"https:\/\/www.shqiperia.com\/blog\/perfaqesuesi-i-larte-i-osbe-leter-rames-ndryshoni-projektligjin-per-mediat-elektronike-gjobat-shume-te-larta-ama-smund-te-merret-me-shpifjen-kompetence-e\/harlem-desir-rama-leter\/\" data-orig-file=\"https:\/\/i0.wp.com\/www.shqiperia.com\/blog\/wp-content\/uploads\/2019\/07\/Harlem-D%C3%A9sir-Rama-leter.jpg?fit=933%2C549&amp;ssl=1\" data-orig-size=\"933,549\" data-comments-opened=\"1\" data-image-meta=\"{&quot;aperture&quot;:&quot;0&quot;,&quot;credit&quot;:&quot;&quot;,&quot;camera&quot;:&quot;&quot;,&quot;caption&quot;:&quot;&quot;,&quot;created_timestamp&quot;:&quot;0&quot;,&quot;copyright&quot;:&quot;&quot;,&quot;focal_length&quot;:&quot;0&quot;,&quot;iso&quot;:&quot;0&quot;,&quot;shutter_speed&quot;:&quot;0&quot;,&quot;title&quot;:&quot;&quot;,&quot;orientation&quot;:&quot;0&quot;}\" data-image-title=\"Harlem-D\u00e9sir-Rama-leter\" data-image-description=\"\" data-image-caption=\"\" data-medium-file=\"https:\/\/i0.wp.com\/www.shqiperia.com\/blog\/wp-content\/uploads\/2019\/07\/Harlem-D%C3%A9sir-Rama-leter.jpg?fit=300%2C177&amp;ssl=1\" data-large-file=\"https:\/\/i0.wp.com\/www.shqiperia.com\/blog\/wp-content\/uploads\/2019\/07\/Harlem-D%C3%A9sir-Rama-leter.jpg?fit=933%2C549&amp;ssl=1\" class=\"alignnone  wp-image-23472\" alt=\"\" src=\"https:\/\/i0.wp.com\/www.shqiperia.com\/blog\/wp-content\/uploads\/2019\/07\/Harlem-D%C3%A9sir-Rama-leter-300x177.jpg?resize=502%2C296\" width=\"502\" height=\"296\" srcset=\"https:\/\/i0.wp.com\/www.shqiperia.com\/blog\/wp-content\/uploads\/2019\/07\/Harlem-D%C3%A9sir-Rama-leter.jpg?resize=300%2C177&amp;ssl=1 300w, https:\/\/i0.wp.com\/www.shqiperia.com\/blog\/wp-content\/uploads\/2019\/07\/Harlem-D%C3%A9sir-Rama-leter.jpg?resize=768%2C452&amp;ssl=1 768w, https:\/\/i0.wp.com\/www.shqiperia.com\/blog\/wp-content\/uploads\/2019\/07\/Harlem-D%C3%A9sir-Rama-leter.jpg?resize=450%2C265&amp;ssl=1 450w, https:\/\/i0.wp.com\/www.shqiperia.com\/blog\/wp-content\/uploads\/2019\/07\/Harlem-D%C3%A9sir-Rama-leter.jpg?resize=600%2C353&amp;ssl=1 600w, https:\/\/i0.wp.com\/www.shqiperia.com\/blog\/wp-content\/uploads\/2019\/07\/Harlem-D%C3%A9sir-Rama-leter.jpg?resize=400%2C235&amp;ssl=1 400w, https:\/\/i0.wp.com\/www.shqiperia.com\/blog\/wp-content\/uploads\/2019\/07\/Harlem-D%C3%A9sir-Rama-leter.jpg?w=933&amp;ssl=1 933w\" sizes=\"auto, (max-width: 502px) 100vw, 502px\" \/><\/p>\n<p>P\u00ebrfaq\u00ebsuesi i lart\u00eb i OSBE let\u00ebr Ram\u00ebs: Ndryshoni projektligjin p\u00ebr mediat elektronike. Gjobat shum\u00eb t\u00eb larta. AMA s\u2019mund t\u00eb merret m\u00eb shpifjen, kompetenc\u00eb e\u2026<\/p>\n<p><em>23 korrik 2019<\/em><\/p>\n<p><strong>P\u00ebrfaq\u00ebsuesi i OSBE-s\u00eb p\u00ebr Lirin\u00eb e Medias, Harlem D\u00e9sir, i d\u00ebrgoi Kryeministrit t\u00eb Republik\u00ebs s\u00eb Shqip\u00ebris\u00eb, Edi Rama, nj\u00eb analiz\u00eb ligjore t\u00eb ndryshimeve n\u00eb Ligjet p\u00ebr Mediat Audiovizive dhe Komunikimet Elektronike n\u00eb Republik\u00ebn e Shqip\u00ebris\u00eb, si dhe n\u00eb dispozita t\u00eb tjera t\u00eb lidhura me rregullimin e materialeve me p\u00ebrmbajtje t\u00eb ndryshme q\u00eb shp\u00ebrndahen n\u00ebp\u00ebrmjet internetit.<\/strong><\/p>\n<p>Kjo analiz\u00eb ligjore u paraqit n\u00eb kuadrin e nj\u00eb procesi t\u00eb gjat\u00eb konsultimesh nd\u00ebrmjet Zyr\u00ebs s\u00eb P\u00ebrfaq\u00ebsuesit dhe qeveris\u00eb n\u00eb faz\u00ebn e hartimit t\u00eb legjislacionit. \u201cE vler\u00ebsoj bashk\u00ebpunimin konstruktiv me autoritetet, edhe pse nevojiten disa p\u00ebrmir\u00ebsime t\u00eb tjera n\u00eb projektligje. Shpresoj q\u00eb rekomandimet tona t\u00eb merren parasysh dhe se gjat\u00eb shqyrtimit t\u00eb projektligjeve n\u00eb Kuvend do t\u00eb b\u00ebhen modifikime t\u00eb m\u00ebtejshme p\u00ebr t\u00eb siguruar p\u00ebrputhshm\u00ebri m\u00eb t\u00eb mir\u00eb t\u00eb legjislacionit t\u00eb ardhsh\u00ebm me standardet nd\u00ebrkomb\u00ebtare p\u00ebr lirin\u00eb e shprehjes dhe lirin\u00eb e medias\u201d, tha P\u00ebrfaq\u00ebsuesi.<\/p>\n<p>Analiza e kryer nga Dr. Joan Barata Mir, ekspert i pavarur p\u00ebr lirin\u00eb e medias, \u00ebsht\u00eb nj\u00eb variant i zgjeruar dhe i p\u00ebrdit\u00ebsuar i analiz\u00ebs ligjore q\u00eb Zyra e P\u00ebrfaq\u00ebsuesit p\u00ebr Lirin\u00eb e Medias botoi m\u00eb 11 korrik.<\/p>\n<p>\u201cV\u00ebrej se ka pasur p\u00ebrmir\u00ebsime t\u00eb ndjeshme n\u00eb krahasim me projektligjet e p\u00ebrgatitura m\u00eb par\u00eb gjat\u00eb vitit. Varianti i fundit i projektligjit p\u00ebr mediat audiovizive p\u00ebrmban dispozita t\u00eb reja q\u00eb p\u00ebrcaktojn\u00eb m\u00eb mir\u00eb dhe m\u00eb sakt\u00ebsisht objektin dhe fush\u00ebveprimin e ligjit dhe p\u00ebrmend nevoj\u00ebn q\u00eb Autoriteti i Mediave Audiovizive (AMA) t\u00eb respektoj\u00eb standardet nd\u00ebrkomb\u00ebtare dhe rajonale gjat\u00eb miratimit t\u00eb vendimeve t\u00eb veta. \u00cbsht\u00eb pozitiv fakti q\u00eb dispozitat problematike n\u00eb lidhje me regjistrimin e emrave t\u00eb domain-it dhe bllokimin e p\u00ebrmbajtjes n\u00eb internet jan\u00eb hequr dhe se propozimi p\u00ebrfshin nj\u00eb p\u00ebrshtatje specifike t\u00eb s\u00eb drejt\u00ebs p\u00ebr t\u2019u p\u00ebrgjigjur n\u00eb mjedisin e ri t\u00eb botimeve elektronike\u201d, tha D\u00e9sir.<\/p>\n<p>Sipas OSBE-se, p\u00ebrfaq\u00ebsuesi e njeh faktin q\u00eb projektligji nuk i jep kompetenc\u00eb K\u00ebshillit t\u00eb Ankesave t\u00eb AMA-s n\u00eb lidhje me respektimin e normave morale, etike apo profesionale p\u00ebr ofruesit e sh\u00ebrbimeve t\u00eb botimit elektronik. Ve\u00e7 k\u00ebsaj, projektligji n\u00eb fjal\u00eb nuk p\u00ebrmban dispozit\u00ebn e p\u00ebrgjithshme q\u00eb gjendej n\u00eb variantet e m\u00ebparshme, dispozit\u00eb e cila duket se i jepte AMA-s kompetenca t\u00eb gjera dhe t\u00eb pakufizuara bllokuese n\u00eb rastet e \u201cshkeljeve t\u00eb dispozitave t\u00eb k\u00ebtij ligji\u201d, duke i kufizuar ato vet\u00ebm n\u00eb rastet e veprave penale t\u00eb pornografis\u00eb me t\u00eb mitur, nxitjes s\u00eb akteve terroriste apo cenimit t\u00eb siguris\u00eb komb\u00ebtare.<\/p>\n<p>N\u00eb letr\u00ebn e tij drejtuar Kryeministrit t\u00eb Republik\u00ebs s\u00eb Shqip\u00ebris\u00eb, D\u00e9sir theksoi disa \u00e7\u00ebshtje t\u00eb mbetura q\u00eb ende duhen marr\u00eb n\u00eb konsiderat\u00eb, duke rekomanduar ndryshimin e tyre gjat\u00eb shqyrtimit t\u00eb projektligjeve n\u00eb Kuvend. Analiza ligjore propozon, n\u00eb ve\u00e7anti, modifikimin e Nenit 132\/1 q\u00eb i jep AMA-s kompetenc\u00ebn p\u00ebr t\u2019i detyruar ofruesit e sh\u00ebrbimeve t\u00eb botimeve elektronike t\u00eb botojn\u00eb nj\u00eb falje, heqin p\u00ebrmbajtjen apo shtojn\u00eb nj\u00eb njoftim pop-up n\u00eb rastet e shkeljeve t\u00eb dispozitave, n\u00eb ve\u00e7anti sipas Nenit t\u00eb ri 33\/1. N\u00eb k\u00ebt\u00eb nen, refererimi ndaj \u201crespektimit t\u00eb privat\u00ebsis\u00eb dhe dinjitetit t\u00eb qytetar\u00ebve\u201d, i cili \u00ebsht\u00eb i gjer\u00eb, i zgjeron rishtazi fuqit\u00eb e AMA-s sa q\u00eb mund t\u00eb ndikojn\u00eb n\u00eb lirin\u00eb e shprehjes.<\/p>\n<p>\u201cAMA ose \u00e7do organ tjet\u00ebr administrativ ose rregullator nuk duhet t\u00eb merret me \u00e7\u00ebshtjet e shpifjes, t\u00eb cilat duhet t\u00eb mbeten kompetenc\u00eb e gjykatave\u201d, tha D\u00e9sir.<\/p>\n<p>Analiza, po ashtu, sugjeron nj\u00eb formulim t\u00eb ri p\u00ebr paragrafin 3 t\u00eb Nenit 132, q\u00eb p\u00ebrcakton mund\u00ebsin\u00eb \u201ce bllokimit t\u00eb qasjes n\u00eb internet\u201d, n\u00eb rastet kur sh\u00ebrbimet e medias elektronike \u201cmund t\u00eb favorizojn\u00eb\u201d veprat penale t\u00eb pornografis\u00eb me t\u00eb mitur, nxitjes s\u00eb akteve terroriste apo cenimit t\u00eb siguris\u00eb komb\u00ebtare. Formulimi i propozuar gjithashtu synon sqarimin e kompetencave t\u00eb Autoritetit Komb\u00ebtar p\u00ebr Certifikimin Elektronik dhe Sigurin\u00eb Kibernetike (AKCESK), AMA-s dhe Autoritetit t\u00eb Komunikimeve Elektronike dhe Postare (AKEP) n\u00eb k\u00ebt\u00eb fush\u00eb.<\/p>\n<p>Analiza ligjore shpreh shqet\u00ebsime rreth kompetencave q\u00eb i jepen AKEP-it n\u00eb projektligjin p\u00ebr ndryshime n\u00eb Ligjin p\u00ebr Komunikimet Elektronike, lidhur me marrjen e masave p\u00ebr mbrojtjen e nj\u00eb game t\u00eb gjer\u00eb interesash, ku p\u00ebrfshihen interesat e vendit, siguria publike, t\u00eb drejtat themelore dhe \u00e7do dispozit\u00eb t\u00eb p\u00ebrfshir\u00eb n\u00eb sistemin ligjor shqiptar. K\u00ebto nocione p\u00ebrkufizohen shum\u00eb gjer\u00ebsisht dhe mund t\u00eb bien n\u00eb kund\u00ebrshtim me standardet nd\u00ebrkomb\u00ebtare t\u00eb siguris\u00eb juridike, proporcionalitetit dhe domosdoshm\u00ebris\u00eb, si dhe nuk p\u00ebrfshijn\u00eb rregulla specifike p\u00ebr t\u00eb garantuar mbrojtjen e liris\u00eb s\u00eb shprehjes.<\/p>\n<p>P\u00ebr m\u00eb tep\u00ebr, Neni 133 i k\u00ebtij projektligji vazhdon t\u00eb parashikoj\u00eb gjoba me vler\u00eb t\u00eb lart\u00eb monetare q\u00eb vendosen n\u00eb raste shkeljesh.<\/p>\n<p>\u201cShpresoj se analiza ligjore q\u00eb p\u00ebrfshin nj\u00eb num\u00ebr rekomandimesh do t\u00eb jet\u00eb e dobishme n\u00eb diskutimet e m\u00ebtejshme. Zyra ime do t\u00eb vazhdoj\u00eb t\u00eb angazhohet fuqimisht n\u00eb k\u00ebt\u00eb proces, i cili duhet t\u00eb jet\u00eb gjith\u00ebp\u00ebrfshir\u00ebs p\u00ebr \u00e7do pal\u00eb t\u00eb interesuar deri n\u00eb p\u00ebrfundim t\u00eb tij\u201d, tha D\u00e9sir n\u00eb mbyllje.<\/p>\n","protected":false},"excerpt":{"rendered":"<p>P\u00ebrfaq\u00ebsuesi i lart\u00eb i OSBE let\u00ebr Ram\u00ebs: Ndryshoni projektligjin p\u00ebr mediat elektronike. Gjobat shum\u00eb t\u00eb larta. AMA s\u2019mund t\u00eb merret m\u00eb shpifjen, kompetenc\u00eb e\u2026 23 korrik 2019 P\u00ebrfaq\u00ebsuesi i OSBE-s\u00eb p\u00ebr Lirin\u00eb e Medias, Harlem D\u00e9sir, i d\u00ebrgoi Kryeministrit t\u00eb Republik\u00ebs s\u00eb Shqip\u00ebris\u00eb, Edi Rama, nj\u00eb analiz\u00eb ligjore t\u00eb ndryshimeve n\u00eb Ligjet p\u00ebr Mediat Audiovizive [&hellip;]<\/p>\n","protected":false},"author":9,"featured_media":23472,"comment_status":"open","ping_status":"open","sticky":false,"template":"","format":"standard","meta":{"jetpack_post_was_ever_published":false,"_jetpack_newsletter_access":"","_jetpack_dont_email_post_to_subs":false,"_jetpack_newsletter_tier_id":0,"_jetpack_memberships_contains_paywalled_content":false,"_jetpack_memberships_contains_paid_content":false,"footnotes":"","jetpack_publicize_message":"","jetpack_publicize_feature_enabled":true,"jetpack_social_post_already_shared":true,"jetpack_social_options":{"image_generator_settings":{"template":"highway","default_image_id":0,"font":"","enabled":false},"version":2}},"categories":[27,1,35],"tags":[],"class_list":["post-23471","post","type-post","status-publish","format-standard","has-post-thumbnail","hentry","category-blogu-i-udhetarit","category-njoftime-shtypi","category-shoqerore"],"jetpack_publicize_connections":[],"jetpack_featured_media_url":"https:\/\/i0.wp.com\/www.shqiperia.com\/blog\/wp-content\/uploads\/2019\/07\/Harlem-D%C3%A9sir-Rama-leter.jpg?fit=933%2C549&ssl=1","jetpack_sharing_enabled":true,"jetpack_shortlink":"https:\/\/wp.me\/p5Z6wp-66z","jetpack-related-posts":[{"id":30314,"url":"https:\/\/www.shqiperia.com\/blog\/pasi-mori-dokumentet-shpjeguese-nga-presidenti-meta-reagon-osbe-gati-te-punojme-per-ndryshimet-e-propozuara-per-anti-shpifjen\/","url_meta":{"origin":23471,"position":0},"title":"Pasi mori dokumentet shpjeguese nga Presidenti Meta, reagon OSBE: Gati t\u00eb punojm\u00eb p\u00ebr ndryshimet e propozuara p\u00ebr anti-shpifjen","author":"Kurt Farka","date":"January 13, 2020","format":false,"excerpt":"Pasi mori dokumentet shpjeguese nga Presidenti Meta, reagon OSBE: Gati t\u00eb punojm\u00eb p\u00ebr ndryshimet e propozuara p\u00ebr anti-shpifjen \u00a013 janar 2020 P\u00ebrfaq\u00ebsuesi i OSBE-s\u00eb p\u00ebr shtypin, Harlem Desir ka pritur sot n\u00eb nj\u00eb takim Presidentin e Republik\u00ebs, Ilir Meta, i cili e ka njohur me argumentet se p\u00ebrse e ktheu\u2026","rel":"","context":"In &quot;Kultura&quot;","block_context":{"text":"Kultura","link":"https:\/\/www.shqiperia.com\/blog\/category\/kultura\/"},"img":{"alt_text":"","src":"https:\/\/i0.wp.com\/www.shqiperia.com\/blog\/wp-content\/uploads\/2020\/01\/osbe.jpg?fit=1023%2C555&ssl=1&resize=350%2C200","width":350,"height":200,"srcset":"https:\/\/i0.wp.com\/www.shqiperia.com\/blog\/wp-content\/uploads\/2020\/01\/osbe.jpg?fit=1023%2C555&ssl=1&resize=350%2C200 1x, https:\/\/i0.wp.com\/www.shqiperia.com\/blog\/wp-content\/uploads\/2020\/01\/osbe.jpg?fit=1023%2C555&ssl=1&resize=525%2C300 1.5x, https:\/\/i0.wp.com\/www.shqiperia.com\/blog\/wp-content\/uploads\/2020\/01\/osbe.jpg?fit=1023%2C555&ssl=1&resize=700%2C400 2x"},"classes":[]},{"id":12707,"url":"https:\/\/www.shqiperia.com\/blog\/regjistrimi-i-portaleve-osbe-leter-rames-mund-te-sjelle-efekt-shume-negativ-ne-lirine-e-medias\/","url_meta":{"origin":23471,"position":1},"title":"Regjistrimi i portaleve, OSBE let\u00ebr Ram\u00ebs: Mund t\u00eb sjell\u00eb efekt shum\u00eb negativ n\u00eb lirin\u00eb e medias. \u2013","author":"Kurt Farka","date":"October 18, 2018","format":false,"excerpt":"Regjistrimi i portaleve, OSBE let\u00ebr Ram\u00ebs: Mund t\u00eb sjell\u00eb efekt shum\u00eb negativ n\u00eb lirin\u00eb e medias. \u2013 - Kriteret mbi baz\u00ebn e t\u00eb cilave jan\u00eb p\u00ebrzgjedhur k\u00ebto 44 faqe (portale) interneti\u201c!? P\u00ebrfaq\u00ebsuesi i OSBE-s\u00eb p\u00ebr Lirin\u00eb e Medias Harlem D\u00e9sir shprehet se ky vendim mund t\u00eb ket\u00eb efekt negativ n\u00eb\u2026","rel":"","context":"In &quot;Blogu i Udh\u00ebtarit&quot;","block_context":{"text":"Blogu i Udh\u00ebtarit","link":"https:\/\/www.shqiperia.com\/blog\/category\/blogu-i-udhetarit\/"},"img":{"alt_text":"","src":"https:\/\/i0.wp.com\/www.shqiperia.com\/blog\/wp-content\/uploads\/2018\/10\/Prfaqsuesii-OSBE-s-pr-Lirine-Medias-Harlem-Desir.jpg?fit=780%2C440&ssl=1&resize=350%2C200","width":350,"height":200,"srcset":"https:\/\/i0.wp.com\/www.shqiperia.com\/blog\/wp-content\/uploads\/2018\/10\/Prfaqsuesii-OSBE-s-pr-Lirine-Medias-Harlem-Desir.jpg?fit=780%2C440&ssl=1&resize=350%2C200 1x, https:\/\/i0.wp.com\/www.shqiperia.com\/blog\/wp-content\/uploads\/2018\/10\/Prfaqsuesii-OSBE-s-pr-Lirine-Medias-Harlem-Desir.jpg?fit=780%2C440&ssl=1&resize=525%2C300 1.5x, https:\/\/i0.wp.com\/www.shqiperia.com\/blog\/wp-content\/uploads\/2018\/10\/Prfaqsuesii-OSBE-s-pr-Lirine-Medias-Harlem-Desir.jpg?fit=780%2C440&ssl=1&resize=700%2C400 2x"},"classes":[]},{"id":16905,"url":"https:\/\/www.shqiperia.com\/blog\/osbe-frenon-ramen-i-dergon-ligjet-per-paketen-antishpifje\/","url_meta":{"origin":23471,"position":2},"title":"OSBE \u201cfrenon\u201d Ram\u00ebn. I d\u00ebrgon ligjet p\u00ebr Paket\u00ebn Antishpifje.","author":"Kurt Farka","date":"February 3, 2019","format":false,"excerpt":"OSBE \u201cfrenon\u201d Ram\u00ebn. I d\u00ebrgon ligjet p\u00ebr Paket\u00ebn Antishpifje. - 2shkurt 2019 Nisma e qeveris\u00eb p\u00ebr miratimin e nj\u00eb ligji t\u00eb ri t\u00eb cil\u00ebsuar si paketa Antishpifje po monitorohet nga af\u00ebr nga ana e OSBE-s\u00eb n\u00ebp\u00ebrmjet p\u00ebrfaq\u00ebsuesit p\u00ebr Lirin\u00eb e Medias. Sipas burimeve pran\u00eb Gazet\u00ebs \u201cSi\u201d, zyra e OSBE-s\u00eb n\u00eb\u2026","rel":"","context":"In &quot;Kultura&quot;","block_context":{"text":"Kultura","link":"https:\/\/www.shqiperia.com\/blog\/category\/kultura\/"},"img":{"alt_text":"","src":"https:\/\/i0.wp.com\/www.shqiperia.com\/blog\/wp-content\/uploads\/2019\/02\/rama-un-905x395.jpg?fit=847%2C395&ssl=1&resize=350%2C200","width":350,"height":200,"srcset":"https:\/\/i0.wp.com\/www.shqiperia.com\/blog\/wp-content\/uploads\/2019\/02\/rama-un-905x395.jpg?fit=847%2C395&ssl=1&resize=350%2C200 1x, https:\/\/i0.wp.com\/www.shqiperia.com\/blog\/wp-content\/uploads\/2019\/02\/rama-un-905x395.jpg?fit=847%2C395&ssl=1&resize=525%2C300 1.5x, https:\/\/i0.wp.com\/www.shqiperia.com\/blog\/wp-content\/uploads\/2019\/02\/rama-un-905x395.jpg?fit=847%2C395&ssl=1&resize=700%2C400 2x"},"classes":[]},{"id":16331,"url":"https:\/\/www.shqiperia.com\/blog\/16331-2\/","url_meta":{"origin":23471,"position":3},"title":"Tiran\u00eb:  &#8211; 7 organizata i k\u00ebrkojn\u00eb qeveris\u00eb t\u00eb t\u00ebrheq\u00eb 2 projektligjet mbi mediat online si jodemokratike","author":"Kurt Farka","date":"January 19, 2019","format":false,"excerpt":"Tiran\u00eb: \u00a0- 7 organizata i k\u00ebrkojn\u00eb qeveris\u00eb t\u00eb t\u00ebrheq\u00eb 2 projektligjet mbi mediat online si jodemokratike 18 janar 2019. Nj\u00eb grup prej 7 organizatash p\u00ebr mbrojtjen e t\u00eb drejtave t\u00eb njeriut, liris\u00eb s\u00eb fjal\u00ebs dhe organizata t\u00eb gazetar\u00ebve i k\u00ebrkuan sot kryeministrit Edi Rama t\u00eb t\u00ebrheq\u00eb dy projektligjet p\u00ebr rregullimin\u2026","rel":"","context":"In &quot;Blogu i Udh\u00ebtarit&quot;","block_context":{"text":"Blogu i Udh\u00ebtarit","link":"https:\/\/www.shqiperia.com\/blog\/category\/blogu-i-udhetarit\/"},"img":{"alt_text":"","src":"https:\/\/i0.wp.com\/www.shqiperia.com\/blog\/wp-content\/uploads\/2019\/01\/tirane7.png?fit=1009%2C525&ssl=1&resize=350%2C200","width":350,"height":200,"srcset":"https:\/\/i0.wp.com\/www.shqiperia.com\/blog\/wp-content\/uploads\/2019\/01\/tirane7.png?fit=1009%2C525&ssl=1&resize=350%2C200 1x, https:\/\/i0.wp.com\/www.shqiperia.com\/blog\/wp-content\/uploads\/2019\/01\/tirane7.png?fit=1009%2C525&ssl=1&resize=525%2C300 1.5x, https:\/\/i0.wp.com\/www.shqiperia.com\/blog\/wp-content\/uploads\/2019\/01\/tirane7.png?fit=1009%2C525&ssl=1&resize=700%2C400 2x"},"classes":[]},{"id":15314,"url":"https:\/\/www.shqiperia.com\/blog\/organizatat-nderkombetare-thirrje-rames-ligji-per-mediat-kunder-rekomandimeve-te-osbe-se\/","url_meta":{"origin":23471,"position":4},"title":"Organizatat nd\u00ebrkomb\u00ebtare thirrje Ram\u00ebs: &#8211; Ligji p\u00ebr mediat, kund\u00ebr rekomandimeve t\u00eb OSBE-s\u00eb. &#8211;","author":"Kurt Farka","date":"December 27, 2018","format":false,"excerpt":"Organizatat nd\u00ebrkomb\u00ebtare thirrje Ram\u00ebs: - Ligji p\u00ebr mediat, kund\u00ebr rekomandimeve t\u00eb OSBE-s\u00eb. - 27 dhjetor 2018. \u00a0 \u00a0 Kat\u00ebr organizata i kan\u00eb d\u00ebrguar kryeministrit Edi Rama e ministres s\u00eb Drejt\u00ebsis\u00eb, Etilda Gjonaj, nj\u00eb let\u00ebr t\u00eb hapur ku i k\u00ebrkojn\u00eb t\u00ebrheqjen nga ligji p\u00ebr regjistrimin, mbik\u00ebqyrjen, gjobitjen e mbylljen e portaleve\u2026","rel":"","context":"In &quot;Blogu i Udh\u00ebtarit&quot;","block_context":{"text":"Blogu i Udh\u00ebtarit","link":"https:\/\/www.shqiperia.com\/blog\/category\/blogu-i-udhetarit\/"},"img":{"alt_text":"","src":"https:\/\/i0.wp.com\/www.shqiperia.com\/blog\/wp-content\/uploads\/2018\/12\/Stop-Online-Piracy-Act.jpg?fit=400%2C251&ssl=1&resize=350%2C200","width":350,"height":200},"classes":[]},{"id":92078,"url":"https:\/\/www.shqiperia.com\/blog\/rezoluta-e-ppe-abilekaj-pergenjeshtron-premtimin-e-rames\/","url_meta":{"origin":23471,"position":5},"title":"\u2018Rezoluta e PPE\u2019\/ Abilekaj: &#8211; P\u00ebrg\u00ebnjeshtron premtimin e Ram\u00ebs.","author":"Kurt Farka","date":"May 1, 2025","format":false,"excerpt":"1 Maji 2025 Analisti Enton Abilekaj shprehet se miratimi i rezolut\u00ebs s\u00eb 4-\u00ebt n\u00eb PPE e sjell\u00eb nga PD, \u00ebsht\u00eb n\u00eb fakt nj\u00eb raport paraprak i OSBE-ODIHR q\u00eb flet p\u00ebr nj\u00eb d\u00ebshtim t\u00eb procesit zgjedhor n\u00eb Shqip\u00ebri, proces, q\u00eb n\u00eb fakt do t\u00eb zhvillohet m\u00eb 11 maj p\u00ebr zgjedhjet p\u00ebr\u2026","rel":"","context":"In &quot;Blogu i Udh\u00ebtarit&quot;","block_context":{"text":"Blogu i Udh\u00ebtarit","link":"https:\/\/www.shqiperia.com\/blog\/category\/blogu-i-udhetarit\/"},"img":{"alt_text":"","src":"https:\/\/i0.wp.com\/www.shqiperia.com\/blog\/wp-content\/uploads\/2025\/05\/900-0-1720096491xscreenshot-86-737.png?fit=900%2C625&ssl=1&resize=350%2C200","width":350,"height":200,"srcset":"https:\/\/i0.wp.com\/www.shqiperia.com\/blog\/wp-content\/uploads\/2025\/05\/900-0-1720096491xscreenshot-86-737.png?fit=900%2C625&ssl=1&resize=350%2C200 1x, https:\/\/i0.wp.com\/www.shqiperia.com\/blog\/wp-content\/uploads\/2025\/05\/900-0-1720096491xscreenshot-86-737.png?fit=900%2C625&ssl=1&resize=525%2C300 1.5x, https:\/\/i0.wp.com\/www.shqiperia.com\/blog\/wp-content\/uploads\/2025\/05\/900-0-1720096491xscreenshot-86-737.png?fit=900%2C625&ssl=1&resize=700%2C400 2x"},"classes":[]}],"_links":{"self":[{"href":"https:\/\/www.shqiperia.com\/blog\/wp-json\/wp\/v2\/posts\/23471","targetHints":{"allow":["GET"]}}],"collection":[{"href":"https:\/\/www.shqiperia.com\/blog\/wp-json\/wp\/v2\/posts"}],"about":[{"href":"https:\/\/www.shqiperia.com\/blog\/wp-json\/wp\/v2\/types\/post"}],"author":[{"embeddable":true,"href":"https:\/\/www.shqiperia.com\/blog\/wp-json\/wp\/v2\/users\/9"}],"replies":[{"embeddable":true,"href":"https:\/\/www.shqiperia.com\/blog\/wp-json\/wp\/v2\/comments?post=23471"}],"version-history":[{"count":1,"href":"https:\/\/www.shqiperia.com\/blog\/wp-json\/wp\/v2\/posts\/23471\/revisions"}],"predecessor-version":[{"id":23473,"href":"https:\/\/www.shqiperia.com\/blog\/wp-json\/wp\/v2\/posts\/23471\/revisions\/23473"}],"wp:featuredmedia":[{"embeddable":true,"href":"https:\/\/www.shqiperia.com\/blog\/wp-json\/wp\/v2\/media\/23472"}],"wp:attachment":[{"href":"https:\/\/www.shqiperia.com\/blog\/wp-json\/wp\/v2\/media?parent=23471"}],"wp:term":[{"taxonomy":"category","embeddable":true,"href":"https:\/\/www.shqiperia.com\/blog\/wp-json\/wp\/v2\/categories?post=23471"},{"taxonomy":"post_tag","embeddable":true,"href":"https:\/\/www.shqiperia.com\/blog\/wp-json\/wp\/v2\/tags?post=23471"}],"curies":[{"name":"wp","href":"https:\/\/api.w.org\/{rel}","templated":true}]}}