{"id":23468,"date":"2019-07-23T13:47:30","date_gmt":"2019-07-23T13:47:30","guid":{"rendered":"http:\/\/www.shqiperia.com\/blog\/?p=23468"},"modified":"2019-07-23T13:47:30","modified_gmt":"2019-07-23T13:47:30","slug":"nga-mirdita-ne-permet-ja-cilat-jane-vendburimet-e-arit-ne-shqiperi","status":"publish","type":"post","link":"https:\/\/www.shqiperia.com\/blog\/nga-mirdita-ne-permet-ja-cilat-jane-vendburimet-e-arit-ne-shqiperi\/","title":{"rendered":"Nga Mirdita n\u00eb P\u00ebrmet, ja cilat jan\u00eb vendburimet e arit n\u00eb Shqip\u00ebri. &#8211;"},"content":{"rendered":"<p><img data-recalc-dims=\"1\" loading=\"lazy\" decoding=\"async\" data-attachment-id=\"23469\" data-permalink=\"https:\/\/www.shqiperia.com\/blog\/nga-mirdita-ne-permet-ja-cilat-jane-vendburimet-e-arit-ne-shqiperi\/miniere-ari-765x383\/\" data-orig-file=\"https:\/\/i0.wp.com\/www.shqiperia.com\/blog\/wp-content\/uploads\/2019\/07\/miniere-ari-765x383.jpg?fit=765%2C383&amp;ssl=1\" data-orig-size=\"765,383\" data-comments-opened=\"1\" data-image-meta=\"{&quot;aperture&quot;:&quot;0&quot;,&quot;credit&quot;:&quot;&quot;,&quot;camera&quot;:&quot;&quot;,&quot;caption&quot;:&quot;&quot;,&quot;created_timestamp&quot;:&quot;0&quot;,&quot;copyright&quot;:&quot;&quot;,&quot;focal_length&quot;:&quot;0&quot;,&quot;iso&quot;:&quot;0&quot;,&quot;shutter_speed&quot;:&quot;0&quot;,&quot;title&quot;:&quot;&quot;,&quot;orientation&quot;:&quot;0&quot;}\" data-image-title=\"miniere-ari-765&#215;383\" data-image-description=\"\" data-image-caption=\"\" data-medium-file=\"https:\/\/i0.wp.com\/www.shqiperia.com\/blog\/wp-content\/uploads\/2019\/07\/miniere-ari-765x383.jpg?fit=300%2C150&amp;ssl=1\" data-large-file=\"https:\/\/i0.wp.com\/www.shqiperia.com\/blog\/wp-content\/uploads\/2019\/07\/miniere-ari-765x383.jpg?fit=765%2C383&amp;ssl=1\" class=\"alignnone  wp-image-23469\" alt=\"\" src=\"https:\/\/i0.wp.com\/www.shqiperia.com\/blog\/wp-content\/uploads\/2019\/07\/miniere-ari-765x383-300x150.jpg?resize=492%2C246\" width=\"492\" height=\"246\" srcset=\"https:\/\/i0.wp.com\/www.shqiperia.com\/blog\/wp-content\/uploads\/2019\/07\/miniere-ari-765x383.jpg?resize=300%2C150&amp;ssl=1 300w, https:\/\/i0.wp.com\/www.shqiperia.com\/blog\/wp-content\/uploads\/2019\/07\/miniere-ari-765x383.jpg?resize=450%2C225&amp;ssl=1 450w, https:\/\/i0.wp.com\/www.shqiperia.com\/blog\/wp-content\/uploads\/2019\/07\/miniere-ari-765x383.jpg?resize=600%2C300&amp;ssl=1 600w, https:\/\/i0.wp.com\/www.shqiperia.com\/blog\/wp-content\/uploads\/2019\/07\/miniere-ari-765x383.jpg?resize=400%2C200&amp;ssl=1 400w, https:\/\/i0.wp.com\/www.shqiperia.com\/blog\/wp-content\/uploads\/2019\/07\/miniere-ari-765x383.jpg?resize=765%2C383&amp;ssl=1 765w\" sizes=\"auto, (max-width: 492px) 100vw, 492px\" \/><\/p>\n<p>Nga Mirdita n\u00eb P\u00ebrmet, ja cilat jan\u00eb vendburimet e arit n\u00eb Shqip\u00ebri. &#8211;<\/p>\n<p><em>23 korrik 2019<\/em><\/p>\n<p>Ministria e Infrastruktur\u00ebs dhe Energjis\u00eb ka nisur procesin e konsultimit publik p\u00ebr programin e veprimit 3-vje\u00e7ar, p\u00ebr vitet 2019 \u2013 2021, n\u00eb zbatim t\u00eb Strategjis\u00eb Minerare.<\/p>\n<p>\u201c<em>Ky projektvendim ka p\u00ebr q\u00ebllim miratimin e programit t\u00eb veprimit p\u00ebr zbatimin e strategjis\u00eb minerare, i cili \u00ebsht\u00eb dokumenti afatmes\u00ebm i planifikimit minerar, p\u00ebr periudh\u00ebn 3 (tre) vje\u00e7are 2019 \u2013 2021, q\u00eb hartohet n\u00eb baz\u00eb t\u00eb strategjis\u00eb minerare dhe q\u00eb p\u00ebrcakton politikat dhe programet e veprimit dhe k\u00ebrkon t\u00eb realizojn\u00eb zhvillimin e q\u00ebndruesh\u00ebm t\u00eb burimeve minerare ekzistuese dhe n\u00eb perspektiv\u00eb, n\u00eb p\u00ebrputhje me zhvillimet e reja t\u00eb ekonomis\u00eb shqiptare, n\u00eb respekt t\u00eb mjedisit ku jetojm\u00eb<\/em>\u201d shkruhet n\u00eb projektvendimin q\u00eb ka kaluar n\u00eb proces konsultimi.<\/p>\n<p>Nisma p\u00ebrmban 3 anekse; planin 3 vje\u00e7ar t\u00eb shfryt\u00ebzimit minerar, t\u00eb dh\u00ebnat p\u00ebr vendburimet dhe zonat q\u00eb konsiderohen t\u00eb rrezikshme. N\u00eb list\u00ebn e\u00a0 t\u00eb dh\u00ebnave p\u00ebr vendburimet q\u00eb publikon SCAN jan\u00eb edhe zonat minerare q\u00eb p\u00ebrmbajn\u00eb metale t\u00eb \u00e7muara si ar, argjend apo platin. N\u00eb aneks rezulton se jan\u00eb 6 zona minerare me p\u00ebrmbajtje ari.<\/p>\n<p><strong><em>M\u00eb posht\u00eb lista e vendburimeve t\u00eb arit: \u00a0<\/em><\/strong><\/p>\n<p><em>-Mirdit\u00eb\/Zona e Buk\u00ebmir\u00ebs-Simon<\/em><\/p>\n<p><em>-P\u00ebrmet<\/em><\/p>\n<p><em>-Ku\u00e7ov\u00eb-Berat-Gramsh\/Zona e \u00a0Mendrak\u00ebs-Lumi i Tomorric\u00ebs<\/em><\/p>\n<p><em>-Mirdit\u00eb\/Zona e Ka\u00e7inarit<\/em><\/p>\n<p><em>-Librazhd\/Zona Babje\/Ar<\/em><\/p>\n<p><em>-Mirdit\u00eb\/Zona Kthell\u00eb e Ep\u00ebrme<\/em><\/p>\n<p><strong>SCAN<\/strong><\/p>\n","protected":false},"excerpt":{"rendered":"<p>Nga Mirdita n\u00eb P\u00ebrmet, ja cilat jan\u00eb vendburimet e arit n\u00eb Shqip\u00ebri. &#8211; 23 korrik 2019 Ministria e Infrastruktur\u00ebs dhe Energjis\u00eb ka nisur procesin e konsultimit publik p\u00ebr programin e veprimit 3-vje\u00e7ar, p\u00ebr vitet 2019 \u2013 2021, n\u00eb zbatim t\u00eb Strategjis\u00eb Minerare. \u201cKy projektvendim ka p\u00ebr q\u00ebllim miratimin e programit t\u00eb veprimit p\u00ebr zbatimin e [&hellip;]<\/p>\n","protected":false},"author":9,"featured_media":23469,"comment_status":"open","ping_status":"open","sticky":false,"template":"","format":"standard","meta":{"jetpack_post_was_ever_published":false,"_jetpack_newsletter_access":"","_jetpack_dont_email_post_to_subs":false,"_jetpack_newsletter_tier_id":0,"_jetpack_memberships_contains_paywalled_content":false,"_jetpack_memberships_contains_paid_content":false,"footnotes":"","jetpack_publicize_message":"","jetpack_publicize_feature_enabled":true,"jetpack_social_post_already_shared":true,"jetpack_social_options":{"image_generator_settings":{"template":"highway","default_image_id":0,"font":"","enabled":false},"version":2}},"categories":[27,1],"tags":[],"class_list":["post-23468","post","type-post","status-publish","format-standard","has-post-thumbnail","hentry","category-blogu-i-udhetarit","category-njoftime-shtypi"],"jetpack_publicize_connections":[],"jetpack_featured_media_url":"https:\/\/i0.wp.com\/www.shqiperia.com\/blog\/wp-content\/uploads\/2019\/07\/miniere-ari-765x383.jpg?fit=765%2C383&ssl=1","jetpack_sharing_enabled":true,"jetpack_shortlink":"https:\/\/wp.me\/p5Z6wp-66w","jetpack-related-posts":[{"id":98765,"url":"https:\/\/www.shqiperia.com\/blog\/ne-kerkim-te-arit-afrikan\/","url_meta":{"origin":23468,"position":0},"title":"N\u00eb k\u00ebrkim t\u00eb arit afrikan","author":"Kurt Farka","date":"March 28, 2026","format":false,"excerpt":"28 Mars 2026 Afrika e Jugut \u00ebsht\u00eb e njohur p\u00ebr minierat e arit, duke u renditur mes vendeve me rezervat m\u00eb t\u00eb m\u00ebdha t\u00eb arit n\u00eb bot\u00eb. Rritja e \u00e7mimeve dhe k\u00ebrkesat e investitor\u00ebve kan\u00eb rikthyer edhe nj\u00ebher\u00eb v\u00ebmendjen te ringjallja e aktivitetit t\u00eb k\u00ebtij sektori. N\u00eb nj\u00eb moment t\u00eb\u2026","rel":"","context":"In &quot;Blogu i Udh\u00ebtarit&quot;","block_context":{"text":"Blogu i Udh\u00ebtarit","link":"https:\/\/www.shqiperia.com\/blog\/category\/blogu-i-udhetarit\/"},"img":{"alt_text":"","src":"https:\/\/i0.wp.com\/www.shqiperia.com\/blog\/wp-content\/uploads\/2026\/03\/ar-1024x576-1.jpg?fit=1024%2C576&ssl=1&resize=350%2C200","width":350,"height":200,"srcset":"https:\/\/i0.wp.com\/www.shqiperia.com\/blog\/wp-content\/uploads\/2026\/03\/ar-1024x576-1.jpg?fit=1024%2C576&ssl=1&resize=350%2C200 1x, https:\/\/i0.wp.com\/www.shqiperia.com\/blog\/wp-content\/uploads\/2026\/03\/ar-1024x576-1.jpg?fit=1024%2C576&ssl=1&resize=525%2C300 1.5x, https:\/\/i0.wp.com\/www.shqiperia.com\/blog\/wp-content\/uploads\/2026\/03\/ar-1024x576-1.jpg?fit=1024%2C576&ssl=1&resize=700%2C400 2x"},"classes":[]},{"id":43637,"url":"https:\/\/www.shqiperia.com\/blog\/ska-oligarke-por-budallenj-ne-shqiperi-aranita-brahaj-i-pergjigjet-rames-me-fakte\/","url_meta":{"origin":23468,"position":1},"title":"\u201cS\u2019ka oligark\u00eb por budallenj n\u00eb Shqip\u00ebri\u201d \u2013 Aranita Brahaj i p\u00ebrgjigjet Ram\u00ebs me fakte","author":"Kurt Farka","date":"February 1, 2021","format":false,"excerpt":"\u201cS\u2019ka oligark\u00eb por budallenj n\u00eb Shqip\u00ebri\u201d \u2013 Aranita Brahaj i p\u00ebrgjigjet Ram\u00ebs me fakte 19 - 31\/01\/21 Drejtoresha e \u201cOpen Data\u201d, Aranita Brahaj, i kund\u00ebrp\u00ebrgjigjet me fakte deklarat\u00ebs s\u00eb kryeministrit Edi Rama, se n\u00eb Shqip\u00ebri nuk ka oligark\u00eb q\u00eb ndikojn\u00eb n\u00eb qeverisje. Rama tha dje nga Kor\u00e7a se ata persona\u2026","rel":"","context":"In &quot;Blogu i Udh\u00ebtarit&quot;","block_context":{"text":"Blogu i Udh\u00ebtarit","link":"https:\/\/www.shqiperia.com\/blog\/category\/blogu-i-udhetarit\/"},"img":{"alt_text":"","src":"https:\/\/i0.wp.com\/www.shqiperia.com\/blog\/wp-content\/uploads\/2021\/02\/640-0-6015ca4dc41e7.jpg?fit=640%2C394&ssl=1&resize=350%2C200","width":350,"height":200,"srcset":"https:\/\/i0.wp.com\/www.shqiperia.com\/blog\/wp-content\/uploads\/2021\/02\/640-0-6015ca4dc41e7.jpg?fit=640%2C394&ssl=1&resize=350%2C200 1x, https:\/\/i0.wp.com\/www.shqiperia.com\/blog\/wp-content\/uploads\/2021\/02\/640-0-6015ca4dc41e7.jpg?fit=640%2C394&ssl=1&resize=525%2C300 1.5x"},"classes":[]},{"id":90080,"url":"https:\/\/www.shqiperia.com\/blog\/floriri-metali-i-pare-qe-u-perdor-nga-njeriu\/","url_meta":{"origin":23468,"position":2},"title":"Floriri, metali i par\u00eb q\u00eb u p\u00ebrdor nga njeriu","author":"Kurt Farka","date":"March 3, 2025","format":false,"excerpt":"3 Mars 2025 Kur mendojm\u00eb p\u00ebr metale t\u00eb \u00e7muara dhe t\u00eb rralla, i pari q\u00eb vjen n\u00eb mendje \u00ebsht\u00eb floriri. Shk\u00eblqimi dhe vlera e kan\u00eb b\u00ebr\u00eb nd\u00ebr shekuj p\u00ebr njer\u00ebzimin simbol t\u00eb pasuris\u00eb, pushtetit e prestigjit. \u00cbsht\u00eb p\u00ebrdorur nga njer\u00ebzimi q\u00eb n\u00eb koh\u00ebn prehistorike, madje sipas gjurm\u00ebve t\u00eb gjetura \u00ebsht\u00eb\u2026","rel":"","context":"In &quot;Arte&quot;","block_context":{"text":"Arte","link":"https:\/\/www.shqiperia.com\/blog\/category\/arte\/"},"img":{"alt_text":"","src":"https:\/\/i0.wp.com\/www.shqiperia.com\/blog\/wp-content\/uploads\/2025\/03\/floriri-1024x502-1.png?fit=1024%2C502&ssl=1&resize=350%2C200","width":350,"height":200,"srcset":"https:\/\/i0.wp.com\/www.shqiperia.com\/blog\/wp-content\/uploads\/2025\/03\/floriri-1024x502-1.png?fit=1024%2C502&ssl=1&resize=350%2C200 1x, https:\/\/i0.wp.com\/www.shqiperia.com\/blog\/wp-content\/uploads\/2025\/03\/floriri-1024x502-1.png?fit=1024%2C502&ssl=1&resize=525%2C300 1.5x, https:\/\/i0.wp.com\/www.shqiperia.com\/blog\/wp-content\/uploads\/2025\/03\/floriri-1024x502-1.png?fit=1024%2C502&ssl=1&resize=700%2C400 2x"},"classes":[]},{"id":56237,"url":"https:\/\/www.shqiperia.com\/blog\/tenderat-e-dyshimte-te-veliajt-kpp-nga-62-ankesa-48-jane-vetem-per-procedurat-ne-tirane\/","url_meta":{"origin":23468,"position":3},"title":"Tenderat e dyshimt\u00eb t\u00eb Veliajt, KPP: &#8211; Nga 62 ankesa, 48 jan\u00eb vet\u00ebm p\u00ebr procedurat n\u00eb Tiran\u00eb","author":"Kurt Farka","date":"April 2, 2022","format":false,"excerpt":"Tenderat e dyshimt\u00eb t\u00eb Veliajt, KPP: - Nga 62 ankesa, 48 jan\u00eb vet\u00ebm p\u00ebr procedurat n\u00eb Tiran\u00eb 30 Mars 2022 Bashkia e Tiran\u00ebs vijon t\u00eb jet\u00eb problematike me prokurimet e dyshimta pasi ka numrin m\u00eb t\u00eb lart\u00eb t\u00eb ankimimeve t\u00eb subjekteve p\u00ebr tenderat. Sipas buletinit t\u00eb Komisionit t\u00eb Prokurimit Publik\u2026","rel":"","context":"In &quot;Blogu i Udh\u00ebtarit&quot;","block_context":{"text":"Blogu i Udh\u00ebtarit","link":"https:\/\/www.shqiperia.com\/blog\/category\/blogu-i-udhetarit\/"},"img":{"alt_text":"","src":"https:\/\/i0.wp.com\/www.shqiperia.com\/blog\/wp-content\/uploads\/2022\/04\/Erion-Velija.jpg?fit=841%2C455&ssl=1&resize=350%2C200","width":350,"height":200,"srcset":"https:\/\/i0.wp.com\/www.shqiperia.com\/blog\/wp-content\/uploads\/2022\/04\/Erion-Velija.jpg?fit=841%2C455&ssl=1&resize=350%2C200 1x, https:\/\/i0.wp.com\/www.shqiperia.com\/blog\/wp-content\/uploads\/2022\/04\/Erion-Velija.jpg?fit=841%2C455&ssl=1&resize=525%2C300 1.5x, https:\/\/i0.wp.com\/www.shqiperia.com\/blog\/wp-content\/uploads\/2022\/04\/Erion-Velija.jpg?fit=841%2C455&ssl=1&resize=700%2C400 2x"},"classes":[]},{"id":95097,"url":"https:\/\/www.shqiperia.com\/blog\/ulen-temperaturat-malet-e-vendit-mbulohen-me-debore\/","url_meta":{"origin":23468,"position":4},"title":"Ulen temperaturat, malet e vendit mbulohen me d\u00ebbor\u00eb","author":"Kurt Farka","date":"November 23, 2025","format":false,"excerpt":"23 Nentor 2025 Pas reshjeve t\u00eb dendura t\u00eb shiut, q\u00eb shkaktuan shum\u00eb probleme n\u00eb disa akse rrugore nacionale dhe rurale, moti ka ndryshuar duke i hapur rrug\u00eb d\u00ebbor\u00ebs. Gjat\u00eb nat\u00ebs dhe m\u00ebngjesit t\u00eb sot\u00ebm, malet jan\u00eb mbuluar me d\u00ebbor\u00eb n\u00eb lart\u00ebsin\u00eb 500 metra mbi nivelin e detit, e shoq\u00ebruar me\u2026","rel":"","context":"In &quot;Blogu i Udh\u00ebtarit&quot;","block_context":{"text":"Blogu i Udh\u00ebtarit","link":"https:\/\/www.shqiperia.com\/blog\/category\/blogu-i-udhetarit\/"},"img":{"alt_text":"","src":"https:\/\/i0.wp.com\/www.shqiperia.com\/blog\/wp-content\/uploads\/2025\/11\/640-0-ipiccy-image-8-2-1536x768-1763886288.webp?fit=640%2C320&ssl=1&resize=350%2C200","width":350,"height":200,"srcset":"https:\/\/i0.wp.com\/www.shqiperia.com\/blog\/wp-content\/uploads\/2025\/11\/640-0-ipiccy-image-8-2-1536x768-1763886288.webp?fit=640%2C320&ssl=1&resize=350%2C200 1x, https:\/\/i0.wp.com\/www.shqiperia.com\/blog\/wp-content\/uploads\/2025\/11\/640-0-ipiccy-image-8-2-1536x768-1763886288.webp?fit=640%2C320&ssl=1&resize=525%2C300 1.5x"},"classes":[]},{"id":31263,"url":"https:\/\/www.shqiperia.com\/blog\/raporti-i-klsh-demi-ne-buxhetin-e-shtetit-2-9-miliard-euro-parregullsi-shkelje-financiare-alarmante\/","url_meta":{"origin":23468,"position":5},"title":"Raporti i KLSH: D\u00ebmi n\u00eb buxhetin e shtetit 2.9 miliard euro, parregullsi, shkelje financiare. ALARMANTE","author":"Kurt Farka","date":"February 8, 2020","format":false,"excerpt":"Raporti i KLSH: D\u00ebmi n\u00eb buxhetin e shtetit 2.9 miliard euro, parregullsi, shkelje financiare. ALARMANTE 7 shkurt 2020 Keqmenaxhimi i financave publike, abuzimet me prokurimet, tenderat dhe dh\u00ebnia me qira n\u00eb 2 vitet e fundit i ka kushtuar taksapaguesve shqiptar nj\u00eb d\u00ebm ekonomiko-financiar prej 2.9 miliard euro. Sipas Transparency\u00a0 Internacional,\u2026","rel":"","context":"In &quot;Blogu i Udh\u00ebtarit&quot;","block_context":{"text":"Blogu i Udh\u00ebtarit","link":"https:\/\/www.shqiperia.com\/blog\/category\/blogu-i-udhetarit\/"},"img":{"alt_text":"","src":"https:\/\/i0.wp.com\/www.shqiperia.com\/blog\/wp-content\/uploads\/2020\/02\/rama-uron-rucin-kuvend-780x405-750x405-1.jpg?fit=750%2C405&ssl=1&resize=350%2C200","width":350,"height":200,"srcset":"https:\/\/i0.wp.com\/www.shqiperia.com\/blog\/wp-content\/uploads\/2020\/02\/rama-uron-rucin-kuvend-780x405-750x405-1.jpg?fit=750%2C405&ssl=1&resize=350%2C200 1x, https:\/\/i0.wp.com\/www.shqiperia.com\/blog\/wp-content\/uploads\/2020\/02\/rama-uron-rucin-kuvend-780x405-750x405-1.jpg?fit=750%2C405&ssl=1&resize=525%2C300 1.5x, https:\/\/i0.wp.com\/www.shqiperia.com\/blog\/wp-content\/uploads\/2020\/02\/rama-uron-rucin-kuvend-780x405-750x405-1.jpg?fit=750%2C405&ssl=1&resize=700%2C400 2x"},"classes":[]}],"_links":{"self":[{"href":"https:\/\/www.shqiperia.com\/blog\/wp-json\/wp\/v2\/posts\/23468","targetHints":{"allow":["GET"]}}],"collection":[{"href":"https:\/\/www.shqiperia.com\/blog\/wp-json\/wp\/v2\/posts"}],"about":[{"href":"https:\/\/www.shqiperia.com\/blog\/wp-json\/wp\/v2\/types\/post"}],"author":[{"embeddable":true,"href":"https:\/\/www.shqiperia.com\/blog\/wp-json\/wp\/v2\/users\/9"}],"replies":[{"embeddable":true,"href":"https:\/\/www.shqiperia.com\/blog\/wp-json\/wp\/v2\/comments?post=23468"}],"version-history":[{"count":1,"href":"https:\/\/www.shqiperia.com\/blog\/wp-json\/wp\/v2\/posts\/23468\/revisions"}],"predecessor-version":[{"id":23470,"href":"https:\/\/www.shqiperia.com\/blog\/wp-json\/wp\/v2\/posts\/23468\/revisions\/23470"}],"wp:featuredmedia":[{"embeddable":true,"href":"https:\/\/www.shqiperia.com\/blog\/wp-json\/wp\/v2\/media\/23469"}],"wp:attachment":[{"href":"https:\/\/www.shqiperia.com\/blog\/wp-json\/wp\/v2\/media?parent=23468"}],"wp:term":[{"taxonomy":"category","embeddable":true,"href":"https:\/\/www.shqiperia.com\/blog\/wp-json\/wp\/v2\/categories?post=23468"},{"taxonomy":"post_tag","embeddable":true,"href":"https:\/\/www.shqiperia.com\/blog\/wp-json\/wp\/v2\/tags?post=23468"}],"curies":[{"name":"wp","href":"https:\/\/api.w.org\/{rel}","templated":true}]}}