{"id":23462,"date":"2019-07-23T10:36:02","date_gmt":"2019-07-23T10:36:02","guid":{"rendered":"http:\/\/www.shqiperia.com\/blog\/?p=23462"},"modified":"2019-07-23T10:36:02","modified_gmt":"2019-07-23T10:36:02","slug":"basha-nga-tropoja-rama-ka-diskriminuar-bashkite-e-veriut-objektivi-yne-eshte-ta-largojme","status":"publish","type":"post","link":"https:\/\/www.shqiperia.com\/blog\/basha-nga-tropoja-rama-ka-diskriminuar-bashkite-e-veriut-objektivi-yne-eshte-ta-largojme\/","title":{"rendered":"Basha nga Tropoja: &#8211; Rama ka diskriminuar bashkit\u00eb e veriut, objektivi yn\u00eb \u00ebsht\u00eb ta largojm\u00eb"},"content":{"rendered":"<p><img data-recalc-dims=\"1\" loading=\"lazy\" decoding=\"async\" data-attachment-id=\"23463\" data-permalink=\"https:\/\/www.shqiperia.com\/blog\/basha-nga-tropoja-rama-ka-diskriminuar-bashkite-e-veriut-objektivi-yne-eshte-ta-largojme\/a-12\/\" data-orig-file=\"https:\/\/i0.wp.com\/www.shqiperia.com\/blog\/wp-content\/uploads\/2019\/07\/a-12.jpg?fit=1000%2C580&amp;ssl=1\" data-orig-size=\"1000,580\" data-comments-opened=\"1\" data-image-meta=\"{&quot;aperture&quot;:&quot;0&quot;,&quot;credit&quot;:&quot;&quot;,&quot;camera&quot;:&quot;&quot;,&quot;caption&quot;:&quot;&quot;,&quot;created_timestamp&quot;:&quot;0&quot;,&quot;copyright&quot;:&quot;&quot;,&quot;focal_length&quot;:&quot;0&quot;,&quot;iso&quot;:&quot;0&quot;,&quot;shutter_speed&quot;:&quot;0&quot;,&quot;title&quot;:&quot;&quot;,&quot;orientation&quot;:&quot;0&quot;}\" data-image-title=\"a-12\" data-image-description=\"\" data-image-caption=\"\" data-medium-file=\"https:\/\/i0.wp.com\/www.shqiperia.com\/blog\/wp-content\/uploads\/2019\/07\/a-12.jpg?fit=300%2C174&amp;ssl=1\" data-large-file=\"https:\/\/i0.wp.com\/www.shqiperia.com\/blog\/wp-content\/uploads\/2019\/07\/a-12.jpg?fit=1000%2C580&amp;ssl=1\" class=\"alignnone  wp-image-23463\" alt=\"\" src=\"https:\/\/i0.wp.com\/www.shqiperia.com\/blog\/wp-content\/uploads\/2019\/07\/a-12-300x174.jpg?resize=402%2C233\" width=\"402\" height=\"233\" srcset=\"https:\/\/i0.wp.com\/www.shqiperia.com\/blog\/wp-content\/uploads\/2019\/07\/a-12.jpg?resize=300%2C174&amp;ssl=1 300w, https:\/\/i0.wp.com\/www.shqiperia.com\/blog\/wp-content\/uploads\/2019\/07\/a-12.jpg?resize=768%2C445&amp;ssl=1 768w, https:\/\/i0.wp.com\/www.shqiperia.com\/blog\/wp-content\/uploads\/2019\/07\/a-12.jpg?resize=450%2C261&amp;ssl=1 450w, https:\/\/i0.wp.com\/www.shqiperia.com\/blog\/wp-content\/uploads\/2019\/07\/a-12.jpg?resize=600%2C348&amp;ssl=1 600w, https:\/\/i0.wp.com\/www.shqiperia.com\/blog\/wp-content\/uploads\/2019\/07\/a-12.jpg?resize=400%2C232&amp;ssl=1 400w, https:\/\/i0.wp.com\/www.shqiperia.com\/blog\/wp-content\/uploads\/2019\/07\/a-12.jpg?w=1000&amp;ssl=1 1000w\" sizes=\"auto, (max-width: 402px) 100vw, 402px\" \/><\/p>\n<p>Basha nga Tropoja: &#8211; Rama ka diskriminuar bashkit\u00eb e veriut, objektivi yn\u00eb \u00ebsht\u00eb ta largojm\u00eb<\/p>\n<p><strong>Lulzim Basha ka deklaruar se Rama ka diskriminuar bashkit\u00eb e veriut dhe ka nd\u00ebshkuar politikisht qytetar\u00ebt. Ai ka theksuar objektivi i tyre \u00ebsht\u00eb ta largojm\u00eb nga pushteti Ram\u00ebn pasi ka varf\u00ebruar qytetar\u00ebt.<\/strong><\/p>\n<p>23 Korrik, 2019<\/p>\n<p><strong>Tropoj\u00eb-\u00a0\u00a0<\/strong>Kryetari i opozit\u00ebs, Lulzim Basha, n\u00eb nj\u00eb takim me qytetar\u00ebt n\u00eb Tropoj\u00eb ka deklaruar se\u00a0qeveria ka diskriminuar bashkit\u00eb e veriut p\u00ebr t\u00eb nd\u00ebshkuar politikisht qytetar\u00ebt q\u00eb nuk mb\u00ebshtesin qeverin\u00eb e Edi Ram\u00ebs.<\/p>\n<p>Kreu i opozit\u00ebs, i cili ndodhet sot n\u00eb nj\u00eb tur takimesh n\u00eb veri dhe verilindje t\u00eb vendit t\u00eb vendit tha se fondet kan\u00eb shkuar p\u00ebr bashkit\u00eb klient\u00eb t\u00eb Edi Ram\u00ebs. \u201cVet\u00ebm Veliera e Durr\u00ebsit ka kushtuar m\u00eb shum\u00eb sesa \u00e7\u2019ka marr\u00eb investime i gjith\u00eb qarku i Shkodr\u00ebs. Ky \u00ebsht\u00eb aparteid.\u201d- tha Basha n\u00eb nj\u00eb takim informal me strukturat e PD n\u00eb Tropoj\u00eb.<\/p>\n<p>Kreu i opozit\u00ebs ndau me demokrat\u00ebt shqet\u00ebsimin p\u00ebr gjendjen e r\u00ebnd\u00eb ekonomike n\u00eb vend, p\u00ebr shkak t\u00eb p\u00ebrqendrimit t\u00eb ekonomis\u00eb n\u00eb pak duar klient\u00ebsh dhe oligark\u00ebsh t\u00eb Edi Ram\u00ebs. \u201cPasurit\u00eb minerale, bregdetin, pyjet, gjith\u00eb ekonomin\u00eb ua ka dh\u00ebn\u00eb p\u00ebr dy lek\u00eb klient\u00ebve t\u00eb vet, oligark\u00ebve dhe t\u00eb fort\u00ebve, m\u00eb t\u00eb cil\u00ebt grabit vendin. Pasurit\u00eb natyrore, mineralet mbanin dikur ekonomin\u00eb dhe ushqenin Shqip\u00ebrin\u00eb, kurse sot nga to nuk merren as taksa dhe asnj\u00eb p\u00ebrfitim p\u00ebr shqiptar\u00ebt, por vet\u00ebm pasurim p\u00ebr oligark\u00ebt grabitqar\u00eb\u201d- u shpreh zoti Basha.<\/p>\n<p>Kreu i opozit\u00ebs theksoi me shqet\u00ebsim se politika grabitqare e qeveris\u00eb nuk ka prodhuar mir\u00ebqenie p\u00ebrmes turizmit apo tregtis\u00eb. \u201cAto kan\u00eb prodhuar miliona p\u00ebr klient\u00ebt e Ram\u00ebs dhe m\u00eb shum\u00eb varf\u00ebri p\u00ebr popullin. \u2013 tha zoti Basha. \u2013 K\u00ebto politika grabitqare po shkat\u00ebrrojn\u00eb turizmin dhe ekonomit\u00eb e vogla familjare p\u00ebr t\u00eb pasuruar klient\u00ebt grabitqar\u00eb t\u00eb Ram\u00ebs\u201d.<\/p>\n<p><a href=\"https:\/\/www.facebook.com\/Dosjaal-758160701211738\/\">\u00a0<\/a><a href=\"https:\/\/twitter.com\/dosja_al\">\u00a0<\/a><\/p>\n<p>Kreu i opozit\u00ebs u shpreh se vendimet speciale t\u00eb qeveris\u00eb p\u00ebr llogari t\u00eb pak oligark\u00ebve, u kan\u00eb hequr shqiptar\u00ebve t\u00eb drejt\u00ebn q\u00eb t\u00eb g\u00ebzojn\u00eb pasurit\u00eb e vendit. \u201cBregdetin ua ka vjedhur qytetar\u00ebve dhe ia ka dh\u00ebn\u00eb me vendime speciale oligark\u00ebve, q\u00eb kan\u00eb nd\u00ebrtuar n\u00eb toka t\u00eb vjedhura buz\u00eb detit. Ka marr\u00eb pyjet dhe ua ka dh\u00ebn\u00eb p\u00ebr dy lek\u00eb oligark\u00ebve. Pyjet kan\u00eb qen\u00eb t\u00eb shqiptar\u00ebve tani jan\u00eb t\u00eb oligark\u00ebve. Lumenjt\u00eb, kanionet, uj\u00ebvarat po ua merr shqiptar\u00ebve dhe po ua jep oligark\u00ebve p\u00ebr hidrocentrale dhe betonizim. Ato kan\u00eb qen\u00eb t\u00eb shqiptar\u00ebve, tani jan\u00eb t\u00eb oligark\u00ebve gabitqar\u00eb.\u201d- theksoi kreu i opozit\u00ebs, duke v\u00ebn\u00eb ne dukje duke pasojat shkaterruese p\u00ebr ekonomin\u00eb t\u00eb vendimeve t\u00eb qeveris\u00eb n\u00eb keto 6 vjet.<\/p>\n<p>Lideri i opozit\u00ebs theksoi q\u00ebllimi i aksionit politik t\u00eb opozit\u00ebs ka q\u00ebllim largimin e Edi Ram\u00ebs, qeverin\u00eb tranzitore q\u00eb do t\u00eb p\u00ebrgatis\u00eb zgjedhjet e parakohshme. \u201cVendimi p\u00ebr mospjes\u00ebmarrjen n\u00eb fars\u00ebn e 30 qershorit ishte vendim politik unanim p\u00ebr t\u00eb vazhduar betej\u00ebn, p\u00ebr t\u00eb arritur objektivin ton\u00eb, largimin e k\u00ebsaj qeverie dhe k\u00ebtij kryeministri, rikthimin e t\u00eb drejt\u00ebs shqiptar\u00ebve p\u00ebr t\u00eb zgjedhur me vot\u00eb parlamentin dhe pushtetin vendor q\u00eb meritojn\u00eb\u201d \u2013 tha Basha.<\/p>\n<p>Foto nga takimi i Bash\u00ebs n\u00eb Tropoj\u00eb.<\/p>\n<p><img data-recalc-dims=\"1\" loading=\"lazy\" decoding=\"async\" data-attachment-id=\"23464\" data-permalink=\"https:\/\/www.shqiperia.com\/blog\/basha-nga-tropoja-rama-ka-diskriminuar-bashkite-e-veriut-objektivi-yne-eshte-ta-largojme\/b-12-640x427\/\" data-orig-file=\"https:\/\/i0.wp.com\/www.shqiperia.com\/blog\/wp-content\/uploads\/2019\/07\/b-12-640x427.jpg?fit=640%2C427&amp;ssl=1\" data-orig-size=\"640,427\" data-comments-opened=\"1\" data-image-meta=\"{&quot;aperture&quot;:&quot;0&quot;,&quot;credit&quot;:&quot;&quot;,&quot;camera&quot;:&quot;&quot;,&quot;caption&quot;:&quot;&quot;,&quot;created_timestamp&quot;:&quot;0&quot;,&quot;copyright&quot;:&quot;&quot;,&quot;focal_length&quot;:&quot;0&quot;,&quot;iso&quot;:&quot;0&quot;,&quot;shutter_speed&quot;:&quot;0&quot;,&quot;title&quot;:&quot;&quot;,&quot;orientation&quot;:&quot;0&quot;}\" data-image-title=\"b-12-640&#215;427\" data-image-description=\"\" data-image-caption=\"\" data-medium-file=\"https:\/\/i0.wp.com\/www.shqiperia.com\/blog\/wp-content\/uploads\/2019\/07\/b-12-640x427.jpg?fit=300%2C200&amp;ssl=1\" data-large-file=\"https:\/\/i0.wp.com\/www.shqiperia.com\/blog\/wp-content\/uploads\/2019\/07\/b-12-640x427.jpg?fit=640%2C427&amp;ssl=1\" class=\"alignnone  wp-image-23464\" alt=\"\" src=\"https:\/\/i0.wp.com\/www.shqiperia.com\/blog\/wp-content\/uploads\/2019\/07\/b-12-640x427-300x200.jpg?resize=753%2C502\" width=\"753\" height=\"502\" srcset=\"https:\/\/i0.wp.com\/www.shqiperia.com\/blog\/wp-content\/uploads\/2019\/07\/b-12-640x427.jpg?resize=300%2C200&amp;ssl=1 300w, https:\/\/i0.wp.com\/www.shqiperia.com\/blog\/wp-content\/uploads\/2019\/07\/b-12-640x427.jpg?resize=600%2C400&amp;ssl=1 600w, https:\/\/i0.wp.com\/www.shqiperia.com\/blog\/wp-content\/uploads\/2019\/07\/b-12-640x427.jpg?resize=450%2C300&amp;ssl=1 450w, https:\/\/i0.wp.com\/www.shqiperia.com\/blog\/wp-content\/uploads\/2019\/07\/b-12-640x427.jpg?resize=400%2C267&amp;ssl=1 400w, https:\/\/i0.wp.com\/www.shqiperia.com\/blog\/wp-content\/uploads\/2019\/07\/b-12-640x427.jpg?resize=640%2C427&amp;ssl=1 640w\" sizes=\"auto, (max-width: 753px) 100vw, 753px\" \/> <img data-recalc-dims=\"1\" loading=\"lazy\" decoding=\"async\" data-attachment-id=\"23465\" data-permalink=\"https:\/\/www.shqiperia.com\/blog\/basha-nga-tropoja-rama-ka-diskriminuar-bashkite-e-veriut-objektivi-yne-eshte-ta-largojme\/c-10-640x427\/\" data-orig-file=\"https:\/\/i0.wp.com\/www.shqiperia.com\/blog\/wp-content\/uploads\/2019\/07\/c-10-640x427.jpg?fit=640%2C427&amp;ssl=1\" data-orig-size=\"640,427\" data-comments-opened=\"1\" data-image-meta=\"{&quot;aperture&quot;:&quot;0&quot;,&quot;credit&quot;:&quot;&quot;,&quot;camera&quot;:&quot;&quot;,&quot;caption&quot;:&quot;&quot;,&quot;created_timestamp&quot;:&quot;0&quot;,&quot;copyright&quot;:&quot;&quot;,&quot;focal_length&quot;:&quot;0&quot;,&quot;iso&quot;:&quot;0&quot;,&quot;shutter_speed&quot;:&quot;0&quot;,&quot;title&quot;:&quot;&quot;,&quot;orientation&quot;:&quot;0&quot;}\" data-image-title=\"c-10-640&#215;427\" data-image-description=\"\" data-image-caption=\"\" data-medium-file=\"https:\/\/i0.wp.com\/www.shqiperia.com\/blog\/wp-content\/uploads\/2019\/07\/c-10-640x427.jpg?fit=300%2C200&amp;ssl=1\" data-large-file=\"https:\/\/i0.wp.com\/www.shqiperia.com\/blog\/wp-content\/uploads\/2019\/07\/c-10-640x427.jpg?fit=640%2C427&amp;ssl=1\" class=\"alignnone  wp-image-23465\" alt=\"\" src=\"https:\/\/i0.wp.com\/www.shqiperia.com\/blog\/wp-content\/uploads\/2019\/07\/c-10-640x427-300x200.jpg?resize=626%2C417\" width=\"626\" height=\"417\" srcset=\"https:\/\/i0.wp.com\/www.shqiperia.com\/blog\/wp-content\/uploads\/2019\/07\/c-10-640x427.jpg?resize=300%2C200&amp;ssl=1 300w, https:\/\/i0.wp.com\/www.shqiperia.com\/blog\/wp-content\/uploads\/2019\/07\/c-10-640x427.jpg?resize=600%2C400&amp;ssl=1 600w, https:\/\/i0.wp.com\/www.shqiperia.com\/blog\/wp-content\/uploads\/2019\/07\/c-10-640x427.jpg?resize=450%2C300&amp;ssl=1 450w, https:\/\/i0.wp.com\/www.shqiperia.com\/blog\/wp-content\/uploads\/2019\/07\/c-10-640x427.jpg?resize=400%2C267&amp;ssl=1 400w, https:\/\/i0.wp.com\/www.shqiperia.com\/blog\/wp-content\/uploads\/2019\/07\/c-10-640x427.jpg?resize=640%2C427&amp;ssl=1 640w\" sizes=\"auto, (max-width: 626px) 100vw, 626px\" \/> <img data-recalc-dims=\"1\" loading=\"lazy\" decoding=\"async\" data-attachment-id=\"23466\" data-permalink=\"https:\/\/www.shqiperia.com\/blog\/basha-nga-tropoja-rama-ka-diskriminuar-bashkite-e-veriut-objektivi-yne-eshte-ta-largojme\/s-5-640x427\/\" data-orig-file=\"https:\/\/i0.wp.com\/www.shqiperia.com\/blog\/wp-content\/uploads\/2019\/07\/s-5-640x427.jpg?fit=640%2C427&amp;ssl=1\" data-orig-size=\"640,427\" data-comments-opened=\"1\" data-image-meta=\"{&quot;aperture&quot;:&quot;0&quot;,&quot;credit&quot;:&quot;&quot;,&quot;camera&quot;:&quot;&quot;,&quot;caption&quot;:&quot;&quot;,&quot;created_timestamp&quot;:&quot;0&quot;,&quot;copyright&quot;:&quot;&quot;,&quot;focal_length&quot;:&quot;0&quot;,&quot;iso&quot;:&quot;0&quot;,&quot;shutter_speed&quot;:&quot;0&quot;,&quot;title&quot;:&quot;&quot;,&quot;orientation&quot;:&quot;0&quot;}\" data-image-title=\"s-5-640&#215;427\" data-image-description=\"\" data-image-caption=\"\" data-medium-file=\"https:\/\/i0.wp.com\/www.shqiperia.com\/blog\/wp-content\/uploads\/2019\/07\/s-5-640x427.jpg?fit=300%2C200&amp;ssl=1\" data-large-file=\"https:\/\/i0.wp.com\/www.shqiperia.com\/blog\/wp-content\/uploads\/2019\/07\/s-5-640x427.jpg?fit=640%2C427&amp;ssl=1\" class=\"alignnone  wp-image-23466\" alt=\"\" src=\"https:\/\/i0.wp.com\/www.shqiperia.com\/blog\/wp-content\/uploads\/2019\/07\/s-5-640x427-300x200.jpg?resize=758%2C505\" width=\"758\" height=\"505\" srcset=\"https:\/\/i0.wp.com\/www.shqiperia.com\/blog\/wp-content\/uploads\/2019\/07\/s-5-640x427.jpg?resize=300%2C200&amp;ssl=1 300w, https:\/\/i0.wp.com\/www.shqiperia.com\/blog\/wp-content\/uploads\/2019\/07\/s-5-640x427.jpg?resize=600%2C400&amp;ssl=1 600w, https:\/\/i0.wp.com\/www.shqiperia.com\/blog\/wp-content\/uploads\/2019\/07\/s-5-640x427.jpg?resize=450%2C300&amp;ssl=1 450w, https:\/\/i0.wp.com\/www.shqiperia.com\/blog\/wp-content\/uploads\/2019\/07\/s-5-640x427.jpg?resize=400%2C267&amp;ssl=1 400w, https:\/\/i0.wp.com\/www.shqiperia.com\/blog\/wp-content\/uploads\/2019\/07\/s-5-640x427.jpg?resize=640%2C427&amp;ssl=1 640w\" sizes=\"auto, (max-width: 758px) 100vw, 758px\" \/><\/p>\n","protected":false},"excerpt":{"rendered":"<p>Basha nga Tropoja: &#8211; Rama ka diskriminuar bashkit\u00eb e veriut, objektivi yn\u00eb \u00ebsht\u00eb ta largojm\u00eb Lulzim Basha ka deklaruar se Rama ka diskriminuar bashkit\u00eb e veriut dhe ka nd\u00ebshkuar politikisht qytetar\u00ebt. Ai ka theksuar objektivi i tyre \u00ebsht\u00eb ta largojm\u00eb nga pushteti Ram\u00ebn pasi ka varf\u00ebruar qytetar\u00ebt. 23 Korrik, 2019 Tropoj\u00eb-\u00a0\u00a0Kryetari i opozit\u00ebs, Lulzim Basha, [&hellip;]<\/p>\n","protected":false},"author":9,"featured_media":23463,"comment_status":"open","ping_status":"open","sticky":false,"template":"","format":"standard","meta":{"jetpack_post_was_ever_published":false,"_jetpack_newsletter_access":"","_jetpack_dont_email_post_to_subs":false,"_jetpack_newsletter_tier_id":0,"_jetpack_memberships_contains_paywalled_content":false,"_jetpack_memberships_contains_paid_content":false,"footnotes":"","jetpack_publicize_message":"","jetpack_publicize_feature_enabled":true,"jetpack_social_post_already_shared":true,"jetpack_social_options":{"image_generator_settings":{"template":"highway","default_image_id":0,"font":"","enabled":false},"version":2}},"categories":[27,1,35],"tags":[],"class_list":["post-23462","post","type-post","status-publish","format-standard","has-post-thumbnail","hentry","category-blogu-i-udhetarit","category-njoftime-shtypi","category-shoqerore"],"jetpack_publicize_connections":[],"jetpack_featured_media_url":"https:\/\/i0.wp.com\/www.shqiperia.com\/blog\/wp-content\/uploads\/2019\/07\/a-12.jpg?fit=1000%2C580&ssl=1","jetpack_sharing_enabled":true,"jetpack_shortlink":"https:\/\/wp.me\/p5Z6wp-66q","jetpack-related-posts":[{"id":23675,"url":"https:\/\/www.shqiperia.com\/blog\/basha-veliera-kushtoi-me-shume-se-gjithe-investimet-ne-shkoder\/","url_meta":{"origin":23462,"position":0},"title":"Basha: Veliera kushtoi m\u00eb shum\u00eb se gjith\u00eb investimet n\u00eb Shkod\u00ebr","author":"Kurt Farka","date":"July 27, 2019","format":false,"excerpt":"Basha: Veliera kushtoi m\u00eb shum\u00eb se gjith\u00eb investimet n\u00eb Shkod\u00ebr 23\/07\/19 mapo.al Kryetari i opozit\u00ebs, Lulzim Basha, deklaroi nga Tropoja se qeveria ka diskriminuar bashkit\u00eb e djathta n\u00eb veri t\u00eb vendit, p\u00ebr t\u00eb nd\u00ebshkuar qytetar\u00ebt q\u00eb nuk kan\u00eb votuar Ram\u00ebn. Sipas tij, fondet kan\u00eb shkuar p\u00ebr bashkit\u00eb kliente t\u00eb Kryeministrit.\u2026","rel":"","context":"In &quot;Blogu i Udh\u00ebtarit&quot;","block_context":{"text":"Blogu i Udh\u00ebtarit","link":"https:\/\/www.shqiperia.com\/blog\/category\/blogu-i-udhetarit\/"},"img":{"alt_text":"","src":"https:\/\/i0.wp.com\/www.shqiperia.com\/blog\/wp-content\/uploads\/2019\/07\/67452966_2525555724162260_412866431546294272_n-1.jpg?fit=859%2C434&ssl=1&resize=350%2C200","width":350,"height":200,"srcset":"https:\/\/i0.wp.com\/www.shqiperia.com\/blog\/wp-content\/uploads\/2019\/07\/67452966_2525555724162260_412866431546294272_n-1.jpg?fit=859%2C434&ssl=1&resize=350%2C200 1x, https:\/\/i0.wp.com\/www.shqiperia.com\/blog\/wp-content\/uploads\/2019\/07\/67452966_2525555724162260_412866431546294272_n-1.jpg?fit=859%2C434&ssl=1&resize=525%2C300 1.5x, https:\/\/i0.wp.com\/www.shqiperia.com\/blog\/wp-content\/uploads\/2019\/07\/67452966_2525555724162260_412866431546294272_n-1.jpg?fit=859%2C434&ssl=1&resize=700%2C400 2x"},"classes":[]},{"id":22668,"url":"https:\/\/www.shqiperia.com\/blog\/nard-ndoka-qetesoju-lutu-durim-jozefine-rama-humbi-pushtetin-lulzim-basha-fitoj-qytetaret\/","url_meta":{"origin":23462,"position":1},"title":"Nard Ndoka: &#8211; Qet\u00ebsoju, lutu, durim Jozefin\u00eb! Rama humbi pushtetin, Lulzim Basha fitoj qytetar\u00ebt!","author":"Kurt Farka","date":"July 1, 2019","format":false,"excerpt":"Nard Ndoka: - Qet\u00ebsoju, lutu, durim Jozefin\u00eb! Rama humbi pushtetin, Lulzim Basha fitoj qytetar\u00ebt! Nga\u00a0Aranit Muraci\u00a0 Kreu i PDK-s\u00eb, Nard Ndoka ka reaguar pas mesazhit kritik t\u00eb Jozefina Topallit ndaj kreut t\u00eb PD, Lulzim Basha, p\u00ebr zgjedhjet e 30 qershorit. Ndoka i ka k\u00ebrkuar Topallit t\u00eb qet\u00ebsohet, duke i sqaruar\u2026","rel":"","context":"In &quot;Blogu i Udh\u00ebtarit&quot;","block_context":{"text":"Blogu i Udh\u00ebtarit","link":"https:\/\/www.shqiperia.com\/blog\/category\/blogu-i-udhetarit\/"},"img":{"alt_text":"","src":"https:\/\/i0.wp.com\/www.shqiperia.com\/blog\/wp-content\/uploads\/2019\/07\/ndoka-topalli.jpg?fit=1024%2C519&ssl=1&resize=350%2C200","width":350,"height":200,"srcset":"https:\/\/i0.wp.com\/www.shqiperia.com\/blog\/wp-content\/uploads\/2019\/07\/ndoka-topalli.jpg?fit=1024%2C519&ssl=1&resize=350%2C200 1x, https:\/\/i0.wp.com\/www.shqiperia.com\/blog\/wp-content\/uploads\/2019\/07\/ndoka-topalli.jpg?fit=1024%2C519&ssl=1&resize=525%2C300 1.5x, https:\/\/i0.wp.com\/www.shqiperia.com\/blog\/wp-content\/uploads\/2019\/07\/ndoka-topalli.jpg?fit=1024%2C519&ssl=1&resize=700%2C400 2x"},"classes":[]},{"id":45114,"url":"https:\/\/www.shqiperia.com\/blog\/berisha-rama-diskriminues-i-veriut-ska-asnje-minister-ne-kabinet-se-i-urren\/","url_meta":{"origin":23462,"position":2},"title":"Berisha: &#8211; Rama diskriminues i Veriut, s\u2019ka asnj\u00eb minist\u00ebr n\u00eb kabinet se i urren","author":"Kurt Farka","date":"March 9, 2021","format":false,"excerpt":"Berisha: - Rama diskriminues i Veriut, s\u2019ka asnj\u00eb minist\u00ebr n\u00eb kabinet se i urren 08\/03\/2021 - N\u00eb nj\u00eb intervist\u00eb p\u00ebr PolitikOn nga Alfred Lela n\u00eb RTV Ora ish-kryeministri Sali Berisha u shpreh se Rama e ka diskriminuar veriun duke mos pasur asnj\u00eb minist\u00ebr nga veriu n\u00eb kabinetin e tij. Berisha:\u00a0Si\u2026","rel":"","context":"In &quot;Blogu i Udh\u00ebtarit&quot;","block_context":{"text":"Blogu i Udh\u00ebtarit","link":"https:\/\/www.shqiperia.com\/blog\/category\/blogu-i-udhetarit\/"},"img":{"alt_text":"","src":"https:\/\/i0.wp.com\/www.shqiperia.com\/blog\/wp-content\/uploads\/2021\/03\/Sali-Berisha.jpg?fit=1200%2C675&ssl=1&resize=350%2C200","width":350,"height":200,"srcset":"https:\/\/i0.wp.com\/www.shqiperia.com\/blog\/wp-content\/uploads\/2021\/03\/Sali-Berisha.jpg?fit=1200%2C675&ssl=1&resize=350%2C200 1x, https:\/\/i0.wp.com\/www.shqiperia.com\/blog\/wp-content\/uploads\/2021\/03\/Sali-Berisha.jpg?fit=1200%2C675&ssl=1&resize=525%2C300 1.5x, https:\/\/i0.wp.com\/www.shqiperia.com\/blog\/wp-content\/uploads\/2021\/03\/Sali-Berisha.jpg?fit=1200%2C675&ssl=1&resize=700%2C400 2x, https:\/\/i0.wp.com\/www.shqiperia.com\/blog\/wp-content\/uploads\/2021\/03\/Sali-Berisha.jpg?fit=1200%2C675&ssl=1&resize=1050%2C600 3x"},"classes":[]},{"id":59165,"url":"https:\/\/www.shqiperia.com\/blog\/zgjedhjet-moniste-te-vitit-2019-cojne-ne-falimentim-bashkite-100-socialiste\/","url_meta":{"origin":23462,"position":3},"title":"Zgjedhjet &#8220;moniste&#8221; t\u00eb vitit 2019, \u00e7ojn\u00eb n\u00eb falimentim bashkit\u00eb 100% socialiste!","author":"Kurt Farka","date":"June 17, 2022","format":false,"excerpt":"17 Qershor 2022 Kryeministri Edi Rama n\u00eb takimin me kryebashkiak\u00ebt e vendit \u00ebsht\u00eb shfaqur \u201cme dhimbje koke\u201d. N\u00eb fjal\u00ebn e tij plot nervoziz\u00ebm, ai ka shpallur falimentimin e bashkive t\u00eb vendit q\u00eb drejtohen (p\u00ebrve\u00e7 Shkodr\u00ebs) nga njer\u00ebzit e zgjedhur pa gar\u00eb prejt tij. Kryeministri Edi Rama paralajm\u00ebroi se qeveria do\u2026","rel":"","context":"In &quot;Blogu i Udh\u00ebtarit&quot;","block_context":{"text":"Blogu i Udh\u00ebtarit","link":"https:\/\/www.shqiperia.com\/blog\/category\/blogu-i-udhetarit\/"},"img":{"alt_text":"","src":"https:\/\/i0.wp.com\/www.shqiperia.com\/blog\/wp-content\/uploads\/2022\/06\/Zgjedhjet-moniste-te-vitit-2019-cojne-ne-falimentim-bashkite-100-socialiste.jpg?fit=629%2C346&ssl=1&resize=350%2C200","width":350,"height":200,"srcset":"https:\/\/i0.wp.com\/www.shqiperia.com\/blog\/wp-content\/uploads\/2022\/06\/Zgjedhjet-moniste-te-vitit-2019-cojne-ne-falimentim-bashkite-100-socialiste.jpg?fit=629%2C346&ssl=1&resize=350%2C200 1x, https:\/\/i0.wp.com\/www.shqiperia.com\/blog\/wp-content\/uploads\/2022\/06\/Zgjedhjet-moniste-te-vitit-2019-cojne-ne-falimentim-bashkite-100-socialiste.jpg?fit=629%2C346&ssl=1&resize=525%2C300 1.5x"},"classes":[]},{"id":16190,"url":"https:\/\/www.shqiperia.com\/blog\/do-ta-rrezojme-qeverine-basha-merr-vendimin-pas-mbledhjes-te-shtunen-opozita-do-te-nise\/","url_meta":{"origin":23462,"position":4},"title":"\u201cDo ta rr\u00ebzojm\u00eb qeverin\u00eb\u201d, Basha merr vendimin pas mbledhjes: T\u00eb shtun\u00ebn opozita do t\u00eb nis\u00eb\u2026-","author":"Kurt Farka","date":"January 16, 2019","format":false,"excerpt":"\u201cDo ta rr\u00ebzojm\u00eb qeverin\u00eb\u201d, Basha merr vendimin pas mbledhjes: T\u00eb shtun\u00ebn opozita do t\u00eb nis\u00eb\u2026- 16 janar 2019 Kryetari i Partis\u00eb Demokratike, Lulzim Basha, ka lajm\u00ebruar se t\u00eb shtun\u00ebn, dat\u00eb PD do t\u00eb mbledh\u00eb K\u00ebshillin Komb\u00ebtar p\u00ebr vendsojen e nj\u00eb date p\u00ebr nisjen e protestave popullore.\u00a0 \u00a0 \u00a0 \u00a0 \u00a0\u2026","rel":"","context":"In &quot;Njoftime Shtypi&quot;","block_context":{"text":"Njoftime Shtypi","link":"https:\/\/www.shqiperia.com\/blog\/category\/njoftime-shtypi\/"},"img":{"alt_text":"","src":"https:\/\/i0.wp.com\/www.shqiperia.com\/blog\/wp-content\/uploads\/2019\/01\/454451.jpg?fit=856%2C474&ssl=1&resize=350%2C200","width":350,"height":200,"srcset":"https:\/\/i0.wp.com\/www.shqiperia.com\/blog\/wp-content\/uploads\/2019\/01\/454451.jpg?fit=856%2C474&ssl=1&resize=350%2C200 1x, https:\/\/i0.wp.com\/www.shqiperia.com\/blog\/wp-content\/uploads\/2019\/01\/454451.jpg?fit=856%2C474&ssl=1&resize=525%2C300 1.5x, https:\/\/i0.wp.com\/www.shqiperia.com\/blog\/wp-content\/uploads\/2019\/01\/454451.jpg?fit=856%2C474&ssl=1&resize=700%2C400 2x"},"classes":[]},{"id":92259,"url":"https:\/\/www.shqiperia.com\/blog\/kukesi-hasi-puka-tropoja-vau-i-dejes-ne-12-vite-kane-marre-me-pak-se-sa-ka-vjedhur-motra-e-termet-pecit\/","url_meta":{"origin":23462,"position":5},"title":"Kuk\u00ebsi, Hasi, Puka, Tropoja, Vau i Dej\u00ebs n\u00eb 12 vite kan\u00eb marr\u00eb m\u00eb pak, se sa ka vjedhur motra e T\u00ebrmet Pe\u00e7it","author":"Kurt Farka","date":"May 4, 2025","format":false,"excerpt":"4 Maji 2025 Lideri i opozit\u00ebs Sali Berisha ka akuzuar Edi Ram\u00ebn, se n\u00eb 12 vite kan\u00eb marr\u00eb m\u00eb pak fonde p\u00ebr Kuk\u00ebsin, Hasin, Puk\u00ebn, Tropoj\u00ebn dhe Vau i Dej\u00ebs, se sa ka vjedhur motra e ish-kryebashkaikut t\u00eb Tepelen\u00ebs, T\u00ebrmet Pe\u00e7i. \u2018Kuk\u00ebsi, Hasi, Puka, Tropoja, Vau i Dej\u00ebs, kan\u00eb marr\u00eb\u2026","rel":"","context":"In &quot;Blogu i Udh\u00ebtarit&quot;","block_context":{"text":"Blogu i Udh\u00ebtarit","link":"https:\/\/www.shqiperia.com\/blog\/category\/blogu-i-udhetarit\/"},"img":{"alt_text":"","src":"https:\/\/i0.wp.com\/www.shqiperia.com\/blog\/wp-content\/uploads\/2025\/05\/Malesor-nga-Shqiperia-e-Veriut.jpg?fit=700%2C459&ssl=1&resize=350%2C200","width":350,"height":200,"srcset":"https:\/\/i0.wp.com\/www.shqiperia.com\/blog\/wp-content\/uploads\/2025\/05\/Malesor-nga-Shqiperia-e-Veriut.jpg?fit=700%2C459&ssl=1&resize=350%2C200 1x, https:\/\/i0.wp.com\/www.shqiperia.com\/blog\/wp-content\/uploads\/2025\/05\/Malesor-nga-Shqiperia-e-Veriut.jpg?fit=700%2C459&ssl=1&resize=525%2C300 1.5x, https:\/\/i0.wp.com\/www.shqiperia.com\/blog\/wp-content\/uploads\/2025\/05\/Malesor-nga-Shqiperia-e-Veriut.jpg?fit=700%2C459&ssl=1&resize=700%2C400 2x"},"classes":[]}],"_links":{"self":[{"href":"https:\/\/www.shqiperia.com\/blog\/wp-json\/wp\/v2\/posts\/23462","targetHints":{"allow":["GET"]}}],"collection":[{"href":"https:\/\/www.shqiperia.com\/blog\/wp-json\/wp\/v2\/posts"}],"about":[{"href":"https:\/\/www.shqiperia.com\/blog\/wp-json\/wp\/v2\/types\/post"}],"author":[{"embeddable":true,"href":"https:\/\/www.shqiperia.com\/blog\/wp-json\/wp\/v2\/users\/9"}],"replies":[{"embeddable":true,"href":"https:\/\/www.shqiperia.com\/blog\/wp-json\/wp\/v2\/comments?post=23462"}],"version-history":[{"count":1,"href":"https:\/\/www.shqiperia.com\/blog\/wp-json\/wp\/v2\/posts\/23462\/revisions"}],"predecessor-version":[{"id":23467,"href":"https:\/\/www.shqiperia.com\/blog\/wp-json\/wp\/v2\/posts\/23462\/revisions\/23467"}],"wp:featuredmedia":[{"embeddable":true,"href":"https:\/\/www.shqiperia.com\/blog\/wp-json\/wp\/v2\/media\/23463"}],"wp:attachment":[{"href":"https:\/\/www.shqiperia.com\/blog\/wp-json\/wp\/v2\/media?parent=23462"}],"wp:term":[{"taxonomy":"category","embeddable":true,"href":"https:\/\/www.shqiperia.com\/blog\/wp-json\/wp\/v2\/categories?post=23462"},{"taxonomy":"post_tag","embeddable":true,"href":"https:\/\/www.shqiperia.com\/blog\/wp-json\/wp\/v2\/tags?post=23462"}],"curies":[{"name":"wp","href":"https:\/\/api.w.org\/{rel}","templated":true}]}}