{"id":23459,"date":"2019-07-23T09:46:33","date_gmt":"2019-07-23T09:46:33","guid":{"rendered":"http:\/\/www.shqiperia.com\/blog\/?p=23459"},"modified":"2019-07-23T09:46:33","modified_gmt":"2019-07-23T09:46:33","slug":"drejton-financat-tona-por-ministrja-dikur-ishte-menaxhere-bankash-ne-zonat-offshore","status":"publish","type":"post","link":"https:\/\/www.shqiperia.com\/blog\/drejton-financat-tona-por-ministrja-dikur-ishte-menaxhere-bankash-ne-zonat-offshore\/","title":{"rendered":"Drejton financat tona, por ministrja dikur ishte menaxhere bankash n\u00eb zonat \u2018offshore\u2019. &#8211;"},"content":{"rendered":"<p><img data-recalc-dims=\"1\" loading=\"lazy\" decoding=\"async\" data-attachment-id=\"23460\" data-permalink=\"https:\/\/www.shqiperia.com\/blog\/drejton-financat-tona-por-ministrja-dikur-ishte-menaxhere-bankash-ne-zonat-offshore\/310298c2-9586-4b48-a816-b81165be9409\/\" data-orig-file=\"https:\/\/i0.wp.com\/www.shqiperia.com\/blog\/wp-content\/uploads\/2019\/07\/310298C2-9586-4B48-A816-B81165BE9409.png?fit=1024%2C532&amp;ssl=1\" data-orig-size=\"1024,532\" data-comments-opened=\"1\" data-image-meta=\"{&quot;aperture&quot;:&quot;0&quot;,&quot;credit&quot;:&quot;&quot;,&quot;camera&quot;:&quot;&quot;,&quot;caption&quot;:&quot;&quot;,&quot;created_timestamp&quot;:&quot;0&quot;,&quot;copyright&quot;:&quot;&quot;,&quot;focal_length&quot;:&quot;0&quot;,&quot;iso&quot;:&quot;0&quot;,&quot;shutter_speed&quot;:&quot;0&quot;,&quot;title&quot;:&quot;&quot;,&quot;orientation&quot;:&quot;0&quot;}\" data-image-title=\"310298C2-9586-4B48-A816-B81165BE9409\" data-image-description=\"\" data-image-caption=\"\" data-medium-file=\"https:\/\/i0.wp.com\/www.shqiperia.com\/blog\/wp-content\/uploads\/2019\/07\/310298C2-9586-4B48-A816-B81165BE9409.png?fit=300%2C156&amp;ssl=1\" data-large-file=\"https:\/\/i0.wp.com\/www.shqiperia.com\/blog\/wp-content\/uploads\/2019\/07\/310298C2-9586-4B48-A816-B81165BE9409.png?fit=1024%2C532&amp;ssl=1\" class=\"alignnone  wp-image-23460\" alt=\"\" src=\"https:\/\/i0.wp.com\/www.shqiperia.com\/blog\/wp-content\/uploads\/2019\/07\/310298C2-9586-4B48-A816-B81165BE9409-300x156.png?resize=531%2C276\" width=\"531\" height=\"276\" srcset=\"https:\/\/i0.wp.com\/www.shqiperia.com\/blog\/wp-content\/uploads\/2019\/07\/310298C2-9586-4B48-A816-B81165BE9409.png?resize=300%2C156&amp;ssl=1 300w, https:\/\/i0.wp.com\/www.shqiperia.com\/blog\/wp-content\/uploads\/2019\/07\/310298C2-9586-4B48-A816-B81165BE9409.png?resize=768%2C399&amp;ssl=1 768w, https:\/\/i0.wp.com\/www.shqiperia.com\/blog\/wp-content\/uploads\/2019\/07\/310298C2-9586-4B48-A816-B81165BE9409.png?w=1024&amp;ssl=1 1024w, https:\/\/i0.wp.com\/www.shqiperia.com\/blog\/wp-content\/uploads\/2019\/07\/310298C2-9586-4B48-A816-B81165BE9409.png?resize=450%2C234&amp;ssl=1 450w, https:\/\/i0.wp.com\/www.shqiperia.com\/blog\/wp-content\/uploads\/2019\/07\/310298C2-9586-4B48-A816-B81165BE9409.png?resize=600%2C312&amp;ssl=1 600w, https:\/\/i0.wp.com\/www.shqiperia.com\/blog\/wp-content\/uploads\/2019\/07\/310298C2-9586-4B48-A816-B81165BE9409.png?resize=400%2C208&amp;ssl=1 400w\" sizes=\"auto, (max-width: 531px) 100vw, 531px\" \/><\/p>\n<p><strong>Drejton financat tona, por ministrja dikur ishte menaxhere bankash n\u00eb zonat \u2018offshore\u2019. &#8211;<\/strong><\/p>\n<p><strong>22 Korrik 2019 <\/strong><\/p>\n<p>Nga Gazeta Shqip<\/p>\n<p>Q\u00eb prej muajit dhjetor, Ministria e Financave dhe Ekonomis\u00eb drejtohet nga Anila Denaj. Ajo u zgjodh n\u00eb k\u00ebt\u00eb post nga kryeministri Edi Rama, pas shkarkimit t\u00eb Arben Ahmetajt.<\/p>\n<p>Por, ministrja n\u00eb fjal\u00eb zot\u00ebron nj\u00eb pasuri t\u00eb deklaruar, 6 her\u00eb m\u00eb t\u00eb madhe se ish-ministri Arben Ahmetaj dhe 38 her\u00eb m\u00eb t\u00eb madhe se \u00e7ifti kryeministror \u201cRama\u201d.<\/p>\n<p>Ajo thot\u00eb se k\u00ebto pasuri i ka siguruar nga paga e saj, nga disa shp\u00ebrblime t\u00eb \u201cSoros\u201d dhe shumic\u00ebn, nga aktiviteti privat i bashk\u00ebshortit Nektar Kume, emri i t\u00eb cilit, deri para 8 muajsh, figuronte n\u00eb list\u00ebn e zez\u00eb t\u00eb tatimeve e zyrave p\u00ebrmbarimore, p\u00ebr biznese pa licenc\u00eb e evazion fiskal.<\/p>\n<p>Sipas formularit t\u00eb dekriminalizimit q\u00eb ka b\u00ebr\u00eb Anila Denaj, rezulton se ministrja e re e Ekonomi-Financave \u00ebsht\u00eb nj\u00eb ish-drejtuese, konsulente dhe ish-menazhere bankash offshore n\u00eb Bolivi, Ekuador, Salvador e Mozambik.<\/p>\n","protected":false},"excerpt":{"rendered":"<p>Drejton financat tona, por ministrja dikur ishte menaxhere bankash n\u00eb zonat \u2018offshore\u2019. &#8211; 22 Korrik 2019 Nga Gazeta Shqip Q\u00eb prej muajit dhjetor, Ministria e Financave dhe Ekonomis\u00eb drejtohet nga Anila Denaj. Ajo u zgjodh n\u00eb k\u00ebt\u00eb post nga kryeministri Edi Rama, pas shkarkimit t\u00eb Arben Ahmetajt. Por, ministrja n\u00eb fjal\u00eb zot\u00ebron nj\u00eb pasuri t\u00eb [&hellip;]<\/p>\n","protected":false},"author":9,"featured_media":23460,"comment_status":"open","ping_status":"open","sticky":false,"template":"","format":"standard","meta":{"jetpack_post_was_ever_published":false,"_jetpack_newsletter_access":"","_jetpack_dont_email_post_to_subs":false,"_jetpack_newsletter_tier_id":0,"_jetpack_memberships_contains_paywalled_content":false,"_jetpack_memberships_contains_paid_content":false,"footnotes":"","jetpack_publicize_message":"","jetpack_publicize_feature_enabled":true,"jetpack_social_post_already_shared":true,"jetpack_social_options":{"image_generator_settings":{"template":"highway","default_image_id":0,"font":"","enabled":false},"version":2}},"categories":[27,2,35],"tags":[],"class_list":["post-23459","post","type-post","status-publish","format-standard","has-post-thumbnail","hentry","category-blogu-i-udhetarit","category-politika","category-shoqerore"],"jetpack_publicize_connections":[],"jetpack_featured_media_url":"https:\/\/i0.wp.com\/www.shqiperia.com\/blog\/wp-content\/uploads\/2019\/07\/310298C2-9586-4B48-A816-B81165BE9409.png?fit=1024%2C532&ssl=1","jetpack_sharing_enabled":true,"jetpack_shortlink":"https:\/\/wp.me\/p5Z6wp-66n","jetpack-related-posts":[{"id":60071,"url":"https:\/\/www.shqiperia.com\/blog\/gjykata-kushtetuese-do-shkarkoje-xhacken-ka-shkelur-ligjin-rama-shkarkoi-ahmetaj-se-si-duhet-me\/","url_meta":{"origin":23459,"position":0},"title":"Gjykata Kushtetuese do shkarkoj\u00eb Xha\u00e7k\u00ebn, ka shkelur ligjin. Rama shkarkoi Ahmetaj se s\u2019i duhet m\u00eb.","author":"Kurt Farka","date":"July 26, 2022","format":false,"excerpt":"25 Korrik 2022 Deputeti i PD, Agron Shehaj, ka komentuar shkarkimin e Arben Ahmetaj, nga posti i zv.kryeministrit. N\u00eb nj\u00eb intervist\u00eb p\u00ebr RTV Ora, me gazetaren Beti Njuma, Shehaj tha se Ahmetaj s\u00eb bashku me Ram\u00ebn kan\u00eb p\u00ebrdour pushtetin p\u00ebr t\u2019u pasurur. Agron Shehaj:\u00a0Sigurisht q\u00eb Ahmetaj ka rol n\u00eb afer\u00ebn\u2026","rel":"","context":"In &quot;Blogu i Udh\u00ebtarit&quot;","block_context":{"text":"Blogu i Udh\u00ebtarit","link":"https:\/\/www.shqiperia.com\/blog\/category\/blogu-i-udhetarit\/"},"img":{"alt_text":"","src":"https:\/\/i0.wp.com\/www.shqiperia.com\/blog\/wp-content\/uploads\/2022\/07\/agron-shehaj.jpg?fit=750%2C375&ssl=1&resize=350%2C200","width":350,"height":200,"srcset":"https:\/\/i0.wp.com\/www.shqiperia.com\/blog\/wp-content\/uploads\/2022\/07\/agron-shehaj.jpg?fit=750%2C375&ssl=1&resize=350%2C200 1x, https:\/\/i0.wp.com\/www.shqiperia.com\/blog\/wp-content\/uploads\/2022\/07\/agron-shehaj.jpg?fit=750%2C375&ssl=1&resize=525%2C300 1.5x, https:\/\/i0.wp.com\/www.shqiperia.com\/blog\/wp-content\/uploads\/2022\/07\/agron-shehaj.jpg?fit=750%2C375&ssl=1&resize=700%2C400 2x"},"classes":[]},{"id":98562,"url":"https:\/\/www.shqiperia.com\/blog\/ministrja-e-drejtesise-e-kosoves-non-grata-ne-shqiperi-reagon-ambasada\/","url_meta":{"origin":23459,"position":1},"title":"Ministrja e Drejt\u00ebsis\u00eb e Kosov\u00ebs non grata n\u00eb Shqip\u00ebri? &#8211; Reagon Ambasada","author":"Kurt Farka","date":"March 22, 2026","format":false,"excerpt":"22 Mars 2026 Ambasadori i Shqip\u00ebris\u00eb n\u00eb Kosov\u00eb, Petrit Malaj, ka reaguar p\u00ebr nj\u00eb lajm t\u00eb qarkulluar sot se ministrja e Drejt\u00ebsis\u00eb s\u00eb Kosov\u00ebs, Donika G\u00ebrvalla \u00ebsht\u00eb shpallur \u201cnon-grata\u201d nga Shqip\u00ebria. Malaj shprehet se Ambasada nuk e konfirmon k\u00ebt\u00eb dhe nuk ka asnj\u00eb vendim ose udh\u00ebzim t\u00eb till\u00eb. \u201cAmbasada nuk\u2026","rel":"","context":"In &quot;Njoftime Shtypi&quot;","block_context":{"text":"Njoftime Shtypi","link":"https:\/\/www.shqiperia.com\/blog\/category\/njoftime-shtypi\/"},"img":{"alt_text":"","src":"https:\/\/i0.wp.com\/www.shqiperia.com\/blog\/wp-content\/uploads\/2026\/03\/Donika-Gervalla.webp?fit=1200%2C800&ssl=1&resize=350%2C200","width":350,"height":200,"srcset":"https:\/\/i0.wp.com\/www.shqiperia.com\/blog\/wp-content\/uploads\/2026\/03\/Donika-Gervalla.webp?fit=1200%2C800&ssl=1&resize=350%2C200 1x, https:\/\/i0.wp.com\/www.shqiperia.com\/blog\/wp-content\/uploads\/2026\/03\/Donika-Gervalla.webp?fit=1200%2C800&ssl=1&resize=525%2C300 1.5x, https:\/\/i0.wp.com\/www.shqiperia.com\/blog\/wp-content\/uploads\/2026\/03\/Donika-Gervalla.webp?fit=1200%2C800&ssl=1&resize=700%2C400 2x, https:\/\/i0.wp.com\/www.shqiperia.com\/blog\/wp-content\/uploads\/2026\/03\/Donika-Gervalla.webp?fit=1200%2C800&ssl=1&resize=1050%2C600 3x"},"classes":[]},{"id":98242,"url":"https:\/\/www.shqiperia.com\/blog\/rruge-te-lena-rruges-dhe-te-shembura-rama-flet-per-veprat-historike-korce-erseka-vlere-e-madhe-e-shtuar\/","url_meta":{"origin":23459,"position":2},"title":"Rrug\u00eb t\u00eb l\u00ebna rrug\u00ebs dhe t\u00eb shembura, Rama flet p\u00ebr \u2018veprat historike\u2019: &#8211; Kor\u00e7\u00eb-Erseka, vler\u00eb e madhe e shtuar.","author":"Kurt Farka","date":"March 9, 2026","format":false,"excerpt":"9 Mars 2026 Kryeministri Edi Rama teksa foli p\u00ebr \u00e7\u00ebshtjen \u201cBalluku\u201d ka shpalosur disa nga veprat e suksesshme q\u00eb sipas tij ka realizuar qeveria e tij. Ai renditi disa nga rrug\u00ebt e nd\u00ebrtuara, q\u00eb edhe pse jan\u00eb shembur, i quajti histori suksesi. \u201cK\u00ebto vepra jan\u00eb kryer n\u00eb k\u00ebto 6 vite.\u2026","rel":"","context":"In &quot;Blogu i Udh\u00ebtarit&quot;","block_context":{"text":"Blogu i Udh\u00ebtarit","link":"https:\/\/www.shqiperia.com\/blog\/category\/blogu-i-udhetarit\/"},"img":{"alt_text":"","src":"https:\/\/i0.wp.com\/www.shqiperia.com\/blog\/wp-content\/uploads\/2026\/03\/607279713_1423811459402390_1514746793599091520_n.jpg?fit=1080%2C786&ssl=1&resize=350%2C200","width":350,"height":200,"srcset":"https:\/\/i0.wp.com\/www.shqiperia.com\/blog\/wp-content\/uploads\/2026\/03\/607279713_1423811459402390_1514746793599091520_n.jpg?fit=1080%2C786&ssl=1&resize=350%2C200 1x, https:\/\/i0.wp.com\/www.shqiperia.com\/blog\/wp-content\/uploads\/2026\/03\/607279713_1423811459402390_1514746793599091520_n.jpg?fit=1080%2C786&ssl=1&resize=525%2C300 1.5x, https:\/\/i0.wp.com\/www.shqiperia.com\/blog\/wp-content\/uploads\/2026\/03\/607279713_1423811459402390_1514746793599091520_n.jpg?fit=1080%2C786&ssl=1&resize=700%2C400 2x, https:\/\/i0.wp.com\/www.shqiperia.com\/blog\/wp-content\/uploads\/2026\/03\/607279713_1423811459402390_1514746793599091520_n.jpg?fit=1080%2C786&ssl=1&resize=1050%2C600 3x"},"classes":[]},{"id":90077,"url":"https:\/\/www.shqiperia.com\/blog\/hartat-ministrja-qe-ha-zonat-e-mbrojtura-si-e-vendosi-kumbaro-gjirin-e-llamanit-nen-kthetrat-e-betonit\/","url_meta":{"origin":23459,"position":3},"title":"HARTAT. &#8211; Ministrja q\u00eb ha zonat e mbrojtura. &#8211; Si e vendosi Kumbaro Gjirin e Llamanit n\u00ebn kthetrat e betonit","author":"Kurt Farka","date":"March 3, 2025","format":false,"excerpt":"3 Mars 2025 N\u00eb vitin 2015, tre ekspert\u00eb t\u00eb Institutit p\u00ebr Ruajtjen e Natyr\u00ebs n\u00eb Shqip\u00ebri, hartuan Planin e Menaxhimit p\u00ebr Parkun Natyror Gjiri i Porto Palermos-Llamani. N\u00eb dokumentin e gjat\u00eb, Zamir Dedej, Genti Kromidha dhe Nihat Dragoti p\u00ebrcaktuan kufijt\u00eb e asaj q\u00eb sipas tyre duhet t\u00eb ishte zona e\u2026","rel":"","context":"In &quot;Blogu i Udh\u00ebtarit&quot;","block_context":{"text":"Blogu i Udh\u00ebtarit","link":"https:\/\/www.shqiperia.com\/blog\/category\/blogu-i-udhetarit\/"},"img":{"alt_text":"","src":"https:\/\/i0.wp.com\/www.shqiperia.com\/blog\/wp-content\/uploads\/2025\/03\/640-0-kumjpg-1740946522.jpg?fit=640%2C422&ssl=1&resize=350%2C200","width":350,"height":200,"srcset":"https:\/\/i0.wp.com\/www.shqiperia.com\/blog\/wp-content\/uploads\/2025\/03\/640-0-kumjpg-1740946522.jpg?fit=640%2C422&ssl=1&resize=350%2C200 1x, https:\/\/i0.wp.com\/www.shqiperia.com\/blog\/wp-content\/uploads\/2025\/03\/640-0-kumjpg-1740946522.jpg?fit=640%2C422&ssl=1&resize=525%2C300 1.5x"},"classes":[]},{"id":61151,"url":"https:\/\/www.shqiperia.com\/blog\/fillimi-i-vjeshtes-me-surpriza-ne-qeverisjen-rama-ja-kush-perflitet-se-do-te-ike-nga-kabineti\/","url_meta":{"origin":23459,"position":4},"title":"Fillimi i vjesht\u00ebs me surpriza n\u00eb qeverisjen Rama, ja kush p\u00ebrflitet se do t\u00eb ik\u00eb nga kabineti","author":"Kurt Farka","date":"August 15, 2022","format":false,"excerpt":"N\u00eb situat\u00ebn aktuale qeveria shqiptare ndodhet n\u00eb nj\u00eb momentum depresiv, ku nj\u00eb pjes\u00eb e qeveris\u00eb rri me syt\u00eb nga SPAK nd\u00ebrkoh\u00eb q\u00eb pjesa tjet\u00ebr ndihet e terrorizuar nga fati i koleg\u00ebve. Shtatori pritet t\u00eb vij\u00eb me surpriza p\u00ebr qeverin\u00eb Rama, e cila ka hyr\u00eb n\u00eb vitin e dyt\u00eb t\u00eb mandatit\u2026","rel":"","context":"In &quot;Blogu i Udh\u00ebtarit&quot;","block_context":{"text":"Blogu i Udh\u00ebtarit","link":"https:\/\/www.shqiperia.com\/blog\/category\/blogu-i-udhetarit\/"},"img":{"alt_text":"","src":"https:\/\/i0.wp.com\/www.shqiperia.com\/blog\/wp-content\/uploads\/2022\/08\/800-0-62fa1c1735d5f.jpg?fit=800%2C403&ssl=1&resize=350%2C200","width":350,"height":200,"srcset":"https:\/\/i0.wp.com\/www.shqiperia.com\/blog\/wp-content\/uploads\/2022\/08\/800-0-62fa1c1735d5f.jpg?fit=800%2C403&ssl=1&resize=350%2C200 1x, https:\/\/i0.wp.com\/www.shqiperia.com\/blog\/wp-content\/uploads\/2022\/08\/800-0-62fa1c1735d5f.jpg?fit=800%2C403&ssl=1&resize=525%2C300 1.5x, https:\/\/i0.wp.com\/www.shqiperia.com\/blog\/wp-content\/uploads\/2022\/08\/800-0-62fa1c1735d5f.jpg?fit=800%2C403&ssl=1&resize=700%2C400 2x"},"classes":[]},{"id":88432,"url":"https:\/\/www.shqiperia.com\/blog\/ndalohet-ta-lexojne-kete-lajm-politikanet-shqiptar-nen-presion-per-shkak-te-akuzave-ndaj-tezes-se-saj-ministrja-britanike-jep-doreheqjen\/","url_meta":{"origin":23459,"position":5},"title":"Ndalohet ta lexojne kete lajm politikanet shqiptar. &#8211; N\u00ebn presion p\u00ebr shkak t\u00eb akuzave ndaj tezes s\u00eb saj, ministrja britanike jep dor\u00ebheqjen","author":"Kurt Farka","date":"January 15, 2025","format":false,"excerpt":"15 Janar 2025 Ministrja britanike e Thesarit, Tulip Siddiq ka dh\u00ebn\u00eb\u00a0dor\u00ebheqjen\u00a0nga nga posti i saj. Dor\u00ebheqja e saj vjen pas publikimit t\u00eb akuzave p\u00ebr pronat e lidhura me tezen e saj, ish-kryeministren e rr\u00ebzuar t\u00eb Bangladeshit, Sheikh Hasina. Siddiq ka qen\u00eb n\u00ebn presion lidhur me akuzat p\u00ebr pronat e lidhura\u2026","rel":"","context":"In &quot;Blogu i Udh\u00ebtarit&quot;","block_context":{"text":"Blogu i Udh\u00ebtarit","link":"https:\/\/www.shqiperia.com\/blog\/category\/blogu-i-udhetarit\/"},"img":{"alt_text":"","src":"https:\/\/i0.wp.com\/www.shqiperia.com\/blog\/wp-content\/uploads\/2025\/01\/640-0-6ff3bd31a070aceac5f0bcd2bd51f7b4.jpg?fit=640%2C336&ssl=1&resize=350%2C200","width":350,"height":200,"srcset":"https:\/\/i0.wp.com\/www.shqiperia.com\/blog\/wp-content\/uploads\/2025\/01\/640-0-6ff3bd31a070aceac5f0bcd2bd51f7b4.jpg?fit=640%2C336&ssl=1&resize=350%2C200 1x, https:\/\/i0.wp.com\/www.shqiperia.com\/blog\/wp-content\/uploads\/2025\/01\/640-0-6ff3bd31a070aceac5f0bcd2bd51f7b4.jpg?fit=640%2C336&ssl=1&resize=525%2C300 1.5x"},"classes":[]}],"_links":{"self":[{"href":"https:\/\/www.shqiperia.com\/blog\/wp-json\/wp\/v2\/posts\/23459","targetHints":{"allow":["GET"]}}],"collection":[{"href":"https:\/\/www.shqiperia.com\/blog\/wp-json\/wp\/v2\/posts"}],"about":[{"href":"https:\/\/www.shqiperia.com\/blog\/wp-json\/wp\/v2\/types\/post"}],"author":[{"embeddable":true,"href":"https:\/\/www.shqiperia.com\/blog\/wp-json\/wp\/v2\/users\/9"}],"replies":[{"embeddable":true,"href":"https:\/\/www.shqiperia.com\/blog\/wp-json\/wp\/v2\/comments?post=23459"}],"version-history":[{"count":1,"href":"https:\/\/www.shqiperia.com\/blog\/wp-json\/wp\/v2\/posts\/23459\/revisions"}],"predecessor-version":[{"id":23461,"href":"https:\/\/www.shqiperia.com\/blog\/wp-json\/wp\/v2\/posts\/23459\/revisions\/23461"}],"wp:featuredmedia":[{"embeddable":true,"href":"https:\/\/www.shqiperia.com\/blog\/wp-json\/wp\/v2\/media\/23460"}],"wp:attachment":[{"href":"https:\/\/www.shqiperia.com\/blog\/wp-json\/wp\/v2\/media?parent=23459"}],"wp:term":[{"taxonomy":"category","embeddable":true,"href":"https:\/\/www.shqiperia.com\/blog\/wp-json\/wp\/v2\/categories?post=23459"},{"taxonomy":"post_tag","embeddable":true,"href":"https:\/\/www.shqiperia.com\/blog\/wp-json\/wp\/v2\/tags?post=23459"}],"curies":[{"name":"wp","href":"https:\/\/api.w.org\/{rel}","templated":true}]}}