{"id":23455,"date":"2019-07-23T07:59:06","date_gmt":"2019-07-23T07:59:06","guid":{"rendered":"http:\/\/www.shqiperia.com\/blog\/?p=23455"},"modified":"2019-07-23T07:59:19","modified_gmt":"2019-07-23T07:59:19","slug":"grusht-shteti-me-metoda-te-vecanta-citjanet-brekushet-dhe-nallanet","status":"publish","type":"post","link":"https:\/\/www.shqiperia.com\/blog\/grusht-shteti-me-metoda-te-vecanta-citjanet-brekushet-dhe-nallanet\/","title":{"rendered":"Grusht shteti me metoda t\u00eb ve\u00e7anta. \u2018\u00c7itjanet, brekushet dhe nallanet\u2019,"},"content":{"rendered":"<p><img data-recalc-dims=\"1\" loading=\"lazy\" decoding=\"async\" data-attachment-id=\"23456\" data-permalink=\"https:\/\/www.shqiperia.com\/blog\/grusht-shteti-me-metoda-te-vecanta-citjanet-brekushet-dhe-nallanet\/edi-rama-copy-6\/\" data-orig-file=\"https:\/\/i0.wp.com\/www.shqiperia.com\/blog\/wp-content\/uploads\/2019\/07\/Edi-Rama-Copy-5.jpg?fit=573%2C357&amp;ssl=1\" data-orig-size=\"573,357\" data-comments-opened=\"1\" data-image-meta=\"{&quot;aperture&quot;:&quot;0&quot;,&quot;credit&quot;:&quot;&quot;,&quot;camera&quot;:&quot;&quot;,&quot;caption&quot;:&quot;&quot;,&quot;created_timestamp&quot;:&quot;0&quot;,&quot;copyright&quot;:&quot;&quot;,&quot;focal_length&quot;:&quot;0&quot;,&quot;iso&quot;:&quot;0&quot;,&quot;shutter_speed&quot;:&quot;0&quot;,&quot;title&quot;:&quot;&quot;,&quot;orientation&quot;:&quot;0&quot;}\" data-image-title=\"Edi Rama &#8211; Copy\" data-image-description=\"\" data-image-caption=\"\" data-medium-file=\"https:\/\/i0.wp.com\/www.shqiperia.com\/blog\/wp-content\/uploads\/2019\/07\/Edi-Rama-Copy-5.jpg?fit=300%2C187&amp;ssl=1\" data-large-file=\"https:\/\/i0.wp.com\/www.shqiperia.com\/blog\/wp-content\/uploads\/2019\/07\/Edi-Rama-Copy-5.jpg?fit=573%2C357&amp;ssl=1\" class=\"alignnone wp-image-23456\" alt=\"\" src=\"https:\/\/i0.wp.com\/www.shqiperia.com\/blog\/wp-content\/uploads\/2019\/07\/Edi-Rama-Copy-5-300x187.jpg?resize=443%2C276\" width=\"443\" height=\"276\" srcset=\"https:\/\/i0.wp.com\/www.shqiperia.com\/blog\/wp-content\/uploads\/2019\/07\/Edi-Rama-Copy-5.jpg?resize=300%2C187&amp;ssl=1 300w, https:\/\/i0.wp.com\/www.shqiperia.com\/blog\/wp-content\/uploads\/2019\/07\/Edi-Rama-Copy-5.jpg?resize=450%2C280&amp;ssl=1 450w, https:\/\/i0.wp.com\/www.shqiperia.com\/blog\/wp-content\/uploads\/2019\/07\/Edi-Rama-Copy-5.jpg?resize=400%2C249&amp;ssl=1 400w, https:\/\/i0.wp.com\/www.shqiperia.com\/blog\/wp-content\/uploads\/2019\/07\/Edi-Rama-Copy-5.jpg?w=573&amp;ssl=1 573w\" sizes=\"auto, (max-width: 443px) 100vw, 443px\" \/><\/p>\n<p>\u2018\u00c7itjanet, brekushet dhe nallanet\u2019, shp\u00ebrthen Rama: Grusht shteti me metoda t\u00eb ve\u00e7anta<\/p>\n<p>23\/07\/2019<\/p>\n<p>Profesori Shenasi Rama n\u00eb nj\u00eb lidhje telefonike n\u00eb studion e lajmeve n\u00eb RTV Ora u shpreh se n\u00eb Shqip\u00ebri po ndodh nj\u00eb grusht shteti shum\u00eb i ve\u00e7ant\u00eb.<\/p>\n<p>Rama theksoi se \u00ebsht\u00eb nj\u00eb grusht shteti i realizuar nga turma t\u00eb organizuara mir\u00eb bandit\u00ebsh dhe kriminel\u00ebsh t\u00eb lidhur me parin\u00eb e Tiran\u00ebs.<\/p>\n<p>Shenasi Rama: Ne jemi m\u00ebsuar q\u00eb grushtet e shtetit i b\u00ebjn\u00eb gjeneral\u00ebt dhe mundohen q\u00eb t\u00eb ruajn\u00eb institucionet e nj\u00eb shteti t\u00eb caktuar, interesat e kast\u00ebs s\u00eb tyre etj. N\u00eb shtetin shqiptar po ndodh nj\u00eb grusht shteti i llojit t\u00ebr\u00ebsisht t\u00eb ve\u00e7ant\u00eb. Po ndodh p\u00ebr arsye q\u00eb nuk kan\u00eb t\u00eb b\u00ebjn\u00eb asgj\u00eb me ruajtjen e institucioneve. \u00cbsht\u00eb nj\u00eb grusht shteti i b\u00ebr\u00eb me \u00e7itjane, me brekushe dhe me nallane.<\/p>\n<p>\u00cbsht\u00eb nj\u00eb grusht shteti i realizuar nga turma t\u00eb organizuara mir\u00eb bandit\u00ebsh dhe kriminel\u00ebsh t\u00eb lidhur me parin\u00eb e Tiran\u00ebs, t\u00eb cil\u00ebt kan\u00eb gjetur teknik\u00ebn e minimit t\u00eb plot\u00eb t\u00eb institucioneve t\u00eb shtetit dhe vendosjen e vullnetit t\u00eb nj\u00eb individi t\u00eb caktuar, ose t\u00eb nj\u00eb klike t\u00eb caktuar q\u00eb q\u00ebndron pas tij n\u00eb d\u00ebm t\u00eb t\u00eb gjith\u00eb shqiptar\u00ebve.<\/p>\n","protected":false},"excerpt":{"rendered":"<p>\u2018\u00c7itjanet, brekushet dhe nallanet\u2019, shp\u00ebrthen Rama: Grusht shteti me metoda t\u00eb ve\u00e7anta 23\/07\/2019 Profesori Shenasi Rama n\u00eb nj\u00eb lidhje telefonike n\u00eb studion e lajmeve n\u00eb RTV Ora u shpreh se n\u00eb Shqip\u00ebri po ndodh nj\u00eb grusht shteti shum\u00eb i ve\u00e7ant\u00eb. Rama theksoi se \u00ebsht\u00eb nj\u00eb grusht shteti i realizuar nga turma t\u00eb organizuara mir\u00eb bandit\u00ebsh [&hellip;]<\/p>\n","protected":false},"author":9,"featured_media":23456,"comment_status":"open","ping_status":"open","sticky":false,"template":"","format":"standard","meta":{"jetpack_post_was_ever_published":false,"_jetpack_newsletter_access":"","_jetpack_dont_email_post_to_subs":false,"_jetpack_newsletter_tier_id":0,"_jetpack_memberships_contains_paywalled_content":false,"_jetpack_memberships_contains_paid_content":false,"footnotes":"","jetpack_publicize_message":"","jetpack_publicize_feature_enabled":true,"jetpack_social_post_already_shared":true,"jetpack_social_options":{"image_generator_settings":{"template":"highway","default_image_id":0,"font":"","enabled":false},"version":2}},"categories":[27,2,35],"tags":[],"class_list":["post-23455","post","type-post","status-publish","format-standard","has-post-thumbnail","hentry","category-blogu-i-udhetarit","category-politika","category-shoqerore"],"jetpack_publicize_connections":[],"jetpack_featured_media_url":"https:\/\/i0.wp.com\/www.shqiperia.com\/blog\/wp-content\/uploads\/2019\/07\/Edi-Rama-Copy-5.jpg?fit=573%2C357&ssl=1","jetpack_sharing_enabled":true,"jetpack_shortlink":"https:\/\/wp.me\/p5Z6wp-66j","jetpack-related-posts":[{"id":78049,"url":"https:\/\/www.shqiperia.com\/blog\/ervin-salianji-eshte-grusht-shteti-brenda-shteti-mos-te-njohesh-kushtetuten-pengesat-po-sjellin-nxitimin-e-kohes-per-zgjedhje\/","url_meta":{"origin":23455,"position":0},"title":"Ervin Salianji &#8211; \u00cbsht\u00eb grusht shteti brenda shteti, mos t\u00eb njoh\u00ebsh Kushtetut\u00ebn. &#8211; Pengesat po sjellin nxitimin e koh\u00ebs p\u00ebr zgjedhje","author":"Kurt Farka","date":"February 8, 2024","format":false,"excerpt":"8 Shkurt 2024 N\u00eb nj\u00eb intervist\u00eb televizive, Salianji tha se \u00ebsht\u00eb akt simbolik, pa dhun\u00eb. Sa i p\u00ebrket shenjave p\u00ebr bashkimin e t\u00eb pakt\u00ebn dy prej ndarjeve t\u00eb PD-s\u00eb, Salianji tha se procesi po ec\u00ebn ngadal\u00eb por ka dakord\u00ebsi. Sipas deputetit demokrat, ka nj\u00eb munges\u00eb vullneti nga nj\u00eb pjes\u00eb e\u2026","rel":"","context":"In &quot;Blogu i Udh\u00ebtarit&quot;","block_context":{"text":"Blogu i Udh\u00ebtarit","link":"https:\/\/www.shqiperia.com\/blog\/category\/blogu-i-udhetarit\/"},"img":{"alt_text":"","src":"https:\/\/i0.wp.com\/www.shqiperia.com\/blog\/wp-content\/uploads\/2024\/02\/800-0-65c4fd8860f55.jpg?fit=800%2C532&ssl=1&resize=350%2C200","width":350,"height":200,"srcset":"https:\/\/i0.wp.com\/www.shqiperia.com\/blog\/wp-content\/uploads\/2024\/02\/800-0-65c4fd8860f55.jpg?fit=800%2C532&ssl=1&resize=350%2C200 1x, https:\/\/i0.wp.com\/www.shqiperia.com\/blog\/wp-content\/uploads\/2024\/02\/800-0-65c4fd8860f55.jpg?fit=800%2C532&ssl=1&resize=525%2C300 1.5x, https:\/\/i0.wp.com\/www.shqiperia.com\/blog\/wp-content\/uploads\/2024\/02\/800-0-65c4fd8860f55.jpg?fit=800%2C532&ssl=1&resize=700%2C400 2x"},"classes":[]},{"id":36661,"url":"https:\/\/www.shqiperia.com\/blog\/meta-reagon-ashper-bandat-bene-grusht-shteti-rama-u-mburr-si-djali-i-komunistit-qe-vari-poetet\/","url_meta":{"origin":23455,"position":1},"title":"Meta reagon ashp\u00ebr: &#8211; Bandat b\u00ebn\u00eb grusht shteti, Rama u mburr si djali i komunistit q\u00eb vari poet\u00ebt","author":"Kurt Farka","date":"July 30, 2020","format":false,"excerpt":"Meta reagon ashp\u00ebr: - Bandat b\u00ebn\u00eb grusht shteti, Rama u mburr si djali i komunistit q\u00eb vari poet\u00ebt. 30 KORRIK 2020 Gazeta SHQIP Presidenti Ilir Meta ka reaguar ashp\u00ebr ndaj ndryshimeve kushtetuese t\u00eb realizuara pa konsensusin e PD-s\u00eb dhe t\u00eb aleat\u00ebve t\u00eb saj. Meta me an\u00eb t\u00eb nj\u00eb reagimi publik\u2026","rel":"","context":"In &quot;Njoftime Shtypi&quot;","block_context":{"text":"Njoftime Shtypi","link":"https:\/\/www.shqiperia.com\/blog\/category\/njoftime-shtypi\/"},"img":{"alt_text":"","src":"https:\/\/i0.wp.com\/www.shqiperia.com\/blog\/wp-content\/uploads\/2020\/07\/640-0-5f22bfcf948ea.jpg?fit=640%2C413&ssl=1&resize=350%2C200","width":350,"height":200,"srcset":"https:\/\/i0.wp.com\/www.shqiperia.com\/blog\/wp-content\/uploads\/2020\/07\/640-0-5f22bfcf948ea.jpg?fit=640%2C413&ssl=1&resize=350%2C200 1x, https:\/\/i0.wp.com\/www.shqiperia.com\/blog\/wp-content\/uploads\/2020\/07\/640-0-5f22bfcf948ea.jpg?fit=640%2C413&ssl=1&resize=525%2C300 1.5x"},"classes":[]},{"id":46189,"url":"https:\/\/www.shqiperia.com\/blog\/u-akuzua-nga-rama-reagon-berisha-dhe-permend-emrat-e-socialisteve-qe-u-punojne-te-afermit-ne-albcontrol-akuzat-per-grusht-shteti-i-ka-ndaj\/","url_meta":{"origin":23455,"position":2},"title":"U akuzua nga Rama. Reagon Berisha dhe p\u00ebrmend emrat e socialist\u00ebve q\u00eb u punojn\u00eb t\u00eb af\u00ebrmit n\u00eb Albcontrol: &#8211; Akuzat p\u00ebr \u2018grusht shteti\u2019 i ka ndaj\u2026","author":"Kurt Farka","date":"April 8, 2021","format":false,"excerpt":"U akuzua nga Rama. Reagon Berisha dhe p\u00ebrmend emrat e socialist\u00ebve q\u00eb u punojn\u00eb t\u00eb af\u00ebrmit n\u00eb Albcontrol: - Akuzat p\u00ebr \u2018grusht shteti\u2019 i ka ndaj\u2026 8 prill 2021 I v\u00ebn\u00eb n\u00ebn akuz\u00eb nga kryeministri Edi Rama se q\u00ebndron prapa protest\u00ebs s\u00eb kontrollor\u00ebve t\u00eb trafikut ajror pran\u00eb Albcontrol, lideri historik\u2026","rel":"","context":"In &quot;Blogu i Udh\u00ebtarit&quot;","block_context":{"text":"Blogu i Udh\u00ebtarit","link":"https:\/\/www.shqiperia.com\/blog\/category\/blogu-i-udhetarit\/"},"img":{"alt_text":"","src":"https:\/\/i0.wp.com\/www.shqiperia.com\/blog\/wp-content\/uploads\/2021\/04\/sali-berisha.jpg?fit=1200%2C684&ssl=1&resize=350%2C200","width":350,"height":200,"srcset":"https:\/\/i0.wp.com\/www.shqiperia.com\/blog\/wp-content\/uploads\/2021\/04\/sali-berisha.jpg?fit=1200%2C684&ssl=1&resize=350%2C200 1x, https:\/\/i0.wp.com\/www.shqiperia.com\/blog\/wp-content\/uploads\/2021\/04\/sali-berisha.jpg?fit=1200%2C684&ssl=1&resize=525%2C300 1.5x, https:\/\/i0.wp.com\/www.shqiperia.com\/blog\/wp-content\/uploads\/2021\/04\/sali-berisha.jpg?fit=1200%2C684&ssl=1&resize=700%2C400 2x, https:\/\/i0.wp.com\/www.shqiperia.com\/blog\/wp-content\/uploads\/2021\/04\/sali-berisha.jpg?fit=1200%2C684&ssl=1&resize=1050%2C600 3x"},"classes":[]},{"id":31442,"url":"https:\/\/www.shqiperia.com\/blog\/luan-rama-po-kryhet-grusht-shteti-banda-e-pushtetit-synon-te-kape-gjykaten-kushtetuese\/","url_meta":{"origin":23455,"position":3},"title":"Luan Rama: &#8211; Po kryhet grusht shteti. Banda e pushtetit synon t\u00eb kap\u00eb Gjykat\u00ebn Kushtetuese","author":"Kurt Farka","date":"February 12, 2020","format":false,"excerpt":"Luan Rama: - Po kryhet grusht shteti. Banda e pushtetit synon t\u00eb kap\u00eb Gjykat\u00ebn Kushtetuese 10\/02\/2020 Z\u00ebvend\u00ebskryetari i LSI-s\u00eb Luan Rama shprehet se q\u00ebndrimet e PS kund\u00ebr Gjykat\u00ebs Kushtetuese dhe marrja e kompetencave t\u00eb institucioneve t\u00eb tjera d\u00ebshmojn\u00eb p\u00ebr tentativ\u00ebn e nj\u00eb grushti shteti. Analiza e plot\u00eb e Luan Ram\u00ebs:\u2026","rel":"","context":"In &quot;Blogu i Udh\u00ebtarit&quot;","block_context":{"text":"Blogu i Udh\u00ebtarit","link":"https:\/\/www.shqiperia.com\/blog\/category\/blogu-i-udhetarit\/"},"img":{"alt_text":"","src":"https:\/\/i0.wp.com\/www.shqiperia.com\/blog\/wp-content\/uploads\/2020\/02\/Luan-Rama-2.jpg?fit=750%2C375&ssl=1&resize=350%2C200","width":350,"height":200,"srcset":"https:\/\/i0.wp.com\/www.shqiperia.com\/blog\/wp-content\/uploads\/2020\/02\/Luan-Rama-2.jpg?fit=750%2C375&ssl=1&resize=350%2C200 1x, https:\/\/i0.wp.com\/www.shqiperia.com\/blog\/wp-content\/uploads\/2020\/02\/Luan-Rama-2.jpg?fit=750%2C375&ssl=1&resize=525%2C300 1.5x, https:\/\/i0.wp.com\/www.shqiperia.com\/blog\/wp-content\/uploads\/2020\/02\/Luan-Rama-2.jpg?fit=750%2C375&ssl=1&resize=700%2C400 2x"},"classes":[]},{"id":34785,"url":"https:\/\/www.shqiperia.com\/blog\/der-standard-nje-grusht-shteti-ne-kohen-e-korones-dhe-shembje-naten-nen-mjegull\/","url_meta":{"origin":23455,"position":4},"title":"\u201cDer Standard\u201d: &#8211; Nj\u00eb grusht shteti n\u00eb koh\u00ebn e koron\u00ebs dhe shembje nat\u00ebn n\u00ebn\u00a0&#8216;mjegull&#8217;\u00a0","author":"Kurt Farka","date":"May 19, 2020","format":false,"excerpt":"\u201cDer Standard\u201d: - Nj\u00eb grusht shteti n\u00eb koh\u00ebn e koron\u00ebs dhe shembje nat\u00ebn n\u00ebn\u00a0'mjegull' 19\/05\/2020 Nga: Adelheid W\u00f6lfl Gazeta Der Standard i ka kushtuar nj\u00eb artikull shembjes s\u00eb Teatrit Komb\u00ebtar n\u00eb Shqip\u00ebri duke v\u00ebn\u00eb theksin tek tiparet autokratike q\u00eb po merr qeverisja socialiste n\u00ebn drektimin e Edi Ram\u00ebs. Nj\u00eb grusht\u2026","rel":"","context":"In &quot;Kultura&quot;","block_context":{"text":"Kultura","link":"https:\/\/www.shqiperia.com\/blog\/category\/kultura\/"},"img":{"alt_text":"","src":"https:\/\/i0.wp.com\/www.shqiperia.com\/blog\/wp-content\/uploads\/2020\/05\/Teatri-4-696x361-1.jpg?fit=579%2C267&ssl=1&resize=350%2C200","width":350,"height":200,"srcset":"https:\/\/i0.wp.com\/www.shqiperia.com\/blog\/wp-content\/uploads\/2020\/05\/Teatri-4-696x361-1.jpg?fit=579%2C267&ssl=1&resize=350%2C200 1x, https:\/\/i0.wp.com\/www.shqiperia.com\/blog\/wp-content\/uploads\/2020\/05\/Teatri-4-696x361-1.jpg?fit=579%2C267&ssl=1&resize=525%2C300 1.5x"},"classes":[]},{"id":70250,"url":"https:\/\/www.shqiperia.com\/blog\/lubonja-rama-ka-instaluar-regjimin-e-gjendjes-se-jashtezakonshme-me-grusht-shteti-nga-lart\/","url_meta":{"origin":23455,"position":5},"title":"Lubonja: &#8211; Rama ka instaluar regjimin e gjendjes s\u00eb jasht\u00ebzakonshme me grusht shteti nga lart.","author":"Kurt Farka","date":"March 30, 2023","format":false,"excerpt":"30 Mars 2023 Nga: Fatos Lubonja Kam qen\u00eb nj\u00eb ish i barazlarguar antisistem q\u00eb, n\u00eb vitin 2015, ka votuar p\u00ebr grupimin rreth Gjergj Bojaxhiut dhe n\u00eb vitin 2017 p\u00ebr \u201cLibr\u00ebn\u201d e Ben Blushin, me iden\u00eb se tre partit\u00eb kryesore kishin krijuar nj\u00eb sistem t\u00eb korrupsionit oligarkik q\u00eb duhej sfiduar nga\u2026","rel":"","context":"In &quot;Blogu i Udh\u00ebtarit&quot;","block_context":{"text":"Blogu i Udh\u00ebtarit","link":"https:\/\/www.shqiperia.com\/blog\/category\/blogu-i-udhetarit\/"},"img":{"alt_text":"","src":"https:\/\/i0.wp.com\/www.shqiperia.com\/blog\/wp-content\/uploads\/2023\/03\/275621995_3251343735088907_6225533238005875657_n-1.jpg?fit=573%2C357&ssl=1&resize=350%2C200","width":350,"height":200,"srcset":"https:\/\/i0.wp.com\/www.shqiperia.com\/blog\/wp-content\/uploads\/2023\/03\/275621995_3251343735088907_6225533238005875657_n-1.jpg?fit=573%2C357&ssl=1&resize=350%2C200 1x, https:\/\/i0.wp.com\/www.shqiperia.com\/blog\/wp-content\/uploads\/2023\/03\/275621995_3251343735088907_6225533238005875657_n-1.jpg?fit=573%2C357&ssl=1&resize=525%2C300 1.5x"},"classes":[]}],"_links":{"self":[{"href":"https:\/\/www.shqiperia.com\/blog\/wp-json\/wp\/v2\/posts\/23455","targetHints":{"allow":["GET"]}}],"collection":[{"href":"https:\/\/www.shqiperia.com\/blog\/wp-json\/wp\/v2\/posts"}],"about":[{"href":"https:\/\/www.shqiperia.com\/blog\/wp-json\/wp\/v2\/types\/post"}],"author":[{"embeddable":true,"href":"https:\/\/www.shqiperia.com\/blog\/wp-json\/wp\/v2\/users\/9"}],"replies":[{"embeddable":true,"href":"https:\/\/www.shqiperia.com\/blog\/wp-json\/wp\/v2\/comments?post=23455"}],"version-history":[{"count":1,"href":"https:\/\/www.shqiperia.com\/blog\/wp-json\/wp\/v2\/posts\/23455\/revisions"}],"predecessor-version":[{"id":23457,"href":"https:\/\/www.shqiperia.com\/blog\/wp-json\/wp\/v2\/posts\/23455\/revisions\/23457"}],"wp:featuredmedia":[{"embeddable":true,"href":"https:\/\/www.shqiperia.com\/blog\/wp-json\/wp\/v2\/media\/23456"}],"wp:attachment":[{"href":"https:\/\/www.shqiperia.com\/blog\/wp-json\/wp\/v2\/media?parent=23455"}],"wp:term":[{"taxonomy":"category","embeddable":true,"href":"https:\/\/www.shqiperia.com\/blog\/wp-json\/wp\/v2\/categories?post=23455"},{"taxonomy":"post_tag","embeddable":true,"href":"https:\/\/www.shqiperia.com\/blog\/wp-json\/wp\/v2\/tags?post=23455"}],"curies":[{"name":"wp","href":"https:\/\/api.w.org\/{rel}","templated":true}]}}