{"id":23451,"date":"2019-07-23T07:15:49","date_gmt":"2019-07-23T07:15:49","guid":{"rendered":"http:\/\/www.shqiperia.com\/blog\/?p=23451"},"modified":"2019-07-23T07:15:49","modified_gmt":"2019-07-23T07:15:49","slug":"ik-shporru-sharlatan-qytetaret-perzene-deputetin-shkoi-me-makine-luksi-dhe-kostum-te-sheshi-i-teatrit-kombetar","status":"publish","type":"post","link":"https:\/\/www.shqiperia.com\/blog\/ik-shporru-sharlatan-qytetaret-perzene-deputetin-shkoi-me-makine-luksi-dhe-kostum-te-sheshi-i-teatrit-kombetar\/","title":{"rendered":"\u2018\u2019Ik shporru, sharlatan\u201d, qytetar\u00ebt p\u00ebrz\u00ebn\u00eb deputetin. Shkoi me makin\u00eb luksi dhe kostum te sheshi i Teatrit Komb\u00ebtar. &#8211;"},"content":{"rendered":"<p><img data-recalc-dims=\"1\" loading=\"lazy\" decoding=\"async\" data-attachment-id=\"23452\" data-permalink=\"https:\/\/www.shqiperia.com\/blog\/ik-shporru-sharlatan-qytetaret-perzene-deputetin-shkoi-me-makine-luksi-dhe-kostum-te-sheshi-i-teatrit-kombetar\/k4\/\" data-orig-file=\"https:\/\/i0.wp.com\/www.shqiperia.com\/blog\/wp-content\/uploads\/2019\/07\/k4.jpg?fit=836%2C449&amp;ssl=1\" data-orig-size=\"836,449\" data-comments-opened=\"1\" data-image-meta=\"{&quot;aperture&quot;:&quot;0&quot;,&quot;credit&quot;:&quot;&quot;,&quot;camera&quot;:&quot;&quot;,&quot;caption&quot;:&quot;&quot;,&quot;created_timestamp&quot;:&quot;0&quot;,&quot;copyright&quot;:&quot;&quot;,&quot;focal_length&quot;:&quot;0&quot;,&quot;iso&quot;:&quot;0&quot;,&quot;shutter_speed&quot;:&quot;0&quot;,&quot;title&quot;:&quot;&quot;,&quot;orientation&quot;:&quot;0&quot;}\" data-image-title=\"k4\" data-image-description=\"\" data-image-caption=\"\" data-medium-file=\"https:\/\/i0.wp.com\/www.shqiperia.com\/blog\/wp-content\/uploads\/2019\/07\/k4.jpg?fit=300%2C161&amp;ssl=1\" data-large-file=\"https:\/\/i0.wp.com\/www.shqiperia.com\/blog\/wp-content\/uploads\/2019\/07\/k4.jpg?fit=836%2C449&amp;ssl=1\" class=\"alignnone  wp-image-23452\" alt=\"\" src=\"https:\/\/i0.wp.com\/www.shqiperia.com\/blog\/wp-content\/uploads\/2019\/07\/k4-300x161.jpg?resize=578%2C310\" width=\"578\" height=\"310\" srcset=\"https:\/\/i0.wp.com\/www.shqiperia.com\/blog\/wp-content\/uploads\/2019\/07\/k4.jpg?resize=300%2C161&amp;ssl=1 300w, https:\/\/i0.wp.com\/www.shqiperia.com\/blog\/wp-content\/uploads\/2019\/07\/k4.jpg?resize=768%2C412&amp;ssl=1 768w, https:\/\/i0.wp.com\/www.shqiperia.com\/blog\/wp-content\/uploads\/2019\/07\/k4.jpg?resize=450%2C242&amp;ssl=1 450w, https:\/\/i0.wp.com\/www.shqiperia.com\/blog\/wp-content\/uploads\/2019\/07\/k4.jpg?resize=600%2C322&amp;ssl=1 600w, https:\/\/i0.wp.com\/www.shqiperia.com\/blog\/wp-content\/uploads\/2019\/07\/k4.jpg?resize=400%2C215&amp;ssl=1 400w, https:\/\/i0.wp.com\/www.shqiperia.com\/blog\/wp-content\/uploads\/2019\/07\/k4.jpg?w=836&amp;ssl=1 836w\" sizes=\"auto, (max-width: 578px) 100vw, 578px\" \/><\/p>\n<p>\u2018\u2019Ik shporru, sharlatan\u201d, qytetar\u00ebt p\u00ebrz\u00ebn\u00eb deputetin. Shkoi me makin\u00eb luksi dhe kostum te sheshi i Teatrit Komb\u00ebtar. &#8211;<\/p>\n<p>Nga\u00a0<a href=\"http:\/\/telegraf.al\/author\/telegraf\/\"><strong>Gazeta Telegraf<\/strong><\/a><\/p>\n<p>23 Korrik, 2019<\/p>\n<p>\u2018\u2019- Shporru, sharlatan, ik\u2026 \u2018\u2019, k\u00ebto ishin disa nga thirrjet n\u00eb or\u00ebt e para t\u00eb m\u00ebngjesit t\u00eb sot\u00ebm ndaj deputetit Kujtim Gjuzi.<\/p>\n<p>Ky i fundit ka shkuar n\u00eb sheshin para Teatrit Komb\u00ebtar, atje ku dhjetra qytetar\u00eb ishin duke vijuar q\u00ebndres\u00ebn e tyre n\u00eb mbrojtje t\u00eb godin\u00ebs.<\/p>\n<p>Ora ka sh\u00ebnuar 03:20, kur nj\u00eb automjet tip Mercedez \u00ebsht\u00eb ndalur n\u00eb sheshin e Teatrit dhe prej andej ka zbritur Gjuzi. I veshur me kostum, deputeti \u00ebsht\u00eb p\u00ebrballur me reagimin e ashp\u00ebr t\u00eb qytetar\u00ebve q\u00eb e kan\u00eb cil\u00ebsuar si provokim pranin\u00eb e tij.<\/p>\n<p>Video e m\u00ebposhtme tregon momentet kur qytetar\u00ebt p\u00ebrz\u00ebn\u00eb Gjuzin, ndaj t\u00eb cilit jan\u00eb drejtuar nj\u00eb seri fyerjesh.<\/p>\n<p>Duhet th\u00ebn\u00eb se q\u00eb prej hyrjes s\u00eb tij n\u00eb Kuvend, nga listat e PD-s\u00eb vota e Gjuzit ka qen\u00eb p\u00ebrher\u00eb n\u00eb an\u00ebn e qeveris\u00eb Rama, dhe prania e tij n\u00eb sheshin e Teatrit duket thjesht nj\u00eb provokim i radh\u00ebs, dhe nj\u00eb p\u00ebrpjekje p\u00ebr t\u00eb fituar protagoniz\u00ebm.<\/p>\n<p><img data-recalc-dims=\"1\" loading=\"lazy\" decoding=\"async\" data-attachment-id=\"23452\" data-permalink=\"https:\/\/www.shqiperia.com\/blog\/ik-shporru-sharlatan-qytetaret-perzene-deputetin-shkoi-me-makine-luksi-dhe-kostum-te-sheshi-i-teatrit-kombetar\/k4\/\" data-orig-file=\"https:\/\/i0.wp.com\/www.shqiperia.com\/blog\/wp-content\/uploads\/2019\/07\/k4.jpg?fit=836%2C449&amp;ssl=1\" data-orig-size=\"836,449\" data-comments-opened=\"1\" data-image-meta=\"{&quot;aperture&quot;:&quot;0&quot;,&quot;credit&quot;:&quot;&quot;,&quot;camera&quot;:&quot;&quot;,&quot;caption&quot;:&quot;&quot;,&quot;created_timestamp&quot;:&quot;0&quot;,&quot;copyright&quot;:&quot;&quot;,&quot;focal_length&quot;:&quot;0&quot;,&quot;iso&quot;:&quot;0&quot;,&quot;shutter_speed&quot;:&quot;0&quot;,&quot;title&quot;:&quot;&quot;,&quot;orientation&quot;:&quot;0&quot;}\" data-image-title=\"k4\" data-image-description=\"\" data-image-caption=\"\" data-medium-file=\"https:\/\/i0.wp.com\/www.shqiperia.com\/blog\/wp-content\/uploads\/2019\/07\/k4.jpg?fit=300%2C161&amp;ssl=1\" data-large-file=\"https:\/\/i0.wp.com\/www.shqiperia.com\/blog\/wp-content\/uploads\/2019\/07\/k4.jpg?fit=836%2C449&amp;ssl=1\" class=\"alignnone  wp-image-23452\" alt=\"\" src=\"https:\/\/i0.wp.com\/www.shqiperia.com\/blog\/wp-content\/uploads\/2019\/07\/k4-300x161.jpg?resize=658%2C353\" width=\"658\" height=\"353\" srcset=\"https:\/\/i0.wp.com\/www.shqiperia.com\/blog\/wp-content\/uploads\/2019\/07\/k4.jpg?resize=300%2C161&amp;ssl=1 300w, https:\/\/i0.wp.com\/www.shqiperia.com\/blog\/wp-content\/uploads\/2019\/07\/k4.jpg?resize=768%2C412&amp;ssl=1 768w, https:\/\/i0.wp.com\/www.shqiperia.com\/blog\/wp-content\/uploads\/2019\/07\/k4.jpg?resize=450%2C242&amp;ssl=1 450w, https:\/\/i0.wp.com\/www.shqiperia.com\/blog\/wp-content\/uploads\/2019\/07\/k4.jpg?resize=600%2C322&amp;ssl=1 600w, https:\/\/i0.wp.com\/www.shqiperia.com\/blog\/wp-content\/uploads\/2019\/07\/k4.jpg?resize=400%2C215&amp;ssl=1 400w, https:\/\/i0.wp.com\/www.shqiperia.com\/blog\/wp-content\/uploads\/2019\/07\/k4.jpg?w=836&amp;ssl=1 836w\" sizes=\"auto, (max-width: 658px) 100vw, 658px\" \/><\/p>\n","protected":false},"excerpt":{"rendered":"<p>\u2018\u2019Ik shporru, sharlatan\u201d, qytetar\u00ebt p\u00ebrz\u00ebn\u00eb deputetin. Shkoi me makin\u00eb luksi dhe kostum te sheshi i Teatrit Komb\u00ebtar. &#8211; Nga\u00a0Gazeta Telegraf 23 Korrik, 2019 \u2018\u2019- Shporru, sharlatan, ik\u2026 \u2018\u2019, k\u00ebto ishin disa nga thirrjet n\u00eb or\u00ebt e para t\u00eb m\u00ebngjesit t\u00eb sot\u00ebm ndaj deputetit Kujtim Gjuzi. Ky i fundit ka shkuar n\u00eb sheshin para Teatrit Komb\u00ebtar, [&hellip;]<\/p>\n","protected":false},"author":9,"featured_media":23452,"comment_status":"open","ping_status":"open","sticky":false,"template":"","format":"standard","meta":{"jetpack_post_was_ever_published":false,"_jetpack_newsletter_access":"","_jetpack_dont_email_post_to_subs":false,"_jetpack_newsletter_tier_id":0,"_jetpack_memberships_contains_paywalled_content":false,"_jetpack_memberships_contains_paid_content":false,"footnotes":"","jetpack_publicize_message":"","jetpack_publicize_feature_enabled":true,"jetpack_social_post_already_shared":true,"jetpack_social_options":{"image_generator_settings":{"template":"highway","default_image_id":0,"font":"","enabled":false},"version":2}},"categories":[27,2,35],"tags":[],"class_list":["post-23451","post","type-post","status-publish","format-standard","has-post-thumbnail","hentry","category-blogu-i-udhetarit","category-politika","category-shoqerore"],"jetpack_publicize_connections":[],"jetpack_featured_media_url":"https:\/\/i0.wp.com\/www.shqiperia.com\/blog\/wp-content\/uploads\/2019\/07\/k4.jpg?fit=836%2C449&ssl=1","jetpack_sharing_enabled":true,"jetpack_shortlink":"https:\/\/wp.me\/p5Z6wp-66f","jetpack-related-posts":[{"id":20687,"url":"https:\/\/www.shqiperia.com\/blog\/naten-e-se-premtes-se-madhe-kur-hiqeshin-germat-e-emrit-te-teatrit-me-makinen-e-dekorit-te-bashkise\/","url_meta":{"origin":23451,"position":0},"title":"Nat\u00ebn e s\u00eb premtes s\u00eb Madhe, kur hiqeshin germat e emrit t\u00eb teatrit me makinen e Dekorit te Bashkise. &#8211;","author":"Kurt Farka","date":"May 4, 2019","format":false,"excerpt":"Nat\u00ebn e s\u00eb premtes s\u00eb Madhe, kur hiqeshin germat e emrit t\u00eb teatrit me makinen e Dekorit te Bashkise. - Nga: Fatmira Nikolli\u00a0 \u2013\u00a0M\u00ebngjesin e s\u00eb Premtes s\u00eb Madhe para Pashk\u00ebve, godina e Teatrit Komb\u00ebtar u gdhi pa shkronjat identifikuese n\u00eb fasad\u00ebn e saj. 14 shkronjat e emrit TEATRI KOMB\u00cbTAR\u2026","rel":"","context":"In &quot;Blogu i Udh\u00ebtarit&quot;","block_context":{"text":"Blogu i Udh\u00ebtarit","link":"https:\/\/www.shqiperia.com\/blog\/category\/blogu-i-udhetarit\/"},"img":{"alt_text":"","src":"https:\/\/i0.wp.com\/www.shqiperia.com\/blog\/wp-content\/uploads\/2019\/05\/hiqen-shkronjat-e-teatrit-720x433.jpg?fit=720%2C417&ssl=1&resize=350%2C200","width":350,"height":200,"srcset":"https:\/\/i0.wp.com\/www.shqiperia.com\/blog\/wp-content\/uploads\/2019\/05\/hiqen-shkronjat-e-teatrit-720x433.jpg?fit=720%2C417&ssl=1&resize=350%2C200 1x, https:\/\/i0.wp.com\/www.shqiperia.com\/blog\/wp-content\/uploads\/2019\/05\/hiqen-shkronjat-e-teatrit-720x433.jpg?fit=720%2C417&ssl=1&resize=525%2C300 1.5x, https:\/\/i0.wp.com\/www.shqiperia.com\/blog\/wp-content\/uploads\/2019\/05\/hiqen-shkronjat-e-teatrit-720x433.jpg?fit=720%2C417&ssl=1&resize=700%2C400 2x"},"classes":[]},{"id":87276,"url":"https:\/\/www.shqiperia.com\/blog\/nga-inceneratori-lidhje-me-mafian-italiane-apo-shembja-e-teatrit-xama-rendit-kallezimet-ndaj-veliajt\/","url_meta":{"origin":23451,"position":1},"title":"\u201cNga inceneratori, lidhje me mafian italiane apo shembja e Teatrit\u201d, Xama rendit kall\u00ebzimet ndaj Veliajt","author":"Kurt Farka","date":"December 10, 2024","format":false,"excerpt":"10 Dhjetor 2024 Gazetarja Ola Xama b\u00ebri n\u00eb nj\u00eb emision televiziv, nj\u00eb parad\u00eb t\u00eb kall\u00ebzimeve q\u00eb jan\u00eb b\u00ebr\u00eb nga kryebashkiakut t\u00eb Tiran\u00ebs, Erion Veliaj. Ato nisin nga kall\u00ebzimi p\u00ebr inceneratorin inekzistent t\u00eb Tiran\u00ebs, t\u00eb kompania 5D, lejet e nd\u00ebrtimit p\u00ebr mafian apo shembja e Teatrit Komb\u00ebtar. Ka edhe nj\u00eb kall\u00ebzim\u2026","rel":"","context":"In &quot;Blogu i Udh\u00ebtarit&quot;","block_context":{"text":"Blogu i Udh\u00ebtarit","link":"https:\/\/www.shqiperia.com\/blog\/category\/blogu-i-udhetarit\/"},"img":{"alt_text":"","src":"https:\/\/i0.wp.com\/www.shqiperia.com\/blog\/wp-content\/uploads\/2024\/12\/89775234_2669410646615555_5084026322410274816_n.jpg?fit=681%2C557&ssl=1&resize=350%2C200","width":350,"height":200,"srcset":"https:\/\/i0.wp.com\/www.shqiperia.com\/blog\/wp-content\/uploads\/2024\/12\/89775234_2669410646615555_5084026322410274816_n.jpg?fit=681%2C557&ssl=1&resize=350%2C200 1x, https:\/\/i0.wp.com\/www.shqiperia.com\/blog\/wp-content\/uploads\/2024\/12\/89775234_2669410646615555_5084026322410274816_n.jpg?fit=681%2C557&ssl=1&resize=525%2C300 1.5x"},"classes":[]},{"id":23603,"url":"https:\/\/www.shqiperia.com\/blog\/kjo-eshte-vjedhje-frankfurter-allgemeiner-shkruan-per-teatrin-kombetar\/","url_meta":{"origin":23451,"position":2},"title":"\u2018Kjo \u00ebsht\u00eb vjedhje\u2019: Frankfurter Allgemeiner shkruan p\u00ebr Teatrin Komb\u00ebtar","author":"Kurt Farka","date":"July 26, 2019","format":false,"excerpt":"\u2018Kjo \u00ebsht\u00eb vjedhje\u2019: Frankfurter Allgemeiner shkruan p\u00ebr Teatrin Komb\u00ebtar. - 17:43,\u00a026\/07\/2019 Nj\u00eb nga gazetat m\u00eb t\u00eb r\u00ebnd\u00ebsishme n\u00eb Gjermani, Frankfurter Allgemeiner Zeitung ka publikuar nj\u00eb shkrim p\u00ebr situat\u00ebn e krijuar n\u00eb Tiran\u00eb pas protest\u00ebs p\u00ebr Teatrin Komb\u00ebtar. Gazeta thekson se Aleanca p\u00ebr Mbrojtjen e Teatrit ka pushtuar godin\u00ebn Pas protestave\u2026","rel":"","context":"In &quot;Blogu i Udh\u00ebtarit&quot;","block_context":{"text":"Blogu i Udh\u00ebtarit","link":"https:\/\/www.shqiperia.com\/blog\/category\/blogu-i-udhetarit\/"},"img":{"alt_text":"","src":"https:\/\/i0.wp.com\/www.shqiperia.com\/blog\/wp-content\/uploads\/2019\/07\/auto_Untitled-201564156024.jpg?fit=900%2C463&ssl=1&resize=350%2C200","width":350,"height":200,"srcset":"https:\/\/i0.wp.com\/www.shqiperia.com\/blog\/wp-content\/uploads\/2019\/07\/auto_Untitled-201564156024.jpg?fit=900%2C463&ssl=1&resize=350%2C200 1x, https:\/\/i0.wp.com\/www.shqiperia.com\/blog\/wp-content\/uploads\/2019\/07\/auto_Untitled-201564156024.jpg?fit=900%2C463&ssl=1&resize=525%2C300 1.5x, https:\/\/i0.wp.com\/www.shqiperia.com\/blog\/wp-content\/uploads\/2019\/07\/auto_Untitled-201564156024.jpg?fit=900%2C463&ssl=1&resize=700%2C400 2x"},"classes":[]},{"id":24027,"url":"https:\/\/www.shqiperia.com\/blog\/teatri-i-vjenes-solidarizohet-me-artistet-protesta-juaj-na-perket-edhe-ne-mos-u-ndalni\/","url_meta":{"origin":23451,"position":3},"title":"Teatri i Vjen\u00ebs solidarizohet me artist\u00ebt: Protesta juaj na p\u00ebrket edhe ne, mos u ndalni","author":"Kurt Farka","date":"July 30, 2019","format":false,"excerpt":"Teatri i Vjen\u00ebs solidarizohet me artist\u00ebt: Protesta juaj na p\u00ebrket edhe ne, mos u ndalni 30\/07\/2019 Teatri prestigjioz i Vien\u00ebs \u00ebsht\u00eb solidarizuar sot p\u00ebrmes nj\u00eb deklarate me protest\u00ebn e artist\u00ebve dhe qytetar\u00ebve n\u00eb mbrojtje t\u00eb Teatrit. Ata kan\u00eb k\u00ebrkuar q\u00eb t\u00eb vijoj\u00eb derisa t\u00eb sigurohet mbrojtja e Teatrit e Komb\u00ebtar.\u2026","rel":"","context":"In &quot;Blogu i Udh\u00ebtarit&quot;","block_context":{"text":"Blogu i Udh\u00ebtarit","link":"https:\/\/www.shqiperia.com\/blog\/category\/blogu-i-udhetarit\/"},"img":{"alt_text":"","src":"https:\/\/i0.wp.com\/www.shqiperia.com\/blog\/wp-content\/uploads\/2019\/07\/auto_teatri1563951894.jpg?fit=684%2C387&ssl=1&resize=350%2C200","width":350,"height":200,"srcset":"https:\/\/i0.wp.com\/www.shqiperia.com\/blog\/wp-content\/uploads\/2019\/07\/auto_teatri1563951894.jpg?fit=684%2C387&ssl=1&resize=350%2C200 1x, https:\/\/i0.wp.com\/www.shqiperia.com\/blog\/wp-content\/uploads\/2019\/07\/auto_teatri1563951894.jpg?fit=684%2C387&ssl=1&resize=525%2C300 1.5x"},"classes":[]},{"id":9520,"url":"https:\/\/www.shqiperia.com\/blog\/rezistenca-per-teatrin-kombetar-maks-velo-teatri-mund-te-restaurohet-ne-menyre-perfekte\/","url_meta":{"origin":23451,"position":4},"title":"Rezistenca p\u00ebr Teatrin Komb\u00ebtar, Maks Velo: Teatri mund t\u00eb restaurohet n\u00eb m\u00ebnyr\u00eb perfekte. &#8211;","author":"Kurt Farka","date":"July 9, 2018","format":false,"excerpt":"Rezistenca p\u00ebr Teatrin Komb\u00ebtar,\u00a0Maks Velo: Teatri mund t\u00eb restaurohet n\u00eb m\u00ebnyr\u00eb perfekte. - Oborri i Teatrit Komb\u00ebtar \u00ebsht\u00eb shnd\u00ebrruar n\u00eb nj\u00eb agor\u00eb, ku mbahen prej jav\u00ebsh, \u00e7do dit\u00eb ligj\u00ebrata nga qytetar\u00eb, aktor\u00eb, inxhinier\u00eb, jurist\u00eb e intelektual\u00eb t\u00eb fushave t\u00eb ndryshme. Duket se kulminacionin e ka sh\u00ebnuar dalja publike e Maks\u2026","rel":"","context":"In &quot;Arte&quot;","block_context":{"text":"Arte","link":"https:\/\/www.shqiperia.com\/blog\/category\/arte\/"},"img":{"alt_text":"","src":"https:\/\/i0.wp.com\/www.shqiperia.com\/blog\/wp-content\/uploads\/2018\/07\/Maks-Velo.jpg?fit=1024%2C683&ssl=1&resize=350%2C200","width":350,"height":200,"srcset":"https:\/\/i0.wp.com\/www.shqiperia.com\/blog\/wp-content\/uploads\/2018\/07\/Maks-Velo.jpg?fit=1024%2C683&ssl=1&resize=350%2C200 1x, https:\/\/i0.wp.com\/www.shqiperia.com\/blog\/wp-content\/uploads\/2018\/07\/Maks-Velo.jpg?fit=1024%2C683&ssl=1&resize=525%2C300 1.5x, https:\/\/i0.wp.com\/www.shqiperia.com\/blog\/wp-content\/uploads\/2018\/07\/Maks-Velo.jpg?fit=1024%2C683&ssl=1&resize=700%2C400 2x"},"classes":[]},{"id":34758,"url":"https:\/\/www.shqiperia.com\/blog\/artistet-kosovare-protestojne-ne-prishtine-per-prishjen-e-teatrit-kombetar\/","url_meta":{"origin":23451,"position":5},"title":"Artist\u00ebt kosovar\u00eb protestojn\u00eb n\u00eb Prishtin\u00eb p\u00ebr prishjen e Teatrit Komb\u00ebtar","author":"Kurt Farka","date":"May 18, 2020","format":false,"excerpt":"Artist\u00ebt kosovar\u00eb protestojn\u00eb n\u00eb Prishtin\u00eb p\u00ebr prishjen e Teatrit Komb\u00ebtar 17 Maj 2020 Artist\u00ebt kosovar\u00eb kan\u00eb dal\u00eb n\u00eb protest\u00eb para Teatrit Komb\u00ebtar t\u00eb Kosov\u00ebs n\u00eb shenj\u00eb solidariteti me protestat n\u00eb Tiran\u00eb. Reagimi vjen pas shembjes s\u00eb sotme t\u00eb Teatrit Komb\u00ebtar n\u00eb Shqip\u00ebri n\u00eb or\u00ebt e para t\u00eb m\u00ebngjesit t\u00eb sot\u00ebm.\u2026","rel":"","context":"In &quot;Kultura&quot;","block_context":{"text":"Kultura","link":"https:\/\/www.shqiperia.com\/blog\/category\/kultura\/"},"img":{"alt_text":"","src":"https:\/\/i0.wp.com\/www.shqiperia.com\/blog\/wp-content\/uploads\/2020\/05\/prishtineee.jpg?fit=724%2C400&ssl=1&resize=350%2C200","width":350,"height":200,"srcset":"https:\/\/i0.wp.com\/www.shqiperia.com\/blog\/wp-content\/uploads\/2020\/05\/prishtineee.jpg?fit=724%2C400&ssl=1&resize=350%2C200 1x, https:\/\/i0.wp.com\/www.shqiperia.com\/blog\/wp-content\/uploads\/2020\/05\/prishtineee.jpg?fit=724%2C400&ssl=1&resize=525%2C300 1.5x, https:\/\/i0.wp.com\/www.shqiperia.com\/blog\/wp-content\/uploads\/2020\/05\/prishtineee.jpg?fit=724%2C400&ssl=1&resize=700%2C400 2x"},"classes":[]}],"_links":{"self":[{"href":"https:\/\/www.shqiperia.com\/blog\/wp-json\/wp\/v2\/posts\/23451","targetHints":{"allow":["GET"]}}],"collection":[{"href":"https:\/\/www.shqiperia.com\/blog\/wp-json\/wp\/v2\/posts"}],"about":[{"href":"https:\/\/www.shqiperia.com\/blog\/wp-json\/wp\/v2\/types\/post"}],"author":[{"embeddable":true,"href":"https:\/\/www.shqiperia.com\/blog\/wp-json\/wp\/v2\/users\/9"}],"replies":[{"embeddable":true,"href":"https:\/\/www.shqiperia.com\/blog\/wp-json\/wp\/v2\/comments?post=23451"}],"version-history":[{"count":1,"href":"https:\/\/www.shqiperia.com\/blog\/wp-json\/wp\/v2\/posts\/23451\/revisions"}],"predecessor-version":[{"id":23453,"href":"https:\/\/www.shqiperia.com\/blog\/wp-json\/wp\/v2\/posts\/23451\/revisions\/23453"}],"wp:featuredmedia":[{"embeddable":true,"href":"https:\/\/www.shqiperia.com\/blog\/wp-json\/wp\/v2\/media\/23452"}],"wp:attachment":[{"href":"https:\/\/www.shqiperia.com\/blog\/wp-json\/wp\/v2\/media?parent=23451"}],"wp:term":[{"taxonomy":"category","embeddable":true,"href":"https:\/\/www.shqiperia.com\/blog\/wp-json\/wp\/v2\/categories?post=23451"},{"taxonomy":"post_tag","embeddable":true,"href":"https:\/\/www.shqiperia.com\/blog\/wp-json\/wp\/v2\/tags?post=23451"}],"curies":[{"name":"wp","href":"https:\/\/api.w.org\/{rel}","templated":true}]}}