{"id":23443,"date":"2019-07-23T06:58:41","date_gmt":"2019-07-23T06:58:41","guid":{"rendered":"http:\/\/www.shqiperia.com\/blog\/?p=23443"},"modified":"2019-07-23T07:01:57","modified_gmt":"2019-07-23T07:01:57","slug":"trojet-arkiv-i-vlerave-dhe-pasurise-se-etnografise-shqiptare-pjesa-e-dyte","status":"publish","type":"post","link":"https:\/\/www.shqiperia.com\/blog\/trojet-arkiv-i-vlerave-dhe-pasurise-se-etnografise-shqiptare-pjesa-e-dyte\/","title":{"rendered":"\u201cTrojet\u201d Arkiv i\u00a0 vlerave dhe pasurise se Etnografise Shqiptare. \u2013 (Pjesa e dyte)."},"content":{"rendered":"<p><img data-recalc-dims=\"1\" loading=\"lazy\" decoding=\"async\" data-attachment-id=\"23444\" data-permalink=\"https:\/\/www.shqiperia.com\/blog\/trojet-arkiv-i-vlerave-dhe-pasurise-se-etnografise-shqiptare-pjesa-e-dyte\/kemishe-hasi\/\" data-orig-file=\"https:\/\/i0.wp.com\/www.shqiperia.com\/blog\/wp-content\/uploads\/2019\/07\/Kemishe-Hasi.jpg?fit=443%2C191&amp;ssl=1\" data-orig-size=\"443,191\" data-comments-opened=\"1\" data-image-meta=\"{&quot;aperture&quot;:&quot;0&quot;,&quot;credit&quot;:&quot;&quot;,&quot;camera&quot;:&quot;&quot;,&quot;caption&quot;:&quot;&quot;,&quot;created_timestamp&quot;:&quot;0&quot;,&quot;copyright&quot;:&quot;&quot;,&quot;focal_length&quot;:&quot;0&quot;,&quot;iso&quot;:&quot;0&quot;,&quot;shutter_speed&quot;:&quot;0&quot;,&quot;title&quot;:&quot;&quot;,&quot;orientation&quot;:&quot;0&quot;}\" data-image-title=\"Kemishe Hasi\" data-image-description=\"\" data-image-caption=\"\" data-medium-file=\"https:\/\/i0.wp.com\/www.shqiperia.com\/blog\/wp-content\/uploads\/2019\/07\/Kemishe-Hasi.jpg?fit=300%2C129&amp;ssl=1\" data-large-file=\"https:\/\/i0.wp.com\/www.shqiperia.com\/blog\/wp-content\/uploads\/2019\/07\/Kemishe-Hasi.jpg?fit=443%2C191&amp;ssl=1\" class=\"alignnone wp-image-23444\" alt=\"\" src=\"https:\/\/i0.wp.com\/www.shqiperia.com\/blog\/wp-content\/uploads\/2019\/07\/Kemishe-Hasi-300x129.jpg?resize=595%2C256\" width=\"595\" height=\"256\" srcset=\"https:\/\/i0.wp.com\/www.shqiperia.com\/blog\/wp-content\/uploads\/2019\/07\/Kemishe-Hasi.jpg?resize=300%2C129&amp;ssl=1 300w, https:\/\/i0.wp.com\/www.shqiperia.com\/blog\/wp-content\/uploads\/2019\/07\/Kemishe-Hasi.jpg?resize=400%2C172&amp;ssl=1 400w, https:\/\/i0.wp.com\/www.shqiperia.com\/blog\/wp-content\/uploads\/2019\/07\/Kemishe-Hasi.jpg?w=443&amp;ssl=1 443w\" sizes=\"auto, (max-width: 595px) 100vw, 595px\" \/><\/p>\n<p><em>\u00a0\u201cTrojet\u201d Arkiv i\u00a0 vlerave dhe pasurise se Etnografise Shqiptare. \u2013 (Pjesa e dyte).<\/em><\/p>\n<p>T\u00eb q\u00ebndisura prej mij\u00ebra vitesh, t\u2019i deshifrosh k\u00ebto mesazhe \u00ebsht\u00eb nj\u00eb nis\u00ebm shum\u00eb m\u00eb e madhe se sa thjesht\u00a0\u00a0e vet\u00ebm nj\u00eb personi apo grupi studiuesish. N\u00eb to sheh shpesh p\u00ebrplasjen e t\u00eb kund\u00ebrtave, nd\u00ebrthurjen e arit me argjendin, ivat e punuara me ngjyra t\u00eb ndryshme, e plot sigla t\u00eb tjera t\u00eb trash\u00ebguara brez pas brezi, shpesh pa i ditur dhe kuptimin.<\/p>\n<div id=\"attachment_23445\" style=\"width: 667px\" class=\"wp-caption alignnone\"><img data-recalc-dims=\"1\" loading=\"lazy\" decoding=\"async\" aria-describedby=\"caption-attachment-23445\" data-attachment-id=\"23445\" data-permalink=\"https:\/\/www.shqiperia.com\/blog\/trojet-arkiv-i-vlerave-dhe-pasurise-se-etnografise-shqiptare-pjesa-e-dyte\/linda-spahiu-2-2\/\" data-orig-file=\"https:\/\/i0.wp.com\/www.shqiperia.com\/blog\/wp-content\/uploads\/2019\/07\/LINDA-SPAHIU-2-2.jpg?fit=750%2C422&amp;ssl=1\" data-orig-size=\"750,422\" data-comments-opened=\"1\" data-image-meta=\"{&quot;aperture&quot;:&quot;0&quot;,&quot;credit&quot;:&quot;&quot;,&quot;camera&quot;:&quot;&quot;,&quot;caption&quot;:&quot;&quot;,&quot;created_timestamp&quot;:&quot;0&quot;,&quot;copyright&quot;:&quot;&quot;,&quot;focal_length&quot;:&quot;0&quot;,&quot;iso&quot;:&quot;0&quot;,&quot;shutter_speed&quot;:&quot;0&quot;,&quot;title&quot;:&quot;&quot;,&quot;orientation&quot;:&quot;0&quot;}\" data-image-title=\"LINDA-SPAHIU (2)\" data-image-description=\"\" data-image-caption=\"&lt;p&gt;LINDA-SPAHIU &lt;\/p&gt;\n\" data-medium-file=\"https:\/\/i0.wp.com\/www.shqiperia.com\/blog\/wp-content\/uploads\/2019\/07\/LINDA-SPAHIU-2-2.jpg?fit=300%2C169&amp;ssl=1\" data-large-file=\"https:\/\/i0.wp.com\/www.shqiperia.com\/blog\/wp-content\/uploads\/2019\/07\/LINDA-SPAHIU-2-2.jpg?fit=750%2C422&amp;ssl=1\" class=\" wp-image-23445\" alt=\"\" src=\"https:\/\/i0.wp.com\/www.shqiperia.com\/blog\/wp-content\/uploads\/2019\/07\/LINDA-SPAHIU-2-2-300x169.jpg?resize=657%2C370\" width=\"657\" height=\"370\" srcset=\"https:\/\/i0.wp.com\/www.shqiperia.com\/blog\/wp-content\/uploads\/2019\/07\/LINDA-SPAHIU-2-2.jpg?resize=300%2C169&amp;ssl=1 300w, https:\/\/i0.wp.com\/www.shqiperia.com\/blog\/wp-content\/uploads\/2019\/07\/LINDA-SPAHIU-2-2.jpg?resize=450%2C253&amp;ssl=1 450w, https:\/\/i0.wp.com\/www.shqiperia.com\/blog\/wp-content\/uploads\/2019\/07\/LINDA-SPAHIU-2-2.jpg?resize=600%2C338&amp;ssl=1 600w, https:\/\/i0.wp.com\/www.shqiperia.com\/blog\/wp-content\/uploads\/2019\/07\/LINDA-SPAHIU-2-2.jpg?resize=400%2C225&amp;ssl=1 400w, https:\/\/i0.wp.com\/www.shqiperia.com\/blog\/wp-content\/uploads\/2019\/07\/LINDA-SPAHIU-2-2.jpg?w=750&amp;ssl=1 750w\" sizes=\"auto, (max-width: 657px) 100vw, 657px\" \/><p id=\"caption-attachment-23445\" class=\"wp-caption-text\">LINDA-SPAHIU<\/p><\/div>\n<p>Nj\u00eb tjet\u00ebr ndales\u00eb mbres\u00ebl\u00ebn\u00ebse b\u00ebhet n\u00eb zon\u00ebn e Hasit. Q\u00eb nga p\u00ebrpar\u00ebset q\u00eb mbanin grat\u00eb n\u00eb periudh\u00eb zie, tek k\u00ebmishat me piktura asimetrike plot ngjyra q\u00eb ngjajn\u00eb si t\u00eb ishin punuar n\u00eb atelien surrealiste t\u00eb Miros\u00eb, mbetemi pa fjal\u00eb p\u00ebrball\u00eb kreativitetit e gjuh\u00ebs s\u00eb pasur pa\u00e7ka se t\u00eb pamundur p\u00ebr t\u2019u deshifruar t\u00eb k\u00ebtyre simboleve.<\/p>\n<p>Por p\u00ebrtej simboleve t\u00eb padeshifrueshme n\u00eb dit\u00ebt tona, veshjet tradicionale p\u00ebrgjat\u00eb koh\u00ebrave kan\u00eb patur si funksion p\u00ebrcjelljen e mesazheve t\u00eb qarta. P\u00ebr gruan veshja tradicionale isht\u00eb nj\u00eb pashaport\u00eb e lexueshme nga cilido, ku p\u00ebrcaktohej i gjith\u00eb informacioni i nevojsh\u00ebm p\u00ebr stadin e saj n\u00eb shoq\u00ebri, gjendjen civile, mosh\u00ebn, apo periudh\u00ebn e jet\u00ebs q\u00eb po kalonte.<\/p>\n<p><img data-recalc-dims=\"1\" loading=\"lazy\" decoding=\"async\" data-attachment-id=\"23446\" data-permalink=\"https:\/\/www.shqiperia.com\/blog\/trojet-arkiv-i-vlerave-dhe-pasurise-se-etnografise-shqiptare-pjesa-e-dyte\/linda-spahiu-4\/\" data-orig-file=\"https:\/\/i0.wp.com\/www.shqiperia.com\/blog\/wp-content\/uploads\/2019\/07\/LINDA-SPAHIU-3.jpg?fit=750%2C422&amp;ssl=1\" data-orig-size=\"750,422\" data-comments-opened=\"1\" data-image-meta=\"{&quot;aperture&quot;:&quot;0&quot;,&quot;credit&quot;:&quot;&quot;,&quot;camera&quot;:&quot;&quot;,&quot;caption&quot;:&quot;&quot;,&quot;created_timestamp&quot;:&quot;0&quot;,&quot;copyright&quot;:&quot;&quot;,&quot;focal_length&quot;:&quot;0&quot;,&quot;iso&quot;:&quot;0&quot;,&quot;shutter_speed&quot;:&quot;0&quot;,&quot;title&quot;:&quot;&quot;,&quot;orientation&quot;:&quot;0&quot;}\" data-image-title=\"LINDA-SPAHIU\" data-image-description=\"\" data-image-caption=\"\" data-medium-file=\"https:\/\/i0.wp.com\/www.shqiperia.com\/blog\/wp-content\/uploads\/2019\/07\/LINDA-SPAHIU-3.jpg?fit=300%2C169&amp;ssl=1\" data-large-file=\"https:\/\/i0.wp.com\/www.shqiperia.com\/blog\/wp-content\/uploads\/2019\/07\/LINDA-SPAHIU-3.jpg?fit=750%2C422&amp;ssl=1\" class=\"alignnone wp-image-23446\" alt=\"\" src=\"https:\/\/i0.wp.com\/www.shqiperia.com\/blog\/wp-content\/uploads\/2019\/07\/LINDA-SPAHIU-3-300x169.jpg?resize=785%2C442\" width=\"785\" height=\"442\" srcset=\"https:\/\/i0.wp.com\/www.shqiperia.com\/blog\/wp-content\/uploads\/2019\/07\/LINDA-SPAHIU-3.jpg?resize=300%2C169&amp;ssl=1 300w, https:\/\/i0.wp.com\/www.shqiperia.com\/blog\/wp-content\/uploads\/2019\/07\/LINDA-SPAHIU-3.jpg?resize=450%2C253&amp;ssl=1 450w, https:\/\/i0.wp.com\/www.shqiperia.com\/blog\/wp-content\/uploads\/2019\/07\/LINDA-SPAHIU-3.jpg?resize=600%2C338&amp;ssl=1 600w, https:\/\/i0.wp.com\/www.shqiperia.com\/blog\/wp-content\/uploads\/2019\/07\/LINDA-SPAHIU-3.jpg?resize=400%2C225&amp;ssl=1 400w, https:\/\/i0.wp.com\/www.shqiperia.com\/blog\/wp-content\/uploads\/2019\/07\/LINDA-SPAHIU-3.jpg?w=750&amp;ssl=1 750w\" sizes=\"auto, (max-width: 785px) 100vw, 785px\" \/><\/p>\n<p>Rrug\u00ebtimi n\u00eb \u201cTrojet\u201d e Lind\u00ebs \u00ebsht\u00eb i gjat\u00eb e plot me surpriza, ku veshjet dhe objektet prekin t\u00eb gjith\u00eb hart\u00ebn e Shqip\u00ebris\u00eb. Ndalemi dhe tek disa punime druri t\u00eb realizuara n\u00ebp\u00ebr fshatrat e ndryshme t\u00eb vendit, ku \u00ebsht\u00eb gdhendur gjithashtu nj\u00eb pjes\u00eb nga nd\u00ebrgjegjja e paartikuluar e fshatar\u00ebve, p\u00ebrmes formave t\u00eb organeve seksuale fem\u00ebrore, apo totemave t\u00eb ndrysh\u00ebm.<\/p>\n<p><img data-recalc-dims=\"1\" loading=\"lazy\" decoding=\"async\" data-attachment-id=\"23447\" data-permalink=\"https:\/\/www.shqiperia.com\/blog\/trojet-arkiv-i-vlerave-dhe-pasurise-se-etnografise-shqiptare-pjesa-e-dyte\/linda-spahiu_\/\" data-orig-file=\"https:\/\/i0.wp.com\/www.shqiperia.com\/blog\/wp-content\/uploads\/2019\/07\/LINDA-SPAHIU_.jpg?fit=750%2C422&amp;ssl=1\" data-orig-size=\"750,422\" data-comments-opened=\"1\" data-image-meta=\"{&quot;aperture&quot;:&quot;0&quot;,&quot;credit&quot;:&quot;&quot;,&quot;camera&quot;:&quot;&quot;,&quot;caption&quot;:&quot;&quot;,&quot;created_timestamp&quot;:&quot;0&quot;,&quot;copyright&quot;:&quot;&quot;,&quot;focal_length&quot;:&quot;0&quot;,&quot;iso&quot;:&quot;0&quot;,&quot;shutter_speed&quot;:&quot;0&quot;,&quot;title&quot;:&quot;&quot;,&quot;orientation&quot;:&quot;0&quot;}\" data-image-title=\"LINDA-SPAHIU_\" data-image-description=\"\" data-image-caption=\"\" data-medium-file=\"https:\/\/i0.wp.com\/www.shqiperia.com\/blog\/wp-content\/uploads\/2019\/07\/LINDA-SPAHIU_.jpg?fit=300%2C169&amp;ssl=1\" data-large-file=\"https:\/\/i0.wp.com\/www.shqiperia.com\/blog\/wp-content\/uploads\/2019\/07\/LINDA-SPAHIU_.jpg?fit=750%2C422&amp;ssl=1\" class=\"alignnone wp-image-23447\" alt=\"\" src=\"https:\/\/i0.wp.com\/www.shqiperia.com\/blog\/wp-content\/uploads\/2019\/07\/LINDA-SPAHIU_-300x169.jpg?resize=627%2C353\" width=\"627\" height=\"353\" srcset=\"https:\/\/i0.wp.com\/www.shqiperia.com\/blog\/wp-content\/uploads\/2019\/07\/LINDA-SPAHIU_.jpg?resize=300%2C169&amp;ssl=1 300w, https:\/\/i0.wp.com\/www.shqiperia.com\/blog\/wp-content\/uploads\/2019\/07\/LINDA-SPAHIU_.jpg?resize=450%2C253&amp;ssl=1 450w, https:\/\/i0.wp.com\/www.shqiperia.com\/blog\/wp-content\/uploads\/2019\/07\/LINDA-SPAHIU_.jpg?resize=600%2C338&amp;ssl=1 600w, https:\/\/i0.wp.com\/www.shqiperia.com\/blog\/wp-content\/uploads\/2019\/07\/LINDA-SPAHIU_.jpg?resize=400%2C225&amp;ssl=1 400w, https:\/\/i0.wp.com\/www.shqiperia.com\/blog\/wp-content\/uploads\/2019\/07\/LINDA-SPAHIU_.jpg?w=750&amp;ssl=1 750w\" sizes=\"auto, (max-width: 627px) 100vw, 627px\" \/><\/p>\n<p>K\u00ebto krijime jan\u00eb kaq t\u00eb fshehta e nj\u00ebher\u00ebsh kaq t\u00eb thjeshta, sa dhe Linda \u00ebsht\u00eb frym\u00ebzuar p\u00ebr t\u2019i vendosur si logo fondacionit t\u00eb saj nj\u00eb prej tyre. Logoja i ngjet nj\u00eb pikture tribale, q\u00eb duket sikur ka mbijetuar p\u00ebrgjat\u00eb shekujve fazave zhvillimore t\u00eb shoq\u00ebris\u00eb.<\/p>\n<p>E p\u00ebrball\u00eb gjith\u00eb k\u00ebsaj pasurie jo vet\u00ebm t\u00eb Shqip\u00ebris\u00eb, por t\u00eb gjith\u00eb njer\u00ebzimit, synimi i Lind\u00ebs \u00ebsht\u00eb i thjesht\u00eb: t\u2019i jap\u00eb nj\u00eb muze 2000 artifakteve e veshjeve t\u00eb koleksionuara e t\u00eb ruajtuara p\u00ebrgjat\u00eb viteve, por edhe objekteve t\u00eb tjera q\u00eb do t\u00eb shtohen n\u00eb arkiv. \u00cbndrra e saj \u00ebsht\u00eb t\u00eb shoh\u00eb krijimin e nj\u00eb muzeu, q\u00eb do t\u00eb garantoj\u00eb q\u00eb veshjet tradicionale dhe objektet e tjera t\u00eb ruhen n\u00eb kushtet e duhura, e q\u00eb do t\u00eb duhej t\u00eb shoq\u00ebrohej me krijimin e nj\u00eb laboratori k\u00ebrkimor p\u00ebr\u00a0\u00a0grupe t\u00eb posa\u00e7me studimi q\u00eb do t\u00eb vazhdojn\u00eb tradit\u00ebn e etnograf\u00ebve shqiptar\u00eb.<\/p>\n<p><img data-recalc-dims=\"1\" loading=\"lazy\" decoding=\"async\" data-attachment-id=\"23448\" data-permalink=\"https:\/\/www.shqiperia.com\/blog\/trojet-arkiv-i-vlerave-dhe-pasurise-se-etnografise-shqiptare-pjesa-e-dyte\/_linda-spahiu-3\/\" data-orig-file=\"https:\/\/i0.wp.com\/www.shqiperia.com\/blog\/wp-content\/uploads\/2019\/07\/LINDA-SPAHIU-4.jpg?fit=485%2C372&amp;ssl=1\" data-orig-size=\"485,372\" data-comments-opened=\"1\" data-image-meta=\"{&quot;aperture&quot;:&quot;0&quot;,&quot;credit&quot;:&quot;&quot;,&quot;camera&quot;:&quot;&quot;,&quot;caption&quot;:&quot;&quot;,&quot;created_timestamp&quot;:&quot;0&quot;,&quot;copyright&quot;:&quot;&quot;,&quot;focal_length&quot;:&quot;0&quot;,&quot;iso&quot;:&quot;0&quot;,&quot;shutter_speed&quot;:&quot;0&quot;,&quot;title&quot;:&quot;&quot;,&quot;orientation&quot;:&quot;0&quot;}\" data-image-title=\"_LINDA-SPAHIU\" data-image-description=\"\" data-image-caption=\"\" data-medium-file=\"https:\/\/i0.wp.com\/www.shqiperia.com\/blog\/wp-content\/uploads\/2019\/07\/LINDA-SPAHIU-4.jpg?fit=300%2C230&amp;ssl=1\" data-large-file=\"https:\/\/i0.wp.com\/www.shqiperia.com\/blog\/wp-content\/uploads\/2019\/07\/LINDA-SPAHIU-4.jpg?fit=485%2C372&amp;ssl=1\" class=\"alignnone wp-image-23448\" alt=\"\" src=\"https:\/\/i0.wp.com\/www.shqiperia.com\/blog\/wp-content\/uploads\/2019\/07\/LINDA-SPAHIU-4-300x230.jpg?resize=695%2C533\" width=\"695\" height=\"533\" srcset=\"https:\/\/i0.wp.com\/www.shqiperia.com\/blog\/wp-content\/uploads\/2019\/07\/LINDA-SPAHIU-4.jpg?resize=300%2C230&amp;ssl=1 300w, https:\/\/i0.wp.com\/www.shqiperia.com\/blog\/wp-content\/uploads\/2019\/07\/LINDA-SPAHIU-4.jpg?resize=450%2C345&amp;ssl=1 450w, https:\/\/i0.wp.com\/www.shqiperia.com\/blog\/wp-content\/uploads\/2019\/07\/LINDA-SPAHIU-4.jpg?resize=400%2C307&amp;ssl=1 400w, https:\/\/i0.wp.com\/www.shqiperia.com\/blog\/wp-content\/uploads\/2019\/07\/LINDA-SPAHIU-4.jpg?w=485&amp;ssl=1 485w\" sizes=\"auto, (max-width: 695px) 100vw, 695px\" \/><\/p>\n<p>Mbi t\u00eb gjitha ky muze do t\u00eb duhet t\u00eb inspiroj\u00eb publikun p\u00ebr t\u2019u njohur me trash\u00ebgimin\u00eb etnografike, e rrjedhimisht, me identitetin e tij. Pa k\u00ebt\u00eb njohje me t\u00eb shkuar\u00ebn, Linda \u00ebsht\u00eb e bindur se nuk mund t\u00eb ket\u00eb nj\u00eb identitet t\u00eb qart\u00eb\u00a0\u00a0e nj\u00ebher\u00ebsh zhvillim t\u00eb sh\u00ebndetsh\u00ebm t\u00eb shoq\u00ebris\u00eb as n\u00eb t\u00eb ardhmen.<\/p>\n<p>Nga:\u00a0<strong>IntoAlbania<\/strong><\/p>\n","protected":false},"excerpt":{"rendered":"<p>\u00a0\u201cTrojet\u201d Arkiv i\u00a0 vlerave dhe pasurise se Etnografise Shqiptare. \u2013 (Pjesa e dyte). T\u00eb q\u00ebndisura prej mij\u00ebra vitesh, t\u2019i deshifrosh k\u00ebto mesazhe \u00ebsht\u00eb nj\u00eb nis\u00ebm shum\u00eb m\u00eb e madhe se sa thjesht\u00a0\u00a0e vet\u00ebm nj\u00eb personi apo grupi studiuesish. N\u00eb to sheh shpesh p\u00ebrplasjen e t\u00eb kund\u00ebrtave, nd\u00ebrthurjen e arit me argjendin, ivat e punuara me [&hellip;]<\/p>\n","protected":false},"author":9,"featured_media":23444,"comment_status":"open","ping_status":"open","sticky":false,"template":"","format":"standard","meta":{"jetpack_post_was_ever_published":false,"_jetpack_newsletter_access":"","_jetpack_dont_email_post_to_subs":false,"_jetpack_newsletter_tier_id":0,"_jetpack_memberships_contains_paywalled_content":false,"_jetpack_memberships_contains_paid_content":false,"footnotes":"","jetpack_publicize_message":"","jetpack_publicize_feature_enabled":true,"jetpack_social_post_already_shared":true,"jetpack_social_options":{"image_generator_settings":{"template":"highway","default_image_id":0,"font":"","enabled":false},"version":2}},"categories":[85,10,86],"tags":[],"class_list":["post-23443","post","type-post","status-publish","format-standard","has-post-thumbnail","hentry","category-histori","category-kultura","category-trashegimi-kulturore"],"jetpack_publicize_connections":[],"jetpack_featured_media_url":"https:\/\/i0.wp.com\/www.shqiperia.com\/blog\/wp-content\/uploads\/2019\/07\/Kemishe-Hasi.jpg?fit=443%2C191&ssl=1","jetpack_sharing_enabled":true,"jetpack_shortlink":"https:\/\/wp.me\/p5Z6wp-667","jetpack-related-posts":[{"id":23426,"url":"https:\/\/www.shqiperia.com\/blog\/trojet-arkiv-i-vlerave-dhe-pasurise-se-etnografise-shqiptare-pjesa-e-pare\/","url_meta":{"origin":23443,"position":0},"title":"\u201cTrojet\u201d Arkiv i\u00a0 vlerave dhe pasurise se Etnografise Shqiptare. &#8211; (Pjesa e pare).","author":"Kurt Farka","date":"July 22, 2019","format":false,"excerpt":"\u201cTrojet\u201d Arkiv i\u00a0 vlerave dhe pasurise se Etnografise Shqiptare. - (Pjesa e pare). Fondacioni \u2018Trojet\u201d, krijuar nga dedikimi dhe pasioni i Linda Spahiut p\u00ebr t\u00eb ruajtur vlerat e etnografis\u00eb shqiptare, \u00ebsht\u00eb sot nj\u00eb arkiv q\u00eb jo vet\u00ebm duhet njohur, por edhe promovuar e asistuar p\u00ebr vazhdim\u00ebsin\u00eb e tij. P\u00ebrmes mb\u00ebshtetjes\u2026","rel":"","context":"In &quot;Histori&quot;","block_context":{"text":"Histori","link":"https:\/\/www.shqiperia.com\/blog\/category\/histori\/"},"img":{"alt_text":"","src":"https:\/\/i0.wp.com\/www.shqiperia.com\/blog\/wp-content\/uploads\/2019\/07\/LINDA-SPAHIU.jpg?fit=750%2C422&ssl=1&resize=350%2C200","width":350,"height":200,"srcset":"https:\/\/i0.wp.com\/www.shqiperia.com\/blog\/wp-content\/uploads\/2019\/07\/LINDA-SPAHIU.jpg?fit=750%2C422&ssl=1&resize=350%2C200 1x, https:\/\/i0.wp.com\/www.shqiperia.com\/blog\/wp-content\/uploads\/2019\/07\/LINDA-SPAHIU.jpg?fit=750%2C422&ssl=1&resize=525%2C300 1.5x, https:\/\/i0.wp.com\/www.shqiperia.com\/blog\/wp-content\/uploads\/2019\/07\/LINDA-SPAHIU.jpg?fit=750%2C422&ssl=1&resize=700%2C400 2x"},"classes":[]},{"id":50551,"url":"https:\/\/www.shqiperia.com\/blog\/kuriozitet-lajm-arkiv-edith-durham-ishte-e-para-qe-arriti-te-incizonte-nje-lahutar-te-vendit-tone\/","url_meta":{"origin":23443,"position":1},"title":"Kuriozitet \u2013 Lajm Arkiv.  Edith Durham ishte e para q\u00eb arriti t\u00eb incizonte nj\u00eb lahutar t\u00eb vendit ton\u00eb.","author":"Kurt Farka","date":"October 15, 2021","format":false,"excerpt":"Kuriozitet \u2013 Lajm Arkiv. Edith Durham ishte e para q\u00eb arriti t\u00eb incizonte nj\u00eb lahutar t\u00eb vendit ton\u00eb. 21 nentor 2019 P\u00ebr studiuesin Jaho Brahaj, Mary Edith Durham ishte e para q\u00eb arriti t\u00eb incizonte nj\u00eb lahutar t\u00eb vendit ton\u00eb. \u201cMary Edith Durham i ka kushtuar vendit ton\u00eb shum\u00eb studime,\u2026","rel":"","context":"In &quot;Histori&quot;","block_context":{"text":"Histori","link":"https:\/\/www.shqiperia.com\/blog\/category\/histori\/"},"img":{"alt_text":"","src":"https:\/\/i0.wp.com\/www.shqiperia.com\/blog\/wp-content\/uploads\/2021\/10\/unnamed-1.jpg?fit=512%2C296&ssl=1&resize=350%2C200","width":350,"height":200},"classes":[]},{"id":42892,"url":"https:\/\/www.shqiperia.com\/blog\/aferdita-onuzi-pavioni-i-etnografise-pergjegjesi-e-ministrise-se-kultures-nese-nuk-hapet-objektet-te-rikthen-ne-arkiv\/","url_meta":{"origin":23443,"position":2},"title":"Af\u00ebrdita Onuzi: Pavioni i etnografis\u00eb p\u00ebrgjegj\u00ebsi e Ministris\u00eb s\u00eb Kultur\u00ebs, n\u00ebse nuk hapet objektet t\u00eb rikthen n\u00eb arkiv","author":"Kurt Farka","date":"January 13, 2021","format":false,"excerpt":"Af\u00ebrdita Onuzi: Pavioni i etnografis\u00eb p\u00ebrgjegj\u00ebsi e Ministris\u00eb s\u00eb Kultur\u00ebs, n\u00ebse nuk hapet objektet t\u00eb rikthen n\u00eb arkiv Af\u00ebrdita Onuzi: Pavioni i etnografis\u00eb ne Muzeun Historik: Objektet ne gjendje te Mjerueshme. 3 JANAR 2021 Nga Julia Vrapi Pavioni i etnografis\u00eb duhet t\u00eb hapet n\u00eb Muzeun Historik Komb\u00ebtar, n\u00eb t\u00eb kund\u00ebrt\u2026","rel":"","context":"In &quot;Histori&quot;","block_context":{"text":"Histori","link":"https:\/\/www.shqiperia.com\/blog\/category\/histori\/"},"img":{"alt_text":"","src":"https:\/\/i0.wp.com\/www.shqiperia.com\/blog\/wp-content\/uploads\/2021\/01\/maxresdefault.jpg?fit=1200%2C675&ssl=1&resize=350%2C200","width":350,"height":200,"srcset":"https:\/\/i0.wp.com\/www.shqiperia.com\/blog\/wp-content\/uploads\/2021\/01\/maxresdefault.jpg?fit=1200%2C675&ssl=1&resize=350%2C200 1x, https:\/\/i0.wp.com\/www.shqiperia.com\/blog\/wp-content\/uploads\/2021\/01\/maxresdefault.jpg?fit=1200%2C675&ssl=1&resize=525%2C300 1.5x, https:\/\/i0.wp.com\/www.shqiperia.com\/blog\/wp-content\/uploads\/2021\/01\/maxresdefault.jpg?fit=1200%2C675&ssl=1&resize=700%2C400 2x, https:\/\/i0.wp.com\/www.shqiperia.com\/blog\/wp-content\/uploads\/2021\/01\/maxresdefault.jpg?fit=1200%2C675&ssl=1&resize=1050%2C600 3x"},"classes":[]},{"id":34233,"url":"https:\/\/www.shqiperia.com\/blog\/mustafa-arapi-na-mungon-nje-muze-kombetar-i-etnografise-shteti-te-mendoje-per-ndertimin-e-tij\/","url_meta":{"origin":23443,"position":3},"title":"Mustafa Arapi: &#8211; Na mungon nj\u00eb muze komb\u00ebtar i etnografis\u00eb, shteti t\u00eb mendoj\u00eb p\u00ebr nd\u00ebrtimin e tij","author":"Kurt Farka","date":"May 4, 2020","format":false,"excerpt":"Mustafa Arapi: - Na mungon nj\u00eb muze komb\u00ebtar i etnografis\u00eb, shteti t\u00eb mendoj\u00eb p\u00ebr nd\u00ebrtimin e tij 30 PRILL 2020 Muzeu komb\u00ebtar i etnografis\u00eb mungon n\u00eb vendin ton\u00eb. Edhe pse \u00ebsht\u00eb folur p\u00ebr nj\u00eb pavijon, q\u00eb do t\u00eb sh\u00ebrbente si muze, deri tani asgj\u00eb nuk \u00ebsht\u00eb prezantuar nga institucionet. Emra\u2026","rel":"","context":"In &quot;Blogu i Udh\u00ebtarit&quot;","block_context":{"text":"Blogu i Udh\u00ebtarit","link":"https:\/\/www.shqiperia.com\/blog\/category\/blogu-i-udhetarit\/"},"img":{"alt_text":"","src":"https:\/\/i0.wp.com\/www.shqiperia.com\/blog\/wp-content\/uploads\/2020\/05\/Mustafa-Arapi.jpg?fit=800%2C533&ssl=1&resize=350%2C200","width":350,"height":200,"srcset":"https:\/\/i0.wp.com\/www.shqiperia.com\/blog\/wp-content\/uploads\/2020\/05\/Mustafa-Arapi.jpg?fit=800%2C533&ssl=1&resize=350%2C200 1x, https:\/\/i0.wp.com\/www.shqiperia.com\/blog\/wp-content\/uploads\/2020\/05\/Mustafa-Arapi.jpg?fit=800%2C533&ssl=1&resize=525%2C300 1.5x, https:\/\/i0.wp.com\/www.shqiperia.com\/blog\/wp-content\/uploads\/2020\/05\/Mustafa-Arapi.jpg?fit=800%2C533&ssl=1&resize=700%2C400 2x"},"classes":[]},{"id":568,"url":"https:\/\/www.shqiperia.com\/blog\/xhubleta-4000-vjet-histori-dhe-sot-trafikohet-per-arsye-ekonomike\/","url_meta":{"origin":23443,"position":4},"title":"Xhubleta, 4000 vjet histori dhe sot trafikohet p\u00ebr arsye ekonomike.","author":"Kurt Farka","date":"January 7, 2018","format":false,"excerpt":"\u201cHistorit\u00eb e popujve t\u00eb tjer\u00eb gjenden p\u00ebrgjith\u00ebsisht t\u00eb gdhendur n\u00eb gur, nd\u00ebrsa historia jon\u00eb \u00ebsht\u00eb e q\u00ebndisur n\u00eb xhublet\u00eb\u201d, shprehet studiuesja e etnografis\u00eb Linda Spahiu, duke theksuar se xhubleta shqiptare vjen nga 4000 vjet histori. N\u00eb nj\u00eb intervist\u00eb zonja Linda tha se sot mungojn\u00eb lexuesit p\u00ebr k\u00ebt\u00eb \u201clib\u00ebr\u201d, flet\u00ebt e\u2026","rel":"","context":"In &quot;Kultura&quot;","block_context":{"text":"Kultura","link":"https:\/\/www.shqiperia.com\/blog\/category\/kultura\/"},"img":{"alt_text":"","src":"https:\/\/i0.wp.com\/www.shqiperia.com\/blog\/wp-content\/uploads\/2018\/01\/xhubletee.jpg?fit=492%2C480&ssl=1&resize=350%2C200","width":350,"height":200},"classes":[]},{"id":9043,"url":"https:\/\/www.shqiperia.com\/blog\/piktura-murale-ne-gjirokaster-mbulohet-me-suva-specialistet-japin-alarmin\/","url_meta":{"origin":23443,"position":5},"title":"Piktura murale n\u00eb Gjirokast\u00ebr mbulohet me suva, specialist\u00ebt japin alarmin. &#8211;","author":"Kurt Farka","date":"June 24, 2018","format":false,"excerpt":"Piktura murale n\u00eb Gjirokast\u00ebr mbulohet me suva, specialist\u00ebt japin alarmin. - Nga: Nick Merxhani Ne Gjirokaster, ne mesin e dites dhe nen \"mbikqyrjen\" e IMK-se se famshme po mbulohet (ne rastin me te mire) ose po ELIMINOHET piktura murale ne ate qe njihet si BLLOKU 7 qe ka ne perberje\u2026","rel":"","context":"In &quot;Kultura&quot;","block_context":{"text":"Kultura","link":"https:\/\/www.shqiperia.com\/blog\/category\/kultura\/"},"img":{"alt_text":"","src":"https:\/\/i0.wp.com\/www.shqiperia.com\/blog\/wp-content\/uploads\/2018\/06\/35427426_10156293446573267_1470078721720320000_n.jpg?fit=960%2C640&ssl=1&resize=350%2C200","width":350,"height":200,"srcset":"https:\/\/i0.wp.com\/www.shqiperia.com\/blog\/wp-content\/uploads\/2018\/06\/35427426_10156293446573267_1470078721720320000_n.jpg?fit=960%2C640&ssl=1&resize=350%2C200 1x, https:\/\/i0.wp.com\/www.shqiperia.com\/blog\/wp-content\/uploads\/2018\/06\/35427426_10156293446573267_1470078721720320000_n.jpg?fit=960%2C640&ssl=1&resize=525%2C300 1.5x, https:\/\/i0.wp.com\/www.shqiperia.com\/blog\/wp-content\/uploads\/2018\/06\/35427426_10156293446573267_1470078721720320000_n.jpg?fit=960%2C640&ssl=1&resize=700%2C400 2x"},"classes":[]}],"_links":{"self":[{"href":"https:\/\/www.shqiperia.com\/blog\/wp-json\/wp\/v2\/posts\/23443","targetHints":{"allow":["GET"]}}],"collection":[{"href":"https:\/\/www.shqiperia.com\/blog\/wp-json\/wp\/v2\/posts"}],"about":[{"href":"https:\/\/www.shqiperia.com\/blog\/wp-json\/wp\/v2\/types\/post"}],"author":[{"embeddable":true,"href":"https:\/\/www.shqiperia.com\/blog\/wp-json\/wp\/v2\/users\/9"}],"replies":[{"embeddable":true,"href":"https:\/\/www.shqiperia.com\/blog\/wp-json\/wp\/v2\/comments?post=23443"}],"version-history":[{"count":2,"href":"https:\/\/www.shqiperia.com\/blog\/wp-json\/wp\/v2\/posts\/23443\/revisions"}],"predecessor-version":[{"id":23450,"href":"https:\/\/www.shqiperia.com\/blog\/wp-json\/wp\/v2\/posts\/23443\/revisions\/23450"}],"wp:featuredmedia":[{"embeddable":true,"href":"https:\/\/www.shqiperia.com\/blog\/wp-json\/wp\/v2\/media\/23444"}],"wp:attachment":[{"href":"https:\/\/www.shqiperia.com\/blog\/wp-json\/wp\/v2\/media?parent=23443"}],"wp:term":[{"taxonomy":"category","embeddable":true,"href":"https:\/\/www.shqiperia.com\/blog\/wp-json\/wp\/v2\/categories?post=23443"},{"taxonomy":"post_tag","embeddable":true,"href":"https:\/\/www.shqiperia.com\/blog\/wp-json\/wp\/v2\/tags?post=23443"}],"curies":[{"name":"wp","href":"https:\/\/api.w.org\/{rel}","templated":true}]}}