{"id":23439,"date":"2019-07-22T21:55:06","date_gmt":"2019-07-22T21:55:06","guid":{"rendered":"http:\/\/www.shqiperia.com\/blog\/?p=23439"},"modified":"2019-07-22T21:55:06","modified_gmt":"2019-07-22T21:55:06","slug":"malaj-shperthen-kunder-aksionit-anti-informalitet-edhe-lopa-jep","status":"publish","type":"post","link":"https:\/\/www.shqiperia.com\/blog\/malaj-shperthen-kunder-aksionit-anti-informalitet-edhe-lopa-jep\/","title":{"rendered":"Malaj shp\u00ebrthen kund\u00ebr aksionit anti-informalitet: Edhe lopa jep\u2026"},"content":{"rendered":"<p><img data-recalc-dims=\"1\" loading=\"lazy\" decoding=\"async\" data-attachment-id=\"23440\" data-permalink=\"https:\/\/www.shqiperia.com\/blog\/malaj-shperthen-kunder-aksionit-anti-informalitet-edhe-lopa-jep\/arben-malaj-e1563825965746\/\" data-orig-file=\"https:\/\/i0.wp.com\/www.shqiperia.com\/blog\/wp-content\/uploads\/2019\/07\/arben-malaj-e1563825965746.jpg?fit=646%2C416&amp;ssl=1\" data-orig-size=\"646,416\" data-comments-opened=\"1\" data-image-meta=\"{&quot;aperture&quot;:&quot;0&quot;,&quot;credit&quot;:&quot;&quot;,&quot;camera&quot;:&quot;&quot;,&quot;caption&quot;:&quot;&quot;,&quot;created_timestamp&quot;:&quot;0&quot;,&quot;copyright&quot;:&quot;&quot;,&quot;focal_length&quot;:&quot;0&quot;,&quot;iso&quot;:&quot;0&quot;,&quot;shutter_speed&quot;:&quot;0&quot;,&quot;title&quot;:&quot;&quot;,&quot;orientation&quot;:&quot;0&quot;}\" data-image-title=\"arben-malaj-e1563825965746\" data-image-description=\"\" data-image-caption=\"\" data-medium-file=\"https:\/\/i0.wp.com\/www.shqiperia.com\/blog\/wp-content\/uploads\/2019\/07\/arben-malaj-e1563825965746.jpg?fit=300%2C193&amp;ssl=1\" data-large-file=\"https:\/\/i0.wp.com\/www.shqiperia.com\/blog\/wp-content\/uploads\/2019\/07\/arben-malaj-e1563825965746.jpg?fit=646%2C416&amp;ssl=1\" class=\"alignnone  wp-image-23440\" alt=\"\" src=\"https:\/\/i0.wp.com\/www.shqiperia.com\/blog\/wp-content\/uploads\/2019\/07\/arben-malaj-e1563825965746-300x193.jpg?resize=454%2C292\" width=\"454\" height=\"292\" srcset=\"https:\/\/i0.wp.com\/www.shqiperia.com\/blog\/wp-content\/uploads\/2019\/07\/arben-malaj-e1563825965746.jpg?resize=300%2C193&amp;ssl=1 300w, https:\/\/i0.wp.com\/www.shqiperia.com\/blog\/wp-content\/uploads\/2019\/07\/arben-malaj-e1563825965746.jpg?resize=450%2C290&amp;ssl=1 450w, https:\/\/i0.wp.com\/www.shqiperia.com\/blog\/wp-content\/uploads\/2019\/07\/arben-malaj-e1563825965746.jpg?resize=600%2C386&amp;ssl=1 600w, https:\/\/i0.wp.com\/www.shqiperia.com\/blog\/wp-content\/uploads\/2019\/07\/arben-malaj-e1563825965746.jpg?resize=400%2C258&amp;ssl=1 400w, https:\/\/i0.wp.com\/www.shqiperia.com\/blog\/wp-content\/uploads\/2019\/07\/arben-malaj-e1563825965746.jpg?w=646&amp;ssl=1 646w\" sizes=\"auto, (max-width: 454px) 100vw, 454px\" \/><\/p>\n<p><strong>Malaj shp\u00ebrthen kund\u00ebr aksionit anti-informalitet: Edhe lopa jep &#8230;<\/strong><\/p>\n<p>22\/07\/19<\/p>\n<p><a href=\"https:\/\/gazetamapo.al\/malaj-shperthen-kunder-aksionit-anti-informalitet-edhe-lopa-jep\/\"><strong>mapo.al<\/strong><\/a><\/p>\n<p><em>Ish-ministri socialist i Financave, Arben Malaj ka shp\u00ebrthyer me kritika n\u00eb nj\u00eb status n\u00eb FB kund\u00ebr aksionit anti-informalitet t\u00eb qeveris\u00eb. Teksa poston nj\u00eb shkrim ku thuhet se lop\u00ebt b\u00ebhen m\u00eb produktive kur trajtohen me kujdes, Malaj parashikon d\u00ebshtimin e k\u00ebtij aksioni si\u00e7 ka ndodhur edhe n\u00eb t\u00eb shkuar\u00ebn. Nd\u00ebrkoh\u00eb q\u00eb mjeshtri Bujar Kapexhiu i ka p\u00ebrgatitur atij nj\u00eb karikatur\u00eb p\u00ebr q\u00ebndrimet q\u00eb po mban ndaj qeverisjes. M\u00eb posht\u00eb postimi i Malajt dhe punimi i Kapexhiut<\/em><\/p>\n<p>Edhe kafsh\u00ebt japin m\u00eb shum\u00eb prodhime dhe m\u00eb shum\u00eb t\u00eb ardhura n\u00ebse trajtohen n\u00eb m\u00ebnyr\u00eb miq\u00ebsore. N\u00eb ndihm\u00eb t\u00eb debateve p\u00ebr munges\u00eb suksesi t\u00eb aksionit n\u00eb mbledhjen e taksave dhe faktit q\u00eb si her\u00ebn e par\u00eb, edhe ky do t\u00eb jet\u00eb nj\u00eb d\u00ebshtim, ja referenca e nj\u00eb prej artikujve mb\u00ebshtet\u00ebs, ku vler\u00ebsohet se \u00e7do lop\u00eb e trajtuar me kujdes p\u00ebr sh\u00ebndetin dhe ambientin e saj, mund t\u00eb prodhoj\u00eb deri n\u00eb 12.000 euro n\u00eb vit m\u00eb shum\u00eb. Si ekonomist dhe ish-minist\u00ebr finance kam p\u00ebrgjegj\u00ebsi t\u00eb angazhohem n\u00eb \u00e7do hap n\u00eb luft\u00ebn kund\u00ebr informalitetit, por edhe kund\u00ebr angazhimeve t\u00eb qeveris\u00eb n\u00eb aksione me goditje t\u00eb pap\u00ebrq\u00ebndruar dhe q\u00eb n\u00eb thelb ka vet\u00ebm elemente sip\u00ebrfaq\u00ebsore p\u00ebr fshehjen e gjendjes reale.<\/p>\n<p>Jam i gatsh\u00ebm t\u00eb arsyetoj t\u00eb gjith\u00eb faktor\u00ebt konkret\u00eb thell\u00ebsisht profesional\u00eb t\u00eb risqeve t\u00eb qarta t\u00eb d\u00ebshtimit t\u00eb k\u00ebsaj fushate t\u00eb p\u00ebrs\u00ebritur. Nj\u00eb k\u00ebrkes\u00eb publike p\u00ebr ministren Danaj, si ish-profesori juaj dhe vet\u00ebm me k\u00ebt\u00eb status, ju jeni politik\u00ebb\u00ebr\u00ebse, jo inspektore taksambledh\u00ebse n\u00eb terren.<\/p>\n<p>Mos ia b\u00ebj k\u00ebt\u00eb d\u00ebm reputacional vendit t\u00ebnd dhe ministris\u00eb m\u00eb t\u00eb r\u00ebnd\u00ebsishme t\u00eb tij.<\/p>\n<p>Nuk po dallojm\u00eb dot kush \u00ebsht\u00eb taksambledh\u00ebsi n\u00eb terren, kush \u00ebsht\u00eb drejtuesi i administrat\u00ebs me \u00e7do nivel t\u00eb saj, kush \u00ebsht\u00eb Drejtori i P\u00ebrgjithsh\u00ebm i Tatimeve dhe kush \u00ebsht\u00eb Ministri i Financave.<\/p>\n<p>Me modelin tuaj, Ministrja e Mbrojtjes duhet t\u00eb hipi mbi tank ose zjarrfik\u00ebse, Ministri i Bujq\u00ebsis\u00eb duhet t\u00eb filloj\u00eb t\u00eb mjel\u00eb lop\u00eb, dele dhe dhi q\u00eb t\u00eb rritet sasia e qum\u00ebshtit t\u00eb p\u00ebrfituar, bazuar n\u00eb studime shkencore ku konkludohet se p\u00ebrkudesja ledhatuese n\u00eb t\u00ebr\u00ebsi dhe gjinjve n\u00eb ve\u00e7anti, rrit prodhueshm\u00ebrin\u00eb e tyre dhe p\u00ebrfitimet fianciare.<\/p>\n<p>Nuk po e zgjas m\u00eb shum\u00eb se p\u00ebrkeq\u00ebsimi b\u00ebhet m\u00eb i r\u00ebnd\u00eb.<\/p>\n<p>N\u00eb faqen zyrtare t\u00eb\u00a0<em>ippm.al<\/em>, gjeni p\u00ebrmbledhjen e argumenteve tona thell\u00ebsisht profesionale t\u00eb paralajm\u00ebrimit t\u00eb d\u00ebshtimit t\u00eb par\u00eb, i cili ndodhi faktikisht, argumente q\u00eb mund t\u2019ju vlejn\u00eb p\u00ebr parashikimin e d\u00ebshtimit t\u00eb dyt\u00eb.<\/p>\n<p>E dyta- Instituti p\u00ebr Politika Publike dhe Mir\u00ebqeverisjen, disa dhoma tregtie dhe shoqata biznesi ankimuan n\u00eb Gjykat\u00ebn Kushtetuese gjobat stratosferike dhe vrastare ndaj biznesit.<\/p>\n<p>Ne fituam, Gjykata Kushtetuese i quajti antikushtetuese k\u00ebto gjoba dhe i hoqi, por asnj\u00eb nga qeveria nuk k\u00ebrkoi falje p\u00ebr asnj\u00eb d\u00ebm psikologjik dhe financiar q\u00eb iu shkaktua mij\u00ebra bizneseve dhe asnj\u00eb familje nuk u kompensua.<\/p>\n<p><img data-recalc-dims=\"1\" loading=\"lazy\" decoding=\"async\" data-attachment-id=\"23441\" data-permalink=\"https:\/\/www.shqiperia.com\/blog\/malaj-shperthen-kunder-aksionit-anti-informalitet-edhe-lopa-jep\/arben-malaj\/\" data-orig-file=\"https:\/\/i0.wp.com\/www.shqiperia.com\/blog\/wp-content\/uploads\/2019\/07\/arben-malaj.jpg?fit=650%2C750&amp;ssl=1\" data-orig-size=\"650,750\" data-comments-opened=\"1\" data-image-meta=\"{&quot;aperture&quot;:&quot;0&quot;,&quot;credit&quot;:&quot;&quot;,&quot;camera&quot;:&quot;&quot;,&quot;caption&quot;:&quot;&quot;,&quot;created_timestamp&quot;:&quot;0&quot;,&quot;copyright&quot;:&quot;&quot;,&quot;focal_length&quot;:&quot;0&quot;,&quot;iso&quot;:&quot;0&quot;,&quot;shutter_speed&quot;:&quot;0&quot;,&quot;title&quot;:&quot;&quot;,&quot;orientation&quot;:&quot;0&quot;}\" data-image-title=\"arben-malaj\" data-image-description=\"\" data-image-caption=\"\" data-medium-file=\"https:\/\/i0.wp.com\/www.shqiperia.com\/blog\/wp-content\/uploads\/2019\/07\/arben-malaj.jpg?fit=260%2C300&amp;ssl=1\" data-large-file=\"https:\/\/i0.wp.com\/www.shqiperia.com\/blog\/wp-content\/uploads\/2019\/07\/arben-malaj.jpg?fit=650%2C750&amp;ssl=1\" class=\"alignnone  wp-image-23441\" alt=\"\" src=\"https:\/\/i0.wp.com\/www.shqiperia.com\/blog\/wp-content\/uploads\/2019\/07\/arben-malaj-260x300.jpg?resize=684%2C789\" width=\"684\" height=\"789\" srcset=\"https:\/\/i0.wp.com\/www.shqiperia.com\/blog\/wp-content\/uploads\/2019\/07\/arben-malaj.jpg?resize=260%2C300&amp;ssl=1 260w, https:\/\/i0.wp.com\/www.shqiperia.com\/blog\/wp-content\/uploads\/2019\/07\/arben-malaj.jpg?resize=450%2C519&amp;ssl=1 450w, https:\/\/i0.wp.com\/www.shqiperia.com\/blog\/wp-content\/uploads\/2019\/07\/arben-malaj.jpg?resize=600%2C692&amp;ssl=1 600w, https:\/\/i0.wp.com\/www.shqiperia.com\/blog\/wp-content\/uploads\/2019\/07\/arben-malaj.jpg?resize=400%2C462&amp;ssl=1 400w, https:\/\/i0.wp.com\/www.shqiperia.com\/blog\/wp-content\/uploads\/2019\/07\/arben-malaj.jpg?w=650&amp;ssl=1 650w\" sizes=\"auto, (max-width: 684px) 100vw, 684px\" \/><\/p>\n<p>Ndjes\u00eb. N\u00eb fund dhe jo m\u00eb pak e r\u00ebnd\u00ebsishme, ky postim nuk shpreh q\u00ebndrim t\u00eb BSH.<\/p>\n","protected":false},"excerpt":{"rendered":"<p>Malaj shp\u00ebrthen kund\u00ebr aksionit anti-informalitet: Edhe lopa jep &#8230; 22\/07\/19 mapo.al Ish-ministri socialist i Financave, Arben Malaj ka shp\u00ebrthyer me kritika n\u00eb nj\u00eb status n\u00eb FB kund\u00ebr aksionit anti-informalitet t\u00eb qeveris\u00eb. Teksa poston nj\u00eb shkrim ku thuhet se lop\u00ebt b\u00ebhen m\u00eb produktive kur trajtohen me kujdes, Malaj parashikon d\u00ebshtimin e k\u00ebtij aksioni si\u00e7 ka ndodhur [&hellip;]<\/p>\n","protected":false},"author":9,"featured_media":23440,"comment_status":"open","ping_status":"open","sticky":false,"template":"","format":"standard","meta":{"jetpack_post_was_ever_published":false,"_jetpack_newsletter_access":"","_jetpack_dont_email_post_to_subs":false,"_jetpack_newsletter_tier_id":0,"_jetpack_memberships_contains_paywalled_content":false,"_jetpack_memberships_contains_paid_content":false,"footnotes":"","jetpack_publicize_message":"","jetpack_publicize_feature_enabled":true,"jetpack_social_post_already_shared":true,"jetpack_social_options":{"image_generator_settings":{"template":"highway","default_image_id":0,"font":"","enabled":false},"version":2}},"categories":[27,2,35],"tags":[],"class_list":["post-23439","post","type-post","status-publish","format-standard","has-post-thumbnail","hentry","category-blogu-i-udhetarit","category-politika","category-shoqerore"],"jetpack_publicize_connections":[],"jetpack_featured_media_url":"https:\/\/i0.wp.com\/www.shqiperia.com\/blog\/wp-content\/uploads\/2019\/07\/arben-malaj-e1563825965746.jpg?fit=646%2C416&ssl=1","jetpack_sharing_enabled":true,"jetpack_shortlink":"https:\/\/wp.me\/p5Z6wp-663","jetpack-related-posts":[{"id":47784,"url":"https:\/\/www.shqiperia.com\/blog\/as-kim-jong-u-nuk-ka-arritur-deri-ketu-malaj-shperthen-ndaj-partise-socialiste-dhe-tregon-planin-e-tyre-qe-pritet-keto-dite-kjo-eshte-nje-situate-kritike-e-turpshme-per-socialist\/","url_meta":{"origin":23439,"position":0},"title":"\u201cAs Kim Jong -u nuk ka arritur deri k\u00ebtu\u201d\/ Malaj shp\u00ebrthen ndaj Partis\u00eb Socialiste dhe tregon planin e tyre q\u00eb pritet k\u00ebto dit\u00eb: Kjo \u00ebsht\u00eb nj\u00eb situat\u00eb kritike! E turpshme p\u00ebr socialist\u00ebt e thjesht\u00eb\u2026","author":"Kurt Farka","date":"June 10, 2021","format":false,"excerpt":"\u201cAs Kim Jong -u nuk ka arritur deri k\u00ebtu\u201d\/ Malaj shp\u00ebrthen ndaj Partis\u00eb Socialiste dhe tregon planin e tyre q\u00eb pritet k\u00ebto dit\u00eb: Kjo \u00ebsht\u00eb nj\u00eb situat\u00eb kritike! E turpshme p\u00ebr socialist\u00ebt e thjesht\u00eb\u2026 10 QERSHOR 2021 Me an\u00eb t\u00eb nj\u00eb postimi n\u00eb rrjetin social ish ministri i njohur, Arben\u2026","rel":"","context":"In &quot;Blogu i Udh\u00ebtarit&quot;","block_context":{"text":"Blogu i Udh\u00ebtarit","link":"https:\/\/www.shqiperia.com\/blog\/category\/blogu-i-udhetarit\/"},"img":{"alt_text":"","src":"https:\/\/i0.wp.com\/www.shqiperia.com\/blog\/wp-content\/uploads\/2021\/06\/Arben-Malaj.jpeg?fit=800%2C400&ssl=1&resize=350%2C200","width":350,"height":200,"srcset":"https:\/\/i0.wp.com\/www.shqiperia.com\/blog\/wp-content\/uploads\/2021\/06\/Arben-Malaj.jpeg?fit=800%2C400&ssl=1&resize=350%2C200 1x, https:\/\/i0.wp.com\/www.shqiperia.com\/blog\/wp-content\/uploads\/2021\/06\/Arben-Malaj.jpeg?fit=800%2C400&ssl=1&resize=525%2C300 1.5x, https:\/\/i0.wp.com\/www.shqiperia.com\/blog\/wp-content\/uploads\/2021\/06\/Arben-Malaj.jpeg?fit=800%2C400&ssl=1&resize=700%2C400 2x"},"classes":[]},{"id":50054,"url":"https:\/\/www.shqiperia.com\/blog\/lajm-i-keq-arben-malaj-shperthen-ndaj-krahut-te-djathte-te-edi-rames-dhe-nuk-le-gje-pa-thene-babezia-nuk-ka-kufi-spak-te-veproje-sa-me-shpejte\/","url_meta":{"origin":23439,"position":1},"title":"\u201cLajm i keq\u201d. Arben Malaj shp\u00ebrthen ndaj krahut t\u00eb djatht\u00eb t\u00eb Edi Ram\u00ebs dhe nuk l\u00eb gj\u00eb pa th\u00ebn\u00eb: &#8211; Bab\u00ebzia nuk ka kufi! SPAK t\u00eb veproj\u00eb sa m\u00eb shpejt\u00eb!","author":"Kurt Farka","date":"September 22, 2021","format":false,"excerpt":"\u201cLajm i keq\u201d. Arben Malaj shp\u00ebrthen ndaj krahut t\u00eb djatht\u00eb t\u00eb Edi Ram\u00ebs dhe nuk l\u00eb gj\u00eb pa th\u00ebn\u00eb: - Bab\u00ebzia nuk ka kufi! SPAK t\u00eb veproj\u00eb sa m\u00eb shpejt\u00eb! 22 SHTATOR 2021 Ish-ministri Arben Malaj ka shp\u00ebrthyer sot p\u00ebrmes nj\u00eb postimi n\u00eb rrjetet sociale ndaj drejtuesit politik t\u00eb PS-s\u00eb\u2026","rel":"","context":"In &quot;Blogu i Udh\u00ebtarit&quot;","block_context":{"text":"Blogu i Udh\u00ebtarit","link":"https:\/\/www.shqiperia.com\/blog\/category\/blogu-i-udhetarit\/"},"img":{"alt_text":"","src":"https:\/\/i0.wp.com\/www.shqiperia.com\/blog\/wp-content\/uploads\/2021\/09\/Arben-Malaj.jpg?fit=640%2C391&ssl=1&resize=350%2C200","width":350,"height":200,"srcset":"https:\/\/i0.wp.com\/www.shqiperia.com\/blog\/wp-content\/uploads\/2021\/09\/Arben-Malaj.jpg?fit=640%2C391&ssl=1&resize=350%2C200 1x, https:\/\/i0.wp.com\/www.shqiperia.com\/blog\/wp-content\/uploads\/2021\/09\/Arben-Malaj.jpg?fit=640%2C391&ssl=1&resize=525%2C300 1.5x"},"classes":[]},{"id":23491,"url":"https:\/\/www.shqiperia.com\/blog\/shperthen-arben-malaj-nga-teatri-te-mblidhet-parlamenti-te-ndalohet-shembja\/","url_meta":{"origin":23439,"position":2},"title":"Shp\u00ebrthen Arben Malaj nga Teatri: T\u00eb mblidhet parlamenti, t\u00eb ndalohet shembja. &#8211;","author":"Kurt Farka","date":"July 24, 2019","format":false,"excerpt":"Shp\u00ebrthen Arben Malaj nga Teatri: T\u00eb mblidhet parlamenti, t\u00eb ndalohet shembja. - 24 Korrik, 2019. Protest\u00ebs s\u00eb artist\u00ebve tek Teatri Komb\u00ebtar i \u00ebsht\u00eb bashkaur dhe ish-minsitrii\u00a0 Financave, Arben Malaj. Ai u ka b\u00ebr\u00eb thirrje t\u00eb gjith\u00eb socialist\u00ebve t\u00eb reagojn\u00eb dhe t\u00eb mos lejojn\u00eb shembjen e Teatri Komb\u00ebtar. \u201cN\u00eb radh\u00eb t\u00eb\u2026","rel":"","context":"In &quot;Blogu i Udh\u00ebtarit&quot;","block_context":{"text":"Blogu i Udh\u00ebtarit","link":"https:\/\/www.shqiperia.com\/blog\/category\/blogu-i-udhetarit\/"},"img":{"alt_text":"","src":"https:\/\/i0.wp.com\/www.shqiperia.com\/blog\/wp-content\/uploads\/2019\/07\/malaj-759x405.png?fit=759%2C405&ssl=1&resize=350%2C200","width":350,"height":200,"srcset":"https:\/\/i0.wp.com\/www.shqiperia.com\/blog\/wp-content\/uploads\/2019\/07\/malaj-759x405.png?fit=759%2C405&ssl=1&resize=350%2C200 1x, https:\/\/i0.wp.com\/www.shqiperia.com\/blog\/wp-content\/uploads\/2019\/07\/malaj-759x405.png?fit=759%2C405&ssl=1&resize=525%2C300 1.5x, https:\/\/i0.wp.com\/www.shqiperia.com\/blog\/wp-content\/uploads\/2019\/07\/malaj-759x405.png?fit=759%2C405&ssl=1&resize=700%2C400 2x"},"classes":[]},{"id":23499,"url":"https:\/\/www.shqiperia.com\/blog\/shperthen-arben-malaj-nga-teatri-te-mblidhet-parlamenti-te-ndalohet-shembja-2\/","url_meta":{"origin":23439,"position":3},"title":"Shp\u00ebrthen Arben Malaj nga Teatri: T\u00eb mblidhet parlamenti, t\u00eb ndalohet shembja","author":"Kurt Farka","date":"July 24, 2019","format":false,"excerpt":"Shp\u00ebrthen Arben Malaj nga Teatri: T\u00eb mblidhet parlamenti, t\u00eb ndalohet shembja 24 Korrik, 2019 Protest\u00ebs s\u00eb artist\u00ebve tek Teatri Komb\u00ebtar i \u00ebsht\u00eb bashkaur dhe ish-minsitrii\u00a0 Financave, Arben Malaj. Ai u ka b\u00ebr\u00eb thirrje t\u00eb gjith\u00eb socialist\u00ebve t\u00eb reagojn\u00eb dhe t\u00eb mos lejojn\u00eb shembjen e Teatri Komb\u00ebtar. \u201cN\u00eb radh\u00eb t\u00eb par\u00eb\u2026","rel":"","context":"In &quot;Blogu i Udh\u00ebtarit&quot;","block_context":{"text":"Blogu i Udh\u00ebtarit","link":"https:\/\/www.shqiperia.com\/blog\/category\/blogu-i-udhetarit\/"},"img":{"alt_text":"","src":"https:\/\/i0.wp.com\/www.shqiperia.com\/blog\/wp-content\/uploads\/2019\/07\/malaj-759x405-2.png?fit=759%2C405&ssl=1&resize=350%2C200","width":350,"height":200,"srcset":"https:\/\/i0.wp.com\/www.shqiperia.com\/blog\/wp-content\/uploads\/2019\/07\/malaj-759x405-2.png?fit=759%2C405&ssl=1&resize=350%2C200 1x, https:\/\/i0.wp.com\/www.shqiperia.com\/blog\/wp-content\/uploads\/2019\/07\/malaj-759x405-2.png?fit=759%2C405&ssl=1&resize=525%2C300 1.5x, https:\/\/i0.wp.com\/www.shqiperia.com\/blog\/wp-content\/uploads\/2019\/07\/malaj-759x405-2.png?fit=759%2C405&ssl=1&resize=700%2C400 2x"},"classes":[]},{"id":50703,"url":"https:\/\/www.shqiperia.com\/blog\/shperthen-arben-malaj-ndihmojeni-ramen-ndalojeni-marrezia-e-madheshtise-dhe-babezise-se-tij-po-ju-kushton-shume-ndalojeni-ne-menyre-ligjore-ndalojeni-me-cdo-mundesi\/","url_meta":{"origin":23439,"position":4},"title":"Shp\u00ebrthen Arben Malaj: &#8211; Ndihmojeni Ram\u00ebn, ndalojeni, marr\u00ebzia e madh\u00ebshtis\u00eb dhe bab\u00ebzis\u00eb s\u00eb tij, po ju kushton shum\u00eb, ndalojeni n\u00eb m\u00ebnyr\u00eb ligjore, ndalojeni me \u00e7do mund\u00ebsi","author":"Kurt Farka","date":"October 19, 2021","format":false,"excerpt":"Shp\u00ebrthen Arben Malaj: - Ndihmojeni Ram\u00ebn, ndalojeni, marr\u00ebzia e madh\u00ebshtis\u00eb dhe bab\u00ebzis\u00eb s\u00eb tij, po ju kushton shum\u00eb, ndalojeni n\u00eb m\u00ebnyr\u00eb ligjore, ndalojeni me \u00e7do mund\u00ebsi 17 tetor 2021 Shkruan Arben Malaj \u201cNdihmojeni, Ndalojeni sa m\u00eb par\u00eb sepse Rama gjithnj\u00eb e m\u00eb shum\u00eb po i ngjan \u201cMbretit lakuriq\u201d t\u00eb p\u00ebrrall\u00ebs\u2026","rel":"","context":"In &quot;Blogu i Udh\u00ebtarit&quot;","block_context":{"text":"Blogu i Udh\u00ebtarit","link":"https:\/\/www.shqiperia.com\/blog\/category\/blogu-i-udhetarit\/"},"img":{"alt_text":"","src":"https:\/\/i0.wp.com\/www.shqiperia.com\/blog\/wp-content\/uploads\/2021\/10\/Rama-Malaj-697x375-1.png?fit=697%2C375&ssl=1&resize=350%2C200","width":350,"height":200,"srcset":"https:\/\/i0.wp.com\/www.shqiperia.com\/blog\/wp-content\/uploads\/2021\/10\/Rama-Malaj-697x375-1.png?fit=697%2C375&ssl=1&resize=350%2C200 1x, https:\/\/i0.wp.com\/www.shqiperia.com\/blog\/wp-content\/uploads\/2021\/10\/Rama-Malaj-697x375-1.png?fit=697%2C375&ssl=1&resize=525%2C300 1.5x"},"classes":[]},{"id":51540,"url":"https:\/\/www.shqiperia.com\/blog\/pse-spak-dhe-opozita-kane-frike-te-nisin-nje-hetim-malaj-shperthen-ndaj-ahmetajt-dhe-nuk-le-gje-pa-thene-a-nuk-ishte-ky-mashtrues-qe-genjen-ne-menyren-me-te-pashpirt\/","url_meta":{"origin":23439,"position":5},"title":"\u201cPse SPAK dhe opozita kan\u00eb frik\u00eb t\u00eb nisin nj\u00eb hetim?\u201d. Malaj shp\u00ebrthen ndaj Ahmetajt dhe nuk l\u00eb gj\u00eb pa th\u00ebn\u00eb: &#8211; A nuk ishte ky mashtrues q\u00eb g\u00ebnjen n\u00eb m\u00ebnyr\u00ebn m\u00eb t\u00eb pashpirt&#8230;","author":"Kurt Farka","date":"November 20, 2021","format":false,"excerpt":"\u201cPse SPAK dhe opozita kan\u00eb frik\u00eb t\u00eb nisin nj\u00eb hetim?\u201d. Malaj shp\u00ebrthen ndaj Ahmetajt dhe nuk l\u00eb gj\u00eb pa th\u00ebn\u00eb: - A nuk ishte ky mashtrues q\u00eb g\u00ebnjen n\u00eb m\u00ebnyr\u00ebn m\u00eb t\u00eb pashpirt... 19 N\u00cbNTOR 2021 Nisur nga deklarata e zv.kryeministrit Arben Ahmetaj se buxheti i vitit 2022 \u00ebsht\u00eb m\u00eb\u2026","rel":"","context":"In &quot;Blogu i Udh\u00ebtarit&quot;","block_context":{"text":"Blogu i Udh\u00ebtarit","link":"https:\/\/www.shqiperia.com\/blog\/category\/blogu-i-udhetarit\/"},"img":{"alt_text":"","src":"https:\/\/i0.wp.com\/www.shqiperia.com\/blog\/wp-content\/uploads\/2021\/11\/Arben-Malaj-dhe-Ahmetaj.png?fit=640%2C376&ssl=1&resize=350%2C200","width":350,"height":200,"srcset":"https:\/\/i0.wp.com\/www.shqiperia.com\/blog\/wp-content\/uploads\/2021\/11\/Arben-Malaj-dhe-Ahmetaj.png?fit=640%2C376&ssl=1&resize=350%2C200 1x, https:\/\/i0.wp.com\/www.shqiperia.com\/blog\/wp-content\/uploads\/2021\/11\/Arben-Malaj-dhe-Ahmetaj.png?fit=640%2C376&ssl=1&resize=525%2C300 1.5x"},"classes":[]}],"_links":{"self":[{"href":"https:\/\/www.shqiperia.com\/blog\/wp-json\/wp\/v2\/posts\/23439","targetHints":{"allow":["GET"]}}],"collection":[{"href":"https:\/\/www.shqiperia.com\/blog\/wp-json\/wp\/v2\/posts"}],"about":[{"href":"https:\/\/www.shqiperia.com\/blog\/wp-json\/wp\/v2\/types\/post"}],"author":[{"embeddable":true,"href":"https:\/\/www.shqiperia.com\/blog\/wp-json\/wp\/v2\/users\/9"}],"replies":[{"embeddable":true,"href":"https:\/\/www.shqiperia.com\/blog\/wp-json\/wp\/v2\/comments?post=23439"}],"version-history":[{"count":1,"href":"https:\/\/www.shqiperia.com\/blog\/wp-json\/wp\/v2\/posts\/23439\/revisions"}],"predecessor-version":[{"id":23442,"href":"https:\/\/www.shqiperia.com\/blog\/wp-json\/wp\/v2\/posts\/23439\/revisions\/23442"}],"wp:featuredmedia":[{"embeddable":true,"href":"https:\/\/www.shqiperia.com\/blog\/wp-json\/wp\/v2\/media\/23440"}],"wp:attachment":[{"href":"https:\/\/www.shqiperia.com\/blog\/wp-json\/wp\/v2\/media?parent=23439"}],"wp:term":[{"taxonomy":"category","embeddable":true,"href":"https:\/\/www.shqiperia.com\/blog\/wp-json\/wp\/v2\/categories?post=23439"},{"taxonomy":"post_tag","embeddable":true,"href":"https:\/\/www.shqiperia.com\/blog\/wp-json\/wp\/v2\/tags?post=23439"}],"curies":[{"name":"wp","href":"https:\/\/api.w.org\/{rel}","templated":true}]}}