{"id":23435,"date":"2019-07-22T20:36:10","date_gmt":"2019-07-22T20:36:10","guid":{"rendered":"http:\/\/www.shqiperia.com\/blog\/?p=23435"},"modified":"2019-07-22T20:36:10","modified_gmt":"2019-07-22T20:36:10","slug":"keshtjella-banese-e-kristaq-cullufes-bual-permet-2-foto","status":"publish","type":"post","link":"https:\/\/www.shqiperia.com\/blog\/keshtjella-banese-e-kristaq-cullufes-bual-permet-2-foto\/","title":{"rendered":"Keshtjella Banese e Kristaq Cullufes, Bual Permet. 2 foto."},"content":{"rendered":"<p><img data-recalc-dims=\"1\" loading=\"lazy\" decoding=\"async\" data-attachment-id=\"23436\" data-permalink=\"https:\/\/www.shqiperia.com\/blog\/keshtjella-banese-e-kristaq-cullufes-bual-permet-2-foto\/67383748_2406721952985109_6369733479776649216_n-copy\/\" data-orig-file=\"https:\/\/i0.wp.com\/www.shqiperia.com\/blog\/wp-content\/uploads\/2019\/07\/67383748_2406721952985109_6369733479776649216_n-Copy.jpg?fit=387%2C192&amp;ssl=1\" data-orig-size=\"387,192\" data-comments-opened=\"1\" data-image-meta=\"{&quot;aperture&quot;:&quot;0&quot;,&quot;credit&quot;:&quot;&quot;,&quot;camera&quot;:&quot;&quot;,&quot;caption&quot;:&quot;&quot;,&quot;created_timestamp&quot;:&quot;0&quot;,&quot;copyright&quot;:&quot;&quot;,&quot;focal_length&quot;:&quot;0&quot;,&quot;iso&quot;:&quot;0&quot;,&quot;shutter_speed&quot;:&quot;0&quot;,&quot;title&quot;:&quot;&quot;,&quot;orientation&quot;:&quot;0&quot;}\" data-image-title=\"67383748_2406721952985109_6369733479776649216_n &#8211; Copy\" data-image-description=\"\" data-image-caption=\"\" data-medium-file=\"https:\/\/i0.wp.com\/www.shqiperia.com\/blog\/wp-content\/uploads\/2019\/07\/67383748_2406721952985109_6369733479776649216_n-Copy.jpg?fit=300%2C149&amp;ssl=1\" data-large-file=\"https:\/\/i0.wp.com\/www.shqiperia.com\/blog\/wp-content\/uploads\/2019\/07\/67383748_2406721952985109_6369733479776649216_n-Copy.jpg?fit=387%2C192&amp;ssl=1\" class=\"alignnone  wp-image-23436\" alt=\"\" src=\"https:\/\/i0.wp.com\/www.shqiperia.com\/blog\/wp-content\/uploads\/2019\/07\/67383748_2406721952985109_6369733479776649216_n-Copy-300x149.jpg?resize=429%2C213\" width=\"429\" height=\"213\" srcset=\"https:\/\/i0.wp.com\/www.shqiperia.com\/blog\/wp-content\/uploads\/2019\/07\/67383748_2406721952985109_6369733479776649216_n-Copy.jpg?resize=300%2C149&amp;ssl=1 300w, https:\/\/i0.wp.com\/www.shqiperia.com\/blog\/wp-content\/uploads\/2019\/07\/67383748_2406721952985109_6369733479776649216_n-Copy.jpg?w=387&amp;ssl=1 387w\" sizes=\"auto, (max-width: 429px) 100vw, 429px\" \/><\/p>\n<p>Keshtjella Banese e Kristaq Cullufes, Bual Permet. Keshtjellen e ka trasheguar nga gjyshi nga mamaja, dhe e ka ruajtur dhe mirmbajtur me fanatizem.lla &#8211;<\/p>\n<p><img data-recalc-dims=\"1\" loading=\"lazy\" decoding=\"async\" data-attachment-id=\"23437\" data-permalink=\"https:\/\/www.shqiperia.com\/blog\/keshtjella-banese-e-kristaq-cullufes-bual-permet-2-foto\/67383748_2406721952985109_6369733479776649216_n\/\" data-orig-file=\"https:\/\/i0.wp.com\/www.shqiperia.com\/blog\/wp-content\/uploads\/2019\/07\/67383748_2406721952985109_6369733479776649216_n.jpg?fit=480%2C477&amp;ssl=1\" data-orig-size=\"480,477\" data-comments-opened=\"1\" data-image-meta=\"{&quot;aperture&quot;:&quot;0&quot;,&quot;credit&quot;:&quot;&quot;,&quot;camera&quot;:&quot;&quot;,&quot;caption&quot;:&quot;&quot;,&quot;created_timestamp&quot;:&quot;0&quot;,&quot;copyright&quot;:&quot;&quot;,&quot;focal_length&quot;:&quot;0&quot;,&quot;iso&quot;:&quot;0&quot;,&quot;shutter_speed&quot;:&quot;0&quot;,&quot;title&quot;:&quot;&quot;,&quot;orientation&quot;:&quot;0&quot;}\" data-image-title=\"67383748_2406721952985109_6369733479776649216_n\" data-image-description=\"\" data-image-caption=\"\" data-medium-file=\"https:\/\/i0.wp.com\/www.shqiperia.com\/blog\/wp-content\/uploads\/2019\/07\/67383748_2406721952985109_6369733479776649216_n.jpg?fit=300%2C298&amp;ssl=1\" data-large-file=\"https:\/\/i0.wp.com\/www.shqiperia.com\/blog\/wp-content\/uploads\/2019\/07\/67383748_2406721952985109_6369733479776649216_n.jpg?fit=480%2C477&amp;ssl=1\" class=\"alignnone  wp-image-23437\" alt=\"\" src=\"https:\/\/i0.wp.com\/www.shqiperia.com\/blog\/wp-content\/uploads\/2019\/07\/67383748_2406721952985109_6369733479776649216_n-300x298.jpg?resize=701%2C696\" width=\"701\" height=\"696\" srcset=\"https:\/\/i0.wp.com\/www.shqiperia.com\/blog\/wp-content\/uploads\/2019\/07\/67383748_2406721952985109_6369733479776649216_n.jpg?resize=300%2C298&amp;ssl=1 300w, https:\/\/i0.wp.com\/www.shqiperia.com\/blog\/wp-content\/uploads\/2019\/07\/67383748_2406721952985109_6369733479776649216_n.jpg?resize=150%2C150&amp;ssl=1 150w, https:\/\/i0.wp.com\/www.shqiperia.com\/blog\/wp-content\/uploads\/2019\/07\/67383748_2406721952985109_6369733479776649216_n.jpg?resize=450%2C447&amp;ssl=1 450w, https:\/\/i0.wp.com\/www.shqiperia.com\/blog\/wp-content\/uploads\/2019\/07\/67383748_2406721952985109_6369733479776649216_n.jpg?resize=65%2C65&amp;ssl=1 65w, https:\/\/i0.wp.com\/www.shqiperia.com\/blog\/wp-content\/uploads\/2019\/07\/67383748_2406721952985109_6369733479776649216_n.jpg?resize=50%2C50&amp;ssl=1 50w, https:\/\/i0.wp.com\/www.shqiperia.com\/blog\/wp-content\/uploads\/2019\/07\/67383748_2406721952985109_6369733479776649216_n.jpg?resize=400%2C398&amp;ssl=1 400w, https:\/\/i0.wp.com\/www.shqiperia.com\/blog\/wp-content\/uploads\/2019\/07\/67383748_2406721952985109_6369733479776649216_n.jpg?w=480&amp;ssl=1 480w\" sizes=\"auto, (max-width: 701px) 100vw, 701px\" \/><\/p>\n<p>Kuriozitet, sa paguhet per nje nate te qendrosh ne kete monument te shekullit XVII.<\/p>\n","protected":false},"excerpt":{"rendered":"<p>Keshtjella Banese e Kristaq Cullufes, Bual Permet. Keshtjellen e ka trasheguar nga gjyshi nga mamaja, dhe e ka ruajtur dhe mirmbajtur me fanatizem.lla &#8211; Kuriozitet, sa paguhet per nje nate te qendrosh ne kete monument te shekullit XVII.<\/p>\n","protected":false},"author":9,"featured_media":23436,"comment_status":"open","ping_status":"open","sticky":false,"template":"","format":"standard","meta":{"jetpack_post_was_ever_published":false,"_jetpack_newsletter_access":"","_jetpack_dont_email_post_to_subs":false,"_jetpack_newsletter_tier_id":0,"_jetpack_memberships_contains_paywalled_content":false,"_jetpack_memberships_contains_paid_content":false,"footnotes":"","jetpack_publicize_message":"","jetpack_publicize_feature_enabled":true,"jetpack_social_post_already_shared":true,"jetpack_social_options":{"image_generator_settings":{"template":"highway","default_image_id":0,"font":"","enabled":false},"version":2}},"categories":[85,10,86],"tags":[],"class_list":["post-23435","post","type-post","status-publish","format-standard","has-post-thumbnail","hentry","category-histori","category-kultura","category-trashegimi-kulturore"],"jetpack_publicize_connections":[],"jetpack_featured_media_url":"https:\/\/i0.wp.com\/www.shqiperia.com\/blog\/wp-content\/uploads\/2019\/07\/67383748_2406721952985109_6369733479776649216_n-Copy.jpg?fit=387%2C192&ssl=1","jetpack_sharing_enabled":true,"jetpack_shortlink":"https:\/\/wp.me\/p5Z6wp-65Z","jetpack-related-posts":[{"id":36236,"url":"https:\/\/www.shqiperia.com\/blog\/heronj-te-heshtur-udhetim-ne-kohe-ne-banesen-e-vjeter-ne-bual-te-permetit\/","url_meta":{"origin":23435,"position":0},"title":"\u201cHeronj t\u00eb heshtur\u201d\/ Udh\u00ebtim n\u00eb koh\u00eb, n\u00eb banes\u00ebn e vjeter n\u00eb Bual t\u00eb P\u00ebrmetit","author":"Kurt Farka","date":"July 12, 2020","format":false,"excerpt":"\u201cHeronj t\u00eb heshtur\u201d\/ Udh\u00ebtim n\u00eb koh\u00eb, n\u00eb banes\u00ebn e vjeter n\u00eb Bual t\u00eb P\u00ebrmetit 13 QERSHOR 2020\u00a0\u00a0 Sot do t\u00eb flasim p\u00ebr Kristaqin, i cili prej disa vitesh administron banes\u00ebn e tij 120 -vje\u00e7are, nj\u00eb godin\u00eb e shpallur nga Ministria e Kultur\u00ebs \u201cMonument Kulture\u201d. Objekti ndodhet n\u00eb fshatin Bual t\u00eb\u2026","rel":"","context":"In &quot;Histori&quot;","block_context":{"text":"Histori","link":"https:\/\/www.shqiperia.com\/blog\/category\/histori\/"},"img":{"alt_text":"","src":"https:\/\/i0.wp.com\/www.shqiperia.com\/blog\/wp-content\/uploads\/2020\/07\/Banesa-e-Kristaq-Cullufes-Bual-Permet.jpg?fit=938%2C434&ssl=1&resize=350%2C200","width":350,"height":200,"srcset":"https:\/\/i0.wp.com\/www.shqiperia.com\/blog\/wp-content\/uploads\/2020\/07\/Banesa-e-Kristaq-Cullufes-Bual-Permet.jpg?fit=938%2C434&ssl=1&resize=350%2C200 1x, https:\/\/i0.wp.com\/www.shqiperia.com\/blog\/wp-content\/uploads\/2020\/07\/Banesa-e-Kristaq-Cullufes-Bual-Permet.jpg?fit=938%2C434&ssl=1&resize=525%2C300 1.5x, https:\/\/i0.wp.com\/www.shqiperia.com\/blog\/wp-content\/uploads\/2020\/07\/Banesa-e-Kristaq-Cullufes-Bual-Permet.jpg?fit=938%2C434&ssl=1&resize=700%2C400 2x"},"classes":[]},{"id":70451,"url":"https:\/\/www.shqiperia.com\/blog\/ndahet-nga-jeta-regjisori-shqiptar-kristaq-mitro\/","url_meta":{"origin":23435,"position":1},"title":"Ndahet nga jeta regjisori shqiptar Kristaq Mitro.","author":"Kurt Farka","date":"April 3, 2023","format":false,"excerpt":"3 Prill 2023. \u00cbsht\u00eb ndar\u00eb sot nga jeta n\u00eb mosh\u00ebn 77-vje\u00e7are regjisori Kristaq Mitro. Ai njihet p\u00ebr realizimin e disa prej filmave m\u00eb t\u00eb spikatur t\u00eb kinematografis\u00eb shqiptare, si \u2018Dimri i Fundit\u2019 dhe \u2018Liri a Vdekje\u2019 . Ka nd\u00ebrruar jet\u00eb n\u00eb mosh\u00ebn 77-vje\u00e7are, regjisori i njohur Kristaq Mitro. Ai \u00ebsht\u00eb\u2026","rel":"","context":"In &quot;Blogu i Udh\u00ebtarit&quot;","block_context":{"text":"Blogu i Udh\u00ebtarit","link":"https:\/\/www.shqiperia.com\/blog\/category\/blogu-i-udhetarit\/"},"img":{"alt_text":"","src":"https:\/\/i0.wp.com\/www.shqiperia.com\/blog\/wp-content\/uploads\/2023\/04\/Regjisori-kristaq-mitro.jpg?fit=739%2C415&ssl=1&resize=350%2C200","width":350,"height":200,"srcset":"https:\/\/i0.wp.com\/www.shqiperia.com\/blog\/wp-content\/uploads\/2023\/04\/Regjisori-kristaq-mitro.jpg?fit=739%2C415&ssl=1&resize=350%2C200 1x, https:\/\/i0.wp.com\/www.shqiperia.com\/blog\/wp-content\/uploads\/2023\/04\/Regjisori-kristaq-mitro.jpg?fit=739%2C415&ssl=1&resize=525%2C300 1.5x, https:\/\/i0.wp.com\/www.shqiperia.com\/blog\/wp-content\/uploads\/2023\/04\/Regjisori-kristaq-mitro.jpg?fit=739%2C415&ssl=1&resize=700%2C400 2x"},"classes":[]},{"id":28273,"url":"https:\/\/www.shqiperia.com\/blog\/neritan-ceka-per-ramen-i-ngjan-skulptures-prej-druri-te-kristaq-rames-per-haxhi-qamilin\/","url_meta":{"origin":23435,"position":2},"title":"Neritan Ceka p\u00ebr Ram\u00ebn: -I ngjan skulptur\u00ebs prej druri t\u00eb Kristaq Ram\u00ebs p\u00ebr Haxhi Qamilin. &#8211;","author":"Kurt Farka","date":"November 19, 2019","format":false,"excerpt":"Neritan Ceka p\u00ebr Ram\u00ebn: -I ngjan skulptur\u00ebs prej druri t\u00eb Kristaq Ram\u00ebs p\u00ebr Haxhi Qamilin 18 Nentor, 2019 Politikani Neritan Ceka, i ftuar n\u00eb emisionin \u201c360 Grad\u00eb\u201d n\u00eb RTV Ora, e ka krahasuar kryeministrin Edi Rama me Haxhi Qamilin dhe skulptur\u00ebn e tij, t\u00eb realizuar nga i ati i tij,\u2026","rel":"","context":"In &quot;Blogu i Udh\u00ebtarit&quot;","block_context":{"text":"Blogu i Udh\u00ebtarit","link":"https:\/\/www.shqiperia.com\/blog\/category\/blogu-i-udhetarit\/"},"img":{"alt_text":"","src":"https:\/\/i0.wp.com\/www.shqiperia.com\/blog\/wp-content\/uploads\/2019\/11\/ceka-dhe-rama.jpg?fit=780%2C440&ssl=1&resize=350%2C200","width":350,"height":200,"srcset":"https:\/\/i0.wp.com\/www.shqiperia.com\/blog\/wp-content\/uploads\/2019\/11\/ceka-dhe-rama.jpg?fit=780%2C440&ssl=1&resize=350%2C200 1x, https:\/\/i0.wp.com\/www.shqiperia.com\/blog\/wp-content\/uploads\/2019\/11\/ceka-dhe-rama.jpg?fit=780%2C440&ssl=1&resize=525%2C300 1.5x, https:\/\/i0.wp.com\/www.shqiperia.com\/blog\/wp-content\/uploads\/2019\/11\/ceka-dhe-rama.jpg?fit=780%2C440&ssl=1&resize=700%2C400 2x"},"classes":[]},{"id":1987,"url":"https:\/\/www.shqiperia.com\/blog\/koleksionisti-aposionuar-kristaq-cullufe\/","url_meta":{"origin":23435,"position":3},"title":"Koleksionisti i aposionuar Kristaq Cullufe.","author":"Kurt Farka","date":"January 26, 2018","format":false,"excerpt":"Kristaq Cullufe eshte nga fshati Buhal i rrethit te Permetit. Me zanat hidraulik, por me pasion te pashterur si nje koleksinist dhe guregdhendes, ai ka arritur te mbledh per vite me radhe materiale antike te vjetra duke i bere koleksion. Kristaq Cullufe eshte nga fshati Buhal i rrethit te Permetit.\u2026","rel":"","context":"In &quot;Blogu i Udh\u00ebtarit&quot;","block_context":{"text":"Blogu i Udh\u00ebtarit","link":"https:\/\/www.shqiperia.com\/blog\/category\/blogu-i-udhetarit\/"},"img":{"alt_text":"","src":"https:\/\/i0.wp.com\/www.shqiperia.com\/blog\/wp-content\/uploads\/2018\/01\/Koleksionii-Kristaq-Cullufes-Permet-3.jpg?fit=1200%2C798&ssl=1&resize=350%2C200","width":350,"height":200,"srcset":"https:\/\/i0.wp.com\/www.shqiperia.com\/blog\/wp-content\/uploads\/2018\/01\/Koleksionii-Kristaq-Cullufes-Permet-3.jpg?fit=1200%2C798&ssl=1&resize=350%2C200 1x, https:\/\/i0.wp.com\/www.shqiperia.com\/blog\/wp-content\/uploads\/2018\/01\/Koleksionii-Kristaq-Cullufes-Permet-3.jpg?fit=1200%2C798&ssl=1&resize=525%2C300 1.5x, https:\/\/i0.wp.com\/www.shqiperia.com\/blog\/wp-content\/uploads\/2018\/01\/Koleksionii-Kristaq-Cullufes-Permet-3.jpg?fit=1200%2C798&ssl=1&resize=700%2C400 2x, https:\/\/i0.wp.com\/www.shqiperia.com\/blog\/wp-content\/uploads\/2018\/01\/Koleksionii-Kristaq-Cullufes-Permet-3.jpg?fit=1200%2C798&ssl=1&resize=1050%2C600 3x"},"classes":[]},{"id":61118,"url":"https:\/\/www.shqiperia.com\/blog\/ndahet-nga-jeta-regjisori-i-kinemase-shqiptare-kristaq-dhamo\/","url_meta":{"origin":23435,"position":4},"title":"Ndahet nga Jeta Regjisori i Kinemase Shqiptare Kristaq Dhamo","author":"Kurt Farka","date":"August 14, 2022","format":false,"excerpt":"14 Gusht 2022 Kristaq Dhamo\u00a0- lindi m\u00eb\u00a020 Prill\u00a01933\u00a0n\u00eb\u00a0Fier. Ka mbaruari studimet n\u00eb Institutin e Lart\u00eb kinematografik n\u00eb Budapest, Hungari. Fillon t\u00eb punojn\u00eb n\u00eb Film Studio-\"Shqip\u00ebria e Re\", ku realizoj filmin \"Tana\" m\u00eb 1958. P\u00ebr shum\u00eb vite ai ka qen\u00eb drejtor artistik n\u00eb Film Studio. Dhamo ka dh\u00ebn\u00eb nj\u00eb ndihm\u00eb t\u00eb\u2026","rel":"","context":"In &quot;Arte&quot;","block_context":{"text":"Arte","link":"https:\/\/www.shqiperia.com\/blog\/category\/arte\/"},"img":{"alt_text":"","src":"https:\/\/i0.wp.com\/www.shqiperia.com\/blog\/wp-content\/uploads\/2022\/08\/Kristaq-Dhamo.jpg?fit=780%2C440&ssl=1&resize=350%2C200","width":350,"height":200,"srcset":"https:\/\/i0.wp.com\/www.shqiperia.com\/blog\/wp-content\/uploads\/2022\/08\/Kristaq-Dhamo.jpg?fit=780%2C440&ssl=1&resize=350%2C200 1x, https:\/\/i0.wp.com\/www.shqiperia.com\/blog\/wp-content\/uploads\/2022\/08\/Kristaq-Dhamo.jpg?fit=780%2C440&ssl=1&resize=525%2C300 1.5x, https:\/\/i0.wp.com\/www.shqiperia.com\/blog\/wp-content\/uploads\/2022\/08\/Kristaq-Dhamo.jpg?fit=780%2C440&ssl=1&resize=700%2C400 2x"},"classes":[]},{"id":8887,"url":"https:\/\/www.shqiperia.com\/blog\/eshte-me-e-bukura-ne-bote-por-e-kane-braktisur-foto\/","url_meta":{"origin":23435,"position":5},"title":"\u00cbsht\u00eb m\u00eb e bukura n\u00eb bot\u00eb, por\u2026 e kan\u00eb braktisur! (Foto). &#8211;","author":"Kurt Farka","date":"June 20, 2018","format":false,"excerpt":"\u00cbsht\u00eb m\u00eb e bukura n\u00eb bot\u00eb, por\u2026 e kan\u00eb braktisur! (Foto). - Jahz, \u00ebsht\u00eb nj\u00eb fotograf francez i cili realizon fotografi t\u00eb vendeve t\u00eb braktisura. Gjat\u00eb karrier\u00ebs, ai ka vizituar vende t\u00eb ndryshme t\u00eb bot\u00ebs. Nga t\u00eb gjitha vendet e braktisura, ai ka vizituar edhe K\u00ebshtjell\u00ebn Miranda. Duke i realizuar\u2026","rel":"","context":"In &quot;Blogu i Udh\u00ebtarit&quot;","block_context":{"text":"Blogu i Udh\u00ebtarit","link":"https:\/\/www.shqiperia.com\/blog\/category\/blogu-i-udhetarit\/"},"img":{"alt_text":"","src":"https:\/\/i0.wp.com\/www.shqiperia.com\/blog\/wp-content\/uploads\/2018\/06\/auto_VF6A9750-HD-5b2433ef1cde7__8801529313917.jpg?fit=900%2C600&ssl=1&resize=350%2C200","width":350,"height":200,"srcset":"https:\/\/i0.wp.com\/www.shqiperia.com\/blog\/wp-content\/uploads\/2018\/06\/auto_VF6A9750-HD-5b2433ef1cde7__8801529313917.jpg?fit=900%2C600&ssl=1&resize=350%2C200 1x, https:\/\/i0.wp.com\/www.shqiperia.com\/blog\/wp-content\/uploads\/2018\/06\/auto_VF6A9750-HD-5b2433ef1cde7__8801529313917.jpg?fit=900%2C600&ssl=1&resize=525%2C300 1.5x, https:\/\/i0.wp.com\/www.shqiperia.com\/blog\/wp-content\/uploads\/2018\/06\/auto_VF6A9750-HD-5b2433ef1cde7__8801529313917.jpg?fit=900%2C600&ssl=1&resize=700%2C400 2x"},"classes":[]}],"_links":{"self":[{"href":"https:\/\/www.shqiperia.com\/blog\/wp-json\/wp\/v2\/posts\/23435","targetHints":{"allow":["GET"]}}],"collection":[{"href":"https:\/\/www.shqiperia.com\/blog\/wp-json\/wp\/v2\/posts"}],"about":[{"href":"https:\/\/www.shqiperia.com\/blog\/wp-json\/wp\/v2\/types\/post"}],"author":[{"embeddable":true,"href":"https:\/\/www.shqiperia.com\/blog\/wp-json\/wp\/v2\/users\/9"}],"replies":[{"embeddable":true,"href":"https:\/\/www.shqiperia.com\/blog\/wp-json\/wp\/v2\/comments?post=23435"}],"version-history":[{"count":1,"href":"https:\/\/www.shqiperia.com\/blog\/wp-json\/wp\/v2\/posts\/23435\/revisions"}],"predecessor-version":[{"id":23438,"href":"https:\/\/www.shqiperia.com\/blog\/wp-json\/wp\/v2\/posts\/23435\/revisions\/23438"}],"wp:featuredmedia":[{"embeddable":true,"href":"https:\/\/www.shqiperia.com\/blog\/wp-json\/wp\/v2\/media\/23436"}],"wp:attachment":[{"href":"https:\/\/www.shqiperia.com\/blog\/wp-json\/wp\/v2\/media?parent=23435"}],"wp:term":[{"taxonomy":"category","embeddable":true,"href":"https:\/\/www.shqiperia.com\/blog\/wp-json\/wp\/v2\/categories?post=23435"},{"taxonomy":"post_tag","embeddable":true,"href":"https:\/\/www.shqiperia.com\/blog\/wp-json\/wp\/v2\/tags?post=23435"}],"curies":[{"name":"wp","href":"https:\/\/api.w.org\/{rel}","templated":true}]}}