{"id":23330,"date":"2019-07-20T15:15:57","date_gmt":"2019-07-20T15:15:57","guid":{"rendered":"http:\/\/www.shqiperia.com\/blog\/?p=23330"},"modified":"2019-07-20T15:15:57","modified_gmt":"2019-07-20T15:15:57","slug":"kosova-nuk-me-do","status":"publish","type":"post","link":"https:\/\/www.shqiperia.com\/blog\/kosova-nuk-me-do\/","title":{"rendered":"Kosova nuk m\u00eb do \u2026"},"content":{"rendered":"<p><img data-recalc-dims=\"1\" loading=\"lazy\" decoding=\"async\" data-attachment-id=\"23331\" data-permalink=\"https:\/\/www.shqiperia.com\/blog\/kosova-nuk-me-do\/edison-ypi-3\/\" data-orig-file=\"https:\/\/i0.wp.com\/www.shqiperia.com\/blog\/wp-content\/uploads\/2019\/07\/Edison-Ypi.jpg?fit=960%2C581&amp;ssl=1\" data-orig-size=\"960,581\" data-comments-opened=\"1\" data-image-meta=\"{&quot;aperture&quot;:&quot;0&quot;,&quot;credit&quot;:&quot;&quot;,&quot;camera&quot;:&quot;&quot;,&quot;caption&quot;:&quot;&quot;,&quot;created_timestamp&quot;:&quot;0&quot;,&quot;copyright&quot;:&quot;&quot;,&quot;focal_length&quot;:&quot;0&quot;,&quot;iso&quot;:&quot;0&quot;,&quot;shutter_speed&quot;:&quot;0&quot;,&quot;title&quot;:&quot;&quot;,&quot;orientation&quot;:&quot;0&quot;}\" data-image-title=\"Edison Ypi\" data-image-description=\"\" data-image-caption=\"\" data-medium-file=\"https:\/\/i0.wp.com\/www.shqiperia.com\/blog\/wp-content\/uploads\/2019\/07\/Edison-Ypi.jpg?fit=300%2C182&amp;ssl=1\" data-large-file=\"https:\/\/i0.wp.com\/www.shqiperia.com\/blog\/wp-content\/uploads\/2019\/07\/Edison-Ypi.jpg?fit=960%2C581&amp;ssl=1\" class=\"alignnone  wp-image-23331\" alt=\"\" src=\"https:\/\/i0.wp.com\/www.shqiperia.com\/blog\/wp-content\/uploads\/2019\/07\/Edison-Ypi-300x182.jpg?resize=636%2C386\" width=\"636\" height=\"386\" srcset=\"https:\/\/i0.wp.com\/www.shqiperia.com\/blog\/wp-content\/uploads\/2019\/07\/Edison-Ypi.jpg?resize=300%2C182&amp;ssl=1 300w, https:\/\/i0.wp.com\/www.shqiperia.com\/blog\/wp-content\/uploads\/2019\/07\/Edison-Ypi.jpg?resize=768%2C465&amp;ssl=1 768w, https:\/\/i0.wp.com\/www.shqiperia.com\/blog\/wp-content\/uploads\/2019\/07\/Edison-Ypi.jpg?resize=450%2C272&amp;ssl=1 450w, https:\/\/i0.wp.com\/www.shqiperia.com\/blog\/wp-content\/uploads\/2019\/07\/Edison-Ypi.jpg?resize=600%2C363&amp;ssl=1 600w, https:\/\/i0.wp.com\/www.shqiperia.com\/blog\/wp-content\/uploads\/2019\/07\/Edison-Ypi.jpg?resize=400%2C242&amp;ssl=1 400w, https:\/\/i0.wp.com\/www.shqiperia.com\/blog\/wp-content\/uploads\/2019\/07\/Edison-Ypi.jpg?w=960&amp;ssl=1 960w\" sizes=\"auto, (max-width: 636px) 100vw, 636px\" \/><\/p>\n<p>Kosova nuk m\u00eb do \u2026<\/p>\n<p>Nga: Edison Ypi<\/p>\n<p>Kosova do duhej t\u00eb qeverisej e begatohej nga intelektual\u00ebt e ndersh\u00ebm q\u00eb Kosova i ka, t\u00eb rinjt\u00eb e fuqish\u00ebm q\u00eb Kosov\u00ebs nuk i mungojn\u00eb, t\u00eb shkolluarit e ardhur nga universitetet q\u00eb mezi presin t&#8217;i sh\u00ebrbejn\u00eb. Por Kosova kontrollohet nga hajnat e ardhur nga bodrumet marksiste leniniste t\u00eb Europ\u00ebs q\u00eb e kan\u00eb b\u00ebr\u00eb Kosov\u00ebn si i lypset shkaut, lesh arapi plot me p\u00ebllitje imam\u00ebsh q\u00eb m\u00eb b\u00ebjn\u00eb t\u00eb uluras; Kosova nuk do m\u00eb.<br \/>\n\u00c7ikat e Kosov\u00ebs gjat\u00eb bisedave t\u00eb lira flasin nj\u00eb Shqipe me t\u00eb lujt menia e kres, me tu ndal fryma, muzik\u00eb, sinfoni e t\u00ebra. Por nd\u00ebrkoh\u00eb, Shqipja e tyre mediatike \u00ebsht\u00eb nj\u00eb mballosje e dialektit t\u00eb mrekulluesh\u00ebm kosovar me Shqipen standarde, aq katastrofike sa bindem se Kosova, nj\u00ebra nga grat\u00eb e mia m\u00eb t\u00eb hirshme, t\u00eb cil\u00ebn prej shekujsh e dashuroj, tash sa koh\u00eb m\u00eb ka bo lanet.<br \/>\nHumori televiziv kosovaresk \u00ebsht\u00eb aq qesharak sa t\u00eb vjen turp me e pa e me e nigju.<br \/>\nDebati televiziv n\u00eb Kosov\u00eb \u00ebsht\u00eb m\u00eb gdh\u00eb se i Shqip\u00ebris\u00eb. Komentet e kosovar\u00ebve n\u00ebp\u00ebr rrjeta socjale, jan\u00eb m\u00eb t\u00eb trasha se vet\u00eb trash\u00ebsia. Sado ta dua un\u00eb, me nivel komunikimi t\u00eb till\u00eb, Kosova nuk mundet me m\u00eb dash mua.<br \/>\nMe biseda t\u00eb shp\u00eblara, batuta pa krip\u00eb, mod\u00eb, muzik\u00eb, kuzhin\u00eb, pa realizmin e p\u00ebrditshm\u00ebris\u00eb, pa er\u00eb q\u00eb fryn, pa shi q\u00eb lag, pa pula q\u00eb kakarisin, pa gjela q\u00eb k\u00ebndojn\u00eb, qen q\u00eb lehin, kosovar\u00ebt dhe kosovareshat snobiste televizive sado t\u00eb lodhen nuk e b\u00ebjn\u00eb dot televizionin. Rrjedhimisht Kosova mua nuk m\u00eb do.<br \/>\nMe ardh n\u00eb behar n\u00eb Durr\u00ebs me u rrezit pran\u00eb detit. Me ndejt n\u00eb diell aq gjat\u00eb sa l\u00ebkura me tu p\u00ebrzhit n\u00eb thell\u00ebsi t\u00eb mishit me shpes\u00eb se dielli t\u00eb ka hy brenda dhe deri beharin tjet\u00ebr aty do rrij\u00eb e do sh\u00ebroj\u00eb, keq m\u00eb vjen ta them, por Ti Kosov\u00eb k\u00ebt\u00eb e b\u00ebn. Dometh\u00ebn\u00eb q\u00eb mua nuk m\u00eb do. Po t\u00eb m\u00eb doje, nuk do ta b\u00ebje.<br \/>\n\u00c7do dit\u00eb e m\u00eb tep\u00ebr pica, bifteqe hamburgera, dhe \u00e7do dit\u00eb e m\u00eb pak Pasul, \u00ebsht\u00eb nj\u00eb krim q\u00eb provon se ti Kosov\u00eb nuk m\u00eb do.<br \/>\nU lirua Ura n\u00eb Mitrovic\u00eb. Bukur. Mezi e prit\u00ebm. Por shemb\u00ebn Xhamin\u00eb. Xhamin\u00eb e Tiran\u00ebs as kurvi nuk guxoi ta preki. Xhamia e vjet\u00ebr nuk duhej shembur. Kosova nuk m\u00eb do, prandaj e shembi Xhamin\u00eb.<br \/>\nE kam provu me ju afru Xhuliet\u00ebs time Kosov\u00eb, nat\u00ebn si Romeo, dit\u00ebn si Don Juan, n\u00eb m\u00ebngjez si dashuror, n\u00eb mesdit\u00eb si gentleman, n\u00ebp\u00ebr \u00ebnd\u00ebrra si Engjull, nga Morini si teptil, nga Maqedonia si patriot kafeneje, nga Luma si luft\u00ebtar \u00e7iftelie. E pa mundur. Ajo prej grave t\u00eb mia q\u00eb digjem t&#8217;ja shpreh dashurin\u00eb, ta p\u00ebrk\u00ebdhel, ta puth, dhe p\u00ebr t\u00eb cil\u00ebn derdh lot\u00eb, sa m\u00eb tep\u00ebr i afrohem, aq m\u00eb tep\u00ebr m\u00eb largohet. U b\u00ebn\u00eb vite q\u00eb sa her\u00eb nisem n\u00eb Kosov\u00eb p\u00ebrfundoj n\u00eb Myzeqe, Devoll, Dib\u00ebr, Puk\u00eb, Tepelen\u00eb, n\u00ebp\u00ebr maja, g\u00ebrrxhe, p\u00ebrrenj, shk\u00ebmbinj, hone, humnera.<br \/>\nUn\u00eb q\u00eb fill pas bombardimeve udh\u00ebtova n\u00ebp\u00ebr Kosov\u00eb tre dit e tre net me lot n\u00eb sy, Kosov\u00ebn nuk mund ta vizitoj. N\u00eb Kosov\u00eb nuk mund t\u00eb shkoj. N\u00eb Kosov\u00eb s&#8217;kam \u00e7far\u00eb t\u00eb b\u00ebj. Kosov\u00ebn e dua. Kosova nuk m\u00eb do.<\/p>\n","protected":false},"excerpt":{"rendered":"<p>Kosova nuk m\u00eb do \u2026 Nga: Edison Ypi Kosova do duhej t\u00eb qeverisej e begatohej nga intelektual\u00ebt e ndersh\u00ebm q\u00eb Kosova i ka, t\u00eb rinjt\u00eb e fuqish\u00ebm q\u00eb Kosov\u00ebs nuk i mungojn\u00eb, t\u00eb shkolluarit e ardhur nga universitetet q\u00eb mezi presin t&#8217;i sh\u00ebrbejn\u00eb. Por Kosova kontrollohet nga hajnat e ardhur nga bodrumet marksiste leniniste t\u00eb [&hellip;]<\/p>\n","protected":false},"author":9,"featured_media":23331,"comment_status":"open","ping_status":"open","sticky":false,"template":"","format":"standard","meta":{"jetpack_post_was_ever_published":false,"_jetpack_newsletter_access":"","_jetpack_dont_email_post_to_subs":false,"_jetpack_newsletter_tier_id":0,"_jetpack_memberships_contains_paywalled_content":false,"_jetpack_memberships_contains_paid_content":false,"footnotes":"","jetpack_publicize_message":"","jetpack_publicize_feature_enabled":true,"jetpack_social_post_already_shared":true,"jetpack_social_options":{"image_generator_settings":{"template":"highway","default_image_id":0,"font":"","enabled":false},"version":2}},"categories":[27,10,14],"tags":[],"class_list":["post-23330","post","type-post","status-publish","format-standard","has-post-thumbnail","hentry","category-blogu-i-udhetarit","category-kultura","category-press-releases"],"jetpack_publicize_connections":[],"jetpack_featured_media_url":"https:\/\/i0.wp.com\/www.shqiperia.com\/blog\/wp-content\/uploads\/2019\/07\/Edison-Ypi.jpg?fit=960%2C581&ssl=1","jetpack_sharing_enabled":true,"jetpack_shortlink":"https:\/\/wp.me\/p5Z6wp-64i","jetpack-related-posts":[{"id":102762,"url":"https:\/\/www.shqiperia.com\/blog\/mbi-50-te-turisteve-i-kemi-nga-kosova-pritet-te-shpenzojne-rreth-200-milione-euro\/","url_meta":{"origin":23330,"position":0},"title":"Mbi 50% t\u00eb turist\u00ebve i kemi nga Kosova, pritet t\u00eb shpenzojn\u00eb rreth 200 milion\u00eb euro","author":"Kurt Farka","date":"July 16, 2026","format":false,"excerpt":"16 Korrik 2026 Edhe k\u00ebt\u00eb ver\u00eb, Shqip\u00ebria po vazhdon t\u00eb mbetet destinacioni kryesor p\u00ebr pushimet e qytetar\u00ebve t\u00eb Kosov\u00ebs. P\u00ebrfaq\u00ebsues t\u00eb sektorit t\u00eb turizmit dhe biznesit thon\u00eb se interesimi nuk ka r\u00ebn\u00eb, nd\u00ebrsa vler\u00ebsojn\u00eb se pas nj\u00eb periudhe kur shum\u00eb qytetar\u00eb provuan destinacione t\u00eb tjera evropiane pas liberalizimit t\u00eb vizave,\u2026","rel":"","context":"In &quot;Blogu i Udh\u00ebtarit&quot;","block_context":{"text":"Blogu i Udh\u00ebtarit","link":"https:\/\/www.shqiperia.com\/blog\/category\/blogu-i-udhetarit\/"},"img":{"alt_text":"","src":"https:\/\/i0.wp.com\/www.shqiperia.com\/blog\/wp-content\/uploads\/2026\/07\/20260716_090913-1536x1201-1.jpg?fit=1200%2C788&ssl=1&resize=350%2C200","width":350,"height":200,"srcset":"https:\/\/i0.wp.com\/www.shqiperia.com\/blog\/wp-content\/uploads\/2026\/07\/20260716_090913-1536x1201-1.jpg?fit=1200%2C788&ssl=1&resize=350%2C200 1x, https:\/\/i0.wp.com\/www.shqiperia.com\/blog\/wp-content\/uploads\/2026\/07\/20260716_090913-1536x1201-1.jpg?fit=1200%2C788&ssl=1&resize=525%2C300 1.5x, https:\/\/i0.wp.com\/www.shqiperia.com\/blog\/wp-content\/uploads\/2026\/07\/20260716_090913-1536x1201-1.jpg?fit=1200%2C788&ssl=1&resize=700%2C400 2x, https:\/\/i0.wp.com\/www.shqiperia.com\/blog\/wp-content\/uploads\/2026\/07\/20260716_090913-1536x1201-1.jpg?fit=1200%2C788&ssl=1&resize=1050%2C600 3x"},"classes":[]},{"id":104089,"url":"https:\/\/www.shqiperia.com\/blog\/ishim-krah-ukraines-qe-diten-e-pare-kosova-i-pergjigjet-zelenskyt-pas-deklarates-ne-takimin-me-vucic\/","url_meta":{"origin":23330,"position":1},"title":"\u201cIshim krah Ukrain\u00ebs q\u00eb dit\u00ebn e par\u00eb\u201d \u2013 Kosova i p\u00ebrgjigjet Zelenskyt, pas deklarat\u00ebs n\u00eb takimin me Vu\u00e7i\u00e7","author":"Kurt Farka","date":"August 9, 2026","format":false,"excerpt":"9 Gusht 2026 Ministri i Jasht\u00ebm n\u00eb detyr\u00eb i Kosov\u00ebs, Glauk Konjufca, ka reaguar ndaj deklarat\u00ebs s\u00eb presidentit ukrainas, Volodymyr Zelensky n\u00eb Beograd, se Ukraina nuk do ta njoh\u00eb Republik\u00ebn e Kosov\u00ebs. Konjufca ka shprehur keqardhje p\u00ebr k\u00ebt\u00eb q\u00ebndrim, duke theksuar se Kosova, q\u00eb nga dita e par\u00eb e agresionit\u2026","rel":"","context":"In &quot;Blogu i Udh\u00ebtarit&quot;","block_context":{"text":"Blogu i Udh\u00ebtarit","link":"https:\/\/www.shqiperia.com\/blog\/category\/blogu-i-udhetarit\/"},"img":{"alt_text":"","src":"https:\/\/i0.wp.com\/www.shqiperia.com\/blog\/wp-content\/uploads\/2026\/08\/2018-02-flamur-jpg.webp?fit=1200%2C675&ssl=1&resize=350%2C200","width":350,"height":200,"srcset":"https:\/\/i0.wp.com\/www.shqiperia.com\/blog\/wp-content\/uploads\/2026\/08\/2018-02-flamur-jpg.webp?fit=1200%2C675&ssl=1&resize=350%2C200 1x, https:\/\/i0.wp.com\/www.shqiperia.com\/blog\/wp-content\/uploads\/2026\/08\/2018-02-flamur-jpg.webp?fit=1200%2C675&ssl=1&resize=525%2C300 1.5x, https:\/\/i0.wp.com\/www.shqiperia.com\/blog\/wp-content\/uploads\/2026\/08\/2018-02-flamur-jpg.webp?fit=1200%2C675&ssl=1&resize=700%2C400 2x, https:\/\/i0.wp.com\/www.shqiperia.com\/blog\/wp-content\/uploads\/2026\/08\/2018-02-flamur-jpg.webp?fit=1200%2C675&ssl=1&resize=1050%2C600 3x"},"classes":[]},{"id":102942,"url":"https:\/\/www.shqiperia.com\/blog\/fundi-i-turizmi-patriotik\/","url_meta":{"origin":23330,"position":2},"title":"Fundi i \u2018turizmi patriotik\u2019?","author":"Kurt Farka","date":"July 20, 2026","format":false,"excerpt":"20 Korrik 2026 Nga Gazeta Dita N\u00eb rrug\u00ebn \u201cPavar\u00ebsia\u201d, q\u00eb p\u00ebrshkon p\u00ebr gati 4 kilometra plazhin e Durr\u00ebsit, shqiptar\u00ebt e Kosov\u00ebs nuk jan\u00eb m\u00eb turist\u00ebt e p\u00ebrhersh\u00ebm. Rruga e mori emrin pas shpalljes s\u00eb Pavar\u00ebsis\u00eb s\u00eb Kosov\u00ebs n\u00eb vitin 2008 dhe njihet sot p\u00ebr hotelet dhe lokalet e shumta n\u00eb\u2026","rel":"","context":"In &quot;Blogu i Udh\u00ebtarit&quot;","block_context":{"text":"Blogu i Udh\u00ebtarit","link":"https:\/\/www.shqiperia.com\/blog\/category\/blogu-i-udhetarit\/"},"img":{"alt_text":"","src":"https:\/\/i0.wp.com\/www.shqiperia.com\/blog\/wp-content\/uploads\/2026\/07\/Plazhi-i-Durresit-.jpg?fit=1200%2C900&ssl=1&resize=350%2C200","width":350,"height":200,"srcset":"https:\/\/i0.wp.com\/www.shqiperia.com\/blog\/wp-content\/uploads\/2026\/07\/Plazhi-i-Durresit-.jpg?fit=1200%2C900&ssl=1&resize=350%2C200 1x, https:\/\/i0.wp.com\/www.shqiperia.com\/blog\/wp-content\/uploads\/2026\/07\/Plazhi-i-Durresit-.jpg?fit=1200%2C900&ssl=1&resize=525%2C300 1.5x, https:\/\/i0.wp.com\/www.shqiperia.com\/blog\/wp-content\/uploads\/2026\/07\/Plazhi-i-Durresit-.jpg?fit=1200%2C900&ssl=1&resize=700%2C400 2x, https:\/\/i0.wp.com\/www.shqiperia.com\/blog\/wp-content\/uploads\/2026\/07\/Plazhi-i-Durresit-.jpg?fit=1200%2C900&ssl=1&resize=1050%2C600 3x"},"classes":[]},{"id":105035,"url":"https:\/\/www.shqiperia.com\/blog\/kosova-e-gatshme-ta-ndihmoje-shqiperine-dhe-malin-e-zi-per-zjarret\/","url_meta":{"origin":23330,"position":3},"title":"Kosova e gatshme ta ndihmoj\u00eb Shqip\u00ebrin\u00eb dhe Malin e Zi p\u00ebr zjarret","author":"Kurt Farka","date":"August 23, 2026","format":false,"excerpt":"23 Gusht 2026 Me dat\u00eb 14 Gusht Ministri i Mbrojtjes i Kosoves ka b\u00ebr\u00eb k\u00ebt\u00eb Deklarat\u00eb: Jemi t\u00eb gatshem te ndihmojme Shqiperin\u00eb dhe Malin e Zi ne shuarjen e flak\u00ebve. Qeveria Shqiptare e Ram\u00ebs nuk pranon, se ka frik\u00eb kritikat per gjendjen katastrofike te pergatitjes per ngjarje t\u00eb tilla do\u00a0\u2026","rel":"","context":"In &quot;Blogu i Udh\u00ebtarit&quot;","block_context":{"text":"Blogu i Udh\u00ebtarit","link":"https:\/\/www.shqiperia.com\/blog\/category\/blogu-i-udhetarit\/"},"img":{"alt_text":"","src":"https:\/\/i0.wp.com\/www.shqiperia.com\/blog\/wp-content\/uploads\/2026\/08\/1471653211751.JPG.832x569_q80_box-071900604_upscale.jpg?fit=832%2C493&ssl=1&resize=350%2C200","width":350,"height":200,"srcset":"https:\/\/i0.wp.com\/www.shqiperia.com\/blog\/wp-content\/uploads\/2026\/08\/1471653211751.JPG.832x569_q80_box-071900604_upscale.jpg?fit=832%2C493&ssl=1&resize=350%2C200 1x, https:\/\/i0.wp.com\/www.shqiperia.com\/blog\/wp-content\/uploads\/2026\/08\/1471653211751.JPG.832x569_q80_box-071900604_upscale.jpg?fit=832%2C493&ssl=1&resize=525%2C300 1.5x, https:\/\/i0.wp.com\/www.shqiperia.com\/blog\/wp-content\/uploads\/2026\/08\/1471653211751.JPG.832x569_q80_box-071900604_upscale.jpg?fit=832%2C493&ssl=1&resize=700%2C400 2x"},"classes":[]},{"id":101766,"url":"https:\/\/www.shqiperia.com\/blog\/kryeministri-edi-rama-i-quan-shqiptaret-e-kosoves-dhe-maqedonise-se-veriut-qe-moren-pjese-ne-protestehordhi-pushtuese\/","url_meta":{"origin":23330,"position":4},"title":"Kryeministri Edi Rama i quan shqiptar\u00ebt e Kosov\u00ebs dhe Maqedonis\u00eb s\u00eb Veriut q\u00eb mor\u00ebn pjes\u00eb n\u00eb protest\u00eb,\u2018Hordhi pushtuese\u2019","author":"Kurt Farka","date":"June 24, 2026","format":false,"excerpt":"Ai shkoi m\u00eb tej duke e cil\u00ebsuar p\u00ebrdorimin e flamurit t\u00eb U\u00c7K-s\u00eb n\u00eb protest\u00eb si \u201cp\u00ebrdhosje\u201d, duke e paraqitur at\u00eb jo si simbol komb\u00ebtar apo politik, por si instrument urrejtjeje kund\u00ebr qeveris\u00eb s\u00eb Tiran\u00ebs. Ai p\u00ebrdori vazhdimisht terma p\u00ebr\u00e7mues p\u00ebr aktivist\u00ebt e lidhur me Vet\u00ebvendosjen, edhe pse n\u00eb fund ai\u2026","rel":"","context":"In &quot;Blogu i Udh\u00ebtarit&quot;","block_context":{"text":"Blogu i Udh\u00ebtarit","link":"https:\/\/www.shqiperia.com\/blog\/category\/blogu-i-udhetarit\/"},"img":{"alt_text":"","src":"https:\/\/i0.wp.com\/www.shqiperia.com\/blog\/wp-content\/uploads\/2026\/06\/Edi-Rama2-1440x960-1.jpg?fit=1200%2C800&ssl=1&resize=350%2C200","width":350,"height":200,"srcset":"https:\/\/i0.wp.com\/www.shqiperia.com\/blog\/wp-content\/uploads\/2026\/06\/Edi-Rama2-1440x960-1.jpg?fit=1200%2C800&ssl=1&resize=350%2C200 1x, https:\/\/i0.wp.com\/www.shqiperia.com\/blog\/wp-content\/uploads\/2026\/06\/Edi-Rama2-1440x960-1.jpg?fit=1200%2C800&ssl=1&resize=525%2C300 1.5x, https:\/\/i0.wp.com\/www.shqiperia.com\/blog\/wp-content\/uploads\/2026\/06\/Edi-Rama2-1440x960-1.jpg?fit=1200%2C800&ssl=1&resize=700%2C400 2x, https:\/\/i0.wp.com\/www.shqiperia.com\/blog\/wp-content\/uploads\/2026\/06\/Edi-Rama2-1440x960-1.jpg?fit=1200%2C800&ssl=1&resize=1050%2C600 3x"},"classes":[]},{"id":101027,"url":"https:\/\/www.shqiperia.com\/blog\/dy-te-rinjte-nga-kosova-humben-jeten-ne-shengjin\/","url_meta":{"origin":23330,"position":5},"title":"Dy t\u00eb rinjt\u00eb nga Kosova humb\u00ebn jet\u00ebn n\u00eb Sh\u00ebngjin&#8230;","author":"Kurt Farka","date":"June 3, 2026","format":false,"excerpt":"3 Qershor 2026 Tre t\u00eb tjer\u00eb vijojn\u00eb t\u00eb marrin ndihm\u00eb mjek\u00ebsore. Nj\u00eb tragjedi \u00ebsht\u00eb sh\u00ebnuar pasditen e k\u00ebsaj t\u00eb m\u00ebrkure n\u00eb zon\u00ebn e Ran\u00ebs s\u00eb Hedhun n\u00eb Sh\u00ebngjin, ku dy t\u00eb rinj nga Kosova kan\u00eb humbur jet\u00ebn pasi u mor\u00ebn nga dallg\u00ebt e forta t\u00eb detit. Viktimat jan\u00eb identifikuar si\u00a0Leonid\u2026","rel":"","context":"In &quot;Njoftime Shtypi&quot;","block_context":{"text":"Njoftime Shtypi","link":"https:\/\/www.shqiperia.com\/blog\/category\/njoftime-shtypi\/"},"img":{"alt_text":"","src":"https:\/\/i0.wp.com\/www.shqiperia.com\/blog\/wp-content\/uploads\/2026\/06\/sd-696x392-1.webp?fit=696%2C392&ssl=1&resize=350%2C200","width":350,"height":200,"srcset":"https:\/\/i0.wp.com\/www.shqiperia.com\/blog\/wp-content\/uploads\/2026\/06\/sd-696x392-1.webp?fit=696%2C392&ssl=1&resize=350%2C200 1x, https:\/\/i0.wp.com\/www.shqiperia.com\/blog\/wp-content\/uploads\/2026\/06\/sd-696x392-1.webp?fit=696%2C392&ssl=1&resize=525%2C300 1.5x"},"classes":[]}],"_links":{"self":[{"href":"https:\/\/www.shqiperia.com\/blog\/wp-json\/wp\/v2\/posts\/23330","targetHints":{"allow":["GET"]}}],"collection":[{"href":"https:\/\/www.shqiperia.com\/blog\/wp-json\/wp\/v2\/posts"}],"about":[{"href":"https:\/\/www.shqiperia.com\/blog\/wp-json\/wp\/v2\/types\/post"}],"author":[{"embeddable":true,"href":"https:\/\/www.shqiperia.com\/blog\/wp-json\/wp\/v2\/users\/9"}],"replies":[{"embeddable":true,"href":"https:\/\/www.shqiperia.com\/blog\/wp-json\/wp\/v2\/comments?post=23330"}],"version-history":[{"count":1,"href":"https:\/\/www.shqiperia.com\/blog\/wp-json\/wp\/v2\/posts\/23330\/revisions"}],"predecessor-version":[{"id":23332,"href":"https:\/\/www.shqiperia.com\/blog\/wp-json\/wp\/v2\/posts\/23330\/revisions\/23332"}],"wp:featuredmedia":[{"embeddable":true,"href":"https:\/\/www.shqiperia.com\/blog\/wp-json\/wp\/v2\/media\/23331"}],"wp:attachment":[{"href":"https:\/\/www.shqiperia.com\/blog\/wp-json\/wp\/v2\/media?parent=23330"}],"wp:term":[{"taxonomy":"category","embeddable":true,"href":"https:\/\/www.shqiperia.com\/blog\/wp-json\/wp\/v2\/categories?post=23330"},{"taxonomy":"post_tag","embeddable":true,"href":"https:\/\/www.shqiperia.com\/blog\/wp-json\/wp\/v2\/tags?post=23330"}],"curies":[{"name":"wp","href":"https:\/\/api.w.org\/{rel}","templated":true}]}}