{"id":23216,"date":"2019-07-17T13:52:07","date_gmt":"2019-07-17T13:52:07","guid":{"rendered":"http:\/\/www.shqiperia.com\/blog\/?p=23216"},"modified":"2019-07-17T13:52:07","modified_gmt":"2019-07-17T13:52:07","slug":"zgjedhjet-jane-bere-ne-30-qershor-rama-i-pergjigjet-metes-nuk-njoh-asnje-13-tetor-gati-per-dialog-me-opoziten-por-jo-per","status":"publish","type":"post","link":"https:\/\/www.shqiperia.com\/blog\/zgjedhjet-jane-bere-ne-30-qershor-rama-i-pergjigjet-metes-nuk-njoh-asnje-13-tetor-gati-per-dialog-me-opoziten-por-jo-per\/","title":{"rendered":"\u201cZgjedhjet jan\u00eb b\u00ebr\u00eb n\u00eb 30 qershor\u201d- Rama i p\u00ebrgjigjet Met\u00ebs: Nuk njoh asnj\u00eb 13 tetor. Gati p\u00ebr dialog me opozit\u00ebn, por jo p\u00ebr\u2026"},"content":{"rendered":"<p><img data-recalc-dims=\"1\" loading=\"lazy\" decoding=\"async\" data-attachment-id=\"23217\" data-permalink=\"https:\/\/www.shqiperia.com\/blog\/zgjedhjet-jane-bere-ne-30-qershor-rama-i-pergjigjet-metes-nuk-njoh-asnje-13-tetor-gati-per-dialog-me-opoziten-por-jo-per\/a-do-luhet-komedia-pas-drames-se-perplasjes-civile-taulant-balla-me-duket-se-e-filloi-monologun-2\/\" data-orig-file=\"https:\/\/i0.wp.com\/www.shqiperia.com\/blog\/wp-content\/uploads\/2019\/07\/A-do-luhet-Komedia-pas-Drames-se-Perplasjes-civile.-Taulant-Balla-me-duket-se-e-filloi-monologun.-...-1.jpg?fit=650%2C361&amp;ssl=1\" data-orig-size=\"650,361\" data-comments-opened=\"1\" data-image-meta=\"{&quot;aperture&quot;:&quot;0&quot;,&quot;credit&quot;:&quot;&quot;,&quot;camera&quot;:&quot;&quot;,&quot;caption&quot;:&quot;&quot;,&quot;created_timestamp&quot;:&quot;0&quot;,&quot;copyright&quot;:&quot;&quot;,&quot;focal_length&quot;:&quot;0&quot;,&quot;iso&quot;:&quot;0&quot;,&quot;shutter_speed&quot;:&quot;0&quot;,&quot;title&quot;:&quot;&quot;,&quot;orientation&quot;:&quot;0&quot;}\" data-image-title=\"A do luhet Komedia pas Drames se Perplasjes civile. Taulant Balla me duket se e filloi monologun. &#8230;\" data-image-description=\"\" data-image-caption=\"\" data-medium-file=\"https:\/\/i0.wp.com\/www.shqiperia.com\/blog\/wp-content\/uploads\/2019\/07\/A-do-luhet-Komedia-pas-Drames-se-Perplasjes-civile.-Taulant-Balla-me-duket-se-e-filloi-monologun.-...-1.jpg?fit=300%2C167&amp;ssl=1\" data-large-file=\"https:\/\/i0.wp.com\/www.shqiperia.com\/blog\/wp-content\/uploads\/2019\/07\/A-do-luhet-Komedia-pas-Drames-se-Perplasjes-civile.-Taulant-Balla-me-duket-se-e-filloi-monologun.-...-1.jpg?fit=650%2C361&amp;ssl=1\" class=\"alignnone  wp-image-23217\" alt=\"\" src=\"https:\/\/i0.wp.com\/www.shqiperia.com\/blog\/wp-content\/uploads\/2019\/07\/A-do-luhet-Komedia-pas-Drames-se-Perplasjes-civile.-Taulant-Balla-me-duket-se-e-filloi-monologun.-...-1-300x167.jpg?resize=699%2C389\" width=\"699\" height=\"389\" srcset=\"https:\/\/i0.wp.com\/www.shqiperia.com\/blog\/wp-content\/uploads\/2019\/07\/A-do-luhet-Komedia-pas-Drames-se-Perplasjes-civile.-Taulant-Balla-me-duket-se-e-filloi-monologun.-...-1.jpg?resize=300%2C167&amp;ssl=1 300w, https:\/\/i0.wp.com\/www.shqiperia.com\/blog\/wp-content\/uploads\/2019\/07\/A-do-luhet-Komedia-pas-Drames-se-Perplasjes-civile.-Taulant-Balla-me-duket-se-e-filloi-monologun.-...-1.jpg?resize=450%2C250&amp;ssl=1 450w, https:\/\/i0.wp.com\/www.shqiperia.com\/blog\/wp-content\/uploads\/2019\/07\/A-do-luhet-Komedia-pas-Drames-se-Perplasjes-civile.-Taulant-Balla-me-duket-se-e-filloi-monologun.-...-1.jpg?resize=600%2C333&amp;ssl=1 600w, https:\/\/i0.wp.com\/www.shqiperia.com\/blog\/wp-content\/uploads\/2019\/07\/A-do-luhet-Komedia-pas-Drames-se-Perplasjes-civile.-Taulant-Balla-me-duket-se-e-filloi-monologun.-...-1.jpg?resize=400%2C222&amp;ssl=1 400w, https:\/\/i0.wp.com\/www.shqiperia.com\/blog\/wp-content\/uploads\/2019\/07\/A-do-luhet-Komedia-pas-Drames-se-Perplasjes-civile.-Taulant-Balla-me-duket-se-e-filloi-monologun.-...-1.jpg?w=650&amp;ssl=1 650w\" sizes=\"auto, (max-width: 699px) 100vw, 699px\" \/><\/p>\n<p>\u201cZgjedhjet jan\u00eb b\u00ebr\u00eb n\u00eb 30 qershor\u201d- Rama i p\u00ebrgjigjet Met\u00ebs: Nuk njoh asnj\u00eb 13 tetor. Gati p\u00ebr dialog me opozit\u00ebn, por jo p\u00ebr\u2026<\/p>\n<p><em>17 korrik 2019<\/em><\/p>\n<p><strong>\u00a0\u201cNuk njoh asnj\u00eb 13 tetor\u201d, k\u00ebshtu i \u00ebsht\u00eb p\u00ebrgjigjur kryeministri Rama\u00a0<a href=\"http:\/\/www.panorama.com.al\/lajm-i-fundit-ilir-meta-mesazh-per-zgjidhjen-e-krizes-perpara-kemi-nje-date-te-rendesishme-koha-eshte-tani\/\">mesazhit\u00a0<\/a>t\u00eb Presidentit Meta, i cili tha sot se ne 13 tetor duhet te zhvillohen zgjedhjet vendore dhe qendrore, p\u00ebrfshi edhe p\u00ebr Presidentin, pasi n\u00eb 19 tetor do te jete shume vone.<\/strong><\/p>\n<p>N\u00eb nj\u00eb deklarat\u00eb p\u00ebr mediat, pas mbledhjes s\u00eb Kryesis\u00eb, Rama tha se zgjedhjet mbaruan m\u00eb 30 qershor, nd\u00ebrsa duke iu referuar dialogut me opozit\u00ebn, ai u shpreh se \u00ebsht\u00eb i gatsh\u00ebm t\u00eb p\u00ebr t\u00eb diskutuar, por jo p\u00ebr zgjedhje t\u00eb parakohshme.<\/p>\n<p>\u201cNe jemi t\u00eb disponuesh\u00ebm p\u00ebr tu ulur n\u00eb tryez\u00eb me t\u00eb gjith\u00eb pa asnj\u00eb p\u00ebrjashtim p\u00ebr t\u00eb diskutuar p\u00ebr sfidat e vendit, n\u00eb funksion t\u00eb Reform\u00ebs Zgjedhore. Sa i p\u00ebrket Kushtetut\u00ebs Ligjshm\u00ebris\u00eb dhe mandatit ton\u00eb qeveris\u00eb k\u00ebto nuk jan\u00eb \u00e7\u00ebshtje q\u00eb i kemi n\u00eb diskutim sepse lidhen me detyrimet tona. Jemi nj\u00eb shumic\u00eb qeveris\u00ebse q\u00eb kemi detyrimin t\u00eb mbajm\u00eb nj\u00eb mandat p\u00ebr t\u00eb qeverisur.<\/p>\n<p>Zgjedhjet jan\u00eb b\u00ebr\u00eb n\u00eb 30 qershor, jemi shum\u00eb t\u00eb angazhuar p\u00ebr ta filluar mbar\u00eb procesin e qeverisjes vendore. P\u00ebr k\u00ebt\u00eb kemi ngritur tre k\u00ebshille drejtues. Ky \u00ebsht\u00eb fokusi jon\u00eb, ne e kemi sfid\u00ebn me problemet e vendit dhe njer\u00ebzve, nuk e\u00a0 kemi me problemet e opozit\u00ebs jasht\u00eb parlamentit dhe presidentit. 13 tetori p\u00ebr mua \u00ebsht\u00eb nj\u00ebsoj si 12 tetori, 22 dhjetori, nuk njoh ndonj\u00eb 13 tetor\u201d, tha Rama.<\/p>\n<p>Gazeta Panorama<\/p>\n","protected":false},"excerpt":{"rendered":"<p>\u201cZgjedhjet jan\u00eb b\u00ebr\u00eb n\u00eb 30 qershor\u201d- Rama i p\u00ebrgjigjet Met\u00ebs: Nuk njoh asnj\u00eb 13 tetor. Gati p\u00ebr dialog me opozit\u00ebn, por jo p\u00ebr\u2026 17 korrik 2019 \u00a0\u201cNuk njoh asnj\u00eb 13 tetor\u201d, k\u00ebshtu i \u00ebsht\u00eb p\u00ebrgjigjur kryeministri Rama\u00a0mesazhit\u00a0t\u00eb Presidentit Meta, i cili tha sot se ne 13 tetor duhet te zhvillohen zgjedhjet vendore dhe qendrore, p\u00ebrfshi [&hellip;]<\/p>\n","protected":false},"author":9,"featured_media":23217,"comment_status":"open","ping_status":"open","sticky":false,"template":"","format":"standard","meta":{"jetpack_post_was_ever_published":false,"_jetpack_newsletter_access":"","_jetpack_dont_email_post_to_subs":false,"_jetpack_newsletter_tier_id":0,"_jetpack_memberships_contains_paywalled_content":false,"_jetpack_memberships_contains_paid_content":false,"footnotes":"","jetpack_publicize_message":"","jetpack_publicize_feature_enabled":true,"jetpack_social_post_already_shared":true,"jetpack_social_options":{"image_generator_settings":{"template":"highway","default_image_id":0,"font":"","enabled":false},"version":2}},"categories":[27,10,2],"tags":[],"class_list":["post-23216","post","type-post","status-publish","format-standard","has-post-thumbnail","hentry","category-blogu-i-udhetarit","category-kultura","category-politika"],"jetpack_publicize_connections":[],"jetpack_featured_media_url":"https:\/\/i0.wp.com\/www.shqiperia.com\/blog\/wp-content\/uploads\/2019\/07\/A-do-luhet-Komedia-pas-Drames-se-Perplasjes-civile.-Taulant-Balla-me-duket-se-e-filloi-monologun.-...-1.jpg?fit=650%2C361&ssl=1","jetpack_sharing_enabled":true,"jetpack_shortlink":"https:\/\/wp.me\/p5Z6wp-62s","jetpack-related-posts":[{"id":21133,"url":"https:\/\/www.shqiperia.com\/blog\/fatos-klosi-zgjedhjet-lokale-behen-ne-tetor-palet-kane-rene-dakord-por-basha\/","url_meta":{"origin":23216,"position":0},"title":"Fatos Klosi: &#8211; Zgjedhjet lokale b\u00ebhen n\u00eb tetor, pal\u00ebt kan\u00eb r\u00ebn\u00eb dakord. Por Basha \u2026","author":"Kurt Farka","date":"May 14, 2019","format":false,"excerpt":"Fatos Klosi: - Zgjedhjet lokale b\u00ebhen n\u00eb tetor, pal\u00ebt kan\u00eb r\u00ebn\u00eb dakord. Por Basha \u2026 14 maji2019 Teksa pal\u00ebt politike nuk japin asnj\u00eb sinjal p\u00ebr dialog, ish-kreu i SHISH, Fatos Klosi, thot\u00eb se Basha dhe Rama kan\u00eb r\u00ebn\u00eb dakord dhe zgjedhjet lokale do t\u00eb shtyhen p\u00ebr n\u00eb vjesht\u00eb. N\u00eb studion\u2026","rel":"","context":"In &quot;Blogu i Udh\u00ebtarit&quot;","block_context":{"text":"Blogu i Udh\u00ebtarit","link":"https:\/\/www.shqiperia.com\/blog\/category\/blogu-i-udhetarit\/"},"img":{"alt_text":"","src":"https:\/\/i0.wp.com\/www.shqiperia.com\/blog\/wp-content\/uploads\/2019\/05\/klosi1.jpg?fit=725%2C355&ssl=1&resize=350%2C200","width":350,"height":200,"srcset":"https:\/\/i0.wp.com\/www.shqiperia.com\/blog\/wp-content\/uploads\/2019\/05\/klosi1.jpg?fit=725%2C355&ssl=1&resize=350%2C200 1x, https:\/\/i0.wp.com\/www.shqiperia.com\/blog\/wp-content\/uploads\/2019\/05\/klosi1.jpg?fit=725%2C355&ssl=1&resize=525%2C300 1.5x, https:\/\/i0.wp.com\/www.shqiperia.com\/blog\/wp-content\/uploads\/2019\/05\/klosi1.jpg?fit=725%2C355&ssl=1&resize=700%2C400 2x"},"classes":[]},{"id":21816,"url":"https:\/\/www.shqiperia.com\/blog\/kur-do-behen-zgjedhjet-manjani-zbulon-cfare-pritet-te-ndodhe-dhe-publikon-datat-kur-do-te-zhvillohen\/","url_meta":{"origin":23216,"position":1},"title":"Kur do b\u00ebhen zgjedhjet? Manjani zbulon \u00e7far\u00eb pritet t\u00eb ndodh\u00eb dhe publikon datat kur do t\u00eb zhvillohen.","author":"Kurt Farka","date":"June 10, 2019","format":false,"excerpt":"Kur do b\u00ebhen zgjedhjet? Manjani zbulon \u00e7far\u00eb pritet t\u00eb ndodh\u00eb dhe publikon datat kur do t\u00eb zhvillohen. 09\/06\/2019 Ish-ministri i Drejt\u00ebsis\u00eb, Ylli Manjani, ka reaguar s\u00ebrish pas vendimit t\u00eb Presidentit Ilir Meta p\u00ebr t\u00eb \u00e7\u2019dekretuar dat\u00ebn e zgjedhjeve. P\u00ebrmes nj\u00eb postimi n\u00eb rrjetet sociale, Manjani shprehet se si dat\u00eb e\u2026","rel":"","context":"In &quot;Blogu i Udh\u00ebtarit&quot;","block_context":{"text":"Blogu i Udh\u00ebtarit","link":"https:\/\/www.shqiperia.com\/blog\/category\/blogu-i-udhetarit\/"},"img":{"alt_text":"","src":"https:\/\/i0.wp.com\/www.shqiperia.com\/blog\/wp-content\/uploads\/2019\/06\/62522576_10157459375202664_482035703027335168_n.jpg?fit=750%2C407&ssl=1&resize=350%2C200","width":350,"height":200,"srcset":"https:\/\/i0.wp.com\/www.shqiperia.com\/blog\/wp-content\/uploads\/2019\/06\/62522576_10157459375202664_482035703027335168_n.jpg?fit=750%2C407&ssl=1&resize=350%2C200 1x, https:\/\/i0.wp.com\/www.shqiperia.com\/blog\/wp-content\/uploads\/2019\/06\/62522576_10157459375202664_482035703027335168_n.jpg?fit=750%2C407&ssl=1&resize=525%2C300 1.5x, https:\/\/i0.wp.com\/www.shqiperia.com\/blog\/wp-content\/uploads\/2019\/06\/62522576_10157459375202664_482035703027335168_n.jpg?fit=750%2C407&ssl=1&resize=700%2C400 2x"},"classes":[]},{"id":94358,"url":"https:\/\/www.shqiperia.com\/blog\/pse-pd-nuk-ka-asnje-kandidature-dash-sula-fitorja-e-flor-binajt-do-te-tregoje-qe-triumfohet-me-figura-te-pastra\/","url_meta":{"origin":23216,"position":2},"title":"\u201cPse PD nuk ka asnj\u00eb kandidatur\u00eb?\u201d, Dash Sula: Fitorja e Flor Binajt do t\u00eb tregoj\u00eb q\u00eb triumfohet me figura t\u00eb pastra","author":"Kurt Farka","date":"October 23, 2025","format":false,"excerpt":"23 Tetor 2025 Dashnor Sula ka folur lidhur me gar\u00ebn p\u00ebr Tiran\u00ebn, ku edhe pse Kushtetuesja ka pezulluar zgjedhjet, pal\u00ebt jan\u00eb b\u00ebr\u00eb gati p\u00ebr votime. Zgjedhjet e pjesshme n\u00eb 9 n\u00ebntor por me fokus Tiran\u00ebn. Dash Sula ka b\u00ebr\u00eb nj\u00eb kritik\u00eb kur doli kandidatura e opozit\u00ebs, p\u00ebr aktorin Flor Binajn.\u2026","rel":"","context":"In &quot;Blogu i Udh\u00ebtarit&quot;","block_context":{"text":"Blogu i Udh\u00ebtarit","link":"https:\/\/www.shqiperia.com\/blog\/category\/blogu-i-udhetarit\/"},"img":{"alt_text":"","src":"https:\/\/i0.wp.com\/www.shqiperia.com\/blog\/wp-content\/uploads\/2025\/10\/1200-630-dashnor-sula-345-1140x570-1.webp?fit=1140%2C570&ssl=1&resize=350%2C200","width":350,"height":200,"srcset":"https:\/\/i0.wp.com\/www.shqiperia.com\/blog\/wp-content\/uploads\/2025\/10\/1200-630-dashnor-sula-345-1140x570-1.webp?fit=1140%2C570&ssl=1&resize=350%2C200 1x, https:\/\/i0.wp.com\/www.shqiperia.com\/blog\/wp-content\/uploads\/2025\/10\/1200-630-dashnor-sula-345-1140x570-1.webp?fit=1140%2C570&ssl=1&resize=525%2C300 1.5x, https:\/\/i0.wp.com\/www.shqiperia.com\/blog\/wp-content\/uploads\/2025\/10\/1200-630-dashnor-sula-345-1140x570-1.webp?fit=1140%2C570&ssl=1&resize=700%2C400 2x, https:\/\/i0.wp.com\/www.shqiperia.com\/blog\/wp-content\/uploads\/2025\/10\/1200-630-dashnor-sula-345-1140x570-1.webp?fit=1140%2C570&ssl=1&resize=1050%2C600 3x"},"classes":[]},{"id":22090,"url":"https:\/\/www.shqiperia.com\/blog\/opozita-plan-per-te-penguar-integrimin-rama-interviste-per-associated-press-thirrjet-per-dialog-do-fillojne-pas\/","url_meta":{"origin":23216,"position":3},"title":"\u201cOpozita plan p\u00ebr t\u00eb penguar integrimin\u201d- Rama intervist\u00eb p\u00ebr \u201cAssociated Press\u201d: Thirrjet p\u00ebr dialog do fillojn\u00eb pas\u2026","author":"Kurt Farka","date":"June 21, 2019","format":false,"excerpt":"\u201cOpozita plan p\u00ebr t\u00eb penguar integrimin\u201d- Rama intervist\u00eb p\u00ebr \u201cAssociated Press\u201d: Thirrjet p\u00ebr dialog do fillojn\u00eb pas\u2026 Jun 21 qershor 2019 Kryeministri shqiptar tha t\u00eb premten se q\u00ebllimi kryesor i opozit\u00ebs \u00ebsht\u00eb t\u00eb pengoj\u00eb p\u00ebrpjekjet e vendit p\u00ebr t\u00eb nisur negociatat e plota t\u00eb an\u00ebtar\u00ebsimit me Bashkimin Evropian. Gjat\u00eb nj\u00eb\u2026","rel":"","context":"In &quot;Blogu i Udh\u00ebtarit&quot;","block_context":{"text":"Blogu i Udh\u00ebtarit","link":"https:\/\/www.shqiperia.com\/blog\/category\/blogu-i-udhetarit\/"},"img":{"alt_text":"","src":"https:\/\/i0.wp.com\/www.shqiperia.com\/blog\/wp-content\/uploads\/2019\/06\/60507960_10157397725707664_2769952244596998144_n-Copy.jpg?fit=650%2C361&ssl=1&resize=350%2C200","width":350,"height":200,"srcset":"https:\/\/i0.wp.com\/www.shqiperia.com\/blog\/wp-content\/uploads\/2019\/06\/60507960_10157397725707664_2769952244596998144_n-Copy.jpg?fit=650%2C361&ssl=1&resize=350%2C200 1x, https:\/\/i0.wp.com\/www.shqiperia.com\/blog\/wp-content\/uploads\/2019\/06\/60507960_10157397725707664_2769952244596998144_n-Copy.jpg?fit=650%2C361&ssl=1&resize=525%2C300 1.5x"},"classes":[]},{"id":23154,"url":"https:\/\/www.shqiperia.com\/blog\/me-13-tetor-edhe-zgjedhje-presidenciale-permes-ndryshimeve-kushtetuese-basha-tregon-cfare-diskutoi-me-presidentin-meta16-korrik-2019\/","url_meta":{"origin":23216,"position":4},"title":"\u201cM\u00eb 13 tetor edhe zgjedhje Presidenciale p\u00ebrmes ndryshimeve kushtetuese\u201d- Basha tregon \u00e7far\u00eb diskutoi me Presidentin Meta16 korrik 2019","author":"Kurt Farka","date":"July 16, 2019","format":false,"excerpt":"\u201cM\u00eb 13 tetor edhe zgjedhje Presidenciale p\u00ebrmes ndryshimeve kushtetuese\u201d- Basha tregon \u00e7far\u00eb diskutoi me Presidentin Meta16 korrik 2019 Kreu i Partis\u00eb Demokratike, Lulzim Basha tha se kishte diskutuar me Presidentin Ilir Meta p\u00ebr zgjedhjet e 13 tetorit. \u00a0\u201cKreu i shtetit mendon se 13 tetori \u00ebsht\u00eb nj\u00eb mund\u00ebsi p\u00ebr daljen nga\u2026","rel":"","context":"In &quot;Blogu i Udh\u00ebtarit&quot;","block_context":{"text":"Blogu i Udh\u00ebtarit","link":"https:\/\/www.shqiperia.com\/blog\/category\/blogu-i-udhetarit\/"},"img":{"alt_text":"","src":"https:\/\/i0.wp.com\/www.shqiperia.com\/blog\/wp-content\/uploads\/2019\/07\/basha2.png?fit=754%2C475&ssl=1&resize=350%2C200","width":350,"height":200,"srcset":"https:\/\/i0.wp.com\/www.shqiperia.com\/blog\/wp-content\/uploads\/2019\/07\/basha2.png?fit=754%2C475&ssl=1&resize=350%2C200 1x, https:\/\/i0.wp.com\/www.shqiperia.com\/blog\/wp-content\/uploads\/2019\/07\/basha2.png?fit=754%2C475&ssl=1&resize=525%2C300 1.5x, https:\/\/i0.wp.com\/www.shqiperia.com\/blog\/wp-content\/uploads\/2019\/07\/basha2.png?fit=754%2C475&ssl=1&resize=700%2C400 2x"},"classes":[]},{"id":22266,"url":"https:\/\/www.shqiperia.com\/blog\/cdo-behet-ne-30-qershor-flet-basha-nje-perfundim-eshte-i-sigurt-ne-kete-date\/","url_meta":{"origin":23216,"position":5},"title":"\u00c7\u2019do b\u00ebhet n\u00eb 30 qershor? Flet Basha: Nj\u00eb p\u00ebrfundim \u00ebsht\u00eb i sigurt, n\u00eb k\u00ebt\u00eb dat\u00eb\u2026","author":"Kurt Farka","date":"June 25, 2019","format":false,"excerpt":"\u00c7\u2019do b\u00ebhet n\u00eb 30 qershor? Flet Basha: Nj\u00eb p\u00ebrfundim \u00ebsht\u00eb i sigurt, n\u00eb k\u00ebt\u00eb dat\u00eb\u2026 25 qershor 2019 Kreu i PD-s\u00eb, Lulzim Basha ka theksuar s\u00ebrish sot se m\u00eb 30 qershor nuk do t\u00eb ket\u00eb zgjedhje. Pas takimit me t\u00eb ngarkuar\u00ebn me pun\u00eb t\u00eb SHBA n\u00eb vendin ton\u00eb, pa dashur\u2026","rel":"","context":"In &quot;Kultura&quot;","block_context":{"text":"Kultura","link":"https:\/\/www.shqiperia.com\/blog\/category\/kultura\/"},"img":{"alt_text":"","src":"https:\/\/i0.wp.com\/www.shqiperia.com\/blog\/wp-content\/uploads\/2019\/06\/ambasadorja-e-shba-basha1-1024x788.jpg?fit=870%2C518&ssl=1&resize=350%2C200","width":350,"height":200,"srcset":"https:\/\/i0.wp.com\/www.shqiperia.com\/blog\/wp-content\/uploads\/2019\/06\/ambasadorja-e-shba-basha1-1024x788.jpg?fit=870%2C518&ssl=1&resize=350%2C200 1x, https:\/\/i0.wp.com\/www.shqiperia.com\/blog\/wp-content\/uploads\/2019\/06\/ambasadorja-e-shba-basha1-1024x788.jpg?fit=870%2C518&ssl=1&resize=525%2C300 1.5x, https:\/\/i0.wp.com\/www.shqiperia.com\/blog\/wp-content\/uploads\/2019\/06\/ambasadorja-e-shba-basha1-1024x788.jpg?fit=870%2C518&ssl=1&resize=700%2C400 2x"},"classes":[]}],"_links":{"self":[{"href":"https:\/\/www.shqiperia.com\/blog\/wp-json\/wp\/v2\/posts\/23216","targetHints":{"allow":["GET"]}}],"collection":[{"href":"https:\/\/www.shqiperia.com\/blog\/wp-json\/wp\/v2\/posts"}],"about":[{"href":"https:\/\/www.shqiperia.com\/blog\/wp-json\/wp\/v2\/types\/post"}],"author":[{"embeddable":true,"href":"https:\/\/www.shqiperia.com\/blog\/wp-json\/wp\/v2\/users\/9"}],"replies":[{"embeddable":true,"href":"https:\/\/www.shqiperia.com\/blog\/wp-json\/wp\/v2\/comments?post=23216"}],"version-history":[{"count":1,"href":"https:\/\/www.shqiperia.com\/blog\/wp-json\/wp\/v2\/posts\/23216\/revisions"}],"predecessor-version":[{"id":23218,"href":"https:\/\/www.shqiperia.com\/blog\/wp-json\/wp\/v2\/posts\/23216\/revisions\/23218"}],"wp:featuredmedia":[{"embeddable":true,"href":"https:\/\/www.shqiperia.com\/blog\/wp-json\/wp\/v2\/media\/23217"}],"wp:attachment":[{"href":"https:\/\/www.shqiperia.com\/blog\/wp-json\/wp\/v2\/media?parent=23216"}],"wp:term":[{"taxonomy":"category","embeddable":true,"href":"https:\/\/www.shqiperia.com\/blog\/wp-json\/wp\/v2\/categories?post=23216"},{"taxonomy":"post_tag","embeddable":true,"href":"https:\/\/www.shqiperia.com\/blog\/wp-json\/wp\/v2\/tags?post=23216"}],"curies":[{"name":"wp","href":"https:\/\/api.w.org\/{rel}","templated":true}]}}