{"id":23188,"date":"2019-07-16T21:14:21","date_gmt":"2019-07-16T21:14:21","guid":{"rendered":"http:\/\/www.shqiperia.com\/blog\/?p=23188"},"modified":"2019-07-16T21:15:08","modified_gmt":"2019-07-16T21:15:08","slug":"shpella-e-vanistres","status":"publish","type":"post","link":"https:\/\/www.shqiperia.com\/blog\/shpella-e-vanistres\/","title":{"rendered":"Shpella e Vanistr\u00ebs.-"},"content":{"rendered":"<p><img data-recalc-dims=\"1\" loading=\"lazy\" decoding=\"async\" data-attachment-id=\"23189\" data-permalink=\"https:\/\/www.shqiperia.com\/blog\/shpella-e-vanistres\/shpella-e-vanistres\/\" data-orig-file=\"https:\/\/i0.wp.com\/www.shqiperia.com\/blog\/wp-content\/uploads\/2019\/07\/shpella-e-vanistres-.jpg?fit=905%2C395&amp;ssl=1\" data-orig-size=\"905,395\" data-comments-opened=\"1\" data-image-meta=\"{&quot;aperture&quot;:&quot;0&quot;,&quot;credit&quot;:&quot;&quot;,&quot;camera&quot;:&quot;&quot;,&quot;caption&quot;:&quot;&quot;,&quot;created_timestamp&quot;:&quot;0&quot;,&quot;copyright&quot;:&quot;&quot;,&quot;focal_length&quot;:&quot;0&quot;,&quot;iso&quot;:&quot;0&quot;,&quot;shutter_speed&quot;:&quot;0&quot;,&quot;title&quot;:&quot;&quot;,&quot;orientation&quot;:&quot;0&quot;}\" data-image-title=\"shpella-e-vanistres-\" data-image-description=\"\" data-image-caption=\"\" data-medium-file=\"https:\/\/i0.wp.com\/www.shqiperia.com\/blog\/wp-content\/uploads\/2019\/07\/shpella-e-vanistres-.jpg?fit=300%2C131&amp;ssl=1\" data-large-file=\"https:\/\/i0.wp.com\/www.shqiperia.com\/blog\/wp-content\/uploads\/2019\/07\/shpella-e-vanistres-.jpg?fit=905%2C395&amp;ssl=1\" class=\"alignnone wp-image-23189\" alt=\"\" src=\"https:\/\/i0.wp.com\/www.shqiperia.com\/blog\/wp-content\/uploads\/2019\/07\/shpella-e-vanistres--300x131.jpg?resize=474%2C207\" width=\"474\" height=\"207\" srcset=\"https:\/\/i0.wp.com\/www.shqiperia.com\/blog\/wp-content\/uploads\/2019\/07\/shpella-e-vanistres-.jpg?resize=300%2C131&amp;ssl=1 300w, https:\/\/i0.wp.com\/www.shqiperia.com\/blog\/wp-content\/uploads\/2019\/07\/shpella-e-vanistres-.jpg?resize=768%2C335&amp;ssl=1 768w, https:\/\/i0.wp.com\/www.shqiperia.com\/blog\/wp-content\/uploads\/2019\/07\/shpella-e-vanistres-.jpg?resize=450%2C196&amp;ssl=1 450w, https:\/\/i0.wp.com\/www.shqiperia.com\/blog\/wp-content\/uploads\/2019\/07\/shpella-e-vanistres-.jpg?resize=600%2C262&amp;ssl=1 600w, https:\/\/i0.wp.com\/www.shqiperia.com\/blog\/wp-content\/uploads\/2019\/07\/shpella-e-vanistres-.jpg?resize=400%2C175&amp;ssl=1 400w, https:\/\/i0.wp.com\/www.shqiperia.com\/blog\/wp-content\/uploads\/2019\/07\/shpella-e-vanistres-.jpg?w=905&amp;ssl=1 905w\" sizes=\"auto, (max-width: 474px) 100vw, 474px\" \/><\/p>\n<p><strong>Shpella e Vanistr\u00ebs.-<\/strong><\/p>\n<p>Shpella e Vanistr\u00ebs gjendet n\u00eb rrethin e Gjirokastr\u00ebs, n\u00eb k\u00ebmb\u00ebt e Malit t\u00eb Gjer\u00eb pran\u00eb fshatit me t\u00eb njejtin em\u00ebr.<\/p>\n<p>Shpella ka gjat\u00ebsin\u00eb 113 m dhe gjer\u00ebsin\u00eb nga 5 deri n\u00eb 20 m.<\/p>\n<p>Dyshemeja ndodhet n\u00ebn nivelin e hyrjes.<\/p>\n<p>Pjesa m\u00eb e madhe e shpell\u00ebs \u00ebsht\u00eb e mbushur me uj\u00eb, q\u00eb formon nj\u00eb liqen t\u00eb p\u00ebrhersh\u00ebm me thell\u00ebsi 30-40 m.<\/p>\n<p>Gjat\u00eb periudh\u00ebs s\u00eb lag\u00ebt t\u00eb vitit t\u00ebr\u00eb fundi i shpell\u00ebs zihet nga uj\u00ebrat n\u00ebntok\u00ebsore dhe n\u00eb dim\u00ebr niveli i ujit ngrihet aq shum\u00eb sa q\u00eb derdhet me rrjedhje t\u00eb lir\u00eb nga gryka e shpell\u00ebs.<\/p>\n<p>Uji i k\u00ebsaj shpelle shfryt\u00ebzohet p\u00ebr t\u00eb ujitur nj\u00eb pjes\u00eb t\u00eb fush\u00ebs s\u00eb Dropullit.<\/p>\n<p><img data-recalc-dims=\"1\" loading=\"lazy\" decoding=\"async\" data-attachment-id=\"23189\" data-permalink=\"https:\/\/www.shqiperia.com\/blog\/shpella-e-vanistres\/shpella-e-vanistres\/\" data-orig-file=\"https:\/\/i0.wp.com\/www.shqiperia.com\/blog\/wp-content\/uploads\/2019\/07\/shpella-e-vanistres-.jpg?fit=905%2C395&amp;ssl=1\" data-orig-size=\"905,395\" data-comments-opened=\"1\" data-image-meta=\"{&quot;aperture&quot;:&quot;0&quot;,&quot;credit&quot;:&quot;&quot;,&quot;camera&quot;:&quot;&quot;,&quot;caption&quot;:&quot;&quot;,&quot;created_timestamp&quot;:&quot;0&quot;,&quot;copyright&quot;:&quot;&quot;,&quot;focal_length&quot;:&quot;0&quot;,&quot;iso&quot;:&quot;0&quot;,&quot;shutter_speed&quot;:&quot;0&quot;,&quot;title&quot;:&quot;&quot;,&quot;orientation&quot;:&quot;0&quot;}\" data-image-title=\"shpella-e-vanistres-\" data-image-description=\"\" data-image-caption=\"\" data-medium-file=\"https:\/\/i0.wp.com\/www.shqiperia.com\/blog\/wp-content\/uploads\/2019\/07\/shpella-e-vanistres-.jpg?fit=300%2C131&amp;ssl=1\" data-large-file=\"https:\/\/i0.wp.com\/www.shqiperia.com\/blog\/wp-content\/uploads\/2019\/07\/shpella-e-vanistres-.jpg?fit=905%2C395&amp;ssl=1\" class=\"alignnone wp-image-23189\" alt=\"\" src=\"https:\/\/i0.wp.com\/www.shqiperia.com\/blog\/wp-content\/uploads\/2019\/07\/shpella-e-vanistres--300x131.jpg?resize=847%2C370\" width=\"847\" height=\"370\" srcset=\"https:\/\/i0.wp.com\/www.shqiperia.com\/blog\/wp-content\/uploads\/2019\/07\/shpella-e-vanistres-.jpg?resize=300%2C131&amp;ssl=1 300w, https:\/\/i0.wp.com\/www.shqiperia.com\/blog\/wp-content\/uploads\/2019\/07\/shpella-e-vanistres-.jpg?resize=768%2C335&amp;ssl=1 768w, https:\/\/i0.wp.com\/www.shqiperia.com\/blog\/wp-content\/uploads\/2019\/07\/shpella-e-vanistres-.jpg?resize=450%2C196&amp;ssl=1 450w, https:\/\/i0.wp.com\/www.shqiperia.com\/blog\/wp-content\/uploads\/2019\/07\/shpella-e-vanistres-.jpg?resize=600%2C262&amp;ssl=1 600w, https:\/\/i0.wp.com\/www.shqiperia.com\/blog\/wp-content\/uploads\/2019\/07\/shpella-e-vanistres-.jpg?resize=400%2C175&amp;ssl=1 400w, https:\/\/i0.wp.com\/www.shqiperia.com\/blog\/wp-content\/uploads\/2019\/07\/shpella-e-vanistres-.jpg?w=905&amp;ssl=1 905w\" sizes=\"auto, (max-width: 847px) 100vw, 847px\" \/><\/p>\n<p>\u00cbsht\u00eb nj\u00eb nd\u00ebr shpellat m\u00eb t\u00eb m\u00ebdha karstike t\u00eb vendit.<\/p>\n","protected":false},"excerpt":{"rendered":"<p>Shpella e Vanistr\u00ebs.- Shpella e Vanistr\u00ebs gjendet n\u00eb rrethin e Gjirokastr\u00ebs, n\u00eb k\u00ebmb\u00ebt e Malit t\u00eb Gjer\u00eb pran\u00eb fshatit me t\u00eb njejtin em\u00ebr. Shpella ka gjat\u00ebsin\u00eb 113 m dhe gjer\u00ebsin\u00eb nga 5 deri n\u00eb 20 m. Dyshemeja ndodhet n\u00ebn nivelin e hyrjes. Pjesa m\u00eb e madhe e shpell\u00ebs \u00ebsht\u00eb e mbushur me uj\u00eb, q\u00eb formon [&hellip;]<\/p>\n","protected":false},"author":9,"featured_media":23189,"comment_status":"open","ping_status":"open","sticky":false,"template":"","format":"standard","meta":{"jetpack_post_was_ever_published":false,"_jetpack_newsletter_access":"","_jetpack_dont_email_post_to_subs":false,"_jetpack_newsletter_tier_id":0,"_jetpack_memberships_contains_paywalled_content":false,"_jetpack_memberships_contains_paid_content":false,"footnotes":"","jetpack_publicize_message":"","jetpack_publicize_feature_enabled":true,"jetpack_social_post_already_shared":true,"jetpack_social_options":{"image_generator_settings":{"template":"highway","default_image_id":0,"font":"","enabled":false},"version":2}},"categories":[85,10,35],"tags":[],"class_list":["post-23188","post","type-post","status-publish","format-standard","has-post-thumbnail","hentry","category-histori","category-kultura","category-shoqerore"],"jetpack_publicize_connections":[],"jetpack_featured_media_url":"https:\/\/i0.wp.com\/www.shqiperia.com\/blog\/wp-content\/uploads\/2019\/07\/shpella-e-vanistres-.jpg?fit=905%2C395&ssl=1","jetpack_sharing_enabled":true,"jetpack_shortlink":"https:\/\/wp.me\/p5Z6wp-620","jetpack-related-posts":[{"id":23091,"url":"https:\/\/www.shqiperia.com\/blog\/shpella-e-konispolit-shpella-e-kreshmoit\/","url_meta":{"origin":23188,"position":0},"title":"Shpella e Konispolit (Shpella e Kreshmoit). &#8211;","author":"Kurt Farka","date":"July 14, 2019","format":false,"excerpt":"Shpella e Konispolit (Shpella e Kreshmoit). - - Nga arkeolog\u00ebt cil\u00ebsohet si shpell\u00eb 27 mij\u00eb vje\u00e7are, model jo vet\u00ebm p\u00ebr territorin shqiptar por p\u00ebr gjith\u00eb Europ\u00ebn Juglindore. Shpella ndodhet n\u00eb per\u00ebndim t\u00eb qytetit t\u00eb Konispolit, 1.5 km larg n\u00eb vij\u00eb ajrore. Ka nj\u00eb gjat\u00ebsi 54 m. Esht\u00eb me dy deg\u00ebzime\u2026","rel":"","context":"In &quot;Blogu i Udh\u00ebtarit&quot;","block_context":{"text":"Blogu i Udh\u00ebtarit","link":"https:\/\/www.shqiperia.com\/blog\/category\/blogu-i-udhetarit\/"},"img":{"alt_text":"","src":"https:\/\/i0.wp.com\/www.shqiperia.com\/blog\/wp-content\/uploads\/2019\/07\/Shpella-e-Konispolit-Kreshmoit-Copy.jpg?fit=800%2C467&ssl=1&resize=350%2C200","width":350,"height":200,"srcset":"https:\/\/i0.wp.com\/www.shqiperia.com\/blog\/wp-content\/uploads\/2019\/07\/Shpella-e-Konispolit-Kreshmoit-Copy.jpg?fit=800%2C467&ssl=1&resize=350%2C200 1x, https:\/\/i0.wp.com\/www.shqiperia.com\/blog\/wp-content\/uploads\/2019\/07\/Shpella-e-Konispolit-Kreshmoit-Copy.jpg?fit=800%2C467&ssl=1&resize=525%2C300 1.5x, https:\/\/i0.wp.com\/www.shqiperia.com\/blog\/wp-content\/uploads\/2019\/07\/Shpella-e-Konispolit-Kreshmoit-Copy.jpg?fit=800%2C467&ssl=1&resize=700%2C400 2x"},"classes":[]},{"id":3185,"url":"https:\/\/www.shqiperia.com\/blog\/shpella-eremite-e-koshorishtit-afreska-te-nje-familje-aristokrate-vendase\/","url_meta":{"origin":23188,"position":1},"title":"Shpella eremite e Koshorishtit me afreska te nje familje aristokrate vendase. &#8211;","author":"Kurt Farka","date":"February 15, 2018","format":false,"excerpt":"Nga: Avni Alcani. - N\u00eb trevat e Librazhdit t\u00eb sot\u00ebm ndodhen disa shpella t\u00eb banuara, t\u00eb quajtura shpella eremite, ose shpella kisha, si n\u00eb fshatrat Koshorisht, Skrosk\u00eb dhe Urak\u00eb, t\u00eb cilat kan\u00eb n\u00eb muret e tyre shk\u00ebmbore piktura murale me tematik\u00eb biblike. N\u00eb nj\u00ebr\u00ebn prej k\u00ebtyre shpellave, dhe pik\u00ebrisht n\u00eb\u2026","rel":"","context":"In &quot;Arte&quot;","block_context":{"text":"Arte","link":"https:\/\/www.shqiperia.com\/blog\/category\/arte\/"},"img":{"alt_text":"","src":"https:\/\/i0.wp.com\/www.shqiperia.com\/blog\/wp-content\/uploads\/2018\/02\/Pamje-e-plot%C3%AB-e-pictures-s%C3%AB-shpell%C3%ABs.png?fit=629%2C463&ssl=1&resize=350%2C200","width":350,"height":200,"srcset":"https:\/\/i0.wp.com\/www.shqiperia.com\/blog\/wp-content\/uploads\/2018\/02\/Pamje-e-plot%C3%AB-e-pictures-s%C3%AB-shpell%C3%ABs.png?fit=629%2C463&ssl=1&resize=350%2C200 1x, https:\/\/i0.wp.com\/www.shqiperia.com\/blog\/wp-content\/uploads\/2018\/02\/Pamje-e-plot%C3%AB-e-pictures-s%C3%AB-shpell%C3%ABs.png?fit=629%2C463&ssl=1&resize=525%2C300 1.5x"},"classes":[]},{"id":22155,"url":"https:\/\/www.shqiperia.com\/blog\/shpella-eremiti-me-afreska-kosove\/","url_meta":{"origin":23188,"position":2},"title":"Shpella \u00a0eremiti \u00a0me afreska, Kosove. &#8211;","author":"Kurt Farka","date":"June 22, 2019","format":false,"excerpt":"Shpella \u00a0eremiti \u00a0me afreska, \u00a0Kosove. - Kosova vazhdon t\u00eb jet\u00eb e bekuar me shum\u00eb bukuri t\u00eb fshehura e pasuri n\u00ebntok\u00ebsore. Nj\u00eb shpell\u00eb \u00ebsht\u00eb zbuluar s\u00eb fundmi n\u00eb Belle t\u00eb komun\u00ebs s\u00eb De\u00e7anit, e q\u00eb habit me bukurin\u00eb q\u00eb ka p\u00ebrbrenda. Banor\u00ebt kan\u00eb th\u00ebn\u00eb p\u00ebr Indeksonline se n\u00eb k\u00ebt\u00eb shpell\u00eb t\u00eb\u2026","rel":"","context":"In &quot;Histori&quot;","block_context":{"text":"Histori","link":"https:\/\/www.shqiperia.com\/blog\/category\/histori\/"},"img":{"alt_text":"","src":"https:\/\/i0.wp.com\/www.shqiperia.com\/blog\/wp-content\/uploads\/2019\/06\/62607827_833985813654173_2688205109850013696_n-1.jpg?fit=746%2C377&ssl=1&resize=350%2C200","width":350,"height":200,"srcset":"https:\/\/i0.wp.com\/www.shqiperia.com\/blog\/wp-content\/uploads\/2019\/06\/62607827_833985813654173_2688205109850013696_n-1.jpg?fit=746%2C377&ssl=1&resize=350%2C200 1x, https:\/\/i0.wp.com\/www.shqiperia.com\/blog\/wp-content\/uploads\/2019\/06\/62607827_833985813654173_2688205109850013696_n-1.jpg?fit=746%2C377&ssl=1&resize=525%2C300 1.5x, https:\/\/i0.wp.com\/www.shqiperia.com\/blog\/wp-content\/uploads\/2019\/06\/62607827_833985813654173_2688205109850013696_n-1.jpg?fit=746%2C377&ssl=1&resize=700%2C400 2x"},"classes":[]},{"id":1285,"url":"https:\/\/www.shqiperia.com\/blog\/shpella-e-zgatarit-vendi-ku-shkonin-per-pllenim\/","url_meta":{"origin":23188,"position":3},"title":"Shpella e Zgatarit, vendi ku shkonin p\u00ebr pllenim","author":"Kurt Farka","date":"January 13, 2018","format":false,"excerpt":"Nga: G\u00ebzim Ajgeraj Kur nga shpella dilte p\u00ebllumbi, ishte shenj\u00eb se familja do t\u00eb g\u00ebzohej me djal\u00eb \u201cPas lufte kjo shpell\u00eb p\u00ebr fat t\u00eb keq \u00ebsht\u00eb keqp\u00ebrdorur\u201d, thot\u00eb Xhavit Osmani \u201cKur burrat n\u00eb V\u00ebrri shkonin n\u00eb zon\u00ebn e Opoj\u00ebs p\u00ebr tregti, n\u00ebse u binte rruga nga shpella e madhe af\u00ebr\u2026","rel":"","context":"In &quot;Trashegimi Kulturore&quot;","block_context":{"text":"Trashegimi Kulturore","link":"https:\/\/www.shqiperia.com\/blog\/category\/trashegimi-kulturore\/"},"img":{"alt_text":"","src":"https:\/\/i0.wp.com\/www.shqiperia.com\/blog\/wp-content\/uploads\/2018\/01\/Gezim-Ajgeraj.jpg?resize=350%2C200","width":350,"height":200},"classes":[]},{"id":5196,"url":"https:\/\/www.shqiperia.com\/blog\/shpella-crvena-stijena-shkembi-kuq-mrekullia-e-fshehur\/","url_meta":{"origin":23188,"position":4},"title":"Shpella &#8221;Crvena Stijena&#8221; (Shk\u00ebmbi i Kuq)- Mrekullia e Fshehur &#8211;","author":"Kurt Farka","date":"March 19, 2018","format":false,"excerpt":"Nga: Anton Pllumaj. - =Kjo shpell\u00eb gjindet af\u00ebr katundit Petroviqi, komuna e Nikshiqit, af\u00ebr kufirit Mali i Zi - Bosnje Hercegovin\u00eb. Ajo \u00ebsht\u00eb e vendosur n\u00eb bregun e majt\u00eb t\u00eb Trebishnjic\u00ebs, 700 m mbi nivelin e detit. Merret si objekti kulturor paleolitik m\u00eb i pasuri me shtresa stratigrafike n\u00eb gadishullin\u2026","rel":"","context":"In &quot;Blogu i Udh\u00ebtarit&quot;","block_context":{"text":"Blogu i Udh\u00ebtarit","link":"https:\/\/www.shqiperia.com\/blog\/category\/blogu-i-udhetarit\/"},"img":{"alt_text":"","src":"https:\/\/i0.wp.com\/www.shqiperia.com\/blog\/wp-content\/uploads\/2018\/03\/Shpella-Shkembi-i-kuq-Komuna-e-Nikshiqit-2.jpg?fit=599%2C392&ssl=1&resize=350%2C200","width":350,"height":200,"srcset":"https:\/\/i0.wp.com\/www.shqiperia.com\/blog\/wp-content\/uploads\/2018\/03\/Shpella-Shkembi-i-kuq-Komuna-e-Nikshiqit-2.jpg?fit=599%2C392&ssl=1&resize=350%2C200 1x, https:\/\/i0.wp.com\/www.shqiperia.com\/blog\/wp-content\/uploads\/2018\/03\/Shpella-Shkembi-i-kuq-Komuna-e-Nikshiqit-2.jpg?fit=599%2C392&ssl=1&resize=525%2C300 1.5x"},"classes":[]},{"id":93213,"url":"https:\/\/www.shqiperia.com\/blog\/skandal-ne-himare-betonizohet-shpella-mitike-e-odisese-kthehet-ne-lavazh\/","url_meta":{"origin":23188,"position":5},"title":"Skandal n\u00eb Himar\u00eb\/ Betonizohet shpella mitike e Odises\u00eb, kthehet n\u00eb lavazh","author":"Kurt Farka","date":"August 25, 2025","format":false,"excerpt":"25 Gusht 2025 Nj\u00eb nga thesaret m\u00eb t\u00eb \u00e7muara arkeologjike dhe historike t\u00eb bregdetit jugor t\u00eb Shqip\u00ebris\u00eb po zhduket barbarisht. P\u00ebr k\u00ebt\u00eb barbari t\u00eb turpshme ka reaguar dhe historiani Auron Tare. Duke publikuar pamjet e postuara nga nj\u00eb qytetar i Himar\u00ebs, ai thot\u00eb se ky \u00ebsht\u00eb nj\u00eb monumet m\u00eb r\u00ebnd\u00ebsi\u2026","rel":"","context":"In &quot;Blogu i Udh\u00ebtarit&quot;","block_context":{"text":"Blogu i Udh\u00ebtarit","link":"https:\/\/www.shqiperia.com\/blog\/category\/blogu-i-udhetarit\/"},"img":{"alt_text":"","src":"https:\/\/i0.wp.com\/www.shqiperia.com\/blog\/wp-content\/uploads\/2025\/08\/auto_900-0-1756053148xmonumenti-871-750x5631756058195-1.jpeg?fit=900%2C676&ssl=1&resize=350%2C200","width":350,"height":200,"srcset":"https:\/\/i0.wp.com\/www.shqiperia.com\/blog\/wp-content\/uploads\/2025\/08\/auto_900-0-1756053148xmonumenti-871-750x5631756058195-1.jpeg?fit=900%2C676&ssl=1&resize=350%2C200 1x, https:\/\/i0.wp.com\/www.shqiperia.com\/blog\/wp-content\/uploads\/2025\/08\/auto_900-0-1756053148xmonumenti-871-750x5631756058195-1.jpeg?fit=900%2C676&ssl=1&resize=525%2C300 1.5x, https:\/\/i0.wp.com\/www.shqiperia.com\/blog\/wp-content\/uploads\/2025\/08\/auto_900-0-1756053148xmonumenti-871-750x5631756058195-1.jpeg?fit=900%2C676&ssl=1&resize=700%2C400 2x"},"classes":[]}],"_links":{"self":[{"href":"https:\/\/www.shqiperia.com\/blog\/wp-json\/wp\/v2\/posts\/23188","targetHints":{"allow":["GET"]}}],"collection":[{"href":"https:\/\/www.shqiperia.com\/blog\/wp-json\/wp\/v2\/posts"}],"about":[{"href":"https:\/\/www.shqiperia.com\/blog\/wp-json\/wp\/v2\/types\/post"}],"author":[{"embeddable":true,"href":"https:\/\/www.shqiperia.com\/blog\/wp-json\/wp\/v2\/users\/9"}],"replies":[{"embeddable":true,"href":"https:\/\/www.shqiperia.com\/blog\/wp-json\/wp\/v2\/comments?post=23188"}],"version-history":[{"count":2,"href":"https:\/\/www.shqiperia.com\/blog\/wp-json\/wp\/v2\/posts\/23188\/revisions"}],"predecessor-version":[{"id":23191,"href":"https:\/\/www.shqiperia.com\/blog\/wp-json\/wp\/v2\/posts\/23188\/revisions\/23191"}],"wp:featuredmedia":[{"embeddable":true,"href":"https:\/\/www.shqiperia.com\/blog\/wp-json\/wp\/v2\/media\/23189"}],"wp:attachment":[{"href":"https:\/\/www.shqiperia.com\/blog\/wp-json\/wp\/v2\/media?parent=23188"}],"wp:term":[{"taxonomy":"category","embeddable":true,"href":"https:\/\/www.shqiperia.com\/blog\/wp-json\/wp\/v2\/categories?post=23188"},{"taxonomy":"post_tag","embeddable":true,"href":"https:\/\/www.shqiperia.com\/blog\/wp-json\/wp\/v2\/tags?post=23188"}],"curies":[{"name":"wp","href":"https:\/\/api.w.org\/{rel}","templated":true}]}}