{"id":23164,"date":"2019-07-16T18:47:55","date_gmt":"2019-07-16T18:47:55","guid":{"rendered":"http:\/\/www.shqiperia.com\/blog\/?p=23164"},"modified":"2019-07-16T18:48:22","modified_gmt":"2019-07-16T18:48:22","slug":"lec-shkreli-me-ka-humbur-gjysma-e-pikturave-ne-institucionet-e-shtetit","status":"publish","type":"post","link":"https:\/\/www.shqiperia.com\/blog\/lec-shkreli-me-ka-humbur-gjysma-e-pikturave-ne-institucionet-e-shtetit\/","title":{"rendered":"Lec Shkreli: M\u00eb ka humbur gjysma e pikturave n\u00eb institucionet e shtetit"},"content":{"rendered":"<div id=\"attachment_23165\" style=\"width: 475px\" class=\"wp-caption alignnone\"><img data-recalc-dims=\"1\" loading=\"lazy\" decoding=\"async\" aria-describedby=\"caption-attachment-23165\" data-attachment-id=\"23165\" data-permalink=\"https:\/\/www.shqiperia.com\/blog\/lec-shkreli-me-ka-humbur-gjysma-e-pikturave-ne-institucionet-e-shtetit\/lec-shkreli-foto-dhurata-hamzai-5-copy\/\" data-orig-file=\"https:\/\/i0.wp.com\/www.shqiperia.com\/blog\/wp-content\/uploads\/2019\/07\/Lec-Shkreli.-Foto-Dhurata-Hamzai-5-Copy.jpg?fit=2466%2C1592&amp;ssl=1\" data-orig-size=\"2466,1592\" data-comments-opened=\"1\" data-image-meta=\"{&quot;aperture&quot;:&quot;1.9&quot;,&quot;credit&quot;:&quot;&quot;,&quot;camera&quot;:&quot;SM-J500FN&quot;,&quot;caption&quot;:&quot;?&quot;,&quot;created_timestamp&quot;:&quot;1550577066&quot;,&quot;copyright&quot;:&quot;&quot;,&quot;focal_length&quot;:&quot;3.7&quot;,&quot;iso&quot;:&quot;125&quot;,&quot;shutter_speed&quot;:&quot;0.03030303030303&quot;,&quot;title&quot;:&quot;&quot;,&quot;orientation&quot;:&quot;1&quot;}\" data-image-title=\"Lec Shkreli. Foto Dhurata Hamzai (5) &#8211; Copy\" data-image-description=\"\" data-image-caption=\"&lt;p&gt;?&lt;\/p&gt;\n\" data-medium-file=\"https:\/\/i0.wp.com\/www.shqiperia.com\/blog\/wp-content\/uploads\/2019\/07\/Lec-Shkreli.-Foto-Dhurata-Hamzai-5-Copy.jpg?fit=300%2C194&amp;ssl=1\" data-large-file=\"https:\/\/i0.wp.com\/www.shqiperia.com\/blog\/wp-content\/uploads\/2019\/07\/Lec-Shkreli.-Foto-Dhurata-Hamzai-5-Copy.jpg?fit=1024%2C661&amp;ssl=1\" class=\" wp-image-23165\" alt=\"\" src=\"https:\/\/i0.wp.com\/www.shqiperia.com\/blog\/wp-content\/uploads\/2019\/07\/Lec-Shkreli.-Foto-Dhurata-Hamzai-5-Copy-300x194.jpg?resize=465%2C301\" width=\"465\" height=\"301\" srcset=\"https:\/\/i0.wp.com\/www.shqiperia.com\/blog\/wp-content\/uploads\/2019\/07\/Lec-Shkreli.-Foto-Dhurata-Hamzai-5-Copy.jpg?resize=300%2C194&amp;ssl=1 300w, https:\/\/i0.wp.com\/www.shqiperia.com\/blog\/wp-content\/uploads\/2019\/07\/Lec-Shkreli.-Foto-Dhurata-Hamzai-5-Copy.jpg?resize=768%2C496&amp;ssl=1 768w, https:\/\/i0.wp.com\/www.shqiperia.com\/blog\/wp-content\/uploads\/2019\/07\/Lec-Shkreli.-Foto-Dhurata-Hamzai-5-Copy.jpg?resize=1024%2C661&amp;ssl=1 1024w, https:\/\/i0.wp.com\/www.shqiperia.com\/blog\/wp-content\/uploads\/2019\/07\/Lec-Shkreli.-Foto-Dhurata-Hamzai-5-Copy.jpg?resize=2000%2C1291&amp;ssl=1 2000w, https:\/\/i0.wp.com\/www.shqiperia.com\/blog\/wp-content\/uploads\/2019\/07\/Lec-Shkreli.-Foto-Dhurata-Hamzai-5-Copy.jpg?resize=450%2C291&amp;ssl=1 450w, https:\/\/i0.wp.com\/www.shqiperia.com\/blog\/wp-content\/uploads\/2019\/07\/Lec-Shkreli.-Foto-Dhurata-Hamzai-5-Copy.jpg?resize=600%2C387&amp;ssl=1 600w, https:\/\/i0.wp.com\/www.shqiperia.com\/blog\/wp-content\/uploads\/2019\/07\/Lec-Shkreli.-Foto-Dhurata-Hamzai-5-Copy.jpg?resize=1500%2C968&amp;ssl=1 1500w, https:\/\/i0.wp.com\/www.shqiperia.com\/blog\/wp-content\/uploads\/2019\/07\/Lec-Shkreli.-Foto-Dhurata-Hamzai-5-Copy.jpg?resize=1300%2C839&amp;ssl=1 1300w, https:\/\/i0.wp.com\/www.shqiperia.com\/blog\/wp-content\/uploads\/2019\/07\/Lec-Shkreli.-Foto-Dhurata-Hamzai-5-Copy.jpg?resize=400%2C258&amp;ssl=1 400w\" sizes=\"auto, (max-width: 465px) 100vw, 465px\" \/><p id=\"caption-attachment-23165\" class=\"wp-caption-text\">?<\/p><\/div>\n<p><strong>Lec Shkreli: M\u00eb ka humbur gjysma e pikturave n\u00eb institucionet e shtetit <\/strong><\/p>\n<p><em>Jan\u00eb piktura t\u00eb njohura t\u00eb realizmit socialist. T\u00eb humburat shpesh bien n\u00eb dor\u00eb t\u00eb koleksionist\u00ebve. Sot jan\u00eb shum\u00eb t\u00eb k\u00ebrkuara dhe t\u00eb vler\u00ebsuara jasht\u00eb shtetit<\/em><\/p>\n<p><a href=\"https:\/\/shqiptarja.com\/autori\/10\">Dhurata Hamzai<\/a><\/p>\n<p>Nj\u00eb jet\u00eb n\u00eb studio..! E studiot nuk jan\u00eb kurr\u00eb aq komode sa p\u00ebr ta jetuar pjes\u00ebn m\u00eb t\u00eb madhe t\u00eb jet\u00ebs pik\u00ebrisht aty. Megjithat\u00eb, t\u00eb till\u00eb e ka zgjedhur ta b\u00ebj\u00eb jet\u00ebn piktori Lec Shkreli, q\u00eb bashk\u00eb me vitet mbi supe, p\u00ebr 50 vjet t\u00eb tjera karrier\u00eb artistike, t\u00eb vazhdoj\u00eb ngjizjen e ngjyrave aty; mes telajove, pikturave, kutive me boj\u00eb e tufave me penelata. Dhe kur hyn n\u00eb at\u00eb studio, s\u2019ke si t\u00eb dal\u00ebsh shpejt.<\/p>\n<p>Tablot\u00eb \u201ct\u00eb thon\u00eb\u201d se duhet shum\u00eb koh\u00eb t\u00eb q\u00ebndrosh p\u00ebrball\u00eb tyre, duke b\u00ebr\u00eb nj\u00eb dialog t\u00eb ngroht\u00eb. Dhe nuk mund t\u00eb ik\u00ebsh nga ajo studio pa zbuluar gj\u00ebra t\u00eb reja: si\u00e7 \u00ebsht\u00eb nj\u00eb piktur\u00eb e panjohur e gruas heroin\u00eb, Mine Peza, t\u00eb cil\u00ebn komisioni i censur\u00ebs s\u00eb koh\u00ebs nuk ia lejoi Lec Shkrelit ta ekspozonte, derisa n\u00ebn mbik\u00ebqyrje t\u00eb tij skicoi at\u00eb variantin tjet\u00ebr t\u00eb njohur p\u00ebr t\u00eb gjith\u00eb: Mine Peza n\u00eb ball\u00eb t\u00eb demonstrat\u00ebs. \u201cM\u00eb than\u00eb se heroina nuk duhej t\u00eb ishte e vdekur\u201d,-rr\u00ebfen qet\u00ebsisht Lec Shkreli, dhe me sinqeritetin q\u00eb e karakterizon thot\u00eb. \u201cUn\u00eb b\u00ebja figurat e heronjve. Ishte l\u00ebn\u00eb porosi q\u00eb k\u00ebto figura do t\u2019i b\u00ebja un\u00eb.\u201d<\/p>\n<p><img data-recalc-dims=\"1\" loading=\"lazy\" decoding=\"async\" data-attachment-id=\"23166\" data-permalink=\"https:\/\/www.shqiperia.com\/blog\/lec-shkreli-me-ka-humbur-gjysma-e-pikturave-ne-institucionet-e-shtetit\/mine-peza-nga-lec-shkreli-foto-dhurata-hamzai\/\" data-orig-file=\"https:\/\/i0.wp.com\/www.shqiperia.com\/blog\/wp-content\/uploads\/2019\/07\/Mine-Peza-nga-Lec-Shkreli.-Foto-Dhurata-Hamzai.jpg?fit=2292%2C2215&amp;ssl=1\" data-orig-size=\"2292,2215\" data-comments-opened=\"1\" data-image-meta=\"{&quot;aperture&quot;:&quot;1.9&quot;,&quot;credit&quot;:&quot;&quot;,&quot;camera&quot;:&quot;SM-J500FN&quot;,&quot;caption&quot;:&quot;&quot;,&quot;created_timestamp&quot;:&quot;1550504486&quot;,&quot;copyright&quot;:&quot;&quot;,&quot;focal_length&quot;:&quot;3.7&quot;,&quot;iso&quot;:&quot;160&quot;,&quot;shutter_speed&quot;:&quot;0.04&quot;,&quot;title&quot;:&quot;&quot;,&quot;orientation&quot;:&quot;1&quot;}\" data-image-title=\"Mine Peza nga Lec Shkreli. Foto Dhurata Hamzai\" data-image-description=\"\" data-image-caption=\"\" data-medium-file=\"https:\/\/i0.wp.com\/www.shqiperia.com\/blog\/wp-content\/uploads\/2019\/07\/Mine-Peza-nga-Lec-Shkreli.-Foto-Dhurata-Hamzai.jpg?fit=300%2C290&amp;ssl=1\" data-large-file=\"https:\/\/i0.wp.com\/www.shqiperia.com\/blog\/wp-content\/uploads\/2019\/07\/Mine-Peza-nga-Lec-Shkreli.-Foto-Dhurata-Hamzai.jpg?fit=1024%2C990&amp;ssl=1\" class=\"alignnone wp-image-23166\" alt=\"\" src=\"https:\/\/i0.wp.com\/www.shqiperia.com\/blog\/wp-content\/uploads\/2019\/07\/Mine-Peza-nga-Lec-Shkreli.-Foto-Dhurata-Hamzai-300x290.jpg?resize=770%2C744\" width=\"770\" height=\"744\" srcset=\"https:\/\/i0.wp.com\/www.shqiperia.com\/blog\/wp-content\/uploads\/2019\/07\/Mine-Peza-nga-Lec-Shkreli.-Foto-Dhurata-Hamzai.jpg?resize=300%2C290&amp;ssl=1 300w, https:\/\/i0.wp.com\/www.shqiperia.com\/blog\/wp-content\/uploads\/2019\/07\/Mine-Peza-nga-Lec-Shkreli.-Foto-Dhurata-Hamzai.jpg?resize=768%2C742&amp;ssl=1 768w, https:\/\/i0.wp.com\/www.shqiperia.com\/blog\/wp-content\/uploads\/2019\/07\/Mine-Peza-nga-Lec-Shkreli.-Foto-Dhurata-Hamzai.jpg?resize=1024%2C990&amp;ssl=1 1024w, https:\/\/i0.wp.com\/www.shqiperia.com\/blog\/wp-content\/uploads\/2019\/07\/Mine-Peza-nga-Lec-Shkreli.-Foto-Dhurata-Hamzai.jpg?resize=2000%2C1933&amp;ssl=1 2000w, https:\/\/i0.wp.com\/www.shqiperia.com\/blog\/wp-content\/uploads\/2019\/07\/Mine-Peza-nga-Lec-Shkreli.-Foto-Dhurata-Hamzai.jpg?resize=450%2C435&amp;ssl=1 450w, https:\/\/i0.wp.com\/www.shqiperia.com\/blog\/wp-content\/uploads\/2019\/07\/Mine-Peza-nga-Lec-Shkreli.-Foto-Dhurata-Hamzai.jpg?resize=600%2C580&amp;ssl=1 600w, https:\/\/i0.wp.com\/www.shqiperia.com\/blog\/wp-content\/uploads\/2019\/07\/Mine-Peza-nga-Lec-Shkreli.-Foto-Dhurata-Hamzai.jpg?resize=1500%2C1450&amp;ssl=1 1500w, https:\/\/i0.wp.com\/www.shqiperia.com\/blog\/wp-content\/uploads\/2019\/07\/Mine-Peza-nga-Lec-Shkreli.-Foto-Dhurata-Hamzai.jpg?resize=1300%2C1256&amp;ssl=1 1300w, https:\/\/i0.wp.com\/www.shqiperia.com\/blog\/wp-content\/uploads\/2019\/07\/Mine-Peza-nga-Lec-Shkreli.-Foto-Dhurata-Hamzai.jpg?resize=400%2C387&amp;ssl=1 400w\" sizes=\"auto, (max-width: 770px) 100vw, 770px\" \/><\/p>\n<p>Piktori nuk ndihet aspak i kompleksikuar nga trajtimi ideologjik q\u00eb i k\u00ebrkohej p\u00ebr vepr\u00ebn, sepse duke e p\u00ebrmbushur me detaje artistike, ai e tejkalonte gjithmon\u00eb tematik\u00ebn, dhe form\u00ebn e shprehjes ai vet e quan si nj\u00eb akt formal. Lec Shkreli \u00ebsht\u00eb nd\u00ebr t\u00eb pakt\u00ebt q\u00eb mendojn\u00eb se tematika apo shtr\u00ebngesa ideologjike ndikojn\u00eb n\u00eb cil\u00ebsin\u00eb e artit.<\/p>\n<p>Duke biseduar rreth imponimit t\u00eb metod\u00ebs s\u00eb realizmit socialist n\u00eb veprat e artit n\u00eb Shqip\u00ebrin\u00eb e diktatur\u00ebs komuniste, m\u00eb tej syri t\u00eb sheh disa dosje t\u00eb zverdhura, q\u00eb ngjallin m\u00eb tep\u00ebr kuriozitet, pa e ditur ende se \u00e7\u2019do ta dal\u00eb prej tyre. Lec Shkreli \u00e7el kapakun e nj\u00ebr\u00ebs prej dosjeve dhe nis t\u00eb m\u2019i tregoj me durim. Jan\u00eb fotografi t\u00eb pikturave, ku m\u00ebsoj prej tij se gjysmat e tyre nuk i ka m\u00eb, as nuk e di ku jan\u00eb. Kujtohem se nj\u00eb pjes\u00eb e tyre ishin shum\u00eb t\u00eb njohura p\u00ebr syt\u00eb e mi, sepse po m\u00eb vinin si nj\u00eb kujtim nga f\u00ebmij\u00ebria, si ilustrime t\u00eb librave q\u00eb i m\u00ebsoja n\u00eb shkoll\u00eb, madje disa i kujtoja q\u00eb kan\u00eb qen\u00eb n\u00eb pullat postare t\u00eb koh\u00ebs. Thesare t\u00eb piktur\u00ebs shqiptare nd\u00ebr vite, t\u00eb humbura nd\u00ebrkoh\u00eb.<\/p>\n<p><img data-recalc-dims=\"1\" loading=\"lazy\" decoding=\"async\" data-attachment-id=\"23167\" data-permalink=\"https:\/\/www.shqiperia.com\/blog\/lec-shkreli-me-ka-humbur-gjysma-e-pikturave-ne-institucionet-e-shtetit\/lec-shkreli-foto-dhurata-hamzai-9\/\" data-orig-file=\"https:\/\/i0.wp.com\/www.shqiperia.com\/blog\/wp-content\/uploads\/2019\/07\/Lec-Shkreli.-Foto-Dhurata-Hamzai-9.jpg?fit=2382%2C3054&amp;ssl=1\" data-orig-size=\"2382,3054\" data-comments-opened=\"1\" data-image-meta=\"{&quot;aperture&quot;:&quot;1.9&quot;,&quot;credit&quot;:&quot;&quot;,&quot;camera&quot;:&quot;SM-J500FN&quot;,&quot;caption&quot;:&quot;&quot;,&quot;created_timestamp&quot;:&quot;1550504325&quot;,&quot;copyright&quot;:&quot;&quot;,&quot;focal_length&quot;:&quot;3.7&quot;,&quot;iso&quot;:&quot;200&quot;,&quot;shutter_speed&quot;:&quot;0.058823529411765&quot;,&quot;title&quot;:&quot;&quot;,&quot;orientation&quot;:&quot;1&quot;}\" data-image-title=\"Lec Shkreli. Foto Dhurata Hamzai (9)\" data-image-description=\"\" data-image-caption=\"\" data-medium-file=\"https:\/\/i0.wp.com\/www.shqiperia.com\/blog\/wp-content\/uploads\/2019\/07\/Lec-Shkreli.-Foto-Dhurata-Hamzai-9.jpg?fit=234%2C300&amp;ssl=1\" data-large-file=\"https:\/\/i0.wp.com\/www.shqiperia.com\/blog\/wp-content\/uploads\/2019\/07\/Lec-Shkreli.-Foto-Dhurata-Hamzai-9.jpg?fit=799%2C1024&amp;ssl=1\" class=\"alignnone wp-image-23167\" alt=\"\" src=\"https:\/\/i0.wp.com\/www.shqiperia.com\/blog\/wp-content\/uploads\/2019\/07\/Lec-Shkreli.-Foto-Dhurata-Hamzai-9-234x300.jpg?resize=455%2C583\" width=\"455\" height=\"583\" srcset=\"https:\/\/i0.wp.com\/www.shqiperia.com\/blog\/wp-content\/uploads\/2019\/07\/Lec-Shkreli.-Foto-Dhurata-Hamzai-9.jpg?resize=234%2C300&amp;ssl=1 234w, https:\/\/i0.wp.com\/www.shqiperia.com\/blog\/wp-content\/uploads\/2019\/07\/Lec-Shkreli.-Foto-Dhurata-Hamzai-9.jpg?resize=768%2C985&amp;ssl=1 768w, https:\/\/i0.wp.com\/www.shqiperia.com\/blog\/wp-content\/uploads\/2019\/07\/Lec-Shkreli.-Foto-Dhurata-Hamzai-9.jpg?resize=799%2C1024&amp;ssl=1 799w, https:\/\/i0.wp.com\/www.shqiperia.com\/blog\/wp-content\/uploads\/2019\/07\/Lec-Shkreli.-Foto-Dhurata-Hamzai-9.jpg?resize=2000%2C2564&amp;ssl=1 2000w, https:\/\/i0.wp.com\/www.shqiperia.com\/blog\/wp-content\/uploads\/2019\/07\/Lec-Shkreli.-Foto-Dhurata-Hamzai-9.jpg?resize=450%2C577&amp;ssl=1 450w, https:\/\/i0.wp.com\/www.shqiperia.com\/blog\/wp-content\/uploads\/2019\/07\/Lec-Shkreli.-Foto-Dhurata-Hamzai-9.jpg?resize=600%2C769&amp;ssl=1 600w, https:\/\/i0.wp.com\/www.shqiperia.com\/blog\/wp-content\/uploads\/2019\/07\/Lec-Shkreli.-Foto-Dhurata-Hamzai-9.jpg?resize=1500%2C1923&amp;ssl=1 1500w, https:\/\/i0.wp.com\/www.shqiperia.com\/blog\/wp-content\/uploads\/2019\/07\/Lec-Shkreli.-Foto-Dhurata-Hamzai-9.jpg?resize=1300%2C1667&amp;ssl=1 1300w, https:\/\/i0.wp.com\/www.shqiperia.com\/blog\/wp-content\/uploads\/2019\/07\/Lec-Shkreli.-Foto-Dhurata-Hamzai-9.jpg?resize=400%2C513&amp;ssl=1 400w\" sizes=\"auto, (max-width: 455px) 100vw, 455px\" \/> <img data-recalc-dims=\"1\" loading=\"lazy\" decoding=\"async\" data-attachment-id=\"23168\" data-permalink=\"https:\/\/www.shqiperia.com\/blog\/lec-shkreli-me-ka-humbur-gjysma-e-pikturave-ne-institucionet-e-shtetit\/lec-shkreli\/\" data-orig-file=\"https:\/\/i0.wp.com\/www.shqiperia.com\/blog\/wp-content\/uploads\/2019\/07\/Lec-Shkreli.jpg?fit=2149%2C2676&amp;ssl=1\" data-orig-size=\"2149,2676\" data-comments-opened=\"1\" data-image-meta=\"{&quot;aperture&quot;:&quot;0&quot;,&quot;credit&quot;:&quot;&quot;,&quot;camera&quot;:&quot;&quot;,&quot;caption&quot;:&quot;&quot;,&quot;created_timestamp&quot;:&quot;0&quot;,&quot;copyright&quot;:&quot;&quot;,&quot;focal_length&quot;:&quot;0&quot;,&quot;iso&quot;:&quot;0&quot;,&quot;shutter_speed&quot;:&quot;0&quot;,&quot;title&quot;:&quot;&quot;,&quot;orientation&quot;:&quot;0&quot;}\" data-image-title=\"Lec Shkreli\" data-image-description=\"\" data-image-caption=\"\" data-medium-file=\"https:\/\/i0.wp.com\/www.shqiperia.com\/blog\/wp-content\/uploads\/2019\/07\/Lec-Shkreli.jpg?fit=241%2C300&amp;ssl=1\" data-large-file=\"https:\/\/i0.wp.com\/www.shqiperia.com\/blog\/wp-content\/uploads\/2019\/07\/Lec-Shkreli.jpg?fit=822%2C1024&amp;ssl=1\" class=\"alignnone wp-image-23168\" alt=\"\" src=\"https:\/\/i0.wp.com\/www.shqiperia.com\/blog\/wp-content\/uploads\/2019\/07\/Lec-Shkreli-241x300.jpg?resize=544%2C677\" width=\"544\" height=\"677\" srcset=\"https:\/\/i0.wp.com\/www.shqiperia.com\/blog\/wp-content\/uploads\/2019\/07\/Lec-Shkreli.jpg?resize=241%2C300&amp;ssl=1 241w, https:\/\/i0.wp.com\/www.shqiperia.com\/blog\/wp-content\/uploads\/2019\/07\/Lec-Shkreli.jpg?resize=768%2C956&amp;ssl=1 768w, https:\/\/i0.wp.com\/www.shqiperia.com\/blog\/wp-content\/uploads\/2019\/07\/Lec-Shkreli.jpg?resize=822%2C1024&amp;ssl=1 822w, https:\/\/i0.wp.com\/www.shqiperia.com\/blog\/wp-content\/uploads\/2019\/07\/Lec-Shkreli.jpg?resize=2000%2C2490&amp;ssl=1 2000w, https:\/\/i0.wp.com\/www.shqiperia.com\/blog\/wp-content\/uploads\/2019\/07\/Lec-Shkreli.jpg?resize=450%2C560&amp;ssl=1 450w, https:\/\/i0.wp.com\/www.shqiperia.com\/blog\/wp-content\/uploads\/2019\/07\/Lec-Shkreli.jpg?resize=600%2C747&amp;ssl=1 600w, https:\/\/i0.wp.com\/www.shqiperia.com\/blog\/wp-content\/uploads\/2019\/07\/Lec-Shkreli.jpg?resize=1500%2C1868&amp;ssl=1 1500w, https:\/\/i0.wp.com\/www.shqiperia.com\/blog\/wp-content\/uploads\/2019\/07\/Lec-Shkreli.jpg?resize=1300%2C1619&amp;ssl=1 1300w, https:\/\/i0.wp.com\/www.shqiperia.com\/blog\/wp-content\/uploads\/2019\/07\/Lec-Shkreli.jpg?resize=400%2C498&amp;ssl=1 400w\" sizes=\"auto, (max-width: 544px) 100vw, 544px\" \/><\/p>\n<p>T\u00eb vjedhura nga institucionet e shtetit n\u00eb periudh\u00ebn e postranzicionit komunist, ato jan\u00eb kthyer n\u00eb pron\u00eb private, p\u00ebr t\u2019u bler\u00eb m\u00eb pas nga koleksionist\u00eb t\u00eb ndrysh\u00ebm! Kur shoh dhimbjen e piktorit Lec Shkreli p\u00ebr humbjen e veprave dhe sjell nd\u00ebrmend etjen e koleksionist\u00ebve p\u00ebr t\u2019i zot\u00ebruar si antikuar\u00eb t\u00eb rrall\u00eb, problemi b\u00ebhet m\u00eb i mpreht\u00eb. \u201cM\u00eb vjen keq q\u00eb kan\u00eb humbur, edhe pse institucionet m\u2019i kan\u00eb bler\u00eb n\u00eb at\u00eb koh\u00eb, me nj\u00eb vler\u00eb jo t\u00eb madhe, por q\u00eb m\u00eb b\u00ebnte t\u00eb qet\u00eb se vepra do t\u00eb q\u00ebndronte p\u00ebrher\u00eb atje. Nd\u00ebrsa tani nuk e di ku jan\u00eb\u201d, psher\u00ebtin i mbushur brengash piktori p\u00ebr krijesat e veta. B\u00ebhet fjal\u00eb p\u00ebr vepra q\u00eb q\u00ebndronin n\u00eb muret e institucioneve para viteve \u201890 dhe n\u00eb koh\u00ebn e tranzicionit ato jan\u00eb vjedhur e shp\u00ebrdorur edhe pse kan\u00eb qen\u00eb pjes\u00eb e inventar\u00ebve t\u00eb institucione. Vepra e Lec Shkrelit, ashtu si ajo e Vangjush Mios, dhe e piktor\u00ebve t\u00eb tjer\u00eb t\u00eb shquar, q\u00eb kan\u00eb krijuar edhe fondin e art\u00eb t\u00eb Galeris\u00eb Komb\u00ebtare t\u00eb Arteve, pavar\u00ebsisht nga konteksti i koh\u00ebs q\u00eb krijuan, nuk e meritojn\u00eb k\u00ebt\u00eb humbje.<\/p>\n<p>Lec Shkreli \u00ebsht\u00eb nj\u00eb nga piktor\u00ebt q\u00eb ka b\u00ebr\u00eb histori n\u00eb artin shqiptar. Vepra e tij shfaqet mes reflekseve dhe ngjyrave t\u00eb spikatura, nj\u00eb pjes\u00eb t\u00eb k\u00ebrkuara\u00a0 n\u00eb natyr\u00eb dhe nj\u00eb pjes\u00eb brenda vetes n\u00eb loj\u00ebn e emocionit. Shkreli dallohet gjithashtu edhe p\u00ebr stilin e ve\u00e7ant\u00eb. Po si ka ardhur n\u00eb drit\u00eb krijimtaria e tij dhe a e njohim sa duhet. Le t\u00eb ndjekim intervist\u00ebn q\u00eb piktori Lec Shkreli ka dh\u00ebn\u00eb p\u00ebr \u201cShqiptarja.com\u201d gjat\u00eb nj\u00eb vizite q\u00eb b\u00ebm\u00eb n\u00eb studion e tij.<\/p>\n<p><img data-recalc-dims=\"1\" loading=\"lazy\" decoding=\"async\" data-attachment-id=\"23169\" data-permalink=\"https:\/\/www.shqiperia.com\/blog\/lec-shkreli-me-ka-humbur-gjysma-e-pikturave-ne-institucionet-e-shtetit\/lec-shkreli-foto-dhurata-hamzai-3\/\" data-orig-file=\"https:\/\/i0.wp.com\/www.shqiperia.com\/blog\/wp-content\/uploads\/2019\/07\/Lec-Shkreli.-Foto-Dhurata-Hamzai-3.jpg?fit=2716%2C2178&amp;ssl=1\" data-orig-size=\"2716,2178\" data-comments-opened=\"1\" data-image-meta=\"{&quot;aperture&quot;:&quot;1.9&quot;,&quot;credit&quot;:&quot;&quot;,&quot;camera&quot;:&quot;SM-J500FN&quot;,&quot;caption&quot;:&quot;&quot;,&quot;created_timestamp&quot;:&quot;1550505218&quot;,&quot;copyright&quot;:&quot;&quot;,&quot;focal_length&quot;:&quot;3.7&quot;,&quot;iso&quot;:&quot;640&quot;,&quot;shutter_speed&quot;:&quot;0.058823529411765&quot;,&quot;title&quot;:&quot;&quot;,&quot;orientation&quot;:&quot;1&quot;}\" data-image-title=\"Lec Shkreli. Foto Dhurata Hamzai (3)\" data-image-description=\"\" data-image-caption=\"\" data-medium-file=\"https:\/\/i0.wp.com\/www.shqiperia.com\/blog\/wp-content\/uploads\/2019\/07\/Lec-Shkreli.-Foto-Dhurata-Hamzai-3.jpg?fit=300%2C241&amp;ssl=1\" data-large-file=\"https:\/\/i0.wp.com\/www.shqiperia.com\/blog\/wp-content\/uploads\/2019\/07\/Lec-Shkreli.-Foto-Dhurata-Hamzai-3.jpg?fit=1024%2C821&amp;ssl=1\" class=\"alignnone wp-image-23169\" alt=\"\" src=\"https:\/\/i0.wp.com\/www.shqiperia.com\/blog\/wp-content\/uploads\/2019\/07\/Lec-Shkreli.-Foto-Dhurata-Hamzai-3-300x241.jpg?resize=599%2C481\" width=\"599\" height=\"481\" srcset=\"https:\/\/i0.wp.com\/www.shqiperia.com\/blog\/wp-content\/uploads\/2019\/07\/Lec-Shkreli.-Foto-Dhurata-Hamzai-3.jpg?resize=300%2C241&amp;ssl=1 300w, https:\/\/i0.wp.com\/www.shqiperia.com\/blog\/wp-content\/uploads\/2019\/07\/Lec-Shkreli.-Foto-Dhurata-Hamzai-3.jpg?resize=768%2C616&amp;ssl=1 768w, https:\/\/i0.wp.com\/www.shqiperia.com\/blog\/wp-content\/uploads\/2019\/07\/Lec-Shkreli.-Foto-Dhurata-Hamzai-3.jpg?resize=1024%2C821&amp;ssl=1 1024w, https:\/\/i0.wp.com\/www.shqiperia.com\/blog\/wp-content\/uploads\/2019\/07\/Lec-Shkreli.-Foto-Dhurata-Hamzai-3.jpg?resize=2000%2C1604&amp;ssl=1 2000w, https:\/\/i0.wp.com\/www.shqiperia.com\/blog\/wp-content\/uploads\/2019\/07\/Lec-Shkreli.-Foto-Dhurata-Hamzai-3.jpg?resize=450%2C361&amp;ssl=1 450w, https:\/\/i0.wp.com\/www.shqiperia.com\/blog\/wp-content\/uploads\/2019\/07\/Lec-Shkreli.-Foto-Dhurata-Hamzai-3.jpg?resize=600%2C481&amp;ssl=1 600w, https:\/\/i0.wp.com\/www.shqiperia.com\/blog\/wp-content\/uploads\/2019\/07\/Lec-Shkreli.-Foto-Dhurata-Hamzai-3.jpg?resize=1500%2C1203&amp;ssl=1 1500w, https:\/\/i0.wp.com\/www.shqiperia.com\/blog\/wp-content\/uploads\/2019\/07\/Lec-Shkreli.-Foto-Dhurata-Hamzai-3.jpg?resize=1300%2C1042&amp;ssl=1 1300w, https:\/\/i0.wp.com\/www.shqiperia.com\/blog\/wp-content\/uploads\/2019\/07\/Lec-Shkreli.-Foto-Dhurata-Hamzai-3.jpg?resize=400%2C321&amp;ssl=1 400w\" sizes=\"auto, (max-width: 599px) 100vw, 599px\" \/> <img data-recalc-dims=\"1\" loading=\"lazy\" decoding=\"async\" data-attachment-id=\"23170\" data-permalink=\"https:\/\/www.shqiperia.com\/blog\/lec-shkreli-me-ka-humbur-gjysma-e-pikturave-ne-institucionet-e-shtetit\/lec-shkreli-foto-dhurata-hamzai-4\/\" data-orig-file=\"https:\/\/i0.wp.com\/www.shqiperia.com\/blog\/wp-content\/uploads\/2019\/07\/Lec-Shkreli.-Foto-Dhurata-Hamzai-4.jpg?fit=2598%2C2107&amp;ssl=1\" data-orig-size=\"2598,2107\" data-comments-opened=\"1\" data-image-meta=\"{&quot;aperture&quot;:&quot;1.9&quot;,&quot;credit&quot;:&quot;&quot;,&quot;camera&quot;:&quot;SM-J500FN&quot;,&quot;caption&quot;:&quot;&quot;,&quot;created_timestamp&quot;:&quot;1550505170&quot;,&quot;copyright&quot;:&quot;&quot;,&quot;focal_length&quot;:&quot;3.7&quot;,&quot;iso&quot;:&quot;200&quot;,&quot;shutter_speed&quot;:&quot;0.03030303030303&quot;,&quot;title&quot;:&quot;&quot;,&quot;orientation&quot;:&quot;1&quot;}\" data-image-title=\"Lec Shkreli. Foto Dhurata Hamzai (4)\" data-image-description=\"\" data-image-caption=\"\" data-medium-file=\"https:\/\/i0.wp.com\/www.shqiperia.com\/blog\/wp-content\/uploads\/2019\/07\/Lec-Shkreli.-Foto-Dhurata-Hamzai-4.jpg?fit=300%2C243&amp;ssl=1\" data-large-file=\"https:\/\/i0.wp.com\/www.shqiperia.com\/blog\/wp-content\/uploads\/2019\/07\/Lec-Shkreli.-Foto-Dhurata-Hamzai-4.jpg?fit=1024%2C830&amp;ssl=1\" class=\"alignnone wp-image-23170\" alt=\"\" src=\"https:\/\/i0.wp.com\/www.shqiperia.com\/blog\/wp-content\/uploads\/2019\/07\/Lec-Shkreli.-Foto-Dhurata-Hamzai-4-300x243.jpg?resize=467%2C378\" width=\"467\" height=\"378\" srcset=\"https:\/\/i0.wp.com\/www.shqiperia.com\/blog\/wp-content\/uploads\/2019\/07\/Lec-Shkreli.-Foto-Dhurata-Hamzai-4.jpg?resize=300%2C243&amp;ssl=1 300w, https:\/\/i0.wp.com\/www.shqiperia.com\/blog\/wp-content\/uploads\/2019\/07\/Lec-Shkreli.-Foto-Dhurata-Hamzai-4.jpg?resize=768%2C623&amp;ssl=1 768w, https:\/\/i0.wp.com\/www.shqiperia.com\/blog\/wp-content\/uploads\/2019\/07\/Lec-Shkreli.-Foto-Dhurata-Hamzai-4.jpg?resize=1024%2C830&amp;ssl=1 1024w, https:\/\/i0.wp.com\/www.shqiperia.com\/blog\/wp-content\/uploads\/2019\/07\/Lec-Shkreli.-Foto-Dhurata-Hamzai-4.jpg?resize=2000%2C1622&amp;ssl=1 2000w, https:\/\/i0.wp.com\/www.shqiperia.com\/blog\/wp-content\/uploads\/2019\/07\/Lec-Shkreli.-Foto-Dhurata-Hamzai-4.jpg?resize=450%2C365&amp;ssl=1 450w, https:\/\/i0.wp.com\/www.shqiperia.com\/blog\/wp-content\/uploads\/2019\/07\/Lec-Shkreli.-Foto-Dhurata-Hamzai-4.jpg?resize=600%2C487&amp;ssl=1 600w, https:\/\/i0.wp.com\/www.shqiperia.com\/blog\/wp-content\/uploads\/2019\/07\/Lec-Shkreli.-Foto-Dhurata-Hamzai-4.jpg?resize=1500%2C1217&amp;ssl=1 1500w, https:\/\/i0.wp.com\/www.shqiperia.com\/blog\/wp-content\/uploads\/2019\/07\/Lec-Shkreli.-Foto-Dhurata-Hamzai-4.jpg?resize=1300%2C1054&amp;ssl=1 1300w, https:\/\/i0.wp.com\/www.shqiperia.com\/blog\/wp-content\/uploads\/2019\/07\/Lec-Shkreli.-Foto-Dhurata-Hamzai-4.jpg?resize=400%2C324&amp;ssl=1 400w\" sizes=\"auto, (max-width: 467px) 100vw, 467px\" \/> <img data-recalc-dims=\"1\" loading=\"lazy\" decoding=\"async\" data-attachment-id=\"23171\" data-permalink=\"https:\/\/www.shqiperia.com\/blog\/lec-shkreli-me-ka-humbur-gjysma-e-pikturave-ne-institucionet-e-shtetit\/lec-shkreli-foto-dhurata-hamzai-6\/\" data-orig-file=\"https:\/\/i0.wp.com\/www.shqiperia.com\/blog\/wp-content\/uploads\/2019\/07\/Lec-Shkreli.-Foto-Dhurata-Hamzai-6.jpg?fit=2416%2C2103&amp;ssl=1\" data-orig-size=\"2416,2103\" data-comments-opened=\"1\" data-image-meta=\"{&quot;aperture&quot;:&quot;1.9&quot;,&quot;credit&quot;:&quot;&quot;,&quot;camera&quot;:&quot;SM-J500FN&quot;,&quot;caption&quot;:&quot;&quot;,&quot;created_timestamp&quot;:&quot;1550577279&quot;,&quot;copyright&quot;:&quot;&quot;,&quot;focal_length&quot;:&quot;3.7&quot;,&quot;iso&quot;:&quot;200&quot;,&quot;shutter_speed&quot;:&quot;0.058823529411765&quot;,&quot;title&quot;:&quot;&quot;,&quot;orientation&quot;:&quot;1&quot;}\" data-image-title=\"Lec Shkreli. Foto Dhurata Hamzai (6)\" data-image-description=\"\" data-image-caption=\"\" data-medium-file=\"https:\/\/i0.wp.com\/www.shqiperia.com\/blog\/wp-content\/uploads\/2019\/07\/Lec-Shkreli.-Foto-Dhurata-Hamzai-6.jpg?fit=300%2C261&amp;ssl=1\" data-large-file=\"https:\/\/i0.wp.com\/www.shqiperia.com\/blog\/wp-content\/uploads\/2019\/07\/Lec-Shkreli.-Foto-Dhurata-Hamzai-6.jpg?fit=1024%2C891&amp;ssl=1\" class=\"alignnone wp-image-23171\" alt=\"\" src=\"https:\/\/i0.wp.com\/www.shqiperia.com\/blog\/wp-content\/uploads\/2019\/07\/Lec-Shkreli.-Foto-Dhurata-Hamzai-6-300x261.jpg?resize=646%2C562\" width=\"646\" height=\"562\" srcset=\"https:\/\/i0.wp.com\/www.shqiperia.com\/blog\/wp-content\/uploads\/2019\/07\/Lec-Shkreli.-Foto-Dhurata-Hamzai-6.jpg?resize=300%2C261&amp;ssl=1 300w, https:\/\/i0.wp.com\/www.shqiperia.com\/blog\/wp-content\/uploads\/2019\/07\/Lec-Shkreli.-Foto-Dhurata-Hamzai-6.jpg?resize=768%2C669&amp;ssl=1 768w, https:\/\/i0.wp.com\/www.shqiperia.com\/blog\/wp-content\/uploads\/2019\/07\/Lec-Shkreli.-Foto-Dhurata-Hamzai-6.jpg?resize=1024%2C891&amp;ssl=1 1024w, https:\/\/i0.wp.com\/www.shqiperia.com\/blog\/wp-content\/uploads\/2019\/07\/Lec-Shkreli.-Foto-Dhurata-Hamzai-6.jpg?resize=2000%2C1741&amp;ssl=1 2000w, https:\/\/i0.wp.com\/www.shqiperia.com\/blog\/wp-content\/uploads\/2019\/07\/Lec-Shkreli.-Foto-Dhurata-Hamzai-6.jpg?resize=450%2C392&amp;ssl=1 450w, https:\/\/i0.wp.com\/www.shqiperia.com\/blog\/wp-content\/uploads\/2019\/07\/Lec-Shkreli.-Foto-Dhurata-Hamzai-6.jpg?resize=600%2C522&amp;ssl=1 600w, https:\/\/i0.wp.com\/www.shqiperia.com\/blog\/wp-content\/uploads\/2019\/07\/Lec-Shkreli.-Foto-Dhurata-Hamzai-6.jpg?resize=1500%2C1306&amp;ssl=1 1500w, https:\/\/i0.wp.com\/www.shqiperia.com\/blog\/wp-content\/uploads\/2019\/07\/Lec-Shkreli.-Foto-Dhurata-Hamzai-6.jpg?resize=1300%2C1132&amp;ssl=1 1300w, https:\/\/i0.wp.com\/www.shqiperia.com\/blog\/wp-content\/uploads\/2019\/07\/Lec-Shkreli.-Foto-Dhurata-Hamzai-6.jpg?resize=400%2C348&amp;ssl=1 400w\" sizes=\"auto, (max-width: 646px) 100vw, 646px\" \/> <img data-recalc-dims=\"1\" loading=\"lazy\" decoding=\"async\" data-attachment-id=\"23172\" data-permalink=\"https:\/\/www.shqiperia.com\/blog\/lec-shkreli-me-ka-humbur-gjysma-e-pikturave-ne-institucionet-e-shtetit\/lec-shkreli-foto-dhurata-hamzai-7\/\" data-orig-file=\"https:\/\/i0.wp.com\/www.shqiperia.com\/blog\/wp-content\/uploads\/2019\/07\/Lec-Shkreli.-Foto-Dhurata-Hamzai-7.jpg?fit=4289%2C2318&amp;ssl=1\" data-orig-size=\"4289,2318\" data-comments-opened=\"1\" data-image-meta=\"{&quot;aperture&quot;:&quot;1.9&quot;,&quot;credit&quot;:&quot;&quot;,&quot;camera&quot;:&quot;SM-J500FN&quot;,&quot;caption&quot;:&quot;&quot;,&quot;created_timestamp&quot;:&quot;1550504216&quot;,&quot;copyright&quot;:&quot;&quot;,&quot;focal_length&quot;:&quot;3.7&quot;,&quot;iso&quot;:&quot;160&quot;,&quot;shutter_speed&quot;:&quot;0.03030303030303&quot;,&quot;title&quot;:&quot;&quot;,&quot;orientation&quot;:&quot;1&quot;}\" data-image-title=\"Lec Shkreli. Foto Dhurata Hamzai (7)\" data-image-description=\"\" data-image-caption=\"\" data-medium-file=\"https:\/\/i0.wp.com\/www.shqiperia.com\/blog\/wp-content\/uploads\/2019\/07\/Lec-Shkreli.-Foto-Dhurata-Hamzai-7.jpg?fit=300%2C162&amp;ssl=1\" data-large-file=\"https:\/\/i0.wp.com\/www.shqiperia.com\/blog\/wp-content\/uploads\/2019\/07\/Lec-Shkreli.-Foto-Dhurata-Hamzai-7.jpg?fit=1024%2C553&amp;ssl=1\" class=\"alignnone wp-image-23172\" alt=\"\" src=\"https:\/\/i0.wp.com\/www.shqiperia.com\/blog\/wp-content\/uploads\/2019\/07\/Lec-Shkreli.-Foto-Dhurata-Hamzai-7-300x162.jpg?resize=744%2C402\" width=\"744\" height=\"402\" srcset=\"https:\/\/i0.wp.com\/www.shqiperia.com\/blog\/wp-content\/uploads\/2019\/07\/Lec-Shkreli.-Foto-Dhurata-Hamzai-7.jpg?resize=300%2C162&amp;ssl=1 300w, https:\/\/i0.wp.com\/www.shqiperia.com\/blog\/wp-content\/uploads\/2019\/07\/Lec-Shkreli.-Foto-Dhurata-Hamzai-7.jpg?resize=768%2C415&amp;ssl=1 768w, https:\/\/i0.wp.com\/www.shqiperia.com\/blog\/wp-content\/uploads\/2019\/07\/Lec-Shkreli.-Foto-Dhurata-Hamzai-7.jpg?resize=1024%2C553&amp;ssl=1 1024w, https:\/\/i0.wp.com\/www.shqiperia.com\/blog\/wp-content\/uploads\/2019\/07\/Lec-Shkreli.-Foto-Dhurata-Hamzai-7.jpg?resize=2000%2C1081&amp;ssl=1 2000w, https:\/\/i0.wp.com\/www.shqiperia.com\/blog\/wp-content\/uploads\/2019\/07\/Lec-Shkreli.-Foto-Dhurata-Hamzai-7.jpg?resize=450%2C243&amp;ssl=1 450w, https:\/\/i0.wp.com\/www.shqiperia.com\/blog\/wp-content\/uploads\/2019\/07\/Lec-Shkreli.-Foto-Dhurata-Hamzai-7.jpg?resize=600%2C324&amp;ssl=1 600w, https:\/\/i0.wp.com\/www.shqiperia.com\/blog\/wp-content\/uploads\/2019\/07\/Lec-Shkreli.-Foto-Dhurata-Hamzai-7.jpg?resize=1500%2C811&amp;ssl=1 1500w, https:\/\/i0.wp.com\/www.shqiperia.com\/blog\/wp-content\/uploads\/2019\/07\/Lec-Shkreli.-Foto-Dhurata-Hamzai-7.jpg?resize=1300%2C703&amp;ssl=1 1300w, https:\/\/i0.wp.com\/www.shqiperia.com\/blog\/wp-content\/uploads\/2019\/07\/Lec-Shkreli.-Foto-Dhurata-Hamzai-7.jpg?resize=400%2C216&amp;ssl=1 400w, https:\/\/i0.wp.com\/www.shqiperia.com\/blog\/wp-content\/uploads\/2019\/07\/Lec-Shkreli.-Foto-Dhurata-Hamzai-7.jpg?w=3000&amp;ssl=1 3000w\" sizes=\"auto, (max-width: 744px) 100vw, 744px\" \/> <img data-recalc-dims=\"1\" loading=\"lazy\" decoding=\"async\" data-attachment-id=\"23173\" data-permalink=\"https:\/\/www.shqiperia.com\/blog\/lec-shkreli-me-ka-humbur-gjysma-e-pikturave-ne-institucionet-e-shtetit\/lec-shkreli-foto-dhurata-hamzai-11\/\" data-orig-file=\"https:\/\/i0.wp.com\/www.shqiperia.com\/blog\/wp-content\/uploads\/2019\/07\/Lec-Shkreli.-Foto-Dhurata-Hamzai-11.jpg?fit=2566%2C1948&amp;ssl=1\" data-orig-size=\"2566,1948\" data-comments-opened=\"1\" data-image-meta=\"{&quot;aperture&quot;:&quot;1.9&quot;,&quot;credit&quot;:&quot;&quot;,&quot;camera&quot;:&quot;SM-J500FN&quot;,&quot;caption&quot;:&quot;&quot;,&quot;created_timestamp&quot;:&quot;1550504387&quot;,&quot;copyright&quot;:&quot;&quot;,&quot;focal_length&quot;:&quot;3.7&quot;,&quot;iso&quot;:&quot;320&quot;,&quot;shutter_speed&quot;:&quot;0.058823529411765&quot;,&quot;title&quot;:&quot;&quot;,&quot;orientation&quot;:&quot;1&quot;}\" data-image-title=\"Lec Shkreli. Foto Dhurata Hamzai (11)\" data-image-description=\"\" data-image-caption=\"\" data-medium-file=\"https:\/\/i0.wp.com\/www.shqiperia.com\/blog\/wp-content\/uploads\/2019\/07\/Lec-Shkreli.-Foto-Dhurata-Hamzai-11.jpg?fit=300%2C228&amp;ssl=1\" data-large-file=\"https:\/\/i0.wp.com\/www.shqiperia.com\/blog\/wp-content\/uploads\/2019\/07\/Lec-Shkreli.-Foto-Dhurata-Hamzai-11.jpg?fit=1024%2C777&amp;ssl=1\" class=\"alignnone wp-image-23173\" alt=\"\" src=\"https:\/\/i0.wp.com\/www.shqiperia.com\/blog\/wp-content\/uploads\/2019\/07\/Lec-Shkreli.-Foto-Dhurata-Hamzai-11-300x228.jpg?resize=709%2C539\" width=\"709\" height=\"539\" srcset=\"https:\/\/i0.wp.com\/www.shqiperia.com\/blog\/wp-content\/uploads\/2019\/07\/Lec-Shkreli.-Foto-Dhurata-Hamzai-11.jpg?resize=300%2C228&amp;ssl=1 300w, https:\/\/i0.wp.com\/www.shqiperia.com\/blog\/wp-content\/uploads\/2019\/07\/Lec-Shkreli.-Foto-Dhurata-Hamzai-11.jpg?resize=768%2C583&amp;ssl=1 768w, https:\/\/i0.wp.com\/www.shqiperia.com\/blog\/wp-content\/uploads\/2019\/07\/Lec-Shkreli.-Foto-Dhurata-Hamzai-11.jpg?resize=1024%2C777&amp;ssl=1 1024w, https:\/\/i0.wp.com\/www.shqiperia.com\/blog\/wp-content\/uploads\/2019\/07\/Lec-Shkreli.-Foto-Dhurata-Hamzai-11.jpg?resize=2000%2C1518&amp;ssl=1 2000w, https:\/\/i0.wp.com\/www.shqiperia.com\/blog\/wp-content\/uploads\/2019\/07\/Lec-Shkreli.-Foto-Dhurata-Hamzai-11.jpg?resize=450%2C342&amp;ssl=1 450w, https:\/\/i0.wp.com\/www.shqiperia.com\/blog\/wp-content\/uploads\/2019\/07\/Lec-Shkreli.-Foto-Dhurata-Hamzai-11.jpg?resize=600%2C455&amp;ssl=1 600w, https:\/\/i0.wp.com\/www.shqiperia.com\/blog\/wp-content\/uploads\/2019\/07\/Lec-Shkreli.-Foto-Dhurata-Hamzai-11.jpg?resize=1500%2C1139&amp;ssl=1 1500w, https:\/\/i0.wp.com\/www.shqiperia.com\/blog\/wp-content\/uploads\/2019\/07\/Lec-Shkreli.-Foto-Dhurata-Hamzai-11.jpg?resize=1300%2C987&amp;ssl=1 1300w, https:\/\/i0.wp.com\/www.shqiperia.com\/blog\/wp-content\/uploads\/2019\/07\/Lec-Shkreli.-Foto-Dhurata-Hamzai-11.jpg?resize=400%2C304&amp;ssl=1 400w\" sizes=\"auto, (max-width: 709px) 100vw, 709px\" \/><\/p>\n<p><strong>Intervista<\/strong><\/p>\n<p><strong>Profesor Shkreli, karriera juaj \u00ebsht\u00eb e gjat\u00eb dhe ju jeni nj\u00eb em\u00ebr i ve\u00e7ant\u00eb n\u00eb fush\u00ebn e piktur\u00ebs. V\u00ebrej n\u00eb tablot\u00eb tuaja nj\u00eb k\u00ebmb\u00ebngulje p\u00ebr ruajtjen e element\u00ebve etnografik\u00eb, pse e b\u00ebni k\u00ebt\u00eb?<\/strong><\/p>\n<p>-M\u00eb duket nj\u00eb zgjedhje me mend n\u00eb k\u00ebt\u00eb rast, sepse un\u00eb kam gjetur veten n\u00eb element\u00eb t\u00eb tradit\u00ebs dhe i interpretoj ato n\u00eb piktur\u00eb. Kjo ka r\u00ebnd\u00ebsi, sepse ka piktor\u00eb q\u00eb s\u2019e kan\u00eb gjetur vetveten ende. T\u00eb mb\u00ebshtetesh tek tradita \u00ebsht\u00eb gj\u00ebja m\u00eb e madhe dhe m\u00eb kryesore, sepse mbetesh gjithmon\u00eb shqiptar. Kjo m\u00eb b\u00ebn t\u00eb ndihem mir\u00eb, sepse shoh t\u00eb rinjt\u00eb sot q\u00eb p\u00ebrpiqen ta moderojn\u00eb artin e tyre, por ata edhe p\u00ebrpiqen t\u2019i japin nj\u00eb shpjegim asaj q\u00eb kan\u00eb b\u00ebr\u00eb. P\u00ebr mendimin tim, piktura nuk ka nevoj\u00eb p\u00ebr shpjegim, n\u00eb cilindo variant q\u00eb t\u00eb b\u00ebhet; arkaik, klasik apo modern. Un\u00eb nuk jam kund\u00ebr artit t\u00eb rinjve, por un\u00eb k\u00ebmb\u00ebngul n\u00eb b\u00ebrjen e nj\u00eb piktur\u00eb q\u00eb duhet t\u00eb flas vet\u00eb, ka nj\u00eb p\u00ebrgjith\u00ebsim, nj\u00eb sh\u00ebnim kuratorial ku duhet folur, por ekspozita, piktura dhe arti dueht t\u00eb flasin vet\u00eb. Dhe k\u00ebshtu un\u00eb p\u00ebrpiqem q\u00eb ta \u00e7oj\u00eb piktur\u00ebn n\u00eb koncepte m\u00eb moderne, por q\u00eb t\u00eb jem un\u00eb. Dhe un\u00eb pikturoj e zbuloj motive, peizazhe, ngjarje shqiptare n\u00eb qytet dhe fshatra shqiptare. Nuk kam l\u00ebn\u00eb vend pa skicuar q\u00eb plot\u00ebsojn\u00eb piktur\u00ebn time.<\/p>\n<p><strong>\u00cbsht\u00eb q\u00ebllimi juaj ky, q\u00eb ta p\u00ebrfshini t\u00eb gjith\u00eb Shqip\u00ebrin\u00eb n\u00eb kuadrin e piktur\u00ebs tuaj?<\/strong><\/p>\n<p>-Po. Un\u00eb k\u00ebshtu e ndjej. Piktur\u00ebn edhe duhet ta k\u00ebrkosh. Kudo q\u00eb shkoj un\u00eb skicoj nj\u00eb motiv p\u00ebr piktur\u00ebn time.<\/p>\n<p><strong>Sa vepra keni n\u00eb fondin e Galerin\u00eb Komb\u00ebtare t\u00eb Arteve deri m\u00eb sot?<\/strong><\/p>\n<p>-Un\u00eb kam rreth 12 piktura n\u00eb fondin e Galeris\u00eb Komb\u00ebtare t\u00eb Arteve, por ato jan\u00eb t\u00ebrhequr her\u00ebt atje. Mendoj se vet\u00eb Galeria Komb\u00ebtare e Arteve duhet ta vijoj\u00eb pun\u00ebn p\u00ebr mbledhjen e veprave t\u00eb zgjedhura t\u00eb artit shqiptar. K\u00ebtu ka edhe nj\u00eb problem, t\u00eb till\u00eb, si\u00e7 erdhi puna me k\u00ebt\u00eb drejtorin e ri q\u00eb erdhi n\u00eb krye t\u00eb Galeris\u00eb Komb\u00ebtare t\u00eb Arteve (e ka fjal\u00ebn p\u00ebr Erzen Shkolollin). T\u00eb krijohet p\u00ebrshtypja se ky nuk e njeh fare historin\u00eb e artit shqiptar. Nuk ka prezantuar asnj\u00eb program, asnj\u00eb vizion p\u00ebr t\u00eb par\u00eb se \u00e7\u2019b\u00ebhet sot me artin shqiptar, dhe \u00e7\u2019\u00ebsht\u00eb b\u00ebr\u00eb me par\u00eb, \u00e7far\u00eb niveli kan\u00eb. Dhe duhet s\u00eb pari ai t\u00eb jet\u00eb me nivel t\u00eb lart\u00eb q\u00eb t\u00eb b\u00ebj\u00eb k\u00ebt\u00eb pun\u00eb. Dhe duhet v\u00ebn\u00eb gishti nga kjo drejtori e Galeris\u00eb Komb\u00ebtare q\u00eb ky autor m\u00eb duhet p\u00ebr ekspozit\u00eb, sepse ky prezanton nj\u00eb m\u00ebnyr\u00eb apo nj\u00eb tjet\u00ebr krijimtarie komb\u00ebtare, ky p\u00ebrfaq\u00ebson at\u00eb apo k\u00ebt\u00eb faz\u00eb zhvillimi t\u00eb artit. Ndryshe pse do ta quanin Galeria Komb\u00ebtare e Arteve. \u00cbsht\u00eb institucioni i vet\u00ebm q\u00eb duhet t\u00eb p\u00ebrgjigjet p\u00ebr ecurin\u00eb dhe zhvillimin e pand\u00ebrprer\u00eb t\u00eb artit shqiptar. Dhe duhet t\u00eb mblidhet edhe nj\u00eb komision p\u00ebr t\u00eb bler\u00eb nj\u00eb apo dy pun\u00eb t\u00eb artist\u00ebve. Interesi \u00ebsht\u00eb i p\u00ebrbashk\u00ebt, edhe p\u00ebr ne edhe p\u00ebr kultur\u00ebn e vendit, ku ka nj\u00eb fond t\u00eb caktuar, dhe historia ime apo e autor\u00ebve t\u00eb tjer\u00eb vazhdon, zgjerohet. N\u00eb k\u00ebt\u00eb pik\u00ebpamje k\u00ebto funksione q\u00eb ka pasur Galeria Komb\u00ebtare e Arteve nuk duhet t\u2019i ndaloj\u00eb.<\/p>\n<p><strong>Si e shpjegon k\u00ebt\u00eb ndryshim t\u00eb menj\u00ebhersh\u00ebm nga aktivitet e shumta q\u00eb b\u00ebheshin n\u00eb drejtimin e ish drejtorit Artan Shabani tek \u201cheshtja\u201d e Erzen Shkolollit si drejtor aktual i Galeris\u00eb Komb\u00ebtare t\u00eb Arteve?<\/strong><\/p>\n<p>-Po v\u00ebrtet\u00eb ka nj\u00eb heshtje t\u00eb menj\u00ebhershme t\u00eb nj\u00eb drejtuesi q\u00eb kur e mori detyr\u00ebn. Nuk di sesi ta shpjegoj\u00eb k\u00ebt\u00eb heshtje, k\u00ebt\u00eb munges\u00eb komunikimi me artist\u00ebt shqiptar\u00eb tek drejtori i ri. Ky drejtor nuk vihet re t\u00eb b\u00ebj asnj\u00eb p\u00ebrpjekje p\u00ebr t\u00eb krijuar marr\u00ebdh\u00ebniet me artin shqiptar. Artist\u00ebt ndihen t\u00eb shk\u00ebputur p\u00ebrfundimisht nga institucioni dhe n\u00ebse shkon atje nuk ke \u00e7\u2019ekspozit\u00eb t\u00eb shoh\u00ebsh, sepse sall\u00ebn e Realizmit Socialist t\u00eb vetmet q\u00eb gjenden aty e kemi par\u00eb 100 her\u00eb. Dhe koha kalon. Po shkon viti i dyt\u00eb q\u00eb ai \u00ebsht\u00eb aty. Ne se dim\u00eb fare kush \u00ebsht\u00eb ku drejtor, na ka prer\u00eb rrug\u00ebn p\u00ebr n\u00eb Galerin\u00eb Komb\u00ebtare. Ne nuk ballafaqohemi me t\u00eb, nuk takohemi me t\u00eb. S\u00eb pari, ai duhet t\u00eb b\u00ebj\u00eb ekspozita, ku t\u00eb thirren edhe krijuesit t\u00eb takohen e t\u00eb merrte edhe mendimi kritik p\u00ebr krijimtarin\u00eb, kjo l\u00ebvizje i sh\u00ebrben vet\u00eb personit si drejtues, q\u00eb ai t\u00eb dij\u00eb ku \u00ebsht\u00eb, cil\u00ebt jan\u00eb artist\u00ebt shqiptar\u00eb, \u00e7\u2019duhet t\u00eb b\u00ebj\u00eb n\u00eb lidhje me ta dhe arritjet e tyre. Pik\u00ebpyetje \u00ebsht\u00eb kjo pun\u00eb e k\u00ebtij drejtuesi, pse ky q\u00ebndrim..?! Un\u00eb b\u00ebj\u00eb nj\u00eb krahasim me drejtor\u00ebt e m\u00ebparsh\u00ebm, por me t\u00eb mirat e t\u00eb k\u00ebqijat e tyre kan\u00eb qen\u00eb m\u00eb aktiv\u00eb, e kan\u00eb v\u00ebn\u00eb n\u00eb eficens\u00eb Galerin\u00eb Komb\u00ebtare. Tani m\u00eb nuk dihet se \u00e7\u2019b\u00ebhet aty.<\/p>\n<p><strong>Ju keni nj\u00eb karrier\u00eb gati 50-vje\u00e7are. Si ka nisur rrug\u00ebtimi juaj n\u00eb bot\u00ebn e artit?<\/strong><\/p>\n<p>-Un\u00eb kam pasur gjithmon\u00eb probleme p\u00ebr t\u00eb hyr\u00eb n\u00eb shkoll\u00eb, sepse m\u00eb b\u00ebhej nj\u00eb ngat\u00ebrres\u00eb me nj\u00eb person q\u00eb kishte emrin dhe mosh\u00ebn e tim ati, e q\u00eb kishte dy f\u00ebmij\u00eb q\u00eb n\u00eb at\u00eb koh\u00eb e konsideronin me biografi t\u00eb keqe, si\u00e7 ishte regjimi i koh\u00ebs. Kur un\u00eb fitova konkursin p\u00ebr piktur\u00eb nuk m\u00eb than\u00eb p\u00ebrgjigje. Kishin th\u00ebn\u00eb, jo, jo ky nuk do t\u00eb futet n\u00eb Lice. Pra m\u00eb duhej t\u00eb insistoja duke k\u00ebrkuar t\u00eb drejt\u00ebn time p\u00ebr n\u00eb lice, sepse nuk e kuptoja si ishte puna. Vilson Kilica dhe Guri Madhi m\u00eb kan\u00eb ndihmuar n\u00eb sqarimin e k\u00ebtyre situatave edhe duke shkuar m\u00eb tej, kur un\u00eb futa n\u00eb Akademin\u00eb e Arteve, sepse edhe atje nis\u00ebn s\u00ebrish ngat\u00ebrresa t\u00eb k\u00ebsaj natyre. Madje Vilson Kilica m\u00eb ndihmoj q\u00eb t\u00eb shkoja t\u00eb takoja edhe Ministrin e Arsimit p\u00ebr ta zgjidhur k\u00ebt\u00eb pun\u00ebn time. E k\u00ebshtu un\u00eb nisa rrug\u00ebn e \u00ebndrrave t\u00eb mia.<\/p>\n<p><strong>Kini n\u00eb tablot\u00eb tuaja personazhe t\u00eb jet\u00ebs q\u00eb i keni admiruar?<\/strong><\/p>\n<p>P\u00ebr sa iu p\u00ebrket personazheve, un\u00eb n\u00eb koh\u00ebn e komunizmit, kam qen\u00eb i porositur q\u00eb t\u00eb punoja me figurat e heronjve. N\u00eb at\u00eb koh\u00eb ashtu punohej me tematika, por interpretimi i figurave t\u00eb heronjve m\u2019u vu si detyr\u00eb mua. Kjo porosi m\u00eb erdhi sepse udh\u00ebheq\u00ebsve t\u00eb koh\u00ebs u kishte b\u00ebr\u00eb p\u00ebrshtypje nj\u00eb piktur\u00eb e imja n\u00eb ekspozit\u00eb. Isha 33 vje\u00e7 at\u00ebher\u00eb dhe brenda asaj kornize t\u00eb koh\u00ebs, por duke iu dh\u00ebn\u00eb figurave konceptin dhe stilin tim artistik k\u00ebto piktura jan\u00eb vler\u00ebsuar, dhe shumica e tyre kan\u00eb qen\u00eb n\u00eb tekste shkollash, n\u00eb pulla t\u00eb post\u00ebs.<\/p>\n<p><strong>Si konceptohej n\u00eb at\u00eb koh\u00eb, kishe pak\u00ebnaq\u00ebsi p\u00ebr komunizmin apo ndiheshe mir\u00eb?<\/strong><\/p>\n<p>N\u00eb at\u00eb koh\u00eb un\u00eb ndihesha m\u00eb mir\u00eb, kishte shum\u00eb interes p\u00ebr artin dhe artis\u00ebt. Artist\u00eb kishin nj\u00eb qend\u00ebr, Lidhjen e Shkrimtar\u00ebve dhe Artist\u00ebve, ku mblidheshin e diskutonin, u jepeshin studio. Fakt \u00ebsht\u00eb se veprat nuk na jan\u00eb paguar kushedi se \u00e7far\u00eb, por arti zhvillohej dhe ai q\u00eb ishte artist do t\u00eb zhvillohej, pavar\u00ebsisht tematikave t\u00eb caktuara. Un\u00eb kam pasur profesor t\u00eb talentuar, njoh\u00ebs t\u00eb thell\u00eb t\u00eb artit. Kam qen\u00eb nx\u00ebn\u00ebs i profesor\u00ebve Abdurrahim Buza, Sadik Kaceli, Kristina Koljaka, Janaq Pa\u00e7o, q\u00eb na jepte anatomi artistike. Dhe k\u00ebta profesor\u00eb t\u00eb shkoll\u00ebs s\u00eb mesme kishin studiuar n\u00eb per\u00ebndim.<\/p>\n<p><strong>Ju m\u00eb that\u00eb m\u00eb lart, se keni b\u00ebr\u00eb piktura t\u00eb shum\u00eb heronjve t\u00eb periudh\u00ebs s\u00eb diktatur\u00ebs, q\u00eb sot shihen nga disa me skepticiz\u00ebm. Mos vall\u00eb ka ndikuar n\u00eb humbjen e tyre n\u00ebnvleft\u00ebsimi q\u00eb iu b\u00eb n\u00eb nj\u00eb koh\u00eb tranzicioni k\u00ebtyre veprave?<\/strong><\/p>\n<p>-Pikturat q\u00eb kan\u00eb humbur kan\u00eb qen\u00eb t\u00eb vler\u00ebsuar nga artist\u00eb dhe studiues t\u00eb njohur t\u00eb artit. Ky vler\u00ebsim ishte funksional n\u00eb at\u00eb koh\u00eb. Nj\u00eb pjes\u00eb t\u00eb madhe n\u00eb baz\u00eb t\u00eb k\u00ebtij vler\u00ebsimi t\u2019i shiste shteti n\u00eb dikastere, n\u00eb shkolla, n\u00eb universitete. Pavar\u00ebsisht se ishte vepra ime, me ato \u00e7mimet t\u00eb at\u00ebhershme ato m\u00eb paguheshin dhe un\u00eb nuk kisha si t\u2019i k\u00ebrkoja mbrapsht. Por mua m\u00eb vjen shum\u00eb keq se gjysmat e veprave q\u00eb m\u00eb kan\u00eb marr\u00eb n\u00eb k\u00ebt\u00eb m\u00ebnyr\u00eb, kan\u00eb humbur, dhe vepra t\u00eb tilla fillojn\u00eb\u00a0 e dalin n\u00eb drit\u00eb nga disa koleksionist\u00eb q\u00eb i blejn\u00eb si antikuar\u00eb. Kjo ndodh sepse tani kan\u00eb nisur t\u2019i vler\u00ebsojn\u00eb edhe veprat e realizmit socialist, dhe tani di q\u00eb i shesin dhe jasht\u00eb shtetit, sepse jan\u00eb b\u00ebr\u00eb t\u00eb k\u00ebrkuara. Un\u00eb nuk e di m\u00eb ku i kam veprat e mia. Un\u00eb gjysm\u00ebn e atyre veprave nuk i kam. Nuk i kam par\u00eb m\u00eb. Nd\u00ebrsa nga figurat e heronjve kam disa n\u00eb studio. Ky \u00ebsht\u00eb Oso Kuka, t\u00eb cil\u00ebn nuk ma pranuan n\u00eb ekspozit\u00eb n\u00eb at\u00eb koh\u00eb sepse \u00ebsht\u00eb pak m\u00eb e modernizuar. Kjo \u00ebsht\u00eb heroina Mine Peza, personazh q\u00eb e kam b\u00ebr\u00eb dy variante. Varianti i par\u00eb q\u00eb edhe vet\u00eb e pe, dhe q\u00eb un\u00eb e p\u00eblqeja shum\u00eb m\u2019u refuzua, sepse m\u00eb than\u00eb q\u00eb heroina nuk duhet t\u00eb jet\u00eb e vdekur, pasi un\u00eb b\u00ebra momentin e vrasjes dhe e mendoja se \u00ebsht\u00eb e rend\u00eb t\u00eb vras\u00ebsh nj\u00eb grua. E b\u00ebra si\u00e7 e ndjeja un\u00eb dhimbjen p\u00ebr vrasjen e nj\u00eb gruaje, e nj\u00eb n\u00ebne. Por nuk e pranuan. M\u00eb detyruan t\u00eb punoj p\u00ebr variantin tjet\u00ebr, t\u00eb cilin e skicova dhe ua tregova derisa ma aprovuan. Dhe mbeti kjo piktur\u00eb me Mine Pez\u00ebn, heroin\u00ebn e luft\u00ebs. Un\u00eb t\u00eb dyja i kam punuar me p\u00ebrkushtim. T\u00eb dyja jan\u00eb t\u00eb vler\u00ebsuara si vepra artistike nga studiuesit, por varianti i par\u00eb i piktur\u00ebs p\u00ebr Mine Pez\u00ebn m\u00eb p\u00eblqen m\u00eb shum\u00eb.<\/p>\n<p><img data-recalc-dims=\"1\" loading=\"lazy\" decoding=\"async\" data-attachment-id=\"23174\" data-permalink=\"https:\/\/www.shqiperia.com\/blog\/lec-shkreli-me-ka-humbur-gjysma-e-pikturave-ne-institucionet-e-shtetit\/lec-shkreli-foto-dhurata-hamzai-18\/\" data-orig-file=\"https:\/\/i0.wp.com\/www.shqiperia.com\/blog\/wp-content\/uploads\/2019\/07\/Lec-Shkreli.-Foto-Dhurata-Hamzai-18.jpg?fit=1994%2C2380&amp;ssl=1\" data-orig-size=\"1994,2380\" data-comments-opened=\"1\" data-image-meta=\"{&quot;aperture&quot;:&quot;1.9&quot;,&quot;credit&quot;:&quot;&quot;,&quot;camera&quot;:&quot;SM-J500FN&quot;,&quot;caption&quot;:&quot;&quot;,&quot;created_timestamp&quot;:&quot;1550505042&quot;,&quot;copyright&quot;:&quot;&quot;,&quot;focal_length&quot;:&quot;3.7&quot;,&quot;iso&quot;:&quot;400&quot;,&quot;shutter_speed&quot;:&quot;0.058823529411765&quot;,&quot;title&quot;:&quot;&quot;,&quot;orientation&quot;:&quot;1&quot;}\" data-image-title=\"Lec Shkreli. Foto Dhurata Hamzai (18)\" data-image-description=\"\" data-image-caption=\"\" data-medium-file=\"https:\/\/i0.wp.com\/www.shqiperia.com\/blog\/wp-content\/uploads\/2019\/07\/Lec-Shkreli.-Foto-Dhurata-Hamzai-18.jpg?fit=251%2C300&amp;ssl=1\" data-large-file=\"https:\/\/i0.wp.com\/www.shqiperia.com\/blog\/wp-content\/uploads\/2019\/07\/Lec-Shkreli.-Foto-Dhurata-Hamzai-18.jpg?fit=858%2C1024&amp;ssl=1\" class=\"alignnone wp-image-23174\" alt=\"\" src=\"https:\/\/i0.wp.com\/www.shqiperia.com\/blog\/wp-content\/uploads\/2019\/07\/Lec-Shkreli.-Foto-Dhurata-Hamzai-18-251x300.jpg?resize=335%2C400\" width=\"335\" height=\"400\" srcset=\"https:\/\/i0.wp.com\/www.shqiperia.com\/blog\/wp-content\/uploads\/2019\/07\/Lec-Shkreli.-Foto-Dhurata-Hamzai-18.jpg?resize=251%2C300&amp;ssl=1 251w, https:\/\/i0.wp.com\/www.shqiperia.com\/blog\/wp-content\/uploads\/2019\/07\/Lec-Shkreli.-Foto-Dhurata-Hamzai-18.jpg?resize=768%2C917&amp;ssl=1 768w, https:\/\/i0.wp.com\/www.shqiperia.com\/blog\/wp-content\/uploads\/2019\/07\/Lec-Shkreli.-Foto-Dhurata-Hamzai-18.jpg?resize=858%2C1024&amp;ssl=1 858w, https:\/\/i0.wp.com\/www.shqiperia.com\/blog\/wp-content\/uploads\/2019\/07\/Lec-Shkreli.-Foto-Dhurata-Hamzai-18.jpg?resize=450%2C537&amp;ssl=1 450w, https:\/\/i0.wp.com\/www.shqiperia.com\/blog\/wp-content\/uploads\/2019\/07\/Lec-Shkreli.-Foto-Dhurata-Hamzai-18.jpg?resize=600%2C716&amp;ssl=1 600w, https:\/\/i0.wp.com\/www.shqiperia.com\/blog\/wp-content\/uploads\/2019\/07\/Lec-Shkreli.-Foto-Dhurata-Hamzai-18.jpg?resize=1500%2C1790&amp;ssl=1 1500w, https:\/\/i0.wp.com\/www.shqiperia.com\/blog\/wp-content\/uploads\/2019\/07\/Lec-Shkreli.-Foto-Dhurata-Hamzai-18.jpg?resize=1300%2C1552&amp;ssl=1 1300w, https:\/\/i0.wp.com\/www.shqiperia.com\/blog\/wp-content\/uploads\/2019\/07\/Lec-Shkreli.-Foto-Dhurata-Hamzai-18.jpg?resize=400%2C477&amp;ssl=1 400w, https:\/\/i0.wp.com\/www.shqiperia.com\/blog\/wp-content\/uploads\/2019\/07\/Lec-Shkreli.-Foto-Dhurata-Hamzai-18.jpg?w=1994&amp;ssl=1 1994w\" sizes=\"auto, (max-width: 335px) 100vw, 335px\" \/> \u00a0\u00a0<img data-recalc-dims=\"1\" loading=\"lazy\" decoding=\"async\" data-attachment-id=\"23177\" data-permalink=\"https:\/\/www.shqiperia.com\/blog\/lec-shkreli-me-ka-humbur-gjysma-e-pikturave-ne-institucionet-e-shtetit\/lec-shkreli-foto-dhurata-hamzai-15-copy-copy\/\" data-orig-file=\"https:\/\/i0.wp.com\/www.shqiperia.com\/blog\/wp-content\/uploads\/2019\/07\/Lec-Shkreli.-Foto-Dhurata-Hamzai-15-Copy-Copy.jpg?fit=2142%2C2244&amp;ssl=1\" data-orig-size=\"2142,2244\" data-comments-opened=\"1\" data-image-meta=\"{&quot;aperture&quot;:&quot;1.9&quot;,&quot;credit&quot;:&quot;&quot;,&quot;camera&quot;:&quot;SM-J500FN&quot;,&quot;caption&quot;:&quot;&quot;,&quot;created_timestamp&quot;:&quot;1550504561&quot;,&quot;copyright&quot;:&quot;&quot;,&quot;focal_length&quot;:&quot;3.7&quot;,&quot;iso&quot;:&quot;160&quot;,&quot;shutter_speed&quot;:&quot;0.05&quot;,&quot;title&quot;:&quot;&quot;,&quot;orientation&quot;:&quot;1&quot;}\" data-image-title=\"Lec Shkreli. Foto Dhurata Hamzai (15) &#8211; Copy &#8211; Copy\" data-image-description=\"\" data-image-caption=\"\" data-medium-file=\"https:\/\/i0.wp.com\/www.shqiperia.com\/blog\/wp-content\/uploads\/2019\/07\/Lec-Shkreli.-Foto-Dhurata-Hamzai-15-Copy-Copy.jpg?fit=286%2C300&amp;ssl=1\" data-large-file=\"https:\/\/i0.wp.com\/www.shqiperia.com\/blog\/wp-content\/uploads\/2019\/07\/Lec-Shkreli.-Foto-Dhurata-Hamzai-15-Copy-Copy.jpg?fit=977%2C1024&amp;ssl=1\" class=\"alignnone wp-image-23177\" alt=\"\" src=\"https:\/\/i0.wp.com\/www.shqiperia.com\/blog\/wp-content\/uploads\/2019\/07\/Lec-Shkreli.-Foto-Dhurata-Hamzai-15-Copy-Copy-286x300.jpg?resize=538%2C564\" width=\"538\" height=\"564\" srcset=\"https:\/\/i0.wp.com\/www.shqiperia.com\/blog\/wp-content\/uploads\/2019\/07\/Lec-Shkreli.-Foto-Dhurata-Hamzai-15-Copy-Copy.jpg?resize=286%2C300&amp;ssl=1 286w, https:\/\/i0.wp.com\/www.shqiperia.com\/blog\/wp-content\/uploads\/2019\/07\/Lec-Shkreli.-Foto-Dhurata-Hamzai-15-Copy-Copy.jpg?resize=768%2C805&amp;ssl=1 768w, https:\/\/i0.wp.com\/www.shqiperia.com\/blog\/wp-content\/uploads\/2019\/07\/Lec-Shkreli.-Foto-Dhurata-Hamzai-15-Copy-Copy.jpg?resize=977%2C1024&amp;ssl=1 977w, https:\/\/i0.wp.com\/www.shqiperia.com\/blog\/wp-content\/uploads\/2019\/07\/Lec-Shkreli.-Foto-Dhurata-Hamzai-15-Copy-Copy.jpg?resize=2000%2C2095&amp;ssl=1 2000w, https:\/\/i0.wp.com\/www.shqiperia.com\/blog\/wp-content\/uploads\/2019\/07\/Lec-Shkreli.-Foto-Dhurata-Hamzai-15-Copy-Copy.jpg?resize=450%2C471&amp;ssl=1 450w, https:\/\/i0.wp.com\/www.shqiperia.com\/blog\/wp-content\/uploads\/2019\/07\/Lec-Shkreli.-Foto-Dhurata-Hamzai-15-Copy-Copy.jpg?resize=600%2C629&amp;ssl=1 600w, https:\/\/i0.wp.com\/www.shqiperia.com\/blog\/wp-content\/uploads\/2019\/07\/Lec-Shkreli.-Foto-Dhurata-Hamzai-15-Copy-Copy.jpg?resize=1500%2C1571&amp;ssl=1 1500w, https:\/\/i0.wp.com\/www.shqiperia.com\/blog\/wp-content\/uploads\/2019\/07\/Lec-Shkreli.-Foto-Dhurata-Hamzai-15-Copy-Copy.jpg?resize=1300%2C1362&amp;ssl=1 1300w, https:\/\/i0.wp.com\/www.shqiperia.com\/blog\/wp-content\/uploads\/2019\/07\/Lec-Shkreli.-Foto-Dhurata-Hamzai-15-Copy-Copy.jpg?resize=400%2C419&amp;ssl=1 400w\" sizes=\"auto, (max-width: 538px) 100vw, 538px\" \/> <img data-recalc-dims=\"1\" loading=\"lazy\" decoding=\"async\" data-attachment-id=\"23178\" data-permalink=\"https:\/\/www.shqiperia.com\/blog\/lec-shkreli-me-ka-humbur-gjysma-e-pikturave-ne-institucionet-e-shtetit\/lec-shkreli-foto-dhurata-hamzai-15\/\" data-orig-file=\"https:\/\/i0.wp.com\/www.shqiperia.com\/blog\/wp-content\/uploads\/2019\/07\/Lec-Shkreli.-Foto-Dhurata-Hamzai-15.jpg?fit=2252%2C2821&amp;ssl=1\" data-orig-size=\"2252,2821\" data-comments-opened=\"1\" data-image-meta=\"{&quot;aperture&quot;:&quot;1.9&quot;,&quot;credit&quot;:&quot;&quot;,&quot;camera&quot;:&quot;SM-J500FN&quot;,&quot;caption&quot;:&quot;&quot;,&quot;created_timestamp&quot;:&quot;1550504937&quot;,&quot;copyright&quot;:&quot;&quot;,&quot;focal_length&quot;:&quot;3.7&quot;,&quot;iso&quot;:&quot;320&quot;,&quot;shutter_speed&quot;:&quot;0.058823529411765&quot;,&quot;title&quot;:&quot;&quot;,&quot;orientation&quot;:&quot;1&quot;}\" data-image-title=\"Lec Shkreli. Foto Dhurata Hamzai (15)\" data-image-description=\"\" data-image-caption=\"\" data-medium-file=\"https:\/\/i0.wp.com\/www.shqiperia.com\/blog\/wp-content\/uploads\/2019\/07\/Lec-Shkreli.-Foto-Dhurata-Hamzai-15.jpg?fit=239%2C300&amp;ssl=1\" data-large-file=\"https:\/\/i0.wp.com\/www.shqiperia.com\/blog\/wp-content\/uploads\/2019\/07\/Lec-Shkreli.-Foto-Dhurata-Hamzai-15.jpg?fit=817%2C1024&amp;ssl=1\" class=\"alignnone wp-image-23178\" alt=\"\" src=\"https:\/\/i0.wp.com\/www.shqiperia.com\/blog\/wp-content\/uploads\/2019\/07\/Lec-Shkreli.-Foto-Dhurata-Hamzai-15-239x300.jpg?resize=469%2C589\" width=\"469\" height=\"589\" srcset=\"https:\/\/i0.wp.com\/www.shqiperia.com\/blog\/wp-content\/uploads\/2019\/07\/Lec-Shkreli.-Foto-Dhurata-Hamzai-15.jpg?resize=239%2C300&amp;ssl=1 239w, https:\/\/i0.wp.com\/www.shqiperia.com\/blog\/wp-content\/uploads\/2019\/07\/Lec-Shkreli.-Foto-Dhurata-Hamzai-15.jpg?resize=817%2C1024&amp;ssl=1 817w, https:\/\/i0.wp.com\/www.shqiperia.com\/blog\/wp-content\/uploads\/2019\/07\/Lec-Shkreli.-Foto-Dhurata-Hamzai-15.jpg?resize=450%2C564&amp;ssl=1 450w, https:\/\/i0.wp.com\/www.shqiperia.com\/blog\/wp-content\/uploads\/2019\/07\/Lec-Shkreli.-Foto-Dhurata-Hamzai-15.jpg?resize=600%2C752&amp;ssl=1 600w, https:\/\/i0.wp.com\/www.shqiperia.com\/blog\/wp-content\/uploads\/2019\/07\/Lec-Shkreli.-Foto-Dhurata-Hamzai-15.jpg?resize=1500%2C1879&amp;ssl=1 1500w, https:\/\/i0.wp.com\/www.shqiperia.com\/blog\/wp-content\/uploads\/2019\/07\/Lec-Shkreli.-Foto-Dhurata-Hamzai-15.jpg?resize=400%2C501&amp;ssl=1 400w, https:\/\/i0.wp.com\/www.shqiperia.com\/blog\/wp-content\/uploads\/2019\/07\/Lec-Shkreli.-Foto-Dhurata-Hamzai-15.jpg?zoom=2&amp;resize=469%2C589&amp;ssl=1 938w, https:\/\/i0.wp.com\/www.shqiperia.com\/blog\/wp-content\/uploads\/2019\/07\/Lec-Shkreli.-Foto-Dhurata-Hamzai-15.jpg?zoom=3&amp;resize=469%2C589&amp;ssl=1 1407w\" sizes=\"auto, (max-width: 469px) 100vw, 469px\" \/> <img data-recalc-dims=\"1\" loading=\"lazy\" decoding=\"async\" data-attachment-id=\"23179\" data-permalink=\"https:\/\/www.shqiperia.com\/blog\/lec-shkreli-me-ka-humbur-gjysma-e-pikturave-ne-institucionet-e-shtetit\/lec-shkreli-foto-dhurata-hamzai-16-copy-copy\/\" data-orig-file=\"https:\/\/i0.wp.com\/www.shqiperia.com\/blog\/wp-content\/uploads\/2019\/07\/Lec-Shkreli.-Foto-Dhurata-Hamzai-16-Copy-Copy.jpg?fit=2113%2C2215&amp;ssl=1\" data-orig-size=\"2113,2215\" data-comments-opened=\"1\" data-image-meta=\"{&quot;aperture&quot;:&quot;1.9&quot;,&quot;credit&quot;:&quot;&quot;,&quot;camera&quot;:&quot;SM-J500FN&quot;,&quot;caption&quot;:&quot;&quot;,&quot;created_timestamp&quot;:&quot;1550504520&quot;,&quot;copyright&quot;:&quot;&quot;,&quot;focal_length&quot;:&quot;3.7&quot;,&quot;iso&quot;:&quot;160&quot;,&quot;shutter_speed&quot;:&quot;0.058823529411765&quot;,&quot;title&quot;:&quot;&quot;,&quot;orientation&quot;:&quot;1&quot;}\" data-image-title=\"Lec Shkreli. Foto Dhurata Hamzai (16) &#8211; Copy &#8211; Copy\" data-image-description=\"\" data-image-caption=\"\" data-medium-file=\"https:\/\/i0.wp.com\/www.shqiperia.com\/blog\/wp-content\/uploads\/2019\/07\/Lec-Shkreli.-Foto-Dhurata-Hamzai-16-Copy-Copy.jpg?fit=286%2C300&amp;ssl=1\" data-large-file=\"https:\/\/i0.wp.com\/www.shqiperia.com\/blog\/wp-content\/uploads\/2019\/07\/Lec-Shkreli.-Foto-Dhurata-Hamzai-16-Copy-Copy.jpg?fit=977%2C1024&amp;ssl=1\" class=\"alignnone wp-image-23179\" alt=\"\" src=\"https:\/\/i0.wp.com\/www.shqiperia.com\/blog\/wp-content\/uploads\/2019\/07\/Lec-Shkreli.-Foto-Dhurata-Hamzai-16-Copy-Copy-286x300.jpg?resize=670%2C703\" width=\"670\" height=\"703\" srcset=\"https:\/\/i0.wp.com\/www.shqiperia.com\/blog\/wp-content\/uploads\/2019\/07\/Lec-Shkreli.-Foto-Dhurata-Hamzai-16-Copy-Copy.jpg?resize=286%2C300&amp;ssl=1 286w, https:\/\/i0.wp.com\/www.shqiperia.com\/blog\/wp-content\/uploads\/2019\/07\/Lec-Shkreli.-Foto-Dhurata-Hamzai-16-Copy-Copy.jpg?resize=768%2C805&amp;ssl=1 768w, https:\/\/i0.wp.com\/www.shqiperia.com\/blog\/wp-content\/uploads\/2019\/07\/Lec-Shkreli.-Foto-Dhurata-Hamzai-16-Copy-Copy.jpg?resize=977%2C1024&amp;ssl=1 977w, https:\/\/i0.wp.com\/www.shqiperia.com\/blog\/wp-content\/uploads\/2019\/07\/Lec-Shkreli.-Foto-Dhurata-Hamzai-16-Copy-Copy.jpg?resize=2000%2C2097&amp;ssl=1 2000w, https:\/\/i0.wp.com\/www.shqiperia.com\/blog\/wp-content\/uploads\/2019\/07\/Lec-Shkreli.-Foto-Dhurata-Hamzai-16-Copy-Copy.jpg?resize=450%2C472&amp;ssl=1 450w, https:\/\/i0.wp.com\/www.shqiperia.com\/blog\/wp-content\/uploads\/2019\/07\/Lec-Shkreli.-Foto-Dhurata-Hamzai-16-Copy-Copy.jpg?resize=600%2C629&amp;ssl=1 600w, https:\/\/i0.wp.com\/www.shqiperia.com\/blog\/wp-content\/uploads\/2019\/07\/Lec-Shkreli.-Foto-Dhurata-Hamzai-16-Copy-Copy.jpg?resize=1500%2C1572&amp;ssl=1 1500w, https:\/\/i0.wp.com\/www.shqiperia.com\/blog\/wp-content\/uploads\/2019\/07\/Lec-Shkreli.-Foto-Dhurata-Hamzai-16-Copy-Copy.jpg?resize=1300%2C1363&amp;ssl=1 1300w, https:\/\/i0.wp.com\/www.shqiperia.com\/blog\/wp-content\/uploads\/2019\/07\/Lec-Shkreli.-Foto-Dhurata-Hamzai-16-Copy-Copy.jpg?resize=400%2C419&amp;ssl=1 400w\" sizes=\"auto, (max-width: 670px) 100vw, 670px\" \/>\u00a0<img data-recalc-dims=\"1\" loading=\"lazy\" decoding=\"async\" data-attachment-id=\"23180\" data-permalink=\"https:\/\/www.shqiperia.com\/blog\/lec-shkreli-me-ka-humbur-gjysma-e-pikturave-ne-institucionet-e-shtetit\/lec-shkreli-foto-dhurata-hamzai-16-copy\/\" data-orig-file=\"https:\/\/i0.wp.com\/www.shqiperia.com\/blog\/wp-content\/uploads\/2019\/07\/Lec-Shkreli.-Foto-Dhurata-Hamzai-16-Copy.jpg?fit=2468%2C2317&amp;ssl=1\" data-orig-size=\"2468,2317\" data-comments-opened=\"1\" data-image-meta=\"{&quot;aperture&quot;:&quot;1.9&quot;,&quot;credit&quot;:&quot;&quot;,&quot;camera&quot;:&quot;SM-J500FN&quot;,&quot;caption&quot;:&quot;&quot;,&quot;created_timestamp&quot;:&quot;1550504985&quot;,&quot;copyright&quot;:&quot;&quot;,&quot;focal_length&quot;:&quot;3.7&quot;,&quot;iso&quot;:&quot;320&quot;,&quot;shutter_speed&quot;:&quot;0.058823529411765&quot;,&quot;title&quot;:&quot;&quot;,&quot;orientation&quot;:&quot;1&quot;}\" data-image-title=\"Lec Shkreli. Foto Dhurata Hamzai (16) &#8211; Copy\" data-image-description=\"\" data-image-caption=\"\" data-medium-file=\"https:\/\/i0.wp.com\/www.shqiperia.com\/blog\/wp-content\/uploads\/2019\/07\/Lec-Shkreli.-Foto-Dhurata-Hamzai-16-Copy.jpg?fit=300%2C282&amp;ssl=1\" data-large-file=\"https:\/\/i0.wp.com\/www.shqiperia.com\/blog\/wp-content\/uploads\/2019\/07\/Lec-Shkreli.-Foto-Dhurata-Hamzai-16-Copy.jpg?fit=1024%2C961&amp;ssl=1\" class=\"alignnone wp-image-23180\" alt=\"\" src=\"https:\/\/i0.wp.com\/www.shqiperia.com\/blog\/wp-content\/uploads\/2019\/07\/Lec-Shkreli.-Foto-Dhurata-Hamzai-16-Copy-300x282.jpg?resize=838%2C788\" width=\"838\" height=\"788\" srcset=\"https:\/\/i0.wp.com\/www.shqiperia.com\/blog\/wp-content\/uploads\/2019\/07\/Lec-Shkreli.-Foto-Dhurata-Hamzai-16-Copy.jpg?resize=300%2C282&amp;ssl=1 300w, https:\/\/i0.wp.com\/www.shqiperia.com\/blog\/wp-content\/uploads\/2019\/07\/Lec-Shkreli.-Foto-Dhurata-Hamzai-16-Copy.jpg?resize=768%2C721&amp;ssl=1 768w, https:\/\/i0.wp.com\/www.shqiperia.com\/blog\/wp-content\/uploads\/2019\/07\/Lec-Shkreli.-Foto-Dhurata-Hamzai-16-Copy.jpg?resize=2000%2C1878&amp;ssl=1 2000w, https:\/\/i0.wp.com\/www.shqiperia.com\/blog\/wp-content\/uploads\/2019\/07\/Lec-Shkreli.-Foto-Dhurata-Hamzai-16-Copy.jpg?resize=450%2C422&amp;ssl=1 450w, https:\/\/i0.wp.com\/www.shqiperia.com\/blog\/wp-content\/uploads\/2019\/07\/Lec-Shkreli.-Foto-Dhurata-Hamzai-16-Copy.jpg?resize=600%2C563&amp;ssl=1 600w, https:\/\/i0.wp.com\/www.shqiperia.com\/blog\/wp-content\/uploads\/2019\/07\/Lec-Shkreli.-Foto-Dhurata-Hamzai-16-Copy.jpg?resize=1500%2C1408&amp;ssl=1 1500w, https:\/\/i0.wp.com\/www.shqiperia.com\/blog\/wp-content\/uploads\/2019\/07\/Lec-Shkreli.-Foto-Dhurata-Hamzai-16-Copy.jpg?resize=400%2C376&amp;ssl=1 400w\" sizes=\"auto, (max-width: 838px) 100vw, 838px\" \/><\/p>\n<p>Gazeta Shqiptarja.com<\/p>\n","protected":false},"excerpt":{"rendered":"<p>Lec Shkreli: M\u00eb ka humbur gjysma e pikturave n\u00eb institucionet e shtetit Jan\u00eb piktura t\u00eb njohura t\u00eb realizmit socialist. T\u00eb humburat shpesh bien n\u00eb dor\u00eb t\u00eb koleksionist\u00ebve. Sot jan\u00eb shum\u00eb t\u00eb k\u00ebrkuara dhe t\u00eb vler\u00ebsuara jasht\u00eb shtetit Dhurata Hamzai Nj\u00eb jet\u00eb n\u00eb studio..! E studiot nuk jan\u00eb kurr\u00eb aq komode sa p\u00ebr ta jetuar pjes\u00ebn [&hellip;]<\/p>\n","protected":false},"author":9,"featured_media":23165,"comment_status":"open","ping_status":"open","sticky":false,"template":"","format":"standard","meta":{"jetpack_post_was_ever_published":false,"_jetpack_newsletter_access":"","_jetpack_dont_email_post_to_subs":false,"_jetpack_newsletter_tier_id":0,"_jetpack_memberships_contains_paywalled_content":false,"_jetpack_memberships_contains_paid_content":false,"footnotes":"","jetpack_publicize_message":"","jetpack_publicize_feature_enabled":true,"jetpack_social_post_already_shared":true,"jetpack_social_options":{"image_generator_settings":{"template":"highway","default_image_id":0,"font":"","enabled":false},"version":2}},"categories":[87,10,86],"tags":[],"class_list":["post-23164","post","type-post","status-publish","format-standard","has-post-thumbnail","hentry","category-arte","category-kultura","category-trashegimi-kulturore"],"jetpack_publicize_connections":[],"jetpack_featured_media_url":"https:\/\/i0.wp.com\/www.shqiperia.com\/blog\/wp-content\/uploads\/2019\/07\/Lec-Shkreli.-Foto-Dhurata-Hamzai-5-Copy.jpg?fit=2466%2C1592&ssl=1","jetpack_sharing_enabled":true,"jetpack_shortlink":"https:\/\/wp.me\/p5Z6wp-61C","jetpack-related-posts":[{"id":11382,"url":"https:\/\/www.shqiperia.com\/blog\/lec-shkreli-me-shume-se-50-vite-ne-art\/","url_meta":{"origin":23164,"position":0},"title":"Lec Shkreli- me shume se 50 vite ne art. &#8211;","author":"Kurt Farka","date":"September 11, 2018","format":false,"excerpt":"Lec Shkreli- me shume se 50 vite ne art. - Lec Shkreli piktor shqiptar, aktiviteti krijues i tij ka nisur q\u00eb n\u00eb vitet 1965. Punimet jan\u00eb kompozime n\u00eb vaj, peizazhe t\u00eb ndryshme dhe natyra t\u00eb qeta, ku spikasin edhe portretet e grave me kostume t\u00eb larmishme komb\u00ebtare. Lec Shkreli ka\u2026","rel":"","context":"In &quot;Arte&quot;","block_context":{"text":"Arte","link":"https:\/\/www.shqiperia.com\/blog\/category\/arte\/"},"img":{"alt_text":"","src":"https:\/\/i0.wp.com\/www.shqiperia.com\/blog\/wp-content\/uploads\/2018\/09\/Lc-Shkreli-5-Copy.jpg?fit=684%2C427&ssl=1&resize=350%2C200","width":350,"height":200,"srcset":"https:\/\/i0.wp.com\/www.shqiperia.com\/blog\/wp-content\/uploads\/2018\/09\/Lc-Shkreli-5-Copy.jpg?fit=684%2C427&ssl=1&resize=350%2C200 1x, https:\/\/i0.wp.com\/www.shqiperia.com\/blog\/wp-content\/uploads\/2018\/09\/Lc-Shkreli-5-Copy.jpg?fit=684%2C427&ssl=1&resize=525%2C300 1.5x"},"classes":[]},{"id":12662,"url":"https:\/\/www.shqiperia.com\/blog\/lec-shkreli-me-shume-se-nje-gjysem-shekulli-me-penel-ne-dore-album-foto\/","url_meta":{"origin":23164,"position":1},"title":"Lec Shkreli- me shume se nje gjysem shekulli me penel ne dore  (Album-Foto).-","author":"Kurt Farka","date":"October 16, 2018","format":false,"excerpt":"Lec Shkreli- me shume se nje gjysem shekulli me penel ne dore \u00a0(Album-Foto).- Lec Shkreli piktor shqiptar, aktiviteti krijues i tij ka nisur q\u00eb n\u00eb vitet 1965. Punimet jan\u00eb kompozime n\u00eb vaj, peizazhe t\u00eb ndryshme dhe natyra t\u00eb qeta, ku spikasin edhe portretet e grave me kostume t\u00eb larmishme komb\u00ebtare.\u2026","rel":"","context":"In &quot;Arte&quot;","block_context":{"text":"Arte","link":"https:\/\/www.shqiperia.com\/blog\/category\/arte\/"},"img":{"alt_text":"","src":"https:\/\/i0.wp.com\/www.shqiperia.com\/blog\/wp-content\/uploads\/2018\/10\/1-Lec-Shkreli.jpg?fit=1200%2C787&ssl=1&resize=350%2C200","width":350,"height":200,"srcset":"https:\/\/i0.wp.com\/www.shqiperia.com\/blog\/wp-content\/uploads\/2018\/10\/1-Lec-Shkreli.jpg?fit=1200%2C787&ssl=1&resize=350%2C200 1x, https:\/\/i0.wp.com\/www.shqiperia.com\/blog\/wp-content\/uploads\/2018\/10\/1-Lec-Shkreli.jpg?fit=1200%2C787&ssl=1&resize=525%2C300 1.5x, https:\/\/i0.wp.com\/www.shqiperia.com\/blog\/wp-content\/uploads\/2018\/10\/1-Lec-Shkreli.jpg?fit=1200%2C787&ssl=1&resize=700%2C400 2x, https:\/\/i0.wp.com\/www.shqiperia.com\/blog\/wp-content\/uploads\/2018\/10\/1-Lec-Shkreli.jpg?fit=1200%2C787&ssl=1&resize=1050%2C600 3x"},"classes":[]},{"id":8497,"url":"https:\/\/www.shqiperia.com\/blog\/piktori-lec-shkreli-dhe-tablloja-e-hmbur\/","url_meta":{"origin":23164,"position":2},"title":"Piktori  Lec Shkreli dhe tablloja e humbur. &#8211;","author":"Kurt Farka","date":"June 6, 2018","format":false,"excerpt":"Piktori\u00a0 Lec Shkreli dhe tablloja e humbur. Ne disa biseda miqsore me piktorin e njohur dhe me emer ne artet figurative shqiptare Lec Shkreli tregon pengun qe ka. Pas viteve \u201990 humbi pa nam e nishan piktura kushtuar demonstrates se Grave Antifashiste gjate viteve te Luftes ne Tirane.\u00a0 Ne balle\u2026","rel":"","context":"In &quot;Arte&quot;","block_context":{"text":"Arte","link":"https:\/\/www.shqiperia.com\/blog\/category\/arte\/"},"img":{"alt_text":"","src":"https:\/\/i0.wp.com\/www.shqiperia.com\/blog\/wp-content\/uploads\/2018\/06\/003250-Copy.jpg?fit=407%2C403&ssl=1&resize=350%2C200","width":350,"height":200},"classes":[]},{"id":28214,"url":"https:\/\/www.shqiperia.com\/blog\/lec-shkreli-piktori-i-dy-epokave-veprat-e-humbura-takimi-me-hoxhen-cfare-i-tha-per-heronjte-_\/","url_meta":{"origin":23164,"position":3},"title":"Lec Shkreli, piktori i dy epokave, veprat e humbura. Takimi me Hoxh\u00ebn, \u00e7far\u00eb i tha p\u00ebr heronjt\u00eb. _","author":"Kurt Farka","date":"November 17, 2019","format":false,"excerpt":"Lec Shkreli, piktori i dy epokave, veprat e humbura. Takimi me Hoxh\u00ebn, \u00e7far\u00eb i tha p\u00ebr heronjt\u00eb. _ Nga: Dhurata Hamzai\u00a0 -Lec Shkreli, piktori i heronjve dhe i bot\u00ebs delikate fem\u00ebrore rr\u00ebfen sesi pikturat e tij humb\u00ebn n\u00eb institucionet e shtetit. Si ia censuruan piktur\u00ebn e Manush Alimanit, shok i\u2026","rel":"","context":"In &quot;Arte&quot;","block_context":{"text":"Arte","link":"https:\/\/www.shqiperia.com\/blog\/category\/arte\/"},"img":{"alt_text":"","src":"https:\/\/i0.wp.com\/www.shqiperia.com\/blog\/wp-content\/uploads\/2019\/11\/Dhurata-Hamzaj-Interviste-Lec-Shkreli.jpg?fit=780%2C411&ssl=1&resize=350%2C200","width":350,"height":200,"srcset":"https:\/\/i0.wp.com\/www.shqiperia.com\/blog\/wp-content\/uploads\/2019\/11\/Dhurata-Hamzaj-Interviste-Lec-Shkreli.jpg?fit=780%2C411&ssl=1&resize=350%2C200 1x, https:\/\/i0.wp.com\/www.shqiperia.com\/blog\/wp-content\/uploads\/2019\/11\/Dhurata-Hamzaj-Interviste-Lec-Shkreli.jpg?fit=780%2C411&ssl=1&resize=525%2C300 1.5x, https:\/\/i0.wp.com\/www.shqiperia.com\/blog\/wp-content\/uploads\/2019\/11\/Dhurata-Hamzaj-Interviste-Lec-Shkreli.jpg?fit=780%2C411&ssl=1&resize=700%2C400 2x"},"classes":[]},{"id":12501,"url":"https:\/\/www.shqiperia.com\/blog\/arte-lec-shkreli-gjysem-shekulli-me-penel-ne-dore\/","url_meta":{"origin":23164,"position":4},"title":"Arte: Lec Shkreli \u2013 Gjysem shekulli me penel ne dore. &#8211;","author":"Kurt Farka","date":"October 10, 2018","format":false,"excerpt":"Arte: Lec Shkreli \u2013 Gjysem shekulli me penel ne dore. - Lec Shkreli piktor shqiptar, aktiviteti krijues i tij ka nisur q\u00eb n\u00eb vitet 1965. Punimet jan\u00eb kompozime n\u00eb vaj, peizazhe t\u00eb ndryshme dhe natyra t\u00eb qeta, ku spikasin edhe portretet e grave me kostume t\u00eb larmishme komb\u00ebtare. Lec Shkreli\u2026","rel":"","context":"In &quot;Arte&quot;","block_context":{"text":"Arte","link":"https:\/\/www.shqiperia.com\/blog\/category\/arte\/"},"img":{"alt_text":"","src":"https:\/\/i0.wp.com\/www.shqiperia.com\/blog\/wp-content\/uploads\/2018\/10\/01-Lec-Shkreli-9-Copy-1.jpg?fit=1200%2C659&ssl=1&resize=350%2C200","width":350,"height":200,"srcset":"https:\/\/i0.wp.com\/www.shqiperia.com\/blog\/wp-content\/uploads\/2018\/10\/01-Lec-Shkreli-9-Copy-1.jpg?fit=1200%2C659&ssl=1&resize=350%2C200 1x, https:\/\/i0.wp.com\/www.shqiperia.com\/blog\/wp-content\/uploads\/2018\/10\/01-Lec-Shkreli-9-Copy-1.jpg?fit=1200%2C659&ssl=1&resize=525%2C300 1.5x, https:\/\/i0.wp.com\/www.shqiperia.com\/blog\/wp-content\/uploads\/2018\/10\/01-Lec-Shkreli-9-Copy-1.jpg?fit=1200%2C659&ssl=1&resize=700%2C400 2x, https:\/\/i0.wp.com\/www.shqiperia.com\/blog\/wp-content\/uploads\/2018\/10\/01-Lec-Shkreli-9-Copy-1.jpg?fit=1200%2C659&ssl=1&resize=1050%2C600 3x"},"classes":[]},{"id":13364,"url":"https:\/\/www.shqiperia.com\/blog\/lec-shkreli-ashte-liriku-i-madh-i-piktures-shqiptare\/","url_meta":{"origin":23164,"position":5},"title":"Lec  Shkreli eshte liriku i madh i piktures shqiptare. &#8211;","author":"Kurt Farka","date":"November 4, 2018","format":false,"excerpt":"Lec \u00a0shkreli eshte liriku i madh i piktures shqiptare, ka kolorit te fresket dhe gjetje te bukura.","rel":"","context":"In &quot;Arte&quot;","block_context":{"text":"Arte","link":"https:\/\/www.shqiperia.com\/blog\/category\/arte\/"},"img":{"alt_text":"","src":"https:\/\/i0.wp.com\/www.shqiperia.com\/blog\/wp-content\/uploads\/2018\/11\/Lec-Skreli-12.jpg?fit=745%2C382&ssl=1&resize=350%2C200","width":350,"height":200,"srcset":"https:\/\/i0.wp.com\/www.shqiperia.com\/blog\/wp-content\/uploads\/2018\/11\/Lec-Skreli-12.jpg?fit=745%2C382&ssl=1&resize=350%2C200 1x, https:\/\/i0.wp.com\/www.shqiperia.com\/blog\/wp-content\/uploads\/2018\/11\/Lec-Skreli-12.jpg?fit=745%2C382&ssl=1&resize=525%2C300 1.5x, https:\/\/i0.wp.com\/www.shqiperia.com\/blog\/wp-content\/uploads\/2018\/11\/Lec-Skreli-12.jpg?fit=745%2C382&ssl=1&resize=700%2C400 2x"},"classes":[]}],"_links":{"self":[{"href":"https:\/\/www.shqiperia.com\/blog\/wp-json\/wp\/v2\/posts\/23164","targetHints":{"allow":["GET"]}}],"collection":[{"href":"https:\/\/www.shqiperia.com\/blog\/wp-json\/wp\/v2\/posts"}],"about":[{"href":"https:\/\/www.shqiperia.com\/blog\/wp-json\/wp\/v2\/types\/post"}],"author":[{"embeddable":true,"href":"https:\/\/www.shqiperia.com\/blog\/wp-json\/wp\/v2\/users\/9"}],"replies":[{"embeddable":true,"href":"https:\/\/www.shqiperia.com\/blog\/wp-json\/wp\/v2\/comments?post=23164"}],"version-history":[{"count":1,"href":"https:\/\/www.shqiperia.com\/blog\/wp-json\/wp\/v2\/posts\/23164\/revisions"}],"predecessor-version":[{"id":23181,"href":"https:\/\/www.shqiperia.com\/blog\/wp-json\/wp\/v2\/posts\/23164\/revisions\/23181"}],"wp:featuredmedia":[{"embeddable":true,"href":"https:\/\/www.shqiperia.com\/blog\/wp-json\/wp\/v2\/media\/23165"}],"wp:attachment":[{"href":"https:\/\/www.shqiperia.com\/blog\/wp-json\/wp\/v2\/media?parent=23164"}],"wp:term":[{"taxonomy":"category","embeddable":true,"href":"https:\/\/www.shqiperia.com\/blog\/wp-json\/wp\/v2\/categories?post=23164"},{"taxonomy":"post_tag","embeddable":true,"href":"https:\/\/www.shqiperia.com\/blog\/wp-json\/wp\/v2\/tags?post=23164"}],"curies":[{"name":"wp","href":"https:\/\/api.w.org\/{rel}","templated":true}]}}