{"id":23157,"date":"2019-07-16T15:09:30","date_gmt":"2019-07-16T15:09:30","guid":{"rendered":"http:\/\/www.shqiperia.com\/blog\/?p=23157"},"modified":"2019-07-16T15:10:15","modified_gmt":"2019-07-16T15:10:15","slug":"lsi-paralajmeron-fakte-tronditese-do-dalin-per-ulsi-manjen","status":"publish","type":"post","link":"https:\/\/www.shqiperia.com\/blog\/lsi-paralajmeron-fakte-tronditese-do-dalin-per-ulsi-manjen\/","title":{"rendered":"LSI paralajm\u00ebron: Fakte trondit\u00ebse do dalin p\u00ebr Ulsi Manj\u00ebn"},"content":{"rendered":"<p><img data-recalc-dims=\"1\" loading=\"lazy\" decoding=\"async\" data-attachment-id=\"23158\" data-permalink=\"https:\/\/www.shqiperia.com\/blog\/lsi-paralajmeron-fakte-tronditese-do-dalin-per-ulsi-manjen\/ulsi-manja-770x433\/\" data-orig-file=\"https:\/\/i0.wp.com\/www.shqiperia.com\/blog\/wp-content\/uploads\/2019\/07\/Ulsi-Manja-770x433.jpg?fit=770%2C433&amp;ssl=1\" data-orig-size=\"770,433\" data-comments-opened=\"1\" data-image-meta=\"{&quot;aperture&quot;:&quot;0&quot;,&quot;credit&quot;:&quot;&quot;,&quot;camera&quot;:&quot;&quot;,&quot;caption&quot;:&quot;&quot;,&quot;created_timestamp&quot;:&quot;0&quot;,&quot;copyright&quot;:&quot;&quot;,&quot;focal_length&quot;:&quot;0&quot;,&quot;iso&quot;:&quot;0&quot;,&quot;shutter_speed&quot;:&quot;0&quot;,&quot;title&quot;:&quot;&quot;,&quot;orientation&quot;:&quot;0&quot;}\" data-image-title=\"Ulsi-Manja\" data-image-description=\"\" data-image-caption=\"\" data-medium-file=\"https:\/\/i0.wp.com\/www.shqiperia.com\/blog\/wp-content\/uploads\/2019\/07\/Ulsi-Manja-770x433.jpg?fit=300%2C169&amp;ssl=1\" data-large-file=\"https:\/\/i0.wp.com\/www.shqiperia.com\/blog\/wp-content\/uploads\/2019\/07\/Ulsi-Manja-770x433.jpg?fit=770%2C433&amp;ssl=1\" class=\"alignnone wp-image-23158\" alt=\"\" src=\"https:\/\/i0.wp.com\/www.shqiperia.com\/blog\/wp-content\/uploads\/2019\/07\/Ulsi-Manja-770x433-300x169.jpg?resize=517%2C291\" width=\"517\" height=\"291\" srcset=\"https:\/\/i0.wp.com\/www.shqiperia.com\/blog\/wp-content\/uploads\/2019\/07\/Ulsi-Manja-770x433.jpg?resize=300%2C169&amp;ssl=1 300w, https:\/\/i0.wp.com\/www.shqiperia.com\/blog\/wp-content\/uploads\/2019\/07\/Ulsi-Manja-770x433.jpg?resize=768%2C432&amp;ssl=1 768w, https:\/\/i0.wp.com\/www.shqiperia.com\/blog\/wp-content\/uploads\/2019\/07\/Ulsi-Manja-770x433.jpg?resize=450%2C253&amp;ssl=1 450w, https:\/\/i0.wp.com\/www.shqiperia.com\/blog\/wp-content\/uploads\/2019\/07\/Ulsi-Manja-770x433.jpg?resize=600%2C337&amp;ssl=1 600w, https:\/\/i0.wp.com\/www.shqiperia.com\/blog\/wp-content\/uploads\/2019\/07\/Ulsi-Manja-770x433.jpg?resize=400%2C225&amp;ssl=1 400w, https:\/\/i0.wp.com\/www.shqiperia.com\/blog\/wp-content\/uploads\/2019\/07\/Ulsi-Manja-770x433.jpg?resize=770%2C433&amp;ssl=1 770w\" sizes=\"auto, (max-width: 517px) 100vw, 517px\" \/><\/p>\n<p><strong>LSI paralajm\u00ebron: Fakte trondit\u00ebse do dalin p\u00ebr Ulsi Manj\u00ebn.<\/strong><\/p>\n<p>Ish-deputeti i LSI, Endrit Braimllari i ftuar n\u00eb rubrik\u00ebn \u201cOpinion\u201d n\u00eb News 24 , tha se fakte trondit\u00ebse do t\u00eb dalin jo vet\u00ebm p\u00ebr Ulsi Manj\u00ebn, por edhe p\u00ebr persona t\u00eb tjer\u00eb t\u00eb \u201cRilindjes\u201d.<\/p>\n<p>Nd\u00ebrsa theksoi se Komisioni Hetimor nuk e shkarkon dot presidentin Meta.<\/p>\n<p><em>\u201cT\u00eb forta, korrekte, t\u00eb konsoliduara. \u00cbsht\u00eb diversion i Ram\u00ebs q\u00eb PD dhe LSI nuk jan\u00eb dakord p\u00ebr 13 tetorin. Ne nuk kemi frik\u00eb ask\u00ebnd p\u00ebr t\u00eb garuar n\u00eb nj\u00eb proces t\u00eb drejt\u00eb zgjedhor. Gjith\u00eb kjo struktur\u00eb \u00ebsht\u00eb e kriminalizuar nga rilindja. Fakte trondit\u00ebse do t\u00eb dalin jo vet\u00ebm p\u00ebr Ulsi Manj\u00ebn, por edhe p\u00ebr persona t\u00eb tjer\u00eb t\u00eb k\u00ebsaj strukture. Komisioni Hetimor nuk e shkarkon Met\u00ebn. Ulsi Manja me shok\u00eb do jen\u00eb vet\u00eb t\u00eb pandehur, sepse jan\u00eb kapur n\u00eb p\u00ebrgjime. Nj\u00eb person q\u00eb e ka kthyer Shqip\u00ebrin\u00eb n\u00eb nj\u00eb sistem t\u00eb till\u00eb kriminal \u00ebsht\u00eb Edi Rama. Ne jemi k\u00ebtu p\u00ebr nj\u00eb sistem q\u00eb i sh\u00ebrben shqiptar\u00ebve dhe \u00ebsht\u00eb i drejt\u00eb. Duhet t\u00eb ket\u00eb dhe referendum, n\u00ebse shqiptar\u00ebt k\u00ebrkojn\u00eb t\u00eb zgjidhet Presidenti nga populli\u201d<\/em>, tha Braimllari. \/Gazeta Liberale<\/p>\n","protected":false},"excerpt":{"rendered":"<p>LSI paralajm\u00ebron: Fakte trondit\u00ebse do dalin p\u00ebr Ulsi Manj\u00ebn. Ish-deputeti i LSI, Endrit Braimllari i ftuar n\u00eb rubrik\u00ebn \u201cOpinion\u201d n\u00eb News 24 , tha se fakte trondit\u00ebse do t\u00eb dalin jo vet\u00ebm p\u00ebr Ulsi Manj\u00ebn, por edhe p\u00ebr persona t\u00eb tjer\u00eb t\u00eb \u201cRilindjes\u201d. Nd\u00ebrsa theksoi se Komisioni Hetimor nuk e shkarkon dot presidentin Meta. \u201cT\u00eb [&hellip;]<\/p>\n","protected":false},"author":9,"featured_media":23158,"comment_status":"open","ping_status":"open","sticky":false,"template":"","format":"standard","meta":{"jetpack_post_was_ever_published":false,"_jetpack_newsletter_access":"","_jetpack_dont_email_post_to_subs":false,"_jetpack_newsletter_tier_id":0,"_jetpack_memberships_contains_paywalled_content":false,"_jetpack_memberships_contains_paid_content":false,"footnotes":"","jetpack_publicize_message":"","jetpack_publicize_feature_enabled":true,"jetpack_social_post_already_shared":true,"jetpack_social_options":{"image_generator_settings":{"template":"highway","default_image_id":0,"font":"","enabled":false},"version":2}},"categories":[27,1,35],"tags":[],"class_list":["post-23157","post","type-post","status-publish","format-standard","has-post-thumbnail","hentry","category-blogu-i-udhetarit","category-njoftime-shtypi","category-shoqerore"],"jetpack_publicize_connections":[],"jetpack_featured_media_url":"https:\/\/i0.wp.com\/www.shqiperia.com\/blog\/wp-content\/uploads\/2019\/07\/Ulsi-Manja-770x433.jpg?fit=770%2C433&ssl=1","jetpack_sharing_enabled":true,"jetpack_shortlink":"https:\/\/wp.me\/p5Z6wp-61v","jetpack-related-posts":[{"id":80606,"url":"https:\/\/www.shqiperia.com\/blog\/do-ti-shkul-veshet-sherri-mes-agron-shehajt-dhe-ulsi-manjes\/","url_meta":{"origin":23157,"position":0},"title":"\u201cDo t\u2019i shkul vesh\u00ebt\u201d- Sherri mes Agron Shehajt dhe Ulsi Manj\u00ebs","author":"Kurt Farka","date":"May 3, 2024","format":false,"excerpt":"3 Maji 2024 Partia Demokratike e d\u00ebnon ashp\u00ebr sulmin, del n\u00eb mbrojtje t\u00eb deputetit t\u00eb opozit\u00ebs dhe e paralajm\u00ebron Ulsi Manj\u00ebn. An\u00ebtari i Kryesis\u00eb s\u00eb PD, Grigels Mu\u00e7ollari ka reaguar nj\u00eb dit\u00eb pas debateve n\u00eb Kuvend t\u00eb ministrit t\u00eb Drejt\u00ebsis\u00eb,\u00a0Ulsi Manja dhe deputetit Agron Shehaj. Sipas tij \u00e7do veprim ndaj\u2026","rel":"","context":"In &quot;Blogu i Udh\u00ebtarit&quot;","block_context":{"text":"Blogu i Udh\u00ebtarit","link":"https:\/\/www.shqiperia.com\/blog\/category\/blogu-i-udhetarit\/"},"img":{"alt_text":"","src":"https:\/\/i0.wp.com\/www.shqiperia.com\/blog\/wp-content\/uploads\/2024\/05\/ulsi-manja-agron-shehaj.jpg?fit=1007%2C645&ssl=1&resize=350%2C200","width":350,"height":200,"srcset":"https:\/\/i0.wp.com\/www.shqiperia.com\/blog\/wp-content\/uploads\/2024\/05\/ulsi-manja-agron-shehaj.jpg?fit=1007%2C645&ssl=1&resize=350%2C200 1x, https:\/\/i0.wp.com\/www.shqiperia.com\/blog\/wp-content\/uploads\/2024\/05\/ulsi-manja-agron-shehaj.jpg?fit=1007%2C645&ssl=1&resize=525%2C300 1.5x, https:\/\/i0.wp.com\/www.shqiperia.com\/blog\/wp-content\/uploads\/2024\/05\/ulsi-manja-agron-shehaj.jpg?fit=1007%2C645&ssl=1&resize=700%2C400 2x"},"classes":[]},{"id":22859,"url":"https:\/\/www.shqiperia.com\/blog\/shperthen-analisti-e-kuptoni-ne-cfare-absurdi-jemi-ulsiu-qe-vodhi-votat-do-e-beje-reformen-ne-drejtesi\/","url_meta":{"origin":23157,"position":1},"title":"Shp\u00ebrthen analisti: &#8211; E kuptoni n\u00eb \u00e7far\u00eb absurdi jemi? Ulsiu q\u00eb vodhi votat do e b\u00ebj\u00eb reform\u00ebn n\u00eb drejt\u00ebsi?","author":"Kurt Farka","date":"July 7, 2019","format":false,"excerpt":"Shp\u00ebrthen analisti: - E kuptoni n\u00eb \u00e7far\u00eb absurdi jemi? Ulsiu q\u00eb vodhi votat do e b\u00ebj\u00eb reform\u00ebn n\u00eb drejt\u00ebsi? 6 Korrik, 2019 N\u00eb nj\u00eb lidhje direkte p\u00ebr Ora News, analisti Ilir Demalia u shpreh se, reforma n\u00eb drejt\u00ebsi ka rezultuar nj\u00eb d\u00ebshtim p\u00ebr Shqip\u00ebrin\u00eb dhe kjo \u00ebsht\u00eb pranuar n\u00ebn z\u00eb\u2026","rel":"","context":"In &quot;Blogu i Udh\u00ebtarit&quot;","block_context":{"text":"Blogu i Udh\u00ebtarit","link":"https:\/\/www.shqiperia.com\/blog\/category\/blogu-i-udhetarit\/"},"img":{"alt_text":"","src":"https:\/\/i0.wp.com\/www.shqiperia.com\/blog\/wp-content\/uploads\/2019\/07\/demalia-ulsi.jpg?fit=809%2C388&ssl=1&resize=350%2C200","width":350,"height":200,"srcset":"https:\/\/i0.wp.com\/www.shqiperia.com\/blog\/wp-content\/uploads\/2019\/07\/demalia-ulsi.jpg?fit=809%2C388&ssl=1&resize=350%2C200 1x, https:\/\/i0.wp.com\/www.shqiperia.com\/blog\/wp-content\/uploads\/2019\/07\/demalia-ulsi.jpg?fit=809%2C388&ssl=1&resize=525%2C300 1.5x, https:\/\/i0.wp.com\/www.shqiperia.com\/blog\/wp-content\/uploads\/2019\/07\/demalia-ulsi.jpg?fit=809%2C388&ssl=1&resize=700%2C400 2x"},"classes":[]},{"id":18303,"url":"https:\/\/www.shqiperia.com\/blog\/denoncimi-dalin-emrat-ja-gjithe-te-afermit-e-te-njohurit-qe-ka-punesuar-ulsi-manja\/","url_meta":{"origin":23157,"position":2},"title":"Denoncimi\/ \u201cDalin emrat, ja gjith\u00eb t\u00eb af\u00ebrmit e t\u00eb njohurit q\u00eb ka pun\u00ebsuar Ulsi Manja\u201d. &#8211;","author":"Kurt Farka","date":"March 14, 2019","format":false,"excerpt":"Denoncimi\/ \u201cDalin emrat, ja gjith\u00eb t\u00eb af\u00ebrmit e t\u00eb njohurit q\u00eb ka pun\u00ebsuar Ulsi Manja\u201d. - Ulsi Manja vetem qenin e shtepise nuk e ka rrogtar, shkruan ishkryeministri. T\u00eb pun\u00ebsuarti e Ulsi Manjes nga familja e tije, pasi \u00ebsht\u00eb b\u00ebr\u00eb deputet 1.Drejtori Shendetit Publik Dib\u00ebr Hasan Manja i v\u00ebllai 2.N\u00eb\u2026","rel":"","context":"In &quot;Blogu i Udh\u00ebtarit&quot;","block_context":{"text":"Blogu i Udh\u00ebtarit","link":"https:\/\/www.shqiperia.com\/blog\/category\/blogu-i-udhetarit\/"},"img":{"alt_text":"","src":"https:\/\/i0.wp.com\/www.shqiperia.com\/blog\/wp-content\/uploads\/2019\/03\/ulsi-manja-1.jpg?fit=512%2C290&ssl=1&resize=350%2C200","width":350,"height":200},"classes":[]},{"id":34623,"url":"https:\/\/www.shqiperia.com\/blog\/lsi-koalicion-me-edi-ramen-petrit-vasili-kurre-dite-tronditese-e-presin\/","url_meta":{"origin":23157,"position":3},"title":"LSI koalicion me Edi Ram\u00ebn? Petrit Vasili: Kurr\u00eb, dit\u00eb trondit\u00ebse e presin","author":"Kurt Farka","date":"May 14, 2020","format":false,"excerpt":"LSI koalicion me Edi Ram\u00ebn? Petrit Vasili: Kurr\u00eb, dit\u00eb trondit\u00ebse e presin \u00a012 maji 2020 N\u00ebnkryetari i LSI-s\u00eb, Petrit Vasili thot\u00eb se koalicion LSI me Edi Ram\u00ebn nuk do t\u00eb b\u00ebj\u00eb kurr\u00eb. N\u00eb nj\u00eb postim n\u00eb rrjetet sociale, Vasili e quan kryeministrin Rama t\u00eb\u00a0 \u201cdashuruar, p\u00ebrdorur nga narkotrafikant\u00ebt e oligark\u00ebt\u2026","rel":"","context":"In &quot;Blogu i Udh\u00ebtarit&quot;","block_context":{"text":"Blogu i Udh\u00ebtarit","link":"https:\/\/www.shqiperia.com\/blog\/category\/blogu-i-udhetarit\/"},"img":{"alt_text":"","src":"https:\/\/i0.wp.com\/www.shqiperia.com\/blog\/wp-content\/uploads\/2020\/05\/petrit-vasili-300x157.png?resize=350%2C200&ssl=1","width":350,"height":200,"srcset":"https:\/\/i0.wp.com\/www.shqiperia.com\/blog\/wp-content\/uploads\/2020\/05\/petrit-vasili-300x157.png?resize=350%2C200&ssl=1 1x, https:\/\/i0.wp.com\/www.shqiperia.com\/blog\/wp-content\/uploads\/2020\/05\/petrit-vasili-300x157.png?resize=525%2C300&ssl=1 1.5x"},"classes":[]},{"id":88778,"url":"https:\/\/www.shqiperia.com\/blog\/lefter-maliqi-spak-u-i-partise-nese-do-te-zbardhe-krimin-zgjedhor-aty-i-ka-dosjet-184-dhe-339\/","url_meta":{"origin":23157,"position":4},"title":"Lefter Maliqi: &#8211; SPAK-u i partis\u00eb n\u00ebse do t\u00eb zbardh\u00eb krimin zgjedhor, aty i ka dosjet 184 dhe 339","author":"Kurt Farka","date":"January 29, 2025","format":false,"excerpt":"29 Janar 2025 Lefter Maliqi n\u00eb nj\u00eb intervist\u00eb n\u00eb Ora News u shpreh se n\u00ebse SPAK do q\u00eb t\u00eb luftoj\u00eb krimet zgjedhore, aty i ka dosjet 184 dhe 339. Maliqi:\u00a0Keqardhje e madhe, SPAK-u i partis\u00eb ka deklaruar q\u00eb do t\u00eb ngrej\u00eb task forc\u00eb pran\u00eb KQZ me oficer\u00eb t\u00eb BKH p\u00ebr\u2026","rel":"","context":"In &quot;Blogu i Udh\u00ebtarit&quot;","block_context":{"text":"Blogu i Udh\u00ebtarit","link":"https:\/\/www.shqiperia.com\/blog\/category\/blogu-i-udhetarit\/"},"img":{"alt_text":"","src":"https:\/\/i0.wp.com\/www.shqiperia.com\/blog\/wp-content\/uploads\/2025\/01\/600-388-whatsapp-image-2025-01-29-at-150604-1738164088-1.jpeg?fit=600%2C388&ssl=1&resize=350%2C200","width":350,"height":200,"srcset":"https:\/\/i0.wp.com\/www.shqiperia.com\/blog\/wp-content\/uploads\/2025\/01\/600-388-whatsapp-image-2025-01-29-at-150604-1738164088-1.jpeg?fit=600%2C388&ssl=1&resize=350%2C200 1x, https:\/\/i0.wp.com\/www.shqiperia.com\/blog\/wp-content\/uploads\/2025\/01\/600-388-whatsapp-image-2025-01-29-at-150604-1738164088-1.jpeg?fit=600%2C388&ssl=1&resize=525%2C300 1.5x"},"classes":[]},{"id":19301,"url":"https:\/\/www.shqiperia.com\/blog\/ish-ministri-del-me-deklarate-bombe-ka-fakte-tronditese-qe-ne-ambasadat-tona-ka\/","url_meta":{"origin":23157,"position":5},"title":"Ish-ministri del me deklarat\u00eb &#8216;bomb\u00eb&#8217;: Ka fakte trondit\u00ebse q\u00eb n\u00eb ambasadat tona ka&#8230; &#8211;","author":"Kurt Farka","date":"April 7, 2019","format":false,"excerpt":"Ish-ministri del me deklarat\u00eb 'bomb\u00eb': Ka fakte trondit\u00ebse q\u00eb n\u00eb ambasadat tona ka... - \u00a0 07\/04\/2019 Ish Ministri i pun\u00ebve t\u00eb Jasht\u00ebm t\u00eb Shqip\u00ebris\u00eb Kreshnik \u00c7ollaku shprehet se ka fakte tronditese q\u00eb n\u00eb ambasadat tona n\u00eb Ballkan ka hije dyshimi se element\u00eb t\u00eb caktuar kan\u00eb lidhje me fuqi jomiq\u00ebsore\u00a0 dhe\u2026","rel":"","context":"In &quot;Blogu i Udh\u00ebtarit&quot;","block_context":{"text":"Blogu i Udh\u00ebtarit","link":"https:\/\/www.shqiperia.com\/blog\/category\/blogu-i-udhetarit\/"},"img":{"alt_text":"","src":"https:\/\/i0.wp.com\/www.shqiperia.com\/blog\/wp-content\/uploads\/2019\/04\/min-905x395.jpg?fit=905%2C395&ssl=1&resize=350%2C200","width":350,"height":200,"srcset":"https:\/\/i0.wp.com\/www.shqiperia.com\/blog\/wp-content\/uploads\/2019\/04\/min-905x395.jpg?fit=905%2C395&ssl=1&resize=350%2C200 1x, https:\/\/i0.wp.com\/www.shqiperia.com\/blog\/wp-content\/uploads\/2019\/04\/min-905x395.jpg?fit=905%2C395&ssl=1&resize=525%2C300 1.5x, https:\/\/i0.wp.com\/www.shqiperia.com\/blog\/wp-content\/uploads\/2019\/04\/min-905x395.jpg?fit=905%2C395&ssl=1&resize=700%2C400 2x"},"classes":[]}],"_links":{"self":[{"href":"https:\/\/www.shqiperia.com\/blog\/wp-json\/wp\/v2\/posts\/23157","targetHints":{"allow":["GET"]}}],"collection":[{"href":"https:\/\/www.shqiperia.com\/blog\/wp-json\/wp\/v2\/posts"}],"about":[{"href":"https:\/\/www.shqiperia.com\/blog\/wp-json\/wp\/v2\/types\/post"}],"author":[{"embeddable":true,"href":"https:\/\/www.shqiperia.com\/blog\/wp-json\/wp\/v2\/users\/9"}],"replies":[{"embeddable":true,"href":"https:\/\/www.shqiperia.com\/blog\/wp-json\/wp\/v2\/comments?post=23157"}],"version-history":[{"count":1,"href":"https:\/\/www.shqiperia.com\/blog\/wp-json\/wp\/v2\/posts\/23157\/revisions"}],"predecessor-version":[{"id":23159,"href":"https:\/\/www.shqiperia.com\/blog\/wp-json\/wp\/v2\/posts\/23157\/revisions\/23159"}],"wp:featuredmedia":[{"embeddable":true,"href":"https:\/\/www.shqiperia.com\/blog\/wp-json\/wp\/v2\/media\/23158"}],"wp:attachment":[{"href":"https:\/\/www.shqiperia.com\/blog\/wp-json\/wp\/v2\/media?parent=23157"}],"wp:term":[{"taxonomy":"category","embeddable":true,"href":"https:\/\/www.shqiperia.com\/blog\/wp-json\/wp\/v2\/categories?post=23157"},{"taxonomy":"post_tag","embeddable":true,"href":"https:\/\/www.shqiperia.com\/blog\/wp-json\/wp\/v2\/tags?post=23157"}],"curies":[{"name":"wp","href":"https:\/\/api.w.org\/{rel}","templated":true}]}}