{"id":22838,"date":"2019-07-06T19:41:41","date_gmt":"2019-07-06T19:41:41","guid":{"rendered":"http:\/\/www.shqiperia.com\/blog\/?p=22838"},"modified":"2019-07-06T19:41:41","modified_gmt":"2019-07-06T19:41:41","slug":"gazetari-italian-pasardhes-i-skenderbeut-ju-tregoj-jeten-e-familjes-sime-ne-itali","status":"publish","type":"post","link":"https:\/\/www.shqiperia.com\/blog\/gazetari-italian-pasardhes-i-skenderbeut-ju-tregoj-jeten-e-familjes-sime-ne-itali\/","title":{"rendered":"\u00a0Gazetari italian pasardh\u00ebs i Sk\u00ebnderbeut: Ju tregoj jet\u00ebn e familjes sime n\u00eb Itali. &#8211;"},"content":{"rendered":"<div id=\"attachment_22839\" style=\"width: 408px\" class=\"wp-caption alignnone\"><img data-recalc-dims=\"1\" loading=\"lazy\" decoding=\"async\" aria-describedby=\"caption-attachment-22839\" data-attachment-id=\"22839\" data-permalink=\"https:\/\/www.shqiperia.com\/blog\/gazetari-italian-pasardhes-i-skenderbeut-ju-tregoj-jeten-e-familjes-sime-ne-itali\/loris-castriota-skanderbegh\/\" data-orig-file=\"https:\/\/i0.wp.com\/www.shqiperia.com\/blog\/wp-content\/uploads\/2019\/07\/Loris-Castriota-Skanderbegh.jpg?fit=780%2C440&amp;ssl=1\" data-orig-size=\"780,440\" data-comments-opened=\"1\" data-image-meta=\"{&quot;aperture&quot;:&quot;0&quot;,&quot;credit&quot;:&quot;&quot;,&quot;camera&quot;:&quot;&quot;,&quot;caption&quot;:&quot;&quot;,&quot;created_timestamp&quot;:&quot;0&quot;,&quot;copyright&quot;:&quot;&quot;,&quot;focal_length&quot;:&quot;0&quot;,&quot;iso&quot;:&quot;0&quot;,&quot;shutter_speed&quot;:&quot;0&quot;,&quot;title&quot;:&quot;&quot;,&quot;orientation&quot;:&quot;0&quot;}\" data-image-title=\"Loris Castriota Skanderbegh\" data-image-description=\"\" data-image-caption=\"&lt;p&gt;Loris Castriota Skanderbegh&lt;\/p&gt;\n\" data-medium-file=\"https:\/\/i0.wp.com\/www.shqiperia.com\/blog\/wp-content\/uploads\/2019\/07\/Loris-Castriota-Skanderbegh.jpg?fit=300%2C169&amp;ssl=1\" data-large-file=\"https:\/\/i0.wp.com\/www.shqiperia.com\/blog\/wp-content\/uploads\/2019\/07\/Loris-Castriota-Skanderbegh.jpg?fit=780%2C440&amp;ssl=1\" class=\" wp-image-22839\" alt=\"\" src=\"https:\/\/i0.wp.com\/www.shqiperia.com\/blog\/wp-content\/uploads\/2019\/07\/Loris-Castriota-Skanderbegh-300x169.jpg?resize=398%2C224\" width=\"398\" height=\"224\" srcset=\"https:\/\/i0.wp.com\/www.shqiperia.com\/blog\/wp-content\/uploads\/2019\/07\/Loris-Castriota-Skanderbegh.jpg?resize=300%2C169&amp;ssl=1 300w, https:\/\/i0.wp.com\/www.shqiperia.com\/blog\/wp-content\/uploads\/2019\/07\/Loris-Castriota-Skanderbegh.jpg?resize=768%2C433&amp;ssl=1 768w, https:\/\/i0.wp.com\/www.shqiperia.com\/blog\/wp-content\/uploads\/2019\/07\/Loris-Castriota-Skanderbegh.jpg?resize=450%2C254&amp;ssl=1 450w, https:\/\/i0.wp.com\/www.shqiperia.com\/blog\/wp-content\/uploads\/2019\/07\/Loris-Castriota-Skanderbegh.jpg?resize=600%2C338&amp;ssl=1 600w, https:\/\/i0.wp.com\/www.shqiperia.com\/blog\/wp-content\/uploads\/2019\/07\/Loris-Castriota-Skanderbegh.jpg?resize=400%2C226&amp;ssl=1 400w, https:\/\/i0.wp.com\/www.shqiperia.com\/blog\/wp-content\/uploads\/2019\/07\/Loris-Castriota-Skanderbegh.jpg?w=780&amp;ssl=1 780w\" sizes=\"auto, (max-width: 398px) 100vw, 398px\" \/><p id=\"caption-attachment-22839\" class=\"wp-caption-text\">Loris Castriota Skanderbegh<\/p><\/div>\n<p><strong>\u00a0Gazetari italian pasardh\u00ebs i Sk\u00ebnderbeut: Ju tregoj jet\u00ebn e familjes sime n\u00eb Itali. &#8211;<\/strong><\/p>\n<p><em>Kush \u00ebsht\u00eb Loris Castriota Skanderbegh, familja e t\u00eb cilit rrjedh nga djali i heroit komb\u00ebtar.\u00a0<\/em><\/p>\n<p>Nj\u00eb takim i rastit mes dy gazetar\u00ebve k\u00ebto dit\u00eb ka zbuluar se nj\u00eb nga pasardh\u00ebsit e Gjergj Kastriotit-Sk\u00ebnderbeut jeton dhe punon n\u00eb Foggia t\u00eb Puljes, n\u00eb Itali. Ai \u00ebsht\u00eb gazetar, por emri i tij tregon gjithshka: quhet Loris Castriota Skanderbegh dhe nuk e fsheh q\u00eb rrjedh nga familja e \u201ckryeprincit t\u00eb Arb\u00ebrit\u201d.<\/p>\n<p>Sa m\u00eb posht\u00eb vijon intervista e gazetares Scinicariello me t\u00eb, q\u00eb \u00ebsht\u00eb publikuar n\u00eb gazet\u00ebn \u201cIl mattino di Foggia\u201d.<\/p>\n<p><strong>P\u00ebrsh\u00ebndetje, Loris. S\u00eb pari, t\u00eb falenderoj shum\u00eb q\u00eb vendose t\u00eb pranosh k\u00ebt\u00eb intervist\u00eb. Pasi t\u00eb takova n\u00eb Foggia gjat\u00eb vizit\u00ebs me pjes\u00ebmarrjen e mediave \u201cFoggia Svelata\u201d (Foggia e zbuluar) dhe pasi zbulova edhe mbiemrin t\u00ebnd, duke qen\u00eb dashamir\u00ebse e Ballkanit dhe e Shqip\u00ebris\u00eb, m\u00eb lindi kurioziteti. M\u00eb tregon se \u00e7far\u00eb lidhjesh ke me heroin shqiptar Gjergj Kastrioti-Sk\u00ebnderbeu? N\u00eb Shqip\u00ebri ai \u00ebsht\u00eb nj\u00eb simbol me t\u00eb v\u00ebrtet\u00eb i r\u00ebnd\u00ebsish\u00ebm, apo jo?<\/strong><\/p>\n<p>Un\u00eb jam nj\u00eb pasardh\u00ebs i drejtp\u00ebrdrejt\u00eb i Gjergjit. Familja ime jeton n\u00eb Pulja q\u00eb kur djali i tij erdhi k\u00ebtu, pas vdekjes s\u00eb heroit. Kastriot\u00ebt m\u00eb par\u00eb mor\u00ebn feudet n\u00eb Monte Sant\u2019Angelo dhe San Giovanni Rotondo, m\u00eb pas i k\u00ebmbyen ato me feudet e Galatinas dhe Soletos, n\u00eb Salento. Q\u00eb at\u00ebhere, familja ime jeton n\u00eb Lecce. Un\u00eb jam k\u00ebtu pasi babai im, Giorgio, vendosi t\u00eb martohet me nj\u00eb banore t\u00eb Foggia-s, n\u00ebn\u00ebn time Adele Berardi.<\/p>\n<p><strong>\u00c7far\u00eb marr\u00ebdh\u00ebniesh ka mes heroit shqiptar dhe Puljas?\u00a0<\/strong><\/p>\n<p>Marr\u00ebdh\u00ebniet historike t\u00eb Sk\u00ebnderbeut me Puljen jan\u00eb t\u00eb r\u00ebnd\u00ebsishme, edhe pse k\u00ebt\u00eb e din\u00eb vet\u00ebm studiuesit e historis\u00eb, shqiptar\u00ebt dhe banor\u00ebt e komuniteteve arb\u00ebreshe, \u201ckoloni\u201d historike italo-shqiptare, q\u00eb u ngul\u00ebn n\u00eb qend\u00ebr-jug t\u00eb Italis\u00eb shekujt e kaluar dhe ku ruhen kujtesa historike, traditat, zakonet e vendit t\u00eb origjin\u00ebs. Sk\u00ebnderbeu, mir\u00ebnjoh\u00ebs p\u00ebr ndihmat q\u00eb i dha mbreti Alfons i Napolit n\u00eb luft\u00ebn e tij kund\u00ebr p\u00ebrpjekjeve otomane p\u00ebr pushtim, mes gushtit t\u00eb vitit 1461 dhe shkurtit 1462 erdhi personalisht vet\u00eb n\u00eb Pulja p\u00ebr t\u00eb mb\u00ebshtetur mbretin e ri Ferrante t\u00eb Aragon\u00ebs, i cili u ngjit n\u00eb fron pas vdekjes s\u00eb babait t\u00eb tij Alfons, n\u00eb vitin 1458 dhe po p\u00ebrjetonte v\u00ebshtir\u00ebsi t\u00eb m\u00ebdha. N\u00eb fakt, Ferrante ishte angazhuar n\u00eb shtypjen e p\u00ebrpjekjes s\u00eb pushtimit t\u00eb mbret\u00ebris\u00eb nga ana e Giovanni-t t\u00eb Anzhuin\u00ebve, q\u00eb pretendonte fronin dhe kishte bindur t\u00eb ngriheshin n\u00eb revolt\u00eb edhe shum\u00eb feudal\u00eb t\u00eb m\u00ebdhenj, q\u00eb k\u00ebrkonin rikthimin e sundimit francez. I rrethuar n\u00eb k\u00ebshtjell\u00ebn e Barletta-s, mbreti mezi po e mbante fronin. Por Gjergj Kastrioti, duke p\u00ebrfituar nga nj\u00eb arm\u00ebpushim me sulltanin, erdhi p\u00ebr t\u00eb kthyer borxhin e nderit q\u00eb kishte me dinastin\u00eb aragoneze dhe, me nj\u00eb grup prej rreth 700 kalor\u00ebsish dhe nj\u00eb shif\u00ebr t\u00eb panjohur k\u00ebmb\u00ebsor\u00ebsh, zbarkoi n\u00eb Barletta, e \u00e7liroi mbretin dhe udh\u00ebhoqi disa veprime ushtarake, q\u00eb p\u00ebrmbysi faktikisht fatet e p\u00ebrplasjes, deri n\u00eb at\u00eb pik\u00eb, sa e \u00e7oi Ferranten drejt fitores m\u00eb 18 gusht n\u00eb Troia, provinc\u00eb e Foggia-s, fitore vendimtare p\u00ebr t\u00eb ruajtur kontrollin e mbret\u00ebris\u00eb. Ky ishte nj\u00eb rast p\u00ebr t\u00eb forcuar lidhjet mes familjes s\u00eb Kastriot\u00ebve dhe Aragonasve. Nuk ishte rast\u00ebsi q\u00eb, pasi vdiq Gjergji, mbreti Ferrante ftoi djalin dhe t\u00eb ven\u00eb e tij, Gjon dhe Donika, t\u00eb transferoheshin n\u00eb Mbret\u00ebrin\u00eb e Napolit p\u00ebr t\u00eb mos u b\u00ebr\u00eb viktima t\u00eb hakmarrjes s\u00eb sulltanit, q\u00eb po e p\u00ebrfundonte pushtimin e territorit shqiptar.<\/p>\n<p><strong>A \u00ebsht\u00eb shum\u00eb i madh komuniteti shqiptar n\u00eb Pulja sot?<\/strong><\/p>\n<p><strong>Qendrat arb\u00ebreshe jan\u00eb tre, ato t\u00eb themeluara apo t\u00eb ripopulluara nga komuniteti historik italo-shqiptar:\u00a0<\/strong>San Marzano di San Giuseppe\u00a0(Taranto),\u00a0Casalvecchio di Puglia\u00a0(Foggia) dhe\u00a0Chieuti\u00a0(Foggia). N\u00eb total, pak m\u00eb shum\u00eb se 12 mij\u00eb banor\u00eb dhe jot \u00eb gjith\u00eb e flasin gjuh\u00ebn q\u00eb \u00ebsht\u00eb transmetuar gjat\u00eb pes\u00eb shekujve n\u00eb ato zona. Sot kemi nj\u00eb problem serioz t\u00eb ruajtjes s\u00eb gjuh\u00ebs, traditave dhe identitetit kulturor: nj\u00eb trash\u00ebgimi historike dhe folklorike, q\u00eb rrezikon t\u00eb zhduket p\u00ebrball\u00eb standardizimit t\u00eb njohurive t\u00eb globalizuara dhe nga zhdukja graduale e zakonit t\u00eb arb\u00ebresh\u00ebve q\u00eb t\u00eb martoheshin vet\u00ebm mes tyre dhe duke transmetuar doke dhe gjuh\u00ebn n\u00eb jet\u00ebn e p\u00ebrditshme.<\/p>\n<p><strong>Sot ti jeton n\u00eb Foggia, je gazetar dhe merresh me sektorin e komunikimit tek kryebashkiaku, por vet\u00ebm me k\u00ebt\u00eb. Gjat\u00eb vizit\u00ebs mediatike \u201cFoggia Svelata\u201d na shoq\u00ebrove n\u00eb Muzeun e Qytetit dhe nuk fshehe dashurin\u00eb p\u00ebr at\u00eb vend dhe p\u00ebr qytetin. Mendon q\u00eb Foggia ka ende nj\u00eb potencial ende t\u00eb pashprehur n\u00eb nivel turistik? A ka ndonj\u00eb gj\u00eb q\u00eb mund t\u00eb b\u00ebhet m\u00eb shum\u00eb p\u00ebr t\u00eb treguar k\u00ebt\u00eb qytet dhe p\u00ebr t\u00eb t\u00ebrhequr vizitor\u00eb nga e gjith\u00eb Italia dhe, pse jo, nga e gjith\u00eb bota?<\/strong><\/p>\n<p>Sigurisht q\u00eb ka. Foggia ka shum\u00eb aspekte t\u00eb panjohura edhe p\u00ebr vet\u00eb banor\u00ebt e saj, q\u00eb kan\u00eb mbajtur nj\u00eb qendrim gati mosbesues ndaj r\u00ebnd\u00ebsis\u00eb dhe bukuris\u00eb historiko-artistike t\u00eb qytetit t\u00eb tyre. \u00cbsht\u00eb rezultat i ngjarjeve negative q\u00eb kan\u00eb ndodhur n\u00eb Foggia nd\u00ebr vite, si t\u00ebrmeti shkat\u00ebrrimtar i vitit 1731 apo bombardimet e aleat\u00ebve n\u00eb ver\u00ebn e vitit 1943. Megjithat\u00eb, pavar\u00ebsisht shkat\u00ebrrimeve t\u00eb p\u00ebsuara, Foggia ka ruajtur shum\u00eb d\u00ebshmi interesante t\u00eb s\u00eb kaluar\u00ebs, q\u00eb do t\u2019u p\u00eblqenin edhe turist\u00ebve \u201cm\u00eb t\u00eb v\u00ebshtir\u00eb\u201d: e r\u00ebnd\u00ebsishme \u00ebsht\u00eb t\u00eb ken\u00eb nj\u00eb guid\u00eb kompetent, t\u00eb p\u00ebrgatitur dhe t\u00eb apasionuar.<\/p>\n<p><strong>N\u00eb aspektin e \u201ct\u00eb treguarit t\u00eb qytetit\u201d, administrata bashkiake ka b\u00ebr\u00eb shum\u00eb \u201cindirekt\u201d, duke organizuar evente t\u00ebrheq\u00ebse si \u201cLibando\u201d, festivali i ushqimit n\u00eb rrug\u00eb, apo \u201cGiordano in Jazz\u201d, takim vjetor me koncertet e muzikant\u00ebve m\u00eb t\u00eb m\u00ebdhenj t\u00eb k\u00ebtij zhanri, p\u00ebr t\u00eb t\u00ebrhequr vizitor\u00eb q\u00eb t\u00eb dashurohen edhe me Foggia-n apo q\u00eb t\u00eb ndalojn\u00eb ose t\u00eb kthehen k\u00ebtu p\u00ebr ta njohur m\u00eb mir\u00eb. Por sa i takon Shqip\u00ebris\u00eb, si e shikon zhvillimin e turizmit k\u00ebto vitet e fundit?<\/strong><\/p>\n<p>N\u00eb Vendin e Shqiponjave po fillojn\u00eb t\u00eb vijn\u00eb flukset e m\u00ebdha t\u00eb turizmit, edhe atij nd\u00ebrkomb\u00ebtar, sidomos gjat\u00eb ver\u00ebs dhe sidomos n\u00eb zonat bregdetare t\u00eb qendr\u00ebs dhe t\u00eb jugut t\u00eb Shqip\u00ebris\u00eb: kjo \u00ebsht\u00eb p\u00ebr shkak t\u00eb plazheve t\u00eb pandotur, strukturave akomoduese q\u00eb p\u00ebrmir\u00ebsohen gjithnj\u00eb e m\u00eb shum\u00eb dhe \u00e7mimeve me t\u00eb v\u00ebrtet\u00eb konkurruese. Por kur turist\u00ebt t\u00eb zbulojn\u00eb se ka gj\u00ebra p\u00ebr t\u2019u vizituar edhe n\u00eb brend\u00ebsi, qoft\u00eb n\u00eb aspektin e pejsazhit, ashtu edhe t\u00eb kultur\u00ebs, Shqip\u00ebria do t\u00eb b\u00ebhet nj\u00eb destinacion i dor\u00ebs s\u00eb par\u00eb p\u00ebr ata q\u00eb e duan t\u00eb bukur\u00ebn n\u00eb \u00e7do cep t\u00eb planetit!<\/p>\n<p><strong>Nj\u00eb pyetje t\u00eb fundit, sipas teje, ka nj\u00eb lidhje apo di\u00e7ka q\u00eb bashkon Puljen me Shqip\u00ebrin\u00eb?\u00a0\u00a0 \u00a0\u00a0<\/strong><\/p>\n<p>Ka nj\u00eb lidhje t\u00eb fuqishme, q\u00eb nuk ka t\u00eb b\u00ebj\u00eb vet\u00ebm me \u201cgjer\u00ebsin\u00eb gjeografike\u201d n\u00eb t\u00eb cil\u00ebn ndodhen t\u00eb dy territoret: jemi popuj mesdhetar\u00eb dhe ndajm\u00eb zakone e m\u00ebnyra jetese, por edhe pejsazhe t\u00eb ngjash\u00ebm. Do t\u00eb shtoja se puljez\u00ebt e sot\u00ebm kan\u00eb prejardhje nga fiset ilire, q\u00eb emigruan n\u00eb jug t\u00eb Italis\u00eb, n\u00eb Pulja, duke filluar nga mij\u00ebvje\u00e7ari i par\u00eb para Krishtit: Daun\u00ebt (provinca aktuale e Foggia-s), Peucet\u00ebt (n\u00eb Puljen aktuale qendrore) dhe Mesap\u00ebt (n\u00eb Salento). T\u00eb gjith\u00eb ata quheshin Japig\u00eb dhe puljez\u00ebt u detyrohen atyre nj\u00eb pjes\u00eb t\u00eb r\u00ebnd\u00ebsishme t\u00eb kultur\u00ebs s\u00eb tyre st\u00ebrgjyshore. Kjo lidhje u p\u00ebrt\u00ebri mga migrimet e shekullit t\u00eb 15-t\u00eb dhe u mbajt gjall\u00eb nga komunitetet arb\u00ebreshe, por \u201cu rigjall\u00ebrua\u201d nga mb\u00ebrritja e imigrant\u00ebve t\u00eb rinj shqiptar\u00eb t\u00eb viteve \u201990 dhe sot ka fituar nj\u00eb forc\u00eb t\u00eb re n\u00eb saj\u00eb t\u00eb intensifikimit t\u00eb marr\u00ebdh\u00ebnieve institucionale nd\u00ebrmjet Puljes dhe Shqip\u00ebris\u00eb dhe p\u00ebr faktin se porti dhe aeroporti i Barit jan\u00eb pika mb\u00ebrritjeje dhe nisjeje mes dy territoreve. N\u00eb thelb, kjo \u00ebsht\u00eb nj\u00eb lidhje q\u00eb nuk \u00ebsht\u00eb zhdukur kurr\u00eb dhe q\u00eb do t\u00eb vazhdoj\u00eb t\u00eb forcohet n\u00eb t\u00eb ardhmen.<\/p>\n<p>*)\u00a0<a href=\"https:\/\/www.ilmattinodifoggia.it\/ne%C3%ABs\/focus\/43757\/loris-skanderbegh-il-principe-che-foggia-nasconde.html\">Gazetare e \u201cIl mattino di Foggia\u201d<\/a>\/ Nga:\u00a0Selene Scinicariello.<\/p>\n<p>Gazeta Shqiptarja.com<\/p>\n","protected":false},"excerpt":{"rendered":"<p>\u00a0Gazetari italian pasardh\u00ebs i Sk\u00ebnderbeut: Ju tregoj jet\u00ebn e familjes sime n\u00eb Itali. &#8211; Kush \u00ebsht\u00eb Loris Castriota Skanderbegh, familja e t\u00eb cilit rrjedh nga djali i heroit komb\u00ebtar.\u00a0 Nj\u00eb takim i rastit mes dy gazetar\u00ebve k\u00ebto dit\u00eb ka zbuluar se nj\u00eb nga pasardh\u00ebsit e Gjergj Kastriotit-Sk\u00ebnderbeut jeton dhe punon n\u00eb Foggia t\u00eb Puljes, n\u00eb [&hellip;]<\/p>\n","protected":false},"author":9,"featured_media":22839,"comment_status":"open","ping_status":"open","sticky":false,"template":"","format":"standard","meta":{"jetpack_post_was_ever_published":false,"_jetpack_newsletter_access":"","_jetpack_dont_email_post_to_subs":false,"_jetpack_newsletter_tier_id":0,"_jetpack_memberships_contains_paywalled_content":false,"_jetpack_memberships_contains_paid_content":false,"footnotes":"","jetpack_publicize_message":"","jetpack_publicize_feature_enabled":true,"jetpack_social_post_already_shared":true,"jetpack_social_options":{"image_generator_settings":{"template":"highway","default_image_id":0,"font":"","enabled":false},"version":2}},"categories":[27,85,10],"tags":[],"class_list":["post-22838","post","type-post","status-publish","format-standard","has-post-thumbnail","hentry","category-blogu-i-udhetarit","category-histori","category-kultura"],"jetpack_publicize_connections":[],"jetpack_featured_media_url":"https:\/\/i0.wp.com\/www.shqiperia.com\/blog\/wp-content\/uploads\/2019\/07\/Loris-Castriota-Skanderbegh.jpg?fit=780%2C440&ssl=1","jetpack_sharing_enabled":true,"jetpack_shortlink":"https:\/\/wp.me\/p5Z6wp-5Wm","jetpack-related-posts":[{"id":20731,"url":"https:\/\/www.shqiperia.com\/blog\/arbereshet-rikthehen-ne-kruje-ne-kryeqendren-e-kryetrimit-skenderbeut\/","url_meta":{"origin":22838,"position":0},"title":"Arb\u00ebresh\u00ebt rikthehen n\u00eb Kruj\u00eb, n\u00eb kryeqendr\u00ebn e kryetrimit, Sk\u00ebnderbeut. &#8211;","author":"Kurt Farka","date":"May 5, 2019","format":false,"excerpt":"Arb\u00ebresh\u00ebt rikthehen n\u00eb Kruj\u00eb, n\u00eb kryeqendr\u00ebn e kryetrimit, Sk\u00ebnderbeut. - P\u00ebr t\u00eb tretin vit radhazi, arb\u00ebresh\u00ebt kthehen n\u00eb vendin e t\u00eb par\u00ebve t\u00eb tyre, Kruj\u00ebn. Me \u201cvallen\u201d arb\u00ebrore q\u00eb nis n\u00eb Durr\u00ebs \u2013 Lezh\u00eb \u2013 Kruj\u00eb \u2013 Berat, rreth 60 p\u00ebrfaq\u00ebsues t\u00eb komuniteteve arb\u00ebreshe kujtojn\u00eb triumfet e Gjergj Kastriot Sk\u00ebnderbeut\u2026","rel":"","context":"In &quot;Blogu i Udh\u00ebtarit&quot;","block_context":{"text":"Blogu i Udh\u00ebtarit","link":"https:\/\/www.shqiperia.com\/blog\/category\/blogu-i-udhetarit\/"},"img":{"alt_text":"","src":"https:\/\/i0.wp.com\/www.shqiperia.com\/blog\/wp-content\/uploads\/2019\/05\/Arbereshet-ne-Kruje.jpg?fit=907%2C452&ssl=1&resize=350%2C200","width":350,"height":200,"srcset":"https:\/\/i0.wp.com\/www.shqiperia.com\/blog\/wp-content\/uploads\/2019\/05\/Arbereshet-ne-Kruje.jpg?fit=907%2C452&ssl=1&resize=350%2C200 1x, https:\/\/i0.wp.com\/www.shqiperia.com\/blog\/wp-content\/uploads\/2019\/05\/Arbereshet-ne-Kruje.jpg?fit=907%2C452&ssl=1&resize=525%2C300 1.5x, https:\/\/i0.wp.com\/www.shqiperia.com\/blog\/wp-content\/uploads\/2019\/05\/Arbereshet-ne-Kruje.jpg?fit=907%2C452&ssl=1&resize=700%2C400 2x"},"classes":[]},{"id":49618,"url":"https:\/\/www.shqiperia.com\/blog\/castrovillarikastrovillari-kalabri-dhe-gjergj-kastrioti-skenderbe\/","url_meta":{"origin":22838,"position":1},"title":"Castrovillari\\Kastrovillari ( Kalabri) dhe Gjergj Kastrioti Sk\u00ebnderbe.","author":"Kurt Farka","date":"September 4, 2021","format":false,"excerpt":"Castrovillari\\Kastrovillari ( Kalabri) dhe Gjergj Kastrioti Sk\u00ebnderbe. N\u00eb dat\u00ebn 16\\06\\ 2021 l\u00ebshohet\u00a0 autorizimi\u00a0 p\u00ebr insatalimin e Bustit t\u00eb Gjergj Kastrioti Skenderbe n\u00eb qytez\u00ebn e Castrovillarit n\u00eb kahin\u00ebn e Kalabris\u00eb.N\u00eb vijim nj\u00eb intervist\u00eb e\u00a0 kryetarit t\u00eb Bashkis\u00eb Domenico Lo Polito si edhe ideatorit shqipatarit\u00a0 Fatmir Filja Nga Ornela Radovicka 2 Shtator\u2026","rel":"","context":"In &quot;Arte&quot;","block_context":{"text":"Arte","link":"https:\/\/www.shqiperia.com\/blog\/category\/arte\/"},"img":{"alt_text":"","src":"https:\/\/i0.wp.com\/www.shqiperia.com\/blog\/wp-content\/uploads\/2021\/09\/Kastrovillari-Kaabri.jpg?fit=512%2C341&ssl=1&resize=350%2C200","width":350,"height":200},"classes":[]},{"id":12376,"url":"https:\/\/www.shqiperia.com\/blog\/juristi-italian-giancarlo-vallone-si-u-integruan-emigrantet-arbereshe-para-500-vitesh-ne-itali\/","url_meta":{"origin":22838,"position":2},"title":"Juristi italian, Giancarlo Vallone: Si u integruan emigrant\u00ebt arb\u00ebresh\u00eb para 500 vitesh n\u00eb Itali. &#8211;","author":"Kurt Farka","date":"October 7, 2018","format":false,"excerpt":"Juristi italian, Giancarlo Vallone: Si u integruan emigrant\u00ebt arb\u00ebresh\u00eb para 500 vitesh n\u00eb Itali. - Juristi italian Giancarlo Vallone ka sjell n\u00eb Konferenc\u00ebn Nd\u00ebrkomb\u00ebtare Albanologjike nj\u00eb kumtes\u00eb mjaft interesante mbi emigrimet e popujve n\u00eb Itali gjat\u00eb epok\u00ebs s\u00eb Sk\u00ebnderbeut. Juristi italian Giancarlo Vallone ka sjell n\u00eb Konferenc\u00ebn Nd\u00ebrkomb\u00ebtare Albanologjike nj\u00eb\u2026","rel":"","context":"In &quot;Histori&quot;","block_context":{"text":"Histori","link":"https:\/\/www.shqiperia.com\/blog\/category\/histori\/"},"img":{"alt_text":"","src":"https:\/\/i0.wp.com\/www.shqiperia.com\/blog\/wp-content\/uploads\/2018\/10\/1538718623_VitiiSkenderbeut.ATSHfotoAgimDobi5.jpg?fit=780%2C440&ssl=1&resize=350%2C200","width":350,"height":200,"srcset":"https:\/\/i0.wp.com\/www.shqiperia.com\/blog\/wp-content\/uploads\/2018\/10\/1538718623_VitiiSkenderbeut.ATSHfotoAgimDobi5.jpg?fit=780%2C440&ssl=1&resize=350%2C200 1x, https:\/\/i0.wp.com\/www.shqiperia.com\/blog\/wp-content\/uploads\/2018\/10\/1538718623_VitiiSkenderbeut.ATSHfotoAgimDobi5.jpg?fit=780%2C440&ssl=1&resize=525%2C300 1.5x, https:\/\/i0.wp.com\/www.shqiperia.com\/blog\/wp-content\/uploads\/2018\/10\/1538718623_VitiiSkenderbeut.ATSHfotoAgimDobi5.jpg?fit=780%2C440&ssl=1&resize=700%2C400 2x"},"classes":[]},{"id":8297,"url":"https:\/\/www.shqiperia.com\/blog\/studiuesi-spanjoll-marredheniet-e-ngushta-mes-himares-dhe-mbreterise-se-napolit\/","url_meta":{"origin":22838,"position":3},"title":"Studiuesi spanjoll: Marr\u00ebdh\u00ebniet e ngushta mes Himar\u00ebs dhe Mbret\u00ebris\u00eb s\u00eb Napolit.-","author":"Kurt Farka","date":"June 3, 2018","format":false,"excerpt":"Studiuesi spanjoll: Marr\u00ebdh\u00ebniet e ngushta mes Himar\u00ebs dhe Mbret\u00ebris\u00eb s\u00eb Napolit.- -Studiuesi spanjoll Jose Manuel Floristan Imizcoz: \u201cShekulli XVI, ja si grek\u00ebt kan\u00eb falsifikuar dokumentet duke u prezantuar si familje fisnike shqiptare n\u00eb Napoli -Nga Dhurata Hamzai. Segmenti i par\u00eb i sesionit t\u00eb par\u00eb t\u00eb Konferenc\u00ebs Nd\u00ebrkomb\u00ebtare Albanologjike kushtuar Gjergj\u2026","rel":"","context":"In &quot;Histori&quot;","block_context":{"text":"Histori","link":"https:\/\/www.shqiperia.com\/blog\/category\/histori\/"},"img":{"alt_text":"","src":"https:\/\/i0.wp.com\/www.shqiperia.com\/blog\/wp-content\/uploads\/2018\/06\/himara.jpg?fit=780%2C440&ssl=1&resize=350%2C200","width":350,"height":200,"srcset":"https:\/\/i0.wp.com\/www.shqiperia.com\/blog\/wp-content\/uploads\/2018\/06\/himara.jpg?fit=780%2C440&ssl=1&resize=350%2C200 1x, https:\/\/i0.wp.com\/www.shqiperia.com\/blog\/wp-content\/uploads\/2018\/06\/himara.jpg?fit=780%2C440&ssl=1&resize=525%2C300 1.5x, https:\/\/i0.wp.com\/www.shqiperia.com\/blog\/wp-content\/uploads\/2018\/06\/himara.jpg?fit=780%2C440&ssl=1&resize=700%2C400 2x"},"classes":[]},{"id":2950,"url":"https:\/\/www.shqiperia.com\/blog\/ku-prehet-familja-e-skenderbeut-gjurmet-jashte-shqiperise-pas-5-shekujsh\/","url_meta":{"origin":22838,"position":4},"title":"Ku prehet familja e Sk\u00ebnderbeut, gjurm\u00ebt jasht\u00eb Shqip\u00ebris\u00eb pas 5 shekujsh. &#8211;","author":"Kurt Farka","date":"February 12, 2018","format":false,"excerpt":"Prof. Dr. Valter Shtylla \u2013 Meriton t\u00eb vihet n\u00eb dukje fakti q\u00eb m\u00eb shtyu t\u00eb gjurmoj n\u00eb k\u00ebrkim t\u00eb historis\u00eb s\u00eb Kastriot\u00ebve jasht\u00eb Shqip\u00ebris\u00eb. N\u00eb shkurt t\u00eb 1996-\u00ebs gjat\u00eb nj\u00eb vizite n\u00eb K\u00ebshillin e Europ\u00ebs n\u00eb Strasburg, p\u00ebr t\u00eb diskutuar rreth problemeve statike n\u00eb Kalan\u00eb e Kruj\u00ebs, studiues nga Valencia\u2026","rel":"","context":"In &quot;Blogu i Udh\u00ebtarit&quot;","block_context":{"text":"Blogu i Udh\u00ebtarit","link":"https:\/\/www.shqiperia.com\/blog\/category\/blogu-i-udhetarit\/"},"img":{"alt_text":"","src":"https:\/\/i0.wp.com\/www.shqiperia.com\/blog\/wp-content\/uploads\/2018\/02\/Ku-prehet-familja-e-Sk%C3%ABnderbeut-3.jpg?fit=1200%2C797&ssl=1&resize=350%2C200","width":350,"height":200,"srcset":"https:\/\/i0.wp.com\/www.shqiperia.com\/blog\/wp-content\/uploads\/2018\/02\/Ku-prehet-familja-e-Sk%C3%ABnderbeut-3.jpg?fit=1200%2C797&ssl=1&resize=350%2C200 1x, https:\/\/i0.wp.com\/www.shqiperia.com\/blog\/wp-content\/uploads\/2018\/02\/Ku-prehet-familja-e-Sk%C3%ABnderbeut-3.jpg?fit=1200%2C797&ssl=1&resize=525%2C300 1.5x, https:\/\/i0.wp.com\/www.shqiperia.com\/blog\/wp-content\/uploads\/2018\/02\/Ku-prehet-familja-e-Sk%C3%ABnderbeut-3.jpg?fit=1200%2C797&ssl=1&resize=700%2C400 2x, https:\/\/i0.wp.com\/www.shqiperia.com\/blog\/wp-content\/uploads\/2018\/02\/Ku-prehet-familja-e-Sk%C3%ABnderbeut-3.jpg?fit=1200%2C797&ssl=1&resize=1050%2C600 3x"},"classes":[]},{"id":36232,"url":"https:\/\/www.shqiperia.com\/blog\/skenderbeu-ne-frymezimin-hyjnor-te-rembrandit\/","url_meta":{"origin":22838,"position":5},"title":"Sk\u00ebnderbeu n\u00eb frym\u00ebzimin hyjnor t\u00eb Rembrandit","author":"Kurt Farka","date":"July 12, 2020","format":false,"excerpt":"Sk\u00ebnderbeu n\u00eb frym\u00ebzimin hyjnor t\u00eb Rembrandit \u00a0 Nga G\u00ebzim Llojdia 1. K\u00ebto sh\u00ebnime t\u00eb shkurt\u00ebra t\u00eb Vincenza Musardo Tal\u00f2 p\u00ebr librin: Sk\u00ebderbeg nj\u00eb hero modern\u201d, t\u00eb autorit Gennaro Francione, editor C. D\u2019Agostino, Roma 2003, shkruan:N\u00eb rrethin e studimeve t\u00eb mia p\u00ebr Shqip\u00ebrin\u00eb lasht\u00eb dhe Giorgio Castriota Skenderbeu, un\u00eb gjithmon\u00eb e\u2026","rel":"","context":"In &quot;Arte&quot;","block_context":{"text":"Arte","link":"https:\/\/www.shqiperia.com\/blog\/category\/arte\/"},"img":{"alt_text":"","src":"https:\/\/i0.wp.com\/www.shqiperia.com\/blog\/wp-content\/uploads\/2020\/07\/107940970_298745644649534_4555073679308671453_n-1.jpg?resize=350%2C200&ssl=1","width":350,"height":200},"classes":[]}],"_links":{"self":[{"href":"https:\/\/www.shqiperia.com\/blog\/wp-json\/wp\/v2\/posts\/22838","targetHints":{"allow":["GET"]}}],"collection":[{"href":"https:\/\/www.shqiperia.com\/blog\/wp-json\/wp\/v2\/posts"}],"about":[{"href":"https:\/\/www.shqiperia.com\/blog\/wp-json\/wp\/v2\/types\/post"}],"author":[{"embeddable":true,"href":"https:\/\/www.shqiperia.com\/blog\/wp-json\/wp\/v2\/users\/9"}],"replies":[{"embeddable":true,"href":"https:\/\/www.shqiperia.com\/blog\/wp-json\/wp\/v2\/comments?post=22838"}],"version-history":[{"count":1,"href":"https:\/\/www.shqiperia.com\/blog\/wp-json\/wp\/v2\/posts\/22838\/revisions"}],"predecessor-version":[{"id":22840,"href":"https:\/\/www.shqiperia.com\/blog\/wp-json\/wp\/v2\/posts\/22838\/revisions\/22840"}],"wp:featuredmedia":[{"embeddable":true,"href":"https:\/\/www.shqiperia.com\/blog\/wp-json\/wp\/v2\/media\/22839"}],"wp:attachment":[{"href":"https:\/\/www.shqiperia.com\/blog\/wp-json\/wp\/v2\/media?parent=22838"}],"wp:term":[{"taxonomy":"category","embeddable":true,"href":"https:\/\/www.shqiperia.com\/blog\/wp-json\/wp\/v2\/categories?post=22838"},{"taxonomy":"post_tag","embeddable":true,"href":"https:\/\/www.shqiperia.com\/blog\/wp-json\/wp\/v2\/tags?post=22838"}],"curies":[{"name":"wp","href":"https:\/\/api.w.org\/{rel}","templated":true}]}}