{"id":22834,"date":"2019-07-06T17:52:43","date_gmt":"2019-07-06T17:52:43","guid":{"rendered":"http:\/\/www.shqiperia.com\/blog\/?p=22834"},"modified":"2019-07-06T17:52:43","modified_gmt":"2019-07-06T17:52:43","slug":"deklaratat-e-presidentit-kryemadhi-fjalimi-i-nje-ilir-mete-qe-ka-te-gjitha-argumentet-ligjore-per-te-te-shkaterruar","status":"publish","type":"post","link":"https:\/\/www.shqiperia.com\/blog\/deklaratat-e-presidentit-kryemadhi-fjalimi-i-nje-ilir-mete-qe-ka-te-gjitha-argumentet-ligjore-per-te-te-shkaterruar\/","title":{"rendered":"Deklaratat \u00a0e Presidentit, Kryemadhi: &#8211; Fjalimi i nj\u00eb Ilir Mete q\u00eb ka t\u00eb gjitha argumentet ligjor\u00eb p\u00ebr t\u00eb t\u00eb shkat\u00ebrruar"},"content":{"rendered":"<p><img data-recalc-dims=\"1\" loading=\"lazy\" decoding=\"async\" data-attachment-id=\"22835\" data-permalink=\"https:\/\/www.shqiperia.com\/blog\/deklaratat-e-presidentit-kryemadhi-fjalimi-i-nje-ilir-mete-qe-ka-te-gjitha-argumentet-ligjore-per-te-te-shkaterruar\/a-do-luhet-komedia-pas-drames-se-perplasjes-civile-taulant-balla-me-duket-se-e-filloi-monologun\/\" data-orig-file=\"https:\/\/i0.wp.com\/www.shqiperia.com\/blog\/wp-content\/uploads\/2019\/07\/A-do-luhet-Komedia-pas-Drames-se-Perplasjes-civile.-Taulant-Balla-me-duket-se-e-filloi-monologun.-....jpg?fit=650%2C361&amp;ssl=1\" data-orig-size=\"650,361\" data-comments-opened=\"1\" data-image-meta=\"{&quot;aperture&quot;:&quot;0&quot;,&quot;credit&quot;:&quot;&quot;,&quot;camera&quot;:&quot;&quot;,&quot;caption&quot;:&quot;&quot;,&quot;created_timestamp&quot;:&quot;0&quot;,&quot;copyright&quot;:&quot;&quot;,&quot;focal_length&quot;:&quot;0&quot;,&quot;iso&quot;:&quot;0&quot;,&quot;shutter_speed&quot;:&quot;0&quot;,&quot;title&quot;:&quot;&quot;,&quot;orientation&quot;:&quot;0&quot;}\" data-image-title=\"A do luhet Komedia pas Drames se Perplasjes civile. Taulant Balla me duket se e filloi monologun. &#8230;\" data-image-description=\"\" data-image-caption=\"\" data-medium-file=\"https:\/\/i0.wp.com\/www.shqiperia.com\/blog\/wp-content\/uploads\/2019\/07\/A-do-luhet-Komedia-pas-Drames-se-Perplasjes-civile.-Taulant-Balla-me-duket-se-e-filloi-monologun.-....jpg?fit=300%2C167&amp;ssl=1\" data-large-file=\"https:\/\/i0.wp.com\/www.shqiperia.com\/blog\/wp-content\/uploads\/2019\/07\/A-do-luhet-Komedia-pas-Drames-se-Perplasjes-civile.-Taulant-Balla-me-duket-se-e-filloi-monologun.-....jpg?fit=650%2C361&amp;ssl=1\" class=\"alignnone  wp-image-22835\" alt=\"\" src=\"https:\/\/i0.wp.com\/www.shqiperia.com\/blog\/wp-content\/uploads\/2019\/07\/A-do-luhet-Komedia-pas-Drames-se-Perplasjes-civile.-Taulant-Balla-me-duket-se-e-filloi-monologun.-...-300x167.jpg?resize=496%2C276\" width=\"496\" height=\"276\" srcset=\"https:\/\/i0.wp.com\/www.shqiperia.com\/blog\/wp-content\/uploads\/2019\/07\/A-do-luhet-Komedia-pas-Drames-se-Perplasjes-civile.-Taulant-Balla-me-duket-se-e-filloi-monologun.-....jpg?resize=300%2C167&amp;ssl=1 300w, https:\/\/i0.wp.com\/www.shqiperia.com\/blog\/wp-content\/uploads\/2019\/07\/A-do-luhet-Komedia-pas-Drames-se-Perplasjes-civile.-Taulant-Balla-me-duket-se-e-filloi-monologun.-....jpg?resize=450%2C250&amp;ssl=1 450w, https:\/\/i0.wp.com\/www.shqiperia.com\/blog\/wp-content\/uploads\/2019\/07\/A-do-luhet-Komedia-pas-Drames-se-Perplasjes-civile.-Taulant-Balla-me-duket-se-e-filloi-monologun.-....jpg?resize=600%2C333&amp;ssl=1 600w, https:\/\/i0.wp.com\/www.shqiperia.com\/blog\/wp-content\/uploads\/2019\/07\/A-do-luhet-Komedia-pas-Drames-se-Perplasjes-civile.-Taulant-Balla-me-duket-se-e-filloi-monologun.-....jpg?resize=400%2C222&amp;ssl=1 400w, https:\/\/i0.wp.com\/www.shqiperia.com\/blog\/wp-content\/uploads\/2019\/07\/A-do-luhet-Komedia-pas-Drames-se-Perplasjes-civile.-Taulant-Balla-me-duket-se-e-filloi-monologun.-....jpg?w=650&amp;ssl=1 650w\" sizes=\"auto, (max-width: 496px) 100vw, 496px\" \/><\/p>\n<p>Deklaratat \u00a0e Presidentit, Kryemadhi: &#8211; Fjalimi i nj\u00eb Ilir Mete q\u00eb ka t\u00eb gjitha argumentet ligjor\u00eb p\u00ebr t\u00eb t\u00eb shkat\u00ebrruar.<\/p>\n<p><em>\u00a06 korrik 2019<\/em><\/p>\n<p><strong>Kryetarja e LSI-s\u00eb, Monika Kryemadhi, nd\u00ebrsa ka komentuar deklarata e forta t\u00eb Presidentit Ilir Meta, tha se t\u00eb folurit n\u00eb at\u00eb gjuh\u00eb dhe n\u00eb at\u00eb intonacion nuk \u00ebsht\u00eb zakon i Presidentit dhe se nj\u00eb gj\u00eb e till\u00eb ka ardhur \u201cpasi i kan\u00eb r\u00ebn\u00eb n\u00eb qaf\u00eb m\u00eb shum\u00eb se \u00e7 \u2018duhet\u201d.<\/strong><\/p>\n<p>E ftuar n\u00eb emisionin \u201cKjo Jav\u00eb\u201d, Kryemadhi tha se fjalimi i Presidentit ishte \u201cfjalimi i nj\u00eb Ilir Meta q\u00eb ka t\u00eb gjitha argumentet ligjor\u00eb e politik p\u00ebr t\u00eb t\u00eb shkat\u00ebrruar\u201d.<\/p>\n<p>\u201cQ\u00eb t\u00eb flas\u00eb Ilir meta me at\u00eb gjith\u00eb, p\u00ebr aq se e njoh un\u00eb, do t\u00eb thot\u00eb q\u00eb i ke r\u00ebn\u00eb n\u00eb qaf\u00eb m\u00eb shum\u00eb se \u00e7\u2019 duhet. Artikulimi n\u00eb at\u00eb gjuh\u00eb, rit\u00ebm e intonacion, do t\u00eb thot\u00eb q\u00eb ke b\u00ebr\u00eb di\u00e7ka shum\u00eb t\u00eb madh e gabim, t\u00eb ka dh\u00ebn\u00eb shum\u00eb her\u00eb shansin p\u00ebr t\u00eb reflektuar, por di t\u00eb them q\u00eb \u00ebsht\u00eb shum\u00eb e v\u00ebshtir\u00eb p\u00ebr t\u2019u kthyer mbrapsht. Ai \u00ebsht\u00eb fjalimi i nj\u00eb Ilir Meta q\u00eb ka t\u00eb gjitha argumentet ligjor\u00eb \u00a0e politik p\u00ebr t\u00eb t\u00eb shkat\u00ebrruar\u201d, tha Kryemadhi.<\/p>\n<p>Gazeta Panorama<\/p>\n","protected":false},"excerpt":{"rendered":"<p>Deklaratat \u00a0e Presidentit, Kryemadhi: &#8211; Fjalimi i nj\u00eb Ilir Mete q\u00eb ka t\u00eb gjitha argumentet ligjor\u00eb p\u00ebr t\u00eb t\u00eb shkat\u00ebrruar. \u00a06 korrik 2019 Kryetarja e LSI-s\u00eb, Monika Kryemadhi, nd\u00ebrsa ka komentuar deklarata e forta t\u00eb Presidentit Ilir Meta, tha se t\u00eb folurit n\u00eb at\u00eb gjuh\u00eb dhe n\u00eb at\u00eb intonacion nuk \u00ebsht\u00eb zakon i Presidentit dhe [&hellip;]<\/p>\n","protected":false},"author":9,"featured_media":22835,"comment_status":"open","ping_status":"open","sticky":false,"template":"","format":"standard","meta":{"jetpack_post_was_ever_published":false,"_jetpack_newsletter_access":"","_jetpack_dont_email_post_to_subs":false,"_jetpack_newsletter_tier_id":0,"_jetpack_memberships_contains_paywalled_content":false,"_jetpack_memberships_contains_paid_content":false,"footnotes":"","jetpack_publicize_message":"","jetpack_publicize_feature_enabled":true,"jetpack_social_post_already_shared":true,"jetpack_social_options":{"image_generator_settings":{"template":"highway","default_image_id":0,"font":"","enabled":false},"version":2}},"categories":[27,2],"tags":[],"class_list":["post-22834","post","type-post","status-publish","format-standard","has-post-thumbnail","hentry","category-blogu-i-udhetarit","category-politika"],"jetpack_publicize_connections":[],"jetpack_featured_media_url":"https:\/\/i0.wp.com\/www.shqiperia.com\/blog\/wp-content\/uploads\/2019\/07\/A-do-luhet-Komedia-pas-Drames-se-Perplasjes-civile.-Taulant-Balla-me-duket-se-e-filloi-monologun.-....jpg?fit=650%2C361&ssl=1","jetpack_sharing_enabled":true,"jetpack_shortlink":"https:\/\/wp.me\/p5Z6wp-5Wi","jetpack-related-posts":[{"id":25709,"url":"https:\/\/www.shqiperia.com\/blog\/lubonja-zberthen-deklaratat-e-metes-duhej-hetuar-informacioni-nga-shish-e-drejta-krah-presidentit\/","url_meta":{"origin":22834,"position":0},"title":"Lubonja \u2018zb\u00ebrthen\u2019 deklaratat e Met\u00ebs: Duhej hetuar informacioni nga SHISH. E drejta krah presidentit","author":"Kurt Farka","date":"September 9, 2019","format":false,"excerpt":"Lubonja \u2018zb\u00ebrthen\u2019 deklaratat e Met\u00ebs: Duhej hetuar informacioni nga SHISH. E drejta krah presidentit Nd\u00ebrsa i mori me radh\u00eb tre argumentet kryesore t\u00eb dh\u00ebna sot nga Kreu i Shtetit q\u00eb \u00e7uan n\u00eb anulimin e zgjedhjeve t\u00eb 30 qershorit, Lubonja tha se n\u00ebse do t\u00eb kishte nj\u00eb dokument nga SHISH p\u00ebr\u2026","rel":"","context":"In &quot;Blogu i Udh\u00ebtarit&quot;","block_context":{"text":"Blogu i Udh\u00ebtarit","link":"https:\/\/www.shqiperia.com\/blog\/category\/blogu-i-udhetarit\/"},"img":{"alt_text":"","src":"https:\/\/i0.wp.com\/www.shqiperia.com\/blog\/wp-content\/uploads\/2019\/09\/lubonja-2.jpg?fit=780%2C440&ssl=1&resize=350%2C200","width":350,"height":200,"srcset":"https:\/\/i0.wp.com\/www.shqiperia.com\/blog\/wp-content\/uploads\/2019\/09\/lubonja-2.jpg?fit=780%2C440&ssl=1&resize=350%2C200 1x, https:\/\/i0.wp.com\/www.shqiperia.com\/blog\/wp-content\/uploads\/2019\/09\/lubonja-2.jpg?fit=780%2C440&ssl=1&resize=525%2C300 1.5x, https:\/\/i0.wp.com\/www.shqiperia.com\/blog\/wp-content\/uploads\/2019\/09\/lubonja-2.jpg?fit=780%2C440&ssl=1&resize=700%2C400 2x"},"classes":[]},{"id":93488,"url":"https:\/\/www.shqiperia.com\/blog\/dosja-e-metes-ne-duart-e-irena-gjokes-vjen-reagimi-i-avokatit-gjyqtarja-ka-probleme-me-ligjin-do-kerkojme\/","url_meta":{"origin":22834,"position":1},"title":"Dosja e Met\u00ebs n\u00eb duart e Irena Gjok\u00ebs, vjen reagimi i avokatit: &#8211; Gjyqtarja ka probleme me ligjin, do k\u00ebrkojm\u00eb&#8230;","author":"Kurt Farka","date":"September 3, 2025","format":false,"excerpt":"3 Shtator 2025 Irena Gjoka \u00ebsht\u00eb caktuar gjyqtare paraprake p\u00ebr dosjen ndaj ish-Presidentit t\u00eb Republik\u00ebs Ilir Meta, i cili gjendet prapa hekurave prej 11 muajsh tashm\u00eb Gazetari Edison Vatnikaj raporton se Gjoka do t\u00eb vler\u00ebsoj\u00eb veprimet e Prokuroris\u00eb dhe do t\u00eb vendos\u00eb n\u00ebse do t\u00eb kaloj\u00eb dosja p\u00ebr gjykim, do\u2026","rel":"","context":"In &quot;Blogu i Udh\u00ebtarit&quot;","block_context":{"text":"Blogu i Udh\u00ebtarit","link":"https:\/\/www.shqiperia.com\/blog\/category\/blogu-i-udhetarit\/"},"img":{"alt_text":"","src":"https:\/\/i0.wp.com\/www.shqiperia.com\/blog\/wp-content\/uploads\/2025\/09\/600-388-ilir-meta-irena-gjoka-1756888676.jpg?fit=600%2C388&ssl=1&resize=350%2C200","width":350,"height":200,"srcset":"https:\/\/i0.wp.com\/www.shqiperia.com\/blog\/wp-content\/uploads\/2025\/09\/600-388-ilir-meta-irena-gjoka-1756888676.jpg?fit=600%2C388&ssl=1&resize=350%2C200 1x, https:\/\/i0.wp.com\/www.shqiperia.com\/blog\/wp-content\/uploads\/2025\/09\/600-388-ilir-meta-irena-gjoka-1756888676.jpg?fit=600%2C388&ssl=1&resize=525%2C300 1.5x"},"classes":[]},{"id":80271,"url":"https:\/\/www.shqiperia.com\/blog\/kryemadhi-spak-vegel-e-rames\/","url_meta":{"origin":22834,"position":2},"title":"Kryemadhi: &#8211; SPAK, veg\u00ebl e Ram\u00ebs","author":"Kurt Farka","date":"April 18, 2024","format":false,"excerpt":"18 Prill 2024 Deputetja e Partis\u00eb s\u00eb Liris\u00eb, Monika Kryemadhi ka dal\u00eb kund\u00ebr Ilir Met\u00ebs, i cili ka deklaruar se brenda partis\u00eb q\u00eb ai drejton ka nepotiz\u00ebm. N\u00eb nj\u00eb komunikim p\u00ebr mediat, ajo u shpreh se nepotizmi vlen p\u00ebr institucionet shtet\u00ebrore. \u201cMendoj q\u00eb meritorkacin\u00eb n\u00eb nj\u00eb parti nuk e mbyt\u2026","rel":"","context":"In &quot;Blogu i Udh\u00ebtarit&quot;","block_context":{"text":"Blogu i Udh\u00ebtarit","link":"https:\/\/www.shqiperia.com\/blog\/category\/blogu-i-udhetarit\/"},"img":{"alt_text":"","src":"https:\/\/i0.wp.com\/www.shqiperia.com\/blog\/wp-content\/uploads\/2024\/04\/800-0-a2d8474a781add47a91c9c89d50f9cca.jpeg?fit=800%2C496&ssl=1&resize=350%2C200","width":350,"height":200,"srcset":"https:\/\/i0.wp.com\/www.shqiperia.com\/blog\/wp-content\/uploads\/2024\/04\/800-0-a2d8474a781add47a91c9c89d50f9cca.jpeg?fit=800%2C496&ssl=1&resize=350%2C200 1x, https:\/\/i0.wp.com\/www.shqiperia.com\/blog\/wp-content\/uploads\/2024\/04\/800-0-a2d8474a781add47a91c9c89d50f9cca.jpeg?fit=800%2C496&ssl=1&resize=525%2C300 1.5x, https:\/\/i0.wp.com\/www.shqiperia.com\/blog\/wp-content\/uploads\/2024\/04\/800-0-a2d8474a781add47a91c9c89d50f9cca.jpeg?fit=800%2C496&ssl=1&resize=700%2C400 2x"},"classes":[]},{"id":47186,"url":"https:\/\/www.shqiperia.com\/blog\/cfare-do-te-ndodhe-nese-shkarkohet-ilir-meta-nano-nxjerr-skenarin-e-presidentit-kjo-eshte-nje-levizje-e-gabuar\/","url_meta":{"origin":22834,"position":3},"title":"\u00c7far\u00eb do t\u00eb ndodh\u00eb n\u00ebse shkarkohet Ilir Meta? &#8211; Nano nxjerr skenarin e presidentit: &#8211; Kjo \u00ebsht\u00eb nj\u00eb l\u00ebvizje e gabuar","author":"Kurt Farka","date":"May 3, 2021","format":false,"excerpt":"\u00c7far\u00eb do t\u00eb ndodh\u00eb n\u00ebse shkarkohet Ilir Meta? - Nano nxjerr skenarin e presidentit: - Kjo \u00ebsht\u00eb nj\u00eb l\u00ebvizje e gabuar 3 MAJ 2021 Shkarkimin e presidentit Ilir Meta, analisti Mustafa Nano e ka cil\u00ebsuar si l\u00ebvizje politike t\u00eb gabuar edhe pse sipas tij ai ka shkelur kushtetut\u00ebn dhe meriton\u2026","rel":"","context":"In &quot;Blogu i Udh\u00ebtarit&quot;","block_context":{"text":"Blogu i Udh\u00ebtarit","link":"https:\/\/www.shqiperia.com\/blog\/category\/blogu-i-udhetarit\/"},"img":{"alt_text":"","src":"https:\/\/i0.wp.com\/www.shqiperia.com\/blog\/wp-content\/uploads\/2021\/05\/800-0-609046ff0385e.jpg?fit=800%2C463&ssl=1&resize=350%2C200","width":350,"height":200,"srcset":"https:\/\/i0.wp.com\/www.shqiperia.com\/blog\/wp-content\/uploads\/2021\/05\/800-0-609046ff0385e.jpg?fit=800%2C463&ssl=1&resize=350%2C200 1x, https:\/\/i0.wp.com\/www.shqiperia.com\/blog\/wp-content\/uploads\/2021\/05\/800-0-609046ff0385e.jpg?fit=800%2C463&ssl=1&resize=525%2C300 1.5x, https:\/\/i0.wp.com\/www.shqiperia.com\/blog\/wp-content\/uploads\/2021\/05\/800-0-609046ff0385e.jpg?fit=800%2C463&ssl=1&resize=700%2C400 2x"},"classes":[]},{"id":21795,"url":"https:\/\/www.shqiperia.com\/blog\/shtyrja-e-dates-se-zgjedhjeve-vendimi-i-metes-jehone-ne-230-media-te-huaja\/","url_meta":{"origin":22834,"position":4},"title":"Shtyrja e dat\u00ebs s\u00eb zgjedhjeve, vendimi i Met\u00ebs jehon\u00eb n\u00eb 230 media t\u00eb huaja. &#8211;","author":"Kurt Farka","date":"June 9, 2019","format":false,"excerpt":"Shtyrja e dat\u00ebs s\u00eb zgjedhjeve, vendimi i Met\u00ebs jehon\u00eb n\u00eb 230 media t\u00eb huaja. - 9 qershor 2019 Vendimi i Presidentit Ilir Meta dit\u00ebn e djeshme p\u00ebr shtyrjen e zgjedhjeve vendore, ka marr\u00eb jehon\u00eb n\u00eb shum\u00eb media nd\u00ebrkomb\u00ebtare. Jan\u00eb m\u00eb shum\u00eb se 230 media t\u00eb huaja t\u00eb cilat kan\u00eb shkruar\u2026","rel":"","context":"In &quot;Blogu i Udh\u00ebtarit&quot;","block_context":{"text":"Blogu i Udh\u00ebtarit","link":"https:\/\/www.shqiperia.com\/blog\/category\/blogu-i-udhetarit\/"},"img":{"alt_text":"","src":"https:\/\/i0.wp.com\/www.shqiperia.com\/blog\/wp-content\/uploads\/2019\/06\/bbc1-Copy.png?fit=661%2C333&ssl=1&resize=350%2C200","width":350,"height":200,"srcset":"https:\/\/i0.wp.com\/www.shqiperia.com\/blog\/wp-content\/uploads\/2019\/06\/bbc1-Copy.png?fit=661%2C333&ssl=1&resize=350%2C200 1x, https:\/\/i0.wp.com\/www.shqiperia.com\/blog\/wp-content\/uploads\/2019\/06\/bbc1-Copy.png?fit=661%2C333&ssl=1&resize=525%2C300 1.5x"},"classes":[]},{"id":78870,"url":"https:\/\/www.shqiperia.com\/blog\/kryemadhit-i-sekuestruan-celularin-ilir-meta-braktis-bashkeshorten-nuk-mbaj-pergjegjesi-dikur-thosha\/","url_meta":{"origin":22834,"position":5},"title":"Kryemadhit i sekuestruan celularin, Ilir Meta \u2018braktis\u2019 bashk\u00ebshorten: Nuk mbaj p\u00ebrgjegj\u00ebsi, dikur thosha&#8230;","author":"Kurt Farka","date":"March 4, 2024","format":false,"excerpt":"4 Mars 2024 Kryetari i Partis\u00eb s\u00eb Liris\u00eb, Ilir Meta ka dal\u00eb n\u00eb nj\u00eb konferenc\u00eb p\u00ebr shtyp, ku nd\u00ebr t\u00eb tjera u pyet edhe p\u00ebr rekursin e b\u00ebr\u00eb n\u00eb Gjykata nga Monika Kryemadhi p\u00ebr t\u2019i kthyer celularin dhe n\u00ebse ai ishte pjes\u00eb n\u00eb k\u00ebt\u00eb \u00e7\u00ebshtje. Meta tha se p\u00ebr k\u00ebt\u00eb\u2026","rel":"","context":"In &quot;Blogu i Udh\u00ebtarit&quot;","block_context":{"text":"Blogu i Udh\u00ebtarit","link":"https:\/\/www.shqiperia.com\/blog\/category\/blogu-i-udhetarit\/"},"img":{"alt_text":"","src":"https:\/\/i0.wp.com\/www.shqiperia.com\/blog\/wp-content\/uploads\/2024\/03\/800-0-096a3bd15fed81c11f9f5d1c636d4287.jpg?fit=800%2C458&ssl=1&resize=350%2C200","width":350,"height":200,"srcset":"https:\/\/i0.wp.com\/www.shqiperia.com\/blog\/wp-content\/uploads\/2024\/03\/800-0-096a3bd15fed81c11f9f5d1c636d4287.jpg?fit=800%2C458&ssl=1&resize=350%2C200 1x, https:\/\/i0.wp.com\/www.shqiperia.com\/blog\/wp-content\/uploads\/2024\/03\/800-0-096a3bd15fed81c11f9f5d1c636d4287.jpg?fit=800%2C458&ssl=1&resize=525%2C300 1.5x, https:\/\/i0.wp.com\/www.shqiperia.com\/blog\/wp-content\/uploads\/2024\/03\/800-0-096a3bd15fed81c11f9f5d1c636d4287.jpg?fit=800%2C458&ssl=1&resize=700%2C400 2x"},"classes":[]}],"_links":{"self":[{"href":"https:\/\/www.shqiperia.com\/blog\/wp-json\/wp\/v2\/posts\/22834","targetHints":{"allow":["GET"]}}],"collection":[{"href":"https:\/\/www.shqiperia.com\/blog\/wp-json\/wp\/v2\/posts"}],"about":[{"href":"https:\/\/www.shqiperia.com\/blog\/wp-json\/wp\/v2\/types\/post"}],"author":[{"embeddable":true,"href":"https:\/\/www.shqiperia.com\/blog\/wp-json\/wp\/v2\/users\/9"}],"replies":[{"embeddable":true,"href":"https:\/\/www.shqiperia.com\/blog\/wp-json\/wp\/v2\/comments?post=22834"}],"version-history":[{"count":1,"href":"https:\/\/www.shqiperia.com\/blog\/wp-json\/wp\/v2\/posts\/22834\/revisions"}],"predecessor-version":[{"id":22836,"href":"https:\/\/www.shqiperia.com\/blog\/wp-json\/wp\/v2\/posts\/22834\/revisions\/22836"}],"wp:featuredmedia":[{"embeddable":true,"href":"https:\/\/www.shqiperia.com\/blog\/wp-json\/wp\/v2\/media\/22835"}],"wp:attachment":[{"href":"https:\/\/www.shqiperia.com\/blog\/wp-json\/wp\/v2\/media?parent=22834"}],"wp:term":[{"taxonomy":"category","embeddable":true,"href":"https:\/\/www.shqiperia.com\/blog\/wp-json\/wp\/v2\/categories?post=22834"},{"taxonomy":"post_tag","embeddable":true,"href":"https:\/\/www.shqiperia.com\/blog\/wp-json\/wp\/v2\/tags?post=22834"}],"curies":[{"name":"wp","href":"https:\/\/api.w.org\/{rel}","templated":true}]}}