{"id":22828,"date":"2019-07-06T17:41:24","date_gmt":"2019-07-06T17:41:24","guid":{"rendered":"http:\/\/www.shqiperia.com\/blog\/?p=22828"},"modified":"2019-07-06T17:41:24","modified_gmt":"2019-07-06T17:41:24","slug":"lisi-i-shenjet-i-fshatit-kamnik-korce","status":"publish","type":"post","link":"https:\/\/www.shqiperia.com\/blog\/lisi-i-shenjet-i-fshatit-kamnik-korce\/","title":{"rendered":"Lisi i Shenjet i Fshatit Kamnik. Korce. &#8211;"},"content":{"rendered":"<p><img data-recalc-dims=\"1\" loading=\"lazy\" decoding=\"async\" data-attachment-id=\"22829\" data-permalink=\"https:\/\/www.shqiperia.com\/blog\/lisi-i-shenjet-i-fshatit-kamnik-korce\/lisi-i-shenjet-copy\/\" data-orig-file=\"https:\/\/i0.wp.com\/www.shqiperia.com\/blog\/wp-content\/uploads\/2019\/07\/Lisi-i-Shenjet-Copy.jpg?fit=720%2C411&amp;ssl=1\" data-orig-size=\"720,411\" data-comments-opened=\"1\" data-image-meta=\"{&quot;aperture&quot;:&quot;0&quot;,&quot;credit&quot;:&quot;&quot;,&quot;camera&quot;:&quot;&quot;,&quot;caption&quot;:&quot;&quot;,&quot;created_timestamp&quot;:&quot;0&quot;,&quot;copyright&quot;:&quot;&quot;,&quot;focal_length&quot;:&quot;0&quot;,&quot;iso&quot;:&quot;0&quot;,&quot;shutter_speed&quot;:&quot;0&quot;,&quot;title&quot;:&quot;&quot;,&quot;orientation&quot;:&quot;0&quot;}\" data-image-title=\"Lisi i Shenjet &#8211; Copy\" data-image-description=\"\" data-image-caption=\"\" data-medium-file=\"https:\/\/i0.wp.com\/www.shqiperia.com\/blog\/wp-content\/uploads\/2019\/07\/Lisi-i-Shenjet-Copy.jpg?fit=300%2C171&amp;ssl=1\" data-large-file=\"https:\/\/i0.wp.com\/www.shqiperia.com\/blog\/wp-content\/uploads\/2019\/07\/Lisi-i-Shenjet-Copy.jpg?fit=720%2C411&amp;ssl=1\" class=\"alignnone  wp-image-22829\" alt=\"\" src=\"https:\/\/i0.wp.com\/www.shqiperia.com\/blog\/wp-content\/uploads\/2019\/07\/Lisi-i-Shenjet-Copy-300x171.jpg?resize=493%2C281\" width=\"493\" height=\"281\" srcset=\"https:\/\/i0.wp.com\/www.shqiperia.com\/blog\/wp-content\/uploads\/2019\/07\/Lisi-i-Shenjet-Copy.jpg?resize=300%2C171&amp;ssl=1 300w, https:\/\/i0.wp.com\/www.shqiperia.com\/blog\/wp-content\/uploads\/2019\/07\/Lisi-i-Shenjet-Copy.jpg?resize=450%2C257&amp;ssl=1 450w, https:\/\/i0.wp.com\/www.shqiperia.com\/blog\/wp-content\/uploads\/2019\/07\/Lisi-i-Shenjet-Copy.jpg?resize=600%2C343&amp;ssl=1 600w, https:\/\/i0.wp.com\/www.shqiperia.com\/blog\/wp-content\/uploads\/2019\/07\/Lisi-i-Shenjet-Copy.jpg?resize=400%2C228&amp;ssl=1 400w, https:\/\/i0.wp.com\/www.shqiperia.com\/blog\/wp-content\/uploads\/2019\/07\/Lisi-i-Shenjet-Copy.jpg?w=720&amp;ssl=1 720w\" sizes=\"auto, (max-width: 493px) 100vw, 493px\" \/><\/p>\n<p>Lisi i Shenjet i Fshatit Kamnik. Korce. &#8211;<\/p>\n<p>Ky v\u00ebnd i shenjt\u00eb n\u00eb k\u00ebt\u00eb foto \u00ebsht\u00eb &#8220;Lisi i mir\u00eb&#8221; n\u00eb fshatin m\u00eb t\u00eb vjet\u00ebr n\u00eb Kolonj\u0113, n\u00eb Kamnik. Lisi i mir\u00eb ka q\u00ebn\u00eb besimi shpirt\u00ebror m\u00eb i vjet\u00ebr ne Iliri. P\u00ebr k\u00ebt\u00eb besim thuhet se ka lindur nga shpirti i t\u00eb par\u00ebve tan\u00eb si sh\u00ebnj\u00eb e t\u00eb miarave q\u00eb kjo pem\u00eb u sillte Ilir\u00ebve. N\u00eb periudh\u00ebn e Neolitit kur Njer\u00ebzia nisi t\u00eb jetonte fal pun\u00ebs dhe krijimit t\u00eb familjes lisi ishte pema multifunksionale q\u00eb gj\u00ebnte nj\u00eb p\u00ebrdorim t\u00eb gjer\u00eb n\u00eb jet\u00ebn e p\u00ebrditshme t\u00eb tyre. Me lisin ata b\u00ebnin bishta p\u00ebr vegla pune, e p\u00ebrdornin n\u00eb nd\u00ebrtimin e sht\u00ebpive si dhe ahur\u00ebve t\u00eb blektoris\u00eb, me lisin b\u00ebnin qymyr p\u00ebr ngrohje e pun\u00eb t\u00eb ndryshme, me frutat e tij ushqeheshin p\u00ebr vete si dhe blektoria etj dobi q\u00eb realizonte kjo pem\u00eb. Ilir\u00ebt e vler\u00ebsonin shum\u00eb at\u00eb objekt q\u00eb i sillte dobi n\u00eb jet\u00ebn e p\u00ebrditshme. Ata diku n\u00eb Iliri vler\u00ebsonin lisin, diku diellin, diku shk\u00ebmbin, diku bag\u00ebtit\u00eb etj etj. Nga kjo nevoj\u00eb e domosdoshme lisi n\u00eb Dasareti u b\u00eb peme e shenjt\u00eb.<\/p>\n<p><img data-recalc-dims=\"1\" loading=\"lazy\" decoding=\"async\" data-attachment-id=\"22830\" data-permalink=\"https:\/\/www.shqiperia.com\/blog\/lisi-i-shenjet-i-fshatit-kamnik-korce\/lisi-i-shenjet\/\" data-orig-file=\"https:\/\/i0.wp.com\/www.shqiperia.com\/blog\/wp-content\/uploads\/2019\/07\/Lisi-i-Shenjet.jpg?fit=720%2C960&amp;ssl=1\" data-orig-size=\"720,960\" data-comments-opened=\"1\" data-image-meta=\"{&quot;aperture&quot;:&quot;0&quot;,&quot;credit&quot;:&quot;&quot;,&quot;camera&quot;:&quot;&quot;,&quot;caption&quot;:&quot;&quot;,&quot;created_timestamp&quot;:&quot;0&quot;,&quot;copyright&quot;:&quot;&quot;,&quot;focal_length&quot;:&quot;0&quot;,&quot;iso&quot;:&quot;0&quot;,&quot;shutter_speed&quot;:&quot;0&quot;,&quot;title&quot;:&quot;&quot;,&quot;orientation&quot;:&quot;0&quot;}\" data-image-title=\"Lisi i Shenjet Kamnik Korce\" data-image-description=\"\" data-image-caption=\"\" data-medium-file=\"https:\/\/i0.wp.com\/www.shqiperia.com\/blog\/wp-content\/uploads\/2019\/07\/Lisi-i-Shenjet.jpg?fit=225%2C300&amp;ssl=1\" data-large-file=\"https:\/\/i0.wp.com\/www.shqiperia.com\/blog\/wp-content\/uploads\/2019\/07\/Lisi-i-Shenjet.jpg?fit=720%2C960&amp;ssl=1\" class=\"alignnone  wp-image-22830\" alt=\"\" src=\"https:\/\/i0.wp.com\/www.shqiperia.com\/blog\/wp-content\/uploads\/2019\/07\/Lisi-i-Shenjet-225x300.jpg?resize=441%2C588\" width=\"441\" height=\"588\" srcset=\"https:\/\/i0.wp.com\/www.shqiperia.com\/blog\/wp-content\/uploads\/2019\/07\/Lisi-i-Shenjet.jpg?resize=225%2C300&amp;ssl=1 225w, https:\/\/i0.wp.com\/www.shqiperia.com\/blog\/wp-content\/uploads\/2019\/07\/Lisi-i-Shenjet.jpg?resize=450%2C600&amp;ssl=1 450w, https:\/\/i0.wp.com\/www.shqiperia.com\/blog\/wp-content\/uploads\/2019\/07\/Lisi-i-Shenjet.jpg?resize=600%2C800&amp;ssl=1 600w, https:\/\/i0.wp.com\/www.shqiperia.com\/blog\/wp-content\/uploads\/2019\/07\/Lisi-i-Shenjet.jpg?resize=400%2C533&amp;ssl=1 400w, https:\/\/i0.wp.com\/www.shqiperia.com\/blog\/wp-content\/uploads\/2019\/07\/Lisi-i-Shenjet.jpg?w=720&amp;ssl=1 720w\" sizes=\"auto, (max-width: 441px) 100vw, 441px\" \/><br \/>\nLisi i mir\u00eb n\u00eb Kamnik \u00ebsht\u00eb pema m\u00eb e shenjt\u00eb n\u00eb t\u00ebr\u00eb krahin\u00ebn ton\u00eb. \u00cbsht\u00eb besim i par\u00eb shpirt\u00ebror me rr\u00ebnj\u00eb q\u00eb para, madje,shum\u00eb para krisht\u00ebrimit. Banor\u00ebt e Kamnikut i kan\u00eb sh\u00ebrbyer dhe e kan\u00eb ruajtur k\u00ebt\u00eb ritual miravje\u00e7ar q\u00eb sot na tregon rrenj\u00ebt tona ilirjane.<br \/>\nNdihm\u00eb p\u00ebr t\u00eb gjith\u00eb qoft\u00eb ky vend i shenjt\u00eb.<\/p>\n","protected":false},"excerpt":{"rendered":"<p>Lisi i Shenjet i Fshatit Kamnik. Korce. &#8211; Ky v\u00ebnd i shenjt\u00eb n\u00eb k\u00ebt\u00eb foto \u00ebsht\u00eb &#8220;Lisi i mir\u00eb&#8221; n\u00eb fshatin m\u00eb t\u00eb vjet\u00ebr n\u00eb Kolonj\u0113, n\u00eb Kamnik. Lisi i mir\u00eb ka q\u00ebn\u00eb besimi shpirt\u00ebror m\u00eb i vjet\u00ebr ne Iliri. P\u00ebr k\u00ebt\u00eb besim thuhet se ka lindur nga shpirti i t\u00eb par\u00ebve tan\u00eb si sh\u00ebnj\u00eb [&hellip;]<\/p>\n","protected":false},"author":9,"featured_media":22829,"comment_status":"open","ping_status":"open","sticky":false,"template":"","format":"standard","meta":{"jetpack_post_was_ever_published":false,"_jetpack_newsletter_access":"","_jetpack_dont_email_post_to_subs":false,"_jetpack_newsletter_tier_id":0,"_jetpack_memberships_contains_paywalled_content":false,"_jetpack_memberships_contains_paid_content":false,"footnotes":"","jetpack_publicize_message":"","jetpack_publicize_feature_enabled":true,"jetpack_social_post_already_shared":true,"jetpack_social_options":{"image_generator_settings":{"template":"highway","default_image_id":0,"font":"","enabled":false},"version":2}},"categories":[27,10,86],"tags":[],"class_list":["post-22828","post","type-post","status-publish","format-standard","has-post-thumbnail","hentry","category-blogu-i-udhetarit","category-kultura","category-trashegimi-kulturore"],"jetpack_publicize_connections":[],"jetpack_featured_media_url":"https:\/\/i0.wp.com\/www.shqiperia.com\/blog\/wp-content\/uploads\/2019\/07\/Lisi-i-Shenjet-Copy.jpg?fit=720%2C411&ssl=1","jetpack_sharing_enabled":true,"jetpack_shortlink":"https:\/\/wp.me\/p5Z6wp-5Wc","jetpack-related-posts":[{"id":2167,"url":"https:\/\/www.shqiperia.com\/blog\/lisi-dhe-lashtesia-jone\/","url_meta":{"origin":22828,"position":0},"title":"Lisi dhe lasht\u00ebsia jon\u00eb. &#8211;","author":"Kurt Farka","date":"January 29, 2018","format":false,"excerpt":"Nga: Ilir Seci. - Lisi \u00ebsht\u00eb druri m\u00eb i p\u00ebrhapur n\u00eb bot\u00eb. I p\u00ebrket familjes \u201cFagaceae\u201d, q\u00eb rritet n\u00eb hemisfer\u00ebn veriore. N\u00eb familjen \u201cFagaceae\u201d p\u00ebrfshihen drur\u00ebt dhe shkurret, l\u00ebndet (farat) e t\u00eb cil\u00ebve jan\u00eb t\u00eb mb\u00ebshtjella me l\u00ebvozhg\u00eb. Kjo familje gjithashtu p\u00ebrfshin ahun, g\u00ebshtenj\u00ebn, t\u00eb gjitha g\u00ebshtenjat e Amerik\u00ebs s\u00eb\u2026","rel":"","context":"In &quot;Histori&quot;","block_context":{"text":"Histori","link":"https:\/\/www.shqiperia.com\/blog\/category\/histori\/"},"img":{"alt_text":"Lisi dhe lasht\u00ebsia jon\u00eb","src":"https:\/\/i0.wp.com\/www.gazetadita.al\/wp-content\/uploads\/2017\/09\/LISI-FOTO-29-905x395.jpg?resize=350%2C200","width":350,"height":200,"srcset":"https:\/\/i0.wp.com\/www.gazetadita.al\/wp-content\/uploads\/2017\/09\/LISI-FOTO-29-905x395.jpg?resize=350%2C200 1x, https:\/\/i0.wp.com\/www.gazetadita.al\/wp-content\/uploads\/2017\/09\/LISI-FOTO-29-905x395.jpg?resize=525%2C300 1.5x, https:\/\/i0.wp.com\/www.gazetadita.al\/wp-content\/uploads\/2017\/09\/LISI-FOTO-29-905x395.jpg?resize=700%2C400 2x"},"classes":[]},{"id":12365,"url":"https:\/\/www.shqiperia.com\/blog\/mrizi-i-kolices-kult-e-shenjteri-plakur-dhe-ulok\/","url_meta":{"origin":22828,"position":1},"title":"Mrizi i Kolices \u2013 Kult e Shenjteri &#8211; Plakur dhe Ulok. &#8211;","author":"Kurt Farka","date":"October 7, 2018","format":false,"excerpt":"Mrizi i Kolices \u2013 Kult e Shenjteri - Plakur dhe Ulok. - Ne fshatin Kryezi -Puke, ruhet si i\u00a0 shejte Mrizi (lisi) i Kolices. Shenim nga: Jaho Brahaj. Thone sipas gojdhanave, se kane qene tre lisa, por mbahen mend \u00a0vetem dy. \u00a0Njeri nga keta para 50-60 vitesh nga nje stuhi\u2026","rel":"","context":"In &quot;Histori&quot;","block_context":{"text":"Histori","link":"https:\/\/www.shqiperia.com\/blog\/category\/histori\/"},"img":{"alt_text":"","src":"https:\/\/i0.wp.com\/www.shqiperia.com\/blog\/wp-content\/uploads\/2018\/10\/01-2.jpg?fit=1200%2C615&ssl=1&resize=350%2C200","width":350,"height":200,"srcset":"https:\/\/i0.wp.com\/www.shqiperia.com\/blog\/wp-content\/uploads\/2018\/10\/01-2.jpg?fit=1200%2C615&ssl=1&resize=350%2C200 1x, https:\/\/i0.wp.com\/www.shqiperia.com\/blog\/wp-content\/uploads\/2018\/10\/01-2.jpg?fit=1200%2C615&ssl=1&resize=525%2C300 1.5x, https:\/\/i0.wp.com\/www.shqiperia.com\/blog\/wp-content\/uploads\/2018\/10\/01-2.jpg?fit=1200%2C615&ssl=1&resize=700%2C400 2x, https:\/\/i0.wp.com\/www.shqiperia.com\/blog\/wp-content\/uploads\/2018\/10\/01-2.jpg?fit=1200%2C615&ssl=1&resize=1050%2C600 3x"},"classes":[]},{"id":92059,"url":"https:\/\/www.shqiperia.com\/blog\/lisi-i-dhendrit-ne-pyllin-gjerman-ka-bashkuar-te-dashuruarit-per-me-shume-se-nje-shekull\/","url_meta":{"origin":22828,"position":2},"title":"\u00b4Lisi i dh\u00ebndrit\u00b4 n\u00eb pyllin gjerman, ka bashkuar t\u00eb dashuruarit p\u00ebr m\u00eb shum\u00eb se nj\u00eb shekull","author":"Kurt Farka","date":"April 30, 2025","format":false,"excerpt":"30 Prill 2025 I gjendur n\u00eb nj\u00eb pyll n\u00eb Veri t\u00eb Gjermanis\u00eb, Lisi i Dh\u00ebndrit ka lidhur t\u00eb dashuruarit p\u00ebr m\u00eb shum\u00eb se nj\u00eb shekull. I njohur si \"Br\u00e4utigamseiche\" n\u00eb gjermanisht, Lisi i Dh\u00ebndrit ka nj\u00eb nyj\u00eb t\u00eb famshme q\u00eb p\u00ebrdoret si kuti postare q\u00eb nga viti 1892. Madje ka\u2026","rel":"","context":"In &quot;Blogu i Udh\u00ebtarit&quot;","block_context":{"text":"Blogu i Udh\u00ebtarit","link":"https:\/\/www.shqiperia.com\/blog\/category\/blogu-i-udhetarit\/"},"img":{"alt_text":"","src":"https:\/\/i0.wp.com\/www.shqiperia.com\/blog\/wp-content\/uploads\/2025\/04\/auto_LISI1741107384.webp?fit=800%2C533&ssl=1&resize=350%2C200","width":350,"height":200,"srcset":"https:\/\/i0.wp.com\/www.shqiperia.com\/blog\/wp-content\/uploads\/2025\/04\/auto_LISI1741107384.webp?fit=800%2C533&ssl=1&resize=350%2C200 1x, https:\/\/i0.wp.com\/www.shqiperia.com\/blog\/wp-content\/uploads\/2025\/04\/auto_LISI1741107384.webp?fit=800%2C533&ssl=1&resize=525%2C300 1.5x, https:\/\/i0.wp.com\/www.shqiperia.com\/blog\/wp-content\/uploads\/2025\/04\/auto_LISI1741107384.webp?fit=800%2C533&ssl=1&resize=700%2C400 2x"},"classes":[]},{"id":53831,"url":"https:\/\/www.shqiperia.com\/blog\/lidhja-me-engjell-agacin-arrestohet-gjenerali-italian-qe-luftonte-parcelat-me-kanabis-ne-shqiperi-u-akuzua-se\/","url_meta":{"origin":22828,"position":3},"title":"Lidhja me Engj\u00ebll Aga\u00e7in. &#8211; \u00a0Arrestohet gjenerali italian q\u00eb luftonte parcelat me kanabis n\u00eb Shqip\u00ebri, u akuzua se&#8230;","author":"Kurt Farka","date":"February 9, 2022","format":false,"excerpt":"Lidhja me Engj\u00ebll Aga\u00e7in. - \u00a0Arrestohet gjenerali italian q\u00eb luftonte parcelat me kanabis n\u00eb Shqip\u00ebri, u akuzua se... 9 SHKURT 2022 Pes\u00eb persona u arrestuan sot nga Ros of Napoli n\u00eb kuad\u00ebr t\u00eb hetimeve kund\u00ebr korrupsionit t\u00eb koordinuara nga prokurori. Mes t\u00eb tjer\u00ebve n\u00eb pranga kan\u00eb p\u00ebrfunduar Roberto Penna, zv\/prokuror\u2026","rel":"","context":"In &quot;Blogu i Udh\u00ebtarit&quot;","block_context":{"text":"Blogu i Udh\u00ebtarit","link":"https:\/\/www.shqiperia.com\/blog\/category\/blogu-i-udhetarit\/"},"img":{"alt_text":"","src":"https:\/\/i0.wp.com\/www.shqiperia.com\/blog\/wp-content\/uploads\/2022\/02\/640-0-6203c6a7472b8.jpg?fit=640%2C361&ssl=1&resize=350%2C200","width":350,"height":200,"srcset":"https:\/\/i0.wp.com\/www.shqiperia.com\/blog\/wp-content\/uploads\/2022\/02\/640-0-6203c6a7472b8.jpg?fit=640%2C361&ssl=1&resize=350%2C200 1x, https:\/\/i0.wp.com\/www.shqiperia.com\/blog\/wp-content\/uploads\/2022\/02\/640-0-6203c6a7472b8.jpg?fit=640%2C361&ssl=1&resize=525%2C300 1.5x"},"classes":[]},{"id":53840,"url":"https:\/\/www.shqiperia.com\/blog\/arrestimi-gjeneralit-italian-si-paralajmeroi-berisha-pranga-per-engjell-agacin-dhe-arben-ahmetaj\/","url_meta":{"origin":22828,"position":4},"title":"Arrestimi gjeneralit italian, si paralajm\u00ebroi Berisha pranga p\u00ebr Engj\u00ebll Aga\u00e7in dhe Arben Ahmetaj","author":"Kurt Farka","date":"February 9, 2022","format":false,"excerpt":"Arrestimi gjeneralit italian, si paralajm\u00ebroi Berisha pranga p\u00ebr Engj\u00ebll Aga\u00e7in dhe Arben Ahmetaj 9 Shkurt, 2022 M\u00eb 25 dhjetor t\u00eb vitit t\u00eb kaluar, ish-kryeministri Sali Berisha, deklaroi n\u00eb studion e Arian \u00c7anit, \u201cZon\u00eb e Lir\u00eb\u201d, se ka nj\u00eb hetim n\u00eb nj\u00eb nga vendet fqinje t\u00eb Shqip\u00ebris\u00eb ka flet-arrestit p\u00ebr z\u00ebvend\u00ebs-kryeministrin\u2026","rel":"","context":"In &quot;Blogu i Udh\u00ebtarit&quot;","block_context":{"text":"Blogu i Udh\u00ebtarit","link":"https:\/\/www.shqiperia.com\/blog\/category\/blogu-i-udhetarit\/"},"img":{"alt_text":"","src":"https:\/\/i0.wp.com\/www.shqiperia.com\/blog\/wp-content\/uploads\/2022\/02\/WhatsApp-Image-2022-02-09-at-12.47.10-PM.jpeg?fit=605%2C341&ssl=1&resize=350%2C200","width":350,"height":200,"srcset":"https:\/\/i0.wp.com\/www.shqiperia.com\/blog\/wp-content\/uploads\/2022\/02\/WhatsApp-Image-2022-02-09-at-12.47.10-PM.jpeg?fit=605%2C341&ssl=1&resize=350%2C200 1x, https:\/\/i0.wp.com\/www.shqiperia.com\/blog\/wp-content\/uploads\/2022\/02\/WhatsApp-Image-2022-02-09-at-12.47.10-PM.jpeg?fit=605%2C341&ssl=1&resize=525%2C300 1.5x"},"classes":[]},{"id":4396,"url":"https:\/\/www.shqiperia.com\/blog\/ne-kryezi-te-pukes-duke-kerkuar-gjurmet-e-nje-jete-gusht-2013\/","url_meta":{"origin":22828,"position":5},"title":"N\u00eb Kryezi t\u00eb Pukes duke k\u00ebrkuar gjurmet e nje jete. (gusht 2013). &#8211;","author":"Kurt Farka","date":"March 7, 2018","format":false,"excerpt":"Nga Veledin Durmishi Gusht 2013. - Kur prek\u00ebm lart\u00ebsin\u00eb e maleve t\u00eb Puk\u00ebs, ishte nj\u00eb kthjellt\u00ebsi e cila i dha shpirtit ton\u00eb nj\u00eb qet\u00ebsi, kurse ne sodisnim bukurit\u00eb e natyr\u00ebs q\u00eb shfaqeshin mal pas mali. Ishim nisur drejt fshatit Kryezi t\u00eb Puk\u00ebs n\u00ebn nj\u00eb simbolik\u00eb t\u00eb ve\u00e7ant\u00eb, t\u00eb bukur e\u2026","rel":"","context":"In &quot;Blogu i Udh\u00ebtarit&quot;","block_context":{"text":"Blogu i Udh\u00ebtarit","link":"https:\/\/www.shqiperia.com\/blog\/category\/blogu-i-udhetarit\/"},"img":{"alt_text":"","src":"https:\/\/i0.wp.com\/www.shqiperia.com\/blog\/wp-content\/uploads\/2018\/03\/puka_puka.jpg?fit=377%2C252&ssl=1&resize=350%2C200","width":350,"height":200},"classes":[]}],"_links":{"self":[{"href":"https:\/\/www.shqiperia.com\/blog\/wp-json\/wp\/v2\/posts\/22828","targetHints":{"allow":["GET"]}}],"collection":[{"href":"https:\/\/www.shqiperia.com\/blog\/wp-json\/wp\/v2\/posts"}],"about":[{"href":"https:\/\/www.shqiperia.com\/blog\/wp-json\/wp\/v2\/types\/post"}],"author":[{"embeddable":true,"href":"https:\/\/www.shqiperia.com\/blog\/wp-json\/wp\/v2\/users\/9"}],"replies":[{"embeddable":true,"href":"https:\/\/www.shqiperia.com\/blog\/wp-json\/wp\/v2\/comments?post=22828"}],"version-history":[{"count":1,"href":"https:\/\/www.shqiperia.com\/blog\/wp-json\/wp\/v2\/posts\/22828\/revisions"}],"predecessor-version":[{"id":22831,"href":"https:\/\/www.shqiperia.com\/blog\/wp-json\/wp\/v2\/posts\/22828\/revisions\/22831"}],"wp:featuredmedia":[{"embeddable":true,"href":"https:\/\/www.shqiperia.com\/blog\/wp-json\/wp\/v2\/media\/22829"}],"wp:attachment":[{"href":"https:\/\/www.shqiperia.com\/blog\/wp-json\/wp\/v2\/media?parent=22828"}],"wp:term":[{"taxonomy":"category","embeddable":true,"href":"https:\/\/www.shqiperia.com\/blog\/wp-json\/wp\/v2\/categories?post=22828"},{"taxonomy":"post_tag","embeddable":true,"href":"https:\/\/www.shqiperia.com\/blog\/wp-json\/wp\/v2\/tags?post=22828"}],"curies":[{"name":"wp","href":"https:\/\/api.w.org\/{rel}","templated":true}]}}