{"id":22825,"date":"2019-07-04T12:02:56","date_gmt":"2019-07-04T12:02:56","guid":{"rendered":"http:\/\/www.shqiperia.com\/blog\/?p=22825"},"modified":"2019-07-04T12:02:56","modified_gmt":"2019-07-04T12:02:56","slug":"qeveria-rikthen-projektligjet-drakoniake-kunder-medias","status":"publish","type":"post","link":"https:\/\/www.shqiperia.com\/blog\/qeveria-rikthen-projektligjet-drakoniake-kunder-medias\/","title":{"rendered":"Qeveria rikthen projektligjet drakoniake kund\u00ebr medias"},"content":{"rendered":"<p>Gjergj Erebara &#8211; Reporter.al<\/p>\n<p>Qeveria shqiptare b\u00ebri t\u00eb ditur se ka miratuar dhe ka b\u00ebr\u00eb gati p\u00ebr t\u00eb d\u00ebrguar n\u00eb parlament t\u00eb shum\u00ebdebatuar\u00ebn \u201cpaket\u00eb antishpifje\u201d, por p\u00ebrmbajtja e paket\u00ebs dhe n\u00ebse ajo ndryshon apo jo nga draftet e shum\u00ebkritikuara t\u00eb prezantuara dhjetorin e kaluar, nuk \u00ebsht\u00eb e mundur t\u00eb dihet p\u00ebr shkak se kryeministria duket se ka vendosur t\u00eb mbaj\u00eb sekret projektligjet e miratuara.<\/p>\n<p>Ministrja e Drejt\u00ebsis\u00eb Etilda Gjonaj deklaroi n\u00eb portalin e kryeministrit n\u00eb Facebook ERTV se paketa \u201csynon rregullimin n\u00eb disa ligje kryesore n\u00eb medias n\u00eb p\u00ebrgjith\u00ebsi dhe medias n\u00eb p\u00ebrgjith\u00ebsi dhe publikimeve elektronike n\u00eb ve\u00e7anti,\u201d si dhe se mediat n\u00eb internet do t\u00eb duhet t\u00eb regjistrohen n\u00eb Autoritetin e Komunikimeve Elektronike e Postare si dhe do t\u00eb mbik\u00ebqyren nga Autoriteti i Medias Audiovizive (AMA).<\/p>\n<p>Deri mesdit\u00ebn e s\u00eb enjtes, n\u00eb faqen e K\u00ebshillit t\u00eb Ministrave n\u00eb internet [link] projektligjet e grupuara n\u00eb togfjal\u00ebshin \u201cpaketa antishpifje\u201d nuk jan\u00eb publikuar, duke e b\u00ebr\u00eb t\u00eb pamundur t\u00eb kuptohet n\u00ebse variantet e miratuara jan\u00eb nj\u00ebsoj apo jan\u00eb t\u00eb ndryshme nga ato t\u00eb prezatuara dhjetorin e kaluar.<\/p>\n<p>Por nga \u00e7far\u00eb Gjonaj deklaroi n\u00eb Facebook, paketa nuk ka ndryshuar dhe as nuk ka reflektuar shqet\u00ebsimet e ngritura nga organizatat e t\u00eb drejtave t\u00eb njeriut.<\/p>\n<p>Sipas Gjonajt: \u201cK\u00ebto nd\u00ebrhyrje sigurojn\u00eb \u200bprocedura t\u00eb shpejta administrative mbi trajtimin e ankesave p\u00ebr programet e publikuara nga Ofruesit e Sh\u00ebrbimit t\u00eb Publikimeve Elektronike; reagim t\u00eb shpejt\u00eb t\u00eb institucioneve publike n\u00eb rast t\u00eb konstatimit t\u00eb cenimit t\u00eb t\u00eb drejtave t\u00eb individ\u00ebve, duke parashikuar nj\u00eb procedur\u00eb t\u00eb qart\u00eb me hapa konkret\u00eb p\u00ebr trajtimin e ankesave; krijimin e nj\u00eb regjistri q\u00eb administrohet nga AKEP ku regjistrohen Ofruesit e Sh\u00ebrbimit t\u00eb Publikimeve Elektronike, t\u00eb pajisur me num\u00ebr t\u00eb regjistrimit t\u00eb personit t\u00eb tatuesh\u00ebm, ose t\u00eb regjistruar n\u00eb regjistrat tregtar\u00eb. Po ashtu ofruesit e sh\u00ebrbimeve mediatike do t\u00eb monitorohen nga AMA\u201d.<\/p>\n<p>Projektligjet u prezantuan fillimisht dhjetorin e kaluar dhe u kritikuan si antikushtetuese dhe dhunuese t\u00eb liris\u00eb s\u00eb shprehjes. [Link]<\/p>\n<p>N\u00eb ven\u00e7anti, krijimi i nj\u00eb sistemi regjistrimi specifik p\u00ebr mediat u kritikua si nj\u00eb form\u00eb licencimi p\u00ebr t\u00eb drejt\u00ebn e fjal\u00ebs nd\u00ebrsa krijimi i nj\u00eb sistemi policimi nga ana e Autoritetit t\u00eb Medias Audiovizive u kritikua si nj\u00eb insititucion censure.<\/p>\n<p>N\u00eb dhjetor, shtat\u00eb organizata nd\u00ebrkomb\u00ebtare t\u00eb liris\u00eb s\u00eb medias i k\u00ebrkuan qeveris\u00eb t\u00eb t\u00ebrheq\u00eb projektligjet, duke i konsideruar ato t\u00eb paprecedent n\u00eb kontinentin Europian [link].<\/p>\n<p>\u201cOrganizatat besojn\u00eb se t\u00eb dy projektligjet, n\u00eb form\u00eb dhe n\u00eb frym\u00eb bien ndesh me Kushtetut\u00ebn e Republik\u00ebs s\u00eb Shqip\u00ebris\u00eb dhe me T\u00eb Drejt\u00ebn Europiane. Ato p\u00ebrb\u00ebjn\u00eb kufizim krejt\u00ebsisht t\u00eb panevojsh\u00ebm t\u00eb liris\u00eb s\u00eb shprehjes e liris\u00eb s\u00eb medias dhe p\u00ebrmbajn\u00eb rrezikun e krijimit t\u00eb nj\u00eb regjimi policor mbi median n\u00eb internet,\u201d shkruhet n\u00eb letr\u00ebn e firmosur nga Federata Europiane e Gazetar\u00ebve, Qendra Europiane p\u00ebr Liri t\u00eb Medias dhe t\u00eb Shtypit, PEN International dhe Reporter\u00ebt pa Kufi.<\/p>\n<p>N\u00eb janar shtat\u00eb organizata shqiptare Shtat\u00eb organizata q\u00eb veprojn\u00eb n\u00eb fush\u00ebn e medias apo n\u00eb mbrojtje t\u00eb t\u00eb drejtave t\u00eb njeriut dol\u00ebn t\u00eb premten me nj\u00eb deklarat\u00eb t\u00eb p\u00ebrbashk\u00ebt, ku i p\u00ebrs\u00ebrit\u00ebn kryeministrit Edi Rama thirrjen p\u00ebr t\u00ebrheqjen e dy projektligjeve p\u00ebr median online.<\/p>\n<p>Deklarata e p\u00ebrbashk\u00ebt e BIRN Albania, Shoqata e Gazetar\u00ebve Profesionist\u00eb t\u00eb Shqip\u00ebris\u00eb, Lidhja e Gazetar\u00ebve t\u00eb Shqip\u00ebris\u00eb, AIS\/Open Data Albania, Civil Rights Defenders, K\u00ebshilli Shqiptar i Medias dhe Qendra Shqiptare MediaLook thekson se projektligjet c\u00ebnojn\u00eb demokracin\u00eb n\u00eb vend dhe lirin\u00eb e medias.<\/p>\n<p>\u201cK\u00ebto dy projektligje rrezikojn\u00eb ta kthejn\u00eb Shqip\u00ebrin\u00eb n\u00eb nj\u00eb vend jodemokratik, c\u00ebnojn\u00eb r\u00ebnd\u00eb lirin\u00eb e shprehjes dhe nuk zgjidhin asnj\u00eb nga problematikat ekzistuese t\u00eb medias, p\u00ebrfshir\u00eb gjuh\u00ebn e urrejtjes, shpifjen, propagand\u00ebn apo dizinformimin,\u201d v\u00ebrejt\u00ebn organizatat firm\u00ebtare.<\/p>\n<p>Ndon\u00ebse qeveria i prezantoi projektligjet si t\u00eb frym\u00ebzuara nga \u201cligji kroat\u201d, nj\u00eb verifikim nga BIRN zbuloi se asnj\u00eb lloj sistemi i till\u00eb nuk ekziston n\u00eb Kroaci.<\/p>\n<p>Projektligjet supozohet se do t\u00eb shkojn\u00eb p\u00ebr miratim n\u00eb Kuvendin e Shqip\u00ebris\u00eb ku mund t\u00eb votohen shtatorin e ardhsh\u00ebm.<\/p>\n","protected":false},"excerpt":{"rendered":"<p>Gjergj Erebara &#8211; Reporter.al Qeveria shqiptare b\u00ebri t\u00eb ditur se ka miratuar dhe ka b\u00ebr\u00eb gati p\u00ebr t\u00eb d\u00ebrguar n\u00eb parlament t\u00eb shum\u00ebdebatuar\u00ebn \u201cpaket\u00eb antishpifje\u201d, por p\u00ebrmbajtja e paket\u00ebs dhe n\u00ebse ajo ndryshon apo jo nga draftet e shum\u00ebkritikuara t\u00eb prezantuara dhjetorin e kaluar, nuk \u00ebsht\u00eb e mundur t\u00eb dihet p\u00ebr shkak se kryeministria duket [&hellip;]<\/p>\n","protected":false},"author":1,"featured_media":22826,"comment_status":"open","ping_status":"open","sticky":false,"template":"","format":"standard","meta":{"jetpack_post_was_ever_published":false,"_jetpack_newsletter_access":"","_jetpack_dont_email_post_to_subs":false,"_jetpack_newsletter_tier_id":0,"_jetpack_memberships_contains_paywalled_content":false,"_jetpack_memberships_contains_paid_content":false,"footnotes":"","jetpack_publicize_message":"","jetpack_publicize_feature_enabled":true,"jetpack_social_post_already_shared":true,"jetpack_social_options":{"image_generator_settings":{"template":"highway","default_image_id":0,"font":"","enabled":false},"version":2}},"categories":[2],"tags":[],"class_list":["post-22825","post","type-post","status-publish","format-standard","has-post-thumbnail","hentry","category-politika"],"jetpack_publicize_connections":[],"jetpack_featured_media_url":"https:\/\/i0.wp.com\/www.shqiperia.com\/blog\/wp-content\/uploads\/2019\/07\/etilda-gjonaj.jpg?fit=538%2C400&ssl=1","jetpack_sharing_enabled":true,"jetpack_shortlink":"https:\/\/wp.me\/p5Z6wp-5W9","jetpack-related-posts":[{"id":15164,"url":"https:\/\/www.shqiperia.com\/blog\/zbulohet-plani-i-rames-per-mediat\/","url_meta":{"origin":22825,"position":0},"title":"Zbulohet plani i Ram\u00ebs p\u00ebr mediat. &#8211;","author":"Kurt Farka","date":"December 23, 2018","format":false,"excerpt":"Zbulohet plani i Ram\u00ebs p\u00ebr mediat. - \u00a023\/12\/2018. Deputetja demokrate, Albana Vokshi, foli n\u00eb nj\u00eb deklarat\u00eb p\u00ebr mediat paraditen e s\u00eb diel\u00ebs nga selia e Partis\u00eb Demokratike. Vokshi e akuzoi Kryeministri Rama p\u00ebr nd\u00ebrhyrje n\u00eb ligjin p\u00ebr mediat. Sipas saj, Rama ka nj\u00eb plan p\u00ebr kufizimin e liris\u00eb s\u00eb medias.\u2026","rel":"","context":"In &quot;Blogu i Udh\u00ebtarit&quot;","block_context":{"text":"Blogu i Udh\u00ebtarit","link":"https:\/\/www.shqiperia.com\/blog\/category\/blogu-i-udhetarit\/"},"img":{"alt_text":"","src":"https:\/\/i0.wp.com\/www.shqiperia.com\/blog\/wp-content\/uploads\/2018\/12\/C0BF2D13-BBFC-4921-BBA0-AA9506141606.jpeg?fit=606%2C348&ssl=1&resize=350%2C200","width":350,"height":200,"srcset":"https:\/\/i0.wp.com\/www.shqiperia.com\/blog\/wp-content\/uploads\/2018\/12\/C0BF2D13-BBFC-4921-BBA0-AA9506141606.jpeg?fit=606%2C348&ssl=1&resize=350%2C200 1x, https:\/\/i0.wp.com\/www.shqiperia.com\/blog\/wp-content\/uploads\/2018\/12\/C0BF2D13-BBFC-4921-BBA0-AA9506141606.jpeg?fit=606%2C348&ssl=1&resize=525%2C300 1.5x"},"classes":[]},{"id":16331,"url":"https:\/\/www.shqiperia.com\/blog\/16331-2\/","url_meta":{"origin":22825,"position":1},"title":"Tiran\u00eb:  &#8211; 7 organizata i k\u00ebrkojn\u00eb qeveris\u00eb t\u00eb t\u00ebrheq\u00eb 2 projektligjet mbi mediat online si jodemokratike","author":"Kurt Farka","date":"January 19, 2019","format":false,"excerpt":"Tiran\u00eb: \u00a0- 7 organizata i k\u00ebrkojn\u00eb qeveris\u00eb t\u00eb t\u00ebrheq\u00eb 2 projektligjet mbi mediat online si jodemokratike 18 janar 2019. Nj\u00eb grup prej 7 organizatash p\u00ebr mbrojtjen e t\u00eb drejtave t\u00eb njeriut, liris\u00eb s\u00eb fjal\u00ebs dhe organizata t\u00eb gazetar\u00ebve i k\u00ebrkuan sot kryeministrit Edi Rama t\u00eb t\u00ebrheq\u00eb dy projektligjet p\u00ebr rregullimin\u2026","rel":"","context":"In &quot;Blogu i Udh\u00ebtarit&quot;","block_context":{"text":"Blogu i Udh\u00ebtarit","link":"https:\/\/www.shqiperia.com\/blog\/category\/blogu-i-udhetarit\/"},"img":{"alt_text":"","src":"https:\/\/i0.wp.com\/www.shqiperia.com\/blog\/wp-content\/uploads\/2019\/01\/tirane7.png?fit=1009%2C525&ssl=1&resize=350%2C200","width":350,"height":200,"srcset":"https:\/\/i0.wp.com\/www.shqiperia.com\/blog\/wp-content\/uploads\/2019\/01\/tirane7.png?fit=1009%2C525&ssl=1&resize=350%2C200 1x, https:\/\/i0.wp.com\/www.shqiperia.com\/blog\/wp-content\/uploads\/2019\/01\/tirane7.png?fit=1009%2C525&ssl=1&resize=525%2C300 1.5x, https:\/\/i0.wp.com\/www.shqiperia.com\/blog\/wp-content\/uploads\/2019\/01\/tirane7.png?fit=1009%2C525&ssl=1&resize=700%2C400 2x"},"classes":[]},{"id":29373,"url":"https:\/\/www.shqiperia.com\/blog\/35-organizata-nderkombetare-kunder-censures-se-medias-online-ne-shqiperi-thirrje-qeverise-te-terheqe-ligje-te-paktes-anti-shpifje\/","url_meta":{"origin":22825,"position":2},"title":"35 organizata nd\u00ebrkomb\u00ebtare kund\u00ebr censur\u00ebs s\u00eb medias online n\u00eb Shqip\u00ebri, thirrje qeveris\u00eb t\u00eb t\u00ebrheq\u00eb ligje t\u00eb pakt\u00ebs anti-shpifje","author":"Kurt Farka","date":"December 16, 2019","format":false,"excerpt":"35 organizata nd\u00ebrkomb\u00ebtare kund\u00ebr censur\u00ebs s\u00eb medias online n\u00eb Shqip\u00ebri, thirrje qeveris\u00eb t\u00eb t\u00ebrheq\u00eb ligje t\u00eb pakt\u00ebs anti-shpifje 14 dhjetor 2019 Nj\u00eb grup prej 35 organizatash nga vende t\u00eb ndryshme t\u00eb bot\u00ebs, 34 prej t\u00eb cilave jan\u00eb pjes\u00eb e \u201cPlatform\u00ebs s\u00eb Solidaritetit\u201d i bashkohen deklarat\u00ebs s\u00eb organizatave shqiptare t\u00eb medias\u2026","rel":"","context":"In &quot;Blogu i Udh\u00ebtarit&quot;","block_context":{"text":"Blogu i Udh\u00ebtarit","link":"https:\/\/www.shqiperia.com\/blog\/category\/blogu-i-udhetarit\/"},"img":{"alt_text":"","src":"https:\/\/i0.wp.com\/www.shqiperia.com\/blog\/wp-content\/uploads\/2019\/12\/censored-905x450-1.jpg?fit=803%2C450&ssl=1&resize=350%2C200","width":350,"height":200,"srcset":"https:\/\/i0.wp.com\/www.shqiperia.com\/blog\/wp-content\/uploads\/2019\/12\/censored-905x450-1.jpg?fit=803%2C450&ssl=1&resize=350%2C200 1x, https:\/\/i0.wp.com\/www.shqiperia.com\/blog\/wp-content\/uploads\/2019\/12\/censored-905x450-1.jpg?fit=803%2C450&ssl=1&resize=525%2C300 1.5x, https:\/\/i0.wp.com\/www.shqiperia.com\/blog\/wp-content\/uploads\/2019\/12\/censored-905x450-1.jpg?fit=803%2C450&ssl=1&resize=700%2C400 2x"},"classes":[]},{"id":29331,"url":"https:\/\/www.shqiperia.com\/blog\/unioni-gazetareve-thirrje-qeverise-terhiq-urgjentisht-paketen-antishpifje-ka-ligje-kur-media-shkel-te-drejtat-e-te-tjereve\/","url_meta":{"origin":22825,"position":3},"title":"Unioni gazetar\u00ebve thirrje qeveris\u00eb: T\u00ebrhiq urgjentisht paket\u00ebn \u201cAntishpifje\u201d &#8211; \u201cKa ligje kur media shkel t\u00eb drejtat e t\u00eb tjer\u00ebve\u201d. &#8211;","author":"Kurt Farka","date":"December 15, 2019","format":false,"excerpt":"\u201cKa ligje kur media shkel t\u00eb drejtat e t\u00eb tjer\u00ebve\u201d, unioni gazetar\u00ebve thirrje qeveris\u00eb: T\u00ebrhiq urgjentisht paket\u00ebn \u201cAntishpifje\u201d 14 dhjetor 2019 Unioni i Gazetar\u00ebve Shqiptar\u00eb i ka b\u00ebr\u00eb thirrje qeveris\u00eb t\u00eb t\u00ebrheq\u00eb urgjentisht projektligjin e \u201cPaket\u00ebs Antishpifje\u201d. N\u00eb deklarat\u00ebn p\u00ebr mediat thuhet se dy projektligjet, ai p\u00ebr transformimin e AMA-s\u2026","rel":"","context":"In &quot;Blogu i Udh\u00ebtarit&quot;","block_context":{"text":"Blogu i Udh\u00ebtarit","link":"https:\/\/www.shqiperia.com\/blog\/category\/blogu-i-udhetarit\/"},"img":{"alt_text":"","src":"https:\/\/i0.wp.com\/www.shqiperia.com\/blog\/wp-content\/uploads\/2019\/12\/antishpifje.jpg?fit=600%2C315&ssl=1&resize=350%2C200","width":350,"height":200,"srcset":"https:\/\/i0.wp.com\/www.shqiperia.com\/blog\/wp-content\/uploads\/2019\/12\/antishpifje.jpg?fit=600%2C315&ssl=1&resize=350%2C200 1x, https:\/\/i0.wp.com\/www.shqiperia.com\/blog\/wp-content\/uploads\/2019\/12\/antishpifje.jpg?fit=600%2C315&ssl=1&resize=525%2C300 1.5x"},"classes":[]},{"id":15652,"url":"https:\/\/www.shqiperia.com\/blog\/dy-projekligjet-e-qeverise-kercenim-per-lirine-e-medias-ne-shqiperi-leter-e-albana-vokshit-be-dhe-shba-ve\/","url_meta":{"origin":22825,"position":4},"title":"Dy projekligjet e qeveris\u00eb, k\u00ebrc\u00ebnim p\u00ebr lirin\u00eb e medias n\u00eb Shqip\u00ebri. Leter e Albana Vokshit BE dhe SHBA-ve.","author":"Kurt Farka","date":"January 7, 2019","format":false,"excerpt":"Dy projekligjet e qeveris\u00eb, k\u00ebrc\u00ebnim p\u00ebr lirin\u00eb e medias n\u00eb Shqip\u00ebri. Leter e Albana Vokshit BE dhe SHBA-ve. 6 janar 2019. \u00a0 Kryetarja e Komisionit Parlamentar p\u00ebr \u00c7\u00ebshtjet e Mediave, Albana Vokshi informoi t\u00eb gjith\u00eb institucionet nd\u00ebrkomb\u00ebtare, Bashkimin Europian dhe Shtetet e Bashkuara mbi projektligjet e qeveris\u00eb q\u00eb sipas saj\u2026","rel":"","context":"In &quot;Blogu i Udh\u00ebtarit&quot;","block_context":{"text":"Blogu i Udh\u00ebtarit","link":"https:\/\/www.shqiperia.com\/blog\/category\/blogu-i-udhetarit\/"},"img":{"alt_text":"","src":"https:\/\/i0.wp.com\/www.shqiperia.com\/blog\/wp-content\/uploads\/2019\/01\/115.jpg?fit=544%2C306&ssl=1&resize=350%2C200","width":350,"height":200,"srcset":"https:\/\/i0.wp.com\/www.shqiperia.com\/blog\/wp-content\/uploads\/2019\/01\/115.jpg?fit=544%2C306&ssl=1&resize=350%2C200 1x, https:\/\/i0.wp.com\/www.shqiperia.com\/blog\/wp-content\/uploads\/2019\/01\/115.jpg?fit=544%2C306&ssl=1&resize=525%2C300 1.5x"},"classes":[]},{"id":23471,"url":"https:\/\/www.shqiperia.com\/blog\/perfaqesuesi-i-larte-i-osbe-leter-rames-ndryshoni-projektligjin-per-mediat-elektronike-gjobat-shume-te-larta-ama-smund-te-merret-me-shpifjen-kompetence-e\/","url_meta":{"origin":22825,"position":5},"title":"P\u00ebrfaq\u00ebsuesi i lart\u00eb i OSBE let\u00ebr Ram\u00ebs: Ndryshoni projektligjin p\u00ebr mediat elektronike. Gjobat shum\u00eb t\u00eb larta. AMA s\u2019mund t\u00eb merret m\u00eb shpifjen, kompetenc\u00eb e\u2026","author":"Kurt Farka","date":"July 23, 2019","format":false,"excerpt":"P\u00ebrfaq\u00ebsuesi i lart\u00eb i OSBE let\u00ebr Ram\u00ebs: Ndryshoni projektligjin p\u00ebr mediat elektronike. Gjobat shum\u00eb t\u00eb larta. AMA s\u2019mund t\u00eb merret m\u00eb shpifjen, kompetenc\u00eb e\u2026 23 korrik 2019 P\u00ebrfaq\u00ebsuesi i OSBE-s\u00eb p\u00ebr Lirin\u00eb e Medias, Harlem D\u00e9sir, i d\u00ebrgoi Kryeministrit t\u00eb Republik\u00ebs s\u00eb Shqip\u00ebris\u00eb, Edi Rama, nj\u00eb analiz\u00eb ligjore t\u00eb ndryshimeve\u2026","rel":"","context":"In &quot;Blogu i Udh\u00ebtarit&quot;","block_context":{"text":"Blogu i Udh\u00ebtarit","link":"https:\/\/www.shqiperia.com\/blog\/category\/blogu-i-udhetarit\/"},"img":{"alt_text":"","src":"https:\/\/i0.wp.com\/www.shqiperia.com\/blog\/wp-content\/uploads\/2019\/07\/Harlem-D%C3%A9sir-Rama-leter.jpg?fit=933%2C549&ssl=1&resize=350%2C200","width":350,"height":200,"srcset":"https:\/\/i0.wp.com\/www.shqiperia.com\/blog\/wp-content\/uploads\/2019\/07\/Harlem-D%C3%A9sir-Rama-leter.jpg?fit=933%2C549&ssl=1&resize=350%2C200 1x, https:\/\/i0.wp.com\/www.shqiperia.com\/blog\/wp-content\/uploads\/2019\/07\/Harlem-D%C3%A9sir-Rama-leter.jpg?fit=933%2C549&ssl=1&resize=525%2C300 1.5x, https:\/\/i0.wp.com\/www.shqiperia.com\/blog\/wp-content\/uploads\/2019\/07\/Harlem-D%C3%A9sir-Rama-leter.jpg?fit=933%2C549&ssl=1&resize=700%2C400 2x"},"classes":[]}],"_links":{"self":[{"href":"https:\/\/www.shqiperia.com\/blog\/wp-json\/wp\/v2\/posts\/22825","targetHints":{"allow":["GET"]}}],"collection":[{"href":"https:\/\/www.shqiperia.com\/blog\/wp-json\/wp\/v2\/posts"}],"about":[{"href":"https:\/\/www.shqiperia.com\/blog\/wp-json\/wp\/v2\/types\/post"}],"author":[{"embeddable":true,"href":"https:\/\/www.shqiperia.com\/blog\/wp-json\/wp\/v2\/users\/1"}],"replies":[{"embeddable":true,"href":"https:\/\/www.shqiperia.com\/blog\/wp-json\/wp\/v2\/comments?post=22825"}],"version-history":[{"count":1,"href":"https:\/\/www.shqiperia.com\/blog\/wp-json\/wp\/v2\/posts\/22825\/revisions"}],"predecessor-version":[{"id":22827,"href":"https:\/\/www.shqiperia.com\/blog\/wp-json\/wp\/v2\/posts\/22825\/revisions\/22827"}],"wp:featuredmedia":[{"embeddable":true,"href":"https:\/\/www.shqiperia.com\/blog\/wp-json\/wp\/v2\/media\/22826"}],"wp:attachment":[{"href":"https:\/\/www.shqiperia.com\/blog\/wp-json\/wp\/v2\/media?parent=22825"}],"wp:term":[{"taxonomy":"category","embeddable":true,"href":"https:\/\/www.shqiperia.com\/blog\/wp-json\/wp\/v2\/categories?post=22825"},{"taxonomy":"post_tag","embeddable":true,"href":"https:\/\/www.shqiperia.com\/blog\/wp-json\/wp\/v2\/tags?post=22825"}],"curies":[{"name":"wp","href":"https:\/\/api.w.org\/{rel}","templated":true}]}}