{"id":22819,"date":"2019-07-04T00:04:51","date_gmt":"2019-07-04T00:04:51","guid":{"rendered":"http:\/\/www.shqiperia.com\/blog\/?p=22819"},"modified":"2019-07-04T00:06:47","modified_gmt":"2019-07-04T00:06:47","slug":"nderkombetaret-me-pyesin-per-spak-une-nuk-di-si-tu-pergjigjem","status":"publish","type":"post","link":"https:\/\/www.shqiperia.com\/blog\/nderkombetaret-me-pyesin-per-spak-une-nuk-di-si-tu-pergjigjem\/","title":{"rendered":"\u201cNd\u00ebrkomb\u00ebtar\u00ebt m\u00eb pyesin p\u00ebr SPAK, un\u00eb nuk di si t\u2019u p\u00ebrgjigjem\u201d. &#8211;"},"content":{"rendered":"<p><img data-recalc-dims=\"1\" loading=\"lazy\" decoding=\"async\" data-attachment-id=\"22820\" data-permalink=\"https:\/\/www.shqiperia.com\/blog\/nderkombetaret-me-pyesin-per-spak-une-nuk-di-si-tu-pergjigjem\/gramoz-ruci\/\" data-orig-file=\"https:\/\/i0.wp.com\/www.shqiperia.com\/blog\/wp-content\/uploads\/2019\/07\/Gramoz-Ruci-.png?fit=905%2C450&amp;ssl=1\" data-orig-size=\"905,450\" data-comments-opened=\"1\" data-image-meta=\"{&quot;aperture&quot;:&quot;0&quot;,&quot;credit&quot;:&quot;&quot;,&quot;camera&quot;:&quot;&quot;,&quot;caption&quot;:&quot;&quot;,&quot;created_timestamp&quot;:&quot;0&quot;,&quot;copyright&quot;:&quot;&quot;,&quot;focal_length&quot;:&quot;0&quot;,&quot;iso&quot;:&quot;0&quot;,&quot;shutter_speed&quot;:&quot;0&quot;,&quot;title&quot;:&quot;&quot;,&quot;orientation&quot;:&quot;0&quot;}\" data-image-title=\"Gramoz Ruci-\" data-image-description=\"\" data-image-caption=\"\" data-medium-file=\"https:\/\/i0.wp.com\/www.shqiperia.com\/blog\/wp-content\/uploads\/2019\/07\/Gramoz-Ruci-.png?fit=300%2C149&amp;ssl=1\" data-large-file=\"https:\/\/i0.wp.com\/www.shqiperia.com\/blog\/wp-content\/uploads\/2019\/07\/Gramoz-Ruci-.png?fit=905%2C450&amp;ssl=1\" class=\"alignnone wp-image-22820\" alt=\"\" src=\"https:\/\/i0.wp.com\/www.shqiperia.com\/blog\/wp-content\/uploads\/2019\/07\/Gramoz-Ruci--300x149.png?resize=471%2C234\" width=\"471\" height=\"234\" srcset=\"https:\/\/i0.wp.com\/www.shqiperia.com\/blog\/wp-content\/uploads\/2019\/07\/Gramoz-Ruci-.png?resize=300%2C149&amp;ssl=1 300w, https:\/\/i0.wp.com\/www.shqiperia.com\/blog\/wp-content\/uploads\/2019\/07\/Gramoz-Ruci-.png?resize=768%2C382&amp;ssl=1 768w, https:\/\/i0.wp.com\/www.shqiperia.com\/blog\/wp-content\/uploads\/2019\/07\/Gramoz-Ruci-.png?resize=450%2C224&amp;ssl=1 450w, https:\/\/i0.wp.com\/www.shqiperia.com\/blog\/wp-content\/uploads\/2019\/07\/Gramoz-Ruci-.png?resize=600%2C298&amp;ssl=1 600w, https:\/\/i0.wp.com\/www.shqiperia.com\/blog\/wp-content\/uploads\/2019\/07\/Gramoz-Ruci-.png?resize=400%2C199&amp;ssl=1 400w, https:\/\/i0.wp.com\/www.shqiperia.com\/blog\/wp-content\/uploads\/2019\/07\/Gramoz-Ruci-.png?w=905&amp;ssl=1 905w\" sizes=\"auto, (max-width: 471px) 100vw, 471px\" \/><\/p>\n<p><strong>\u201cNd\u00ebrkomb\u00ebtar\u00ebt m\u00eb pyesin p\u00ebr SPAK, un\u00eb nuk di si t\u2019u p\u00ebrgjigjem\u201d. &#8211;<\/strong><\/p>\n<p>3 Korrik \u00a02019<\/p>\n<p>Kryetari i Kuvendit shfaqet i pak\u00ebnaqur me pun\u00ebn e deputet\u00ebve t\u00eb Partis\u00eb Socialist\u00eb.<\/p>\n<p>N\u00eb mbledhjen e konferenc\u00ebs s\u00eb kryetar\u00ebve t\u00eb dat\u00ebs 20 qershor, Gramoz Ru\u00e7i, k\u00ebrkoi llogari se pse pas 3 vitesh ende nuk jan\u00eb ngritur institucionet e reform\u00ebs n\u00eb drejt\u00ebsi duke shprehur edhe shqet\u00ebsimin e nd\u00ebrkomb\u00ebtar\u00ebve p\u00ebr ngritjen e Gjykat\u00ebs Kushtetuese dhe SPAK-ut.<\/p>\n<p><strong><em>\u201c<\/em><\/strong><em>Nd\u00ebrkomb\u00ebtar\u00ebt dhe publiku pyesin se kur do t\u00eb b\u00ebhet Gjykata Kushtetuese, kur do t\u00eb ngrihet Gjykata e Lart\u00eb, kur do t\u00eb ngrihet SPAK-u, kur do t\u00eb ngrihet Byroja e Hetimit dhe kur do t\u00eb vendoset Prokurori i P\u00ebrgjithsh\u00ebm. N\u00eb qoft\u00eb se ia b\u00ebj vetes sime k\u00ebto pyetje, nuk di t\u2019u jap p\u00ebrgjigje, aq m\u00eb pak ju. At\u00ebher\u00eb, po ne t\u00eb gjith\u00eb si Kuvend ku jemi? Sikur kan\u00eb gjetur nj\u00eb lloj komoditeti njer\u00ebzit, q\u00eb u kemi dh\u00ebn\u00eb besimin p\u00ebr atje, t\u00eb cil\u00ebt trajtohen dy her\u00eb m\u00eb mir\u00eb dhe dy her\u00eb m\u00eb shum\u00eb sesa Presidenti.<\/em><\/p>\n<p>Kryeparlamentari Ru\u00e7i shprehet kritik me pun\u00ebn \u00a0e K\u00ebshillit t\u00eb Legjislacionit n\u00eb lidhje me amendamentet Kushtetuese q\u00eb duhet t\u00eb miratohen p\u00ebr statusin e gjyqtar\u00ebve dhe prokuror\u00ebve\u201d.<\/p>\n<p><strong><em>\u201c<\/em><\/strong><em>E kuptoni se ku jemi, apo jo?! Nuk mban m\u00eb uji pilafi p\u00ebr k\u00ebt\u00eb \u00e7\u00ebshtje. Edhe un\u00eb po t\u00ebjem kryetari i KED\u2013s\u00eb, kryetari i KLP-s\u00eb e t\u00eb tjera them: \u201c\u00c7far\u00eb k\u00ebrkoni nga ne ju\u201d? T\u00eb gjith\u00eb po betohemi p\u00ebr reform\u00ebn n\u00eb drejt\u00ebsi kur vjen puna p\u00ebr 2, 3, 4 apo 5 nene e pengojm\u00eb reform\u00ebn n\u00eb drejt\u00ebsi.\u201d.<\/em><\/p>\n<p>Edhe p\u00ebr rregulloren e Kuvendit Ru\u00e7i mendon se mazhoranca po luan \u00a0ping-pong me t\u00eb, pasi \u00a0sipas tij \u00a0ka 2-3 vjet q\u00eb vjen v\u00ebrdall\u00eb n\u00ebp\u00ebr komisionie pa arritur t\u00eb miratohet n\u00eb Kuvend.<\/p>\n<p>N\u00eb mbledhjen e 20 qershorit \u00ebsht\u00eb miratuar dhe programi i pun\u00ebs s\u00eb Kuvendit p\u00ebr periudh\u00ebn 1-31 korrik dhe kalendari 3 javor i punimeve p\u00ebr periudh\u00ebn 1-19 korrik.<\/p>\n<p><img data-recalc-dims=\"1\" loading=\"lazy\" decoding=\"async\" data-attachment-id=\"22821\" data-permalink=\"https:\/\/www.shqiperia.com\/blog\/nderkombetaret-me-pyesin-per-spak-une-nuk-di-si-tu-pergjigjem\/gramoz-ruci-2\/\" data-orig-file=\"https:\/\/i0.wp.com\/www.shqiperia.com\/blog\/wp-content\/uploads\/2019\/07\/Gramoz-Ruci-1-1.png?fit=905%2C450&amp;ssl=1\" data-orig-size=\"905,450\" data-comments-opened=\"1\" data-image-meta=\"{&quot;aperture&quot;:&quot;0&quot;,&quot;credit&quot;:&quot;&quot;,&quot;camera&quot;:&quot;&quot;,&quot;caption&quot;:&quot;&quot;,&quot;created_timestamp&quot;:&quot;0&quot;,&quot;copyright&quot;:&quot;&quot;,&quot;focal_length&quot;:&quot;0&quot;,&quot;iso&quot;:&quot;0&quot;,&quot;shutter_speed&quot;:&quot;0&quot;,&quot;title&quot;:&quot;&quot;,&quot;orientation&quot;:&quot;0&quot;}\" data-image-title=\"Gramoz Ruci-\" data-image-description=\"\" data-image-caption=\"\" data-medium-file=\"https:\/\/i0.wp.com\/www.shqiperia.com\/blog\/wp-content\/uploads\/2019\/07\/Gramoz-Ruci-1-1.png?fit=300%2C149&amp;ssl=1\" data-large-file=\"https:\/\/i0.wp.com\/www.shqiperia.com\/blog\/wp-content\/uploads\/2019\/07\/Gramoz-Ruci-1-1.png?fit=905%2C450&amp;ssl=1\" class=\"alignnone wp-image-22821\" alt=\"\" src=\"https:\/\/i0.wp.com\/www.shqiperia.com\/blog\/wp-content\/uploads\/2019\/07\/Gramoz-Ruci-1-1-300x149.png?resize=697%2C346\" width=\"697\" height=\"346\" srcset=\"https:\/\/i0.wp.com\/www.shqiperia.com\/blog\/wp-content\/uploads\/2019\/07\/Gramoz-Ruci-1-1.png?resize=300%2C149&amp;ssl=1 300w, https:\/\/i0.wp.com\/www.shqiperia.com\/blog\/wp-content\/uploads\/2019\/07\/Gramoz-Ruci-1-1.png?resize=768%2C382&amp;ssl=1 768w, https:\/\/i0.wp.com\/www.shqiperia.com\/blog\/wp-content\/uploads\/2019\/07\/Gramoz-Ruci-1-1.png?resize=450%2C224&amp;ssl=1 450w, https:\/\/i0.wp.com\/www.shqiperia.com\/blog\/wp-content\/uploads\/2019\/07\/Gramoz-Ruci-1-1.png?resize=600%2C298&amp;ssl=1 600w, https:\/\/i0.wp.com\/www.shqiperia.com\/blog\/wp-content\/uploads\/2019\/07\/Gramoz-Ruci-1-1.png?resize=400%2C199&amp;ssl=1 400w, https:\/\/i0.wp.com\/www.shqiperia.com\/blog\/wp-content\/uploads\/2019\/07\/Gramoz-Ruci-1-1.png?w=905&amp;ssl=1 905w\" sizes=\"auto, (max-width: 697px) 100vw, 697px\" \/><\/p>\n<p>Gazeta: dita<\/p>\n","protected":false},"excerpt":{"rendered":"<p>\u201cNd\u00ebrkomb\u00ebtar\u00ebt m\u00eb pyesin p\u00ebr SPAK, un\u00eb nuk di si t\u2019u p\u00ebrgjigjem\u201d. &#8211; 3 Korrik \u00a02019 Kryetari i Kuvendit shfaqet i pak\u00ebnaqur me pun\u00ebn e deputet\u00ebve t\u00eb Partis\u00eb Socialist\u00eb. N\u00eb mbledhjen e konferenc\u00ebs s\u00eb kryetar\u00ebve t\u00eb dat\u00ebs 20 qershor, Gramoz Ru\u00e7i, k\u00ebrkoi llogari se pse pas 3 vitesh ende nuk jan\u00eb ngritur institucionet e reform\u00ebs n\u00eb [&hellip;]<\/p>\n","protected":false},"author":9,"featured_media":22820,"comment_status":"open","ping_status":"open","sticky":false,"template":"","format":"standard","meta":{"jetpack_post_was_ever_published":false,"_jetpack_newsletter_access":"","_jetpack_dont_email_post_to_subs":false,"_jetpack_newsletter_tier_id":0,"_jetpack_memberships_contains_paywalled_content":false,"_jetpack_memberships_contains_paid_content":false,"footnotes":"","jetpack_publicize_message":"","jetpack_publicize_feature_enabled":true,"jetpack_social_post_already_shared":true,"jetpack_social_options":{"image_generator_settings":{"template":"highway","default_image_id":0,"font":"","enabled":false},"version":2}},"categories":[27,1,2],"tags":[],"class_list":["post-22819","post","type-post","status-publish","format-standard","has-post-thumbnail","hentry","category-blogu-i-udhetarit","category-njoftime-shtypi","category-politika"],"jetpack_publicize_connections":[],"jetpack_featured_media_url":"https:\/\/i0.wp.com\/www.shqiperia.com\/blog\/wp-content\/uploads\/2019\/07\/Gramoz-Ruci-.png?fit=905%2C450&ssl=1","jetpack_sharing_enabled":true,"jetpack_shortlink":"https:\/\/wp.me\/p5Z6wp-5W3","jetpack-related-posts":[{"id":97445,"url":"https:\/\/www.shqiperia.com\/blog\/anetare-te-kushtetueses-jane-blere-nga-politika-4-jane-ne-lupen-e-nderkombetareve-llabanispak-ka-leshuar-urdher\/","url_meta":{"origin":22819,"position":0},"title":"\u201cAn\u00ebtar\u00eb t\u00eb Kushtetueses jan\u00eb bler\u00eb nga politika, 4 jan\u00eb n\u00eb \u2018lup\u00ebn e nd\u00ebrkomb\u00ebtareve\u201d\/ Llabani:SPAK ka l\u00ebshuar urdh\u00ebr..","author":"Kurt Farka","date":"February 6, 2026","format":false,"excerpt":"6 Shkurt 2026 Gazetarja Anduena Llabani n\u00eb nj\u00eb intervist\u00eb televizive, deklaroi se kat\u00ebr an\u00ebtar\u00eb t\u00eb Gjykat\u00ebs Kushtetuese jan\u00eb n\u00eb lup\u00ebn e nd\u00ebrkomb\u00ebtar\u00ebve por edhe t\u00eb SPAK. Gjithashtu ajo theksoi se kryeprokurori Klodian Braho ka l\u00ebshuar nj\u00eb urdh\u00ebr p\u00ebr survejimin e nj\u00eb prej an\u00ebtar\u00ebve t\u00eb Gjykat\u00ebs Kushtetuese. \u201cAn\u00ebtar\u00eb t\u00eb Kushtetueses jan\u00eb\u2026","rel":"","context":"In &quot;Blogu i Udh\u00ebtarit&quot;","block_context":{"text":"Blogu i Udh\u00ebtarit","link":"https:\/\/www.shqiperia.com\/blog\/category\/blogu-i-udhetarit\/"},"img":{"alt_text":"","src":"https:\/\/i0.wp.com\/www.shqiperia.com\/blog\/wp-content\/uploads\/2026\/02\/Gjykata-Kushtetuese-1.jpg?fit=700%2C467&ssl=1&resize=350%2C200","width":350,"height":200,"srcset":"https:\/\/i0.wp.com\/www.shqiperia.com\/blog\/wp-content\/uploads\/2026\/02\/Gjykata-Kushtetuese-1.jpg?fit=700%2C467&ssl=1&resize=350%2C200 1x, https:\/\/i0.wp.com\/www.shqiperia.com\/blog\/wp-content\/uploads\/2026\/02\/Gjykata-Kushtetuese-1.jpg?fit=700%2C467&ssl=1&resize=525%2C300 1.5x, https:\/\/i0.wp.com\/www.shqiperia.com\/blog\/wp-content\/uploads\/2026\/02\/Gjykata-Kushtetuese-1.jpg?fit=700%2C467&ssl=1&resize=700%2C400 2x"},"classes":[]},{"id":97277,"url":"https:\/\/www.shqiperia.com\/blog\/imuniteti-i-ballukut-lubonja-korrupsioni-i-zv-kryeministres-krim-i-papare-spak-duhet-te-shkoje-te-rama-ceshtja-e-mandatit-te-saj-zgjidhet-duke-bere-presion-me-protesta-te-dhunshme\/","url_meta":{"origin":22819,"position":1},"title":"Imuniteti i Ballukut, Lubonja: Korrupsioni i zv.kryeministres, krim i papar\u00eb! SPAK duhet t\u00eb shkoj\u00eb te Rama! \u00c7\u00ebshtja e mandatit t\u00eb saj zgjidhet duke b\u00ebr\u00eb presion me protesta t\u00eb dhunshme","author":"Kurt Farka","date":"February 2, 2026","format":false,"excerpt":"2 Shkurt 2026 Analisti Fatos Lubonja, teksa ka komentuar zhvillimet e fundit politike n\u00eb vend \u00ebsht\u00eb ndalur tek imuniteti i zv.kryeministres Belinda Balluku, ku u shpreh se mazhoranca po p\u00ebrpiqet t\u00eb mbuloj\u00eb nj\u00eb krim t\u00eb papar\u00eb q\u00eb ka t\u00eb b\u00ebj\u00eb me korrupsionin e Ballukut, kryeministrit Rama e t\u00eb tjer\u00eb. \u201cMe\u2026","rel":"","context":"In &quot;Blogu i Udh\u00ebtarit&quot;","block_context":{"text":"Blogu i Udh\u00ebtarit","link":"https:\/\/www.shqiperia.com\/blog\/category\/blogu-i-udhetarit\/"},"img":{"alt_text":"","src":"https:\/\/i0.wp.com\/www.shqiperia.com\/blog\/wp-content\/uploads\/2026\/02\/lubonja-balluku1.jpg?fit=1200%2C725&ssl=1&resize=350%2C200","width":350,"height":200,"srcset":"https:\/\/i0.wp.com\/www.shqiperia.com\/blog\/wp-content\/uploads\/2026\/02\/lubonja-balluku1.jpg?fit=1200%2C725&ssl=1&resize=350%2C200 1x, https:\/\/i0.wp.com\/www.shqiperia.com\/blog\/wp-content\/uploads\/2026\/02\/lubonja-balluku1.jpg?fit=1200%2C725&ssl=1&resize=525%2C300 1.5x, https:\/\/i0.wp.com\/www.shqiperia.com\/blog\/wp-content\/uploads\/2026\/02\/lubonja-balluku1.jpg?fit=1200%2C725&ssl=1&resize=700%2C400 2x, https:\/\/i0.wp.com\/www.shqiperia.com\/blog\/wp-content\/uploads\/2026\/02\/lubonja-balluku1.jpg?fit=1200%2C725&ssl=1&resize=1050%2C600 3x"},"classes":[]},{"id":79922,"url":"https:\/\/www.shqiperia.com\/blog\/ilir-meta-i-bashkohet-protestes-tek-bashkia-e-tiranes\/","url_meta":{"origin":22819,"position":2},"title":"Ilir Meta i bashkohet protest\u00ebs tek Bashkia e Tiranes","author":"Kurt Farka","date":"April 5, 2024","format":false,"excerpt":"5 Prill 2024 Kreu i Partis\u00eb s\u00eb Liris\u00eb, Ilir Meta iu \u00ebsht\u00eb bashkuar protest\u00ebs para Bashkis\u00eb s\u00eb Tiran\u00ebs, ku gjat\u00eb fjal\u00ebs s\u00eb tij ka deklaruar se Prokuroria e Posa\u00e7me komandohet nga gjykata. Meta u shpreh se SPAK ka tmerr nga fjala e ish-kryeministrit Sali Berisha, dhe sipas tij, q\u00ebllimi i\u2026","rel":"","context":"In &quot;Blogu i Udh\u00ebtarit&quot;","block_context":{"text":"Blogu i Udh\u00ebtarit","link":"https:\/\/www.shqiperia.com\/blog\/category\/blogu-i-udhetarit\/"},"img":{"alt_text":"","src":"https:\/\/i0.wp.com\/www.shqiperia.com\/blog\/wp-content\/uploads\/2024\/04\/ilir-meta11.jpg?fit=1200%2C651&ssl=1&resize=350%2C200","width":350,"height":200,"srcset":"https:\/\/i0.wp.com\/www.shqiperia.com\/blog\/wp-content\/uploads\/2024\/04\/ilir-meta11.jpg?fit=1200%2C651&ssl=1&resize=350%2C200 1x, https:\/\/i0.wp.com\/www.shqiperia.com\/blog\/wp-content\/uploads\/2024\/04\/ilir-meta11.jpg?fit=1200%2C651&ssl=1&resize=525%2C300 1.5x, https:\/\/i0.wp.com\/www.shqiperia.com\/blog\/wp-content\/uploads\/2024\/04\/ilir-meta11.jpg?fit=1200%2C651&ssl=1&resize=700%2C400 2x, https:\/\/i0.wp.com\/www.shqiperia.com\/blog\/wp-content\/uploads\/2024\/04\/ilir-meta11.jpg?fit=1200%2C651&ssl=1&resize=1050%2C600 3x"},"classes":[]},{"id":87022,"url":"https:\/\/www.shqiperia.com\/blog\/arman-shkullaku-korrupsioni-dhe-vjedhja-e-votes-mbajne-ne-pushtet-ramen-spak-nuk-ka-takat-ta-hetoje\/","url_meta":{"origin":22819,"position":3},"title":"Armand Shkullaku: &#8211; Korrupsioni dhe vjedhja e vot\u00ebs mbajn\u00eb n\u00eb pushtet Ram\u00ebn, SPAK nuk ka takat ta hetoj\u00eb","author":"Kurt Farka","date":"December 3, 2024","format":false,"excerpt":"3 dhjetor 2024 Gazetari Armand Shkullaku gjat\u00eb bised\u00ebs n\u00eb \u2018\u00c7im Peka LIVE\u2019 n\u00eb SYRI TV, \u00ebsht\u00eb shprehur se, SPAK nuk ka tope t\u00eb hetoj\u00eb korrupsionin n\u00eb nivele t\u00eb larta dhe vjedhjen e vot\u00ebs. Sipas Shkullakut, k\u00ebto jan\u00eb dy kolonagt q\u00eb mbajn\u00eb Ram\u00ebn n\u00eb pushtet. \u2018Drejt\u00ebsia merr vendime q\u00eb nuk jan\u00eb\u2026","rel":"","context":"In &quot;Blogu i Udh\u00ebtarit&quot;","block_context":{"text":"Blogu i Udh\u00ebtarit","link":"https:\/\/www.shqiperia.com\/blog\/category\/blogu-i-udhetarit\/"},"img":{"alt_text":"","src":"https:\/\/i0.wp.com\/www.shqiperia.com\/blog\/wp-content\/uploads\/2024\/12\/rama-shkullaku.jpg?fit=900%2C500&ssl=1&resize=350%2C200","width":350,"height":200,"srcset":"https:\/\/i0.wp.com\/www.shqiperia.com\/blog\/wp-content\/uploads\/2024\/12\/rama-shkullaku.jpg?fit=900%2C500&ssl=1&resize=350%2C200 1x, https:\/\/i0.wp.com\/www.shqiperia.com\/blog\/wp-content\/uploads\/2024\/12\/rama-shkullaku.jpg?fit=900%2C500&ssl=1&resize=525%2C300 1.5x, https:\/\/i0.wp.com\/www.shqiperia.com\/blog\/wp-content\/uploads\/2024\/12\/rama-shkullaku.jpg?fit=900%2C500&ssl=1&resize=700%2C400 2x"},"classes":[]},{"id":77986,"url":"https:\/\/www.shqiperia.com\/blog\/zhupa-rikthen-ne-vemendje-butrintin-jep-paralajmerimin-kjo-nuk-eshte-ceshtje-politike-do-e-dergojme-ne\/","url_meta":{"origin":22819,"position":4},"title":"Zhupa rikthen n\u00eb v\u00ebmendje &#8216;Butrintin&#8217;, jep paralajm\u00ebrimin: &#8211; Kjo nuk \u00ebsht\u00eb \u00e7\u00ebshtje politike, do e d\u00ebrgojm\u00eb n\u00eb&#8230;","author":"Kurt Farka","date":"February 7, 2024","format":false,"excerpt":"7 Shkurt 2024 Deputetja e Partis\u00eb Demokratike, Ina Zhupa ka zhvilluar nj\u00eb konferenc\u00eb p\u00ebr shtyp, ku nd\u00ebr t\u00eb tjera \u00ebsht\u00eb pyetur edhe p\u00ebr \u201cButrintin\u201d dhe n\u00ebse ka besimin se Gjykata Kushtetuese do ta anuloj\u00eb koncesionin. Zhupa \u00ebsht\u00eb shprehur se pavar\u00ebsisht se edhe \u201cKushtetuesja\u201d vet\u00eb ka shkelur kushtetut\u00ebn n\u00eb disa raste,\u2026","rel":"","context":"In &quot;Blogu i Udh\u00ebtarit&quot;","block_context":{"text":"Blogu i Udh\u00ebtarit","link":"https:\/\/www.shqiperia.com\/blog\/category\/blogu-i-udhetarit\/"},"img":{"alt_text":"","src":"https:\/\/i0.wp.com\/www.shqiperia.com\/blog\/wp-content\/uploads\/2024\/02\/800-0-65c3632a88f0c.jpg?fit=800%2C533&ssl=1&resize=350%2C200","width":350,"height":200,"srcset":"https:\/\/i0.wp.com\/www.shqiperia.com\/blog\/wp-content\/uploads\/2024\/02\/800-0-65c3632a88f0c.jpg?fit=800%2C533&ssl=1&resize=350%2C200 1x, https:\/\/i0.wp.com\/www.shqiperia.com\/blog\/wp-content\/uploads\/2024\/02\/800-0-65c3632a88f0c.jpg?fit=800%2C533&ssl=1&resize=525%2C300 1.5x, https:\/\/i0.wp.com\/www.shqiperia.com\/blog\/wp-content\/uploads\/2024\/02\/800-0-65c3632a88f0c.jpg?fit=800%2C533&ssl=1&resize=700%2C400 2x"},"classes":[]},{"id":90104,"url":"https:\/\/www.shqiperia.com\/blog\/gazetari-publikon-dokumentet-prokurori-klodian-braho-me-miratimin-e-dumanit-ka-urdheruar-pergjimin-ndaj-gjykates-kushtetuese\/","url_meta":{"origin":22819,"position":5},"title":"Gazetari publikon dokumentet: &#8211; Prokurori Klodian Braho me miratimin e Dumanit ka urdh\u00ebruar p\u00ebrgjimin ndaj Gjykat\u00ebs Kushtetuese","author":"Kurt Farka","date":"March 4, 2025","format":false,"excerpt":"4 Mars 2025 Gazetari i njohur i kronik\u00ebs, Flamur Vezaj p\u00ebrmes nj\u00eb postimi n\u00eb llogarin\u00eb e tij n\u00eb \"Facebook\" ka reaguar n\u00eb lidhje me p\u00ebrgjimet e paligjshme ndaj gjyqtar\u00ebve t\u00eb Gjykat\u00ebs Kushtetuese. Vezaj shkuan se ky skandal i SPAK po kalon pa v\u00ebmendjen e duhur. Gazetari thekson se SPAK ka\u2026","rel":"","context":"In &quot;Blogu i Udh\u00ebtarit&quot;","block_context":{"text":"Blogu i Udh\u00ebtarit","link":"https:\/\/www.shqiperia.com\/blog\/category\/blogu-i-udhetarit\/"},"img":{"alt_text":"","src":"https:\/\/i0.wp.com\/www.shqiperia.com\/blog\/wp-content\/uploads\/2025\/03\/640-0-c606a15a8d60d3274a78391e6005b3e9.jpg?fit=640%2C336&ssl=1&resize=350%2C200","width":350,"height":200,"srcset":"https:\/\/i0.wp.com\/www.shqiperia.com\/blog\/wp-content\/uploads\/2025\/03\/640-0-c606a15a8d60d3274a78391e6005b3e9.jpg?fit=640%2C336&ssl=1&resize=350%2C200 1x, https:\/\/i0.wp.com\/www.shqiperia.com\/blog\/wp-content\/uploads\/2025\/03\/640-0-c606a15a8d60d3274a78391e6005b3e9.jpg?fit=640%2C336&ssl=1&resize=525%2C300 1.5x"},"classes":[]}],"_links":{"self":[{"href":"https:\/\/www.shqiperia.com\/blog\/wp-json\/wp\/v2\/posts\/22819","targetHints":{"allow":["GET"]}}],"collection":[{"href":"https:\/\/www.shqiperia.com\/blog\/wp-json\/wp\/v2\/posts"}],"about":[{"href":"https:\/\/www.shqiperia.com\/blog\/wp-json\/wp\/v2\/types\/post"}],"author":[{"embeddable":true,"href":"https:\/\/www.shqiperia.com\/blog\/wp-json\/wp\/v2\/users\/9"}],"replies":[{"embeddable":true,"href":"https:\/\/www.shqiperia.com\/blog\/wp-json\/wp\/v2\/comments?post=22819"}],"version-history":[{"count":2,"href":"https:\/\/www.shqiperia.com\/blog\/wp-json\/wp\/v2\/posts\/22819\/revisions"}],"predecessor-version":[{"id":22823,"href":"https:\/\/www.shqiperia.com\/blog\/wp-json\/wp\/v2\/posts\/22819\/revisions\/22823"}],"wp:featuredmedia":[{"embeddable":true,"href":"https:\/\/www.shqiperia.com\/blog\/wp-json\/wp\/v2\/media\/22820"}],"wp:attachment":[{"href":"https:\/\/www.shqiperia.com\/blog\/wp-json\/wp\/v2\/media?parent=22819"}],"wp:term":[{"taxonomy":"category","embeddable":true,"href":"https:\/\/www.shqiperia.com\/blog\/wp-json\/wp\/v2\/categories?post=22819"},{"taxonomy":"post_tag","embeddable":true,"href":"https:\/\/www.shqiperia.com\/blog\/wp-json\/wp\/v2\/tags?post=22819"}],"curies":[{"name":"wp","href":"https:\/\/api.w.org\/{rel}","templated":true}]}}