{"id":22814,"date":"2019-07-03T23:57:47","date_gmt":"2019-07-03T23:57:47","guid":{"rendered":"http:\/\/www.shqiperia.com\/blog\/?p=22814"},"modified":"2019-07-03T23:57:47","modified_gmt":"2019-07-03T23:57:47","slug":"opozita-nuk-ka-pse-jep-llogari-para-nderkombetareve","status":"publish","type":"post","link":"https:\/\/www.shqiperia.com\/blog\/opozita-nuk-ka-pse-jep-llogari-para-nderkombetareve\/","title":{"rendered":"Opozita nuk ka pse jep llogari para nd\u00ebrkomb\u00ebtar\u00ebve. &#8211;"},"content":{"rendered":"<p><img data-recalc-dims=\"1\" loading=\"lazy\" decoding=\"async\" data-attachment-id=\"22815\" data-permalink=\"https:\/\/www.shqiperia.com\/blog\/opozita-nuk-ka-pse-jep-llogari-para-nderkombetareve\/arjon-sulo\/\" data-orig-file=\"https:\/\/i0.wp.com\/www.shqiperia.com\/blog\/wp-content\/uploads\/2019\/07\/arjon-sulo.jpg?fit=1048%2C588&amp;ssl=1\" data-orig-size=\"1048,588\" data-comments-opened=\"1\" data-image-meta=\"{&quot;aperture&quot;:&quot;0&quot;,&quot;credit&quot;:&quot;&quot;,&quot;camera&quot;:&quot;&quot;,&quot;caption&quot;:&quot;&quot;,&quot;created_timestamp&quot;:&quot;0&quot;,&quot;copyright&quot;:&quot;&quot;,&quot;focal_length&quot;:&quot;0&quot;,&quot;iso&quot;:&quot;0&quot;,&quot;shutter_speed&quot;:&quot;0&quot;,&quot;title&quot;:&quot;&quot;,&quot;orientation&quot;:&quot;0&quot;}\" data-image-title=\"arjon sulo\" data-image-description=\"\" data-image-caption=\"\" data-medium-file=\"https:\/\/i0.wp.com\/www.shqiperia.com\/blog\/wp-content\/uploads\/2019\/07\/arjon-sulo.jpg?fit=300%2C168&amp;ssl=1\" data-large-file=\"https:\/\/i0.wp.com\/www.shqiperia.com\/blog\/wp-content\/uploads\/2019\/07\/arjon-sulo.jpg?fit=1024%2C575&amp;ssl=1\" class=\"alignnone  wp-image-22815\" alt=\"\" src=\"https:\/\/i0.wp.com\/www.shqiperia.com\/blog\/wp-content\/uploads\/2019\/07\/arjon-sulo-300x168.jpg?resize=409%2C229\" width=\"409\" height=\"229\" srcset=\"https:\/\/i0.wp.com\/www.shqiperia.com\/blog\/wp-content\/uploads\/2019\/07\/arjon-sulo.jpg?resize=300%2C168&amp;ssl=1 300w, https:\/\/i0.wp.com\/www.shqiperia.com\/blog\/wp-content\/uploads\/2019\/07\/arjon-sulo.jpg?resize=768%2C431&amp;ssl=1 768w, https:\/\/i0.wp.com\/www.shqiperia.com\/blog\/wp-content\/uploads\/2019\/07\/arjon-sulo.jpg?resize=1024%2C575&amp;ssl=1 1024w, https:\/\/i0.wp.com\/www.shqiperia.com\/blog\/wp-content\/uploads\/2019\/07\/arjon-sulo.jpg?resize=450%2C252&amp;ssl=1 450w, https:\/\/i0.wp.com\/www.shqiperia.com\/blog\/wp-content\/uploads\/2019\/07\/arjon-sulo.jpg?resize=600%2C337&amp;ssl=1 600w, https:\/\/i0.wp.com\/www.shqiperia.com\/blog\/wp-content\/uploads\/2019\/07\/arjon-sulo.jpg?resize=400%2C224&amp;ssl=1 400w, https:\/\/i0.wp.com\/www.shqiperia.com\/blog\/wp-content\/uploads\/2019\/07\/arjon-sulo.jpg?w=1048&amp;ssl=1 1048w\" sizes=\"auto, (max-width: 409px) 100vw, 409px\" \/><\/p>\n<p><strong>Opozita nuk ka pse jep llogari para nd\u00ebrkomb\u00ebtar\u00ebve. &#8211;<\/strong><\/p>\n<p>I ftuar n\u00eb \u201cArena\u201d nga Dritan Hila, n\u00eb RTV ORA, Arion Sulo, ka th\u00ebn\u00eb se nd\u00ebrkomb\u00ebtar\u00ebt kan\u00eb planin e tyre p\u00ebr t\u00eb \u00e7uar para reform\u00ebn n\u00eb drejt\u00ebsi.<\/p>\n<p>Sulo tha se opozita nuk ka m\u00eb asnj\u00eb \u201cm\u00ebkat\u201d pasi ka d\u00ebgjuar \u00e7do gj\u00eb q\u00eb kan\u00eb th\u00ebn\u00eb nd\u00ebrkomb\u00ebtar\u00ebt.<\/p>\n<p>Sulo: Nd\u00ebrkomb\u00ebtar\u00ebt kan\u00eb b\u00ebr\u00eb gjith\u00e7ka p\u00ebr reform\u00ebn n\u00eb drejt\u00ebsi. Sepse po t\u00eb hapej edhe nj\u00eb her\u00eb tryeza politike e pal\u00ebve, aty do t\u00eb hapej barku i reform\u00ebs n\u00eb drejt\u00ebsi, k\u00ebtu ishte problemi.\u00a0 Nd\u00ebrkomb\u00ebtar\u00ebt kan\u00eb th\u00ebn\u00eb jo, dialogu mes pal\u00ebve do t\u00eb vij\u00eb m\u00eb von\u00eb, do t\u00eb ec\u00eb para reforma n\u00eb drejt\u00ebsi. Por kujdes, k\u00ebtu drejt\u00ebsia dhe veprimi i tyre po vihet shum\u00eb n\u00eb pik\u00ebpyetje n\u00eb momentin q\u00eb opozita i ka mbyllur llogarit\u00eb me ta, nuk ka \u00e7far\u00eb llogarie jep opozita m\u00eb\u00a0 tek ta. I than\u00eb b\u00ebj protest\u00eb me tullumbace, e b\u00ebri. Opozita n\u00eb \u00e7far\u00ebdo lloj loje tanim\u00eb \u00ebsht\u00eb me duar n\u00eb xhepa, dhe i ka hequr t\u00eb gjitha m\u00ebkatet nga kurrizi pa pushtet, me akuza t\u00eb v\u00ebrtetuara. I ka akuzat e v\u00ebrtetuara se ata jan\u00eb kapur n\u00eb flagranc\u00eb. Nd\u00ebrkomb\u00ebtar\u00ebt deri dje nuk flisnin fare p\u00ebr akuzat e opozit\u00ebs, doli Palmer. Tani do t\u00eb kemi p\u00ebrgjegj\u00ebsit e vjedhjes s\u00eb votave, t\u00eb skandaleve q\u00eb as roja nuk ka ikur.\u00a0 Nuk mund t\u00eb rrij\u00eb shefi i fushat\u00ebs s\u00eb Vlor\u00ebs, ish-minist\u00ebr i kapur me presh n\u00eb dor\u00eb, edhe n\u00eb skandalin e tenderit t\u00eb unaz\u00ebs, edhe t\u00eb vjedhjes s\u00eb votave dhe shef elektoral i Vlor\u00ebs, n\u00eb Partin\u00eb Socialiste, \u00ebsht\u00eb an\u00ebtar\u00eb kryesie, po k\u00ebshtu edhe Dako.<\/p>\n<p><img data-recalc-dims=\"1\" loading=\"lazy\" decoding=\"async\" data-attachment-id=\"22816\" data-permalink=\"https:\/\/www.shqiperia.com\/blog\/opozita-nuk-ka-pse-jep-llogari-para-nderkombetareve\/arjon-sulo-2\/\" data-orig-file=\"https:\/\/i0.wp.com\/www.shqiperia.com\/blog\/wp-content\/uploads\/2019\/07\/arjon-sulo-1.jpg?fit=1048%2C588&amp;ssl=1\" data-orig-size=\"1048,588\" data-comments-opened=\"1\" data-image-meta=\"{&quot;aperture&quot;:&quot;0&quot;,&quot;credit&quot;:&quot;&quot;,&quot;camera&quot;:&quot;&quot;,&quot;caption&quot;:&quot;&quot;,&quot;created_timestamp&quot;:&quot;0&quot;,&quot;copyright&quot;:&quot;&quot;,&quot;focal_length&quot;:&quot;0&quot;,&quot;iso&quot;:&quot;0&quot;,&quot;shutter_speed&quot;:&quot;0&quot;,&quot;title&quot;:&quot;&quot;,&quot;orientation&quot;:&quot;0&quot;}\" data-image-title=\"arjon sulo\" data-image-description=\"\" data-image-caption=\"\" data-medium-file=\"https:\/\/i0.wp.com\/www.shqiperia.com\/blog\/wp-content\/uploads\/2019\/07\/arjon-sulo-1.jpg?fit=300%2C168&amp;ssl=1\" data-large-file=\"https:\/\/i0.wp.com\/www.shqiperia.com\/blog\/wp-content\/uploads\/2019\/07\/arjon-sulo-1.jpg?fit=1024%2C575&amp;ssl=1\" class=\"alignnone  wp-image-22816\" alt=\"\" src=\"https:\/\/i0.wp.com\/www.shqiperia.com\/blog\/wp-content\/uploads\/2019\/07\/arjon-sulo-1-300x168.jpg?resize=689%2C386\" width=\"689\" height=\"386\" srcset=\"https:\/\/i0.wp.com\/www.shqiperia.com\/blog\/wp-content\/uploads\/2019\/07\/arjon-sulo-1.jpg?resize=300%2C168&amp;ssl=1 300w, https:\/\/i0.wp.com\/www.shqiperia.com\/blog\/wp-content\/uploads\/2019\/07\/arjon-sulo-1.jpg?resize=768%2C431&amp;ssl=1 768w, https:\/\/i0.wp.com\/www.shqiperia.com\/blog\/wp-content\/uploads\/2019\/07\/arjon-sulo-1.jpg?resize=1024%2C575&amp;ssl=1 1024w, https:\/\/i0.wp.com\/www.shqiperia.com\/blog\/wp-content\/uploads\/2019\/07\/arjon-sulo-1.jpg?resize=450%2C252&amp;ssl=1 450w, https:\/\/i0.wp.com\/www.shqiperia.com\/blog\/wp-content\/uploads\/2019\/07\/arjon-sulo-1.jpg?resize=600%2C337&amp;ssl=1 600w, https:\/\/i0.wp.com\/www.shqiperia.com\/blog\/wp-content\/uploads\/2019\/07\/arjon-sulo-1.jpg?resize=400%2C224&amp;ssl=1 400w, https:\/\/i0.wp.com\/www.shqiperia.com\/blog\/wp-content\/uploads\/2019\/07\/arjon-sulo-1.jpg?w=1048&amp;ssl=1 1048w\" sizes=\"auto, (max-width: 689px) 100vw, 689px\" \/><\/p>\n<p>Nga: Gazeta Liberale<\/p>\n","protected":false},"excerpt":{"rendered":"<p>Opozita nuk ka pse jep llogari para nd\u00ebrkomb\u00ebtar\u00ebve. &#8211; I ftuar n\u00eb \u201cArena\u201d nga Dritan Hila, n\u00eb RTV ORA, Arion Sulo, ka th\u00ebn\u00eb se nd\u00ebrkomb\u00ebtar\u00ebt kan\u00eb planin e tyre p\u00ebr t\u00eb \u00e7uar para reform\u00ebn n\u00eb drejt\u00ebsi. Sulo tha se opozita nuk ka m\u00eb asnj\u00eb \u201cm\u00ebkat\u201d pasi ka d\u00ebgjuar \u00e7do gj\u00eb q\u00eb kan\u00eb th\u00ebn\u00eb nd\u00ebrkomb\u00ebtar\u00ebt. Sulo: [&hellip;]<\/p>\n","protected":false},"author":9,"featured_media":22815,"comment_status":"open","ping_status":"open","sticky":false,"template":"","format":"standard","meta":{"jetpack_post_was_ever_published":false,"_jetpack_newsletter_access":"","_jetpack_dont_email_post_to_subs":false,"_jetpack_newsletter_tier_id":0,"_jetpack_memberships_contains_paywalled_content":false,"_jetpack_memberships_contains_paid_content":false,"footnotes":"","jetpack_publicize_message":"","jetpack_publicize_feature_enabled":true,"jetpack_social_post_already_shared":true,"jetpack_social_options":{"image_generator_settings":{"template":"highway","default_image_id":0,"font":"","enabled":false},"version":2}},"categories":[27,2,35],"tags":[],"class_list":["post-22814","post","type-post","status-publish","format-standard","has-post-thumbnail","hentry","category-blogu-i-udhetarit","category-politika","category-shoqerore"],"jetpack_publicize_connections":[],"jetpack_featured_media_url":"https:\/\/i0.wp.com\/www.shqiperia.com\/blog\/wp-content\/uploads\/2019\/07\/arjon-sulo.jpg?fit=1048%2C588&ssl=1","jetpack_sharing_enabled":true,"jetpack_shortlink":"https:\/\/wp.me\/p5Z6wp-5VY","jetpack-related-posts":[{"id":31632,"url":"https:\/\/www.shqiperia.com\/blog\/juristi-e-thote-hapur-ky-eshte-gabimi-i-nderkombetareve-me-kryeministrin-rama\/","url_meta":{"origin":22814,"position":0},"title":"Juristi e thot\u00eb hapur: &#8211; Ky \u00ebsht\u00eb gabimi i nd\u00ebrkomb\u00ebtar\u00ebve me kryeministrin Rama","author":"Kurt Farka","date":"February 20, 2020","format":false,"excerpt":"Juristi e thot\u00eb hapur: - Ky \u00ebsht\u00eb gabimi i nd\u00ebrkomb\u00ebtar\u00ebve me kryeministrin Rama 20 SHKURT 2020 Juristi \u00c7lirim Gjata thot\u00eb se ka ardhur koha q\u00eb nd\u00ebrkomb\u00ebtar\u00ebt t\u00eb rishikojn\u00eb metodat e pun\u00ebs s\u00eb tyre. \u201cP\u00ebr nd\u00ebrkomb\u00ebtar\u00ebt n\u00eb Tiran\u00eb kam th\u00ebn\u00eb faktori burokratik q\u00eb vepron n\u00eb Tiran\u00eb, parimi i tyre \u00ebsht\u00eb q\u00eb\u2026","rel":"","context":"In &quot;Blogu i Udh\u00ebtarit&quot;","block_context":{"text":"Blogu i Udh\u00ebtarit","link":"https:\/\/www.shqiperia.com\/blog\/category\/blogu-i-udhetarit\/"},"img":{"alt_text":"","src":"https:\/\/i0.wp.com\/www.shqiperia.com\/blog\/wp-content\/uploads\/2020\/02\/800-0-5e4eee8c8b564.jpg?fit=800%2C450&ssl=1&resize=350%2C200","width":350,"height":200,"srcset":"https:\/\/i0.wp.com\/www.shqiperia.com\/blog\/wp-content\/uploads\/2020\/02\/800-0-5e4eee8c8b564.jpg?fit=800%2C450&ssl=1&resize=350%2C200 1x, https:\/\/i0.wp.com\/www.shqiperia.com\/blog\/wp-content\/uploads\/2020\/02\/800-0-5e4eee8c8b564.jpg?fit=800%2C450&ssl=1&resize=525%2C300 1.5x, https:\/\/i0.wp.com\/www.shqiperia.com\/blog\/wp-content\/uploads\/2020\/02\/800-0-5e4eee8c8b564.jpg?fit=800%2C450&ssl=1&resize=700%2C400 2x"},"classes":[]},{"id":30424,"url":"https:\/\/www.shqiperia.com\/blog\/kemi-ndryshim-kursi-ka-kontradiksion-fatos-lubonja-opozita-u-dorezua-ndaj-sistemit\/","url_meta":{"origin":22814,"position":1},"title":"\u201cKemi ndryshim kursi, ka kontradiksion\u201d- Fatos Lubonja: &#8211; Opozita u dor\u00ebzua ndaj sistemit.","author":"Kurt Farka","date":"January 17, 2020","format":false,"excerpt":"\u201cKemi ndryshim kursi, ka kontradiksion\u201d- Fatos Lubonja: - Opozita u dor\u00ebzua ndaj sistemit. 16 janar 2020 \u00a0Analisti Fatos Lubonja tha se opozita e bashkuar q\u00eb b\u00ebri marr\u00ebveshje me qeverin\u00eb p\u00ebr reform\u00ebn zgjedhore, ka disa kontradiksione n\u00eb retorik\u00ebn e saj. I ftuar n\u00eb emisionin \u201cReal Story\u201d n\u00eb \u201cNews 24\u201d, Lubonja u\u2026","rel":"","context":"In &quot;Blogu i Udh\u00ebtarit&quot;","block_context":{"text":"Blogu i Udh\u00ebtarit","link":"https:\/\/www.shqiperia.com\/blog\/category\/blogu-i-udhetarit\/"},"img":{"alt_text":"","src":"https:\/\/i0.wp.com\/www.shqiperia.com\/blog\/wp-content\/uploads\/2020\/01\/lubonja-ne-real-story-770x433-1.jpg?fit=770%2C433&ssl=1&resize=350%2C200","width":350,"height":200,"srcset":"https:\/\/i0.wp.com\/www.shqiperia.com\/blog\/wp-content\/uploads\/2020\/01\/lubonja-ne-real-story-770x433-1.jpg?fit=770%2C433&ssl=1&resize=350%2C200 1x, https:\/\/i0.wp.com\/www.shqiperia.com\/blog\/wp-content\/uploads\/2020\/01\/lubonja-ne-real-story-770x433-1.jpg?fit=770%2C433&ssl=1&resize=525%2C300 1.5x, https:\/\/i0.wp.com\/www.shqiperia.com\/blog\/wp-content\/uploads\/2020\/01\/lubonja-ne-real-story-770x433-1.jpg?fit=770%2C433&ssl=1&resize=700%2C400 2x"},"classes":[]},{"id":22819,"url":"https:\/\/www.shqiperia.com\/blog\/nderkombetaret-me-pyesin-per-spak-une-nuk-di-si-tu-pergjigjem\/","url_meta":{"origin":22814,"position":2},"title":"\u201cNd\u00ebrkomb\u00ebtar\u00ebt m\u00eb pyesin p\u00ebr SPAK, un\u00eb nuk di si t\u2019u p\u00ebrgjigjem\u201d. &#8211;","author":"Kurt Farka","date":"July 4, 2019","format":false,"excerpt":"\u201cNd\u00ebrkomb\u00ebtar\u00ebt m\u00eb pyesin p\u00ebr SPAK, un\u00eb nuk di si t\u2019u p\u00ebrgjigjem\u201d. - 3 Korrik \u00a02019 Kryetari i Kuvendit shfaqet i pak\u00ebnaqur me pun\u00ebn e deputet\u00ebve t\u00eb Partis\u00eb Socialist\u00eb. N\u00eb mbledhjen e konferenc\u00ebs s\u00eb kryetar\u00ebve t\u00eb dat\u00ebs 20 qershor, Gramoz Ru\u00e7i, k\u00ebrkoi llogari se pse pas 3 vitesh ende nuk jan\u00eb\u2026","rel":"","context":"In &quot;Blogu i Udh\u00ebtarit&quot;","block_context":{"text":"Blogu i Udh\u00ebtarit","link":"https:\/\/www.shqiperia.com\/blog\/category\/blogu-i-udhetarit\/"},"img":{"alt_text":"","src":"https:\/\/i0.wp.com\/www.shqiperia.com\/blog\/wp-content\/uploads\/2019\/07\/Gramoz-Ruci-.png?fit=905%2C450&ssl=1&resize=350%2C200","width":350,"height":200,"srcset":"https:\/\/i0.wp.com\/www.shqiperia.com\/blog\/wp-content\/uploads\/2019\/07\/Gramoz-Ruci-.png?fit=905%2C450&ssl=1&resize=350%2C200 1x, https:\/\/i0.wp.com\/www.shqiperia.com\/blog\/wp-content\/uploads\/2019\/07\/Gramoz-Ruci-.png?fit=905%2C450&ssl=1&resize=525%2C300 1.5x, https:\/\/i0.wp.com\/www.shqiperia.com\/blog\/wp-content\/uploads\/2019\/07\/Gramoz-Ruci-.png?fit=905%2C450&ssl=1&resize=700%2C400 2x"},"classes":[]},{"id":9736,"url":"https:\/\/www.shqiperia.com\/blog\/amerikanet-e-kane-braktisur-ramen-po-investohen-te-te-tjere-brenda-mazhorances\/","url_meta":{"origin":22814,"position":3},"title":"\u201cAmerikan\u00ebt e kan\u00eb braktisur Ram\u00ebn, po investohen te t\u00eb tjer\u00eb brenda mazhoranc\u00ebs\u201d. &#8211;","author":"Kurt Farka","date":"July 15, 2018","format":false,"excerpt":"\u201cAmerikan\u00ebt e kan\u00eb braktisur Ram\u00ebn, po investohen te t\u00eb tjer\u00eb brenda mazhoranc\u00ebs\u201d. - Korrik, 15, 2018 \u00a0\u201cRam\u00ebn tanim\u00eb nuk po e pranon m\u00eb politika amerikane n\u00eb funksion t\u00eb reform\u00ebs, por ajo ka gjetur pika t\u00eb tjera brenda mazhoranc\u00ebs n\u00eb t\u00eb cilat mbahet\u201d \u2013 thot\u00eb n\u00eb k\u00ebt\u00eb intervist\u00eb p\u00ebr DITA,\u00a0Spartak Ngjela.\u2026","rel":"","context":"In &quot;Njoftime Shtypi&quot;","block_context":{"text":"Njoftime Shtypi","link":"https:\/\/www.shqiperia.com\/blog\/category\/njoftime-shtypi\/"},"img":{"alt_text":"","src":"https:\/\/i0.wp.com\/www.shqiperia.com\/blog\/wp-content\/uploads\/2018\/07\/15036451-1139285072833513-3590268501774040647-n_1478787262-5802029.jpg?fit=831%2C483&ssl=1&resize=350%2C200","width":350,"height":200,"srcset":"https:\/\/i0.wp.com\/www.shqiperia.com\/blog\/wp-content\/uploads\/2018\/07\/15036451-1139285072833513-3590268501774040647-n_1478787262-5802029.jpg?fit=831%2C483&ssl=1&resize=350%2C200 1x, https:\/\/i0.wp.com\/www.shqiperia.com\/blog\/wp-content\/uploads\/2018\/07\/15036451-1139285072833513-3590268501774040647-n_1478787262-5802029.jpg?fit=831%2C483&ssl=1&resize=525%2C300 1.5x, https:\/\/i0.wp.com\/www.shqiperia.com\/blog\/wp-content\/uploads\/2018\/07\/15036451-1139285072833513-3590268501774040647-n_1478787262-5802029.jpg?fit=831%2C483&ssl=1&resize=700%2C400 2x"},"classes":[]},{"id":22859,"url":"https:\/\/www.shqiperia.com\/blog\/shperthen-analisti-e-kuptoni-ne-cfare-absurdi-jemi-ulsiu-qe-vodhi-votat-do-e-beje-reformen-ne-drejtesi\/","url_meta":{"origin":22814,"position":4},"title":"Shp\u00ebrthen analisti: &#8211; E kuptoni n\u00eb \u00e7far\u00eb absurdi jemi? Ulsiu q\u00eb vodhi votat do e b\u00ebj\u00eb reform\u00ebn n\u00eb drejt\u00ebsi?","author":"Kurt Farka","date":"July 7, 2019","format":false,"excerpt":"Shp\u00ebrthen analisti: - E kuptoni n\u00eb \u00e7far\u00eb absurdi jemi? Ulsiu q\u00eb vodhi votat do e b\u00ebj\u00eb reform\u00ebn n\u00eb drejt\u00ebsi? 6 Korrik, 2019 N\u00eb nj\u00eb lidhje direkte p\u00ebr Ora News, analisti Ilir Demalia u shpreh se, reforma n\u00eb drejt\u00ebsi ka rezultuar nj\u00eb d\u00ebshtim p\u00ebr Shqip\u00ebrin\u00eb dhe kjo \u00ebsht\u00eb pranuar n\u00ebn z\u00eb\u2026","rel":"","context":"In &quot;Blogu i Udh\u00ebtarit&quot;","block_context":{"text":"Blogu i Udh\u00ebtarit","link":"https:\/\/www.shqiperia.com\/blog\/category\/blogu-i-udhetarit\/"},"img":{"alt_text":"","src":"https:\/\/i0.wp.com\/www.shqiperia.com\/blog\/wp-content\/uploads\/2019\/07\/demalia-ulsi.jpg?fit=809%2C388&ssl=1&resize=350%2C200","width":350,"height":200,"srcset":"https:\/\/i0.wp.com\/www.shqiperia.com\/blog\/wp-content\/uploads\/2019\/07\/demalia-ulsi.jpg?fit=809%2C388&ssl=1&resize=350%2C200 1x, https:\/\/i0.wp.com\/www.shqiperia.com\/blog\/wp-content\/uploads\/2019\/07\/demalia-ulsi.jpg?fit=809%2C388&ssl=1&resize=525%2C300 1.5x, https:\/\/i0.wp.com\/www.shqiperia.com\/blog\/wp-content\/uploads\/2019\/07\/demalia-ulsi.jpg?fit=809%2C388&ssl=1&resize=700%2C400 2x"},"classes":[]},{"id":30801,"url":"https:\/\/www.shqiperia.com\/blog\/hetim-nderkombetar-per-reformen-ne-drejtesi\/","url_meta":{"origin":22814,"position":5},"title":"Hetim nd\u00ebrkomb\u00ebtar p\u00ebr reform\u00ebn n\u00eb drejt\u00ebsi","author":"Kurt Farka","date":"January 29, 2020","format":false,"excerpt":"Hetim nd\u00ebrkomb\u00ebtar p\u00ebr reform\u00ebn n\u00eb drejt\u00ebsi Sistemin e ri e kan\u00eb kapur kunet\u00ebrit e ministrave apo ish-ministrave t\u00eb PS-s\u00eb, mbesat apo kusherinjt\u00eb e drejtuesve t\u00eb Rilindjes si dhe miqt\u00eb e disa t\u00eb fort\u00ebve. 26\/01\/2020 Nga: Mili Xhani -Pse nd\u00ebrkomb\u00ebtar\u00ebt nuk pranuan t\u00eb aplikohet reforma n\u00eb drejt\u00ebsi n\u00eb Maqedonin\u00eb e Veriut\u2026","rel":"","context":"In &quot;Blogu i Udh\u00ebtarit&quot;","block_context":{"text":"Blogu i Udh\u00ebtarit","link":"https:\/\/www.shqiperia.com\/blog\/category\/blogu-i-udhetarit\/"},"img":{"alt_text":"","src":"https:\/\/i0.wp.com\/www.shqiperia.com\/blog\/wp-content\/uploads\/2020\/01\/er-750x375-1.jpg?fit=750%2C375&ssl=1&resize=350%2C200","width":350,"height":200,"srcset":"https:\/\/i0.wp.com\/www.shqiperia.com\/blog\/wp-content\/uploads\/2020\/01\/er-750x375-1.jpg?fit=750%2C375&ssl=1&resize=350%2C200 1x, https:\/\/i0.wp.com\/www.shqiperia.com\/blog\/wp-content\/uploads\/2020\/01\/er-750x375-1.jpg?fit=750%2C375&ssl=1&resize=525%2C300 1.5x, https:\/\/i0.wp.com\/www.shqiperia.com\/blog\/wp-content\/uploads\/2020\/01\/er-750x375-1.jpg?fit=750%2C375&ssl=1&resize=700%2C400 2x"},"classes":[]}],"_links":{"self":[{"href":"https:\/\/www.shqiperia.com\/blog\/wp-json\/wp\/v2\/posts\/22814","targetHints":{"allow":["GET"]}}],"collection":[{"href":"https:\/\/www.shqiperia.com\/blog\/wp-json\/wp\/v2\/posts"}],"about":[{"href":"https:\/\/www.shqiperia.com\/blog\/wp-json\/wp\/v2\/types\/post"}],"author":[{"embeddable":true,"href":"https:\/\/www.shqiperia.com\/blog\/wp-json\/wp\/v2\/users\/9"}],"replies":[{"embeddable":true,"href":"https:\/\/www.shqiperia.com\/blog\/wp-json\/wp\/v2\/comments?post=22814"}],"version-history":[{"count":1,"href":"https:\/\/www.shqiperia.com\/blog\/wp-json\/wp\/v2\/posts\/22814\/revisions"}],"predecessor-version":[{"id":22817,"href":"https:\/\/www.shqiperia.com\/blog\/wp-json\/wp\/v2\/posts\/22814\/revisions\/22817"}],"wp:featuredmedia":[{"embeddable":true,"href":"https:\/\/www.shqiperia.com\/blog\/wp-json\/wp\/v2\/media\/22815"}],"wp:attachment":[{"href":"https:\/\/www.shqiperia.com\/blog\/wp-json\/wp\/v2\/media?parent=22814"}],"wp:term":[{"taxonomy":"category","embeddable":true,"href":"https:\/\/www.shqiperia.com\/blog\/wp-json\/wp\/v2\/categories?post=22814"},{"taxonomy":"post_tag","embeddable":true,"href":"https:\/\/www.shqiperia.com\/blog\/wp-json\/wp\/v2\/tags?post=22814"}],"curies":[{"name":"wp","href":"https:\/\/api.w.org\/{rel}","templated":true}]}}