{"id":22809,"date":"2019-07-03T23:34:21","date_gmt":"2019-07-03T23:34:21","guid":{"rendered":"http:\/\/www.shqiperia.com\/blog\/?p=22809"},"modified":"2019-07-03T23:34:39","modified_gmt":"2019-07-03T23:34:39","slug":"shqiptaro-amerikani-soros-kontrollon-qeverite-e-beri-me-30-qershor","status":"publish","type":"post","link":"https:\/\/www.shqiperia.com\/blog\/shqiptaro-amerikani-soros-kontrollon-qeverite-e-beri-me-30-qershor\/","title":{"rendered":"Shqiptaro-amerikani: Soros kontrollon qeverit\u00eb e b\u00ebri me 30 qershor"},"content":{"rendered":"<p><img data-recalc-dims=\"1\" loading=\"lazy\" decoding=\"async\" data-attachment-id=\"22810\" data-permalink=\"https:\/\/www.shqiperia.com\/blog\/shqiptaro-amerikani-soros-kontrollon-qeverite-e-beri-me-30-qershor\/lumaj\/\" data-orig-file=\"https:\/\/i0.wp.com\/www.shqiperia.com\/blog\/wp-content\/uploads\/2019\/07\/lumaj.png?fit=1440%2C810&amp;ssl=1\" data-orig-size=\"1440,810\" data-comments-opened=\"1\" data-image-meta=\"{&quot;aperture&quot;:&quot;0&quot;,&quot;credit&quot;:&quot;&quot;,&quot;camera&quot;:&quot;&quot;,&quot;caption&quot;:&quot;&quot;,&quot;created_timestamp&quot;:&quot;0&quot;,&quot;copyright&quot;:&quot;&quot;,&quot;focal_length&quot;:&quot;0&quot;,&quot;iso&quot;:&quot;0&quot;,&quot;shutter_speed&quot;:&quot;0&quot;,&quot;title&quot;:&quot;&quot;,&quot;orientation&quot;:&quot;0&quot;}\" data-image-title=\"lumaj\" data-image-description=\"\" data-image-caption=\"\" data-medium-file=\"https:\/\/i0.wp.com\/www.shqiperia.com\/blog\/wp-content\/uploads\/2019\/07\/lumaj.png?fit=300%2C169&amp;ssl=1\" data-large-file=\"https:\/\/i0.wp.com\/www.shqiperia.com\/blog\/wp-content\/uploads\/2019\/07\/lumaj.png?fit=1024%2C576&amp;ssl=1\" class=\"alignnone wp-image-22810\" alt=\"\" src=\"https:\/\/i0.wp.com\/www.shqiperia.com\/blog\/wp-content\/uploads\/2019\/07\/lumaj-300x169.png?resize=401%2C226\" width=\"401\" height=\"226\" srcset=\"https:\/\/i0.wp.com\/www.shqiperia.com\/blog\/wp-content\/uploads\/2019\/07\/lumaj.png?resize=300%2C169&amp;ssl=1 300w, https:\/\/i0.wp.com\/www.shqiperia.com\/blog\/wp-content\/uploads\/2019\/07\/lumaj.png?resize=768%2C432&amp;ssl=1 768w, https:\/\/i0.wp.com\/www.shqiperia.com\/blog\/wp-content\/uploads\/2019\/07\/lumaj.png?resize=1024%2C576&amp;ssl=1 1024w, https:\/\/i0.wp.com\/www.shqiperia.com\/blog\/wp-content\/uploads\/2019\/07\/lumaj.png?resize=450%2C253&amp;ssl=1 450w, https:\/\/i0.wp.com\/www.shqiperia.com\/blog\/wp-content\/uploads\/2019\/07\/lumaj.png?resize=600%2C338&amp;ssl=1 600w, https:\/\/i0.wp.com\/www.shqiperia.com\/blog\/wp-content\/uploads\/2019\/07\/lumaj.png?resize=1300%2C731&amp;ssl=1 1300w, https:\/\/i0.wp.com\/www.shqiperia.com\/blog\/wp-content\/uploads\/2019\/07\/lumaj.png?resize=400%2C225&amp;ssl=1 400w, https:\/\/i0.wp.com\/www.shqiperia.com\/blog\/wp-content\/uploads\/2019\/07\/lumaj.png?w=1440&amp;ssl=1 1440w\" sizes=\"auto, (max-width: 401px) 100vw, 401px\" \/><\/p>\n<p><strong>Shqiptaro-amerikani: Soros kontrollon qeverit\u00eb e b\u00ebri me 30 qershor<\/strong><\/p>\n<p><strong>03\/07\/19<\/strong><\/p>\n<p>Shqiptaro-amerikani Peter Lumaj, i cili shp\u00ebtoi nga Shqip\u00ebria komuniste ka arritur t\u00eb t\u00ebrheq\u00eb v\u00ebmendjen gjat\u00eb nj\u00eb interviste t\u00eb dh\u00ebn\u00eb p\u00ebr Fox News.<\/p>\n<p>I ftuar n\u00eb \u2018Fox and Friends\u201d, nj\u00eb dit\u00eb pas deklaratave t\u00eb presidentit Ilir Meta n\u00eb Tiran\u00eb, Lumaj \u00ebsht\u00eb shprehur se manjati majtist, George Soros, k\u00ebrkon t\u00eb kontrolloj\u00eb dhe komandoj\u00eb qeverit\u00eb e vendeve ish socialiste n\u00eb Europ\u00eb, p\u00ebrmes milionave t\u00eb tij.<\/p>\n<p>Avokati i njohur nuk harron pa p\u00ebrmendur edhe votimet e 30 Qershorit duke deklaruar se pas tij fshihet pik\u00ebrisht Soros.<\/p>\n<p>\u201cJu keni George Soros. Shpenzon miliona dollar\u00eb n\u00eb Europ\u00ebn Lindore p\u00ebr t\u00eb kontrolluar qeverit\u00eb dhe individ\u00ebt. Sapo e b\u00ebri edhe n\u00eb Shqip\u00ebri m\u00eb 30 qershor\u201d, shprehet Lumaj.<\/p>\n<p>Gjat\u00eb k\u00ebsaj interviste, Lumaj \u00ebsht\u00eb ndalur edhe tek thelbi i SHBA-s\u00eb sot dhe \u00e7far\u00eb p\u00ebrfaq\u00ebson ajo p\u00ebr pjes\u00ebn tjet\u00ebr t\u00eb bot\u00ebs. Ai deklaroi se baza mbi t\u00eb cil\u00ebn Amerika \u00ebsht\u00eb ngritur, b\u00ebn q\u00eb ky vend t\u00eb ndryshoj\u00eb nga pjesa tjet\u00ebr e bot\u00ebs.<\/p>\n<p>Sipas tij, ajo \u00e7far\u00eb p\u00ebrb\u00ebn thelbin e Amerik\u00ebs \u00ebsht\u00eb liria, duke deklaruar se kjo \u00ebsht\u00eb baza m\u00eb themelore e k\u00ebtij vendi. Lumaj mendon se mbi k\u00ebt\u00eb baz\u00eb, pra thelbit t\u00eb liris\u00eb q\u00eb ka ky vend, \u00ebsht\u00eb zhvilluar nj\u00eb nga kombet m\u00eb t\u00eb m\u00ebdha n\u00eb bot\u00eb.<\/p>\n<p>M\u00eb tej, ai foli edhe p\u00ebr kalvarin e familjes s\u00eb tij, duke u ndalur ve\u00e7an\u00ebrisht tek historia e babait, i cili vidq n\u00eb kampet e regjimit n\u00eb m\u00ebnyr\u00eb q\u00eb bijt\u00eb e tij t\u00eb mund t\u00eb jetonin n\u00eb liri.<\/p>\n<p>Aktualisht Peter Lumaj \u00ebsht\u00eb nj\u00eb avokat i njohur, i \u00e7\u00ebshtjeve t\u00eb imigracionit. N\u00eb periudh\u00ebn parazgjedhore dhe gjat\u00eb votimit t\u00eb presidencialeve n\u00eb SHBA ai ka qen\u00eb nj\u00ebkoh\u00ebsisht, nj\u00eb mb\u00ebshtet\u00ebs i madh i Donald Trump.<\/p>\n<p>Emri i Peter Lumajt u b\u00eb i njohur jo vet\u00ebm n\u00eb rrethet politike n\u00eb SHBA n\u00eb Shkurt t\u00eb vitit 2012, kur ai si shqiptari i par\u00eb n\u00eb histori, i lindur n\u00eb vendin ton\u00eb kandidoi p\u00ebr senator i Shteteve t\u00eb Bashkuara. Avokati i \u00e7\u00ebshtjeve kriminale dhe t\u00eb emigracionit nga Fairfield-i ishte n\u00eb at\u00eb koh\u00eb, nj\u00eb prej pes\u00eb republikan\u00ebve q\u00eb k\u00ebrkonte t\u00eb p\u00ebrfaq\u00ebsonte k\u00ebt\u00eb parti n\u00eb zgjedhjet e p\u00ebrgjithshme t\u00eb N\u00ebntorit, p\u00ebr t\u00eb z\u00ebn\u00eb vendin e senatorit Joe Lieberman.<\/p>\n<p><img data-recalc-dims=\"1\" loading=\"lazy\" decoding=\"async\" data-attachment-id=\"22811\" data-permalink=\"https:\/\/www.shqiperia.com\/blog\/shqiptaro-amerikani-soros-kontrollon-qeverite-e-beri-me-30-qershor\/peter-lumaj\/\" data-orig-file=\"https:\/\/i0.wp.com\/www.shqiperia.com\/blog\/wp-content\/uploads\/2019\/07\/Peter-Lumaj.png?fit=1440%2C810&amp;ssl=1\" data-orig-size=\"1440,810\" data-comments-opened=\"1\" data-image-meta=\"{&quot;aperture&quot;:&quot;0&quot;,&quot;credit&quot;:&quot;&quot;,&quot;camera&quot;:&quot;&quot;,&quot;caption&quot;:&quot;&quot;,&quot;created_timestamp&quot;:&quot;0&quot;,&quot;copyright&quot;:&quot;&quot;,&quot;focal_length&quot;:&quot;0&quot;,&quot;iso&quot;:&quot;0&quot;,&quot;shutter_speed&quot;:&quot;0&quot;,&quot;title&quot;:&quot;&quot;,&quot;orientation&quot;:&quot;0&quot;}\" data-image-title=\"Peter Lumaj\" data-image-description=\"\" data-image-caption=\"\" data-medium-file=\"https:\/\/i0.wp.com\/www.shqiperia.com\/blog\/wp-content\/uploads\/2019\/07\/Peter-Lumaj.png?fit=300%2C169&amp;ssl=1\" data-large-file=\"https:\/\/i0.wp.com\/www.shqiperia.com\/blog\/wp-content\/uploads\/2019\/07\/Peter-Lumaj.png?fit=1024%2C576&amp;ssl=1\" class=\"alignnone wp-image-22811\" alt=\"\" src=\"https:\/\/i0.wp.com\/www.shqiperia.com\/blog\/wp-content\/uploads\/2019\/07\/Peter-Lumaj-300x169.png?resize=754%2C425\" width=\"754\" height=\"425\" srcset=\"https:\/\/i0.wp.com\/www.shqiperia.com\/blog\/wp-content\/uploads\/2019\/07\/Peter-Lumaj.png?resize=300%2C169&amp;ssl=1 300w, https:\/\/i0.wp.com\/www.shqiperia.com\/blog\/wp-content\/uploads\/2019\/07\/Peter-Lumaj.png?resize=768%2C432&amp;ssl=1 768w, https:\/\/i0.wp.com\/www.shqiperia.com\/blog\/wp-content\/uploads\/2019\/07\/Peter-Lumaj.png?resize=1024%2C576&amp;ssl=1 1024w, https:\/\/i0.wp.com\/www.shqiperia.com\/blog\/wp-content\/uploads\/2019\/07\/Peter-Lumaj.png?resize=450%2C253&amp;ssl=1 450w, https:\/\/i0.wp.com\/www.shqiperia.com\/blog\/wp-content\/uploads\/2019\/07\/Peter-Lumaj.png?resize=600%2C338&amp;ssl=1 600w, https:\/\/i0.wp.com\/www.shqiperia.com\/blog\/wp-content\/uploads\/2019\/07\/Peter-Lumaj.png?resize=1300%2C731&amp;ssl=1 1300w, https:\/\/i0.wp.com\/www.shqiperia.com\/blog\/wp-content\/uploads\/2019\/07\/Peter-Lumaj.png?resize=400%2C225&amp;ssl=1 400w, https:\/\/i0.wp.com\/www.shqiperia.com\/blog\/wp-content\/uploads\/2019\/07\/Peter-Lumaj.png?w=1440&amp;ssl=1 1440w\" sizes=\"auto, (max-width: 754px) 100vw, 754px\" \/><\/p>\n<p>Peter Lumaj, sot 50-vje\u00e7ar, i martuar dhe baba i tre f\u00ebmij\u00ebve, u arratis nga Shqip\u00ebria komuniste 29 vite m\u00eb par\u00eb n\u00eb vitin 1989, p\u00ebr t\u00eb mb\u00ebrritur n\u00eb SHBA.\/<\/p>\n<p>Gazeta Liberale<\/p>\n","protected":false},"excerpt":{"rendered":"<p>Shqiptaro-amerikani: Soros kontrollon qeverit\u00eb e b\u00ebri me 30 qershor 03\/07\/19 Shqiptaro-amerikani Peter Lumaj, i cili shp\u00ebtoi nga Shqip\u00ebria komuniste ka arritur t\u00eb t\u00ebrheq\u00eb v\u00ebmendjen gjat\u00eb nj\u00eb interviste t\u00eb dh\u00ebn\u00eb p\u00ebr Fox News. I ftuar n\u00eb \u2018Fox and Friends\u201d, nj\u00eb dit\u00eb pas deklaratave t\u00eb presidentit Ilir Meta n\u00eb Tiran\u00eb, Lumaj \u00ebsht\u00eb shprehur se manjati majtist, George [&hellip;]<\/p>\n","protected":false},"author":9,"featured_media":22810,"comment_status":"open","ping_status":"open","sticky":false,"template":"","format":"standard","meta":{"jetpack_post_was_ever_published":false,"_jetpack_newsletter_access":"","_jetpack_dont_email_post_to_subs":false,"_jetpack_newsletter_tier_id":0,"_jetpack_memberships_contains_paywalled_content":false,"_jetpack_memberships_contains_paid_content":false,"footnotes":"","jetpack_publicize_message":"","jetpack_publicize_feature_enabled":true,"jetpack_social_post_already_shared":true,"jetpack_social_options":{"image_generator_settings":{"template":"highway","default_image_id":0,"font":"","enabled":false},"version":2}},"categories":[27,85,2],"tags":[],"class_list":["post-22809","post","type-post","status-publish","format-standard","has-post-thumbnail","hentry","category-blogu-i-udhetarit","category-histori","category-politika"],"jetpack_publicize_connections":[],"jetpack_featured_media_url":"https:\/\/i0.wp.com\/www.shqiperia.com\/blog\/wp-content\/uploads\/2019\/07\/lumaj.png?fit=1440%2C810&ssl=1","jetpack_sharing_enabled":true,"jetpack_shortlink":"https:\/\/wp.me\/p5Z6wp-5VT","jetpack-related-posts":[{"id":22964,"url":"https:\/\/www.shqiperia.com\/blog\/kandidati-per-guvernator-ne-shba-peter-lumaj-shqiperia-humbi-sovranitetin-me-30-qershor-flet-edhe-per-sorosin\/","url_meta":{"origin":22809,"position":0},"title":"Kandidati p\u00ebr guvernator n\u00eb SHBA, Peter Lumaj: Shqip\u00ebria humbi sovranitetin m\u00eb 30 qershor. Flet edhe p\u00ebr Sorosin. &#8211;","author":"Kurt Farka","date":"July 9, 2019","format":false,"excerpt":"Kandidati p\u00ebr guvernator n\u00eb SHBA, Peter Lumaj: Shqip\u00ebria humbi sovranitetin m\u00eb 30 qershor. Flet edhe p\u00ebr Sorosin. - 8 korrik 2019 Peter Lumaj, shqiptaro-amerikani, kandidati republikan p\u00ebr guvernator dhe Sekretar t\u00eb Shtetit n\u00eb Konektikat i njohur n\u00eb rrethet e emigracionit shqiptar n\u00eb SHBA, vjen n\u00eb nj\u00eb rr\u00ebfim ekskluziv p\u00ebr jet\u00ebn\u2026","rel":"","context":"In &quot;Blogu i Udh\u00ebtarit&quot;","block_context":{"text":"Blogu i Udh\u00ebtarit","link":"https:\/\/www.shqiperia.com\/blog\/category\/blogu-i-udhetarit\/"},"img":{"alt_text":"","src":"https:\/\/i0.wp.com\/www.shqiperia.com\/blog\/wp-content\/uploads\/2019\/07\/peterlumaj.jpg?fit=884%2C472&ssl=1&resize=350%2C200","width":350,"height":200,"srcset":"https:\/\/i0.wp.com\/www.shqiperia.com\/blog\/wp-content\/uploads\/2019\/07\/peterlumaj.jpg?fit=884%2C472&ssl=1&resize=350%2C200 1x, https:\/\/i0.wp.com\/www.shqiperia.com\/blog\/wp-content\/uploads\/2019\/07\/peterlumaj.jpg?fit=884%2C472&ssl=1&resize=525%2C300 1.5x, https:\/\/i0.wp.com\/www.shqiperia.com\/blog\/wp-content\/uploads\/2019\/07\/peterlumaj.jpg?fit=884%2C472&ssl=1&resize=700%2C400 2x"},"classes":[]},{"id":90830,"url":"https:\/\/www.shqiperia.com\/blog\/e-nisi-si-marinar-i-thjeshte-nje-tirons-merr-komanden-e-luftanijes-amerikane-njihuni-me-albanin-qe-do-drejtoje-uss-pearl-harbor\/","url_meta":{"origin":22809,"position":1},"title":"E nisi si marinar i thjesht\u00eb, nj\u00eb \u2018tirons\u2019 merr komand\u00ebn e luftanijes amerikane! Njihuni me Albanin q\u00eb do drejtoj\u00eb USS Pearl Harbor","author":"Kurt Farka","date":"March 28, 2025","format":false,"excerpt":"28 Mars 2025 Ambasada e Shteteve t\u00eb Bashkuara n\u00eb Tiran\u00eb, ka njoftuar se Alban Dervishi, nj\u00eb shqiptaro-amerikan, do t\u00eb marr\u00eb komand\u00ebn e nj\u00eb luftanije amerikane. Sipas njoftimit t\u00eb Ambasad\u00ebs n\u00eb rrjetin social Facebook, Dervishi do marr\u00eb komand\u00ebn e luftanijes, USS Pearl Harbor n\u00eb qershor t\u00eb k\u00ebtij viti. \u00a0\u201cNj\u00eb \u2018Tirons\u2019 q\u00eb\u2026","rel":"","context":"In &quot;Blogu i Udh\u00ebtarit&quot;","block_context":{"text":"Blogu i Udh\u00ebtarit","link":"https:\/\/www.shqiperia.com\/blog\/category\/blogu-i-udhetarit\/"},"img":{"alt_text":"","src":"https:\/\/i0.wp.com\/www.shqiperia.com\/blog\/wp-content\/uploads\/2025\/03\/Screenshot_20250328_201229_Gallery-1536x1199-1.webp?fit=1200%2C937&ssl=1&resize=350%2C200","width":350,"height":200,"srcset":"https:\/\/i0.wp.com\/www.shqiperia.com\/blog\/wp-content\/uploads\/2025\/03\/Screenshot_20250328_201229_Gallery-1536x1199-1.webp?fit=1200%2C937&ssl=1&resize=350%2C200 1x, https:\/\/i0.wp.com\/www.shqiperia.com\/blog\/wp-content\/uploads\/2025\/03\/Screenshot_20250328_201229_Gallery-1536x1199-1.webp?fit=1200%2C937&ssl=1&resize=525%2C300 1.5x, https:\/\/i0.wp.com\/www.shqiperia.com\/blog\/wp-content\/uploads\/2025\/03\/Screenshot_20250328_201229_Gallery-1536x1199-1.webp?fit=1200%2C937&ssl=1&resize=700%2C400 2x, https:\/\/i0.wp.com\/www.shqiperia.com\/blog\/wp-content\/uploads\/2025\/03\/Screenshot_20250328_201229_Gallery-1536x1199-1.webp?fit=1200%2C937&ssl=1&resize=1050%2C600 3x"},"classes":[]},{"id":35925,"url":"https:\/\/www.shqiperia.com\/blog\/obama-financime-sorosit-per-te-uzurpuar-sistemin-politik-ne-shqiperi-gati-koalicioni-i-madh-rama-basha\/","url_meta":{"origin":22809,"position":2},"title":"Obama financime Sorosit p\u00ebr t\u00eb uzurpuar sistemin politik n\u00eb Shqip\u00ebri, gati koalicioni i madh Rama-Basha","author":"Kurt Farka","date":"June 22, 2020","format":false,"excerpt":"Obama financime Sorosit p\u00ebr t\u00eb uzurpuar sistemin politik n\u00eb Shqip\u00ebri, gati koalicioni i madh Rama-Basha 21 QERSHOR 2020 Sipas kreut t\u00eb \u00a0\u201cJudical Watch\u201d George Sorosi ka ndihmuar \u00a0n\u00eb Shqip\u00ebri forcimin e nj\u00eb qeverie n\u00ebn patronazhin e tij. P\u00ebr t\u00eb arritur q\u00ebllimin e tij \u00ebsht\u00eb mb\u00ebshtetur edhe nga\u00a0 presidenti Obama, i\u2026","rel":"","context":"In &quot;Blogu i Udh\u00ebtarit&quot;","block_context":{"text":"Blogu i Udh\u00ebtarit","link":"https:\/\/www.shqiperia.com\/blog\/category\/blogu-i-udhetarit\/"},"img":{"alt_text":"","src":"https:\/\/i0.wp.com\/www.shqiperia.com\/blog\/wp-content\/uploads\/2020\/06\/640-0-5eef91bd28fe7.jpg?fit=640%2C397&ssl=1&resize=350%2C200","width":350,"height":200,"srcset":"https:\/\/i0.wp.com\/www.shqiperia.com\/blog\/wp-content\/uploads\/2020\/06\/640-0-5eef91bd28fe7.jpg?fit=640%2C397&ssl=1&resize=350%2C200 1x, https:\/\/i0.wp.com\/www.shqiperia.com\/blog\/wp-content\/uploads\/2020\/06\/640-0-5eef91bd28fe7.jpg?fit=640%2C397&ssl=1&resize=525%2C300 1.5x"},"classes":[]},{"id":90588,"url":"https:\/\/www.shqiperia.com\/blog\/media-gjermane-berisha-u-godit-pa-prova\/","url_meta":{"origin":22809,"position":3},"title":"Media gjermane: &#8211; Berisha u godit pa prova","author":"Kurt Farka","date":"March 19, 2025","format":false,"excerpt":"19 Mars 2025 Jo vet\u00ebm mediat amerikane, por edhe ato gjermane, shkruajn\u00eb se k\u00ebto zgjedhje n\u00eb Shqip\u00ebri mund t\u00eb p\u00ebrcaktojn\u00eb n\u00ebse vendi do dal\u00eb nga diktati i miliarderit majtist, Soros. Media e djatht\u00eb gjermane \u2018Die Freie Welt\u2019 publikon nj\u00eb editorial nga bordi i tyre ku thekson se k\u00ebto zgjedhje jan\u00eb\u2026","rel":"","context":"In &quot;Blogu i Udh\u00ebtarit&quot;","block_context":{"text":"Blogu i Udh\u00ebtarit","link":"https:\/\/www.shqiperia.com\/blog\/category\/blogu-i-udhetarit\/"},"img":{"alt_text":"","src":"https:\/\/i0.wp.com\/www.shqiperia.com\/blog\/wp-content\/uploads\/2025\/03\/800-0-3bece3529097bb8a8b902515c4bc97dc.jpg?fit=800%2C415&ssl=1&resize=350%2C200","width":350,"height":200,"srcset":"https:\/\/i0.wp.com\/www.shqiperia.com\/blog\/wp-content\/uploads\/2025\/03\/800-0-3bece3529097bb8a8b902515c4bc97dc.jpg?fit=800%2C415&ssl=1&resize=350%2C200 1x, https:\/\/i0.wp.com\/www.shqiperia.com\/blog\/wp-content\/uploads\/2025\/03\/800-0-3bece3529097bb8a8b902515c4bc97dc.jpg?fit=800%2C415&ssl=1&resize=525%2C300 1.5x, https:\/\/i0.wp.com\/www.shqiperia.com\/blog\/wp-content\/uploads\/2025\/03\/800-0-3bece3529097bb8a8b902515c4bc97dc.jpg?fit=800%2C415&ssl=1&resize=700%2C400 2x"},"classes":[]},{"id":51365,"url":"https:\/\/www.shqiperia.com\/blog\/albin-kurti-publikon-foton-me-alex-soros-gjate-darkes-ne-paris\/","url_meta":{"origin":22809,"position":4},"title":"Albin Kurti publikon foton me Alex Soros gjat\u00eb dark\u00ebs n\u00eb Paris","author":"Kurt Farka","date":"November 14, 2021","format":false,"excerpt":"Albin Kurti publikon foton me Alex Soros gjat\u00eb dark\u00ebs n\u00eb Paris - 14.11.21 Djali i multimiliarderit dhe filantropit George Soros \u00ebsht\u00eb takuar n\u00eb Franc\u00eb me kryeministrin e Kosov\u00ebs Albin Kurti dhe bashk\u00ebshorten e tij. Ka qen\u00eb vet\u00eb Alex Soros q\u00eb ka publikuar nj\u00eb foto nga takimi ku ndodhen dhe dy\u2026","rel":"","context":"In &quot;Blogu i Udh\u00ebtarit&quot;","block_context":{"text":"Blogu i Udh\u00ebtarit","link":"https:\/\/www.shqiperia.com\/blog\/category\/blogu-i-udhetarit\/"},"img":{"alt_text":"","src":"https:\/\/i0.wp.com\/www.shqiperia.com\/blog\/wp-content\/uploads\/2021\/11\/Capture-8-764x433-1.png?fit=764%2C433&ssl=1&resize=350%2C200","width":350,"height":200,"srcset":"https:\/\/i0.wp.com\/www.shqiperia.com\/blog\/wp-content\/uploads\/2021\/11\/Capture-8-764x433-1.png?fit=764%2C433&ssl=1&resize=350%2C200 1x, https:\/\/i0.wp.com\/www.shqiperia.com\/blog\/wp-content\/uploads\/2021\/11\/Capture-8-764x433-1.png?fit=764%2C433&ssl=1&resize=525%2C300 1.5x, https:\/\/i0.wp.com\/www.shqiperia.com\/blog\/wp-content\/uploads\/2021\/11\/Capture-8-764x433-1.png?fit=764%2C433&ssl=1&resize=700%2C400 2x"},"classes":[]},{"id":91489,"url":"https:\/\/www.shqiperia.com\/blog\/gazeta-amerikane-fox-news-per-shqiperine-soros-kunder-trump\/","url_meta":{"origin":22809,"position":5},"title":"Gazeta Amerikane Fox News per Shqiperine: &#8211; Soros kund\u00ebr Trump\u201d! &#8211; Socialist\u00ebt \u201csh\u00ebnjestrojn\u00eb\u201d konservator\u00ebt n\u00eb zgjedhjet e ardhshme n\u00eb nj\u00eb vend europian","author":"Kurt Farka","date":"April 16, 2025","format":false,"excerpt":"16 Prill 2025 Nj\u00eb ish-ambasador i Shqip\u00ebris\u00eb n\u00eb SHBA thot\u00eb se zgjedhjet e ardhshme t\u00eb vendit do t\u00eb jen\u00eb m\u00eb shum\u00eb si nj\u00eb balotazh midis politikave t\u00eb Presidentit Trump dhe George dhe Alex Soros, pasi partit\u00eb opozitare e quanin sharje mbi korrupsionin nga socialist\u00ebt n\u00eb pushtet. \u201cShqip\u00ebria tani \u00ebsht\u00eb efektivisht\u2026","rel":"","context":"In &quot;Blogu i Udh\u00ebtarit&quot;","block_context":{"text":"Blogu i Udh\u00ebtarit","link":"https:\/\/www.shqiperia.com\/blog\/category\/blogu-i-udhetarit\/"},"img":{"alt_text":"","src":"https:\/\/i0.wp.com\/www.shqiperia.com\/blog\/wp-content\/uploads\/2025\/04\/proteste-trump.jpg?fit=703%2C401&ssl=1&resize=350%2C200","width":350,"height":200,"srcset":"https:\/\/i0.wp.com\/www.shqiperia.com\/blog\/wp-content\/uploads\/2025\/04\/proteste-trump.jpg?fit=703%2C401&ssl=1&resize=350%2C200 1x, https:\/\/i0.wp.com\/www.shqiperia.com\/blog\/wp-content\/uploads\/2025\/04\/proteste-trump.jpg?fit=703%2C401&ssl=1&resize=525%2C300 1.5x, https:\/\/i0.wp.com\/www.shqiperia.com\/blog\/wp-content\/uploads\/2025\/04\/proteste-trump.jpg?fit=703%2C401&ssl=1&resize=700%2C400 2x"},"classes":[]}],"_links":{"self":[{"href":"https:\/\/www.shqiperia.com\/blog\/wp-json\/wp\/v2\/posts\/22809","targetHints":{"allow":["GET"]}}],"collection":[{"href":"https:\/\/www.shqiperia.com\/blog\/wp-json\/wp\/v2\/posts"}],"about":[{"href":"https:\/\/www.shqiperia.com\/blog\/wp-json\/wp\/v2\/types\/post"}],"author":[{"embeddable":true,"href":"https:\/\/www.shqiperia.com\/blog\/wp-json\/wp\/v2\/users\/9"}],"replies":[{"embeddable":true,"href":"https:\/\/www.shqiperia.com\/blog\/wp-json\/wp\/v2\/comments?post=22809"}],"version-history":[{"count":1,"href":"https:\/\/www.shqiperia.com\/blog\/wp-json\/wp\/v2\/posts\/22809\/revisions"}],"predecessor-version":[{"id":22812,"href":"https:\/\/www.shqiperia.com\/blog\/wp-json\/wp\/v2\/posts\/22809\/revisions\/22812"}],"wp:featuredmedia":[{"embeddable":true,"href":"https:\/\/www.shqiperia.com\/blog\/wp-json\/wp\/v2\/media\/22810"}],"wp:attachment":[{"href":"https:\/\/www.shqiperia.com\/blog\/wp-json\/wp\/v2\/media?parent=22809"}],"wp:term":[{"taxonomy":"category","embeddable":true,"href":"https:\/\/www.shqiperia.com\/blog\/wp-json\/wp\/v2\/categories?post=22809"},{"taxonomy":"post_tag","embeddable":true,"href":"https:\/\/www.shqiperia.com\/blog\/wp-json\/wp\/v2\/tags?post=22809"}],"curies":[{"name":"wp","href":"https:\/\/api.w.org\/{rel}","templated":true}]}}