{"id":22806,"date":"2019-07-03T23:09:08","date_gmt":"2019-07-03T23:09:08","guid":{"rendered":"http:\/\/www.shqiperia.com\/blog\/?p=22806"},"modified":"2019-07-03T23:09:08","modified_gmt":"2019-07-03T23:09:08","slug":"zbuloi-nje-takim-sekret-te-blendi-klosit-rama-e-masakron-ne-mbledhjen-e-ps","status":"publish","type":"post","link":"https:\/\/www.shqiperia.com\/blog\/zbuloi-nje-takim-sekret-te-blendi-klosit-rama-e-masakron-ne-mbledhjen-e-ps\/","title":{"rendered":"Zbuloi nj\u00eb takim sekret t\u00eb Blendi Klosit, Rama e masakron n\u00eb mbledhjen e PS. &#8211;"},"content":{"rendered":"<p><img data-recalc-dims=\"1\" loading=\"lazy\" decoding=\"async\" data-attachment-id=\"22807\" data-permalink=\"https:\/\/www.shqiperia.com\/blog\/zbuloi-nje-takim-sekret-te-blendi-klosit-rama-e-masakron-ne-mbledhjen-e-ps\/edi-rama-benzi2-1\/\" data-orig-file=\"https:\/\/i0.wp.com\/www.shqiperia.com\/blog\/wp-content\/uploads\/2019\/07\/edi-rama-benzi2-1.jpg?fit=1021%2C561&amp;ssl=1\" data-orig-size=\"1021,561\" data-comments-opened=\"1\" data-image-meta=\"{&quot;aperture&quot;:&quot;4.5&quot;,&quot;credit&quot;:&quot;MALTON DIBRA&quot;,&quot;camera&quot;:&quot;Canon EOS REBEL T3&quot;,&quot;caption&quot;:&quot;Kryeministri Edi Rama dhe Ministri i Mireqenies Sociale dhe Rinise, Blendi Klosi, duke hyre ne nje mbledhje te grupit parlamentar te Partise Socialiste, ku eshte debatuar ne lidhje me incidentin ne Elbasan me deputetin Ben Blushi.\\\/r\\\/n\\\/r\\\/nPrime Minister Edi Rama and Minister of Youth and Social Welfare Blendi Klosi, during a meeting of the parliamentary group of Socialist Party.&quot;,&quot;created_timestamp&quot;:&quot;1457359853&quot;,&quot;copyright&quot;:&quot;copyright 2016. All rights reserved Light Studio Agency LSA. Read Terms and Conditions at lsaphoto.com&quot;,&quot;focal_length&quot;:&quot;50&quot;,&quot;iso&quot;:&quot;800&quot;,&quot;shutter_speed&quot;:&quot;0.00625&quot;,&quot;title&quot;:&quot;&quot;,&quot;orientation&quot;:&quot;1&quot;}\" data-image-title=\"edi-rama-benzi2-1\" data-image-description=\"\" data-image-caption=\"&lt;p&gt;Kryeministri Edi Rama dhe Ministri i Mireqenies Sociale dhe Rinise, Blendi Klosi, duke hyre ne nje mbledhje te grupit parlamentar te Partise Socialiste, ku eshte debatuar ne lidhje me incidentin ne Elbasan me deputetin Ben Blushi.\/r\/n\/r\/nPrime Minister Edi Rama and Minister of Youth and Social Welfare Blendi Klosi, during a meeting of the parliamentary group of Socialist Party.&lt;\/p&gt;\n\" data-medium-file=\"https:\/\/i0.wp.com\/www.shqiperia.com\/blog\/wp-content\/uploads\/2019\/07\/edi-rama-benzi2-1.jpg?fit=300%2C165&amp;ssl=1\" data-large-file=\"https:\/\/i0.wp.com\/www.shqiperia.com\/blog\/wp-content\/uploads\/2019\/07\/edi-rama-benzi2-1.jpg?fit=1021%2C561&amp;ssl=1\" class=\" wp-image-22807\" alt=\"\" src=\"https:\/\/i0.wp.com\/www.shqiperia.com\/blog\/wp-content\/uploads\/2019\/07\/edi-rama-benzi2-1-300x165.jpg?resize=456%2C251\" width=\"456\" height=\"251\" srcset=\"https:\/\/i0.wp.com\/www.shqiperia.com\/blog\/wp-content\/uploads\/2019\/07\/edi-rama-benzi2-1.jpg?resize=300%2C165&amp;ssl=1 300w, https:\/\/i0.wp.com\/www.shqiperia.com\/blog\/wp-content\/uploads\/2019\/07\/edi-rama-benzi2-1.jpg?resize=768%2C422&amp;ssl=1 768w, https:\/\/i0.wp.com\/www.shqiperia.com\/blog\/wp-content\/uploads\/2019\/07\/edi-rama-benzi2-1.jpg?resize=450%2C247&amp;ssl=1 450w, https:\/\/i0.wp.com\/www.shqiperia.com\/blog\/wp-content\/uploads\/2019\/07\/edi-rama-benzi2-1.jpg?resize=600%2C330&amp;ssl=1 600w, https:\/\/i0.wp.com\/www.shqiperia.com\/blog\/wp-content\/uploads\/2019\/07\/edi-rama-benzi2-1.jpg?resize=400%2C220&amp;ssl=1 400w, https:\/\/i0.wp.com\/www.shqiperia.com\/blog\/wp-content\/uploads\/2019\/07\/edi-rama-benzi2-1.jpg?w=1021&amp;ssl=1 1021w\" sizes=\"auto, (max-width: 456px) 100vw, 456px\" \/><\/p>\n<p>3 Korrik 2019<br \/>\nNga: Gazeta Shqip.<br \/>\nNj\u00eb skenar q\u00eb po qarkullonte prej disa dit\u00ebsh pran\u00eb gazetar\u00ebsh dhe pronar\u00ebsh t\u00eb mediave, i v\u00ebn\u00eb n\u00eb n\u00eb zbatim nga njer\u00ebzit e Erion Veliajt dhe k\u00ebshilltari mediatik i kryeministrit, \u00ebsht\u00eb b\u00ebr\u00eb sot publik nga vet\u00eb Edi Rama, n\u00eb mbledhjen e mbyllur t\u00eb kryesis\u00eb s\u00eb PS.<br \/>\nTarget i tij ka qen\u00eb ministri i turizmit Blendi Klosi. Rama e ka b\u00ebr\u00eb an\u00ebtarin e tij t\u00eb kabinetit p\u00ebr uj\u00eb t\u00eb ftoht\u00eb duke i treguar foto dhe video, ku Klosi \u00ebsht\u00eb kapur nga policia politike e rilindjes, n\u00eb flagranc\u00eb, duke pir\u00eb kafe me Fahri Balliun. \u201cEdhe njeriu m\u00eb i p\u00ebrulur nuk do t\u00eb kishte dashur t\u00eb ishte n\u00eb vendin e Klosit sot\u201d i tha Lapsi.al, nj\u00eb burim nga mbledhja.<br \/>\nKreu i PS qe sa m\u00eb shum\u00eb koh\u00eb kalon, aq m\u00eb tep\u00ebr e bunkerizon PS, i ka k\u00ebrkuar llogari Blendi Klosit, se p\u00ebrse ai flirton me armiqt\u00eb e Partis\u00eb dhe me njer\u00ebzit q\u00eb duan d\u00ebbimin e tij.<\/p>\n<p>Natyrisht Rama e ka shfryt\u00ebzuar videon dhe fotot e kafes me Fahri Balliun p\u00ebr t\u00eb dh\u00ebn\u00eb mesazhe se t\u00eb gjitha linjat e komunikimit t\u00eb qeveris\u00eb me njer\u00ebzit e Met\u00ebs dhe t\u00eb Berish\u00ebs tashm\u00eb jan\u00eb prer\u00eb.<br \/>\nPor, nj\u00eb an\u00ebtar i kryesis\u00eb, q\u00eb \u00ebsht\u00eb n\u00eb forumet e PS q\u00eb n\u00eb dit\u00ebt e para, e komentoi k\u00ebt\u00eb ngjarje p\u00ebr Lapsi.al si nj\u00eb revansh t\u00eb sektit t\u00eb rilindjes p\u00ebr t\u00eb goditur k\u00ebdo q\u00eb i p\u00ebrket PS-s\u00eb s\u00eb vjet\u00ebr.<br \/>\nNdon\u00ebse ky version \u00ebsht\u00eb pak i besuesh\u00ebm, pasi Klosi ka qen\u00eb gjithnj\u00eb nj\u00eb besnik i kryetarit, versioni m\u00eb i mundsh\u00ebm i k\u00ebsaj goditjeje t\u00eb ashp\u00ebr ndofta lidhet me luft\u00ebn e klaneve brenda selis\u00eb mavi.<br \/>\nDuke e ditur se kur b\u00ebri ndryshimet e fundit n\u00eb qeveri, Rama i la Blendi Klosit, Ogerta Manastirliut dhe Etilda Gjonit edhe gjasht\u00eb muaj koh\u00eb prov\u00eb, kjo mund t\u00eb interprtohet si nj\u00eb goditje pas shpine, n\u00eb skadim t\u00eb k\u00ebtij afati, prej atyre q\u00eb duan t\u00eb v\u00ebn\u00eb njer\u00ebzit e tyre n\u00eb Ministrin e Turizmit.<br \/>\nDhe fakti se klani i Veliajt, q\u00eb \u00ebsht\u00eb p\u00ebrpjekur ta infiltroj\u00eb vidion edhe n\u00eb media, mund ta ket\u00eb \u00e7uar k\u00ebt\u00eb spiunim t\u00eb polisic\u00eb politike deri tek Rama. Dhe pastaj lideri q\u00eb \u201cmbret\u00ebron\u201d mbi grupet e ka p\u00ebrdorur at\u00eb p\u00ebr t\u00eb dh\u00ebn\u00eb sinjalin se urat me tipa si Fahri Balliu, mesazher\u00eb t\u00eb Met\u00ebs dhe Berish\u00ebs, jan\u00eb prer\u00eb nj\u00ebher\u00eb e mir\u00eb.<\/p>\n<p><img data-recalc-dims=\"1\" loading=\"lazy\" decoding=\"async\" data-attachment-id=\"22807\" data-permalink=\"https:\/\/www.shqiperia.com\/blog\/zbuloi-nje-takim-sekret-te-blendi-klosit-rama-e-masakron-ne-mbledhjen-e-ps\/edi-rama-benzi2-1\/\" data-orig-file=\"https:\/\/i0.wp.com\/www.shqiperia.com\/blog\/wp-content\/uploads\/2019\/07\/edi-rama-benzi2-1.jpg?fit=1021%2C561&amp;ssl=1\" data-orig-size=\"1021,561\" data-comments-opened=\"1\" data-image-meta=\"{&quot;aperture&quot;:&quot;4.5&quot;,&quot;credit&quot;:&quot;MALTON DIBRA&quot;,&quot;camera&quot;:&quot;Canon EOS REBEL T3&quot;,&quot;caption&quot;:&quot;Kryeministri Edi Rama dhe Ministri i Mireqenies Sociale dhe Rinise, Blendi Klosi, duke hyre ne nje mbledhje te grupit parlamentar te Partise Socialiste, ku eshte debatuar ne lidhje me incidentin ne Elbasan me deputetin Ben Blushi.\\\/r\\\/n\\\/r\\\/nPrime Minister Edi Rama and Minister of Youth and Social Welfare Blendi Klosi, during a meeting of the parliamentary group of Socialist Party.&quot;,&quot;created_timestamp&quot;:&quot;1457359853&quot;,&quot;copyright&quot;:&quot;copyright 2016. All rights reserved Light Studio Agency LSA. Read Terms and Conditions at lsaphoto.com&quot;,&quot;focal_length&quot;:&quot;50&quot;,&quot;iso&quot;:&quot;800&quot;,&quot;shutter_speed&quot;:&quot;0.00625&quot;,&quot;title&quot;:&quot;&quot;,&quot;orientation&quot;:&quot;1&quot;}\" data-image-title=\"edi-rama-benzi2-1\" data-image-description=\"\" data-image-caption=\"&lt;p&gt;Kryeministri Edi Rama dhe Ministri i Mireqenies Sociale dhe Rinise, Blendi Klosi, duke hyre ne nje mbledhje te grupit parlamentar te Partise Socialiste, ku eshte debatuar ne lidhje me incidentin ne Elbasan me deputetin Ben Blushi.\/r\/n\/r\/nPrime Minister Edi Rama and Minister of Youth and Social Welfare Blendi Klosi, during a meeting of the parliamentary group of Socialist Party.&lt;\/p&gt;\n\" data-medium-file=\"https:\/\/i0.wp.com\/www.shqiperia.com\/blog\/wp-content\/uploads\/2019\/07\/edi-rama-benzi2-1.jpg?fit=300%2C165&amp;ssl=1\" data-large-file=\"https:\/\/i0.wp.com\/www.shqiperia.com\/blog\/wp-content\/uploads\/2019\/07\/edi-rama-benzi2-1.jpg?fit=1021%2C561&amp;ssl=1\" class=\" wp-image-22807\" alt=\"\" src=\"https:\/\/i0.wp.com\/www.shqiperia.com\/blog\/wp-content\/uploads\/2019\/07\/edi-rama-benzi2-1-300x165.jpg?resize=751%2C413\" width=\"751\" height=\"413\" srcset=\"https:\/\/i0.wp.com\/www.shqiperia.com\/blog\/wp-content\/uploads\/2019\/07\/edi-rama-benzi2-1.jpg?resize=300%2C165&amp;ssl=1 300w, https:\/\/i0.wp.com\/www.shqiperia.com\/blog\/wp-content\/uploads\/2019\/07\/edi-rama-benzi2-1.jpg?resize=768%2C422&amp;ssl=1 768w, https:\/\/i0.wp.com\/www.shqiperia.com\/blog\/wp-content\/uploads\/2019\/07\/edi-rama-benzi2-1.jpg?resize=450%2C247&amp;ssl=1 450w, https:\/\/i0.wp.com\/www.shqiperia.com\/blog\/wp-content\/uploads\/2019\/07\/edi-rama-benzi2-1.jpg?resize=600%2C330&amp;ssl=1 600w, https:\/\/i0.wp.com\/www.shqiperia.com\/blog\/wp-content\/uploads\/2019\/07\/edi-rama-benzi2-1.jpg?resize=400%2C220&amp;ssl=1 400w, https:\/\/i0.wp.com\/www.shqiperia.com\/blog\/wp-content\/uploads\/2019\/07\/edi-rama-benzi2-1.jpg?w=1021&amp;ssl=1 1021w\" sizes=\"auto, (max-width: 751px) 100vw, 751px\" \/><\/p>\n<p>Dhe i gjith\u00eb rebeshi ka r\u00ebn\u00eb mbi Blend Klosin e ngrat\u00eb, n\u00eb vend t\u00eb t\u00eb cilit, asnj\u00eb socialist nuk do kishte dashur t\u00eb ishte sot.<\/p>\n","protected":false},"excerpt":{"rendered":"<p>3 Korrik 2019 Nga: Gazeta Shqip. Nj\u00eb skenar q\u00eb po qarkullonte prej disa dit\u00ebsh pran\u00eb gazetar\u00ebsh dhe pronar\u00ebsh t\u00eb mediave, i v\u00ebn\u00eb n\u00eb n\u00eb zbatim nga njer\u00ebzit e Erion Veliajt dhe k\u00ebshilltari mediatik i kryeministrit, \u00ebsht\u00eb b\u00ebr\u00eb sot publik nga vet\u00eb Edi Rama, n\u00eb mbledhjen e mbyllur t\u00eb kryesis\u00eb s\u00eb PS. Target i tij ka [&hellip;]<\/p>\n","protected":false},"author":9,"featured_media":22807,"comment_status":"open","ping_status":"open","sticky":false,"template":"","format":"standard","meta":{"jetpack_post_was_ever_published":false,"_jetpack_newsletter_access":"","_jetpack_dont_email_post_to_subs":false,"_jetpack_newsletter_tier_id":0,"_jetpack_memberships_contains_paywalled_content":false,"_jetpack_memberships_contains_paid_content":false,"footnotes":"","jetpack_publicize_message":"","jetpack_publicize_feature_enabled":true,"jetpack_social_post_already_shared":true,"jetpack_social_options":{"image_generator_settings":{"template":"highway","default_image_id":0,"font":"","enabled":false},"version":2}},"categories":[1,14],"tags":[],"class_list":["post-22806","post","type-post","status-publish","format-standard","has-post-thumbnail","hentry","category-njoftime-shtypi","category-press-releases"],"jetpack_publicize_connections":[],"jetpack_featured_media_url":"https:\/\/i0.wp.com\/www.shqiperia.com\/blog\/wp-content\/uploads\/2019\/07\/edi-rama-benzi2-1.jpg?fit=1021%2C561&ssl=1","jetpack_sharing_enabled":true,"jetpack_shortlink":"https:\/\/wp.me\/p5Z6wp-5VQ","jetpack-related-posts":[{"id":90256,"url":"https:\/\/www.shqiperia.com\/blog\/nen-hetim-nga-spak-per-4-vepra-te-renda-penale-si-po-tenton-belinda-balluku-te-fuse-ushtarin-e-saj-ceno-klosin-ne-listat-e-sigurta-te-ps-socialistet-me-kontribute-lihen-jashte\/","url_meta":{"origin":22806,"position":0},"title":"N\u00ebn hetim nga SPAK p\u00ebr 4 vepra t\u00eb r\u00ebnda penale, si po tenton Belinda Balluku t\u00eb fus\u00eb \u2018ushtarin\u2019 e saj, Ceno Klosin n\u00eb listat e sigurta t\u00eb PS! Socialist\u00ebt me kontribute lihen jasht\u00eb","author":"Kurt Farka","date":"March 10, 2025","format":false,"excerpt":"10 Mars 2025 \u201cEthet elektorale\u201d kan\u00eb p\u00ebrfshir\u00eb partit\u00eb politike, t\u00eb cil\u00ebt brenda t\u00eb m\u00ebrkur\u00ebs duhet t\u00eb paraqesin n\u00eb KQZ, listat e kandidat\u00ebve p\u00ebr deputet\u00eb. N\u00eb kampin e socialist\u00ebve, Edi Rama ka paralajm\u00ebruar t\u00eb sjell\u00eb nj\u00eb uragan, duke integruar t\u00eb rinj n\u00eb listat e mbyllura dhe duke l\u00ebn\u00eb deputet\u00ebt me eksperienc\u00eb,\u2026","rel":"","context":"In &quot;Njoftime Shtypi&quot;","block_context":{"text":"Njoftime Shtypi","link":"https:\/\/www.shqiperia.com\/blog\/category\/njoftime-shtypi\/"},"img":{"alt_text":"","src":"https:\/\/i0.wp.com\/www.shqiperia.com\/blog\/wp-content\/uploads\/2025\/03\/Balluku-Ceno-Klosi-SPAK.jpg?fit=868%2C552&ssl=1&resize=350%2C200","width":350,"height":200,"srcset":"https:\/\/i0.wp.com\/www.shqiperia.com\/blog\/wp-content\/uploads\/2025\/03\/Balluku-Ceno-Klosi-SPAK.jpg?fit=868%2C552&ssl=1&resize=350%2C200 1x, https:\/\/i0.wp.com\/www.shqiperia.com\/blog\/wp-content\/uploads\/2025\/03\/Balluku-Ceno-Klosi-SPAK.jpg?fit=868%2C552&ssl=1&resize=525%2C300 1.5x, https:\/\/i0.wp.com\/www.shqiperia.com\/blog\/wp-content\/uploads\/2025\/03\/Balluku-Ceno-Klosi-SPAK.jpg?fit=868%2C552&ssl=1&resize=700%2C400 2x"},"classes":[]},{"id":67490,"url":"https:\/\/www.shqiperia.com\/blog\/klosi-drejt-rrefimit-dhe-hapjes-se-kutise-se-pandoras-i-kerkohen-emrat-e-pronareve-te-cantave-me-mijera-euro-arben-ahmetaj-ne-loje\/","url_meta":{"origin":22806,"position":1},"title":"Klosi drejt rr\u00ebfimit dhe hapjes s\u00eb &#8216;Kutis\u00eb s\u00eb Pandoras&#8217; &#8211; I k\u00ebrkohen emrat e pronar\u00ebve t\u00eb \u201c\u00e7antave&#8221; me mij\u00ebra euro. &#8211; Arben Ahmetaj n\u00eb loj\u00eb","author":"Kurt Farka","date":"February 6, 2023","format":false,"excerpt":"6 Shkurt 2023 Teksa jan\u00eb mbushur 48 or\u00eb nga ndalimi Alda Klosit, ish-drejtoresh\u00ebs s\u00eb Ministris\u00eb s\u00eb Financave dhe Rind\u00ebrtimit, i \u00ebsht\u00eb hedhur n\u00eb tavolin\u00eb oferta e prokuroris\u00eb p\u00ebr t\u00eb folur dhe bashk\u00ebpunuar me Drejt\u00ebsin\u00eb. Gazetari Elton Qyno ka zbardhur disa detaje p\u00ebr fatin e Alda Klosit, ku ka m\u00ebsuar se\u2026","rel":"","context":"In &quot;Blogu i Udh\u00ebtarit&quot;","block_context":{"text":"Blogu i Udh\u00ebtarit","link":"https:\/\/www.shqiperia.com\/blog\/category\/blogu-i-udhetarit\/"},"img":{"alt_text":"","src":"https:\/\/i0.wp.com\/www.shqiperia.com\/blog\/wp-content\/uploads\/2023\/02\/640-0-ald-1673297025.jpeg?fit=640%2C336&ssl=1&resize=350%2C200","width":350,"height":200,"srcset":"https:\/\/i0.wp.com\/www.shqiperia.com\/blog\/wp-content\/uploads\/2023\/02\/640-0-ald-1673297025.jpeg?fit=640%2C336&ssl=1&resize=350%2C200 1x, https:\/\/i0.wp.com\/www.shqiperia.com\/blog\/wp-content\/uploads\/2023\/02\/640-0-ald-1673297025.jpeg?fit=640%2C336&ssl=1&resize=525%2C300 1.5x"},"classes":[]},{"id":75503,"url":"https:\/\/www.shqiperia.com\/blog\/shperdorimi-i-detyres-eshte-vepra-me-e-perdorur-nga-drejtesia-kunder-pushtetareve-mundet-te-hiqet-nga-kodi-i-ri-penal-blendi-klosi-nuk-e-mohoi\/","url_meta":{"origin":22806,"position":2},"title":"\u201cShp\u00ebrdorimi i detyr\u00ebs\u201d \u00ebsht\u00eb vepra m\u00eb e p\u00ebrdorur nga drejt\u00ebsia kund\u00ebr pushtetar\u00ebve, mundet te hiqet nga Kodi i ri Penal. Blendi Klosi, nuk e mohoi","author":"Kurt Farka","date":"November 11, 2023","format":false,"excerpt":"11 Nentor 2023 Statistikat zyrtare tregojn\u00eb se vepra penale \u201cShp\u00ebrdorimi i detyr\u00ebs\u201d \u00ebsht\u00eb vepra m\u00eb e p\u00ebrdorur nga drejt\u00ebsia kund\u00ebr pushtetar\u00ebve. Por s\u00eb fundmi jan\u00eb shtuar z\u00ebrat se kjo vep\u00ebr penale do t\u00eb hiqet nga Kodi Penal.\u00a0 K\u00ebta z\u00ebra nuk i mohoi as Sekretari i P\u00ebrgjithsh\u00ebm i LS, Blendi Klosi,\u2026","rel":"","context":"In &quot;Blogu i Udh\u00ebtarit&quot;","block_context":{"text":"Blogu i Udh\u00ebtarit","link":"https:\/\/www.shqiperia.com\/blog\/category\/blogu-i-udhetarit\/"},"img":{"alt_text":"","src":"https:\/\/i0.wp.com\/www.shqiperia.com\/blog\/wp-content\/uploads\/2023\/11\/800-0-654f20042b724.jpg?fit=800%2C532&ssl=1&resize=350%2C200","width":350,"height":200,"srcset":"https:\/\/i0.wp.com\/www.shqiperia.com\/blog\/wp-content\/uploads\/2023\/11\/800-0-654f20042b724.jpg?fit=800%2C532&ssl=1&resize=350%2C200 1x, https:\/\/i0.wp.com\/www.shqiperia.com\/blog\/wp-content\/uploads\/2023\/11\/800-0-654f20042b724.jpg?fit=800%2C532&ssl=1&resize=525%2C300 1.5x, https:\/\/i0.wp.com\/www.shqiperia.com\/blog\/wp-content\/uploads\/2023\/11\/800-0-654f20042b724.jpg?fit=800%2C532&ssl=1&resize=700%2C400 2x"},"classes":[]},{"id":78207,"url":"https:\/\/www.shqiperia.com\/blog\/blendi-klosi-zbardh-detaje-nga-vizita-e-sekretarit-te-shtetit-amerikan-ja-pse-do-takohet-me-kreun-e-spak\/","url_meta":{"origin":22806,"position":3},"title":"Blendi Klosi zbardh detaje nga vizita e sekretarit t\u00eb shtetit amerikan: &#8211; Ja pse do takohet me kreun e SPAK","author":"Kurt Farka","date":"February 12, 2024","format":false,"excerpt":"12 Shkurt 2024 Sekretari i P\u00ebrgjithsh\u00ebm i PS, Blendi Klosi foli n\u00eb lidhje me vizit\u00ebn e sekretarit t\u00eb shtetit amerikan n\u00eb vendin ton\u00eb Antony Blinken. N\u00eb nj\u00eb lidhje t\u00eb drejtp\u00ebrdrejt p\u00ebr mediat, ai theksoi se Shqip\u00ebria \u00ebsht\u00eb i vetmi vend me nj\u00eb qeverisje stab\u00ebl e ndaj nuk habitet me vizit\u00ebn\u2026","rel":"","context":"In &quot;Blogu i Udh\u00ebtarit&quot;","block_context":{"text":"Blogu i Udh\u00ebtarit","link":"https:\/\/www.shqiperia.com\/blog\/category\/blogu-i-udhetarit\/"},"img":{"alt_text":"","src":"https:\/\/i0.wp.com\/www.shqiperia.com\/blog\/wp-content\/uploads\/2024\/02\/800-0-65ca1e408a7db.jpg?fit=800%2C451&ssl=1&resize=350%2C200","width":350,"height":200,"srcset":"https:\/\/i0.wp.com\/www.shqiperia.com\/blog\/wp-content\/uploads\/2024\/02\/800-0-65ca1e408a7db.jpg?fit=800%2C451&ssl=1&resize=350%2C200 1x, https:\/\/i0.wp.com\/www.shqiperia.com\/blog\/wp-content\/uploads\/2024\/02\/800-0-65ca1e408a7db.jpg?fit=800%2C451&ssl=1&resize=525%2C300 1.5x, https:\/\/i0.wp.com\/www.shqiperia.com\/blog\/wp-content\/uploads\/2024\/02\/800-0-65ca1e408a7db.jpg?fit=800%2C451&ssl=1&resize=700%2C400 2x"},"classes":[]},{"id":63429,"url":"https:\/\/www.shqiperia.com\/blog\/blendi-klosi-prej-patronazhisteve-jemi-me-te-forte\/","url_meta":{"origin":22806,"position":4},"title":"Blendi Klosi: &#8211; Prej\u00a0 patronazhist\u00ebve jemi me t\u00eb fort\u00eb!","author":"Kurt Farka","date":"October 20, 2022","format":false,"excerpt":"20 Tetor 2022 Deputeti socialist Blendi Klosi ka deklaruar se PS ka angazhuar patronazhist\u00ebt edhe p\u00ebr zgjedhjet e ardhshme vendore. Ish-ministri u shpreh n\u00eb Euronews Albania se Partia Socialist\u00eb \u00ebsht\u00eb e fort\u00eb prej patronazhist\u00ebve, t\u00eb cil\u00ebt dalin n\u00eb terren dhe komunikojn\u00eb me qytetar\u00ebt. Sipas tij ato jan\u00eb struktura elektorale dhe\u2026","rel":"","context":"In &quot;Blogu i Udh\u00ebtarit&quot;","block_context":{"text":"Blogu i Udh\u00ebtarit","link":"https:\/\/www.shqiperia.com\/blog\/category\/blogu-i-udhetarit\/"},"img":{"alt_text":"","src":"https:\/\/i0.wp.com\/www.shqiperia.com\/blog\/wp-content\/uploads\/2022\/10\/Blendi-Klosi.jpg?fit=701%2C364&ssl=1&resize=350%2C200","width":350,"height":200,"srcset":"https:\/\/i0.wp.com\/www.shqiperia.com\/blog\/wp-content\/uploads\/2022\/10\/Blendi-Klosi.jpg?fit=701%2C364&ssl=1&resize=350%2C200 1x, https:\/\/i0.wp.com\/www.shqiperia.com\/blog\/wp-content\/uploads\/2022\/10\/Blendi-Klosi.jpg?fit=701%2C364&ssl=1&resize=525%2C300 1.5x, https:\/\/i0.wp.com\/www.shqiperia.com\/blog\/wp-content\/uploads\/2022\/10\/Blendi-Klosi.jpg?fit=701%2C364&ssl=1&resize=700%2C400 2x"},"classes":[]},{"id":66093,"url":"https:\/\/www.shqiperia.com\/blog\/fshihte-me-shume-se-500-mije-euro-ne-banese-kastriot-myftaraj-e-kishte-kerkuar-arrestimin-e-alda-klosit\/","url_meta":{"origin":22806,"position":5},"title":"Fshihte m\u00eb shum\u00eb se 500 mij\u00eb euro n\u00eb banes\u00eb. &#8211; Kastriot Myftaraj e kishte k\u00ebrkuar arrestimin e Alda Klosit","author":"Kurt Farka","date":"January 8, 2023","format":false,"excerpt":"8 Janar 2023 Alda Klosi \u00ebsht\u00eb zyrtarja q\u00eb e kishte t\u00eb mbushur sht\u00ebpin\u00eb me mij\u00ebra euro, t\u00eb cilat u vodh\u00ebn nga pastruesja dhe djali i saj. M\u00ebsohet se ajo ka pasur n\u00eb sht\u00ebpi m\u00eb shum\u00eb se 500 mij\u00eb euro, pasi pastruses, dit\u00ebn e sotme i jan\u00eb gjetur 400 mij\u00eb euro\u2026","rel":"","context":"In &quot;Blogu i Udh\u00ebtarit&quot;","block_context":{"text":"Blogu i Udh\u00ebtarit","link":"https:\/\/www.shqiperia.com\/blog\/category\/blogu-i-udhetarit\/"},"img":{"alt_text":"","src":"https:\/\/i0.wp.com\/www.shqiperia.com\/blog\/wp-content\/uploads\/2023\/01\/640-0-a8ad88b426de1f95cd2cfa535c4da421.jpg?fit=640%2C360&ssl=1&resize=350%2C200","width":350,"height":200,"srcset":"https:\/\/i0.wp.com\/www.shqiperia.com\/blog\/wp-content\/uploads\/2023\/01\/640-0-a8ad88b426de1f95cd2cfa535c4da421.jpg?fit=640%2C360&ssl=1&resize=350%2C200 1x, https:\/\/i0.wp.com\/www.shqiperia.com\/blog\/wp-content\/uploads\/2023\/01\/640-0-a8ad88b426de1f95cd2cfa535c4da421.jpg?fit=640%2C360&ssl=1&resize=525%2C300 1.5x"},"classes":[]}],"_links":{"self":[{"href":"https:\/\/www.shqiperia.com\/blog\/wp-json\/wp\/v2\/posts\/22806","targetHints":{"allow":["GET"]}}],"collection":[{"href":"https:\/\/www.shqiperia.com\/blog\/wp-json\/wp\/v2\/posts"}],"about":[{"href":"https:\/\/www.shqiperia.com\/blog\/wp-json\/wp\/v2\/types\/post"}],"author":[{"embeddable":true,"href":"https:\/\/www.shqiperia.com\/blog\/wp-json\/wp\/v2\/users\/9"}],"replies":[{"embeddable":true,"href":"https:\/\/www.shqiperia.com\/blog\/wp-json\/wp\/v2\/comments?post=22806"}],"version-history":[{"count":1,"href":"https:\/\/www.shqiperia.com\/blog\/wp-json\/wp\/v2\/posts\/22806\/revisions"}],"predecessor-version":[{"id":22808,"href":"https:\/\/www.shqiperia.com\/blog\/wp-json\/wp\/v2\/posts\/22806\/revisions\/22808"}],"wp:featuredmedia":[{"embeddable":true,"href":"https:\/\/www.shqiperia.com\/blog\/wp-json\/wp\/v2\/media\/22807"}],"wp:attachment":[{"href":"https:\/\/www.shqiperia.com\/blog\/wp-json\/wp\/v2\/media?parent=22806"}],"wp:term":[{"taxonomy":"category","embeddable":true,"href":"https:\/\/www.shqiperia.com\/blog\/wp-json\/wp\/v2\/categories?post=22806"},{"taxonomy":"post_tag","embeddable":true,"href":"https:\/\/www.shqiperia.com\/blog\/wp-json\/wp\/v2\/tags?post=22806"}],"curies":[{"name":"wp","href":"https:\/\/api.w.org\/{rel}","templated":true}]}}