{"id":22748,"date":"2019-07-03T10:41:00","date_gmt":"2019-07-03T10:41:00","guid":{"rendered":"http:\/\/www.shqiperia.com\/blog\/?p=22748"},"modified":"2019-07-03T10:41:00","modified_gmt":"2019-07-03T10:41:00","slug":"festivali-pagan-i-solsticit-veror-mbledh-qindra-njerez-ne-stonehenge-foto","status":"publish","type":"post","link":"https:\/\/www.shqiperia.com\/blog\/festivali-pagan-i-solsticit-veror-mbledh-qindra-njerez-ne-stonehenge-foto\/","title":{"rendered":"Festivali pagan i solsticit veror mbledh qindra njer\u00ebz n\u00eb Stonehenge (FOTO)"},"content":{"rendered":"<p><img data-recalc-dims=\"1\" loading=\"lazy\" decoding=\"async\" data-attachment-id=\"22749\" data-permalink=\"https:\/\/www.shqiperia.com\/blog\/festivali-pagan-i-solsticit-veror-mbledh-qindra-njerez-ne-stonehenge-foto\/prc_70208872-905x450\/\" data-orig-file=\"https:\/\/i0.wp.com\/www.shqiperia.com\/blog\/wp-content\/uploads\/2019\/07\/PRC_70208872-905x450.jpg?fit=905%2C450&amp;ssl=1\" data-orig-size=\"905,450\" data-comments-opened=\"1\" data-image-meta=\"{&quot;aperture&quot;:&quot;0&quot;,&quot;credit&quot;:&quot;&quot;,&quot;camera&quot;:&quot;&quot;,&quot;caption&quot;:&quot;&quot;,&quot;created_timestamp&quot;:&quot;0&quot;,&quot;copyright&quot;:&quot;&quot;,&quot;focal_length&quot;:&quot;0&quot;,&quot;iso&quot;:&quot;0&quot;,&quot;shutter_speed&quot;:&quot;0&quot;,&quot;title&quot;:&quot;&quot;,&quot;orientation&quot;:&quot;0&quot;}\" data-image-title=\"PRC_70208872-905&#215;450\" data-image-description=\"\" data-image-caption=\"\" data-medium-file=\"https:\/\/i0.wp.com\/www.shqiperia.com\/blog\/wp-content\/uploads\/2019\/07\/PRC_70208872-905x450.jpg?fit=300%2C149&amp;ssl=1\" data-large-file=\"https:\/\/i0.wp.com\/www.shqiperia.com\/blog\/wp-content\/uploads\/2019\/07\/PRC_70208872-905x450.jpg?fit=905%2C450&amp;ssl=1\" class=\"alignnone  wp-image-22749\" alt=\"\" src=\"https:\/\/i0.wp.com\/www.shqiperia.com\/blog\/wp-content\/uploads\/2019\/07\/PRC_70208872-905x450-300x149.jpg?resize=479%2C238\" width=\"479\" height=\"238\" srcset=\"https:\/\/i0.wp.com\/www.shqiperia.com\/blog\/wp-content\/uploads\/2019\/07\/PRC_70208872-905x450.jpg?resize=300%2C149&amp;ssl=1 300w, https:\/\/i0.wp.com\/www.shqiperia.com\/blog\/wp-content\/uploads\/2019\/07\/PRC_70208872-905x450.jpg?resize=768%2C382&amp;ssl=1 768w, https:\/\/i0.wp.com\/www.shqiperia.com\/blog\/wp-content\/uploads\/2019\/07\/PRC_70208872-905x450.jpg?resize=450%2C224&amp;ssl=1 450w, https:\/\/i0.wp.com\/www.shqiperia.com\/blog\/wp-content\/uploads\/2019\/07\/PRC_70208872-905x450.jpg?resize=600%2C298&amp;ssl=1 600w, https:\/\/i0.wp.com\/www.shqiperia.com\/blog\/wp-content\/uploads\/2019\/07\/PRC_70208872-905x450.jpg?resize=400%2C199&amp;ssl=1 400w, https:\/\/i0.wp.com\/www.shqiperia.com\/blog\/wp-content\/uploads\/2019\/07\/PRC_70208872-905x450.jpg?resize=905%2C450&amp;ssl=1 905w\" sizes=\"auto, (max-width: 479px) 100vw, 479px\" \/><\/p>\n<p><strong>Festivali pagan i solsticit veror mbledh qindra njer\u00ebz n\u00eb Stonehenge (FOTO)<\/strong><\/p>\n<p>N\u00eb dit\u00ebn m\u00eb t\u00eb gjat\u00eb t\u00eb vitit, ringjallet nj\u00eb prej festivaleve pagane m\u00eb popullore t\u00eb Britanis\u00eb s\u00eb madhe.<\/p>\n<p>Mij\u00ebra njer\u00ebz, mes t\u00eb cil\u00ebve hipi, ndjek\u00ebs t\u00eb riteve kelte, turist\u00eb e kureshtar\u00eb, u mblodh\u00ebn pran\u00eb n\u00eb monumentin antik t\u00eb Stonehenge p\u00ebr t\u00eb shijuar spektaklin e solsticit veror.<\/p>\n<p>N\u00eb dit\u00ebn m\u00eb t\u00eb gjat\u00eb t\u00eb vitit n\u00eb hemisfer\u00ebn veriore, dielli lindi n\u00eb 4 e 52 minuta, me rreze t\u00eb para q\u00eb dep\u00ebrtuan n\u00eb qend\u00ebr t\u00eb bllokut t\u00eb gur\u00ebve t\u00eb njohur si Heel Stone, n\u00eb hyrje t\u00eb monumentit.<\/p>\n<p><img data-recalc-dims=\"1\" loading=\"lazy\" decoding=\"async\" data-attachment-id=\"22750\" data-permalink=\"https:\/\/www.shqiperia.com\/blog\/festivali-pagan-i-solsticit-veror-mbledh-qindra-njerez-ne-stonehenge-foto\/pri_70190684-e1561099509282\/\" data-orig-file=\"https:\/\/i0.wp.com\/www.shqiperia.com\/blog\/wp-content\/uploads\/2019\/07\/PRI_70190684-e1561099509282.jpg?fit=768%2C545&amp;ssl=1\" data-orig-size=\"768,545\" data-comments-opened=\"1\" data-image-meta=\"{&quot;aperture&quot;:&quot;0&quot;,&quot;credit&quot;:&quot;&quot;,&quot;camera&quot;:&quot;&quot;,&quot;caption&quot;:&quot;&quot;,&quot;created_timestamp&quot;:&quot;0&quot;,&quot;copyright&quot;:&quot;&quot;,&quot;focal_length&quot;:&quot;0&quot;,&quot;iso&quot;:&quot;0&quot;,&quot;shutter_speed&quot;:&quot;0&quot;,&quot;title&quot;:&quot;&quot;,&quot;orientation&quot;:&quot;0&quot;}\" data-image-title=\"PRI_70190684-e1561099509282\" data-image-description=\"\" data-image-caption=\"\" data-medium-file=\"https:\/\/i0.wp.com\/www.shqiperia.com\/blog\/wp-content\/uploads\/2019\/07\/PRI_70190684-e1561099509282.jpg?fit=300%2C213&amp;ssl=1\" data-large-file=\"https:\/\/i0.wp.com\/www.shqiperia.com\/blog\/wp-content\/uploads\/2019\/07\/PRI_70190684-e1561099509282.jpg?fit=768%2C545&amp;ssl=1\" class=\"alignnone  wp-image-22750\" alt=\"\" src=\"https:\/\/i0.wp.com\/www.shqiperia.com\/blog\/wp-content\/uploads\/2019\/07\/PRI_70190684-e1561099509282-300x213.jpg?resize=551%2C391\" width=\"551\" height=\"391\" srcset=\"https:\/\/i0.wp.com\/www.shqiperia.com\/blog\/wp-content\/uploads\/2019\/07\/PRI_70190684-e1561099509282.jpg?resize=300%2C213&amp;ssl=1 300w, https:\/\/i0.wp.com\/www.shqiperia.com\/blog\/wp-content\/uploads\/2019\/07\/PRI_70190684-e1561099509282.jpg?w=768&amp;ssl=1 768w, https:\/\/i0.wp.com\/www.shqiperia.com\/blog\/wp-content\/uploads\/2019\/07\/PRI_70190684-e1561099509282.jpg?resize=450%2C319&amp;ssl=1 450w, https:\/\/i0.wp.com\/www.shqiperia.com\/blog\/wp-content\/uploads\/2019\/07\/PRI_70190684-e1561099509282.jpg?resize=600%2C426&amp;ssl=1 600w, https:\/\/i0.wp.com\/www.shqiperia.com\/blog\/wp-content\/uploads\/2019\/07\/PRI_70190684-e1561099509282.jpg?resize=400%2C284&amp;ssl=1 400w\" sizes=\"auto, (max-width: 551px) 100vw, 551px\" \/><\/p>\n<p>Mendohet se pik\u00ebrisht k\u00ebtu, solstici veror \u00ebsht\u00eb kremtuar p\u00ebr mij\u00ebra vjet. T\u00eb pranishmit i prit\u00ebn rrezet e para me k\u00ebng\u00eb, kostumi karakteristike t\u00eb besimeve pagane dhe k\u00ebrcime rituale.<\/p>\n<p>Stonehedge, nj\u00eb koleksion gur\u00ebsh t\u00eb m\u00ebdhenj n\u00eb konten\u00eb e Wiltshire, daton rreth 3 mij\u00eb vjet para Krishtit, kur populist\u00eb lokale neolitike nis\u00ebn t\u00eb g\u00ebrmojn\u00eb zon\u00ebn duke p\u00ebrdorur brir\u00ebt e drerit si mjetin e vet\u00ebm.<\/p>\n<p><img data-recalc-dims=\"1\" loading=\"lazy\" decoding=\"async\" data-attachment-id=\"22756\" data-permalink=\"https:\/\/www.shqiperia.com\/blog\/festivali-pagan-i-solsticit-veror-mbledh-qindra-njerez-ne-stonehenge-foto\/festa-e-solstidit-angli-2\/\" data-orig-file=\"https:\/\/i0.wp.com\/www.shqiperia.com\/blog\/wp-content\/uploads\/2019\/07\/Festa-e-Solstidit-Angli-2.jpg?fit=905%2C450&amp;ssl=1\" data-orig-size=\"905,450\" data-comments-opened=\"1\" data-image-meta=\"{&quot;aperture&quot;:&quot;0&quot;,&quot;credit&quot;:&quot;&quot;,&quot;camera&quot;:&quot;&quot;,&quot;caption&quot;:&quot;&quot;,&quot;created_timestamp&quot;:&quot;0&quot;,&quot;copyright&quot;:&quot;&quot;,&quot;focal_length&quot;:&quot;0&quot;,&quot;iso&quot;:&quot;0&quot;,&quot;shutter_speed&quot;:&quot;0&quot;,&quot;title&quot;:&quot;&quot;,&quot;orientation&quot;:&quot;0&quot;}\" data-image-title=\"Festa e Solstidit Angli (2)\" data-image-description=\"\" data-image-caption=\"\" data-medium-file=\"https:\/\/i0.wp.com\/www.shqiperia.com\/blog\/wp-content\/uploads\/2019\/07\/Festa-e-Solstidit-Angli-2.jpg?fit=300%2C149&amp;ssl=1\" data-large-file=\"https:\/\/i0.wp.com\/www.shqiperia.com\/blog\/wp-content\/uploads\/2019\/07\/Festa-e-Solstidit-Angli-2.jpg?fit=905%2C450&amp;ssl=1\" class=\"alignnone  wp-image-22756\" alt=\"\" src=\"https:\/\/i0.wp.com\/www.shqiperia.com\/blog\/wp-content\/uploads\/2019\/07\/Festa-e-Solstidit-Angli-2-300x149.jpg?resize=707%2C351\" width=\"707\" height=\"351\" srcset=\"https:\/\/i0.wp.com\/www.shqiperia.com\/blog\/wp-content\/uploads\/2019\/07\/Festa-e-Solstidit-Angli-2.jpg?resize=300%2C149&amp;ssl=1 300w, https:\/\/i0.wp.com\/www.shqiperia.com\/blog\/wp-content\/uploads\/2019\/07\/Festa-e-Solstidit-Angli-2.jpg?resize=768%2C382&amp;ssl=1 768w, https:\/\/i0.wp.com\/www.shqiperia.com\/blog\/wp-content\/uploads\/2019\/07\/Festa-e-Solstidit-Angli-2.jpg?resize=450%2C224&amp;ssl=1 450w, https:\/\/i0.wp.com\/www.shqiperia.com\/blog\/wp-content\/uploads\/2019\/07\/Festa-e-Solstidit-Angli-2.jpg?resize=600%2C298&amp;ssl=1 600w, https:\/\/i0.wp.com\/www.shqiperia.com\/blog\/wp-content\/uploads\/2019\/07\/Festa-e-Solstidit-Angli-2.jpg?resize=400%2C199&amp;ssl=1 400w, https:\/\/i0.wp.com\/www.shqiperia.com\/blog\/wp-content\/uploads\/2019\/07\/Festa-e-Solstidit-Angli-2.jpg?w=905&amp;ssl=1 905w\" sizes=\"auto, (max-width: 707px) 100vw, 707px\" \/> <img data-recalc-dims=\"1\" loading=\"lazy\" decoding=\"async\" data-attachment-id=\"22757\" data-permalink=\"https:\/\/www.shqiperia.com\/blog\/festivali-pagan-i-solsticit-veror-mbledh-qindra-njerez-ne-stonehenge-foto\/festa-e-solstidit-angli\/\" data-orig-file=\"https:\/\/i0.wp.com\/www.shqiperia.com\/blog\/wp-content\/uploads\/2019\/07\/Festa-e-Solstidit-Angli.jpg?fit=590%2C350&amp;ssl=1\" data-orig-size=\"590,350\" data-comments-opened=\"1\" data-image-meta=\"{&quot;aperture&quot;:&quot;0&quot;,&quot;credit&quot;:&quot;&quot;,&quot;camera&quot;:&quot;&quot;,&quot;caption&quot;:&quot;&quot;,&quot;created_timestamp&quot;:&quot;0&quot;,&quot;copyright&quot;:&quot;&quot;,&quot;focal_length&quot;:&quot;0&quot;,&quot;iso&quot;:&quot;0&quot;,&quot;shutter_speed&quot;:&quot;0&quot;,&quot;title&quot;:&quot;&quot;,&quot;orientation&quot;:&quot;0&quot;}\" data-image-title=\"Festa e Solstidit Angli\" data-image-description=\"\" data-image-caption=\"\" data-medium-file=\"https:\/\/i0.wp.com\/www.shqiperia.com\/blog\/wp-content\/uploads\/2019\/07\/Festa-e-Solstidit-Angli.jpg?fit=300%2C178&amp;ssl=1\" data-large-file=\"https:\/\/i0.wp.com\/www.shqiperia.com\/blog\/wp-content\/uploads\/2019\/07\/Festa-e-Solstidit-Angli.jpg?fit=590%2C350&amp;ssl=1\" class=\"alignnone  wp-image-22757\" alt=\"\" src=\"https:\/\/i0.wp.com\/www.shqiperia.com\/blog\/wp-content\/uploads\/2019\/07\/Festa-e-Solstidit-Angli-300x178.jpg?resize=745%2C442\" width=\"745\" height=\"442\" srcset=\"https:\/\/i0.wp.com\/www.shqiperia.com\/blog\/wp-content\/uploads\/2019\/07\/Festa-e-Solstidit-Angli.jpg?resize=300%2C178&amp;ssl=1 300w, https:\/\/i0.wp.com\/www.shqiperia.com\/blog\/wp-content\/uploads\/2019\/07\/Festa-e-Solstidit-Angli.jpg?resize=450%2C267&amp;ssl=1 450w, https:\/\/i0.wp.com\/www.shqiperia.com\/blog\/wp-content\/uploads\/2019\/07\/Festa-e-Solstidit-Angli.jpg?resize=400%2C237&amp;ssl=1 400w, https:\/\/i0.wp.com\/www.shqiperia.com\/blog\/wp-content\/uploads\/2019\/07\/Festa-e-Solstidit-Angli.jpg?w=590&amp;ssl=1 590w\" sizes=\"auto, (max-width: 745px) 100vw, 745px\" \/> <img data-recalc-dims=\"1\" loading=\"lazy\" decoding=\"async\" data-attachment-id=\"22758\" data-permalink=\"https:\/\/www.shqiperia.com\/blog\/festivali-pagan-i-solsticit-veror-mbledh-qindra-njerez-ne-stonehenge-foto\/pri_70196523-717x1024-3\/\" data-orig-file=\"https:\/\/i0.wp.com\/www.shqiperia.com\/blog\/wp-content\/uploads\/2019\/07\/PRI_70196523-717x1024-2.jpg?fit=717%2C1024&amp;ssl=1\" data-orig-size=\"717,1024\" data-comments-opened=\"1\" data-image-meta=\"{&quot;aperture&quot;:&quot;0&quot;,&quot;credit&quot;:&quot;&quot;,&quot;camera&quot;:&quot;&quot;,&quot;caption&quot;:&quot;&quot;,&quot;created_timestamp&quot;:&quot;0&quot;,&quot;copyright&quot;:&quot;&quot;,&quot;focal_length&quot;:&quot;0&quot;,&quot;iso&quot;:&quot;0&quot;,&quot;shutter_speed&quot;:&quot;0&quot;,&quot;title&quot;:&quot;&quot;,&quot;orientation&quot;:&quot;0&quot;}\" data-image-title=\"PRI_70196523-717&#215;1024\" data-image-description=\"\" data-image-caption=\"\" data-medium-file=\"https:\/\/i0.wp.com\/www.shqiperia.com\/blog\/wp-content\/uploads\/2019\/07\/PRI_70196523-717x1024-2.jpg?fit=210%2C300&amp;ssl=1\" data-large-file=\"https:\/\/i0.wp.com\/www.shqiperia.com\/blog\/wp-content\/uploads\/2019\/07\/PRI_70196523-717x1024-2.jpg?fit=717%2C1024&amp;ssl=1\" class=\"alignnone  wp-image-22758\" alt=\"\" src=\"https:\/\/i0.wp.com\/www.shqiperia.com\/blog\/wp-content\/uploads\/2019\/07\/PRI_70196523-717x1024-2-210x300.jpg?resize=790%2C1129\" width=\"790\" height=\"1129\" srcset=\"https:\/\/i0.wp.com\/www.shqiperia.com\/blog\/wp-content\/uploads\/2019\/07\/PRI_70196523-717x1024-2.jpg?resize=210%2C300&amp;ssl=1 210w, https:\/\/i0.wp.com\/www.shqiperia.com\/blog\/wp-content\/uploads\/2019\/07\/PRI_70196523-717x1024-2.jpg?w=717&amp;ssl=1 717w, https:\/\/i0.wp.com\/www.shqiperia.com\/blog\/wp-content\/uploads\/2019\/07\/PRI_70196523-717x1024-2.jpg?resize=450%2C643&amp;ssl=1 450w, https:\/\/i0.wp.com\/www.shqiperia.com\/blog\/wp-content\/uploads\/2019\/07\/PRI_70196523-717x1024-2.jpg?resize=600%2C857&amp;ssl=1 600w, https:\/\/i0.wp.com\/www.shqiperia.com\/blog\/wp-content\/uploads\/2019\/07\/PRI_70196523-717x1024-2.jpg?resize=400%2C571&amp;ssl=1 400w\" sizes=\"auto, (max-width: 790px) 100vw, 790px\" \/> <img data-recalc-dims=\"1\" loading=\"lazy\" decoding=\"async\" data-attachment-id=\"22759\" data-permalink=\"https:\/\/www.shqiperia.com\/blog\/festivali-pagan-i-solsticit-veror-mbledh-qindra-njerez-ne-stonehenge-foto\/solstidi-angli\/\" data-orig-file=\"https:\/\/i0.wp.com\/www.shqiperia.com\/blog\/wp-content\/uploads\/2019\/07\/Solstidi-Angli.jpg?fit=768%2C545&amp;ssl=1\" data-orig-size=\"768,545\" data-comments-opened=\"1\" data-image-meta=\"{&quot;aperture&quot;:&quot;0&quot;,&quot;credit&quot;:&quot;&quot;,&quot;camera&quot;:&quot;&quot;,&quot;caption&quot;:&quot;&quot;,&quot;created_timestamp&quot;:&quot;0&quot;,&quot;copyright&quot;:&quot;&quot;,&quot;focal_length&quot;:&quot;0&quot;,&quot;iso&quot;:&quot;0&quot;,&quot;shutter_speed&quot;:&quot;0&quot;,&quot;title&quot;:&quot;&quot;,&quot;orientation&quot;:&quot;0&quot;}\" data-image-title=\"Solstidi Angli\" data-image-description=\"\" data-image-caption=\"\" data-medium-file=\"https:\/\/i0.wp.com\/www.shqiperia.com\/blog\/wp-content\/uploads\/2019\/07\/Solstidi-Angli.jpg?fit=300%2C213&amp;ssl=1\" data-large-file=\"https:\/\/i0.wp.com\/www.shqiperia.com\/blog\/wp-content\/uploads\/2019\/07\/Solstidi-Angli.jpg?fit=768%2C545&amp;ssl=1\" class=\"alignnone  wp-image-22759\" alt=\"\" src=\"https:\/\/i0.wp.com\/www.shqiperia.com\/blog\/wp-content\/uploads\/2019\/07\/Solstidi-Angli-300x213.jpg?resize=785%2C557\" width=\"785\" height=\"557\" srcset=\"https:\/\/i0.wp.com\/www.shqiperia.com\/blog\/wp-content\/uploads\/2019\/07\/Solstidi-Angli.jpg?resize=300%2C213&amp;ssl=1 300w, https:\/\/i0.wp.com\/www.shqiperia.com\/blog\/wp-content\/uploads\/2019\/07\/Solstidi-Angli.jpg?w=768&amp;ssl=1 768w, https:\/\/i0.wp.com\/www.shqiperia.com\/blog\/wp-content\/uploads\/2019\/07\/Solstidi-Angli.jpg?resize=450%2C319&amp;ssl=1 450w, https:\/\/i0.wp.com\/www.shqiperia.com\/blog\/wp-content\/uploads\/2019\/07\/Solstidi-Angli.jpg?resize=600%2C426&amp;ssl=1 600w, https:\/\/i0.wp.com\/www.shqiperia.com\/blog\/wp-content\/uploads\/2019\/07\/Solstidi-Angli.jpg?resize=400%2C284&amp;ssl=1 400w\" sizes=\"auto, (max-width: 785px) 100vw, 785px\" \/><\/p>\n","protected":false},"excerpt":{"rendered":"<p>Festivali pagan i solsticit veror mbledh qindra njer\u00ebz n\u00eb Stonehenge (FOTO) N\u00eb dit\u00ebn m\u00eb t\u00eb gjat\u00eb t\u00eb vitit, ringjallet nj\u00eb prej festivaleve pagane m\u00eb popullore t\u00eb Britanis\u00eb s\u00eb madhe. Mij\u00ebra njer\u00ebz, mes t\u00eb cil\u00ebve hipi, ndjek\u00ebs t\u00eb riteve kelte, turist\u00eb e kureshtar\u00eb, u mblodh\u00ebn pran\u00eb n\u00eb monumentin antik t\u00eb Stonehenge p\u00ebr t\u00eb shijuar spektaklin e [&hellip;]<\/p>\n","protected":false},"author":9,"featured_media":22749,"comment_status":"open","ping_status":"open","sticky":false,"template":"","format":"standard","meta":{"jetpack_post_was_ever_published":false,"_jetpack_newsletter_access":"","_jetpack_dont_email_post_to_subs":false,"_jetpack_newsletter_tier_id":0,"_jetpack_memberships_contains_paywalled_content":false,"_jetpack_memberships_contains_paid_content":false,"footnotes":"","jetpack_publicize_message":"","jetpack_publicize_feature_enabled":true,"jetpack_social_post_already_shared":true,"jetpack_social_options":{"image_generator_settings":{"template":"highway","default_image_id":0,"font":"","enabled":false},"version":2}},"categories":[10,14,86],"tags":[],"class_list":["post-22748","post","type-post","status-publish","format-standard","has-post-thumbnail","hentry","category-kultura","category-press-releases","category-trashegimi-kulturore"],"jetpack_publicize_connections":[],"jetpack_featured_media_url":"https:\/\/i0.wp.com\/www.shqiperia.com\/blog\/wp-content\/uploads\/2019\/07\/PRC_70208872-905x450.jpg?fit=905%2C450&ssl=1","jetpack_sharing_enabled":true,"jetpack_shortlink":"https:\/\/wp.me\/p5Z6wp-5UU","jetpack-related-posts":[{"id":76561,"url":"https:\/\/www.shqiperia.com\/blog\/mijera-persona-presin-solsticin-e-dimrit-ne-stonehenge\/","url_meta":{"origin":22748,"position":0},"title":"Mij\u00ebra persona presin solsticin e dimrit n\u00eb Stonehenge","author":"Kurt Farka","date":"December 22, 2023","format":false,"excerpt":"22 Dhjetor 2023 Mij\u00ebra njer\u00ebz p\u00ebrsh\u00ebndet\u00ebn lindjen e diellit me brohoritje, nd\u00ebrsa ai ngrihej mbi Stonehenge, n\u00eb Anglin\u00eb Jugore p\u00ebr solsticin e dimrit. Ata q\u00eb v\u00ebzhguan spektaklin n\u00eb monumentin neolitik n\u00eb Wiltshire u p\u00ebrball\u00ebn me nj\u00eb m\u00ebngjes t\u00eb turbullt dhe qiell t\u00eb vrenjtur p\u00ebr t\u00eb kapur nj\u00eb pamje t\u00eb diellit\u2026","rel":"","context":"In &quot;Histori&quot;","block_context":{"text":"Histori","link":"https:\/\/www.shqiperia.com\/blog\/category\/histori\/"},"img":{"alt_text":"","src":"https:\/\/i0.wp.com\/www.shqiperia.com\/blog\/wp-content\/uploads\/2023\/12\/640-0-screenshot-16-1703257433.jpg?fit=640%2C419&ssl=1&resize=350%2C200","width":350,"height":200,"srcset":"https:\/\/i0.wp.com\/www.shqiperia.com\/blog\/wp-content\/uploads\/2023\/12\/640-0-screenshot-16-1703257433.jpg?fit=640%2C419&ssl=1&resize=350%2C200 1x, https:\/\/i0.wp.com\/www.shqiperia.com\/blog\/wp-content\/uploads\/2023\/12\/640-0-screenshot-16-1703257433.jpg?fit=640%2C419&ssl=1&resize=525%2C300 1.5x"},"classes":[]},{"id":85031,"url":"https:\/\/www.shqiperia.com\/blog\/behuni-gati-te-fleni-me-shume-afrohet-data-kur-ndryshon-ora\/","url_meta":{"origin":22748,"position":1},"title":"B\u00ebhuni gati t\u00eb fleni m\u00eb shum\u00eb \/ Afrohet data kur ndryshon ora","author":"Kurt Farka","date":"September 26, 2024","format":false,"excerpt":"26 Shtator 2024 Vjeshta ka ardhur tashm\u00eb dhe dit\u00ebt po b\u00ebhen gjithnj\u00eb e m\u00eb t\u00eb shkurtra. Kthimi i or\u00ebs pas na mund\u00ebson t\u00eb kemi m\u00eb shum\u00eb drit\u00eb gjat\u00eb dit\u00ebs. Jo vet\u00ebm kaq, por dit\u00ebn q\u00eb ora ndryshon, kemi nj\u00eb or\u00eb m\u00eb tep\u00ebr n\u00eb shtrat, k\u00ebshtu q\u00eb nuk ankohemi. Edhe k\u00ebt\u00eb\u2026","rel":"","context":"In &quot;Blogu i Udh\u00ebtarit&quot;","block_context":{"text":"Blogu i Udh\u00ebtarit","link":"https:\/\/www.shqiperia.com\/blog\/category\/blogu-i-udhetarit\/"},"img":{"alt_text":"","src":"https:\/\/i0.wp.com\/www.shqiperia.com\/blog\/wp-content\/uploads\/2024\/09\/sahati.jpg?fit=570%2C378&ssl=1&resize=350%2C200","width":350,"height":200,"srcset":"https:\/\/i0.wp.com\/www.shqiperia.com\/blog\/wp-content\/uploads\/2024\/09\/sahati.jpg?fit=570%2C378&ssl=1&resize=350%2C200 1x, https:\/\/i0.wp.com\/www.shqiperia.com\/blog\/wp-content\/uploads\/2024\/09\/sahati.jpg?fit=570%2C378&ssl=1&resize=525%2C300 1.5x"},"classes":[]},{"id":43420,"url":"https:\/\/www.shqiperia.com\/blog\/traket-adhuronin-hyjnine-diell-ne-diten-e-solsticit-te-veres-ne-lindjen-e-diellit-disku-diellor-mund-te-shihet-ne-vrimen-e-megalitit\/","url_meta":{"origin":22748,"position":2},"title":"Trak\u00ebt adhuronin Hyjnin\u00eb Diell. &#8211; N\u00eb dit\u00ebn e solsticit t\u00eb ver\u00ebs, n\u00eb lindjen e diellit, disku diellor mund t\u00eb shihet n\u00eb vrim\u00ebn e megalitit.","author":"Kurt Farka","date":"January 27, 2021","format":false,"excerpt":"Begliktash \u2013 shenjt\u00ebrorja kryesore e fisit trak skirmiani Janar 2021 Trak\u00ebt adhuronin Hyjnin\u00eb Diell. N\u00eb dit\u00ebn e solsticit t\u00eb ver\u00ebs, n\u00eb lindjen e diellit, disku diellor mund t\u00eb shihet n\u00eb vrim\u00ebn e megalitit. Aty ku mali Stranxha dhe deti takohen gjendet nj\u00eb nga shenjt\u00ebroret m\u00eb t\u00eb m\u00ebdha trake Begliktash. Ajo\u2026","rel":"","context":"In &quot;Histori&quot;","block_context":{"text":"Histori","link":"https:\/\/www.shqiperia.com\/blog\/category\/histori\/"},"img":{"alt_text":"","src":"https:\/\/i0.wp.com\/www.shqiperia.com\/blog\/wp-content\/uploads\/2021\/01\/ad345072d839094eb8290831bda64923-Copy.jpg?fit=912%2C465&ssl=1&resize=350%2C200","width":350,"height":200,"srcset":"https:\/\/i0.wp.com\/www.shqiperia.com\/blog\/wp-content\/uploads\/2021\/01\/ad345072d839094eb8290831bda64923-Copy.jpg?fit=912%2C465&ssl=1&resize=350%2C200 1x, https:\/\/i0.wp.com\/www.shqiperia.com\/blog\/wp-content\/uploads\/2021\/01\/ad345072d839094eb8290831bda64923-Copy.jpg?fit=912%2C465&ssl=1&resize=525%2C300 1.5x, https:\/\/i0.wp.com\/www.shqiperia.com\/blog\/wp-content\/uploads\/2021\/01\/ad345072d839094eb8290831bda64923-Copy.jpg?fit=912%2C465&ssl=1&resize=700%2C400 2x"},"classes":[]},{"id":12729,"url":"https:\/\/www.shqiperia.com\/blog\/festivali-liqenet-e-dumrese-mbledh-qindra-banore-e-turiste-ne-belsh\/","url_meta":{"origin":22748,"position":3},"title":"Festivali \u201cLiqenet e Dumres\u00eb\u201d mbledh qindra banor\u00eb e turist\u00eb n\u00eb Belsh, &#8211;","author":"Kurt Farka","date":"October 19, 2018","format":false,"excerpt":"Festivali \u201cLiqenet e Dumres\u00eb\u201d mbledh qindra banor\u00eb e turist\u00eb n\u00eb Belsh, - Nga Arsen Rusta. N\u00eb Belsh p\u00ebr t\u00eb tretin vit radhazi \u00ebsht\u00eb mbajtur festivali folklorik\u00a0\u201cLiqenet e Dumres\u00eb\u201d ku qindra qytetar\u00eb e turist\u00eb kan\u00eb shijuar buz\u00eb liqenit tingujt e muzik\u00ebs s\u00eb leht\u00eb qytetare dhe asaj popullore. P\u00ebr kryebashkiakun e Belshit,\u2026","rel":"","context":"In &quot;Arte&quot;","block_context":{"text":"Arte","link":"https:\/\/www.shqiperia.com\/blog\/category\/arte\/"},"img":{"alt_text":"","src":"https:\/\/i0.wp.com\/www.shqiperia.com\/blog\/wp-content\/uploads\/2018\/10\/1-539699565_belsh11.jpg?fit=1064%2C612&ssl=1&resize=350%2C200","width":350,"height":200,"srcset":"https:\/\/i0.wp.com\/www.shqiperia.com\/blog\/wp-content\/uploads\/2018\/10\/1-539699565_belsh11.jpg?fit=1064%2C612&ssl=1&resize=350%2C200 1x, https:\/\/i0.wp.com\/www.shqiperia.com\/blog\/wp-content\/uploads\/2018\/10\/1-539699565_belsh11.jpg?fit=1064%2C612&ssl=1&resize=525%2C300 1.5x, https:\/\/i0.wp.com\/www.shqiperia.com\/blog\/wp-content\/uploads\/2018\/10\/1-539699565_belsh11.jpg?fit=1064%2C612&ssl=1&resize=700%2C400 2x, https:\/\/i0.wp.com\/www.shqiperia.com\/blog\/wp-content\/uploads\/2018\/10\/1-539699565_belsh11.jpg?fit=1064%2C612&ssl=1&resize=1050%2C600 3x"},"classes":[]},{"id":55812,"url":"https:\/\/www.shqiperia.com\/blog\/ekspozita-misteret-e-stonehenge-muzeu-britanik-shfaq-objektet-qe-ndertuan-monumentin-prej-guri\/","url_meta":{"origin":22748,"position":4},"title":"Ekspozita \u201cMisteret e Stonehenge\u201d. &#8211; Muzeu britanik shfaq objektet q\u00eb nd\u00ebrtuan monumentin prej guri","author":"Kurt Farka","date":"March 22, 2022","format":false,"excerpt":"Ekspozita \u201cMisteret e Stonehenge\u201d. - Muzeu britanik shfaq objektet q\u00eb nd\u00ebrtuan monumentin prej guri E nd\u00ebrtuar 4500 vjet m\u00eb par\u00eb nga qindra njer\u00ebz, vendi neolitik i Stonehenge n\u00eb Anglin\u00eb jugore \u00ebsht\u00eb subjekt i nj\u00eb ekspozite t\u00eb re q\u00eb hapet n\u00eb Muzeun e Londr\u00ebs, me objekte t\u00eb t\u00eb gjith\u00eb Evrop\u00ebs, q\u00eb\u2026","rel":"","context":"In &quot;Histori&quot;","block_context":{"text":"Histori","link":"https:\/\/www.shqiperia.com\/blog\/category\/histori\/"},"img":{"alt_text":"","src":"https:\/\/i0.wp.com\/www.shqiperia.com\/blog\/wp-content\/uploads\/2022\/03\/Ekspozita-Misteret-e-Stonehenge..jpg?fit=640%2C232&ssl=1&resize=350%2C200","width":350,"height":200,"srcset":"https:\/\/i0.wp.com\/www.shqiperia.com\/blog\/wp-content\/uploads\/2022\/03\/Ekspozita-Misteret-e-Stonehenge..jpg?fit=640%2C232&ssl=1&resize=350%2C200 1x, https:\/\/i0.wp.com\/www.shqiperia.com\/blog\/wp-content\/uploads\/2022\/03\/Ekspozita-Misteret-e-Stonehenge..jpg?fit=640%2C232&ssl=1&resize=525%2C300 1.5x"},"classes":[]},{"id":9779,"url":"https:\/\/www.shqiperia.com\/blog\/po-behen-manaferrat-cfare-duhet-te-dini-per-frutin-magjik-veror-dhe-pse-i-nevojite\/","url_meta":{"origin":22748,"position":5},"title":"Po b\u00ebhen manaferrat, \u00e7far\u00eb duhet t\u00eb dini p\u00ebr frutin magjik veror dhe pse ju nevojiten. &#8211;","author":"Kurt Farka","date":"July 16, 2018","format":false,"excerpt":"Po b\u00ebhen manaferrat, \u00e7far\u00eb duhet t\u00eb dini p\u00ebr frutin magjik veror dhe pse ju nevojiten. - \u200b T\u00eb pakt\u00eb jan\u00eb njer\u00ebzit q\u00eb njer\u00ebzit q\u00eb njohin vlerat e tyre t\u00eb sh\u00ebndetshme, por t\u00eb shumt\u00eb jan\u00eb ata q\u00eb edhe do t\u00eb g\u00ebrvishteshin n\u00eb nj\u00eb ferr\u00eb vet\u00ebm p\u00ebr t\u2019i marr\u00eb dhe ngr\u00ebn\u00eb.\u00a0 T\u00eb\u2026","rel":"","context":"In &quot;Blogu i Udh\u00ebtarit&quot;","block_context":{"text":"Blogu i Udh\u00ebtarit","link":"https:\/\/www.shqiperia.com\/blog\/category\/blogu-i-udhetarit\/"},"img":{"alt_text":"","src":"https:\/\/i0.wp.com\/www.shqiperia.com\/blog\/wp-content\/uploads\/2018\/07\/Manaferra-2.jpg?fit=543%2C347&ssl=1&resize=350%2C200","width":350,"height":200,"srcset":"https:\/\/i0.wp.com\/www.shqiperia.com\/blog\/wp-content\/uploads\/2018\/07\/Manaferra-2.jpg?fit=543%2C347&ssl=1&resize=350%2C200 1x, https:\/\/i0.wp.com\/www.shqiperia.com\/blog\/wp-content\/uploads\/2018\/07\/Manaferra-2.jpg?fit=543%2C347&ssl=1&resize=525%2C300 1.5x"},"classes":[]}],"_links":{"self":[{"href":"https:\/\/www.shqiperia.com\/blog\/wp-json\/wp\/v2\/posts\/22748","targetHints":{"allow":["GET"]}}],"collection":[{"href":"https:\/\/www.shqiperia.com\/blog\/wp-json\/wp\/v2\/posts"}],"about":[{"href":"https:\/\/www.shqiperia.com\/blog\/wp-json\/wp\/v2\/types\/post"}],"author":[{"embeddable":true,"href":"https:\/\/www.shqiperia.com\/blog\/wp-json\/wp\/v2\/users\/9"}],"replies":[{"embeddable":true,"href":"https:\/\/www.shqiperia.com\/blog\/wp-json\/wp\/v2\/comments?post=22748"}],"version-history":[{"count":1,"href":"https:\/\/www.shqiperia.com\/blog\/wp-json\/wp\/v2\/posts\/22748\/revisions"}],"predecessor-version":[{"id":22760,"href":"https:\/\/www.shqiperia.com\/blog\/wp-json\/wp\/v2\/posts\/22748\/revisions\/22760"}],"wp:featuredmedia":[{"embeddable":true,"href":"https:\/\/www.shqiperia.com\/blog\/wp-json\/wp\/v2\/media\/22749"}],"wp:attachment":[{"href":"https:\/\/www.shqiperia.com\/blog\/wp-json\/wp\/v2\/media?parent=22748"}],"wp:term":[{"taxonomy":"category","embeddable":true,"href":"https:\/\/www.shqiperia.com\/blog\/wp-json\/wp\/v2\/categories?post=22748"},{"taxonomy":"post_tag","embeddable":true,"href":"https:\/\/www.shqiperia.com\/blog\/wp-json\/wp\/v2\/tags?post=22748"}],"curies":[{"name":"wp","href":"https:\/\/api.w.org\/{rel}","templated":true}]}}