{"id":22136,"date":"2019-06-22T19:54:36","date_gmt":"2019-06-22T19:54:36","guid":{"rendered":"http:\/\/www.shqiperia.com\/blog\/?p=22136"},"modified":"2019-06-22T20:01:31","modified_gmt":"2019-06-22T20:01:31","slug":"qytet-fortesa-mesjetare-e-novoberdes-kasove","status":"publish","type":"post","link":"https:\/\/www.shqiperia.com\/blog\/qytet-fortesa-mesjetare-e-novoberdes-kasove\/","title":{"rendered":"Qytet fortesa mesjetare e Novob\u00ebrd\u00ebs &#8211; Kasove. &#8211;"},"content":{"rendered":"<p><img data-recalc-dims=\"1\" loading=\"lazy\" decoding=\"async\" data-attachment-id=\"22137\" data-permalink=\"https:\/\/www.shqiperia.com\/blog\/qytet-fortesa-mesjetare-e-novoberdes-kasove\/64642157_838943249825096_180131546869530624_n\/\" data-orig-file=\"https:\/\/i0.wp.com\/www.shqiperia.com\/blog\/wp-content\/uploads\/2019\/06\/64642157_838943249825096_180131546869530624_n.png?fit=782%2C439&amp;ssl=1\" data-orig-size=\"782,439\" data-comments-opened=\"1\" data-image-meta=\"{&quot;aperture&quot;:&quot;0&quot;,&quot;credit&quot;:&quot;&quot;,&quot;camera&quot;:&quot;&quot;,&quot;caption&quot;:&quot;&quot;,&quot;created_timestamp&quot;:&quot;0&quot;,&quot;copyright&quot;:&quot;&quot;,&quot;focal_length&quot;:&quot;0&quot;,&quot;iso&quot;:&quot;0&quot;,&quot;shutter_speed&quot;:&quot;0&quot;,&quot;title&quot;:&quot;&quot;,&quot;orientation&quot;:&quot;0&quot;}\" data-image-title=\"Novoberda\" data-image-description=\"\" data-image-caption=\"\" data-medium-file=\"https:\/\/i0.wp.com\/www.shqiperia.com\/blog\/wp-content\/uploads\/2019\/06\/64642157_838943249825096_180131546869530624_n.png?fit=300%2C168&amp;ssl=1\" data-large-file=\"https:\/\/i0.wp.com\/www.shqiperia.com\/blog\/wp-content\/uploads\/2019\/06\/64642157_838943249825096_180131546869530624_n.png?fit=782%2C439&amp;ssl=1\" class=\"alignnone wp-image-22137\" alt=\"\" src=\"https:\/\/i0.wp.com\/www.shqiperia.com\/blog\/wp-content\/uploads\/2019\/06\/64642157_838943249825096_180131546869530624_n-300x168.png?resize=588%2C329\" width=\"588\" height=\"329\" srcset=\"https:\/\/i0.wp.com\/www.shqiperia.com\/blog\/wp-content\/uploads\/2019\/06\/64642157_838943249825096_180131546869530624_n.png?resize=300%2C168&amp;ssl=1 300w, https:\/\/i0.wp.com\/www.shqiperia.com\/blog\/wp-content\/uploads\/2019\/06\/64642157_838943249825096_180131546869530624_n.png?resize=768%2C431&amp;ssl=1 768w, https:\/\/i0.wp.com\/www.shqiperia.com\/blog\/wp-content\/uploads\/2019\/06\/64642157_838943249825096_180131546869530624_n.png?resize=450%2C253&amp;ssl=1 450w, https:\/\/i0.wp.com\/www.shqiperia.com\/blog\/wp-content\/uploads\/2019\/06\/64642157_838943249825096_180131546869530624_n.png?resize=600%2C337&amp;ssl=1 600w, https:\/\/i0.wp.com\/www.shqiperia.com\/blog\/wp-content\/uploads\/2019\/06\/64642157_838943249825096_180131546869530624_n.png?resize=400%2C225&amp;ssl=1 400w, https:\/\/i0.wp.com\/www.shqiperia.com\/blog\/wp-content\/uploads\/2019\/06\/64642157_838943249825096_180131546869530624_n.png?w=782&amp;ssl=1 782w\" sizes=\"auto, (max-width: 588px) 100vw, 588px\" \/><\/p>\n<p>Qytet fortesa mesjetare e Novob\u00ebrd\u00ebs &#8211;<\/p>\n<p>N\u00eb nj\u00eb mal t\u00eb vog\u00ebl nd\u00ebrmjet P\u00ebrlepnic\u00ebs dhe Krivarek\u00ebs, rreth 30-35 km n\u00eb per\u00ebndim prej Gjilanit dhe rreth 39 kilometra n\u00eb jug-lindje t\u00eb Prishtin\u00ebs, ruhen rr\u00ebnojat e qytetit dhe fortes\u00ebs mesjetare t\u00eb Novob\u00ebrd\u00ebs. Sipas dokumenteve t\u00eb zbuluara deri m\u00eb sot, Novob\u00ebrda me k\u00ebt\u00eb em\u00ebr p\u00ebr her\u00eb t\u00eb par\u00eb p\u00ebrmendet n\u00eb dekadat e para t\u00eb shekullit XIV, me em\u00ebrtimin Nuovo Monte. Kalaja e Artan\u00ebs (Novob\u00ebrd\u00ebs), e em\u00ebrtuar \u201cMbeturinat e Kalas\u00eb Mesjetare\u201d, daton nga shek. XIII-XIV. Kalaja ka pasur funksion t\u00eb mbrojtjes gjat\u00eb periudhave t\u00eb ndryshme. Mir\u00ebpo, shpjegimet dhe supozimet teorike p\u00ebr vjet\u00ebrsin\u00eb e kalas\u00eb jan\u00eb endur midis mesjet\u00ebs dhe antikitetit. N\u00eb shekullin I (p.e.s.) autori grek Straboni n\u00eb vepr\u00ebn e tij &#8220;Geographica&#8221; p\u00ebrmend qytete urbane t\u00eb Iliris\u00eb, t\u00eb cilat i quan qytete t\u00eb vjetra (Polis arhaia). P\u00ebrpos Scupit (Shkupit), Naissusit (Nishit), ai p\u00ebrmend edhe vendbanimet mbi Ulpian\u00eb, qytetin n\u00eb Veletin t\u00eb Janjev\u00ebs, dhe at\u00eb mbi Artan\u00eb (Novob\u00ebrd\u00eb). Lokacioni i Artan\u00ebs (Novob\u00ebrd\u00ebs) njihej si vendbanim xehetar, zon\u00eb e minierave t\u00eb argjendit dhe arit dhe ishte i njohur p\u00ebr zhvillim t\u00eb fark\u00ebtaris\u00eb dhe prerjes s\u00eb monedhave. Kalaja \u00ebsht\u00eb e ngritur n\u00eb nj\u00eb kodrin\u00eb shum\u00eb strategjike q\u00eb vrojton terrenin dhe t\u00eb gjitha kalat\u00eb tjera m\u00eb t\u00eb vogla, t\u00eb kthyera nga ajo p\u00ebr t\u00eb marr\u00eb e kthyer sinjalet komunikuese. Nd\u00ebrtimi i takon tipit fortifikat\u00eb. Kalaja p\u00ebrb\u00ebhet nga dy pjes\u00eb t\u00eb ashtuquajtura Kalaja e sip\u00ebrme dhe Kalaja e poshtme. Kalaja e sip\u00ebrme ka gjasht\u00eb kulla; kulla lindore dhe ajo per\u00ebndimore kan\u00eb baz\u00eb drejtk\u00ebnd\u00ebshe, kurse t\u00eb tjerat baz\u00eb katrore, dhe ka nj\u00eb sip\u00ebrfaqe rreth 0.05 hektar\u00eb. Kalaja e sip\u00ebrme ka qasje vet\u00ebm nga pjesa lindore. Nga pjes\u00ebt tjera, pjerrt\u00ebsia e kodr\u00ebs \u00ebsht\u00eb shum\u00eb e rr\u00ebpir\u00ebt n\u00eb drejtim t\u00eb lugin\u00ebs. N\u00eb pjes\u00ebn lindore, terreni ngrihet gradualisht dhe kalon n\u00eb nj\u00eb kod\u00ebr tjet\u00ebr m\u00eb t\u00eb vog\u00ebl, n\u00eb platen\u00eb e ep\u00ebrme, n\u00ebn t\u00eb cil\u00ebn gjenden rr\u00ebnojat e nj\u00eb kishe t\u00eb madhe mesjetare t\u00eb tipit katedrale.<\/p>\n","protected":false},"excerpt":{"rendered":"<p>Qytet fortesa mesjetare e Novob\u00ebrd\u00ebs &#8211; N\u00eb nj\u00eb mal t\u00eb vog\u00ebl nd\u00ebrmjet P\u00ebrlepnic\u00ebs dhe Krivarek\u00ebs, rreth 30-35 km n\u00eb per\u00ebndim prej Gjilanit dhe rreth 39 kilometra n\u00eb jug-lindje t\u00eb Prishtin\u00ebs, ruhen rr\u00ebnojat e qytetit dhe fortes\u00ebs mesjetare t\u00eb Novob\u00ebrd\u00ebs. Sipas dokumenteve t\u00eb zbuluara deri m\u00eb sot, Novob\u00ebrda me k\u00ebt\u00eb em\u00ebr p\u00ebr her\u00eb t\u00eb par\u00eb p\u00ebrmendet [&hellip;]<\/p>\n","protected":false},"author":9,"featured_media":22137,"comment_status":"open","ping_status":"open","sticky":false,"template":"","format":"standard","meta":{"jetpack_post_was_ever_published":false,"_jetpack_newsletter_access":"","_jetpack_dont_email_post_to_subs":false,"_jetpack_newsletter_tier_id":0,"_jetpack_memberships_contains_paywalled_content":false,"_jetpack_memberships_contains_paid_content":false,"footnotes":"","jetpack_publicize_message":"","jetpack_publicize_feature_enabled":true,"jetpack_social_post_already_shared":true,"jetpack_social_options":{"image_generator_settings":{"template":"highway","default_image_id":0,"font":"","enabled":false},"version":2}},"categories":[85,35,86],"tags":[],"class_list":["post-22136","post","type-post","status-publish","format-standard","has-post-thumbnail","hentry","category-histori","category-shoqerore","category-trashegimi-kulturore"],"jetpack_publicize_connections":[],"jetpack_featured_media_url":"https:\/\/i0.wp.com\/www.shqiperia.com\/blog\/wp-content\/uploads\/2019\/06\/64642157_838943249825096_180131546869530624_n.png?fit=782%2C439&ssl=1","jetpack_sharing_enabled":true,"jetpack_shortlink":"https:\/\/wp.me\/p5Z6wp-5L2","jetpack-related-posts":[{"id":22140,"url":"https:\/\/www.shqiperia.com\/blog\/qytet-fortesa-mesjetare-e-novoberdes-kosove\/","url_meta":{"origin":22136,"position":0},"title":"Qytet fortesa mesjetare e Novob\u00ebrd\u00ebs &#8211; Kosove","author":"Kurt Farka","date":"June 22, 2019","format":false,"excerpt":"Qytet fortesa mesjetare e Novob\u00ebrd\u00ebs - N\u00eb nj\u00eb mal t\u00eb vog\u00ebl nd\u00ebrmjet P\u00ebrlepnic\u00ebs dhe Krivarek\u00ebs, rreth 30-35 km n\u00eb per\u00ebndim prej Gjilanit dhe rreth 39 kilometra n\u00eb jug-lindje t\u00eb Prishtin\u00ebs, ruhen rr\u00ebnojat e qytetit dhe fortes\u00ebs mesjetare t\u00eb Novob\u00ebrd\u00ebs. Sipas dokumenteve t\u00eb zbuluara deri m\u00eb sot, Novob\u00ebrda me k\u00ebt\u00eb em\u00ebr\u2026","rel":"","context":"In &quot;Blogu i Udh\u00ebtarit&quot;","block_context":{"text":"Blogu i Udh\u00ebtarit","link":"https:\/\/www.shqiperia.com\/blog\/category\/blogu-i-udhetarit\/"},"img":{"alt_text":"","src":"https:\/\/i0.wp.com\/www.shqiperia.com\/blog\/wp-content\/uploads\/2019\/06\/Novoberta-Kosove.png?fit=782%2C412&ssl=1&resize=350%2C200","width":350,"height":200,"srcset":"https:\/\/i0.wp.com\/www.shqiperia.com\/blog\/wp-content\/uploads\/2019\/06\/Novoberta-Kosove.png?fit=782%2C412&ssl=1&resize=350%2C200 1x, https:\/\/i0.wp.com\/www.shqiperia.com\/blog\/wp-content\/uploads\/2019\/06\/Novoberta-Kosove.png?fit=782%2C412&ssl=1&resize=525%2C300 1.5x, https:\/\/i0.wp.com\/www.shqiperia.com\/blog\/wp-content\/uploads\/2019\/06\/Novoberta-Kosove.png?fit=782%2C412&ssl=1&resize=700%2C400 2x"},"classes":[]},{"id":9321,"url":"https:\/\/www.shqiperia.com\/blog\/krijimi-i-imazhit-te-prishtines-si-qender-e-rendesishme-ne-driten-e-burimeve-te-shkruara-mesjetare\/","url_meta":{"origin":22136,"position":1},"title":"Krijimi i imazhit t\u00eb Prishtin\u00ebs si qend\u00ebr e r\u00ebnd\u00ebsishme n\u00eb drit\u00ebn e burimeve t\u00eb shkruara mesjetare! &#8211;","author":"Kurt Farka","date":"July 1, 2018","format":false,"excerpt":"Krijimi i imazhit t\u00eb Prishtin\u00ebs si qend\u00ebr e r\u00ebnd\u00ebsishme n\u00eb drit\u00ebn e burimeve t\u00eb shkruara mesjetare! Nga: Jahja Drancolli Treva dhe qyteti i Prishtin\u00ebs ruan nj\u00eb vertikale t\u00eb gjat\u00eb historike, e cila z\u00eb fill s\u00eb paku nga periudha e neolitit. N\u00eb arealin e qytet dhe n\u00eb rrethe jan\u00eb zbuluar gjetje\u2026","rel":"","context":"In &quot;Blogu i Udh\u00ebtarit&quot;","block_context":{"text":"Blogu i Udh\u00ebtarit","link":"https:\/\/www.shqiperia.com\/blog\/category\/blogu-i-udhetarit\/"},"img":{"alt_text":"","src":"https:\/\/i0.wp.com\/www.shqiperia.com\/blog\/wp-content\/uploads\/2018\/07\/Prishtina-Burimi-Arkivi-Shtet%C3%ABror-i-Dubrovnikut-DAD.jpg?fit=960%2C607&ssl=1&resize=350%2C200","width":350,"height":200,"srcset":"https:\/\/i0.wp.com\/www.shqiperia.com\/blog\/wp-content\/uploads\/2018\/07\/Prishtina-Burimi-Arkivi-Shtet%C3%ABror-i-Dubrovnikut-DAD.jpg?fit=960%2C607&ssl=1&resize=350%2C200 1x, https:\/\/i0.wp.com\/www.shqiperia.com\/blog\/wp-content\/uploads\/2018\/07\/Prishtina-Burimi-Arkivi-Shtet%C3%ABror-i-Dubrovnikut-DAD.jpg?fit=960%2C607&ssl=1&resize=525%2C300 1.5x, https:\/\/i0.wp.com\/www.shqiperia.com\/blog\/wp-content\/uploads\/2018\/07\/Prishtina-Burimi-Arkivi-Shtet%C3%ABror-i-Dubrovnikut-DAD.jpg?fit=960%2C607&ssl=1&resize=700%2C400 2x"},"classes":[]},{"id":13909,"url":"https:\/\/www.shqiperia.com\/blog\/skenderbeu-ne-objektivin-e-nje-historiani-kosovar-nga-ostrovica-e-novoberdes\/","url_meta":{"origin":22136,"position":2},"title":"Sk\u00ebnderbeu n\u00eb objektivin e nj\u00eb historiani kosovar nga Ostrovica e Novob\u00ebrd\u00ebs! &#8211;","author":"Kurt Farka","date":"November 20, 2018","format":false,"excerpt":"Sk\u00ebnderbeu n\u00eb objektivin e nj\u00eb historiani kosovar nga Ostrovica e Novob\u00ebrd\u00ebs! - Nga: Jahja Drancolli Kostadin Mihali i Ostrovic\u00ebs (rreth 1435-1501), historian e ushtarak \u00ebsht\u00eb d\u00ebshmitar i r\u00ebnd\u00ebsish\u00ebm i dram\u00ebs s\u00eb pushtimeve osmane sidomos n\u00eb Novob\u00ebrd\u00eb dhe rrethin\u00ebn e saj. Kostadini me memoarin e tij ka krijuar nj\u00eb vep\u00ebr humaniste\u2026","rel":"","context":"In &quot;Blogu i Udh\u00ebtarit&quot;","block_context":{"text":"Blogu i Udh\u00ebtarit","link":"https:\/\/www.shqiperia.com\/blog\/category\/blogu-i-udhetarit\/"},"img":{"alt_text":"","src":"https:\/\/i0.wp.com\/www.shqiperia.com\/blog\/wp-content\/uploads\/2018\/11\/Dokumenti-Kostadin-Mihali-i-Ostrovic%C3%ABs-2-1.jpg?fit=518%2C279&ssl=1&resize=350%2C200","width":350,"height":200},"classes":[]},{"id":31645,"url":"https:\/\/www.shqiperia.com\/blog\/miratohet-projekti-per-restaurimin-e-kalase-se-prezes-u-demtua-nga-termeti\/","url_meta":{"origin":22136,"position":3},"title":"Miratohet projekti p\u00ebr restaurimin e Kalas\u00eb s\u00eb Prez\u00ebs, u d\u00ebmtua nga t\u00ebrmeti","author":"Kurt Farka","date":"February 21, 2020","format":false,"excerpt":"Miratohet projekti p\u00ebr restaurimin e Kalas\u00eb s\u00eb Prez\u00ebs, u d\u00ebmtua nga t\u00ebrmeti 18\/02\/2020 K\u00ebshilli Komb\u00ebtar i Trash\u00ebgimis\u00eb Kulturore Materiale ka miratuar projektin e restaurimit t\u00eb Kalas\u00eb s\u00eb Prez\u00ebs n\u00eb kushte t\u00eb emergjenc\u00ebs, pas t\u00ebrmetit t\u00eb 26 n\u00ebntorit. Projekti i hartuar nga Instituti Komb\u00ebtar i Trash\u00ebgimis\u00eb Kulturore parashikon nd\u00ebrhyrje konservuese dhe\u2026","rel":"","context":"In &quot;Histori&quot;","block_context":{"text":"Histori","link":"https:\/\/www.shqiperia.com\/blog\/category\/histori\/"},"img":{"alt_text":"","src":"https:\/\/i0.wp.com\/www.shqiperia.com\/blog\/wp-content\/uploads\/2020\/02\/Preze-750x371-1.jpg?fit=698%2C371&ssl=1&resize=350%2C200","width":350,"height":200,"srcset":"https:\/\/i0.wp.com\/www.shqiperia.com\/blog\/wp-content\/uploads\/2020\/02\/Preze-750x371-1.jpg?fit=698%2C371&ssl=1&resize=350%2C200 1x, https:\/\/i0.wp.com\/www.shqiperia.com\/blog\/wp-content\/uploads\/2020\/02\/Preze-750x371-1.jpg?fit=698%2C371&ssl=1&resize=525%2C300 1.5x"},"classes":[]},{"id":25040,"url":"https:\/\/www.shqiperia.com\/blog\/historia-e-kalase-se-gjirokastres\/","url_meta":{"origin":22136,"position":4},"title":"Historia e kalas\u00eb se Gjirokastres.","author":"Kurt Farka","date":"August 23, 2019","format":false,"excerpt":"Historia e kalas\u00eb se Gjirokastres. Kalaja e Gjirokastr\u00ebs, si histori e lidhur me qytetin e Gjirokastr\u00ebs, p\u00ebrmendet p\u00ebr her\u00eb t\u00eb par\u00eb si qytet dhe k\u00ebshtjell\u00eb n\u00eb vitin 1336. N\u00eb k\u00ebto vite, ajo ishte qendra e feudal\u00ebve shqiptar\u00eb zenevis\u00eb. M\u00eb von\u00eb, gjat\u00eb sundimit t\u00eb Gjin Bue Shpat\u00ebs, ajo u p\u00ebrfshi n\u00eb\u2026","rel":"","context":"In &quot;Histori&quot;","block_context":{"text":"Histori","link":"https:\/\/www.shqiperia.com\/blog\/category\/histori\/"},"img":{"alt_text":"","src":"https:\/\/i0.wp.com\/www.shqiperia.com\/blog\/wp-content\/uploads\/2019\/08\/Kalaja-e-Gjirokastres-2-Copy.jpg?fit=1200%2C600&ssl=1&resize=350%2C200","width":350,"height":200,"srcset":"https:\/\/i0.wp.com\/www.shqiperia.com\/blog\/wp-content\/uploads\/2019\/08\/Kalaja-e-Gjirokastres-2-Copy.jpg?fit=1200%2C600&ssl=1&resize=350%2C200 1x, https:\/\/i0.wp.com\/www.shqiperia.com\/blog\/wp-content\/uploads\/2019\/08\/Kalaja-e-Gjirokastres-2-Copy.jpg?fit=1200%2C600&ssl=1&resize=525%2C300 1.5x, https:\/\/i0.wp.com\/www.shqiperia.com\/blog\/wp-content\/uploads\/2019\/08\/Kalaja-e-Gjirokastres-2-Copy.jpg?fit=1200%2C600&ssl=1&resize=700%2C400 2x, https:\/\/i0.wp.com\/www.shqiperia.com\/blog\/wp-content\/uploads\/2019\/08\/Kalaja-e-Gjirokastres-2-Copy.jpg?fit=1200%2C600&ssl=1&resize=1050%2C600 3x"},"classes":[]},{"id":26205,"url":"https:\/\/www.shqiperia.com\/blog\/gjurmeve-te-thesarit-historik-te-filigraneve-te-mocme-ne-prizren\/","url_meta":{"origin":22136,"position":5},"title":"Gjurm\u00ebve t\u00eb thesarit historik t\u00eb filigraneve t\u00eb mo\u00e7me n\u00eb Prizren&#8230;!","author":"Kurt Farka","date":"September 23, 2019","format":false,"excerpt":"Gjurm\u00ebve t\u00eb thesarit historik t\u00eb filigraneve t\u00eb mo\u00e7me n\u00eb Prizren...! Nga Jahja Drancolli. Kosova e sotme \u00e7\u2019prej antikiteti ka zot\u00ebruar m\u00eb kushte t\u00eb ve\u00e7anta p\u00ebr zhvillimin e argjendaris\u00eb ose t\u00eb filigraneve sidomos duke patur parasysh tradit\u00ebn e fuqishme t\u00eb prodhimit t\u00eb bizhuterive bazuar n\u00eb minierat e pasura t\u00eb Trep\u00e7\u00ebs, Janjev\u00ebs\u2026","rel":"","context":"In &quot;Histori&quot;","block_context":{"text":"Histori","link":"https:\/\/www.shqiperia.com\/blog\/category\/histori\/"},"img":{"alt_text":"","src":"https:\/\/i0.wp.com\/www.shqiperia.com\/blog\/wp-content\/uploads\/2019\/09\/Tokez-filigrani-Prizren.jpg?fit=960%2C587&ssl=1&resize=350%2C200","width":350,"height":200,"srcset":"https:\/\/i0.wp.com\/www.shqiperia.com\/blog\/wp-content\/uploads\/2019\/09\/Tokez-filigrani-Prizren.jpg?fit=960%2C587&ssl=1&resize=350%2C200 1x, https:\/\/i0.wp.com\/www.shqiperia.com\/blog\/wp-content\/uploads\/2019\/09\/Tokez-filigrani-Prizren.jpg?fit=960%2C587&ssl=1&resize=525%2C300 1.5x, https:\/\/i0.wp.com\/www.shqiperia.com\/blog\/wp-content\/uploads\/2019\/09\/Tokez-filigrani-Prizren.jpg?fit=960%2C587&ssl=1&resize=700%2C400 2x"},"classes":[]}],"_links":{"self":[{"href":"https:\/\/www.shqiperia.com\/blog\/wp-json\/wp\/v2\/posts\/22136","targetHints":{"allow":["GET"]}}],"collection":[{"href":"https:\/\/www.shqiperia.com\/blog\/wp-json\/wp\/v2\/posts"}],"about":[{"href":"https:\/\/www.shqiperia.com\/blog\/wp-json\/wp\/v2\/types\/post"}],"author":[{"embeddable":true,"href":"https:\/\/www.shqiperia.com\/blog\/wp-json\/wp\/v2\/users\/9"}],"replies":[{"embeddable":true,"href":"https:\/\/www.shqiperia.com\/blog\/wp-json\/wp\/v2\/comments?post=22136"}],"version-history":[{"count":2,"href":"https:\/\/www.shqiperia.com\/blog\/wp-json\/wp\/v2\/posts\/22136\/revisions"}],"predecessor-version":[{"id":22139,"href":"https:\/\/www.shqiperia.com\/blog\/wp-json\/wp\/v2\/posts\/22136\/revisions\/22139"}],"wp:featuredmedia":[{"embeddable":true,"href":"https:\/\/www.shqiperia.com\/blog\/wp-json\/wp\/v2\/media\/22137"}],"wp:attachment":[{"href":"https:\/\/www.shqiperia.com\/blog\/wp-json\/wp\/v2\/media?parent=22136"}],"wp:term":[{"taxonomy":"category","embeddable":true,"href":"https:\/\/www.shqiperia.com\/blog\/wp-json\/wp\/v2\/categories?post=22136"},{"taxonomy":"post_tag","embeddable":true,"href":"https:\/\/www.shqiperia.com\/blog\/wp-json\/wp\/v2\/tags?post=22136"}],"curies":[{"name":"wp","href":"https:\/\/api.w.org\/{rel}","templated":true}]}}