{"id":22126,"date":"2019-06-22T16:00:17","date_gmt":"2019-06-22T16:00:17","guid":{"rendered":"http:\/\/www.shqiperia.com\/blog\/?p=22126"},"modified":"2019-06-22T16:00:17","modified_gmt":"2019-06-22T16:00:17","slug":"gati-te-ribejme-zgjedhjet-majko-flet-per-dekretin-e-metes-ja-kush-e-vendos-legjitimitetin-keshilla-ime-eshte-te-mos","status":"publish","type":"post","link":"https:\/\/www.shqiperia.com\/blog\/gati-te-ribejme-zgjedhjet-majko-flet-per-dekretin-e-metes-ja-kush-e-vendos-legjitimitetin-keshilla-ime-eshte-te-mos\/","title":{"rendered":"\u2018Gati t\u00eb rib\u00ebjm\u00eb zgjedhjet\u2019, Majko flet p\u00ebr dekretin e Met\u00ebs: &#8211; Ja kush e vendos legjitimitetin, k\u00ebshilla ime \u00ebsht\u00eb t\u00eb mos\u2026"},"content":{"rendered":"<p><img data-recalc-dims=\"1\" loading=\"lazy\" decoding=\"async\" data-attachment-id=\"22127\" data-permalink=\"https:\/\/www.shqiperia.com\/blog\/gati-te-ribejme-zgjedhjet-majko-flet-per-dekretin-e-metes-ja-kush-e-vendos-legjitimitetin-keshilla-ime-eshte-te-mos\/majkoh\/\" data-orig-file=\"https:\/\/i0.wp.com\/www.shqiperia.com\/blog\/wp-content\/uploads\/2019\/06\/majkoh.jpg?fit=694%2C392&amp;ssl=1\" data-orig-size=\"694,392\" data-comments-opened=\"1\" data-image-meta=\"{&quot;aperture&quot;:&quot;0&quot;,&quot;credit&quot;:&quot;user&quot;,&quot;camera&quot;:&quot;&quot;,&quot;caption&quot;:&quot;&quot;,&quot;created_timestamp&quot;:&quot;1545395800&quot;,&quot;copyright&quot;:&quot;&quot;,&quot;focal_length&quot;:&quot;0&quot;,&quot;iso&quot;:&quot;0&quot;,&quot;shutter_speed&quot;:&quot;0&quot;,&quot;title&quot;:&quot;&quot;,&quot;orientation&quot;:&quot;0&quot;}\" data-image-title=\"majkoh\" data-image-description=\"\" data-image-caption=\"\" data-medium-file=\"https:\/\/i0.wp.com\/www.shqiperia.com\/blog\/wp-content\/uploads\/2019\/06\/majkoh.jpg?fit=300%2C169&amp;ssl=1\" data-large-file=\"https:\/\/i0.wp.com\/www.shqiperia.com\/blog\/wp-content\/uploads\/2019\/06\/majkoh.jpg?fit=694%2C392&amp;ssl=1\" class=\"alignnone  wp-image-22127\" alt=\"\" src=\"https:\/\/i0.wp.com\/www.shqiperia.com\/blog\/wp-content\/uploads\/2019\/06\/majkoh-300x169.jpg?resize=557%2C314\" width=\"557\" height=\"314\" srcset=\"https:\/\/i0.wp.com\/www.shqiperia.com\/blog\/wp-content\/uploads\/2019\/06\/majkoh.jpg?resize=300%2C169&amp;ssl=1 300w, https:\/\/i0.wp.com\/www.shqiperia.com\/blog\/wp-content\/uploads\/2019\/06\/majkoh.jpg?resize=450%2C254&amp;ssl=1 450w, https:\/\/i0.wp.com\/www.shqiperia.com\/blog\/wp-content\/uploads\/2019\/06\/majkoh.jpg?resize=600%2C339&amp;ssl=1 600w, https:\/\/i0.wp.com\/www.shqiperia.com\/blog\/wp-content\/uploads\/2019\/06\/majkoh.jpg?resize=400%2C226&amp;ssl=1 400w, https:\/\/i0.wp.com\/www.shqiperia.com\/blog\/wp-content\/uploads\/2019\/06\/majkoh.jpg?w=694&amp;ssl=1 694w\" sizes=\"auto, (max-width: 557px) 100vw, 557px\" \/><\/p>\n<p>\u2018Gati t\u00eb rib\u00ebjm\u00eb zgjedhjet\u2019, Majko flet p\u00ebr dekretin e Met\u00ebs: &#8211; Ja kush e vendos legjitimitetin, k\u00ebshilla ime \u00ebsht\u00eb t\u00eb mos\u2026<\/p>\n<p><em>Jun 22 qershor 2019<\/em><\/p>\n<p><strong>Ministri i Diaspor\u00ebs, Pandeli Majko, tha dje se do t\u00eb jet\u00eb Gjykata Kushtetuese, e cila do t\u00eb vendos\u00eb p\u00ebr legjitimitetin ose jo t\u00eb dekretit t\u00eb Presidentit t\u00eb Republik\u00ebs p\u00ebr anulimin e dat\u00ebs s\u00eb zgjedhjeve.<\/strong><\/p>\n<p>I ftuar n\u00eb \u201cMbr\u00ebmje Ide\u201d, Pandeli Majko \u00ebsht\u00eb shprehur se \u201cn\u00ebse kjo do t\u00eb ishte nj\u00eb kriz\u00eb q\u00eb do t\u00eb kishte protagoniste PS-n\u00eb, sinqerisht do e kisha shum\u00eb t\u00eb v\u00ebshtir\u00eb t\u00eb vija sot k\u00ebtu\u201d. Sipas tij, vendi shum\u00eb shpejt do t\u00eb k\u00ebt\u00eb nj\u00eb Gjykat\u00eb Kushtetuese dhe \u00ebsht\u00eb ajo q\u00eb do t\u00eb caktoj\u00eb n\u00ebse ka t\u00eb drejt\u00eb PD-ja apo PS-ja.<\/p>\n<p>\u201cNe shum\u00eb shpejt do t\u00eb kemi nj\u00eb Gjykat\u00eb Kushtetuese. Kjo Gjykat\u00eb jam i bindur q\u00eb do t\u00eb ndaj\u00eb shapin nga sheqeri, n\u00ebse ka t\u00eb drejt\u00eb PD-ja apo PS-ja. N\u00ebse Gjykata thot\u00eb se PS-ja ka shkelur ligjin, ka shkelur dekretin, ka shkelur Kushtetut\u00ebn, ne do t\u00eb shkojm\u00eb p\u00ebrs\u00ebri n\u00eb zgjedhje lokale. Por zgjedhjet lokale do t\u00eb rib\u00ebhen me vendim t\u00eb Gjykat\u00ebs Kushtetuese. Pas Zotit, n\u00eb Shqip\u00ebri vjen Gjykata Kushtetuese. N\u00ebse kjo Gjykat\u00eb Kushtetuese do t\u00eb marr\u00eb k\u00ebt\u00eb vendim, ne do t\u00eb jemi t\u00eb gatsh\u00ebm t\u00eb shkojm\u00eb n\u00eb zgjedhje. Por sot ne askush nuk mund t\u00eb na ndaloj\u00eb dhe t\u00eb na thot\u00eb se ju nuk do t\u00eb shkoni n\u00eb votime\u201d, u shpreh Majko.<\/p>\n<p>Ai u ka b\u00ebr\u00eb thirrje mendjeve t\u00eb kthjell\u00ebta t\u00eb opozit\u00ebs q\u00eb t\u2019i drejtohen Gjykat\u00ebs Kushtetuese.<\/p>\n<p>\u201cK\u00ebshilla ime \u00ebsht\u00eb q\u00eb t\u00eb mos shkohet te p\u00ebrplasja. \u00cbsht\u00eb e paimagjinueshme q\u00eb partia q\u00eb krijoi vot\u00ebn e lir\u00eb pas viteve \u201990, t\u00eb nxjerr\u00eb njer\u00ebzit n\u00eb rrug\u00eb p\u00ebr t\u2019i penguar ata q\u00eb t\u00eb votojn\u00eb. \u00cbsht\u00eb e paimagjinueshme. Prandaj, mendoj se m\u00eb qet\u00ebsi dhe me dashuri ta mendojn\u00eb t\u00eb shtruar dhe ka boll njer\u00ebz t\u00eb men\u00e7ur, t\u00eb shkojn\u00eb nes\u00ebr n\u00eb Gjykat\u00ebn Kushtetuese dhe t\u00eb k\u00ebrkojn\u00eb n\u00ebse jan\u00eb t\u00eb mendimit se dekreti i Presidentit \u00ebsht\u00eb i ligjsh\u00ebm dhe se ne jemi duke b\u00ebr\u00eb zgjedhje t\u00eb paligjshme, t\u00eb shkojn\u00eb n\u00eb Gjykat\u00ebn Kushtetuese dhe jo t\u00eb djegin shkolla\u201d, u shpreh ministri i Diaspor\u00ebs.<\/p>\n<p>Sipas tij, PS sot nuk ka mund\u00ebsi t\u00eb kthehet pas dhe t\u00eb mos zhvilloj\u00eb zgjedhjet e 30 qershorit, por PD ka t\u00eb gjitha mund\u00ebsit\u00eb q\u00eb t\u2019i ankimoj\u00eb ato.<\/p>\n<p>\u201cN\u00ebse kam ardhur sot k\u00ebtu, \u00ebsht\u00eb se asnj\u00eb qytetari nuk i intereson t\u00eb v\u00ebr\u00eb jet\u00ebn n\u00eb rrezik t\u00eb tij dhe t\u00eb familjes s\u00eb tij p\u00ebr politikan\u00ebt shqiptar\u00eb, p\u00ebrfshir\u00eb edhe veten time. Nuk dua t\u00eb dal un\u00eb si delja e bardhe midis t\u00eb zezave sepse edhe un\u00eb kam kusuret e mia bashk\u00eb me t\u00eb tjer\u00ebt. Sot PS-ja nuk ka asnj\u00eb mund\u00ebsi q\u00eb t\u00eb kthehet pas. PD i ka t\u00eb gjitha mund\u00ebsit\u00eb q\u00eb t\u00eb k\u00ebrkojn\u00eb zerimin e procesit zgjedhor n\u00ebse ata mendojn\u00eb se ky proces \u00ebsht\u00eb fals, i paligjsh\u00ebm dhe antikushtetues, le t\u00eb shkojn\u00eb n\u00eb Gjykat\u00eb. T\u00eb shkojn\u00eb n\u00eb Gjykat\u00eb dhe t\u00eb mos nxjerr\u00eb njer\u00ebzit dhe grat\u00eb q\u00eb t\u00eb p\u00ebrplasen me Policin\u00eb\u201d, u shpreh Majko.<\/p>\n<p><img data-recalc-dims=\"1\" loading=\"lazy\" decoding=\"async\" data-attachment-id=\"22128\" data-permalink=\"https:\/\/www.shqiperia.com\/blog\/gati-te-ribejme-zgjedhjet-majko-flet-per-dekretin-e-metes-ja-kush-e-vendos-legjitimitetin-keshilla-ime-eshte-te-mos\/majkoh-2\/\" data-orig-file=\"https:\/\/i0.wp.com\/www.shqiperia.com\/blog\/wp-content\/uploads\/2019\/06\/majkoh-1.jpg?fit=694%2C392&amp;ssl=1\" data-orig-size=\"694,392\" data-comments-opened=\"1\" data-image-meta=\"{&quot;aperture&quot;:&quot;0&quot;,&quot;credit&quot;:&quot;user&quot;,&quot;camera&quot;:&quot;&quot;,&quot;caption&quot;:&quot;&quot;,&quot;created_timestamp&quot;:&quot;1545395800&quot;,&quot;copyright&quot;:&quot;&quot;,&quot;focal_length&quot;:&quot;0&quot;,&quot;iso&quot;:&quot;0&quot;,&quot;shutter_speed&quot;:&quot;0&quot;,&quot;title&quot;:&quot;&quot;,&quot;orientation&quot;:&quot;0&quot;}\" data-image-title=\"majkoh\" data-image-description=\"\" data-image-caption=\"\" data-medium-file=\"https:\/\/i0.wp.com\/www.shqiperia.com\/blog\/wp-content\/uploads\/2019\/06\/majkoh-1.jpg?fit=300%2C169&amp;ssl=1\" data-large-file=\"https:\/\/i0.wp.com\/www.shqiperia.com\/blog\/wp-content\/uploads\/2019\/06\/majkoh-1.jpg?fit=694%2C392&amp;ssl=1\" class=\"alignnone  wp-image-22128\" alt=\"\" src=\"https:\/\/i0.wp.com\/www.shqiperia.com\/blog\/wp-content\/uploads\/2019\/06\/majkoh-1-300x169.jpg?resize=833%2C469\" width=\"833\" height=\"469\" srcset=\"https:\/\/i0.wp.com\/www.shqiperia.com\/blog\/wp-content\/uploads\/2019\/06\/majkoh-1.jpg?resize=300%2C169&amp;ssl=1 300w, https:\/\/i0.wp.com\/www.shqiperia.com\/blog\/wp-content\/uploads\/2019\/06\/majkoh-1.jpg?resize=450%2C254&amp;ssl=1 450w, https:\/\/i0.wp.com\/www.shqiperia.com\/blog\/wp-content\/uploads\/2019\/06\/majkoh-1.jpg?resize=600%2C339&amp;ssl=1 600w, https:\/\/i0.wp.com\/www.shqiperia.com\/blog\/wp-content\/uploads\/2019\/06\/majkoh-1.jpg?resize=400%2C226&amp;ssl=1 400w, https:\/\/i0.wp.com\/www.shqiperia.com\/blog\/wp-content\/uploads\/2019\/06\/majkoh-1.jpg?w=694&amp;ssl=1 694w\" sizes=\"auto, (max-width: 833px) 100vw, 833px\" \/><\/p>\n<p>Gazeta Panorama<\/p>\n","protected":false},"excerpt":{"rendered":"<p>\u2018Gati t\u00eb rib\u00ebjm\u00eb zgjedhjet\u2019, Majko flet p\u00ebr dekretin e Met\u00ebs: &#8211; Ja kush e vendos legjitimitetin, k\u00ebshilla ime \u00ebsht\u00eb t\u00eb mos\u2026 Jun 22 qershor 2019 Ministri i Diaspor\u00ebs, Pandeli Majko, tha dje se do t\u00eb jet\u00eb Gjykata Kushtetuese, e cila do t\u00eb vendos\u00eb p\u00ebr legjitimitetin ose jo t\u00eb dekretit t\u00eb Presidentit t\u00eb Republik\u00ebs p\u00ebr anulimin [&hellip;]<\/p>\n","protected":false},"author":9,"featured_media":22127,"comment_status":"open","ping_status":"open","sticky":false,"template":"","format":"standard","meta":{"jetpack_post_was_ever_published":false,"_jetpack_newsletter_access":"","_jetpack_dont_email_post_to_subs":false,"_jetpack_newsletter_tier_id":0,"_jetpack_memberships_contains_paywalled_content":false,"_jetpack_memberships_contains_paid_content":false,"footnotes":"","jetpack_publicize_message":"","jetpack_publicize_feature_enabled":true,"jetpack_social_post_already_shared":true,"jetpack_social_options":{"image_generator_settings":{"template":"highway","default_image_id":0,"font":"","enabled":false},"version":2}},"categories":[27,1,35],"tags":[],"class_list":["post-22126","post","type-post","status-publish","format-standard","has-post-thumbnail","hentry","category-blogu-i-udhetarit","category-njoftime-shtypi","category-shoqerore"],"jetpack_publicize_connections":[],"jetpack_featured_media_url":"https:\/\/i0.wp.com\/www.shqiperia.com\/blog\/wp-content\/uploads\/2019\/06\/majkoh.jpg?fit=694%2C392&ssl=1","jetpack_sharing_enabled":true,"jetpack_shortlink":"https:\/\/wp.me\/p5Z6wp-5KS","jetpack-related-posts":[{"id":26643,"url":"https:\/\/www.shqiperia.com\/blog\/pas-beogradit-qendron-ariu-i-madh-pandeli-majko-flet-per-situaten-politike-jam-pergatitur-do-shkojme-ne-zgjedhje-nese\/","url_meta":{"origin":22126,"position":0},"title":"\u201cPas Beogradit q\u00ebndron \u2018Ariu i madh\u2019\u201d- Pandeli Majko flet p\u00ebr situat\u00ebn politike: Jam p\u00ebrgatitur. Do shkojm\u00eb n\u00eb zgjedhje n\u00ebse\u2026","author":"Kurt Farka","date":"October 4, 2019","format":false,"excerpt":"\u201cPas Beogradit q\u00ebndron \u2018Ariu i madh\u2019\u201d- Pandeli Majko flet p\u00ebr situat\u00ebn politike: Jam p\u00ebrgatitur. Do shkojm\u00eb n\u00eb zgjedhje n\u00ebse\u2026 4 tetor 2019 Ish-kryeministri Pandeli Majko ka deklaruar se n\u00eb rast se Gjykata Kushtetuese hedh posht\u00eb legjitimitetin e zgjedhjeve t\u00eb 30 qershorit, at\u00ebher\u00eb maxhoranca do shkoj\u00eb n\u00eb zgjedhje. Majko \u00ebsht\u00eb pyetur\u2026","rel":"","context":"In &quot;Blogu i Udh\u00ebtarit&quot;","block_context":{"text":"Blogu i Udh\u00ebtarit","link":"https:\/\/www.shqiperia.com\/blog\/category\/blogu-i-udhetarit\/"},"img":{"alt_text":"","src":"https:\/\/i0.wp.com\/www.shqiperia.com\/blog\/wp-content\/uploads\/2019\/10\/majko1.jpg?fit=959%2C520&ssl=1&resize=350%2C200","width":350,"height":200,"srcset":"https:\/\/i0.wp.com\/www.shqiperia.com\/blog\/wp-content\/uploads\/2019\/10\/majko1.jpg?fit=959%2C520&ssl=1&resize=350%2C200 1x, https:\/\/i0.wp.com\/www.shqiperia.com\/blog\/wp-content\/uploads\/2019\/10\/majko1.jpg?fit=959%2C520&ssl=1&resize=525%2C300 1.5x, https:\/\/i0.wp.com\/www.shqiperia.com\/blog\/wp-content\/uploads\/2019\/10\/majko1.jpg?fit=959%2C520&ssl=1&resize=700%2C400 2x"},"classes":[]},{"id":46042,"url":"https:\/\/www.shqiperia.com\/blog\/si-ta-futi-rama-majko-ne-emisionin-e-humorit-ne-ps-sa-me-shume-punon-aq-me-shume-taksohesh-logoja-ime-rezerve-eshte-ate-19-ten-ku-ta-kesh\/","url_meta":{"origin":22126,"position":1},"title":"Si ta futi Rama? Majko n\u00eb emisionin e humorit: N\u00eb PS sa m\u00eb shum\u00eb punon aq m\u00eb shum\u00eb taksohesh. Logoja ime rezerv\u00eb \u00ebsht\u00eb \u201cat\u00eb 19-t\u00ebn ku ta kesh!\u201d","author":"Kurt Farka","date":"April 4, 2021","format":false,"excerpt":"Si ta futi Rama? Majko n\u00eb emisionin e humorit: N\u00eb PS sa m\u00eb shum\u00eb punon aq m\u00eb shum\u00eb taksohesh. Logoja ime rezerv\u00eb \u00ebsht\u00eb \u201cat\u00eb 19-t\u00ebn ku ta kesh!\u201d 4 prill 2021 Pyetjes \u201cSi ta futi Rama, lihesh ti i 19-ti?!\u201d, Majko iu p\u00ebrgjigj: \u201cKjo \u00ebsht\u00eb arsyeja pse un\u00eb\u2026 Nj\u00eb nga\u2026","rel":"","context":"In &quot;Politika&quot;","block_context":{"text":"Politika","link":"https:\/\/www.shqiperia.com\/blog\/category\/politika\/"},"img":{"alt_text":"","src":"https:\/\/i0.wp.com\/www.shqiperia.com\/blog\/wp-content\/uploads\/2021\/04\/majko-99-500x333-1.jpg?fit=500%2C304&ssl=1&resize=350%2C200","width":350,"height":200},"classes":[]},{"id":46140,"url":"https:\/\/www.shqiperia.com\/blog\/ministri-i-diaspores-pandeli-majko-deklaroi-se-elektorati-i-ps-mund-te-jete-te-merzitur-nga-qeverisja-e-majte\/","url_meta":{"origin":22126,"position":2},"title":"Ministri i Diaspor\u00ebs, Pandeli Majko, deklaroi se elektorati i PS mund t\u00eb jet\u00eb t\u00eb m\u00ebrzitur nga qeverisja e majt\u00eb.","author":"Kurt Farka","date":"April 7, 2021","format":false,"excerpt":"Ministri i Diaspor\u00ebs, Pandeli Majko, deklaroi se elektorati i PS mund t\u00eb jet\u00eb t\u00eb m\u00ebrzitur nga qeverisja e majt\u00eb. 7 prill 2021 I ftuar n\u00eb A2, ish-kryeministri i socialist\u00ebve \u00ebsht\u00eb ka folur dhe p\u00ebr vendimin pse \u2018t\u00eb vjetrit\u2019 e selis\u00eb roz\u00eb jan\u00eb vendosur nga kryeministri Rama n\u00eb \u2018vij\u00ebn e zjarrit\u2019\u2026","rel":"","context":"In &quot;Blogu i Udh\u00ebtarit&quot;","block_context":{"text":"Blogu i Udh\u00ebtarit","link":"https:\/\/www.shqiperia.com\/blog\/category\/blogu-i-udhetarit\/"},"img":{"alt_text":"","src":"https:\/\/i0.wp.com\/www.shqiperia.com\/blog\/wp-content\/uploads\/2021\/04\/Majko-Fushata1.jpg?fit=600%2C400&ssl=1&resize=350%2C200","width":350,"height":200,"srcset":"https:\/\/i0.wp.com\/www.shqiperia.com\/blog\/wp-content\/uploads\/2021\/04\/Majko-Fushata1.jpg?fit=600%2C400&ssl=1&resize=350%2C200 1x, https:\/\/i0.wp.com\/www.shqiperia.com\/blog\/wp-content\/uploads\/2021\/04\/Majko-Fushata1.jpg?fit=600%2C400&ssl=1&resize=525%2C300 1.5x"},"classes":[]},{"id":46029,"url":"https:\/\/www.shqiperia.com\/blog\/pandeli-majko-ben-lufte-klasash-si-trafikant-i-votes-duke-e-trajtuar-komunitetin-e-votuesve-te-ps-si-klientin-e-tij\/","url_meta":{"origin":22126,"position":3},"title":"Pandeli Majko b\u00ebn luft\u00eb klasash si trafikant i vot\u00ebs, duke e trajtuar komunitetin e votuesve t\u00eb PS si klientin e tij.","author":"Kurt Farka","date":"April 4, 2021","format":false,"excerpt":"Pandeli Majko b\u00ebn luft\u00eb klasash si trafikant i vot\u00ebs, duke e trajtuar komunitetin e votuesve t\u00eb PS si klientin e tij. Nga Elida Bu\u00e7papaj Vendi jo i favorsh\u00ebm q\u00eb ka n\u00eb list\u00eb Pandeli Majko e b\u00ebri t\u00eb nd\u00ebrmarr\u00eb nga ato veprimet e tij t\u00eb zakonshme, t\u00eb blej\u00eb elektoratin me paren\u2026","rel":"","context":"In &quot;Politika&quot;","block_context":{"text":"Politika","link":"https:\/\/www.shqiperia.com\/blog\/category\/politika\/"},"img":{"alt_text":"","src":"https:\/\/i0.wp.com\/www.shqiperia.com\/blog\/wp-content\/uploads\/2021\/04\/elikryevepra.jpg?fit=763%2C418&ssl=1&resize=350%2C200","width":350,"height":200,"srcset":"https:\/\/i0.wp.com\/www.shqiperia.com\/blog\/wp-content\/uploads\/2021\/04\/elikryevepra.jpg?fit=763%2C418&ssl=1&resize=350%2C200 1x, https:\/\/i0.wp.com\/www.shqiperia.com\/blog\/wp-content\/uploads\/2021\/04\/elikryevepra.jpg?fit=763%2C418&ssl=1&resize=525%2C300 1.5x, https:\/\/i0.wp.com\/www.shqiperia.com\/blog\/wp-content\/uploads\/2021\/04\/elikryevepra.jpg?fit=763%2C418&ssl=1&resize=700%2C400 2x"},"classes":[]},{"id":88056,"url":"https:\/\/www.shqiperia.com\/blog\/berisha-e-akuzoi-se-u-pergjua-nga-shish-ne-pazaret-me-kriminelet-elektoral-reagon-pandeli-majko-pas-largimit-si-drejtues-politik-i-ps-ne-kukes\/","url_meta":{"origin":22126,"position":4},"title":"Berisha e akuzoi se u p\u00ebrgjua nga SHISH n\u00eb pazaret me kriminel\u00ebt elektoral, reagon Pandeli Majko pas largimit si drejtues Politik i PS n\u00eb Kuk\u00ebs","author":"Kurt Farka","date":"January 6, 2025","format":false,"excerpt":"6 Janar 2025 Pandeli Majko ka reaguar pas largimit si drejtues qarku i PS n\u00eb Kuk\u00ebs dhe i \u00ebsht\u00eb p\u00ebrgjigjur Sali Berish\u00ebs, pasi ky i fundit e akuzoi se u p\u00ebrgjua nga SHISH n\u00eb pazaret me kriminel\u00ebt. Majko shprehet duke th\u00ebn\u00eb se\u00a0\u201cnuk besoj se jam aq i fort\u00eb sa t\u00eb\u2026","rel":"","context":"In &quot;Blogu i Udh\u00ebtarit&quot;","block_context":{"text":"Blogu i Udh\u00ebtarit","link":"https:\/\/www.shqiperia.com\/blog\/category\/blogu-i-udhetarit\/"},"img":{"alt_text":"","src":"https:\/\/i0.wp.com\/www.shqiperia.com\/blog\/wp-content\/uploads\/2025\/01\/berisha-majko-scaled.jpg?fit=1200%2C704&ssl=1&resize=350%2C200","width":350,"height":200,"srcset":"https:\/\/i0.wp.com\/www.shqiperia.com\/blog\/wp-content\/uploads\/2025\/01\/berisha-majko-scaled.jpg?fit=1200%2C704&ssl=1&resize=350%2C200 1x, https:\/\/i0.wp.com\/www.shqiperia.com\/blog\/wp-content\/uploads\/2025\/01\/berisha-majko-scaled.jpg?fit=1200%2C704&ssl=1&resize=525%2C300 1.5x, https:\/\/i0.wp.com\/www.shqiperia.com\/blog\/wp-content\/uploads\/2025\/01\/berisha-majko-scaled.jpg?fit=1200%2C704&ssl=1&resize=700%2C400 2x, https:\/\/i0.wp.com\/www.shqiperia.com\/blog\/wp-content\/uploads\/2025\/01\/berisha-majko-scaled.jpg?fit=1200%2C704&ssl=1&resize=1050%2C600 3x"},"classes":[]},{"id":26722,"url":"https:\/\/www.shqiperia.com\/blog\/majko-i-tregon-te-gjitha-zgjedhjet-jane-blere-per-shtate-pale-qejfe-nje-vote-nga-50-ne-100-euro\/","url_meta":{"origin":22126,"position":5},"title":"Majko i tregon t\u00eb gjitha: &#8211; Zgjedhjet jan\u00eb bler\u00eb p\u00ebr shtat\u00eb pal\u00eb qejfe, nj\u00eb vot\u00eb nga 50 n\u00eb 100 euro. &#8211;","author":"Kurt Farka","date":"October 5, 2019","format":false,"excerpt":"Majko i tregon t\u00eb gjitha: - Zgjedhjet jan\u00eb bler\u00eb p\u00ebr shtat\u00eb pal\u00eb qejfe, nj\u00eb vot\u00eb nga 50 n\u00eb 100 euro. -\u00a0 5 tetor 2019 Ministri i Diaspor\u00ebs, Pandeli Majko, tha dje se n\u00ebse Gjykata Kushtetuese do t\u00eb rr\u00ebzoj\u00eb si antikushtetuese zgjedhjet e 30 qershorit, vendi do t\u00eb shkoj\u00eb n\u00eb zgjedhje\u2026","rel":"","context":"In &quot;Blogu i Udh\u00ebtarit&quot;","block_context":{"text":"Blogu i Udh\u00ebtarit","link":"https:\/\/www.shqiperia.com\/blog\/category\/blogu-i-udhetarit\/"},"img":{"alt_text":"","src":"https:\/\/i0.wp.com\/www.shqiperia.com\/blog\/wp-content\/uploads\/2019\/10\/majko-rama-tahiri-Copy.jpg?fit=914%2C445&ssl=1&resize=350%2C200","width":350,"height":200,"srcset":"https:\/\/i0.wp.com\/www.shqiperia.com\/blog\/wp-content\/uploads\/2019\/10\/majko-rama-tahiri-Copy.jpg?fit=914%2C445&ssl=1&resize=350%2C200 1x, https:\/\/i0.wp.com\/www.shqiperia.com\/blog\/wp-content\/uploads\/2019\/10\/majko-rama-tahiri-Copy.jpg?fit=914%2C445&ssl=1&resize=525%2C300 1.5x, https:\/\/i0.wp.com\/www.shqiperia.com\/blog\/wp-content\/uploads\/2019\/10\/majko-rama-tahiri-Copy.jpg?fit=914%2C445&ssl=1&resize=700%2C400 2x"},"classes":[]}],"_links":{"self":[{"href":"https:\/\/www.shqiperia.com\/blog\/wp-json\/wp\/v2\/posts\/22126","targetHints":{"allow":["GET"]}}],"collection":[{"href":"https:\/\/www.shqiperia.com\/blog\/wp-json\/wp\/v2\/posts"}],"about":[{"href":"https:\/\/www.shqiperia.com\/blog\/wp-json\/wp\/v2\/types\/post"}],"author":[{"embeddable":true,"href":"https:\/\/www.shqiperia.com\/blog\/wp-json\/wp\/v2\/users\/9"}],"replies":[{"embeddable":true,"href":"https:\/\/www.shqiperia.com\/blog\/wp-json\/wp\/v2\/comments?post=22126"}],"version-history":[{"count":1,"href":"https:\/\/www.shqiperia.com\/blog\/wp-json\/wp\/v2\/posts\/22126\/revisions"}],"predecessor-version":[{"id":22129,"href":"https:\/\/www.shqiperia.com\/blog\/wp-json\/wp\/v2\/posts\/22126\/revisions\/22129"}],"wp:featuredmedia":[{"embeddable":true,"href":"https:\/\/www.shqiperia.com\/blog\/wp-json\/wp\/v2\/media\/22127"}],"wp:attachment":[{"href":"https:\/\/www.shqiperia.com\/blog\/wp-json\/wp\/v2\/media?parent=22126"}],"wp:term":[{"taxonomy":"category","embeddable":true,"href":"https:\/\/www.shqiperia.com\/blog\/wp-json\/wp\/v2\/categories?post=22126"},{"taxonomy":"post_tag","embeddable":true,"href":"https:\/\/www.shqiperia.com\/blog\/wp-json\/wp\/v2\/tags?post=22126"}],"curies":[{"name":"wp","href":"https:\/\/api.w.org\/{rel}","templated":true}]}}