{"id":20884,"date":"2019-05-08T13:04:15","date_gmt":"2019-05-08T13:04:15","guid":{"rendered":"http:\/\/www.shqiperia.com\/blog\/?p=20884"},"modified":"2019-05-08T13:07:12","modified_gmt":"2019-05-08T13:07:12","slug":"apollon-bace-monumentet-me-te-rrezikuara-ne-vendin-tone-jane-kishat","status":"publish","type":"post","link":"https:\/\/www.shqiperia.com\/blog\/apollon-bace-monumentet-me-te-rrezikuara-ne-vendin-tone-jane-kishat\/","title":{"rendered":"Apollon Ba\u00e7e: &#8211; Monumentet m\u00eb t\u00eb rrezikuara n\u00eb vendin ton\u00eb jan\u00eb kishat."},"content":{"rendered":"<p><img data-recalc-dims=\"1\" loading=\"lazy\" decoding=\"async\" data-attachment-id=\"20885\" data-permalink=\"https:\/\/www.shqiperia.com\/blog\/apollon-bace-monumentet-me-te-rrezikuara-ne-vendin-tone-jane-kishat\/apolon-bace\/\" data-orig-file=\"https:\/\/i0.wp.com\/www.shqiperia.com\/blog\/wp-content\/uploads\/2019\/05\/Apolon-Bace.jpg?fit=780%2C440&amp;ssl=1\" data-orig-size=\"780,440\" data-comments-opened=\"1\" data-image-meta=\"{&quot;aperture&quot;:&quot;0&quot;,&quot;credit&quot;:&quot;&quot;,&quot;camera&quot;:&quot;&quot;,&quot;caption&quot;:&quot;&quot;,&quot;created_timestamp&quot;:&quot;0&quot;,&quot;copyright&quot;:&quot;&quot;,&quot;focal_length&quot;:&quot;0&quot;,&quot;iso&quot;:&quot;0&quot;,&quot;shutter_speed&quot;:&quot;0&quot;,&quot;title&quot;:&quot;&quot;,&quot;orientation&quot;:&quot;0&quot;}\" data-image-title=\"Apolon Bace\" data-image-description=\"\" data-image-caption=\"&lt;p&gt;Apollon Ba\u00e7e: &#8211; &lt;\/p&gt;\n\" data-medium-file=\"https:\/\/i0.wp.com\/www.shqiperia.com\/blog\/wp-content\/uploads\/2019\/05\/Apolon-Bace.jpg?fit=300%2C169&amp;ssl=1\" data-large-file=\"https:\/\/i0.wp.com\/www.shqiperia.com\/blog\/wp-content\/uploads\/2019\/05\/Apolon-Bace.jpg?fit=780%2C440&amp;ssl=1\" class=\"alignnone wp-image-20885\" alt=\"\" src=\"https:\/\/i0.wp.com\/www.shqiperia.com\/blog\/wp-content\/uploads\/2019\/05\/Apolon-Bace-300x169.jpg?resize=621%2C350\" width=\"621\" height=\"350\" srcset=\"https:\/\/i0.wp.com\/www.shqiperia.com\/blog\/wp-content\/uploads\/2019\/05\/Apolon-Bace.jpg?resize=300%2C169&amp;ssl=1 300w, https:\/\/i0.wp.com\/www.shqiperia.com\/blog\/wp-content\/uploads\/2019\/05\/Apolon-Bace.jpg?resize=768%2C433&amp;ssl=1 768w, https:\/\/i0.wp.com\/www.shqiperia.com\/blog\/wp-content\/uploads\/2019\/05\/Apolon-Bace.jpg?resize=450%2C254&amp;ssl=1 450w, https:\/\/i0.wp.com\/www.shqiperia.com\/blog\/wp-content\/uploads\/2019\/05\/Apolon-Bace.jpg?resize=600%2C338&amp;ssl=1 600w, https:\/\/i0.wp.com\/www.shqiperia.com\/blog\/wp-content\/uploads\/2019\/05\/Apolon-Bace.jpg?resize=400%2C226&amp;ssl=1 400w, https:\/\/i0.wp.com\/www.shqiperia.com\/blog\/wp-content\/uploads\/2019\/05\/Apolon-Bace.jpg?w=780&amp;ssl=1 780w\" sizes=\"auto, (max-width: 621px) 100vw, 621px\" \/><\/p>\n<p><strong>Apollon Ba\u00e7e: &#8211; Monumentet m\u00eb t\u00eb rrezikuara n\u00eb vendin ton\u00eb jan\u00eb kishat.\u00a0<\/strong><\/p>\n<p><em>Ish- drejtori i Institutit t\u00eb Monumenteve t\u00eb Kultur\u00ebs Apollon Ba\u00e7e flet n\u00eb Dit\u00ebn Nd\u00ebrkomb\u00ebtare t\u00eb Monumenteve. Ai shprehet se gjat\u00eb komunizmit monumentet ishin n\u00eb gjendje shum\u00eb t\u00eb mir\u00eb, nd\u00ebrsa sot nuk ndodh kjo. Ba\u00e7e mendon se monumentet m\u00eb t\u00eb rrezikuara jan\u00eb kishat. Nd\u00ebrsa me 6 mln dollar\u00eb mund t\u00eb rregullohen t\u00eb gjitha monumentet n\u00eb vendin ton\u00eb.<\/em><\/p>\n<p>Nga: Valeria Dedaj.<\/p>\n<p>Para 37 vitesh K\u00ebshilli Nd\u00ebrkomb\u00ebtar i Monumenteve vendosi q\u00eb data 18 prill t\u00eb shpallet Dita Nd\u00ebrkomb\u00ebtare p\u00ebr Monumentet. Edhe k\u00ebshtu kjo dit\u00eb \u00e7do vit sh\u00ebnon promovimin e trash\u00ebgimis\u00eb kulturore, duke pasur n\u00eb qend\u00ebr nd\u00ebrgjegj\u00ebsimin p\u00ebr ruajtjen edhe konservimin e saj. Por cila \u00ebsht\u00eb gjendja e monumenteve t\u00eb Kultur\u00ebs n\u00eb Shqip\u00ebri sot, a \u00ebsht\u00eb b\u00ebr\u00eb sa duhet p\u00ebr institucionet n\u00eb k\u00ebt\u00eb drejtim? Ish-drejtori i Institutit t\u00eb Monumenteve t\u00eb Kultur\u00ebs, akademiku Apollon Ba\u00e7e p\u00ebr \u201cReport TV\u201d teksa b\u00ebn nj\u00eb paraleliz\u00ebm t\u00eb situat\u00ebs sot, me at\u00eb q\u00eb ka qen\u00eb gjat\u00eb regjimit komunist, ndalet edhe tek monumentet m\u00eb t\u00eb rrezikuar n\u00eb vendin ton\u00eb.<\/p>\n<p><em>\u00a0\u201cUn\u00eb sistemin e kaluar komunist nuk dua n\u00eb asnj\u00eb m\u00ebnyr\u00eb q\u00eb t\u00eb jet\u00eb prap\u00eb, (i kam kaluar disa dit\u00eb n\u00eb qeli edhe nuk dua q\u00eb t\u00eb jet\u00eb s\u00ebrisht), por as nuk mund t\u00eb them se monumentet at\u00eb koh\u00eb ruheshin keq edhe sot ruhen mir\u00eb. N\u00eb at\u00eb koh\u00eb kan\u00eb qen\u00eb shum\u00eb mir\u00eb sot jan\u00eb shum\u00eb keq. P\u00ebrse? P\u00ebr autoarki apo p\u00ebr identitet nacional nuk e di as vet. Figura e Enver Hoxh\u00ebs kudo del si njeri injorant, por n\u00eb fakt ka qen\u00eb njeri i shkolluar, sikund\u00ebr kjo do t\u00eb thot\u00eb q\u00eb monumentet ruheshin shum\u00eb mir\u00eb\u201d, shprehet Ba\u00e7e.<\/em><\/p>\n<p>Kur ka qen\u00eb drejtor i monumenteve Ba\u00e7e tregon se \u00ebsht\u00eb munduar q\u00eb t\u00eb b\u00ebj\u00eb nj\u00eb reform\u00eb, duke menduar p\u00ebr t\u00eb ardhmen, duke risjell\u00eb sistemin q\u00eb kishte qen\u00eb, ku harxhoheshin tre her\u00eb m\u00eb pak fonde, nd\u00ebrsa mir\u00ebmbajtja\u00a0 e tyre ishte kat\u00ebr her\u00eb m\u00eb mir\u00eb. Por, kjo nuk eci.<br \/>\n<em>\u201cN\u00eb Ballsh \u00ebsht\u00eb kisha paloekristiane. Roja paguhej me 700 dollar\u00eb n\u00eb vit, por u hoq ky sistem dhe me tender paguheshin 10 mij\u00eb euro, ku vinin 20 vet e pastronin e pastaj gjith\u00eb koh\u00ebs ishte e pist\u00eb. Tenderi \u00ebsht\u00eb nj\u00eb nga gj\u00ebrat m\u00eb shkat\u00ebrruese tek ne, sepse 10 p\u00ebr qind t\u00eb asaj e merr ai q\u00eb b\u00ebn tenderin. Ajo q\u00eb nuk funksionon nj\u00eb gj\u00eb nuk ec\u00ebn asgj\u00eb\u201d, thot\u00eb arkeologu Ba\u00e7e.<\/em><\/p>\n<div id=\"attachment_20885\" style=\"width: 837px\" class=\"wp-caption alignnone\"><img data-recalc-dims=\"1\" loading=\"lazy\" decoding=\"async\" aria-describedby=\"caption-attachment-20885\" data-attachment-id=\"20885\" data-permalink=\"https:\/\/www.shqiperia.com\/blog\/apollon-bace-monumentet-me-te-rrezikuara-ne-vendin-tone-jane-kishat\/apolon-bace\/\" data-orig-file=\"https:\/\/i0.wp.com\/www.shqiperia.com\/blog\/wp-content\/uploads\/2019\/05\/Apolon-Bace.jpg?fit=780%2C440&amp;ssl=1\" data-orig-size=\"780,440\" data-comments-opened=\"1\" data-image-meta=\"{&quot;aperture&quot;:&quot;0&quot;,&quot;credit&quot;:&quot;&quot;,&quot;camera&quot;:&quot;&quot;,&quot;caption&quot;:&quot;&quot;,&quot;created_timestamp&quot;:&quot;0&quot;,&quot;copyright&quot;:&quot;&quot;,&quot;focal_length&quot;:&quot;0&quot;,&quot;iso&quot;:&quot;0&quot;,&quot;shutter_speed&quot;:&quot;0&quot;,&quot;title&quot;:&quot;&quot;,&quot;orientation&quot;:&quot;0&quot;}\" data-image-title=\"Apolon Bace\" data-image-description=\"\" data-image-caption=\"&lt;p&gt;Apollon Ba\u00e7e: &#8211; &lt;\/p&gt;\n\" data-medium-file=\"https:\/\/i0.wp.com\/www.shqiperia.com\/blog\/wp-content\/uploads\/2019\/05\/Apolon-Bace.jpg?fit=300%2C169&amp;ssl=1\" data-large-file=\"https:\/\/i0.wp.com\/www.shqiperia.com\/blog\/wp-content\/uploads\/2019\/05\/Apolon-Bace.jpg?fit=780%2C440&amp;ssl=1\" class=\" wp-image-20885\" alt=\"\" src=\"https:\/\/i0.wp.com\/www.shqiperia.com\/blog\/wp-content\/uploads\/2019\/05\/Apolon-Bace-300x169.jpg?resize=827%2C466\" width=\"827\" height=\"466\" srcset=\"https:\/\/i0.wp.com\/www.shqiperia.com\/blog\/wp-content\/uploads\/2019\/05\/Apolon-Bace.jpg?resize=300%2C169&amp;ssl=1 300w, https:\/\/i0.wp.com\/www.shqiperia.com\/blog\/wp-content\/uploads\/2019\/05\/Apolon-Bace.jpg?resize=768%2C433&amp;ssl=1 768w, https:\/\/i0.wp.com\/www.shqiperia.com\/blog\/wp-content\/uploads\/2019\/05\/Apolon-Bace.jpg?resize=450%2C254&amp;ssl=1 450w, https:\/\/i0.wp.com\/www.shqiperia.com\/blog\/wp-content\/uploads\/2019\/05\/Apolon-Bace.jpg?resize=600%2C338&amp;ssl=1 600w, https:\/\/i0.wp.com\/www.shqiperia.com\/blog\/wp-content\/uploads\/2019\/05\/Apolon-Bace.jpg?resize=400%2C226&amp;ssl=1 400w, https:\/\/i0.wp.com\/www.shqiperia.com\/blog\/wp-content\/uploads\/2019\/05\/Apolon-Bace.jpg?w=780&amp;ssl=1 780w\" sizes=\"auto, (max-width: 827px) 100vw, 827px\" \/><p id=\"caption-attachment-20885\" class=\"wp-caption-text\">Apollon Ba\u00e7e: &#8211;<\/p><\/div>\n<p>Ba\u00e7e teksa shprehet se tender\u00ebt q\u00eb jepen her\u00eb pas her\u00eb p\u00ebr mir\u00ebmbajtjen e monumenteve\u00a0 nuk \u00ebsht\u00eb zgjedhja e duhur, ndalet edhe tek monumentet q\u00eb jan\u00eb n\u00eb rrezik.<\/p>\n<p><em>\u00a0\u201cKishat jan\u00eb m\u00eb delikate. Nj\u00eb popull q\u00eb nuk njeh t\u00eb shkuar\u00ebn e tij duhet q\u00eb t\u00eb ket\u00eb frik\u00eb nga e ardhmja. Pak a shum\u00eb q\u00eb t\u00eb gjitha jan\u00eb s\u00ebmur\u00eb, por dikush ka rruf\u00eb edhe dikush ka apandesit\u00eb akut, m\u00eb tep\u00ebr p\u00ebr mua m\u00eb delikate jan\u00eb kishat, sepse nj\u00eb kala n\u00ebse ik\u00ebn nj\u00eb gur\u00eb rregullohet, nd\u00ebrsa aty po ik\u00ebn \u00e7atia ik\u00ebn piktura. Piktura pasbizantine tek ne me Onufrin dhe Nikoll\u00ebn \u00ebsht\u00eb m\u00eb e bukura n\u00eb bot\u00eb, por ne nuk kemi koshient\u00eb p\u00ebr k\u00ebt\u00eb piktur\u00eb\u201d, thot\u00eb Ba\u00e7e.<\/em><\/p>\n<p>Nd\u00ebrgjegj\u00ebsimi sipas tij b\u00ebhen n\u00eb m\u00ebnyr\u00eb t\u00eb centralizuar, jo vet\u00ebm nga IMK.<\/p>\n<p><em>\u00a0\u201cMendoj se kjo gj\u00eb b\u00ebhet n\u00eb m\u00ebnyr\u00eb t\u00eb centralizuar. Nuk mundet q\u00eb t\u2019i k\u00ebrkohet Institutit t\u00eb Monumenteve, sot mund t\u00eb jet\u00eb m\u00eb mir\u00eb sa ka qen\u00eb n\u00eb kalimin e kaluar. Me 6 mln dollar\u00eb q\u00eb Edi Rama b\u00ebn Velier\u00ebn, sh\u00ebmton Durr\u00ebsin edhe shkel ligjet, se n\u00eb zon\u00ebn A askush nuk mundet q\u00eb t\u00eb hyj\u00eb. Me 6 mln dollar\u00eb rregullohen t\u00eb gjitha monumentet e kultur\u00ebs n\u00eb vend\u201d, vijon Ba\u00e7e.<\/em><\/p>\n<p>Nd\u00ebrsa, sa i p\u00ebrket munges\u00ebs s\u00eb specialist\u00ebve ai p\u00ebrfundon, se n\u00eb vendin ton\u00eb specialist\u00eb t\u00eb p\u00ebrgatitur ka, por sa her\u00eb q\u00eb nd\u00ebrrohen qeverit\u00eb shkarkohen edhe ata.<\/p>\n<p><em>\u201cKur kam qen\u00eb drejtor IMK u p\u00ebrgatit nj\u00eb brez shum\u00eb i mir\u00eb i piktor\u00ebve dhe i arkitekt\u00ebve, nuk mund t\u00eb them se shk\u00eblqenin nga ana shkencore, por nga ana profesionale ishin shum\u00eb mir\u00eb. Kur kam shkuar n\u00eb institut, pash\u00eb se nuk ishte asnj\u00eb nga k\u00ebta, jan\u00eb hequr\u201d, p\u00ebrfundon ai.<\/em><\/p>\n<p>T\u00eb gjitha vizitat n\u00eb institucionet n\u00eb var\u00ebsi t\u00eb Ministris\u00eb s\u00eb Kultur\u00ebs n\u00eb k\u00ebt\u00eb dit\u00eb jan\u00eb falas.<\/p>\n<p>Gazeta Shqiptarja.Com<\/p>\n","protected":false},"excerpt":{"rendered":"<p>Apollon Ba\u00e7e: &#8211; Monumentet m\u00eb t\u00eb rrezikuara n\u00eb vendin ton\u00eb jan\u00eb kishat.\u00a0 Ish- drejtori i Institutit t\u00eb Monumenteve t\u00eb Kultur\u00ebs Apollon Ba\u00e7e flet n\u00eb Dit\u00ebn Nd\u00ebrkomb\u00ebtare t\u00eb Monumenteve. Ai shprehet se gjat\u00eb komunizmit monumentet ishin n\u00eb gjendje shum\u00eb t\u00eb mir\u00eb, nd\u00ebrsa sot nuk ndodh kjo. Ba\u00e7e mendon se monumentet m\u00eb t\u00eb rrezikuara jan\u00eb kishat. Nd\u00ebrsa [&hellip;]<\/p>\n","protected":false},"author":9,"featured_media":20885,"comment_status":"open","ping_status":"open","sticky":false,"template":"","format":"standard","meta":{"jetpack_post_was_ever_published":false,"_jetpack_newsletter_access":"","_jetpack_dont_email_post_to_subs":false,"_jetpack_newsletter_tier_id":0,"_jetpack_memberships_contains_paywalled_content":false,"_jetpack_memberships_contains_paid_content":false,"footnotes":"","jetpack_publicize_message":"","jetpack_publicize_feature_enabled":true,"jetpack_social_post_already_shared":true,"jetpack_social_options":{"image_generator_settings":{"template":"highway","default_image_id":0,"font":"","enabled":false},"version":2}},"categories":[27,10,86],"tags":[],"class_list":["post-20884","post","type-post","status-publish","format-standard","has-post-thumbnail","hentry","category-blogu-i-udhetarit","category-kultura","category-trashegimi-kulturore"],"jetpack_publicize_connections":[],"jetpack_featured_media_url":"https:\/\/i0.wp.com\/www.shqiperia.com\/blog\/wp-content\/uploads\/2019\/05\/Apolon-Bace.jpg?fit=780%2C440&ssl=1","jetpack_sharing_enabled":true,"jetpack_shortlink":"https:\/\/wp.me\/p5Z6wp-5qQ","jetpack-related-posts":[{"id":10251,"url":"https:\/\/www.shqiperia.com\/blog\/restaurimet-e-gabuara-po-shkaterrojne-monumentet-e-kultures-specialistet-denoncojne-skandalet-nga-viti-2013-2018\/","url_meta":{"origin":20884,"position":0},"title":"Restaurimet e gabuara po shkat\u00ebrrojn\u00eb monumentet e kultur\u00ebs, specialist\u00ebt denoncojn\u00eb skandalet nga viti 2013-2018","author":"Kurt Farka","date":"July 25, 2018","format":false,"excerpt":"Restaurimet e gabuara po shkat\u00ebrrojn\u00eb monumentet e kultur\u00ebs, specialist\u00ebt denoncojn\u00eb skandalet nga viti 2013-2018 Punimet restauruese dhe nd\u00ebrhyrjet e gabuara n\u00eb monumentet e kultur\u00ebs p\u00ebr specialist\u00ebt e trash\u00ebgimis\u00eb kulturore jan\u00eb p\u00ebrgjegj\u00ebsi e\u00a0 Ministris\u00eb s\u00eb Kultur\u00ebs. Nga veriu n\u00eb jug t\u00eb vendit nd\u00ebrhyrjet e gabuara n\u00eb monumentet e kultur\u00ebs n\u00eb 5\u2026","rel":"","context":"In &quot;Histori&quot;","block_context":{"text":"Histori","link":"https:\/\/www.shqiperia.com\/blog\/category\/histori\/"},"img":{"alt_text":"","src":"https:\/\/i0.wp.com\/www.shqiperia.com\/blog\/wp-content\/uploads\/2018\/07\/kruja.jpg?fit=700%2C523&ssl=1&resize=350%2C200","width":350,"height":200,"srcset":"https:\/\/i0.wp.com\/www.shqiperia.com\/blog\/wp-content\/uploads\/2018\/07\/kruja.jpg?fit=700%2C523&ssl=1&resize=350%2C200 1x, https:\/\/i0.wp.com\/www.shqiperia.com\/blog\/wp-content\/uploads\/2018\/07\/kruja.jpg?fit=700%2C523&ssl=1&resize=525%2C300 1.5x, https:\/\/i0.wp.com\/www.shqiperia.com\/blog\/wp-content\/uploads\/2018\/07\/kruja.jpg?fit=700%2C523&ssl=1&resize=700%2C400 2x"},"classes":[]},{"id":30875,"url":"https:\/\/www.shqiperia.com\/blog\/specialistet-kishat-te-rrezikuara-po-zhduken-afresket-institucionet-pergjegjese-te-drejtuar-nga-inkompetente\/","url_meta":{"origin":20884,"position":1},"title":"Specialist\u00ebt: &#8211; Kishat t\u00eb rrezikuara, po zhduken afresket, institucionet p\u00ebrgjegj\u00ebse t\u00eb drejtuar nga inkompetent\u00eb.","author":"Kurt Farka","date":"January 30, 2020","format":false,"excerpt":"Specialist\u00ebt: - Kishat t\u00eb rrezikuara, po zhduken afresket, institucionet p\u00ebrgjegj\u00ebse t\u00eb drejtuar nga inkompetent\u00eb NGA JULIA VRAPI 18 JANAR 2020 Monumentet n\u00eb vend jan\u00eb n\u00eb degradim, por institucionet p\u00ebrgjegj\u00ebse t\u00eb trash\u00ebgimis\u00eb kulturore nuk kan\u00eb as specialist\u00ebt e duhur. Mungojn\u00eb projektet dhe nd\u00ebrhyrjet, q\u00eb duhet p\u00ebr monumentet e kultur\u00ebs, ku p\u00ebrball\u00eb\u2026","rel":"","context":"In &quot;Arte&quot;","block_context":{"text":"Arte","link":"https:\/\/www.shqiperia.com\/blog\/category\/arte\/"},"img":{"alt_text":"","src":"https:\/\/i0.wp.com\/www.shqiperia.com\/blog\/wp-content\/uploads\/2020\/01\/800-0-5e22a2e13df72.jpg?fit=545%2C318&ssl=1&resize=350%2C200","width":350,"height":200,"srcset":"https:\/\/i0.wp.com\/www.shqiperia.com\/blog\/wp-content\/uploads\/2020\/01\/800-0-5e22a2e13df72.jpg?fit=545%2C318&ssl=1&resize=350%2C200 1x, https:\/\/i0.wp.com\/www.shqiperia.com\/blog\/wp-content\/uploads\/2020\/01\/800-0-5e22a2e13df72.jpg?fit=545%2C318&ssl=1&resize=525%2C300 1.5x"},"classes":[]},{"id":70951,"url":"https:\/\/www.shqiperia.com\/blog\/jaho-brahaj-ministria-e-kultures-te-lere-punen-nepermjet-facebook-por-te-beje-punen-qe-duhet-per-monumentet-e-kultures\/","url_meta":{"origin":20884,"position":2},"title":"Jaho Brahaj: &#8211; Ministria e Kultur\u00ebs t\u00eb l\u00ebr\u00eb pun\u00ebn n\u00ebp\u00ebrmjet Facebook, por t\u00eb b\u00ebj\u00eb pun\u00ebn q\u00eb duhet p\u00ebr monumentet e kultur\u00ebs","author":"Kurt Farka","date":"April 21, 2023","format":false,"excerpt":"Gazeta Sot 20 Prill 20233 Ministrja \u00ebsht\u00eb kthyer n\u00eb ministre e Facebookut. Mir\u00ebmbajtja dhe restaurimi i monumenteve t\u00eb kultur\u00ebs p\u00ebr specialist\u00eb t\u00eb ndrysh\u00ebm ka shum\u00eb r\u00ebnd\u00ebsi, por sipas tyre nga institucionet duhet treguar m\u00eb kujdes. Dita Nd\u00ebrkomb\u00ebtare e Monumenteve dhe Siteve Arkeologjike sh\u00ebnohet m\u00eb18 prill, por k\u00ebt\u00eb dit\u00eb studiuesi Jaho\u2026","rel":"","context":"In &quot;Blogu i Udh\u00ebtarit&quot;","block_context":{"text":"Blogu i Udh\u00ebtarit","link":"https:\/\/www.shqiperia.com\/blog\/category\/blogu-i-udhetarit\/"},"img":{"alt_text":"","src":"https:\/\/i0.wp.com\/www.shqiperia.com\/blog\/wp-content\/uploads\/2023\/04\/Jaho-Brahaj.jpg?fit=800%2C535&ssl=1&resize=350%2C200","width":350,"height":200,"srcset":"https:\/\/i0.wp.com\/www.shqiperia.com\/blog\/wp-content\/uploads\/2023\/04\/Jaho-Brahaj.jpg?fit=800%2C535&ssl=1&resize=350%2C200 1x, https:\/\/i0.wp.com\/www.shqiperia.com\/blog\/wp-content\/uploads\/2023\/04\/Jaho-Brahaj.jpg?fit=800%2C535&ssl=1&resize=525%2C300 1.5x, https:\/\/i0.wp.com\/www.shqiperia.com\/blog\/wp-content\/uploads\/2023\/04\/Jaho-Brahaj.jpg?fit=800%2C535&ssl=1&resize=700%2C400 2x"},"classes":[]},{"id":18122,"url":"https:\/\/www.shqiperia.com\/blog\/specialistet-e-trashegimise-japin-alarmin-po-humbasim-monumentet-kulturore-duhet-nderhyrje-emergjente-ne-shkoder-dhe-lezhe\/","url_meta":{"origin":20884,"position":3},"title":"Specialist\u00ebt e trash\u00ebgimis\u00eb japin alarmin: Po humbasim monumentet kulturore, duhet nd\u00ebrhyrje emergjente n\u00eb Shkod\u00ebr dhe Lezh\u00eb","author":"Kurt Farka","date":"March 8, 2019","format":false,"excerpt":"Specialist\u00ebt e trash\u00ebgimis\u00eb japin alarmin: Po humbasim monumentet kulturore, duhet nd\u00ebrhyrje emergjente n\u00eb Shkod\u00ebr dhe Lezh\u00eb \u00a0 Monumentet e kultur\u00ebs n\u00eb vend rrezikojn\u00eb jo pak, t\u00eb l\u00ebna prej vitesh pa nd\u00ebrhyrje dhe projekte restaurimi sot nj\u00eb pjes\u00eb e tyre l\u00ebn\u00eb p\u00ebr t\u00eb d\u00ebshiruar. Sipas specialist\u00ebve t\u00eb trash\u00ebgimis\u00eb, Ministria e Kultur\u00ebs\u2026","rel":"","context":"In &quot;Histori&quot;","block_context":{"text":"Histori","link":"https:\/\/www.shqiperia.com\/blog\/category\/histori\/"},"img":{"alt_text":"","src":"https:\/\/i0.wp.com\/www.shqiperia.com\/blog\/wp-content\/uploads\/2019\/03\/53421314_2253608907994235_6853213752104321024_n.jpg?fit=960%2C340&ssl=1&resize=350%2C200","width":350,"height":200,"srcset":"https:\/\/i0.wp.com\/www.shqiperia.com\/blog\/wp-content\/uploads\/2019\/03\/53421314_2253608907994235_6853213752104321024_n.jpg?fit=960%2C340&ssl=1&resize=350%2C200 1x, https:\/\/i0.wp.com\/www.shqiperia.com\/blog\/wp-content\/uploads\/2019\/03\/53421314_2253608907994235_6853213752104321024_n.jpg?fit=960%2C340&ssl=1&resize=525%2C300 1.5x, https:\/\/i0.wp.com\/www.shqiperia.com\/blog\/wp-content\/uploads\/2019\/03\/53421314_2253608907994235_6853213752104321024_n.jpg?fit=960%2C340&ssl=1&resize=700%2C400 2x"},"classes":[]},{"id":27653,"url":"https:\/\/www.shqiperia.com\/blog\/kishat-te-rrezikuara-kliti-kallamata-jep-alarmin-trashegimia-po-humbet-cdo-dite\/","url_meta":{"origin":20884,"position":4},"title":"Kishat t\u00eb rrezikuara, Kliti Kallamata jep alarmin: Trash\u00ebgimia po humbet \u00e7do dit\u00eb. &#8211;","author":"Kurt Farka","date":"November 3, 2019","format":false,"excerpt":"Kishat t\u00eb rrezikuara, Kliti Kallamata jep alarmin: Trash\u00ebgimia po humbet \u00e7do dit\u00eb. - 02\/11\/2019 Monumentet e kultur\u00ebs n\u00eb vend jan\u00eb jo pak t\u00eb rrezikuara. Mungesa e nd\u00ebrhyrjeve nd\u00ebr vite ka b\u00ebr\u00eb q\u00eb degradimi i tyre t\u00eb vazhdoj\u00eb dhe sipas specialist\u00ebve t\u00eb fush\u00eb kjo tregon q\u00eb nga institucionet ka munguar kujdesi\u2026","rel":"","context":"In &quot;Blogu i Udh\u00ebtarit&quot;","block_context":{"text":"Blogu i Udh\u00ebtarit","link":"https:\/\/www.shqiperia.com\/blog\/category\/blogu-i-udhetarit\/"},"img":{"alt_text":"","src":"https:\/\/i0.wp.com\/www.shqiperia.com\/blog\/wp-content\/uploads\/2019\/11\/Kisha-e-Shen-Thanasit-905x395.jpg?fit=905%2C395&ssl=1&resize=350%2C200","width":350,"height":200,"srcset":"https:\/\/i0.wp.com\/www.shqiperia.com\/blog\/wp-content\/uploads\/2019\/11\/Kisha-e-Shen-Thanasit-905x395.jpg?fit=905%2C395&ssl=1&resize=350%2C200 1x, https:\/\/i0.wp.com\/www.shqiperia.com\/blog\/wp-content\/uploads\/2019\/11\/Kisha-e-Shen-Thanasit-905x395.jpg?fit=905%2C395&ssl=1&resize=525%2C300 1.5x, https:\/\/i0.wp.com\/www.shqiperia.com\/blog\/wp-content\/uploads\/2019\/11\/Kisha-e-Shen-Thanasit-905x395.jpg?fit=905%2C395&ssl=1&resize=700%2C400 2x"},"classes":[]},{"id":5093,"url":"https:\/\/www.shqiperia.com\/blog\/organizata-europa-nostra-klasifikon-kishat-e-voskopojes-dhe-te-vithkuqit-ne-listen-e-7-monumenteve-te-rrezikuara-ne-europe\/","url_meta":{"origin":20884,"position":5},"title":"Organizata \u201cEuropa Nostra\u201d klasifikon kishat e Voskopoj\u00ebs dhe t\u00eb Vithkuqit n\u00eb list\u00ebn e 7 monumenteve m\u00eb t\u00eb rrezikuara n\u00eb Europ\u00eb. &#8211;","author":"Kurt Farka","date":"March 17, 2018","format":false,"excerpt":"\u00a0 K\u00ebrc\u00ebnimi kryesor \u00ebsht\u00eb neglizhenca totale e administrat\u00ebs p\u00ebrgjegj\u00ebse, pra Ministria e Kultur\u00ebs Instituti i Monumenteve t\u00eb Kultur\u00ebs. Nga: Julia Vrapi \u00a0 \u00a0 Kishat e Voskopoj\u00ebs e Vithkuqit n\u00eb list\u00ebn e 7 m\u00eb t\u00eb rrezikuarave n\u00eb Europ\u00eb. Gjat\u00eb Vitit Europian t\u00eb Trash\u00ebgimis\u00eb Kulturore, \u201cEuropa Nostra\u201d organizata kryesore e trash\u00ebgimis\u00eb n\u00eb\u2026","rel":"","context":"In &quot;Trashegimi Kulturore&quot;","block_context":{"text":"Trashegimi Kulturore","link":"https:\/\/www.shqiperia.com\/blog\/category\/trashegimi-kulturore\/"},"img":{"alt_text":"","src":"https:\/\/i0.wp.com\/www.shqiperia.com\/blog\/wp-content\/uploads\/2018\/03\/kishat-e-voskopojes-4-1.jpg?fit=480%2C322&ssl=1&resize=350%2C200","width":350,"height":200},"classes":[]}],"_links":{"self":[{"href":"https:\/\/www.shqiperia.com\/blog\/wp-json\/wp\/v2\/posts\/20884","targetHints":{"allow":["GET"]}}],"collection":[{"href":"https:\/\/www.shqiperia.com\/blog\/wp-json\/wp\/v2\/posts"}],"about":[{"href":"https:\/\/www.shqiperia.com\/blog\/wp-json\/wp\/v2\/types\/post"}],"author":[{"embeddable":true,"href":"https:\/\/www.shqiperia.com\/blog\/wp-json\/wp\/v2\/users\/9"}],"replies":[{"embeddable":true,"href":"https:\/\/www.shqiperia.com\/blog\/wp-json\/wp\/v2\/comments?post=20884"}],"version-history":[{"count":2,"href":"https:\/\/www.shqiperia.com\/blog\/wp-json\/wp\/v2\/posts\/20884\/revisions"}],"predecessor-version":[{"id":20887,"href":"https:\/\/www.shqiperia.com\/blog\/wp-json\/wp\/v2\/posts\/20884\/revisions\/20887"}],"wp:featuredmedia":[{"embeddable":true,"href":"https:\/\/www.shqiperia.com\/blog\/wp-json\/wp\/v2\/media\/20885"}],"wp:attachment":[{"href":"https:\/\/www.shqiperia.com\/blog\/wp-json\/wp\/v2\/media?parent=20884"}],"wp:term":[{"taxonomy":"category","embeddable":true,"href":"https:\/\/www.shqiperia.com\/blog\/wp-json\/wp\/v2\/categories?post=20884"},{"taxonomy":"post_tag","embeddable":true,"href":"https:\/\/www.shqiperia.com\/blog\/wp-json\/wp\/v2\/tags?post=20884"}],"curies":[{"name":"wp","href":"https:\/\/api.w.org\/{rel}","templated":true}]}}