{"id":20872,"date":"2019-05-08T10:00:39","date_gmt":"2019-05-08T10:00:39","guid":{"rendered":"http:\/\/www.shqiperia.com\/blog\/?p=20872"},"modified":"2019-05-08T10:00:39","modified_gmt":"2019-05-08T10:00:39","slug":"analiza-e-artur-zhejit-pse-rama-tashme-eshte-e-shkuara-dhe-do-te-ike-do-apo-sdo","status":"publish","type":"post","link":"https:\/\/www.shqiperia.com\/blog\/analiza-e-artur-zhejit-pse-rama-tashme-eshte-e-shkuara-dhe-do-te-ike-do-apo-sdo\/","title":{"rendered":"Analiza e Artur Zhejit: &#8211; Pse Rama tashm\u00eb \u00ebsht\u00eb e shkuara dhe do t\u00eb ik\u00eb, do apo s\u2019do?"},"content":{"rendered":"<div id=\"attachment_20873\" style=\"width: 480px\" class=\"wp-caption alignnone\"><img data-recalc-dims=\"1\" loading=\"lazy\" decoding=\"async\" aria-describedby=\"caption-attachment-20873\" data-attachment-id=\"20873\" data-permalink=\"https:\/\/www.shqiperia.com\/blog\/analiza-e-artur-zhejit-pse-rama-tashme-eshte-e-shkuara-dhe-do-te-ike-do-apo-sdo\/ramiu3-1\/\" data-orig-file=\"https:\/\/i0.wp.com\/www.shqiperia.com\/blog\/wp-content\/uploads\/2019\/05\/ramiu3-1.png?fit=830%2C446&amp;ssl=1\" data-orig-size=\"830,446\" data-comments-opened=\"1\" data-image-meta=\"{&quot;aperture&quot;:&quot;0&quot;,&quot;credit&quot;:&quot;&quot;,&quot;camera&quot;:&quot;&quot;,&quot;caption&quot;:&quot;&quot;,&quot;created_timestamp&quot;:&quot;0&quot;,&quot;copyright&quot;:&quot;&quot;,&quot;focal_length&quot;:&quot;0&quot;,&quot;iso&quot;:&quot;0&quot;,&quot;shutter_speed&quot;:&quot;0&quot;,&quot;title&quot;:&quot;&quot;,&quot;orientation&quot;:&quot;0&quot;}\" data-image-title=\"rama\" data-image-description=\"\" data-image-caption=\"&lt;p&gt;rama&lt;\/p&gt;\n\" data-medium-file=\"https:\/\/i0.wp.com\/www.shqiperia.com\/blog\/wp-content\/uploads\/2019\/05\/ramiu3-1.png?fit=300%2C161&amp;ssl=1\" data-large-file=\"https:\/\/i0.wp.com\/www.shqiperia.com\/blog\/wp-content\/uploads\/2019\/05\/ramiu3-1.png?fit=830%2C446&amp;ssl=1\" class=\" wp-image-20873\" alt=\"\" src=\"https:\/\/i0.wp.com\/www.shqiperia.com\/blog\/wp-content\/uploads\/2019\/05\/ramiu3-1-300x161.png?resize=470%2C252\" width=\"470\" height=\"252\" srcset=\"https:\/\/i0.wp.com\/www.shqiperia.com\/blog\/wp-content\/uploads\/2019\/05\/ramiu3-1.png?resize=300%2C161&amp;ssl=1 300w, https:\/\/i0.wp.com\/www.shqiperia.com\/blog\/wp-content\/uploads\/2019\/05\/ramiu3-1.png?resize=768%2C413&amp;ssl=1 768w, https:\/\/i0.wp.com\/www.shqiperia.com\/blog\/wp-content\/uploads\/2019\/05\/ramiu3-1.png?resize=450%2C242&amp;ssl=1 450w, https:\/\/i0.wp.com\/www.shqiperia.com\/blog\/wp-content\/uploads\/2019\/05\/ramiu3-1.png?resize=600%2C322&amp;ssl=1 600w, https:\/\/i0.wp.com\/www.shqiperia.com\/blog\/wp-content\/uploads\/2019\/05\/ramiu3-1.png?resize=400%2C215&amp;ssl=1 400w, https:\/\/i0.wp.com\/www.shqiperia.com\/blog\/wp-content\/uploads\/2019\/05\/ramiu3-1.png?w=830&amp;ssl=1 830w\" sizes=\"auto, (max-width: 470px) 100vw, 470px\" \/><p id=\"caption-attachment-20873\" class=\"wp-caption-text\">rama<\/p><\/div>\n<p>Analiza e Artur Zhejit: &#8211; Pse Rama tashm\u00eb \u00ebsht\u00eb e shkuara dhe do t\u00eb ik\u00eb, do apo s\u2019do?<\/p>\n<p><em>\u00a08 maji 2019<\/em><\/p>\n<p><span>\u00a0<\/span><\/p>\n<p><strong>Nga Artur ZHEJI<\/strong><\/p>\n<p>S\u00ebpari karriera politike dhe jo vet\u00ebm e kryeministrit t\u00eb sot\u00ebm \u00ebsht\u00eb e pabesueshme, p\u00ebr nga volumi, kapja dhe mbajtja e p\u00ebrs\u00ebritur e posteve t\u00eb larta. P\u00ebr nga zot\u00ebsia e pazakont\u00eb dhe e mrekullueshme, p\u00ebr tu kacavirur n\u00eb pushtet, me nj\u00eb k\u00ebmb\u00ebngulje t\u00eb admirueshme dhe deri tash t\u00eb suksesshme. Dinak\u00ebri dhe takticiz\u00ebm, oratori t\u00eb bollshme dhe komunikim t\u00eb mir\u00eb prej mashtruesi virtuoz. Bind\u00ebs, hokatar dhe ledhatar, pa personalitet kur \u00ebsht\u00eb n\u00eb nevoj\u00eb dhe n\u00eb kryerjen e artit t\u00eb kurthngritjes m\u00eb t\u00eb pam\u00ebshirsh\u00ebm, e q\u00eb shpesh nuk ndan as brenda vetes, t\u00eb v\u00ebrtet\u00ebn nga g\u00ebnjeshtra, si ata personazhet t\u00eb p\u00ebrshkruar aq mjesht\u00ebrisht nga pena e Gogolit n\u00eb Rusi dhe e Balzakut n\u00eb Franc\u00eb.<\/p>\n<p>Duke p\u00ebrfituar nga besimi i tepruar i Fatos Nanos, n\u00eb vitet 1997-2000, ai doli n\u00eb sip\u00ebrfaqe. Pastaj ngriti krye e hodhi shtat, nga besimi i p\u00ebrs\u00ebritur politik, naiv dhe miq\u00ebsor, i Ilir Met\u00ebs, n\u00eb vitet 2000-2001 dhe n\u00eb vitet 2004-2007. D\u00ebshtimi i vitit 2009 e d\u00ebshp\u00ebroi dhe ju drejtua s\u00ebrish Met\u00ebs, q\u00eb pandehu se i nj\u00ebjti person nuk tradh\u00ebton, t\u00eb nj\u00ebjtin njeri, p\u00ebr t\u00eb tret\u00ebn her\u00eb. E k\u00ebshtu erdhi kat\u00ebrvje\u00e7ari 2013-2017, q\u00eb e rriti si kryeminist\u00ebr, ku shtiu n\u00eb dor\u00eb pushtetet m\u00eb t\u00eb m\u00ebdha t\u00eb mundshme n\u00eb Shqip\u00ebri. Por edhe Sali Berisha, i dha nj\u00eb besim t\u00eb hatash\u00ebm, me pik\u00ebnisje pragmatizmin, n\u00eb ndryshimet kushtetuese dhe t\u00eb kodit zgjedhor, t\u00eb vitit 2008. Por \u201cbesimin\u201d m\u00eb t\u00eb fundit e dha edhe Lul\u00ebzim Basha, n\u00eb marr\u00ebveshjen fam\u00ebkeqe t\u00eb Majit 2017, q\u00eb e rrokullisi Partin\u00eb Demokratike n\u00eb pik\u00eb t\u00eb hallit.<\/p>\n<p>Kan\u00eb kaluar pra plot 22 vite pushteti n\u00eb rritje, eksperienc\u00eb, boll\u00ebk, adrenalin\u00eb, vet\u00ebsiguri. Por, tani asnj\u00eb nga faktor\u00ebt politik\u00eb, pas zhg\u00ebnjimeve dh\u00eb p\u00ebrdorimeve t\u00eb nj\u00ebpasnj\u00ebshme q\u00eb Rama, me p\u00ebrvujt\u00ebsi, gjuh\u00eb t\u00eb \u00ebmb\u00ebl, apo me oferta t\u00eb majme q\u00eb i ka kryer me sukses, nuk kan\u00eb m\u00eb asnj\u00eb p\u00ebrqindje besimi te ky personazh, q\u00eb po vjet\u00ebrsohet me shum\u00eb shpejt\u00ebsi.<\/p>\n<p>Por deri pak koh\u00eb m\u00eb par\u00eb, pakkush e dinte p\u00ebrgatitjen e aventur\u00ebs m\u00eb t\u00eb fundit gjeopolitike. Ishte skema m\u00eb e fundit gjeopolitike, q\u00eb u zhvillua vitin e fundit 2018-2019 dhe q\u00eb lidhej me ndryshimin e kufijve Kosov\u00eb-Serbi, n\u00ebn em\u00ebrtes\u00ebn e rreme t\u00eb nj\u00eb paqeje t\u00eb q\u00ebndrueshme Kosov\u00eb-Serbi, \u201cloj\u00eb\u201d t\u00eb cil\u00ebn e hapi dhe e shtjelloi fort mir\u00eb fillimisht, vet\u00eb Hashim Tha\u00e7i. Pik\u00ebsynimi pask\u00ebsh qen\u00eb, krijimi i nj\u00eb faktorizimi t\u00eb pazakont\u00eb dhe shum\u00ebvje\u00e7ar, i treshes Tha\u00e7i-Rama-Vu\u00e7i\u00e7\u2026 si nj\u00eb treshe Paqesjell\u00ebse dhe Paqedash\u00ebse, por nj\u00ebkoh\u00ebsisht edhe garantuese e stabilitetit n\u00eb pjes\u00ebn m\u00eb t\u00eb p\u00ebrv\u00ebluar t\u00eb Ballkanit.<\/p>\n<p>Pavar\u00ebsisht se kishte nj\u00eb paraqitje dhe parashtrim t\u00eb p\u00ebrkryer n\u00eb form\u00eb, krejt ndryshe se \u00e7far\u00eb fshihte n\u00eb p\u00ebrmbajtje, kjo skem\u00eb, d\u00ebshtoi turpsh\u00ebm n\u00eb Berlin, me dy varrmih\u00ebs ekselent\u00eb, Kancelaren gjermane Merkel dhe Presidentin francez Macron.<\/p>\n<p>Kjo ndoshta ishte karta e fundit, q\u00eb Rama luajti \u201cnd\u00ebrkomb\u00ebtarisht\u201d, p\u00ebr t\u00eb ruajtur sa m\u00eb gjat\u00eb pushtetin e vet, n\u00ebn mb\u00ebshtetjen nd\u00ebrkomb\u00ebtare, duke z\u00ebn\u00eb arbitrarisht vendin e \u201cr\u00ebnd\u00ebsish\u00ebm\u201d t\u00eb garantit t\u00eb \u201cmoderuar\u201d t\u00eb Tiran\u00ebs, n\u00eb mes t\u00eb kokave t\u00eb nxehta t\u00eb Beogradit dhe Prishtin\u00ebs. P\u00ebr t\u00eb qen\u00eb sa m\u00eb korrekt n\u00eb analiz\u00eb, kjo ishte nga pik\u00ebpamja e taktik\u00ebs politike, nj\u00eb l\u00ebvizje e zgjuar, sepse n\u00eb tregun e gjeopolitik\u00ebs, Shqip\u00ebria, nuk ka se \u00e7far\u00eb ofron tjet\u00ebr, p\u00ebrve\u00e7 \u201cstabilitetit\u201d, apo p\u00ebrpjekjes hipokrite, p\u00ebr t\u00eb luajtur nj\u00eb rol t\u00eb till\u00eb n\u00eb syt\u00eb e per\u00ebndimor\u00ebve t\u00eb shqet\u00ebsuar, nga prania e af\u00ebrt ruse n\u00eb k\u00ebt\u00eb rajon rr\u00ebshqit\u00ebs.<\/p>\n<p>Mir\u00ebpo kancelerit\u00eb europiane, t\u00eb pandehura \u201cbudallaqe\u201d, nga Vu\u00e7i\u00e7, Tha\u00e7i dhe Rama, dikur zgjohen nga gjumi i besimit t\u00eb tepruar p\u00ebr \u201cdjemt\u00eb e mir\u00eb\u201d q\u00eb vijn\u00eb nga Ballkani, t\u00eb cil\u00ebt, duket se vendos\u00ebn n\u00eb Bruksel dhe n\u00eb Berlin, nj\u00eb bomb\u00eb me sahat, duke e mb\u00ebshtjell\u00eb si nj\u00eb \u00ebmb\u00eblsir\u00eb lokale, t\u00eb mir\u00ebkuptimit dhe t\u00eb arsyetimit trilateral, Beograd-Prishtin\u00eb-Tiran\u00eb, q\u00eb mbiquhej ndryshe, nj\u00eb Marr\u00ebveshje Paqeje e q\u00ebndrueshme.<\/p>\n<p>N\u00eb t\u00eb v\u00ebrtet\u00eb, kjo \u201cmarr\u00ebveshje\u201d, duket se mir\u00ebfilli ishte p\u00ebrllogaritur jo p\u00ebr t\u00eb krijuar nj\u00eb stabilitet t\u00eb p\u00ebrhersh\u00ebm, por p\u00ebr t\u00eb kund\u00ebrt\u00ebn, p\u00ebr t\u00eb institucionalizuar destabilitetin. Sepse ekuacioni gjeopolitik i shk\u00ebmbimit t\u00eb territoreve, hapte nj\u00eb spirale mbushur me plot t\u00eb panjohura q\u00eb do t\u00eb vinin pas n\u00eb m\u00ebnyr\u00eb t\u00eb pashmangshme. Por kjo, n\u00eb vend ti shqet\u00ebsonte autor\u00ebt, ishte pik\u00ebrisht n\u00eb interesin e tyre.<\/p>\n<p>Sepse, nj\u00ebher\u00eb q\u00eb nj\u00eb \u201cloj\u00eb\u201d e till\u00eb hapej, aktor\u00ebt politik\u00eb, garant\u00eb dhe nd\u00ebrveprues t\u00eb k\u00ebsaj skeme, Vu\u00e7i\u00e7-Rama-Tha\u00e7i, do t\u00eb duhet t\u00eb merreshin n\u00eb mbrojtje nd\u00ebrkomb\u00ebtare, si t\u00eb vetmit persona t\u00eb domosdosh\u00ebm edhe p\u00ebr 10 vitet e ardhshme, n\u00eb postet respektive, pavar\u00ebsisht p\u00eblqyeshm\u00ebris\u00eb apo mosp\u00eblqyeshm\u00ebris\u00eb s\u00eb popujve t\u00eb tyre.<\/p>\n<p>Me gjith\u00eb diabolizmin e admiruesh\u00ebm t\u00eb k\u00ebsaj skeme, q\u00eb duksh\u00ebm nuk \u00ebsht\u00eb shqiptare, por ruse ose serbe, apo t\u00eb dyja bashk\u00eb dhe q\u00eb fsheh t\u00eb panjohura t\u00eb tjera n\u00eb brend\u00ebsi, dhe q\u00eb duksh\u00ebm p\u00ebrputhet me k\u00ebt\u00eb analiz\u00eb, kjo skem\u00eb e shtirur si marr\u00ebveshje, u godit nga vizita ekcentrike e presidentit rus Putin, vet\u00ebdeklaruar pal\u00eb apo garant plus, n\u00eb k\u00ebt\u00eb zgjidhje, e m\u00eb pas n\u00eb Tiran\u00eb dhe n\u00eb Prishtin\u00eb, nga aktor\u00eb t\u00eb tjer\u00eb politik\u00eb sy\u00e7elur, si Haradinaj, Meta, Berisha dhe Bushati. Pa n\u00ebnvler\u00ebsuar edhe gjykimin e ftoht\u00eb, pozitiv dhe aktiv, t\u00eb mjaft analist\u00ebve dhe personazheve t\u00eb tjer\u00eb t\u00eb Tiran\u00ebs apo Prishtin\u00ebs.<\/p>\n<div id=\"attachment_20874\" style=\"width: 849px\" class=\"wp-caption alignnone\"><img data-recalc-dims=\"1\" loading=\"lazy\" decoding=\"async\" aria-describedby=\"caption-attachment-20874\" data-attachment-id=\"20874\" data-permalink=\"https:\/\/www.shqiperia.com\/blog\/analiza-e-artur-zhejit-pse-rama-tashme-eshte-e-shkuara-dhe-do-te-ike-do-apo-sdo\/ramiu3-1-2\/\" data-orig-file=\"https:\/\/i0.wp.com\/www.shqiperia.com\/blog\/wp-content\/uploads\/2019\/05\/ramiu3-1-1.png?fit=830%2C446&amp;ssl=1\" data-orig-size=\"830,446\" data-comments-opened=\"1\" data-image-meta=\"{&quot;aperture&quot;:&quot;0&quot;,&quot;credit&quot;:&quot;&quot;,&quot;camera&quot;:&quot;&quot;,&quot;caption&quot;:&quot;&quot;,&quot;created_timestamp&quot;:&quot;0&quot;,&quot;copyright&quot;:&quot;&quot;,&quot;focal_length&quot;:&quot;0&quot;,&quot;iso&quot;:&quot;0&quot;,&quot;shutter_speed&quot;:&quot;0&quot;,&quot;title&quot;:&quot;&quot;,&quot;orientation&quot;:&quot;0&quot;}\" data-image-title=\"ramiu3-1\" data-image-description=\"\" data-image-caption=\"&lt;p&gt;rama&lt;\/p&gt;\n\" data-medium-file=\"https:\/\/i0.wp.com\/www.shqiperia.com\/blog\/wp-content\/uploads\/2019\/05\/ramiu3-1-1.png?fit=300%2C161&amp;ssl=1\" data-large-file=\"https:\/\/i0.wp.com\/www.shqiperia.com\/blog\/wp-content\/uploads\/2019\/05\/ramiu3-1-1.png?fit=830%2C446&amp;ssl=1\" class=\" wp-image-20874\" alt=\"\" src=\"https:\/\/i0.wp.com\/www.shqiperia.com\/blog\/wp-content\/uploads\/2019\/05\/ramiu3-1-1-300x161.png?resize=839%2C450\" width=\"839\" height=\"450\" srcset=\"https:\/\/i0.wp.com\/www.shqiperia.com\/blog\/wp-content\/uploads\/2019\/05\/ramiu3-1-1.png?resize=300%2C161&amp;ssl=1 300w, https:\/\/i0.wp.com\/www.shqiperia.com\/blog\/wp-content\/uploads\/2019\/05\/ramiu3-1-1.png?resize=768%2C413&amp;ssl=1 768w, https:\/\/i0.wp.com\/www.shqiperia.com\/blog\/wp-content\/uploads\/2019\/05\/ramiu3-1-1.png?resize=450%2C242&amp;ssl=1 450w, https:\/\/i0.wp.com\/www.shqiperia.com\/blog\/wp-content\/uploads\/2019\/05\/ramiu3-1-1.png?resize=600%2C322&amp;ssl=1 600w, https:\/\/i0.wp.com\/www.shqiperia.com\/blog\/wp-content\/uploads\/2019\/05\/ramiu3-1-1.png?resize=400%2C215&amp;ssl=1 400w, https:\/\/i0.wp.com\/www.shqiperia.com\/blog\/wp-content\/uploads\/2019\/05\/ramiu3-1-1.png?w=830&amp;ssl=1 830w\" sizes=\"auto, (max-width: 839px) 100vw, 839px\" \/><p id=\"caption-attachment-20874\" class=\"wp-caption-text\">rama<\/p><\/div>\n<p>\u201cVarrosja\u201d e k\u00ebsaj aventure q\u00eb ndodhi duksh\u00ebm n\u00eb Berlin, e la Ram\u00ebn, jo vet\u00ebm pa mb\u00ebshtetjen e \u00ebnd\u00ebrruar, por edhe n\u00eb nj\u00eb drit\u00eb fort t\u00eb keqe. N\u00eb k\u00ebt\u00eb mes, nj\u00eb figur\u00eb krejt t\u00eb pahijshme dhe thjesht prej sh\u00ebrb\u00ebtori mir\u00ebnjoh\u00ebs dhe t\u00eb verb\u00ebr t\u00eb pushtetdh\u00ebn\u00ebsit, b\u00ebri edhe ministri yn\u00eb i jasht\u00ebm, ky djal\u00eb Kosove, q\u00eb kacaviret edhe ay, si padroni vet, studio m\u00eb studio p\u00ebr t\u00eb mbuluar k\u00ebt\u00eb inskenim ruso-serb, me petka shqiptare e me dialekt verior, p\u00ebr ta b\u00ebr\u00eb rrejsh\u00ebm m\u00eb t\u00eb besuesh\u00ebm nd\u00ebr shqiptar\u00ebt k\u00ebtej e andej kufirit Kosov\u00eb-Shqip\u00ebri.<\/p>\n<p>E pra, Ram\u00eb ziu, \u00ebsht\u00eb sot mjeran n\u00eb Bruksel, Paris, Berlin, Prishtin\u00eb\u2026<\/p>\n<p>Kur i pata shkruar ca muaj m\u00eb par\u00eb t\u00eb b\u00ebnte valixhet, pa u ngarkuar me turpe t\u00eb tjera, m\u00eb ktheu p\u00ebrgjigje n\u00eb cel, n\u00eb t\u00eb v\u00ebrtet\u00eb i fundit mesazh prej tij, se do t\u00eb kalonte akoma edhe shum\u00eb koh\u00eb p\u00ebr \u201cvaligjet e tij\u201d(k\u00ebshtu e shkroi fjal\u00ebn \u201cvalixhe\u201d, KM-ja).<\/p>\n<p>Zbardhja e m\u00ebtejshme e k\u00ebsaj \u201caventure\u201d, p\u00ebr t\u00eb mos p\u00ebrdorur fjal\u00ebn e r\u00ebnd\u00eb konspiracion, n\u00eb kurriz t\u00eb Brukselit, Berlinit dhe Parisit, p\u00ebrshpejton largimin e kryeministrit ton\u00eb, nd\u00ebrkoh\u00eb q\u00eb Vu\u00e7i\u00e7i i ngriti publikisht duart lart, n\u00eb Beogradin e trazuar.<\/p>\n<p>Shpejt Per\u00ebndimi, pak mbasi t\u00eb sheshohet mir\u00eb dheu, do t\u00eb reagoj\u00eb edhe mbi k\u00ebt\u00eb loj\u00eb t\u00eb rrezikshme, varrosur bujsh\u00ebm n\u00eb Berlin\u2026<\/p>\n","protected":false},"excerpt":{"rendered":"<p>Analiza e Artur Zhejit: &#8211; Pse Rama tashm\u00eb \u00ebsht\u00eb e shkuara dhe do t\u00eb ik\u00eb, do apo s\u2019do? \u00a08 maji 2019 \u00a0 Nga Artur ZHEJI S\u00ebpari karriera politike dhe jo vet\u00ebm e kryeministrit t\u00eb sot\u00ebm \u00ebsht\u00eb e pabesueshme, p\u00ebr nga volumi, kapja dhe mbajtja e p\u00ebrs\u00ebritur e posteve t\u00eb larta. P\u00ebr nga zot\u00ebsia e pazakont\u00eb [&hellip;]<\/p>\n","protected":false},"author":9,"featured_media":20873,"comment_status":"open","ping_status":"open","sticky":false,"template":"","format":"standard","meta":{"jetpack_post_was_ever_published":false,"_jetpack_newsletter_access":"","_jetpack_dont_email_post_to_subs":false,"_jetpack_newsletter_tier_id":0,"_jetpack_memberships_contains_paywalled_content":false,"_jetpack_memberships_contains_paid_content":false,"footnotes":"","jetpack_publicize_message":"","jetpack_publicize_feature_enabled":true,"jetpack_social_post_already_shared":true,"jetpack_social_options":{"image_generator_settings":{"template":"highway","default_image_id":0,"font":"","enabled":false},"version":2}},"categories":[27,2,35],"tags":[],"class_list":["post-20872","post","type-post","status-publish","format-standard","has-post-thumbnail","hentry","category-blogu-i-udhetarit","category-politika","category-shoqerore"],"jetpack_publicize_connections":[],"jetpack_featured_media_url":"https:\/\/i0.wp.com\/www.shqiperia.com\/blog\/wp-content\/uploads\/2019\/05\/ramiu3-1.png?fit=830%2C446&ssl=1","jetpack_sharing_enabled":true,"jetpack_shortlink":"https:\/\/wp.me\/p5Z6wp-5qE","jetpack-related-posts":[{"id":20878,"url":"https:\/\/www.shqiperia.com\/blog\/analiza-e-artur-zhejit-pse-rama-tashme-eshte-e-shkuara-dhe-do-te-ike-do-apo-sdo-2\/","url_meta":{"origin":20872,"position":0},"title":"Analiza e Artur Zhejit: &#8211; Pse Rama tashm\u00eb \u00ebsht\u00eb e shkuara dhe do t\u00eb ik\u00eb, do apo s\u2019do?","author":"Kurt Farka","date":"May 8, 2019","format":false,"excerpt":"Analiza e Artur Zhejit: - Pse Rama tashm\u00eb \u00ebsht\u00eb e shkuara dhe do t\u00eb ik\u00eb, do apo s\u2019do? 8 maji 2019 \u00a0Nga Artur ZHEJI S\u00ebpari karriera politike dhe jo vet\u00ebm e kryeministrit t\u00eb sot\u00ebm \u00ebsht\u00eb e pabesueshme, p\u00ebr nga volumi, kapja dhe mbajtja e p\u00ebrs\u00ebritur e posteve t\u00eb larta. P\u00ebr\u2026","rel":"","context":"In &quot;Blogu i Udh\u00ebtarit&quot;","block_context":{"text":"Blogu i Udh\u00ebtarit","link":"https:\/\/www.shqiperia.com\/blog\/category\/blogu-i-udhetarit\/"},"img":{"alt_text":"","src":"https:\/\/i0.wp.com\/www.shqiperia.com\/blog\/wp-content\/uploads\/2019\/05\/59681877_6127802698919_5698329872644964352_n.png-1.jpg?fit=526%2C275&ssl=1&resize=350%2C200","width":350,"height":200,"srcset":"https:\/\/i0.wp.com\/www.shqiperia.com\/blog\/wp-content\/uploads\/2019\/05\/59681877_6127802698919_5698329872644964352_n.png-1.jpg?fit=526%2C275&ssl=1&resize=350%2C200 1x, https:\/\/i0.wp.com\/www.shqiperia.com\/blog\/wp-content\/uploads\/2019\/05\/59681877_6127802698919_5698329872644964352_n.png-1.jpg?fit=526%2C275&ssl=1&resize=525%2C300 1.5x"},"classes":[]},{"id":20612,"url":"https:\/\/www.shqiperia.com\/blog\/rama-dhe-thaci-e-shesin-kryeministrin-e-kosoves-analiza-e-artur-zhejit-thikat-qe-hengri-haradinaj-ne-berlin\/","url_meta":{"origin":20872,"position":1},"title":"Rama dhe Tha\u00e7i e \u201cshesin\u201d kryeministrin e Kosov\u00ebs\u2026 &#8211; Analiza e Artur Zhejit: -\u201cThikat\u201d q\u00eb h\u00ebngri Haradinaj n\u00eb Berlin.\u00a0","author":"Kurt Farka","date":"May 2, 2019","format":false,"excerpt":"Rama dhe Tha\u00e7i e \u201cshesin\u201d kryeministrin e Kosov\u00ebs\u2026 - Analiza e Artur Zhejit: -\u201cThikat\u201d q\u00eb h\u00ebngri Haradinaj n\u00eb Berlin. \u00a02 prill 2019 Nga\u00a0Artur ZHEJI N\u00eb takimet pa kamera dhe kok\u00eb m\u00eb kok\u00eb, aty ku marrin jet\u00eb vendimet apo zhg\u00ebnjimet e m\u00ebdha, Ramush Haradinaj, jo vet\u00ebm q\u00eb ka mbetur vet\u00ebm, por\u2026","rel":"","context":"In &quot;Blogu i Udh\u00ebtarit&quot;","block_context":{"text":"Blogu i Udh\u00ebtarit","link":"https:\/\/www.shqiperia.com\/blog\/category\/blogu-i-udhetarit\/"},"img":{"alt_text":"","src":"https:\/\/i0.wp.com\/www.shqiperia.com\/blog\/wp-content\/uploads\/2019\/05\/haradinajrama1.jpg?fit=1036%2C532&ssl=1&resize=350%2C200","width":350,"height":200,"srcset":"https:\/\/i0.wp.com\/www.shqiperia.com\/blog\/wp-content\/uploads\/2019\/05\/haradinajrama1.jpg?fit=1036%2C532&ssl=1&resize=350%2C200 1x, https:\/\/i0.wp.com\/www.shqiperia.com\/blog\/wp-content\/uploads\/2019\/05\/haradinajrama1.jpg?fit=1036%2C532&ssl=1&resize=525%2C300 1.5x, https:\/\/i0.wp.com\/www.shqiperia.com\/blog\/wp-content\/uploads\/2019\/05\/haradinajrama1.jpg?fit=1036%2C532&ssl=1&resize=700%2C400 2x"},"classes":[]},{"id":14967,"url":"https:\/\/www.shqiperia.com\/blog\/analiza-e-zhejit-basha-po-behet-gati-per-zgjedhje-te-parakohshme\/","url_meta":{"origin":20872,"position":2},"title":"Analiza e Zhejit: &#8211; Basha po b\u00ebhet gati p\u00ebr zgjedhje t\u00eb parakohshme. &#8211;","author":"Kurt Farka","date":"December 18, 2018","format":false,"excerpt":"Analiza e Zhejit: - Basha po b\u00ebhet gati p\u00ebr zgjedhje t\u00eb parakohshme. - 18\/12\/2018, Nga\u00a0Artur Zheji N\u00eb nj\u00eb periudh\u00eb t\u00eb tensionuar sociale, Lul\u00ebzim Basha, thirri dhe mblodhi Kuvendin Komb\u00ebtar t\u00eb Partis\u00eb Demokratike, duke transmetuar nga ky forum, nj\u00eb mesazh t\u00eb drejt\u00ebp\u00ebrdrejt\u00eb: \u201cT\u00eb b\u00ebhemi gati p\u00ebr zgjedhje t\u00eb parakohshme!\u201d Kontestimet e\u2026","rel":"","context":"In &quot;Blogu i Udh\u00ebtarit&quot;","block_context":{"text":"Blogu i Udh\u00ebtarit","link":"https:\/\/www.shqiperia.com\/blog\/category\/blogu-i-udhetarit\/"},"img":{"alt_text":"","src":"https:\/\/i0.wp.com\/www.shqiperia.com\/blog\/wp-content\/uploads\/2018\/12\/artur-zheji.jpg?fit=834%2C451&ssl=1&resize=350%2C200","width":350,"height":200,"srcset":"https:\/\/i0.wp.com\/www.shqiperia.com\/blog\/wp-content\/uploads\/2018\/12\/artur-zheji.jpg?fit=834%2C451&ssl=1&resize=350%2C200 1x, https:\/\/i0.wp.com\/www.shqiperia.com\/blog\/wp-content\/uploads\/2018\/12\/artur-zheji.jpg?fit=834%2C451&ssl=1&resize=525%2C300 1.5x, https:\/\/i0.wp.com\/www.shqiperia.com\/blog\/wp-content\/uploads\/2018\/12\/artur-zheji.jpg?fit=834%2C451&ssl=1&resize=700%2C400 2x"},"classes":[]},{"id":47051,"url":"https:\/\/www.shqiperia.com\/blog\/analiza-artur-zheji-nuk-i-pashe-ne-fushate-kunder-rames-sot-te-gjithe-ne-fushate-kunder-lulit-pse\/","url_meta":{"origin":20872,"position":3},"title":"ANALIZA\/ Artur Zheji: Nuk i pash\u00eb n\u00eb fushat\u00eb kund\u00ebr Ram\u00ebs, sot t\u00eb gjith\u00eb n\u00eb fushat\u00eb kund\u00ebr Lulit\u2026 (Pse?!)","author":"Kurt Farka","date":"April 29, 2021","format":false,"excerpt":"ANALIZA\/ Artur Zheji: Nuk i pash\u00eb n\u00eb fushat\u00eb kund\u00ebr Ram\u00ebs, sot t\u00eb gjith\u00eb n\u00eb fushat\u00eb kund\u00ebr Lulit\u2026 (Pse?!) 29 prill 2021 Nga Artur Zheji Marshalli tani me t\u00eb drejt\u00eb e ka rradh\u00ebn t\u00eb shkrythet ngesh\u00ebm, t\u00eb hedh\u00eb v\u00ebshtrimin mbi Pashall\u00ebkun Arnautistan e t\u00eb shplodhet dhe pse jo, edhe t\u00eb arg\u00ebtohet\u2026","rel":"","context":"In &quot;Blogu i Udh\u00ebtarit&quot;","block_context":{"text":"Blogu i Udh\u00ebtarit","link":"https:\/\/www.shqiperia.com\/blog\/category\/blogu-i-udhetarit\/"},"img":{"alt_text":"","src":"https:\/\/i0.wp.com\/www.shqiperia.com\/blog\/wp-content\/uploads\/2021\/04\/Artur-Zheji.png?fit=753%2C392&ssl=1&resize=350%2C200","width":350,"height":200,"srcset":"https:\/\/i0.wp.com\/www.shqiperia.com\/blog\/wp-content\/uploads\/2021\/04\/Artur-Zheji.png?fit=753%2C392&ssl=1&resize=350%2C200 1x, https:\/\/i0.wp.com\/www.shqiperia.com\/blog\/wp-content\/uploads\/2021\/04\/Artur-Zheji.png?fit=753%2C392&ssl=1&resize=525%2C300 1.5x, https:\/\/i0.wp.com\/www.shqiperia.com\/blog\/wp-content\/uploads\/2021\/04\/Artur-Zheji.png?fit=753%2C392&ssl=1&resize=700%2C400 2x"},"classes":[]},{"id":28260,"url":"https:\/\/www.shqiperia.com\/blog\/analiza-artur-zheji-pse-kryebeteja-e-kecekeizmit-do-deshtoje-rama-zgjodhi-truthare-zuzare-e-pijanece-ka-gjithcka-por\/","url_meta":{"origin":20872,"position":4},"title":"Artur Zheji: Pse kryebeteja e \u201cK\u00eb\u00e7\u00ebk\u00ebizmit\u201d do d\u00ebshtoj\u00eb, Rama zgjodhi truthar\u00eb, zuzar\u00eb e pijanec\u00eb. Ka gjith\u00e7ka, por &#8230;","author":"Kurt Farka","date":"November 18, 2019","format":false,"excerpt":"Artur Zheji: Pse kryebeteja e \u201cK\u00eb\u00e7\u00ebk\u00ebizmit\u201d do d\u00ebshtoj\u00eb, Rama zgjodhi truthar\u00eb, zuzar\u00eb e pijanec\u00eb. Ka gjith\u00e7ka, por ... \u00a018 nentor 2019. Nga Artur ZHEJI.\u00a0 GGazeta Panorama. N\u00eb daljet m\u00eb t\u00eb fundit t\u00eb kryeministrit, \u00ebsht\u00eb v\u00ebn\u00eb re nj\u00eb mplakje e parakohshme e tij. Portreti, syt\u00eb e rraskapitur, goja q\u00eb sikur ka\u2026","rel":"","context":"In &quot;Blogu i Udh\u00ebtarit&quot;","block_context":{"text":"Blogu i Udh\u00ebtarit","link":"https:\/\/www.shqiperia.com\/blog\/category\/blogu-i-udhetarit\/"},"img":{"alt_text":"","src":"https:\/\/i0.wp.com\/www.shqiperia.com\/blog\/wp-content\/uploads\/2019\/11\/zheji-15616696941.jpg?fit=881%2C520&ssl=1&resize=350%2C200","width":350,"height":200,"srcset":"https:\/\/i0.wp.com\/www.shqiperia.com\/blog\/wp-content\/uploads\/2019\/11\/zheji-15616696941.jpg?fit=881%2C520&ssl=1&resize=350%2C200 1x, https:\/\/i0.wp.com\/www.shqiperia.com\/blog\/wp-content\/uploads\/2019\/11\/zheji-15616696941.jpg?fit=881%2C520&ssl=1&resize=525%2C300 1.5x, https:\/\/i0.wp.com\/www.shqiperia.com\/blog\/wp-content\/uploads\/2019\/11\/zheji-15616696941.jpg?fit=881%2C520&ssl=1&resize=700%2C400 2x"},"classes":[]},{"id":47675,"url":"https:\/\/www.shqiperia.com\/blog\/analiza-artur-zheji-jane-sponsorizuar-miliona-euro-ne-faqe-fake-per-te-shkaterruar-imazhin-e-lulzim-bashes\/","url_meta":{"origin":20872,"position":5},"title":"Analiza\/ Artur Zheji: &#8211; Jan\u00eb sponsorizuar miliona euro n\u00eb faqe \u201cfake\u201d p\u00ebr t\u00eb shkat\u00ebrruar imazhin e Lulzim Bash\u00ebs","author":"Kurt Farka","date":"June 6, 2021","format":false,"excerpt":"Analiza\/ Artur Zheji: - Jan\u00eb sponsorizuar miliona euro n\u00eb faqe \u201cfake\u201d p\u00ebr t\u00eb shkat\u00ebrruar imazhin e Lulzim Bash\u00ebs 6 qershor 2021 Nga Artur Zheji Fjala e politikan\u00ebve\u00a0\u00ebsht\u00eb si puna e ngjyr\u00ebs s\u00eb bardh\u00eb, ajo ka nj\u00eb spekt\u00ebr ngjyrash, p\u00ebrthyhet n\u00eb prizmin e realitetit. Ka betej\u00eb ligjore, ka luft\u00eb diplomatike. Tani\u2026","rel":"","context":"In &quot;Blogu i Udh\u00ebtarit&quot;","block_context":{"text":"Blogu i Udh\u00ebtarit","link":"https:\/\/www.shqiperia.com\/blog\/category\/blogu-i-udhetarit\/"},"img":{"alt_text":"","src":"https:\/\/i0.wp.com\/www.shqiperia.com\/blog\/wp-content\/uploads\/2021\/06\/artur-zheji.jpg?fit=830%2C466&ssl=1&resize=350%2C200","width":350,"height":200,"srcset":"https:\/\/i0.wp.com\/www.shqiperia.com\/blog\/wp-content\/uploads\/2021\/06\/artur-zheji.jpg?fit=830%2C466&ssl=1&resize=350%2C200 1x, https:\/\/i0.wp.com\/www.shqiperia.com\/blog\/wp-content\/uploads\/2021\/06\/artur-zheji.jpg?fit=830%2C466&ssl=1&resize=525%2C300 1.5x, https:\/\/i0.wp.com\/www.shqiperia.com\/blog\/wp-content\/uploads\/2021\/06\/artur-zheji.jpg?fit=830%2C466&ssl=1&resize=700%2C400 2x"},"classes":[]}],"_links":{"self":[{"href":"https:\/\/www.shqiperia.com\/blog\/wp-json\/wp\/v2\/posts\/20872","targetHints":{"allow":["GET"]}}],"collection":[{"href":"https:\/\/www.shqiperia.com\/blog\/wp-json\/wp\/v2\/posts"}],"about":[{"href":"https:\/\/www.shqiperia.com\/blog\/wp-json\/wp\/v2\/types\/post"}],"author":[{"embeddable":true,"href":"https:\/\/www.shqiperia.com\/blog\/wp-json\/wp\/v2\/users\/9"}],"replies":[{"embeddable":true,"href":"https:\/\/www.shqiperia.com\/blog\/wp-json\/wp\/v2\/comments?post=20872"}],"version-history":[{"count":1,"href":"https:\/\/www.shqiperia.com\/blog\/wp-json\/wp\/v2\/posts\/20872\/revisions"}],"predecessor-version":[{"id":20875,"href":"https:\/\/www.shqiperia.com\/blog\/wp-json\/wp\/v2\/posts\/20872\/revisions\/20875"}],"wp:featuredmedia":[{"embeddable":true,"href":"https:\/\/www.shqiperia.com\/blog\/wp-json\/wp\/v2\/media\/20873"}],"wp:attachment":[{"href":"https:\/\/www.shqiperia.com\/blog\/wp-json\/wp\/v2\/media?parent=20872"}],"wp:term":[{"taxonomy":"category","embeddable":true,"href":"https:\/\/www.shqiperia.com\/blog\/wp-json\/wp\/v2\/categories?post=20872"},{"taxonomy":"post_tag","embeddable":true,"href":"https:\/\/www.shqiperia.com\/blog\/wp-json\/wp\/v2\/tags?post=20872"}],"curies":[{"name":"wp","href":"https:\/\/api.w.org\/{rel}","templated":true}]}}