{"id":20866,"date":"2019-05-08T09:51:31","date_gmt":"2019-05-08T09:51:31","guid":{"rendered":"http:\/\/www.shqiperia.com\/blog\/?p=20866"},"modified":"2019-05-08T09:53:20","modified_gmt":"2019-05-08T09:53:20","slug":"kalaja-e-bashtoves-kavaje","status":"publish","type":"post","link":"https:\/\/www.shqiperia.com\/blog\/kalaja-e-bashtoves-kavaje\/","title":{"rendered":"Kalaja e Bashtov\u00ebs Kavaje. &#8211;"},"content":{"rendered":"<div id=\"attachment_20867\" style=\"width: 476px\" class=\"wp-caption alignnone\"><img data-recalc-dims=\"1\" loading=\"lazy\" decoding=\"async\" aria-describedby=\"caption-attachment-20867\" data-attachment-id=\"20867\" data-permalink=\"https:\/\/www.shqiperia.com\/blog\/kalaja-e-bashtoves-kavaje\/kalaja-e-bashtoves-copy\/\" data-orig-file=\"https:\/\/i0.wp.com\/www.shqiperia.com\/blog\/wp-content\/uploads\/2019\/05\/Kalaja-e-Bashtoves-Copy.jpg?fit=756%2C293&amp;ssl=1\" data-orig-size=\"756,293\" data-comments-opened=\"1\" data-image-meta=\"{&quot;aperture&quot;:&quot;0&quot;,&quot;credit&quot;:&quot;&quot;,&quot;camera&quot;:&quot;&quot;,&quot;caption&quot;:&quot;&quot;,&quot;created_timestamp&quot;:&quot;0&quot;,&quot;copyright&quot;:&quot;&quot;,&quot;focal_length&quot;:&quot;0&quot;,&quot;iso&quot;:&quot;0&quot;,&quot;shutter_speed&quot;:&quot;0&quot;,&quot;title&quot;:&quot;&quot;,&quot;orientation&quot;:&quot;0&quot;}\" data-image-title=\"Kalaja e Bashtov\u00ebs Kavaje- Copy\" data-image-description=\"\" data-image-caption=\"&lt;p&gt;Kalaja e Bashtov\u00ebs&lt;\/p&gt;\n\" data-medium-file=\"https:\/\/i0.wp.com\/www.shqiperia.com\/blog\/wp-content\/uploads\/2019\/05\/Kalaja-e-Bashtoves-Copy.jpg?fit=300%2C116&amp;ssl=1\" data-large-file=\"https:\/\/i0.wp.com\/www.shqiperia.com\/blog\/wp-content\/uploads\/2019\/05\/Kalaja-e-Bashtoves-Copy.jpg?fit=756%2C293&amp;ssl=1\" class=\" wp-image-20867\" alt=\"\" src=\"https:\/\/i0.wp.com\/www.shqiperia.com\/blog\/wp-content\/uploads\/2019\/05\/Kalaja-e-Bashtoves-Copy-300x116.jpg?resize=466%2C180\" width=\"466\" height=\"180\" srcset=\"https:\/\/i0.wp.com\/www.shqiperia.com\/blog\/wp-content\/uploads\/2019\/05\/Kalaja-e-Bashtoves-Copy.jpg?resize=300%2C116&amp;ssl=1 300w, https:\/\/i0.wp.com\/www.shqiperia.com\/blog\/wp-content\/uploads\/2019\/05\/Kalaja-e-Bashtoves-Copy.jpg?resize=450%2C174&amp;ssl=1 450w, https:\/\/i0.wp.com\/www.shqiperia.com\/blog\/wp-content\/uploads\/2019\/05\/Kalaja-e-Bashtoves-Copy.jpg?resize=600%2C233&amp;ssl=1 600w, https:\/\/i0.wp.com\/www.shqiperia.com\/blog\/wp-content\/uploads\/2019\/05\/Kalaja-e-Bashtoves-Copy.jpg?resize=400%2C155&amp;ssl=1 400w, https:\/\/i0.wp.com\/www.shqiperia.com\/blog\/wp-content\/uploads\/2019\/05\/Kalaja-e-Bashtoves-Copy.jpg?w=756&amp;ssl=1 756w\" sizes=\"auto, (max-width: 466px) 100vw, 466px\" \/><p id=\"caption-attachment-20867\" class=\"wp-caption-text\">Kalaja e Bashtov\u00ebs<\/p><\/div>\n<p>Kalaja e Bashtov\u00ebs Kavaje.<br \/>\nKalaja e Bashtov\u00ebs (Castle Bashtova) ngrihet pran\u00eb fshatit t\u00ebVile-Bashtov\u00ebs n\u00eb nj\u00eb distanc\u00eb prej 3-4 km, n\u00eb veri t\u00eb gryk\u00ebderdhjes s\u00eb\u00a0<span>lumit t\u00eb Shkumbinit. K\u00ebshtjella \u00ebsht\u00eb nd\u00ebrtuar n\u00eb shekullin XV dhe u ka sh\u00ebrbyer venecian\u00ebve,per shkembime tregtare. Zona e Bashtov\u00ebs \u00ebsht\u00eb p\u00ebrmendur si nj\u00eb port lumor n\u00eb Shkumbin si dhe nj\u00eb qend\u00ebr e eksportit t\u00eb drith\u00ebrave. Kalaja ka trajt\u00eb kat\u00ebrk\u00ebndore me p\u00ebrmasa 60 x 90 mertra. Pjesa per\u00ebndimore e saj \u00ebsht\u00eb rind\u00ebrtuar n\u00eb shekullin XVIII. Muret e saj kan\u00eb nj\u00eb lart\u00ebsi prej 9 metrash,mendohet se kjo Keshtjelle ose Kala ka qene 2 kateshe,ku ne kat i saj eshte i fundosur nen sip.e tokes. Kalaja e Bashtov\u00ebs \u00ebsht\u00eb nj\u00eb monument kulture me vler\u00eb q\u00eb ju do ta gjeni vet\u00ebm disa km jasht\u00eb Kavaj\u00ebs dhe q\u00eb d\u00ebshmon p\u00ebr gjurm\u00ebt e qytet\u00ebrimit dhe civilizimit.E vecanta e kesaj Kalaje ose Keshtjelle eshte se kjo kjo Keshtjelle eshte e vetmja Keshtjelle ne Ballkan e ndertuar ne fushe. <\/span><\/p>\n<div id=\"attachment_20868\" style=\"width: 472px\" class=\"wp-caption alignnone\"><img data-recalc-dims=\"1\" loading=\"lazy\" decoding=\"async\" aria-describedby=\"caption-attachment-20868\" data-attachment-id=\"20868\" data-permalink=\"https:\/\/www.shqiperia.com\/blog\/kalaja-e-bashtoves-kavaje\/kalaja-e-bashtoves-2\/\" data-orig-file=\"https:\/\/i0.wp.com\/www.shqiperia.com\/blog\/wp-content\/uploads\/2019\/05\/Kalaja-e-Bashtoves.jpg?fit=649%2C469&amp;ssl=1\" data-orig-size=\"649,469\" data-comments-opened=\"1\" data-image-meta=\"{&quot;aperture&quot;:&quot;0&quot;,&quot;credit&quot;:&quot;&quot;,&quot;camera&quot;:&quot;&quot;,&quot;caption&quot;:&quot;&quot;,&quot;created_timestamp&quot;:&quot;0&quot;,&quot;copyright&quot;:&quot;&quot;,&quot;focal_length&quot;:&quot;0&quot;,&quot;iso&quot;:&quot;0&quot;,&quot;shutter_speed&quot;:&quot;0&quot;,&quot;title&quot;:&quot;&quot;,&quot;orientation&quot;:&quot;0&quot;}\" data-image-title=\"Kalaja e Bashtoves\" data-image-description=\"\" data-image-caption=\"&lt;p&gt;Kalaja e Bashtov\u00ebs&lt;\/p&gt;\n\" data-medium-file=\"https:\/\/i0.wp.com\/www.shqiperia.com\/blog\/wp-content\/uploads\/2019\/05\/Kalaja-e-Bashtoves.jpg?fit=300%2C217&amp;ssl=1\" data-large-file=\"https:\/\/i0.wp.com\/www.shqiperia.com\/blog\/wp-content\/uploads\/2019\/05\/Kalaja-e-Bashtoves.jpg?fit=649%2C469&amp;ssl=1\" class=\" wp-image-20868\" alt=\"\" src=\"https:\/\/i0.wp.com\/www.shqiperia.com\/blog\/wp-content\/uploads\/2019\/05\/Kalaja-e-Bashtoves-300x217.jpg?resize=462%2C334\" width=\"462\" height=\"334\" srcset=\"https:\/\/i0.wp.com\/www.shqiperia.com\/blog\/wp-content\/uploads\/2019\/05\/Kalaja-e-Bashtoves.jpg?resize=300%2C217&amp;ssl=1 300w, https:\/\/i0.wp.com\/www.shqiperia.com\/blog\/wp-content\/uploads\/2019\/05\/Kalaja-e-Bashtoves.jpg?resize=450%2C325&amp;ssl=1 450w, https:\/\/i0.wp.com\/www.shqiperia.com\/blog\/wp-content\/uploads\/2019\/05\/Kalaja-e-Bashtoves.jpg?resize=600%2C434&amp;ssl=1 600w, https:\/\/i0.wp.com\/www.shqiperia.com\/blog\/wp-content\/uploads\/2019\/05\/Kalaja-e-Bashtoves.jpg?resize=400%2C289&amp;ssl=1 400w, https:\/\/i0.wp.com\/www.shqiperia.com\/blog\/wp-content\/uploads\/2019\/05\/Kalaja-e-Bashtoves.jpg?w=649&amp;ssl=1 649w\" sizes=\"auto, (max-width: 462px) 100vw, 462px\" \/><p id=\"caption-attachment-20868\" class=\"wp-caption-text\">Kalaja e Bashtov\u00ebs<\/p><\/div>\n<p><span>Rrethinat e saj kan\u00eb mbetur t\u00eb plota dhe sot ruhen si nj\u00eb momument kulture nga shteti shqiptar.Ne kete keshtjelle jane bere festa dhe MISS SHQIPERIA 2012.Sot ky monument vizitohet nga shume turiste vendas dhe te huaj.Keshtjella e Bashtoves(Castle Bashtova) eshte nje pasuri kulturore dhe me shume vlera.Ne kete monument kulturor jane gjentur ,sende ose gjera kulturore qe vertetojne nje histori te lashte jo vetem per Keshtjellen por dhe per fshatin e Vile-Bashtoves.Sendet e gjetura ne kete monument ruhen sot ne Muzeun Kombetar ne Tirane.<\/span><\/p>\n<p>Rreth e p\u00ebrqark kalas\u00eb lul\u00ebzon nj\u00eb pyll dafinash, q\u00eb p\u00ebrve\u00e7se \u00ebsht\u00eb i shpallur monument natyre, krijon edhe nj\u00eb mjedis shum\u00eb t\u00ebrheq\u00ebs p\u00ebr piknik\u00eb n\u00eb natyr\u00eb. Nga muret e kalas\u00eb mund t\u00eb v\u00ebzhgoni bregdetin si n\u00eb p\u00ebll\u00ebmb\u00eb t\u00eb dor\u00ebs, q\u00eb nga Gjiri i Durr\u00ebsit e deri n\u00eb Divjak\u00eb e Karavasta. P\u00ebr t\u00eb vizituar kete Keshtjelle ,duhet te kaloni fshatin Vile-Bashtove,ose ne pernendtim te fshatit.Kalaja e Bashtoves eshte nje mrekulli e vertet.<\/p>\n<div id=\"attachment_20869\" style=\"width: 645px\" class=\"wp-caption alignnone\"><img data-recalc-dims=\"1\" loading=\"lazy\" decoding=\"async\" aria-describedby=\"caption-attachment-20869\" data-attachment-id=\"20869\" data-permalink=\"https:\/\/www.shqiperia.com\/blog\/kalaja-e-bashtoves-kavaje\/kalaja-e-bashtoves-3\/\" data-orig-file=\"https:\/\/i0.wp.com\/www.shqiperia.com\/blog\/wp-content\/uploads\/2019\/05\/Kalaja-e-Bashtoves-1.jpg?fit=649%2C469&amp;ssl=1\" data-orig-size=\"649,469\" data-comments-opened=\"1\" data-image-meta=\"{&quot;aperture&quot;:&quot;0&quot;,&quot;credit&quot;:&quot;&quot;,&quot;camera&quot;:&quot;&quot;,&quot;caption&quot;:&quot;&quot;,&quot;created_timestamp&quot;:&quot;0&quot;,&quot;copyright&quot;:&quot;&quot;,&quot;focal_length&quot;:&quot;0&quot;,&quot;iso&quot;:&quot;0&quot;,&quot;shutter_speed&quot;:&quot;0&quot;,&quot;title&quot;:&quot;&quot;,&quot;orientation&quot;:&quot;0&quot;}\" data-image-title=\"Kalaja e Bashtoves\" data-image-description=\"\" data-image-caption=\"&lt;p&gt;Kalaja e Bashtov\u00ebs&lt;\/p&gt;\n\" data-medium-file=\"https:\/\/i0.wp.com\/www.shqiperia.com\/blog\/wp-content\/uploads\/2019\/05\/Kalaja-e-Bashtoves-1.jpg?fit=300%2C217&amp;ssl=1\" data-large-file=\"https:\/\/i0.wp.com\/www.shqiperia.com\/blog\/wp-content\/uploads\/2019\/05\/Kalaja-e-Bashtoves-1.jpg?fit=649%2C469&amp;ssl=1\" class=\" wp-image-20869\" alt=\"\" src=\"https:\/\/i0.wp.com\/www.shqiperia.com\/blog\/wp-content\/uploads\/2019\/05\/Kalaja-e-Bashtoves-1-300x217.jpg?resize=635%2C459\" width=\"635\" height=\"459\" srcset=\"https:\/\/i0.wp.com\/www.shqiperia.com\/blog\/wp-content\/uploads\/2019\/05\/Kalaja-e-Bashtoves-1.jpg?resize=300%2C217&amp;ssl=1 300w, https:\/\/i0.wp.com\/www.shqiperia.com\/blog\/wp-content\/uploads\/2019\/05\/Kalaja-e-Bashtoves-1.jpg?resize=450%2C325&amp;ssl=1 450w, https:\/\/i0.wp.com\/www.shqiperia.com\/blog\/wp-content\/uploads\/2019\/05\/Kalaja-e-Bashtoves-1.jpg?resize=600%2C434&amp;ssl=1 600w, https:\/\/i0.wp.com\/www.shqiperia.com\/blog\/wp-content\/uploads\/2019\/05\/Kalaja-e-Bashtoves-1.jpg?resize=400%2C289&amp;ssl=1 400w, https:\/\/i0.wp.com\/www.shqiperia.com\/blog\/wp-content\/uploads\/2019\/05\/Kalaja-e-Bashtoves-1.jpg?w=649&amp;ssl=1 649w\" sizes=\"auto, (max-width: 635px) 100vw, 635px\" \/><p id=\"caption-attachment-20869\" class=\"wp-caption-text\">Kalaja e Bashtov\u00ebs<\/p><\/div>\n","protected":false},"excerpt":{"rendered":"<p>Kalaja e Bashtov\u00ebs Kavaje. Kalaja e Bashtov\u00ebs (Castle Bashtova) ngrihet pran\u00eb fshatit t\u00ebVile-Bashtov\u00ebs n\u00eb nj\u00eb distanc\u00eb prej 3-4 km, n\u00eb veri t\u00eb gryk\u00ebderdhjes s\u00eb\u00a0lumit t\u00eb Shkumbinit. K\u00ebshtjella \u00ebsht\u00eb nd\u00ebrtuar n\u00eb shekullin XV dhe u ka sh\u00ebrbyer venecian\u00ebve,per shkembime tregtare. Zona e Bashtov\u00ebs \u00ebsht\u00eb p\u00ebrmendur si nj\u00eb port lumor n\u00eb Shkumbin si dhe nj\u00eb qend\u00ebr e [&hellip;]<\/p>\n","protected":false},"author":9,"featured_media":20867,"comment_status":"open","ping_status":"open","sticky":false,"template":"","format":"standard","meta":{"jetpack_post_was_ever_published":false,"_jetpack_newsletter_access":"","_jetpack_dont_email_post_to_subs":false,"_jetpack_newsletter_tier_id":0,"_jetpack_memberships_contains_paywalled_content":false,"_jetpack_memberships_contains_paid_content":false,"footnotes":"","jetpack_publicize_message":"","jetpack_publicize_feature_enabled":true,"jetpack_social_post_already_shared":true,"jetpack_social_options":{"image_generator_settings":{"template":"highway","default_image_id":0,"font":"","enabled":false},"version":2}},"categories":[27,85,86],"tags":[],"class_list":["post-20866","post","type-post","status-publish","format-standard","has-post-thumbnail","hentry","category-blogu-i-udhetarit","category-histori","category-trashegimi-kulturore"],"jetpack_publicize_connections":[],"jetpack_featured_media_url":"https:\/\/i0.wp.com\/www.shqiperia.com\/blog\/wp-content\/uploads\/2019\/05\/Kalaja-e-Bashtoves-Copy.jpg?fit=756%2C293&ssl=1","jetpack_sharing_enabled":true,"jetpack_shortlink":"https:\/\/wp.me\/p5Z6wp-5qy","jetpack-related-posts":[{"id":51287,"url":"https:\/\/www.shqiperia.com\/blog\/kalaja-e-bashtoves-dhe-muzeu-etnografik-pritet-te-nise-puna-per-rehabilitimin-dhe-rijetezimin\/","url_meta":{"origin":20866,"position":0},"title":"Kalaja e Bashtov\u00ebs dhe muzeu Etnografik pritet t\u00eb nis\u00eb puna p\u00ebr rehabilitimin dhe rijet\u00ebzimin","author":"Kurt Farka","date":"November 12, 2021","format":false,"excerpt":"Kalaja e Bashtov\u00ebs dhe muzeu Etnografik pritet t\u00eb nis\u00eb puna p\u00ebr rehabilitimin dhe rijet\u00ebzimin 11 N\u00cbNTOR 2021 Muzeu Etnografik n\u00eb Kavaj\u00eb dhe kalaja e Bashtov\u00ebs jan\u00eb dy prej siteve t\u00eb p\u00ebrfshira n\u00eb programin EU4Culture. Kjo b\u00ebhet e dije nga ministrja e Kultur\u00ebs Elva Margariti, e cila shton se \u00ebsht\u00eb dhe\u2026","rel":"","context":"In &quot;Arte&quot;","block_context":{"text":"Arte","link":"https:\/\/www.shqiperia.com\/blog\/category\/arte\/"},"img":{"alt_text":"","src":"https:\/\/i0.wp.com\/www.shqiperia.com\/blog\/wp-content\/uploads\/2021\/11\/Kalajs-e-Bashtoves.jpg?fit=768%2C403&ssl=1&resize=350%2C200","width":350,"height":200,"srcset":"https:\/\/i0.wp.com\/www.shqiperia.com\/blog\/wp-content\/uploads\/2021\/11\/Kalajs-e-Bashtoves.jpg?fit=768%2C403&ssl=1&resize=350%2C200 1x, https:\/\/i0.wp.com\/www.shqiperia.com\/blog\/wp-content\/uploads\/2021\/11\/Kalajs-e-Bashtoves.jpg?fit=768%2C403&ssl=1&resize=525%2C300 1.5x, https:\/\/i0.wp.com\/www.shqiperia.com\/blog\/wp-content\/uploads\/2021\/11\/Kalajs-e-Bashtoves.jpg?fit=768%2C403&ssl=1&resize=700%2C400 2x"},"classes":[]},{"id":5486,"url":"https:\/\/www.shqiperia.com\/blog\/kalaja-e-bashtoves-castle-bashtova\/","url_meta":{"origin":20866,"position":1},"title":"Kalaja e Bashtov\u00ebs (Castle Bashtova). &#8211;","author":"Kurt Farka","date":"March 23, 2018","format":false,"excerpt":"\u00a0 Kalaja e Bashtov\u00ebs ngrihet pran\u00eb fshatit t\u00ebVile-Bashtov\u00ebs n\u00eb nj\u00eb distanc\u00eb prej 3-4 km, n\u00eb veri t\u00eb gryk\u00ebderdhjes s\u00eb lumit t\u00eb Shkumbinit. K\u00ebshtjella \u00ebsht\u00eb nd\u00ebrtuar n\u00eb shekullin XV dhe u ka sh\u00ebrbyer venecian\u00ebve,per shkembime tregtare. Zona e Bashtov\u00ebs \u00ebsht\u00eb p\u00ebrmendur si nj\u00eb port lumor n\u00eb Shkumbin si dhe nj\u00eb qend\u00ebr\u2026","rel":"","context":"In &quot;Trashegimi Kulturore&quot;","block_context":{"text":"Trashegimi Kulturore","link":"https:\/\/www.shqiperia.com\/blog\/category\/trashegimi-kulturore\/"},"img":{"alt_text":"","src":"https:\/\/i0.wp.com\/www.shqiperia.com\/blog\/wp-content\/uploads\/2018\/03\/Castle_of_Bashtov%C3%AB-Kalaja-e-Bashtov%C3%ABs-2.jpg?resize=350%2C200","width":350,"height":200},"classes":[]},{"id":9597,"url":"https:\/\/www.shqiperia.com\/blog\/imk-harton-projekt-per-restaurimin-e-kalase-se-bashtoves\/","url_meta":{"origin":20866,"position":2},"title":"IMK harton projekt p\u00ebr restaurimin e kalas\u00eb s\u00eb Bashtov\u00ebs. &#8211;","author":"Kurt Farka","date":"July 11, 2018","format":false,"excerpt":"IMK harton projekt p\u00ebr restaurimin e kalas\u00eb s\u00eb Bashtov\u00ebs. - Instituti i Monumenteve t\u00eb Kultur\u00ebs ka hartuar projektin p\u00ebr \u201cRestaurimin e Kalas\u00eb s\u00eb Bashtov\u00ebs\u201d, pran\u00eb fshatit Vil\u00eb, Rrogozhin\u00eb. Projekti i miratuar n\u00eb K\u00ebshillin Komb\u00ebtar t\u00eb Restaurimeve konsiston n\u00eb kryerjen e nd\u00ebrhyrjeve konservuese dhe restauruese n\u00eb monument. \u201cInstituti i Monumenteve t\u00eb\u2026","rel":"","context":"In &quot;Histori&quot;","block_context":{"text":"Histori","link":"https:\/\/www.shqiperia.com\/blog\/category\/histori\/"},"img":{"alt_text":"","src":"https:\/\/i0.wp.com\/www.shqiperia.com\/blog\/wp-content\/uploads\/2018\/07\/bashtova_kalaja_faqe_18-2-300x250.jpg?resize=350%2C200","width":350,"height":200},"classes":[]},{"id":94419,"url":"https:\/\/www.shqiperia.com\/blog\/port-lumor-dhe-lidhje-me-rrugen-egnatia-zbulohet-nje-sekret-i-ri-nen-kalane-e-bashtoves\/","url_meta":{"origin":20866,"position":3},"title":"\u2018Port lumor dhe lidhje me Rrug\u00ebn Egnatia\u2019\/ Zbulohet nj\u00eb sekret i ri n\u00ebn Kalan\u00eb e Bashtov\u00ebs","author":"Kurt Farka","date":"October 26, 2025","format":false,"excerpt":"26 Tetor 2025 N\u00eb an\u00ebn e djatht\u00eb t\u00eb hyrjes kryesore t\u00eb Kalas\u00eb s\u00eb Bashtov\u00ebs n\u00eb Rrogozhin\u00eb, n\u00eb at\u00eb q\u00eb besohej t\u00eb ishte nj\u00eb nga kullat, arkeolog\u00ebt kan\u00eb zbuluar portin lumor t\u00eb kalas\u00eb, i cili e lidhte at\u00eb me kanalin e lumit, duke mund\u00ebsuar transportin e mallrave nga kalaja n\u00eb det\u2026","rel":"","context":"In &quot;Blogu i Udh\u00ebtarit&quot;","block_context":{"text":"Blogu i Udh\u00ebtarit","link":"https:\/\/www.shqiperia.com\/blog\/category\/blogu-i-udhetarit\/"},"img":{"alt_text":"","src":"https:\/\/i0.wp.com\/www.shqiperia.com\/blog\/wp-content\/uploads\/2025\/10\/auto_bashtova-castle-11761500228.webp?fit=1080%2C606&ssl=1&resize=350%2C200","width":350,"height":200,"srcset":"https:\/\/i0.wp.com\/www.shqiperia.com\/blog\/wp-content\/uploads\/2025\/10\/auto_bashtova-castle-11761500228.webp?fit=1080%2C606&ssl=1&resize=350%2C200 1x, https:\/\/i0.wp.com\/www.shqiperia.com\/blog\/wp-content\/uploads\/2025\/10\/auto_bashtova-castle-11761500228.webp?fit=1080%2C606&ssl=1&resize=525%2C300 1.5x, https:\/\/i0.wp.com\/www.shqiperia.com\/blog\/wp-content\/uploads\/2025\/10\/auto_bashtova-castle-11761500228.webp?fit=1080%2C606&ssl=1&resize=700%2C400 2x, https:\/\/i0.wp.com\/www.shqiperia.com\/blog\/wp-content\/uploads\/2025\/10\/auto_bashtova-castle-11761500228.webp?fit=1080%2C606&ssl=1&resize=1050%2C600 3x"},"classes":[]},{"id":9625,"url":"https:\/\/www.shqiperia.com\/blog\/keshilli-kombetar-i-restaurimeve-ka-miratuar-disa-projekte-restaurimi-per-monumente-te-ndryshime-ne-te-githe-vendin\/","url_meta":{"origin":20866,"position":4},"title":"K\u00ebshilli Komb\u00ebtar i Restaurimeve ka miratuar disa projekte restaurimi p\u00ebr monumente t\u00eb ndryshime n\u00eb t\u00eb gith\u00eb vendin. &#8211;","author":"Kurt Farka","date":"July 12, 2018","format":false,"excerpt":"K\u00ebshilli Komb\u00ebtar i Restaurimeve ka miratuar disa projekte restaurimi p\u00ebr monumente t\u00eb ndryshime n\u00eb t\u00eb gith\u00eb vendin. - Njofton: Mirela Kumbaro. \u201cUra e Nivanit\u201d ne Zagori , mjaft e rrezikuar nga gerryerjet e brigjeve, do te restaurohet brenda vitit. Mes objekteve t\u00eb tjera p\u00ebr restaurim projektet e te cilave u\u2026","rel":"","context":"In &quot;Kultura&quot;","block_context":{"text":"Kultura","link":"https:\/\/www.shqiperia.com\/blog\/category\/kultura\/"},"img":{"alt_text":"","src":"https:\/\/i0.wp.com\/www.shqiperia.com\/blog\/wp-content\/uploads\/2018\/07\/ura-e-nivanit.jpg?fit=630%2C401&ssl=1&resize=350%2C200","width":350,"height":200,"srcset":"https:\/\/i0.wp.com\/www.shqiperia.com\/blog\/wp-content\/uploads\/2018\/07\/ura-e-nivanit.jpg?fit=630%2C401&ssl=1&resize=350%2C200 1x, https:\/\/i0.wp.com\/www.shqiperia.com\/blog\/wp-content\/uploads\/2018\/07\/ura-e-nivanit.jpg?fit=630%2C401&ssl=1&resize=525%2C300 1.5x"},"classes":[]},{"id":29851,"url":"https:\/\/www.shqiperia.com\/blog\/kalaja-e-krujes-specialistet-inspektim-per-perforcimin-e-struktures\/","url_meta":{"origin":20866,"position":5},"title":"Kalaja e Kruj\u00ebs, specialist\u00ebt inspektim p\u00ebr p\u00ebrforcimin e struktur\u00ebs. &#8211;","author":"Kurt Farka","date":"December 30, 2019","format":false,"excerpt":"Kalaja e Kruj\u00ebs, specialist\u00ebt inspektim p\u00ebr p\u00ebrforcimin e struktur\u00ebs 29\/12\/2019 Specialist\u00ebt e Institutit Komb\u00ebtar t\u00eb Trash\u00ebgimis\u00eb Kulturore, s\u00eb bashku me specialist\u00ebt e Drejtoris\u00eb Rajonale t\u00eb Trash\u00ebgimis\u00eb Kulturore t\u00eb Tiran\u00ebs dhe me gjeolog\u00eb e konstruktor\u00eb kryen nj\u00eb inspektim n\u00eb kalan\u00eb e Kruj\u00ebs. IKTK shprehet se kjo u b\u00eb p\u00ebr studimin e\u2026","rel":"","context":"In &quot;Histori&quot;","block_context":{"text":"Histori","link":"https:\/\/www.shqiperia.com\/blog\/category\/histori\/"},"img":{"alt_text":"","src":"https:\/\/i0.wp.com\/www.shqiperia.com\/blog\/wp-content\/uploads\/2019\/12\/1574861051_kulla.jpg?fit=780%2C440&ssl=1&resize=350%2C200","width":350,"height":200,"srcset":"https:\/\/i0.wp.com\/www.shqiperia.com\/blog\/wp-content\/uploads\/2019\/12\/1574861051_kulla.jpg?fit=780%2C440&ssl=1&resize=350%2C200 1x, https:\/\/i0.wp.com\/www.shqiperia.com\/blog\/wp-content\/uploads\/2019\/12\/1574861051_kulla.jpg?fit=780%2C440&ssl=1&resize=525%2C300 1.5x, https:\/\/i0.wp.com\/www.shqiperia.com\/blog\/wp-content\/uploads\/2019\/12\/1574861051_kulla.jpg?fit=780%2C440&ssl=1&resize=700%2C400 2x"},"classes":[]}],"_links":{"self":[{"href":"https:\/\/www.shqiperia.com\/blog\/wp-json\/wp\/v2\/posts\/20866","targetHints":{"allow":["GET"]}}],"collection":[{"href":"https:\/\/www.shqiperia.com\/blog\/wp-json\/wp\/v2\/posts"}],"about":[{"href":"https:\/\/www.shqiperia.com\/blog\/wp-json\/wp\/v2\/types\/post"}],"author":[{"embeddable":true,"href":"https:\/\/www.shqiperia.com\/blog\/wp-json\/wp\/v2\/users\/9"}],"replies":[{"embeddable":true,"href":"https:\/\/www.shqiperia.com\/blog\/wp-json\/wp\/v2\/comments?post=20866"}],"version-history":[{"count":2,"href":"https:\/\/www.shqiperia.com\/blog\/wp-json\/wp\/v2\/posts\/20866\/revisions"}],"predecessor-version":[{"id":20871,"href":"https:\/\/www.shqiperia.com\/blog\/wp-json\/wp\/v2\/posts\/20866\/revisions\/20871"}],"wp:featuredmedia":[{"embeddable":true,"href":"https:\/\/www.shqiperia.com\/blog\/wp-json\/wp\/v2\/media\/20867"}],"wp:attachment":[{"href":"https:\/\/www.shqiperia.com\/blog\/wp-json\/wp\/v2\/media?parent=20866"}],"wp:term":[{"taxonomy":"category","embeddable":true,"href":"https:\/\/www.shqiperia.com\/blog\/wp-json\/wp\/v2\/categories?post=20866"},{"taxonomy":"post_tag","embeddable":true,"href":"https:\/\/www.shqiperia.com\/blog\/wp-json\/wp\/v2\/tags?post=20866"}],"curies":[{"name":"wp","href":"https:\/\/api.w.org\/{rel}","templated":true}]}}