{"id":20855,"date":"2019-05-08T01:26:13","date_gmt":"2019-05-08T01:26:13","guid":{"rendered":"http:\/\/www.shqiperia.com\/blog\/?p=20855"},"modified":"2019-05-08T01:26:13","modified_gmt":"2019-05-08T01:26:13","slug":"nata-e-fundit-e-sabiha-kasimatit-flet-shoqja-e-qelise-para-se-ta-merrnin-per-pushkatim","status":"publish","type":"post","link":"https:\/\/www.shqiperia.com\/blog\/nata-e-fundit-e-sabiha-kasimatit-flet-shoqja-e-qelise-para-se-ta-merrnin-per-pushkatim\/","title":{"rendered":"Nata e fundit e Sabiha Kasimatit, flet shoqja e qelis\u00eb: Para se ta merrnin p\u00ebr pushkatim\u2026"},"content":{"rendered":"<p><img data-recalc-dims=\"1\" loading=\"lazy\" decoding=\"async\" data-attachment-id=\"20856\" data-permalink=\"https:\/\/www.shqiperia.com\/blog\/nata-e-fundit-e-sabiha-kasimatit-flet-shoqja-e-qelise-para-se-ta-merrnin-per-pushkatim\/sabiha-kasimati-2\/\" data-orig-file=\"https:\/\/i0.wp.com\/www.shqiperia.com\/blog\/wp-content\/uploads\/2019\/05\/Sabiha-Kasimati-2.jpg?fit=320%2C186&amp;ssl=1\" data-orig-size=\"320,186\" data-comments-opened=\"1\" data-image-meta=\"{&quot;aperture&quot;:&quot;0&quot;,&quot;credit&quot;:&quot;&quot;,&quot;camera&quot;:&quot;&quot;,&quot;caption&quot;:&quot;&quot;,&quot;created_timestamp&quot;:&quot;0&quot;,&quot;copyright&quot;:&quot;&quot;,&quot;focal_length&quot;:&quot;0&quot;,&quot;iso&quot;:&quot;0&quot;,&quot;shutter_speed&quot;:&quot;0&quot;,&quot;title&quot;:&quot;&quot;,&quot;orientation&quot;:&quot;0&quot;}\" data-image-title=\"Sabiha Kasimati (2)\" data-image-description=\"\" data-image-caption=\"\" data-medium-file=\"https:\/\/i0.wp.com\/www.shqiperia.com\/blog\/wp-content\/uploads\/2019\/05\/Sabiha-Kasimati-2.jpg?fit=300%2C174&amp;ssl=1\" data-large-file=\"https:\/\/i0.wp.com\/www.shqiperia.com\/blog\/wp-content\/uploads\/2019\/05\/Sabiha-Kasimati-2.jpg?fit=320%2C186&amp;ssl=1\" class=\"alignnone  wp-image-20856\" alt=\"\" src=\"https:\/\/i0.wp.com\/www.shqiperia.com\/blog\/wp-content\/uploads\/2019\/05\/Sabiha-Kasimati-2-300x174.jpg?resize=447%2C259\" width=\"447\" height=\"259\" srcset=\"https:\/\/i0.wp.com\/www.shqiperia.com\/blog\/wp-content\/uploads\/2019\/05\/Sabiha-Kasimati-2.jpg?resize=300%2C174&amp;ssl=1 300w, https:\/\/i0.wp.com\/www.shqiperia.com\/blog\/wp-content\/uploads\/2019\/05\/Sabiha-Kasimati-2.jpg?w=320&amp;ssl=1 320w\" sizes=\"auto, (max-width: 447px) 100vw, 447px\" \/><\/p>\n<p>Nata e fundit e Sabiha Kasimatit, flet shoqja e qelis\u00eb: Para se ta merrnin p\u00ebr pushkatim\u2026<\/p>\n<p>Nga: <a href=\"https:\/\/kujto.al\/nata-e-fundit-e-sabihase\/\"><em>Kujto.al\/<\/em><\/a><\/p>\n<p><strong><em>Diti Bi\u00e7aku rr\u00ebfen qelit\u00eb e ftohta t\u00eb burgut t\u00eb grave intelektuale\u2026 Pak \u00e7aste para se\u00a0<a href=\"https:\/\/kujto.al\/personat\/sabiha-kasimati\/\">Sabiha Kasimati<\/a>t\u00eb pushkatohej, t\u00eb fundit dor\u00eb q\u00eb shtr\u00ebngoi n\u00eb k\u00ebt\u00eb bot\u00eb, ishte dora e Ditit<\/em><\/strong><\/p>\n<p>Diti Bi\u00e7aku sapo i kishte mbushur 25 kur nat\u00ebn e 26 shkurtit t\u00eb vitit 1951, e pa veten pas hekurave t\u00eb burgut t\u00eb Tiran\u00ebs, midis grupit t\u00eb t\u00eb arrestuarve p\u00ebr bomb\u00ebn e ambasad\u00ebs ruse. Ishte nj\u00eb vajz\u00eb e re me \u00ebndrrat e saj q\u00eb do t\u2019i burgoseshin p\u00ebrgjithmon\u00eb n\u00eb kampet e tmerrshme t\u00eb diktatur\u00ebs komuniste. Nj\u00eb nd\u00ebr momentet m\u00eb t\u00eb v\u00ebshtira do t\u00eb mbetej ndarja me miken e saj t\u00eb dit\u00ebve t\u00eb v\u00ebshtira, intelektualen e shquar\u00a0<a href=\"https:\/\/kujto.al\/personat\/sabiha-kasimati\/\">Sabiha Kasimati<\/a>. Pak \u00e7aste para se Sabiha t\u00eb pushkatohej, t\u00eb fundit dor\u00eb q\u00eb shtr\u00ebngoi n\u00eb k\u00ebt\u00eb bot\u00eb ishte dora e Ditit. Kur xhelat\u00ebt komuniste erdh\u00ebn p\u00ebr ta marr\u00eb, Sabiha tentoi t\u00eb kund\u00ebrshtonte, nuk donte t\u00eb ndahej nga Diti se kishte frik\u00eb p\u00ebr t\u00eb, kishte frik\u00eb ta linte vet\u00ebm. Nuk e dinte pse Diti po q\u00ebndronte ende brenda hekurave t\u00eb burgut t\u00eb ftoht\u00eb e pse ajo po largohej prej andej. Sabiha ndoshta nuk e dinte se ky do t\u00eb ishte takimi i fundit me t\u00eb e se kurr\u00eb m\u00eb nuk do ta shihte miken e saj t\u00eb ngusht\u00eb. Sabiha nuk e dinte se duke l\u00ebn\u00eb pas hekurave t\u00eb burgut t\u00eb ftoht\u00eb, miken e saj t\u00eb dit\u00ebve t\u00eb v\u00ebshtira, do t\u00eb shkonte vet\u00eb drejt nj\u00eb fati edhe m\u00eb t\u00eb tmerrsh\u00ebm, do t\u00eb mbulohej n\u00eb dheun e ftoht\u00eb pas plumbit q\u00eb diktatura kishte rezervuar p\u00ebr t\u00eb e fishnjen e saj n\u00eb bark\u2026<\/p>\n<p>\u00cbsht\u00eb nj\u00eb nd\u00ebr krimet m\u00eb t\u00eb tmerrshme t\u00eb diktatur\u00ebs komuniste vrasja e Sabiha Kasimatit. E ka rr\u00ebfyer Diti Bi\u00e7aku at\u00eb nat\u00eb t\u00eb fundit t\u00eb Sabihas\u00eb, n\u00eb qelit\u00eb e ftohta t\u00eb burgut t\u00eb Tiran\u00ebs dhe \u00e7astet e fundit t\u00eb saj para se t\u00eb shkonte drejt pushkatimit.<\/p>\n<div id=\"attachment_20857\" style=\"width: 635px\" class=\"wp-caption alignnone\"><img data-recalc-dims=\"1\" loading=\"lazy\" decoding=\"async\" aria-describedby=\"caption-attachment-20857\" data-attachment-id=\"20857\" data-permalink=\"https:\/\/www.shqiperia.com\/blog\/nata-e-fundit-e-sabiha-kasimatit-flet-shoqja-e-qelise-para-se-ta-merrnin-per-pushkatim\/diti-bicaku\/\" data-orig-file=\"https:\/\/i0.wp.com\/www.shqiperia.com\/blog\/wp-content\/uploads\/2019\/05\/DITI-BICAKU.jpg?fit=490%2C420&amp;ssl=1\" data-orig-size=\"490,420\" data-comments-opened=\"1\" data-image-meta=\"{&quot;aperture&quot;:&quot;0&quot;,&quot;credit&quot;:&quot;&quot;,&quot;camera&quot;:&quot;&quot;,&quot;caption&quot;:&quot;&quot;,&quot;created_timestamp&quot;:&quot;0&quot;,&quot;copyright&quot;:&quot;&quot;,&quot;focal_length&quot;:&quot;0&quot;,&quot;iso&quot;:&quot;0&quot;,&quot;shutter_speed&quot;:&quot;0&quot;,&quot;title&quot;:&quot;&quot;,&quot;orientation&quot;:&quot;0&quot;}\" data-image-title=\"DITI BICAKU\" data-image-description=\"\" data-image-caption=\"&lt;p&gt;DITI BICAKU&lt;\/p&gt;\n\" data-medium-file=\"https:\/\/i0.wp.com\/www.shqiperia.com\/blog\/wp-content\/uploads\/2019\/05\/DITI-BICAKU.jpg?fit=300%2C257&amp;ssl=1\" data-large-file=\"https:\/\/i0.wp.com\/www.shqiperia.com\/blog\/wp-content\/uploads\/2019\/05\/DITI-BICAKU.jpg?fit=490%2C420&amp;ssl=1\" class=\" wp-image-20857\" alt=\"\" src=\"https:\/\/i0.wp.com\/www.shqiperia.com\/blog\/wp-content\/uploads\/2019\/05\/DITI-BICAKU-300x257.jpg?resize=625%2C535\" width=\"625\" height=\"535\" srcset=\"https:\/\/i0.wp.com\/www.shqiperia.com\/blog\/wp-content\/uploads\/2019\/05\/DITI-BICAKU.jpg?resize=300%2C257&amp;ssl=1 300w, https:\/\/i0.wp.com\/www.shqiperia.com\/blog\/wp-content\/uploads\/2019\/05\/DITI-BICAKU.jpg?resize=450%2C386&amp;ssl=1 450w, https:\/\/i0.wp.com\/www.shqiperia.com\/blog\/wp-content\/uploads\/2019\/05\/DITI-BICAKU.jpg?resize=400%2C343&amp;ssl=1 400w, https:\/\/i0.wp.com\/www.shqiperia.com\/blog\/wp-content\/uploads\/2019\/05\/DITI-BICAKU.jpg?w=490&amp;ssl=1 490w\" sizes=\"auto, (max-width: 625px) 100vw, 625px\" \/><p id=\"caption-attachment-20857\" class=\"wp-caption-text\">DITI BICAKU<\/p><\/div>\n<p>N\u00eb nj\u00eb intervist\u00eb p\u00ebr gazet\u00ebn Standart, dh\u00ebn\u00eb n\u00eb vitin 2015, Diti Bi\u00e7aku rr\u00ebfen dit\u00ebt n\u00eb burgun e\u00a0 Tiran\u00ebs dhe\u00a0 ndarjen me Sabiha Kasimatin, para se ajo t\u00eb pushkatohej.<\/p>\n<p>\u00cbsht\u00eb nj\u00eb prej grave intelektuale q\u00eb u burgos\u00ebn gjat\u00eb regjimit komunist. \u00cbsht\u00eb nj\u00eb nd\u00ebr ato gra q\u00eb vuajti kalvarin e kampeve t\u00eb tmerrshme t\u00eb diktatur\u00ebs komuniste. Ishte mike e Musine Kokalarit, Sabiha Kasmitatit, e t\u00eb tjera gra intelektuale q\u00eb u burgos\u00ebn n\u00eb fillimet e diktatur\u00ebs komuniste.<\/p>\n<p><strong>Zonja Diti Bi\u00e7aku Maliqi, ju jeni d\u00ebshmitarja e vetme okulare e arrestimeve, burgosjeve dhe vrasjeve q\u00eb pasuan me ngjarjen e hedhjes s\u00eb bomb\u00ebs n\u00eb Ambasad\u00ebn Sovjetike. Si e kujtoni at\u00eb nat\u00eb?<\/strong><\/p>\n<p>Ishte ora 12 e nat\u00ebs kur ra dera e sht\u00ebpis\u00eb sime. Ishin tre t\u00eb Sigurimit, t\u00eb cil\u00ebt t\u00eb armatosur hyn\u00eb brenda. Erdh\u00ebn dhe m\u00eb pyet\u00ebn: Kush je ti? \u2013 Un\u00eb jam Diti Bi\u00e7aku, iu thash\u00eb. \u2013 N\u00eb em\u00ebr t\u00eb popullit je arrestuar! M\u00eb vun\u00eb hekurat. B\u00ebn\u00eb nj\u00eb kontroll t\u00eb im\u00ebt nja nj\u00eb or\u00eb e ca n\u00eb sht\u00ebpi, por nuk gjet\u00ebn asgj\u00eb. Ashtu e lidhur u hodha syt\u00eb prind\u00ebrve q\u00eb po qanin me lot. U thash\u00eb t\u00eb mos ken\u00eb gajle se un\u00eb isha pa faj e se do kthehesha prap\u00eb. N\u00eb ato momente nuk e di, por Zoti m\u00eb dha forc\u00eb. Dola bashk\u00eb me ata t\u00eb Sigurimit, t\u00eb cil\u00ebt ishin tre veta; nj\u00ebri m\u00eb rrinte majtas, tjetri djathtas e i treti p\u00ebrpara. I fola nj\u00ebrit q\u00eb kisha n\u00eb krah: Ku po m\u00eb \u00e7oni? \u2013 Mos fol! \u2013 m\u00eb b\u00ebrtiti.<\/p>\n<p><strong>That\u00eb se ishte ora 12 e nat\u00ebs. Ku ju \u00e7uan?<\/strong><\/p>\n<p>Drejt e n\u00eb qendr\u00ebn e qytetit, ku \u00ebsht\u00eb Sahati. Pastaj na drejtuan te burgu i ri (k\u00ebshtu i thoshin at\u00ebher\u00eb). Por kur dol\u00ebm te sheshi \u201cSk\u00ebnderbe\u201d ishte miz\u00ebria me t\u00eb burgosur. Rrug\u00ebt ishin t\u00eb mbushura me plot t\u00eb arrestuar e drejtimi i t\u00eb gjith\u00ebve ishte drejt burgut t\u00eb madh. T\u00eb gjith\u00eb t\u00eb burgosurit shoq\u00ebroheshin me nga tre t\u00eb Sigurimit dhe k\u00ebshtu ne nuk mund t\u00eb kthenim kok\u00ebn as majtas, as djathtas q\u00eb t\u00eb shihnim nj\u00ebri-tjetrin. Te burgu i ri prit\u00ebm shum\u00eb sepse nuk mbaronte radha e t\u00eb burgosurve. Un\u00eb nuk e di n\u00eb isha e fundit apo e parafundit. Kur m\u00eb erdhi radha hyra te dera e par\u00eb. Nj\u00eb k\u00ebrcitje e tmerrshme nga pas. Pas saj ishte nj\u00eb tunel shum\u00eb i err\u00ebt q\u00eb ndri\u00e7ohej nga nj\u00eb drit\u00eb e zbeht\u00eb. Kaluam der\u00ebn e dyt\u00eb dhe pastaj m\u00eb fut\u00ebn n\u00eb nj\u00eb biruc\u00eb. Biruca ishte pus. Nuk kishte fare drit\u00eb. M\u00eb lan\u00eb aty dhe i vun\u00eb llozin der\u00ebs. Un\u00eb nuk e dija ku isha. N\u00eb at\u00eb moment u ndez nj\u00eb fije shkrep\u00ebse n\u00eb mes t\u00eb 5-6 vet\u00ebve q\u00eb ishin t\u00eb gjitha gra. Mes tyre ishte dhe\u00a0<a href=\"https:\/\/kujto.al\/personat\/sabiha-kasimati\/\">Sabiha Kasimati<\/a>. Ishte ajo q\u00eb ndezi fijen e shkrep\u00ebses. Kush je?- m\u00eb tha, se nuk shihej mir\u00eb. \u2013 Jam Diti Bi\u00e7aku, iu p\u00ebrgjigja. N\u00eb vend q\u00eb t\u00eb m\u00eb thoshte \u201cobobo\u201d\u2026se m\u00eb kishin arrestuar, tha \u201co shyqyr\u201d, ngaq\u00eb i doli nj\u00eb e njohur n\u00eb at\u00eb tmerr. Un\u00eb, Sabiha Kasimatin e kam njohur q\u00eb kur kam qen\u00eb n\u00eb Elbasan.<\/p>\n<div id=\"attachment_20858\" style=\"width: 685px\" class=\"wp-caption alignnone\"><img data-recalc-dims=\"1\" loading=\"lazy\" decoding=\"async\" aria-describedby=\"caption-attachment-20858\" data-attachment-id=\"20858\" data-permalink=\"https:\/\/www.shqiperia.com\/blog\/nata-e-fundit-e-sabiha-kasimatit-flet-shoqja-e-qelise-para-se-ta-merrnin-per-pushkatim\/sabiha-kasimati\/\" data-orig-file=\"https:\/\/i0.wp.com\/www.shqiperia.com\/blog\/wp-content\/uploads\/2019\/05\/Sabiha-Kasimati.jpg?fit=320%2C400&amp;ssl=1\" data-orig-size=\"320,400\" data-comments-opened=\"1\" data-image-meta=\"{&quot;aperture&quot;:&quot;0&quot;,&quot;credit&quot;:&quot;&quot;,&quot;camera&quot;:&quot;&quot;,&quot;caption&quot;:&quot;&quot;,&quot;created_timestamp&quot;:&quot;0&quot;,&quot;copyright&quot;:&quot;&quot;,&quot;focal_length&quot;:&quot;0&quot;,&quot;iso&quot;:&quot;0&quot;,&quot;shutter_speed&quot;:&quot;0&quot;,&quot;title&quot;:&quot;&quot;,&quot;orientation&quot;:&quot;0&quot;}\" data-image-title=\"Sabiha Kasimati\" data-image-description=\"\" data-image-caption=\"&lt;p&gt;Sabiha Kasimati&lt;\/p&gt;\n\" data-medium-file=\"https:\/\/i0.wp.com\/www.shqiperia.com\/blog\/wp-content\/uploads\/2019\/05\/Sabiha-Kasimati.jpg?fit=240%2C300&amp;ssl=1\" data-large-file=\"https:\/\/i0.wp.com\/www.shqiperia.com\/blog\/wp-content\/uploads\/2019\/05\/Sabiha-Kasimati.jpg?fit=320%2C400&amp;ssl=1\" class=\" wp-image-20858\" alt=\"\" src=\"https:\/\/i0.wp.com\/www.shqiperia.com\/blog\/wp-content\/uploads\/2019\/05\/Sabiha-Kasimati-240x300.jpg?resize=675%2C844\" width=\"675\" height=\"844\" srcset=\"https:\/\/i0.wp.com\/www.shqiperia.com\/blog\/wp-content\/uploads\/2019\/05\/Sabiha-Kasimati.jpg?resize=240%2C300&amp;ssl=1 240w, https:\/\/i0.wp.com\/www.shqiperia.com\/blog\/wp-content\/uploads\/2019\/05\/Sabiha-Kasimati.jpg?w=320&amp;ssl=1 320w\" sizes=\"auto, (max-width: 675px) 100vw, 675px\" \/><p id=\"caption-attachment-20858\" class=\"wp-caption-text\">Sabiha Kasimati<\/p><\/div>\n<p><strong>Sa koh\u00eb ju mbajt\u00ebn n\u00eb qeli?<\/strong><\/p>\n<p>Nuk e di, se nuk e kuptoje se kur ishte dit\u00eb e kur ishte nat\u00eb. Ngaq\u00eb b\u00ebnte shum\u00eb ftoht\u00eb u futa n\u00eb dyshekun e Sabihas\u00eb dhe u mblodh\u00ebm t\u00eb dyja p\u00ebr t\u2019u ngrohur. Ajo ishte me temperatur\u00eb. Nd\u00ebrkoh\u00eb q\u00eb po bisedonim k\u00ebrciti dera. Erdh\u00ebn ata t\u00eb Sigurimit. U fut\u00ebn brenda dhe thirr\u00ebn emrin e Sabiha Kasimatit. Sabihaja dridhej nga t\u00eb ftohtit se ishte s\u00ebmur\u00eb. Un\u00eb hoqa pallton time t\u00eb madhe dhe ia hodha n\u00eb krah. Me at\u00eb pallto \u00ebsht\u00eb pushkatuar. Doli Sabihaja. Pas pak erdh\u00ebn dhe thirr\u00ebn edhe emrin tim. T\u00eb dyjave bashk\u00eb na fut\u00ebn n\u00eb nj\u00eb dhom\u00eb ku ishin dhe disa persona t\u00eb tjer\u00eb. Ishin ata t\u00eb hetuesis\u00eb. Na ul\u00ebn n\u00eb nj\u00eb tavolin\u00eb q\u00eb ndri\u00e7ohej nga nj\u00eb fener. Ishte Mehmet Shehu dhe ca q\u00eb nuk i njihja at\u00ebher\u00eb, por tani i njoh. Mehmet Shehu p\u00ebrplaste dor\u00ebn n\u00eb tavolin\u00eb duke th\u00ebn\u00eb: \u201cK\u00ebto jan\u00eb armike t\u00eb popullit. K\u00ebto desh\u00ebn t\u00eb na p\u00ebrmbysnin pushtetin ton\u00eb popullor. Nuk duhet t\u00eb kemi m\u00ebshir\u00eb p\u00ebr to, por t\u2019u japim d\u00ebnimin maksimal se e kemi fitu me gjak pushtetin popullor\u201d. N\u00eb k\u00ebt\u00eb moment un\u00eb dhe Sabihaja i shtr\u00ebnguam dor\u00ebn nj\u00ebra-tjetr\u00ebs dhe e kuptuam se ishim shum\u00eb n\u00eb rrezik.<\/p>\n<p><strong>\u00c7far\u00eb ndodhi pas k\u00ebsaj me ju dhe Sabihan\u00eb?<\/strong><\/p>\n<p>Pasi mbaruam aty na larguan nga dhoma. Pas pak d\u00ebgjuam zhurm\u00ebn e nj\u00eb makine t\u00eb madhe. Ajo makin\u00eb vinte gjithmon\u00eb aty e mbuluar. Edhe sot e k\u00ebsaj dite zhurm\u00ebn e makin\u00ebs m\u00eb duket se e d\u00ebgjoj. Erdhi makina te dera dhe i fut\u00ebn t\u00eb gjith\u00eb t\u00eb lidhur. As kok\u00ebn s\u2019e ngrinin dot. Ne nuk e mendonim kurr\u00eb se po i \u00e7onin p\u00ebr t\u2019i pushkatuar, por mendonim se ata shp\u00ebtuan dhe po i lironin. Ne ishim t\u00eb gjith\u00eb t\u00eb pafajsh\u00ebm. Erdh\u00ebn dhe mor\u00ebn edhe Sabihan\u00eb q\u00eb e hip\u00ebn n\u00eb at\u00eb makin\u00eb. N\u00eb at\u00eb moment ajo m\u00eb t\u00ebrhiqte q\u00eb t\u00eb shkoja me t\u00eb. Un\u00eb doja t\u00eb shkoja me Sabihan\u00eb, por nj\u00eb nga gardian\u00ebt m\u00eb t\u00ebrhoqi dhe makina u nis. Me sa duket un\u00eb nuk isha n\u00eb list\u00eb p\u00ebr t\u2019u pushkatuar. Nuk e di si shp\u00ebtova, por n\u00eb at\u00eb koh\u00eb pyesja o Zot, pse nuk shkova dhe un\u00eb me Sabihan\u00eb, sepse mendoja se at\u00eb e kishin liruar.<\/p>\n<p><a href=\"https:\/\/kujto.al\/nata-e-fundit-e-sabihase\/\"><em>Kujto.al\/<\/em><\/a><em>\u00a0<\/em><\/p>\n","protected":false},"excerpt":{"rendered":"<p>Nata e fundit e Sabiha Kasimatit, flet shoqja e qelis\u00eb: Para se ta merrnin p\u00ebr pushkatim\u2026 Nga: Kujto.al\/ Diti Bi\u00e7aku rr\u00ebfen qelit\u00eb e ftohta t\u00eb burgut t\u00eb grave intelektuale\u2026 Pak \u00e7aste para se\u00a0Sabiha Kasimatit\u00eb pushkatohej, t\u00eb fundit dor\u00eb q\u00eb shtr\u00ebngoi n\u00eb k\u00ebt\u00eb bot\u00eb, ishte dora e Ditit Diti Bi\u00e7aku sapo i kishte mbushur 25 kur [&hellip;]<\/p>\n","protected":false},"author":9,"featured_media":20856,"comment_status":"open","ping_status":"open","sticky":false,"template":"","format":"standard","meta":{"jetpack_post_was_ever_published":false,"_jetpack_newsletter_access":"","_jetpack_dont_email_post_to_subs":false,"_jetpack_newsletter_tier_id":0,"_jetpack_memberships_contains_paywalled_content":false,"_jetpack_memberships_contains_paid_content":false,"footnotes":"","jetpack_publicize_message":"","jetpack_publicize_feature_enabled":true,"jetpack_social_post_already_shared":true,"jetpack_social_options":{"image_generator_settings":{"template":"highway","default_image_id":0,"font":"","enabled":false},"version":2}},"categories":[27,85,2],"tags":[],"class_list":["post-20855","post","type-post","status-publish","format-standard","has-post-thumbnail","hentry","category-blogu-i-udhetarit","category-histori","category-politika"],"jetpack_publicize_connections":[],"jetpack_featured_media_url":"https:\/\/i0.wp.com\/www.shqiperia.com\/blog\/wp-content\/uploads\/2019\/05\/Sabiha-Kasimati-2.jpg?fit=320%2C186&ssl=1","jetpack_sharing_enabled":true,"jetpack_shortlink":"https:\/\/wp.me\/p5Z6wp-5qn","jetpack-related-posts":[{"id":4224,"url":"https:\/\/www.shqiperia.com\/blog\/1951-kunder-intelektualeve-dhe-shkences\/","url_meta":{"origin":20855,"position":0},"title":"1951\/Kund\u00ebr intelektual\u00ebve dhe shkenc\u00ebs.-","author":"Kurt Farka","date":"March 2, 2018","format":false,"excerpt":"Nga Kastriot Dervishi. - Regjimi komunist ishte nj\u00eb regjim injorant\u00ebsh mbi inteligjencien shqiptare. Ajo q\u00eb ka ndodhur n\u00eb k\u00ebt\u00eb vend \u00ebsht\u00eb nd\u00ebr gjenocidet m\u00eb t\u00eb pashembullta n\u00eb bot\u00eb kund\u00ebr intelektual\u00ebve. Si rrall\u00eb her\u00eb n\u00eb histori, n\u00eb vitet e para paslufte kemi nj\u00eb p\u00ebrmbysje sociale, sipas s\u00eb cil\u00ebs t\u00eb shkolluarit ishin\u2026","rel":"","context":"In &quot;Blogu i Udh\u00ebtarit&quot;","block_context":{"text":"Blogu i Udh\u00ebtarit","link":"https:\/\/www.shqiperia.com\/blog\/category\/blogu-i-udhetarit\/"},"img":{"alt_text":"","src":"https:\/\/i0.wp.com\/www.shqiperia.com\/blog\/wp-content\/uploads\/2018\/03\/Dokument-Kunder-Intelektualeve.jpg?fit=737%2C256&ssl=1&resize=350%2C200","width":350,"height":200,"srcset":"https:\/\/i0.wp.com\/www.shqiperia.com\/blog\/wp-content\/uploads\/2018\/03\/Dokument-Kunder-Intelektualeve.jpg?fit=737%2C256&ssl=1&resize=350%2C200 1x, https:\/\/i0.wp.com\/www.shqiperia.com\/blog\/wp-content\/uploads\/2018\/03\/Dokument-Kunder-Intelektualeve.jpg?fit=737%2C256&ssl=1&resize=525%2C300 1.5x, https:\/\/i0.wp.com\/www.shqiperia.com\/blog\/wp-content\/uploads\/2018\/03\/Dokument-Kunder-Intelektualeve.jpg?fit=737%2C256&ssl=1&resize=700%2C400 2x"},"classes":[]},{"id":31873,"url":"https:\/\/www.shqiperia.com\/blog\/sabiha-kasimati-zeri-qe-u-shua-ne-mesnate\/","url_meta":{"origin":20855,"position":1},"title":"Sabiha Kasimati Z\u00ebri q\u00eb u shua n\u00eb mesnat\u00eb","author":"Kurt Farka","date":"February 28, 2020","format":false,"excerpt":"Sabiha Kasimati Z\u00ebri q\u00eb u shua n\u00eb mesnat\u00eb 15:30 - 08.03.19 Gazeta Shqiptare Fatmira Nikolli \u2013\u00a0Kur m\u00eb 1927, n\u00eb mosh\u00ebn 15-vje\u00e7are, Sabiha Kasimati vinte p\u00ebr her\u00eb t\u00eb par\u00eb n\u00eb atdhe, nuk e dinte se ky udh\u00ebtim do ta sh\u00ebnjonte p\u00ebrgjithnj\u00eb jet\u00ebn dhe vet\u00eb fundin tragjik t\u00eb saj. Rruga e p\u00ebrshkuar\u2026","rel":"","context":"In &quot;Blogu i Udh\u00ebtarit&quot;","block_context":{"text":"Blogu i Udh\u00ebtarit","link":"https:\/\/www.shqiperia.com\/blog\/category\/blogu-i-udhetarit\/"},"img":{"alt_text":"","src":"https:\/\/i0.wp.com\/www.shqiperia.com\/blog\/wp-content\/uploads\/2020\/02\/sabiha.jpg?fit=884%2C530&ssl=1&resize=350%2C200","width":350,"height":200,"srcset":"https:\/\/i0.wp.com\/www.shqiperia.com\/blog\/wp-content\/uploads\/2020\/02\/sabiha.jpg?fit=884%2C530&ssl=1&resize=350%2C200 1x, https:\/\/i0.wp.com\/www.shqiperia.com\/blog\/wp-content\/uploads\/2020\/02\/sabiha.jpg?fit=884%2C530&ssl=1&resize=525%2C300 1.5x, https:\/\/i0.wp.com\/www.shqiperia.com\/blog\/wp-content\/uploads\/2020\/02\/sabiha.jpg?fit=884%2C530&ssl=1&resize=700%2C400 2x"},"classes":[]},{"id":23324,"url":"https:\/\/www.shqiperia.com\/blog\/kam-folur-kunder-pushtetit-popullor-por-nuk-jam-spiune-historia-prekese-e-sopranos-si-u-arrestua-nga-ish-sigurimi-i-shtetit-per-lidhje-me\/","url_meta":{"origin":20855,"position":2},"title":"\u201cKam folur kund\u00ebr pushtetit popullor, por nuk jam spiune\u201d, historia prek\u00ebse e sopranos. Si u arrestua nga ish-sigurimi i Shtetit p\u00ebr lidhje me\u2026","author":"Kurt Farka","date":"July 20, 2019","format":false,"excerpt":"\u201cKam folur kund\u00ebr pushtetit popullor, por nuk jam spiune\u201d, historia prek\u00ebse e sopranos. Si u arrestua nga ish-sigurimi i Shtetit p\u00ebr lidhje me\u2026 Jul 20, 2019 Ishte pranver\u00eb, nj\u00eb dit\u00eb maji n\u00eb vitin 1947, kur u ndal nj\u00eb melodi. N\u00ebp\u00ebr sallat modeste t\u00eb radio-Tiran\u00ebs, u shua z\u00ebri. \u201cKan\u00eb arrestuar sopranon\u201d,\u2026","rel":"","context":"In &quot;Arte&quot;","block_context":{"text":"Arte","link":"https:\/\/www.shqiperia.com\/blog\/category\/arte\/"},"img":{"alt_text":"","src":"https:\/\/i0.wp.com\/www.shqiperia.com\/blog\/wp-content\/uploads\/2019\/07\/MErita-sokoli-burgu.jpg?fit=600%2C400&ssl=1&resize=350%2C200","width":350,"height":200,"srcset":"https:\/\/i0.wp.com\/www.shqiperia.com\/blog\/wp-content\/uploads\/2019\/07\/MErita-sokoli-burgu.jpg?fit=600%2C400&ssl=1&resize=350%2C200 1x, https:\/\/i0.wp.com\/www.shqiperia.com\/blog\/wp-content\/uploads\/2019\/07\/MErita-sokoli-burgu.jpg?fit=600%2C400&ssl=1&resize=525%2C300 1.5x"},"classes":[]},{"id":45309,"url":"https:\/\/www.shqiperia.com\/blog\/ilir-demalia-pse-dalldise-ne-pleqeri-luljete-shqiptaret-mos-habiten-nje-dite-ne-parlament-do-te-shikojne-dhe\/","url_meta":{"origin":20855,"position":3},"title":"Ilir Demalia: &#8211; Pse dalldise n\u00eb pleq\u00ebri Luljet\u00eb? Shqiptar\u00ebt mos habiten, nj\u00eb dit\u00eb n\u00eb Parlament do t\u00eb shikojn\u00eb dhe\u2026","author":"Kurt Farka","date":"March 15, 2021","format":false,"excerpt":"Ilir Demalia: - Pse dalldise n\u00eb pleq\u00ebri Luljet\u00eb? Shqiptar\u00ebt mos habiten, nj\u00eb dit\u00eb n\u00eb Parlament do t\u00eb shikojn\u00eb dhe\u2026 15 mars 2021 Ilir Demalia ka reaguar pas deklarat\u00ebs q\u00eb ka ndezur debatin n\u00eb opinionin publik, nga kryesuesja e list\u00ebs s\u00eb kandidat\u00ebve p\u00ebr deputet\u00eb p\u00ebr qarkun e Tiran\u00ebs, Luljeta Bozo. Inxhinierja\u2026","rel":"","context":"In &quot;Blogu i Udh\u00ebtarit&quot;","block_context":{"text":"Blogu i Udh\u00ebtarit","link":"https:\/\/www.shqiperia.com\/blog\/category\/blogu-i-udhetarit\/"},"img":{"alt_text":"","src":"https:\/\/i0.wp.com\/www.shqiperia.com\/blog\/wp-content\/uploads\/2021\/03\/Luljeta-Bozo.jpg?fit=1200%2C675&ssl=1&resize=350%2C200","width":350,"height":200,"srcset":"https:\/\/i0.wp.com\/www.shqiperia.com\/blog\/wp-content\/uploads\/2021\/03\/Luljeta-Bozo.jpg?fit=1200%2C675&ssl=1&resize=350%2C200 1x, https:\/\/i0.wp.com\/www.shqiperia.com\/blog\/wp-content\/uploads\/2021\/03\/Luljeta-Bozo.jpg?fit=1200%2C675&ssl=1&resize=525%2C300 1.5x, https:\/\/i0.wp.com\/www.shqiperia.com\/blog\/wp-content\/uploads\/2021\/03\/Luljeta-Bozo.jpg?fit=1200%2C675&ssl=1&resize=700%2C400 2x, https:\/\/i0.wp.com\/www.shqiperia.com\/blog\/wp-content\/uploads\/2021\/03\/Luljeta-Bozo.jpg?fit=1200%2C675&ssl=1&resize=1050%2C600 3x"},"classes":[]},{"id":39807,"url":"https:\/\/www.shqiperia.com\/blog\/ceshtje-te-trashegimise-kulturore-dhe-identitetit-kombetar-flet-artisteja-kengetare-kristina-marku-jam-kunder-menyres-si-festohet-halloween\/","url_meta":{"origin":20855,"position":4},"title":"\u00c7eshtje te Trashegimise Kulturore dhe identitetit Kombetar. Flet Artisteja kengetare Kristina Marku: &#8211; Jam kund\u00ebr m\u00ebnyr\u00ebs si festohet Halloween!","author":"Kurt Farka","date":"October 18, 2020","format":false,"excerpt":"\u00c7eshtje te Trashegimise Kulturore dhe identitetit Kombetar. Flet Artisteja kengetare Kristina Marku: - Jam kund\u00ebr m\u00ebnyr\u00ebs si festohet Halloween! Halloween ishte nata ne te cilen njerez te shumte dolen per te festuar mes te cileve edhe personazhet publike. Ndoshta gaboj por, ne syrin tim keto lloj festimesh vijne, me teper,\u2026","rel":"","context":"In &quot;Histori&quot;","block_context":{"text":"Histori","link":"https:\/\/www.shqiperia.com\/blog\/category\/histori\/"},"img":{"alt_text":"","src":"https:\/\/i0.wp.com\/www.shqiperia.com\/blog\/wp-content\/uploads\/2020\/10\/Artistja-Kristina-Marku-2.jpg?fit=636%2C337&ssl=1&resize=350%2C200","width":350,"height":200,"srcset":"https:\/\/i0.wp.com\/www.shqiperia.com\/blog\/wp-content\/uploads\/2020\/10\/Artistja-Kristina-Marku-2.jpg?fit=636%2C337&ssl=1&resize=350%2C200 1x, https:\/\/i0.wp.com\/www.shqiperia.com\/blog\/wp-content\/uploads\/2020\/10\/Artistja-Kristina-Marku-2.jpg?fit=636%2C337&ssl=1&resize=525%2C300 1.5x"},"classes":[]},{"id":12712,"url":"https:\/\/www.shqiperia.com\/blog\/thirrja-ne-burgun-e-burrelit-me-28-nentor-1947-kosove-e-cameri-do-te-jete-prape-shqiperi\/","url_meta":{"origin":20855,"position":5},"title":"Thirrja n\u00eb burgun e Burrelit m\u00eb 28 n\u00ebntor 1947: Kosov\u00eb e \u00c7am\u00ebri do t\u00eb jet\u00eb prap\u00eb Shqip\u00ebri. &#8211;","author":"Kurt Farka","date":"October 19, 2018","format":false,"excerpt":"Thirrja n\u00eb burgun e Burrelit m\u00eb 28 n\u00ebntor 1947: Kosov\u00eb e \u00c7am\u00ebri do t\u00eb jet\u00eb prap\u00eb Shqip\u00ebri Nga: Ermira Xhomaqi.\u00a0 - Imagjinoni 500 burra, q\u00eb n\u00eb kor, k\u00ebndojn\u00eb k\u00ebng\u00eb p\u00ebr m\u00ebm\u00ebdheun, p\u00ebr flamurin, p\u00ebr Kosov\u00ebn e \u00c7am\u00ebrin\u00eb, brenda burgut ferr n\u00eb Burrel. T\u00eb gjith\u00eb antikomunist\u00eb, t\u00eb gjith\u00eb nj\u00ebz\u00ebri kishin tronditur\u2026","rel":"","context":"In &quot;Histori&quot;","block_context":{"text":"Histori","link":"https:\/\/www.shqiperia.com\/blog\/category\/histori\/"},"img":{"alt_text":"","src":"https:\/\/i0.wp.com\/www.shqiperia.com\/blog\/wp-content\/uploads\/2018\/10\/Foto-61-696x474-Copy.jpg?fit=696%2C377&ssl=1&resize=350%2C200","width":350,"height":200,"srcset":"https:\/\/i0.wp.com\/www.shqiperia.com\/blog\/wp-content\/uploads\/2018\/10\/Foto-61-696x474-Copy.jpg?fit=696%2C377&ssl=1&resize=350%2C200 1x, https:\/\/i0.wp.com\/www.shqiperia.com\/blog\/wp-content\/uploads\/2018\/10\/Foto-61-696x474-Copy.jpg?fit=696%2C377&ssl=1&resize=525%2C300 1.5x"},"classes":[]}],"_links":{"self":[{"href":"https:\/\/www.shqiperia.com\/blog\/wp-json\/wp\/v2\/posts\/20855","targetHints":{"allow":["GET"]}}],"collection":[{"href":"https:\/\/www.shqiperia.com\/blog\/wp-json\/wp\/v2\/posts"}],"about":[{"href":"https:\/\/www.shqiperia.com\/blog\/wp-json\/wp\/v2\/types\/post"}],"author":[{"embeddable":true,"href":"https:\/\/www.shqiperia.com\/blog\/wp-json\/wp\/v2\/users\/9"}],"replies":[{"embeddable":true,"href":"https:\/\/www.shqiperia.com\/blog\/wp-json\/wp\/v2\/comments?post=20855"}],"version-history":[{"count":1,"href":"https:\/\/www.shqiperia.com\/blog\/wp-json\/wp\/v2\/posts\/20855\/revisions"}],"predecessor-version":[{"id":20859,"href":"https:\/\/www.shqiperia.com\/blog\/wp-json\/wp\/v2\/posts\/20855\/revisions\/20859"}],"wp:featuredmedia":[{"embeddable":true,"href":"https:\/\/www.shqiperia.com\/blog\/wp-json\/wp\/v2\/media\/20856"}],"wp:attachment":[{"href":"https:\/\/www.shqiperia.com\/blog\/wp-json\/wp\/v2\/media?parent=20855"}],"wp:term":[{"taxonomy":"category","embeddable":true,"href":"https:\/\/www.shqiperia.com\/blog\/wp-json\/wp\/v2\/categories?post=20855"},{"taxonomy":"post_tag","embeddable":true,"href":"https:\/\/www.shqiperia.com\/blog\/wp-json\/wp\/v2\/tags?post=20855"}],"curies":[{"name":"wp","href":"https:\/\/api.w.org\/{rel}","templated":true}]}}