{"id":20849,"date":"2019-05-07T17:14:11","date_gmt":"2019-05-07T17:14:11","guid":{"rendered":"http:\/\/www.shqiperia.com\/blog\/?p=20849"},"modified":"2019-05-07T17:16:07","modified_gmt":"2019-05-07T17:16:07","slug":"artistet-vendosin-shkronjat-tek-teatri-kombetar","status":"publish","type":"post","link":"https:\/\/www.shqiperia.com\/blog\/artistet-vendosin-shkronjat-tek-teatri-kombetar\/","title":{"rendered":"Artist\u00ebt vendosin shkronjat tek Teatri Komb\u00ebtar. \u2013"},"content":{"rendered":"<div id=\"attachment_20850\" style=\"width: 574px\" class=\"wp-caption alignnone\"><img data-recalc-dims=\"1\" loading=\"lazy\" decoding=\"async\" aria-describedby=\"caption-attachment-20850\" data-attachment-id=\"20850\" data-permalink=\"https:\/\/www.shqiperia.com\/blog\/artistet-vendosin-shkronjat-tek-teatri-kombetar\/b01744a8-adbd-4914-a714-d8aac66bc5e7-e1557247149341\/\" data-orig-file=\"https:\/\/i0.wp.com\/www.shqiperia.com\/blog\/wp-content\/uploads\/2019\/05\/b01744a8-adbd-4914-a714-d8aac66bc5e7-e1557247149341.jpg?fit=665%2C352&amp;ssl=1\" data-orig-size=\"665,352\" data-comments-opened=\"1\" data-image-meta=\"{&quot;aperture&quot;:&quot;0&quot;,&quot;credit&quot;:&quot;&quot;,&quot;camera&quot;:&quot;&quot;,&quot;caption&quot;:&quot;&quot;,&quot;created_timestamp&quot;:&quot;0&quot;,&quot;copyright&quot;:&quot;&quot;,&quot;focal_length&quot;:&quot;0&quot;,&quot;iso&quot;:&quot;0&quot;,&quot;shutter_speed&quot;:&quot;0&quot;,&quot;title&quot;:&quot;&quot;,&quot;orientation&quot;:&quot;0&quot;}\" data-image-title=\"Vendosen Shkronjat Teatri Kombetar\" data-image-description=\"\" data-image-caption=\"&lt;p&gt;Vendosen Shkronjat Teatri Kombetar&lt;\/p&gt;\n\" data-medium-file=\"https:\/\/i0.wp.com\/www.shqiperia.com\/blog\/wp-content\/uploads\/2019\/05\/b01744a8-adbd-4914-a714-d8aac66bc5e7-e1557247149341.jpg?fit=300%2C159&amp;ssl=1\" data-large-file=\"https:\/\/i0.wp.com\/www.shqiperia.com\/blog\/wp-content\/uploads\/2019\/05\/b01744a8-adbd-4914-a714-d8aac66bc5e7-e1557247149341.jpg?fit=665%2C352&amp;ssl=1\" class=\" wp-image-20850\" alt=\"\" src=\"https:\/\/i0.wp.com\/www.shqiperia.com\/blog\/wp-content\/uploads\/2019\/05\/b01744a8-adbd-4914-a714-d8aac66bc5e7-e1557247149341-300x159.jpg?resize=564%2C299\" width=\"564\" height=\"299\" srcset=\"https:\/\/i0.wp.com\/www.shqiperia.com\/blog\/wp-content\/uploads\/2019\/05\/b01744a8-adbd-4914-a714-d8aac66bc5e7-e1557247149341.jpg?resize=300%2C159&amp;ssl=1 300w, https:\/\/i0.wp.com\/www.shqiperia.com\/blog\/wp-content\/uploads\/2019\/05\/b01744a8-adbd-4914-a714-d8aac66bc5e7-e1557247149341.jpg?resize=450%2C238&amp;ssl=1 450w, https:\/\/i0.wp.com\/www.shqiperia.com\/blog\/wp-content\/uploads\/2019\/05\/b01744a8-adbd-4914-a714-d8aac66bc5e7-e1557247149341.jpg?resize=600%2C318&amp;ssl=1 600w, https:\/\/i0.wp.com\/www.shqiperia.com\/blog\/wp-content\/uploads\/2019\/05\/b01744a8-adbd-4914-a714-d8aac66bc5e7-e1557247149341.jpg?resize=400%2C212&amp;ssl=1 400w, https:\/\/i0.wp.com\/www.shqiperia.com\/blog\/wp-content\/uploads\/2019\/05\/b01744a8-adbd-4914-a714-d8aac66bc5e7-e1557247149341.jpg?w=665&amp;ssl=1 665w\" sizes=\"auto, (max-width: 564px) 100vw, 564px\" \/><p id=\"caption-attachment-20850\" class=\"wp-caption-text\">Vendosen Shkronjat Teatri Kombetar<\/p><\/div>\n<p><strong>Artist\u00ebt vendosin shkronjat tek Teatri Komb\u00ebtar. &#8211;<\/strong><\/p>\n<p><strong>7 Maj, 2019.<\/strong><\/p>\n<p>Gjat\u00eb mbr\u00ebmjes s\u00eb 25 Pillit, n\u00eb fasad\u00ebn e Teatrit Komb\u00ebtar jan\u00eb hequr shkronjat t\u00eb cilat u vun\u00eb re t\u00eb nesermen.\u00a0 Heqja e shkronjave ka sjell\u00eb edhe reagimin e menj\u00ebhersh\u00ebm t\u00eb artist\u00ebve t\u00eb cil\u00ebt kan\u00eb akuzuar kryebashkiakun e Tiran\u00ebs, Erion Veliajn si autorin e k\u00ebtij akti.<\/p>\n<p>Nd\u00ebrkoh\u00eb ashtu si\u00e7 kan\u00eb paralajm\u00ebruar artist\u00eb, aktivist\u00eb dhe p\u00ebrfaq\u00ebsues t\u00eb opozit\u00ebs jan\u00eb grumbulluar pasditen e sotme n\u00eb sheshin para Teatrit Komb\u00ebtar p\u00ebr t\u00eb rivendosur shkronjat n\u00eb fasad\u00ebn ballore t\u00eb godin\u00ebs. Sipas raportimit t\u00eb Faxweb, tentativa e artist\u00ebve p\u00ebr t\u00eb vendosur shkronjat \u00ebsht\u00eb shoq\u00ebruar edhe me konfrontime fizike midis tyre dhe policis\u00eb private q\u00eb ka n\u00eb ruajtje godin\u00ebn.<\/p>\n<div id=\"attachment_20851\" style=\"width: 700px\" class=\"wp-caption alignnone\"><img data-recalc-dims=\"1\" loading=\"lazy\" decoding=\"async\" aria-describedby=\"caption-attachment-20851\" data-attachment-id=\"20851\" data-permalink=\"https:\/\/www.shqiperia.com\/blog\/artistet-vendosin-shkronjat-tek-teatri-kombetar\/b01744a8-adbd-4914-a714-d8aac66bc5e7-1\/\" data-orig-file=\"https:\/\/i0.wp.com\/www.shqiperia.com\/blog\/wp-content\/uploads\/2019\/05\/b01744a8-adbd-4914-a714-d8aac66bc5e7-1.jpg?fit=665%2C806&amp;ssl=1\" data-orig-size=\"665,806\" data-comments-opened=\"1\" data-image-meta=\"{&quot;aperture&quot;:&quot;0&quot;,&quot;credit&quot;:&quot;&quot;,&quot;camera&quot;:&quot;&quot;,&quot;caption&quot;:&quot;&quot;,&quot;created_timestamp&quot;:&quot;0&quot;,&quot;copyright&quot;:&quot;&quot;,&quot;focal_length&quot;:&quot;0&quot;,&quot;iso&quot;:&quot;0&quot;,&quot;shutter_speed&quot;:&quot;0&quot;,&quot;title&quot;:&quot;&quot;,&quot;orientation&quot;:&quot;0&quot;}\" data-image-title=\"Vendosen Shkronjat Teatri Kombetar\" data-image-description=\"\" data-image-caption=\"&lt;p&gt;Vendosen Shkronjat Teatri Kombetar&lt;\/p&gt;\n\" data-medium-file=\"https:\/\/i0.wp.com\/www.shqiperia.com\/blog\/wp-content\/uploads\/2019\/05\/b01744a8-adbd-4914-a714-d8aac66bc5e7-1.jpg?fit=248%2C300&amp;ssl=1\" data-large-file=\"https:\/\/i0.wp.com\/www.shqiperia.com\/blog\/wp-content\/uploads\/2019\/05\/b01744a8-adbd-4914-a714-d8aac66bc5e7-1.jpg?fit=665%2C806&amp;ssl=1\" class=\" wp-image-20851\" alt=\"\" src=\"https:\/\/i0.wp.com\/www.shqiperia.com\/blog\/wp-content\/uploads\/2019\/05\/b01744a8-adbd-4914-a714-d8aac66bc5e7-1-248x300.jpg?resize=690%2C835\" width=\"690\" height=\"835\" srcset=\"https:\/\/i0.wp.com\/www.shqiperia.com\/blog\/wp-content\/uploads\/2019\/05\/b01744a8-adbd-4914-a714-d8aac66bc5e7-1.jpg?resize=248%2C300&amp;ssl=1 248w, https:\/\/i0.wp.com\/www.shqiperia.com\/blog\/wp-content\/uploads\/2019\/05\/b01744a8-adbd-4914-a714-d8aac66bc5e7-1.jpg?resize=450%2C545&amp;ssl=1 450w, https:\/\/i0.wp.com\/www.shqiperia.com\/blog\/wp-content\/uploads\/2019\/05\/b01744a8-adbd-4914-a714-d8aac66bc5e7-1.jpg?resize=600%2C727&amp;ssl=1 600w, https:\/\/i0.wp.com\/www.shqiperia.com\/blog\/wp-content\/uploads\/2019\/05\/b01744a8-adbd-4914-a714-d8aac66bc5e7-1.jpg?resize=400%2C485&amp;ssl=1 400w, https:\/\/i0.wp.com\/www.shqiperia.com\/blog\/wp-content\/uploads\/2019\/05\/b01744a8-adbd-4914-a714-d8aac66bc5e7-1.jpg?w=665&amp;ssl=1 665w\" sizes=\"auto, (max-width: 690px) 100vw, 690px\" \/><p id=\"caption-attachment-20851\" class=\"wp-caption-text\">Vendosen Shkronjat Teatri Kombetar<\/p><\/div>\n<p>Nd\u00ebrkoh\u00eb \u00ebsht\u00eb b\u00ebr\u00eb edhe nj\u00eb kall\u00ebzim penal p\u00ebr k\u00ebt\u00eb \u00e7\u00ebshtje si dhe nj\u00eb denoncim p\u00ebr Bashkin\u00eb e Tiran\u00ebs, Policin\u00eb e Shtetit, Ministrin\u00eb e Kultur\u00ebs dhe drejtorin e Teatrit Komb\u00ebtar.<\/p>\n<p>Nd\u00ebr t\u00eb tjera artist\u00ebt q\u00eb protestojn\u00eb prej m\u00eb shum\u00eb se nj\u00eb viti p\u00ebr mos lejimin e shembjes s\u00eb Teatrit Komb\u00ebtar k\u00ebrkojn\u00eb: t\u00eb thirret p\u00ebr t\u00eb d\u00ebshmuar policia private \u201cNazeri 2000\u201d, t\u00eb verifikohen telefonatat e rojes private, t\u00eb verifikohet n\u00ebse roja ka telefonuar drejtorin e TK, t\u00eb verifikohet n\u00ebse roja ka komunikuar me Policin\u00eb e Shtetit.<\/p>\n<p>Nga: TPZ.AL<\/p>\n","protected":false},"excerpt":{"rendered":"<p>Artist\u00ebt vendosin shkronjat tek Teatri Komb\u00ebtar. &#8211; 7 Maj, 2019. Gjat\u00eb mbr\u00ebmjes s\u00eb 25 Pillit, n\u00eb fasad\u00ebn e Teatrit Komb\u00ebtar jan\u00eb hequr shkronjat t\u00eb cilat u vun\u00eb re t\u00eb nesermen.\u00a0 Heqja e shkronjave ka sjell\u00eb edhe reagimin e menj\u00ebhersh\u00ebm t\u00eb artist\u00ebve t\u00eb cil\u00ebt kan\u00eb akuzuar kryebashkiakun e Tiran\u00ebs, Erion Veliajn si autorin e k\u00ebtij akti. [&hellip;]<\/p>\n","protected":false},"author":9,"featured_media":20850,"comment_status":"open","ping_status":"open","sticky":false,"template":"","format":"standard","meta":{"jetpack_post_was_ever_published":false,"_jetpack_newsletter_access":"","_jetpack_dont_email_post_to_subs":false,"_jetpack_newsletter_tier_id":0,"_jetpack_memberships_contains_paywalled_content":false,"_jetpack_memberships_contains_paid_content":false,"footnotes":"","jetpack_publicize_message":"","jetpack_publicize_feature_enabled":true,"jetpack_social_post_already_shared":true,"jetpack_social_options":{"image_generator_settings":{"template":"highway","default_image_id":0,"font":"","enabled":false},"version":2}},"categories":[27,1,35],"tags":[],"class_list":["post-20849","post","type-post","status-publish","format-standard","has-post-thumbnail","hentry","category-blogu-i-udhetarit","category-njoftime-shtypi","category-shoqerore"],"jetpack_publicize_connections":[],"jetpack_featured_media_url":"https:\/\/i0.wp.com\/www.shqiperia.com\/blog\/wp-content\/uploads\/2019\/05\/b01744a8-adbd-4914-a714-d8aac66bc5e7-e1557247149341.jpg?fit=665%2C352&ssl=1","jetpack_sharing_enabled":true,"jetpack_shortlink":"https:\/\/wp.me\/p5Z6wp-5qh","jetpack-related-posts":[{"id":20687,"url":"https:\/\/www.shqiperia.com\/blog\/naten-e-se-premtes-se-madhe-kur-hiqeshin-germat-e-emrit-te-teatrit-me-makinen-e-dekorit-te-bashkise\/","url_meta":{"origin":20849,"position":0},"title":"Nat\u00ebn e s\u00eb premtes s\u00eb Madhe, kur hiqeshin germat e emrit t\u00eb teatrit me makinen e Dekorit te Bashkise. &#8211;","author":"Kurt Farka","date":"May 4, 2019","format":false,"excerpt":"Nat\u00ebn e s\u00eb premtes s\u00eb Madhe, kur hiqeshin germat e emrit t\u00eb teatrit me makinen e Dekorit te Bashkise. - Nga: Fatmira Nikolli\u00a0 \u2013\u00a0M\u00ebngjesin e s\u00eb Premtes s\u00eb Madhe para Pashk\u00ebve, godina e Teatrit Komb\u00ebtar u gdhi pa shkronjat identifikuese n\u00eb fasad\u00ebn e saj. 14 shkronjat e emrit TEATRI KOMB\u00cbTAR\u2026","rel":"","context":"In &quot;Blogu i Udh\u00ebtarit&quot;","block_context":{"text":"Blogu i Udh\u00ebtarit","link":"https:\/\/www.shqiperia.com\/blog\/category\/blogu-i-udhetarit\/"},"img":{"alt_text":"","src":"https:\/\/i0.wp.com\/www.shqiperia.com\/blog\/wp-content\/uploads\/2019\/05\/hiqen-shkronjat-e-teatrit-720x433.jpg?fit=720%2C417&ssl=1&resize=350%2C200","width":350,"height":200,"srcset":"https:\/\/i0.wp.com\/www.shqiperia.com\/blog\/wp-content\/uploads\/2019\/05\/hiqen-shkronjat-e-teatrit-720x433.jpg?fit=720%2C417&ssl=1&resize=350%2C200 1x, https:\/\/i0.wp.com\/www.shqiperia.com\/blog\/wp-content\/uploads\/2019\/05\/hiqen-shkronjat-e-teatrit-720x433.jpg?fit=720%2C417&ssl=1&resize=525%2C300 1.5x, https:\/\/i0.wp.com\/www.shqiperia.com\/blog\/wp-content\/uploads\/2019\/05\/hiqen-shkronjat-e-teatrit-720x433.jpg?fit=720%2C417&ssl=1&resize=700%2C400 2x"},"classes":[]},{"id":24027,"url":"https:\/\/www.shqiperia.com\/blog\/teatri-i-vjenes-solidarizohet-me-artistet-protesta-juaj-na-perket-edhe-ne-mos-u-ndalni\/","url_meta":{"origin":20849,"position":1},"title":"Teatri i Vjen\u00ebs solidarizohet me artist\u00ebt: Protesta juaj na p\u00ebrket edhe ne, mos u ndalni","author":"Kurt Farka","date":"July 30, 2019","format":false,"excerpt":"Teatri i Vjen\u00ebs solidarizohet me artist\u00ebt: Protesta juaj na p\u00ebrket edhe ne, mos u ndalni 30\/07\/2019 Teatri prestigjioz i Vien\u00ebs \u00ebsht\u00eb solidarizuar sot p\u00ebrmes nj\u00eb deklarate me protest\u00ebn e artist\u00ebve dhe qytetar\u00ebve n\u00eb mbrojtje t\u00eb Teatrit. Ata kan\u00eb k\u00ebrkuar q\u00eb t\u00eb vijoj\u00eb derisa t\u00eb sigurohet mbrojtja e Teatrit e Komb\u00ebtar.\u2026","rel":"","context":"In &quot;Blogu i Udh\u00ebtarit&quot;","block_context":{"text":"Blogu i Udh\u00ebtarit","link":"https:\/\/www.shqiperia.com\/blog\/category\/blogu-i-udhetarit\/"},"img":{"alt_text":"","src":"https:\/\/i0.wp.com\/www.shqiperia.com\/blog\/wp-content\/uploads\/2019\/07\/auto_teatri1563951894.jpg?fit=684%2C387&ssl=1&resize=350%2C200","width":350,"height":200,"srcset":"https:\/\/i0.wp.com\/www.shqiperia.com\/blog\/wp-content\/uploads\/2019\/07\/auto_teatri1563951894.jpg?fit=684%2C387&ssl=1&resize=350%2C200 1x, https:\/\/i0.wp.com\/www.shqiperia.com\/blog\/wp-content\/uploads\/2019\/07\/auto_teatri1563951894.jpg?fit=684%2C387&ssl=1&resize=525%2C300 1.5x"},"classes":[]},{"id":34675,"url":"https:\/\/www.shqiperia.com\/blog\/teatri-vija-e-kuqe-basha-proteste-me-artistet-nese-e-shembin-te-presin-zjarrin-e-popullit-ne-institucione-e-qendra-tregtare-budina-opozita-eshte-me-ne\/","url_meta":{"origin":20849,"position":2},"title":"Teatri \u2018vija e kuqe&#8217;, Basha protest\u00eb me artist\u00ebt: &#8211; N\u00ebse e shembin t\u00eb presin zjarrin e popullit n\u00eb institucione e qendra tregtare! Budina: Opozita \u00ebsht\u00eb me ne","author":"Kurt Farka","date":"May 15, 2020","format":false,"excerpt":"Teatri \u2018vija e kuqe', Basha protest\u00eb me artist\u00ebt: - N\u00ebse e shembin t\u00eb presin zjarrin e popullit n\u00eb institucione e qendra tregtare! Budina: Opozita \u00ebsht\u00eb me ne Opozita \u00ebsht\u00eb zotuar se do t\u00eb p\u00ebrkrah\u00eb kauz\u00ebn e artist\u00ebve, t\u00eb cil\u00ebt thon\u00eb se Teatri Komb\u00ebtar nuk mund t\u00eb shembet, pasi \u00ebsht\u00eb nj\u00eb\u2026","rel":"","context":"In &quot;Blogu i Udh\u00ebtarit&quot;","block_context":{"text":"Blogu i Udh\u00ebtarit","link":"https:\/\/www.shqiperia.com\/blog\/category\/blogu-i-udhetarit\/"},"img":{"alt_text":"","src":"https:\/\/i0.wp.com\/www.shqiperia.com\/blog\/wp-content\/uploads\/2020\/05\/1589466766_basha.jpg?fit=780%2C440&ssl=1&resize=350%2C200","width":350,"height":200,"srcset":"https:\/\/i0.wp.com\/www.shqiperia.com\/blog\/wp-content\/uploads\/2020\/05\/1589466766_basha.jpg?fit=780%2C440&ssl=1&resize=350%2C200 1x, https:\/\/i0.wp.com\/www.shqiperia.com\/blog\/wp-content\/uploads\/2020\/05\/1589466766_basha.jpg?fit=780%2C440&ssl=1&resize=525%2C300 1.5x, https:\/\/i0.wp.com\/www.shqiperia.com\/blog\/wp-content\/uploads\/2020\/05\/1589466766_basha.jpg?fit=780%2C440&ssl=1&resize=700%2C400 2x"},"classes":[]},{"id":34758,"url":"https:\/\/www.shqiperia.com\/blog\/artistet-kosovare-protestojne-ne-prishtine-per-prishjen-e-teatrit-kombetar\/","url_meta":{"origin":20849,"position":3},"title":"Artist\u00ebt kosovar\u00eb protestojn\u00eb n\u00eb Prishtin\u00eb p\u00ebr prishjen e Teatrit Komb\u00ebtar","author":"Kurt Farka","date":"May 18, 2020","format":false,"excerpt":"Artist\u00ebt kosovar\u00eb protestojn\u00eb n\u00eb Prishtin\u00eb p\u00ebr prishjen e Teatrit Komb\u00ebtar 17 Maj 2020 Artist\u00ebt kosovar\u00eb kan\u00eb dal\u00eb n\u00eb protest\u00eb para Teatrit Komb\u00ebtar t\u00eb Kosov\u00ebs n\u00eb shenj\u00eb solidariteti me protestat n\u00eb Tiran\u00eb. Reagimi vjen pas shembjes s\u00eb sotme t\u00eb Teatrit Komb\u00ebtar n\u00eb Shqip\u00ebri n\u00eb or\u00ebt e para t\u00eb m\u00ebngjesit t\u00eb sot\u00ebm.\u2026","rel":"","context":"In &quot;Kultura&quot;","block_context":{"text":"Kultura","link":"https:\/\/www.shqiperia.com\/blog\/category\/kultura\/"},"img":{"alt_text":"","src":"https:\/\/i0.wp.com\/www.shqiperia.com\/blog\/wp-content\/uploads\/2020\/05\/prishtineee.jpg?fit=724%2C400&ssl=1&resize=350%2C200","width":350,"height":200,"srcset":"https:\/\/i0.wp.com\/www.shqiperia.com\/blog\/wp-content\/uploads\/2020\/05\/prishtineee.jpg?fit=724%2C400&ssl=1&resize=350%2C200 1x, https:\/\/i0.wp.com\/www.shqiperia.com\/blog\/wp-content\/uploads\/2020\/05\/prishtineee.jpg?fit=724%2C400&ssl=1&resize=525%2C300 1.5x, https:\/\/i0.wp.com\/www.shqiperia.com\/blog\/wp-content\/uploads\/2020\/05\/prishtineee.jpg?fit=724%2C400&ssl=1&resize=700%2C400 2x"},"classes":[]},{"id":23670,"url":"https:\/\/www.shqiperia.com\/blog\/bbc-kryqezon-ramen-teatri-kombetar-trashegimi-kulturore-2\/","url_meta":{"origin":20849,"position":4},"title":"BBC kryq\u00ebzon Ram\u00ebn\/ Teatri Komb\u00ebtar trash\u00ebgimi kulturore","author":"Kurt Farka","date":"July 27, 2019","format":false,"excerpt":"BBC kryq\u00ebzon Ram\u00ebn\/ Teatri Komb\u00ebtar trash\u00ebgimi kulturore Mars 8, 2019 \u201cBBC: I ka kushtuar nj\u00eb reportazh \u00e7\u00ebshtjes s\u00eb Teatrit Komb\u00ebtar duke b\u00ebr\u00eb n\u00eb fund pyetjen n\u00ebse \u00e7\u00ebshtja e Teatrit Komb\u00ebtar do jet\u00eb fundi i qeverisjes s\u00eb kryeministrit artist. N\u00eb reportazh b\u00ebhet nj\u00eb p\u00ebrshkrim i shkurt\u00ebr i historikut t\u00eb Teatrit Kombt\u00ebr\u2026","rel":"","context":"In &quot;Histori&quot;","block_context":{"text":"Histori","link":"https:\/\/www.shqiperia.com\/blog\/category\/histori\/"},"img":{"alt_text":"","src":"https:\/\/i0.wp.com\/www.shqiperia.com\/blog\/wp-content\/uploads\/2019\/07\/Teatri-Kombetar.jpg?fit=1200%2C583&ssl=1&resize=350%2C200","width":350,"height":200,"srcset":"https:\/\/i0.wp.com\/www.shqiperia.com\/blog\/wp-content\/uploads\/2019\/07\/Teatri-Kombetar.jpg?fit=1200%2C583&ssl=1&resize=350%2C200 1x, https:\/\/i0.wp.com\/www.shqiperia.com\/blog\/wp-content\/uploads\/2019\/07\/Teatri-Kombetar.jpg?fit=1200%2C583&ssl=1&resize=525%2C300 1.5x, https:\/\/i0.wp.com\/www.shqiperia.com\/blog\/wp-content\/uploads\/2019\/07\/Teatri-Kombetar.jpg?fit=1200%2C583&ssl=1&resize=700%2C400 2x, https:\/\/i0.wp.com\/www.shqiperia.com\/blog\/wp-content\/uploads\/2019\/07\/Teatri-Kombetar.jpg?fit=1200%2C583&ssl=1&resize=1050%2C600 3x"},"classes":[]},{"id":23415,"url":"https:\/\/www.shqiperia.com\/blog\/bbc-kryqezon-ramen-teatri-kombetar-trashegimi-kulturore\/","url_meta":{"origin":20849,"position":5},"title":"BBC kryq\u00ebzon Ram\u00ebn\/ Teatri Komb\u00ebtar trash\u00ebgimi kulturore","author":"Kurt Farka","date":"July 22, 2019","format":false,"excerpt":"BBC kryq\u00ebzon Ram\u00ebn\/ Teatri Komb\u00ebtar trash\u00ebgimi kulturore Mars 8, 2019 \u201cBBC: I ka kushtuar nj\u00eb reportazh \u00e7\u00ebshtjes s\u00eb Teatrit Komb\u00ebtar duke b\u00ebr\u00eb n\u00eb fund pyetjen n\u00ebse \u00e7\u00ebshtja e Teatrit Komb\u00ebtar do jet\u00eb fundi i qeverisjes s\u00eb kryeministrit artist. N\u00eb reportazh b\u00ebhet nj\u00eb p\u00ebrshkrim i shkurt\u00ebr i historikut t\u00eb Teatrit Kombt\u00ebr\u2026","rel":"","context":"In &quot;Blogu i Udh\u00ebtarit&quot;","block_context":{"text":"Blogu i Udh\u00ebtarit","link":"https:\/\/www.shqiperia.com\/blog\/category\/blogu-i-udhetarit\/"},"img":{"alt_text":"","src":"https:\/\/i0.wp.com\/www.shqiperia.com\/blog\/wp-content\/uploads\/2019\/07\/67421957_2412015115560496_5329970125602816000_n-Copy.jpg?fit=530%2C281&ssl=1&resize=350%2C200","width":350,"height":200,"srcset":"https:\/\/i0.wp.com\/www.shqiperia.com\/blog\/wp-content\/uploads\/2019\/07\/67421957_2412015115560496_5329970125602816000_n-Copy.jpg?fit=530%2C281&ssl=1&resize=350%2C200 1x, https:\/\/i0.wp.com\/www.shqiperia.com\/blog\/wp-content\/uploads\/2019\/07\/67421957_2412015115560496_5329970125602816000_n-Copy.jpg?fit=530%2C281&ssl=1&resize=525%2C300 1.5x"},"classes":[]}],"_links":{"self":[{"href":"https:\/\/www.shqiperia.com\/blog\/wp-json\/wp\/v2\/posts\/20849","targetHints":{"allow":["GET"]}}],"collection":[{"href":"https:\/\/www.shqiperia.com\/blog\/wp-json\/wp\/v2\/posts"}],"about":[{"href":"https:\/\/www.shqiperia.com\/blog\/wp-json\/wp\/v2\/types\/post"}],"author":[{"embeddable":true,"href":"https:\/\/www.shqiperia.com\/blog\/wp-json\/wp\/v2\/users\/9"}],"replies":[{"embeddable":true,"href":"https:\/\/www.shqiperia.com\/blog\/wp-json\/wp\/v2\/comments?post=20849"}],"version-history":[{"count":2,"href":"https:\/\/www.shqiperia.com\/blog\/wp-json\/wp\/v2\/posts\/20849\/revisions"}],"predecessor-version":[{"id":20854,"href":"https:\/\/www.shqiperia.com\/blog\/wp-json\/wp\/v2\/posts\/20849\/revisions\/20854"}],"wp:featuredmedia":[{"embeddable":true,"href":"https:\/\/www.shqiperia.com\/blog\/wp-json\/wp\/v2\/media\/20850"}],"wp:attachment":[{"href":"https:\/\/www.shqiperia.com\/blog\/wp-json\/wp\/v2\/media?parent=20849"}],"wp:term":[{"taxonomy":"category","embeddable":true,"href":"https:\/\/www.shqiperia.com\/blog\/wp-json\/wp\/v2\/categories?post=20849"},{"taxonomy":"post_tag","embeddable":true,"href":"https:\/\/www.shqiperia.com\/blog\/wp-json\/wp\/v2\/tags?post=20849"}],"curies":[{"name":"wp","href":"https:\/\/api.w.org\/{rel}","templated":true}]}}