{"id":20845,"date":"2019-05-07T13:22:25","date_gmt":"2019-05-07T13:22:25","guid":{"rendered":"http:\/\/www.shqiperia.com\/blog\/?p=20845"},"modified":"2019-05-07T13:22:25","modified_gmt":"2019-05-07T13:22:25","slug":"filmi-shqiptar-fiton-dy-cmime-ne-dy-festivale-te-ndryshme-ne-amerike","status":"publish","type":"post","link":"https:\/\/www.shqiperia.com\/blog\/filmi-shqiptar-fiton-dy-cmime-ne-dy-festivale-te-ndryshme-ne-amerike\/","title":{"rendered":"Filmi shqiptar fiton dy \u00e7mime n\u00eb dy festivale t\u00eb ndryshme n\u00eb Amerik\u00eb. &#8211;"},"content":{"rendered":"<p><img data-recalc-dims=\"1\" loading=\"lazy\" decoding=\"async\" data-attachment-id=\"20846\" data-permalink=\"https:\/\/www.shqiperia.com\/blog\/filmi-shqiptar-fiton-dy-cmime-ne-dy-festivale-te-ndryshme-ne-amerike\/785-0-5cc946b070942\/\" data-orig-file=\"https:\/\/i0.wp.com\/www.shqiperia.com\/blog\/wp-content\/uploads\/2019\/05\/785-0-5cc946b070942.jpg?fit=696%2C328&amp;ssl=1\" data-orig-size=\"696,328\" data-comments-opened=\"1\" data-image-meta=\"{&quot;aperture&quot;:&quot;0&quot;,&quot;credit&quot;:&quot;&quot;,&quot;camera&quot;:&quot;&quot;,&quot;caption&quot;:&quot;&quot;,&quot;created_timestamp&quot;:&quot;0&quot;,&quot;copyright&quot;:&quot;&quot;,&quot;focal_length&quot;:&quot;0&quot;,&quot;iso&quot;:&quot;0&quot;,&quot;shutter_speed&quot;:&quot;0&quot;,&quot;title&quot;:&quot;&quot;,&quot;orientation&quot;:&quot;0&quot;}\" data-image-title=\"-785-0-5cc946b070942\" data-image-description=\"\" data-image-caption=\"\" data-medium-file=\"https:\/\/i0.wp.com\/www.shqiperia.com\/blog\/wp-content\/uploads\/2019\/05\/785-0-5cc946b070942.jpg?fit=300%2C141&amp;ssl=1\" data-large-file=\"https:\/\/i0.wp.com\/www.shqiperia.com\/blog\/wp-content\/uploads\/2019\/05\/785-0-5cc946b070942.jpg?fit=696%2C328&amp;ssl=1\" class=\"alignnone  wp-image-20846\" alt=\"\" src=\"https:\/\/i0.wp.com\/www.shqiperia.com\/blog\/wp-content\/uploads\/2019\/05\/785-0-5cc946b070942-300x141.jpg?resize=436%2C205\" width=\"436\" height=\"205\" srcset=\"https:\/\/i0.wp.com\/www.shqiperia.com\/blog\/wp-content\/uploads\/2019\/05\/785-0-5cc946b070942.jpg?resize=300%2C141&amp;ssl=1 300w, https:\/\/i0.wp.com\/www.shqiperia.com\/blog\/wp-content\/uploads\/2019\/05\/785-0-5cc946b070942.jpg?resize=450%2C212&amp;ssl=1 450w, https:\/\/i0.wp.com\/www.shqiperia.com\/blog\/wp-content\/uploads\/2019\/05\/785-0-5cc946b070942.jpg?resize=600%2C283&amp;ssl=1 600w, https:\/\/i0.wp.com\/www.shqiperia.com\/blog\/wp-content\/uploads\/2019\/05\/785-0-5cc946b070942.jpg?resize=400%2C189&amp;ssl=1 400w, https:\/\/i0.wp.com\/www.shqiperia.com\/blog\/wp-content\/uploads\/2019\/05\/785-0-5cc946b070942.jpg?w=696&amp;ssl=1 696w\" sizes=\"auto, (max-width: 436px) 100vw, 436px\" \/><\/p>\n<p><strong>Filmi shqiptar fiton dy \u00e7mime n\u00eb dy festivale t\u00eb ndryshme n\u00eb Amerik\u00eb. &#8211;<\/strong><\/p>\n<p>7 maji 2019<\/p>\n<p>Filmi \u201cInternment\u201d me regji t\u00eb Kast Has\u00ebs u vler\u00ebsua me dy \u00e7mime nga dy festivale t\u00eb ndryshme t\u00eb filmit n\u00eb Amerik\u00eb.<\/p>\n<p>S\u00eb pari, Riverside International Film Festival, i dha \u00e7mimin \u201cRegjia m\u00eb e mir\u00eb.\u201d Nd\u00ebrsa Arizona International Film Festival i dha \u00e7mimin \u201cFilmi m\u00eb i mir\u00eb n\u00eb gjuh\u00eb t\u00eb huaj.\u201d<\/p>\n<p><img data-recalc-dims=\"1\" loading=\"lazy\" decoding=\"async\" data-attachment-id=\"20847\" data-permalink=\"https:\/\/www.shqiperia.com\/blog\/filmi-shqiptar-fiton-dy-cmime-ne-dy-festivale-te-ndryshme-ne-amerike\/550-350-5ccdd68b1382d\/\" data-orig-file=\"https:\/\/i0.wp.com\/www.shqiperia.com\/blog\/wp-content\/uploads\/2019\/05\/550-350-5ccdd68b1382d.jpg?fit=550%2C350&amp;ssl=1\" data-orig-size=\"550,350\" data-comments-opened=\"1\" data-image-meta=\"{&quot;aperture&quot;:&quot;0&quot;,&quot;credit&quot;:&quot;&quot;,&quot;camera&quot;:&quot;&quot;,&quot;caption&quot;:&quot;&quot;,&quot;created_timestamp&quot;:&quot;0&quot;,&quot;copyright&quot;:&quot;&quot;,&quot;focal_length&quot;:&quot;0&quot;,&quot;iso&quot;:&quot;0&quot;,&quot;shutter_speed&quot;:&quot;0&quot;,&quot;title&quot;:&quot;&quot;,&quot;orientation&quot;:&quot;0&quot;}\" data-image-title=\"-550-350-5ccdd68b1382d\" data-image-description=\"\" data-image-caption=\"\" data-medium-file=\"https:\/\/i0.wp.com\/www.shqiperia.com\/blog\/wp-content\/uploads\/2019\/05\/550-350-5ccdd68b1382d.jpg?fit=300%2C191&amp;ssl=1\" data-large-file=\"https:\/\/i0.wp.com\/www.shqiperia.com\/blog\/wp-content\/uploads\/2019\/05\/550-350-5ccdd68b1382d.jpg?fit=550%2C350&amp;ssl=1\" class=\"alignnone  wp-image-20847\" alt=\"\" src=\"https:\/\/i0.wp.com\/www.shqiperia.com\/blog\/wp-content\/uploads\/2019\/05\/550-350-5ccdd68b1382d-300x191.jpg?resize=523%2C333\" width=\"523\" height=\"333\" srcset=\"https:\/\/i0.wp.com\/www.shqiperia.com\/blog\/wp-content\/uploads\/2019\/05\/550-350-5ccdd68b1382d.jpg?resize=300%2C191&amp;ssl=1 300w, https:\/\/i0.wp.com\/www.shqiperia.com\/blog\/wp-content\/uploads\/2019\/05\/550-350-5ccdd68b1382d.jpg?resize=450%2C286&amp;ssl=1 450w, https:\/\/i0.wp.com\/www.shqiperia.com\/blog\/wp-content\/uploads\/2019\/05\/550-350-5ccdd68b1382d.jpg?resize=400%2C255&amp;ssl=1 400w, https:\/\/i0.wp.com\/www.shqiperia.com\/blog\/wp-content\/uploads\/2019\/05\/550-350-5ccdd68b1382d.jpg?w=550&amp;ssl=1 550w\" sizes=\"auto, (max-width: 523px) 100vw, 523px\" \/><\/p>\n<p>\u201cInternment,\u201d me regji dhe skenar t\u00eb Has\u00ebs \u2013 i cili gjithashtu luan edhe si aktor n\u00eb film \u2013 \u00ebsht\u00eb i vendosur n\u00eb Shqip\u00ebrin\u00eb e viteve \u201980, pra n\u00ebn regjimin komunist. Historia rrotullohet rreth tre brezave t\u00eb familjes Kulla q\u00eb duhet t\u00eb p\u00ebrballen me kushtet e v\u00ebshtira t\u00eb internimit. Djali i familjes, Arturi, bie n\u00eb dashuri me Frid\u00ebn, e cila detyrohet t\u00eb fejohet me nj\u00eb zyrtar t\u00eb lart\u00eb. Gjendja komplikohet edhe m\u00eb tej kur nj\u00eb mik i familjes i rikthyer nga Amerika, dyshohet t\u00eb jet\u00eb spiun.<\/p>\n<p><img data-recalc-dims=\"1\" loading=\"lazy\" decoding=\"async\" data-attachment-id=\"20846\" data-permalink=\"https:\/\/www.shqiperia.com\/blog\/filmi-shqiptar-fiton-dy-cmime-ne-dy-festivale-te-ndryshme-ne-amerike\/785-0-5cc946b070942\/\" data-orig-file=\"https:\/\/i0.wp.com\/www.shqiperia.com\/blog\/wp-content\/uploads\/2019\/05\/785-0-5cc946b070942.jpg?fit=696%2C328&amp;ssl=1\" data-orig-size=\"696,328\" data-comments-opened=\"1\" data-image-meta=\"{&quot;aperture&quot;:&quot;0&quot;,&quot;credit&quot;:&quot;&quot;,&quot;camera&quot;:&quot;&quot;,&quot;caption&quot;:&quot;&quot;,&quot;created_timestamp&quot;:&quot;0&quot;,&quot;copyright&quot;:&quot;&quot;,&quot;focal_length&quot;:&quot;0&quot;,&quot;iso&quot;:&quot;0&quot;,&quot;shutter_speed&quot;:&quot;0&quot;,&quot;title&quot;:&quot;&quot;,&quot;orientation&quot;:&quot;0&quot;}\" data-image-title=\"-785-0-5cc946b070942\" data-image-description=\"\" data-image-caption=\"\" data-medium-file=\"https:\/\/i0.wp.com\/www.shqiperia.com\/blog\/wp-content\/uploads\/2019\/05\/785-0-5cc946b070942.jpg?fit=300%2C141&amp;ssl=1\" data-large-file=\"https:\/\/i0.wp.com\/www.shqiperia.com\/blog\/wp-content\/uploads\/2019\/05\/785-0-5cc946b070942.jpg?fit=696%2C328&amp;ssl=1\" class=\"alignnone  wp-image-20846\" alt=\"\" src=\"https:\/\/i0.wp.com\/www.shqiperia.com\/blog\/wp-content\/uploads\/2019\/05\/785-0-5cc946b070942-300x141.jpg?resize=862%2C405\" width=\"862\" height=\"405\" srcset=\"https:\/\/i0.wp.com\/www.shqiperia.com\/blog\/wp-content\/uploads\/2019\/05\/785-0-5cc946b070942.jpg?resize=300%2C141&amp;ssl=1 300w, https:\/\/i0.wp.com\/www.shqiperia.com\/blog\/wp-content\/uploads\/2019\/05\/785-0-5cc946b070942.jpg?resize=450%2C212&amp;ssl=1 450w, https:\/\/i0.wp.com\/www.shqiperia.com\/blog\/wp-content\/uploads\/2019\/05\/785-0-5cc946b070942.jpg?resize=600%2C283&amp;ssl=1 600w, https:\/\/i0.wp.com\/www.shqiperia.com\/blog\/wp-content\/uploads\/2019\/05\/785-0-5cc946b070942.jpg?resize=400%2C189&amp;ssl=1 400w, https:\/\/i0.wp.com\/www.shqiperia.com\/blog\/wp-content\/uploads\/2019\/05\/785-0-5cc946b070942.jpg?w=696&amp;ssl=1 696w\" sizes=\"auto, (max-width: 862px) 100vw, 862px\" \/><\/p>\n<p>N\u00eb role kryesore, Klodian Hoxha, Enxhi Cuku, Kristi Ba\u00e7i, Gramoz Gashi, Kristaq Pilo, Arjeton Osmani.<\/p>\n<p>Gazeta Dita<\/p>\n","protected":false},"excerpt":{"rendered":"<p>Filmi shqiptar fiton dy \u00e7mime n\u00eb dy festivale t\u00eb ndryshme n\u00eb Amerik\u00eb. &#8211; 7 maji 2019 Filmi \u201cInternment\u201d me regji t\u00eb Kast Has\u00ebs u vler\u00ebsua me dy \u00e7mime nga dy festivale t\u00eb ndryshme t\u00eb filmit n\u00eb Amerik\u00eb. S\u00eb pari, Riverside International Film Festival, i dha \u00e7mimin \u201cRegjia m\u00eb e mir\u00eb.\u201d Nd\u00ebrsa Arizona International Film Festival [&hellip;]<\/p>\n","protected":false},"author":9,"featured_media":20846,"comment_status":"open","ping_status":"open","sticky":false,"template":"","format":"standard","meta":{"jetpack_post_was_ever_published":false,"_jetpack_newsletter_access":"","_jetpack_dont_email_post_to_subs":false,"_jetpack_newsletter_tier_id":0,"_jetpack_memberships_contains_paywalled_content":false,"_jetpack_memberships_contains_paid_content":false,"footnotes":"","jetpack_publicize_message":"","jetpack_publicize_feature_enabled":true,"jetpack_social_post_already_shared":true,"jetpack_social_options":{"image_generator_settings":{"template":"highway","default_image_id":0,"font":"","enabled":false},"version":2}},"categories":[87,27,10],"tags":[],"class_list":["post-20845","post","type-post","status-publish","format-standard","has-post-thumbnail","hentry","category-arte","category-blogu-i-udhetarit","category-kultura"],"jetpack_publicize_connections":[],"jetpack_featured_media_url":"https:\/\/i0.wp.com\/www.shqiperia.com\/blog\/wp-content\/uploads\/2019\/05\/785-0-5cc946b070942.jpg?fit=696%2C328&ssl=1","jetpack_sharing_enabled":true,"jetpack_shortlink":"https:\/\/wp.me\/p5Z6wp-5qd","jetpack-related-posts":[{"id":5946,"url":"https:\/\/www.shqiperia.com\/blog\/filmi-my-name-is-somebody-i-regjisorit-orges-bakalli-nominohet-per-tre-cmime\/","url_meta":{"origin":20845,"position":0},"title":"Filmi \u201cMy Name is Somebody\u201d i regjisorit Orges Bakalli nominohet p\u00ebr tre \u00e7mime","author":"shqiperia","date":"April 6, 2018","format":false,"excerpt":"Filmi \u201cMy Name is Somebody\u201d me regji dhe skenar nga Orges Bakalli ka fituar \u00e7mimin \u201cBest Cinematography\u201d (Kinematografia m\u00eb e mir\u00eb) nga Genre Celebration Festival 2018 dhe ka marr\u00eb tre nominime: \u201cBest Screenplay Narrative Short\u201d (Skenari m\u00eb i mir\u00eb p\u00ebr metrazh t\u00eb shkurt\u00ebr), \u201cBest Actor\u201d (Aktori m\u00eb i mir\u00eb) p\u00ebr\u2026","rel":"","context":"In &quot;Kultura&quot;","block_context":{"text":"Kultura","link":"https:\/\/www.shqiperia.com\/blog\/category\/kultura\/"},"img":{"alt_text":"","src":"https:\/\/i0.wp.com\/www.shqiperia.com\/blog\/wp-content\/uploads\/2018\/04\/My-name-is-somebody.jpg?fit=847%2C1200&ssl=1&resize=350%2C200","width":350,"height":200,"srcset":"https:\/\/i0.wp.com\/www.shqiperia.com\/blog\/wp-content\/uploads\/2018\/04\/My-name-is-somebody.jpg?fit=847%2C1200&ssl=1&resize=350%2C200 1x, https:\/\/i0.wp.com\/www.shqiperia.com\/blog\/wp-content\/uploads\/2018\/04\/My-name-is-somebody.jpg?fit=847%2C1200&ssl=1&resize=525%2C300 1.5x, https:\/\/i0.wp.com\/www.shqiperia.com\/blog\/wp-content\/uploads\/2018\/04\/My-name-is-somebody.jpg?fit=847%2C1200&ssl=1&resize=700%2C400 2x"},"classes":[]},{"id":32305,"url":"https:\/\/www.shqiperia.com\/blog\/filmi-dere-e-hapur-shfaqet-ne-perrenjas-puke-dhe-elbasan\/","url_meta":{"origin":20845,"position":1},"title":"Filmi \u201cDer\u00eb e hapur\u201d shfaqet n\u00eb P\u00ebrrenjas, Puk\u00eb dhe Elbasan. (!)","author":"Kurt Farka","date":"March 12, 2020","format":false,"excerpt":"Filmi \u201cDer\u00eb e hapur\u201d shfaqet n\u00eb P\u00ebrrenjas, Puk\u00eb dhe Elbasan. (!) 12 mars 2020 Filmi \u201cOpen door\u201d u shfaq gjat\u00eb k\u00ebtyre dit\u00ebve (!) n\u00eb disa qytete t\u00eb vendit. Filmi me regji nga Florenc Papas, u shfaq n\u00eb qytetet si P\u00ebrrenjas, Puk\u00eb dhe Elbasan. Shfaqja e filmit u organizua nga organizata\u2026","rel":"","context":"In &quot;Arte&quot;","block_context":{"text":"Arte","link":"https:\/\/www.shqiperia.com\/blog\/category\/arte\/"},"img":{"alt_text":"","src":"https:\/\/i0.wp.com\/www.shqiperia.com\/blog\/wp-content\/uploads\/2020\/03\/800-0-5e69dd4145c06.jpg?fit=800%2C451&ssl=1&resize=350%2C200","width":350,"height":200,"srcset":"https:\/\/i0.wp.com\/www.shqiperia.com\/blog\/wp-content\/uploads\/2020\/03\/800-0-5e69dd4145c06.jpg?fit=800%2C451&ssl=1&resize=350%2C200 1x, https:\/\/i0.wp.com\/www.shqiperia.com\/blog\/wp-content\/uploads\/2020\/03\/800-0-5e69dd4145c06.jpg?fit=800%2C451&ssl=1&resize=525%2C300 1.5x, https:\/\/i0.wp.com\/www.shqiperia.com\/blog\/wp-content\/uploads\/2020\/03\/800-0-5e69dd4145c06.jpg?fit=800%2C451&ssl=1&resize=700%2C400 2x"},"classes":[]},{"id":30812,"url":"https:\/\/www.shqiperia.com\/blog\/australi-filmi-shqiptar-rremben-cmimin-e-rendesishem\/","url_meta":{"origin":20845,"position":2},"title":"Australi, filmi shqiptar rr\u00ebmben \u00e7mimin e r\u00ebnd\u00ebsish\u00ebm.","author":"Kurt Farka","date":"January 29, 2020","format":false,"excerpt":"Australi, filmi shqiptar rr\u00ebmben \u00e7mimin e r\u00ebnd\u00ebsish\u00ebm 20\/01\/2020 N\u00eb periudh\u00ebn 10-19 janar, n\u00eb Bondi Beach, Sydney, Australi u mbajt FlickerFest, ku filmi shqiptaro-spanjoll \u201cThe News\u201d u vler\u00ebsua si \u201cFilmi m\u00eb i mir\u00eb nd\u00ebrkomb\u00ebtar me metrazh t\u00eb shkurt\u00ebr\u201d. \u201cThe News\u201d (Lajmi) me regji t\u00eb Lorin Terezit dhe skenar t\u00eb Anila Ball\u00ebs,\u2026","rel":"","context":"In &quot;Kultura&quot;","block_context":{"text":"Kultura","link":"https:\/\/www.shqiperia.com\/blog\/category\/kultura\/"},"img":{"alt_text":"","src":"https:\/\/i0.wp.com\/www.shqiperia.com\/blog\/wp-content\/uploads\/2020\/01\/785-0-5e256e3f08918-750x375-1.jpg?fit=710%2C375&ssl=1&resize=350%2C200","width":350,"height":200,"srcset":"https:\/\/i0.wp.com\/www.shqiperia.com\/blog\/wp-content\/uploads\/2020\/01\/785-0-5e256e3f08918-750x375-1.jpg?fit=710%2C375&ssl=1&resize=350%2C200 1x, https:\/\/i0.wp.com\/www.shqiperia.com\/blog\/wp-content\/uploads\/2020\/01\/785-0-5e256e3f08918-750x375-1.jpg?fit=710%2C375&ssl=1&resize=525%2C300 1.5x, https:\/\/i0.wp.com\/www.shqiperia.com\/blog\/wp-content\/uploads\/2020\/01\/785-0-5e256e3f08918-750x375-1.jpg?fit=710%2C375&ssl=1&resize=700%2C400 2x"},"classes":[]},{"id":60808,"url":"https:\/\/www.shqiperia.com\/blog\/artisti-shqiptar-cun-lajci-fiton-cmimin-e-rendesishem-ne-festivalin-e-filmit-ne-rome\/","url_meta":{"origin":20845,"position":3},"title":"Artisti shqiptar \u00c7un Laj\u00e7i fiton \u00e7mimin e r\u00ebnd\u00ebsish\u00ebm n\u00eb Festivalin e Filmit n\u00eb Rom\u00eb","author":"Kurt Farka","date":"August 8, 2022","format":false,"excerpt":"8 Gusht 2022 \u00c7un Laj\u00e7i ka fituar \u00e7mimin \u201cAktori m\u00eb i mir\u00eb n\u00eb rol mb\u00ebshtet\u00ebs\u201d, n\u00eb filmin \u201cSophia\u201d, n\u00eb Rome Internacional Movie Awards 2022. Lajmin e b\u00ebri t\u00eb ditur vet\u00eb ai, p\u00ebrmes nj\u00eb postimi n\u00eb Facebook.. Jam artist me \u00e7mim t'madh i thash\u00eb qenit q\u00eb k\u00ebrkonte uj\u00eb! E shtune. Dit\u00eb\u2026","rel":"","context":"In &quot;Arte&quot;","block_context":{"text":"Arte","link":"https:\/\/www.shqiperia.com\/blog\/category\/arte\/"},"img":{"alt_text":"","src":"https:\/\/i0.wp.com\/www.shqiperia.com\/blog\/wp-content\/uploads\/2022\/08\/Artisti-shqiptar-Cun-Lajci-fiton-cmimin-e-rendesishem-ne-Festivalin-e-Filmit-ne-Rome.jpg?fit=780%2C440&ssl=1&resize=350%2C200","width":350,"height":200,"srcset":"https:\/\/i0.wp.com\/www.shqiperia.com\/blog\/wp-content\/uploads\/2022\/08\/Artisti-shqiptar-Cun-Lajci-fiton-cmimin-e-rendesishem-ne-Festivalin-e-Filmit-ne-Rome.jpg?fit=780%2C440&ssl=1&resize=350%2C200 1x, https:\/\/i0.wp.com\/www.shqiperia.com\/blog\/wp-content\/uploads\/2022\/08\/Artisti-shqiptar-Cun-Lajci-fiton-cmimin-e-rendesishem-ne-Festivalin-e-Filmit-ne-Rome.jpg?fit=780%2C440&ssl=1&resize=525%2C300 1.5x, https:\/\/i0.wp.com\/www.shqiperia.com\/blog\/wp-content\/uploads\/2022\/08\/Artisti-shqiptar-Cun-Lajci-fiton-cmimin-e-rendesishem-ne-Festivalin-e-Filmit-ne-Rome.jpg?fit=780%2C440&ssl=1&resize=700%2C400 2x"},"classes":[]},{"id":8696,"url":"https:\/\/www.shqiperia.com\/blog\/tonin-tershana\/","url_meta":{"origin":20845,"position":4},"title":"Tonin T\u00ebrshana. &#8211;","author":"Kurt Farka","date":"June 13, 2018","format":false,"excerpt":"Tonin T\u00ebrshana, \"Mjesht\u00ebr i Madh\". (Shkod\u0117r, 1 qershor 1949 - Tiran\u00eb, 22 shtator 2015) k\u00ebng\u00ebtar shqiptar. Tonin T\u00ebrshana, p\u00ebrb\u00ebn nj\u00eb rekord n\u00eb sken\u00ebn shqiptare, pasi q\u00eb n\u00eb debutimin e par\u00eb n\u00eb festivalet e k\u00ebng\u00ebs, n\u00eb Festivalin e 4 n\u00eb Radio n\u00eb vitin 1965, merr \u00e7mimin e par\u00eb me \"T\u00eb dua\u2026","rel":"","context":"In &quot;Arte&quot;","block_context":{"text":"Arte","link":"https:\/\/www.shqiperia.com\/blog\/category\/arte\/"},"img":{"alt_text":"","src":"https:\/\/i0.wp.com\/www.shqiperia.com\/blog\/wp-content\/uploads\/2018\/06\/tonin-tershana.jpg?fit=640%2C480&ssl=1&resize=350%2C200","width":350,"height":200,"srcset":"https:\/\/i0.wp.com\/www.shqiperia.com\/blog\/wp-content\/uploads\/2018\/06\/tonin-tershana.jpg?fit=640%2C480&ssl=1&resize=350%2C200 1x, https:\/\/i0.wp.com\/www.shqiperia.com\/blog\/wp-content\/uploads\/2018\/06\/tonin-tershana.jpg?fit=640%2C480&ssl=1&resize=525%2C300 1.5x"},"classes":[]},{"id":29884,"url":"https:\/\/www.shqiperia.com\/blog\/nje-takim-i-shumepritur-me-yllin-e-kinematografise-sophia-loren\/","url_meta":{"origin":20845,"position":5},"title":"Nj\u00eb takim i shum\u00ebpritur me Yllin e Kinematografis\u00eb, Sophia Loren","author":"Kurt Farka","date":"December 30, 2019","format":false,"excerpt":"Nj\u00eb takim i shum\u00ebpritur me Yllin e Kinematografis\u00eb, Sophia Loren Nga: Tonin Kim\u00e7a Shpeshher\u00eb kur isha f\u00ebmij\u00eb mendoja se, a do t\u00eb ishte e mundur t\u00eb takohesha dhe pse jo t\u00eb bisedoja me nj\u00eb aktor filmi. K\u00ebtu e kam fjal\u00ebn tek aktor\u00ebt e m\u00ebdhenj bot\u00ebror, si ata italian\u00eb, q\u00eb i\u2026","rel":"","context":"In &quot;Arte&quot;","block_context":{"text":"Arte","link":"https:\/\/www.shqiperia.com\/blog\/category\/arte\/"},"img":{"alt_text":"","src":"https:\/\/i0.wp.com\/www.shqiperia.com\/blog\/wp-content\/uploads\/2019\/12\/1-Sophia-Loren-Copy.jpg?fit=939%2C631&ssl=1&resize=350%2C200","width":350,"height":200,"srcset":"https:\/\/i0.wp.com\/www.shqiperia.com\/blog\/wp-content\/uploads\/2019\/12\/1-Sophia-Loren-Copy.jpg?fit=939%2C631&ssl=1&resize=350%2C200 1x, https:\/\/i0.wp.com\/www.shqiperia.com\/blog\/wp-content\/uploads\/2019\/12\/1-Sophia-Loren-Copy.jpg?fit=939%2C631&ssl=1&resize=525%2C300 1.5x, https:\/\/i0.wp.com\/www.shqiperia.com\/blog\/wp-content\/uploads\/2019\/12\/1-Sophia-Loren-Copy.jpg?fit=939%2C631&ssl=1&resize=700%2C400 2x"},"classes":[]}],"_links":{"self":[{"href":"https:\/\/www.shqiperia.com\/blog\/wp-json\/wp\/v2\/posts\/20845","targetHints":{"allow":["GET"]}}],"collection":[{"href":"https:\/\/www.shqiperia.com\/blog\/wp-json\/wp\/v2\/posts"}],"about":[{"href":"https:\/\/www.shqiperia.com\/blog\/wp-json\/wp\/v2\/types\/post"}],"author":[{"embeddable":true,"href":"https:\/\/www.shqiperia.com\/blog\/wp-json\/wp\/v2\/users\/9"}],"replies":[{"embeddable":true,"href":"https:\/\/www.shqiperia.com\/blog\/wp-json\/wp\/v2\/comments?post=20845"}],"version-history":[{"count":1,"href":"https:\/\/www.shqiperia.com\/blog\/wp-json\/wp\/v2\/posts\/20845\/revisions"}],"predecessor-version":[{"id":20848,"href":"https:\/\/www.shqiperia.com\/blog\/wp-json\/wp\/v2\/posts\/20845\/revisions\/20848"}],"wp:featuredmedia":[{"embeddable":true,"href":"https:\/\/www.shqiperia.com\/blog\/wp-json\/wp\/v2\/media\/20846"}],"wp:attachment":[{"href":"https:\/\/www.shqiperia.com\/blog\/wp-json\/wp\/v2\/media?parent=20845"}],"wp:term":[{"taxonomy":"category","embeddable":true,"href":"https:\/\/www.shqiperia.com\/blog\/wp-json\/wp\/v2\/categories?post=20845"},{"taxonomy":"post_tag","embeddable":true,"href":"https:\/\/www.shqiperia.com\/blog\/wp-json\/wp\/v2\/tags?post=20845"}],"curies":[{"name":"wp","href":"https:\/\/api.w.org\/{rel}","templated":true}]}}