{"id":20836,"date":"2019-05-07T12:46:30","date_gmt":"2019-05-07T12:46:30","guid":{"rendered":"http:\/\/www.shqiperia.com\/blog\/?p=20836"},"modified":"2019-05-07T12:53:29","modified_gmt":"2019-05-07T12:53:29","slug":"pa-mik-dhe-pa-kurveri-diplomatja-e-shkarkuar-leter-rames","status":"publish","type":"post","link":"https:\/\/www.shqiperia.com\/blog\/pa-mik-dhe-pa-kurveri-diplomatja-e-shkarkuar-leter-rames\/","title":{"rendered":"\u201cPa mik dhe pa kurv\u00ebri\u201d\/Diplomatja e shkarkuar let\u00ebr Ram\u00ebs. &#8211;"},"content":{"rendered":"<p><img data-recalc-dims=\"1\" loading=\"lazy\" decoding=\"async\" data-attachment-id=\"20837\" data-permalink=\"https:\/\/www.shqiperia.com\/blog\/pa-mik-dhe-pa-kurveri-diplomatja-e-shkarkuar-leter-rames\/ilda-topulli-dhe-edi-rama-e1557227150329-1\/\" data-orig-file=\"https:\/\/i0.wp.com\/www.shqiperia.com\/blog\/wp-content\/uploads\/2019\/05\/Ilda-Topulli-dhe-Edi-Rama-e1557227150329-1.jpg?fit=853%2C471&amp;ssl=1\" data-orig-size=\"853,471\" data-comments-opened=\"1\" data-image-meta=\"{&quot;aperture&quot;:&quot;0&quot;,&quot;credit&quot;:&quot;&quot;,&quot;camera&quot;:&quot;&quot;,&quot;caption&quot;:&quot;&quot;,&quot;created_timestamp&quot;:&quot;0&quot;,&quot;copyright&quot;:&quot;&quot;,&quot;focal_length&quot;:&quot;0&quot;,&quot;iso&quot;:&quot;0&quot;,&quot;shutter_speed&quot;:&quot;0&quot;,&quot;title&quot;:&quot;&quot;,&quot;orientation&quot;:&quot;0&quot;}\" data-image-title=\"Ilda-Topulli-dhe-Edi-Rama-e1557227150329-1\" data-image-description=\"\" data-image-caption=\"\" data-medium-file=\"https:\/\/i0.wp.com\/www.shqiperia.com\/blog\/wp-content\/uploads\/2019\/05\/Ilda-Topulli-dhe-Edi-Rama-e1557227150329-1.jpg?fit=300%2C166&amp;ssl=1\" data-large-file=\"https:\/\/i0.wp.com\/www.shqiperia.com\/blog\/wp-content\/uploads\/2019\/05\/Ilda-Topulli-dhe-Edi-Rama-e1557227150329-1.jpg?fit=853%2C471&amp;ssl=1\" class=\"alignnone wp-image-20837\" alt=\"\" src=\"https:\/\/i0.wp.com\/www.shqiperia.com\/blog\/wp-content\/uploads\/2019\/05\/Ilda-Topulli-dhe-Edi-Rama-e1557227150329-1-300x166.jpg?resize=478%2C264\" width=\"478\" height=\"264\" srcset=\"https:\/\/i0.wp.com\/www.shqiperia.com\/blog\/wp-content\/uploads\/2019\/05\/Ilda-Topulli-dhe-Edi-Rama-e1557227150329-1.jpg?resize=300%2C166&amp;ssl=1 300w, https:\/\/i0.wp.com\/www.shqiperia.com\/blog\/wp-content\/uploads\/2019\/05\/Ilda-Topulli-dhe-Edi-Rama-e1557227150329-1.jpg?resize=768%2C424&amp;ssl=1 768w, https:\/\/i0.wp.com\/www.shqiperia.com\/blog\/wp-content\/uploads\/2019\/05\/Ilda-Topulli-dhe-Edi-Rama-e1557227150329-1.jpg?resize=450%2C248&amp;ssl=1 450w, https:\/\/i0.wp.com\/www.shqiperia.com\/blog\/wp-content\/uploads\/2019\/05\/Ilda-Topulli-dhe-Edi-Rama-e1557227150329-1.jpg?resize=600%2C331&amp;ssl=1 600w, https:\/\/i0.wp.com\/www.shqiperia.com\/blog\/wp-content\/uploads\/2019\/05\/Ilda-Topulli-dhe-Edi-Rama-e1557227150329-1.jpg?resize=400%2C221&amp;ssl=1 400w, https:\/\/i0.wp.com\/www.shqiperia.com\/blog\/wp-content\/uploads\/2019\/05\/Ilda-Topulli-dhe-Edi-Rama-e1557227150329-1.jpg?w=853&amp;ssl=1 853w\" sizes=\"auto, (max-width: 478px) 100vw, 478px\" \/><\/p>\n<p><strong>\u201cPa mik dhe pa kurv\u00ebri\u201d\/Diplomatja e shkarkuar let\u00ebr Ram\u00ebs. &#8211;<\/strong><\/p>\n<p><strong>7 Maj, 2019 <\/strong><\/p>\n<p><em>\u201c \u2026Nj\u00eb vajze 28- vje\u00e7are, pa parti, pa miq, pa ryshfete, pa kurv\u00ebri e pa lidhje farefisnore n\u00eb administrate\u2026 \u201c &#8211;<\/em><\/p>\n<p>Ministri i komanduar p\u00ebr Europ\u00ebn dhe Pun\u00ebt e Jashtme, Gent Cakaj, nd\u00ebr vendimet e para q\u00eb mori n\u00eb k\u00ebt\u00eb detyr\u00eb, ishte reforma n\u00eb sh\u00ebrbimin diplomatik. Dhjet\u00ebra diplomat\u00eb jan\u00eb shkarkuar tashm\u00eb duke humbur k\u00ebshtu funksionet e p\u00ebrfaq\u00ebsimit t\u00eb Shqip\u00ebris\u00eb jasht\u00eb vendit.<\/p>\n<p>Arsyetimet e dh\u00ebna nga Cakaj dhe kryeministri Edi Rama kan\u00eb qen\u00eb nga m\u00eb t\u00eb ndryshmet, diku p\u00ebr em\u00ebrime nepotike, diku tjet\u00ebr p\u00ebr munges\u00eb aft\u00ebsish profesionale e diku p\u00ebr em\u00ebrime partiake. Por shkarkimi Sekretares s\u00eb Par\u00eb t\u00eb Konsullat\u00ebs s\u00eb P\u00ebrgjithshme n\u00eb Stamboll, Ilda Topulli, duket se nxjerr n\u00eb pah nj\u00eb tjet\u00ebr fakt, duke v\u00ebn\u00eb n\u00eb pik\u00ebpyetje motivet e k\u00ebsaj reforme.<\/p>\n<p>N\u00eb nj\u00eb let\u00ebr drejtuar kryeministrit Edi Rama p\u00ebrmes platform\u00ebs s\u00eb Bashk\u00ebqeverisjes, shqip\u00ebriaq\u00ebduam.com, ajo i kujton se para se t\u00eb firmoste shkarkimin e saj, ta testonte se cila ishte. Vendimi i shkarkimit, thot\u00eb Topalli, \u00ebsht\u00eb i pajustifikuar.<\/p>\n<p><em>\u201cHidhu nj\u00eb sy kualifikimeve t\u00eb nj\u00eb vajze 28- vje\u00e7are, pa parti, pa miq, pa ryshfete, pa kurv\u00ebri e pa lidhje farefisnore n\u00eb administrat\u00eb. Por ty dhe drejtor\u00ebve t\u00eb tu n\u00eb Ministri nuk ju p\u00eblqejn\u00eb njer\u00ebzit e drejt\u00eb dhe t\u00eb aft\u00eb si un\u00eb apo jo?!\u201d,<\/em>\u00a0shkruan ajo.<\/p>\n<p><em>\u201cM\u00eb provo t\u00eb lutem lidhjen time partiake, miq\u00ebsore, materiale, dashnorore apo farefisnore me cilindo q\u00eb pretendon se \u00ebsht\u00eb b\u00ebr\u00eb shtys\u00eb p\u00ebr em\u00ebrimin tim\u201d, shkruan ajo. Ajo ka nj\u00eb CV t\u00eb pasur, me shkollime jasht\u00eb vendit, kualifikime, intershipe dhe pes\u00eb gjuh\u00eb t\u00eb huaja, si: anglisht, turqisht, gjermanisht, italisht dhe spanjisht\u201d<\/em>, vijon m\u00eb tej letra.<\/p>\n<p><strong>Letra e Ilda Topullit<\/strong><br \/>\nKryeministri im.<\/p>\n<p>Faleminderit, q\u00eb firmose dje si flet\u00ebrrufe urdhrin e lirimit tim nga detyra si diplomate dhe q\u00eb m\u00eb dhe shtys\u00eb tanim\u00eb t\u00eb mos kem frik\u00eb t\u00eb nxjerr z\u00ebrin p\u00ebr t\u00eb mbrojtur t\u00eb drejt\u00ebn time dhe at\u00eb q\u00eb mendoj se meritoj.<\/p>\n<p>Sapo m\u00eb rikonfirmove se n\u00eb Shqip\u00ebrin\u00eb ton\u00eb t\u00eb bukur t\u00eb drejt\u00ebve nuk u njihet kurr\u00eb e drejta apriori, por u duhet t\u00eb \u00e7irren p\u00ebr ta k\u00ebrkuar dhe marr\u00eb at\u00eb.\u00a0K\u00ebt\u00eb do b\u00ebj dhe un\u00eb, me \u00e7do mjet ligjor dhe ankimor.<\/p>\n<p>Hidhu nj\u00eb sy kualifikimeve t\u00eb nj\u00eb vajze 28- vje\u00e7are, pa parti, pa miq, pa ryshfete, pa kurv\u00ebri e pa lidhje farefisnore n\u00eb administrat\u00eb. Por ty dhe drejtor\u00ebve t\u00eb tu n\u00eb Ministri nuk ju p\u00eblqejn\u00eb njer\u00ebzit e drejt\u00eb dhe t\u00eb aft\u00eb si un\u00eb apo jo?!<\/p>\n<p>Me vjen keq dhe inat i dashur Kryeminist\u00ebr, q\u00eb nuk munda t\u00eb gjej n\u00eb koh\u00eb as mikun dhe as lekun q\u00eb do ngopte egot e drejtor\u00ebve q\u00eb t\u00eb servirin mbi tavolin\u00eb emrin tim p\u00ebr ta b\u00ebr\u00eb kurban t\u00eb kopes\u00eb s\u00eb em\u00ebrimeve despotike dhe partiake jasht\u00eb sistemit, pa denjuar t\u00eb pyesje se kush isha, \u00e7far\u00eb CV-je kisha, pse isha em\u00ebruar dhe si kisha punuar deri m\u00eb sot.<\/p>\n<p>Pse nuk m\u00eb ftove p\u00ebr t\u00eb m\u00eb testuar nga koka te k\u00ebmb\u00ebt p\u00ebrpara se t\u00eb m\u00eb flakje n\u00eb rrug\u00eb?! M\u00eb testo t\u00eb lutem!<\/p>\n<p>A nuk jam un\u00eb nj\u00ebsoj shtetasja dhe n\u00ebpun\u00ebsja jote, ashtu si\u00e7 jan\u00eb edhe ata q\u00eb jan\u00eb pjes\u00eb e sh\u00ebrbimit t\u00eb jasht\u00ebm?! A vlej un\u00eb m\u00eb pak se ata p\u00ebr ty zot\u00ebri, vet\u00ebm se nuk kam hyr\u00eb dot n\u00eb konkurset e DAP-it sepse jam pa krah\u00eb?!<\/p>\n<p>Ke firmosur urdh\u00ebrshkarkim p\u00ebr nj\u00eb t\u00eb re q\u00eb flet 5 gjuh\u00eb t\u00eb huaja, nd\u00ebr t\u00eb cilat tri rrjedhsh\u00ebm, q\u00eb \u00ebsht\u00eb e kualifikuar p\u00ebr programe t\u00eb avancuara dizajni kompjuterik dhe q\u00eb ka nj\u00eb bachelor n\u00eb Shkenca Politike e dy mastera n\u00eb Diplomaci Ballkani dhe \u00c7\u00ebshtje Globale?<\/p>\n<p>A nuk jan\u00eb mjaftuesh\u00ebm p\u00ebr t\u00eb p\u00ebrmbushur kushtet e rekrutimit n\u00eb sh\u00ebrbimin ton\u00eb t\u00eb jasht\u00ebm?! Jo, sepse aft\u00ebsit\u00eb jan\u00eb handikap p\u00ebr ju apo jo?! Kushtet e rekrutimit p\u00ebr Drejtorin\u00eb tuaj t\u00eb Burimeve Njer\u00ebzore jan\u00eb: mik, ryshfet dhe vetofrim apo jo?! M\u00eb ke em\u00ebruar po ti dhe ish-ministri yt nj\u00eb vit m\u00eb par\u00eb, bazuar n\u00eb nenin 31 pika 3 t\u00eb ligjit nr.23\/2015, sepse Konsullata e P\u00ebrgjithshme e RSH n\u00eb Stamboll kishte dhe ka nevoj\u00eb p\u00ebr nj\u00eb diplomate t\u00eb kualifikuar si un\u00eb.<\/p>\n<p>M\u00eb keni gjetur ju mua i dashur Kryeminist\u00ebr dhe jo un\u00eb ju, sepse flas turqisht shk\u00eblqyesh\u00ebm e kam nj\u00eb eksperienc\u00eb mbi 5-vje\u00e7are shkollimi, jetese e pun\u00ebsimi n\u00eb Stamboll, kushte jetike k\u00ebto p\u00ebr nj\u00eb zyrtar n\u00eb k\u00ebt\u00eb Konsullat\u00eb. Kam mbaruar stazh me sjellje shembullore pran\u00eb k\u00ebsaj Konsullate i dashur Kryeminist\u00ebr, sjellje t\u00eb cilat jan\u00eb b\u00ebr\u00eb shkak reference p\u00ebr mua nga ish-konsulli i p\u00ebrgjithsh\u00ebm n\u00eb k\u00ebt\u00eb p\u00ebrfaq\u00ebsi asokohe.<\/p>\n<p>M\u00eb justifiko t\u00eb lutem shkarkimin nga detyra dhe flakjen n\u00eb rrug\u00eb pa m\u00eb testuar, pa m\u00eb hetuar, pa m\u00eb kontrolluar, pa m\u00eb pyetur. Sepse m\u00eb detyrohesh kaq gj\u00eb! Llogjet e kazanit t\u00eb drejtor\u00ebve t\u00eb tu m\u00eb pohuan se kjo reform\u00eb ka prekur t\u00eb gjith\u00eb diplomat\u00ebt e em\u00ebruar jasht\u00eb sistemit pa asnj\u00eb p\u00ebrjashtim, pasi jan\u00eb em\u00ebrime partiake. A je i sigurt p\u00ebr v\u00ebrtet\u00ebsin\u00eb e k\u00ebtij pohimi?!<\/p>\n<p>M\u00eb provo t\u00eb lutem lidhjen time partiake, miq\u00ebsore, materiale, dashnorore apo farefisnore me cilindo q\u00eb pretendon se \u00ebsht\u00eb b\u00ebr\u00eb shtys\u00eb p\u00ebr em\u00ebrimin tim. Dhe m\u00eb thuaj n\u00ebse Europa apo nd\u00ebrkomb\u00ebtar\u00ebt nuk do t\u00eb p\u00ebrsh\u00ebndesnin nj\u00eb diplomate t\u00eb re si un\u00eb, pasi t\u2019i kesh hedhur nj\u00eb sy dosjes sime!<\/p>\n<p><img data-recalc-dims=\"1\" loading=\"lazy\" decoding=\"async\" data-attachment-id=\"20838\" data-permalink=\"https:\/\/www.shqiperia.com\/blog\/pa-mik-dhe-pa-kurveri-diplomatja-e-shkarkuar-leter-rames\/ilda-topulli-dhe-edi-rama-e1557227150329-1-2\/\" data-orig-file=\"https:\/\/i0.wp.com\/www.shqiperia.com\/blog\/wp-content\/uploads\/2019\/05\/Ilda-Topulli-dhe-Edi-Rama-e1557227150329-1-1.jpg?fit=853%2C471&amp;ssl=1\" data-orig-size=\"853,471\" data-comments-opened=\"1\" data-image-meta=\"{&quot;aperture&quot;:&quot;0&quot;,&quot;credit&quot;:&quot;&quot;,&quot;camera&quot;:&quot;&quot;,&quot;caption&quot;:&quot;&quot;,&quot;created_timestamp&quot;:&quot;0&quot;,&quot;copyright&quot;:&quot;&quot;,&quot;focal_length&quot;:&quot;0&quot;,&quot;iso&quot;:&quot;0&quot;,&quot;shutter_speed&quot;:&quot;0&quot;,&quot;title&quot;:&quot;&quot;,&quot;orientation&quot;:&quot;0&quot;}\" data-image-title=\"Ilda-Topulli-dhe-Edi-Rama-e1557227150329-1\" data-image-description=\"\" data-image-caption=\"\" data-medium-file=\"https:\/\/i0.wp.com\/www.shqiperia.com\/blog\/wp-content\/uploads\/2019\/05\/Ilda-Topulli-dhe-Edi-Rama-e1557227150329-1-1.jpg?fit=300%2C166&amp;ssl=1\" data-large-file=\"https:\/\/i0.wp.com\/www.shqiperia.com\/blog\/wp-content\/uploads\/2019\/05\/Ilda-Topulli-dhe-Edi-Rama-e1557227150329-1-1.jpg?fit=853%2C471&amp;ssl=1\" class=\"alignnone wp-image-20838\" alt=\"\" src=\"https:\/\/i0.wp.com\/www.shqiperia.com\/blog\/wp-content\/uploads\/2019\/05\/Ilda-Topulli-dhe-Edi-Rama-e1557227150329-1-1-300x166.jpg?resize=714%2C395\" width=\"714\" height=\"395\" srcset=\"https:\/\/i0.wp.com\/www.shqiperia.com\/blog\/wp-content\/uploads\/2019\/05\/Ilda-Topulli-dhe-Edi-Rama-e1557227150329-1-1.jpg?resize=300%2C166&amp;ssl=1 300w, https:\/\/i0.wp.com\/www.shqiperia.com\/blog\/wp-content\/uploads\/2019\/05\/Ilda-Topulli-dhe-Edi-Rama-e1557227150329-1-1.jpg?resize=768%2C424&amp;ssl=1 768w, https:\/\/i0.wp.com\/www.shqiperia.com\/blog\/wp-content\/uploads\/2019\/05\/Ilda-Topulli-dhe-Edi-Rama-e1557227150329-1-1.jpg?resize=450%2C248&amp;ssl=1 450w, https:\/\/i0.wp.com\/www.shqiperia.com\/blog\/wp-content\/uploads\/2019\/05\/Ilda-Topulli-dhe-Edi-Rama-e1557227150329-1-1.jpg?resize=600%2C331&amp;ssl=1 600w, https:\/\/i0.wp.com\/www.shqiperia.com\/blog\/wp-content\/uploads\/2019\/05\/Ilda-Topulli-dhe-Edi-Rama-e1557227150329-1-1.jpg?resize=400%2C221&amp;ssl=1 400w, https:\/\/i0.wp.com\/www.shqiperia.com\/blog\/wp-content\/uploads\/2019\/05\/Ilda-Topulli-dhe-Edi-Rama-e1557227150329-1-1.jpg?w=853&amp;ssl=1 853w\" sizes=\"auto, (max-width: 714px) 100vw, 714px\" \/><\/p>\n<p>Pastaj, m\u00eb trego me transparenc\u00eb t\u00eb plot\u00eb se cilin t\u00eb kan\u00eb propozuar t\u00eb katapultosh n\u00eb vendin tim?!<\/p>\n<p>M\u00eb ke shkat\u00ebrruar \u00ebndrr\u00ebn e nj\u00eb jete i dashur Kryeminist\u00ebr, e bashk\u00eb me t\u00eb edhe shpres\u00ebn dhe besimin n\u00eb ty, sepse t\u2019i nuk i ngjake shpres\u00ebs e as s\u00eb ardhmes q\u00eb dua p\u00ebr veten, familjen dhe vendin tim!<\/p>\n<p>P.S: Nga nj\u00eb socialiste since day one, t\u00eb cil\u00ebn sapo e humbe, jo nga ato q\u00eb t\u00eb mb\u00ebshtesin se i detyron tesera e partis\u00eb, e as nga ata q\u00eb brohorasin emrin t\u00ebnd n\u00ebp\u00ebr mitingje p\u00ebr t\u00eb p\u00ebrfituar nj\u00eb vend pune. Sot ke humbur nj\u00eb vot\u00eb nga ato t\u00eb sinqertat dhe m\u00eb besniket, ato me zem\u00ebr e shpirt Kryeministri im!<\/p>\n<p>E jotja, Ilda!<\/p>\n<p>Thjesht Ilda, jo Ilda e filanit, as e f\u00ebst\u00ebkut, as e mikut a dashnorit, as e ryshfetit, Ilda e familjes s\u00eb vet\u00eb t\u00eb thjesht\u00eb pogradecare, q\u00eb e ka siguruar gjithmon\u00eb jetes\u00ebn me djers\u00ebn e ballit dhe t\u00eb zverkut.<\/p>\n<p>Nga: TPZ.AL<\/p>\n","protected":false},"excerpt":{"rendered":"<p>\u201cPa mik dhe pa kurv\u00ebri\u201d\/Diplomatja e shkarkuar let\u00ebr Ram\u00ebs. &#8211; 7 Maj, 2019 \u201c \u2026Nj\u00eb vajze 28- vje\u00e7are, pa parti, pa miq, pa ryshfete, pa kurv\u00ebri e pa lidhje farefisnore n\u00eb administrate\u2026 \u201c &#8211; Ministri i komanduar p\u00ebr Europ\u00ebn dhe Pun\u00ebt e Jashtme, Gent Cakaj, nd\u00ebr vendimet e para q\u00eb mori n\u00eb k\u00ebt\u00eb detyr\u00eb, ishte [&hellip;]<\/p>\n","protected":false},"author":9,"featured_media":20837,"comment_status":"open","ping_status":"open","sticky":false,"template":"","format":"standard","meta":{"jetpack_post_was_ever_published":false,"_jetpack_newsletter_access":"","_jetpack_dont_email_post_to_subs":false,"_jetpack_newsletter_tier_id":0,"_jetpack_memberships_contains_paywalled_content":false,"_jetpack_memberships_contains_paid_content":false,"footnotes":"","jetpack_publicize_message":"","jetpack_publicize_feature_enabled":true,"jetpack_social_post_already_shared":true,"jetpack_social_options":{"image_generator_settings":{"template":"highway","default_image_id":0,"font":"","enabled":false},"version":2}},"categories":[27,2,35],"tags":[],"class_list":["post-20836","post","type-post","status-publish","format-standard","has-post-thumbnail","hentry","category-blogu-i-udhetarit","category-politika","category-shoqerore"],"jetpack_publicize_connections":[],"jetpack_featured_media_url":"https:\/\/i0.wp.com\/www.shqiperia.com\/blog\/wp-content\/uploads\/2019\/05\/Ilda-Topulli-dhe-Edi-Rama-e1557227150329-1.jpg?fit=853%2C471&ssl=1","jetpack_sharing_enabled":true,"jetpack_shortlink":"https:\/\/wp.me\/p5Z6wp-5q4","jetpack-related-posts":[{"id":27429,"url":"https:\/\/www.shqiperia.com\/blog\/qokat-e-gentit-pa-status-e-pa-mandat-ja-diplomatet-qe-perfaqesojne-shqiperine-lidhjet-me-politiken\/","url_meta":{"origin":20836,"position":0},"title":"Qokat e Gentit\/ Pa status e pa mandat, ja diplomat\u00ebt q\u00eb p\u00ebrfaq\u00ebsojn\u00eb Shqip\u00ebrin\u00eb, lidhjet me politik\u00ebn","author":"Kurt Farka","date":"October 28, 2019","format":false,"excerpt":"Qokat e Gentit\/ Pa status e pa mandat, ja diplomat\u00ebt q\u00eb p\u00ebrfaq\u00ebsojn\u00eb Shqip\u00ebrin\u00eb, lidhjet me politik\u00ebn Tetor 28, 2019 Nga Boldnews.al Shteti shqiptar p\u00ebrfaq\u00ebsohet n\u00eb aren\u00ebn nd\u00ebrkomb\u00ebtare, sidomos n\u00eb vendet kryesore, me t\u00eb cilat jan\u00eb edhe raportet m\u00eb t\u00eb r\u00ebnd\u00ebsishme, me nj\u00eb konglomerat ambasador\u00ebsh me mandat t\u00eb p\u00ebrfunduar, me persona\u2026","rel":"","context":"In &quot;Blogu i Udh\u00ebtarit&quot;","block_context":{"text":"Blogu i Udh\u00ebtarit","link":"https:\/\/www.shqiperia.com\/blog\/category\/blogu-i-udhetarit\/"},"img":{"alt_text":"","src":"https:\/\/i0.wp.com\/www.shqiperia.com\/blog\/wp-content\/uploads\/2019\/10\/cakaj.jpg?fit=628%2C328&ssl=1&resize=350%2C200","width":350,"height":200,"srcset":"https:\/\/i0.wp.com\/www.shqiperia.com\/blog\/wp-content\/uploads\/2019\/10\/cakaj.jpg?fit=628%2C328&ssl=1&resize=350%2C200 1x, https:\/\/i0.wp.com\/www.shqiperia.com\/blog\/wp-content\/uploads\/2019\/10\/cakaj.jpg?fit=628%2C328&ssl=1&resize=525%2C300 1.5x"},"classes":[]},{"id":15787,"url":"https:\/\/www.shqiperia.com\/blog\/i-pa-pergjegjshem-i-pa-pervoje-i-pa-sigurte-meta-rames-gent-cakaj-nuk-ben-per-minister\/","url_meta":{"origin":20836,"position":1},"title":"\u2018I pa p\u00ebrgjegjsh\u00ebm, i pa p\u00ebrvoj\u00eb, i pa sigurt\u00eb\u2019\/ Meta-Ram\u00ebs: Gent Cakaj nuk b\u00ebn p\u00ebr minister. &#8211;","author":"Kurt Farka","date":"January 10, 2019","format":false,"excerpt":"\u2018I pa p\u00ebrgjegjsh\u00ebm, i pa p\u00ebrvoj\u00eb, i pa sigurt\u00eb\u2019\/ Meta-Ram\u00ebs: Gent Cakaj nuk b\u00ebn p\u00ebr minister. - \u00a010\/01\/2019. Presidenti i Shqip\u00ebris\u00eb Ilir Meta ka refuzuar n\u00eb m\u00ebnyr\u00eb t\u00eb qart\u00eb kandidatur\u00ebn e Edi Ram\u00ebs p\u00ebr minist\u00ebr t\u00eb Jasht\u00ebm, Gent Cakaj. Duke argumentuar faktet p\u00ebr refuzimin e tij, presidenti Meta ka renditur\u2026","rel":"","context":"In &quot;Blogu i Udh\u00ebtarit&quot;","block_context":{"text":"Blogu i Udh\u00ebtarit","link":"https:\/\/www.shqiperia.com\/blog\/category\/blogu-i-udhetarit\/"},"img":{"alt_text":"","src":"https:\/\/i0.wp.com\/www.shqiperia.com\/blog\/wp-content\/uploads\/2019\/01\/auto_auto_Meta_rama15191218421547122810.jpg?fit=900%2C510&ssl=1&resize=350%2C200","width":350,"height":200,"srcset":"https:\/\/i0.wp.com\/www.shqiperia.com\/blog\/wp-content\/uploads\/2019\/01\/auto_auto_Meta_rama15191218421547122810.jpg?fit=900%2C510&ssl=1&resize=350%2C200 1x, https:\/\/i0.wp.com\/www.shqiperia.com\/blog\/wp-content\/uploads\/2019\/01\/auto_auto_Meta_rama15191218421547122810.jpg?fit=900%2C510&ssl=1&resize=525%2C300 1.5x, https:\/\/i0.wp.com\/www.shqiperia.com\/blog\/wp-content\/uploads\/2019\/01\/auto_auto_Meta_rama15191218421547122810.jpg?fit=900%2C510&ssl=1&resize=700%2C400 2x"},"classes":[]},{"id":64397,"url":"https:\/\/www.shqiperia.com\/blog\/dokumenti-hakerat-nxjerrin-e-mailet-e-helidon-bendos-ja-si-u-shkarkua-pa-prova-gjyqtari-i-gjykates-se-larte-shkelzen-selimi\/","url_meta":{"origin":20836,"position":2},"title":"DOKUMENTI\/ Hakerat nxjerrin e-mailet e Helidon Bendos: Ja si u shkarkua pa prova gjyqtari i Gjykat\u00ebs s\u00eb Lart\u00eb, Shk\u00eblzen Selimi!","author":"Kurt Farka","date":"November 16, 2022","format":false,"excerpt":"16 Nentor 2022 Organet e vettingut shprehin shqet\u00ebsimin se po marrin vendime p\u00ebr gjyqtar\u00eb e prokuror\u00eb pa u njohur me informacionet e plota q\u00eb kan\u00eb sh\u00ebrbyer p\u00ebr hartimin e raporteve q\u00eb sjell\u00eb DSIK-ja. Pas hakerimit t\u00eb e-maileve t\u00eb ish shefit t\u00eb SHISH, Helidon Bendo \u00ebsht\u00eb publikuar edhe nj\u00eb let\u00ebr q\u00eb\u2026","rel":"","context":"In &quot;Blogu i Udh\u00ebtarit&quot;","block_context":{"text":"Blogu i Udh\u00ebtarit","link":"https:\/\/www.shqiperia.com\/blog\/category\/blogu-i-udhetarit\/"},"img":{"alt_text":"","src":"https:\/\/i0.wp.com\/www.shqiperia.com\/blog\/wp-content\/uploads\/2022\/11\/20180727_131337_270718005-1_uDDrNUX-e1668602882695-1536x979-1.jpg?fit=1200%2C694&ssl=1&resize=350%2C200","width":350,"height":200,"srcset":"https:\/\/i0.wp.com\/www.shqiperia.com\/blog\/wp-content\/uploads\/2022\/11\/20180727_131337_270718005-1_uDDrNUX-e1668602882695-1536x979-1.jpg?fit=1200%2C694&ssl=1&resize=350%2C200 1x, https:\/\/i0.wp.com\/www.shqiperia.com\/blog\/wp-content\/uploads\/2022\/11\/20180727_131337_270718005-1_uDDrNUX-e1668602882695-1536x979-1.jpg?fit=1200%2C694&ssl=1&resize=525%2C300 1.5x, https:\/\/i0.wp.com\/www.shqiperia.com\/blog\/wp-content\/uploads\/2022\/11\/20180727_131337_270718005-1_uDDrNUX-e1668602882695-1536x979-1.jpg?fit=1200%2C694&ssl=1&resize=700%2C400 2x, https:\/\/i0.wp.com\/www.shqiperia.com\/blog\/wp-content\/uploads\/2022\/11\/20180727_131337_270718005-1_uDDrNUX-e1668602882695-1536x979-1.jpg?fit=1200%2C694&ssl=1&resize=1050%2C600 3x"},"classes":[]},{"id":16578,"url":"https:\/\/www.shqiperia.com\/blog\/ministria-e-jashtme-u-dha-me-koncesion-nga-kryeministri-rama\/","url_meta":{"origin":20836,"position":3},"title":"Ministria e Jashtme u dha me koncesion nga Kryeministri Rama. &#8211;","author":"Kurt Farka","date":"January 24, 2019","format":false,"excerpt":"Ministria e Jashtme u dha me koncesion nga Kryeministri Rama. - 24 Janar, 2019 -Praktikisht Edi Rama ia ka falur diplomacin\u00eb shqiptare, nj\u00eb 28 vje\u00e7ari q\u00eb nuk ka lidhje me Tiran\u00ebn zyrtare, bile duke e dor\u00ebzuar detyr\u00ebn n\u00eb interesa t\u00eb tjer\u00eb rajonal. Akuzat dje vinin pik\u00ebrisht nga Kosova, ku thuhej\u2026","rel":"","context":"In &quot;Blogu i Udh\u00ebtarit&quot;","block_context":{"text":"Blogu i Udh\u00ebtarit","link":"https:\/\/www.shqiperia.com\/blog\/category\/blogu-i-udhetarit\/"},"img":{"alt_text":"","src":"https:\/\/i0.wp.com\/www.shqiperia.com\/blog\/wp-content\/uploads\/2019\/01\/1548235001_Screenshot3.jpg?fit=780%2C440&ssl=1&resize=350%2C200","width":350,"height":200,"srcset":"https:\/\/i0.wp.com\/www.shqiperia.com\/blog\/wp-content\/uploads\/2019\/01\/1548235001_Screenshot3.jpg?fit=780%2C440&ssl=1&resize=350%2C200 1x, https:\/\/i0.wp.com\/www.shqiperia.com\/blog\/wp-content\/uploads\/2019\/01\/1548235001_Screenshot3.jpg?fit=780%2C440&ssl=1&resize=525%2C300 1.5x, https:\/\/i0.wp.com\/www.shqiperia.com\/blog\/wp-content\/uploads\/2019\/01\/1548235001_Screenshot3.jpg?fit=780%2C440&ssl=1&resize=700%2C400 2x"},"classes":[]},{"id":16537,"url":"https:\/\/www.shqiperia.com\/blog\/dorezimi-i-celesave-te-mepj-te-gent-cakaj-shperthen-ashper-vetevendosje\/","url_meta":{"origin":20836,"position":4},"title":"Dor\u00ebzimi i \u201c\u00e7el\u00ebsave\u201d t\u00eb MEPJ te Gent Cakaj, \u2018shp\u00ebrthen\u2019 ashp\u00ebr Vet\u00ebvendosje. &#8211;","author":"Kurt Farka","date":"January 23, 2019","format":false,"excerpt":"Dor\u00ebzimi i \u201c\u00e7el\u00ebsave\u201d t\u00eb MEPJ te Gent Cakaj, \u2018shp\u00ebrthen\u2019 ashp\u00ebr Vet\u00ebvendosje. - Pa mbushur ende 24 or\u00eb nga betimi n\u00eb Presidenc\u00eb si minist\u00ebr i Jasht\u00ebm, Edi Rama i hodhi s\u00ebrish \u201cbenzin\u00eb zjarrit\u201d t\u00eb debatit me Kreun e Shtetit, Ilir Meta, me ng\u00ebr\u00e7in q\u00eb besohej se u zgjidh pasi kryeministri pranoi\u2026","rel":"","context":"In &quot;Blogu i Udh\u00ebtarit&quot;","block_context":{"text":"Blogu i Udh\u00ebtarit","link":"https:\/\/www.shqiperia.com\/blog\/category\/blogu-i-udhetarit\/"},"img":{"alt_text":"","src":"https:\/\/i0.wp.com\/www.shqiperia.com\/blog\/wp-content\/uploads\/2019\/01\/r5t54-Copy.png?fit=596%2C319&ssl=1&resize=350%2C200","width":350,"height":200,"srcset":"https:\/\/i0.wp.com\/www.shqiperia.com\/blog\/wp-content\/uploads\/2019\/01\/r5t54-Copy.png?fit=596%2C319&ssl=1&resize=350%2C200 1x, https:\/\/i0.wp.com\/www.shqiperia.com\/blog\/wp-content\/uploads\/2019\/01\/r5t54-Copy.png?fit=596%2C319&ssl=1&resize=525%2C300 1.5x"},"classes":[]},{"id":15760,"url":"https:\/\/www.shqiperia.com\/blog\/kandidati-per-minister-i-jashtem-opozita-po-demton-interesat-e-shqiperise\/","url_meta":{"origin":20836,"position":5},"title":"Kandidati p\u00ebr minist\u00ebr i Jasht\u00ebm: Opozita po d\u00ebmton interesat e Shqip\u00ebris\u00eb. &#8211;","author":"Kurt Farka","date":"January 9, 2019","format":false,"excerpt":"Kandidati p\u00ebr minist\u00ebr i Jasht\u00ebm: Opozita po d\u00ebmton interesat e Shqip\u00ebris\u00eb. - Kandidati i Edi Ram\u00ebs p\u00ebr minist\u00ebr i Jasht\u00ebm, Gent Cakaj, ve\u00e7 problemeve q\u00eb ka me munges\u00ebn e p\u00ebrvoj\u00ebs, m\u00eb shum\u00eb se diplomat duket si militant partiak kur vjen fjala n\u00eb \u00e7\u00ebshtjet e politik\u00ebs s\u00eb brendshme n\u00eb Shqip\u00ebri. N\u00eb\u2026","rel":"","context":"In &quot;Blogu i Udh\u00ebtarit&quot;","block_context":{"text":"Blogu i Udh\u00ebtarit","link":"https:\/\/www.shqiperia.com\/blog\/category\/blogu-i-udhetarit\/"},"img":{"alt_text":"","src":"https:\/\/i0.wp.com\/www.shqiperia.com\/blog\/wp-content\/uploads\/2019\/01\/d-1.jpg?fit=633%2C356&ssl=1&resize=350%2C200","width":350,"height":200,"srcset":"https:\/\/i0.wp.com\/www.shqiperia.com\/blog\/wp-content\/uploads\/2019\/01\/d-1.jpg?fit=633%2C356&ssl=1&resize=350%2C200 1x, https:\/\/i0.wp.com\/www.shqiperia.com\/blog\/wp-content\/uploads\/2019\/01\/d-1.jpg?fit=633%2C356&ssl=1&resize=525%2C300 1.5x"},"classes":[]}],"_links":{"self":[{"href":"https:\/\/www.shqiperia.com\/blog\/wp-json\/wp\/v2\/posts\/20836","targetHints":{"allow":["GET"]}}],"collection":[{"href":"https:\/\/www.shqiperia.com\/blog\/wp-json\/wp\/v2\/posts"}],"about":[{"href":"https:\/\/www.shqiperia.com\/blog\/wp-json\/wp\/v2\/types\/post"}],"author":[{"embeddable":true,"href":"https:\/\/www.shqiperia.com\/blog\/wp-json\/wp\/v2\/users\/9"}],"replies":[{"embeddable":true,"href":"https:\/\/www.shqiperia.com\/blog\/wp-json\/wp\/v2\/comments?post=20836"}],"version-history":[{"count":6,"href":"https:\/\/www.shqiperia.com\/blog\/wp-json\/wp\/v2\/posts\/20836\/revisions"}],"predecessor-version":[{"id":20844,"href":"https:\/\/www.shqiperia.com\/blog\/wp-json\/wp\/v2\/posts\/20836\/revisions\/20844"}],"wp:featuredmedia":[{"embeddable":true,"href":"https:\/\/www.shqiperia.com\/blog\/wp-json\/wp\/v2\/media\/20837"}],"wp:attachment":[{"href":"https:\/\/www.shqiperia.com\/blog\/wp-json\/wp\/v2\/media?parent=20836"}],"wp:term":[{"taxonomy":"category","embeddable":true,"href":"https:\/\/www.shqiperia.com\/blog\/wp-json\/wp\/v2\/categories?post=20836"},{"taxonomy":"post_tag","embeddable":true,"href":"https:\/\/www.shqiperia.com\/blog\/wp-json\/wp\/v2\/tags?post=20836"}],"curies":[{"name":"wp","href":"https:\/\/api.w.org\/{rel}","templated":true}]}}