{"id":20833,"date":"2019-05-07T09:35:04","date_gmt":"2019-05-07T09:35:04","guid":{"rendered":"http:\/\/www.shqiperia.com\/blog\/?p=20833"},"modified":"2019-05-07T09:35:04","modified_gmt":"2019-05-07T09:35:04","slug":"perplasja-ne-astir-policia-shoqeron-ish-deputetin-klevis-balliu","status":"publish","type":"post","link":"https:\/\/www.shqiperia.com\/blog\/perplasja-ne-astir-policia-shoqeron-ish-deputetin-klevis-balliu\/","title":{"rendered":"P\u00ebrplasja n\u00eb \u201cAstir\u201d, policia shoq\u00ebron ish-deputetin Klevis Balliu. &#8211;"},"content":{"rendered":"<div id=\"attachment_20834\" style=\"width: 440px\" class=\"wp-caption alignnone\"><img data-recalc-dims=\"1\" loading=\"lazy\" decoding=\"async\" aria-describedby=\"caption-attachment-20834\" data-attachment-id=\"20834\" data-permalink=\"https:\/\/www.shqiperia.com\/blog\/perplasja-ne-astir-policia-shoqeron-ish-deputetin-klevis-balliu\/klevis-balliu\/\" data-orig-file=\"https:\/\/i0.wp.com\/www.shqiperia.com\/blog\/wp-content\/uploads\/2019\/05\/klevis-balliu.jpg?fit=765%2C449&amp;ssl=1\" data-orig-size=\"765,449\" data-comments-opened=\"1\" data-image-meta=\"{&quot;aperture&quot;:&quot;0&quot;,&quot;credit&quot;:&quot;&quot;,&quot;camera&quot;:&quot;&quot;,&quot;caption&quot;:&quot;&quot;,&quot;created_timestamp&quot;:&quot;0&quot;,&quot;copyright&quot;:&quot;&quot;,&quot;focal_length&quot;:&quot;0&quot;,&quot;iso&quot;:&quot;0&quot;,&quot;shutter_speed&quot;:&quot;0&quot;,&quot;title&quot;:&quot;&quot;,&quot;orientation&quot;:&quot;0&quot;}\" data-image-title=\"klevis-balliu\" data-image-description=\"\" data-image-caption=\"&lt;p&gt;klevis-balliu&lt;\/p&gt;\n\" data-medium-file=\"https:\/\/i0.wp.com\/www.shqiperia.com\/blog\/wp-content\/uploads\/2019\/05\/klevis-balliu.jpg?fit=300%2C176&amp;ssl=1\" data-large-file=\"https:\/\/i0.wp.com\/www.shqiperia.com\/blog\/wp-content\/uploads\/2019\/05\/klevis-balliu.jpg?fit=765%2C449&amp;ssl=1\" class=\" wp-image-20834\" alt=\"\" src=\"https:\/\/i0.wp.com\/www.shqiperia.com\/blog\/wp-content\/uploads\/2019\/05\/klevis-balliu-300x176.jpg?resize=430%2C252\" width=\"430\" height=\"252\" srcset=\"https:\/\/i0.wp.com\/www.shqiperia.com\/blog\/wp-content\/uploads\/2019\/05\/klevis-balliu.jpg?resize=300%2C176&amp;ssl=1 300w, https:\/\/i0.wp.com\/www.shqiperia.com\/blog\/wp-content\/uploads\/2019\/05\/klevis-balliu.jpg?resize=450%2C264&amp;ssl=1 450w, https:\/\/i0.wp.com\/www.shqiperia.com\/blog\/wp-content\/uploads\/2019\/05\/klevis-balliu.jpg?resize=600%2C352&amp;ssl=1 600w, https:\/\/i0.wp.com\/www.shqiperia.com\/blog\/wp-content\/uploads\/2019\/05\/klevis-balliu.jpg?resize=400%2C235&amp;ssl=1 400w, https:\/\/i0.wp.com\/www.shqiperia.com\/blog\/wp-content\/uploads\/2019\/05\/klevis-balliu.jpg?w=765&amp;ssl=1 765w\" sizes=\"auto, (max-width: 430px) 100vw, 430px\" \/><p id=\"caption-attachment-20834\" class=\"wp-caption-text\">klevis-balliu<\/p><\/div>\n<p><strong>P\u00ebrplasja n\u00eb \u201cAstir\u201d, policia shoq\u00ebron ish-deputetin Klevis Balliu. &#8211;<\/strong><\/p>\n<p>07\/05\/19<\/p>\n<p>Nga: <a href=\"https:\/\/gazetamapo.al\/perplasja-ne-astir-policia-shoqeron-ish-deputetin-klevis-balliu\/\"><strong>mapo.al<\/strong><\/a><\/p>\n<p>Policia shoq\u00ebron ish-deputetin e PD, Klevis Balliu, gjat\u00eb protest\u00ebs s\u00eb banor\u00ebve t\u00eb \u201cAstirit\u201d, t\u00eb cil\u00ebt tentuan t\u2019i bllokojn\u00eb rrug\u00ebn eskort\u00ebs s\u00eb kryeministrit Edi Rama.<\/p>\n<p>Protesta u shoq\u00ebrua edhe me p\u00ebrplasje fizike mes banor\u00ebve dhe FNSH. Protestuesit q\u00eblluan edhe gur\u00eb e sende t\u00eb tjera n\u00eb drejtim t\u00eb policis\u00eb. Uniformat blu shoq\u00ebruan ish-deputetin Balliu dhe disa protestues t\u00eb tjer\u00eb. Teksa shoq\u00ebrohej nga furgoni i policis\u00eb, Balliu b\u00ebri thirrje p\u00ebr rezistenc\u00eb nga banor\u00ebt duke deklaruar se ata do rikthehen edhe m\u00eb t\u00eb fort\u00eb.<\/p>\n<div id=\"attachment_20834\" style=\"width: 675px\" class=\"wp-caption alignnone\"><img data-recalc-dims=\"1\" loading=\"lazy\" decoding=\"async\" aria-describedby=\"caption-attachment-20834\" data-attachment-id=\"20834\" data-permalink=\"https:\/\/www.shqiperia.com\/blog\/perplasja-ne-astir-policia-shoqeron-ish-deputetin-klevis-balliu\/klevis-balliu\/\" data-orig-file=\"https:\/\/i0.wp.com\/www.shqiperia.com\/blog\/wp-content\/uploads\/2019\/05\/klevis-balliu.jpg?fit=765%2C449&amp;ssl=1\" data-orig-size=\"765,449\" data-comments-opened=\"1\" data-image-meta=\"{&quot;aperture&quot;:&quot;0&quot;,&quot;credit&quot;:&quot;&quot;,&quot;camera&quot;:&quot;&quot;,&quot;caption&quot;:&quot;&quot;,&quot;created_timestamp&quot;:&quot;0&quot;,&quot;copyright&quot;:&quot;&quot;,&quot;focal_length&quot;:&quot;0&quot;,&quot;iso&quot;:&quot;0&quot;,&quot;shutter_speed&quot;:&quot;0&quot;,&quot;title&quot;:&quot;&quot;,&quot;orientation&quot;:&quot;0&quot;}\" data-image-title=\"klevis-balliu\" data-image-description=\"\" data-image-caption=\"&lt;p&gt;klevis-balliu&lt;\/p&gt;\n\" data-medium-file=\"https:\/\/i0.wp.com\/www.shqiperia.com\/blog\/wp-content\/uploads\/2019\/05\/klevis-balliu.jpg?fit=300%2C176&amp;ssl=1\" data-large-file=\"https:\/\/i0.wp.com\/www.shqiperia.com\/blog\/wp-content\/uploads\/2019\/05\/klevis-balliu.jpg?fit=765%2C449&amp;ssl=1\" class=\" wp-image-20834\" alt=\"\" src=\"https:\/\/i0.wp.com\/www.shqiperia.com\/blog\/wp-content\/uploads\/2019\/05\/klevis-balliu-300x176.jpg?resize=665%2C390\" width=\"665\" height=\"390\" srcset=\"https:\/\/i0.wp.com\/www.shqiperia.com\/blog\/wp-content\/uploads\/2019\/05\/klevis-balliu.jpg?resize=300%2C176&amp;ssl=1 300w, https:\/\/i0.wp.com\/www.shqiperia.com\/blog\/wp-content\/uploads\/2019\/05\/klevis-balliu.jpg?resize=450%2C264&amp;ssl=1 450w, https:\/\/i0.wp.com\/www.shqiperia.com\/blog\/wp-content\/uploads\/2019\/05\/klevis-balliu.jpg?resize=600%2C352&amp;ssl=1 600w, https:\/\/i0.wp.com\/www.shqiperia.com\/blog\/wp-content\/uploads\/2019\/05\/klevis-balliu.jpg?resize=400%2C235&amp;ssl=1 400w, https:\/\/i0.wp.com\/www.shqiperia.com\/blog\/wp-content\/uploads\/2019\/05\/klevis-balliu.jpg?w=765&amp;ssl=1 765w\" sizes=\"auto, (max-width: 665px) 100vw, 665px\" \/><p id=\"caption-attachment-20834\" class=\"wp-caption-text\">klevis-balliu<\/p><\/div>\n<p>Incidentet b\u00ebn q\u00eb policia t\u00eb shtonte prezenc\u00ebn me q\u00ebllim hapjen e rrug\u00ebs dhe normalizimin e qarkullimit t\u00eb automjeteve. Banor\u00ebt e Astirit protestojn\u00eb \u00e7do dit\u00eb kund\u00ebr shembjes s\u00eb sht\u00ebpive t\u00eb tyre, t\u00eb cilat jan\u00eb n\u00eb proces legalizimi.<\/p>\n","protected":false},"excerpt":{"rendered":"<p>P\u00ebrplasja n\u00eb \u201cAstir\u201d, policia shoq\u00ebron ish-deputetin Klevis Balliu. &#8211; 07\/05\/19 Nga: mapo.al Policia shoq\u00ebron ish-deputetin e PD, Klevis Balliu, gjat\u00eb protest\u00ebs s\u00eb banor\u00ebve t\u00eb \u201cAstirit\u201d, t\u00eb cil\u00ebt tentuan t\u2019i bllokojn\u00eb rrug\u00ebn eskort\u00ebs s\u00eb kryeministrit Edi Rama. Protesta u shoq\u00ebrua edhe me p\u00ebrplasje fizike mes banor\u00ebve dhe FNSH. Protestuesit q\u00eblluan edhe gur\u00eb e sende t\u00eb tjera [&hellip;]<\/p>\n","protected":false},"author":9,"featured_media":20834,"comment_status":"open","ping_status":"open","sticky":false,"template":"","format":"standard","meta":{"jetpack_post_was_ever_published":false,"_jetpack_newsletter_access":"","_jetpack_dont_email_post_to_subs":false,"_jetpack_newsletter_tier_id":0,"_jetpack_memberships_contains_paywalled_content":false,"_jetpack_memberships_contains_paid_content":false,"footnotes":"","jetpack_publicize_message":"","jetpack_publicize_feature_enabled":true,"jetpack_social_post_already_shared":true,"jetpack_social_options":{"image_generator_settings":{"template":"highway","default_image_id":0,"font":"","enabled":false},"version":2}},"categories":[27,2,35],"tags":[],"class_list":["post-20833","post","type-post","status-publish","format-standard","has-post-thumbnail","hentry","category-blogu-i-udhetarit","category-politika","category-shoqerore"],"jetpack_publicize_connections":[],"jetpack_featured_media_url":"https:\/\/i0.wp.com\/www.shqiperia.com\/blog\/wp-content\/uploads\/2019\/05\/klevis-balliu.jpg?fit=765%2C449&ssl=1","jetpack_sharing_enabled":true,"jetpack_shortlink":"https:\/\/wp.me\/p5Z6wp-5q1","jetpack-related-posts":[{"id":38381,"url":"https:\/\/www.shqiperia.com\/blog\/lista-me-emra-pd-balliu-policia-nen-drejtimin-e-ish-sigurimit-te-shtetit\/","url_meta":{"origin":20833,"position":0},"title":"Lista me emra. PD, Balliu: &#8211; Policia n\u00ebn drejtimin e ish-Sigurimit t\u00eb Shtetit","author":"Kurt Farka","date":"September 13, 2020","format":false,"excerpt":"Lista me emra. PD, Balliu: - Policia n\u00ebn drejtimin e ish-Sigurimit t\u00eb Shtetit \u00a013 SHTATOR 2020 Partia Demokratike ka hedhur t\u00eb tjera akuza ndaj kryeministrit Rama. N\u00eb nj\u00eb komunikim me mediat nga selia blu, ish deputeti, Klevis Balliu u shpreh se kryeministri futi n\u00eb Policis\u00eb e Shtetit, ish bashk\u00ebpun\u00ebtor\u00ebt e\u2026","rel":"","context":"In &quot;Blogu i Udh\u00ebtarit&quot;","block_context":{"text":"Blogu i Udh\u00ebtarit","link":"https:\/\/www.shqiperia.com\/blog\/category\/blogu-i-udhetarit\/"},"img":{"alt_text":"","src":"https:\/\/i0.wp.com\/www.shqiperia.com\/blog\/wp-content\/uploads\/2020\/09\/800-0-78e7ea200a572c9711d5fa4021be43ac.jpg?fit=800%2C453&ssl=1&resize=350%2C200","width":350,"height":200,"srcset":"https:\/\/i0.wp.com\/www.shqiperia.com\/blog\/wp-content\/uploads\/2020\/09\/800-0-78e7ea200a572c9711d5fa4021be43ac.jpg?fit=800%2C453&ssl=1&resize=350%2C200 1x, https:\/\/i0.wp.com\/www.shqiperia.com\/blog\/wp-content\/uploads\/2020\/09\/800-0-78e7ea200a572c9711d5fa4021be43ac.jpg?fit=800%2C453&ssl=1&resize=525%2C300 1.5x, https:\/\/i0.wp.com\/www.shqiperia.com\/blog\/wp-content\/uploads\/2020\/09\/800-0-78e7ea200a572c9711d5fa4021be43ac.jpg?fit=800%2C453&ssl=1&resize=700%2C400 2x"},"classes":[]},{"id":19759,"url":"https:\/\/www.shqiperia.com\/blog\/tension-te-bregu-i-lumit-dy-ish-deputetet-perplasen-me-policine-efektivi-kap-per-fyti-balliun\/","url_meta":{"origin":20833,"position":1},"title":"Tension te Bregu i Lumit, dy \u2013ish deputet\u00ebt p\u00ebrplasen me policin\u00eb, efektivi kap p\u00ebr fyti Balliun.","author":"Kurt Farka","date":"April 17, 2019","format":false,"excerpt":"Tension te Bregu i Lumit, dy \u2013ish deputet\u00ebt p\u00ebrplasen me policin\u00eb, efektivi kap p\u00ebr fyti Balliun 17 prill 2019 Dy ish-deputet\u00ebt \u00a0Klevis Balliu dhe \u00a0Endrit Braimllari jan\u00eb p\u00ebrplasur me policin\u00eb, nd\u00ebrsa kan\u00eb dal\u00eb n\u00eb krah t\u00eb banor\u00ebve t\u00eb cil\u00ebve po u shemben banesat pran\u00eb zon\u00ebs s\u00eb \u201cBregut t\u00eb Lumit\u201d n\u00eb\u2026","rel":"","context":"In &quot;Blogu i Udh\u00ebtarit&quot;","block_context":{"text":"Blogu i Udh\u00ebtarit","link":"https:\/\/www.shqiperia.com\/blog\/category\/blogu-i-udhetarit\/"},"img":{"alt_text":"","src":"https:\/\/i0.wp.com\/www.shqiperia.com\/blog\/wp-content\/uploads\/2019\/04\/balliu-per-fyti.jpg?fit=750%2C379&ssl=1&resize=350%2C200","width":350,"height":200,"srcset":"https:\/\/i0.wp.com\/www.shqiperia.com\/blog\/wp-content\/uploads\/2019\/04\/balliu-per-fyti.jpg?fit=750%2C379&ssl=1&resize=350%2C200 1x, https:\/\/i0.wp.com\/www.shqiperia.com\/blog\/wp-content\/uploads\/2019\/04\/balliu-per-fyti.jpg?fit=750%2C379&ssl=1&resize=525%2C300 1.5x, https:\/\/i0.wp.com\/www.shqiperia.com\/blog\/wp-content\/uploads\/2019\/04\/balliu-per-fyti.jpg?fit=750%2C379&ssl=1&resize=700%2C400 2x"},"classes":[]},{"id":45072,"url":"https:\/\/www.shqiperia.com\/blog\/neser-afati-i-fundit-per-ti-dorezuar-ne-kqz-klevis-balliu-zbulon-surprizat-nga-lista-e-demokrateve-asnje-nga-kandidaturat-e-pd-nuk-eshte\/","url_meta":{"origin":20833,"position":2},"title":"Nes\u00ebr afati i fundit p\u00ebr ti dor\u00ebzuar n\u00eb KQZ, Klevis Balliu zbulon \u2018surprizat\u2019 nga lista e demokrat\u00ebve: Asnj\u00eb nga kandidaturat e PD nuk \u00ebsht\u00eb &#8230;","author":"Kurt Farka","date":"March 7, 2021","format":false,"excerpt":"Nes\u00ebr afati i fundit p\u00ebr ti dor\u00ebzuar n\u00eb KQZ, Klevis Balliu zbulon \u2018surprizat\u2019 nga lista e demokrat\u00ebve: Asnj\u00eb nga kandidaturat e PD nuk \u00ebsht\u00eb ... 7 MARS 2021 Ish-deputeti i PD, Klevis Balliu i ftuar n\u00eb rubrik\u00ebn \u201dOpinion\u201d\u00a0 ka folur p\u00ebr listat e kandidat\u00ebve p\u00ebr zgjedhje nd\u00ebrkoh\u00eb q\u00eb ka mbetur\u2026","rel":"","context":"In &quot;Politika&quot;","block_context":{"text":"Politika","link":"https:\/\/www.shqiperia.com\/blog\/category\/politika\/"},"img":{"alt_text":"","src":"https:\/\/i0.wp.com\/www.shqiperia.com\/blog\/wp-content\/uploads\/2021\/03\/Klevis-Balliu.jpg?fit=569%2C297&ssl=1&resize=350%2C200","width":350,"height":200,"srcset":"https:\/\/i0.wp.com\/www.shqiperia.com\/blog\/wp-content\/uploads\/2021\/03\/Klevis-Balliu.jpg?fit=569%2C297&ssl=1&resize=350%2C200 1x, https:\/\/i0.wp.com\/www.shqiperia.com\/blog\/wp-content\/uploads\/2021\/03\/Klevis-Balliu.jpg?fit=569%2C297&ssl=1&resize=525%2C300 1.5x"},"classes":[]},{"id":87761,"url":"https:\/\/www.shqiperia.com\/blog\/dritan-hila-pranon-bandat-perdoren-ne-zgjedhje-por-sjane-vendimtare-balliu-banditet-percaktojne-rezultatin\/","url_meta":{"origin":20833,"position":3},"title":"Dritan Hila pranon: &#8211; Bandat p\u00ebrdoren ne zgjedhje, por s\u2019jan\u00eb vendimtare. &#8211; Balliu: Bandit\u00ebt p\u00ebrcaktojn\u00eb rezultatin.","author":"Kurt Farka","date":"December 23, 2024","format":false,"excerpt":"23 Dhjetor 2024 N\u00eb emisionin Open n\u00eb News 24 u diskutua p\u00ebr protest\u00ebn e sotme t\u00eb PD-s\u00eb dhe p\u00ebr zgjedhjet e 11 majit 2025. Koordinatori rajonal p\u00ebr Tiran\u00ebn n\u00eb PD Klevis Balliu deklaroi se bandit\u00ebt p\u00ebrcaktojn\u00eb rezultatin e zgjedhjeve. Nd\u00ebrsa, analisti Dritan Hila u shpreh se bandat p\u00ebrdoren nga t\u00eb\u2026","rel":"","context":"In &quot;Blogu i Udh\u00ebtarit&quot;","block_context":{"text":"Blogu i Udh\u00ebtarit","link":"https:\/\/www.shqiperia.com\/blog\/category\/blogu-i-udhetarit\/"},"img":{"alt_text":"","src":"https:\/\/i0.wp.com\/www.shqiperia.com\/blog\/wp-content\/uploads\/2024\/12\/OPEN-5-1.jpg?fit=899%2C494&ssl=1&resize=350%2C200","width":350,"height":200,"srcset":"https:\/\/i0.wp.com\/www.shqiperia.com\/blog\/wp-content\/uploads\/2024\/12\/OPEN-5-1.jpg?fit=899%2C494&ssl=1&resize=350%2C200 1x, https:\/\/i0.wp.com\/www.shqiperia.com\/blog\/wp-content\/uploads\/2024\/12\/OPEN-5-1.jpg?fit=899%2C494&ssl=1&resize=525%2C300 1.5x, https:\/\/i0.wp.com\/www.shqiperia.com\/blog\/wp-content\/uploads\/2024\/12\/OPEN-5-1.jpg?fit=899%2C494&ssl=1&resize=700%2C400 2x"},"classes":[]},{"id":19420,"url":"https:\/\/www.shqiperia.com\/blog\/po-vriten-banoret-te-bregu-i-lumit-policia-i-thyen-kemben-nje-gruaje-dhe\/","url_meta":{"origin":20833,"position":4},"title":"\u201cPo vriten banor\u00ebt te Bregu i Lumit, policia i thyen k\u00ebmb\u00ebn nj\u00eb gruaje dhe\u2026\u201d","author":"Kurt Farka","date":"April 9, 2019","format":false,"excerpt":"\u201cPo vriten banor\u00ebt te Bregu i Lumit, policia i thyen k\u00ebmb\u00ebn nj\u00eb gruaje dhe\u2026\u201d Nga: Gazeta Shqip - 9 Prill 2019 N\u00ebp\u00ebrmjet nj\u00eb postimi n\u00eb \u201cFacebook\u201d, Ish-deputeti i Partis\u00eb Demokratike, Klevis Balliu shprehet se banor\u00ebt jan\u00eb dhunuar n\u00eb m\u00ebnyr\u00eb barbare dhe ndaj tyre \u00ebsht\u00eb p\u00ebrdorur gjithashtu gaz lotsjell\u00ebs. Balliu pohon\u2026","rel":"","context":"In &quot;Blogu i Udh\u00ebtarit&quot;","block_context":{"text":"Blogu i Udh\u00ebtarit","link":"https:\/\/www.shqiperia.com\/blog\/category\/blogu-i-udhetarit\/"},"img":{"alt_text":"","src":"https:\/\/i0.wp.com\/www.shqiperia.com\/blog\/wp-content\/uploads\/2019\/04\/policia.jpg?fit=1024%2C547&ssl=1&resize=350%2C200","width":350,"height":200,"srcset":"https:\/\/i0.wp.com\/www.shqiperia.com\/blog\/wp-content\/uploads\/2019\/04\/policia.jpg?fit=1024%2C547&ssl=1&resize=350%2C200 1x, https:\/\/i0.wp.com\/www.shqiperia.com\/blog\/wp-content\/uploads\/2019\/04\/policia.jpg?fit=1024%2C547&ssl=1&resize=525%2C300 1.5x, https:\/\/i0.wp.com\/www.shqiperia.com\/blog\/wp-content\/uploads\/2019\/04\/policia.jpg?fit=1024%2C547&ssl=1&resize=700%2C400 2x"},"classes":[]},{"id":99478,"url":"https:\/\/www.shqiperia.com\/blog\/policeve-tu-behet-testi-i-droges-balliu-flet-nga-paraburgimi-te-mine-peza-jemi-goditur-me-shkopa-gome-dhe-spraj-kunder-arinjve\/","url_meta":{"origin":20833,"position":5},"title":"\u201cPolic\u00ebve t\u2019u b\u00ebhet testi i drog\u00ebs\u201d\/ Balliu flet nga paraburgimi te \u201cMine Peza\u201d: &#8211; Jemi goditur me shkopa gome dhe spraj kund\u00ebr arinjve","author":"Kurt Farka","date":"April 18, 2026","format":false,"excerpt":"18 Prill 2025 Nga \u201cMine Peza\u201d, ku vizitoi t\u00eb ndaluarit e protest\u00ebs s\u00eb djeshme t\u00eb opozit\u00ebs, deputeti demokrat Klevis Balliu tha se \u201cdhuna ishte nj\u00eb nga aktet m\u00eb kriminale\u201d. Ai tha se deputet\u00ebt dhe protestuesit u godit\u00ebn me shkopa gome dhe spraj q\u00eb p\u00ebrdoret kund\u00ebr arinjve. Po ashtu, Balliu tha\u2026","rel":"","context":"In &quot;Blogu i Udh\u00ebtarit&quot;","block_context":{"text":"Blogu i Udh\u00ebtarit","link":"https:\/\/www.shqiperia.com\/blog\/category\/blogu-i-udhetarit\/"},"img":{"alt_text":"","src":"https:\/\/i0.wp.com\/www.shqiperia.com\/blog\/wp-content\/uploads\/2026\/04\/Kukes-protesta-okok-2.jpeg?fit=1068%2C712&ssl=1&resize=350%2C200","width":350,"height":200,"srcset":"https:\/\/i0.wp.com\/www.shqiperia.com\/blog\/wp-content\/uploads\/2026\/04\/Kukes-protesta-okok-2.jpeg?fit=1068%2C712&ssl=1&resize=350%2C200 1x, https:\/\/i0.wp.com\/www.shqiperia.com\/blog\/wp-content\/uploads\/2026\/04\/Kukes-protesta-okok-2.jpeg?fit=1068%2C712&ssl=1&resize=525%2C300 1.5x, https:\/\/i0.wp.com\/www.shqiperia.com\/blog\/wp-content\/uploads\/2026\/04\/Kukes-protesta-okok-2.jpeg?fit=1068%2C712&ssl=1&resize=700%2C400 2x, https:\/\/i0.wp.com\/www.shqiperia.com\/blog\/wp-content\/uploads\/2026\/04\/Kukes-protesta-okok-2.jpeg?fit=1068%2C712&ssl=1&resize=1050%2C600 3x"},"classes":[]}],"_links":{"self":[{"href":"https:\/\/www.shqiperia.com\/blog\/wp-json\/wp\/v2\/posts\/20833","targetHints":{"allow":["GET"]}}],"collection":[{"href":"https:\/\/www.shqiperia.com\/blog\/wp-json\/wp\/v2\/posts"}],"about":[{"href":"https:\/\/www.shqiperia.com\/blog\/wp-json\/wp\/v2\/types\/post"}],"author":[{"embeddable":true,"href":"https:\/\/www.shqiperia.com\/blog\/wp-json\/wp\/v2\/users\/9"}],"replies":[{"embeddable":true,"href":"https:\/\/www.shqiperia.com\/blog\/wp-json\/wp\/v2\/comments?post=20833"}],"version-history":[{"count":1,"href":"https:\/\/www.shqiperia.com\/blog\/wp-json\/wp\/v2\/posts\/20833\/revisions"}],"predecessor-version":[{"id":20835,"href":"https:\/\/www.shqiperia.com\/blog\/wp-json\/wp\/v2\/posts\/20833\/revisions\/20835"}],"wp:featuredmedia":[{"embeddable":true,"href":"https:\/\/www.shqiperia.com\/blog\/wp-json\/wp\/v2\/media\/20834"}],"wp:attachment":[{"href":"https:\/\/www.shqiperia.com\/blog\/wp-json\/wp\/v2\/media?parent=20833"}],"wp:term":[{"taxonomy":"category","embeddable":true,"href":"https:\/\/www.shqiperia.com\/blog\/wp-json\/wp\/v2\/categories?post=20833"},{"taxonomy":"post_tag","embeddable":true,"href":"https:\/\/www.shqiperia.com\/blog\/wp-json\/wp\/v2\/tags?post=20833"}],"curies":[{"name":"wp","href":"https:\/\/api.w.org\/{rel}","templated":true}]}}