{"id":20828,"date":"2019-05-07T09:08:41","date_gmt":"2019-05-07T09:08:41","guid":{"rendered":"http:\/\/www.shqiperia.com\/blog\/?p=20828"},"modified":"2019-05-07T09:08:41","modified_gmt":"2019-05-07T09:08:41","slug":"kapedan-i-ff-gjirokaster-2015-gjok-nonaj","status":"publish","type":"post","link":"https:\/\/www.shqiperia.com\/blog\/kapedan-i-ff-gjirokaster-2015-gjok-nonaj\/","title":{"rendered":"&#8220;KAPEDAN&#8221; i FF Gjirokaster 2015, Gjok Nonaj. &#8211;"},"content":{"rendered":"<p><img data-recalc-dims=\"1\" loading=\"lazy\" decoding=\"async\" data-attachment-id=\"20829\" data-permalink=\"https:\/\/www.shqiperia.com\/blog\/kapedan-i-ff-gjirokaster-2015-gjok-nonaj\/gjok-nonaj-3\/\" data-orig-file=\"https:\/\/i0.wp.com\/www.shqiperia.com\/blog\/wp-content\/uploads\/2019\/05\/Gjok-Nonaj.jpg?fit=272%2C158&amp;ssl=1\" data-orig-size=\"272,158\" data-comments-opened=\"1\" data-image-meta=\"{&quot;aperture&quot;:&quot;0&quot;,&quot;credit&quot;:&quot;&quot;,&quot;camera&quot;:&quot;&quot;,&quot;caption&quot;:&quot;&quot;,&quot;created_timestamp&quot;:&quot;0&quot;,&quot;copyright&quot;:&quot;&quot;,&quot;focal_length&quot;:&quot;0&quot;,&quot;iso&quot;:&quot;0&quot;,&quot;shutter_speed&quot;:&quot;0&quot;,&quot;title&quot;:&quot;&quot;,&quot;orientation&quot;:&quot;0&quot;}\" data-image-title=\"Gjok Nonaj\" data-image-description=\"\" data-image-caption=\"\" data-medium-file=\"https:\/\/i0.wp.com\/www.shqiperia.com\/blog\/wp-content\/uploads\/2019\/05\/Gjok-Nonaj.jpg?fit=272%2C158&amp;ssl=1\" data-large-file=\"https:\/\/i0.wp.com\/www.shqiperia.com\/blog\/wp-content\/uploads\/2019\/05\/Gjok-Nonaj.jpg?fit=272%2C158&amp;ssl=1\" class=\"alignnone  wp-image-20829\" alt=\"\" src=\"https:\/\/i0.wp.com\/www.shqiperia.com\/blog\/wp-content\/uploads\/2019\/05\/Gjok-Nonaj.jpg?resize=460%2C267\" width=\"460\" height=\"267\" \/><\/p>\n<p>&#8220;KAPEDAN&#8221; i FF Gjirokaster 2015, Gjok Nonaj. &#8211;<\/p>\n<p>Ja njeri prej te \u201cDekretuarve\u201d me titullin &#8220;KAPEDAN&#8221; i FF Gjirokaster 2015. As kush nuk e din, se si u dekretua, por te gjithe jane te bindur, se dekretimi eshte legjitim.<\/p>\n<div id=\"attachment_20830\" style=\"width: 478px\" class=\"wp-caption alignnone\"><img data-recalc-dims=\"1\" loading=\"lazy\" decoding=\"async\" aria-describedby=\"caption-attachment-20830\" data-attachment-id=\"20830\" data-permalink=\"https:\/\/www.shqiperia.com\/blog\/kapedan-i-ff-gjirokaster-2015-gjok-nonaj\/gjok-nonaj-2-2\/\" data-orig-file=\"https:\/\/i0.wp.com\/www.shqiperia.com\/blog\/wp-content\/uploads\/2019\/05\/Gjok-Nonaj-2.jpg?fit=204%2C231&amp;ssl=1\" data-orig-size=\"204,231\" data-comments-opened=\"1\" data-image-meta=\"{&quot;aperture&quot;:&quot;0&quot;,&quot;credit&quot;:&quot;&quot;,&quot;camera&quot;:&quot;&quot;,&quot;caption&quot;:&quot;&quot;,&quot;created_timestamp&quot;:&quot;0&quot;,&quot;copyright&quot;:&quot;&quot;,&quot;focal_length&quot;:&quot;0&quot;,&quot;iso&quot;:&quot;0&quot;,&quot;shutter_speed&quot;:&quot;0&quot;,&quot;title&quot;:&quot;&quot;,&quot;orientation&quot;:&quot;0&quot;}\" data-image-title=\"Gjok Nonaj (2)\" data-image-description=\"\" data-image-caption=\"&lt;p&gt;Gjok Nonaj&lt;\/p&gt;\n\" data-medium-file=\"https:\/\/i0.wp.com\/www.shqiperia.com\/blog\/wp-content\/uploads\/2019\/05\/Gjok-Nonaj-2.jpg?fit=204%2C231&amp;ssl=1\" data-large-file=\"https:\/\/i0.wp.com\/www.shqiperia.com\/blog\/wp-content\/uploads\/2019\/05\/Gjok-Nonaj-2.jpg?fit=204%2C231&amp;ssl=1\" class=\" wp-image-20830\" alt=\"\" src=\"https:\/\/i0.wp.com\/www.shqiperia.com\/blog\/wp-content\/uploads\/2019\/05\/Gjok-Nonaj-2.jpg?resize=468%2C530\" width=\"468\" height=\"530\" \/><p id=\"caption-attachment-20830\" class=\"wp-caption-text\">Gjok Nonaj<\/p><\/div>\n<p>Kane enigma keta titujt etnokulturor. Nuk fitohen as me miq dhe as me para.<\/p>\n<div id=\"attachment_20831\" style=\"width: 827px\" class=\"wp-caption alignnone\"><img data-recalc-dims=\"1\" loading=\"lazy\" decoding=\"async\" aria-describedby=\"caption-attachment-20831\" data-attachment-id=\"20831\" data-permalink=\"https:\/\/www.shqiperia.com\/blog\/kapedan-i-ff-gjirokaster-2015-gjok-nonaj\/famija-nonaj-me-insrtumenta-folklorike-lahute-e-cifteli-800x450\/\" data-orig-file=\"https:\/\/i0.wp.com\/www.shqiperia.com\/blog\/wp-content\/uploads\/2019\/05\/Famija-Nonaj-me-insrtumenta-folklorike-lahute-e-cifteli-800x450.jpg?fit=800%2C450&amp;ssl=1\" data-orig-size=\"800,450\" data-comments-opened=\"1\" data-image-meta=\"{&quot;aperture&quot;:&quot;0&quot;,&quot;credit&quot;:&quot;&quot;,&quot;camera&quot;:&quot;&quot;,&quot;caption&quot;:&quot;&quot;,&quot;created_timestamp&quot;:&quot;0&quot;,&quot;copyright&quot;:&quot;&quot;,&quot;focal_length&quot;:&quot;0&quot;,&quot;iso&quot;:&quot;0&quot;,&quot;shutter_speed&quot;:&quot;0&quot;,&quot;title&quot;:&quot;&quot;,&quot;orientation&quot;:&quot;0&quot;}\" data-image-title=\"Famija-Nonaj-me-insrtumenta-folklorike-lahute-e-cifteli-800&#215;450\" data-image-description=\"\" data-image-caption=\"&lt;p&gt;Famija-Nonaj-me-insrtumenta-folklorike-lahute-e-cifteli&lt;\/p&gt;\n\" data-medium-file=\"https:\/\/i0.wp.com\/www.shqiperia.com\/blog\/wp-content\/uploads\/2019\/05\/Famija-Nonaj-me-insrtumenta-folklorike-lahute-e-cifteli-800x450.jpg?fit=300%2C169&amp;ssl=1\" data-large-file=\"https:\/\/i0.wp.com\/www.shqiperia.com\/blog\/wp-content\/uploads\/2019\/05\/Famija-Nonaj-me-insrtumenta-folklorike-lahute-e-cifteli-800x450.jpg?fit=800%2C450&amp;ssl=1\" class=\" wp-image-20831\" alt=\"\" src=\"https:\/\/i0.wp.com\/www.shqiperia.com\/blog\/wp-content\/uploads\/2019\/05\/Famija-Nonaj-me-insrtumenta-folklorike-lahute-e-cifteli-800x450-300x169.jpg?resize=817%2C460\" width=\"817\" height=\"460\" srcset=\"https:\/\/i0.wp.com\/www.shqiperia.com\/blog\/wp-content\/uploads\/2019\/05\/Famija-Nonaj-me-insrtumenta-folklorike-lahute-e-cifteli-800x450.jpg?resize=300%2C169&amp;ssl=1 300w, https:\/\/i0.wp.com\/www.shqiperia.com\/blog\/wp-content\/uploads\/2019\/05\/Famija-Nonaj-me-insrtumenta-folklorike-lahute-e-cifteli-800x450.jpg?resize=768%2C432&amp;ssl=1 768w, https:\/\/i0.wp.com\/www.shqiperia.com\/blog\/wp-content\/uploads\/2019\/05\/Famija-Nonaj-me-insrtumenta-folklorike-lahute-e-cifteli-800x450.jpg?resize=450%2C253&amp;ssl=1 450w, https:\/\/i0.wp.com\/www.shqiperia.com\/blog\/wp-content\/uploads\/2019\/05\/Famija-Nonaj-me-insrtumenta-folklorike-lahute-e-cifteli-800x450.jpg?resize=600%2C338&amp;ssl=1 600w, https:\/\/i0.wp.com\/www.shqiperia.com\/blog\/wp-content\/uploads\/2019\/05\/Famija-Nonaj-me-insrtumenta-folklorike-lahute-e-cifteli-800x450.jpg?resize=400%2C225&amp;ssl=1 400w, https:\/\/i0.wp.com\/www.shqiperia.com\/blog\/wp-content\/uploads\/2019\/05\/Famija-Nonaj-me-insrtumenta-folklorike-lahute-e-cifteli-800x450.jpg?resize=800%2C450&amp;ssl=1 800w\" sizes=\"auto, (max-width: 817px) 100vw, 817px\" \/><p id=\"caption-attachment-20831\" class=\"wp-caption-text\">Famija-Nonaj-me-insrtumenta-folklorike-lahute-e-cifteli<\/p><\/div>\n","protected":false},"excerpt":{"rendered":"<p>&#8220;KAPEDAN&#8221; i FF Gjirokaster 2015, Gjok Nonaj. &#8211; Ja njeri prej te \u201cDekretuarve\u201d me titullin &#8220;KAPEDAN&#8221; i FF Gjirokaster 2015. As kush nuk e din, se si u dekretua, por te gjithe jane te bindur, se dekretimi eshte legjitim. Kane enigma keta titujt etnokulturor. Nuk fitohen as me miq dhe as me para.<\/p>\n","protected":false},"author":9,"featured_media":20829,"comment_status":"open","ping_status":"open","sticky":false,"template":"","format":"standard","meta":{"jetpack_post_was_ever_published":false,"_jetpack_newsletter_access":"","_jetpack_dont_email_post_to_subs":false,"_jetpack_newsletter_tier_id":0,"_jetpack_memberships_contains_paywalled_content":false,"_jetpack_memberships_contains_paid_content":false,"footnotes":"","jetpack_publicize_message":"","jetpack_publicize_feature_enabled":true,"jetpack_social_post_already_shared":true,"jetpack_social_options":{"image_generator_settings":{"template":"highway","default_image_id":0,"font":"","enabled":false},"version":2}},"categories":[85,10,86],"tags":[],"class_list":["post-20828","post","type-post","status-publish","format-standard","has-post-thumbnail","hentry","category-histori","category-kultura","category-trashegimi-kulturore"],"jetpack_publicize_connections":[],"jetpack_featured_media_url":"https:\/\/i0.wp.com\/www.shqiperia.com\/blog\/wp-content\/uploads\/2019\/05\/Gjok-Nonaj.jpg?fit=272%2C158&ssl=1","jetpack_sharing_enabled":true,"jetpack_shortlink":"https:\/\/wp.me\/p5Z6wp-5pW","jetpack-related-posts":[{"id":7185,"url":"https:\/\/www.shqiperia.com\/blog\/lahutari-gjok-nonaj-eshte-vleresuar-rapsodi-me-i-vjeter-ne-evrope\/","url_meta":{"origin":20828,"position":0},"title":"Lahutari Gjok Nonaj eshte vler\u00ebsuar rapsodi m\u00eb i vjet\u00ebr n\u00eb Evrop\u00eb.-","author":"Kurt Farka","date":"May 7, 2018","format":false,"excerpt":"Lahutari Gjok Nonaj eshte vler\u00ebsuar rapsodi m\u00eb i vjet\u00ebr n\u00eb Evrop\u00eb. N\u00eb Festivalin Folklorik t\u00eb Gjirokastr\u00ebs q\u00eb u mbajt n\u00eb 2015, lahutari Gjok Nonaj ishte bart\u00ebsi m\u00eb i vjet\u00ebr q\u00eb k\u00ebndoi n\u00eb sken\u00ebn shqiptare, madje vler\u00ebsuar rapsodi m\u00eb i vjet\u00ebr n\u00eb Evrop\u00eb e m\u00eb gjer\u00eb.\u00a0 Nonaj ishte 10 vje\u00e7 kur\u2026","rel":"","context":"In &quot;Arte&quot;","block_context":{"text":"Arte","link":"https:\/\/www.shqiperia.com\/blog\/category\/arte\/"},"img":{"alt_text":"","src":"https:\/\/i0.wp.com\/www.shqiperia.com\/blog\/wp-content\/uploads\/2018\/05\/maxresdefault.jpg?fit=1200%2C632&ssl=1&resize=350%2C200","width":350,"height":200,"srcset":"https:\/\/i0.wp.com\/www.shqiperia.com\/blog\/wp-content\/uploads\/2018\/05\/maxresdefault.jpg?fit=1200%2C632&ssl=1&resize=350%2C200 1x, https:\/\/i0.wp.com\/www.shqiperia.com\/blog\/wp-content\/uploads\/2018\/05\/maxresdefault.jpg?fit=1200%2C632&ssl=1&resize=525%2C300 1.5x, https:\/\/i0.wp.com\/www.shqiperia.com\/blog\/wp-content\/uploads\/2018\/05\/maxresdefault.jpg?fit=1200%2C632&ssl=1&resize=700%2C400 2x, https:\/\/i0.wp.com\/www.shqiperia.com\/blog\/wp-content\/uploads\/2018\/05\/maxresdefault.jpg?fit=1200%2C632&ssl=1&resize=1050%2C600 3x"},"classes":[]},{"id":1337,"url":"https:\/\/www.shqiperia.com\/blog\/vlersimi-dhe-mirnjohje-per-lahutaren-lumturije-nonaj\/","url_meta":{"origin":20828,"position":1},"title":"Vlersimi dhe mirnjohje per Lahutaren Lumturije Nonaj","author":"Kurt Farka","date":"January 14, 2018","format":false,"excerpt":"Familja Nonaj Ministrja e Kultures zonja Mirela Kumbaro ne Lezhe me rastin e vlersimit te mirnjohjes qe i jep artistes dhe Lahutares se vetme shqiptare Lumturije Nonaj. Lumturija asht bija e Lahutari te njohur Gjok Nonaj Lahutari Gjok Nonaj Kjo tregon se shteti ka filluar ti gjeje dhe ti vlersoje\u2026","rel":"","context":"In &quot;Blogu i Udh\u00ebtarit&quot;","block_context":{"text":"Blogu i Udh\u00ebtarit","link":"https:\/\/www.shqiperia.com\/blog\/category\/blogu-i-udhetarit\/"},"img":{"alt_text":"","src":"https:\/\/i0.wp.com\/www.shqiperia.com\/blog\/wp-content\/uploads\/2018\/01\/Famijla-Nonaj.jpg?fit=400%2C225&ssl=1&resize=350%2C200","width":350,"height":200},"classes":[]},{"id":18079,"url":"https:\/\/www.shqiperia.com\/blog\/80-vjecari-qe-synon-te-mesoje-shqipen-kudo-ku-ka-shqiptare\/","url_meta":{"origin":20828,"position":2},"title":"80 vje\u00e7ari q\u00eb synon t\u00eb m\u00ebsoj\u00eb shqipen kudo ku ka shqiptar\u00eb!\u00a0\u00a0","author":"Kurt Farka","date":"March 7, 2019","format":false,"excerpt":"80 vje\u00e7ari q\u00eb synon t\u00eb m\u00ebsoj\u00eb shqipen kudo ku ka shqiptar\u00eb! \u00a0\u00a0 \u201cNuk do t\u2019i lejoj shqipar\u00ebt t\u00eb harrojn\u00eb shqipen!\u201d Ky \u00ebsht\u00eb zotimi nj\u00eb 80 vje\u00e7ari nga Tivari, i cili ka ngritur nj\u00eb shoqat\u00eb t\u00eb posa\u00e7me p\u00ebr hapjen e shkollave t\u00eb gjuh\u00ebs shqipe n\u00eb t\u00eb gjitha vendet ku ka shqiptar\u00eb,\u2026","rel":"","context":"In &quot;Blogu i Udh\u00ebtarit&quot;","block_context":{"text":"Blogu i Udh\u00ebtarit","link":"https:\/\/www.shqiperia.com\/blog\/category\/blogu-i-udhetarit\/"},"img":{"alt_text":"","src":"https:\/\/i0.wp.com\/www.shqiperia.com\/blog\/wp-content\/uploads\/2019\/03\/1524857240.jpg?fit=480%2C326&ssl=1&resize=350%2C200","width":350,"height":200},"classes":[]},{"id":19334,"url":"https:\/\/www.shqiperia.com\/blog\/fakt-i-panjohur-13-prifterinje-katolik-ishin-ne-kampin-e-tepelenes\/","url_meta":{"origin":20828,"position":3},"title":"Fakt i Panjohur: -13 Prifterinje Katolik ishin ne Kampin e Tepelenes.-","author":"Kurt Farka","date":"April 8, 2019","format":false,"excerpt":"Fakt i Panjohur: -13 Prifterinje Katolik ishin ne Kampin e Tepelenes.- Nga nje shkrim i z. Gjok Pjeter Deckaj marrim vesh, se ne Kampin e Internimit Tepelene ne vitin 1949 kane qene te internuar 13 prifterinje katolik. Kete njoftim besoi se ky autor po publikon se pari, fakt qe per\u2026","rel":"","context":"In &quot;Blogu i Udh\u00ebtarit&quot;","block_context":{"text":"Blogu i Udh\u00ebtarit","link":"https:\/\/www.shqiperia.com\/blog\/category\/blogu-i-udhetarit\/"},"img":{"alt_text":"","src":"https:\/\/i0.wp.com\/www.shqiperia.com\/blog\/wp-content\/uploads\/2019\/04\/Veper-e-piktorit-Lin-Delija-1.jpg?fit=640%2C394&ssl=1&resize=350%2C200","width":350,"height":200,"srcset":"https:\/\/i0.wp.com\/www.shqiperia.com\/blog\/wp-content\/uploads\/2019\/04\/Veper-e-piktorit-Lin-Delija-1.jpg?fit=640%2C394&ssl=1&resize=350%2C200 1x, https:\/\/i0.wp.com\/www.shqiperia.com\/blog\/wp-content\/uploads\/2019\/04\/Veper-e-piktorit-Lin-Delija-1.jpg?fit=640%2C394&ssl=1&resize=525%2C300 1.5x"},"classes":[]},{"id":51926,"url":"https:\/\/www.shqiperia.com\/blog\/nenkryetari-i-pd-gjirokaster-ben-publik-emrat-qe-kane-firmosur-per-11-dhjetorin-formularet-jane-plotesuar-nga-67-e-delegateve\/","url_meta":{"origin":20828,"position":4},"title":"N\u00ebnkryetari i PD Gjirokast\u00ebr b\u00ebn publik emrat q\u00eb kan\u00eb firmosur p\u00ebr 11 Dhjetorin: &#8211; Formular\u00ebt jan\u00eb plot\u00ebsuar nga 67% e delegat\u00ebve","author":"Kurt Farka","date":"December 2, 2021","format":false,"excerpt":"N\u00ebnkryetari i PD Gjirokast\u00ebr b\u00ebn publik emrat q\u00eb kan\u00eb firmosur p\u00ebr 11 Dhjetorin: - Formular\u00ebt jan\u00eb plot\u00ebsuar nga 67% e delegat\u00ebve 1 Dhjetor 2021 Dega e Partis\u00eb Demokratike n\u00eb Gjirokast\u00ebr ka publikuar dit\u00ebn e sotme list\u00ebn e 100 delegat\u00ebve, t\u00eb cil\u00ebt do t\u00eb marrin pjes\u00eb n\u00eb Kuvendin Komb\u00ebtar t\u00eb dat\u00ebs\u2026","rel":"","context":"In &quot;Blogu i Udh\u00ebtarit&quot;","block_context":{"text":"Blogu i Udh\u00ebtarit","link":"https:\/\/www.shqiperia.com\/blog\/category\/blogu-i-udhetarit\/"},"img":{"alt_text":"","src":"https:\/\/i0.wp.com\/www.shqiperia.com\/blog\/wp-content\/uploads\/2021\/12\/pd-gjirokaster-433x300-1.jpg?fit=433%2C255&ssl=1&resize=350%2C200","width":350,"height":200},"classes":[]},{"id":28256,"url":"https:\/\/www.shqiperia.com\/blog\/moti-i-keq-shemb-nje-pjese-te-baneses-monument-kulture-ne-gjirokaster\/","url_meta":{"origin":20828,"position":5},"title":"Moti i keq shemb nj\u00eb pjes\u00eb t\u00eb banes\u00ebs monument kulture n\u00eb Gjirokast\u00ebr. &#8211;","author":"Kurt Farka","date":"November 18, 2019","format":false,"excerpt":"Moti i keq shemb nj\u00eb pjes\u00eb t\u00eb banes\u00ebs monument kulture n\u00eb Gjirokast\u00ebr. Drejtori: - \u00cbsht\u00eb nj\u00eb godin\u00eb e kategoris\u00eb s\u00eb par\u00eb, por \u00ebsht\u00eb e braktisur prej vitesh nga pronar\u00ebt e saj. \u00cbsht\u00eb shembur n\u00eb Gjirokast\u00ebr muri an\u00ebsor i nj\u00eb banese tre kat\u00ebshe e cila \u00ebsht\u00eb monument kulture. Shembja e murit\u2026","rel":"","context":"In &quot;Histori&quot;","block_context":{"text":"Histori","link":"https:\/\/www.shqiperia.com\/blog\/category\/histori\/"},"img":{"alt_text":"","src":"https:\/\/i0.wp.com\/www.shqiperia.com\/blog\/wp-content\/uploads\/2019\/11\/Moti-i-keq-shemb-nj%C3%AB-pjes%C3%AB-t%C3%AB-banes%C3%ABs-monument-kulture-n%C3%AB-Gjirokast%C3%ABr.jpg?fit=780%2C440&ssl=1&resize=350%2C200","width":350,"height":200,"srcset":"https:\/\/i0.wp.com\/www.shqiperia.com\/blog\/wp-content\/uploads\/2019\/11\/Moti-i-keq-shemb-nj%C3%AB-pjes%C3%AB-t%C3%AB-banes%C3%ABs-monument-kulture-n%C3%AB-Gjirokast%C3%ABr.jpg?fit=780%2C440&ssl=1&resize=350%2C200 1x, https:\/\/i0.wp.com\/www.shqiperia.com\/blog\/wp-content\/uploads\/2019\/11\/Moti-i-keq-shemb-nj%C3%AB-pjes%C3%AB-t%C3%AB-banes%C3%ABs-monument-kulture-n%C3%AB-Gjirokast%C3%ABr.jpg?fit=780%2C440&ssl=1&resize=525%2C300 1.5x, https:\/\/i0.wp.com\/www.shqiperia.com\/blog\/wp-content\/uploads\/2019\/11\/Moti-i-keq-shemb-nj%C3%AB-pjes%C3%AB-t%C3%AB-banes%C3%ABs-monument-kulture-n%C3%AB-Gjirokast%C3%ABr.jpg?fit=780%2C440&ssl=1&resize=700%2C400 2x"},"classes":[]}],"_links":{"self":[{"href":"https:\/\/www.shqiperia.com\/blog\/wp-json\/wp\/v2\/posts\/20828","targetHints":{"allow":["GET"]}}],"collection":[{"href":"https:\/\/www.shqiperia.com\/blog\/wp-json\/wp\/v2\/posts"}],"about":[{"href":"https:\/\/www.shqiperia.com\/blog\/wp-json\/wp\/v2\/types\/post"}],"author":[{"embeddable":true,"href":"https:\/\/www.shqiperia.com\/blog\/wp-json\/wp\/v2\/users\/9"}],"replies":[{"embeddable":true,"href":"https:\/\/www.shqiperia.com\/blog\/wp-json\/wp\/v2\/comments?post=20828"}],"version-history":[{"count":1,"href":"https:\/\/www.shqiperia.com\/blog\/wp-json\/wp\/v2\/posts\/20828\/revisions"}],"predecessor-version":[{"id":20832,"href":"https:\/\/www.shqiperia.com\/blog\/wp-json\/wp\/v2\/posts\/20828\/revisions\/20832"}],"wp:featuredmedia":[{"embeddable":true,"href":"https:\/\/www.shqiperia.com\/blog\/wp-json\/wp\/v2\/media\/20829"}],"wp:attachment":[{"href":"https:\/\/www.shqiperia.com\/blog\/wp-json\/wp\/v2\/media?parent=20828"}],"wp:term":[{"taxonomy":"category","embeddable":true,"href":"https:\/\/www.shqiperia.com\/blog\/wp-json\/wp\/v2\/categories?post=20828"},{"taxonomy":"post_tag","embeddable":true,"href":"https:\/\/www.shqiperia.com\/blog\/wp-json\/wp\/v2\/tags?post=20828"}],"curies":[{"name":"wp","href":"https:\/\/api.w.org\/{rel}","templated":true}]}}