{"id":20825,"date":"2019-05-07T08:57:33","date_gmt":"2019-05-07T08:57:33","guid":{"rendered":"http:\/\/www.shqiperia.com\/blog\/?p=20825"},"modified":"2019-05-07T08:57:33","modified_gmt":"2019-05-07T08:57:33","slug":"emigracioni-shqiptar-ne-itali-raporti-vjetor-i-ministrise-se-punes-dhe-politikave-sociale-italiane","status":"publish","type":"post","link":"https:\/\/www.shqiperia.com\/blog\/emigracioni-shqiptar-ne-itali-raporti-vjetor-i-ministrise-se-punes-dhe-politikave-sociale-italiane\/","title":{"rendered":"Emigracioni shqiptar n\u00eb Itali. &#8211; Raporti vjetor i Ministris\u00eb s\u00eb Pun\u00ebs dhe Politikave Sociale Italiane. &#8211;"},"content":{"rendered":"<p><img data-recalc-dims=\"1\" loading=\"lazy\" decoding=\"async\" data-attachment-id=\"20826\" data-permalink=\"https:\/\/www.shqiperia.com\/blog\/emigracioni-shqiptar-ne-itali-raporti-vjetor-i-ministrise-se-punes-dhe-politikave-sociale-italiane\/1557040730_emmigrants\/\" data-orig-file=\"https:\/\/i0.wp.com\/www.shqiperia.com\/blog\/wp-content\/uploads\/2019\/05\/1557040730_emmigrants.jpg?fit=780%2C440&amp;ssl=1\" data-orig-size=\"780,440\" data-comments-opened=\"1\" data-image-meta=\"{&quot;aperture&quot;:&quot;0&quot;,&quot;credit&quot;:&quot;&quot;,&quot;camera&quot;:&quot;&quot;,&quot;caption&quot;:&quot;&quot;,&quot;created_timestamp&quot;:&quot;0&quot;,&quot;copyright&quot;:&quot;&quot;,&quot;focal_length&quot;:&quot;0&quot;,&quot;iso&quot;:&quot;0&quot;,&quot;shutter_speed&quot;:&quot;0&quot;,&quot;title&quot;:&quot;&quot;,&quot;orientation&quot;:&quot;0&quot;}\" data-image-title=\"1557040730_emmigrants\" data-image-description=\"\" data-image-caption=\"\" data-medium-file=\"https:\/\/i0.wp.com\/www.shqiperia.com\/blog\/wp-content\/uploads\/2019\/05\/1557040730_emmigrants.jpg?fit=300%2C169&amp;ssl=1\" data-large-file=\"https:\/\/i0.wp.com\/www.shqiperia.com\/blog\/wp-content\/uploads\/2019\/05\/1557040730_emmigrants.jpg?fit=780%2C440&amp;ssl=1\" class=\"alignnone  wp-image-20826\" alt=\"\" src=\"https:\/\/i0.wp.com\/www.shqiperia.com\/blog\/wp-content\/uploads\/2019\/05\/1557040730_emmigrants-300x169.jpg?resize=552%2C311\" width=\"552\" height=\"311\" srcset=\"https:\/\/i0.wp.com\/www.shqiperia.com\/blog\/wp-content\/uploads\/2019\/05\/1557040730_emmigrants.jpg?resize=300%2C169&amp;ssl=1 300w, https:\/\/i0.wp.com\/www.shqiperia.com\/blog\/wp-content\/uploads\/2019\/05\/1557040730_emmigrants.jpg?resize=768%2C433&amp;ssl=1 768w, https:\/\/i0.wp.com\/www.shqiperia.com\/blog\/wp-content\/uploads\/2019\/05\/1557040730_emmigrants.jpg?resize=450%2C254&amp;ssl=1 450w, https:\/\/i0.wp.com\/www.shqiperia.com\/blog\/wp-content\/uploads\/2019\/05\/1557040730_emmigrants.jpg?resize=600%2C338&amp;ssl=1 600w, https:\/\/i0.wp.com\/www.shqiperia.com\/blog\/wp-content\/uploads\/2019\/05\/1557040730_emmigrants.jpg?resize=400%2C226&amp;ssl=1 400w, https:\/\/i0.wp.com\/www.shqiperia.com\/blog\/wp-content\/uploads\/2019\/05\/1557040730_emmigrants.jpg?w=780&amp;ssl=1 780w\" sizes=\"auto, (max-width: 552px) 100vw, 552px\" \/><\/p>\n<p><strong>Emigracioni shqiptar n\u00eb Itali. &#8211; Raporti vjetor i Ministris\u00eb s\u00eb Pun\u00ebs dhe Politikave Sociale Italiane. &#8211;<\/strong><\/p>\n<p><em>Ministria Italiane e Pun\u00ebs dhe Politikave Sociale botoi raportin vjetor p\u00ebr emigracionin n\u00eb p\u00ebrgjith\u00ebsi dhe p\u00ebr emigracionin me origjin\u00eb shqiptare n\u00eb ve\u00e7anti. Rezultatet p\u00ebrshkruajn\u00eb nj\u00eb komunitet t\u00eb integruar, q\u00eb jep kontributin e vet duke ruajtur identitetin dhe lidhjet me v\u00ebndin e origjin\u00ebs.<\/em><\/p>\n<p>Nga: <a href=\"https:\/\/shqiptarja.com\/autori\/473\">Fabiola Ismaili\u00a0<\/a><\/p>\n<p>N\u00eb 21 mars Ministria Italiane e Pun\u00ebs dhe Politikave Sociale botoi raportin vjetor p\u00ebr emigracionin n\u00eb p\u00ebrgjith\u00ebsi dhe p\u00ebr emigracionin me origjin\u00eb shqiptare n\u00eb ve\u00e7anti. Rezultatet p\u00ebrshkruajn\u00eb nj\u00eb komunitet t\u00eb integruar, q\u00eb jep kontributin e vet duke ruajtur identitetin dhe lidhjet me v\u00ebndin e origjin\u00ebs. N\u00eb 1 janar 2018 shtetasit me origjin\u00eb shqiptare n\u00eb Itali rezultonin t\u00eb ishin 430.340 vet\u00eb dhe perfaq\u00ebsonin 11,6% t\u00eb shtetasve t\u00eb huaj, duke u renditur n\u00eb vendin e dyt\u00eb p\u00ebr num\u00ebr prezencash.<\/p>\n<p>Niveli i pun\u00ebsimit t\u00eb shtetasve me origjin\u00eb shqiptare \u00ebsht\u00eb 53,8% dhe pjesa m\u00eb e madhe e tyre banon n\u00eb veri t\u00eb Italis\u00eb. Nj\u00eb tregues i r\u00ebnd\u00ebsish\u00ebm \u00ebsht\u00eb ai i emigrant\u00ebve me origjin\u00eb shqiptare titullar\u00eb t\u00eb shoq\u00ebrive private.<br \/>\nRaporti flet p\u00ebr nj\u00eb komunitet t\u00eb integruar q\u00eb ka hedhur baza t\u00eb forta n\u00eb shoq\u00ebri, nj\u00eb komunitet i ri n\u00eb mosh\u00eb, meq\u00ebn\u00ebse 44,5% e pjes\u00ebtar\u00ebve jan\u00eb n\u00ebn 30 vjec dhe nj\u00eb num\u00ebr i madh i familjeve kan\u00eb f\u00ebmij\u00eb.<br \/>\nAnaliza e koh\u00ebzgjatjes s\u00eb lejeve t\u00eb q\u00ebndrimit \u00ebsht\u00eb treguesi kryesor i stabilizimit t\u00eb komunitetit shqiptar n\u00eb Itali dhe 71,3% e k\u00ebtyre lejeve nuk ka m\u00eb nevoj\u00eb per rinovim. Tendenca kryesore \u00ebsht\u00eb stabilizimi n\u00eb territorin italian n\u00ebp\u00ebrmjet fitimit t\u00eb n\u00ebnshtet\u00ebsis\u00eb.<\/p>\n<p>N\u00eb 2017 ky num\u00ebr arriti t\u00eb jet\u00eb nj\u00eb nga m\u00eb t\u00eb lart\u00ebt n\u00eb krahasim me komunitetet e tjera me rreth 27.112 nj\u00ebsi.<br \/>\nNj\u00eb e dh\u00ebn\u00eb negative q\u00eb b\u00ebn pjes\u00eb n\u00eb k\u00ebt\u00eb analiz\u00eb \u00ebsht\u00eb ajo e t\u00eb miturve t\u00eb pashoq\u00ebruar, t\u00eb cil\u00ebt vendosen n\u00eb strukturat e krijuara p\u00ebr k\u00ebt\u00eb q\u00ebllim. Ky num\u00ebr n\u00eb gusht t\u00eb 2018 ishte m\u00eb i larti nga t\u00eb gjitha komunitetet, me 1.497 t\u00eb mitur, t\u00eb cil\u00ebt jan\u00eb l\u00ebn\u00eb prej prinderve n\u00eb bashkit\u00eb italiane p\u00ebr t\u00eb p\u00ebrfituar nga arsimimi dhe dokumentat p\u00ebr leje q\u00ebndrimi n\u00eb m\u00ebnyr\u00eb te paligjshme. N\u00eb vitet e fundit disa prokurori kan\u00eb filluar hetimet si ndaj t\u00eb miturve ashtu dhe ndaj prind\u00ebrve te tyre p\u00ebr mashtrim.<\/p>\n<p>P\u00ebrsa i p\u00ebrket arsimit universitar komuniteti yn\u00eb n\u00eb Itali q\u00ebndron n\u00eb v\u00ebnd t\u00eb par\u00eb p\u00ebr numrin e t\u00eb rregjistruarve me rreth 9.609 student\u00eb. Dhe pse n\u00eb ulje gjat\u00eb vitit t\u00eb fundit p\u00ebr shkak t\u00eb fitimit t\u00eb n\u00ebnshtet\u00ebsis\u00eb italiane, ky numer flet p\u00ebr nj\u00eb nivel t\u00eb lart\u00eb te formimit t\u00eb t\u00eb rinjve me origjin\u00eb shqiptare.<br \/>\nPjesa m\u00eb e madhe e t\u00eb pun\u00ebsuarve rregjistrohet n\u00eb fushat e nd\u00ebrtimit dhe at\u00eb t\u00eb sh\u00ebrbimeve, kurse 5% e t\u00eb gjith\u00eb te pun\u00ebsuarve jan\u00eb profesionist\u00eb ose drejtues. Ky i fundit \u00ebsht\u00eb nj\u00eb nga m\u00eb t\u00eb lart\u00ebt n\u00eb Itali n\u00eb rradh\u00ebt e t\u00eb huajve dhe pa dyshim motiv krenarie p\u00ebr t\u00eb gjith\u00eb ne.<\/p>\n<p>Emigrant\u00ebt me origjin\u00eb shqiptare kan\u00eb kontribuar n\u00eb vitin e fundit me rreth 128 milion \u20ac d\u00ebrgesa parash ndaj familjeve ne Shqip\u00ebri. Gjithashtu, dhe pa u shtyr\u00eb m\u00eb tutje me numra e statistika, komuniteti yn\u00eb ne Itali renditet n\u00eb v\u00ebndin e par\u00eb p\u00ebr p\u00ebrdorimin e llogarive bankare.<\/p>\n<p>Analiza \u00ebsht\u00eb nj\u00eb pasqyr\u00eb e plot\u00eb e gj\u00ebndjes s\u00eb emigracionit me origjin\u00eb shqiptare dhe p\u00ebrshkruan nj\u00eb komunitet t\u00eb stabilizuar, pun\u00ebtor e t\u00eb integruar n\u00eb Itali, dhe pa diskutim eshte motiv krenarie p\u00ebr kontributin q\u00eb po japim si n\u00eb vendin e origjines dhe ne at\u00eb t\u00eb banimit.<\/p>\n<p><img data-recalc-dims=\"1\" loading=\"lazy\" decoding=\"async\" data-attachment-id=\"20826\" data-permalink=\"https:\/\/www.shqiperia.com\/blog\/emigracioni-shqiptar-ne-itali-raporti-vjetor-i-ministrise-se-punes-dhe-politikave-sociale-italiane\/1557040730_emmigrants\/\" data-orig-file=\"https:\/\/i0.wp.com\/www.shqiperia.com\/blog\/wp-content\/uploads\/2019\/05\/1557040730_emmigrants.jpg?fit=780%2C440&amp;ssl=1\" data-orig-size=\"780,440\" data-comments-opened=\"1\" data-image-meta=\"{&quot;aperture&quot;:&quot;0&quot;,&quot;credit&quot;:&quot;&quot;,&quot;camera&quot;:&quot;&quot;,&quot;caption&quot;:&quot;&quot;,&quot;created_timestamp&quot;:&quot;0&quot;,&quot;copyright&quot;:&quot;&quot;,&quot;focal_length&quot;:&quot;0&quot;,&quot;iso&quot;:&quot;0&quot;,&quot;shutter_speed&quot;:&quot;0&quot;,&quot;title&quot;:&quot;&quot;,&quot;orientation&quot;:&quot;0&quot;}\" data-image-title=\"1557040730_emmigrants\" data-image-description=\"\" data-image-caption=\"\" data-medium-file=\"https:\/\/i0.wp.com\/www.shqiperia.com\/blog\/wp-content\/uploads\/2019\/05\/1557040730_emmigrants.jpg?fit=300%2C169&amp;ssl=1\" data-large-file=\"https:\/\/i0.wp.com\/www.shqiperia.com\/blog\/wp-content\/uploads\/2019\/05\/1557040730_emmigrants.jpg?fit=780%2C440&amp;ssl=1\" class=\"alignnone  wp-image-20826\" alt=\"\" src=\"https:\/\/i0.wp.com\/www.shqiperia.com\/blog\/wp-content\/uploads\/2019\/05\/1557040730_emmigrants-300x169.jpg?resize=786%2C443\" width=\"786\" height=\"443\" srcset=\"https:\/\/i0.wp.com\/www.shqiperia.com\/blog\/wp-content\/uploads\/2019\/05\/1557040730_emmigrants.jpg?resize=300%2C169&amp;ssl=1 300w, https:\/\/i0.wp.com\/www.shqiperia.com\/blog\/wp-content\/uploads\/2019\/05\/1557040730_emmigrants.jpg?resize=768%2C433&amp;ssl=1 768w, https:\/\/i0.wp.com\/www.shqiperia.com\/blog\/wp-content\/uploads\/2019\/05\/1557040730_emmigrants.jpg?resize=450%2C254&amp;ssl=1 450w, https:\/\/i0.wp.com\/www.shqiperia.com\/blog\/wp-content\/uploads\/2019\/05\/1557040730_emmigrants.jpg?resize=600%2C338&amp;ssl=1 600w, https:\/\/i0.wp.com\/www.shqiperia.com\/blog\/wp-content\/uploads\/2019\/05\/1557040730_emmigrants.jpg?resize=400%2C226&amp;ssl=1 400w, https:\/\/i0.wp.com\/www.shqiperia.com\/blog\/wp-content\/uploads\/2019\/05\/1557040730_emmigrants.jpg?w=780&amp;ssl=1 780w\" sizes=\"auto, (max-width: 786px) 100vw, 786px\" \/><\/p>\n<p>Gazeta Shqiptarja.com<\/p>\n","protected":false},"excerpt":{"rendered":"<p>Emigracioni shqiptar n\u00eb Itali. &#8211; Raporti vjetor i Ministris\u00eb s\u00eb Pun\u00ebs dhe Politikave Sociale Italiane. &#8211; Ministria Italiane e Pun\u00ebs dhe Politikave Sociale botoi raportin vjetor p\u00ebr emigracionin n\u00eb p\u00ebrgjith\u00ebsi dhe p\u00ebr emigracionin me origjin\u00eb shqiptare n\u00eb ve\u00e7anti. Rezultatet p\u00ebrshkruajn\u00eb nj\u00eb komunitet t\u00eb integruar, q\u00eb jep kontributin e vet duke ruajtur identitetin dhe lidhjet me [&hellip;]<\/p>\n","protected":false},"author":9,"featured_media":20826,"comment_status":"open","ping_status":"open","sticky":false,"template":"","format":"standard","meta":{"jetpack_post_was_ever_published":false,"_jetpack_newsletter_access":"","_jetpack_dont_email_post_to_subs":false,"_jetpack_newsletter_tier_id":0,"_jetpack_memberships_contains_paywalled_content":false,"_jetpack_memberships_contains_paid_content":false,"footnotes":"","jetpack_publicize_message":"","jetpack_publicize_feature_enabled":true,"jetpack_social_post_already_shared":true,"jetpack_social_options":{"image_generator_settings":{"template":"highway","default_image_id":0,"font":"","enabled":false},"version":2}},"categories":[27,2,35],"tags":[],"class_list":["post-20825","post","type-post","status-publish","format-standard","has-post-thumbnail","hentry","category-blogu-i-udhetarit","category-politika","category-shoqerore"],"jetpack_publicize_connections":[],"jetpack_featured_media_url":"https:\/\/i0.wp.com\/www.shqiperia.com\/blog\/wp-content\/uploads\/2019\/05\/1557040730_emmigrants.jpg?fit=780%2C440&ssl=1","jetpack_sharing_enabled":true,"jetpack_shortlink":"https:\/\/wp.me\/p5Z6wp-5pT","jetpack-related-posts":[{"id":56475,"url":"https:\/\/www.shqiperia.com\/blog\/ekskluzive-raporti-i-antimafias-parate-e-mafias-ne-shqiperi-ndragheta-e-perfshire-ne-disa-sektore-te-ekonomise\/","url_meta":{"origin":20825,"position":0},"title":"Ekskluzive\/ RAPORTI I ANTIMAFIAS: &#8211; Parat\u00eb e mafias n\u00eb Shqip\u00ebri, Ndragheta e p\u00ebrfshir\u00eb n\u00eb disa sektor\u00eb t\u00eb ekonomis\u00eb","author":"Kurt Farka","date":"April 8, 2022","format":false,"excerpt":"Ekskluzive\/ RAPORTI I ANTIMAFIAS: - Parat\u00eb e mafias n\u00eb Shqip\u00ebri, Ndragheta e p\u00ebrfshir\u00eb n\u00eb disa sektor\u00eb t\u00eb ekonomis\u00eb Nga Alba Kepi 7 Prill 2022 Raporti i fundit i Antimafias italiane p\u00ebr vitin 2021 evidenton p\u00ebrfshirjen e grupeve autoktone t\u00eb Ndraghetas n\u00eb sektor\u00ebt e ekonomis\u00eb n\u00eb shtetin fqinj, por edhe n\u00eb\u2026","rel":"","context":"In &quot;Blogu i Udh\u00ebtarit&quot;","block_context":{"text":"Blogu i Udh\u00ebtarit","link":"https:\/\/www.shqiperia.com\/blog\/category\/blogu-i-udhetarit\/"},"img":{"alt_text":"","src":"https:\/\/i0.wp.com\/www.shqiperia.com\/blog\/wp-content\/uploads\/2022\/04\/600-388-a8cfc9dec427b03c92c29aca2f1e20f6.png?fit=600%2C388&ssl=1&resize=350%2C200","width":350,"height":200,"srcset":"https:\/\/i0.wp.com\/www.shqiperia.com\/blog\/wp-content\/uploads\/2022\/04\/600-388-a8cfc9dec427b03c92c29aca2f1e20f6.png?fit=600%2C388&ssl=1&resize=350%2C200 1x, https:\/\/i0.wp.com\/www.shqiperia.com\/blog\/wp-content\/uploads\/2022\/04\/600-388-a8cfc9dec427b03c92c29aca2f1e20f6.png?fit=600%2C388&ssl=1&resize=525%2C300 1.5x"},"classes":[]},{"id":97002,"url":"https:\/\/www.shqiperia.com\/blog\/nje-e-katerta-e-shqiptareve-me-arsim-te-larte-jane-larguar-ja-cfare-thote-raporti-i-berzh\/","url_meta":{"origin":20825,"position":1},"title":"Nj\u00eb e kat\u00ebrta e shqiptar\u00ebve me arsim t\u00eb lart\u00eb jan\u00eb larguar, ja \u00e7far\u00eb thot\u00eb raporti i BERZH","author":"Kurt Farka","date":"January 27, 2026","format":false,"excerpt":"27 Janar 2026 Raporti i Tranzicionit 2025\u201326 i Bank\u00ebs Europiane p\u00ebr Rind\u00ebrtim dhe Zhvillim (BERZH): \u201cNj\u00eb bot\u00eb e vjet\u00ebr, por m\u00eb e guximshme\u201d, i cili do t\u00eb prezantohet sot n\u00eb ambientet e Bank\u00ebs s\u00eb Shqip\u00ebris\u00eb e v\u00eb fokusin tek emigracioni, i cili \u00ebsht\u00eb b\u00ebr\u00eb mjaft shqet\u00ebsues n\u00eb vend dhe nuk\u2026","rel":"","context":"In &quot;Blogu i Udh\u00ebtarit&quot;","block_context":{"text":"Blogu i Udh\u00ebtarit","link":"https:\/\/www.shqiperia.com\/blog\/category\/blogu-i-udhetarit\/"},"img":{"alt_text":"","src":"https:\/\/i0.wp.com\/www.shqiperia.com\/blog\/wp-content\/uploads\/2026\/01\/emigrimi-i-te-arsimuarve.webp?fit=920%2C576&ssl=1&resize=350%2C200","width":350,"height":200,"srcset":"https:\/\/i0.wp.com\/www.shqiperia.com\/blog\/wp-content\/uploads\/2026\/01\/emigrimi-i-te-arsimuarve.webp?fit=920%2C576&ssl=1&resize=350%2C200 1x, https:\/\/i0.wp.com\/www.shqiperia.com\/blog\/wp-content\/uploads\/2026\/01\/emigrimi-i-te-arsimuarve.webp?fit=920%2C576&ssl=1&resize=525%2C300 1.5x, https:\/\/i0.wp.com\/www.shqiperia.com\/blog\/wp-content\/uploads\/2026\/01\/emigrimi-i-te-arsimuarve.webp?fit=920%2C576&ssl=1&resize=700%2C400 2x"},"classes":[]},{"id":59259,"url":"https:\/\/www.shqiperia.com\/blog\/komisioni-europian-apel-shqiperise-kujdes-me-politikat-fiskale-ppp-te-dhe-stabilizimin-e-cmimeve\/","url_meta":{"origin":20825,"position":2},"title":"Komisioni Europian apel Shqip\u00ebris\u00eb: &#8211; Kujdes me politikat fiskale, PPP-t\u00eb dhe stabilizimin e \u00e7mimeve","author":"Kurt Farka","date":"June 23, 2022","format":false,"excerpt":"23.06.22 Komisioni Europian n\u00eb raportin e sapopublikuar p\u00ebr vendet kandidate p\u00ebr n\u00eb BE, thekson se nj\u00eb nd\u00ebr sfidat kryesore t\u00eb Shqip\u00ebris\u00eb \u00ebsht\u00eb konsolidimi i politikave fiskale si faktor\u00eb t\u00eb rim\u00ebk\u00ebmbjes ekonomike, p\u00ebr t\u2019u rezistuar goditjeve t\u00eb m\u00ebdha. Rekomandimi i dyt\u00eb i referohet nj\u00eb strategjie p\u00ebr t\u00eb ulur nivelin e borxhit\u2026","rel":"","context":"In &quot;Blogu i Udh\u00ebtarit&quot;","block_context":{"text":"Blogu i Udh\u00ebtarit","link":"https:\/\/www.shqiperia.com\/blog\/category\/blogu-i-udhetarit\/"},"img":{"alt_text":"","src":"https:\/\/i0.wp.com\/www.shqiperia.com\/blog\/wp-content\/uploads\/2022\/06\/komisioni-europian-770x433-1.jpg?fit=770%2C410&ssl=1&resize=350%2C200","width":350,"height":200,"srcset":"https:\/\/i0.wp.com\/www.shqiperia.com\/blog\/wp-content\/uploads\/2022\/06\/komisioni-europian-770x433-1.jpg?fit=770%2C410&ssl=1&resize=350%2C200 1x, https:\/\/i0.wp.com\/www.shqiperia.com\/blog\/wp-content\/uploads\/2022\/06\/komisioni-europian-770x433-1.jpg?fit=770%2C410&ssl=1&resize=525%2C300 1.5x, https:\/\/i0.wp.com\/www.shqiperia.com\/blog\/wp-content\/uploads\/2022\/06\/komisioni-europian-770x433-1.jpg?fit=770%2C410&ssl=1&resize=700%2C400 2x"},"classes":[]},{"id":95942,"url":"https:\/\/www.shqiperia.com\/blog\/emigracioni-zbraz-shqiperine-ja-qarqet-me-te-goditura\/","url_meta":{"origin":20825,"position":3},"title":"Emigracioni zbraz Shqip\u00ebrin\u00eb, ja qarqet m\u00eb t\u00eb goditura","author":"Kurt Farka","date":"December 24, 2025","format":false,"excerpt":"24 Dhjetor 2025 Emigracioni \u00ebsht\u00eb shnd\u00ebrruar n\u00eb nj\u00eb plag\u00eb q\u00eb sa vjen e thellohet n\u00eb shoq\u00ebrin\u00eb ton\u00eb, por t\u00eb dh\u00ebnat e fundit nga Anketa e Posa\u00e7me p\u00ebr Emigracionin nga INSTAT tregoi se ka diferenca shum\u00eb t\u00eb forta territoriale, q\u00eb pasqyrojn\u00eb historin\u00eb e migracionit. N\u00eb disa qarqe, migracioni shfaqet si nj\u00eb\u2026","rel":"","context":"In &quot;Blogu i Udh\u00ebtarit&quot;","block_context":{"text":"Blogu i Udh\u00ebtarit","link":"https:\/\/www.shqiperia.com\/blog\/category\/blogu-i-udhetarit\/"},"img":{"alt_text":"","src":"https:\/\/i0.wp.com\/www.shqiperia.com\/blog\/wp-content\/uploads\/2025\/12\/emigrim.jpg?fit=640%2C360&ssl=1&resize=350%2C200","width":350,"height":200,"srcset":"https:\/\/i0.wp.com\/www.shqiperia.com\/blog\/wp-content\/uploads\/2025\/12\/emigrim.jpg?fit=640%2C360&ssl=1&resize=350%2C200 1x, https:\/\/i0.wp.com\/www.shqiperia.com\/blog\/wp-content\/uploads\/2025\/12\/emigrim.jpg?fit=640%2C360&ssl=1&resize=525%2C300 1.5x"},"classes":[]},{"id":65259,"url":"https:\/\/www.shqiperia.com\/blog\/raporti-i-ke-69-e-te-punesuarve-nuk-perballojne-dot-jetesen-partia-e-lirise-keqqeverisja-e-rames-ka-nxitur-largimet-masive-te-shqiptareve\/","url_meta":{"origin":20825,"position":4},"title":"\u201cRaporti i KE, 69% e t\u00eb pun\u00ebsuarve nuk p\u00ebrballojn\u00eb dot jetes\u00ebn\u201d\/ Partia e Liris\u00eb: &#8211; Keqqeverisja e Ram\u00ebs ka nxitur largimet masive t\u00eb shqiptar\u00ebve","author":"Kurt Farka","date":"December 7, 2022","format":false,"excerpt":"7 Dhjetor 2022 Sekretari Organizativ i Partis\u00eb s\u00eb Liris\u00eb, Endrit Braimllari, duke iu referuar nj\u00eb raporti t\u00eb Komisionit Europian p\u00ebr kushtetet e pun\u00ebs, q\u00eb e ka nxjerr\u00eb Shqip\u00ebrin\u00eb n\u00eb vendin e par\u00eb n\u00eb Europ\u00eb p\u00ebr numrin e t\u00eb pun\u00ebsuarve q\u00eb nuk arrijn\u00eb dot t\u00eb p\u00ebrballin jetes\u00ebn, akuzon qeverin\u00eb e kryeministrit\u2026","rel":"","context":"In &quot;Blogu i Udh\u00ebtarit&quot;","block_context":{"text":"Blogu i Udh\u00ebtarit","link":"https:\/\/www.shqiperia.com\/blog\/category\/blogu-i-udhetarit\/"},"img":{"alt_text":"","src":"https:\/\/i0.wp.com\/www.shqiperia.com\/blog\/wp-content\/uploads\/2022\/12\/317954710_685840992910961_8240868150453798097_n.jpg?fit=893%2C518&ssl=1&resize=350%2C200","width":350,"height":200,"srcset":"https:\/\/i0.wp.com\/www.shqiperia.com\/blog\/wp-content\/uploads\/2022\/12\/317954710_685840992910961_8240868150453798097_n.jpg?fit=893%2C518&ssl=1&resize=350%2C200 1x, https:\/\/i0.wp.com\/www.shqiperia.com\/blog\/wp-content\/uploads\/2022\/12\/317954710_685840992910961_8240868150453798097_n.jpg?fit=893%2C518&ssl=1&resize=525%2C300 1.5x, https:\/\/i0.wp.com\/www.shqiperia.com\/blog\/wp-content\/uploads\/2022\/12\/317954710_685840992910961_8240868150453798097_n.jpg?fit=893%2C518&ssl=1&resize=700%2C400 2x"},"classes":[]},{"id":53707,"url":"https:\/\/www.shqiperia.com\/blog\/60-e-maturanteve-duan-te-studiojne-jashte-unicef-per-emigracionin-e-larte-shqiperia-po-korr-pasojat-e-mungeses-se-investimeve-ne-arsim-dhe-tek-te-rinjte\/","url_meta":{"origin":20825,"position":5},"title":"\u201c60% e maturant\u00ebve duan t\u00eb studiojn\u00eb jasht\u00eb\u201d: &#8211; UNICEF p\u00ebr emigracionin e lart\u00eb: Shqip\u00ebria po \u201ckorr\u201d pasojat e munges\u00ebs s\u00eb investimeve n\u00eb arsim dhe tek t\u00eb rinjt\u00eb","author":"Kurt Farka","date":"February 3, 2022","format":false,"excerpt":"\u201c60% e maturant\u00ebve duan t\u00eb studiojn\u00eb jasht\u00eb\u201d: - UNICEF p\u00ebr emigracionin e lart\u00eb: Shqip\u00ebria po \u201ckorr\u201d pasojat e munges\u00ebs s\u00eb investimeve n\u00eb arsim dhe tek t\u00eb rinjt\u00eb 14 Janar 2022 \u201c60% e maturant\u00ebve duan t\u00eb studiojn\u00eb jasht\u00eb\u201d\/ UNICEF p\u00ebr emigracionin e lart\u00eb: Shqip\u00ebria po \u201ckorr\u201d pasojat e munges\u00ebs s\u00eb investimeve\u2026","rel":"","context":"In &quot;Blogu i Udh\u00ebtarit&quot;","block_context":{"text":"Blogu i Udh\u00ebtarit","link":"https:\/\/www.shqiperia.com\/blog\/category\/blogu-i-udhetarit\/"},"img":{"alt_text":"","src":"https:\/\/i0.wp.com\/www.shqiperia.com\/blog\/wp-content\/uploads\/2022\/02\/eca-update-refugees-migration-mobility-780x439-905x450-1.png?fit=905%2C450&ssl=1&resize=350%2C200","width":350,"height":200,"srcset":"https:\/\/i0.wp.com\/www.shqiperia.com\/blog\/wp-content\/uploads\/2022\/02\/eca-update-refugees-migration-mobility-780x439-905x450-1.png?fit=905%2C450&ssl=1&resize=350%2C200 1x, https:\/\/i0.wp.com\/www.shqiperia.com\/blog\/wp-content\/uploads\/2022\/02\/eca-update-refugees-migration-mobility-780x439-905x450-1.png?fit=905%2C450&ssl=1&resize=525%2C300 1.5x, https:\/\/i0.wp.com\/www.shqiperia.com\/blog\/wp-content\/uploads\/2022\/02\/eca-update-refugees-migration-mobility-780x439-905x450-1.png?fit=905%2C450&ssl=1&resize=700%2C400 2x"},"classes":[]}],"_links":{"self":[{"href":"https:\/\/www.shqiperia.com\/blog\/wp-json\/wp\/v2\/posts\/20825","targetHints":{"allow":["GET"]}}],"collection":[{"href":"https:\/\/www.shqiperia.com\/blog\/wp-json\/wp\/v2\/posts"}],"about":[{"href":"https:\/\/www.shqiperia.com\/blog\/wp-json\/wp\/v2\/types\/post"}],"author":[{"embeddable":true,"href":"https:\/\/www.shqiperia.com\/blog\/wp-json\/wp\/v2\/users\/9"}],"replies":[{"embeddable":true,"href":"https:\/\/www.shqiperia.com\/blog\/wp-json\/wp\/v2\/comments?post=20825"}],"version-history":[{"count":1,"href":"https:\/\/www.shqiperia.com\/blog\/wp-json\/wp\/v2\/posts\/20825\/revisions"}],"predecessor-version":[{"id":20827,"href":"https:\/\/www.shqiperia.com\/blog\/wp-json\/wp\/v2\/posts\/20825\/revisions\/20827"}],"wp:featuredmedia":[{"embeddable":true,"href":"https:\/\/www.shqiperia.com\/blog\/wp-json\/wp\/v2\/media\/20826"}],"wp:attachment":[{"href":"https:\/\/www.shqiperia.com\/blog\/wp-json\/wp\/v2\/media?parent=20825"}],"wp:term":[{"taxonomy":"category","embeddable":true,"href":"https:\/\/www.shqiperia.com\/blog\/wp-json\/wp\/v2\/categories?post=20825"},{"taxonomy":"post_tag","embeddable":true,"href":"https:\/\/www.shqiperia.com\/blog\/wp-json\/wp\/v2\/tags?post=20825"}],"curies":[{"name":"wp","href":"https:\/\/api.w.org\/{rel}","templated":true}]}}