{"id":20811,"date":"2019-05-06T17:10:07","date_gmt":"2019-05-06T17:10:07","guid":{"rendered":"http:\/\/www.shqiperia.com\/blog\/?p=20811"},"modified":"2019-05-06T17:12:21","modified_gmt":"2019-05-06T17:12:21","slug":"cregjistrimi-i-bindjes-demokratike-nuk-eshte-faji-i-pd-se-qe-partia-jote-i-bindet-padronit-rama","status":"publish","type":"post","link":"https:\/\/www.shqiperia.com\/blog\/cregjistrimi-i-bindjes-demokratike-nuk-eshte-faji-i-pd-se-qe-partia-jote-i-bindet-padronit-rama\/","title":{"rendered":"\u2018\u00c7\u2019regjistrimi i Bindjes Demokratike\u2019: &#8211; \u2018Nuk \u00ebsht\u00eb faji i PD-s\u00eb, q\u00eb partia jote i bindet padronit Rama\u2019. &#8211;"},"content":{"rendered":"<p><img data-recalc-dims=\"1\" loading=\"lazy\" decoding=\"async\" data-attachment-id=\"20812\" data-permalink=\"https:\/\/www.shqiperia.com\/blog\/cregjistrimi-i-bindjes-demokratike-nuk-eshte-faji-i-pd-se-qe-partia-jote-i-bindet-padronit-rama\/bindja-demokratike-2\/\" data-orig-file=\"https:\/\/i0.wp.com\/www.shqiperia.com\/blog\/wp-content\/uploads\/2019\/05\/Bindja-Demokratike.jpg?fit=884%2C432&amp;ssl=1\" data-orig-size=\"884,432\" data-comments-opened=\"1\" data-image-meta=\"{&quot;aperture&quot;:&quot;0&quot;,&quot;credit&quot;:&quot;&quot;,&quot;camera&quot;:&quot;&quot;,&quot;caption&quot;:&quot;&quot;,&quot;created_timestamp&quot;:&quot;0&quot;,&quot;copyright&quot;:&quot;&quot;,&quot;focal_length&quot;:&quot;0&quot;,&quot;iso&quot;:&quot;0&quot;,&quot;shutter_speed&quot;:&quot;0&quot;,&quot;title&quot;:&quot;&quot;,&quot;orientation&quot;:&quot;0&quot;}\" data-image-title=\"Bindja-Demokratike\" data-image-description=\"\" data-image-caption=\"\" data-medium-file=\"https:\/\/i0.wp.com\/www.shqiperia.com\/blog\/wp-content\/uploads\/2019\/05\/Bindja-Demokratike.jpg?fit=300%2C147&amp;ssl=1\" data-large-file=\"https:\/\/i0.wp.com\/www.shqiperia.com\/blog\/wp-content\/uploads\/2019\/05\/Bindja-Demokratike.jpg?fit=884%2C432&amp;ssl=1\" class=\"alignnone wp-image-20812\" alt=\"\" src=\"https:\/\/i0.wp.com\/www.shqiperia.com\/blog\/wp-content\/uploads\/2019\/05\/Bindja-Demokratike-300x147.jpg?resize=604%2C296\" width=\"604\" height=\"296\" srcset=\"https:\/\/i0.wp.com\/www.shqiperia.com\/blog\/wp-content\/uploads\/2019\/05\/Bindja-Demokratike.jpg?resize=300%2C147&amp;ssl=1 300w, https:\/\/i0.wp.com\/www.shqiperia.com\/blog\/wp-content\/uploads\/2019\/05\/Bindja-Demokratike.jpg?resize=768%2C375&amp;ssl=1 768w, https:\/\/i0.wp.com\/www.shqiperia.com\/blog\/wp-content\/uploads\/2019\/05\/Bindja-Demokratike.jpg?resize=450%2C220&amp;ssl=1 450w, https:\/\/i0.wp.com\/www.shqiperia.com\/blog\/wp-content\/uploads\/2019\/05\/Bindja-Demokratike.jpg?resize=600%2C293&amp;ssl=1 600w, https:\/\/i0.wp.com\/www.shqiperia.com\/blog\/wp-content\/uploads\/2019\/05\/Bindja-Demokratike.jpg?resize=400%2C195&amp;ssl=1 400w, https:\/\/i0.wp.com\/www.shqiperia.com\/blog\/wp-content\/uploads\/2019\/05\/Bindja-Demokratike.jpg?w=884&amp;ssl=1 884w\" sizes=\"auto, (max-width: 604px) 100vw, 604px\" \/><\/p>\n<p>03\/05\/2019<\/p>\n<p>Partia Bashkimi Demokrat do t\u00eb ankimoj\u00eb n\u00eb Kolegjin Zgjedhor vendimin e KQZ-s\u00eb p\u00ebr t\u00eb regjistruar n\u00eb zgjedhje Partin\u00eb \u2018Bindja Demokratike\u2019 t\u00eb Astrit Patozit, me arsyetimin se vendimi \u00ebsht\u00eb marr\u00eb pasi \u201cv\u00ebrtetimi i gjykat\u00ebs i paraqitur n\u00eb KQZ nga kjo parti nuk ka marr\u00eb form\u00eb t\u00eb prer\u00eb.\u201d<\/p>\n<p>Vendim i cili sipas Patozit \u00ebsht\u00eb nj\u00eb angazhim i personal i Lulzim Bash\u00ebs, kund\u00ebr Bindjes Demokratike<\/p>\n<p>Por p\u00ebr ti dh\u00ebn\u00eb nj\u00eb p\u00ebrgjigje Patozit n\u00eb em\u00ebr t\u00eb Partis\u00eb Demokratike, ka menduar ish-deputeti, Flamur Noka.<\/p>\n<p>I cili shkruan se: \u2018Nuk \u00ebsht\u00eb faji i Partis\u00eb Demokratike dhe i Lulzim Bash\u00ebs, q\u00eb kjo partiz\u00eb e Rilindjes nuk i bindet ligjit, por urdhrave t\u00eb padronit t\u00eb ri, q\u00eb ka fuqin\u00eb ta regjistroj\u00eb n\u00eb gjykat\u00eb me firma t\u00eb falsifikuara dhe n\u00eb KQZ, pa qen\u00eb akoma parti politike.\u201d<\/p>\n<p>Reagimi i plot\u00eb i Flamur Nok\u00ebs<\/p>\n<p>K\u00ebto dit\u00eb m\u00eb shum\u00eb se p\u00ebr krijimin e saj lajmi \u00ebsht\u00eb se qytetar\u00ebt akuzojn\u00eb \u2018Bindjen Demokratike\u2019 t\u00eb drejtuar nga z. Astrit Patozi se ka falsifikuar firmat e tyre p\u00ebr krijimin e saj.<\/p>\n<p>N\u00eb vend q\u00eb t\u00eb pergjigjet p\u00ebr k\u00ebto fakte t\u00eb r\u00ebnda t\u00eb falsifikimit t\u00eb firmave dhe regjistrimin e paligjsh\u00ebm n\u00eb zgjedhje me vot\u00ebn e Edi Ram\u00ebs n\u00eb KQZ, kjo partiz\u00eb krijuese n\u00eb kuzhin\u00ebn e \u201cRilindjes\u201dsulmoi Partin\u00eb Demokratike, nj\u00ebsoj si krijuesi i saj Edi Rama, kur kapet duke shkelur ligjin.<\/p>\n<p>Nuk \u00ebsht\u00eb faji i Partis\u00eb Demokratike dhe i Lulzim Bash\u00ebs, q\u00eb kjo partiz\u00eb e Rilindjes nuk i bindet ligjit, por urdhrave t\u00eb padronit t\u00eb ri, q\u00eb ka fuqin\u00eb ta regjistroj\u00eb n\u00eb gjykat\u00eb me firma t\u00eb falsifikuara dhe n\u00eb KQZ, pa qen\u00eb akoma parti politike.<\/p>\n<p>Urdh\u00ebri politik dhe i paligjsh\u00ebm i Edi Ram\u00ebs nuk mjafton p\u00ebr t\u2019u regjistruar si parti fars\u00eb n\u00eb zgjedhje.<\/p>\n<p>Partia Bashkimi Demokrat Shqiptar nuk \u00ebsht\u00eb parti fantaz\u00ebm dhe as shtojc\u00eb dhe as n\u00ebn urdhrat e Partis\u00eb Demokratike. Z Patozi k\u00ebt\u00eb fakt e di shum\u00eb mir\u00eb pasi me kryetarin e saj njihet mir\u00eb sepse dikur e kemi ftuar t\u00eb jet\u00eb n\u00eb koalicion me PD .<\/p>\n<p>K\u00ebrkesa e saj e ligjshme p\u00ebr t\u00eb anuluar nj\u00eb vendim t\u00eb paligjsh\u00ebm t\u00eb KQZ, provon se ajo \u00ebsht\u00eb e vetmja parti e regjistruar n\u00eb KQZ, q\u00eb nuk kontrollohet nga Edi Rama.<\/p>\n<p>Edi Rama le t\u00eb krijoj\u00eb sa parti t\u00eb doj\u00eb, me apo pa firma falco. Opozita shqiptare \u00ebsht\u00eb e vendosur se zgjedhje fars\u00eb, me parti falco, nuk ka p\u00ebr t\u00eb patur as n\u00eb 30 Qershor, as n\u00eb 30 Dhjetor!, shkruan Noka.<\/p>\n","protected":false},"excerpt":{"rendered":"<p>03\/05\/2019 Partia Bashkimi Demokrat do t\u00eb ankimoj\u00eb n\u00eb Kolegjin Zgjedhor vendimin e KQZ-s\u00eb p\u00ebr t\u00eb regjistruar n\u00eb zgjedhje Partin\u00eb \u2018Bindja Demokratike\u2019 t\u00eb Astrit Patozit, me arsyetimin se vendimi \u00ebsht\u00eb marr\u00eb pasi \u201cv\u00ebrtetimi i gjykat\u00ebs i paraqitur n\u00eb KQZ nga kjo parti nuk ka marr\u00eb form\u00eb t\u00eb prer\u00eb.\u201d Vendim i cili sipas Patozit \u00ebsht\u00eb nj\u00eb angazhim [&hellip;]<\/p>\n","protected":false},"author":9,"featured_media":20812,"comment_status":"open","ping_status":"open","sticky":false,"template":"","format":"standard","meta":{"jetpack_post_was_ever_published":false,"_jetpack_newsletter_access":"","_jetpack_dont_email_post_to_subs":false,"_jetpack_newsletter_tier_id":0,"_jetpack_memberships_contains_paywalled_content":false,"_jetpack_memberships_contains_paid_content":false,"footnotes":"","jetpack_publicize_message":"","jetpack_publicize_feature_enabled":true,"jetpack_social_post_already_shared":true,"jetpack_social_options":{"image_generator_settings":{"template":"highway","default_image_id":0,"font":"","enabled":false},"version":2}},"categories":[27,2],"tags":[],"class_list":["post-20811","post","type-post","status-publish","format-standard","has-post-thumbnail","hentry","category-blogu-i-udhetarit","category-politika"],"jetpack_publicize_connections":[],"jetpack_featured_media_url":"https:\/\/i0.wp.com\/www.shqiperia.com\/blog\/wp-content\/uploads\/2019\/05\/Bindja-Demokratike.jpg?fit=884%2C432&ssl=1","jetpack_sharing_enabled":true,"jetpack_shortlink":"https:\/\/wp.me\/p5Z6wp-5pF","jetpack-related-posts":[{"id":20766,"url":"https:\/\/www.shqiperia.com\/blog\/padi-kunder-bindjes-demokratike-u-shkel-ligji-kqz-ta-crregjistroje\/","url_meta":{"origin":20811,"position":0},"title":"Padi kund\u00ebr Bindjes Demokratike: U shkel ligji, KQZ ta \u00e7rregjistroj\u00eb. &#8211;","author":"Kurt Farka","date":"May 5, 2019","format":false,"excerpt":"Padi kund\u00ebr Bindjes Demokratike: U shkel ligji, KQZ ta \u00e7rregjistroj\u00eb. - Gazeta; mapo.al Partia Bashkimi Demokrat Shqiptar (PBDSH) ka depozituar nj\u00eb ankimim n\u00eb Kolegjin Zgjedhor kund\u00ebr regjistrimit t\u00eb Bindjes Demokratike n\u00eb zgjedhjet vendore t\u00eb 30 qershorit. PBDSH shprehet se vendimi i regjistrimit t\u00eb BD \u00ebsht\u00eb i paligjsh\u00ebm dhe politik. \u201cDuke\u2026","rel":"","context":"In &quot;Kultura&quot;","block_context":{"text":"Kultura","link":"https:\/\/www.shqiperia.com\/blog\/category\/kultura\/"},"img":{"alt_text":"","src":"https:\/\/i0.wp.com\/www.shqiperia.com\/blog\/wp-content\/uploads\/2019\/05\/bindja-demokratike.jpg?fit=700%2C351&ssl=1&resize=350%2C200","width":350,"height":200,"srcset":"https:\/\/i0.wp.com\/www.shqiperia.com\/blog\/wp-content\/uploads\/2019\/05\/bindja-demokratike.jpg?fit=700%2C351&ssl=1&resize=350%2C200 1x, https:\/\/i0.wp.com\/www.shqiperia.com\/blog\/wp-content\/uploads\/2019\/05\/bindja-demokratike.jpg?fit=700%2C351&ssl=1&resize=525%2C300 1.5x, https:\/\/i0.wp.com\/www.shqiperia.com\/blog\/wp-content\/uploads\/2019\/05\/bindja-demokratike.jpg?fit=700%2C351&ssl=1&resize=700%2C400 2x"},"classes":[]},{"id":20346,"url":"https:\/\/www.shqiperia.com\/blog\/ish-kryetari-i-kqz-regjistrimi-i-partise-se-patozit-ne-mospajtim-te-hapur-me-ligjin-vendimi-ne-perputhje-me-interesat-e\/","url_meta":{"origin":20811,"position":1},"title":"Ish-kryetari i KQZ: &#8211; Regjistrimi i Partis\u00eb s\u00eb Patozit n\u00eb mospajtim t\u00eb hapur me ligjin. Vendimi n\u00eb p\u00ebrputhje me interesat e\u2026-","author":"Kurt Farka","date":"April 28, 2019","format":false,"excerpt":"Ish-kryetari i KQZ: - Regjistrimi i Partis\u00eb s\u00eb Patozit n\u00eb mospajtim t\u00eb hapur me ligjin. Vendimi n\u00eb p\u00ebrputhje me interesat e\u2026- \u00a028 prill 2019. Eksperti i njohur i zgjedhjeve dhe ish-kreu i KQZ-s\u00eb, Kristaq Kume, shkruan se regjistrimi i Partis\u00eb Bindja Demokratike si subjket zgjedhor n\u00eb KQZ, \u00ebsht\u00eb n\u00eb mospajtim\u2026","rel":"","context":"In &quot;Blogu i Udh\u00ebtarit&quot;","block_context":{"text":"Blogu i Udh\u00ebtarit","link":"https:\/\/www.shqiperia.com\/blog\/category\/blogu-i-udhetarit\/"},"img":{"alt_text":"","src":"https:\/\/i0.wp.com\/www.shqiperia.com\/blog\/wp-content\/uploads\/2019\/04\/Astrit-Patozi1.png?fit=621%2C341&ssl=1&resize=350%2C200","width":350,"height":200,"srcset":"https:\/\/i0.wp.com\/www.shqiperia.com\/blog\/wp-content\/uploads\/2019\/04\/Astrit-Patozi1.png?fit=621%2C341&ssl=1&resize=350%2C200 1x, https:\/\/i0.wp.com\/www.shqiperia.com\/blog\/wp-content\/uploads\/2019\/04\/Astrit-Patozi1.png?fit=621%2C341&ssl=1&resize=525%2C300 1.5x"},"classes":[]},{"id":20271,"url":"https:\/\/www.shqiperia.com\/blog\/histori-me-fallsifikim-firmash-bd-e-patozit-me-firmetare-fiktive-4-qytetare-ankime-ne-gjykate\/","url_meta":{"origin":20811,"position":2},"title":"Histori me fallsifikim firmash: \u00a0BD e Patozit me firm\u00ebtar\u00eb fiktiv\u00eb, 4 qytetar\u00eb ankime n\u00eb gjykat\u00eb. &#8211;","author":"Kurt Farka","date":"April 26, 2019","format":false,"excerpt":"Histori me fallsifikim firmash: \u00a0BD e Patozit me firm\u00ebtar\u00eb fiktiv\u00eb, 4 qytetar\u00eb ankime n\u00eb gjykat\u00eb. - 26 prill 2019 Tre dit\u00eb m\u00eb par\u00eb, Astrit Patozi, deklaroi se kishte dor\u00ebzuar n\u00eb gjykat\u00eb dokumentacionin p\u00ebr krijimin e forc\u00ebs m\u00eb t\u00eb re politike n\u00eb vend, me emrin Bindja Demokratike. Sipas zotit Patozi jan\u00eb\u2026","rel":"","context":"In &quot;Blogu i Udh\u00ebtarit&quot;","block_context":{"text":"Blogu i Udh\u00ebtarit","link":"https:\/\/www.shqiperia.com\/blog\/category\/blogu-i-udhetarit\/"},"img":{"alt_text":"","src":"https:\/\/i0.wp.com\/www.shqiperia.com\/blog\/wp-content\/uploads\/2019\/04\/astrit-patoz.jpg?fit=700%2C388&ssl=1&resize=350%2C200","width":350,"height":200,"srcset":"https:\/\/i0.wp.com\/www.shqiperia.com\/blog\/wp-content\/uploads\/2019\/04\/astrit-patoz.jpg?fit=700%2C388&ssl=1&resize=350%2C200 1x, https:\/\/i0.wp.com\/www.shqiperia.com\/blog\/wp-content\/uploads\/2019\/04\/astrit-patoz.jpg?fit=700%2C388&ssl=1&resize=525%2C300 1.5x, https:\/\/i0.wp.com\/www.shqiperia.com\/blog\/wp-content\/uploads\/2019\/04\/astrit-patoz.jpg?fit=700%2C388&ssl=1&resize=700%2C400 2x"},"classes":[]},{"id":74770,"url":"https:\/\/www.shqiperia.com\/blog\/de-jure-pd-eshte-e-bashes-duhet-te-krijojme-nje-parti-te-re-zbardhet-debati-me-dyer-te-mbyllura-ne-grupin-e-deputeteve-te-opozites\/","url_meta":{"origin":20811,"position":3},"title":"\u201c\u2019De jure\u2019 PD \u00ebsht\u00eb e Bash\u00ebs\u201d, &#8211; Duhet t\u00eb krijojm\u00eb nj\u00eb parti t\u00eb re\u201d- Zbardhet debati me dyer t\u00eb mbyllura n\u00eb Grupin e deputet\u00ebve t\u00eb opozit\u00ebs!","author":"Kurt Farka","date":"October 12, 2023","format":false,"excerpt":"12 Tetor 2023 Zbardhen debatet me dyer t\u00eb mbyllura n\u00eb mbledhjen e Grupit Parlamentar t\u00eb Partis\u00eb Demokratike, e thirrur nga Gazment Bardhi dhe ku t\u00eb pranish\u00ebm ishte Sali Berisha dhe p\u00ebrkrah\u00ebsit e tij. Gazetari Osman Stafa ka zbardhur diskutimet n\u00eb Grup, ku deputet\u00ebt demokrat kan\u00eb hedhur dhe iden\u00eb e krijimit\u2026","rel":"","context":"In &quot;Blogu i Udh\u00ebtarit&quot;","block_context":{"text":"Blogu i Udh\u00ebtarit","link":"https:\/\/www.shqiperia.com\/blog\/category\/blogu-i-udhetarit\/"},"img":{"alt_text":"","src":"https:\/\/i0.wp.com\/www.shqiperia.com\/blog\/wp-content\/uploads\/2023\/10\/800-0-basha-rama-montazh-590x354-1.jpg?fit=800%2C480&ssl=1&resize=350%2C200","width":350,"height":200,"srcset":"https:\/\/i0.wp.com\/www.shqiperia.com\/blog\/wp-content\/uploads\/2023\/10\/800-0-basha-rama-montazh-590x354-1.jpg?fit=800%2C480&ssl=1&resize=350%2C200 1x, https:\/\/i0.wp.com\/www.shqiperia.com\/blog\/wp-content\/uploads\/2023\/10\/800-0-basha-rama-montazh-590x354-1.jpg?fit=800%2C480&ssl=1&resize=525%2C300 1.5x, https:\/\/i0.wp.com\/www.shqiperia.com\/blog\/wp-content\/uploads\/2023\/10\/800-0-basha-rama-montazh-590x354-1.jpg?fit=800%2C480&ssl=1&resize=700%2C400 2x"},"classes":[]},{"id":50835,"url":"https:\/\/www.shqiperia.com\/blog\/kulluri-zbulon-daten-se-kur-do-te-mblidhet-kuvendi-kombetar-i-pd-se-partia-demokratike-me-bashen-eshte-nje-projekt-i-deshtuar\/","url_meta":{"origin":20811,"position":4},"title":"Kulluri zbulon dat\u00ebn se kur do t\u00eb mblidhet Kuvendi Komb\u00ebtar i PD-s\u00eb: &#8211; Partia Demokratike me Bash\u00ebn \u00ebsht\u00eb nj\u00eb projekt i d\u00ebshtuar","author":"Kurt Farka","date":"October 23, 2021","format":false,"excerpt":"Kulluri zbulon dat\u00ebn se kur do t\u00eb mblidhet Kuvendi Komb\u00ebtar i PD-s\u00eb: - Partia Demokratike me Bash\u00ebn \u00ebsht\u00eb nj\u00eb projekt i d\u00ebshtuar 23 TETOR 2021 Kuvendi Komb\u00ebtar i Partis\u00eb Demokratike pritet t\u00eb mblidhet jav\u00ebn e par\u00eb t\u00eb dhjetorit. K\u00ebshtu ka deklaruar ish-an\u00ebtari i K\u00ebshillit Komb\u00ebtar t\u00eb PD-s\u00eb, Edvin Kulluri. Sipas\u2026","rel":"","context":"In &quot;Blogu i Udh\u00ebtarit&quot;","block_context":{"text":"Blogu i Udh\u00ebtarit","link":"https:\/\/www.shqiperia.com\/blog\/category\/blogu-i-udhetarit\/"},"img":{"alt_text":"","src":"https:\/\/i0.wp.com\/www.shqiperia.com\/blog\/wp-content\/uploads\/2021\/10\/Berisha-Basha.jpg?fit=768%2C482&ssl=1&resize=350%2C200","width":350,"height":200,"srcset":"https:\/\/i0.wp.com\/www.shqiperia.com\/blog\/wp-content\/uploads\/2021\/10\/Berisha-Basha.jpg?fit=768%2C482&ssl=1&resize=350%2C200 1x, https:\/\/i0.wp.com\/www.shqiperia.com\/blog\/wp-content\/uploads\/2021\/10\/Berisha-Basha.jpg?fit=768%2C482&ssl=1&resize=525%2C300 1.5x, https:\/\/i0.wp.com\/www.shqiperia.com\/blog\/wp-content\/uploads\/2021\/10\/Berisha-Basha.jpg?fit=768%2C482&ssl=1&resize=700%2C400 2x"},"classes":[]},{"id":20296,"url":"https:\/\/www.shqiperia.com\/blog\/regjistrimi-i-bindja-demokratike-kreu-i-kqz-nuk-ka-lindur-si-parti-politike-ska-hyre-ne-fuqi-vendimi-i-gjykates-smund-te\/","url_meta":{"origin":20811,"position":5},"title":"Regjistrimi i Bindja Demokratike, kreu i KQZ: Nuk ka lindur si parti politike. S\u2019ka hyr\u00eb n\u00eb fuqi vendimi i gjykat\u00ebs. S\u2019mund t\u00eb\u2026","author":"Kurt Farka","date":"April 27, 2019","format":false,"excerpt":"Regjistrimi i Bindja Demokratike, kreu i KQZ: Nuk ka lindur si parti politike. S\u2019ka hyr\u00eb n\u00eb fuqi vendimi i gjykat\u00ebs. S\u2019mund t\u00eb\u2026 27 prill 2019 Megjithse ska hyre ne fuqi vendimi i gjykate, P\u00ebrfaq\u00ebsuesit e maxhoranc\u00ebs n\u00eb Komisionin Qendror t\u00eb Zgjedhjeve kan\u00eb votuar sot me 4 vota pro pranimin e\u2026","rel":"","context":"In &quot;Blogu i Udh\u00ebtarit&quot;","block_context":{"text":"Blogu i Udh\u00ebtarit","link":"https:\/\/www.shqiperia.com\/blog\/category\/blogu-i-udhetarit\/"},"img":{"alt_text":"","src":"https:\/\/i0.wp.com\/www.shqiperia.com\/blog\/wp-content\/uploads\/2019\/04\/Klement-Zguri-640x360.jpg?fit=640%2C342&ssl=1&resize=350%2C200","width":350,"height":200,"srcset":"https:\/\/i0.wp.com\/www.shqiperia.com\/blog\/wp-content\/uploads\/2019\/04\/Klement-Zguri-640x360.jpg?fit=640%2C342&ssl=1&resize=350%2C200 1x, https:\/\/i0.wp.com\/www.shqiperia.com\/blog\/wp-content\/uploads\/2019\/04\/Klement-Zguri-640x360.jpg?fit=640%2C342&ssl=1&resize=525%2C300 1.5x"},"classes":[]}],"_links":{"self":[{"href":"https:\/\/www.shqiperia.com\/blog\/wp-json\/wp\/v2\/posts\/20811","targetHints":{"allow":["GET"]}}],"collection":[{"href":"https:\/\/www.shqiperia.com\/blog\/wp-json\/wp\/v2\/posts"}],"about":[{"href":"https:\/\/www.shqiperia.com\/blog\/wp-json\/wp\/v2\/types\/post"}],"author":[{"embeddable":true,"href":"https:\/\/www.shqiperia.com\/blog\/wp-json\/wp\/v2\/users\/9"}],"replies":[{"embeddable":true,"href":"https:\/\/www.shqiperia.com\/blog\/wp-json\/wp\/v2\/comments?post=20811"}],"version-history":[{"count":1,"href":"https:\/\/www.shqiperia.com\/blog\/wp-json\/wp\/v2\/posts\/20811\/revisions"}],"predecessor-version":[{"id":20813,"href":"https:\/\/www.shqiperia.com\/blog\/wp-json\/wp\/v2\/posts\/20811\/revisions\/20813"}],"wp:featuredmedia":[{"embeddable":true,"href":"https:\/\/www.shqiperia.com\/blog\/wp-json\/wp\/v2\/media\/20812"}],"wp:attachment":[{"href":"https:\/\/www.shqiperia.com\/blog\/wp-json\/wp\/v2\/media?parent=20811"}],"wp:term":[{"taxonomy":"category","embeddable":true,"href":"https:\/\/www.shqiperia.com\/blog\/wp-json\/wp\/v2\/categories?post=20811"},{"taxonomy":"post_tag","embeddable":true,"href":"https:\/\/www.shqiperia.com\/blog\/wp-json\/wp\/v2\/tags?post=20811"}],"curies":[{"name":"wp","href":"https:\/\/api.w.org\/{rel}","templated":true}]}}