{"id":20807,"date":"2019-05-06T15:26:27","date_gmt":"2019-05-06T15:26:27","guid":{"rendered":"http:\/\/www.shqiperia.com\/blog\/?p=20807"},"modified":"2019-05-06T15:26:27","modified_gmt":"2019-05-06T15:26:27","slug":"si-u-formua-krahina-malesi-e-madhe","status":"publish","type":"post","link":"https:\/\/www.shqiperia.com\/blog\/si-u-formua-krahina-malesi-e-madhe\/","title":{"rendered":"SI U FORMUA KRAHINA MAL\u00cbSI E MADHE? &#8211;"},"content":{"rendered":"<div id=\"attachment_20808\" style=\"width: 522px\" class=\"wp-caption alignnone\"><img data-recalc-dims=\"1\" loading=\"lazy\" decoding=\"async\" aria-describedby=\"caption-attachment-20808\" data-attachment-id=\"20808\" data-permalink=\"https:\/\/www.shqiperia.com\/blog\/si-u-formua-krahina-malesi-e-madhe\/harta-e-vjeter-e-shqiperise-1\/\" data-orig-file=\"https:\/\/i0.wp.com\/www.shqiperia.com\/blog\/wp-content\/uploads\/2019\/05\/Harta-e-vjeter-e-shqiperise-1.jpg?fit=720%2C415&amp;ssl=1\" data-orig-size=\"720,415\" data-comments-opened=\"1\" data-image-meta=\"{&quot;aperture&quot;:&quot;0&quot;,&quot;credit&quot;:&quot;&quot;,&quot;camera&quot;:&quot;&quot;,&quot;caption&quot;:&quot;&quot;,&quot;created_timestamp&quot;:&quot;0&quot;,&quot;copyright&quot;:&quot;&quot;,&quot;focal_length&quot;:&quot;0&quot;,&quot;iso&quot;:&quot;0&quot;,&quot;shutter_speed&quot;:&quot;0&quot;,&quot;title&quot;:&quot;&quot;,&quot;orientation&quot;:&quot;1&quot;}\" data-image-title=\"Harta-e-vjeter-e-shqiperise-1\" data-image-description=\"\" data-image-caption=\"&lt;p&gt;Harta-e-vjeter-e-shqiperise-&lt;\/p&gt;\n\" data-medium-file=\"https:\/\/i0.wp.com\/www.shqiperia.com\/blog\/wp-content\/uploads\/2019\/05\/Harta-e-vjeter-e-shqiperise-1.jpg?fit=300%2C173&amp;ssl=1\" data-large-file=\"https:\/\/i0.wp.com\/www.shqiperia.com\/blog\/wp-content\/uploads\/2019\/05\/Harta-e-vjeter-e-shqiperise-1.jpg?fit=720%2C415&amp;ssl=1\" class=\" wp-image-20808\" alt=\"\" src=\"https:\/\/i0.wp.com\/www.shqiperia.com\/blog\/wp-content\/uploads\/2019\/05\/Harta-e-vjeter-e-shqiperise-1-300x173.jpg?resize=512%2C295\" width=\"512\" height=\"295\" srcset=\"https:\/\/i0.wp.com\/www.shqiperia.com\/blog\/wp-content\/uploads\/2019\/05\/Harta-e-vjeter-e-shqiperise-1.jpg?resize=300%2C173&amp;ssl=1 300w, https:\/\/i0.wp.com\/www.shqiperia.com\/blog\/wp-content\/uploads\/2019\/05\/Harta-e-vjeter-e-shqiperise-1.jpg?resize=450%2C259&amp;ssl=1 450w, https:\/\/i0.wp.com\/www.shqiperia.com\/blog\/wp-content\/uploads\/2019\/05\/Harta-e-vjeter-e-shqiperise-1.jpg?resize=600%2C346&amp;ssl=1 600w, https:\/\/i0.wp.com\/www.shqiperia.com\/blog\/wp-content\/uploads\/2019\/05\/Harta-e-vjeter-e-shqiperise-1.jpg?resize=400%2C231&amp;ssl=1 400w, https:\/\/i0.wp.com\/www.shqiperia.com\/blog\/wp-content\/uploads\/2019\/05\/Harta-e-vjeter-e-shqiperise-1.jpg?w=720&amp;ssl=1 720w\" sizes=\"auto, (max-width: 512px) 100vw, 512px\" \/><p id=\"caption-attachment-20808\" class=\"wp-caption-text\">Harta-e-vjeter-e-shqiperise-<\/p><\/div>\n<p>SI U FORMUA KRAHINA MAL\u00cbSI E MADHE? &#8211;<\/p>\n<p><strong>As. prof. dr. Kahreman Ulqini<\/strong><\/p>\n<p>Malesia e Madhe gjate shek. XV-XVII shtrihej brenda ketyre kufive natyrore. Prroni i Thate, Mali i Kurriles, Qafa e Thanes, Bjeshket e Nemuna, malet Kom e Vizitor, lumenjet Zeta, Moraca te bashkuar me Zeten, deri ne derdhje te liqenit te Shkodres. Kjo krahine ne mesjeten paraosmane perputhej pak a shume ne shtrirje me njesin administrative Zeta e Siperme. Nga fundi i shek. XIV fillimi i shek. XV njohim nepermjet doku\u00admenteve te kohes, disa bashkesi fisnore ne Malesin e Madhe. Si Fiset Tuz, Hot, Bythdose, e tjer te nxitur nga Venediku, ata ngriten krye kunder Balshes se Trete por, meqe nuk e perballluan forcen e tij, u detyruan ti braktisin viset e veta e te strehiheshin brenda kufive te Sinjorise ne komunen e Shkodres. Tuzet, te udhehequr nga kreu Junk Tuzi, me 1403 formuan vendbanimin e ri me emeri Tuz, i cili perbehej prej 150 shtepish, dhe perfshinte zonen nga Gradeci e Pjetroshani deri ne breg te liqenit te Buze Ujit. Sipas marrveshjeve te viteve 1403 e 1416 tuzet do te nxirrnin 500 luftetare kalores e kembesore, sa here qe Republika e Venedikut do ti kerkonte. Nga fundi i shek. XVI . Organizata fisnore e tuzeve ishte shperbere. Ne vendin e prejardhjes mbijetoi fisi. Me 1455 tuzet marrin pjese ne Kuvendin e Zetes krahas bashkesive te tjera te Malesise. Ne rregjisterimin osman te vitit 1497 permenden tuzet e siperm. Zanafillen e ketij fisi studiuesit e marrin tek Llesh Tuzi banor i katundit te shqiptareve 1330. Mirpo antroponimi Tuz ne kete krahin figuron ne dokumentet e viteve 1222deri ne vitin 1228.<br \/>\nMe 1414 Andrea Hoti me krene te fisit perfunduan kete marrveshje me autoritete venedikase, ata do te qenderonin shtetas besnike, do te ruanin paqen, do te luftonin me ate qe ishin ne gjendje lufte Republika, do te jepni 300 luftetare, ne mese te cileve 80 ishin Kalores. Ne anen tjeter siguronin privilegje e prona toksore ne fushen e Mbishkodres dhe u falen nga cdemtimet e ngarkuara me pare. Me vdekjen e Balshes se trete me 1421 Hotet u kthyen ne trojet e veta, Edhe fisi Bythdose e Matagushe me 1417 iu nenshtruan Venedikaseve. Malesia e Madhe, duke qen ne skaj te truallit shqiptar, u godit heret nga vala e serbizimit. Pa perjashtuar edhe faktor te tjere, kryesore ishte qenia e saje gjysem ortodokse e lidhur me kishen serbe. Ne mes Malesoreve Katolike e Ortodokse u nderprene marrdheniet martesore tradicionale. Malesoret ortodokse benin krushqi kryesishte me Malazezet. Gruaja futi ne shtepi gjuhen e huaj. Lale Drekali, udheheqesi i Kucit ne shek XVII e ndaun gruan e tij shqiptare katolike dhe u martua me nje Malazeze. Sipas Erdeljanoviqit e Rashoviqit iu cel rruga serbizimit te Kucit sepse shembullin e Drekalit e ndoqen edhe shume te tjere. Gojedhenat Malazeze tregojne se me ane te martesave u seerbizuan Bratonishiqet, Nikiqet, e Pejoviqet ne Llazorce, Bubiqet e tjer. Faktorit fetar i duhet shtuar edhe ai politiko-administrative. Ne kushtet e sundimit osman malesoret ortodokse dora-dores u bashkuan me Malin e Zi, jo aq nga joshja fetare por per te gezuar pavaresi me te madhe. Gjate shek XVIII-fillimi shek. XIX procesi i sebizimit perfundoje ne Vasoviq, Piper, Palbardhe, Bratonisiq, Kuc e tjer, kjo popullesi megjithse e serbizuar nuk e njohu veten per Malazeze, vazhdoi te perdorte emerin Malesi e malesore, pore tashme te perkthyer ne serbishte Brida e Brigjani emeri Berda se pari duket ne dokumentet venedikase te vitit 1687. Serbizimi i plote ne Berde<br \/>\nperfundoi ne kuadrin e shtetit modern malazez me ane te dhunes e vrasjeve te malesoreve katolik e atyre ortodokse te panenshtruar. Me 1856 Mirkoja vellai i Princit, hyri me forca te medha ne fshatin Kosor te Kucit banoret e te cilit ishin malesore shqiptare ortodokse, ku preu kokat e femijeve ne djep. Gjate viteve 1877-1878 malazezet pushtuan bajraket Rahoje, Triesh, Koje, e Fundena, e fshaterat e Kucit te Poshtem dhe fushen e Zetes. Disa vite me vone E. Durham do te shkruante se pashe nje serbizim te vrazhde ne proces. Veshja shqiptare u ndalua dhe mbajtja e kapices malazeze ishte e detyrueshme. Kufite politik te Malesise se Madhe ndryshuan perseri me vone, duke e ngushtuar krahinen. Ne Konferencen e Ambasadoreve te Fuqive te Medha, ne Londer 1913, Tuzi, Gruda dhe pjesa me e madhe e Hotit iu dhane padrejtesishte Malit te Zi. Nga fundi i shek. XVIII Malesia e Madhe njohu bajrakun, si lidhje bashkesishe te organizimit te vjeter shoqerore. ishin keta bajraktare, ne Hot, Rapsha e Traboini. ne Grude Dinosha e Ksheva, ne Kelmend Selca, Vukli, Nikci, e Boga, Kastrat, Shkrel, Triesh, Tuz, Koje, Fundena, Rahoje, Medun, Ubli, Kosor, Kividol, e Momce. Bajraktaret grupoheshin ne male, ne krye te te cileve emeroheshin Bylykbashe. Si male u trajtuan Hoti, Gruda, Kelmendi, SHkreli, Tuzi, dhe Trieshi, Fundena e Koja se bashku. Numeri i bajraktareve ka ndryshuar kohe pase kohe. Ne cerekun e pare te shek. XIX Kelmendi qe nje bajrak me vone u nda ne tre bajrake Selce, Vukel, dhe Nikc qe nga viti 1860 iu shtua edhe Boga. Pase vitit 1870 Kastrati e Shkreli u ndane si bajrake me vete. edhe bajraket e Malesise se Madhe administroheshin nga komisioni i Xhibalit me qender ne Shkoder. Malesia e Madhe eshte konsideruar si vendi i fiseve te medha sic jane ato Hot, Kelmend, Bakeq, Kastrat, Shkrel, Sumaj, Drekal, Kuci i vjeter, Palbardhi, Piper, Vasoviq, Bratonishiq, te serbizuar e tjer. Me gjithe kete gjenden edhe disa fise te vegjel, si Gashaj, Bekaj, Delaj, Boin, Anasit, e Hotit Jeran e tjer. Sipas gojdhenes popullore disa nga fiset e medha qe kemi permendur jane dege te nje fisi. Hot e Bakeq ne Malesi te Madhe. Piper e Vasoviq ne Berde dhe Krasniqe duke perfeshire edhe Nikajt ne Malesi te Gjakoves qe u themeluan nga pese vellezer perkatesisht Lazri, Bani, Pipri, Vojsava e Krasi bije te Keqit. Palbardhet ne Berde dhe te Bardhet ne Malesi te Gjakoves jan pasardhes nga axhe e nip, Bardhi e Pali. Shkreli e Bytyci jane dege te nje fisi. Sipas zanafilles i pari i Kelmendit, Ahmati qe e ka varrin ne Bshtan, i pari i Kastratit, Dedli qe e ka varrin tek shpellla e Bagtive, Keqi i pari i Hotit qe e ka varrin ne Rapshe, dhe Drekali. qe e ka varrin ne Rikavec kane ardhur nga viset perreth maleve Durmitor e Vizitor, i pari i Shkrelit dhe ai i Palbardhit kane ardhur nga Kosova. Fiset Sumaj , Berishaj, Gashaj, Boin, jane vendas, Jerani eshte nip bije i Detlit Kastrat. Fisi me i madhe i Malesise se Madhe eshte Kelmendi qe shtrihet edhe ne Koje, Gjobalajt e bajrakut te Vuthajve, ne Rugove nje shumic e banoreve te sllavizuar ne Berane, Rozhaje, Ceklinet, Dajkoviqet, Gornjaket, ne Berde e tjer jane Kelmendas, Me 1700 Hyda Verdi Pashe Begolli shpernguli me force 254 shtepi Kelmend, me se shumti te vllaznise Nikc e me pak Vukel, dhe i vendosi ne Pshter, shumica e te cileve sote jane te sllavizuar. Fise historikishte te shuara jane Matagushet, Lopet, Spanet, Bytthdoset, Kakarriqet, Tuzet, Bukmiret, Qimekuqet, Bushatet, e tjer Malesia e Madhe eshte krahine etnografishte e vjeter e percaktuar nga ana gjeografike, banoret e se ciles ruajne vecori e dallohen nga krahinat perreth, Krahina thirret Malesi e Madhe. Edhe pse jane Male me ate emer nuk thirren Dukagjini, Puka, Mirdita e tjer Banoret e Malesise se Madhe dhe ata te Malesise se Gjakoves e quanin veten Malesore. Askush tjeter ne Shqiperi te Veriut nuk njihet me emerin Malesor.<\/p>\n<div id=\"attachment_20808\" style=\"width: 799px\" class=\"wp-caption alignnone\"><img data-recalc-dims=\"1\" loading=\"lazy\" decoding=\"async\" aria-describedby=\"caption-attachment-20808\" data-attachment-id=\"20808\" data-permalink=\"https:\/\/www.shqiperia.com\/blog\/si-u-formua-krahina-malesi-e-madhe\/harta-e-vjeter-e-shqiperise-1\/\" data-orig-file=\"https:\/\/i0.wp.com\/www.shqiperia.com\/blog\/wp-content\/uploads\/2019\/05\/Harta-e-vjeter-e-shqiperise-1.jpg?fit=720%2C415&amp;ssl=1\" data-orig-size=\"720,415\" data-comments-opened=\"1\" data-image-meta=\"{&quot;aperture&quot;:&quot;0&quot;,&quot;credit&quot;:&quot;&quot;,&quot;camera&quot;:&quot;&quot;,&quot;caption&quot;:&quot;&quot;,&quot;created_timestamp&quot;:&quot;0&quot;,&quot;copyright&quot;:&quot;&quot;,&quot;focal_length&quot;:&quot;0&quot;,&quot;iso&quot;:&quot;0&quot;,&quot;shutter_speed&quot;:&quot;0&quot;,&quot;title&quot;:&quot;&quot;,&quot;orientation&quot;:&quot;1&quot;}\" data-image-title=\"Harta-e-vjeter-e-shqiperise-1\" data-image-description=\"\" data-image-caption=\"&lt;p&gt;Harta-e-vjeter-e-shqiperise-&lt;\/p&gt;\n\" data-medium-file=\"https:\/\/i0.wp.com\/www.shqiperia.com\/blog\/wp-content\/uploads\/2019\/05\/Harta-e-vjeter-e-shqiperise-1.jpg?fit=300%2C173&amp;ssl=1\" data-large-file=\"https:\/\/i0.wp.com\/www.shqiperia.com\/blog\/wp-content\/uploads\/2019\/05\/Harta-e-vjeter-e-shqiperise-1.jpg?fit=720%2C415&amp;ssl=1\" class=\" wp-image-20808\" alt=\"\" src=\"https:\/\/i0.wp.com\/www.shqiperia.com\/blog\/wp-content\/uploads\/2019\/05\/Harta-e-vjeter-e-shqiperise-1-300x173.jpg?resize=789%2C455\" width=\"789\" height=\"455\" srcset=\"https:\/\/i0.wp.com\/www.shqiperia.com\/blog\/wp-content\/uploads\/2019\/05\/Harta-e-vjeter-e-shqiperise-1.jpg?resize=300%2C173&amp;ssl=1 300w, https:\/\/i0.wp.com\/www.shqiperia.com\/blog\/wp-content\/uploads\/2019\/05\/Harta-e-vjeter-e-shqiperise-1.jpg?resize=450%2C259&amp;ssl=1 450w, https:\/\/i0.wp.com\/www.shqiperia.com\/blog\/wp-content\/uploads\/2019\/05\/Harta-e-vjeter-e-shqiperise-1.jpg?resize=600%2C346&amp;ssl=1 600w, https:\/\/i0.wp.com\/www.shqiperia.com\/blog\/wp-content\/uploads\/2019\/05\/Harta-e-vjeter-e-shqiperise-1.jpg?resize=400%2C231&amp;ssl=1 400w, https:\/\/i0.wp.com\/www.shqiperia.com\/blog\/wp-content\/uploads\/2019\/05\/Harta-e-vjeter-e-shqiperise-1.jpg?w=720&amp;ssl=1 720w\" sizes=\"auto, (max-width: 789px) 100vw, 789px\" \/><p id=\"caption-attachment-20808\" class=\"wp-caption-text\">Harta-e-vjeter-e-shqiperise-<\/p><\/div>\n<p>Malesise se Madhe si nga ana Gjeografike dhe etnografike i perkasin edhe Rranxat e Myslimanizuara ose Rranxat e Malesise dhe qe jane Bajraket Rec, Lohe, Rrjoll, Koplik, Grizhe , Buze e Ujit e tjer. Pavaresishte nga fakti i shkeputjes me dhune i disa viseve te Malesise se Madhe 140 vjet me pare e disa te tjerave me vone me 1913 si dhe i nderprerjes edhe te marrdhenieve familjare Malesoret kurrsesi nuk u shkombetarizuan dhe u perpoqen ta ruajne sa ma shume kete race te rradhe shqiptare, e sa me te paster c ka do te thote se qe te ruhet edhe me tej, si e tille eshte detyre urgjente rilidhja dhe lidhja e martesave ne Mese Malesoreve ne te dy anet e kufirit si dhe kudo ku ata ndollen.<\/p>\n","protected":false},"excerpt":{"rendered":"<p>SI U FORMUA KRAHINA MAL\u00cbSI E MADHE? &#8211; As. prof. dr. Kahreman Ulqini Malesia e Madhe gjate shek. XV-XVII shtrihej brenda ketyre kufive natyrore. Prroni i Thate, Mali i Kurriles, Qafa e Thanes, Bjeshket e Nemuna, malet Kom e Vizitor, lumenjet Zeta, Moraca te bashkuar me Zeten, deri ne derdhje te liqenit te Shkodres. Kjo [&hellip;]<\/p>\n","protected":false},"author":9,"featured_media":20808,"comment_status":"open","ping_status":"open","sticky":false,"template":"","format":"standard","meta":{"jetpack_post_was_ever_published":false,"_jetpack_newsletter_access":"","_jetpack_dont_email_post_to_subs":false,"_jetpack_newsletter_tier_id":0,"_jetpack_memberships_contains_paywalled_content":false,"_jetpack_memberships_contains_paid_content":false,"footnotes":"","jetpack_publicize_message":"","jetpack_publicize_feature_enabled":true,"jetpack_social_post_already_shared":true,"jetpack_social_options":{"image_generator_settings":{"template":"highway","default_image_id":0,"font":"","enabled":false},"version":2}},"categories":[85,10,86],"tags":[],"class_list":["post-20807","post","type-post","status-publish","format-standard","has-post-thumbnail","hentry","category-histori","category-kultura","category-trashegimi-kulturore"],"jetpack_publicize_connections":[],"jetpack_featured_media_url":"https:\/\/i0.wp.com\/www.shqiperia.com\/blog\/wp-content\/uploads\/2019\/05\/Harta-e-vjeter-e-shqiperise-1.jpg?fit=720%2C415&ssl=1","jetpack_sharing_enabled":true,"jetpack_shortlink":"https:\/\/wp.me\/p5Z6wp-5pB","jetpack-related-posts":[{"id":2831,"url":"https:\/\/www.shqiperia.com\/blog\/nje-megalit-zbulohet-ne-malesi-te-madhe\/","url_meta":{"origin":20807,"position":0},"title":"Nje Megalit zbulohet n\u00eb Mal\u00ebsi t\u00eb Madhe.","author":"Kurt Farka","date":"February 10, 2018","format":false,"excerpt":"Nga: Anton Pllumi. Sipas \"Bibl\u00ebs\" dhe shum\u00eb miteve antik\u00eb, planeti yn\u00eb ishte i dominuar, para ardhjes s\u00eb njeriut, nga nj\u00eb popull shum\u00eb i gjat\u00eb: gjigant\u00ebt ose \"kolos\u00ebt\", t\u00eb cil\u00ebt, m\u00eb pas u zhduk\u00ebn me ndihm\u00ebn e zotave. B\u00ebhet fjal\u00eb p\u00ebr nj\u00eb legjend\u00eb, apo e gjith\u00eb kjo \u00ebsht\u00eb e v\u00ebrtet\u00eb? Fakti\u2026","rel":"","context":"In &quot;Blogu i Udh\u00ebtarit&quot;","block_context":{"text":"Blogu i Udh\u00ebtarit","link":"https:\/\/www.shqiperia.com\/blog\/category\/blogu-i-udhetarit\/"},"img":{"alt_text":"","src":"https:\/\/i0.wp.com\/www.shqiperia.com\/blog\/wp-content\/uploads\/2018\/02\/Megalit-i-zbuluar-ne-Malesi-te-Madhe..jpg?fit=720%2C540&ssl=1&resize=350%2C200","width":350,"height":200,"srcset":"https:\/\/i0.wp.com\/www.shqiperia.com\/blog\/wp-content\/uploads\/2018\/02\/Megalit-i-zbuluar-ne-Malesi-te-Madhe..jpg?fit=720%2C540&ssl=1&resize=350%2C200 1x, https:\/\/i0.wp.com\/www.shqiperia.com\/blog\/wp-content\/uploads\/2018\/02\/Megalit-i-zbuluar-ne-Malesi-te-Madhe..jpg?fit=720%2C540&ssl=1&resize=525%2C300 1.5x, https:\/\/i0.wp.com\/www.shqiperia.com\/blog\/wp-content\/uploads\/2018\/02\/Megalit-i-zbuluar-ne-Malesi-te-Madhe..jpg?fit=720%2C540&ssl=1&resize=700%2C400 2x"},"classes":[]},{"id":67317,"url":"https:\/\/www.shqiperia.com\/blog\/si-u-formua-hena-brenda-pak-oresh\/","url_meta":{"origin":20807,"position":1},"title":"Si u formua H\u00ebna brenda pak or\u00ebsh","author":"Kurt Farka","date":"February 4, 2023","format":false,"excerpt":"4 Shkurt 2023 Shumica e shkenc\u00ebtar\u00ebve bie dakord me hipotez\u00ebn se H\u00ebna u formua nga p\u00ebrplasja me Tok\u00ebn e nj\u00eb objekti af\u00ebrsisht t\u00eb nj\u00ebjt\u00eb me planetin Mars, t\u00eb quajtur Teia, pik\u00ebrisht n\u00eb fillimet e jet\u00ebs s\u00eb planetit ton\u00eb. N\u00eb realitet ka ende disa t\u00eb panjohura lidhur me detajet e k\u00ebsaj\u2026","rel":"","context":"In &quot;Blogu i Udh\u00ebtarit&quot;","block_context":{"text":"Blogu i Udh\u00ebtarit","link":"https:\/\/www.shqiperia.com\/blog\/category\/blogu-i-udhetarit\/"},"img":{"alt_text":"","src":"https:\/\/i0.wp.com\/www.shqiperia.com\/blog\/wp-content\/uploads\/2023\/02\/640-0-screenshot-2022-10-17-181213-232.jpg?fit=640%2C357&ssl=1&resize=350%2C200","width":350,"height":200,"srcset":"https:\/\/i0.wp.com\/www.shqiperia.com\/blog\/wp-content\/uploads\/2023\/02\/640-0-screenshot-2022-10-17-181213-232.jpg?fit=640%2C357&ssl=1&resize=350%2C200 1x, https:\/\/i0.wp.com\/www.shqiperia.com\/blog\/wp-content\/uploads\/2023\/02\/640-0-screenshot-2022-10-17-181213-232.jpg?fit=640%2C357&ssl=1&resize=525%2C300 1.5x"},"classes":[]},{"id":21771,"url":"https:\/\/www.shqiperia.com\/blog\/nje-figure-kultike-me-interes-dhe-zvastika-ne-nje-sixhade-te-shek-xix\/","url_meta":{"origin":20807,"position":2},"title":"Nje figure kultike me interes dhe zvastika ne nje sixhade te shek. XIX.","author":"Kurt Farka","date":"June 9, 2019","format":false,"excerpt":"Nje figure me interes ne nje sixhade te shek. XIX Shenim dhe foto nga Jaho Brahaj. Motive nga sixhadet e punuara ne vendin tone ne menyre atizanale ne shtepi. Tek foto e pare dallohet nje figure me interes si antropomorfe, ndoshta figure e nje qenie mitike. Po ashtu edhe Zvastka.\u2026","rel":"","context":"In &quot;Arte&quot;","block_context":{"text":"Arte","link":"https:\/\/www.shqiperia.com\/blog\/category\/arte\/"},"img":{"alt_text":"","src":"https:\/\/i0.wp.com\/www.shqiperia.com\/blog\/wp-content\/uploads\/2019\/06\/Sixhade-fragment-e-shek.-XIX..jpg?fit=960%2C440&ssl=1&resize=350%2C200","width":350,"height":200,"srcset":"https:\/\/i0.wp.com\/www.shqiperia.com\/blog\/wp-content\/uploads\/2019\/06\/Sixhade-fragment-e-shek.-XIX..jpg?fit=960%2C440&ssl=1&resize=350%2C200 1x, https:\/\/i0.wp.com\/www.shqiperia.com\/blog\/wp-content\/uploads\/2019\/06\/Sixhade-fragment-e-shek.-XIX..jpg?fit=960%2C440&ssl=1&resize=525%2C300 1.5x, https:\/\/i0.wp.com\/www.shqiperia.com\/blog\/wp-content\/uploads\/2019\/06\/Sixhade-fragment-e-shek.-XIX..jpg?fit=960%2C440&ssl=1&resize=700%2C400 2x"},"classes":[]},{"id":84254,"url":"https:\/\/www.shqiperia.com\/blog\/fenomen-i-rralle-natyrore-ne-koje-malesi-te-madhe-ne-rrethinat-e-tuzit\/","url_meta":{"origin":20807,"position":3},"title":"Fenomen i rrall\u00eb natyror\u00eb n\u00eb Koj\u00eb,  Mal\u00ebsi t\u00eb Madhe n\u00eb rrethinat e Tuzit","author":"Kurt Farka","date":"September 9, 2024","format":false,"excerpt":"9 Shtator 2024 Nga Anton Pllumaj Para do kohe kemi zhvillua nji ekspedit\u00eb hulumtuese n\u00ebp\u00ebr katundet e Koj\u00ebs, n\u00eb krahin\u00ebn Mal\u00ebsi e Madhe, rrethinat e Tuzit. N\u00eb livadhet e katundit Radof\u00e7\u00eb kishte humbur toka, di\u00e7ka e rrall\u00eb n\u00eb malet tona! Kjo \u00ebsht\u00eb d\u00ebshmi se luginat, lugjet dhe vorbullat karstike jan\u00eb\u2026","rel":"","context":"In &quot;Blogu i Udh\u00ebtarit&quot;","block_context":{"text":"Blogu i Udh\u00ebtarit","link":"https:\/\/www.shqiperia.com\/blog\/category\/blogu-i-udhetarit\/"},"img":{"alt_text":"","src":"https:\/\/i0.wp.com\/www.shqiperia.com\/blog\/wp-content\/uploads\/2024\/09\/458977663_483732387960048_9014403779978025694_n.jpg?fit=640%2C490&ssl=1&resize=350%2C200","width":350,"height":200,"srcset":"https:\/\/i0.wp.com\/www.shqiperia.com\/blog\/wp-content\/uploads\/2024\/09\/458977663_483732387960048_9014403779978025694_n.jpg?fit=640%2C490&ssl=1&resize=350%2C200 1x, https:\/\/i0.wp.com\/www.shqiperia.com\/blog\/wp-content\/uploads\/2024\/09\/458977663_483732387960048_9014403779978025694_n.jpg?fit=640%2C490&ssl=1&resize=525%2C300 1.5x"},"classes":[]},{"id":27668,"url":"https:\/\/www.shqiperia.com\/blog\/helmete-e-arte-shek-vi-zbuluar-ne-angli\/","url_meta":{"origin":20807,"position":4},"title":"Helmete e arte, shek. VI zbuluar ne Angli.","author":"Kurt Farka","date":"November 4, 2019","format":false,"excerpt":"Helmete e arte, shek. VI zbuluar ne Angli. Nj\u00eb grup artefaktesh jan\u00eb publikuar s\u00ebfundmi n\u00eb Britanin\u00eb e Madhe, ku mes tyre \u00ebsht\u00eb edhe nj\u00eb helmet\u00eb e art\u00eb, e cila \u00ebsht\u00eb p\u00ebrdorur gjat\u00eb luftrave mes mbret\u00ebrive t\u00eb krishtera edhe atyre pagane. B\u00ebhet fjal\u00eb p\u00ebr rreth 14 shekuj m\u00eb par\u00eb, pik\u00ebrisht rreth\u2026","rel":"","context":"In &quot;Blogu i Udh\u00ebtarit&quot;","block_context":{"text":"Blogu i Udh\u00ebtarit","link":"https:\/\/www.shqiperia.com\/blog\/category\/blogu-i-udhetarit\/"},"img":{"alt_text":"","src":"https:\/\/i0.wp.com\/www.shqiperia.com\/blog\/wp-content\/uploads\/2019\/11\/20506288-7641913-Parts_of_a_golden_helmet_were_discovered_in_the_hoard_Pictured_A-a-55_1572693256811.jpg?fit=470%2C234&ssl=1&resize=350%2C200","width":350,"height":200},"classes":[]},{"id":20488,"url":"https:\/\/www.shqiperia.com\/blog\/kulla-e-sahatit-te-inglizit-shek-19-shkoder\/","url_meta":{"origin":20807,"position":5},"title":"Kulla e Sahatit te Inglizit, shek 19 \u2013 Shkoder. &#8211;","author":"Kurt Farka","date":"April 30, 2019","format":false,"excerpt":"Kulla e Sahatit te Inglizit, shek 19 \u2013 Shkoder. - Kulla e Sahatit e njohur ne histori si Sahati i Inglizit (Englezit) i perket arkitektures se periudhes se aristokracise mesjetare. Kulla e Sahatit\u00a0 bashke me shtepine ngjitur u ndertuan me fondet e lordit anglez Paget, i cili kishte qellim kryesor\u2026","rel":"","context":"In &quot;Histori&quot;","block_context":{"text":"Histori","link":"https:\/\/www.shqiperia.com\/blog\/category\/histori\/"},"img":{"alt_text":"","src":"https:\/\/i0.wp.com\/www.shqiperia.com\/blog\/wp-content\/uploads\/2019\/04\/img_4641-696x522-Copy.jpg?fit=696%2C390&ssl=1&resize=350%2C200","width":350,"height":200,"srcset":"https:\/\/i0.wp.com\/www.shqiperia.com\/blog\/wp-content\/uploads\/2019\/04\/img_4641-696x522-Copy.jpg?fit=696%2C390&ssl=1&resize=350%2C200 1x, https:\/\/i0.wp.com\/www.shqiperia.com\/blog\/wp-content\/uploads\/2019\/04\/img_4641-696x522-Copy.jpg?fit=696%2C390&ssl=1&resize=525%2C300 1.5x"},"classes":[]}],"_links":{"self":[{"href":"https:\/\/www.shqiperia.com\/blog\/wp-json\/wp\/v2\/posts\/20807","targetHints":{"allow":["GET"]}}],"collection":[{"href":"https:\/\/www.shqiperia.com\/blog\/wp-json\/wp\/v2\/posts"}],"about":[{"href":"https:\/\/www.shqiperia.com\/blog\/wp-json\/wp\/v2\/types\/post"}],"author":[{"embeddable":true,"href":"https:\/\/www.shqiperia.com\/blog\/wp-json\/wp\/v2\/users\/9"}],"replies":[{"embeddable":true,"href":"https:\/\/www.shqiperia.com\/blog\/wp-json\/wp\/v2\/comments?post=20807"}],"version-history":[{"count":1,"href":"https:\/\/www.shqiperia.com\/blog\/wp-json\/wp\/v2\/posts\/20807\/revisions"}],"predecessor-version":[{"id":20809,"href":"https:\/\/www.shqiperia.com\/blog\/wp-json\/wp\/v2\/posts\/20807\/revisions\/20809"}],"wp:featuredmedia":[{"embeddable":true,"href":"https:\/\/www.shqiperia.com\/blog\/wp-json\/wp\/v2\/media\/20808"}],"wp:attachment":[{"href":"https:\/\/www.shqiperia.com\/blog\/wp-json\/wp\/v2\/media?parent=20807"}],"wp:term":[{"taxonomy":"category","embeddable":true,"href":"https:\/\/www.shqiperia.com\/blog\/wp-json\/wp\/v2\/categories?post=20807"},{"taxonomy":"post_tag","embeddable":true,"href":"https:\/\/www.shqiperia.com\/blog\/wp-json\/wp\/v2\/tags?post=20807"}],"curies":[{"name":"wp","href":"https:\/\/api.w.org\/{rel}","templated":true}]}}