{"id":20803,"date":"2019-05-06T15:13:38","date_gmt":"2019-05-06T15:13:38","guid":{"rendered":"http:\/\/www.shqiperia.com\/blog\/?p=20803"},"modified":"2019-05-06T15:13:38","modified_gmt":"2019-05-06T15:13:38","slug":"ekspozita-nepermjet-artistit-dhe-kritikut-e-abaz-hodos-dhe-andon-kuqalit-celet-ne-muze","status":"publish","type":"post","link":"https:\/\/www.shqiperia.com\/blog\/ekspozita-nepermjet-artistit-dhe-kritikut-e-abaz-hodos-dhe-andon-kuqalit-celet-ne-muze\/","title":{"rendered":"Ekspozita &#8216;N\u00ebp\u00ebrmjet artistit dhe kritikut&#8217; e Abaz Hodos dhe Andon Kuqalit \u00e7elet n\u00eb muze. &#8211;"},"content":{"rendered":"<p><img data-recalc-dims=\"1\" loading=\"lazy\" decoding=\"async\" data-attachment-id=\"20804\" data-permalink=\"https:\/\/www.shqiperia.com\/blog\/ekspozita-nepermjet-artistit-dhe-kritikut-e-abaz-hodos-dhe-andon-kuqalit-celet-ne-muze\/hqdefault-10\/\" data-orig-file=\"https:\/\/i0.wp.com\/www.shqiperia.com\/blog\/wp-content\/uploads\/2019\/05\/hqdefault.jpg?fit=480%2C360&amp;ssl=1\" data-orig-size=\"480,360\" data-comments-opened=\"1\" data-image-meta=\"{&quot;aperture&quot;:&quot;0&quot;,&quot;credit&quot;:&quot;&quot;,&quot;camera&quot;:&quot;&quot;,&quot;caption&quot;:&quot;&quot;,&quot;created_timestamp&quot;:&quot;0&quot;,&quot;copyright&quot;:&quot;&quot;,&quot;focal_length&quot;:&quot;0&quot;,&quot;iso&quot;:&quot;0&quot;,&quot;shutter_speed&quot;:&quot;0&quot;,&quot;title&quot;:&quot;&quot;,&quot;orientation&quot;:&quot;0&quot;}\" data-image-title=\"hqdefault\" data-image-description=\"\" data-image-caption=\"\" data-medium-file=\"https:\/\/i0.wp.com\/www.shqiperia.com\/blog\/wp-content\/uploads\/2019\/05\/hqdefault.jpg?fit=300%2C225&amp;ssl=1\" data-large-file=\"https:\/\/i0.wp.com\/www.shqiperia.com\/blog\/wp-content\/uploads\/2019\/05\/hqdefault.jpg?fit=480%2C360&amp;ssl=1\" class=\"alignnone  wp-image-20804\" alt=\"\" src=\"https:\/\/i0.wp.com\/www.shqiperia.com\/blog\/wp-content\/uploads\/2019\/05\/hqdefault-300x225.jpg?resize=491%2C368\" width=\"491\" height=\"368\" srcset=\"https:\/\/i0.wp.com\/www.shqiperia.com\/blog\/wp-content\/uploads\/2019\/05\/hqdefault.jpg?resize=300%2C225&amp;ssl=1 300w, https:\/\/i0.wp.com\/www.shqiperia.com\/blog\/wp-content\/uploads\/2019\/05\/hqdefault.jpg?resize=450%2C338&amp;ssl=1 450w, https:\/\/i0.wp.com\/www.shqiperia.com\/blog\/wp-content\/uploads\/2019\/05\/hqdefault.jpg?resize=400%2C300&amp;ssl=1 400w, https:\/\/i0.wp.com\/www.shqiperia.com\/blog\/wp-content\/uploads\/2019\/05\/hqdefault.jpg?w=480&amp;ssl=1 480w\" sizes=\"auto, (max-width: 491px) 100vw, 491px\" \/><\/p>\n<p><strong>Ekspozita &#8216;N\u00ebp\u00ebrmjet artistit dhe kritikut&#8217; e Abaz Hodos dhe Andon Kuqalit \u00e7elet n\u00eb muze. &#8211;<\/strong><\/p>\n<p><em>Ekspozita \u201cN\u00ebp\u00ebrmjet artistit dhe kritikut\u201d e dy artist\u00ebve Andon Kuqali dhe Abaz Hodo \u00ebsht\u00eb \u00e7elur n\u00eb Muzeun Historik Komb\u00ebtar. N\u00eb qend\u00ebr t\u00eb veprave t\u00eb Hados \u00ebsht\u00eb transformimi trangjinor dhe biblik i Ev\u00ebs dhe Adamit. Nd\u00ebrsa, temat e trajtuara nga Anton Kuaqali kan\u00eb n\u00eb qend\u00ebr momente nga lufta edhe natyr\u00ebn.<\/em><\/p>\n<p>Nga: <a href=\"https:\/\/shqiptarja.com\/autori\/218\">Valeria Dedaj\u00a0<\/a><\/p>\n<p>Ekspozita \u201cN\u00ebp\u00ebrmjet artistit dhe kritikut\u201d e dy artist\u00ebve Andon Kuqali dhe Abaz Hodo \u00ebsht\u00eb \u00e7elur n\u00eb Muzeun Historik Komb\u00ebtar. Rreth 120 vizatime, grafika, pastel dhe akuarel b\u00ebn\u00eb bashk\u00eb artdash\u00ebsit gjat\u00eb inaugurimit t\u00eb ekspozit\u00ebs, e cila vjen n\u00eb kurimin e Shp\u00ebtim Dod\u00ebs. Organizator i ekspozit\u00ebs Pandi Madhi i konsideron grafikat e viteve t\u00eb fundit t\u00eb Hados, si pun\u00eb n\u00eb t\u00eb cilat ndeshim problematikat e koh\u00ebs n\u00eb familje edhe n\u00eb shoq\u00ebri. Vet Hado, i cili e konsideron veten nj\u00eb artist q\u00eb me artin e tij sjell shqet\u00ebsimet e dit\u00ebs n\u00eb vendin ku jeton, k\u00ebsaj here prezanton p\u00ebr publikun edhe Ev\u00ebn e Adamin n\u00eb disa versione.<\/p>\n<p><img data-recalc-dims=\"1\" loading=\"lazy\" decoding=\"async\" data-attachment-id=\"20805\" data-permalink=\"https:\/\/www.shqiperia.com\/blog\/ekspozita-nepermjet-artistit-dhe-kritikut-e-abaz-hodos-dhe-andon-kuqalit-celet-ne-muze\/download-18\/\" data-orig-file=\"https:\/\/i0.wp.com\/www.shqiperia.com\/blog\/wp-content\/uploads\/2019\/05\/download.jpg?fit=260%2C194&amp;ssl=1\" data-orig-size=\"260,194\" data-comments-opened=\"1\" data-image-meta=\"{&quot;aperture&quot;:&quot;0&quot;,&quot;credit&quot;:&quot;&quot;,&quot;camera&quot;:&quot;&quot;,&quot;caption&quot;:&quot;&quot;,&quot;created_timestamp&quot;:&quot;0&quot;,&quot;copyright&quot;:&quot;&quot;,&quot;focal_length&quot;:&quot;0&quot;,&quot;iso&quot;:&quot;0&quot;,&quot;shutter_speed&quot;:&quot;0&quot;,&quot;title&quot;:&quot;&quot;,&quot;orientation&quot;:&quot;0&quot;}\" data-image-title=\"download\" data-image-description=\"\" data-image-caption=\"\" data-medium-file=\"https:\/\/i0.wp.com\/www.shqiperia.com\/blog\/wp-content\/uploads\/2019\/05\/download.jpg?fit=260%2C194&amp;ssl=1\" data-large-file=\"https:\/\/i0.wp.com\/www.shqiperia.com\/blog\/wp-content\/uploads\/2019\/05\/download.jpg?fit=260%2C194&amp;ssl=1\" class=\"alignnone  wp-image-20805\" alt=\"\" src=\"https:\/\/i0.wp.com\/www.shqiperia.com\/blog\/wp-content\/uploads\/2019\/05\/download.jpg?resize=788%2C588\" width=\"788\" height=\"588\" \/><\/p>\n<p><em>\u201cVjen nj\u00eb moment, q\u00eb njeriu mbledh krijimtarin\u00eb e tij, e kur sheh q\u00eb i ka munguar publikut, mendon p\u00ebrse mos t\u2019i ekspozoj. N\u00eb nj\u00eb far\u00eb m\u00ebnyre un\u00eb jap k\u00ebt\u00eb kontribut,s\u00eb bashku me pedagogun tim, q\u00eb n\u00eb k\u00ebt\u00eb vend q\u00eb ka kontribute t\u00eb m\u00ebdha. Eva edhe Adamin p\u00ebr mua jan\u00eb personazhet kryesor, ku transformohen. K\u00ebto ndikime ndodhin, edhe jan\u00eb paradokse t\u00eb shoq\u00ebris\u00eb shqiptare. Un\u00eb jam artist me shpirt shqiptar, jam nj\u00eb patriot edhe sigurisht q\u00eb edhe materialet q\u00eb un\u00eb ekspozoj\u00eb jan\u00eb fryt i k\u00ebtij realiteti\u201d, shprehet Hado.<\/em><br \/>\nP\u00ebr kuratorin e Shp\u00ebtim Doda, \u201cN\u00ebp\u00ebrmjet artistit dhe kritikut\u201d \u00ebsht\u00eb nj\u00eb ekspozit\u00eb plot paradoks ekzistenciale, sepse nga nj\u00ebra an\u00eb kemi nj\u00eb piktor shum\u00eb t\u00eb talentuar, i cili p\u00ebr shkak t\u00eb regjimit komunist, ka pasur nj\u00eb fat tragjik edhe p\u00ebrse familja e tij, ndon\u00ebse ishte pjes\u00eb e Luft\u00ebs u gjend n\u00eb an\u00ebn e t\u00eb persekutuar\u00ebve, edhe nga ana tjet\u00ebr edhe pse Abaz Hodo i p\u00ebrket nj\u00eb brezi m\u00eb t\u00eb ri artist\u00ebsh, por q\u00eb mes tyre nuk ka diferenc\u00eb n\u00eb artin q\u00eb b\u00ebjn\u00eb.<\/p>\n<p><em>\u201cTek punimet e profesor Abazit ne duhet q\u00eb t\u00eb kuptojm\u00eb, se arti p\u00ebr shum\u00eb arsye \u00ebsht\u00eb domosdoshm\u00ebri. Arti na vendos p\u00ebrpara at\u00eb qe ne na duket e padukshme. Fakti q\u00eb ne sot kemi disa punime t\u00eb Abazit, si\u00e7 \u00ebsht\u00eb Adami edhe Eva, ku n\u00eb rastin e par\u00eb kan\u00eb p\u00ebsuar nj\u00eb lloj ndryshimi transgjinor, nd\u00ebrsa n\u00eb rastin e dyt\u00eb kan\u00eb p\u00ebsuar nj\u00eb ndryshim biblik\u201d, shprehet Doda.<\/em><\/p>\n<p>Veprat e Abaz Hados jan\u00eb n\u00eb fondin e GKA-s\u00eb, por edhe n\u00eb koleksione private n\u00eb Itali, Japoni, Austri, SHBA, Norvegji, Gjermani, Greqi, Angli. Ai ka ekspozuar brenda edhe jasht\u00eb vendit.\u00a0 N\u00eb MHK pas hapjes s\u00eb ekspozit\u00ebs u b\u00eb edhe p\u00ebrurimi i librit \u201cElemente t\u00eb kostumit popullor n\u00eb artin pamor shqiptar\u201d me autor dr. Abaz Hado. Grafikat e Andon Kuqali iu dhuruan drejtorit t\u00eb Muzeut Historik Komb\u00ebtar Dorian Ko\u00e7i. Ekspozita vazhdon q\u00eb t\u00eb q\u00ebndroj\u00eb hapur n\u00eb Muzeun Historik Komb\u00ebtar.<\/p>\n<p>Gazeta Shqiptarja.com<\/p>\n","protected":false},"excerpt":{"rendered":"<p>Ekspozita &#8216;N\u00ebp\u00ebrmjet artistit dhe kritikut&#8217; e Abaz Hodos dhe Andon Kuqalit \u00e7elet n\u00eb muze. &#8211; Ekspozita \u201cN\u00ebp\u00ebrmjet artistit dhe kritikut\u201d e dy artist\u00ebve Andon Kuqali dhe Abaz Hodo \u00ebsht\u00eb \u00e7elur n\u00eb Muzeun Historik Komb\u00ebtar. N\u00eb qend\u00ebr t\u00eb veprave t\u00eb Hados \u00ebsht\u00eb transformimi trangjinor dhe biblik i Ev\u00ebs dhe Adamit. Nd\u00ebrsa, temat e trajtuara nga Anton [&hellip;]<\/p>\n","protected":false},"author":9,"featured_media":20804,"comment_status":"open","ping_status":"open","sticky":false,"template":"","format":"standard","meta":{"jetpack_post_was_ever_published":false,"_jetpack_newsletter_access":"","_jetpack_dont_email_post_to_subs":false,"_jetpack_newsletter_tier_id":0,"_jetpack_memberships_contains_paywalled_content":false,"_jetpack_memberships_contains_paid_content":false,"footnotes":"","jetpack_publicize_message":"","jetpack_publicize_feature_enabled":true,"jetpack_social_post_already_shared":true,"jetpack_social_options":{"image_generator_settings":{"template":"highway","default_image_id":0,"font":"","enabled":false},"version":2}},"categories":[87,10,35],"tags":[],"class_list":["post-20803","post","type-post","status-publish","format-standard","has-post-thumbnail","hentry","category-arte","category-kultura","category-shoqerore"],"jetpack_publicize_connections":[],"jetpack_featured_media_url":"https:\/\/i0.wp.com\/www.shqiperia.com\/blog\/wp-content\/uploads\/2019\/05\/hqdefault.jpg?fit=480%2C360&ssl=1","jetpack_sharing_enabled":true,"jetpack_shortlink":"https:\/\/wp.me\/p5Z6wp-5px","jetpack-related-posts":[{"id":12621,"url":"https:\/\/www.shqiperia.com\/blog\/celet-ne-muzeun-kombetar-ekspozita-25-vjet-artist-profesionist\/","url_meta":{"origin":20803,"position":0},"title":"\u00c7elet n\u00eb Muzeun Komb\u00ebtar ekspozita \u201c25 vjet artist profesionist\u201d. &#8211;","author":"Kurt Farka","date":"October 14, 2018","format":false,"excerpt":"\u00c7elet n\u00eb Muzeun Komb\u00ebtar ekspozita \u201c25 vjet artist profesionist\u201d. - N\u00eb Muzeun Historik Komb\u00ebtar artisti Leonardo Voci u prezantua p\u00ebr publikun me ekspozit\u00ebn retrospektive \u201c25 vjet artist profesionist\u201d kuruar nga Floriana Paskali. Mbi 150 punime t\u00eb kornizuara, por dhe t\u00eb tjera pa korniza t\u00eb cilat artdash\u00ebsit pat\u00ebn mund\u00ebsi ti shikojn\u00eb\u2026","rel":"","context":"In &quot;Arte&quot;","block_context":{"text":"Arte","link":"https:\/\/www.shqiperia.com\/blog\/category\/arte\/"},"img":{"alt_text":"","src":"https:\/\/i0.wp.com\/www.shqiperia.com\/blog\/wp-content\/uploads\/2018\/10\/def1819e03602dff_4120-w640-h479-b1-p10-.jpg?fit=568%2C336&ssl=1&resize=350%2C200","width":350,"height":200,"srcset":"https:\/\/i0.wp.com\/www.shqiperia.com\/blog\/wp-content\/uploads\/2018\/10\/def1819e03602dff_4120-w640-h479-b1-p10-.jpg?fit=568%2C336&ssl=1&resize=350%2C200 1x, https:\/\/i0.wp.com\/www.shqiperia.com\/blog\/wp-content\/uploads\/2018\/10\/def1819e03602dff_4120-w640-h479-b1-p10-.jpg?fit=568%2C336&ssl=1&resize=525%2C300 1.5x"},"classes":[]},{"id":83972,"url":"https:\/\/www.shqiperia.com\/blog\/anastas-kostandini-vjen-ne-cod-me-ekspoziten-neper-gjurmet-e-tasos\/","url_meta":{"origin":20803,"position":1},"title":"Anastas Kostandini vjen n\u00eb COD me ekspozit\u00ebn \u201cN\u00ebp\u00ebr gjurm\u00ebt e Tasos\u201d","author":"Kurt Farka","date":"September 2, 2024","format":false,"excerpt":"2 Shtator 2024 Qendra p\u00ebr Hapje dhe Dialog (COD), n\u00eb Kryeministri, njoftoi \u00e7eljen e ekspozit\u00ebs \u201cN\u00ebp\u00ebr gjurm\u00ebt e Tasos\u201d t\u00eb artistit Anastas Kostandini (Taso), t\u00eb kuruar nga Rubin Kadiu. Ekspozita do t\u00eb \u00e7elet m\u00eb 4 shtator. I ndikuar nga veprat e mjesht\u00ebrve, si Picasso, Dali dhe Kandinsky, Tasoja ngulmon p\u00ebr\u2026","rel":"","context":"In &quot;Arte&quot;","block_context":{"text":"Arte","link":"https:\/\/www.shqiperia.com\/blog\/category\/arte\/"},"img":{"alt_text":"","src":"https:\/\/i0.wp.com\/www.shqiperia.com\/blog\/wp-content\/uploads\/2024\/09\/640-0-screenshot-19-1725279379.jpg?fit=640%2C402&ssl=1&resize=350%2C200","width":350,"height":200,"srcset":"https:\/\/i0.wp.com\/www.shqiperia.com\/blog\/wp-content\/uploads\/2024\/09\/640-0-screenshot-19-1725279379.jpg?fit=640%2C402&ssl=1&resize=350%2C200 1x, https:\/\/i0.wp.com\/www.shqiperia.com\/blog\/wp-content\/uploads\/2024\/09\/640-0-screenshot-19-1725279379.jpg?fit=640%2C402&ssl=1&resize=525%2C300 1.5x"},"classes":[]},{"id":60052,"url":"https:\/\/www.shqiperia.com\/blog\/bujar-zajmi\/","url_meta":{"origin":20803,"position":2},"title":"Bujar Zajmi: &#8211; \u201cBZAJ me diellin\u201d. &#8211; Ekspozite n\u00eb Galerin\u00eb e Artit Tiran\u00eb, me vepra t\u00eb papublikuara m\u00eb par\u00eb nga fondi i Piktorit te Shquar","author":"Kurt Farka","date":"July 25, 2022","format":false,"excerpt":"8 Korrik 2022 Ekspozita \u201cBZAJ me Diellin\u201d u hap p\u00ebr publikun n\u00eb Galerin\u00eb e Artit Tiran\u00eb. Ekspozita n\u00eb GAT p\u00ebrmban vepra t\u00eb papublikuara m\u00eb par\u00eb nga fondi i mjeshtrit Bujar Zajmi, t\u00eb realizuara n\u00eb harkun kohor 1962-2022. Ekspozita p\u00ebrmban rreth 100 vepra t\u00eb mjeshtrit dhe vjen e kuruar nga e\u2026","rel":"","context":"In &quot;Arte&quot;","block_context":{"text":"Arte","link":"https:\/\/www.shqiperia.com\/blog\/category\/arte\/"},"img":{"alt_text":"","src":"https:\/\/i0.wp.com\/www.shqiperia.com\/blog\/wp-content\/uploads\/2022\/07\/Bujar-Zajmi-1.jpg?fit=640%2C393&ssl=1&resize=350%2C200","width":350,"height":200,"srcset":"https:\/\/i0.wp.com\/www.shqiperia.com\/blog\/wp-content\/uploads\/2022\/07\/Bujar-Zajmi-1.jpg?fit=640%2C393&ssl=1&resize=350%2C200 1x, https:\/\/i0.wp.com\/www.shqiperia.com\/blog\/wp-content\/uploads\/2022\/07\/Bujar-Zajmi-1.jpg?fit=640%2C393&ssl=1&resize=525%2C300 1.5x"},"classes":[]},{"id":35784,"url":"https:\/\/www.shqiperia.com\/blog\/ekspozohen-vizatimet-e-rralla-te-50-artisteve-shqiptare-nga-portreti-ne-burg-i-faslli-halitit\/","url_meta":{"origin":20803,"position":3},"title":"Ekspozohen vizatimet e rralla t\u00eb 50 artist\u00ebve shqiptar\u00eb, nga portreti n\u00eb burg i Faslli Halitit \u2026.","author":"Kurt Farka","date":"June 17, 2020","format":false,"excerpt":"Ekspozohen vizatimet e rralla t\u00eb 50 artist\u00ebve shqiptar\u00eb, nga portreti n\u00eb burg i Faslli Halitit \u2026. Dy ekspozita me vizatime dhe akuarele jan\u00eb \u00e7elur n\u00eb sallat e Muzeut Historik Komb\u00ebtar. Kuratori i ekspozit\u00ebs Helidon Haliti rr\u00ebfen risit\u00eb e pun\u00ebs q\u00eb ka b\u00ebr\u00eb mbi 100 artist\u00eb shqiptar\u00eb edhe t\u00eb huaj. Valeria\u2026","rel":"","context":"In &quot;Arte&quot;","block_context":{"text":"Arte","link":"https:\/\/www.shqiperia.com\/blog\/category\/arte\/"},"img":{"alt_text":"","src":"https:\/\/i0.wp.com\/www.shqiperia.com\/blog\/wp-content\/uploads\/2020\/06\/download-3.jpg?resize=350%2C200&ssl=1","width":350,"height":200},"classes":[]},{"id":39922,"url":"https:\/\/www.shqiperia.com\/blog\/piktori-abaz-hado-cel-ekspoziten-arti-tek-biznesi-me-20-tablo-abstrakte\/","url_meta":{"origin":20803,"position":4},"title":"Piktori Abaz Hado \u00e7el ekspozit\u00ebn \u201cArti tek biznesi\u201d me 20 tablo abstrakte","author":"Kurt Farka","date":"October 20, 2020","format":false,"excerpt":"Piktori Abaz Hado \u00e7el ekspozit\u00ebn \u201cArti tek biznesi\u201d me 20 tablo abstrakte Piktori Abaz Hado ka \u00e7elur ekspozit\u00eb personale n\u00eb ambientet e nj\u00eb biznesi privat n\u00eb Tiran\u00eb. Kuratori i ekspozit\u00ebs e Pandi Madhi, e cil\u00ebson k\u00ebt\u00eb nj\u00eb l\u00ebvizje t\u00eb re q\u00eb nuk duhet t\u00eb ndalet, por t\u00eb mb\u00ebshtetet ligj\u00ebrisht edhe\u2026","rel":"","context":"In &quot;Arte&quot;","block_context":{"text":"Arte","link":"https:\/\/www.shqiperia.com\/blog\/category\/arte\/"},"img":{"alt_text":"","src":"https:\/\/i0.wp.com\/www.shqiperia.com\/blog\/wp-content\/uploads\/2020\/10\/1603121533_Screenshot1.jpg?fit=539%2C305&ssl=1&resize=350%2C200","width":350,"height":200,"srcset":"https:\/\/i0.wp.com\/www.shqiperia.com\/blog\/wp-content\/uploads\/2020\/10\/1603121533_Screenshot1.jpg?fit=539%2C305&ssl=1&resize=350%2C200 1x, https:\/\/i0.wp.com\/www.shqiperia.com\/blog\/wp-content\/uploads\/2020\/10\/1603121533_Screenshot1.jpg?fit=539%2C305&ssl=1&resize=525%2C300 1.5x"},"classes":[]},{"id":26195,"url":"https:\/\/www.shqiperia.com\/blog\/bienalja-ne-muzeun-historik-kombetar-prezanton-veprat-e-400-artisteve\/","url_meta":{"origin":20803,"position":5},"title":"Bienalja n\u00eb Muzeun Historik Komb\u00ebtar, prezanton veprat e 400 artist\u00ebve. &#8211;","author":"Kurt Farka","date":"September 23, 2019","format":false,"excerpt":"Bienalja n\u00eb Muzeun Historik Komb\u00ebtar, prezanton veprat e 400 artist\u00ebve. - 22\/09\/2019 N\u00eb edicionin e tret\u00eb t\u00eb Bienales Nd\u00ebrkomb\u00ebtare t\u00eb Akuarelit \u201cSelf-Portrait\u201d n\u00eb Muzeun Historik Komb\u00ebtar jan\u00eb prezantuar me pun\u00ebt e tyre 400 artist\u00eb. Me kurator piktorin e njohur Helidon Halitin, kjo ekspozit\u00eb \u00ebsht\u00eb nj\u00eb event unik q\u00eb prezanton veprat\u2026","rel":"","context":"In &quot;Arte&quot;","block_context":{"text":"Arte","link":"https:\/\/www.shqiperia.com\/blog\/category\/arte\/"},"img":{"alt_text":"","src":"https:\/\/i0.wp.com\/www.shqiperia.com\/blog\/wp-content\/uploads\/2019\/09\/biienalja_te_muzue_piktura_faqe_19-2-300x169.jpg?resize=350%2C200&ssl=1","width":350,"height":200},"classes":[]}],"_links":{"self":[{"href":"https:\/\/www.shqiperia.com\/blog\/wp-json\/wp\/v2\/posts\/20803","targetHints":{"allow":["GET"]}}],"collection":[{"href":"https:\/\/www.shqiperia.com\/blog\/wp-json\/wp\/v2\/posts"}],"about":[{"href":"https:\/\/www.shqiperia.com\/blog\/wp-json\/wp\/v2\/types\/post"}],"author":[{"embeddable":true,"href":"https:\/\/www.shqiperia.com\/blog\/wp-json\/wp\/v2\/users\/9"}],"replies":[{"embeddable":true,"href":"https:\/\/www.shqiperia.com\/blog\/wp-json\/wp\/v2\/comments?post=20803"}],"version-history":[{"count":1,"href":"https:\/\/www.shqiperia.com\/blog\/wp-json\/wp\/v2\/posts\/20803\/revisions"}],"predecessor-version":[{"id":20806,"href":"https:\/\/www.shqiperia.com\/blog\/wp-json\/wp\/v2\/posts\/20803\/revisions\/20806"}],"wp:featuredmedia":[{"embeddable":true,"href":"https:\/\/www.shqiperia.com\/blog\/wp-json\/wp\/v2\/media\/20804"}],"wp:attachment":[{"href":"https:\/\/www.shqiperia.com\/blog\/wp-json\/wp\/v2\/media?parent=20803"}],"wp:term":[{"taxonomy":"category","embeddable":true,"href":"https:\/\/www.shqiperia.com\/blog\/wp-json\/wp\/v2\/categories?post=20803"},{"taxonomy":"post_tag","embeddable":true,"href":"https:\/\/www.shqiperia.com\/blog\/wp-json\/wp\/v2\/tags?post=20803"}],"curies":[{"name":"wp","href":"https:\/\/api.w.org\/{rel}","templated":true}]}}