{"id":20799,"date":"2019-05-06T13:13:14","date_gmt":"2019-05-06T13:13:14","guid":{"rendered":"http:\/\/www.shqiperia.com\/blog\/?p=20799"},"modified":"2019-05-06T13:13:14","modified_gmt":"2019-05-06T13:13:14","slug":"papa-francesku-viziten-time-ia-kushtoj-bijes-tuaj-nenes-tereze","status":"publish","type":"post","link":"https:\/\/www.shqiperia.com\/blog\/papa-francesku-viziten-time-ia-kushtoj-bijes-tuaj-nenes-tereze\/","title":{"rendered":"Papa Fran\u00e7esku: Vizit\u00ebn time ia kushtoj bij\u00ebs tuaj, N\u00ebn\u00ebs Terez\u00eb. &#8211;"},"content":{"rendered":"<p><img data-recalc-dims=\"1\" loading=\"lazy\" decoding=\"async\" data-attachment-id=\"20800\" data-permalink=\"https:\/\/www.shqiperia.com\/blog\/papa-francesku-viziten-time-ia-kushtoj-bijes-tuaj-nenes-tereze\/papa-francesku\/\" data-orig-file=\"https:\/\/i0.wp.com\/www.shqiperia.com\/blog\/wp-content\/uploads\/2019\/05\/Papa-Francesku.png?fit=891%2C500&amp;ssl=1\" data-orig-size=\"891,500\" data-comments-opened=\"1\" data-image-meta=\"{&quot;aperture&quot;:&quot;0&quot;,&quot;credit&quot;:&quot;&quot;,&quot;camera&quot;:&quot;&quot;,&quot;caption&quot;:&quot;&quot;,&quot;created_timestamp&quot;:&quot;0&quot;,&quot;copyright&quot;:&quot;&quot;,&quot;focal_length&quot;:&quot;0&quot;,&quot;iso&quot;:&quot;0&quot;,&quot;shutter_speed&quot;:&quot;0&quot;,&quot;title&quot;:&quot;&quot;,&quot;orientation&quot;:&quot;0&quot;}\" data-image-title=\"Papa Francesku\" data-image-description=\"\" data-image-caption=\"\" data-medium-file=\"https:\/\/i0.wp.com\/www.shqiperia.com\/blog\/wp-content\/uploads\/2019\/05\/Papa-Francesku.png?fit=300%2C168&amp;ssl=1\" data-large-file=\"https:\/\/i0.wp.com\/www.shqiperia.com\/blog\/wp-content\/uploads\/2019\/05\/Papa-Francesku.png?fit=891%2C500&amp;ssl=1\" class=\"alignnone  wp-image-20800\" alt=\"\" src=\"https:\/\/i0.wp.com\/www.shqiperia.com\/blog\/wp-content\/uploads\/2019\/05\/Papa-Francesku-300x168.png?resize=611%2C342\" width=\"611\" height=\"342\" srcset=\"https:\/\/i0.wp.com\/www.shqiperia.com\/blog\/wp-content\/uploads\/2019\/05\/Papa-Francesku.png?resize=300%2C168&amp;ssl=1 300w, https:\/\/i0.wp.com\/www.shqiperia.com\/blog\/wp-content\/uploads\/2019\/05\/Papa-Francesku.png?resize=768%2C431&amp;ssl=1 768w, https:\/\/i0.wp.com\/www.shqiperia.com\/blog\/wp-content\/uploads\/2019\/05\/Papa-Francesku.png?resize=450%2C253&amp;ssl=1 450w, https:\/\/i0.wp.com\/www.shqiperia.com\/blog\/wp-content\/uploads\/2019\/05\/Papa-Francesku.png?resize=600%2C337&amp;ssl=1 600w, https:\/\/i0.wp.com\/www.shqiperia.com\/blog\/wp-content\/uploads\/2019\/05\/Papa-Francesku.png?resize=400%2C224&amp;ssl=1 400w, https:\/\/i0.wp.com\/www.shqiperia.com\/blog\/wp-content\/uploads\/2019\/05\/Papa-Francesku.png?w=891&amp;ssl=1 891w\" sizes=\"auto, (max-width: 611px) 100vw, 611px\" \/><\/p>\n<p><strong>Papa Fran\u00e7esku: Vizit\u00ebn time ia kushtoj bij\u00ebs tuaj, N\u00ebn\u00ebs Terez\u00eb. &#8211; <\/strong><\/p>\n<p>4 Maj 2019<\/p>\n<p>N\u00eb prag t\u00eb vizit\u00ebs s\u00eb tij n\u00eb Maqedonin\u00eb e Veriut, m\u00eb 7 maj n\u00eb Shkup, Papa Fran\u00e7esku ka d\u00ebrguar nj\u00eb mesazh p\u00ebr t\u00eb gjith\u00eb qytetar\u00ebve e Maqedonis\u00eb, shkruan Alsat-m, transmeton Klan Kosova.<\/p>\n<p>Mesazhi i Papa Fran\u00e7eskut:<\/p>\n<p>T\u00eb dashur v\u00ebllez\u00ebr dhe motra nga Maqedonia \u0435 Veriut,<\/p>\n<p>N\u00ebp\u00ebrmjet k\u00ebtij mesazhi t\u00eb shkurt\u00ebr, dua t\u00eb shpreh g\u00ebzimin dhe miq\u00ebsin\u00eb q\u00eb ndjej p\u00ebr njer\u00ebzit tuaj dhe kish\u00ebn q\u00eb ekziston n\u00eb vendin tuaj.<\/p>\n<p>Prej q\u00eb vendi juaj u b\u00eb i pavarur, Selia e Shenjt\u00eb donte t\u00eb krijonte marr\u00ebdh\u00ebnie miq\u00ebsore dhe diplomatike me ju. Sot, m\u00eb shum\u00eb se kurr\u00eb, ka nevoj\u00eb q\u00eb n\u00eb Evrop\u00eb dhe n\u00eb mbar\u00eb bot\u00ebn, p\u00ebr t\u00eb zhvillohet nj\u00eb kultur\u00eb e p\u00ebrbashk\u00ebt, nj\u00eb kultur\u00eb e v\u00ebllaz\u00ebris\u00eb, un\u00eb do t\u00eb vij n\u00eb mesin tuaj.Un\u00eb jam i sigurt se vendi juaj \u00ebsht\u00eb i mir\u00eb.<\/p>\n<p>N\u00eb fakt, bukuria e ve\u00e7ant\u00eb e vendit tuaj, \u00ebsht\u00eb p\u00ebr shkak t\u00eb kulturave t\u00eb ndryshme, etnive dhe feve q\u00eb jetojn\u00eb n\u00eb t\u00eb. Sigurisht q\u00eb bashk\u00ebjetesa nuk \u00ebsht\u00eb gjithmon\u00eb e leht\u00eb, ne e dim\u00eb at\u00eb, por ja vlen q\u00eb t\u00eb investohet n\u00eb p\u00ebrpjekje, p\u00ebr shkak se mozaik\u00ebt m\u00eb t\u00eb bukura jan\u00eb ato q\u00eb kan\u00eb shum\u00eb ngjyra.<\/p>\n<p>Vizit\u00ebn time ia kushtoj nj\u00eb shenjtore t\u00eb madhe, nj\u00eb bije t\u00eb vendit tuaj, N\u00ebn\u00ebs Terez\u00eb, e lindur dhe e rritur n\u00eb Shkup, e cila me ndihm\u00ebn e Per\u00ebndis\u00eb, u b\u00eb misionare e guximshme e Krishtit n\u00eb bot\u00eb, duke u dh\u00ebn\u00eb shpres\u00eb dhe dinjitetin t\u00eb varf\u00ebrve.<\/p>\n<p>T\u00eb dashur miq, le t\u00eb p\u00ebrgatisim takimin ton\u00eb me lutje q\u00eb ky takim t\u00eb jet\u00eb i mbushur me paqe dhe t\u00eb mira p\u00ebr t\u00eb gjith\u00eb njer\u00ebzit tuaj.<\/p>\n<div id=\"attachment_20801\" style=\"width: 831px\" class=\"wp-caption alignnone\"><img data-recalc-dims=\"1\" loading=\"lazy\" decoding=\"async\" aria-describedby=\"caption-attachment-20801\" data-attachment-id=\"20801\" data-permalink=\"https:\/\/www.shqiperia.com\/blog\/papa-francesku-viziten-time-ia-kushtoj-bijes-tuaj-nenes-tereze\/papa-francesku-2\/\" data-orig-file=\"https:\/\/i0.wp.com\/www.shqiperia.com\/blog\/wp-content\/uploads\/2019\/05\/Papa-Francesku-1.png?fit=891%2C500&amp;ssl=1\" data-orig-size=\"891,500\" data-comments-opened=\"1\" data-image-meta=\"{&quot;aperture&quot;:&quot;0&quot;,&quot;credit&quot;:&quot;&quot;,&quot;camera&quot;:&quot;&quot;,&quot;caption&quot;:&quot;&quot;,&quot;created_timestamp&quot;:&quot;0&quot;,&quot;copyright&quot;:&quot;&quot;,&quot;focal_length&quot;:&quot;0&quot;,&quot;iso&quot;:&quot;0&quot;,&quot;shutter_speed&quot;:&quot;0&quot;,&quot;title&quot;:&quot;&quot;,&quot;orientation&quot;:&quot;0&quot;}\" data-image-title=\"Papa Francesku\" data-image-description=\"\" data-image-caption=\"&lt;p&gt;Papa Francesku&lt;\/p&gt;\n\" data-medium-file=\"https:\/\/i0.wp.com\/www.shqiperia.com\/blog\/wp-content\/uploads\/2019\/05\/Papa-Francesku-1.png?fit=300%2C168&amp;ssl=1\" data-large-file=\"https:\/\/i0.wp.com\/www.shqiperia.com\/blog\/wp-content\/uploads\/2019\/05\/Papa-Francesku-1.png?fit=891%2C500&amp;ssl=1\" class=\" wp-image-20801\" alt=\"\" src=\"https:\/\/i0.wp.com\/www.shqiperia.com\/blog\/wp-content\/uploads\/2019\/05\/Papa-Francesku-1-300x168.png?resize=821%2C460\" width=\"821\" height=\"460\" srcset=\"https:\/\/i0.wp.com\/www.shqiperia.com\/blog\/wp-content\/uploads\/2019\/05\/Papa-Francesku-1.png?resize=300%2C168&amp;ssl=1 300w, https:\/\/i0.wp.com\/www.shqiperia.com\/blog\/wp-content\/uploads\/2019\/05\/Papa-Francesku-1.png?resize=768%2C431&amp;ssl=1 768w, https:\/\/i0.wp.com\/www.shqiperia.com\/blog\/wp-content\/uploads\/2019\/05\/Papa-Francesku-1.png?resize=450%2C253&amp;ssl=1 450w, https:\/\/i0.wp.com\/www.shqiperia.com\/blog\/wp-content\/uploads\/2019\/05\/Papa-Francesku-1.png?resize=600%2C337&amp;ssl=1 600w, https:\/\/i0.wp.com\/www.shqiperia.com\/blog\/wp-content\/uploads\/2019\/05\/Papa-Francesku-1.png?resize=400%2C224&amp;ssl=1 400w, https:\/\/i0.wp.com\/www.shqiperia.com\/blog\/wp-content\/uploads\/2019\/05\/Papa-Francesku-1.png?w=891&amp;ssl=1 891w\" sizes=\"auto, (max-width: 821px) 100vw, 821px\" \/><p id=\"caption-attachment-20801\" class=\"wp-caption-text\">Papa Francesku<\/p><\/div>\n<p>Qofshi t\u00eb bekuar nga Per\u00ebndia!<\/p>\n","protected":false},"excerpt":{"rendered":"<p>Papa Fran\u00e7esku: Vizit\u00ebn time ia kushtoj bij\u00ebs tuaj, N\u00ebn\u00ebs Terez\u00eb. &#8211; 4 Maj 2019 N\u00eb prag t\u00eb vizit\u00ebs s\u00eb tij n\u00eb Maqedonin\u00eb e Veriut, m\u00eb 7 maj n\u00eb Shkup, Papa Fran\u00e7esku ka d\u00ebrguar nj\u00eb mesazh p\u00ebr t\u00eb gjith\u00eb qytetar\u00ebve e Maqedonis\u00eb, shkruan Alsat-m, transmeton Klan Kosova. Mesazhi i Papa Fran\u00e7eskut: T\u00eb dashur v\u00ebllez\u00ebr dhe motra [&hellip;]<\/p>\n","protected":false},"author":9,"featured_media":20800,"comment_status":"open","ping_status":"open","sticky":false,"template":"","format":"standard","meta":{"jetpack_post_was_ever_published":false,"_jetpack_newsletter_access":"","_jetpack_dont_email_post_to_subs":false,"_jetpack_newsletter_tier_id":0,"_jetpack_memberships_contains_paywalled_content":false,"_jetpack_memberships_contains_paid_content":false,"footnotes":"","jetpack_publicize_message":"","jetpack_publicize_feature_enabled":true,"jetpack_social_post_already_shared":true,"jetpack_social_options":{"image_generator_settings":{"template":"highway","default_image_id":0,"font":"","enabled":false},"version":2}},"categories":[27,85,10],"tags":[],"class_list":["post-20799","post","type-post","status-publish","format-standard","has-post-thumbnail","hentry","category-blogu-i-udhetarit","category-histori","category-kultura"],"jetpack_publicize_connections":[],"jetpack_featured_media_url":"https:\/\/i0.wp.com\/www.shqiperia.com\/blog\/wp-content\/uploads\/2019\/05\/Papa-Francesku.png?fit=891%2C500&ssl=1","jetpack_sharing_enabled":true,"jetpack_shortlink":"https:\/\/wp.me\/p5Z6wp-5pt","jetpack-related-posts":[{"id":84350,"url":"https:\/\/www.shqiperia.com\/blog\/gjysma-e-popullit-ne-shesh-papa-francesku-mban-meshe-per-rreth-600-mije-njerez-ne-timorin-lindor\/","url_meta":{"origin":20799,"position":0},"title":"GJYSMA E POPULLIT N\u00cb SHESH\/ Papa Fran\u00e7esku mban mesh\u00eb p\u00ebr rreth 600 mij\u00eb njer\u00ebz n\u00eb Timorin Lindor","author":"Kurt Farka","date":"September 11, 2024","format":false,"excerpt":"11 Shtator 2024 Rreth 600 mij\u00eb njer\u00ebz, n\u00eb Timorin Lindor, vler\u00ebsohet se mor\u00ebn pjes\u00eb n\u00eb mesh\u00ebn e drejtuar nga Papa Francesku n\u00eb nj\u00eb park t\u00eb cil\u00ebsuar sinonim t\u00eb luft\u00ebs p\u00ebr pavar\u00ebsi. Turma p\u00ebrb\u00ebn rreth gjysm\u00ebn e popullsis\u00eb s\u00eb vendit aziatik \u00e7ka e b\u00ebn progresivisht nj\u00eb nd\u00ebr grumbullimet m\u00eb masive gjat\u00eb\u2026","rel":"","context":"In &quot;Blogu i Udh\u00ebtarit&quot;","block_context":{"text":"Blogu i Udh\u00ebtarit","link":"https:\/\/www.shqiperia.com\/blog\/category\/blogu-i-udhetarit\/"},"img":{"alt_text":"","src":"https:\/\/i0.wp.com\/www.shqiperia.com\/blog\/wp-content\/uploads\/2024\/09\/640-0-papa-1726059217.jpeg?fit=640%2C360&ssl=1&resize=350%2C200","width":350,"height":200,"srcset":"https:\/\/i0.wp.com\/www.shqiperia.com\/blog\/wp-content\/uploads\/2024\/09\/640-0-papa-1726059217.jpeg?fit=640%2C360&ssl=1&resize=350%2C200 1x, https:\/\/i0.wp.com\/www.shqiperia.com\/blog\/wp-content\/uploads\/2024\/09\/640-0-papa-1726059217.jpeg?fit=640%2C360&ssl=1&resize=525%2C300 1.5x"},"classes":[]},{"id":70580,"url":"https:\/\/www.shqiperia.com\/blog\/eshte-nje-pasuri-papa-francesku-ne-nje-dokumentar-me-te-rinjte-sksi-nje-nga-gjerat-me-te-bukura-te-dhena-nga-zoti\/","url_meta":{"origin":20799,"position":1},"title":"&#8220;\u00cbsht\u00eb nj\u00eb pasuri&#8221;. &#8211; Papa Fran\u00e7esku n\u00eb nj\u00eb dokumentar me t\u00eb rinjt\u00eb: S*ksi, nj\u00eb nga gj\u00ebrat m\u00eb t\u00eb bukura t\u00eb dh\u00ebna nga Zoti","author":"Kurt Farka","date":"April 6, 2023","format":false,"excerpt":"6 Prill 2023 Nga Gazeta Sot Papa Fran\u00e7esku pasi q\u00ebndroi disa dit\u00eb n\u00eb spital \u00ebsht\u00eb kthyer dhe ka b\u00ebr\u00eb nj\u00eb deklarat\u00eb q\u00eb ka b\u00ebr\u00eb xhiron e rrjetit. N\u00eb nj\u00eb bashk\u00ebbisedim me t\u00eb rinjt\u00eb pjes\u00eb e nj\u00eb dokumentari I cili quhet \u201cThe Pope Ans\u00ebers \u201d q\u00ebpritet t\u00eb transmetohet n\u00eb Disney+ ati\u2026","rel":"","context":"In &quot;Blogu i Udh\u00ebtarit&quot;","block_context":{"text":"Blogu i Udh\u00ebtarit","link":"https:\/\/www.shqiperia.com\/blog\/category\/blogu-i-udhetarit\/"},"img":{"alt_text":"","src":"https:\/\/i0.wp.com\/www.shqiperia.com\/blog\/wp-content\/uploads\/2023\/04\/papa-Francesku.jpg?fit=1200%2C820&ssl=1&resize=350%2C200","width":350,"height":200,"srcset":"https:\/\/i0.wp.com\/www.shqiperia.com\/blog\/wp-content\/uploads\/2023\/04\/papa-Francesku.jpg?fit=1200%2C820&ssl=1&resize=350%2C200 1x, https:\/\/i0.wp.com\/www.shqiperia.com\/blog\/wp-content\/uploads\/2023\/04\/papa-Francesku.jpg?fit=1200%2C820&ssl=1&resize=525%2C300 1.5x, https:\/\/i0.wp.com\/www.shqiperia.com\/blog\/wp-content\/uploads\/2023\/04\/papa-Francesku.jpg?fit=1200%2C820&ssl=1&resize=700%2C400 2x, https:\/\/i0.wp.com\/www.shqiperia.com\/blog\/wp-content\/uploads\/2023\/04\/papa-Francesku.jpg?fit=1200%2C820&ssl=1&resize=1050%2C600 3x"},"classes":[]},{"id":87479,"url":"https:\/\/www.shqiperia.com\/blog\/papa-francesku-mban-meshe-madheshtore-ne-viziten-e-tij-te-pare-ne-korsike\/","url_meta":{"origin":20799,"position":2},"title":"Papa Fran\u00e7esku mban mesh\u00eb madh\u00ebshtore n\u00eb vizit\u00ebn e tij t\u00eb par\u00eb n\u00eb Korsik\u00eb","author":"Kurt Farka","date":"December 16, 2024","format":false,"excerpt":"16 Dhjetor 2024 Nga OraNews Papa Fran\u00e7esku kremtoi mesh\u00ebn t\u00eb diel\u00ebn p\u00ebrpara mij\u00ebra besimtar\u00ebve n\u00eb Korsik\u00eb, nj\u00eb bastion i besimit katolik, udh\u00ebtimi i par\u00eb ndonj\u00ebher\u00eb i nj\u00eb Ati t\u00eb Shenjt\u00eb n\u00eb ishullin francez mesdhetar. Ceremonia, e ndjekur nga rreth 9,000 persona personalisht dhe e ndjekur nga nj\u00eb num\u00ebr i ngjash\u00ebm\u2026","rel":"","context":"In &quot;Blogu i Udh\u00ebtarit&quot;","block_context":{"text":"Blogu i Udh\u00ebtarit","link":"https:\/\/www.shqiperia.com\/blog\/category\/blogu-i-udhetarit\/"},"img":{"alt_text":"","src":"https:\/\/i0.wp.com\/www.shqiperia.com\/blog\/wp-content\/uploads\/2024\/12\/640-0-ec46fe8a853bd588de3a41d6c26f763c.jpg?fit=640%2C360&ssl=1&resize=350%2C200","width":350,"height":200,"srcset":"https:\/\/i0.wp.com\/www.shqiperia.com\/blog\/wp-content\/uploads\/2024\/12\/640-0-ec46fe8a853bd588de3a41d6c26f763c.jpg?fit=640%2C360&ssl=1&resize=350%2C200 1x, https:\/\/i0.wp.com\/www.shqiperia.com\/blog\/wp-content\/uploads\/2024\/12\/640-0-ec46fe8a853bd588de3a41d6c26f763c.jpg?fit=640%2C360&ssl=1&resize=525%2C300 1.5x"},"classes":[]},{"id":48388,"url":"https:\/\/www.shqiperia.com\/blog\/si-i-pergjigjet-papa-pyetjeve-mbi-seksin-dashurine-dhe-pornon\/","url_meta":{"origin":20799,"position":3},"title":"Si i p\u00ebrgjigjet Papa pyetjeve mbi seksin, dashurin\u00eb dhe pornon","author":"Kurt Farka","date":"July 10, 2021","format":false,"excerpt":"Si i p\u00ebrgjigjet Papa pyetjeve mbi seksin, dashurin\u00eb dhe pornon 7 korrik 2021 \u201cSeksualiteti \u00ebsht\u00eb nj\u00eb dhurat\u00eb q\u00eb Zoti na jep: ka dy q\u00ebllime: t\u00eb duash tjetrin dhe t\u00eb krijosh jet\u00eb. Dashuria e v\u00ebrtet\u00eb \u00ebsht\u00eb pasion\u201d. Papa Fran\u00e7esku e ka\u00a0 th\u00ebn\u00eb k\u00ebt\u00eb duke iu p\u00ebrgjigjur pyetjeve t\u00eb nj\u00eb grupi t\u00eb\u2026","rel":"","context":"In &quot;Kultura&quot;","block_context":{"text":"Kultura","link":"https:\/\/www.shqiperia.com\/blog\/category\/kultura\/"},"img":{"alt_text":"","src":"https:\/\/i0.wp.com\/www.shqiperia.com\/blog\/wp-content\/uploads\/2021\/07\/unnamed.jpg?fit=512%2C275&ssl=1&resize=350%2C200","width":350,"height":200},"classes":[]},{"id":61698,"url":"https:\/\/www.shqiperia.com\/blog\/papa-francesku-bota-ka-hyre-tashme-ne-luften-e-trete-boterore-vende-te-ndryshme-jane-perfshire-ne-konflikte-ushtarake\/","url_meta":{"origin":20799,"position":4},"title":"Papa Fran\u00e7esku: &#8211; Bota ka hyr\u00eb tashm\u00eb n\u00eb \u2018Luft\u00ebn e Tret\u00eb Bot\u00ebrore\u2019, vende t\u00eb ndryshme jan\u00eb p\u00ebrfshir\u00eb n\u00eb konflikte ushtarake","author":"Kurt Farka","date":"September 1, 2022","format":false,"excerpt":"1 Shtator 2022 Papa Fran\u00e7esku e b\u00ebri komentin n\u00eb lidhje me Ukrain\u00ebn, por paralajm\u00ebroi se konflikte t\u00eb ngjashme do t\u00eb luftohen pjes\u00eb-pjes\u00eb me kalimin e koh\u00ebs.Papa Fran\u00e7esku i ka konsideruar konfliktet aktuale n\u00eb vende t\u00eb ndryshme t\u00eb bot\u00ebs si \u2018Lufta e Tret\u00eb Bot\u00ebrore\u2019 . Papa e b\u00ebri k\u00ebt\u00eb koment gjat\u00eb\u2026","rel":"","context":"In &quot;Blogu i Udh\u00ebtarit&quot;","block_context":{"text":"Blogu i Udh\u00ebtarit","link":"https:\/\/www.shqiperia.com\/blog\/category\/blogu-i-udhetarit\/"},"img":{"alt_text":"","src":"https:\/\/i0.wp.com\/www.shqiperia.com\/blog\/wp-content\/uploads\/2022\/09\/papa2-500x333-1.png?fit=500%2C333&ssl=1&resize=350%2C200","width":350,"height":200},"classes":[]},{"id":60668,"url":"https:\/\/www.shqiperia.com\/blog\/papa-francesku-e-ka-te-veshtire-ti-sherbeje-kishes-puneson-nje-infermier-personal-prej-problemeve-shendetesore\/","url_meta":{"origin":20799,"position":5},"title":"Papa Fran\u00e7esku e ka t\u00eb v\u00ebshtir\u00eb t&#8217;i sh\u00ebrbej\u00eb Kish\u00ebs, pun\u00ebson nj\u00eb infermier personal prej problemeve sh\u00ebndet\u00ebsore","author":"Kurt Farka","date":"August 4, 2022","format":false,"excerpt":"4 Gusht 2022 Papa Fran\u00e7esku ka pun\u00ebsuar nj\u00eb infermier personal p\u00ebr t'i sh\u00ebrbyer nga ana sh\u00ebndet\u00ebsore, deklaoi Vatikani t\u00eb enjten, gj\u00eb q\u00eb \u00ebsht\u00eb tregues q\u00eb Papa pranon se do t\u00eb ket\u00eb nevoj\u00eb p\u00ebr m\u00eb shum\u00eb kujdes nd\u00ebrsa vitet kalojn\u00eb. Papa 85-vje\u00e7ar tha p\u00ebr gazetar\u00ebt t\u00eb shtun\u00ebn se mosha e tij\u2026","rel":"","context":"In &quot;Blogu i Udh\u00ebtarit&quot;","block_context":{"text":"Blogu i Udh\u00ebtarit","link":"https:\/\/www.shqiperia.com\/blog\/category\/blogu-i-udhetarit\/"},"img":{"alt_text":"","src":"https:\/\/i0.wp.com\/www.shqiperia.com\/blog\/wp-content\/uploads\/2022\/08\/Papa-Francesku.jpg?fit=780%2C440&ssl=1&resize=350%2C200","width":350,"height":200,"srcset":"https:\/\/i0.wp.com\/www.shqiperia.com\/blog\/wp-content\/uploads\/2022\/08\/Papa-Francesku.jpg?fit=780%2C440&ssl=1&resize=350%2C200 1x, https:\/\/i0.wp.com\/www.shqiperia.com\/blog\/wp-content\/uploads\/2022\/08\/Papa-Francesku.jpg?fit=780%2C440&ssl=1&resize=525%2C300 1.5x, https:\/\/i0.wp.com\/www.shqiperia.com\/blog\/wp-content\/uploads\/2022\/08\/Papa-Francesku.jpg?fit=780%2C440&ssl=1&resize=700%2C400 2x"},"classes":[]}],"_links":{"self":[{"href":"https:\/\/www.shqiperia.com\/blog\/wp-json\/wp\/v2\/posts\/20799","targetHints":{"allow":["GET"]}}],"collection":[{"href":"https:\/\/www.shqiperia.com\/blog\/wp-json\/wp\/v2\/posts"}],"about":[{"href":"https:\/\/www.shqiperia.com\/blog\/wp-json\/wp\/v2\/types\/post"}],"author":[{"embeddable":true,"href":"https:\/\/www.shqiperia.com\/blog\/wp-json\/wp\/v2\/users\/9"}],"replies":[{"embeddable":true,"href":"https:\/\/www.shqiperia.com\/blog\/wp-json\/wp\/v2\/comments?post=20799"}],"version-history":[{"count":1,"href":"https:\/\/www.shqiperia.com\/blog\/wp-json\/wp\/v2\/posts\/20799\/revisions"}],"predecessor-version":[{"id":20802,"href":"https:\/\/www.shqiperia.com\/blog\/wp-json\/wp\/v2\/posts\/20799\/revisions\/20802"}],"wp:featuredmedia":[{"embeddable":true,"href":"https:\/\/www.shqiperia.com\/blog\/wp-json\/wp\/v2\/media\/20800"}],"wp:attachment":[{"href":"https:\/\/www.shqiperia.com\/blog\/wp-json\/wp\/v2\/media?parent=20799"}],"wp:term":[{"taxonomy":"category","embeddable":true,"href":"https:\/\/www.shqiperia.com\/blog\/wp-json\/wp\/v2\/categories?post=20799"},{"taxonomy":"post_tag","embeddable":true,"href":"https:\/\/www.shqiperia.com\/blog\/wp-json\/wp\/v2\/tags?post=20799"}],"curies":[{"name":"wp","href":"https:\/\/api.w.org\/{rel}","templated":true}]}}