{"id":20787,"date":"2019-05-06T11:41:58","date_gmt":"2019-05-06T11:41:58","guid":{"rendered":"http:\/\/www.shqiperia.com\/blog\/?p=20787"},"modified":"2019-05-06T11:41:58","modified_gmt":"2019-05-06T11:41:58","slug":"fmn-ne-tirane-borxhi-publik-i-larte-rimbursoni-tvsh-ne-afat","status":"publish","type":"post","link":"https:\/\/www.shqiperia.com\/blog\/fmn-ne-tirane-borxhi-publik-i-larte-rimbursoni-tvsh-ne-afat\/","title":{"rendered":"FMN n\u00eb Tiran\u00eb: Borxhi publik i lart\u00eb, rimbursoni TVSH n\u00eb afat. &#8211;"},"content":{"rendered":"<p><img data-recalc-dims=\"1\" loading=\"lazy\" decoding=\"async\" data-attachment-id=\"20788\" data-permalink=\"https:\/\/www.shqiperia.com\/blog\/fmn-ne-tirane-borxhi-publik-i-larte-rimbursoni-tvsh-ne-afat\/whatsapp-image-2019-05-06-at-12-46-00-685x450-copy\/\" data-orig-file=\"https:\/\/i0.wp.com\/www.shqiperia.com\/blog\/wp-content\/uploads\/2019\/05\/WhatsApp-Image-2019-05-06-at-12.46.00-685x450-Copy.jpeg?fit=685%2C409&amp;ssl=1\" data-orig-size=\"685,409\" data-comments-opened=\"1\" data-image-meta=\"{&quot;aperture&quot;:&quot;0&quot;,&quot;credit&quot;:&quot;&quot;,&quot;camera&quot;:&quot;&quot;,&quot;caption&quot;:&quot;&quot;,&quot;created_timestamp&quot;:&quot;0&quot;,&quot;copyright&quot;:&quot;&quot;,&quot;focal_length&quot;:&quot;0&quot;,&quot;iso&quot;:&quot;0&quot;,&quot;shutter_speed&quot;:&quot;0&quot;,&quot;title&quot;:&quot;&quot;,&quot;orientation&quot;:&quot;0&quot;}\" data-image-title=\"WhatsApp-Image-2019-05-06-at-12.46.00-685&#215;450 &#8211; Copy\" data-image-description=\"\" data-image-caption=\"\" data-medium-file=\"https:\/\/i0.wp.com\/www.shqiperia.com\/blog\/wp-content\/uploads\/2019\/05\/WhatsApp-Image-2019-05-06-at-12.46.00-685x450-Copy.jpeg?fit=300%2C179&amp;ssl=1\" data-large-file=\"https:\/\/i0.wp.com\/www.shqiperia.com\/blog\/wp-content\/uploads\/2019\/05\/WhatsApp-Image-2019-05-06-at-12.46.00-685x450-Copy.jpeg?fit=685%2C409&amp;ssl=1\" class=\"alignnone  wp-image-20788\" alt=\"\" src=\"https:\/\/i0.wp.com\/www.shqiperia.com\/blog\/wp-content\/uploads\/2019\/05\/WhatsApp-Image-2019-05-06-at-12.46.00-685x450-Copy-300x179.jpeg?resize=645%2C385\" width=\"645\" height=\"385\" srcset=\"https:\/\/i0.wp.com\/www.shqiperia.com\/blog\/wp-content\/uploads\/2019\/05\/WhatsApp-Image-2019-05-06-at-12.46.00-685x450-Copy.jpeg?resize=300%2C179&amp;ssl=1 300w, https:\/\/i0.wp.com\/www.shqiperia.com\/blog\/wp-content\/uploads\/2019\/05\/WhatsApp-Image-2019-05-06-at-12.46.00-685x450-Copy.jpeg?resize=450%2C269&amp;ssl=1 450w, https:\/\/i0.wp.com\/www.shqiperia.com\/blog\/wp-content\/uploads\/2019\/05\/WhatsApp-Image-2019-05-06-at-12.46.00-685x450-Copy.jpeg?resize=600%2C358&amp;ssl=1 600w, https:\/\/i0.wp.com\/www.shqiperia.com\/blog\/wp-content\/uploads\/2019\/05\/WhatsApp-Image-2019-05-06-at-12.46.00-685x450-Copy.jpeg?resize=400%2C239&amp;ssl=1 400w, https:\/\/i0.wp.com\/www.shqiperia.com\/blog\/wp-content\/uploads\/2019\/05\/WhatsApp-Image-2019-05-06-at-12.46.00-685x450-Copy.jpeg?w=685&amp;ssl=1 685w\" sizes=\"auto, (max-width: 645px) 100vw, 645px\" \/><\/p>\n<p><strong>FMN n\u00eb Tiran\u00eb: Borxhi publik i lart\u00eb, rimbursoni TVSH n\u00eb afat. &#8211;<\/strong><\/p>\n<p>6 maji 2019<\/p>\n<p>N\u00eb p\u00ebrmbyllje t\u00eb misionit t\u00eb radh\u00ebs n\u00eb Shqip\u00ebri, p\u00ebrfaq\u00ebsuesi i Fondit Monetar Nd\u00ebrkomb\u00ebtar, Jan Kess Martijn n\u00eb konferenc\u00ebn e p\u00ebrbashk\u00ebt me kreun e BSH-s\u00eb, Gent Sejko dhe ministren e Financave, Anila Denaj foli qart\u00eb dhe rekomandoi nj\u00eb s\u00ebr\u00eb masash p\u00ebr Shqip\u00ebrin\u00eb.<\/p>\n<p>Ai tha se k\u00ebt\u00eb vit rritja ekonomike e Shqip\u00ebris\u00eb pritet t\u00eb ngadal\u00ebsohet n\u00eb 3,5%, nd\u00ebrsa inflacioni do vijoj\u00eb t\u00eb jet\u00eb n\u00ebn objektivin e parashikuar prej 3%.<\/p>\n<p>\u201c<em>N\u00eb periudh\u00ebn nga 25 prilli deri sot q\u00eb flasim FMN ka monitoruar Shqip\u00ebrin\u00eb. K\u00ebto diskutime u fokusuan tek pikat e dob\u00ebta dhe tek risqet. Rritja ekonomike e saj pritet t\u00eb jet\u00eb e moderuar gjat\u00eb 2019, pritet t\u00eb jet\u00eb rreth 4% n\u00eb periudh\u00ebn afatmesme.<\/em><\/p>\n<p><em>K\u00ebt\u00eb vit do t\u00eb ngadal\u00ebsohet me 3,5% p\u00ebr shkak t\u00eb uljes s\u00eb prodhimit t\u00eb energjis\u00eb elektrike. Fillimi i q\u00ebndruesh\u00ebm varet edhe nga p\u00ebrmir\u00ebsimi n\u00eb fush\u00ebn n\u00eb fush\u00ebn e ligjit dhe treguesve t\u00eb korrupsionit.<\/em><\/p>\n<p><em>Inflacioni do t\u00eb jet\u00eb n\u00ebn objektivin e parashikuar prej 3 %. Deficiti fiskal ka r\u00ebn\u00eb n\u00eb 2018, por pritet t\u00eb rritet gjat\u00eb 2019. Borxhi publik mbetet i lart\u00eb n\u00eb nivelin 69,9% dhe pritet t\u00eb zbres\u00eb n\u00eb 69,3% n\u00eb fund t\u00eb k\u00ebtij viti\u201d,<\/em>\u00a0tha Martijn.<\/p>\n<p>Ajo q\u00eb k\u00ebshilloi i d\u00ebrguari i FMN-s\u00eb, ishte kufizimi i risqeve fiskale dhe shlyerja e detyrimeve t\u00eb prapambetura, TVSH-s\u00eb n\u00eb afat nga ana e qeveris\u00eb,<\/p>\n<p>Nj\u00eb gj\u00eb e till\u00eb sipas tij do i jepte frym\u00ebmarrje bizneseve.<\/p>\n<p>\u201c<em>Duke u mb\u00ebshtetur n\u00eb reformat e nd\u00ebrmarra ne rekomandojm\u00eb kufizimin e risqeve fiskale. Specifikisht rekomandojm\u00eb q\u00eb t\u00eb b\u00ebhet nj\u00eb korrigjim i masave q\u00eb fragmentizojn\u00eb bizneset.<\/em><\/p>\n<p><img data-recalc-dims=\"1\" loading=\"lazy\" decoding=\"async\" data-attachment-id=\"20789\" data-permalink=\"https:\/\/www.shqiperia.com\/blog\/fmn-ne-tirane-borxhi-publik-i-larte-rimbursoni-tvsh-ne-afat\/whatsapp-image-2019-05-06-at-12-46-00-685x450\/\" data-orig-file=\"https:\/\/i0.wp.com\/www.shqiperia.com\/blog\/wp-content\/uploads\/2019\/05\/WhatsApp-Image-2019-05-06-at-12.46.00-685x450.jpeg?fit=685%2C450&amp;ssl=1\" data-orig-size=\"685,450\" data-comments-opened=\"1\" data-image-meta=\"{&quot;aperture&quot;:&quot;0&quot;,&quot;credit&quot;:&quot;&quot;,&quot;camera&quot;:&quot;&quot;,&quot;caption&quot;:&quot;&quot;,&quot;created_timestamp&quot;:&quot;0&quot;,&quot;copyright&quot;:&quot;&quot;,&quot;focal_length&quot;:&quot;0&quot;,&quot;iso&quot;:&quot;0&quot;,&quot;shutter_speed&quot;:&quot;0&quot;,&quot;title&quot;:&quot;&quot;,&quot;orientation&quot;:&quot;0&quot;}\" data-image-title=\"WhatsApp-Image-2019-05-06-at-12.46.00-685&#215;450\" data-image-description=\"\" data-image-caption=\"\" data-medium-file=\"https:\/\/i0.wp.com\/www.shqiperia.com\/blog\/wp-content\/uploads\/2019\/05\/WhatsApp-Image-2019-05-06-at-12.46.00-685x450.jpeg?fit=300%2C197&amp;ssl=1\" data-large-file=\"https:\/\/i0.wp.com\/www.shqiperia.com\/blog\/wp-content\/uploads\/2019\/05\/WhatsApp-Image-2019-05-06-at-12.46.00-685x450.jpeg?fit=685%2C450&amp;ssl=1\" class=\"alignnone  wp-image-20789\" alt=\"\" src=\"https:\/\/i0.wp.com\/www.shqiperia.com\/blog\/wp-content\/uploads\/2019\/05\/WhatsApp-Image-2019-05-06-at-12.46.00-685x450-300x197.jpeg?resize=816%2C536\" width=\"816\" height=\"536\" srcset=\"https:\/\/i0.wp.com\/www.shqiperia.com\/blog\/wp-content\/uploads\/2019\/05\/WhatsApp-Image-2019-05-06-at-12.46.00-685x450.jpeg?resize=300%2C197&amp;ssl=1 300w, https:\/\/i0.wp.com\/www.shqiperia.com\/blog\/wp-content\/uploads\/2019\/05\/WhatsApp-Image-2019-05-06-at-12.46.00-685x450.jpeg?resize=450%2C296&amp;ssl=1 450w, https:\/\/i0.wp.com\/www.shqiperia.com\/blog\/wp-content\/uploads\/2019\/05\/WhatsApp-Image-2019-05-06-at-12.46.00-685x450.jpeg?resize=600%2C394&amp;ssl=1 600w, https:\/\/i0.wp.com\/www.shqiperia.com\/blog\/wp-content\/uploads\/2019\/05\/WhatsApp-Image-2019-05-06-at-12.46.00-685x450.jpeg?resize=400%2C263&amp;ssl=1 400w, https:\/\/i0.wp.com\/www.shqiperia.com\/blog\/wp-content\/uploads\/2019\/05\/WhatsApp-Image-2019-05-06-at-12.46.00-685x450.jpeg?resize=685%2C450&amp;ssl=1 685w\" sizes=\"auto, (max-width: 816px) 100vw, 816px\" \/><\/p>\n<p><em>Shlyerja e detyrimeve t\u00eb prapambetura ndaj tyre \u00ebsht\u00eb e mir\u00ebpritur. Nevojitet veprim i menj\u00ebhersh\u00ebm, q\u00eb t\u00eb lahen detyrimet e prapambetura pasi c\u00ebnojn\u00eb bizneset. Rimbursoni TVSH n\u00eb afat, madje sa m\u00eb shpejt t\u00eb jet\u00eb e mundur.<\/em><\/p>\n<p><em>T\u00eb p\u00ebrmir\u00ebsohet em\u00ebtimi i borxhit publik\u201d,<\/em>\u00a0tha ai. Nd\u00ebr t\u00eb tjera Martijn shtoi se, Shqip\u00ebria \u00ebsht\u00eb e ekspozuar ndaj rritjes s\u00eb risqeve t\u00eb BE.<\/p>\n<p>Nga ana e saj ministrja Denaj tha se MF-ja ka si objektiv t\u00eb sajin uljen e detyrimeve t\u00eb prapambetura.<\/p>\n<p>Gazeta dita<\/p>\n","protected":false},"excerpt":{"rendered":"<p>FMN n\u00eb Tiran\u00eb: Borxhi publik i lart\u00eb, rimbursoni TVSH n\u00eb afat. &#8211; 6 maji 2019 N\u00eb p\u00ebrmbyllje t\u00eb misionit t\u00eb radh\u00ebs n\u00eb Shqip\u00ebri, p\u00ebrfaq\u00ebsuesi i Fondit Monetar Nd\u00ebrkomb\u00ebtar, Jan Kess Martijn n\u00eb konferenc\u00ebn e p\u00ebrbashk\u00ebt me kreun e BSH-s\u00eb, Gent Sejko dhe ministren e Financave, Anila Denaj foli qart\u00eb dhe rekomandoi nj\u00eb s\u00ebr\u00eb masash p\u00ebr [&hellip;]<\/p>\n","protected":false},"author":9,"featured_media":20788,"comment_status":"open","ping_status":"open","sticky":false,"template":"","format":"standard","meta":{"jetpack_post_was_ever_published":false,"_jetpack_newsletter_access":"","_jetpack_dont_email_post_to_subs":false,"_jetpack_newsletter_tier_id":0,"_jetpack_memberships_contains_paywalled_content":false,"_jetpack_memberships_contains_paid_content":false,"footnotes":"","jetpack_publicize_message":"","jetpack_publicize_feature_enabled":true,"jetpack_social_post_already_shared":true,"jetpack_social_options":{"image_generator_settings":{"template":"highway","default_image_id":0,"font":"","enabled":false},"version":2}},"categories":[27,1,2],"tags":[],"class_list":["post-20787","post","type-post","status-publish","format-standard","has-post-thumbnail","hentry","category-blogu-i-udhetarit","category-njoftime-shtypi","category-politika"],"jetpack_publicize_connections":[],"jetpack_featured_media_url":"https:\/\/i0.wp.com\/www.shqiperia.com\/blog\/wp-content\/uploads\/2019\/05\/WhatsApp-Image-2019-05-06-at-12.46.00-685x450-Copy.jpeg?fit=685%2C409&ssl=1","jetpack_sharing_enabled":true,"jetpack_shortlink":"https:\/\/wp.me\/p5Z6wp-5ph","jetpack-related-posts":[{"id":63195,"url":"https:\/\/www.shqiperia.com\/blog\/fmn-parashikimin-per-rritjen-e-ekonomise-shqiptare-ne-2023-me-e-uleta-ne-rajon\/","url_meta":{"origin":20787,"position":0},"title":"FMN: &#8211; Parashikimin p\u00ebr rritjen e ekonomis\u00eb shqiptare n\u00eb 2023, m\u00eb e ul\u00ebta n\u00eb rajon!","author":"Kurt Farka","date":"October 12, 2022","format":false,"excerpt":"12 Nentor 2022 Fondi Monetar Nd\u00ebrkomb\u00ebtar (FMN) ka ulur ndjesh\u00ebm parashikimin p\u00ebr rritjen ekonomike t\u00eb Shqip\u00ebris\u00eb gjat\u00eb vitit t\u00eb ardhsh\u00ebm. Rishikimi n\u00eb ulje ka ndodhur dy her\u00eb brenda nj\u00eb kohe t\u00eb shkurt\u00ebr, duke e \u00e7uar n\u00eb rreth 2%. Sipas \u201cPasqyr\u00ebs Ekonomike Globale\u201d, t\u00eb publikuar sot, vendi pritej q\u00eb t\u00eb zgjerohej\u2026","rel":"","context":"In &quot;Blogu i Udh\u00ebtarit&quot;","block_context":{"text":"Blogu i Udh\u00ebtarit","link":"https:\/\/www.shqiperia.com\/blog\/category\/blogu-i-udhetarit\/"},"img":{"alt_text":"","src":"https:\/\/i0.wp.com\/www.shqiperia.com\/blog\/wp-content\/uploads\/2022\/10\/kulla-sahatit-11-1.jpg?fit=941%2C431&ssl=1&resize=350%2C200","width":350,"height":200,"srcset":"https:\/\/i0.wp.com\/www.shqiperia.com\/blog\/wp-content\/uploads\/2022\/10\/kulla-sahatit-11-1.jpg?fit=941%2C431&ssl=1&resize=350%2C200 1x, https:\/\/i0.wp.com\/www.shqiperia.com\/blog\/wp-content\/uploads\/2022\/10\/kulla-sahatit-11-1.jpg?fit=941%2C431&ssl=1&resize=525%2C300 1.5x, https:\/\/i0.wp.com\/www.shqiperia.com\/blog\/wp-content\/uploads\/2022\/10\/kulla-sahatit-11-1.jpg?fit=941%2C431&ssl=1&resize=700%2C400 2x"},"classes":[]},{"id":95920,"url":"https:\/\/www.shqiperia.com\/blog\/raporti-per-shqiperine-fmn-paralajmeron-paqja-fiskale-rrezikon-te-minoje-progresin-ne-administrimin-tatimor-1058-24-12-2025-a-a-raporti-per-shqiperine-fmn-paralajmeron-paqja-fiskale-rreziko\/","url_meta":{"origin":20787,"position":1},"title":"Raporti p\u00ebr Shqip\u00ebrin\u00eb\/ FMN paralajm\u00ebron: Paqja Fiskale rrezikon t\u00eb minoj\u00eb progresin n\u00eb administrimin tatimor   10:58 | 24\/12\/2025 A A Raporti p\u00ebr Shqip\u00ebrin\u00eb\/ FMN paralajm\u00ebron: &#8211; Paqja Fiskale rrezikon t\u00eb minoj\u00eb progresin n\u00eb administrimin tatimor Shqip\u00ebria","author":"Kurt Farka","date":"December 24, 2025","format":false,"excerpt":"24 Dhjetor 2025 Shqip\u00ebria vazhdon t\u00eb sh\u00ebnoj\u00eb nj\u00eb nga normat m\u00eb t\u00eb larta t\u00eb rritjes ekonomike n\u00eb Europ\u00eb, e mb\u00ebshtetur nga turizmi, inflacioni i ul\u00ebt, borxhi publik n\u00eb r\u00ebnie dhe rezerva t\u00eb forta valutore, vler\u00ebson Fondi Monetar Nd\u00ebrkomb\u00ebtar (FMN) n\u00eb p\u00ebrfundim t\u00eb Konsultimit t\u00eb Nenit IV p\u00ebr vitin 2025. Sipas\u2026","rel":"","context":"In &quot;Blogu i Udh\u00ebtarit&quot;","block_context":{"text":"Blogu i Udh\u00ebtarit","link":"https:\/\/www.shqiperia.com\/blog\/category\/blogu-i-udhetarit\/"},"img":{"alt_text":"","src":"https:\/\/i0.wp.com\/www.shqiperia.com\/blog\/wp-content\/uploads\/2025\/12\/fmn.jpg?fit=866%2C498&ssl=1&resize=350%2C200","width":350,"height":200,"srcset":"https:\/\/i0.wp.com\/www.shqiperia.com\/blog\/wp-content\/uploads\/2025\/12\/fmn.jpg?fit=866%2C498&ssl=1&resize=350%2C200 1x, https:\/\/i0.wp.com\/www.shqiperia.com\/blog\/wp-content\/uploads\/2025\/12\/fmn.jpg?fit=866%2C498&ssl=1&resize=525%2C300 1.5x, https:\/\/i0.wp.com\/www.shqiperia.com\/blog\/wp-content\/uploads\/2025\/12\/fmn.jpg?fit=866%2C498&ssl=1&resize=700%2C400 2x"},"classes":[]},{"id":52109,"url":"https:\/\/www.shqiperia.com\/blog\/fmn-kerkon-transparence-per-fondet-e-termetit-dhe-pandemise\/","url_meta":{"origin":20787,"position":2},"title":"FMN k\u00ebrkon transparenc\u00eb p\u00ebr fondet e t\u00ebrmetit dhe pandemis\u00eb","author":"Kurt Farka","date":"December 8, 2021","format":false,"excerpt":"FMN k\u00ebrkon transparenc\u00eb p\u00ebr fondet e t\u00ebrmetit dhe pandemis\u00eb Nga. Gjergj Erebara 7 Nentor 2021 Fondi Monetar Nd\u00ebrkomb\u00ebtar i k\u00ebrkoi qeveris\u00eb shqiptare \u201ct\u00eb zbatoj\u00eb menj\u00ebher\u00eb\u201d masa p\u00ebr transparenc\u00eb dhe llogaridh\u00ebnie p\u00ebr fondet e emergjencave t\u00eb t\u00ebrmetit dhe pandemis\u00eb. Ekonomia pritet t\u00eb pengohet nga \u201cfaktori demografik\u201d. Fondi Monetar Nd\u00ebrkomb\u00ebtar i k\u00ebrkoi\u2026","rel":"","context":"In &quot;Blogu i Udh\u00ebtarit&quot;","block_context":{"text":"Blogu i Udh\u00ebtarit","link":"https:\/\/www.shqiperia.com\/blog\/category\/blogu-i-udhetarit\/"},"img":{"alt_text":"","src":"https:\/\/i0.wp.com\/www.shqiperia.com\/blog\/wp-content\/uploads\/2021\/12\/Ahmetaj-dhe-Anita-Tuladhar.jpg?fit=600%2C354&ssl=1&resize=350%2C200","width":350,"height":200,"srcset":"https:\/\/i0.wp.com\/www.shqiperia.com\/blog\/wp-content\/uploads\/2021\/12\/Ahmetaj-dhe-Anita-Tuladhar.jpg?fit=600%2C354&ssl=1&resize=350%2C200 1x, https:\/\/i0.wp.com\/www.shqiperia.com\/blog\/wp-content\/uploads\/2021\/12\/Ahmetaj-dhe-Anita-Tuladhar.jpg?fit=600%2C354&ssl=1&resize=525%2C300 1.5x"},"classes":[]},{"id":74889,"url":"https:\/\/www.shqiperia.com\/blog\/banka-boterore-cmimet-ppp-te-dhe-fatkeqesite-rrezikojne-shqiperine\/","url_meta":{"origin":20787,"position":3},"title":"Banka Bot\u00ebrore: &#8211; \u00c7mimet, PPP-t\u00eb dhe fatkeq\u00ebsit\u00eb rrezikojn\u00eb Shqip\u00ebrin\u00eb","author":"Kurt Farka","date":"October 20, 2023","format":false,"excerpt":"20 Tetor 2023 Rritjet e m\u00ebtejshme t\u00eb \u00e7mimeve t\u00eb ushqimeve dhe energjis\u00eb shihen si nj\u00eb rrezik i r\u00ebnd\u00ebsish\u00ebm p\u00ebr rritjen ekonomike t\u00eb vendit dhe uljen e varf\u00ebris\u00eb n\u00eb Shqip\u00ebri, lajm\u00ebroi sot Banka Bot\u00ebrore n\u00ebp\u00ebrmjet raportit t\u00eb rregullt rajonal \u201cDrejt rritjes s\u00eb Q\u00ebndrueshme\u201d, n\u00eb t\u00eb cilin u vler\u00ebsuan si rreziqe potenciale\u2026","rel":"","context":"In &quot;Blogu i Udh\u00ebtarit&quot;","block_context":{"text":"Blogu i Udh\u00ebtarit","link":"https:\/\/www.shqiperia.com\/blog\/category\/blogu-i-udhetarit\/"},"img":{"alt_text":"","src":"https:\/\/i0.wp.com\/www.shqiperia.com\/blog\/wp-content\/uploads\/2023\/10\/d0af5b77cff9d39a20cb8bdc2cf9f1da_XL-300x184.jpg?resize=350%2C200&ssl=1","width":350,"height":200,"srcset":"https:\/\/i0.wp.com\/www.shqiperia.com\/blog\/wp-content\/uploads\/2023\/10\/d0af5b77cff9d39a20cb8bdc2cf9f1da_XL-300x184.jpg?resize=350%2C200&ssl=1 1x, https:\/\/i0.wp.com\/www.shqiperia.com\/blog\/wp-content\/uploads\/2023\/10\/d0af5b77cff9d39a20cb8bdc2cf9f1da_XL-300x184.jpg?resize=525%2C300&ssl=1 1.5x, https:\/\/i0.wp.com\/www.shqiperia.com\/blog\/wp-content\/uploads\/2023\/10\/d0af5b77cff9d39a20cb8bdc2cf9f1da_XL-300x184.jpg?resize=700%2C400&ssl=1 2x"},"classes":[]},{"id":88758,"url":"https:\/\/www.shqiperia.com\/blog\/rritja-ekonomike-shenon-ulje-fmn-publikon-raportin-per-shqiperine\/","url_meta":{"origin":20787,"position":4},"title":"\u201cRritja ekonomike sh\u00ebnon ulje\u201d, FMN publikon raportin p\u00ebr Shqip\u00ebrin\u00eb","author":"Kurt Farka","date":"January 28, 2025","format":false,"excerpt":"28 Janar 2025 Fondi Monetar Nd\u00ebrkomb\u00ebtar ka publikuar raportin p\u00ebr vitin 2024 p\u00ebr Shqip\u00ebrin\u00eb. N\u00eb faqen zyrtare t\u00eb FMN-s\u00eb \u00ebsht\u00eb publikuar raporti dit\u00ebn e sotme, bashk\u00eb me propozimet q\u00eb duhen nd\u00ebrmarr\u00eb p\u00ebr t\u00eb rritur ekonomin\u00eb e vendit dhe p\u00ebr t\u00eb kaluar v\u00ebshtir\u00ebsit\u00eb. N\u00eb raportin e FMN-s\u00eb theksohet se edhe pse\u2026","rel":"","context":"In &quot;Blogu i Udh\u00ebtarit&quot;","block_context":{"text":"Blogu i Udh\u00ebtarit","link":"https:\/\/www.shqiperia.com\/blog\/category\/blogu-i-udhetarit\/"},"img":{"alt_text":"","src":"https:\/\/i0.wp.com\/www.shqiperia.com\/blog\/wp-content\/uploads\/2025\/01\/FMN-e1703145062240-1.jpeg?fit=535%2C412&ssl=1&resize=350%2C200","width":350,"height":200,"srcset":"https:\/\/i0.wp.com\/www.shqiperia.com\/blog\/wp-content\/uploads\/2025\/01\/FMN-e1703145062240-1.jpeg?fit=535%2C412&ssl=1&resize=350%2C200 1x, https:\/\/i0.wp.com\/www.shqiperia.com\/blog\/wp-content\/uploads\/2025\/01\/FMN-e1703145062240-1.jpeg?fit=535%2C412&ssl=1&resize=525%2C300 1.5x"},"classes":[]},{"id":56645,"url":"https:\/\/www.shqiperia.com\/blog\/banka-boterore-paralajmeron-qeverine-shqiptare-se-financimi-i-borxhit-publik-eshte-ne-rrezik\/","url_meta":{"origin":20787,"position":5},"title":"Banka Bot\u00ebrore paralajm\u00ebron qeverin\u00eb shqiptare se financimi i borxhit publik \u00ebsht\u00eb n\u00eb rrezik","author":"Kurt Farka","date":"April 13, 2022","format":false,"excerpt":"Banka Bot\u00ebrore paralajm\u00ebron qeverin\u00eb shqiptare se financimi i borxhit publik \u00ebsht\u00eb n\u00eb rrezik 11 Prill 2022 Banka Bot\u00ebrore, n\u00eb raportin e fundit p\u00ebr Europ\u00ebn Qendrore dhe Azin\u00eb \u201dLufta n\u00eb Rajon\u201d \u00ebsht\u00eb shprehur e ashp\u00ebr lidhur me nivelin e lart\u00eb t\u00eb borxhin t\u00eb Shqip\u00ebris\u00eb dhe ka paralajm\u00ebruar se rifinancimi i tij\u2026","rel":"","context":"In &quot;Blogu i Udh\u00ebtarit&quot;","block_context":{"text":"Blogu i Udh\u00ebtarit","link":"https:\/\/www.shqiperia.com\/blog\/category\/blogu-i-udhetarit\/"},"img":{"alt_text":"","src":"https:\/\/i0.wp.com\/www.shqiperia.com\/blog\/wp-content\/uploads\/2022\/04\/2-261-e1649713532518-905x450-1.jpg?fit=905%2C450&ssl=1&resize=350%2C200","width":350,"height":200,"srcset":"https:\/\/i0.wp.com\/www.shqiperia.com\/blog\/wp-content\/uploads\/2022\/04\/2-261-e1649713532518-905x450-1.jpg?fit=905%2C450&ssl=1&resize=350%2C200 1x, https:\/\/i0.wp.com\/www.shqiperia.com\/blog\/wp-content\/uploads\/2022\/04\/2-261-e1649713532518-905x450-1.jpg?fit=905%2C450&ssl=1&resize=525%2C300 1.5x, https:\/\/i0.wp.com\/www.shqiperia.com\/blog\/wp-content\/uploads\/2022\/04\/2-261-e1649713532518-905x450-1.jpg?fit=905%2C450&ssl=1&resize=700%2C400 2x"},"classes":[]}],"_links":{"self":[{"href":"https:\/\/www.shqiperia.com\/blog\/wp-json\/wp\/v2\/posts\/20787","targetHints":{"allow":["GET"]}}],"collection":[{"href":"https:\/\/www.shqiperia.com\/blog\/wp-json\/wp\/v2\/posts"}],"about":[{"href":"https:\/\/www.shqiperia.com\/blog\/wp-json\/wp\/v2\/types\/post"}],"author":[{"embeddable":true,"href":"https:\/\/www.shqiperia.com\/blog\/wp-json\/wp\/v2\/users\/9"}],"replies":[{"embeddable":true,"href":"https:\/\/www.shqiperia.com\/blog\/wp-json\/wp\/v2\/comments?post=20787"}],"version-history":[{"count":1,"href":"https:\/\/www.shqiperia.com\/blog\/wp-json\/wp\/v2\/posts\/20787\/revisions"}],"predecessor-version":[{"id":20790,"href":"https:\/\/www.shqiperia.com\/blog\/wp-json\/wp\/v2\/posts\/20787\/revisions\/20790"}],"wp:featuredmedia":[{"embeddable":true,"href":"https:\/\/www.shqiperia.com\/blog\/wp-json\/wp\/v2\/media\/20788"}],"wp:attachment":[{"href":"https:\/\/www.shqiperia.com\/blog\/wp-json\/wp\/v2\/media?parent=20787"}],"wp:term":[{"taxonomy":"category","embeddable":true,"href":"https:\/\/www.shqiperia.com\/blog\/wp-json\/wp\/v2\/categories?post=20787"},{"taxonomy":"post_tag","embeddable":true,"href":"https:\/\/www.shqiperia.com\/blog\/wp-json\/wp\/v2\/tags?post=20787"}],"curies":[{"name":"wp","href":"https:\/\/api.w.org\/{rel}","templated":true}]}}