{"id":20783,"date":"2019-05-06T11:06:01","date_gmt":"2019-05-06T11:06:01","guid":{"rendered":"http:\/\/www.shqiperia.com\/blog\/?p=20783"},"modified":"2019-12-10T04:52:10","modified_gmt":"2019-12-10T04:52:10","slug":"u-nda-na-jeta-muzeologu-dhe-studiuesi-i-traditave-kulturore-dhe-historike-paulin-perja","status":"publish","type":"post","link":"https:\/\/www.shqiperia.com\/blog\/u-nda-na-jeta-muzeologu-dhe-studiuesi-i-traditave-kulturore-dhe-historike-paulin-perja\/","title":{"rendered":"U nda nga jeta Muzeologu dhe studiuesi i traditave kulturore dhe historike, Paulin Perja."},"content":{"rendered":"<div id=\"attachment_20784\" style=\"width: 435px\" class=\"wp-caption alignnone\"><img data-recalc-dims=\"1\" loading=\"lazy\" decoding=\"async\" aria-describedby=\"caption-attachment-20784\" data-attachment-id=\"20784\" data-permalink=\"https:\/\/www.shqiperia.com\/blog\/u-nda-na-jeta-muzeologu-dhe-studiuesi-i-traditave-kulturore-dhe-historike-paulin-perja\/paulin-perja\/\" data-orig-file=\"https:\/\/i0.wp.com\/www.shqiperia.com\/blog\/wp-content\/uploads\/2019\/05\/Paulin-Perja.jpg?fit=438%2C270&amp;ssl=1\" data-orig-size=\"438,270\" data-comments-opened=\"1\" data-image-meta=\"{&quot;aperture&quot;:&quot;0&quot;,&quot;credit&quot;:&quot;&quot;,&quot;camera&quot;:&quot;&quot;,&quot;caption&quot;:&quot;&quot;,&quot;created_timestamp&quot;:&quot;0&quot;,&quot;copyright&quot;:&quot;&quot;,&quot;focal_length&quot;:&quot;0&quot;,&quot;iso&quot;:&quot;0&quot;,&quot;shutter_speed&quot;:&quot;0&quot;,&quot;title&quot;:&quot;&quot;,&quot;orientation&quot;:&quot;0&quot;}\" data-image-title=\"Paulin Perja\" data-image-description=\"\" data-image-caption=\"&lt;p&gt;Paulin Perja&lt;\/p&gt;\n\" data-medium-file=\"https:\/\/i0.wp.com\/www.shqiperia.com\/blog\/wp-content\/uploads\/2019\/05\/Paulin-Perja.jpg?fit=300%2C185&amp;ssl=1\" data-large-file=\"https:\/\/i0.wp.com\/www.shqiperia.com\/blog\/wp-content\/uploads\/2019\/05\/Paulin-Perja.jpg?fit=438%2C270&amp;ssl=1\" class=\" wp-image-20784\" alt=\"\" src=\"https:\/\/i0.wp.com\/www.shqiperia.com\/blog\/wp-content\/uploads\/2019\/05\/Paulin-Perja-300x185.jpg?resize=425%2C262\" width=\"425\" height=\"262\" srcset=\"https:\/\/i0.wp.com\/www.shqiperia.com\/blog\/wp-content\/uploads\/2019\/05\/Paulin-Perja.jpg?resize=300%2C185&amp;ssl=1 300w, https:\/\/i0.wp.com\/www.shqiperia.com\/blog\/wp-content\/uploads\/2019\/05\/Paulin-Perja.jpg?resize=400%2C247&amp;ssl=1 400w, https:\/\/i0.wp.com\/www.shqiperia.com\/blog\/wp-content\/uploads\/2019\/05\/Paulin-Perja.jpg?w=438&amp;ssl=1 438w\" sizes=\"auto, (max-width: 425px) 100vw, 425px\" \/><p id=\"caption-attachment-20784\" class=\"wp-caption-text\">Paulin Perja<\/p><\/div>\n<p>U nda nga jeta Muzeologu dhe studiuesi I traditave kulturore dhe historike, Paulin Perja.<\/p>\n<p>Me hidherim morem lajmin e dhimbshem nga Shkodra, te ndarjes nga jeta te \u2013 Muzelogut dhe studiuesit te traditave kulturore dhe historke Paulin Perja. Paulini ishte mik dhe shok i pa pertuar ne diskutime, ndihme dhe perkushtshmeri qytetare. La trashegimi shume studime\u00a0 me vlera, sideomos per muzeologjine shqiptare, te ciles ju perkushtu gjate jetes.<\/p>\n<div id=\"attachment_20784\" style=\"width: 766px\" class=\"wp-caption alignnone\"><img data-recalc-dims=\"1\" loading=\"lazy\" decoding=\"async\" aria-describedby=\"caption-attachment-20784\" data-attachment-id=\"20784\" data-permalink=\"https:\/\/www.shqiperia.com\/blog\/u-nda-na-jeta-muzeologu-dhe-studiuesi-i-traditave-kulturore-dhe-historike-paulin-perja\/paulin-perja\/\" data-orig-file=\"https:\/\/i0.wp.com\/www.shqiperia.com\/blog\/wp-content\/uploads\/2019\/05\/Paulin-Perja.jpg?fit=438%2C270&amp;ssl=1\" data-orig-size=\"438,270\" data-comments-opened=\"1\" data-image-meta=\"{&quot;aperture&quot;:&quot;0&quot;,&quot;credit&quot;:&quot;&quot;,&quot;camera&quot;:&quot;&quot;,&quot;caption&quot;:&quot;&quot;,&quot;created_timestamp&quot;:&quot;0&quot;,&quot;copyright&quot;:&quot;&quot;,&quot;focal_length&quot;:&quot;0&quot;,&quot;iso&quot;:&quot;0&quot;,&quot;shutter_speed&quot;:&quot;0&quot;,&quot;title&quot;:&quot;&quot;,&quot;orientation&quot;:&quot;0&quot;}\" data-image-title=\"Paulin Perja\" data-image-description=\"\" data-image-caption=\"&lt;p&gt;Paulin Perja&lt;\/p&gt;\n\" data-medium-file=\"https:\/\/i0.wp.com\/www.shqiperia.com\/blog\/wp-content\/uploads\/2019\/05\/Paulin-Perja.jpg?fit=300%2C185&amp;ssl=1\" data-large-file=\"https:\/\/i0.wp.com\/www.shqiperia.com\/blog\/wp-content\/uploads\/2019\/05\/Paulin-Perja.jpg?fit=438%2C270&amp;ssl=1\" class=\" wp-image-20784\" alt=\"\" src=\"https:\/\/i0.wp.com\/www.shqiperia.com\/blog\/wp-content\/uploads\/2019\/05\/Paulin-Perja-300x185.jpg?resize=756%2C466\" width=\"756\" height=\"466\" srcset=\"https:\/\/i0.wp.com\/www.shqiperia.com\/blog\/wp-content\/uploads\/2019\/05\/Paulin-Perja.jpg?resize=300%2C185&amp;ssl=1 300w, https:\/\/i0.wp.com\/www.shqiperia.com\/blog\/wp-content\/uploads\/2019\/05\/Paulin-Perja.jpg?resize=400%2C247&amp;ssl=1 400w, https:\/\/i0.wp.com\/www.shqiperia.com\/blog\/wp-content\/uploads\/2019\/05\/Paulin-Perja.jpg?w=438&amp;ssl=1 438w\" sizes=\"auto, (max-width: 756px) 100vw, 756px\" \/><p id=\"caption-attachment-20784\" class=\"wp-caption-text\">Paulin Perja<\/p><\/div>\n","protected":false},"excerpt":{"rendered":"<p>U nda nga jeta Muzeologu dhe studiuesi I traditave kulturore dhe historike, Paulin Perja. Me hidherim morem lajmin e dhimbshem nga Shkodra, te ndarjes nga jeta te \u2013 Muzelogut dhe studiuesit te traditave kulturore dhe historke Paulin Perja. Paulini ishte mik dhe shok i pa pertuar ne diskutime, ndihme dhe perkushtshmeri qytetare. La trashegimi shume [&hellip;]<\/p>\n","protected":false},"author":9,"featured_media":20784,"comment_status":"open","ping_status":"open","sticky":false,"template":"","format":"standard","meta":{"jetpack_post_was_ever_published":false,"_jetpack_newsletter_access":"","_jetpack_dont_email_post_to_subs":false,"_jetpack_newsletter_tier_id":0,"_jetpack_memberships_contains_paywalled_content":false,"_jetpack_memberships_contains_paid_content":false,"footnotes":"","jetpack_publicize_message":"","jetpack_publicize_feature_enabled":true,"jetpack_social_post_already_shared":true,"jetpack_social_options":{"image_generator_settings":{"template":"highway","default_image_id":0,"font":"","enabled":false},"version":2}},"categories":[27,1,35],"tags":[],"class_list":["post-20783","post","type-post","status-publish","format-standard","has-post-thumbnail","hentry","category-blogu-i-udhetarit","category-njoftime-shtypi","category-shoqerore"],"jetpack_publicize_connections":[],"jetpack_featured_media_url":"https:\/\/i0.wp.com\/www.shqiperia.com\/blog\/wp-content\/uploads\/2019\/05\/Paulin-Perja.jpg?fit=438%2C270&ssl=1","jetpack_sharing_enabled":true,"jetpack_shortlink":"https:\/\/wp.me\/p5Z6wp-5pd","jetpack-related-posts":[{"id":49631,"url":"https:\/\/www.shqiperia.com\/blog\/u-nda-nga-jeta-kolosi-i-humorit-shqiptar-mbylli-syte-ne-moshen-86-vjecare\/","url_meta":{"origin":20783,"position":0},"title":"U nda nga jeta Kolosi i humorit shqiptar mbylli syte ne moshen 86 vje\u00e7are","author":"Kurt Farka","date":"September 4, 2021","format":false,"excerpt":"U nda nga kjo jete humoristi i madh Paulin Preka. Lajmin e bajne te ditur familjaret e tij. Sot me 4 shtator 2021 nderron jete Mjeshtri i Madh i humorit shkodran dhe atij shqiptar Paulin Preka. - Kolos i humorit shqiptar mbylli syte ne moshen 86 vje\u00e7are ne Itali ku\u2026","rel":"","context":"In &quot;Arte&quot;","block_context":{"text":"Arte","link":"https:\/\/www.shqiperia.com\/blog\/category\/arte\/"},"img":{"alt_text":"","src":"https:\/\/i0.wp.com\/www.shqiperia.com\/blog\/wp-content\/uploads\/2021\/09\/paulin-preka.jpg?fit=1200%2C679&ssl=1&resize=350%2C200","width":350,"height":200,"srcset":"https:\/\/i0.wp.com\/www.shqiperia.com\/blog\/wp-content\/uploads\/2021\/09\/paulin-preka.jpg?fit=1200%2C679&ssl=1&resize=350%2C200 1x, https:\/\/i0.wp.com\/www.shqiperia.com\/blog\/wp-content\/uploads\/2021\/09\/paulin-preka.jpg?fit=1200%2C679&ssl=1&resize=525%2C300 1.5x, https:\/\/i0.wp.com\/www.shqiperia.com\/blog\/wp-content\/uploads\/2021\/09\/paulin-preka.jpg?fit=1200%2C679&ssl=1&resize=700%2C400 2x, https:\/\/i0.wp.com\/www.shqiperia.com\/blog\/wp-content\/uploads\/2021\/09\/paulin-preka.jpg?fit=1200%2C679&ssl=1&resize=1050%2C600 3x"},"classes":[]},{"id":13295,"url":"https:\/\/www.shqiperia.com\/blog\/nua-dragu-lis-i-kelmendit\/","url_meta":{"origin":20783,"position":1},"title":"Nua Dragu Lis i Kelmendit.-","author":"Kurt Farka","date":"November 2, 2018","format":false,"excerpt":"Nua Dragu Lis i Kelmendit.- Me hidherim morem lajmin se u nda nga jeta Nua Dragu nga Lepusha e Kelmendit. Nuk mundem me harru mbresat qe kam nga takimi ne banesen e tij ne Lepushe, dhe biseda e gjate dhe e kandshme me kete njohes dhe bartes te traditave etnokulturore\u2026","rel":"","context":"In &quot;Blogu i Udh\u00ebtarit&quot;","block_context":{"text":"Blogu i Udh\u00ebtarit","link":"https:\/\/www.shqiperia.com\/blog\/category\/blogu-i-udhetarit\/"},"img":{"alt_text":"","src":"https:\/\/i0.wp.com\/www.shqiperia.com\/blog\/wp-content\/uploads\/2018\/11\/NUA-DRAGU.jpg?fit=720%2C960&ssl=1&resize=350%2C200","width":350,"height":200,"srcset":"https:\/\/i0.wp.com\/www.shqiperia.com\/blog\/wp-content\/uploads\/2018\/11\/NUA-DRAGU.jpg?fit=720%2C960&ssl=1&resize=350%2C200 1x, https:\/\/i0.wp.com\/www.shqiperia.com\/blog\/wp-content\/uploads\/2018\/11\/NUA-DRAGU.jpg?fit=720%2C960&ssl=1&resize=525%2C300 1.5x, https:\/\/i0.wp.com\/www.shqiperia.com\/blog\/wp-content\/uploads\/2018\/11\/NUA-DRAGU.jpg?fit=720%2C960&ssl=1&resize=700%2C400 2x"},"classes":[]},{"id":75613,"url":"https:\/\/www.shqiperia.com\/blog\/ndahet-nga-jeta-regjisori-i-njohur-paulin-shkjezi\/","url_meta":{"origin":20783,"position":2},"title":"Ndahet nga jeta regjisori i njohur, Paulin Shkjezi","author":"Kurt Farka","date":"November 16, 2023","format":false,"excerpt":"16 Nentor 2023 Ndahet nga jeta regjisori i njohur i RTVSH, Paulin Shkjezi. Regjisori u nda nga jeta me 15 Nentor 2023 pas nj\u00eb s\u00ebmundjeje, nd\u00ebrsa p\u00ebr mbi 25 vjet punoi n\u00eb RTVSH, nd\u00ebrsa ishte autori i shum\u00eb emisioneve. Shkjezi u b\u00eb i njohur q\u00eb gjimnazist nga grupi \u2018Matura 72\u2019.\u2026","rel":"","context":"In &quot;Blogu i Udh\u00ebtarit&quot;","block_context":{"text":"Blogu i Udh\u00ebtarit","link":"https:\/\/www.shqiperia.com\/blog\/category\/blogu-i-udhetarit\/"},"img":{"alt_text":"","src":"https:\/\/i0.wp.com\/www.shqiperia.com\/blog\/wp-content\/uploads\/2023\/11\/Regjisori-Paulin-Shkjezi.jpg?fit=783%2C520&ssl=1&resize=350%2C200","width":350,"height":200,"srcset":"https:\/\/i0.wp.com\/www.shqiperia.com\/blog\/wp-content\/uploads\/2023\/11\/Regjisori-Paulin-Shkjezi.jpg?fit=783%2C520&ssl=1&resize=350%2C200 1x, https:\/\/i0.wp.com\/www.shqiperia.com\/blog\/wp-content\/uploads\/2023\/11\/Regjisori-Paulin-Shkjezi.jpg?fit=783%2C520&ssl=1&resize=525%2C300 1.5x, https:\/\/i0.wp.com\/www.shqiperia.com\/blog\/wp-content\/uploads\/2023\/11\/Regjisori-Paulin-Shkjezi.jpg?fit=783%2C520&ssl=1&resize=700%2C400 2x"},"classes":[]},{"id":93545,"url":"https:\/\/www.shqiperia.com\/blog\/ndahet-nga-jeta-studiuesi-dhe-etnografi-agim-bido-i-kushtoi-jeten-trashegimise-kulturore\/","url_meta":{"origin":20783,"position":3},"title":"Ndahet nga jeta studiuesi dhe etnografi Agim Bido, i kushtoi jet\u00ebn trash\u00ebgimis\u00eb kulturore","author":"Kurt Farka","date":"September 6, 2025","format":false,"excerpt":"6 Shtator 2025 Studiuesi dhe etnografi\u00a0Agim Bido\u00a0\u00ebsht\u00eb ndar\u00eb nga jeta n\u00eb mosh\u00ebn 69-vje\u00e7are Ai i kushtoi jet\u00ebn dokumentimit dhe ruajtjes s\u00eb trash\u00ebgimis\u00eb son\u00eb kulturore. Agim Bido \u00ebsht\u00eb autor i vepr\u00ebs \u201cArti popullor n\u00eb veshje e tekstile popullore\u201d (1991). Bido la nj\u00eb kontribut t\u00eb r\u00ebnd\u00ebsish\u00ebm n\u00eb studimin e kostumeve tradicionale shqiptare,\u2026","rel":"","context":"In &quot;Blogu i Udh\u00ebtarit&quot;","block_context":{"text":"Blogu i Udh\u00ebtarit","link":"https:\/\/www.shqiperia.com\/blog\/category\/blogu-i-udhetarit\/"},"img":{"alt_text":"","src":"https:\/\/i0.wp.com\/www.shqiperia.com\/blog\/wp-content\/uploads\/2025\/09\/1757148268_agimbido.jpg?fit=780%2C440&ssl=1&resize=350%2C200","width":350,"height":200,"srcset":"https:\/\/i0.wp.com\/www.shqiperia.com\/blog\/wp-content\/uploads\/2025\/09\/1757148268_agimbido.jpg?fit=780%2C440&ssl=1&resize=350%2C200 1x, https:\/\/i0.wp.com\/www.shqiperia.com\/blog\/wp-content\/uploads\/2025\/09\/1757148268_agimbido.jpg?fit=780%2C440&ssl=1&resize=525%2C300 1.5x, https:\/\/i0.wp.com\/www.shqiperia.com\/blog\/wp-content\/uploads\/2025\/09\/1757148268_agimbido.jpg?fit=780%2C440&ssl=1&resize=700%2C400 2x"},"classes":[]},{"id":91244,"url":"https:\/\/www.shqiperia.com\/blog\/u-nda-nga-jeta-studiuesi-ruzhdi-mata\/","url_meta":{"origin":20783,"position":4},"title":"U nda nga jeta Studiuesi Ruzhdi Mata","author":"Kurt Farka","date":"April 8, 2025","format":false,"excerpt":"8 Prill 2025 Nj\u00eb lajm i hidhur ka trishtuar k\u00ebt\u00eb t\u00eb diel\u00eb ku \u00ebsht\u00eb ndar\u00eb nga jeta studiuesi i njohur, sidomos p\u00ebr k\u00ebrkimet e tij shkencore mbi figur\u00ebn e Josif Bagerit. Studiuesi Ruzhdi Mata u shua n\u00eb mosh\u00ebn 83 Vje\u00e7are n\u00eb Tiran\u00eb duke l\u00ebn\u00eb kontribute t\u00eb ve\u00e7anta n\u00eb fush\u00ebn e\u2026","rel":"","context":"In &quot;Blogu i Udh\u00ebtarit&quot;","block_context":{"text":"Blogu i Udh\u00ebtarit","link":"https:\/\/www.shqiperia.com\/blog\/category\/blogu-i-udhetarit\/"},"img":{"alt_text":"","src":"https:\/\/i0.wp.com\/www.shqiperia.com\/blog\/wp-content\/uploads\/2025\/04\/39979420_546072255849791_6098342695434977280_n.jpg?fit=690%2C556&ssl=1&resize=350%2C200","width":350,"height":200,"srcset":"https:\/\/i0.wp.com\/www.shqiperia.com\/blog\/wp-content\/uploads\/2025\/04\/39979420_546072255849791_6098342695434977280_n.jpg?fit=690%2C556&ssl=1&resize=350%2C200 1x, https:\/\/i0.wp.com\/www.shqiperia.com\/blog\/wp-content\/uploads\/2025\/04\/39979420_546072255849791_6098342695434977280_n.jpg?fit=690%2C556&ssl=1&resize=525%2C300 1.5x"},"classes":[]},{"id":80175,"url":"https:\/\/www.shqiperia.com\/blog\/fale-punes-se-perkushtuar-nga-paulin-zefi-dhurata-artefaktesh-arkeologjike-ne-muzeun-e-lezhes\/","url_meta":{"origin":20783,"position":5},"title":"Fale punes s\u00eb perkushtuar nga Paulin Zefi: &#8211; Dhurata artefaktesh arkeologjike n\u00eb Muzeun e Lezhes.","author":"Kurt Farka","date":"April 16, 2024","format":false,"excerpt":"16 Prill 2024 N\u00eb nje njoftim te Specialistit t\u00eb Trashegimis\u00eb Kulturore Paulin Zefi te publikuar ne FB lajm\u00ebron,se dhurata t\u00eb shumta i jan\u00eb dhuruar nga qztetar\u00eb t\u00eb ndrysh\u00ebm Muzeut Leyh\u00eb. \u201cLISSUS (Lezha)\u201d, nj\u00eb truall me intensitet shum\u00eb t\u00eb lart\u00eb arkeologjik, q\u00eb nuk resht kurr\u00eb s\u00eb surprizuari\u2026 Objekte prej bronzi dhe\u2026","rel":"","context":"In &quot;Blogu i Udh\u00ebtarit&quot;","block_context":{"text":"Blogu i Udh\u00ebtarit","link":"https:\/\/www.shqiperia.com\/blog\/category\/blogu-i-udhetarit\/"},"img":{"alt_text":"","src":"https:\/\/i0.wp.com\/www.shqiperia.com\/blog\/wp-content\/uploads\/2024\/04\/437484464_2232227247109635_2881305252645057001_n-rotated.jpg?fit=1200%2C881&ssl=1&resize=350%2C200","width":350,"height":200,"srcset":"https:\/\/i0.wp.com\/www.shqiperia.com\/blog\/wp-content\/uploads\/2024\/04\/437484464_2232227247109635_2881305252645057001_n-rotated.jpg?fit=1200%2C881&ssl=1&resize=350%2C200 1x, https:\/\/i0.wp.com\/www.shqiperia.com\/blog\/wp-content\/uploads\/2024\/04\/437484464_2232227247109635_2881305252645057001_n-rotated.jpg?fit=1200%2C881&ssl=1&resize=525%2C300 1.5x, https:\/\/i0.wp.com\/www.shqiperia.com\/blog\/wp-content\/uploads\/2024\/04\/437484464_2232227247109635_2881305252645057001_n-rotated.jpg?fit=1200%2C881&ssl=1&resize=700%2C400 2x, https:\/\/i0.wp.com\/www.shqiperia.com\/blog\/wp-content\/uploads\/2024\/04\/437484464_2232227247109635_2881305252645057001_n-rotated.jpg?fit=1200%2C881&ssl=1&resize=1050%2C600 3x"},"classes":[]}],"_links":{"self":[{"href":"https:\/\/www.shqiperia.com\/blog\/wp-json\/wp\/v2\/posts\/20783","targetHints":{"allow":["GET"]}}],"collection":[{"href":"https:\/\/www.shqiperia.com\/blog\/wp-json\/wp\/v2\/posts"}],"about":[{"href":"https:\/\/www.shqiperia.com\/blog\/wp-json\/wp\/v2\/types\/post"}],"author":[{"embeddable":true,"href":"https:\/\/www.shqiperia.com\/blog\/wp-json\/wp\/v2\/users\/9"}],"replies":[{"embeddable":true,"href":"https:\/\/www.shqiperia.com\/blog\/wp-json\/wp\/v2\/comments?post=20783"}],"version-history":[{"count":4,"href":"https:\/\/www.shqiperia.com\/blog\/wp-json\/wp\/v2\/posts\/20783\/revisions"}],"predecessor-version":[{"id":29139,"href":"https:\/\/www.shqiperia.com\/blog\/wp-json\/wp\/v2\/posts\/20783\/revisions\/29139"}],"wp:featuredmedia":[{"embeddable":true,"href":"https:\/\/www.shqiperia.com\/blog\/wp-json\/wp\/v2\/media\/20784"}],"wp:attachment":[{"href":"https:\/\/www.shqiperia.com\/blog\/wp-json\/wp\/v2\/media?parent=20783"}],"wp:term":[{"taxonomy":"category","embeddable":true,"href":"https:\/\/www.shqiperia.com\/blog\/wp-json\/wp\/v2\/categories?post=20783"},{"taxonomy":"post_tag","embeddable":true,"href":"https:\/\/www.shqiperia.com\/blog\/wp-json\/wp\/v2\/tags?post=20783"}],"curies":[{"name":"wp","href":"https:\/\/api.w.org\/{rel}","templated":true}]}}