{"id":20774,"date":"2019-05-06T10:14:16","date_gmt":"2019-05-06T10:14:16","guid":{"rendered":"http:\/\/www.shqiperia.com\/blog\/?p=20774"},"modified":"2019-05-06T10:14:16","modified_gmt":"2019-05-06T10:14:16","slug":"tabelat-ne-gjuhen-greke-perplasja-mes-shqiptareve-dhe-heshjta-e-qeverise-helene","status":"publish","type":"post","link":"https:\/\/www.shqiperia.com\/blog\/tabelat-ne-gjuhen-greke-perplasja-mes-shqiptareve-dhe-heshjta-e-qeverise-helene\/","title":{"rendered":"Tabelat n\u00eb gjuh\u00ebn greke, p\u00ebrplasja mes shqiptar\u00ebve dhe heshjta e qeveris\u00eb helene. &#8211;"},"content":{"rendered":"<p><img data-recalc-dims=\"1\" loading=\"lazy\" decoding=\"async\" data-attachment-id=\"20775\" data-permalink=\"https:\/\/www.shqiperia.com\/blog\/tabelat-ne-gjuhen-greke-perplasja-mes-shqiptareve-dhe-heshjta-e-qeverise-helene\/bashkia-finiq\/\" data-orig-file=\"https:\/\/i0.wp.com\/www.shqiperia.com\/blog\/wp-content\/uploads\/2019\/05\/bashkia-finiq.jpg?fit=892%2C442&amp;ssl=1\" data-orig-size=\"892,442\" data-comments-opened=\"1\" data-image-meta=\"{&quot;aperture&quot;:&quot;0&quot;,&quot;credit&quot;:&quot;&quot;,&quot;camera&quot;:&quot;&quot;,&quot;caption&quot;:&quot;&quot;,&quot;created_timestamp&quot;:&quot;0&quot;,&quot;copyright&quot;:&quot;&quot;,&quot;focal_length&quot;:&quot;0\\\/0&quot;,&quot;iso&quot;:&quot;0&quot;,&quot;shutter_speed&quot;:&quot;0\\\/0&quot;,&quot;title&quot;:&quot;&quot;,&quot;orientation&quot;:&quot;1&quot;}\" data-image-title=\"bashkia-finiq\" data-image-description=\"\" data-image-caption=\"\" data-medium-file=\"https:\/\/i0.wp.com\/www.shqiperia.com\/blog\/wp-content\/uploads\/2019\/05\/bashkia-finiq.jpg?fit=300%2C149&amp;ssl=1\" data-large-file=\"https:\/\/i0.wp.com\/www.shqiperia.com\/blog\/wp-content\/uploads\/2019\/05\/bashkia-finiq.jpg?fit=892%2C442&amp;ssl=1\" class=\"alignnone  wp-image-20775\" alt=\"\" src=\"https:\/\/i0.wp.com\/www.shqiperia.com\/blog\/wp-content\/uploads\/2019\/05\/bashkia-finiq-300x149.jpg?resize=542%2C269\" width=\"542\" height=\"269\" srcset=\"https:\/\/i0.wp.com\/www.shqiperia.com\/blog\/wp-content\/uploads\/2019\/05\/bashkia-finiq.jpg?resize=300%2C149&amp;ssl=1 300w, https:\/\/i0.wp.com\/www.shqiperia.com\/blog\/wp-content\/uploads\/2019\/05\/bashkia-finiq.jpg?resize=768%2C381&amp;ssl=1 768w, https:\/\/i0.wp.com\/www.shqiperia.com\/blog\/wp-content\/uploads\/2019\/05\/bashkia-finiq.jpg?resize=450%2C223&amp;ssl=1 450w, https:\/\/i0.wp.com\/www.shqiperia.com\/blog\/wp-content\/uploads\/2019\/05\/bashkia-finiq.jpg?resize=600%2C297&amp;ssl=1 600w, https:\/\/i0.wp.com\/www.shqiperia.com\/blog\/wp-content\/uploads\/2019\/05\/bashkia-finiq.jpg?resize=400%2C198&amp;ssl=1 400w, https:\/\/i0.wp.com\/www.shqiperia.com\/blog\/wp-content\/uploads\/2019\/05\/bashkia-finiq.jpg?w=892&amp;ssl=1 892w\" sizes=\"auto, (max-width: 542px) 100vw, 542px\" \/><\/p>\n<p>Tabelat n\u00eb gjuh\u00ebn greke, p\u00ebrplasja mes shqiptar\u00ebve dhe heshjta e qeveris\u00eb helene. &#8211;<\/p>\n<p><strong>Ajo q\u00eb b\u00ebn m\u00eb shum\u00eb \u00e7udi \u00ebsht\u00eb heshtja e qeveris\u00eb greke, p\u00ebr h\u00ebr\u00eb t\u00eb par\u00eb nuk reagoi p\u00ebr minoritetin n\u00eb Shqip\u00ebri. Si p\u00ebr t\u00eb p\u00ebrsh\u00ebndetur vendosjen e tabelave, po ashtu dhe sot kur ato u hoq\u00ebn.<\/strong><\/p>\n<p>5 Maj, 2019<\/p>\n<p><strong>TIRAN\u00cb-\u00a0<\/strong>Finiqi i larg\u00ebt u b\u00eb moll\u00eb sherri p\u00ebr politik\u00ebn e Tiran\u00ebs. Edhe pse duket larg gjeografikisht, interneti e afroi k\u00ebt\u00eb her\u00eb duke sjell\u00eb n\u00eb koh\u00eb reale at\u00eb q\u00eb po ndodhte aty. Ishte nj\u00eb denoncim nga historiani Arben Llalla, i cili publikoi disa tabela me em\u00ebrtime greke dhe shprehej se ishin n\u00eb territor shqiptar.<\/p>\n<p>\u201c<em>Mbushet Jugut i Shqip\u00ebris\u00eb me tabela treguese n\u00eb gjuh\u00ebn greke. Me rastin e 1 Majit Greqia ngul tabelat me greqishten si gjuh\u00eb zyrtare shtet\u00ebrore\u2026PYETENI RAM\u00cb PATRIOTIN E KRISTAKIS DHE ANET\u00cbS\u2026<\/em>\u201d, shkruante Llalla n\u00eb Facebook.<\/p>\n<p>Menj\u00ebher\u00eb pas k\u00ebtij denoncimi dhe publikimit t\u00eb tij n\u00eb media ka pasur reagime t\u00eb shumta nga politika. Partia Drejt\u00ebsi Integrim dhe Unitet, n\u00eb nj\u00eb deklarat\u00eb t\u00eb saj\u00ebn e d\u00ebnonte k\u00ebt\u00eb akt dhe shtonte se kjo ishte nj\u00eb provokim shum\u00eb i r\u00ebnd\u00eb p\u00ebr shtetit shqiptar. Edhe pse PDIU k\u00ebrkoi q\u00eb qeveria t\u00eb reagonte ajo b\u00ebri t\u00eb kund\u00ebrt\u00ebn heshi, po ashtu heshtje pati dhe nga Bashkia Finiq.<\/p>\n<p>\u201c<em>Rilindja e pretendimeve \u201cvorioepirote\u201d n\u00ebn hund\u00ebn e qeveris\u00eb Rama p\u00ebrb\u00ebn skandalin m\u00eb t\u00eb r\u00ebnd\u00eb t\u00eb 30 viteve t\u00eb fundit. Partia Drejt\u00ebsi, Integrim dhe Unitet ndan shqet\u00ebsimin e sarandiot\u00ebve, delvinjot\u00ebve, konispolat\u00ebve por dhe Finiqit e Dropullit e \u00e7do shqiptari q\u00eb po sheh dit\u00ebn me diell mosveprimin e turpsh\u00ebm t\u00eb qeveris\u00eb e prokuroris\u00eb p\u00ebrball\u00eb akteve t\u00eb r\u00ebnda kund\u00ebr sovranitetit komb\u00ebtar. N\u00ebse qeveria shqiptare nuk nd\u00ebrhyn n\u00eb koh\u00eb, tregon se ka gisht n\u00eb c\u00ebnimin e sovranitetit t\u00eb vendit. \u00c7dokush t\u00eb jet\u00eb i qart\u00eb se shqiptar\u00ebt nuk do t\u00eb rrin\u00eb duarkryq p\u00ebrball\u00eb k\u00ebtj skandali dhe p\u00ebr pak dit\u00eb, kjo sh\u00ebmti do t\u2019i p\u00ebrkas\u00eb historis\u00eb! PDIU i b\u00ebn thirrje kryeministrit Rama, prokurores Marku, ministrave Lleshaj dhe Cakaj, t\u00eb mos b\u00ebhen bashk\u00ebpun\u00ebtor t\u00eb Jorgji Zografit, p\u00ebrpara se t\u00eb jet\u00eb von\u00eb!<\/em>\u201d, shtohej m\u00eb tej n\u00eb deklarat\u00eb.<\/p>\n<p>Nj\u00eb tjet\u00ebr reagim pati dhe nga ish-deputeti i LSI p\u00ebr qarkun e Vlor\u00ebs, Shezai Rrokaj, i cili me an\u00eb t\u00eb nj\u00eb postimi n\u00eb Facebook e quan nj\u00eb turp komb\u00ebtar.<\/p>\n<p>\u201cGjuh\u00ebt e pakicave g\u00ebzojn\u00eb t\u00eb drejta t\u00eb p\u00ebrdorimit lokal, por jo t\u00eb jen\u00eb par\u00ebsore karshi gjuh\u00ebs zyrtare. Kjo \u00ebsht\u00eb e qart\u00eb edhe n\u00eb Konvent\u00ebn Kuad\u00ebr t\u00eb KE-s\u00eb p\u00ebr Mbrojtjen e Pakicave Komb\u00ebtare, ratifikuar me ligjin nr 8496, dt 3.6.1999. Mbrojtja e t\u00eb drejtave t\u00eb pakicave, n\u00eb rastin konkret ajo greke, nuk mund t\u00eb b\u00ebhet n\u00eb d\u00ebm t\u00eb prestigjit t\u00eb gjuh\u00ebs s\u00eb shumic\u00ebs q\u00eb \u00ebsht\u00eb gjuh\u00eb zyrtare\u201d, shton Rrokaj.<\/p>\n<p><img data-recalc-dims=\"1\" loading=\"lazy\" decoding=\"async\" data-attachment-id=\"20776\" data-permalink=\"https:\/\/www.shqiperia.com\/blog\/tabelat-ne-gjuhen-greke-perplasja-mes-shqiptareve-dhe-heshjta-e-qeverise-helene\/bashkia-finiq-copy\/\" data-orig-file=\"https:\/\/i0.wp.com\/www.shqiperia.com\/blog\/wp-content\/uploads\/2019\/05\/bashkia-finiq-Copy.jpg?fit=892%2C763&amp;ssl=1\" data-orig-size=\"892,763\" data-comments-opened=\"1\" data-image-meta=\"{&quot;aperture&quot;:&quot;0&quot;,&quot;credit&quot;:&quot;&quot;,&quot;camera&quot;:&quot;&quot;,&quot;caption&quot;:&quot;&quot;,&quot;created_timestamp&quot;:&quot;0&quot;,&quot;copyright&quot;:&quot;&quot;,&quot;focal_length&quot;:&quot;0\\\/0&quot;,&quot;iso&quot;:&quot;0&quot;,&quot;shutter_speed&quot;:&quot;0\\\/0&quot;,&quot;title&quot;:&quot;&quot;,&quot;orientation&quot;:&quot;1&quot;}\" data-image-title=\"bashkia-finiq &#8211; Copy\" data-image-description=\"\" data-image-caption=\"\" data-medium-file=\"https:\/\/i0.wp.com\/www.shqiperia.com\/blog\/wp-content\/uploads\/2019\/05\/bashkia-finiq-Copy.jpg?fit=300%2C257&amp;ssl=1\" data-large-file=\"https:\/\/i0.wp.com\/www.shqiperia.com\/blog\/wp-content\/uploads\/2019\/05\/bashkia-finiq-Copy.jpg?fit=892%2C763&amp;ssl=1\" class=\"alignnone  wp-image-20776\" alt=\"\" src=\"https:\/\/i0.wp.com\/www.shqiperia.com\/blog\/wp-content\/uploads\/2019\/05\/bashkia-finiq-Copy-300x257.jpg?resize=575%2C493\" width=\"575\" height=\"493\" srcset=\"https:\/\/i0.wp.com\/www.shqiperia.com\/blog\/wp-content\/uploads\/2019\/05\/bashkia-finiq-Copy.jpg?resize=300%2C257&amp;ssl=1 300w, https:\/\/i0.wp.com\/www.shqiperia.com\/blog\/wp-content\/uploads\/2019\/05\/bashkia-finiq-Copy.jpg?resize=768%2C657&amp;ssl=1 768w, https:\/\/i0.wp.com\/www.shqiperia.com\/blog\/wp-content\/uploads\/2019\/05\/bashkia-finiq-Copy.jpg?resize=450%2C385&amp;ssl=1 450w, https:\/\/i0.wp.com\/www.shqiperia.com\/blog\/wp-content\/uploads\/2019\/05\/bashkia-finiq-Copy.jpg?resize=600%2C513&amp;ssl=1 600w, https:\/\/i0.wp.com\/www.shqiperia.com\/blog\/wp-content\/uploads\/2019\/05\/bashkia-finiq-Copy.jpg?resize=400%2C342&amp;ssl=1 400w, https:\/\/i0.wp.com\/www.shqiperia.com\/blog\/wp-content\/uploads\/2019\/05\/bashkia-finiq-Copy.jpg?w=892&amp;ssl=1 892w\" sizes=\"auto, (max-width: 575px) 100vw, 575px\" \/><\/p>\n<p>Nga: Dosja Al<\/p>\n","protected":false},"excerpt":{"rendered":"<p>Tabelat n\u00eb gjuh\u00ebn greke, p\u00ebrplasja mes shqiptar\u00ebve dhe heshjta e qeveris\u00eb helene. &#8211; Ajo q\u00eb b\u00ebn m\u00eb shum\u00eb \u00e7udi \u00ebsht\u00eb heshtja e qeveris\u00eb greke, p\u00ebr h\u00ebr\u00eb t\u00eb par\u00eb nuk reagoi p\u00ebr minoritetin n\u00eb Shqip\u00ebri. Si p\u00ebr t\u00eb p\u00ebrsh\u00ebndetur vendosjen e tabelave, po ashtu dhe sot kur ato u hoq\u00ebn. 5 Maj, 2019 TIRAN\u00cb-\u00a0Finiqi i larg\u00ebt [&hellip;]<\/p>\n","protected":false},"author":9,"featured_media":20775,"comment_status":"open","ping_status":"open","sticky":false,"template":"","format":"standard","meta":{"jetpack_post_was_ever_published":false,"_jetpack_newsletter_access":"","_jetpack_dont_email_post_to_subs":false,"_jetpack_newsletter_tier_id":0,"_jetpack_memberships_contains_paywalled_content":false,"_jetpack_memberships_contains_paid_content":false,"footnotes":"","jetpack_publicize_message":"","jetpack_publicize_feature_enabled":true,"jetpack_social_post_already_shared":true,"jetpack_social_options":{"image_generator_settings":{"template":"highway","default_image_id":0,"font":"","enabled":false},"version":2}},"categories":[27,10,35],"tags":[],"class_list":["post-20774","post","type-post","status-publish","format-standard","has-post-thumbnail","hentry","category-blogu-i-udhetarit","category-kultura","category-shoqerore"],"jetpack_publicize_connections":[],"jetpack_featured_media_url":"https:\/\/i0.wp.com\/www.shqiperia.com\/blog\/wp-content\/uploads\/2019\/05\/bashkia-finiq.jpg?fit=892%2C442&ssl=1","jetpack_sharing_enabled":true,"jetpack_shortlink":"https:\/\/wp.me\/p5Z6wp-5p4","jetpack-related-posts":[{"id":20964,"url":"https:\/\/www.shqiperia.com\/blog\/ekstremistet-greke-rrezojne-tabelat-e-reja-ne-gjuhen-shqipe-cfare-po-ndodhe-ne-dhrovjan-te-dropullit\/","url_meta":{"origin":20774,"position":0},"title":"&#8216;Ekstremist\u00ebt grek\u00eb rr\u00ebzojn\u00eb tabelat e reja n\u00eb gjuh\u00ebn shqipe&#8217;.\/ \u00c7far\u00eb po ndodh\u00eb n\u00eb Dhrovjan t\u00eb Dropullit. &#8211;","author":"Kurt Farka","date":"May 10, 2019","format":false,"excerpt":"'Ekstremist\u00ebt grek\u00eb rr\u00ebzojn\u00eb tabelat e reja n\u00eb gjuh\u00ebn shqipe'.\/ \u00c7far\u00eb po ndodh\u00eb n\u00eb Dhrovjan t\u00eb Dropullit. - Tabelat e reja n\u00eb gjuh\u00ebn shqipe jan\u00eb shembur n\u00eb\u00a0Dhrovjan t\u00eb Dropullit cili banohet nga pakica greke. Kjo dyshohet se vjen n\u00eb shenj\u00eb hakmarrje p\u00ebr heqjen e tabelave n\u00eb gjuh\u00ebn greke n\u00eb Finiq. 10\u2026","rel":"","context":"In &quot;Blogu i Udh\u00ebtarit&quot;","block_context":{"text":"Blogu i Udh\u00ebtarit","link":"https:\/\/www.shqiperia.com\/blog\/category\/blogu-i-udhetarit\/"},"img":{"alt_text":"","src":"https:\/\/i0.wp.com\/www.shqiperia.com\/blog\/wp-content\/uploads\/2019\/05\/1557489536_tabela.jpg?fit=703%2C354&ssl=1&resize=350%2C200","width":350,"height":200,"srcset":"https:\/\/i0.wp.com\/www.shqiperia.com\/blog\/wp-content\/uploads\/2019\/05\/1557489536_tabela.jpg?fit=703%2C354&ssl=1&resize=350%2C200 1x, https:\/\/i0.wp.com\/www.shqiperia.com\/blog\/wp-content\/uploads\/2019\/05\/1557489536_tabela.jpg?fit=703%2C354&ssl=1&resize=525%2C300 1.5x, https:\/\/i0.wp.com\/www.shqiperia.com\/blog\/wp-content\/uploads\/2019\/05\/1557489536_tabela.jpg?fit=703%2C354&ssl=1&resize=700%2C400 2x"},"classes":[]},{"id":20751,"url":"https:\/\/www.shqiperia.com\/blog\/policia-aksion-gjate-nates-heq-tabelat-ne-greqisht-ne-bashkine-e-finiqit-reagon-ish-deputeti\/","url_meta":{"origin":20774,"position":1},"title":"Policia aksion gjat\u00eb nat\u00ebs, heq tabelat n\u00eb greqisht n\u00eb Bashkin\u00eb e Finiqit. Reagon ish-deputeti. &#8211;","author":"Kurt Farka","date":"May 5, 2019","format":false,"excerpt":"Policia aksion gjat\u00eb nat\u00ebs, heq tabelat n\u00eb greqisht n\u00eb Bashkin\u00eb e Finiqit. Reagon ish-deputeti. - \u00a05 maji 2019 Policia ka hequr gjat\u00eb or\u00ebve t\u00eb nat\u00ebs tabelat e shumta n\u00eb akset rrugore n\u00eb Finiq t\u00eb shkruara n\u00eb gjuh\u00ebn greke. Gjat\u00eb aksionit t\u00eb policis\u00eb, ka pasur edhe konfrontime me banor\u00ebt. Tabelat n\u00eb\u2026","rel":"","context":"In &quot;Blogu i Udh\u00ebtarit&quot;","block_context":{"text":"Blogu i Udh\u00ebtarit","link":"https:\/\/www.shqiperia.com\/blog\/category\/blogu-i-udhetarit\/"},"img":{"alt_text":"","src":"https:\/\/i0.wp.com\/www.shqiperia.com\/blog\/wp-content\/uploads\/2019\/05\/tabela-Copy.jpg?fit=727%2C360&ssl=1&resize=350%2C200","width":350,"height":200,"srcset":"https:\/\/i0.wp.com\/www.shqiperia.com\/blog\/wp-content\/uploads\/2019\/05\/tabela-Copy.jpg?fit=727%2C360&ssl=1&resize=350%2C200 1x, https:\/\/i0.wp.com\/www.shqiperia.com\/blog\/wp-content\/uploads\/2019\/05\/tabela-Copy.jpg?fit=727%2C360&ssl=1&resize=525%2C300 1.5x, https:\/\/i0.wp.com\/www.shqiperia.com\/blog\/wp-content\/uploads\/2019\/05\/tabela-Copy.jpg?fit=727%2C360&ssl=1&resize=700%2C400 2x"},"classes":[]},{"id":84675,"url":"https:\/\/www.shqiperia.com\/blog\/qytetaret-e-dibres-se-madhe-me-lufte-do-ta-mbrojme-gjuhen-shqipe\/","url_meta":{"origin":20774,"position":2},"title":"Qytetar\u00ebt e Dibr\u00ebs s\u00eb Madhe: &#8211; Me luft\u00eb do ta mbrojm\u00eb gjuh\u00ebn shqipe","author":"Kurt Farka","date":"September 18, 2024","format":false,"excerpt":"18 Shtator 2024 Pak dit\u00eb m\u00eb par\u00eb n\u00eb pik\u00ebn e kalimit kufitar me Kosov\u00ebn n\u00eb Bllac\u00eb t\u00eb Maqedonis\u00eb s\u00eb Veriut u hoq\u00ebn tabelat e sinjalistik\u00ebs rrugore q\u00eb p\u00ebrmbanin edhe gjuh\u00ebn shqipe. Kjo krijoi nj\u00eb zem\u00ebrat\u00eb tek shqiptar\u00ebt e shtetit fqinj. Tabelat q\u00eb ishin vendosur n\u00eb rrug\u00ebn Bllac\u00eb \u2013 Shkup nuk\u2026","rel":"","context":"In &quot;Blogu i Udh\u00ebtarit&quot;","block_context":{"text":"Blogu i Udh\u00ebtarit","link":"https:\/\/www.shqiperia.com\/blog\/category\/blogu-i-udhetarit\/"},"img":{"alt_text":"","src":"https:\/\/i0.wp.com\/www.shqiperia.com\/blog\/wp-content\/uploads\/2024\/09\/dibra-e-madhe-1024x589-1.jpg?fit=1024%2C589&ssl=1&resize=350%2C200","width":350,"height":200,"srcset":"https:\/\/i0.wp.com\/www.shqiperia.com\/blog\/wp-content\/uploads\/2024\/09\/dibra-e-madhe-1024x589-1.jpg?fit=1024%2C589&ssl=1&resize=350%2C200 1x, https:\/\/i0.wp.com\/www.shqiperia.com\/blog\/wp-content\/uploads\/2024\/09\/dibra-e-madhe-1024x589-1.jpg?fit=1024%2C589&ssl=1&resize=525%2C300 1.5x, https:\/\/i0.wp.com\/www.shqiperia.com\/blog\/wp-content\/uploads\/2024\/09\/dibra-e-madhe-1024x589-1.jpg?fit=1024%2C589&ssl=1&resize=700%2C400 2x"},"classes":[]},{"id":37414,"url":"https:\/\/www.shqiperia.com\/blog\/perplasja-me-turqit-shkakton-termet-ne-athine-kryeministrin-e-tradhton-i-besuari-i-tij\/","url_meta":{"origin":20774,"position":3},"title":"P\u00ebrplasja me turqit shkakton &#8216;t\u00ebrmet&#8217; n\u00eb Athin\u00eb, kryeministrin e &#8216;tradhton&#8217; i besuari i tij","author":"Kurt Farka","date":"August 20, 2020","format":false,"excerpt":"20 GUSHT 2020 K\u00ebshilltari mbi sigurin\u00eb i kryeministrit grek Mitsotakis dha dor\u00ebheqjen gjat\u00eb dit\u00ebs s\u00eb djeshme pas nj\u00eb deklarate, e cila shkaktoi t\u00ebrmet n\u00eb Athin\u00eb. Admirali Alexandros Diakopoulos tha nd\u00ebr t\u00eb tjera se anija turke \u201cOru\u00e7 Reis\u201d ishte duke kryer k\u00ebrkime n\u00eb Egjeun Lindor p\u00ebrgjat\u00eb gjith\u00eb dit\u00ebve q\u00eb ajo po\u2026","rel":"","context":"In &quot;Blogu i Udh\u00ebtarit&quot;","block_context":{"text":"Blogu i Udh\u00ebtarit","link":"https:\/\/www.shqiperia.com\/blog\/category\/blogu-i-udhetarit\/"},"img":{"alt_text":"","src":"https:\/\/i0.wp.com\/www.shqiperia.com\/blog\/wp-content\/uploads\/2020\/08\/640-0-5f3e33e0104fb.jpg?fit=640%2C360&ssl=1&resize=350%2C200","width":350,"height":200,"srcset":"https:\/\/i0.wp.com\/www.shqiperia.com\/blog\/wp-content\/uploads\/2020\/08\/640-0-5f3e33e0104fb.jpg?fit=640%2C360&ssl=1&resize=350%2C200 1x, https:\/\/i0.wp.com\/www.shqiperia.com\/blog\/wp-content\/uploads\/2020\/08\/640-0-5f3e33e0104fb.jpg?fit=640%2C360&ssl=1&resize=525%2C300 1.5x"},"classes":[]},{"id":43918,"url":"https:\/\/www.shqiperia.com\/blog\/edvin-lidhe-gjuhen-se-pastaj-shpetim-idrizi-paralajmeron-ramen-cjapi-qe-po-i-vjen-ngordhja-dje-e-leshoi-gojen\/","url_meta":{"origin":20774,"position":4},"title":"\u201cEdvin lidhe gjuh\u00ebn se pastaj\u2026\u201d\/ Shp\u00ebtim Idrizi paralajm\u00ebron Ram\u00ebn: Cjapi q\u00eb po i vjen ngordhja dje e l\u00ebshoi goj\u00ebn","author":"Kurt Farka","date":"February 8, 2021","format":false,"excerpt":"\u201cEdvin lidhe gjuh\u00ebn se pastaj\u2026\u201d\/ Shp\u00ebtim Idrizi paralajm\u00ebron Ram\u00ebn: Cjapi q\u00eb po i vjen ngordhja dje e l\u00ebshoi goj\u00ebn 8 shkurt 2021 Kreu i PDIU, Shp\u00ebtim Idrizi, ka reaguar pas deklaratave t\u00eb nj\u00eb dit\u00eb m\u00eb par\u00eb t\u00eb Kryeministrit Edi Rama nga Saranda. Idrizi thekson se dje\u00a0\u201cRama e l\u00ebshoi goj\u00ebn jo\u2026","rel":"","context":"In &quot;Blogu i Udh\u00ebtarit&quot;","block_context":{"text":"Blogu i Udh\u00ebtarit","link":"https:\/\/www.shqiperia.com\/blog\/category\/blogu-i-udhetarit\/"},"img":{"alt_text":"","src":"https:\/\/i0.wp.com\/www.shqiperia.com\/blog\/wp-content\/uploads\/2021\/02\/rama-idrizi1.jpg?fit=1200%2C650&ssl=1&resize=350%2C200","width":350,"height":200,"srcset":"https:\/\/i0.wp.com\/www.shqiperia.com\/blog\/wp-content\/uploads\/2021\/02\/rama-idrizi1.jpg?fit=1200%2C650&ssl=1&resize=350%2C200 1x, https:\/\/i0.wp.com\/www.shqiperia.com\/blog\/wp-content\/uploads\/2021\/02\/rama-idrizi1.jpg?fit=1200%2C650&ssl=1&resize=525%2C300 1.5x, https:\/\/i0.wp.com\/www.shqiperia.com\/blog\/wp-content\/uploads\/2021\/02\/rama-idrizi1.jpg?fit=1200%2C650&ssl=1&resize=700%2C400 2x, https:\/\/i0.wp.com\/www.shqiperia.com\/blog\/wp-content\/uploads\/2021\/02\/rama-idrizi1.jpg?fit=1200%2C650&ssl=1&resize=1050%2C600 3x"},"classes":[]},{"id":559,"url":"https:\/\/www.shqiperia.com\/blog\/shumica-e-kengeve-popullore-greke-jane-te-perkthyera-nga-kenget-e-vjetra-epiko-lirike-arbereshe\/","url_meta":{"origin":20774,"position":5},"title":"Shumica e k\u00ebng\u00ebve popullore greke jan\u00eb t\u00eb p\u00ebrkthyera nga k\u00ebng\u00ebt e vjetra epiko-lirike arb\u00ebreshe","author":"Kurt Farka","date":"January 7, 2018","format":false,"excerpt":"Nga: Mirela Cela Jorgo Duke lexuar nje matetial per iliret dhe shqiptaret, ja cfare gjeta. Studiuesi gjerman Milhefer i cili vizitoi Greqin\u00eb n\u00eb fundet e shekullit t\u00eb kaluar (shk.19), konstatoi se shumica e k\u00ebng\u00ebve popullore greke jan\u00eb t\u00eb p\u00ebrkthyera nga k\u00ebng\u00ebt e vjetra epiko-lirike arb\u00ebreshe (f339A.K.) \u201cAlipashiadha\u201d e famshme e\u2026","rel":"","context":"In &quot;Blogu i Udh\u00ebtarit&quot;","block_context":{"text":"Blogu i Udh\u00ebtarit","link":"https:\/\/www.shqiperia.com\/blog\/category\/blogu-i-udhetarit\/"},"img":{"alt_text":"","src":"https:\/\/i0.wp.com\/www.shqiperia.com\/blog\/wp-content\/uploads\/2018\/01\/Mirela-Cela-Jorgo.jpg?fit=643%2C960&ssl=1&resize=350%2C200","width":350,"height":200,"srcset":"https:\/\/i0.wp.com\/www.shqiperia.com\/blog\/wp-content\/uploads\/2018\/01\/Mirela-Cela-Jorgo.jpg?fit=643%2C960&ssl=1&resize=350%2C200 1x, https:\/\/i0.wp.com\/www.shqiperia.com\/blog\/wp-content\/uploads\/2018\/01\/Mirela-Cela-Jorgo.jpg?fit=643%2C960&ssl=1&resize=525%2C300 1.5x"},"classes":[]}],"_links":{"self":[{"href":"https:\/\/www.shqiperia.com\/blog\/wp-json\/wp\/v2\/posts\/20774","targetHints":{"allow":["GET"]}}],"collection":[{"href":"https:\/\/www.shqiperia.com\/blog\/wp-json\/wp\/v2\/posts"}],"about":[{"href":"https:\/\/www.shqiperia.com\/blog\/wp-json\/wp\/v2\/types\/post"}],"author":[{"embeddable":true,"href":"https:\/\/www.shqiperia.com\/blog\/wp-json\/wp\/v2\/users\/9"}],"replies":[{"embeddable":true,"href":"https:\/\/www.shqiperia.com\/blog\/wp-json\/wp\/v2\/comments?post=20774"}],"version-history":[{"count":1,"href":"https:\/\/www.shqiperia.com\/blog\/wp-json\/wp\/v2\/posts\/20774\/revisions"}],"predecessor-version":[{"id":20777,"href":"https:\/\/www.shqiperia.com\/blog\/wp-json\/wp\/v2\/posts\/20774\/revisions\/20777"}],"wp:featuredmedia":[{"embeddable":true,"href":"https:\/\/www.shqiperia.com\/blog\/wp-json\/wp\/v2\/media\/20775"}],"wp:attachment":[{"href":"https:\/\/www.shqiperia.com\/blog\/wp-json\/wp\/v2\/media?parent=20774"}],"wp:term":[{"taxonomy":"category","embeddable":true,"href":"https:\/\/www.shqiperia.com\/blog\/wp-json\/wp\/v2\/categories?post=20774"},{"taxonomy":"post_tag","embeddable":true,"href":"https:\/\/www.shqiperia.com\/blog\/wp-json\/wp\/v2\/tags?post=20774"}],"curies":[{"name":"wp","href":"https:\/\/api.w.org\/{rel}","templated":true}]}}