{"id":20678,"date":"2019-05-04T09:45:36","date_gmt":"2019-05-04T09:45:36","guid":{"rendered":"http:\/\/www.shqiperia.com\/blog\/?p=20678"},"modified":"2019-05-04T09:45:36","modified_gmt":"2019-05-04T09:45:36","slug":"cmenduri-ne-gjirokaster-mesuesja-u-tregon-nxenesve-si-te-largohen-nga-vendi","status":"publish","type":"post","link":"https:\/\/www.shqiperia.com\/blog\/cmenduri-ne-gjirokaster-mesuesja-u-tregon-nxenesve-si-te-largohen-nga-vendi\/","title":{"rendered":"\u2018\u00c7menduri\u2019 n\u00eb Gjirokast\u00ebr, m\u00ebsuesja u tregon nx\u00ebn\u00ebsve si t\u00eb largohen nga vendi."},"content":{"rendered":"<p><img data-recalc-dims=\"1\" loading=\"lazy\" decoding=\"async\" data-attachment-id=\"20679\" data-permalink=\"https:\/\/www.shqiperia.com\/blog\/cmenduri-ne-gjirokaster-mesuesja-u-tregon-nxenesve-si-te-largohen-nga-vendi\/mesuesja-e-shkolles-thoma-papapano\/\" data-orig-file=\"https:\/\/i0.wp.com\/www.shqiperia.com\/blog\/wp-content\/uploads\/2019\/05\/M%C3%ABsuesja-e-shkoll%C3%ABs-Thoma-Papapano.jpg?fit=3125%2C1798&amp;ssl=1\" data-orig-size=\"3125,1798\" data-comments-opened=\"1\" data-image-meta=\"{&quot;aperture&quot;:&quot;0&quot;,&quot;credit&quot;:&quot;&quot;,&quot;camera&quot;:&quot;&quot;,&quot;caption&quot;:&quot;&quot;,&quot;created_timestamp&quot;:&quot;0&quot;,&quot;copyright&quot;:&quot;&quot;,&quot;focal_length&quot;:&quot;0&quot;,&quot;iso&quot;:&quot;0&quot;,&quot;shutter_speed&quot;:&quot;0&quot;,&quot;title&quot;:&quot;&quot;,&quot;orientation&quot;:&quot;0&quot;}\" data-image-title=\"M\u00ebsuesja-e-shkoll\u00ebs-Thoma-Papapano\" data-image-description=\"\" data-image-caption=\"\" data-medium-file=\"https:\/\/i0.wp.com\/www.shqiperia.com\/blog\/wp-content\/uploads\/2019\/05\/M%C3%ABsuesja-e-shkoll%C3%ABs-Thoma-Papapano.jpg?fit=300%2C173&amp;ssl=1\" data-large-file=\"https:\/\/i0.wp.com\/www.shqiperia.com\/blog\/wp-content\/uploads\/2019\/05\/M%C3%ABsuesja-e-shkoll%C3%ABs-Thoma-Papapano.jpg?fit=1024%2C589&amp;ssl=1\" class=\"alignnone  wp-image-20679\" alt=\"\" src=\"https:\/\/i0.wp.com\/www.shqiperia.com\/blog\/wp-content\/uploads\/2019\/05\/M%C3%ABsuesja-e-shkoll%C3%ABs-Thoma-Papapano-300x173.jpg?resize=454%2C262\" width=\"454\" height=\"262\" srcset=\"https:\/\/i0.wp.com\/www.shqiperia.com\/blog\/wp-content\/uploads\/2019\/05\/M%C3%ABsuesja-e-shkoll%C3%ABs-Thoma-Papapano.jpg?resize=300%2C173&amp;ssl=1 300w, https:\/\/i0.wp.com\/www.shqiperia.com\/blog\/wp-content\/uploads\/2019\/05\/M%C3%ABsuesja-e-shkoll%C3%ABs-Thoma-Papapano.jpg?resize=768%2C442&amp;ssl=1 768w, https:\/\/i0.wp.com\/www.shqiperia.com\/blog\/wp-content\/uploads\/2019\/05\/M%C3%ABsuesja-e-shkoll%C3%ABs-Thoma-Papapano.jpg?resize=1024%2C589&amp;ssl=1 1024w, https:\/\/i0.wp.com\/www.shqiperia.com\/blog\/wp-content\/uploads\/2019\/05\/M%C3%ABsuesja-e-shkoll%C3%ABs-Thoma-Papapano.jpg?resize=2000%2C1151&amp;ssl=1 2000w, https:\/\/i0.wp.com\/www.shqiperia.com\/blog\/wp-content\/uploads\/2019\/05\/M%C3%ABsuesja-e-shkoll%C3%ABs-Thoma-Papapano.jpg?resize=450%2C259&amp;ssl=1 450w, https:\/\/i0.wp.com\/www.shqiperia.com\/blog\/wp-content\/uploads\/2019\/05\/M%C3%ABsuesja-e-shkoll%C3%ABs-Thoma-Papapano.jpg?resize=600%2C345&amp;ssl=1 600w, https:\/\/i0.wp.com\/www.shqiperia.com\/blog\/wp-content\/uploads\/2019\/05\/M%C3%ABsuesja-e-shkoll%C3%ABs-Thoma-Papapano.jpg?resize=1500%2C863&amp;ssl=1 1500w, https:\/\/i0.wp.com\/www.shqiperia.com\/blog\/wp-content\/uploads\/2019\/05\/M%C3%ABsuesja-e-shkoll%C3%ABs-Thoma-Papapano.jpg?resize=1300%2C748&amp;ssl=1 1300w, https:\/\/i0.wp.com\/www.shqiperia.com\/blog\/wp-content\/uploads\/2019\/05\/M%C3%ABsuesja-e-shkoll%C3%ABs-Thoma-Papapano.jpg?resize=400%2C230&amp;ssl=1 400w, https:\/\/i0.wp.com\/www.shqiperia.com\/blog\/wp-content\/uploads\/2019\/05\/M%C3%ABsuesja-e-shkoll%C3%ABs-Thoma-Papapano.jpg?w=3000&amp;ssl=1 3000w\" sizes=\"auto, (max-width: 454px) 100vw, 454px\" \/><\/p>\n<p>\u2018\u00c7menduri\u2019 n\u00eb Gjirokast\u00ebr, m\u00ebsuesja u tregon nx\u00ebn\u00ebsve si t\u00eb largohen nga vendi.<\/p>\n<p><strong>Ndodh edhe kjo. M\u00ebsuesja e shkoll\u00ebs u tregon nx\u00ebn\u00ebsve se si mund t\u00eb largohen nga vendi, pasi t\u00eb jen\u00eb p\u00ebrgatitur profesionalisht.<\/strong><\/p>\n<p>3 Maj, 2019<\/p>\n<p><strong>GJIROKAST\u00cbR-<\/strong>\u00a0Nd\u00ebrsa kryeministri Edi Rama dhe qeveria e tij po i orienton t\u00eb rinjt\u00eb q\u00eb t\u00eb m\u00ebsojn\u00eb n\u00eb shkolla profesionale, pasi si\u00e7 thot\u00eb populli \u201cZanati s\u2019t\u00eb l\u00eb pa pun\u00eb\u201d, n\u00eb Gjirokast\u00ebr, m\u00ebsuesit i orientojn\u00eb nx\u00ebn\u00ebsit q\u00eb t\u00eb m\u00ebsojn\u00eb shum\u00eb, jo p\u00ebr t\u00eb sh\u00ebrbyer n\u00eb vendin e tyre por p\u00ebr t\u2019u larguar.<\/p>\n<p>Nj\u00eb kronik\u00eb e Radio Televizionit Shqiptar, n\u00eb Gjirokast\u00ebr, ka fiksuar n\u00eb prej m\u00ebsueseve, e cila duke treguar p\u00ebr p\u00ebrfitimet e shkoll\u00ebs profesionale, shprehet nd\u00ebr t\u00eb tjera, se pasi jan\u00eb p\u00ebrgatitur n\u00eb shkoll\u00ebn e mesme profesionale \u201cThoma Papapano\u201d, kan\u00eb shkuar n\u00eb Gjermani.<\/p>\n<p><em>\u201cSpecializohuni, \u00e7ertifikohuni, rrug\u00ebt p\u00ebr jasht\u00eb i keni t\u00eb hapura duke qen\u00eb se \u00e7ertifikatat tona jan\u00eb t\u00eb vlefshme n\u00eb Evrop\u00eb dhe njihen nga Evropa, ja p\u00ebrshembull nga shkolla jon\u00eb kan\u00eb ikur \u00e7una n\u00eb Gjermani\u201d,<\/em>\u00a0\u2013 tha nd\u00ebr t\u00eb tjera m\u00ebsuesja, teksa orientonte nx\u00ebn\u00ebsit e klasave t\u00eb n\u00ebnta p\u00ebr t\u2019u regjistruar n\u00eb shkolla profesionale.<\/p>\n<div id=\"attachment_20680\" style=\"width: 718px\" class=\"wp-caption alignnone\"><img data-recalc-dims=\"1\" loading=\"lazy\" decoding=\"async\" aria-describedby=\"caption-attachment-20680\" data-attachment-id=\"20680\" data-permalink=\"https:\/\/www.shqiperia.com\/blog\/cmenduri-ne-gjirokaster-mesuesja-u-tregon-nxenesve-si-te-largohen-nga-vendi\/mesuesja-e-shkolles-thoma-papapano-copy\/\" data-orig-file=\"https:\/\/i0.wp.com\/www.shqiperia.com\/blog\/wp-content\/uploads\/2019\/05\/M%C3%ABsuesja-e-shkoll%C3%ABs-Thoma-Papapano-Copy.jpg?fit=3125%2C1857&amp;ssl=1\" data-orig-size=\"3125,1857\" data-comments-opened=\"1\" data-image-meta=\"{&quot;aperture&quot;:&quot;0&quot;,&quot;credit&quot;:&quot;&quot;,&quot;camera&quot;:&quot;&quot;,&quot;caption&quot;:&quot;&quot;,&quot;created_timestamp&quot;:&quot;0&quot;,&quot;copyright&quot;:&quot;&quot;,&quot;focal_length&quot;:&quot;0&quot;,&quot;iso&quot;:&quot;0&quot;,&quot;shutter_speed&quot;:&quot;0&quot;,&quot;title&quot;:&quot;&quot;,&quot;orientation&quot;:&quot;0&quot;}\" data-image-title=\"M\u00ebsuesja-e-shkoll\u00ebs-Thoma-Papapano &#8211; Copy\" data-image-description=\"\" data-image-caption=\"&lt;p&gt;M\u00ebsuesja-e-shkoll\u00ebs-Thoma-Papapano &#8211;&lt;\/p&gt;\n\" data-medium-file=\"https:\/\/i0.wp.com\/www.shqiperia.com\/blog\/wp-content\/uploads\/2019\/05\/M%C3%ABsuesja-e-shkoll%C3%ABs-Thoma-Papapano-Copy.jpg?fit=300%2C178&amp;ssl=1\" data-large-file=\"https:\/\/i0.wp.com\/www.shqiperia.com\/blog\/wp-content\/uploads\/2019\/05\/M%C3%ABsuesja-e-shkoll%C3%ABs-Thoma-Papapano-Copy.jpg?fit=1024%2C609&amp;ssl=1\" class=\" wp-image-20680\" alt=\"\" src=\"https:\/\/i0.wp.com\/www.shqiperia.com\/blog\/wp-content\/uploads\/2019\/05\/M%C3%ABsuesja-e-shkoll%C3%ABs-Thoma-Papapano-Copy-300x178.jpg?resize=708%2C420\" width=\"708\" height=\"420\" srcset=\"https:\/\/i0.wp.com\/www.shqiperia.com\/blog\/wp-content\/uploads\/2019\/05\/M%C3%ABsuesja-e-shkoll%C3%ABs-Thoma-Papapano-Copy.jpg?resize=300%2C178&amp;ssl=1 300w, https:\/\/i0.wp.com\/www.shqiperia.com\/blog\/wp-content\/uploads\/2019\/05\/M%C3%ABsuesja-e-shkoll%C3%ABs-Thoma-Papapano-Copy.jpg?resize=768%2C456&amp;ssl=1 768w, https:\/\/i0.wp.com\/www.shqiperia.com\/blog\/wp-content\/uploads\/2019\/05\/M%C3%ABsuesja-e-shkoll%C3%ABs-Thoma-Papapano-Copy.jpg?resize=1024%2C609&amp;ssl=1 1024w, https:\/\/i0.wp.com\/www.shqiperia.com\/blog\/wp-content\/uploads\/2019\/05\/M%C3%ABsuesja-e-shkoll%C3%ABs-Thoma-Papapano-Copy.jpg?resize=2000%2C1188&amp;ssl=1 2000w, https:\/\/i0.wp.com\/www.shqiperia.com\/blog\/wp-content\/uploads\/2019\/05\/M%C3%ABsuesja-e-shkoll%C3%ABs-Thoma-Papapano-Copy.jpg?resize=450%2C267&amp;ssl=1 450w, https:\/\/i0.wp.com\/www.shqiperia.com\/blog\/wp-content\/uploads\/2019\/05\/M%C3%ABsuesja-e-shkoll%C3%ABs-Thoma-Papapano-Copy.jpg?resize=600%2C357&amp;ssl=1 600w, https:\/\/i0.wp.com\/www.shqiperia.com\/blog\/wp-content\/uploads\/2019\/05\/M%C3%ABsuesja-e-shkoll%C3%ABs-Thoma-Papapano-Copy.jpg?resize=1500%2C891&amp;ssl=1 1500w, https:\/\/i0.wp.com\/www.shqiperia.com\/blog\/wp-content\/uploads\/2019\/05\/M%C3%ABsuesja-e-shkoll%C3%ABs-Thoma-Papapano-Copy.jpg?resize=1300%2C773&amp;ssl=1 1300w, https:\/\/i0.wp.com\/www.shqiperia.com\/blog\/wp-content\/uploads\/2019\/05\/M%C3%ABsuesja-e-shkoll%C3%ABs-Thoma-Papapano-Copy.jpg?resize=400%2C238&amp;ssl=1 400w, https:\/\/i0.wp.com\/www.shqiperia.com\/blog\/wp-content\/uploads\/2019\/05\/M%C3%ABsuesja-e-shkoll%C3%ABs-Thoma-Papapano-Copy.jpg?w=3000&amp;ssl=1 3000w\" sizes=\"auto, (max-width: 708px) 100vw, 708px\" \/><p id=\"caption-attachment-20680\" class=\"wp-caption-text\">M\u00ebsuesja-e-shkoll\u00ebs-Thoma-Papapano &#8211;<\/p><\/div>\n<p>Por kjo q\u00eb thot\u00eb m\u00ebsuesje dhe q\u00eb televizioni publik e ka b\u00ebr\u00eb pjes\u00eb t\u00eb kronik\u00ebs s\u00eb vet bie ndesh me deklaratat e kryeministrit Rama, i cili thot\u00eb se\u00a0<em>\u201cpun\u00eb ka, por nuk ka profesionist\u00eb\u201d<\/em>. Si duket profesionist\u00ebt po shkollohen n\u00eb Shqip\u00ebri dhe largohen jasht\u00eb, pasi oferta \u00ebsht\u00eb m\u00eb e mir\u00eb sesa kjo q\u00eb kan\u00eb p\u00ebrball\u00eb.<\/p>\n<p>(B.B\/ A.F\/ Dosja.al)<\/p>\n","protected":false},"excerpt":{"rendered":"<p>\u2018\u00c7menduri\u2019 n\u00eb Gjirokast\u00ebr, m\u00ebsuesja u tregon nx\u00ebn\u00ebsve si t\u00eb largohen nga vendi. Ndodh edhe kjo. M\u00ebsuesja e shkoll\u00ebs u tregon nx\u00ebn\u00ebsve se si mund t\u00eb largohen nga vendi, pasi t\u00eb jen\u00eb p\u00ebrgatitur profesionalisht. 3 Maj, 2019 GJIROKAST\u00cbR-\u00a0Nd\u00ebrsa kryeministri Edi Rama dhe qeveria e tij po i orienton t\u00eb rinjt\u00eb q\u00eb t\u00eb m\u00ebsojn\u00eb n\u00eb shkolla profesionale, [&hellip;]<\/p>\n","protected":false},"author":9,"featured_media":20679,"comment_status":"open","ping_status":"open","sticky":false,"template":"","format":"standard","meta":{"jetpack_post_was_ever_published":false,"_jetpack_newsletter_access":"","_jetpack_dont_email_post_to_subs":false,"_jetpack_newsletter_tier_id":0,"_jetpack_memberships_contains_paywalled_content":false,"_jetpack_memberships_contains_paid_content":false,"footnotes":"","jetpack_publicize_message":"","jetpack_publicize_feature_enabled":true,"jetpack_social_post_already_shared":true,"jetpack_social_options":{"image_generator_settings":{"template":"highway","default_image_id":0,"font":"","enabled":false},"version":2}},"categories":[27,1,35],"tags":[],"class_list":["post-20678","post","type-post","status-publish","format-standard","has-post-thumbnail","hentry","category-blogu-i-udhetarit","category-njoftime-shtypi","category-shoqerore"],"jetpack_publicize_connections":[],"jetpack_featured_media_url":"https:\/\/i0.wp.com\/www.shqiperia.com\/blog\/wp-content\/uploads\/2019\/05\/M%C3%ABsuesja-e-shkoll%C3%ABs-Thoma-Papapano.jpg?fit=3125%2C1798&ssl=1","jetpack_sharing_enabled":true,"jetpack_shortlink":"https:\/\/wp.me\/p5Z6wp-5nw","jetpack-related-posts":[{"id":49153,"url":"https:\/\/www.shqiperia.com\/blog\/mesuesja-u-thote-nxenesve-se-shqiperia-kufizohet-me-3-shtete-harron-kosoven\/","url_meta":{"origin":20678,"position":0},"title":"M\u00ebsuesja u thot\u00eb nx\u00ebn\u00ebsve se Shqip\u00ebria kufizohet me 3 shtete, &#8220;harron&#8221; Kosov\u00ebn.","author":"Kurt Farka","date":"August 15, 2021","format":false,"excerpt":"M\u00ebsuesja u thot\u00eb nx\u00ebn\u00ebsve se Shqip\u00ebria kufizohet me 3 shtete, \"harron\" Kosov\u00ebn. 15 GUSHT 2021 Nj\u00eb m\u00ebsuese e Shqip\u00ebris\u00eb derisa po ligj\u00ebronte online n\u00eb tetorin e vitit t\u00eb kaluar, u m\u00ebson f\u00ebmij\u00ebve se Shqip\u00ebria kufizohet me Malin e Zi, Maqedonin\u00eb e Veriut dhe Greqin\u00eb, derisa nuk p\u00ebrmend fare Kosov\u00ebn. Videoja\u2026","rel":"","context":"In &quot;Blogu i Udh\u00ebtarit&quot;","block_context":{"text":"Blogu i Udh\u00ebtarit","link":"https:\/\/www.shqiperia.com\/blog\/category\/blogu-i-udhetarit\/"},"img":{"alt_text":"","src":"https:\/\/i0.wp.com\/www.shqiperia.com\/blog\/wp-content\/uploads\/2021\/08\/640-0-6118cd77328a3-1.png?fit=640%2C384&ssl=1&resize=350%2C200","width":350,"height":200,"srcset":"https:\/\/i0.wp.com\/www.shqiperia.com\/blog\/wp-content\/uploads\/2021\/08\/640-0-6118cd77328a3-1.png?fit=640%2C384&ssl=1&resize=350%2C200 1x, https:\/\/i0.wp.com\/www.shqiperia.com\/blog\/wp-content\/uploads\/2021\/08\/640-0-6118cd77328a3-1.png?fit=640%2C384&ssl=1&resize=525%2C300 1.5x"},"classes":[]},{"id":74745,"url":"https:\/\/www.shqiperia.com\/blog\/pezullohet-mesuesja-britanike-qe-i-tha-femjeve-se-praktikat-lgbt-jane-mekatare\/","url_meta":{"origin":20678,"position":1},"title":"Pezullohet m\u00ebsuesja britanike q\u00eb i tha f\u00ebmj\u00ebve se \u2018praktikat LGBT jan\u00eb m\u00ebkatare\u2019","author":"Kurt Farka","date":"October 10, 2023","format":false,"excerpt":"10 Tetor 2023 Nj\u00eb m\u00ebsuese n\u00eb Britani p\u00ebrballet me d\u00ebgjesa t\u00eb \u2018aft\u00ebsis\u00eb p\u00ebr t\u00eb praktikuar profesionin\u2019 pasi refuzonte t\u2019i m\u00ebsonte f\u00ebmij\u00ebve materiale LGBT, q\u00eb sipas saj nuk p\u00ebrputheshin me besimin e saj fetar. 43 vje\u00e7arja Glawdys Leger, u shkarkua nga posti i m\u00ebsueses s\u00eb gjuh\u00ebve t\u00eb huaja moderne n\u00eb shkoll\u00ebn\u2026","rel":"","context":"In &quot;Blogu i Udh\u00ebtarit&quot;","block_context":{"text":"Blogu i Udh\u00ebtarit","link":"https:\/\/www.shqiperia.com\/blog\/category\/blogu-i-udhetarit\/"},"img":{"alt_text":"","src":"https:\/\/i0.wp.com\/www.shqiperia.com\/blog\/wp-content\/uploads\/2023\/10\/640-0-2d4408cdebe5eb9d89a9a6f73fac68de.png?fit=640%2C336&ssl=1&resize=350%2C200","width":350,"height":200,"srcset":"https:\/\/i0.wp.com\/www.shqiperia.com\/blog\/wp-content\/uploads\/2023\/10\/640-0-2d4408cdebe5eb9d89a9a6f73fac68de.png?fit=640%2C336&ssl=1&resize=350%2C200 1x, https:\/\/i0.wp.com\/www.shqiperia.com\/blog\/wp-content\/uploads\/2023\/10\/640-0-2d4408cdebe5eb9d89a9a6f73fac68de.png?fit=640%2C336&ssl=1&resize=525%2C300 1.5x"},"classes":[]},{"id":74498,"url":"https:\/\/www.shqiperia.com\/blog\/perkujtohet-koto-hoxhi-rilindas-dhe-nje-nga-themeluesit-e-teatrit-shqiptar\/","url_meta":{"origin":20678,"position":2},"title":"P\u00ebrkujtohet Koto Hoxhi, rilindas dhe nj\u00eb nga themeluesit e teatrit shqiptar","author":"Kurt Farka","date":"September 28, 2023","format":false,"excerpt":"28 Shtator 2023 Muzeu Historik Komb\u00ebtar p\u00ebrkujtoi sot Koto Hoxhin (Kostandin Hoxhi, 1824-1895). Koto Hoxhi ishte veprimtar i shquar i Rilindjes Komb\u00ebtare, i arsimit e i kultur\u00ebs shqiptare, M\u00ebsues i Popullit. Lindi n\u00eb Qestorat t\u00eb Lunxh\u00ebris\u00eb (Gjirokast\u00ebr), ku m\u00eb pas punoi si m\u00ebsues i shkoll\u00ebs s\u00eb mesme n\u00eb gjuh\u00ebn greke,\u2026","rel":"","context":"In &quot;Arte&quot;","block_context":{"text":"Arte","link":"https:\/\/www.shqiperia.com\/blog\/category\/arte\/"},"img":{"alt_text":"","src":"https:\/\/i0.wp.com\/www.shqiperia.com\/blog\/wp-content\/uploads\/2023\/09\/640-0-ae5a3560928d6fc536ab95f6ff2918bb.jpg?fit=640%2C509&ssl=1&resize=350%2C200","width":350,"height":200,"srcset":"https:\/\/i0.wp.com\/www.shqiperia.com\/blog\/wp-content\/uploads\/2023\/09\/640-0-ae5a3560928d6fc536ab95f6ff2918bb.jpg?fit=640%2C509&ssl=1&resize=350%2C200 1x, https:\/\/i0.wp.com\/www.shqiperia.com\/blog\/wp-content\/uploads\/2023\/09\/640-0-ae5a3560928d6fc536ab95f6ff2918bb.jpg?fit=640%2C509&ssl=1&resize=525%2C300 1.5x"},"classes":[]},{"id":58012,"url":"https:\/\/www.shqiperia.com\/blog\/11-refugjatet-nga-lindja-e-mesme-i-gjen-belaja-ne-shqiperi-gjirokastritet-i-grabisin-sapo-hyjne-ne-kufi\/","url_meta":{"origin":20678,"position":3},"title":"11 refugjat\u00ebt nga Lindja e Mesme i gjen belaja n\u00eb Shqip\u00ebri. &#8211; \u00a0Gjirokastrit\u00ebt i grabisin sapo hyjn\u00eb n\u00eb kufi","author":"Kurt Farka","date":"May 23, 2022","format":false,"excerpt":"11 refugjat\u00ebt nga Lindja e Mesme i gjen belaja n\u00eb Shqip\u00ebri. - \u00a0Gjirokastrit\u00ebt i grabisin sapo hyjn\u00eb n\u00eb kufi 23 MAJ 2022 11 emigrant\u00ebve t\u00eb huaj q\u00eb kishin hyr\u00eb ilegalisht n\u00eb Shqip\u00ebri nga Greqia p\u00ebrmes kufirit t\u00eb gjelb\u00ebr jan\u00eb grabitur. Policia ka arrestuar nj\u00eb prej atuor\u00ebve t\u00eb akuzuar p\u00ebr vjedhje\u2026","rel":"","context":"In &quot;Blogu i Udh\u00ebtarit&quot;","block_context":{"text":"Blogu i Udh\u00ebtarit","link":"https:\/\/www.shqiperia.com\/blog\/category\/blogu-i-udhetarit\/"},"img":{"alt_text":"","src":"https:\/\/i0.wp.com\/www.shqiperia.com\/blog\/wp-content\/uploads\/2022\/05\/640-0-628b411d34953.jpg?fit=640%2C357&ssl=1&resize=350%2C200","width":350,"height":200,"srcset":"https:\/\/i0.wp.com\/www.shqiperia.com\/blog\/wp-content\/uploads\/2022\/05\/640-0-628b411d34953.jpg?fit=640%2C357&ssl=1&resize=350%2C200 1x, https:\/\/i0.wp.com\/www.shqiperia.com\/blog\/wp-content\/uploads\/2022\/05\/640-0-628b411d34953.jpg?fit=640%2C357&ssl=1&resize=525%2C300 1.5x"},"classes":[]},{"id":80679,"url":"https:\/\/www.shqiperia.com\/blog\/ska-me-lindje-ne-fshatra-vetem-ndonje-ceremoni-mortore\/","url_meta":{"origin":20678,"position":4},"title":"\u201cS\u2019ka m\u00eb lindje n\u00eb fshatra, vet\u00ebm ndonj\u00eb ceremoni mortore\u201d.","author":"Kurt Farka","date":"May 5, 2024","format":false,"excerpt":"5 Maji 2024 Oborri i shkoll\u00ebs 9-vje\u00e7are n\u00eb fshatin Obot t\u00eb Shkodr\u00ebs \u00ebsht\u00eb mbuluar nga ferrat prej koh\u00ebsh, nd\u00ebrsa nj\u00eb dry i ndryshkur nga mosp\u00ebrdorimi mban mbyllur portat e saj. Vet\u00ebm pak kilometra larg qytetit t\u00eb Shkodr\u00ebs, shkolla ka 5 vite q\u00eb \u00ebsht\u00eb mbyllur dhe aty nuk ka m\u00eb asnj\u00eb\u2026","rel":"","context":"In &quot;Blogu i Udh\u00ebtarit&quot;","block_context":{"text":"Blogu i Udh\u00ebtarit","link":"https:\/\/www.shqiperia.com\/blog\/category\/blogu-i-udhetarit\/"},"img":{"alt_text":"","src":"https:\/\/i0.wp.com\/www.shqiperia.com\/blog\/wp-content\/uploads\/2024\/05\/shkolla.jpg?fit=776%2C434&ssl=1&resize=350%2C200","width":350,"height":200,"srcset":"https:\/\/i0.wp.com\/www.shqiperia.com\/blog\/wp-content\/uploads\/2024\/05\/shkolla.jpg?fit=776%2C434&ssl=1&resize=350%2C200 1x, https:\/\/i0.wp.com\/www.shqiperia.com\/blog\/wp-content\/uploads\/2024\/05\/shkolla.jpg?fit=776%2C434&ssl=1&resize=525%2C300 1.5x, https:\/\/i0.wp.com\/www.shqiperia.com\/blog\/wp-content\/uploads\/2024\/05\/shkolla.jpg?fit=776%2C434&ssl=1&resize=700%2C400 2x"},"classes":[]},{"id":39911,"url":"https:\/\/www.shqiperia.com\/blog\/mesuesja-ne-fushe-arrez-ben-eksperiment-per-mendafshin\/","url_meta":{"origin":20678,"position":5},"title":"M\u00ebsuesja n\u00eb Fush\u00eb-Arr\u00ebz, b\u00ebn eksperiment p\u00ebr m\u00ebndafshin.","author":"Kurt Farka","date":"October 20, 2020","format":false,"excerpt":"M\u00ebsuesja n\u00eb Fush\u00eb-Arr\u00ebz, b\u00ebn eksperiment p\u00ebr m\u00ebndafshin. Nga: Prof.as.Dr. Justina Lacuku Bori\u00e7i Rast\u00ebsisht, pash\u00eb n\u00eb News 24 lajmin: \u2013\u00a0Cudit m\u00ebsuesja n\u00eb Fush\u00eb-Arr\u00ebz, b\u00ebn eksperiment p\u00ebr m\u00ebndafshin. Vler\u00ebsim e respekt p\u00ebr mesuesen biologe, Arina Zef Rrapi (Simoni) nga fshati Kryezi (Puk\u00eb) M\u00ebsuesja synon q\u00eb eksperimenti t\u2019i sh\u00ebrbeje zones!- U emocionova pa\u2026","rel":"","context":"In &quot;Blogu i Udh\u00ebtarit&quot;","block_context":{"text":"Blogu i Udh\u00ebtarit","link":"https:\/\/www.shqiperia.com\/blog\/category\/blogu-i-udhetarit\/"},"img":{"alt_text":"","src":"https:\/\/i0.wp.com\/www.shqiperia.com\/blog\/wp-content\/uploads\/2020\/10\/Ariana-Rita-Simoni.jpg?fit=548%2C321&ssl=1&resize=350%2C200","width":350,"height":200,"srcset":"https:\/\/i0.wp.com\/www.shqiperia.com\/blog\/wp-content\/uploads\/2020\/10\/Ariana-Rita-Simoni.jpg?fit=548%2C321&ssl=1&resize=350%2C200 1x, https:\/\/i0.wp.com\/www.shqiperia.com\/blog\/wp-content\/uploads\/2020\/10\/Ariana-Rita-Simoni.jpg?fit=548%2C321&ssl=1&resize=525%2C300 1.5x"},"classes":[]}],"_links":{"self":[{"href":"https:\/\/www.shqiperia.com\/blog\/wp-json\/wp\/v2\/posts\/20678","targetHints":{"allow":["GET"]}}],"collection":[{"href":"https:\/\/www.shqiperia.com\/blog\/wp-json\/wp\/v2\/posts"}],"about":[{"href":"https:\/\/www.shqiperia.com\/blog\/wp-json\/wp\/v2\/types\/post"}],"author":[{"embeddable":true,"href":"https:\/\/www.shqiperia.com\/blog\/wp-json\/wp\/v2\/users\/9"}],"replies":[{"embeddable":true,"href":"https:\/\/www.shqiperia.com\/blog\/wp-json\/wp\/v2\/comments?post=20678"}],"version-history":[{"count":1,"href":"https:\/\/www.shqiperia.com\/blog\/wp-json\/wp\/v2\/posts\/20678\/revisions"}],"predecessor-version":[{"id":20681,"href":"https:\/\/www.shqiperia.com\/blog\/wp-json\/wp\/v2\/posts\/20678\/revisions\/20681"}],"wp:featuredmedia":[{"embeddable":true,"href":"https:\/\/www.shqiperia.com\/blog\/wp-json\/wp\/v2\/media\/20679"}],"wp:attachment":[{"href":"https:\/\/www.shqiperia.com\/blog\/wp-json\/wp\/v2\/media?parent=20678"}],"wp:term":[{"taxonomy":"category","embeddable":true,"href":"https:\/\/www.shqiperia.com\/blog\/wp-json\/wp\/v2\/categories?post=20678"},{"taxonomy":"post_tag","embeddable":true,"href":"https:\/\/www.shqiperia.com\/blog\/wp-json\/wp\/v2\/tags?post=20678"}],"curies":[{"name":"wp","href":"https:\/\/api.w.org\/{rel}","templated":true}]}}