{"id":20570,"date":"2019-05-01T11:27:23","date_gmt":"2019-05-01T11:27:23","guid":{"rendered":"http:\/\/www.shqiperia.com\/blog\/?p=20570"},"modified":"2019-05-01T11:29:02","modified_gmt":"2019-05-01T11:29:02","slug":"dhermiu-fshati-i-30-kishave-monument-kulture-qe-po-rilind","status":"publish","type":"post","link":"https:\/\/www.shqiperia.com\/blog\/dhermiu-fshati-i-30-kishave-monument-kulture-qe-po-rilind\/","title":{"rendered":"Dh\u00ebrmiu, fshati i 30 kishave monument kulture q\u00eb po rilind. &#8211;"},"content":{"rendered":"<div id=\"attachment_20571\" style=\"width: 550px\" class=\"wp-caption alignnone\"><img data-recalc-dims=\"1\" loading=\"lazy\" decoding=\"async\" aria-describedby=\"caption-attachment-20571\" data-attachment-id=\"20571\" data-permalink=\"https:\/\/www.shqiperia.com\/blog\/dhermiu-fshati-i-30-kishave-monument-kulture-qe-po-rilind\/dhermiu-3\/\" data-orig-file=\"https:\/\/i0.wp.com\/www.shqiperia.com\/blog\/wp-content\/uploads\/2019\/05\/Dhermiu-3.jpg?fit=622%2C320&amp;ssl=1\" data-orig-size=\"622,320\" data-comments-opened=\"1\" data-image-meta=\"{&quot;aperture&quot;:&quot;0&quot;,&quot;credit&quot;:&quot;&quot;,&quot;camera&quot;:&quot;&quot;,&quot;caption&quot;:&quot;&quot;,&quot;created_timestamp&quot;:&quot;0&quot;,&quot;copyright&quot;:&quot;&quot;,&quot;focal_length&quot;:&quot;0&quot;,&quot;iso&quot;:&quot;0&quot;,&quot;shutter_speed&quot;:&quot;0&quot;,&quot;title&quot;:&quot;&quot;,&quot;orientation&quot;:&quot;0&quot;}\" data-image-title=\"Dhermiu (3)\" data-image-description=\"\" data-image-caption=\"&lt;p&gt;Dhermiu&lt;\/p&gt;\n\" data-medium-file=\"https:\/\/i0.wp.com\/www.shqiperia.com\/blog\/wp-content\/uploads\/2019\/05\/Dhermiu-3.jpg?fit=300%2C154&amp;ssl=1\" data-large-file=\"https:\/\/i0.wp.com\/www.shqiperia.com\/blog\/wp-content\/uploads\/2019\/05\/Dhermiu-3.jpg?fit=622%2C320&amp;ssl=1\" class=\" wp-image-20571\" alt=\"\" src=\"https:\/\/i0.wp.com\/www.shqiperia.com\/blog\/wp-content\/uploads\/2019\/05\/Dhermiu-3-300x154.jpg?resize=540%2C277\" width=\"540\" height=\"277\" srcset=\"https:\/\/i0.wp.com\/www.shqiperia.com\/blog\/wp-content\/uploads\/2019\/05\/Dhermiu-3.jpg?resize=300%2C154&amp;ssl=1 300w, https:\/\/i0.wp.com\/www.shqiperia.com\/blog\/wp-content\/uploads\/2019\/05\/Dhermiu-3.jpg?resize=450%2C232&amp;ssl=1 450w, https:\/\/i0.wp.com\/www.shqiperia.com\/blog\/wp-content\/uploads\/2019\/05\/Dhermiu-3.jpg?resize=600%2C309&amp;ssl=1 600w, https:\/\/i0.wp.com\/www.shqiperia.com\/blog\/wp-content\/uploads\/2019\/05\/Dhermiu-3.jpg?resize=400%2C206&amp;ssl=1 400w, https:\/\/i0.wp.com\/www.shqiperia.com\/blog\/wp-content\/uploads\/2019\/05\/Dhermiu-3.jpg?w=622&amp;ssl=1 622w\" sizes=\"auto, (max-width: 540px) 100vw, 540px\" \/><p id=\"caption-attachment-20571\" class=\"wp-caption-text\">Dhermiu<\/p><\/div>\n<p>Dh\u00ebrmiu, fshati i 30 kishave monument kulture q\u00eb po rilind. &#8211;<\/p>\n<p>Nga:\u00a0<a href=\"http:\/\/ata.gov.al\/author\/klotildasaracini\/\"><strong>Klotilda Sara\u00e7ini<\/strong><\/a><\/p>\n<p>&#8211; Dh\u00ebrmiu, fshati i 30 kishave monument kulture t\u00eb kategoris\u00eb s\u00eb par\u00eb n\u00eb bashkin\u00eb e Himar\u00ebs, i vendosur buz\u00eb detit Jon dhe n\u00eb shpatet e maleve, midis gjelb\u00ebrimit t\u00eb ullinjve dhe agrumeve t\u00eb shumta po rilind fal\u00eb investimeve q\u00eb po kryhen.<\/p>\n<p>Restaurimet e sht\u00ebpive t\u00eb fshatit b\u00ebhen n\u00eb kuad\u00ebr t\u00eb projekteve t\u00eb integruara q\u00eb Fondi Shqiptar i Zhvillimit po zbaton n\u00eb bashkin\u00eb Himar\u00eb me financim t\u00eb qeveris\u00eb shqiptare dhe Bank\u00ebs s\u00eb K\u00ebshillit t\u00eb Europ\u00ebs.<\/p>\n<p>Fondi Shqiptar i Zhvillimit b\u00ebn t\u00eb ditur sot se \u201csht\u00ebpit\u00eb e l\u00ebna pas dore po rehabilitohen n\u00eb pjes\u00ebn m\u00eb t\u00eb madhe t\u00eb tyre p\u00ebr t\u2019i shtuar ofert\u00ebs turistike t\u00eb detit dhe plazheve edhe trash\u00ebgimin\u00eb kulturore\u201d.<\/p>\n<p>Nd\u00ebrsa kryetari i bashkis\u00eb s\u00eb Himar\u00ebs, Jorgo Goro, b\u00ebn t\u00eb ditur p\u00ebr ATSH-n\u00eb se \u201csipas t\u00eb dh\u00ebnave nga kompanit\u00eb p\u00ebrkat\u00ebse t\u00eb zbatimit q\u00eb implementojn\u00eb n\u00eb terren dhe nga p\u00ebrfaq\u00ebsues t\u00eb Fondit Shqiptar t\u00eb Zhvillimit deri tani jan\u00eb restauruar 230 sht\u00ebpi n\u00eb Dh\u00ebrmi\u201d.<\/p>\n<p><img data-recalc-dims=\"1\" loading=\"lazy\" decoding=\"async\" data-attachment-id=\"20572\" data-permalink=\"https:\/\/www.shqiperia.com\/blog\/dhermiu-fshati-i-30-kishave-monument-kulture-qe-po-rilind\/dhermiu-2\/\" data-orig-file=\"https:\/\/i0.wp.com\/www.shqiperia.com\/blog\/wp-content\/uploads\/2019\/05\/dhermiu-2.jpg?fit=960%2C960&amp;ssl=1\" data-orig-size=\"960,960\" data-comments-opened=\"1\" data-image-meta=\"{&quot;aperture&quot;:&quot;0&quot;,&quot;credit&quot;:&quot;&quot;,&quot;camera&quot;:&quot;&quot;,&quot;caption&quot;:&quot;&quot;,&quot;created_timestamp&quot;:&quot;0&quot;,&quot;copyright&quot;:&quot;&quot;,&quot;focal_length&quot;:&quot;0&quot;,&quot;iso&quot;:&quot;0&quot;,&quot;shutter_speed&quot;:&quot;0&quot;,&quot;title&quot;:&quot;&quot;,&quot;orientation&quot;:&quot;0&quot;}\" data-image-title=\"dhermiu (2)\" data-image-description=\"\" data-image-caption=\"\" data-medium-file=\"https:\/\/i0.wp.com\/www.shqiperia.com\/blog\/wp-content\/uploads\/2019\/05\/dhermiu-2.jpg?fit=300%2C300&amp;ssl=1\" data-large-file=\"https:\/\/i0.wp.com\/www.shqiperia.com\/blog\/wp-content\/uploads\/2019\/05\/dhermiu-2.jpg?fit=960%2C960&amp;ssl=1\" class=\"alignnone wp-image-20572\" alt=\"\" src=\"https:\/\/i0.wp.com\/www.shqiperia.com\/blog\/wp-content\/uploads\/2019\/05\/dhermiu-2-300x300.jpg?resize=577%2C577\" width=\"577\" height=\"577\" srcset=\"https:\/\/i0.wp.com\/www.shqiperia.com\/blog\/wp-content\/uploads\/2019\/05\/dhermiu-2.jpg?resize=300%2C300&amp;ssl=1 300w, https:\/\/i0.wp.com\/www.shqiperia.com\/blog\/wp-content\/uploads\/2019\/05\/dhermiu-2.jpg?resize=150%2C150&amp;ssl=1 150w, https:\/\/i0.wp.com\/www.shqiperia.com\/blog\/wp-content\/uploads\/2019\/05\/dhermiu-2.jpg?resize=768%2C768&amp;ssl=1 768w, https:\/\/i0.wp.com\/www.shqiperia.com\/blog\/wp-content\/uploads\/2019\/05\/dhermiu-2.jpg?resize=450%2C450&amp;ssl=1 450w, https:\/\/i0.wp.com\/www.shqiperia.com\/blog\/wp-content\/uploads\/2019\/05\/dhermiu-2.jpg?resize=600%2C600&amp;ssl=1 600w, https:\/\/i0.wp.com\/www.shqiperia.com\/blog\/wp-content\/uploads\/2019\/05\/dhermiu-2.jpg?resize=65%2C65&amp;ssl=1 65w, https:\/\/i0.wp.com\/www.shqiperia.com\/blog\/wp-content\/uploads\/2019\/05\/dhermiu-2.jpg?resize=50%2C50&amp;ssl=1 50w, https:\/\/i0.wp.com\/www.shqiperia.com\/blog\/wp-content\/uploads\/2019\/05\/dhermiu-2.jpg?resize=400%2C400&amp;ssl=1 400w, https:\/\/i0.wp.com\/www.shqiperia.com\/blog\/wp-content\/uploads\/2019\/05\/dhermiu-2.jpg?w=960&amp;ssl=1 960w\" sizes=\"auto, (max-width: 577px) 100vw, 577px\" \/><\/p>\n<p>Sipas tij, projekti pritet t\u00eb p\u00ebrfundoj\u00eb n\u00eb fund t\u00eb muajit maj t\u00eb k\u00ebtij viti.<\/p>\n<p>Lidhur me ecurin\u00eb e punimeve edhe n\u00eb qendr\u00ebn historike t\u00eb k\u00ebtij fshati, Goro tha se \u201cnga informacionet e marra nga firma e zbatimit dhe supervizori p\u00ebrfaq\u00ebsues i Fondit Shqiptar t\u00eb Zhvillimit,\u00a0 i cili \u00ebsht\u00eb n\u00eb rolin e investitorit dhe bashkia Himar\u00eb si p\u00ebrfituese e k\u00ebtij projekti, punimet po ecin shum\u00eb mir\u00eb dhe pritet q\u00eb edhe k\u00ebto punime t\u00eb p\u00ebrfundojn\u00eb n\u00eb fund t\u00eb muajit maj. Punimet e ngelura p\u00ebrfshihen n\u00eb zonat jasht\u00eb qendr\u00ebs historike dhe jan\u00eb relativisht te pakta ku pritet te realizohen plot\u00ebsisht\u201d.<\/p>\n<p>Ky projekt i ve\u00e7ant\u00eb n\u00eb llojin e vet p\u00ebr restaurimin e fshatrave turistik\u00eb, ka p\u00ebr q\u00ebllim t\u00eb rikthej\u00eb vlerat historike dhe kulturore t\u00eb Dh\u00ebrmiut dhe kthimin e tyre n\u00eb produkt turistik t\u00eb zon\u00ebs, krahas plazheve t\u00eb mrekullueshme.<\/p>\n<p>Dh\u00ebrmiu shtrihet n\u00eb fund t\u00eb nj\u00eb plazhi m\u00eb tep\u00ebr s\u00eb pes\u00eb kilometra t\u00eb gjat\u00eb, plazh i cili p\u00ebrfundon m\u00eb nj\u00eb kod\u00ebr, mbi t\u00eb cil\u00ebn ngrihet manastiri i Sh\u00ebn Theodhorit.<\/p>\n<p><img data-recalc-dims=\"1\" loading=\"lazy\" decoding=\"async\" data-attachment-id=\"20573\" data-permalink=\"https:\/\/www.shqiperia.com\/blog\/dhermiu-fshati-i-30-kishave-monument-kulture-qe-po-rilind\/dhermiu-4\/\" data-orig-file=\"https:\/\/i0.wp.com\/www.shqiperia.com\/blog\/wp-content\/uploads\/2019\/05\/Dhermiu.jpg?fit=696%2C696&amp;ssl=1\" data-orig-size=\"696,696\" data-comments-opened=\"1\" data-image-meta=\"{&quot;aperture&quot;:&quot;0&quot;,&quot;credit&quot;:&quot;&quot;,&quot;camera&quot;:&quot;&quot;,&quot;caption&quot;:&quot;&quot;,&quot;created_timestamp&quot;:&quot;0&quot;,&quot;copyright&quot;:&quot;&quot;,&quot;focal_length&quot;:&quot;0&quot;,&quot;iso&quot;:&quot;0&quot;,&quot;shutter_speed&quot;:&quot;0&quot;,&quot;title&quot;:&quot;&quot;,&quot;orientation&quot;:&quot;0&quot;}\" data-image-title=\"Dhermiu\" data-image-description=\"\" data-image-caption=\"\" data-medium-file=\"https:\/\/i0.wp.com\/www.shqiperia.com\/blog\/wp-content\/uploads\/2019\/05\/Dhermiu.jpg?fit=300%2C300&amp;ssl=1\" data-large-file=\"https:\/\/i0.wp.com\/www.shqiperia.com\/blog\/wp-content\/uploads\/2019\/05\/Dhermiu.jpg?fit=696%2C696&amp;ssl=1\" class=\"alignnone wp-image-20573\" alt=\"\" src=\"https:\/\/i0.wp.com\/www.shqiperia.com\/blog\/wp-content\/uploads\/2019\/05\/Dhermiu-300x300.jpg?resize=652%2C652\" width=\"652\" height=\"652\" srcset=\"https:\/\/i0.wp.com\/www.shqiperia.com\/blog\/wp-content\/uploads\/2019\/05\/Dhermiu.jpg?resize=300%2C300&amp;ssl=1 300w, https:\/\/i0.wp.com\/www.shqiperia.com\/blog\/wp-content\/uploads\/2019\/05\/Dhermiu.jpg?resize=150%2C150&amp;ssl=1 150w, https:\/\/i0.wp.com\/www.shqiperia.com\/blog\/wp-content\/uploads\/2019\/05\/Dhermiu.jpg?resize=450%2C450&amp;ssl=1 450w, https:\/\/i0.wp.com\/www.shqiperia.com\/blog\/wp-content\/uploads\/2019\/05\/Dhermiu.jpg?resize=600%2C600&amp;ssl=1 600w, https:\/\/i0.wp.com\/www.shqiperia.com\/blog\/wp-content\/uploads\/2019\/05\/Dhermiu.jpg?resize=65%2C65&amp;ssl=1 65w, https:\/\/i0.wp.com\/www.shqiperia.com\/blog\/wp-content\/uploads\/2019\/05\/Dhermiu.jpg?resize=50%2C50&amp;ssl=1 50w, https:\/\/i0.wp.com\/www.shqiperia.com\/blog\/wp-content\/uploads\/2019\/05\/Dhermiu.jpg?resize=400%2C400&amp;ssl=1 400w, https:\/\/i0.wp.com\/www.shqiperia.com\/blog\/wp-content\/uploads\/2019\/05\/Dhermiu.jpg?w=696&amp;ssl=1 696w\" sizes=\"auto, (max-width: 652px) 100vw, 652px\" \/><\/p>\n<p>Fshati p\u00ebrb\u00ebhet nga tre lagje: Kondraqa, apo Kallami q\u00eb \u00ebsht\u00eb lagja e par\u00eb p\u00ebr ata q\u00eb vijn\u00eb nga Llogoraja; vijuar nga Gjileku dhe Dh\u00ebrmiu \u2013 lagja e tret\u00eb dhe m\u00eb e madhja q\u00eb i ka dh\u00ebn\u00eb edhe emrin fshatit.<\/p>\n<p>N\u00eb total, t\u00ebr\u00eb fshati ka rreth 600 sht\u00ebpi, ku rreth 300 jan\u00eb n\u00eb Dh\u00ebrmi, 150 n\u00eb Gjilek dhe 150 n\u00eb Kondraq. Fshati i Dh\u00ebrmiut ndodh\u00ebt 52 km n\u00eb Jug t\u00eb Vlor\u00ebs, 72 km n\u00eb veri t\u00eb Sarand\u00ebs dhe rreth 210 km nga kryeqyteti i Tiran\u00ebs.<\/p>\n<p>Nga ana administrative Dh\u00ebrmiu b\u00ebn pjes\u00eb n\u00eb bashkin\u00eb e Himar\u00ebs, rrethi i Vlor\u00ebs.<\/p>\n<div id=\"attachment_20574\" style=\"width: 824px\" class=\"wp-caption alignnone\"><img data-recalc-dims=\"1\" loading=\"lazy\" decoding=\"async\" aria-describedby=\"caption-attachment-20574\" data-attachment-id=\"20574\" data-permalink=\"https:\/\/www.shqiperia.com\/blog\/dhermiu-fshati-i-30-kishave-monument-kulture-qe-po-rilind\/dhermiu-3-2\/\" data-orig-file=\"https:\/\/i0.wp.com\/www.shqiperia.com\/blog\/wp-content\/uploads\/2019\/05\/Dhermiu-3-1.jpg?fit=622%2C320&amp;ssl=1\" data-orig-size=\"622,320\" data-comments-opened=\"1\" data-image-meta=\"{&quot;aperture&quot;:&quot;0&quot;,&quot;credit&quot;:&quot;&quot;,&quot;camera&quot;:&quot;&quot;,&quot;caption&quot;:&quot;&quot;,&quot;created_timestamp&quot;:&quot;0&quot;,&quot;copyright&quot;:&quot;&quot;,&quot;focal_length&quot;:&quot;0&quot;,&quot;iso&quot;:&quot;0&quot;,&quot;shutter_speed&quot;:&quot;0&quot;,&quot;title&quot;:&quot;&quot;,&quot;orientation&quot;:&quot;0&quot;}\" data-image-title=\"Dhermiu (3)\" data-image-description=\"\" data-image-caption=\"&lt;p&gt;Dhermiu&lt;\/p&gt;\n\" data-medium-file=\"https:\/\/i0.wp.com\/www.shqiperia.com\/blog\/wp-content\/uploads\/2019\/05\/Dhermiu-3-1.jpg?fit=300%2C154&amp;ssl=1\" data-large-file=\"https:\/\/i0.wp.com\/www.shqiperia.com\/blog\/wp-content\/uploads\/2019\/05\/Dhermiu-3-1.jpg?fit=622%2C320&amp;ssl=1\" class=\" wp-image-20574\" alt=\"\" src=\"https:\/\/i0.wp.com\/www.shqiperia.com\/blog\/wp-content\/uploads\/2019\/05\/Dhermiu-3-1-300x154.jpg?resize=814%2C418\" width=\"814\" height=\"418\" srcset=\"https:\/\/i0.wp.com\/www.shqiperia.com\/blog\/wp-content\/uploads\/2019\/05\/Dhermiu-3-1.jpg?resize=300%2C154&amp;ssl=1 300w, https:\/\/i0.wp.com\/www.shqiperia.com\/blog\/wp-content\/uploads\/2019\/05\/Dhermiu-3-1.jpg?resize=450%2C232&amp;ssl=1 450w, https:\/\/i0.wp.com\/www.shqiperia.com\/blog\/wp-content\/uploads\/2019\/05\/Dhermiu-3-1.jpg?resize=600%2C309&amp;ssl=1 600w, https:\/\/i0.wp.com\/www.shqiperia.com\/blog\/wp-content\/uploads\/2019\/05\/Dhermiu-3-1.jpg?resize=400%2C206&amp;ssl=1 400w, https:\/\/i0.wp.com\/www.shqiperia.com\/blog\/wp-content\/uploads\/2019\/05\/Dhermiu-3-1.jpg?w=622&amp;ssl=1 622w\" sizes=\"auto, (max-width: 814px) 100vw, 814px\" \/><p id=\"caption-attachment-20574\" class=\"wp-caption-text\">Dhermiu<\/p><\/div>\n<p>Burimi: Instituti i Monumenteve te Kultures.<\/p>\n","protected":false},"excerpt":{"rendered":"<p>Dh\u00ebrmiu, fshati i 30 kishave monument kulture q\u00eb po rilind. &#8211; Nga:\u00a0Klotilda Sara\u00e7ini &#8211; Dh\u00ebrmiu, fshati i 30 kishave monument kulture t\u00eb kategoris\u00eb s\u00eb par\u00eb n\u00eb bashkin\u00eb e Himar\u00ebs, i vendosur buz\u00eb detit Jon dhe n\u00eb shpatet e maleve, midis gjelb\u00ebrimit t\u00eb ullinjve dhe agrumeve t\u00eb shumta po rilind fal\u00eb investimeve q\u00eb po kryhen. Restaurimet [&hellip;]<\/p>\n","protected":false},"author":9,"featured_media":20571,"comment_status":"open","ping_status":"open","sticky":false,"template":"","format":"standard","meta":{"jetpack_post_was_ever_published":false,"_jetpack_newsletter_access":"","_jetpack_dont_email_post_to_subs":false,"_jetpack_newsletter_tier_id":0,"_jetpack_memberships_contains_paywalled_content":false,"_jetpack_memberships_contains_paid_content":false,"footnotes":"","jetpack_publicize_message":"","jetpack_publicize_feature_enabled":true,"jetpack_social_post_already_shared":true,"jetpack_social_options":{"image_generator_settings":{"template":"highway","default_image_id":0,"font":"","enabled":false},"version":2}},"categories":[85,10,1],"tags":[],"class_list":["post-20570","post","type-post","status-publish","format-standard","has-post-thumbnail","hentry","category-histori","category-kultura","category-njoftime-shtypi"],"jetpack_publicize_connections":[],"jetpack_featured_media_url":"https:\/\/i0.wp.com\/www.shqiperia.com\/blog\/wp-content\/uploads\/2019\/05\/Dhermiu-3.jpg?fit=622%2C320&ssl=1","jetpack_sharing_enabled":true,"jetpack_shortlink":"https:\/\/wp.me\/p5Z6wp-5lM","jetpack-related-posts":[{"id":37347,"url":"https:\/\/www.shqiperia.com\/blog\/portret-nga-afreskat-e-kishave-tona-dy-foto\/","url_meta":{"origin":20570,"position":0},"title":"Portret nga afreskat e kishave tona. (dy foto).","author":"Kurt Farka","date":"August 18, 2020","format":false,"excerpt":"Portret nga afreskat e kishave tona. Te mos kemi vrejtje per gjendjen e afreskut. Ne shoqerine ku jetojme duhet te falenderojme Perendine qe ato (disa)\u00a0 kane shpetuar. Po e ardhmja. .....(!) Pyetja qe te vjen nder mend, eshte: Po sikur te mos kishim fare Ministri Kulture, a do jetonin keto\u2026","rel":"","context":"In &quot;Histori&quot;","block_context":{"text":"Histori","link":"https:\/\/www.shqiperia.com\/blog\/category\/histori\/"},"img":{"alt_text":"","src":"https:\/\/i0.wp.com\/www.shqiperia.com\/blog\/wp-content\/uploads\/2020\/08\/579856_418272991550242_42752403_n.jpg?fit=643%2C413&ssl=1&resize=350%2C200","width":350,"height":200,"srcset":"https:\/\/i0.wp.com\/www.shqiperia.com\/blog\/wp-content\/uploads\/2020\/08\/579856_418272991550242_42752403_n.jpg?fit=643%2C413&ssl=1&resize=350%2C200 1x, https:\/\/i0.wp.com\/www.shqiperia.com\/blog\/wp-content\/uploads\/2020\/08\/579856_418272991550242_42752403_n.jpg?fit=643%2C413&ssl=1&resize=525%2C300 1.5x"},"classes":[]},{"id":98838,"url":"https:\/\/www.shqiperia.com\/blog\/album-foto-kisha-e-shen-palit-kabash-puke-monument-kulture\/","url_meta":{"origin":20570,"position":1},"title":"Album Foto: &#8211; Kisha e Sh\u00ebn Palit Kabash, Puk\u00eb, Monument Kulture","author":"Kurt Farka","date":"March 30, 2026","format":false,"excerpt":"Kisha e Sh\u00ebn Palit Kabash gjendet n\u00eb fshatin malor, Kabash. Kisha e Sh\u00ebn Palit daton q\u00eb n\u00eb shekullin e II e.s, dhe \u00ebsht\u00eb shpallur Monument Kulture m\u00eb dat\u00eb 5 N\u00ebntor 1984. Fshati Kabash, n\u00eb ate periudh\u00eb kohore, ishte nj\u00eb qend\u00ebr e r\u00ebnd\u00ebsishme, jo vet\u00ebm p\u00ebr zon\u00ebn e Puk\u00ebs, por edhe\u2026","rel":"","context":"In &quot;Arte&quot;","block_context":{"text":"Arte","link":"https:\/\/www.shqiperia.com\/blog\/category\/arte\/"},"img":{"alt_text":"","src":"https:\/\/i0.wp.com\/www.shqiperia.com\/blog\/wp-content\/uploads\/2026\/03\/65be565200d7a-WhatsApp-Image-2024-02-03-at-3.05.04-PM-3.jpeg?fit=1200%2C721&ssl=1&resize=350%2C200","width":350,"height":200,"srcset":"https:\/\/i0.wp.com\/www.shqiperia.com\/blog\/wp-content\/uploads\/2026\/03\/65be565200d7a-WhatsApp-Image-2024-02-03-at-3.05.04-PM-3.jpeg?fit=1200%2C721&ssl=1&resize=350%2C200 1x, https:\/\/i0.wp.com\/www.shqiperia.com\/blog\/wp-content\/uploads\/2026\/03\/65be565200d7a-WhatsApp-Image-2024-02-03-at-3.05.04-PM-3.jpeg?fit=1200%2C721&ssl=1&resize=525%2C300 1.5x, https:\/\/i0.wp.com\/www.shqiperia.com\/blog\/wp-content\/uploads\/2026\/03\/65be565200d7a-WhatsApp-Image-2024-02-03-at-3.05.04-PM-3.jpeg?fit=1200%2C721&ssl=1&resize=700%2C400 2x, https:\/\/i0.wp.com\/www.shqiperia.com\/blog\/wp-content\/uploads\/2026\/03\/65be565200d7a-WhatsApp-Image-2024-02-03-at-3.05.04-PM-3.jpeg?fit=1200%2C721&ssl=1&resize=1050%2C600 3x"},"classes":[]},{"id":10710,"url":"https:\/\/www.shqiperia.com\/blog\/fshati-turistik-tamare\/","url_meta":{"origin":20570,"position":2},"title":"Fshati turistik Tamar\u00eb. &#8211;","author":"Kurt Farka","date":"August 9, 2018","format":false,"excerpt":"Fshati turistik Tamar\u00eb. - Fondi Shqiptar i Zhvillimit (FSHZH) ka b\u00ebr\u00eb publik n\u00eb faqen e tij hapjen e tenderit p\u00ebr rehabilitimin e fshatit Tamar\u00eb, n\u00eb veri t\u00eb vendit dhe p\u00ebrmir\u00ebsimin e rrug\u00ebs Vermosh. Fondi Shqiptar i Zhvillimit (FSHZH) ka b\u00ebr\u00eb publik n\u00eb faqen e tij hapjen e tenderit p\u00ebr rehabilitimin\u2026","rel":"","context":"In &quot;Blogu i Udh\u00ebtarit&quot;","block_context":{"text":"Blogu i Udh\u00ebtarit","link":"https:\/\/www.shqiperia.com\/blog\/category\/blogu-i-udhetarit\/"},"img":{"alt_text":"","src":"https:\/\/i0.wp.com\/www.shqiperia.com\/blog\/wp-content\/uploads\/2018\/08\/Tamara.jpg?fit=780%2C440&ssl=1&resize=350%2C200","width":350,"height":200,"srcset":"https:\/\/i0.wp.com\/www.shqiperia.com\/blog\/wp-content\/uploads\/2018\/08\/Tamara.jpg?fit=780%2C440&ssl=1&resize=350%2C200 1x, https:\/\/i0.wp.com\/www.shqiperia.com\/blog\/wp-content\/uploads\/2018\/08\/Tamara.jpg?fit=780%2C440&ssl=1&resize=525%2C300 1.5x, https:\/\/i0.wp.com\/www.shqiperia.com\/blog\/wp-content\/uploads\/2018\/08\/Tamara.jpg?fit=780%2C440&ssl=1&resize=700%2C400 2x"},"classes":[]},{"id":39022,"url":"https:\/\/www.shqiperia.com\/blog\/dhermiu-ne-gjurmet-e-historise-dhe-te-kujtimeve-te-trishta-te-petro-markos\/","url_meta":{"origin":20570,"position":3},"title":"Dh\u00ebrmiu, n\u00eb gjurm\u00ebt e historis\u00eb dhe t\u00eb kujtimeve t\u00eb trishta t\u00eb Petro Markos","author":"Kurt Farka","date":"September 28, 2020","format":false,"excerpt":"Dh\u00ebrmiu, n\u00eb gjurm\u00ebt e historis\u00eb dhe t\u00eb kujtimeve t\u00eb trishta t\u00eb Petro Markos 26 shtator \u00a0202 Nga Sejdo Harka\u00a0\u00a0 Dh\u00ebrmiu, kjo perl\u00eb e\u00a0 rrall\u00eb e Rivier\u00ebs shqiptare, \u00ebsht\u00eb nj\u00eb nga dhuratat m\u00eb t\u00eb bukura q\u00eb vet\u00eb Zoti e ka gdhendur me duart e tij magjike, jo vet\u00ebm p\u00ebr banor\u00ebt e\u2026","rel":"","context":"In &quot;Blogu i Udh\u00ebtarit&quot;","block_context":{"text":"Blogu i Udh\u00ebtarit","link":"https:\/\/www.shqiperia.com\/blog\/category\/blogu-i-udhetarit\/"},"img":{"alt_text":"","src":"https:\/\/i0.wp.com\/www.shqiperia.com\/blog\/wp-content\/uploads\/2020\/09\/Haxhi-Ali-Cave-Karabarun-The-Blonde-Gypsy-750x422-1.jpg?fit=750%2C422&ssl=1&resize=350%2C200","width":350,"height":200,"srcset":"https:\/\/i0.wp.com\/www.shqiperia.com\/blog\/wp-content\/uploads\/2020\/09\/Haxhi-Ali-Cave-Karabarun-The-Blonde-Gypsy-750x422-1.jpg?fit=750%2C422&ssl=1&resize=350%2C200 1x, https:\/\/i0.wp.com\/www.shqiperia.com\/blog\/wp-content\/uploads\/2020\/09\/Haxhi-Ali-Cave-Karabarun-The-Blonde-Gypsy-750x422-1.jpg?fit=750%2C422&ssl=1&resize=525%2C300 1.5x, https:\/\/i0.wp.com\/www.shqiperia.com\/blog\/wp-content\/uploads\/2020\/09\/Haxhi-Ali-Cave-Karabarun-The-Blonde-Gypsy-750x422-1.jpg?fit=750%2C422&ssl=1&resize=700%2C400 2x"},"classes":[]},{"id":93117,"url":"https:\/\/www.shqiperia.com\/blog\/birn-ortodokse-dhe-myslimane-behen-bashke-per-mbrojtjen-e-kishave-ne-diber\/","url_meta":{"origin":20570,"position":4},"title":"BIRN: &#8211; Ortodoks\u00eb dhe mysliman\u00eb b\u00ebhen bashk\u00eb p\u00ebr mbrojtjen e kishave n\u00eb Dib\u00ebr","author":"Kurt Farka","date":"August 21, 2025","format":false,"excerpt":"21 Gusht 2025 Mes nj\u00eb kodre t\u00eb but\u00eb dhe t\u00eb rrethuar nga pem\u00ebt n\u00eb fshatin Herbel t\u00eb Dibr\u00ebs shfaqet mes gjelb\u00ebrimit nj\u00eb nd\u00ebrtes\u00eb e vog\u00ebl prej guri, e mbuluar dikur me tjegulla. Banor\u00ebt e njohin si Kisha e Shp\u00ebrfytyrimit, nj\u00eb monument kulture i kategoris\u00eb s\u00eb par\u00eb n\u00eb Shqip\u00ebri, i cili\u2026","rel":"","context":"In &quot;Blogu i Udh\u00ebtarit&quot;","block_context":{"text":"Blogu i Udh\u00ebtarit","link":"https:\/\/www.shqiperia.com\/blog\/category\/blogu-i-udhetarit\/"},"img":{"alt_text":"","src":"https:\/\/i0.wp.com\/www.shqiperia.com\/blog\/wp-content\/uploads\/2025\/08\/Kisha-e-herbelit-1140x641-1.jpg?fit=1140%2C641&ssl=1&resize=350%2C200","width":350,"height":200,"srcset":"https:\/\/i0.wp.com\/www.shqiperia.com\/blog\/wp-content\/uploads\/2025\/08\/Kisha-e-herbelit-1140x641-1.jpg?fit=1140%2C641&ssl=1&resize=350%2C200 1x, https:\/\/i0.wp.com\/www.shqiperia.com\/blog\/wp-content\/uploads\/2025\/08\/Kisha-e-herbelit-1140x641-1.jpg?fit=1140%2C641&ssl=1&resize=525%2C300 1.5x, https:\/\/i0.wp.com\/www.shqiperia.com\/blog\/wp-content\/uploads\/2025\/08\/Kisha-e-herbelit-1140x641-1.jpg?fit=1140%2C641&ssl=1&resize=700%2C400 2x, https:\/\/i0.wp.com\/www.shqiperia.com\/blog\/wp-content\/uploads\/2025\/08\/Kisha-e-herbelit-1140x641-1.jpg?fit=1140%2C641&ssl=1&resize=1050%2C600 3x"},"classes":[]},{"id":27665,"url":"https:\/\/www.shqiperia.com\/blog\/rivenia-ne-pune-e-punishtes-se-ullinjeve\/","url_meta":{"origin":20570,"position":5},"title":"Rivenia ne pune e punishtes se Ullinjeve.","author":"Kurt Farka","date":"November 4, 2019","format":false,"excerpt":"Rivenia ne pune e punishtes se Ullinjeve. 19\/08\/2019 Dh\u00ebrmiu njihet shum\u00eb prej kishave t\u00eb shumta, por edhe prej objekteve t\u00eb tjera t\u00eb rralla, nd\u00ebr to edhe nj\u00eb punishte ulliri. Ekipi i Edicionit veror shkoi n\u00eb nj\u00eb punishte t\u00eb till\u00eb, e cila daton q\u00eb prej vitit 1893. Nd\u00ebrkoh\u00eb nd\u00ebrmarrja private q\u00eb\u2026","rel":"","context":"In &quot;Histori&quot;","block_context":{"text":"Histori","link":"https:\/\/www.shqiperia.com\/blog\/category\/histori\/"},"img":{"alt_text":"","src":"https:\/\/i0.wp.com\/www.shqiperia.com\/blog\/wp-content\/uploads\/2019\/11\/rijetezimi-i-punishtes.jpg?fit=1200%2C675&ssl=1&resize=350%2C200","width":350,"height":200,"srcset":"https:\/\/i0.wp.com\/www.shqiperia.com\/blog\/wp-content\/uploads\/2019\/11\/rijetezimi-i-punishtes.jpg?fit=1200%2C675&ssl=1&resize=350%2C200 1x, https:\/\/i0.wp.com\/www.shqiperia.com\/blog\/wp-content\/uploads\/2019\/11\/rijetezimi-i-punishtes.jpg?fit=1200%2C675&ssl=1&resize=525%2C300 1.5x, https:\/\/i0.wp.com\/www.shqiperia.com\/blog\/wp-content\/uploads\/2019\/11\/rijetezimi-i-punishtes.jpg?fit=1200%2C675&ssl=1&resize=700%2C400 2x, https:\/\/i0.wp.com\/www.shqiperia.com\/blog\/wp-content\/uploads\/2019\/11\/rijetezimi-i-punishtes.jpg?fit=1200%2C675&ssl=1&resize=1050%2C600 3x"},"classes":[]}],"_links":{"self":[{"href":"https:\/\/www.shqiperia.com\/blog\/wp-json\/wp\/v2\/posts\/20570","targetHints":{"allow":["GET"]}}],"collection":[{"href":"https:\/\/www.shqiperia.com\/blog\/wp-json\/wp\/v2\/posts"}],"about":[{"href":"https:\/\/www.shqiperia.com\/blog\/wp-json\/wp\/v2\/types\/post"}],"author":[{"embeddable":true,"href":"https:\/\/www.shqiperia.com\/blog\/wp-json\/wp\/v2\/users\/9"}],"replies":[{"embeddable":true,"href":"https:\/\/www.shqiperia.com\/blog\/wp-json\/wp\/v2\/comments?post=20570"}],"version-history":[{"count":2,"href":"https:\/\/www.shqiperia.com\/blog\/wp-json\/wp\/v2\/posts\/20570\/revisions"}],"predecessor-version":[{"id":20576,"href":"https:\/\/www.shqiperia.com\/blog\/wp-json\/wp\/v2\/posts\/20570\/revisions\/20576"}],"wp:featuredmedia":[{"embeddable":true,"href":"https:\/\/www.shqiperia.com\/blog\/wp-json\/wp\/v2\/media\/20571"}],"wp:attachment":[{"href":"https:\/\/www.shqiperia.com\/blog\/wp-json\/wp\/v2\/media?parent=20570"}],"wp:term":[{"taxonomy":"category","embeddable":true,"href":"https:\/\/www.shqiperia.com\/blog\/wp-json\/wp\/v2\/categories?post=20570"},{"taxonomy":"post_tag","embeddable":true,"href":"https:\/\/www.shqiperia.com\/blog\/wp-json\/wp\/v2\/tags?post=20570"}],"curies":[{"name":"wp","href":"https:\/\/api.w.org\/{rel}","templated":true}]}}